{"id":127494,"date":"2020-09-13T23:38:38","date_gmt":"2020-09-14T03:38:38","guid":{"rendered":"https:\/\/digital58.com.ve\/site\/?p=127494"},"modified":"2020-09-13T23:38:38","modified_gmt":"2020-09-14T03:38:38","slug":"nuevas-marchas-contra-las-politicas-del-gobierno-argentino-en-varias-ciudades","status":"publish","type":"post","link":"https:\/\/digital58.com.ve\/site\/2020\/09\/13\/nuevas-marchas-contra-las-politicas-del-gobierno-argentino-en-varias-ciudades\/","title":{"rendered":"Nuevas marchas contra las pol\u00edticas del Gobierno argentino en varias ciudades"},"content":{"rendered":"<p><a href=\"https:\/\/digital58.com.ve\/site\/wp-content\/uploads\/2020\/09\/protestas-argentina-13-09-20.jpg\"><img loading=\"lazy\" decoding=\"async\" class=\"aligncenter size-full wp-image-127495\" src=\"https:\/\/digital58.com.ve\/site\/wp-content\/uploads\/2020\/09\/protestas-argentina-13-09-20.jpg\" alt=\"\" width=\"900\" height=\"600\" srcset=\"https:\/\/digital58.com.ve\/site\/wp-content\/uploads\/2020\/09\/protestas-argentina-13-09-20.jpg 800w, https:\/\/digital58.com.ve\/site\/wp-content\/uploads\/2020\/09\/protestas-argentina-13-09-20-300x200.jpg 300w, https:\/\/digital58.com.ve\/site\/wp-content\/uploads\/2020\/09\/protestas-argentina-13-09-20-768x512.jpg 768w, https:\/\/digital58.com.ve\/site\/wp-content\/uploads\/2020\/09\/protestas-argentina-13-09-20-720x480.jpg 720w, https:\/\/digital58.com.ve\/site\/wp-content\/uploads\/2020\/09\/protestas-argentina-13-09-20-480x320.jpg 480w\" sizes=\"auto, (max-width: 900px) 100vw, 900px\" \/><\/a><\/p>\n<p>Argentina vivi\u00f3 este domingo una nueva jornada de manifestaciones en varios lugares del pa\u00eds, donde centenares de ciudadanos protestaron contra las recientes decisiones del Gobierno de Alberto Fern\u00e1ndez.<\/p>\n<p><strong>Buenos Aires, 13 de septiembre de 2020 (ND58).-<\/strong> La quita de fondos a la ciudad de Buenos Aires \u2014de Gobierno opositor\u2014 para transfer\u00edrselos a la provincia de Buenos Aires \u2014cuyo Ejecutivo es oficialista\u2014, as\u00ed como la reforma judicial que pretende llevar adelante Fern\u00e1ndez y la prolongaci\u00f3n de las restricciones de movilidad por la pandemia del coronavirus, que est\u00e1n a punto de cumplir seis meses, fueron las consignas principales de los manifestantes.<\/p>\n<p>La mayor concentraci\u00f3n se produjo en Buenos Aires, donde argentinos convocados entre ellos a trav\u00e9s de las redes sociales y contrarios al Gobierno del cual es vicepresidenta Cristina Fern\u00e1ndez, mandataria entre 2007 y 2015, acudieron al Obelisco porte\u00f1o con banderas celestes y blancas que ondearon durante la tarde.<\/p>\n<p>Entre el resto de ciudades donde tambi\u00e9n se dej\u00f3 notar este nuevo \u00abbanderazo\u00bb, estuvieron Mar del Plata (provincia de Buenos Aires), Rosario (Santa Fe, centro este) y Tucum\u00e1n (norte).<\/p>\n<p>La cantidad de manifestantes fue inferior a la de hace unas semanas, cuando fueron miles los que marcharon tanto a pie como en sus autom\u00f3viles, e incluso hubo representaci\u00f3n de diversos referentes opositores.<\/p>\n<h2>Macri rompe su silencio en el d\u00eda de protestas<\/h2>\n<p>Esta misma ma\u00f1ana, el expresidente argentino Mauricio Macri (2015-2019) dijo que las decisiones del actual mandatario, el peronista Alberto Fern\u00e1ndez, suponen un \u00abataque sistem\u00e1tico y permanente\u00bb a la Constituci\u00f3n argentina.<\/p>\n<p>\u00abEl Gobierno atenta contra las bases \u00e9ticas y econ\u00f3micas de una sociedad que aspira a ser libre\u00bb, afirm\u00f3 Macri en una carta publicada por el diario La Naci\u00f3n.<\/p>\n<p>El jefe de Gobierno de la ciudad de Buenos Aires, Horacio Rodr\u00edguez Larreta, del partido de Macri, anunci\u00f3 esta semana que recurrir\u00e1 ante la Corte Suprema argentina la decisi\u00f3n de Fern\u00e1ndez de quitarle fondos a la capital para resolver un conflicto salarial de la polic\u00eda de la provincia de BuenosAires.<\/p>\n<p>Adem\u00e1s, el Gobierno de Fern\u00e1ndez se encuentra en medio de un pol\u00e9mico proceso para aprobar una reforma judicial impulsada por el jefe de Estado y en la que algunos sectores ven un intento de lograr impunidad en casos de presunta corrupci\u00f3n.<\/p>\n<p><strong>Redacci\u00f3n ND58 | Fuente: EFE<\/strong><br \/>\n<strong>Edici\u00f3n: Villasmil, Henry<\/strong><br \/>\n<strong>Grafica: EFE<\/strong><\/p><div class=\"bpwnh69efe0e46e904\" ><p style=\"text-align: center;\"><a href=\"https:\/\/t.me\/noticiasdigital58\" target=\"_blank\" rel=\"noopener\"><img class=\"aligncenter size-full wp-image-125363\" src=\"https:\/\/digital58.com.ve\/site\/wp-content\/uploads\/2021\/04\/banner-telegram-web-2021.png\" alt=\"\" width=\"600\" height=\"90\" \/><\/a><\/p><\/div><style type=\"text\/css\">\r\n@media screen and (min-width: 1201px) {\r\n.bpwnh69efe0e46e904 {\r\ndisplay: block;\r\n}\r\n}\r\n@media screen and (min-width: 993px) and (max-width: 1200px) {\r\n.bpwnh69efe0e46e904 {\r\ndisplay: block;\r\n}\r\n}\r\n@media screen and (min-width: 769px) and (max-width: 992px) {\r\n.bpwnh69efe0e46e904 {\r\ndisplay: block;\r\n}\r\n}\r\n@media screen and (min-width: 768px) and (max-width: 768px) {\r\n.bpwnh69efe0e46e904 {\r\ndisplay: block;\r\n}\r\n}\r\n@media screen and (max-width: 767px) {\r\n.bpwnh69efe0e46e904 {\r\ndisplay: block;\r\n}\r\n}\r\n<\/style>\r\n\n<p>&nbsp;<\/p>\n<div style=\"margin-top: 0px; margin-bottom: 0px;\" class=\"sharethis-inline-share-buttons\" ><\/div>","protected":false},"excerpt":{"rendered":"<p>Argentina vivi\u00f3 este domingo una nueva jornada de manifestaciones en varios lugares del pa\u00eds, donde centenares de ciudadanos protestaron contra<\/p>\n","protected":false},"author":1,"featured_media":127495,"comment_status":"open","ping_status":"closed","sticky":false,"template":"","format":"standard","meta":{"colormag_page_container_layout":"default_layout","colormag_page_sidebar_layout":"default_layout","_uag_custom_page_level_css":"","footnotes":""},"categories":[16451],"tags":[13770,36,6941,8,12003,4296],"class_list":["post-127494","post","type-post","status-publish","format-standard","has-post-thumbnail","hentry","category-mundo","tag-alberto-fernandez","tag-argentina","tag-buenos-aires","tag-internacionales","tag-manifestaciones","tag-protestas"],"yoast_head":"<!-- This site is optimized with the Yoast SEO plugin v27.4 - https:\/\/yoast.com\/product\/yoast-seo-wordpress\/ -->\n<title>Nuevas marchas contra las pol\u00edticas del Gobierno argentino en varias ciudades<\/title>\n<meta name=\"description\" content=\"Mundo\" \/>\n<meta name=\"robots\" content=\"index, follow, max-snippet:-1, max-image-preview:large, max-video-preview:-1\" \/>\n<link rel=\"canonical\" href=\"https:\/\/digital58.com.ve\/site\/2020\/09\/13\/nuevas-marchas-contra-las-politicas-del-gobierno-argentino-en-varias-ciudades\/\" \/>\n<meta property=\"og:locale\" content=\"es_ES\" \/>\n<meta property=\"og:type\" content=\"article\" \/>\n<meta property=\"og:title\" content=\"Nuevas marchas contra las pol\u00edticas del Gobierno argentino en varias ciudades\" \/>\n<meta property=\"og:description\" content=\"Mundo\" \/>\n<meta property=\"og:url\" content=\"https:\/\/digital58.com.ve\/site\/2020\/09\/13\/nuevas-marchas-contra-las-politicas-del-gobierno-argentino-en-varias-ciudades\/\" \/>\n<meta property=\"og:site_name\" content=\"Noticias Digital58\" \/>\n<meta property=\"article:published_time\" content=\"2020-09-14T03:38:38+00:00\" \/>\n<meta property=\"og:image\" content=\"https:\/\/digital58.com.ve\/site\/wp-content\/uploads\/2020\/09\/protestas-argentina-13-09-20.jpg\" \/>\n\t<meta property=\"og:image:width\" content=\"900\" \/>\n\t<meta property=\"og:image:height\" content=\"600\" \/>\n\t<meta property=\"og:image:type\" content=\"image\/jpeg\" \/>\n<meta name=\"author\" content=\"Villasmil Henry\" \/>\n<meta name=\"twitter:card\" content=\"summary_large_image\" \/>\n<meta name=\"twitter:creator\" content=\"@https:\/\/twitter.com\/villasmilhfoto\" \/>\n<meta name=\"twitter:site\" content=\"@villasmilhfoto\" \/>\n<meta name=\"twitter:label1\" content=\"Escrito por\" \/>\n\t<meta name=\"twitter:data1\" content=\"Villasmil Henry\" \/>\n\t<meta name=\"twitter:label2\" content=\"Tiempo estimado de lectura\" \/>\n\t<meta name=\"twitter:data2\" content=\"2 minutos\" \/>\n<script type=\"application\/ld+json\" class=\"yoast-schema-graph\">{\"@context\":\"https:\\\/\\\/schema.org\",\"@graph\":[{\"@type\":\"Article\",\"@id\":\"https:\\\/\\\/digital58.com.ve\\\/site\\\/2020\\\/09\\\/13\\\/nuevas-marchas-contra-las-politicas-del-gobierno-argentino-en-varias-ciudades\\\/#article\",\"isPartOf\":{\"@id\":\"https:\\\/\\\/digital58.com.ve\\\/site\\\/2020\\\/09\\\/13\\\/nuevas-marchas-contra-las-politicas-del-gobierno-argentino-en-varias-ciudades\\\/\"},\"author\":{\"name\":\"Villasmil Henry\",\"@id\":\"https:\\\/\\\/digital58.com.ve\\\/site\\\/#\\\/schema\\\/person\\\/64d1c2e4d0d4fd1b849980c4331c2951\"},\"headline\":\"Nuevas marchas contra las pol\u00edticas del Gobierno argentino en varias ciudades\",\"datePublished\":\"2020-09-14T03:38:38+00:00\",\"mainEntityOfPage\":{\"@id\":\"https:\\\/\\\/digital58.com.ve\\\/site\\\/2020\\\/09\\\/13\\\/nuevas-marchas-contra-las-politicas-del-gobierno-argentino-en-varias-ciudades\\\/\"},\"wordCount\":417,\"commentCount\":0,\"publisher\":{\"@id\":\"https:\\\/\\\/digital58.com.ve\\\/site\\\/#\\\/schema\\\/person\\\/64d1c2e4d0d4fd1b849980c4331c2951\"},\"image\":{\"@id\":\"https:\\\/\\\/digital58.com.ve\\\/site\\\/2020\\\/09\\\/13\\\/nuevas-marchas-contra-las-politicas-del-gobierno-argentino-en-varias-ciudades\\\/#primaryimage\"},\"thumbnailUrl\":\"https:\\\/\\\/digital58.com.ve\\\/site\\\/wp-content\\\/uploads\\\/2020\\\/09\\\/protestas-argentina-13-09-20.jpg\",\"keywords\":[\"Alberto Fern\u00e1ndez\",\"Argentina\",\"Buenos Aires\",\"Internacionales\",\"Manifestaciones\",\"Protestas\"],\"articleSection\":[\"Mundo\"],\"inLanguage\":\"es\",\"potentialAction\":[{\"@type\":\"CommentAction\",\"name\":\"Comment\",\"target\":[\"https:\\\/\\\/digital58.com.ve\\\/site\\\/2020\\\/09\\\/13\\\/nuevas-marchas-contra-las-politicas-del-gobierno-argentino-en-varias-ciudades\\\/#respond\"]}]},{\"@type\":\"WebPage\",\"@id\":\"https:\\\/\\\/digital58.com.ve\\\/site\\\/2020\\\/09\\\/13\\\/nuevas-marchas-contra-las-politicas-del-gobierno-argentino-en-varias-ciudades\\\/\",\"url\":\"https:\\\/\\\/digital58.com.ve\\\/site\\\/2020\\\/09\\\/13\\\/nuevas-marchas-contra-las-politicas-del-gobierno-argentino-en-varias-ciudades\\\/\",\"name\":\"Nuevas marchas contra las pol\u00edticas del Gobierno argentino en varias ciudades\",\"isPartOf\":{\"@id\":\"https:\\\/\\\/digital58.com.ve\\\/site\\\/#website\"},\"primaryImageOfPage\":{\"@id\":\"https:\\\/\\\/digital58.com.ve\\\/site\\\/2020\\\/09\\\/13\\\/nuevas-marchas-contra-las-politicas-del-gobierno-argentino-en-varias-ciudades\\\/#primaryimage\"},\"image\":{\"@id\":\"https:\\\/\\\/digital58.com.ve\\\/site\\\/2020\\\/09\\\/13\\\/nuevas-marchas-contra-las-politicas-del-gobierno-argentino-en-varias-ciudades\\\/#primaryimage\"},\"thumbnailUrl\":\"https:\\\/\\\/digital58.com.ve\\\/site\\\/wp-content\\\/uploads\\\/2020\\\/09\\\/protestas-argentina-13-09-20.jpg\",\"datePublished\":\"2020-09-14T03:38:38+00:00\",\"description\":\"Mundo\",\"breadcrumb\":{\"@id\":\"https:\\\/\\\/digital58.com.ve\\\/site\\\/2020\\\/09\\\/13\\\/nuevas-marchas-contra-las-politicas-del-gobierno-argentino-en-varias-ciudades\\\/#breadcrumb\"},\"inLanguage\":\"es\",\"potentialAction\":[{\"@type\":\"ReadAction\",\"target\":[\"https:\\\/\\\/digital58.com.ve\\\/site\\\/2020\\\/09\\\/13\\\/nuevas-marchas-contra-las-politicas-del-gobierno-argentino-en-varias-ciudades\\\/\"]}]},{\"@type\":\"ImageObject\",\"inLanguage\":\"es\",\"@id\":\"https:\\\/\\\/digital58.com.ve\\\/site\\\/2020\\\/09\\\/13\\\/nuevas-marchas-contra-las-politicas-del-gobierno-argentino-en-varias-ciudades\\\/#primaryimage\",\"url\":\"https:\\\/\\\/digital58.com.ve\\\/site\\\/wp-content\\\/uploads\\\/2020\\\/09\\\/protestas-argentina-13-09-20.jpg\",\"contentUrl\":\"https:\\\/\\\/digital58.com.ve\\\/site\\\/wp-content\\\/uploads\\\/2020\\\/09\\\/protestas-argentina-13-09-20.jpg\",\"width\":800,\"height\":533},{\"@type\":\"BreadcrumbList\",\"@id\":\"https:\\\/\\\/digital58.com.ve\\\/site\\\/2020\\\/09\\\/13\\\/nuevas-marchas-contra-las-politicas-del-gobierno-argentino-en-varias-ciudades\\\/#breadcrumb\",\"itemListElement\":[{\"@type\":\"ListItem\",\"position\":1,\"name\":\"Home\",\"item\":\"https:\\\/\\\/digital58.com.ve\\\/site\\\/\"},{\"@type\":\"ListItem\",\"position\":2,\"name\":\"Nuevas marchas contra las pol\u00edticas del Gobierno argentino en varias ciudades\"}]},{\"@type\":\"WebSite\",\"@id\":\"https:\\\/\\\/digital58.com.ve\\\/site\\\/#website\",\"url\":\"https:\\\/\\\/digital58.com.ve\\\/site\\\/\",\"name\":\"Noticias Digital58\",\"description\":\"Portal de Noticias \u00a1Periodismo web de verdad! Lanzamiento web 22.11.2005 \\\/ Maracaibo, Venezuela\",\"publisher\":{\"@id\":\"https:\\\/\\\/digital58.com.ve\\\/site\\\/#\\\/schema\\\/person\\\/64d1c2e4d0d4fd1b849980c4331c2951\"},\"alternateName\":\"ND58\",\"potentialAction\":[{\"@type\":\"SearchAction\",\"target\":{\"@type\":\"EntryPoint\",\"urlTemplate\":\"https:\\\/\\\/digital58.com.ve\\\/site\\\/?s={search_term_string}\"},\"query-input\":{\"@type\":\"PropertyValueSpecification\",\"valueRequired\":true,\"valueName\":\"search_term_string\"}}],\"inLanguage\":\"es\"},{\"@type\":[\"Person\",\"Organization\"],\"@id\":\"https:\\\/\\\/digital58.com.ve\\\/site\\\/#\\\/schema\\\/person\\\/64d1c2e4d0d4fd1b849980c4331c2951\",\"name\":\"Villasmil Henry\",\"image\":{\"@type\":\"ImageObject\",\"inLanguage\":\"es\",\"@id\":\"https:\\\/\\\/secure.gravatar.com\\\/avatar\\\/bb0c4a2fcb7970138239f7e404ea75757b1b507b28b5ce4c53fbd62d797c5a7c?s=96&d=mm&r=g\",\"url\":\"https:\\\/\\\/secure.gravatar.com\\\/avatar\\\/bb0c4a2fcb7970138239f7e404ea75757b1b507b28b5ce4c53fbd62d797c5a7c?s=96&d=mm&r=g\",\"contentUrl\":\"https:\\\/\\\/secure.gravatar.com\\\/avatar\\\/bb0c4a2fcb7970138239f7e404ea75757b1b507b28b5ce4c53fbd62d797c5a7c?s=96&d=mm&r=g\",\"caption\":\"Villasmil Henry\"},\"logo\":{\"@id\":\"https:\\\/\\\/secure.gravatar.com\\\/avatar\\\/bb0c4a2fcb7970138239f7e404ea75757b1b507b28b5ce4c53fbd62d797c5a7c?s=96&d=mm&r=g\"},\"sameAs\":[\"http:\\\/\\\/www.henryvillasmil.com.ve\",\"https:\\\/\\\/www.instagram.com\\\/villasmilhfoto\\\/\",\"https:\\\/\\\/x.com\\\/https:\\\/\\\/twitter.com\\\/villasmilhfoto\"],\"url\":\"https:\\\/\\\/digital58.com.ve\\\/site\\\/author\\\/droopy_68\\\/\"}]}<\/script>\n<!-- \/ Yoast SEO plugin. -->","yoast_head_json":{"title":"Nuevas marchas contra las pol\u00edticas del Gobierno argentino en varias ciudades","description":"Mundo","robots":{"index":"index","follow":"follow","max-snippet":"max-snippet:-1","max-image-preview":"max-image-preview:large","max-video-preview":"max-video-preview:-1"},"canonical":"https:\/\/digital58.com.ve\/site\/2020\/09\/13\/nuevas-marchas-contra-las-politicas-del-gobierno-argentino-en-varias-ciudades\/","og_locale":"es_ES","og_type":"article","og_title":"Nuevas marchas contra las pol\u00edticas del Gobierno argentino en varias ciudades","og_description":"Mundo","og_url":"https:\/\/digital58.com.ve\/site\/2020\/09\/13\/nuevas-marchas-contra-las-politicas-del-gobierno-argentino-en-varias-ciudades\/","og_site_name":"Noticias Digital58","article_published_time":"2020-09-14T03:38:38+00:00","og_image":[{"width":900,"height":600,"url":"https:\/\/digital58.com.ve\/site\/wp-content\/uploads\/2020\/09\/protestas-argentina-13-09-20.jpg","type":"image\/jpeg"}],"author":"Villasmil Henry","twitter_card":"summary_large_image","twitter_creator":"@https:\/\/twitter.com\/villasmilhfoto","twitter_site":"@villasmilhfoto","twitter_misc":{"Escrito por":"Villasmil Henry","Tiempo estimado de lectura":"2 minutos"},"schema":{"@context":"https:\/\/schema.org","@graph":[{"@type":"Article","@id":"https:\/\/digital58.com.ve\/site\/2020\/09\/13\/nuevas-marchas-contra-las-politicas-del-gobierno-argentino-en-varias-ciudades\/#article","isPartOf":{"@id":"https:\/\/digital58.com.ve\/site\/2020\/09\/13\/nuevas-marchas-contra-las-politicas-del-gobierno-argentino-en-varias-ciudades\/"},"author":{"name":"Villasmil Henry","@id":"https:\/\/digital58.com.ve\/site\/#\/schema\/person\/64d1c2e4d0d4fd1b849980c4331c2951"},"headline":"Nuevas marchas contra las pol\u00edticas del Gobierno argentino en varias ciudades","datePublished":"2020-09-14T03:38:38+00:00","mainEntityOfPage":{"@id":"https:\/\/digital58.com.ve\/site\/2020\/09\/13\/nuevas-marchas-contra-las-politicas-del-gobierno-argentino-en-varias-ciudades\/"},"wordCount":417,"commentCount":0,"publisher":{"@id":"https:\/\/digital58.com.ve\/site\/#\/schema\/person\/64d1c2e4d0d4fd1b849980c4331c2951"},"image":{"@id":"https:\/\/digital58.com.ve\/site\/2020\/09\/13\/nuevas-marchas-contra-las-politicas-del-gobierno-argentino-en-varias-ciudades\/#primaryimage"},"thumbnailUrl":"https:\/\/digital58.com.ve\/site\/wp-content\/uploads\/2020\/09\/protestas-argentina-13-09-20.jpg","keywords":["Alberto Fern\u00e1ndez","Argentina","Buenos Aires","Internacionales","Manifestaciones","Protestas"],"articleSection":["Mundo"],"inLanguage":"es","potentialAction":[{"@type":"CommentAction","name":"Comment","target":["https:\/\/digital58.com.ve\/site\/2020\/09\/13\/nuevas-marchas-contra-las-politicas-del-gobierno-argentino-en-varias-ciudades\/#respond"]}]},{"@type":"WebPage","@id":"https:\/\/digital58.com.ve\/site\/2020\/09\/13\/nuevas-marchas-contra-las-politicas-del-gobierno-argentino-en-varias-ciudades\/","url":"https:\/\/digital58.com.ve\/site\/2020\/09\/13\/nuevas-marchas-contra-las-politicas-del-gobierno-argentino-en-varias-ciudades\/","name":"Nuevas marchas contra las pol\u00edticas del Gobierno argentino en varias ciudades","isPartOf":{"@id":"https:\/\/digital58.com.ve\/site\/#website"},"primaryImageOfPage":{"@id":"https:\/\/digital58.com.ve\/site\/2020\/09\/13\/nuevas-marchas-contra-las-politicas-del-gobierno-argentino-en-varias-ciudades\/#primaryimage"},"image":{"@id":"https:\/\/digital58.com.ve\/site\/2020\/09\/13\/nuevas-marchas-contra-las-politicas-del-gobierno-argentino-en-varias-ciudades\/#primaryimage"},"thumbnailUrl":"https:\/\/digital58.com.ve\/site\/wp-content\/uploads\/2020\/09\/protestas-argentina-13-09-20.jpg","datePublished":"2020-09-14T03:38:38+00:00","description":"Mundo","breadcrumb":{"@id":"https:\/\/digital58.com.ve\/site\/2020\/09\/13\/nuevas-marchas-contra-las-politicas-del-gobierno-argentino-en-varias-ciudades\/#breadcrumb"},"inLanguage":"es","potentialAction":[{"@type":"ReadAction","target":["https:\/\/digital58.com.ve\/site\/2020\/09\/13\/nuevas-marchas-contra-las-politicas-del-gobierno-argentino-en-varias-ciudades\/"]}]},{"@type":"ImageObject","inLanguage":"es","@id":"https:\/\/digital58.com.ve\/site\/2020\/09\/13\/nuevas-marchas-contra-las-politicas-del-gobierno-argentino-en-varias-ciudades\/#primaryimage","url":"https:\/\/digital58.com.ve\/site\/wp-content\/uploads\/2020\/09\/protestas-argentina-13-09-20.jpg","contentUrl":"https:\/\/digital58.com.ve\/site\/wp-content\/uploads\/2020\/09\/protestas-argentina-13-09-20.jpg","width":800,"height":533},{"@type":"BreadcrumbList","@id":"https:\/\/digital58.com.ve\/site\/2020\/09\/13\/nuevas-marchas-contra-las-politicas-del-gobierno-argentino-en-varias-ciudades\/#breadcrumb","itemListElement":[{"@type":"ListItem","position":1,"name":"Home","item":"https:\/\/digital58.com.ve\/site\/"},{"@type":"ListItem","position":2,"name":"Nuevas marchas contra las pol\u00edticas del Gobierno argentino en varias ciudades"}]},{"@type":"WebSite","@id":"https:\/\/digital58.com.ve\/site\/#website","url":"https:\/\/digital58.com.ve\/site\/","name":"Noticias Digital58","description":"Portal de Noticias \u00a1Periodismo web de verdad! Lanzamiento web 22.11.2005 \/ Maracaibo, Venezuela","publisher":{"@id":"https:\/\/digital58.com.ve\/site\/#\/schema\/person\/64d1c2e4d0d4fd1b849980c4331c2951"},"alternateName":"ND58","potentialAction":[{"@type":"SearchAction","target":{"@type":"EntryPoint","urlTemplate":"https:\/\/digital58.com.ve\/site\/?s={search_term_string}"},"query-input":{"@type":"PropertyValueSpecification","valueRequired":true,"valueName":"search_term_string"}}],"inLanguage":"es"},{"@type":["Person","Organization"],"@id":"https:\/\/digital58.com.ve\/site\/#\/schema\/person\/64d1c2e4d0d4fd1b849980c4331c2951","name":"Villasmil Henry","image":{"@type":"ImageObject","inLanguage":"es","@id":"https:\/\/secure.gravatar.com\/avatar\/bb0c4a2fcb7970138239f7e404ea75757b1b507b28b5ce4c53fbd62d797c5a7c?s=96&d=mm&r=g","url":"https:\/\/secure.gravatar.com\/avatar\/bb0c4a2fcb7970138239f7e404ea75757b1b507b28b5ce4c53fbd62d797c5a7c?s=96&d=mm&r=g","contentUrl":"https:\/\/secure.gravatar.com\/avatar\/bb0c4a2fcb7970138239f7e404ea75757b1b507b28b5ce4c53fbd62d797c5a7c?s=96&d=mm&r=g","caption":"Villasmil Henry"},"logo":{"@id":"https:\/\/secure.gravatar.com\/avatar\/bb0c4a2fcb7970138239f7e404ea75757b1b507b28b5ce4c53fbd62d797c5a7c?s=96&d=mm&r=g"},"sameAs":["http:\/\/www.henryvillasmil.com.ve","https:\/\/www.instagram.com\/villasmilhfoto\/","https:\/\/x.com\/https:\/\/twitter.com\/villasmilhfoto"],"url":"https:\/\/digital58.com.ve\/site\/author\/droopy_68\/"}]}},"uagb_featured_image_src":{"full":["https:\/\/digital58.com.ve\/site\/wp-content\/uploads\/2020\/09\/protestas-argentina-13-09-20.jpg",800,533,false],"thumbnail":["https:\/\/digital58.com.ve\/site\/wp-content\/uploads\/2020\/09\/protestas-argentina-13-09-20-150x150.jpg",150,150,true],"medium":["https:\/\/digital58.com.ve\/site\/wp-content\/uploads\/2020\/09\/protestas-argentina-13-09-20-300x200.jpg",300,200,true],"medium_large":["https:\/\/digital58.com.ve\/site\/wp-content\/uploads\/2020\/09\/protestas-argentina-13-09-20-768x512.jpg",768,512,true],"large":["https:\/\/digital58.com.ve\/site\/wp-content\/uploads\/2020\/09\/protestas-argentina-13-09-20.jpg",800,533,false],"1536x1536":["https:\/\/digital58.com.ve\/site\/wp-content\/uploads\/2020\/09\/protestas-argentina-13-09-20.jpg",800,533,false],"2048x2048":["https:\/\/digital58.com.ve\/site\/wp-content\/uploads\/2020\/09\/protestas-argentina-13-09-20.jpg",800,533,false],"colormag-highlighted-post":["https:\/\/digital58.com.ve\/site\/wp-content\/uploads\/2020\/09\/protestas-argentina-13-09-20.jpg",392,261,false],"colormag-featured-post-medium":["https:\/\/digital58.com.ve\/site\/wp-content\/uploads\/2020\/09\/protestas-argentina-13-09-20.jpg",308,205,false],"colormag-featured-post-small":["https:\/\/digital58.com.ve\/site\/wp-content\/uploads\/2020\/09\/protestas-argentina-13-09-20.jpg",130,87,false],"colormag-featured-image":["https:\/\/digital58.com.ve\/site\/wp-content\/uploads\/2020\/09\/protestas-argentina-13-09-20.jpg",668,445,false],"colormag-default-news":["https:\/\/digital58.com.ve\/site\/wp-content\/uploads\/2020\/09\/protestas-argentina-13-09-20.jpg",150,100,false],"colormag-featured-image-large":["https:\/\/digital58.com.ve\/site\/wp-content\/uploads\/2020\/09\/protestas-argentina-13-09-20.jpg",800,533,false]},"uagb_author_info":{"display_name":"Villasmil Henry","author_link":"https:\/\/digital58.com.ve\/site\/author\/droopy_68\/"},"uagb_comment_info":0,"uagb_excerpt":"Argentina vivi\u00f3 este domingo una nueva jornada de manifestaciones en varios lugares del pa\u00eds, donde centenares de ciudadanos protestaron contra","_links":{"self":[{"href":"https:\/\/digital58.com.ve\/site\/wp-json\/wp\/v2\/posts\/127494","targetHints":{"allow":["GET"]}}],"collection":[{"href":"https:\/\/digital58.com.ve\/site\/wp-json\/wp\/v2\/posts"}],"about":[{"href":"https:\/\/digital58.com.ve\/site\/wp-json\/wp\/v2\/types\/post"}],"author":[{"embeddable":true,"href":"https:\/\/digital58.com.ve\/site\/wp-json\/wp\/v2\/users\/1"}],"replies":[{"embeddable":true,"href":"https:\/\/digital58.com.ve\/site\/wp-json\/wp\/v2\/comments?post=127494"}],"version-history":[{"count":0,"href":"https:\/\/digital58.com.ve\/site\/wp-json\/wp\/v2\/posts\/127494\/revisions"}],"wp:featuredmedia":[{"embeddable":true,"href":"https:\/\/digital58.com.ve\/site\/wp-json\/wp\/v2\/media\/127495"}],"wp:attachment":[{"href":"https:\/\/digital58.com.ve\/site\/wp-json\/wp\/v2\/media?parent=127494"}],"wp:term":[{"taxonomy":"category","embeddable":true,"href":"https:\/\/digital58.com.ve\/site\/wp-json\/wp\/v2\/categories?post=127494"},{"taxonomy":"post_tag","embeddable":true,"href":"https:\/\/digital58.com.ve\/site\/wp-json\/wp\/v2\/tags?post=127494"}],"curies":[{"name":"wp","href":"https:\/\/api.w.org\/{rel}","templated":true}]}}