{"id":127497,"date":"2020-09-13T23:47:13","date_gmt":"2020-09-14T03:47:13","guid":{"rendered":"https:\/\/digital58.com.ve\/site\/?p=127497"},"modified":"2020-09-13T23:47:13","modified_gmt":"2020-09-14T03:47:13","slug":"mexico-suma-70-821-muertos-y-668-381-casos-de-covid-con-siete-semanas-de-baja","status":"publish","type":"post","link":"https:\/\/digital58.com.ve\/site\/2020\/09\/13\/mexico-suma-70-821-muertos-y-668-381-casos-de-covid-con-siete-semanas-de-baja\/","title":{"rendered":"M\u00e9xico suma 70.821 muertos y 668.381 casos de COVID con siete semanas de baja"},"content":{"rendered":"<p><a href=\"https:\/\/digital58.com.ve\/site\/wp-content\/uploads\/2020\/09\/mexico-pandemia-13-09-20.jpg\"><img loading=\"lazy\" decoding=\"async\" class=\"aligncenter size-full wp-image-127498\" src=\"https:\/\/digital58.com.ve\/site\/wp-content\/uploads\/2020\/09\/mexico-pandemia-13-09-20.jpg\" alt=\"\" width=\"900\" height=\"600\" srcset=\"https:\/\/digital58.com.ve\/site\/wp-content\/uploads\/2020\/09\/mexico-pandemia-13-09-20.jpg 800w, https:\/\/digital58.com.ve\/site\/wp-content\/uploads\/2020\/09\/mexico-pandemia-13-09-20-300x200.jpg 300w, https:\/\/digital58.com.ve\/site\/wp-content\/uploads\/2020\/09\/mexico-pandemia-13-09-20-768x512.jpg 768w, https:\/\/digital58.com.ve\/site\/wp-content\/uploads\/2020\/09\/mexico-pandemia-13-09-20-720x480.jpg 720w, https:\/\/digital58.com.ve\/site\/wp-content\/uploads\/2020\/09\/mexico-pandemia-13-09-20-480x320.jpg 480w\" sizes=\"auto, (max-width: 900px) 100vw, 900px\" \/><\/a><\/p>\n<p>M\u00e9xico es el s\u00e9ptimo pa\u00eds con mayor n\u00famero absoluto de casos y el cuarto con m\u00e1s muertes, de acuerdo con la Universidad Johns Hopkins.<\/p>\n<p><strong>M\u00e9xico, 13 de septiembre de 2020 (ND58).-<\/strong> El Gobierno mexicano report\u00f3 un total de 70.821 muertos y 668.381 casos de COVID-19 al confirmar 217 nuevas muertes y 4.408 contagios en la \u00faltima jornada, lo que implica siete semanas a la baja, inform\u00f3 este domingo la Secretar\u00eda de Salud (SSa).<\/p>\n<p>Al presentar el informe t\u00e9cnico diario, el subsecretario de Prevenci\u00f3n y Prevenci\u00f3n de la Salud, Hugo L\u00f3pez-Gatell, presumi\u00f3 que la tasa de positividad ha ca\u00eddo a 38 % al iniciar la semana epidemiol\u00f3gica n\u00famero 38.<\/p>\n<p>\u00abEsto es un elemento muy estimulante porque habla de la reducci\u00f3n de la transmisi\u00f3n y completamos ya siete semanas continuas de un descenso de la epidemia\u00bb, asever\u00f3 L\u00f3pez-Gatell, principal responsable de la gesti\u00f3n de la pandemia en M\u00e9xico.<\/p>\n<p>Del total de casos solo 40.182 permanecen activos, es decir, que presentan s\u00edntomas en las \u00faltimas dos semanas, precis\u00f3 el funcionario.<\/p>\n<p>Esa cifra es el \u00abtama\u00f1o real\u00bb del brote de COVID-19 que inici\u00f3 el 28 de febrero en el pa\u00eds, justific\u00f3 L\u00f3pez-Gatell, quien insisti\u00f3 que \u00abtodo agosto\u00bb mostr\u00f3 un descenso.<\/p>\n<p>Adem\u00e1s, la ocupaci\u00f3n hospitalaria general es de 30 %, con solo los estados de Colima y Nuevo Le\u00f3n con una saturaci\u00f3n mayor al 50 %, describi\u00f3.<\/p>\n<p>En tanto, solo 26 % de las camas intensivas est\u00e1n ocupadas, con Aguascalientes con 45 %, Nuevo Le\u00f3n con 41 % y Ciudad de M\u00e9xico con 39 % como las entidades con m\u00e1s ventiladores en uso.<\/p>\n<p>\u00abTambi\u00e9n tenemos siete semanas seguidas en donde la ocupaci\u00f3n de los hospitales destinados a la atenci\u00f3n de COVID-19 ha ido disminuyendo. \u00bfPor qu\u00e9 ha ido disminuyendo? Porque hay menos casos, hay menos personas con enfermedad que llegan al hospital\u00bb, argument\u00f3.<\/p>\n<p>A pesar de esto, solo ocho de los 32 estados est\u00e1n en color amarillo de nivel de riesgo medio en el sem\u00e1foro epidemiol\u00f3gico que el Gobierno federal presenta desde el 1 de junio, cuando inici\u00f3 su plan de la \u00abnueva normalidad\u00bb.<\/p>\n<p>En cambio, los 24 restantes est\u00e1n en color naranja, lo que significa que la mayor\u00eda del territorio sigue en riesgo alto de contagio.<\/p>\n<p>Con este panorama, M\u00e9xico es el s\u00e9ptimo pa\u00eds con mayor n\u00famero absoluto de casos y el cuarto con m\u00e1s muertes, de acuerdo con la Universidad Johns Hopkins.<\/p>\n<p>Adem\u00e1s, es la duod\u00e9cima naci\u00f3n con m\u00e1s muertes en proporci\u00f3n a sus habitantes, al tener m\u00e1s de 550 fallecidos por cada mill\u00f3n de personas.<\/p>\n<p>Aun as\u00ed, el presidente, Andr\u00e9s Manuel L\u00f3pez Obrador, afirm\u00f3 por la ma\u00f1ana que la crisis sanitaria \u00abtrata mejor\u00bb a M\u00e9xico que a otros pa\u00edses.<\/p>\n<p>\u00abEsta pandemia que azota en todo el mundo a nosotros nos est\u00e1 tratando mejor, aunque repito, no deben darse comparaciones, desde luego no quisi\u00e9ramos que nadie sufriera, que nadie perdiera la vida, pero esta pandemia mundial desgraciadamente ha afectado m\u00e1s en otros pa\u00edses\u00bb, declar\u00f3.<\/p><div class=\"uhkbc69efcc1e970d3\" ><p style=\"text-align: center;\"><a href=\"https:\/\/t.me\/noticiasdigital58\" target=\"_blank\" rel=\"noopener\"><img class=\"aligncenter size-full wp-image-125363\" src=\"https:\/\/digital58.com.ve\/site\/wp-content\/uploads\/2021\/04\/banner-telegram-web-2021.png\" alt=\"\" width=\"600\" height=\"90\" \/><\/a><\/p><\/div><style type=\"text\/css\">\r\n@media screen and (min-width: 1201px) {\r\n.uhkbc69efcc1e970d3 {\r\ndisplay: block;\r\n}\r\n}\r\n@media screen and (min-width: 993px) and (max-width: 1200px) {\r\n.uhkbc69efcc1e970d3 {\r\ndisplay: block;\r\n}\r\n}\r\n@media screen and (min-width: 769px) and (max-width: 992px) {\r\n.uhkbc69efcc1e970d3 {\r\ndisplay: block;\r\n}\r\n}\r\n@media screen and (min-width: 768px) and (max-width: 768px) {\r\n.uhkbc69efcc1e970d3 {\r\ndisplay: block;\r\n}\r\n}\r\n@media screen and (max-width: 767px) {\r\n.uhkbc69efcc1e970d3 {\r\ndisplay: block;\r\n}\r\n}\r\n<\/style>\r\n\n<p><strong>Redacci\u00f3n ND58 | Fuente: EFE<\/strong><br \/>\n<strong>Edici\u00f3n: Villasmil, Henry<\/strong><br \/>\n<strong>Gr\u00e1fica: EFE<\/strong><\/p>\n<div style=\"margin-top: 0px; margin-bottom: 0px;\" class=\"sharethis-inline-share-buttons\" ><\/div>","protected":false},"excerpt":{"rendered":"<p>M\u00e9xico es el s\u00e9ptimo pa\u00eds con mayor n\u00famero absoluto de casos y el cuarto con m\u00e1s muertes, de acuerdo con<\/p>\n","protected":false},"author":1,"featured_media":127498,"comment_status":"open","ping_status":"closed","sticky":false,"template":"","format":"standard","meta":{"colormag_page_container_layout":"default_layout","colormag_page_sidebar_layout":"default_layout","_uag_custom_page_level_css":"","footnotes":""},"categories":[16451],"tags":[13352,13648,8,175,13723],"class_list":["post-127497","post","type-post","status-publish","format-standard","has-post-thumbnail","hentry","category-mundo","tag-coronavirus","tag-covid-19","tag-internacionales","tag-mexico","tag-pandemia"],"yoast_head":"<!-- This site is optimized with the Yoast SEO plugin v27.4 - https:\/\/yoast.com\/product\/yoast-seo-wordpress\/ -->\n<title>M\u00e9xico suma 70.821 muertos y 668.381 casos de COVID con siete semanas de baja<\/title>\n<meta name=\"description\" content=\"Mundo\" \/>\n<meta name=\"robots\" content=\"index, follow, max-snippet:-1, max-image-preview:large, max-video-preview:-1\" \/>\n<link rel=\"canonical\" href=\"https:\/\/digital58.com.ve\/site\/2020\/09\/13\/mexico-suma-70-821-muertos-y-668-381-casos-de-covid-con-siete-semanas-de-baja\/\" \/>\n<meta property=\"og:locale\" content=\"es_ES\" \/>\n<meta property=\"og:type\" content=\"article\" \/>\n<meta property=\"og:title\" content=\"M\u00e9xico suma 70.821 muertos y 668.381 casos de COVID con siete semanas de baja\" \/>\n<meta property=\"og:description\" content=\"Mundo\" \/>\n<meta property=\"og:url\" content=\"https:\/\/digital58.com.ve\/site\/2020\/09\/13\/mexico-suma-70-821-muertos-y-668-381-casos-de-covid-con-siete-semanas-de-baja\/\" \/>\n<meta property=\"og:site_name\" content=\"Noticias Digital58\" \/>\n<meta property=\"article:published_time\" content=\"2020-09-14T03:47:13+00:00\" \/>\n<meta property=\"og:image\" content=\"https:\/\/digital58.com.ve\/site\/wp-content\/uploads\/2020\/09\/mexico-pandemia-13-09-20.jpg\" \/>\n\t<meta property=\"og:image:width\" content=\"900\" \/>\n\t<meta property=\"og:image:height\" content=\"600\" \/>\n\t<meta property=\"og:image:type\" content=\"image\/jpeg\" \/>\n<meta name=\"author\" content=\"Villasmil Henry\" \/>\n<meta name=\"twitter:card\" content=\"summary_large_image\" \/>\n<meta name=\"twitter:creator\" content=\"@https:\/\/twitter.com\/villasmilhfoto\" \/>\n<meta name=\"twitter:site\" content=\"@villasmilhfoto\" \/>\n<meta name=\"twitter:label1\" content=\"Escrito por\" \/>\n\t<meta name=\"twitter:data1\" content=\"Villasmil Henry\" \/>\n\t<meta name=\"twitter:label2\" content=\"Tiempo estimado de lectura\" \/>\n\t<meta name=\"twitter:data2\" content=\"3 minutos\" \/>\n<script type=\"application\/ld+json\" class=\"yoast-schema-graph\">{\"@context\":\"https:\\\/\\\/schema.org\",\"@graph\":[{\"@type\":\"Article\",\"@id\":\"https:\\\/\\\/digital58.com.ve\\\/site\\\/2020\\\/09\\\/13\\\/mexico-suma-70-821-muertos-y-668-381-casos-de-covid-con-siete-semanas-de-baja\\\/#article\",\"isPartOf\":{\"@id\":\"https:\\\/\\\/digital58.com.ve\\\/site\\\/2020\\\/09\\\/13\\\/mexico-suma-70-821-muertos-y-668-381-casos-de-covid-con-siete-semanas-de-baja\\\/\"},\"author\":{\"name\":\"Villasmil Henry\",\"@id\":\"https:\\\/\\\/digital58.com.ve\\\/site\\\/#\\\/schema\\\/person\\\/64d1c2e4d0d4fd1b849980c4331c2951\"},\"headline\":\"M\u00e9xico suma 70.821 muertos y 668.381 casos de COVID con siete semanas de baja\",\"datePublished\":\"2020-09-14T03:47:13+00:00\",\"mainEntityOfPage\":{\"@id\":\"https:\\\/\\\/digital58.com.ve\\\/site\\\/2020\\\/09\\\/13\\\/mexico-suma-70-821-muertos-y-668-381-casos-de-covid-con-siete-semanas-de-baja\\\/\"},\"wordCount\":539,\"commentCount\":0,\"publisher\":{\"@id\":\"https:\\\/\\\/digital58.com.ve\\\/site\\\/#\\\/schema\\\/person\\\/64d1c2e4d0d4fd1b849980c4331c2951\"},\"image\":{\"@id\":\"https:\\\/\\\/digital58.com.ve\\\/site\\\/2020\\\/09\\\/13\\\/mexico-suma-70-821-muertos-y-668-381-casos-de-covid-con-siete-semanas-de-baja\\\/#primaryimage\"},\"thumbnailUrl\":\"https:\\\/\\\/digital58.com.ve\\\/site\\\/wp-content\\\/uploads\\\/2020\\\/09\\\/mexico-pandemia-13-09-20.jpg\",\"keywords\":[\"Coronavirus\",\"COVID-19\",\"Internacionales\",\"M\u00e9xico\",\"Pandemia\"],\"articleSection\":[\"Mundo\"],\"inLanguage\":\"es\",\"potentialAction\":[{\"@type\":\"CommentAction\",\"name\":\"Comment\",\"target\":[\"https:\\\/\\\/digital58.com.ve\\\/site\\\/2020\\\/09\\\/13\\\/mexico-suma-70-821-muertos-y-668-381-casos-de-covid-con-siete-semanas-de-baja\\\/#respond\"]}]},{\"@type\":\"WebPage\",\"@id\":\"https:\\\/\\\/digital58.com.ve\\\/site\\\/2020\\\/09\\\/13\\\/mexico-suma-70-821-muertos-y-668-381-casos-de-covid-con-siete-semanas-de-baja\\\/\",\"url\":\"https:\\\/\\\/digital58.com.ve\\\/site\\\/2020\\\/09\\\/13\\\/mexico-suma-70-821-muertos-y-668-381-casos-de-covid-con-siete-semanas-de-baja\\\/\",\"name\":\"M\u00e9xico suma 70.821 muertos y 668.381 casos de COVID con siete semanas de baja\",\"isPartOf\":{\"@id\":\"https:\\\/\\\/digital58.com.ve\\\/site\\\/#website\"},\"primaryImageOfPage\":{\"@id\":\"https:\\\/\\\/digital58.com.ve\\\/site\\\/2020\\\/09\\\/13\\\/mexico-suma-70-821-muertos-y-668-381-casos-de-covid-con-siete-semanas-de-baja\\\/#primaryimage\"},\"image\":{\"@id\":\"https:\\\/\\\/digital58.com.ve\\\/site\\\/2020\\\/09\\\/13\\\/mexico-suma-70-821-muertos-y-668-381-casos-de-covid-con-siete-semanas-de-baja\\\/#primaryimage\"},\"thumbnailUrl\":\"https:\\\/\\\/digital58.com.ve\\\/site\\\/wp-content\\\/uploads\\\/2020\\\/09\\\/mexico-pandemia-13-09-20.jpg\",\"datePublished\":\"2020-09-14T03:47:13+00:00\",\"description\":\"Mundo\",\"breadcrumb\":{\"@id\":\"https:\\\/\\\/digital58.com.ve\\\/site\\\/2020\\\/09\\\/13\\\/mexico-suma-70-821-muertos-y-668-381-casos-de-covid-con-siete-semanas-de-baja\\\/#breadcrumb\"},\"inLanguage\":\"es\",\"potentialAction\":[{\"@type\":\"ReadAction\",\"target\":[\"https:\\\/\\\/digital58.com.ve\\\/site\\\/2020\\\/09\\\/13\\\/mexico-suma-70-821-muertos-y-668-381-casos-de-covid-con-siete-semanas-de-baja\\\/\"]}]},{\"@type\":\"ImageObject\",\"inLanguage\":\"es\",\"@id\":\"https:\\\/\\\/digital58.com.ve\\\/site\\\/2020\\\/09\\\/13\\\/mexico-suma-70-821-muertos-y-668-381-casos-de-covid-con-siete-semanas-de-baja\\\/#primaryimage\",\"url\":\"https:\\\/\\\/digital58.com.ve\\\/site\\\/wp-content\\\/uploads\\\/2020\\\/09\\\/mexico-pandemia-13-09-20.jpg\",\"contentUrl\":\"https:\\\/\\\/digital58.com.ve\\\/site\\\/wp-content\\\/uploads\\\/2020\\\/09\\\/mexico-pandemia-13-09-20.jpg\",\"width\":800,\"height\":533},{\"@type\":\"BreadcrumbList\",\"@id\":\"https:\\\/\\\/digital58.com.ve\\\/site\\\/2020\\\/09\\\/13\\\/mexico-suma-70-821-muertos-y-668-381-casos-de-covid-con-siete-semanas-de-baja\\\/#breadcrumb\",\"itemListElement\":[{\"@type\":\"ListItem\",\"position\":1,\"name\":\"Home\",\"item\":\"https:\\\/\\\/digital58.com.ve\\\/site\\\/\"},{\"@type\":\"ListItem\",\"position\":2,\"name\":\"M\u00e9xico suma 70.821 muertos y 668.381 casos de COVID con siete semanas de baja\"}]},{\"@type\":\"WebSite\",\"@id\":\"https:\\\/\\\/digital58.com.ve\\\/site\\\/#website\",\"url\":\"https:\\\/\\\/digital58.com.ve\\\/site\\\/\",\"name\":\"Noticias Digital58\",\"description\":\"Portal de Noticias \u00a1Periodismo web de verdad! Lanzamiento web 22.11.2005 \\\/ Maracaibo, Venezuela\",\"publisher\":{\"@id\":\"https:\\\/\\\/digital58.com.ve\\\/site\\\/#\\\/schema\\\/person\\\/64d1c2e4d0d4fd1b849980c4331c2951\"},\"alternateName\":\"ND58\",\"potentialAction\":[{\"@type\":\"SearchAction\",\"target\":{\"@type\":\"EntryPoint\",\"urlTemplate\":\"https:\\\/\\\/digital58.com.ve\\\/site\\\/?s={search_term_string}\"},\"query-input\":{\"@type\":\"PropertyValueSpecification\",\"valueRequired\":true,\"valueName\":\"search_term_string\"}}],\"inLanguage\":\"es\"},{\"@type\":[\"Person\",\"Organization\"],\"@id\":\"https:\\\/\\\/digital58.com.ve\\\/site\\\/#\\\/schema\\\/person\\\/64d1c2e4d0d4fd1b849980c4331c2951\",\"name\":\"Villasmil Henry\",\"image\":{\"@type\":\"ImageObject\",\"inLanguage\":\"es\",\"@id\":\"https:\\\/\\\/secure.gravatar.com\\\/avatar\\\/bb0c4a2fcb7970138239f7e404ea75757b1b507b28b5ce4c53fbd62d797c5a7c?s=96&d=mm&r=g\",\"url\":\"https:\\\/\\\/secure.gravatar.com\\\/avatar\\\/bb0c4a2fcb7970138239f7e404ea75757b1b507b28b5ce4c53fbd62d797c5a7c?s=96&d=mm&r=g\",\"contentUrl\":\"https:\\\/\\\/secure.gravatar.com\\\/avatar\\\/bb0c4a2fcb7970138239f7e404ea75757b1b507b28b5ce4c53fbd62d797c5a7c?s=96&d=mm&r=g\",\"caption\":\"Villasmil Henry\"},\"logo\":{\"@id\":\"https:\\\/\\\/secure.gravatar.com\\\/avatar\\\/bb0c4a2fcb7970138239f7e404ea75757b1b507b28b5ce4c53fbd62d797c5a7c?s=96&d=mm&r=g\"},\"sameAs\":[\"http:\\\/\\\/www.henryvillasmil.com.ve\",\"https:\\\/\\\/www.instagram.com\\\/villasmilhfoto\\\/\",\"https:\\\/\\\/x.com\\\/https:\\\/\\\/twitter.com\\\/villasmilhfoto\"],\"url\":\"https:\\\/\\\/digital58.com.ve\\\/site\\\/author\\\/droopy_68\\\/\"}]}<\/script>\n<!-- \/ Yoast SEO plugin. -->","yoast_head_json":{"title":"M\u00e9xico suma 70.821 muertos y 668.381 casos de COVID con siete semanas de baja","description":"Mundo","robots":{"index":"index","follow":"follow","max-snippet":"max-snippet:-1","max-image-preview":"max-image-preview:large","max-video-preview":"max-video-preview:-1"},"canonical":"https:\/\/digital58.com.ve\/site\/2020\/09\/13\/mexico-suma-70-821-muertos-y-668-381-casos-de-covid-con-siete-semanas-de-baja\/","og_locale":"es_ES","og_type":"article","og_title":"M\u00e9xico suma 70.821 muertos y 668.381 casos de COVID con siete semanas de baja","og_description":"Mundo","og_url":"https:\/\/digital58.com.ve\/site\/2020\/09\/13\/mexico-suma-70-821-muertos-y-668-381-casos-de-covid-con-siete-semanas-de-baja\/","og_site_name":"Noticias Digital58","article_published_time":"2020-09-14T03:47:13+00:00","og_image":[{"width":900,"height":600,"url":"https:\/\/digital58.com.ve\/site\/wp-content\/uploads\/2020\/09\/mexico-pandemia-13-09-20.jpg","type":"image\/jpeg"}],"author":"Villasmil Henry","twitter_card":"summary_large_image","twitter_creator":"@https:\/\/twitter.com\/villasmilhfoto","twitter_site":"@villasmilhfoto","twitter_misc":{"Escrito por":"Villasmil Henry","Tiempo estimado de lectura":"3 minutos"},"schema":{"@context":"https:\/\/schema.org","@graph":[{"@type":"Article","@id":"https:\/\/digital58.com.ve\/site\/2020\/09\/13\/mexico-suma-70-821-muertos-y-668-381-casos-de-covid-con-siete-semanas-de-baja\/#article","isPartOf":{"@id":"https:\/\/digital58.com.ve\/site\/2020\/09\/13\/mexico-suma-70-821-muertos-y-668-381-casos-de-covid-con-siete-semanas-de-baja\/"},"author":{"name":"Villasmil Henry","@id":"https:\/\/digital58.com.ve\/site\/#\/schema\/person\/64d1c2e4d0d4fd1b849980c4331c2951"},"headline":"M\u00e9xico suma 70.821 muertos y 668.381 casos de COVID con siete semanas de baja","datePublished":"2020-09-14T03:47:13+00:00","mainEntityOfPage":{"@id":"https:\/\/digital58.com.ve\/site\/2020\/09\/13\/mexico-suma-70-821-muertos-y-668-381-casos-de-covid-con-siete-semanas-de-baja\/"},"wordCount":539,"commentCount":0,"publisher":{"@id":"https:\/\/digital58.com.ve\/site\/#\/schema\/person\/64d1c2e4d0d4fd1b849980c4331c2951"},"image":{"@id":"https:\/\/digital58.com.ve\/site\/2020\/09\/13\/mexico-suma-70-821-muertos-y-668-381-casos-de-covid-con-siete-semanas-de-baja\/#primaryimage"},"thumbnailUrl":"https:\/\/digital58.com.ve\/site\/wp-content\/uploads\/2020\/09\/mexico-pandemia-13-09-20.jpg","keywords":["Coronavirus","COVID-19","Internacionales","M\u00e9xico","Pandemia"],"articleSection":["Mundo"],"inLanguage":"es","potentialAction":[{"@type":"CommentAction","name":"Comment","target":["https:\/\/digital58.com.ve\/site\/2020\/09\/13\/mexico-suma-70-821-muertos-y-668-381-casos-de-covid-con-siete-semanas-de-baja\/#respond"]}]},{"@type":"WebPage","@id":"https:\/\/digital58.com.ve\/site\/2020\/09\/13\/mexico-suma-70-821-muertos-y-668-381-casos-de-covid-con-siete-semanas-de-baja\/","url":"https:\/\/digital58.com.ve\/site\/2020\/09\/13\/mexico-suma-70-821-muertos-y-668-381-casos-de-covid-con-siete-semanas-de-baja\/","name":"M\u00e9xico suma 70.821 muertos y 668.381 casos de COVID con siete semanas de baja","isPartOf":{"@id":"https:\/\/digital58.com.ve\/site\/#website"},"primaryImageOfPage":{"@id":"https:\/\/digital58.com.ve\/site\/2020\/09\/13\/mexico-suma-70-821-muertos-y-668-381-casos-de-covid-con-siete-semanas-de-baja\/#primaryimage"},"image":{"@id":"https:\/\/digital58.com.ve\/site\/2020\/09\/13\/mexico-suma-70-821-muertos-y-668-381-casos-de-covid-con-siete-semanas-de-baja\/#primaryimage"},"thumbnailUrl":"https:\/\/digital58.com.ve\/site\/wp-content\/uploads\/2020\/09\/mexico-pandemia-13-09-20.jpg","datePublished":"2020-09-14T03:47:13+00:00","description":"Mundo","breadcrumb":{"@id":"https:\/\/digital58.com.ve\/site\/2020\/09\/13\/mexico-suma-70-821-muertos-y-668-381-casos-de-covid-con-siete-semanas-de-baja\/#breadcrumb"},"inLanguage":"es","potentialAction":[{"@type":"ReadAction","target":["https:\/\/digital58.com.ve\/site\/2020\/09\/13\/mexico-suma-70-821-muertos-y-668-381-casos-de-covid-con-siete-semanas-de-baja\/"]}]},{"@type":"ImageObject","inLanguage":"es","@id":"https:\/\/digital58.com.ve\/site\/2020\/09\/13\/mexico-suma-70-821-muertos-y-668-381-casos-de-covid-con-siete-semanas-de-baja\/#primaryimage","url":"https:\/\/digital58.com.ve\/site\/wp-content\/uploads\/2020\/09\/mexico-pandemia-13-09-20.jpg","contentUrl":"https:\/\/digital58.com.ve\/site\/wp-content\/uploads\/2020\/09\/mexico-pandemia-13-09-20.jpg","width":800,"height":533},{"@type":"BreadcrumbList","@id":"https:\/\/digital58.com.ve\/site\/2020\/09\/13\/mexico-suma-70-821-muertos-y-668-381-casos-de-covid-con-siete-semanas-de-baja\/#breadcrumb","itemListElement":[{"@type":"ListItem","position":1,"name":"Home","item":"https:\/\/digital58.com.ve\/site\/"},{"@type":"ListItem","position":2,"name":"M\u00e9xico suma 70.821 muertos y 668.381 casos de COVID con siete semanas de baja"}]},{"@type":"WebSite","@id":"https:\/\/digital58.com.ve\/site\/#website","url":"https:\/\/digital58.com.ve\/site\/","name":"Noticias Digital58","description":"Portal de Noticias \u00a1Periodismo web de verdad! Lanzamiento web 22.11.2005 \/ Maracaibo, Venezuela","publisher":{"@id":"https:\/\/digital58.com.ve\/site\/#\/schema\/person\/64d1c2e4d0d4fd1b849980c4331c2951"},"alternateName":"ND58","potentialAction":[{"@type":"SearchAction","target":{"@type":"EntryPoint","urlTemplate":"https:\/\/digital58.com.ve\/site\/?s={search_term_string}"},"query-input":{"@type":"PropertyValueSpecification","valueRequired":true,"valueName":"search_term_string"}}],"inLanguage":"es"},{"@type":["Person","Organization"],"@id":"https:\/\/digital58.com.ve\/site\/#\/schema\/person\/64d1c2e4d0d4fd1b849980c4331c2951","name":"Villasmil Henry","image":{"@type":"ImageObject","inLanguage":"es","@id":"https:\/\/secure.gravatar.com\/avatar\/bb0c4a2fcb7970138239f7e404ea75757b1b507b28b5ce4c53fbd62d797c5a7c?s=96&d=mm&r=g","url":"https:\/\/secure.gravatar.com\/avatar\/bb0c4a2fcb7970138239f7e404ea75757b1b507b28b5ce4c53fbd62d797c5a7c?s=96&d=mm&r=g","contentUrl":"https:\/\/secure.gravatar.com\/avatar\/bb0c4a2fcb7970138239f7e404ea75757b1b507b28b5ce4c53fbd62d797c5a7c?s=96&d=mm&r=g","caption":"Villasmil Henry"},"logo":{"@id":"https:\/\/secure.gravatar.com\/avatar\/bb0c4a2fcb7970138239f7e404ea75757b1b507b28b5ce4c53fbd62d797c5a7c?s=96&d=mm&r=g"},"sameAs":["http:\/\/www.henryvillasmil.com.ve","https:\/\/www.instagram.com\/villasmilhfoto\/","https:\/\/x.com\/https:\/\/twitter.com\/villasmilhfoto"],"url":"https:\/\/digital58.com.ve\/site\/author\/droopy_68\/"}]}},"uagb_featured_image_src":{"full":["https:\/\/digital58.com.ve\/site\/wp-content\/uploads\/2020\/09\/mexico-pandemia-13-09-20.jpg",800,533,false],"thumbnail":["https:\/\/digital58.com.ve\/site\/wp-content\/uploads\/2020\/09\/mexico-pandemia-13-09-20-150x150.jpg",150,150,true],"medium":["https:\/\/digital58.com.ve\/site\/wp-content\/uploads\/2020\/09\/mexico-pandemia-13-09-20-300x200.jpg",300,200,true],"medium_large":["https:\/\/digital58.com.ve\/site\/wp-content\/uploads\/2020\/09\/mexico-pandemia-13-09-20-768x512.jpg",768,512,true],"large":["https:\/\/digital58.com.ve\/site\/wp-content\/uploads\/2020\/09\/mexico-pandemia-13-09-20.jpg",800,533,false],"1536x1536":["https:\/\/digital58.com.ve\/site\/wp-content\/uploads\/2020\/09\/mexico-pandemia-13-09-20.jpg",800,533,false],"2048x2048":["https:\/\/digital58.com.ve\/site\/wp-content\/uploads\/2020\/09\/mexico-pandemia-13-09-20.jpg",800,533,false],"colormag-highlighted-post":["https:\/\/digital58.com.ve\/site\/wp-content\/uploads\/2020\/09\/mexico-pandemia-13-09-20.jpg",392,261,false],"colormag-featured-post-medium":["https:\/\/digital58.com.ve\/site\/wp-content\/uploads\/2020\/09\/mexico-pandemia-13-09-20.jpg",308,205,false],"colormag-featured-post-small":["https:\/\/digital58.com.ve\/site\/wp-content\/uploads\/2020\/09\/mexico-pandemia-13-09-20.jpg",130,87,false],"colormag-featured-image":["https:\/\/digital58.com.ve\/site\/wp-content\/uploads\/2020\/09\/mexico-pandemia-13-09-20.jpg",668,445,false],"colormag-default-news":["https:\/\/digital58.com.ve\/site\/wp-content\/uploads\/2020\/09\/mexico-pandemia-13-09-20.jpg",150,100,false],"colormag-featured-image-large":["https:\/\/digital58.com.ve\/site\/wp-content\/uploads\/2020\/09\/mexico-pandemia-13-09-20.jpg",800,533,false]},"uagb_author_info":{"display_name":"Villasmil Henry","author_link":"https:\/\/digital58.com.ve\/site\/author\/droopy_68\/"},"uagb_comment_info":0,"uagb_excerpt":"M\u00e9xico es el s\u00e9ptimo pa\u00eds con mayor n\u00famero absoluto de casos y el cuarto con m\u00e1s muertes, de acuerdo con","_links":{"self":[{"href":"https:\/\/digital58.com.ve\/site\/wp-json\/wp\/v2\/posts\/127497","targetHints":{"allow":["GET"]}}],"collection":[{"href":"https:\/\/digital58.com.ve\/site\/wp-json\/wp\/v2\/posts"}],"about":[{"href":"https:\/\/digital58.com.ve\/site\/wp-json\/wp\/v2\/types\/post"}],"author":[{"embeddable":true,"href":"https:\/\/digital58.com.ve\/site\/wp-json\/wp\/v2\/users\/1"}],"replies":[{"embeddable":true,"href":"https:\/\/digital58.com.ve\/site\/wp-json\/wp\/v2\/comments?post=127497"}],"version-history":[{"count":0,"href":"https:\/\/digital58.com.ve\/site\/wp-json\/wp\/v2\/posts\/127497\/revisions"}],"wp:featuredmedia":[{"embeddable":true,"href":"https:\/\/digital58.com.ve\/site\/wp-json\/wp\/v2\/media\/127498"}],"wp:attachment":[{"href":"https:\/\/digital58.com.ve\/site\/wp-json\/wp\/v2\/media?parent=127497"}],"wp:term":[{"taxonomy":"category","embeddable":true,"href":"https:\/\/digital58.com.ve\/site\/wp-json\/wp\/v2\/categories?post=127497"},{"taxonomy":"post_tag","embeddable":true,"href":"https:\/\/digital58.com.ve\/site\/wp-json\/wp\/v2\/tags?post=127497"}],"curies":[{"name":"wp","href":"https:\/\/api.w.org\/{rel}","templated":true}]}}