{"id":127577,"date":"2020-09-14T19:07:55","date_gmt":"2020-09-14T23:07:55","guid":{"rendered":"https:\/\/digital58.com.ve\/site\/?p=127577"},"modified":"2020-09-14T19:32:26","modified_gmt":"2020-09-14T23:32:26","slug":"con-5-1-millones-de-migrantes-y-refugiados-venezuela-representa-la-crisis-mas-grave-del-continente","status":"publish","type":"post","link":"https:\/\/digital58.com.ve\/site\/2020\/09\/14\/con-5-1-millones-de-migrantes-y-refugiados-venezuela-representa-la-crisis-mas-grave-del-continente\/","title":{"rendered":"Con 5.1 millones de migrantes y refugiados Venezuela representa la crisis m\u00e1s grave del continente"},"content":{"rendered":"<p><a href=\"https:\/\/digital58.com.ve\/site\/wp-content\/uploads\/2020\/09\/emigracion-venezolana.jpg\"><img loading=\"lazy\" decoding=\"async\" class=\"aligncenter size-full wp-image-127580\" src=\"https:\/\/digital58.com.ve\/site\/wp-content\/uploads\/2020\/09\/emigracion-venezolana.jpg\" alt=\"\" width=\"1000\" height=\"618\" srcset=\"https:\/\/digital58.com.ve\/site\/wp-content\/uploads\/2020\/09\/emigracion-venezolana.jpg 800w, https:\/\/digital58.com.ve\/site\/wp-content\/uploads\/2020\/09\/emigracion-venezolana-300x185.jpg 300w, https:\/\/digital58.com.ve\/site\/wp-content\/uploads\/2020\/09\/emigracion-venezolana-768x475.jpg 768w\" sizes=\"auto, (max-width: 1000px) 100vw, 1000px\" \/><\/a><\/p>\n<p>Adem\u00e1s ser\u00eda la segunda crisis migratoria m\u00e1s grande de todo el mundo.<\/p>\n<p><strong>Washington DC, Estados Unidos, 14 de septiembre de 2020 (ND58).-<\/strong> Este lunes, David Smolansky, comisionado de la Secretar\u00eda General de la Organizaci\u00f3n de los Estados Americanos (OEA), present\u00f3 su informe sobre la \u00abSituaci\u00f3n de venezolanos que han retornado y buscan regresar a su pa\u00eds\u00bb.<\/p>\n<p>Seg\u00fan el informe, son uno 5.1 millones de venezolanos, quienes han abandonado el pa\u00eds en situaci\u00f3n de migrantes y refugiados. \u00abEsto quiere decir que esta crisis es la m\u00e1s grande de Am\u00e9rica Latina y actualmente somos la segunda m\u00e1s grande del planeta\u00bb, precis\u00f3 Smolansky.<\/p>\n<blockquote class=\"twitter-tweet\" data-width=\"550\" data-dnt=\"true\">\n<p lang=\"es\" dir=\"ltr\"><a href=\"https:\/\/twitter.com\/hashtag\/14Sep?src=hash&amp;ref_src=twsrc%5Etfw\">#14Sep<\/a> | Comisionado <a href=\"https:\/\/twitter.com\/dsmolansky?ref_src=twsrc%5Etfw\">@dsmolansky<\/a>: &quot;Para este momento somos 5.1 millones de migrantes y refugiados venezolanos, esto quiere decir que esta crisis es la m\u00e1s grande de Am\u00e9rica Latina y actualmente somos la segunda m\u00e1s grande del planeta&quot;.<\/p>\n<p>&mdash; Asamblea Nacional (@AsambleaVE) <a href=\"https:\/\/twitter.com\/AsambleaVE\/status\/1305536167388082177?ref_src=twsrc%5Etfw\">September 14, 2020<\/a><\/p><\/blockquote>\n<p><script async src=\"https:\/\/platform.twitter.com\/widgets.js\" charset=\"utf-8\"><\/script><\/p>\n<p>El pol\u00edtico venezolano, que ahora trabaja para la OEA, explic\u00f3 que antes de la pandemia de la COVID-19, 5 mil venezolanos abandonaban el pa\u00eds a diario y asegur\u00f3 que desde su despacho, se hace un seguimiento continuo a esta crisis migratoria.<\/p>\n<p>Seg\u00fan los datos recopilados por la OEA, 110 mil connacionales han retornado a Venezuela, en el contexto de la pandemia, 106 mil retornaron desde Colombia y otros 6 mil desde Brasil.<\/p>\n<p>Por otra parte, 3.000 venezolanos, se encuentran varados por motivos a\u00e9reos en diferentes pa\u00edses, destacando Costa Rica, Panam\u00e1 y Chile.<\/p>\n<p>\u00abEste informe se escribi\u00f3 con informaci\u00f3n oficial por parte de los Gobiernos de la regi\u00f3n y testimonios de las personas. Quisiera decirles que en este informe dejamos en evidencia las amenazas de Maduro\u00bb, manifest\u00f3 el comisionado.<\/p>\n<p>Especific\u00f3 que entre las denuncias, se cuentan las detenciones de algunos de los retornados y la calificaci\u00f3n de \u00abbioterroistas\u00bb que les dio el gobierno venezolano.<\/p>\n<p>Por \u00faltimo, asegur\u00f3 que desde su oficina consideran que la \u00fanica forma de detener la crisis migratoria venezolana es lograr un cambio pol\u00edtico en el pa\u00eds.<\/p><div class=\"atyut69f26b0a71b76\" ><p style=\"text-align: center;\"><a href=\"https:\/\/t.me\/noticiasdigital58\" target=\"_blank\" rel=\"noopener\"><img class=\"aligncenter size-full wp-image-125363\" src=\"https:\/\/digital58.com.ve\/site\/wp-content\/uploads\/2021\/04\/banner-telegram-web-2021.png\" alt=\"\" width=\"600\" height=\"90\" \/><\/a><\/p><\/div><style type=\"text\/css\">\r\n@media screen and (min-width: 1201px) {\r\n.atyut69f26b0a71b76 {\r\ndisplay: block;\r\n}\r\n}\r\n@media screen and (min-width: 993px) and (max-width: 1200px) {\r\n.atyut69f26b0a71b76 {\r\ndisplay: block;\r\n}\r\n}\r\n@media screen and (min-width: 769px) and (max-width: 992px) {\r\n.atyut69f26b0a71b76 {\r\ndisplay: block;\r\n}\r\n}\r\n@media screen and (min-width: 768px) and (max-width: 768px) {\r\n.atyut69f26b0a71b76 {\r\ndisplay: block;\r\n}\r\n}\r\n@media screen and (max-width: 767px) {\r\n.atyut69f26b0a71b76 {\r\ndisplay: block;\r\n}\r\n}\r\n<\/style>\r\n\n<p><strong>Redacci\u00f3n: Morales, Joel (@joeldmc32) <\/strong><br \/>\n<strong>Edici\u00f3n: Villasmil, Henry <\/strong><br \/>\n<strong>Gr\u00e1fica: Cortes\u00eda<\/strong><\/p>\n<div style=\"margin-top: 0px; margin-bottom: 0px;\" class=\"sharethis-inline-share-buttons\" ><\/div>","protected":false},"excerpt":{"rendered":"<p>Adem\u00e1s ser\u00eda la segunda crisis migratoria m\u00e1s grande de todo el mundo. Washington DC, Estados Unidos, 14 de septiembre de<\/p>\n","protected":false},"author":1,"featured_media":127580,"comment_status":"open","ping_status":"closed","sticky":false,"template":"","format":"standard","meta":{"colormag_page_container_layout":"default_layout","colormag_page_sidebar_layout":"default_layout","_uag_custom_page_level_css":"","footnotes":""},"categories":[16451],"tags":[7080,14297,1304,8,14166,11950,32],"class_list":["post-127577","post","type-post","status-publish","format-standard","has-post-thumbnail","hentry","category-mundo","tag-america-latina","tag-david-smolansky","tag-estados-unidos","tag-internacionales","tag-migrantes-venezolanos","tag-oea","tag-venezuela"],"yoast_head":"<!-- This site is optimized with the Yoast SEO plugin v27.5 - https:\/\/yoast.com\/product\/yoast-seo-wordpress\/ -->\n<title>Con 5.1 millones de migrantes y refugiados Venezuela representa la crisis m\u00e1s grave del continente<\/title>\n<meta name=\"description\" content=\"Mundo\" \/>\n<meta name=\"robots\" content=\"index, follow, max-snippet:-1, max-image-preview:large, max-video-preview:-1\" \/>\n<link rel=\"canonical\" href=\"https:\/\/digital58.com.ve\/site\/2020\/09\/14\/con-5-1-millones-de-migrantes-y-refugiados-venezuela-representa-la-crisis-mas-grave-del-continente\/\" \/>\n<meta property=\"og:locale\" content=\"es_ES\" \/>\n<meta property=\"og:type\" content=\"article\" \/>\n<meta property=\"og:title\" content=\"Con 5.1 millones de migrantes y refugiados Venezuela representa la crisis m\u00e1s grave del continente\" \/>\n<meta property=\"og:description\" content=\"Mundo\" \/>\n<meta property=\"og:url\" content=\"https:\/\/digital58.com.ve\/site\/2020\/09\/14\/con-5-1-millones-de-migrantes-y-refugiados-venezuela-representa-la-crisis-mas-grave-del-continente\/\" \/>\n<meta property=\"og:site_name\" content=\"Noticias Digital58\" \/>\n<meta property=\"article:published_time\" content=\"2020-09-14T23:07:55+00:00\" \/>\n<meta property=\"article:modified_time\" content=\"2020-09-14T23:32:26+00:00\" \/>\n<meta property=\"og:image\" content=\"https:\/\/digital58.com.ve\/site\/wp-content\/uploads\/2020\/09\/emigracion-venezolana.jpg\" \/>\n\t<meta property=\"og:image:width\" content=\"1000\" \/>\n\t<meta property=\"og:image:height\" content=\"618\" \/>\n\t<meta property=\"og:image:type\" content=\"image\/jpeg\" \/>\n<meta name=\"author\" content=\"Villasmil Henry\" \/>\n<meta name=\"twitter:card\" content=\"summary_large_image\" \/>\n<meta name=\"twitter:creator\" content=\"@https:\/\/twitter.com\/villasmilhfoto\" \/>\n<meta name=\"twitter:site\" content=\"@villasmilhfoto\" \/>\n<meta name=\"twitter:label1\" content=\"Escrito por\" \/>\n\t<meta name=\"twitter:data1\" content=\"Villasmil Henry\" \/>\n\t<meta name=\"twitter:label2\" content=\"Tiempo estimado de lectura\" \/>\n\t<meta name=\"twitter:data2\" content=\"2 minutos\" \/>\n<script type=\"application\/ld+json\" class=\"yoast-schema-graph\">{\"@context\":\"https:\\\/\\\/schema.org\",\"@graph\":[{\"@type\":\"Article\",\"@id\":\"https:\\\/\\\/digital58.com.ve\\\/site\\\/2020\\\/09\\\/14\\\/con-5-1-millones-de-migrantes-y-refugiados-venezuela-representa-la-crisis-mas-grave-del-continente\\\/#article\",\"isPartOf\":{\"@id\":\"https:\\\/\\\/digital58.com.ve\\\/site\\\/2020\\\/09\\\/14\\\/con-5-1-millones-de-migrantes-y-refugiados-venezuela-representa-la-crisis-mas-grave-del-continente\\\/\"},\"author\":{\"name\":\"Villasmil Henry\",\"@id\":\"https:\\\/\\\/digital58.com.ve\\\/site\\\/#\\\/schema\\\/person\\\/64d1c2e4d0d4fd1b849980c4331c2951\"},\"headline\":\"Con 5.1 millones de migrantes y refugiados Venezuela representa la crisis m\u00e1s grave del continente\",\"datePublished\":\"2020-09-14T23:07:55+00:00\",\"dateModified\":\"2020-09-14T23:32:26+00:00\",\"mainEntityOfPage\":{\"@id\":\"https:\\\/\\\/digital58.com.ve\\\/site\\\/2020\\\/09\\\/14\\\/con-5-1-millones-de-migrantes-y-refugiados-venezuela-representa-la-crisis-mas-grave-del-continente\\\/\"},\"wordCount\":330,\"commentCount\":0,\"publisher\":{\"@id\":\"https:\\\/\\\/digital58.com.ve\\\/site\\\/#\\\/schema\\\/person\\\/64d1c2e4d0d4fd1b849980c4331c2951\"},\"image\":{\"@id\":\"https:\\\/\\\/digital58.com.ve\\\/site\\\/2020\\\/09\\\/14\\\/con-5-1-millones-de-migrantes-y-refugiados-venezuela-representa-la-crisis-mas-grave-del-continente\\\/#primaryimage\"},\"thumbnailUrl\":\"https:\\\/\\\/digital58.com.ve\\\/site\\\/wp-content\\\/uploads\\\/2020\\\/09\\\/emigracion-venezolana.jpg\",\"keywords\":[\"Am\u00e9rica Latina\",\"David Smolansky\",\"Estados Unidos\",\"Internacionales\",\"Migrantes venezolanos\",\"OEA\",\"Venezuela\"],\"articleSection\":[\"Mundo\"],\"inLanguage\":\"es\",\"potentialAction\":[{\"@type\":\"CommentAction\",\"name\":\"Comment\",\"target\":[\"https:\\\/\\\/digital58.com.ve\\\/site\\\/2020\\\/09\\\/14\\\/con-5-1-millones-de-migrantes-y-refugiados-venezuela-representa-la-crisis-mas-grave-del-continente\\\/#respond\"]}]},{\"@type\":\"WebPage\",\"@id\":\"https:\\\/\\\/digital58.com.ve\\\/site\\\/2020\\\/09\\\/14\\\/con-5-1-millones-de-migrantes-y-refugiados-venezuela-representa-la-crisis-mas-grave-del-continente\\\/\",\"url\":\"https:\\\/\\\/digital58.com.ve\\\/site\\\/2020\\\/09\\\/14\\\/con-5-1-millones-de-migrantes-y-refugiados-venezuela-representa-la-crisis-mas-grave-del-continente\\\/\",\"name\":\"Con 5.1 millones de migrantes y refugiados Venezuela representa la crisis m\u00e1s grave del continente\",\"isPartOf\":{\"@id\":\"https:\\\/\\\/digital58.com.ve\\\/site\\\/#website\"},\"primaryImageOfPage\":{\"@id\":\"https:\\\/\\\/digital58.com.ve\\\/site\\\/2020\\\/09\\\/14\\\/con-5-1-millones-de-migrantes-y-refugiados-venezuela-representa-la-crisis-mas-grave-del-continente\\\/#primaryimage\"},\"image\":{\"@id\":\"https:\\\/\\\/digital58.com.ve\\\/site\\\/2020\\\/09\\\/14\\\/con-5-1-millones-de-migrantes-y-refugiados-venezuela-representa-la-crisis-mas-grave-del-continente\\\/#primaryimage\"},\"thumbnailUrl\":\"https:\\\/\\\/digital58.com.ve\\\/site\\\/wp-content\\\/uploads\\\/2020\\\/09\\\/emigracion-venezolana.jpg\",\"datePublished\":\"2020-09-14T23:07:55+00:00\",\"dateModified\":\"2020-09-14T23:32:26+00:00\",\"description\":\"Mundo\",\"breadcrumb\":{\"@id\":\"https:\\\/\\\/digital58.com.ve\\\/site\\\/2020\\\/09\\\/14\\\/con-5-1-millones-de-migrantes-y-refugiados-venezuela-representa-la-crisis-mas-grave-del-continente\\\/#breadcrumb\"},\"inLanguage\":\"es\",\"potentialAction\":[{\"@type\":\"ReadAction\",\"target\":[\"https:\\\/\\\/digital58.com.ve\\\/site\\\/2020\\\/09\\\/14\\\/con-5-1-millones-de-migrantes-y-refugiados-venezuela-representa-la-crisis-mas-grave-del-continente\\\/\"]}]},{\"@type\":\"ImageObject\",\"inLanguage\":\"es\",\"@id\":\"https:\\\/\\\/digital58.com.ve\\\/site\\\/2020\\\/09\\\/14\\\/con-5-1-millones-de-migrantes-y-refugiados-venezuela-representa-la-crisis-mas-grave-del-continente\\\/#primaryimage\",\"url\":\"https:\\\/\\\/digital58.com.ve\\\/site\\\/wp-content\\\/uploads\\\/2020\\\/09\\\/emigracion-venezolana.jpg\",\"contentUrl\":\"https:\\\/\\\/digital58.com.ve\\\/site\\\/wp-content\\\/uploads\\\/2020\\\/09\\\/emigracion-venezolana.jpg\",\"width\":800,\"height\":494},{\"@type\":\"BreadcrumbList\",\"@id\":\"https:\\\/\\\/digital58.com.ve\\\/site\\\/2020\\\/09\\\/14\\\/con-5-1-millones-de-migrantes-y-refugiados-venezuela-representa-la-crisis-mas-grave-del-continente\\\/#breadcrumb\",\"itemListElement\":[{\"@type\":\"ListItem\",\"position\":1,\"name\":\"Home\",\"item\":\"https:\\\/\\\/digital58.com.ve\\\/site\\\/\"},{\"@type\":\"ListItem\",\"position\":2,\"name\":\"Con 5.1 millones de migrantes y refugiados Venezuela representa la crisis m\u00e1s grave del continente\"}]},{\"@type\":\"WebSite\",\"@id\":\"https:\\\/\\\/digital58.com.ve\\\/site\\\/#website\",\"url\":\"https:\\\/\\\/digital58.com.ve\\\/site\\\/\",\"name\":\"Noticias Digital58\",\"description\":\"Portal de Noticias \u00a1Periodismo web de verdad! Lanzamiento web 22.11.2005 \\\/ Maracaibo, Venezuela\",\"publisher\":{\"@id\":\"https:\\\/\\\/digital58.com.ve\\\/site\\\/#\\\/schema\\\/person\\\/64d1c2e4d0d4fd1b849980c4331c2951\"},\"alternateName\":\"ND58\",\"potentialAction\":[{\"@type\":\"SearchAction\",\"target\":{\"@type\":\"EntryPoint\",\"urlTemplate\":\"https:\\\/\\\/digital58.com.ve\\\/site\\\/?s={search_term_string}\"},\"query-input\":{\"@type\":\"PropertyValueSpecification\",\"valueRequired\":true,\"valueName\":\"search_term_string\"}}],\"inLanguage\":\"es\"},{\"@type\":[\"Person\",\"Organization\"],\"@id\":\"https:\\\/\\\/digital58.com.ve\\\/site\\\/#\\\/schema\\\/person\\\/64d1c2e4d0d4fd1b849980c4331c2951\",\"name\":\"Villasmil Henry\",\"image\":{\"@type\":\"ImageObject\",\"inLanguage\":\"es\",\"@id\":\"https:\\\/\\\/secure.gravatar.com\\\/avatar\\\/bb0c4a2fcb7970138239f7e404ea75757b1b507b28b5ce4c53fbd62d797c5a7c?s=96&d=mm&r=g\",\"url\":\"https:\\\/\\\/secure.gravatar.com\\\/avatar\\\/bb0c4a2fcb7970138239f7e404ea75757b1b507b28b5ce4c53fbd62d797c5a7c?s=96&d=mm&r=g\",\"contentUrl\":\"https:\\\/\\\/secure.gravatar.com\\\/avatar\\\/bb0c4a2fcb7970138239f7e404ea75757b1b507b28b5ce4c53fbd62d797c5a7c?s=96&d=mm&r=g\",\"caption\":\"Villasmil Henry\"},\"logo\":{\"@id\":\"https:\\\/\\\/secure.gravatar.com\\\/avatar\\\/bb0c4a2fcb7970138239f7e404ea75757b1b507b28b5ce4c53fbd62d797c5a7c?s=96&d=mm&r=g\"},\"sameAs\":[\"http:\\\/\\\/www.henryvillasmil.com.ve\",\"https:\\\/\\\/www.instagram.com\\\/villasmilhfoto\\\/\",\"https:\\\/\\\/x.com\\\/https:\\\/\\\/twitter.com\\\/villasmilhfoto\"],\"url\":\"https:\\\/\\\/digital58.com.ve\\\/site\\\/author\\\/droopy_68\\\/\"}]}<\/script>\n<!-- \/ Yoast SEO plugin. -->","yoast_head_json":{"title":"Con 5.1 millones de migrantes y refugiados Venezuela representa la crisis m\u00e1s grave del continente","description":"Mundo","robots":{"index":"index","follow":"follow","max-snippet":"max-snippet:-1","max-image-preview":"max-image-preview:large","max-video-preview":"max-video-preview:-1"},"canonical":"https:\/\/digital58.com.ve\/site\/2020\/09\/14\/con-5-1-millones-de-migrantes-y-refugiados-venezuela-representa-la-crisis-mas-grave-del-continente\/","og_locale":"es_ES","og_type":"article","og_title":"Con 5.1 millones de migrantes y refugiados Venezuela representa la crisis m\u00e1s grave del continente","og_description":"Mundo","og_url":"https:\/\/digital58.com.ve\/site\/2020\/09\/14\/con-5-1-millones-de-migrantes-y-refugiados-venezuela-representa-la-crisis-mas-grave-del-continente\/","og_site_name":"Noticias Digital58","article_published_time":"2020-09-14T23:07:55+00:00","article_modified_time":"2020-09-14T23:32:26+00:00","og_image":[{"width":1000,"height":618,"url":"https:\/\/digital58.com.ve\/site\/wp-content\/uploads\/2020\/09\/emigracion-venezolana.jpg","type":"image\/jpeg"}],"author":"Villasmil Henry","twitter_card":"summary_large_image","twitter_creator":"@https:\/\/twitter.com\/villasmilhfoto","twitter_site":"@villasmilhfoto","twitter_misc":{"Escrito por":"Villasmil Henry","Tiempo estimado de lectura":"2 minutos"},"schema":{"@context":"https:\/\/schema.org","@graph":[{"@type":"Article","@id":"https:\/\/digital58.com.ve\/site\/2020\/09\/14\/con-5-1-millones-de-migrantes-y-refugiados-venezuela-representa-la-crisis-mas-grave-del-continente\/#article","isPartOf":{"@id":"https:\/\/digital58.com.ve\/site\/2020\/09\/14\/con-5-1-millones-de-migrantes-y-refugiados-venezuela-representa-la-crisis-mas-grave-del-continente\/"},"author":{"name":"Villasmil Henry","@id":"https:\/\/digital58.com.ve\/site\/#\/schema\/person\/64d1c2e4d0d4fd1b849980c4331c2951"},"headline":"Con 5.1 millones de migrantes y refugiados Venezuela representa la crisis m\u00e1s grave del continente","datePublished":"2020-09-14T23:07:55+00:00","dateModified":"2020-09-14T23:32:26+00:00","mainEntityOfPage":{"@id":"https:\/\/digital58.com.ve\/site\/2020\/09\/14\/con-5-1-millones-de-migrantes-y-refugiados-venezuela-representa-la-crisis-mas-grave-del-continente\/"},"wordCount":330,"commentCount":0,"publisher":{"@id":"https:\/\/digital58.com.ve\/site\/#\/schema\/person\/64d1c2e4d0d4fd1b849980c4331c2951"},"image":{"@id":"https:\/\/digital58.com.ve\/site\/2020\/09\/14\/con-5-1-millones-de-migrantes-y-refugiados-venezuela-representa-la-crisis-mas-grave-del-continente\/#primaryimage"},"thumbnailUrl":"https:\/\/digital58.com.ve\/site\/wp-content\/uploads\/2020\/09\/emigracion-venezolana.jpg","keywords":["Am\u00e9rica Latina","David Smolansky","Estados Unidos","Internacionales","Migrantes venezolanos","OEA","Venezuela"],"articleSection":["Mundo"],"inLanguage":"es","potentialAction":[{"@type":"CommentAction","name":"Comment","target":["https:\/\/digital58.com.ve\/site\/2020\/09\/14\/con-5-1-millones-de-migrantes-y-refugiados-venezuela-representa-la-crisis-mas-grave-del-continente\/#respond"]}]},{"@type":"WebPage","@id":"https:\/\/digital58.com.ve\/site\/2020\/09\/14\/con-5-1-millones-de-migrantes-y-refugiados-venezuela-representa-la-crisis-mas-grave-del-continente\/","url":"https:\/\/digital58.com.ve\/site\/2020\/09\/14\/con-5-1-millones-de-migrantes-y-refugiados-venezuela-representa-la-crisis-mas-grave-del-continente\/","name":"Con 5.1 millones de migrantes y refugiados Venezuela representa la crisis m\u00e1s grave del continente","isPartOf":{"@id":"https:\/\/digital58.com.ve\/site\/#website"},"primaryImageOfPage":{"@id":"https:\/\/digital58.com.ve\/site\/2020\/09\/14\/con-5-1-millones-de-migrantes-y-refugiados-venezuela-representa-la-crisis-mas-grave-del-continente\/#primaryimage"},"image":{"@id":"https:\/\/digital58.com.ve\/site\/2020\/09\/14\/con-5-1-millones-de-migrantes-y-refugiados-venezuela-representa-la-crisis-mas-grave-del-continente\/#primaryimage"},"thumbnailUrl":"https:\/\/digital58.com.ve\/site\/wp-content\/uploads\/2020\/09\/emigracion-venezolana.jpg","datePublished":"2020-09-14T23:07:55+00:00","dateModified":"2020-09-14T23:32:26+00:00","description":"Mundo","breadcrumb":{"@id":"https:\/\/digital58.com.ve\/site\/2020\/09\/14\/con-5-1-millones-de-migrantes-y-refugiados-venezuela-representa-la-crisis-mas-grave-del-continente\/#breadcrumb"},"inLanguage":"es","potentialAction":[{"@type":"ReadAction","target":["https:\/\/digital58.com.ve\/site\/2020\/09\/14\/con-5-1-millones-de-migrantes-y-refugiados-venezuela-representa-la-crisis-mas-grave-del-continente\/"]}]},{"@type":"ImageObject","inLanguage":"es","@id":"https:\/\/digital58.com.ve\/site\/2020\/09\/14\/con-5-1-millones-de-migrantes-y-refugiados-venezuela-representa-la-crisis-mas-grave-del-continente\/#primaryimage","url":"https:\/\/digital58.com.ve\/site\/wp-content\/uploads\/2020\/09\/emigracion-venezolana.jpg","contentUrl":"https:\/\/digital58.com.ve\/site\/wp-content\/uploads\/2020\/09\/emigracion-venezolana.jpg","width":800,"height":494},{"@type":"BreadcrumbList","@id":"https:\/\/digital58.com.ve\/site\/2020\/09\/14\/con-5-1-millones-de-migrantes-y-refugiados-venezuela-representa-la-crisis-mas-grave-del-continente\/#breadcrumb","itemListElement":[{"@type":"ListItem","position":1,"name":"Home","item":"https:\/\/digital58.com.ve\/site\/"},{"@type":"ListItem","position":2,"name":"Con 5.1 millones de migrantes y refugiados Venezuela representa la crisis m\u00e1s grave del continente"}]},{"@type":"WebSite","@id":"https:\/\/digital58.com.ve\/site\/#website","url":"https:\/\/digital58.com.ve\/site\/","name":"Noticias Digital58","description":"Portal de Noticias \u00a1Periodismo web de verdad! Lanzamiento web 22.11.2005 \/ Maracaibo, Venezuela","publisher":{"@id":"https:\/\/digital58.com.ve\/site\/#\/schema\/person\/64d1c2e4d0d4fd1b849980c4331c2951"},"alternateName":"ND58","potentialAction":[{"@type":"SearchAction","target":{"@type":"EntryPoint","urlTemplate":"https:\/\/digital58.com.ve\/site\/?s={search_term_string}"},"query-input":{"@type":"PropertyValueSpecification","valueRequired":true,"valueName":"search_term_string"}}],"inLanguage":"es"},{"@type":["Person","Organization"],"@id":"https:\/\/digital58.com.ve\/site\/#\/schema\/person\/64d1c2e4d0d4fd1b849980c4331c2951","name":"Villasmil Henry","image":{"@type":"ImageObject","inLanguage":"es","@id":"https:\/\/secure.gravatar.com\/avatar\/bb0c4a2fcb7970138239f7e404ea75757b1b507b28b5ce4c53fbd62d797c5a7c?s=96&d=mm&r=g","url":"https:\/\/secure.gravatar.com\/avatar\/bb0c4a2fcb7970138239f7e404ea75757b1b507b28b5ce4c53fbd62d797c5a7c?s=96&d=mm&r=g","contentUrl":"https:\/\/secure.gravatar.com\/avatar\/bb0c4a2fcb7970138239f7e404ea75757b1b507b28b5ce4c53fbd62d797c5a7c?s=96&d=mm&r=g","caption":"Villasmil Henry"},"logo":{"@id":"https:\/\/secure.gravatar.com\/avatar\/bb0c4a2fcb7970138239f7e404ea75757b1b507b28b5ce4c53fbd62d797c5a7c?s=96&d=mm&r=g"},"sameAs":["http:\/\/www.henryvillasmil.com.ve","https:\/\/www.instagram.com\/villasmilhfoto\/","https:\/\/x.com\/https:\/\/twitter.com\/villasmilhfoto"],"url":"https:\/\/digital58.com.ve\/site\/author\/droopy_68\/"}]}},"uagb_featured_image_src":{"full":["https:\/\/digital58.com.ve\/site\/wp-content\/uploads\/2020\/09\/emigracion-venezolana.jpg",800,494,false],"thumbnail":["https:\/\/digital58.com.ve\/site\/wp-content\/uploads\/2020\/09\/emigracion-venezolana-150x150.jpg",150,150,true],"medium":["https:\/\/digital58.com.ve\/site\/wp-content\/uploads\/2020\/09\/emigracion-venezolana-300x185.jpg",300,185,true],"medium_large":["https:\/\/digital58.com.ve\/site\/wp-content\/uploads\/2020\/09\/emigracion-venezolana-768x475.jpg",768,475,true],"large":["https:\/\/digital58.com.ve\/site\/wp-content\/uploads\/2020\/09\/emigracion-venezolana.jpg",800,494,false],"1536x1536":["https:\/\/digital58.com.ve\/site\/wp-content\/uploads\/2020\/09\/emigracion-venezolana.jpg",800,494,false],"2048x2048":["https:\/\/digital58.com.ve\/site\/wp-content\/uploads\/2020\/09\/emigracion-venezolana.jpg",800,494,false],"colormag-highlighted-post":["https:\/\/digital58.com.ve\/site\/wp-content\/uploads\/2020\/09\/emigracion-venezolana.jpg",392,242,false],"colormag-featured-post-medium":["https:\/\/digital58.com.ve\/site\/wp-content\/uploads\/2020\/09\/emigracion-venezolana.jpg",332,205,false],"colormag-featured-post-small":["https:\/\/digital58.com.ve\/site\/wp-content\/uploads\/2020\/09\/emigracion-venezolana.jpg",130,80,false],"colormag-featured-image":["https:\/\/digital58.com.ve\/site\/wp-content\/uploads\/2020\/09\/emigracion-venezolana.jpg",721,445,false],"colormag-default-news":["https:\/\/digital58.com.ve\/site\/wp-content\/uploads\/2020\/09\/emigracion-venezolana.jpg",150,93,false],"colormag-featured-image-large":["https:\/\/digital58.com.ve\/site\/wp-content\/uploads\/2020\/09\/emigracion-venezolana.jpg",800,494,false]},"uagb_author_info":{"display_name":"Villasmil Henry","author_link":"https:\/\/digital58.com.ve\/site\/author\/droopy_68\/"},"uagb_comment_info":0,"uagb_excerpt":"Adem\u00e1s ser\u00eda la segunda crisis migratoria m\u00e1s grande de todo el mundo. Washington DC, Estados Unidos, 14 de septiembre de","_links":{"self":[{"href":"https:\/\/digital58.com.ve\/site\/wp-json\/wp\/v2\/posts\/127577","targetHints":{"allow":["GET"]}}],"collection":[{"href":"https:\/\/digital58.com.ve\/site\/wp-json\/wp\/v2\/posts"}],"about":[{"href":"https:\/\/digital58.com.ve\/site\/wp-json\/wp\/v2\/types\/post"}],"author":[{"embeddable":true,"href":"https:\/\/digital58.com.ve\/site\/wp-json\/wp\/v2\/users\/1"}],"replies":[{"embeddable":true,"href":"https:\/\/digital58.com.ve\/site\/wp-json\/wp\/v2\/comments?post=127577"}],"version-history":[{"count":0,"href":"https:\/\/digital58.com.ve\/site\/wp-json\/wp\/v2\/posts\/127577\/revisions"}],"wp:featuredmedia":[{"embeddable":true,"href":"https:\/\/digital58.com.ve\/site\/wp-json\/wp\/v2\/media\/127580"}],"wp:attachment":[{"href":"https:\/\/digital58.com.ve\/site\/wp-json\/wp\/v2\/media?parent=127577"}],"wp:term":[{"taxonomy":"category","embeddable":true,"href":"https:\/\/digital58.com.ve\/site\/wp-json\/wp\/v2\/categories?post=127577"},{"taxonomy":"post_tag","embeddable":true,"href":"https:\/\/digital58.com.ve\/site\/wp-json\/wp\/v2\/tags?post=127577"}],"curies":[{"name":"wp","href":"https:\/\/api.w.org\/{rel}","templated":true}]}}