{"id":127663,"date":"2020-09-15T07:46:47","date_gmt":"2020-09-15T11:46:47","guid":{"rendered":"https:\/\/digital58.com.ve\/site\/?p=127663"},"modified":"2020-09-15T09:22:16","modified_gmt":"2020-09-15T13:22:16","slug":"rescatados-18-venezolano-perdidos-en-el-desierto-de-chile","status":"publish","type":"post","link":"https:\/\/digital58.com.ve\/site\/2020\/09\/15\/rescatados-18-venezolano-perdidos-en-el-desierto-de-chile\/","title":{"rendered":"Rescatados 18 venezolano perdidos en el desierto de Chile"},"content":{"rendered":"<p><img loading=\"lazy\" decoding=\"async\" class=\"size-full wp-image-127665 aligncenter\" src=\"https:\/\/digital58.com.ve\/site\/wp-content\/uploads\/2020\/09\/Eh1NkVpXgAAXFT_-1.jpg\" alt=\"\" width=\"800\" height=\"600\" srcset=\"https:\/\/digital58.com.ve\/site\/wp-content\/uploads\/2020\/09\/Eh1NkVpXgAAXFT_-1.jpg 800w, https:\/\/digital58.com.ve\/site\/wp-content\/uploads\/2020\/09\/Eh1NkVpXgAAXFT_-1-300x225.jpg 300w, https:\/\/digital58.com.ve\/site\/wp-content\/uploads\/2020\/09\/Eh1NkVpXgAAXFT_-1-768x576.jpg 768w\" sizes=\"auto, (max-width: 800px) 100vw, 800px\" \/><\/p>\n<p>El paso fronterizo se ha convertido en la ruta de cientos de venezolanos que abandonaron el pa\u00eds tras la emergencia humanitaria<\/p>\n<p><strong>Chile 15 de Septiembre<\/strong><b> de 2020 (ND58).- <\/b>Luego de 15 horas de b\u00fasqueda fueron rescatados 18 venezolanos y 5 menores extraviados en un desierto chileno, los connacionacionales hab\u00edan intentado ingresar de manera legal a territorio chileno a trav\u00e9s de un paso no habilitado en el hito 23.<\/p>\n<p>El paso fronterizo se ha convertido en la ruta de cientos de venezolanos que abandonaron el pa\u00eds tras la emergencia humanitaria. El recorrido no es autorizado por los funcionarios de seguridad de Chile debido a las condiciones inh\u00f3spitas del terreno.<\/p>\n<blockquote class=\"twitter-tweet\" data-width=\"550\" data-dnt=\"true\">\n<p lang=\"es\" dir=\"ltr\">El trabajo coordinado entre <a href=\"https:\/\/twitter.com\/Ejercito_Chile?ref_src=twsrc%5Etfw\">@Ejercito_Chile<\/a> y <a href=\"https:\/\/twitter.com\/CarabArica?ref_src=twsrc%5Etfw\">@CarabArica<\/a> <a href=\"https:\/\/twitter.com\/hashtag\/Chacalluta?src=hash&amp;ref_src=twsrc%5Etfw\">#Chacalluta<\/a>, termin\u00f3 con el rescate de 18 venezolanos y 5 menores  extraviados en el desierto desde la madrugada de hoy al ingresar clandestinamente a nuestro pa\u00eds por un paso no habilitado en el hito 23. <a href=\"https:\/\/twitter.com\/hashtag\/OrdenYPatria?src=hash&amp;ref_src=twsrc%5Etfw\">#OrdenYPatria<\/a> <a href=\"https:\/\/t.co\/HJcFTFr6w0\">pic.twitter.com\/HJcFTFr6w0<\/a><\/p>\n<p>&mdash; Carabineros Regi\u00f3n de Arica y Parinacota (@CarabArica) <a href=\"https:\/\/twitter.com\/CarabArica\/status\/1305284768473415682?ref_src=twsrc%5Etfw\">September 13, 2020<\/a><\/p><\/blockquote>\n<p><script async src=\"https:\/\/platform.twitter.com\/widgets.js\" charset=\"utf-8\"><\/script><\/p><div class=\"bjcfa69f1cd97377e7\" ><p style=\"text-align: center;\"><a href=\"https:\/\/t.me\/noticiasdigital58\" target=\"_blank\" rel=\"noopener\"><img class=\"aligncenter size-full wp-image-125363\" src=\"https:\/\/digital58.com.ve\/site\/wp-content\/uploads\/2021\/04\/banner-telegram-web-2021.png\" alt=\"\" width=\"600\" height=\"90\" \/><\/a><\/p><\/div><style type=\"text\/css\">\r\n@media screen and (min-width: 1201px) {\r\n.bjcfa69f1cd97377e7 {\r\ndisplay: block;\r\n}\r\n}\r\n@media screen and (min-width: 993px) and (max-width: 1200px) {\r\n.bjcfa69f1cd97377e7 {\r\ndisplay: block;\r\n}\r\n}\r\n@media screen and (min-width: 769px) and (max-width: 992px) {\r\n.bjcfa69f1cd97377e7 {\r\ndisplay: block;\r\n}\r\n}\r\n@media screen and (min-width: 768px) and (max-width: 768px) {\r\n.bjcfa69f1cd97377e7 {\r\ndisplay: block;\r\n}\r\n}\r\n@media screen and (max-width: 767px) {\r\n.bjcfa69f1cd97377e7 {\r\ndisplay: block;\r\n}\r\n}\r\n<\/style>\r\n\n<p><b><strong>Re<\/strong><strong>dacci\u00f3n: Molero, Luis\u00a0 (@Moleromarquez) | Fuente: <span class=\"css-901oao css-16my406 r-1qd0xha r-ad9z0x r-bcqeeo r-qvutc0\">@CarabArica<\/span><br \/>\nEdici\u00f3n: Villasmil, Henry<br \/>\nGr\u00e1ficas: Cortes\u00eda<\/strong><\/b><\/p>\n<div style=\"margin-top: 0px; margin-bottom: 0px;\" class=\"sharethis-inline-share-buttons\" ><\/div>","protected":false},"excerpt":{"rendered":"<p>El paso fronterizo se ha convertido en la ruta de cientos de venezolanos que abandonaron el pa\u00eds tras la emergencia<\/p>\n","protected":false},"author":26,"featured_media":127665,"comment_status":"open","ping_status":"closed","sticky":false,"template":"","format":"standard","meta":{"colormag_page_container_layout":"default_layout","colormag_page_sidebar_layout":"default_layout","_uag_custom_page_level_css":"","footnotes":""},"categories":[16451],"tags":[109,8,14166,135,32],"class_list":["post-127663","post","type-post","status-publish","format-standard","has-post-thumbnail","hentry","category-mundo","tag-chile","tag-internacionales","tag-migrantes-venezolanos","tag-venezolanos-en-el-exterior","tag-venezuela"],"yoast_head":"<!-- This site is optimized with the Yoast SEO plugin v27.5 - https:\/\/yoast.com\/product\/yoast-seo-wordpress\/ -->\n<title>Rescatados 18 venezolano perdidos en el desierto de Chile<\/title>\n<meta name=\"description\" content=\"Mundo\" \/>\n<meta name=\"robots\" content=\"index, follow, max-snippet:-1, max-image-preview:large, max-video-preview:-1\" \/>\n<link rel=\"canonical\" href=\"https:\/\/digital58.com.ve\/site\/2020\/09\/15\/rescatados-18-venezolano-perdidos-en-el-desierto-de-chile\/\" \/>\n<meta property=\"og:locale\" content=\"es_ES\" \/>\n<meta property=\"og:type\" content=\"article\" \/>\n<meta property=\"og:title\" content=\"Rescatados 18 venezolano perdidos en el desierto de Chile\" \/>\n<meta property=\"og:description\" content=\"Mundo\" \/>\n<meta property=\"og:url\" content=\"https:\/\/digital58.com.ve\/site\/2020\/09\/15\/rescatados-18-venezolano-perdidos-en-el-desierto-de-chile\/\" \/>\n<meta property=\"og:site_name\" content=\"Noticias Digital58\" \/>\n<meta property=\"article:published_time\" content=\"2020-09-15T11:46:47+00:00\" \/>\n<meta property=\"article:modified_time\" content=\"2020-09-15T13:22:16+00:00\" \/>\n<meta property=\"og:image\" content=\"https:\/\/digital58.com.ve\/site\/wp-content\/uploads\/2020\/09\/Eh1NkVpXgAAXFT_-1.jpg\" \/>\n\t<meta property=\"og:image:width\" content=\"800\" \/>\n\t<meta property=\"og:image:height\" content=\"600\" \/>\n\t<meta property=\"og:image:type\" content=\"image\/jpeg\" \/>\n<meta name=\"author\" content=\"Molero Luis\" \/>\n<meta name=\"twitter:card\" content=\"summary_large_image\" \/>\n<meta name=\"twitter:creator\" content=\"@Digital_58\" \/>\n<meta name=\"twitter:site\" content=\"@villasmilhfoto\" \/>\n<meta name=\"twitter:label1\" content=\"Escrito por\" \/>\n\t<meta name=\"twitter:data1\" content=\"Molero Luis\" \/>\n\t<meta name=\"twitter:label2\" content=\"Tiempo estimado de lectura\" \/>\n\t<meta name=\"twitter:data2\" content=\"1 minuto\" \/>\n<script type=\"application\/ld+json\" class=\"yoast-schema-graph\">{\"@context\":\"https:\\\/\\\/schema.org\",\"@graph\":[{\"@type\":\"Article\",\"@id\":\"https:\\\/\\\/digital58.com.ve\\\/site\\\/2020\\\/09\\\/15\\\/rescatados-18-venezolano-perdidos-en-el-desierto-de-chile\\\/#article\",\"isPartOf\":{\"@id\":\"https:\\\/\\\/digital58.com.ve\\\/site\\\/2020\\\/09\\\/15\\\/rescatados-18-venezolano-perdidos-en-el-desierto-de-chile\\\/\"},\"author\":{\"name\":\"Molero Luis\",\"@id\":\"https:\\\/\\\/digital58.com.ve\\\/site\\\/#\\\/schema\\\/person\\\/c61667ce6845137620ee3f0aaabade17\"},\"headline\":\"Rescatados 18 venezolano perdidos en el desierto de Chile\",\"datePublished\":\"2020-09-15T11:46:47+00:00\",\"dateModified\":\"2020-09-15T13:22:16+00:00\",\"mainEntityOfPage\":{\"@id\":\"https:\\\/\\\/digital58.com.ve\\\/site\\\/2020\\\/09\\\/15\\\/rescatados-18-venezolano-perdidos-en-el-desierto-de-chile\\\/\"},\"wordCount\":140,\"commentCount\":0,\"publisher\":{\"@id\":\"https:\\\/\\\/digital58.com.ve\\\/site\\\/#\\\/schema\\\/person\\\/64d1c2e4d0d4fd1b849980c4331c2951\"},\"image\":{\"@id\":\"https:\\\/\\\/digital58.com.ve\\\/site\\\/2020\\\/09\\\/15\\\/rescatados-18-venezolano-perdidos-en-el-desierto-de-chile\\\/#primaryimage\"},\"thumbnailUrl\":\"https:\\\/\\\/digital58.com.ve\\\/site\\\/wp-content\\\/uploads\\\/2020\\\/09\\\/Eh1NkVpXgAAXFT_-1.jpg\",\"keywords\":[\"Chile\",\"Internacionales\",\"Migrantes venezolanos\",\"Venezolanos en el exterior\",\"Venezuela\"],\"articleSection\":[\"Mundo\"],\"inLanguage\":\"es\",\"potentialAction\":[{\"@type\":\"CommentAction\",\"name\":\"Comment\",\"target\":[\"https:\\\/\\\/digital58.com.ve\\\/site\\\/2020\\\/09\\\/15\\\/rescatados-18-venezolano-perdidos-en-el-desierto-de-chile\\\/#respond\"]}]},{\"@type\":\"WebPage\",\"@id\":\"https:\\\/\\\/digital58.com.ve\\\/site\\\/2020\\\/09\\\/15\\\/rescatados-18-venezolano-perdidos-en-el-desierto-de-chile\\\/\",\"url\":\"https:\\\/\\\/digital58.com.ve\\\/site\\\/2020\\\/09\\\/15\\\/rescatados-18-venezolano-perdidos-en-el-desierto-de-chile\\\/\",\"name\":\"Rescatados 18 venezolano perdidos en el desierto de Chile\",\"isPartOf\":{\"@id\":\"https:\\\/\\\/digital58.com.ve\\\/site\\\/#website\"},\"primaryImageOfPage\":{\"@id\":\"https:\\\/\\\/digital58.com.ve\\\/site\\\/2020\\\/09\\\/15\\\/rescatados-18-venezolano-perdidos-en-el-desierto-de-chile\\\/#primaryimage\"},\"image\":{\"@id\":\"https:\\\/\\\/digital58.com.ve\\\/site\\\/2020\\\/09\\\/15\\\/rescatados-18-venezolano-perdidos-en-el-desierto-de-chile\\\/#primaryimage\"},\"thumbnailUrl\":\"https:\\\/\\\/digital58.com.ve\\\/site\\\/wp-content\\\/uploads\\\/2020\\\/09\\\/Eh1NkVpXgAAXFT_-1.jpg\",\"datePublished\":\"2020-09-15T11:46:47+00:00\",\"dateModified\":\"2020-09-15T13:22:16+00:00\",\"description\":\"Mundo\",\"breadcrumb\":{\"@id\":\"https:\\\/\\\/digital58.com.ve\\\/site\\\/2020\\\/09\\\/15\\\/rescatados-18-venezolano-perdidos-en-el-desierto-de-chile\\\/#breadcrumb\"},\"inLanguage\":\"es\",\"potentialAction\":[{\"@type\":\"ReadAction\",\"target\":[\"https:\\\/\\\/digital58.com.ve\\\/site\\\/2020\\\/09\\\/15\\\/rescatados-18-venezolano-perdidos-en-el-desierto-de-chile\\\/\"]}]},{\"@type\":\"ImageObject\",\"inLanguage\":\"es\",\"@id\":\"https:\\\/\\\/digital58.com.ve\\\/site\\\/2020\\\/09\\\/15\\\/rescatados-18-venezolano-perdidos-en-el-desierto-de-chile\\\/#primaryimage\",\"url\":\"https:\\\/\\\/digital58.com.ve\\\/site\\\/wp-content\\\/uploads\\\/2020\\\/09\\\/Eh1NkVpXgAAXFT_-1.jpg\",\"contentUrl\":\"https:\\\/\\\/digital58.com.ve\\\/site\\\/wp-content\\\/uploads\\\/2020\\\/09\\\/Eh1NkVpXgAAXFT_-1.jpg\",\"width\":800,\"height\":600},{\"@type\":\"BreadcrumbList\",\"@id\":\"https:\\\/\\\/digital58.com.ve\\\/site\\\/2020\\\/09\\\/15\\\/rescatados-18-venezolano-perdidos-en-el-desierto-de-chile\\\/#breadcrumb\",\"itemListElement\":[{\"@type\":\"ListItem\",\"position\":1,\"name\":\"Home\",\"item\":\"https:\\\/\\\/digital58.com.ve\\\/site\\\/\"},{\"@type\":\"ListItem\",\"position\":2,\"name\":\"Rescatados 18 venezolano perdidos en el desierto de Chile\"}]},{\"@type\":\"WebSite\",\"@id\":\"https:\\\/\\\/digital58.com.ve\\\/site\\\/#website\",\"url\":\"https:\\\/\\\/digital58.com.ve\\\/site\\\/\",\"name\":\"Noticias Digital58\",\"description\":\"Portal de Noticias \u00a1Periodismo web de verdad! Lanzamiento web 22.11.2005 \\\/ Maracaibo, Venezuela\",\"publisher\":{\"@id\":\"https:\\\/\\\/digital58.com.ve\\\/site\\\/#\\\/schema\\\/person\\\/64d1c2e4d0d4fd1b849980c4331c2951\"},\"alternateName\":\"ND58\",\"potentialAction\":[{\"@type\":\"SearchAction\",\"target\":{\"@type\":\"EntryPoint\",\"urlTemplate\":\"https:\\\/\\\/digital58.com.ve\\\/site\\\/?s={search_term_string}\"},\"query-input\":{\"@type\":\"PropertyValueSpecification\",\"valueRequired\":true,\"valueName\":\"search_term_string\"}}],\"inLanguage\":\"es\"},{\"@type\":[\"Person\",\"Organization\"],\"@id\":\"https:\\\/\\\/digital58.com.ve\\\/site\\\/#\\\/schema\\\/person\\\/64d1c2e4d0d4fd1b849980c4331c2951\",\"name\":\"Villasmil Henry\",\"image\":{\"@type\":\"ImageObject\",\"inLanguage\":\"es\",\"@id\":\"https:\\\/\\\/secure.gravatar.com\\\/avatar\\\/bb0c4a2fcb7970138239f7e404ea75757b1b507b28b5ce4c53fbd62d797c5a7c?s=96&d=mm&r=g\",\"url\":\"https:\\\/\\\/secure.gravatar.com\\\/avatar\\\/bb0c4a2fcb7970138239f7e404ea75757b1b507b28b5ce4c53fbd62d797c5a7c?s=96&d=mm&r=g\",\"contentUrl\":\"https:\\\/\\\/secure.gravatar.com\\\/avatar\\\/bb0c4a2fcb7970138239f7e404ea75757b1b507b28b5ce4c53fbd62d797c5a7c?s=96&d=mm&r=g\",\"caption\":\"Villasmil Henry\"},\"logo\":{\"@id\":\"https:\\\/\\\/secure.gravatar.com\\\/avatar\\\/bb0c4a2fcb7970138239f7e404ea75757b1b507b28b5ce4c53fbd62d797c5a7c?s=96&d=mm&r=g\"},\"sameAs\":[\"http:\\\/\\\/www.henryvillasmil.com.ve\",\"https:\\\/\\\/www.instagram.com\\\/villasmilhfoto\\\/\",\"https:\\\/\\\/x.com\\\/https:\\\/\\\/twitter.com\\\/villasmilhfoto\"]},{\"@type\":\"Person\",\"@id\":\"https:\\\/\\\/digital58.com.ve\\\/site\\\/#\\\/schema\\\/person\\\/c61667ce6845137620ee3f0aaabade17\",\"name\":\"Molero Luis\",\"image\":{\"@type\":\"ImageObject\",\"inLanguage\":\"es\",\"@id\":\"https:\\\/\\\/secure.gravatar.com\\\/avatar\\\/bf041ec637e3e7405449807deb2f7cf3d2de7c6fa755dd56e985201de9863f2b?s=96&d=mm&r=g\",\"url\":\"https:\\\/\\\/secure.gravatar.com\\\/avatar\\\/bf041ec637e3e7405449807deb2f7cf3d2de7c6fa755dd56e985201de9863f2b?s=96&d=mm&r=g\",\"contentUrl\":\"https:\\\/\\\/secure.gravatar.com\\\/avatar\\\/bf041ec637e3e7405449807deb2f7cf3d2de7c6fa755dd56e985201de9863f2b?s=96&d=mm&r=g\",\"caption\":\"Molero Luis\"},\"url\":\"https:\\\/\\\/digital58.com.ve\\\/site\\\/author\\\/luismolero\\\/\"}]}<\/script>\n<!-- \/ Yoast SEO plugin. -->","yoast_head_json":{"title":"Rescatados 18 venezolano perdidos en el desierto de Chile","description":"Mundo","robots":{"index":"index","follow":"follow","max-snippet":"max-snippet:-1","max-image-preview":"max-image-preview:large","max-video-preview":"max-video-preview:-1"},"canonical":"https:\/\/digital58.com.ve\/site\/2020\/09\/15\/rescatados-18-venezolano-perdidos-en-el-desierto-de-chile\/","og_locale":"es_ES","og_type":"article","og_title":"Rescatados 18 venezolano perdidos en el desierto de Chile","og_description":"Mundo","og_url":"https:\/\/digital58.com.ve\/site\/2020\/09\/15\/rescatados-18-venezolano-perdidos-en-el-desierto-de-chile\/","og_site_name":"Noticias Digital58","article_published_time":"2020-09-15T11:46:47+00:00","article_modified_time":"2020-09-15T13:22:16+00:00","og_image":[{"width":800,"height":600,"url":"https:\/\/digital58.com.ve\/site\/wp-content\/uploads\/2020\/09\/Eh1NkVpXgAAXFT_-1.jpg","type":"image\/jpeg"}],"author":"Molero Luis","twitter_card":"summary_large_image","twitter_creator":"@Digital_58","twitter_site":"@villasmilhfoto","twitter_misc":{"Escrito por":"Molero Luis","Tiempo estimado de lectura":"1 minuto"},"schema":{"@context":"https:\/\/schema.org","@graph":[{"@type":"Article","@id":"https:\/\/digital58.com.ve\/site\/2020\/09\/15\/rescatados-18-venezolano-perdidos-en-el-desierto-de-chile\/#article","isPartOf":{"@id":"https:\/\/digital58.com.ve\/site\/2020\/09\/15\/rescatados-18-venezolano-perdidos-en-el-desierto-de-chile\/"},"author":{"name":"Molero Luis","@id":"https:\/\/digital58.com.ve\/site\/#\/schema\/person\/c61667ce6845137620ee3f0aaabade17"},"headline":"Rescatados 18 venezolano perdidos en el desierto de Chile","datePublished":"2020-09-15T11:46:47+00:00","dateModified":"2020-09-15T13:22:16+00:00","mainEntityOfPage":{"@id":"https:\/\/digital58.com.ve\/site\/2020\/09\/15\/rescatados-18-venezolano-perdidos-en-el-desierto-de-chile\/"},"wordCount":140,"commentCount":0,"publisher":{"@id":"https:\/\/digital58.com.ve\/site\/#\/schema\/person\/64d1c2e4d0d4fd1b849980c4331c2951"},"image":{"@id":"https:\/\/digital58.com.ve\/site\/2020\/09\/15\/rescatados-18-venezolano-perdidos-en-el-desierto-de-chile\/#primaryimage"},"thumbnailUrl":"https:\/\/digital58.com.ve\/site\/wp-content\/uploads\/2020\/09\/Eh1NkVpXgAAXFT_-1.jpg","keywords":["Chile","Internacionales","Migrantes venezolanos","Venezolanos en el exterior","Venezuela"],"articleSection":["Mundo"],"inLanguage":"es","potentialAction":[{"@type":"CommentAction","name":"Comment","target":["https:\/\/digital58.com.ve\/site\/2020\/09\/15\/rescatados-18-venezolano-perdidos-en-el-desierto-de-chile\/#respond"]}]},{"@type":"WebPage","@id":"https:\/\/digital58.com.ve\/site\/2020\/09\/15\/rescatados-18-venezolano-perdidos-en-el-desierto-de-chile\/","url":"https:\/\/digital58.com.ve\/site\/2020\/09\/15\/rescatados-18-venezolano-perdidos-en-el-desierto-de-chile\/","name":"Rescatados 18 venezolano perdidos en el desierto de Chile","isPartOf":{"@id":"https:\/\/digital58.com.ve\/site\/#website"},"primaryImageOfPage":{"@id":"https:\/\/digital58.com.ve\/site\/2020\/09\/15\/rescatados-18-venezolano-perdidos-en-el-desierto-de-chile\/#primaryimage"},"image":{"@id":"https:\/\/digital58.com.ve\/site\/2020\/09\/15\/rescatados-18-venezolano-perdidos-en-el-desierto-de-chile\/#primaryimage"},"thumbnailUrl":"https:\/\/digital58.com.ve\/site\/wp-content\/uploads\/2020\/09\/Eh1NkVpXgAAXFT_-1.jpg","datePublished":"2020-09-15T11:46:47+00:00","dateModified":"2020-09-15T13:22:16+00:00","description":"Mundo","breadcrumb":{"@id":"https:\/\/digital58.com.ve\/site\/2020\/09\/15\/rescatados-18-venezolano-perdidos-en-el-desierto-de-chile\/#breadcrumb"},"inLanguage":"es","potentialAction":[{"@type":"ReadAction","target":["https:\/\/digital58.com.ve\/site\/2020\/09\/15\/rescatados-18-venezolano-perdidos-en-el-desierto-de-chile\/"]}]},{"@type":"ImageObject","inLanguage":"es","@id":"https:\/\/digital58.com.ve\/site\/2020\/09\/15\/rescatados-18-venezolano-perdidos-en-el-desierto-de-chile\/#primaryimage","url":"https:\/\/digital58.com.ve\/site\/wp-content\/uploads\/2020\/09\/Eh1NkVpXgAAXFT_-1.jpg","contentUrl":"https:\/\/digital58.com.ve\/site\/wp-content\/uploads\/2020\/09\/Eh1NkVpXgAAXFT_-1.jpg","width":800,"height":600},{"@type":"BreadcrumbList","@id":"https:\/\/digital58.com.ve\/site\/2020\/09\/15\/rescatados-18-venezolano-perdidos-en-el-desierto-de-chile\/#breadcrumb","itemListElement":[{"@type":"ListItem","position":1,"name":"Home","item":"https:\/\/digital58.com.ve\/site\/"},{"@type":"ListItem","position":2,"name":"Rescatados 18 venezolano perdidos en el desierto de Chile"}]},{"@type":"WebSite","@id":"https:\/\/digital58.com.ve\/site\/#website","url":"https:\/\/digital58.com.ve\/site\/","name":"Noticias Digital58","description":"Portal de Noticias \u00a1Periodismo web de verdad! Lanzamiento web 22.11.2005 \/ Maracaibo, Venezuela","publisher":{"@id":"https:\/\/digital58.com.ve\/site\/#\/schema\/person\/64d1c2e4d0d4fd1b849980c4331c2951"},"alternateName":"ND58","potentialAction":[{"@type":"SearchAction","target":{"@type":"EntryPoint","urlTemplate":"https:\/\/digital58.com.ve\/site\/?s={search_term_string}"},"query-input":{"@type":"PropertyValueSpecification","valueRequired":true,"valueName":"search_term_string"}}],"inLanguage":"es"},{"@type":["Person","Organization"],"@id":"https:\/\/digital58.com.ve\/site\/#\/schema\/person\/64d1c2e4d0d4fd1b849980c4331c2951","name":"Villasmil Henry","image":{"@type":"ImageObject","inLanguage":"es","@id":"https:\/\/secure.gravatar.com\/avatar\/bb0c4a2fcb7970138239f7e404ea75757b1b507b28b5ce4c53fbd62d797c5a7c?s=96&d=mm&r=g","url":"https:\/\/secure.gravatar.com\/avatar\/bb0c4a2fcb7970138239f7e404ea75757b1b507b28b5ce4c53fbd62d797c5a7c?s=96&d=mm&r=g","contentUrl":"https:\/\/secure.gravatar.com\/avatar\/bb0c4a2fcb7970138239f7e404ea75757b1b507b28b5ce4c53fbd62d797c5a7c?s=96&d=mm&r=g","caption":"Villasmil Henry"},"logo":{"@id":"https:\/\/secure.gravatar.com\/avatar\/bb0c4a2fcb7970138239f7e404ea75757b1b507b28b5ce4c53fbd62d797c5a7c?s=96&d=mm&r=g"},"sameAs":["http:\/\/www.henryvillasmil.com.ve","https:\/\/www.instagram.com\/villasmilhfoto\/","https:\/\/x.com\/https:\/\/twitter.com\/villasmilhfoto"]},{"@type":"Person","@id":"https:\/\/digital58.com.ve\/site\/#\/schema\/person\/c61667ce6845137620ee3f0aaabade17","name":"Molero Luis","image":{"@type":"ImageObject","inLanguage":"es","@id":"https:\/\/secure.gravatar.com\/avatar\/bf041ec637e3e7405449807deb2f7cf3d2de7c6fa755dd56e985201de9863f2b?s=96&d=mm&r=g","url":"https:\/\/secure.gravatar.com\/avatar\/bf041ec637e3e7405449807deb2f7cf3d2de7c6fa755dd56e985201de9863f2b?s=96&d=mm&r=g","contentUrl":"https:\/\/secure.gravatar.com\/avatar\/bf041ec637e3e7405449807deb2f7cf3d2de7c6fa755dd56e985201de9863f2b?s=96&d=mm&r=g","caption":"Molero Luis"},"url":"https:\/\/digital58.com.ve\/site\/author\/luismolero\/"}]}},"uagb_featured_image_src":{"full":["https:\/\/digital58.com.ve\/site\/wp-content\/uploads\/2020\/09\/Eh1NkVpXgAAXFT_-1.jpg",800,600,false],"thumbnail":["https:\/\/digital58.com.ve\/site\/wp-content\/uploads\/2020\/09\/Eh1NkVpXgAAXFT_-1-150x150.jpg",150,150,true],"medium":["https:\/\/digital58.com.ve\/site\/wp-content\/uploads\/2020\/09\/Eh1NkVpXgAAXFT_-1-300x225.jpg",300,225,true],"medium_large":["https:\/\/digital58.com.ve\/site\/wp-content\/uploads\/2020\/09\/Eh1NkVpXgAAXFT_-1-768x576.jpg",768,576,true],"large":["https:\/\/digital58.com.ve\/site\/wp-content\/uploads\/2020\/09\/Eh1NkVpXgAAXFT_-1.jpg",800,600,false],"1536x1536":["https:\/\/digital58.com.ve\/site\/wp-content\/uploads\/2020\/09\/Eh1NkVpXgAAXFT_-1.jpg",800,600,false],"2048x2048":["https:\/\/digital58.com.ve\/site\/wp-content\/uploads\/2020\/09\/Eh1NkVpXgAAXFT_-1.jpg",800,600,false],"colormag-highlighted-post":["https:\/\/digital58.com.ve\/site\/wp-content\/uploads\/2020\/09\/Eh1NkVpXgAAXFT_-1.jpg",363,272,false],"colormag-featured-post-medium":["https:\/\/digital58.com.ve\/site\/wp-content\/uploads\/2020\/09\/Eh1NkVpXgAAXFT_-1.jpg",273,205,false],"colormag-featured-post-small":["https:\/\/digital58.com.ve\/site\/wp-content\/uploads\/2020\/09\/Eh1NkVpXgAAXFT_-1.jpg",120,90,false],"colormag-featured-image":["https:\/\/digital58.com.ve\/site\/wp-content\/uploads\/2020\/09\/Eh1NkVpXgAAXFT_-1.jpg",593,445,false],"colormag-default-news":["https:\/\/digital58.com.ve\/site\/wp-content\/uploads\/2020\/09\/Eh1NkVpXgAAXFT_-1.jpg",150,113,false],"colormag-featured-image-large":["https:\/\/digital58.com.ve\/site\/wp-content\/uploads\/2020\/09\/Eh1NkVpXgAAXFT_-1.jpg",800,600,false]},"uagb_author_info":{"display_name":"Molero Luis","author_link":"https:\/\/digital58.com.ve\/site\/author\/luismolero\/"},"uagb_comment_info":0,"uagb_excerpt":"El paso fronterizo se ha convertido en la ruta de cientos de venezolanos que abandonaron el pa\u00eds tras la emergencia","_links":{"self":[{"href":"https:\/\/digital58.com.ve\/site\/wp-json\/wp\/v2\/posts\/127663","targetHints":{"allow":["GET"]}}],"collection":[{"href":"https:\/\/digital58.com.ve\/site\/wp-json\/wp\/v2\/posts"}],"about":[{"href":"https:\/\/digital58.com.ve\/site\/wp-json\/wp\/v2\/types\/post"}],"author":[{"embeddable":true,"href":"https:\/\/digital58.com.ve\/site\/wp-json\/wp\/v2\/users\/26"}],"replies":[{"embeddable":true,"href":"https:\/\/digital58.com.ve\/site\/wp-json\/wp\/v2\/comments?post=127663"}],"version-history":[{"count":0,"href":"https:\/\/digital58.com.ve\/site\/wp-json\/wp\/v2\/posts\/127663\/revisions"}],"wp:featuredmedia":[{"embeddable":true,"href":"https:\/\/digital58.com.ve\/site\/wp-json\/wp\/v2\/media\/127665"}],"wp:attachment":[{"href":"https:\/\/digital58.com.ve\/site\/wp-json\/wp\/v2\/media?parent=127663"}],"wp:term":[{"taxonomy":"category","embeddable":true,"href":"https:\/\/digital58.com.ve\/site\/wp-json\/wp\/v2\/categories?post=127663"},{"taxonomy":"post_tag","embeddable":true,"href":"https:\/\/digital58.com.ve\/site\/wp-json\/wp\/v2\/tags?post=127663"}],"curies":[{"name":"wp","href":"https:\/\/api.w.org\/{rel}","templated":true}]}}