{"id":127777,"date":"2020-09-15T16:23:46","date_gmt":"2020-09-15T20:23:46","guid":{"rendered":"https:\/\/digital58.com.ve\/site\/?p=127777"},"modified":"2020-09-15T16:23:46","modified_gmt":"2020-09-15T20:23:46","slug":"gustavo-dudamel-nos-invita-a-emprender-un-viaje-virtual-a-la-musica-clasica-en-symphony","status":"publish","type":"post","link":"https:\/\/digital58.com.ve\/site\/2020\/09\/15\/gustavo-dudamel-nos-invita-a-emprender-un-viaje-virtual-a-la-musica-clasica-en-symphony\/","title":{"rendered":"Gustavo Dudamel nos invita a emprender un viaje virtual a la m\u00fasica cl\u00e1sica en \u00abSymphony\u00bb"},"content":{"rendered":"\r\n<p><img loading=\"lazy\" decoding=\"async\" class=\"alignnone size-full wp-image-127782\" src=\"https:\/\/digital58.com.ve\/site\/wp-content\/uploads\/2020\/09\/gustavo-dudamel.jpg\" alt=\"\" width=\"1600\" height=\"1067\" srcset=\"https:\/\/digital58.com.ve\/site\/wp-content\/uploads\/2020\/09\/gustavo-dudamel.jpg 800w, https:\/\/digital58.com.ve\/site\/wp-content\/uploads\/2020\/09\/gustavo-dudamel-300x200.jpg 300w, https:\/\/digital58.com.ve\/site\/wp-content\/uploads\/2020\/09\/gustavo-dudamel-1500x1000.jpg 1500w, https:\/\/digital58.com.ve\/site\/wp-content\/uploads\/2020\/09\/gustavo-dudamel-768x512.jpg 768w, https:\/\/digital58.com.ve\/site\/wp-content\/uploads\/2020\/09\/gustavo-dudamel-1536x1024.jpg 1536w, https:\/\/digital58.com.ve\/site\/wp-content\/uploads\/2020\/09\/gustavo-dudamel-720x480.jpg 720w, https:\/\/digital58.com.ve\/site\/wp-content\/uploads\/2020\/09\/gustavo-dudamel-480x320.jpg 480w\" sizes=\"auto, (max-width: 1600px) 100vw, 1600px\" \/><\/p>\r\n<p>Solo con la ayuda de unas gafas, podr\u00e1s disfrutar de la realidad virtual es lo \u00fanico que necesita el p\u00fablico para viajar al coraz\u00f3n de la m\u00fasica cl\u00e1sica.<br \/><br \/><strong>Internacionales, 15 de septiembre de 2020 (ND58).-<\/strong> El reconocido director venezolano de orquesta Gustavo Dudamel sorprende al mundo en \u00abSymphony, un proyecto innovador y deslumbrante que se estrenar\u00e1 este 16 de septiembre en CosmoCaixa Barcelona. <br \/><br \/>La Tecnolog\u00eda y el arte van de la mano en este nuevo proyecto que promete ser \u00abuna llave que abra las puertas de la m\u00fasica cl\u00e1sica a las nuevas generaciones y a las comunidades, porque la m\u00fasica y la belleza es un derecho que debe estar al alcance de todos\u00bb, expres\u00f3 este martes en la ciudad de Barcelona el m\u00fasico venezolano.<br \/><br \/>En este experimento \u00abSymphony\u00bb la realidad virtual trasporta a la audiencia a el interior de una orquesta sinf\u00f3nica baj\u00f3 la direcci\u00f3n del maestro Gustavo Dudamel en el Teatre del Liceu. Para explicar un poco la experiencia Dudamel, invita al espectador a dejarse llevar por este viaje musical, mientras los m\u00fasicos se mantienen en silenci\u00f3 a los alrededores esperando la se\u00f1al del director. <br \/><br \/>Cuando llega la indicaci\u00f3n la orquesta comienza tocando las primeras notas de la \u00abQuinta Sinfon\u00eda\u00bb de Beethoven y el p\u00fablico comienza a disfrutar de la m\u00fasica mientras vive la experiencia de sentir que esta relativamente muy cerca de los m\u00fasicos.<\/p>\r\n<p>En ese viaje la cinta lleva a los espectadores al interior de los instrumentos musicales, junto a las partiduras de Beethoven, con la interpretaci\u00f3n de Mahler Chamber Orchestra. \u00abLa m\u00fasica en vivo es algo \u00fanico, pero la tecnolog\u00eda tambi\u00e9n es un recurso maravilloso que en estos tiempos puede ser muy necesario\u00bb, asever\u00f3 Dudamel, con relaci\u00f3n al coronavirus.<br \/><br \/>Cabe destacar que el proyecto fue planeado cuatro a\u00f1os atr\u00e1s, cuando nadie se imaginaba la pandemia provocada por la COVID-19, \u00abquiz\u00e1s no haya sido casualidad que hayamos finalizado el proyecto precisamente este a\u00f1o\u00bb, asegur\u00f3 el director del mismo modo argumento que \u00abSymphony\u00bb ser\u00eda de gran ayuda en este momento de crisis que atraviesa el mundo.<br \/><br \/>\u00abEspero que esta pel\u00edcula sirva para abrir el apetito de las nuevas generaciones y conseguir que no vean la m\u00fasica cl\u00e1sica como algo antiguo\u00bb, expres\u00f3.<br \/><br \/>El viaje virtual comenzar\u00e1 en Barcelona hasta el 8 de octubre, despu\u00e9s iniciar\u00e1 su gira recorriendo ciudades de Espa\u00f1a y Portugal. \u00abNuestro objetivo es que lo vean unas 200.000 personas cada a\u00f1o durante los pr\u00f3ximo diez\u00bb, dijo la directora general de la Fundaci\u00f3 \u00abla Caixa\u00bb, Elisa Duran.<br \/><br \/>Detallando que alrededor de cincuenta personas formaron parte del proyecto, dirigido por Igor Cortadellas e inclusive, coincide con el 250 aniversario del nacimiento de Beethoven.<br \/><br \/>\u00abEn estos tiempos dif\u00edciles, la m\u00fasica cobra importancia porque necesitamos momentos de encuentro e inspiraci\u00f3n\u00bb, agreg\u00f3 Dudamel. Durante la pandemia el maestro se ha mantenido en contacto con sus m\u00fasicos por Internet y tambi\u00e9n ha logrado dirigir en directo alg\u00fan concierto extraordinario.<br \/><br \/>\u00abLos conciertos suenan distintos ahora, porque todo se ha convertido en algo especial. Hay \u00e9pocas en las que crees que lo controlas todo y las experiencias se convierten en rutinarias, pero ahora eso no pasa\u00bb, concluy\u00f3.<br \/><br \/>Gustavo Dudamel expres\u00f3 unas emotivas palabras a su pa\u00eds natal Venezuela: que \u00abatraviesa por una situaci\u00f3n muy compleja, agravada por lo que est\u00e1 pasando en todo el mundo\u00bb.<br \/><br \/>\u00abEs triste ver todos esos egos y esos desencuentros, pero yo mantengo la fe porque mi pa\u00eds es fuerte y saldr\u00e1 adelante\u00bb, finaliz\u00f3 el criollo que ha dejado el nombre de Venezuela por todo lo alto.<\/p><div class=\"klfuo69f2a7fab94e1\" ><p style=\"text-align: center;\"><a href=\"https:\/\/t.me\/noticiasdigital58\" target=\"_blank\" rel=\"noopener\"><img class=\"aligncenter size-full wp-image-125363\" src=\"https:\/\/digital58.com.ve\/site\/wp-content\/uploads\/2021\/04\/banner-telegram-web-2021.png\" alt=\"\" width=\"600\" height=\"90\" \/><\/a><\/p><\/div><style type=\"text\/css\">\r\n@media screen and (min-width: 1201px) {\r\n.klfuo69f2a7fab94e1 {\r\ndisplay: block;\r\n}\r\n}\r\n@media screen and (min-width: 993px) and (max-width: 1200px) {\r\n.klfuo69f2a7fab94e1 {\r\ndisplay: block;\r\n}\r\n}\r\n@media screen and (min-width: 769px) and (max-width: 992px) {\r\n.klfuo69f2a7fab94e1 {\r\ndisplay: block;\r\n}\r\n}\r\n@media screen and (min-width: 768px) and (max-width: 768px) {\r\n.klfuo69f2a7fab94e1 {\r\ndisplay: block;\r\n}\r\n}\r\n@media screen and (max-width: 767px) {\r\n.klfuo69f2a7fab94e1 {\r\ndisplay: block;\r\n}\r\n}\r\n<\/style>\r\n\r\n<p><strong>Redacci\u00f3n: Rubio, Laura Isabel (@lauraisabelrubio) | Fuente: EFE<\/strong><br \/><strong>Edici\u00f3n: Villasmil, Henry<\/strong><br \/><strong>Gr\u00e1ficas: Cortes\u00eda<\/strong><\/p>\r\n<div style=\"margin-top: 0px; margin-bottom: 0px;\" class=\"sharethis-inline-share-buttons\" ><\/div>","protected":false},"excerpt":{"rendered":"<p>Solo con la ayuda de unas gafas, podr\u00e1s disfrutar de la realidad virtual es lo \u00fanico que necesita el p\u00fablico<\/p>\n","protected":false},"author":28,"featured_media":127782,"comment_status":"open","ping_status":"closed","sticky":false,"template":"","format":"standard","meta":{"colormag_page_container_layout":"default_layout","colormag_page_sidebar_layout":"default_layout","_uag_custom_page_level_css":"","footnotes":""},"categories":[5417,1],"tags":[1517,84,13352,13648,6741,50,211,273,1806,8,10071,21607],"class_list":["post-127777","post","type-post","status-publish","format-standard","has-post-thumbnail","hentry","category-conciertos","category-fama","tag-barcelona","tag-conciertos-sinfonicos","tag-coronavirus","tag-covid-19","tag-director-de-orquestas","tag-entretenimiento","tag-espectaculos","tag-farandula","tag-gustavo-dudamel","tag-internacionales","tag-musico","tag-symphony"],"yoast_head":"<!-- This site is optimized with the Yoast SEO plugin v27.5 - https:\/\/yoast.com\/product\/yoast-seo-wordpress\/ -->\n<title>Gustavo Dudamel nos invita a emprender un viaje virtual a la m\u00fasica cl\u00e1sica en \u00abSymphony\u00bb<\/title>\n<meta name=\"description\" content=\"Fama\" \/>\n<meta name=\"robots\" content=\"index, follow, max-snippet:-1, max-image-preview:large, max-video-preview:-1\" \/>\n<link rel=\"canonical\" href=\"https:\/\/digital58.com.ve\/site\/2020\/09\/15\/gustavo-dudamel-nos-invita-a-emprender-un-viaje-virtual-a-la-musica-clasica-en-symphony\/\" \/>\n<meta property=\"og:locale\" content=\"es_ES\" \/>\n<meta property=\"og:type\" content=\"article\" \/>\n<meta property=\"og:title\" content=\"Gustavo Dudamel nos invita a emprender un viaje virtual a la m\u00fasica cl\u00e1sica en \u00abSymphony\u00bb\" \/>\n<meta property=\"og:description\" content=\"Fama\" \/>\n<meta property=\"og:url\" content=\"https:\/\/digital58.com.ve\/site\/2020\/09\/15\/gustavo-dudamel-nos-invita-a-emprender-un-viaje-virtual-a-la-musica-clasica-en-symphony\/\" \/>\n<meta property=\"og:site_name\" content=\"Noticias Digital58\" \/>\n<meta property=\"article:published_time\" content=\"2020-09-15T20:23:46+00:00\" \/>\n<meta property=\"og:image\" content=\"https:\/\/digital58.com.ve\/site\/wp-content\/uploads\/2020\/09\/gustavo-dudamel.jpg\" \/>\n\t<meta property=\"og:image:width\" content=\"1600\" \/>\n\t<meta property=\"og:image:height\" content=\"1067\" \/>\n\t<meta property=\"og:image:type\" content=\"image\/jpeg\" \/>\n<meta name=\"author\" content=\"Rubio Laura Isabel\" \/>\n<meta name=\"twitter:card\" content=\"summary_large_image\" \/>\n<meta name=\"twitter:creator\" content=\"@Digital_58\" \/>\n<meta name=\"twitter:site\" content=\"@villasmilhfoto\" \/>\n<meta name=\"twitter:label1\" content=\"Escrito por\" \/>\n\t<meta name=\"twitter:data1\" content=\"Rubio Laura Isabel\" \/>\n\t<meta name=\"twitter:label2\" content=\"Tiempo estimado de lectura\" \/>\n\t<meta name=\"twitter:data2\" content=\"3 minutos\" \/>\n<script type=\"application\/ld+json\" class=\"yoast-schema-graph\">{\"@context\":\"https:\\\/\\\/schema.org\",\"@graph\":[{\"@type\":\"Article\",\"@id\":\"https:\\\/\\\/digital58.com.ve\\\/site\\\/2020\\\/09\\\/15\\\/gustavo-dudamel-nos-invita-a-emprender-un-viaje-virtual-a-la-musica-clasica-en-symphony\\\/#article\",\"isPartOf\":{\"@id\":\"https:\\\/\\\/digital58.com.ve\\\/site\\\/2020\\\/09\\\/15\\\/gustavo-dudamel-nos-invita-a-emprender-un-viaje-virtual-a-la-musica-clasica-en-symphony\\\/\"},\"author\":{\"name\":\"Rubio Laura Isabel\",\"@id\":\"https:\\\/\\\/digital58.com.ve\\\/site\\\/#\\\/schema\\\/person\\\/6672bab44ab958838204ebb2cb0e8d52\"},\"headline\":\"Gustavo Dudamel nos invita a emprender un viaje virtual a la m\u00fasica cl\u00e1sica en \u00abSymphony\u00bb\",\"datePublished\":\"2020-09-15T20:23:46+00:00\",\"mainEntityOfPage\":{\"@id\":\"https:\\\/\\\/digital58.com.ve\\\/site\\\/2020\\\/09\\\/15\\\/gustavo-dudamel-nos-invita-a-emprender-un-viaje-virtual-a-la-musica-clasica-en-symphony\\\/\"},\"wordCount\":650,\"commentCount\":0,\"publisher\":{\"@id\":\"https:\\\/\\\/digital58.com.ve\\\/site\\\/#\\\/schema\\\/person\\\/64d1c2e4d0d4fd1b849980c4331c2951\"},\"image\":{\"@id\":\"https:\\\/\\\/digital58.com.ve\\\/site\\\/2020\\\/09\\\/15\\\/gustavo-dudamel-nos-invita-a-emprender-un-viaje-virtual-a-la-musica-clasica-en-symphony\\\/#primaryimage\"},\"thumbnailUrl\":\"https:\\\/\\\/digital58.com.ve\\\/site\\\/wp-content\\\/uploads\\\/2020\\\/09\\\/gustavo-dudamel.jpg\",\"keywords\":[\"Barcelona\",\"Conciertos Sinf\u00f3nicos\",\"Coronavirus\",\"COVID-19\",\"Director de Orquestas\",\"Entretenimiento\",\"Espect\u00e1culos\",\"Far\u00e1ndula\",\"Gustavo Dudamel\",\"Internacionales\",\"M\u00fasico\",\"Symphony\"],\"articleSection\":[\"Conciertos\",\"Fama\"],\"inLanguage\":\"es\",\"potentialAction\":[{\"@type\":\"CommentAction\",\"name\":\"Comment\",\"target\":[\"https:\\\/\\\/digital58.com.ve\\\/site\\\/2020\\\/09\\\/15\\\/gustavo-dudamel-nos-invita-a-emprender-un-viaje-virtual-a-la-musica-clasica-en-symphony\\\/#respond\"]}]},{\"@type\":\"WebPage\",\"@id\":\"https:\\\/\\\/digital58.com.ve\\\/site\\\/2020\\\/09\\\/15\\\/gustavo-dudamel-nos-invita-a-emprender-un-viaje-virtual-a-la-musica-clasica-en-symphony\\\/\",\"url\":\"https:\\\/\\\/digital58.com.ve\\\/site\\\/2020\\\/09\\\/15\\\/gustavo-dudamel-nos-invita-a-emprender-un-viaje-virtual-a-la-musica-clasica-en-symphony\\\/\",\"name\":\"Gustavo Dudamel nos invita a emprender un viaje virtual a la m\u00fasica cl\u00e1sica en \u00abSymphony\u00bb\",\"isPartOf\":{\"@id\":\"https:\\\/\\\/digital58.com.ve\\\/site\\\/#website\"},\"primaryImageOfPage\":{\"@id\":\"https:\\\/\\\/digital58.com.ve\\\/site\\\/2020\\\/09\\\/15\\\/gustavo-dudamel-nos-invita-a-emprender-un-viaje-virtual-a-la-musica-clasica-en-symphony\\\/#primaryimage\"},\"image\":{\"@id\":\"https:\\\/\\\/digital58.com.ve\\\/site\\\/2020\\\/09\\\/15\\\/gustavo-dudamel-nos-invita-a-emprender-un-viaje-virtual-a-la-musica-clasica-en-symphony\\\/#primaryimage\"},\"thumbnailUrl\":\"https:\\\/\\\/digital58.com.ve\\\/site\\\/wp-content\\\/uploads\\\/2020\\\/09\\\/gustavo-dudamel.jpg\",\"datePublished\":\"2020-09-15T20:23:46+00:00\",\"description\":\"Fama\",\"breadcrumb\":{\"@id\":\"https:\\\/\\\/digital58.com.ve\\\/site\\\/2020\\\/09\\\/15\\\/gustavo-dudamel-nos-invita-a-emprender-un-viaje-virtual-a-la-musica-clasica-en-symphony\\\/#breadcrumb\"},\"inLanguage\":\"es\",\"potentialAction\":[{\"@type\":\"ReadAction\",\"target\":[\"https:\\\/\\\/digital58.com.ve\\\/site\\\/2020\\\/09\\\/15\\\/gustavo-dudamel-nos-invita-a-emprender-un-viaje-virtual-a-la-musica-clasica-en-symphony\\\/\"]}]},{\"@type\":\"ImageObject\",\"inLanguage\":\"es\",\"@id\":\"https:\\\/\\\/digital58.com.ve\\\/site\\\/2020\\\/09\\\/15\\\/gustavo-dudamel-nos-invita-a-emprender-un-viaje-virtual-a-la-musica-clasica-en-symphony\\\/#primaryimage\",\"url\":\"https:\\\/\\\/digital58.com.ve\\\/site\\\/wp-content\\\/uploads\\\/2020\\\/09\\\/gustavo-dudamel.jpg\",\"contentUrl\":\"https:\\\/\\\/digital58.com.ve\\\/site\\\/wp-content\\\/uploads\\\/2020\\\/09\\\/gustavo-dudamel.jpg\",\"width\":800,\"height\":534},{\"@type\":\"BreadcrumbList\",\"@id\":\"https:\\\/\\\/digital58.com.ve\\\/site\\\/2020\\\/09\\\/15\\\/gustavo-dudamel-nos-invita-a-emprender-un-viaje-virtual-a-la-musica-clasica-en-symphony\\\/#breadcrumb\",\"itemListElement\":[{\"@type\":\"ListItem\",\"position\":1,\"name\":\"Home\",\"item\":\"https:\\\/\\\/digital58.com.ve\\\/site\\\/\"},{\"@type\":\"ListItem\",\"position\":2,\"name\":\"Gustavo Dudamel nos invita a emprender un viaje virtual a la m\u00fasica cl\u00e1sica en \u00abSymphony\u00bb\"}]},{\"@type\":\"WebSite\",\"@id\":\"https:\\\/\\\/digital58.com.ve\\\/site\\\/#website\",\"url\":\"https:\\\/\\\/digital58.com.ve\\\/site\\\/\",\"name\":\"Noticias Digital58\",\"description\":\"Portal de Noticias \u00a1Periodismo web de verdad! Lanzamiento web 22.11.2005 \\\/ Maracaibo, Venezuela\",\"publisher\":{\"@id\":\"https:\\\/\\\/digital58.com.ve\\\/site\\\/#\\\/schema\\\/person\\\/64d1c2e4d0d4fd1b849980c4331c2951\"},\"alternateName\":\"ND58\",\"potentialAction\":[{\"@type\":\"SearchAction\",\"target\":{\"@type\":\"EntryPoint\",\"urlTemplate\":\"https:\\\/\\\/digital58.com.ve\\\/site\\\/?s={search_term_string}\"},\"query-input\":{\"@type\":\"PropertyValueSpecification\",\"valueRequired\":true,\"valueName\":\"search_term_string\"}}],\"inLanguage\":\"es\"},{\"@type\":[\"Person\",\"Organization\"],\"@id\":\"https:\\\/\\\/digital58.com.ve\\\/site\\\/#\\\/schema\\\/person\\\/64d1c2e4d0d4fd1b849980c4331c2951\",\"name\":\"Villasmil Henry\",\"image\":{\"@type\":\"ImageObject\",\"inLanguage\":\"es\",\"@id\":\"https:\\\/\\\/secure.gravatar.com\\\/avatar\\\/bb0c4a2fcb7970138239f7e404ea75757b1b507b28b5ce4c53fbd62d797c5a7c?s=96&d=mm&r=g\",\"url\":\"https:\\\/\\\/secure.gravatar.com\\\/avatar\\\/bb0c4a2fcb7970138239f7e404ea75757b1b507b28b5ce4c53fbd62d797c5a7c?s=96&d=mm&r=g\",\"contentUrl\":\"https:\\\/\\\/secure.gravatar.com\\\/avatar\\\/bb0c4a2fcb7970138239f7e404ea75757b1b507b28b5ce4c53fbd62d797c5a7c?s=96&d=mm&r=g\",\"caption\":\"Villasmil Henry\"},\"logo\":{\"@id\":\"https:\\\/\\\/secure.gravatar.com\\\/avatar\\\/bb0c4a2fcb7970138239f7e404ea75757b1b507b28b5ce4c53fbd62d797c5a7c?s=96&d=mm&r=g\"},\"sameAs\":[\"http:\\\/\\\/www.henryvillasmil.com.ve\",\"https:\\\/\\\/www.instagram.com\\\/villasmilhfoto\\\/\",\"https:\\\/\\\/x.com\\\/https:\\\/\\\/twitter.com\\\/villasmilhfoto\"]},{\"@type\":\"Person\",\"@id\":\"https:\\\/\\\/digital58.com.ve\\\/site\\\/#\\\/schema\\\/person\\\/6672bab44ab958838204ebb2cb0e8d52\",\"name\":\"Rubio Laura Isabel\",\"image\":{\"@type\":\"ImageObject\",\"inLanguage\":\"es\",\"@id\":\"https:\\\/\\\/secure.gravatar.com\\\/avatar\\\/f7cc56b26fb0562df4488ff129a58c3c1a1bd264c9af5f313a9b1797fff1cfb9?s=96&d=mm&r=g\",\"url\":\"https:\\\/\\\/secure.gravatar.com\\\/avatar\\\/f7cc56b26fb0562df4488ff129a58c3c1a1bd264c9af5f313a9b1797fff1cfb9?s=96&d=mm&r=g\",\"contentUrl\":\"https:\\\/\\\/secure.gravatar.com\\\/avatar\\\/f7cc56b26fb0562df4488ff129a58c3c1a1bd264c9af5f313a9b1797fff1cfb9?s=96&d=mm&r=g\",\"caption\":\"Rubio Laura Isabel\"},\"url\":\"https:\\\/\\\/digital58.com.ve\\\/site\\\/author\\\/laurarubio\\\/\"}]}<\/script>\n<!-- \/ Yoast SEO plugin. -->","yoast_head_json":{"title":"Gustavo Dudamel nos invita a emprender un viaje virtual a la m\u00fasica cl\u00e1sica en \u00abSymphony\u00bb","description":"Fama","robots":{"index":"index","follow":"follow","max-snippet":"max-snippet:-1","max-image-preview":"max-image-preview:large","max-video-preview":"max-video-preview:-1"},"canonical":"https:\/\/digital58.com.ve\/site\/2020\/09\/15\/gustavo-dudamel-nos-invita-a-emprender-un-viaje-virtual-a-la-musica-clasica-en-symphony\/","og_locale":"es_ES","og_type":"article","og_title":"Gustavo Dudamel nos invita a emprender un viaje virtual a la m\u00fasica cl\u00e1sica en \u00abSymphony\u00bb","og_description":"Fama","og_url":"https:\/\/digital58.com.ve\/site\/2020\/09\/15\/gustavo-dudamel-nos-invita-a-emprender-un-viaje-virtual-a-la-musica-clasica-en-symphony\/","og_site_name":"Noticias Digital58","article_published_time":"2020-09-15T20:23:46+00:00","og_image":[{"width":1600,"height":1067,"url":"https:\/\/digital58.com.ve\/site\/wp-content\/uploads\/2020\/09\/gustavo-dudamel.jpg","type":"image\/jpeg"}],"author":"Rubio Laura Isabel","twitter_card":"summary_large_image","twitter_creator":"@Digital_58","twitter_site":"@villasmilhfoto","twitter_misc":{"Escrito por":"Rubio Laura Isabel","Tiempo estimado de lectura":"3 minutos"},"schema":{"@context":"https:\/\/schema.org","@graph":[{"@type":"Article","@id":"https:\/\/digital58.com.ve\/site\/2020\/09\/15\/gustavo-dudamel-nos-invita-a-emprender-un-viaje-virtual-a-la-musica-clasica-en-symphony\/#article","isPartOf":{"@id":"https:\/\/digital58.com.ve\/site\/2020\/09\/15\/gustavo-dudamel-nos-invita-a-emprender-un-viaje-virtual-a-la-musica-clasica-en-symphony\/"},"author":{"name":"Rubio Laura Isabel","@id":"https:\/\/digital58.com.ve\/site\/#\/schema\/person\/6672bab44ab958838204ebb2cb0e8d52"},"headline":"Gustavo Dudamel nos invita a emprender un viaje virtual a la m\u00fasica cl\u00e1sica en \u00abSymphony\u00bb","datePublished":"2020-09-15T20:23:46+00:00","mainEntityOfPage":{"@id":"https:\/\/digital58.com.ve\/site\/2020\/09\/15\/gustavo-dudamel-nos-invita-a-emprender-un-viaje-virtual-a-la-musica-clasica-en-symphony\/"},"wordCount":650,"commentCount":0,"publisher":{"@id":"https:\/\/digital58.com.ve\/site\/#\/schema\/person\/64d1c2e4d0d4fd1b849980c4331c2951"},"image":{"@id":"https:\/\/digital58.com.ve\/site\/2020\/09\/15\/gustavo-dudamel-nos-invita-a-emprender-un-viaje-virtual-a-la-musica-clasica-en-symphony\/#primaryimage"},"thumbnailUrl":"https:\/\/digital58.com.ve\/site\/wp-content\/uploads\/2020\/09\/gustavo-dudamel.jpg","keywords":["Barcelona","Conciertos Sinf\u00f3nicos","Coronavirus","COVID-19","Director de Orquestas","Entretenimiento","Espect\u00e1culos","Far\u00e1ndula","Gustavo Dudamel","Internacionales","M\u00fasico","Symphony"],"articleSection":["Conciertos","Fama"],"inLanguage":"es","potentialAction":[{"@type":"CommentAction","name":"Comment","target":["https:\/\/digital58.com.ve\/site\/2020\/09\/15\/gustavo-dudamel-nos-invita-a-emprender-un-viaje-virtual-a-la-musica-clasica-en-symphony\/#respond"]}]},{"@type":"WebPage","@id":"https:\/\/digital58.com.ve\/site\/2020\/09\/15\/gustavo-dudamel-nos-invita-a-emprender-un-viaje-virtual-a-la-musica-clasica-en-symphony\/","url":"https:\/\/digital58.com.ve\/site\/2020\/09\/15\/gustavo-dudamel-nos-invita-a-emprender-un-viaje-virtual-a-la-musica-clasica-en-symphony\/","name":"Gustavo Dudamel nos invita a emprender un viaje virtual a la m\u00fasica cl\u00e1sica en \u00abSymphony\u00bb","isPartOf":{"@id":"https:\/\/digital58.com.ve\/site\/#website"},"primaryImageOfPage":{"@id":"https:\/\/digital58.com.ve\/site\/2020\/09\/15\/gustavo-dudamel-nos-invita-a-emprender-un-viaje-virtual-a-la-musica-clasica-en-symphony\/#primaryimage"},"image":{"@id":"https:\/\/digital58.com.ve\/site\/2020\/09\/15\/gustavo-dudamel-nos-invita-a-emprender-un-viaje-virtual-a-la-musica-clasica-en-symphony\/#primaryimage"},"thumbnailUrl":"https:\/\/digital58.com.ve\/site\/wp-content\/uploads\/2020\/09\/gustavo-dudamel.jpg","datePublished":"2020-09-15T20:23:46+00:00","description":"Fama","breadcrumb":{"@id":"https:\/\/digital58.com.ve\/site\/2020\/09\/15\/gustavo-dudamel-nos-invita-a-emprender-un-viaje-virtual-a-la-musica-clasica-en-symphony\/#breadcrumb"},"inLanguage":"es","potentialAction":[{"@type":"ReadAction","target":["https:\/\/digital58.com.ve\/site\/2020\/09\/15\/gustavo-dudamel-nos-invita-a-emprender-un-viaje-virtual-a-la-musica-clasica-en-symphony\/"]}]},{"@type":"ImageObject","inLanguage":"es","@id":"https:\/\/digital58.com.ve\/site\/2020\/09\/15\/gustavo-dudamel-nos-invita-a-emprender-un-viaje-virtual-a-la-musica-clasica-en-symphony\/#primaryimage","url":"https:\/\/digital58.com.ve\/site\/wp-content\/uploads\/2020\/09\/gustavo-dudamel.jpg","contentUrl":"https:\/\/digital58.com.ve\/site\/wp-content\/uploads\/2020\/09\/gustavo-dudamel.jpg","width":800,"height":534},{"@type":"BreadcrumbList","@id":"https:\/\/digital58.com.ve\/site\/2020\/09\/15\/gustavo-dudamel-nos-invita-a-emprender-un-viaje-virtual-a-la-musica-clasica-en-symphony\/#breadcrumb","itemListElement":[{"@type":"ListItem","position":1,"name":"Home","item":"https:\/\/digital58.com.ve\/site\/"},{"@type":"ListItem","position":2,"name":"Gustavo Dudamel nos invita a emprender un viaje virtual a la m\u00fasica cl\u00e1sica en \u00abSymphony\u00bb"}]},{"@type":"WebSite","@id":"https:\/\/digital58.com.ve\/site\/#website","url":"https:\/\/digital58.com.ve\/site\/","name":"Noticias Digital58","description":"Portal de Noticias \u00a1Periodismo web de verdad! Lanzamiento web 22.11.2005 \/ Maracaibo, Venezuela","publisher":{"@id":"https:\/\/digital58.com.ve\/site\/#\/schema\/person\/64d1c2e4d0d4fd1b849980c4331c2951"},"alternateName":"ND58","potentialAction":[{"@type":"SearchAction","target":{"@type":"EntryPoint","urlTemplate":"https:\/\/digital58.com.ve\/site\/?s={search_term_string}"},"query-input":{"@type":"PropertyValueSpecification","valueRequired":true,"valueName":"search_term_string"}}],"inLanguage":"es"},{"@type":["Person","Organization"],"@id":"https:\/\/digital58.com.ve\/site\/#\/schema\/person\/64d1c2e4d0d4fd1b849980c4331c2951","name":"Villasmil Henry","image":{"@type":"ImageObject","inLanguage":"es","@id":"https:\/\/secure.gravatar.com\/avatar\/bb0c4a2fcb7970138239f7e404ea75757b1b507b28b5ce4c53fbd62d797c5a7c?s=96&d=mm&r=g","url":"https:\/\/secure.gravatar.com\/avatar\/bb0c4a2fcb7970138239f7e404ea75757b1b507b28b5ce4c53fbd62d797c5a7c?s=96&d=mm&r=g","contentUrl":"https:\/\/secure.gravatar.com\/avatar\/bb0c4a2fcb7970138239f7e404ea75757b1b507b28b5ce4c53fbd62d797c5a7c?s=96&d=mm&r=g","caption":"Villasmil Henry"},"logo":{"@id":"https:\/\/secure.gravatar.com\/avatar\/bb0c4a2fcb7970138239f7e404ea75757b1b507b28b5ce4c53fbd62d797c5a7c?s=96&d=mm&r=g"},"sameAs":["http:\/\/www.henryvillasmil.com.ve","https:\/\/www.instagram.com\/villasmilhfoto\/","https:\/\/x.com\/https:\/\/twitter.com\/villasmilhfoto"]},{"@type":"Person","@id":"https:\/\/digital58.com.ve\/site\/#\/schema\/person\/6672bab44ab958838204ebb2cb0e8d52","name":"Rubio Laura Isabel","image":{"@type":"ImageObject","inLanguage":"es","@id":"https:\/\/secure.gravatar.com\/avatar\/f7cc56b26fb0562df4488ff129a58c3c1a1bd264c9af5f313a9b1797fff1cfb9?s=96&d=mm&r=g","url":"https:\/\/secure.gravatar.com\/avatar\/f7cc56b26fb0562df4488ff129a58c3c1a1bd264c9af5f313a9b1797fff1cfb9?s=96&d=mm&r=g","contentUrl":"https:\/\/secure.gravatar.com\/avatar\/f7cc56b26fb0562df4488ff129a58c3c1a1bd264c9af5f313a9b1797fff1cfb9?s=96&d=mm&r=g","caption":"Rubio Laura Isabel"},"url":"https:\/\/digital58.com.ve\/site\/author\/laurarubio\/"}]}},"uagb_featured_image_src":{"full":["https:\/\/digital58.com.ve\/site\/wp-content\/uploads\/2020\/09\/gustavo-dudamel.jpg",800,534,false],"thumbnail":["https:\/\/digital58.com.ve\/site\/wp-content\/uploads\/2020\/09\/gustavo-dudamel-150x150.jpg",150,150,true],"medium":["https:\/\/digital58.com.ve\/site\/wp-content\/uploads\/2020\/09\/gustavo-dudamel-300x200.jpg",300,200,true],"medium_large":["https:\/\/digital58.com.ve\/site\/wp-content\/uploads\/2020\/09\/gustavo-dudamel-768x512.jpg",768,512,true],"large":["https:\/\/digital58.com.ve\/site\/wp-content\/uploads\/2020\/09\/gustavo-dudamel-1500x1000.jpg",800,533,true],"1536x1536":["https:\/\/digital58.com.ve\/site\/wp-content\/uploads\/2020\/09\/gustavo-dudamel-1536x1024.jpg",1536,1024,true],"2048x2048":["https:\/\/digital58.com.ve\/site\/wp-content\/uploads\/2020\/09\/gustavo-dudamel.jpg",800,534,false],"colormag-highlighted-post":["https:\/\/digital58.com.ve\/site\/wp-content\/uploads\/2020\/09\/gustavo-dudamel.jpg",392,262,false],"colormag-featured-post-medium":["https:\/\/digital58.com.ve\/site\/wp-content\/uploads\/2020\/09\/gustavo-dudamel.jpg",307,205,false],"colormag-featured-post-small":["https:\/\/digital58.com.ve\/site\/wp-content\/uploads\/2020\/09\/gustavo-dudamel.jpg",130,87,false],"colormag-featured-image":["https:\/\/digital58.com.ve\/site\/wp-content\/uploads\/2020\/09\/gustavo-dudamel.jpg",667,445,false],"colormag-default-news":["https:\/\/digital58.com.ve\/site\/wp-content\/uploads\/2020\/09\/gustavo-dudamel.jpg",150,100,false],"colormag-featured-image-large":["https:\/\/digital58.com.ve\/site\/wp-content\/uploads\/2020\/09\/gustavo-dudamel.jpg",800,534,false]},"uagb_author_info":{"display_name":"Rubio Laura Isabel","author_link":"https:\/\/digital58.com.ve\/site\/author\/laurarubio\/"},"uagb_comment_info":0,"uagb_excerpt":"Solo con la ayuda de unas gafas, podr\u00e1s disfrutar de la realidad virtual es lo \u00fanico que necesita el p\u00fablico","_links":{"self":[{"href":"https:\/\/digital58.com.ve\/site\/wp-json\/wp\/v2\/posts\/127777","targetHints":{"allow":["GET"]}}],"collection":[{"href":"https:\/\/digital58.com.ve\/site\/wp-json\/wp\/v2\/posts"}],"about":[{"href":"https:\/\/digital58.com.ve\/site\/wp-json\/wp\/v2\/types\/post"}],"author":[{"embeddable":true,"href":"https:\/\/digital58.com.ve\/site\/wp-json\/wp\/v2\/users\/28"}],"replies":[{"embeddable":true,"href":"https:\/\/digital58.com.ve\/site\/wp-json\/wp\/v2\/comments?post=127777"}],"version-history":[{"count":0,"href":"https:\/\/digital58.com.ve\/site\/wp-json\/wp\/v2\/posts\/127777\/revisions"}],"wp:featuredmedia":[{"embeddable":true,"href":"https:\/\/digital58.com.ve\/site\/wp-json\/wp\/v2\/media\/127782"}],"wp:attachment":[{"href":"https:\/\/digital58.com.ve\/site\/wp-json\/wp\/v2\/media?parent=127777"}],"wp:term":[{"taxonomy":"category","embeddable":true,"href":"https:\/\/digital58.com.ve\/site\/wp-json\/wp\/v2\/categories?post=127777"},{"taxonomy":"post_tag","embeddable":true,"href":"https:\/\/digital58.com.ve\/site\/wp-json\/wp\/v2\/tags?post=127777"}],"curies":[{"name":"wp","href":"https:\/\/api.w.org\/{rel}","templated":true}]}}