{"id":127830,"date":"2020-09-16T07:03:42","date_gmt":"2020-09-16T11:03:42","guid":{"rendered":"https:\/\/digital58.com.ve\/site\/?p=127830"},"modified":"2020-09-16T07:03:42","modified_gmt":"2020-09-16T11:03:42","slug":"congreso-peruano-rechaza-censura-contra-ministra-de-economia","status":"publish","type":"post","link":"https:\/\/digital58.com.ve\/site\/2020\/09\/16\/congreso-peruano-rechaza-censura-contra-ministra-de-economia\/","title":{"rendered":"Congreso peruano rechaza censura contra ministra de Econom\u00eda"},"content":{"rendered":"<p><a href=\"https:\/\/digital58.com.ve\/site\/wp-content\/uploads\/2020\/09\/Maria-Antonieta-Alva.jpg\"><img loading=\"lazy\" decoding=\"async\" class=\"aligncenter size-full wp-image-127834\" src=\"https:\/\/digital58.com.ve\/site\/wp-content\/uploads\/2020\/09\/Maria-Antonieta-Alva.jpg\" alt=\"\" width=\"800\" height=\"566\" srcset=\"https:\/\/digital58.com.ve\/site\/wp-content\/uploads\/2020\/09\/Maria-Antonieta-Alva.jpg 800w, https:\/\/digital58.com.ve\/site\/wp-content\/uploads\/2020\/09\/Maria-Antonieta-Alva-300x212.jpg 300w, https:\/\/digital58.com.ve\/site\/wp-content\/uploads\/2020\/09\/Maria-Antonieta-Alva-768x543.jpg 768w\" sizes=\"auto, (max-width: 800px) 100vw, 800px\" \/><\/a><\/p>\n<p>La ministra de Econom\u00eda de Per\u00fa, Mar\u00eda Antonieta Alva, super\u00f3 el martes un pedido de censura luego de que el Congreso no alcanz\u00f3 los votos para forzar su renuncia, mientras el pa\u00eds minero sufre de una profunda crisis pol\u00edtica y econ\u00f3mica.<\/p>\n<p><strong>Internacionales, 16 der septiembre de 2020 (ND58).-<\/strong> La censura fue rechazada con 73 votos en el fragmentado Congreso opositor. Unos 46 votaron a favor de su destituci\u00f3n y otros tres se abstuvieron, luego de casi cinco horas de debate en torno al ambicioso programa de reactivaci\u00f3n econ\u00f3mica del Gobierno y de ayuda social emprendidas durante la pandemia.<\/p>\n<p>La ministra Alva puso en marcha el mayor paquete fiscal en la historia de Per\u00fa para revivir una econom\u00eda que ha ca\u00eddo en una recesi\u00f3n, con perdidas de millones de empleos por una larga cuarentena por el brote de coronavirus.<\/p>\n<p>Alva, una tecn\u00f3crata de 35 a\u00f1os egresada de la Universidad de Harvard, hab\u00eda llegado a altos \u00edndices de aprobaci\u00f3n cuando lanz\u00f3 en marzo bonos para los ciudadanos y un ambicioso plan de cr\u00e9ditos para las empresas con garant\u00eda del Gobierno para combatir los efectos de la pandemia.<\/p>\n<p>Pero el r\u00e1pido aumento de casos de coronavirs, en medio de un colapso sanitario, y los cuestionamientos al programa de cr\u00e9ditos -que el Congreso afirma benefici\u00f3 m\u00e1s a las grandes empresas- mell\u00f3 la imagen de la ministra de Econom\u00eda.<\/p>\n<p>El Congreso y el Gobierno han mantenido enfrentamientos sobre leyes en materia econ\u00f3mica desde hace meses, pero la crispaci\u00f3n lleg\u00f3 a su pico la semana pasada cuando el Parlamento opositor present\u00f3 un pedido para destituir al presidente Mart\u00edn Vizcarra por \u00abincapacidad moral\u00bb para gobernar.<\/p>\n<p>Pero la solicitud de destituci\u00f3n de Vizcarra ha perdido fuerza luego de que l\u00edderes pol\u00edticos y eventuales candidatos presidenciales han rechazado la iniciativa.<\/p>\n<p>La econom\u00eda de Per\u00fa, el segundo mayor productor mundial de cobre, se contrajo un 11,71 % interanual en julio, su quinta baja mensual consecutiva, aunque m\u00e1s suave que los meses anteriores, inform\u00f3 m\u00e1s temprano el Gobierno. Per\u00fa entr\u00f3 en una recesi\u00f3n en el segundo trimestre del a\u00f1o, cuando cay\u00f3 un 30,2 %, tras acumular un segundo trimestre de baja consecutiva.<\/p>\n<p>El Gobierno estima que la econom\u00eda del pa\u00eds se hundir\u00e1 en el 2020 un 12 %, en su peor desempe\u00f1o anual en tres d\u00e9cadas.<\/p>\n<p>Los casos de coronavirus subieron el lunes a 733.860 en Per\u00fa \u2014casi el doble frente a los reportados el 22 de julio\u2014, dato que ubica al pa\u00eds como el segundo con m\u00e1s infectados en Am\u00e9rica Latina, despu\u00e9s del Brasil, y el quinto en el mundo, seg\u00fan un conteo de Reuters. En tanto los muertos suman 30.812.<\/p><div class=\"gxqck69f25ed120eb6\" ><p style=\"text-align: center;\"><a href=\"https:\/\/t.me\/noticiasdigital58\" target=\"_blank\" rel=\"noopener\"><img class=\"aligncenter size-full wp-image-125363\" src=\"https:\/\/digital58.com.ve\/site\/wp-content\/uploads\/2021\/04\/banner-telegram-web-2021.png\" alt=\"\" width=\"600\" height=\"90\" \/><\/a><\/p><\/div><style type=\"text\/css\">\r\n@media screen and (min-width: 1201px) {\r\n.gxqck69f25ed120eb6 {\r\ndisplay: block;\r\n}\r\n}\r\n@media screen and (min-width: 993px) and (max-width: 1200px) {\r\n.gxqck69f25ed120eb6 {\r\ndisplay: block;\r\n}\r\n}\r\n@media screen and (min-width: 769px) and (max-width: 992px) {\r\n.gxqck69f25ed120eb6 {\r\ndisplay: block;\r\n}\r\n}\r\n@media screen and (min-width: 768px) and (max-width: 768px) {\r\n.gxqck69f25ed120eb6 {\r\ndisplay: block;\r\n}\r\n}\r\n@media screen and (max-width: 767px) {\r\n.gxqck69f25ed120eb6 {\r\ndisplay: block;\r\n}\r\n}\r\n<\/style>\r\n\n<p><strong>Redacci\u00f3n ND58 | Fuente: Reuters<\/strong><br \/>\n<strong>Edici\u00f3n: Villasmil, Henry<\/strong><br \/>\n<strong>Gr\u00e1fica: Reuters<\/strong><\/p>\n<div style=\"margin-top: 0px; margin-bottom: 0px;\" class=\"sharethis-inline-share-buttons\" ><\/div>","protected":false},"excerpt":{"rendered":"<p>La ministra de Econom\u00eda de Per\u00fa, Mar\u00eda Antonieta Alva, super\u00f3 el martes un pedido de censura luego de que el<\/p>\n","protected":false},"author":1,"featured_media":127834,"comment_status":"open","ping_status":"closed","sticky":false,"template":"","format":"standard","meta":{"colormag_page_container_layout":"default_layout","colormag_page_sidebar_layout":"default_layout","_uag_custom_page_level_css":"","footnotes":""},"categories":[16451],"tags":[8,21628,21629,112],"class_list":["post-127830","post","type-post","status-publish","format-standard","has-post-thumbnail","hentry","category-mundo","tag-internacionales","tag-maria-antonieta-alva","tag-ministra-de-economia-de-peru","tag-peru"],"yoast_head":"<!-- This site is optimized with the Yoast SEO plugin v27.5 - https:\/\/yoast.com\/product\/yoast-seo-wordpress\/ -->\n<title>Congreso peruano rechaza censura contra ministra de Econom\u00eda<\/title>\n<meta name=\"description\" content=\"Mundo\" \/>\n<meta name=\"robots\" content=\"index, follow, max-snippet:-1, max-image-preview:large, max-video-preview:-1\" \/>\n<link rel=\"canonical\" href=\"https:\/\/digital58.com.ve\/site\/2020\/09\/16\/congreso-peruano-rechaza-censura-contra-ministra-de-economia\/\" \/>\n<meta property=\"og:locale\" content=\"es_ES\" \/>\n<meta property=\"og:type\" content=\"article\" \/>\n<meta property=\"og:title\" content=\"Congreso peruano rechaza censura contra ministra de Econom\u00eda\" \/>\n<meta property=\"og:description\" content=\"Mundo\" \/>\n<meta property=\"og:url\" content=\"https:\/\/digital58.com.ve\/site\/2020\/09\/16\/congreso-peruano-rechaza-censura-contra-ministra-de-economia\/\" \/>\n<meta property=\"og:site_name\" content=\"Noticias Digital58\" \/>\n<meta property=\"article:published_time\" content=\"2020-09-16T11:03:42+00:00\" \/>\n<meta property=\"og:image\" content=\"https:\/\/digital58.com.ve\/site\/wp-content\/uploads\/2020\/09\/Maria-Antonieta-Alva.jpg\" \/>\n\t<meta property=\"og:image:width\" content=\"800\" \/>\n\t<meta property=\"og:image:height\" content=\"566\" \/>\n\t<meta property=\"og:image:type\" content=\"image\/jpeg\" \/>\n<meta name=\"author\" content=\"Villasmil Henry\" \/>\n<meta name=\"twitter:card\" content=\"summary_large_image\" \/>\n<meta name=\"twitter:creator\" content=\"@https:\/\/twitter.com\/villasmilhfoto\" \/>\n<meta name=\"twitter:site\" content=\"@villasmilhfoto\" \/>\n<meta name=\"twitter:label1\" content=\"Escrito por\" \/>\n\t<meta name=\"twitter:data1\" content=\"Villasmil Henry\" \/>\n\t<meta name=\"twitter:label2\" content=\"Tiempo estimado de lectura\" \/>\n\t<meta name=\"twitter:data2\" content=\"2 minutos\" \/>\n<script type=\"application\/ld+json\" class=\"yoast-schema-graph\">{\"@context\":\"https:\\\/\\\/schema.org\",\"@graph\":[{\"@type\":\"Article\",\"@id\":\"https:\\\/\\\/digital58.com.ve\\\/site\\\/2020\\\/09\\\/16\\\/congreso-peruano-rechaza-censura-contra-ministra-de-economia\\\/#article\",\"isPartOf\":{\"@id\":\"https:\\\/\\\/digital58.com.ve\\\/site\\\/2020\\\/09\\\/16\\\/congreso-peruano-rechaza-censura-contra-ministra-de-economia\\\/\"},\"author\":{\"name\":\"Villasmil Henry\",\"@id\":\"https:\\\/\\\/digital58.com.ve\\\/site\\\/#\\\/schema\\\/person\\\/64d1c2e4d0d4fd1b849980c4331c2951\"},\"headline\":\"Congreso peruano rechaza censura contra ministra de Econom\u00eda\",\"datePublished\":\"2020-09-16T11:03:42+00:00\",\"mainEntityOfPage\":{\"@id\":\"https:\\\/\\\/digital58.com.ve\\\/site\\\/2020\\\/09\\\/16\\\/congreso-peruano-rechaza-censura-contra-ministra-de-economia\\\/\"},\"wordCount\":479,\"commentCount\":0,\"publisher\":{\"@id\":\"https:\\\/\\\/digital58.com.ve\\\/site\\\/#\\\/schema\\\/person\\\/64d1c2e4d0d4fd1b849980c4331c2951\"},\"image\":{\"@id\":\"https:\\\/\\\/digital58.com.ve\\\/site\\\/2020\\\/09\\\/16\\\/congreso-peruano-rechaza-censura-contra-ministra-de-economia\\\/#primaryimage\"},\"thumbnailUrl\":\"https:\\\/\\\/digital58.com.ve\\\/site\\\/wp-content\\\/uploads\\\/2020\\\/09\\\/Maria-Antonieta-Alva.jpg\",\"keywords\":[\"Internacionales\",\"Mar\u00eda Antonieta Alva\",\"Ministra de Econom\u00eda de Per\u00fa\",\"Per\u00fa\"],\"articleSection\":[\"Mundo\"],\"inLanguage\":\"es\",\"potentialAction\":[{\"@type\":\"CommentAction\",\"name\":\"Comment\",\"target\":[\"https:\\\/\\\/digital58.com.ve\\\/site\\\/2020\\\/09\\\/16\\\/congreso-peruano-rechaza-censura-contra-ministra-de-economia\\\/#respond\"]}]},{\"@type\":\"WebPage\",\"@id\":\"https:\\\/\\\/digital58.com.ve\\\/site\\\/2020\\\/09\\\/16\\\/congreso-peruano-rechaza-censura-contra-ministra-de-economia\\\/\",\"url\":\"https:\\\/\\\/digital58.com.ve\\\/site\\\/2020\\\/09\\\/16\\\/congreso-peruano-rechaza-censura-contra-ministra-de-economia\\\/\",\"name\":\"Congreso peruano rechaza censura contra ministra de Econom\u00eda\",\"isPartOf\":{\"@id\":\"https:\\\/\\\/digital58.com.ve\\\/site\\\/#website\"},\"primaryImageOfPage\":{\"@id\":\"https:\\\/\\\/digital58.com.ve\\\/site\\\/2020\\\/09\\\/16\\\/congreso-peruano-rechaza-censura-contra-ministra-de-economia\\\/#primaryimage\"},\"image\":{\"@id\":\"https:\\\/\\\/digital58.com.ve\\\/site\\\/2020\\\/09\\\/16\\\/congreso-peruano-rechaza-censura-contra-ministra-de-economia\\\/#primaryimage\"},\"thumbnailUrl\":\"https:\\\/\\\/digital58.com.ve\\\/site\\\/wp-content\\\/uploads\\\/2020\\\/09\\\/Maria-Antonieta-Alva.jpg\",\"datePublished\":\"2020-09-16T11:03:42+00:00\",\"description\":\"Mundo\",\"breadcrumb\":{\"@id\":\"https:\\\/\\\/digital58.com.ve\\\/site\\\/2020\\\/09\\\/16\\\/congreso-peruano-rechaza-censura-contra-ministra-de-economia\\\/#breadcrumb\"},\"inLanguage\":\"es\",\"potentialAction\":[{\"@type\":\"ReadAction\",\"target\":[\"https:\\\/\\\/digital58.com.ve\\\/site\\\/2020\\\/09\\\/16\\\/congreso-peruano-rechaza-censura-contra-ministra-de-economia\\\/\"]}]},{\"@type\":\"ImageObject\",\"inLanguage\":\"es\",\"@id\":\"https:\\\/\\\/digital58.com.ve\\\/site\\\/2020\\\/09\\\/16\\\/congreso-peruano-rechaza-censura-contra-ministra-de-economia\\\/#primaryimage\",\"url\":\"https:\\\/\\\/digital58.com.ve\\\/site\\\/wp-content\\\/uploads\\\/2020\\\/09\\\/Maria-Antonieta-Alva.jpg\",\"contentUrl\":\"https:\\\/\\\/digital58.com.ve\\\/site\\\/wp-content\\\/uploads\\\/2020\\\/09\\\/Maria-Antonieta-Alva.jpg\",\"width\":800,\"height\":566},{\"@type\":\"BreadcrumbList\",\"@id\":\"https:\\\/\\\/digital58.com.ve\\\/site\\\/2020\\\/09\\\/16\\\/congreso-peruano-rechaza-censura-contra-ministra-de-economia\\\/#breadcrumb\",\"itemListElement\":[{\"@type\":\"ListItem\",\"position\":1,\"name\":\"Home\",\"item\":\"https:\\\/\\\/digital58.com.ve\\\/site\\\/\"},{\"@type\":\"ListItem\",\"position\":2,\"name\":\"Congreso peruano rechaza censura contra ministra de Econom\u00eda\"}]},{\"@type\":\"WebSite\",\"@id\":\"https:\\\/\\\/digital58.com.ve\\\/site\\\/#website\",\"url\":\"https:\\\/\\\/digital58.com.ve\\\/site\\\/\",\"name\":\"Noticias Digital58\",\"description\":\"Portal de Noticias \u00a1Periodismo web de verdad! Lanzamiento web 22.11.2005 \\\/ Maracaibo, Venezuela\",\"publisher\":{\"@id\":\"https:\\\/\\\/digital58.com.ve\\\/site\\\/#\\\/schema\\\/person\\\/64d1c2e4d0d4fd1b849980c4331c2951\"},\"alternateName\":\"ND58\",\"potentialAction\":[{\"@type\":\"SearchAction\",\"target\":{\"@type\":\"EntryPoint\",\"urlTemplate\":\"https:\\\/\\\/digital58.com.ve\\\/site\\\/?s={search_term_string}\"},\"query-input\":{\"@type\":\"PropertyValueSpecification\",\"valueRequired\":true,\"valueName\":\"search_term_string\"}}],\"inLanguage\":\"es\"},{\"@type\":[\"Person\",\"Organization\"],\"@id\":\"https:\\\/\\\/digital58.com.ve\\\/site\\\/#\\\/schema\\\/person\\\/64d1c2e4d0d4fd1b849980c4331c2951\",\"name\":\"Villasmil Henry\",\"image\":{\"@type\":\"ImageObject\",\"inLanguage\":\"es\",\"@id\":\"https:\\\/\\\/secure.gravatar.com\\\/avatar\\\/bb0c4a2fcb7970138239f7e404ea75757b1b507b28b5ce4c53fbd62d797c5a7c?s=96&d=mm&r=g\",\"url\":\"https:\\\/\\\/secure.gravatar.com\\\/avatar\\\/bb0c4a2fcb7970138239f7e404ea75757b1b507b28b5ce4c53fbd62d797c5a7c?s=96&d=mm&r=g\",\"contentUrl\":\"https:\\\/\\\/secure.gravatar.com\\\/avatar\\\/bb0c4a2fcb7970138239f7e404ea75757b1b507b28b5ce4c53fbd62d797c5a7c?s=96&d=mm&r=g\",\"caption\":\"Villasmil Henry\"},\"logo\":{\"@id\":\"https:\\\/\\\/secure.gravatar.com\\\/avatar\\\/bb0c4a2fcb7970138239f7e404ea75757b1b507b28b5ce4c53fbd62d797c5a7c?s=96&d=mm&r=g\"},\"sameAs\":[\"http:\\\/\\\/www.henryvillasmil.com.ve\",\"https:\\\/\\\/www.instagram.com\\\/villasmilhfoto\\\/\",\"https:\\\/\\\/x.com\\\/https:\\\/\\\/twitter.com\\\/villasmilhfoto\"],\"url\":\"https:\\\/\\\/digital58.com.ve\\\/site\\\/author\\\/droopy_68\\\/\"}]}<\/script>\n<!-- \/ Yoast SEO plugin. -->","yoast_head_json":{"title":"Congreso peruano rechaza censura contra ministra de Econom\u00eda","description":"Mundo","robots":{"index":"index","follow":"follow","max-snippet":"max-snippet:-1","max-image-preview":"max-image-preview:large","max-video-preview":"max-video-preview:-1"},"canonical":"https:\/\/digital58.com.ve\/site\/2020\/09\/16\/congreso-peruano-rechaza-censura-contra-ministra-de-economia\/","og_locale":"es_ES","og_type":"article","og_title":"Congreso peruano rechaza censura contra ministra de Econom\u00eda","og_description":"Mundo","og_url":"https:\/\/digital58.com.ve\/site\/2020\/09\/16\/congreso-peruano-rechaza-censura-contra-ministra-de-economia\/","og_site_name":"Noticias Digital58","article_published_time":"2020-09-16T11:03:42+00:00","og_image":[{"width":800,"height":566,"url":"https:\/\/digital58.com.ve\/site\/wp-content\/uploads\/2020\/09\/Maria-Antonieta-Alva.jpg","type":"image\/jpeg"}],"author":"Villasmil Henry","twitter_card":"summary_large_image","twitter_creator":"@https:\/\/twitter.com\/villasmilhfoto","twitter_site":"@villasmilhfoto","twitter_misc":{"Escrito por":"Villasmil Henry","Tiempo estimado de lectura":"2 minutos"},"schema":{"@context":"https:\/\/schema.org","@graph":[{"@type":"Article","@id":"https:\/\/digital58.com.ve\/site\/2020\/09\/16\/congreso-peruano-rechaza-censura-contra-ministra-de-economia\/#article","isPartOf":{"@id":"https:\/\/digital58.com.ve\/site\/2020\/09\/16\/congreso-peruano-rechaza-censura-contra-ministra-de-economia\/"},"author":{"name":"Villasmil Henry","@id":"https:\/\/digital58.com.ve\/site\/#\/schema\/person\/64d1c2e4d0d4fd1b849980c4331c2951"},"headline":"Congreso peruano rechaza censura contra ministra de Econom\u00eda","datePublished":"2020-09-16T11:03:42+00:00","mainEntityOfPage":{"@id":"https:\/\/digital58.com.ve\/site\/2020\/09\/16\/congreso-peruano-rechaza-censura-contra-ministra-de-economia\/"},"wordCount":479,"commentCount":0,"publisher":{"@id":"https:\/\/digital58.com.ve\/site\/#\/schema\/person\/64d1c2e4d0d4fd1b849980c4331c2951"},"image":{"@id":"https:\/\/digital58.com.ve\/site\/2020\/09\/16\/congreso-peruano-rechaza-censura-contra-ministra-de-economia\/#primaryimage"},"thumbnailUrl":"https:\/\/digital58.com.ve\/site\/wp-content\/uploads\/2020\/09\/Maria-Antonieta-Alva.jpg","keywords":["Internacionales","Mar\u00eda Antonieta Alva","Ministra de Econom\u00eda de Per\u00fa","Per\u00fa"],"articleSection":["Mundo"],"inLanguage":"es","potentialAction":[{"@type":"CommentAction","name":"Comment","target":["https:\/\/digital58.com.ve\/site\/2020\/09\/16\/congreso-peruano-rechaza-censura-contra-ministra-de-economia\/#respond"]}]},{"@type":"WebPage","@id":"https:\/\/digital58.com.ve\/site\/2020\/09\/16\/congreso-peruano-rechaza-censura-contra-ministra-de-economia\/","url":"https:\/\/digital58.com.ve\/site\/2020\/09\/16\/congreso-peruano-rechaza-censura-contra-ministra-de-economia\/","name":"Congreso peruano rechaza censura contra ministra de Econom\u00eda","isPartOf":{"@id":"https:\/\/digital58.com.ve\/site\/#website"},"primaryImageOfPage":{"@id":"https:\/\/digital58.com.ve\/site\/2020\/09\/16\/congreso-peruano-rechaza-censura-contra-ministra-de-economia\/#primaryimage"},"image":{"@id":"https:\/\/digital58.com.ve\/site\/2020\/09\/16\/congreso-peruano-rechaza-censura-contra-ministra-de-economia\/#primaryimage"},"thumbnailUrl":"https:\/\/digital58.com.ve\/site\/wp-content\/uploads\/2020\/09\/Maria-Antonieta-Alva.jpg","datePublished":"2020-09-16T11:03:42+00:00","description":"Mundo","breadcrumb":{"@id":"https:\/\/digital58.com.ve\/site\/2020\/09\/16\/congreso-peruano-rechaza-censura-contra-ministra-de-economia\/#breadcrumb"},"inLanguage":"es","potentialAction":[{"@type":"ReadAction","target":["https:\/\/digital58.com.ve\/site\/2020\/09\/16\/congreso-peruano-rechaza-censura-contra-ministra-de-economia\/"]}]},{"@type":"ImageObject","inLanguage":"es","@id":"https:\/\/digital58.com.ve\/site\/2020\/09\/16\/congreso-peruano-rechaza-censura-contra-ministra-de-economia\/#primaryimage","url":"https:\/\/digital58.com.ve\/site\/wp-content\/uploads\/2020\/09\/Maria-Antonieta-Alva.jpg","contentUrl":"https:\/\/digital58.com.ve\/site\/wp-content\/uploads\/2020\/09\/Maria-Antonieta-Alva.jpg","width":800,"height":566},{"@type":"BreadcrumbList","@id":"https:\/\/digital58.com.ve\/site\/2020\/09\/16\/congreso-peruano-rechaza-censura-contra-ministra-de-economia\/#breadcrumb","itemListElement":[{"@type":"ListItem","position":1,"name":"Home","item":"https:\/\/digital58.com.ve\/site\/"},{"@type":"ListItem","position":2,"name":"Congreso peruano rechaza censura contra ministra de Econom\u00eda"}]},{"@type":"WebSite","@id":"https:\/\/digital58.com.ve\/site\/#website","url":"https:\/\/digital58.com.ve\/site\/","name":"Noticias Digital58","description":"Portal de Noticias \u00a1Periodismo web de verdad! Lanzamiento web 22.11.2005 \/ Maracaibo, Venezuela","publisher":{"@id":"https:\/\/digital58.com.ve\/site\/#\/schema\/person\/64d1c2e4d0d4fd1b849980c4331c2951"},"alternateName":"ND58","potentialAction":[{"@type":"SearchAction","target":{"@type":"EntryPoint","urlTemplate":"https:\/\/digital58.com.ve\/site\/?s={search_term_string}"},"query-input":{"@type":"PropertyValueSpecification","valueRequired":true,"valueName":"search_term_string"}}],"inLanguage":"es"},{"@type":["Person","Organization"],"@id":"https:\/\/digital58.com.ve\/site\/#\/schema\/person\/64d1c2e4d0d4fd1b849980c4331c2951","name":"Villasmil Henry","image":{"@type":"ImageObject","inLanguage":"es","@id":"https:\/\/secure.gravatar.com\/avatar\/bb0c4a2fcb7970138239f7e404ea75757b1b507b28b5ce4c53fbd62d797c5a7c?s=96&d=mm&r=g","url":"https:\/\/secure.gravatar.com\/avatar\/bb0c4a2fcb7970138239f7e404ea75757b1b507b28b5ce4c53fbd62d797c5a7c?s=96&d=mm&r=g","contentUrl":"https:\/\/secure.gravatar.com\/avatar\/bb0c4a2fcb7970138239f7e404ea75757b1b507b28b5ce4c53fbd62d797c5a7c?s=96&d=mm&r=g","caption":"Villasmil Henry"},"logo":{"@id":"https:\/\/secure.gravatar.com\/avatar\/bb0c4a2fcb7970138239f7e404ea75757b1b507b28b5ce4c53fbd62d797c5a7c?s=96&d=mm&r=g"},"sameAs":["http:\/\/www.henryvillasmil.com.ve","https:\/\/www.instagram.com\/villasmilhfoto\/","https:\/\/x.com\/https:\/\/twitter.com\/villasmilhfoto"],"url":"https:\/\/digital58.com.ve\/site\/author\/droopy_68\/"}]}},"uagb_featured_image_src":{"full":["https:\/\/digital58.com.ve\/site\/wp-content\/uploads\/2020\/09\/Maria-Antonieta-Alva.jpg",800,566,false],"thumbnail":["https:\/\/digital58.com.ve\/site\/wp-content\/uploads\/2020\/09\/Maria-Antonieta-Alva-150x150.jpg",150,150,true],"medium":["https:\/\/digital58.com.ve\/site\/wp-content\/uploads\/2020\/09\/Maria-Antonieta-Alva-300x212.jpg",300,212,true],"medium_large":["https:\/\/digital58.com.ve\/site\/wp-content\/uploads\/2020\/09\/Maria-Antonieta-Alva-768x543.jpg",768,543,true],"large":["https:\/\/digital58.com.ve\/site\/wp-content\/uploads\/2020\/09\/Maria-Antonieta-Alva.jpg",800,566,false],"1536x1536":["https:\/\/digital58.com.ve\/site\/wp-content\/uploads\/2020\/09\/Maria-Antonieta-Alva.jpg",800,566,false],"2048x2048":["https:\/\/digital58.com.ve\/site\/wp-content\/uploads\/2020\/09\/Maria-Antonieta-Alva.jpg",800,566,false],"colormag-highlighted-post":["https:\/\/digital58.com.ve\/site\/wp-content\/uploads\/2020\/09\/Maria-Antonieta-Alva.jpg",384,272,false],"colormag-featured-post-medium":["https:\/\/digital58.com.ve\/site\/wp-content\/uploads\/2020\/09\/Maria-Antonieta-Alva.jpg",290,205,false],"colormag-featured-post-small":["https:\/\/digital58.com.ve\/site\/wp-content\/uploads\/2020\/09\/Maria-Antonieta-Alva.jpg",127,90,false],"colormag-featured-image":["https:\/\/digital58.com.ve\/site\/wp-content\/uploads\/2020\/09\/Maria-Antonieta-Alva.jpg",629,445,false],"colormag-default-news":["https:\/\/digital58.com.ve\/site\/wp-content\/uploads\/2020\/09\/Maria-Antonieta-Alva.jpg",150,106,false],"colormag-featured-image-large":["https:\/\/digital58.com.ve\/site\/wp-content\/uploads\/2020\/09\/Maria-Antonieta-Alva.jpg",800,566,false]},"uagb_author_info":{"display_name":"Villasmil Henry","author_link":"https:\/\/digital58.com.ve\/site\/author\/droopy_68\/"},"uagb_comment_info":0,"uagb_excerpt":"La ministra de Econom\u00eda de Per\u00fa, Mar\u00eda Antonieta Alva, super\u00f3 el martes un pedido de censura luego de que el","_links":{"self":[{"href":"https:\/\/digital58.com.ve\/site\/wp-json\/wp\/v2\/posts\/127830","targetHints":{"allow":["GET"]}}],"collection":[{"href":"https:\/\/digital58.com.ve\/site\/wp-json\/wp\/v2\/posts"}],"about":[{"href":"https:\/\/digital58.com.ve\/site\/wp-json\/wp\/v2\/types\/post"}],"author":[{"embeddable":true,"href":"https:\/\/digital58.com.ve\/site\/wp-json\/wp\/v2\/users\/1"}],"replies":[{"embeddable":true,"href":"https:\/\/digital58.com.ve\/site\/wp-json\/wp\/v2\/comments?post=127830"}],"version-history":[{"count":0,"href":"https:\/\/digital58.com.ve\/site\/wp-json\/wp\/v2\/posts\/127830\/revisions"}],"wp:featuredmedia":[{"embeddable":true,"href":"https:\/\/digital58.com.ve\/site\/wp-json\/wp\/v2\/media\/127834"}],"wp:attachment":[{"href":"https:\/\/digital58.com.ve\/site\/wp-json\/wp\/v2\/media?parent=127830"}],"wp:term":[{"taxonomy":"category","embeddable":true,"href":"https:\/\/digital58.com.ve\/site\/wp-json\/wp\/v2\/categories?post=127830"},{"taxonomy":"post_tag","embeddable":true,"href":"https:\/\/digital58.com.ve\/site\/wp-json\/wp\/v2\/tags?post=127830"}],"curies":[{"name":"wp","href":"https:\/\/api.w.org\/{rel}","templated":true}]}}