{"id":128395,"date":"2020-09-19T11:30:52","date_gmt":"2020-09-19T15:30:52","guid":{"rendered":"https:\/\/digital58.com.ve\/site\/?p=128395"},"modified":"2020-09-19T11:30:52","modified_gmt":"2020-09-19T15:30:52","slug":"zidane-comunico-que-hazard-no-jugara-hasta-que-este-recuperado-al-100","status":"publish","type":"post","link":"https:\/\/digital58.com.ve\/site\/2020\/09\/19\/zidane-comunico-que-hazard-no-jugara-hasta-que-este-recuperado-al-100\/","title":{"rendered":"Zidane comunic\u00f3 que Hazard no jugara hasta que este recuperado al 100%"},"content":{"rendered":"<p><img loading=\"lazy\" decoding=\"async\" class=\"size-full wp-image-128396 aligncenter\" src=\"https:\/\/digital58.com.ve\/site\/wp-content\/uploads\/2020\/09\/lg-156533_637319581571287222.jpg\" alt=\"\" width=\"676\" height=\"376\" srcset=\"https:\/\/digital58.com.ve\/site\/wp-content\/uploads\/2020\/09\/lg-156533_637319581571287222.jpg 676w, https:\/\/digital58.com.ve\/site\/wp-content\/uploads\/2020\/09\/lg-156533_637319581571287222-300x167.jpg 300w\" sizes=\"auto, (max-width: 676px) 100vw, 676px\" \/><\/p>\n<p>Tambi\u00e9n trat\u00f3 el t\u00e9cnico franc\u00e9s el estado de Marco Asensio, que sufri\u00f3 un edema en la rodilla operada en un entrenamiento con la selecci\u00f3n espa\u00f1ola, y se perder\u00e1 el primer partido liguero.<\/p>\n<p><b>Madrid, Espa\u00f1a\u00a0 19 de septiembre de 2020 (ND58).-<\/b>\u00a0Zinedine Zidane, t\u00e9cnico del Real Madrid, asegur\u00f3 que en el inicio de temporada no va a correr ning\u00fan riesgo con Eden Hazard y que el belga no jugar\u00e1 hasta que no est\u00e9 \u00abal cien por cien\u00bb y sin \u00abnada de molestias\u00bb en el tobillo operado.<\/p>\n<p>Hazard se pierde el inicio de temporada con el Real Madrid. Despidi\u00f3 la pasada haciendo un esfuerzo en Liga de Campeones para intentar ayudar al equipo ante el Manchester City y acab\u00f3 pagando sus consecuencias en su tobillo derecho en el tiempo de vacaciones. Tras regresar directamente con su selecci\u00f3n sin jugar ni un minuto en dos partidos, ha trabajado al margen desde que lleg\u00f3 a la ciudad deportiva madridista.<\/p>\n<p>\u00abNo puedo decir exactamente pero est\u00e1 mejor y lo que queremos, \u00e9l el primero, es que est\u00e9 al cien por cien y sin nada de molestias\u00bb, asegur\u00f3 Zidane en rueda de prensa.<\/p>\n<p>El t\u00e9cnico madridista dej\u00f3 claro que en este momento no van a correr riesgos en el regreso de Hazard para que cuando se produzca se pueda ver su mejor versi\u00f3n. \u00abTenemos tiempo, empezamos una temporada y lo que necesita es estar al 120 por ciento y nada m\u00e1s. Nosotros lo vamos a preparar para eso\u00bb.<\/p>\n<p>Tambi\u00e9n trat\u00f3 el t\u00e9cnico franc\u00e9s el estado de Marco Asensio, que sufri\u00f3 un edema en la rodilla operada en un entrenamiento con la selecci\u00f3n espa\u00f1ola, y se perder\u00e1 el primer partido liguero.<\/p>\n<p>\u00abDe la lesi\u00f3n est\u00e1 mejor, entrenando bien, de momento en un proceso normal tras tener un susto con la selecci\u00f3n pero est\u00e1 mejor. Tenemos precauci\u00f3n y poco a poco, cuando est\u00e9 listo para entrenar con normalidad volver\u00e1 con nosotros\u00bb.<\/p><div class=\"ynfgb69ef7a0f6d781\" ><p style=\"text-align: center;\"><a href=\"https:\/\/t.me\/noticiasdigital58\" target=\"_blank\" rel=\"noopener\"><img class=\"aligncenter size-full wp-image-125363\" src=\"https:\/\/digital58.com.ve\/site\/wp-content\/uploads\/2021\/04\/banner-telegram-web-2021.png\" alt=\"\" width=\"600\" height=\"90\" \/><\/a><\/p><\/div><style type=\"text\/css\">\r\n@media screen and (min-width: 1201px) {\r\n.ynfgb69ef7a0f6d781 {\r\ndisplay: block;\r\n}\r\n}\r\n@media screen and (min-width: 993px) and (max-width: 1200px) {\r\n.ynfgb69ef7a0f6d781 {\r\ndisplay: block;\r\n}\r\n}\r\n@media screen and (min-width: 769px) and (max-width: 992px) {\r\n.ynfgb69ef7a0f6d781 {\r\ndisplay: block;\r\n}\r\n}\r\n@media screen and (min-width: 768px) and (max-width: 768px) {\r\n.ynfgb69ef7a0f6d781 {\r\ndisplay: block;\r\n}\r\n}\r\n@media screen and (max-width: 767px) {\r\n.ynfgb69ef7a0f6d781 {\r\ndisplay: block;\r\n}\r\n}\r\n<\/style>\r\n\n<p><strong>Re<\/strong><b>dacci\u00f3n: Molero, Luis\u00a0 (@Moleromarquez) | Fuente: EFE<\/b><br \/>\n<b>Edici\u00f3n: Villasmil, Henry<\/b><br \/>\n<b>Gr\u00e1ficas: Cortes\u00eda<\/b><\/p>\n<div style=\"margin-top: 0px; margin-bottom: 0px;\" class=\"sharethis-inline-share-buttons\" ><\/div>","protected":false},"excerpt":{"rendered":"<p>Tambi\u00e9n trat\u00f3 el t\u00e9cnico franc\u00e9s el estado de Marco Asensio, que sufri\u00f3 un edema en la rodilla operada en un<\/p>\n","protected":false},"author":26,"featured_media":128396,"comment_status":"open","ping_status":"closed","sticky":false,"template":"","format":"standard","meta":{"colormag_page_container_layout":"default_layout","colormag_page_sidebar_layout":"default_layout","_uag_custom_page_level_css":"","footnotes":""},"categories":[5402],"tags":[12353,13,8,21735,426],"class_list":["post-128395","post","type-post","status-publish","format-standard","has-post-thumbnail","hentry","category-deportes","tag-eden-hazard","tag-futbol","tag-internacionales","tag-marco-asensio","tag-real-madrid"],"yoast_head":"<!-- This site is optimized with the Yoast SEO plugin v27.4 - https:\/\/yoast.com\/product\/yoast-seo-wordpress\/ -->\n<title>Zidane comunic\u00f3 que Hazard no jugara hasta que este recuperado al 100%<\/title>\n<meta name=\"description\" content=\"Deportes\" \/>\n<meta name=\"robots\" content=\"index, follow, max-snippet:-1, max-image-preview:large, max-video-preview:-1\" \/>\n<link rel=\"canonical\" href=\"https:\/\/digital58.com.ve\/site\/2020\/09\/19\/zidane-comunico-que-hazard-no-jugara-hasta-que-este-recuperado-al-100\/\" \/>\n<meta property=\"og:locale\" content=\"es_ES\" \/>\n<meta property=\"og:type\" content=\"article\" \/>\n<meta property=\"og:title\" content=\"Zidane comunic\u00f3 que Hazard no jugara hasta que este recuperado al 100%\" \/>\n<meta property=\"og:description\" content=\"Deportes\" \/>\n<meta property=\"og:url\" content=\"https:\/\/digital58.com.ve\/site\/2020\/09\/19\/zidane-comunico-que-hazard-no-jugara-hasta-que-este-recuperado-al-100\/\" \/>\n<meta property=\"og:site_name\" content=\"Noticias Digital58\" \/>\n<meta property=\"article:published_time\" content=\"2020-09-19T15:30:52+00:00\" \/>\n<meta property=\"og:image\" content=\"https:\/\/digital58.com.ve\/site\/wp-content\/uploads\/2020\/09\/lg-156533_637319581571287222.jpg\" \/>\n\t<meta property=\"og:image:width\" content=\"676\" \/>\n\t<meta property=\"og:image:height\" content=\"376\" \/>\n\t<meta property=\"og:image:type\" content=\"image\/jpeg\" \/>\n<meta name=\"author\" content=\"Molero Luis\" \/>\n<meta name=\"twitter:card\" content=\"summary_large_image\" \/>\n<meta name=\"twitter:creator\" content=\"@Digital_58\" \/>\n<meta name=\"twitter:site\" content=\"@villasmilhfoto\" \/>\n<meta name=\"twitter:label1\" content=\"Escrito por\" \/>\n\t<meta name=\"twitter:data1\" content=\"Molero Luis\" \/>\n\t<meta name=\"twitter:label2\" content=\"Tiempo estimado de lectura\" \/>\n\t<meta name=\"twitter:data2\" content=\"2 minutos\" \/>\n<script type=\"application\/ld+json\" class=\"yoast-schema-graph\">{\"@context\":\"https:\\\/\\\/schema.org\",\"@graph\":[{\"@type\":\"Article\",\"@id\":\"https:\\\/\\\/digital58.com.ve\\\/site\\\/2020\\\/09\\\/19\\\/zidane-comunico-que-hazard-no-jugara-hasta-que-este-recuperado-al-100\\\/#article\",\"isPartOf\":{\"@id\":\"https:\\\/\\\/digital58.com.ve\\\/site\\\/2020\\\/09\\\/19\\\/zidane-comunico-que-hazard-no-jugara-hasta-que-este-recuperado-al-100\\\/\"},\"author\":{\"name\":\"Molero Luis\",\"@id\":\"https:\\\/\\\/digital58.com.ve\\\/site\\\/#\\\/schema\\\/person\\\/c61667ce6845137620ee3f0aaabade17\"},\"headline\":\"Zidane comunic\u00f3 que Hazard no jugara hasta que este recuperado al 100%\",\"datePublished\":\"2020-09-19T15:30:52+00:00\",\"mainEntityOfPage\":{\"@id\":\"https:\\\/\\\/digital58.com.ve\\\/site\\\/2020\\\/09\\\/19\\\/zidane-comunico-que-hazard-no-jugara-hasta-que-este-recuperado-al-100\\\/\"},\"wordCount\":358,\"commentCount\":0,\"publisher\":{\"@id\":\"https:\\\/\\\/digital58.com.ve\\\/site\\\/#\\\/schema\\\/person\\\/64d1c2e4d0d4fd1b849980c4331c2951\"},\"image\":{\"@id\":\"https:\\\/\\\/digital58.com.ve\\\/site\\\/2020\\\/09\\\/19\\\/zidane-comunico-que-hazard-no-jugara-hasta-que-este-recuperado-al-100\\\/#primaryimage\"},\"thumbnailUrl\":\"https:\\\/\\\/digital58.com.ve\\\/site\\\/wp-content\\\/uploads\\\/2020\\\/09\\\/lg-156533_637319581571287222.jpg\",\"keywords\":[\"Eden Hazard\",\"F\u00fatbol\",\"Internacionales\",\"Marco Asensio\",\"Real Madrid\"],\"articleSection\":[\"Deportes\"],\"inLanguage\":\"es\",\"potentialAction\":[{\"@type\":\"CommentAction\",\"name\":\"Comment\",\"target\":[\"https:\\\/\\\/digital58.com.ve\\\/site\\\/2020\\\/09\\\/19\\\/zidane-comunico-que-hazard-no-jugara-hasta-que-este-recuperado-al-100\\\/#respond\"]}]},{\"@type\":\"WebPage\",\"@id\":\"https:\\\/\\\/digital58.com.ve\\\/site\\\/2020\\\/09\\\/19\\\/zidane-comunico-que-hazard-no-jugara-hasta-que-este-recuperado-al-100\\\/\",\"url\":\"https:\\\/\\\/digital58.com.ve\\\/site\\\/2020\\\/09\\\/19\\\/zidane-comunico-que-hazard-no-jugara-hasta-que-este-recuperado-al-100\\\/\",\"name\":\"Zidane comunic\u00f3 que Hazard no jugara hasta que este recuperado al 100%\",\"isPartOf\":{\"@id\":\"https:\\\/\\\/digital58.com.ve\\\/site\\\/#website\"},\"primaryImageOfPage\":{\"@id\":\"https:\\\/\\\/digital58.com.ve\\\/site\\\/2020\\\/09\\\/19\\\/zidane-comunico-que-hazard-no-jugara-hasta-que-este-recuperado-al-100\\\/#primaryimage\"},\"image\":{\"@id\":\"https:\\\/\\\/digital58.com.ve\\\/site\\\/2020\\\/09\\\/19\\\/zidane-comunico-que-hazard-no-jugara-hasta-que-este-recuperado-al-100\\\/#primaryimage\"},\"thumbnailUrl\":\"https:\\\/\\\/digital58.com.ve\\\/site\\\/wp-content\\\/uploads\\\/2020\\\/09\\\/lg-156533_637319581571287222.jpg\",\"datePublished\":\"2020-09-19T15:30:52+00:00\",\"description\":\"Deportes\",\"breadcrumb\":{\"@id\":\"https:\\\/\\\/digital58.com.ve\\\/site\\\/2020\\\/09\\\/19\\\/zidane-comunico-que-hazard-no-jugara-hasta-que-este-recuperado-al-100\\\/#breadcrumb\"},\"inLanguage\":\"es\",\"potentialAction\":[{\"@type\":\"ReadAction\",\"target\":[\"https:\\\/\\\/digital58.com.ve\\\/site\\\/2020\\\/09\\\/19\\\/zidane-comunico-que-hazard-no-jugara-hasta-que-este-recuperado-al-100\\\/\"]}]},{\"@type\":\"ImageObject\",\"inLanguage\":\"es\",\"@id\":\"https:\\\/\\\/digital58.com.ve\\\/site\\\/2020\\\/09\\\/19\\\/zidane-comunico-que-hazard-no-jugara-hasta-que-este-recuperado-al-100\\\/#primaryimage\",\"url\":\"https:\\\/\\\/digital58.com.ve\\\/site\\\/wp-content\\\/uploads\\\/2020\\\/09\\\/lg-156533_637319581571287222.jpg\",\"contentUrl\":\"https:\\\/\\\/digital58.com.ve\\\/site\\\/wp-content\\\/uploads\\\/2020\\\/09\\\/lg-156533_637319581571287222.jpg\",\"width\":676,\"height\":376},{\"@type\":\"BreadcrumbList\",\"@id\":\"https:\\\/\\\/digital58.com.ve\\\/site\\\/2020\\\/09\\\/19\\\/zidane-comunico-que-hazard-no-jugara-hasta-que-este-recuperado-al-100\\\/#breadcrumb\",\"itemListElement\":[{\"@type\":\"ListItem\",\"position\":1,\"name\":\"Home\",\"item\":\"https:\\\/\\\/digital58.com.ve\\\/site\\\/\"},{\"@type\":\"ListItem\",\"position\":2,\"name\":\"Zidane comunic\u00f3 que Hazard no jugara hasta que este recuperado al 100%\"}]},{\"@type\":\"WebSite\",\"@id\":\"https:\\\/\\\/digital58.com.ve\\\/site\\\/#website\",\"url\":\"https:\\\/\\\/digital58.com.ve\\\/site\\\/\",\"name\":\"Noticias Digital58\",\"description\":\"Portal de Noticias \u00a1Periodismo web de verdad! Lanzamiento web 22.11.2005 \\\/ Maracaibo, Venezuela\",\"publisher\":{\"@id\":\"https:\\\/\\\/digital58.com.ve\\\/site\\\/#\\\/schema\\\/person\\\/64d1c2e4d0d4fd1b849980c4331c2951\"},\"alternateName\":\"ND58\",\"potentialAction\":[{\"@type\":\"SearchAction\",\"target\":{\"@type\":\"EntryPoint\",\"urlTemplate\":\"https:\\\/\\\/digital58.com.ve\\\/site\\\/?s={search_term_string}\"},\"query-input\":{\"@type\":\"PropertyValueSpecification\",\"valueRequired\":true,\"valueName\":\"search_term_string\"}}],\"inLanguage\":\"es\"},{\"@type\":[\"Person\",\"Organization\"],\"@id\":\"https:\\\/\\\/digital58.com.ve\\\/site\\\/#\\\/schema\\\/person\\\/64d1c2e4d0d4fd1b849980c4331c2951\",\"name\":\"Villasmil Henry\",\"image\":{\"@type\":\"ImageObject\",\"inLanguage\":\"es\",\"@id\":\"https:\\\/\\\/secure.gravatar.com\\\/avatar\\\/bb0c4a2fcb7970138239f7e404ea75757b1b507b28b5ce4c53fbd62d797c5a7c?s=96&d=mm&r=g\",\"url\":\"https:\\\/\\\/secure.gravatar.com\\\/avatar\\\/bb0c4a2fcb7970138239f7e404ea75757b1b507b28b5ce4c53fbd62d797c5a7c?s=96&d=mm&r=g\",\"contentUrl\":\"https:\\\/\\\/secure.gravatar.com\\\/avatar\\\/bb0c4a2fcb7970138239f7e404ea75757b1b507b28b5ce4c53fbd62d797c5a7c?s=96&d=mm&r=g\",\"caption\":\"Villasmil Henry\"},\"logo\":{\"@id\":\"https:\\\/\\\/secure.gravatar.com\\\/avatar\\\/bb0c4a2fcb7970138239f7e404ea75757b1b507b28b5ce4c53fbd62d797c5a7c?s=96&d=mm&r=g\"},\"sameAs\":[\"http:\\\/\\\/www.henryvillasmil.com.ve\",\"https:\\\/\\\/www.instagram.com\\\/villasmilhfoto\\\/\",\"https:\\\/\\\/x.com\\\/https:\\\/\\\/twitter.com\\\/villasmilhfoto\"]},{\"@type\":\"Person\",\"@id\":\"https:\\\/\\\/digital58.com.ve\\\/site\\\/#\\\/schema\\\/person\\\/c61667ce6845137620ee3f0aaabade17\",\"name\":\"Molero Luis\",\"image\":{\"@type\":\"ImageObject\",\"inLanguage\":\"es\",\"@id\":\"https:\\\/\\\/secure.gravatar.com\\\/avatar\\\/bf041ec637e3e7405449807deb2f7cf3d2de7c6fa755dd56e985201de9863f2b?s=96&d=mm&r=g\",\"url\":\"https:\\\/\\\/secure.gravatar.com\\\/avatar\\\/bf041ec637e3e7405449807deb2f7cf3d2de7c6fa755dd56e985201de9863f2b?s=96&d=mm&r=g\",\"contentUrl\":\"https:\\\/\\\/secure.gravatar.com\\\/avatar\\\/bf041ec637e3e7405449807deb2f7cf3d2de7c6fa755dd56e985201de9863f2b?s=96&d=mm&r=g\",\"caption\":\"Molero Luis\"},\"url\":\"https:\\\/\\\/digital58.com.ve\\\/site\\\/author\\\/luismolero\\\/\"}]}<\/script>\n<!-- \/ Yoast SEO plugin. -->","yoast_head_json":{"title":"Zidane comunic\u00f3 que Hazard no jugara hasta que este recuperado al 100%","description":"Deportes","robots":{"index":"index","follow":"follow","max-snippet":"max-snippet:-1","max-image-preview":"max-image-preview:large","max-video-preview":"max-video-preview:-1"},"canonical":"https:\/\/digital58.com.ve\/site\/2020\/09\/19\/zidane-comunico-que-hazard-no-jugara-hasta-que-este-recuperado-al-100\/","og_locale":"es_ES","og_type":"article","og_title":"Zidane comunic\u00f3 que Hazard no jugara hasta que este recuperado al 100%","og_description":"Deportes","og_url":"https:\/\/digital58.com.ve\/site\/2020\/09\/19\/zidane-comunico-que-hazard-no-jugara-hasta-que-este-recuperado-al-100\/","og_site_name":"Noticias Digital58","article_published_time":"2020-09-19T15:30:52+00:00","og_image":[{"width":676,"height":376,"url":"https:\/\/digital58.com.ve\/site\/wp-content\/uploads\/2020\/09\/lg-156533_637319581571287222.jpg","type":"image\/jpeg"}],"author":"Molero Luis","twitter_card":"summary_large_image","twitter_creator":"@Digital_58","twitter_site":"@villasmilhfoto","twitter_misc":{"Escrito por":"Molero Luis","Tiempo estimado de lectura":"2 minutos"},"schema":{"@context":"https:\/\/schema.org","@graph":[{"@type":"Article","@id":"https:\/\/digital58.com.ve\/site\/2020\/09\/19\/zidane-comunico-que-hazard-no-jugara-hasta-que-este-recuperado-al-100\/#article","isPartOf":{"@id":"https:\/\/digital58.com.ve\/site\/2020\/09\/19\/zidane-comunico-que-hazard-no-jugara-hasta-que-este-recuperado-al-100\/"},"author":{"name":"Molero Luis","@id":"https:\/\/digital58.com.ve\/site\/#\/schema\/person\/c61667ce6845137620ee3f0aaabade17"},"headline":"Zidane comunic\u00f3 que Hazard no jugara hasta que este recuperado al 100%","datePublished":"2020-09-19T15:30:52+00:00","mainEntityOfPage":{"@id":"https:\/\/digital58.com.ve\/site\/2020\/09\/19\/zidane-comunico-que-hazard-no-jugara-hasta-que-este-recuperado-al-100\/"},"wordCount":358,"commentCount":0,"publisher":{"@id":"https:\/\/digital58.com.ve\/site\/#\/schema\/person\/64d1c2e4d0d4fd1b849980c4331c2951"},"image":{"@id":"https:\/\/digital58.com.ve\/site\/2020\/09\/19\/zidane-comunico-que-hazard-no-jugara-hasta-que-este-recuperado-al-100\/#primaryimage"},"thumbnailUrl":"https:\/\/digital58.com.ve\/site\/wp-content\/uploads\/2020\/09\/lg-156533_637319581571287222.jpg","keywords":["Eden Hazard","F\u00fatbol","Internacionales","Marco Asensio","Real Madrid"],"articleSection":["Deportes"],"inLanguage":"es","potentialAction":[{"@type":"CommentAction","name":"Comment","target":["https:\/\/digital58.com.ve\/site\/2020\/09\/19\/zidane-comunico-que-hazard-no-jugara-hasta-que-este-recuperado-al-100\/#respond"]}]},{"@type":"WebPage","@id":"https:\/\/digital58.com.ve\/site\/2020\/09\/19\/zidane-comunico-que-hazard-no-jugara-hasta-que-este-recuperado-al-100\/","url":"https:\/\/digital58.com.ve\/site\/2020\/09\/19\/zidane-comunico-que-hazard-no-jugara-hasta-que-este-recuperado-al-100\/","name":"Zidane comunic\u00f3 que Hazard no jugara hasta que este recuperado al 100%","isPartOf":{"@id":"https:\/\/digital58.com.ve\/site\/#website"},"primaryImageOfPage":{"@id":"https:\/\/digital58.com.ve\/site\/2020\/09\/19\/zidane-comunico-que-hazard-no-jugara-hasta-que-este-recuperado-al-100\/#primaryimage"},"image":{"@id":"https:\/\/digital58.com.ve\/site\/2020\/09\/19\/zidane-comunico-que-hazard-no-jugara-hasta-que-este-recuperado-al-100\/#primaryimage"},"thumbnailUrl":"https:\/\/digital58.com.ve\/site\/wp-content\/uploads\/2020\/09\/lg-156533_637319581571287222.jpg","datePublished":"2020-09-19T15:30:52+00:00","description":"Deportes","breadcrumb":{"@id":"https:\/\/digital58.com.ve\/site\/2020\/09\/19\/zidane-comunico-que-hazard-no-jugara-hasta-que-este-recuperado-al-100\/#breadcrumb"},"inLanguage":"es","potentialAction":[{"@type":"ReadAction","target":["https:\/\/digital58.com.ve\/site\/2020\/09\/19\/zidane-comunico-que-hazard-no-jugara-hasta-que-este-recuperado-al-100\/"]}]},{"@type":"ImageObject","inLanguage":"es","@id":"https:\/\/digital58.com.ve\/site\/2020\/09\/19\/zidane-comunico-que-hazard-no-jugara-hasta-que-este-recuperado-al-100\/#primaryimage","url":"https:\/\/digital58.com.ve\/site\/wp-content\/uploads\/2020\/09\/lg-156533_637319581571287222.jpg","contentUrl":"https:\/\/digital58.com.ve\/site\/wp-content\/uploads\/2020\/09\/lg-156533_637319581571287222.jpg","width":676,"height":376},{"@type":"BreadcrumbList","@id":"https:\/\/digital58.com.ve\/site\/2020\/09\/19\/zidane-comunico-que-hazard-no-jugara-hasta-que-este-recuperado-al-100\/#breadcrumb","itemListElement":[{"@type":"ListItem","position":1,"name":"Home","item":"https:\/\/digital58.com.ve\/site\/"},{"@type":"ListItem","position":2,"name":"Zidane comunic\u00f3 que Hazard no jugara hasta que este recuperado al 100%"}]},{"@type":"WebSite","@id":"https:\/\/digital58.com.ve\/site\/#website","url":"https:\/\/digital58.com.ve\/site\/","name":"Noticias Digital58","description":"Portal de Noticias \u00a1Periodismo web de verdad! Lanzamiento web 22.11.2005 \/ Maracaibo, Venezuela","publisher":{"@id":"https:\/\/digital58.com.ve\/site\/#\/schema\/person\/64d1c2e4d0d4fd1b849980c4331c2951"},"alternateName":"ND58","potentialAction":[{"@type":"SearchAction","target":{"@type":"EntryPoint","urlTemplate":"https:\/\/digital58.com.ve\/site\/?s={search_term_string}"},"query-input":{"@type":"PropertyValueSpecification","valueRequired":true,"valueName":"search_term_string"}}],"inLanguage":"es"},{"@type":["Person","Organization"],"@id":"https:\/\/digital58.com.ve\/site\/#\/schema\/person\/64d1c2e4d0d4fd1b849980c4331c2951","name":"Villasmil Henry","image":{"@type":"ImageObject","inLanguage":"es","@id":"https:\/\/secure.gravatar.com\/avatar\/bb0c4a2fcb7970138239f7e404ea75757b1b507b28b5ce4c53fbd62d797c5a7c?s=96&d=mm&r=g","url":"https:\/\/secure.gravatar.com\/avatar\/bb0c4a2fcb7970138239f7e404ea75757b1b507b28b5ce4c53fbd62d797c5a7c?s=96&d=mm&r=g","contentUrl":"https:\/\/secure.gravatar.com\/avatar\/bb0c4a2fcb7970138239f7e404ea75757b1b507b28b5ce4c53fbd62d797c5a7c?s=96&d=mm&r=g","caption":"Villasmil Henry"},"logo":{"@id":"https:\/\/secure.gravatar.com\/avatar\/bb0c4a2fcb7970138239f7e404ea75757b1b507b28b5ce4c53fbd62d797c5a7c?s=96&d=mm&r=g"},"sameAs":["http:\/\/www.henryvillasmil.com.ve","https:\/\/www.instagram.com\/villasmilhfoto\/","https:\/\/x.com\/https:\/\/twitter.com\/villasmilhfoto"]},{"@type":"Person","@id":"https:\/\/digital58.com.ve\/site\/#\/schema\/person\/c61667ce6845137620ee3f0aaabade17","name":"Molero Luis","image":{"@type":"ImageObject","inLanguage":"es","@id":"https:\/\/secure.gravatar.com\/avatar\/bf041ec637e3e7405449807deb2f7cf3d2de7c6fa755dd56e985201de9863f2b?s=96&d=mm&r=g","url":"https:\/\/secure.gravatar.com\/avatar\/bf041ec637e3e7405449807deb2f7cf3d2de7c6fa755dd56e985201de9863f2b?s=96&d=mm&r=g","contentUrl":"https:\/\/secure.gravatar.com\/avatar\/bf041ec637e3e7405449807deb2f7cf3d2de7c6fa755dd56e985201de9863f2b?s=96&d=mm&r=g","caption":"Molero Luis"},"url":"https:\/\/digital58.com.ve\/site\/author\/luismolero\/"}]}},"uagb_featured_image_src":{"full":["https:\/\/digital58.com.ve\/site\/wp-content\/uploads\/2020\/09\/lg-156533_637319581571287222.jpg",676,376,false],"thumbnail":["https:\/\/digital58.com.ve\/site\/wp-content\/uploads\/2020\/09\/lg-156533_637319581571287222-150x150.jpg",150,150,true],"medium":["https:\/\/digital58.com.ve\/site\/wp-content\/uploads\/2020\/09\/lg-156533_637319581571287222-300x167.jpg",300,167,true],"medium_large":["https:\/\/digital58.com.ve\/site\/wp-content\/uploads\/2020\/09\/lg-156533_637319581571287222.jpg",676,376,false],"large":["https:\/\/digital58.com.ve\/site\/wp-content\/uploads\/2020\/09\/lg-156533_637319581571287222.jpg",676,376,false],"1536x1536":["https:\/\/digital58.com.ve\/site\/wp-content\/uploads\/2020\/09\/lg-156533_637319581571287222.jpg",676,376,false],"2048x2048":["https:\/\/digital58.com.ve\/site\/wp-content\/uploads\/2020\/09\/lg-156533_637319581571287222.jpg",676,376,false],"colormag-highlighted-post":["https:\/\/digital58.com.ve\/site\/wp-content\/uploads\/2020\/09\/lg-156533_637319581571287222.jpg",392,218,false],"colormag-featured-post-medium":["https:\/\/digital58.com.ve\/site\/wp-content\/uploads\/2020\/09\/lg-156533_637319581571287222.jpg",369,205,false],"colormag-featured-post-small":["https:\/\/digital58.com.ve\/site\/wp-content\/uploads\/2020\/09\/lg-156533_637319581571287222.jpg",130,72,false],"colormag-featured-image":["https:\/\/digital58.com.ve\/site\/wp-content\/uploads\/2020\/09\/lg-156533_637319581571287222.jpg",676,376,false],"colormag-default-news":["https:\/\/digital58.com.ve\/site\/wp-content\/uploads\/2020\/09\/lg-156533_637319581571287222.jpg",150,83,false],"colormag-featured-image-large":["https:\/\/digital58.com.ve\/site\/wp-content\/uploads\/2020\/09\/lg-156533_637319581571287222.jpg",676,376,false]},"uagb_author_info":{"display_name":"Molero Luis","author_link":"https:\/\/digital58.com.ve\/site\/author\/luismolero\/"},"uagb_comment_info":0,"uagb_excerpt":"Tambi\u00e9n trat\u00f3 el t\u00e9cnico franc\u00e9s el estado de Marco Asensio, que sufri\u00f3 un edema en la rodilla operada en un","_links":{"self":[{"href":"https:\/\/digital58.com.ve\/site\/wp-json\/wp\/v2\/posts\/128395","targetHints":{"allow":["GET"]}}],"collection":[{"href":"https:\/\/digital58.com.ve\/site\/wp-json\/wp\/v2\/posts"}],"about":[{"href":"https:\/\/digital58.com.ve\/site\/wp-json\/wp\/v2\/types\/post"}],"author":[{"embeddable":true,"href":"https:\/\/digital58.com.ve\/site\/wp-json\/wp\/v2\/users\/26"}],"replies":[{"embeddable":true,"href":"https:\/\/digital58.com.ve\/site\/wp-json\/wp\/v2\/comments?post=128395"}],"version-history":[{"count":0,"href":"https:\/\/digital58.com.ve\/site\/wp-json\/wp\/v2\/posts\/128395\/revisions"}],"wp:featuredmedia":[{"embeddable":true,"href":"https:\/\/digital58.com.ve\/site\/wp-json\/wp\/v2\/media\/128396"}],"wp:attachment":[{"href":"https:\/\/digital58.com.ve\/site\/wp-json\/wp\/v2\/media?parent=128395"}],"wp:term":[{"taxonomy":"category","embeddable":true,"href":"https:\/\/digital58.com.ve\/site\/wp-json\/wp\/v2\/categories?post=128395"},{"taxonomy":"post_tag","embeddable":true,"href":"https:\/\/digital58.com.ve\/site\/wp-json\/wp\/v2\/tags?post=128395"}],"curies":[{"name":"wp","href":"https:\/\/api.w.org\/{rel}","templated":true}]}}