{"id":128548,"date":"2020-09-20T19:36:30","date_gmt":"2020-09-20T23:36:30","guid":{"rendered":"https:\/\/digital58.com.ve\/site\/?p=128548"},"modified":"2020-09-20T19:36:30","modified_gmt":"2020-09-20T23:36:30","slug":"biden-rechaza-plan-de-trump-para-nominacion-en-corte-suprema-eeuu-antes-de-votacion","status":"publish","type":"post","link":"https:\/\/digital58.com.ve\/site\/2020\/09\/20\/biden-rechaza-plan-de-trump-para-nominacion-en-corte-suprema-eeuu-antes-de-votacion\/","title":{"rendered":"Biden rechaza plan de Trump para nominaci\u00f3n en Corte Suprema EEUU antes de votaci\u00f3n"},"content":{"rendered":"<p><a href=\"https:\/\/digital58.com.ve\/site\/wp-content\/uploads\/2020\/09\/Joe_Biden.jpg\"><img loading=\"lazy\" decoding=\"async\" class=\"aligncenter size-full wp-image-128551\" src=\"https:\/\/digital58.com.ve\/site\/wp-content\/uploads\/2020\/09\/Joe_Biden.jpg\" alt=\"\" width=\"800\" height=\"577\" srcset=\"https:\/\/digital58.com.ve\/site\/wp-content\/uploads\/2020\/09\/Joe_Biden.jpg 800w, https:\/\/digital58.com.ve\/site\/wp-content\/uploads\/2020\/09\/Joe_Biden-300x216.jpg 300w, https:\/\/digital58.com.ve\/site\/wp-content\/uploads\/2020\/09\/Joe_Biden-768x554.jpg 768w\" sizes=\"auto, (max-width: 800px) 100vw, 800px\" \/><\/a><\/p>\n<p>Los comentarios de Biden se conocen el mismo d\u00eda que una segunda senadora republicana objetara el plan de Trump.<\/p>\n<p><strong>Estados Unidos, 20 de septiembre de 2020 (ND58).-<\/strong> El candidato dem\u00f3crata Joe Biden rechaz\u00f3 el domingo como un \u00abcrudo ejercicio de poder pol\u00edtico\u00bb el plan del presidente Donald Trump para llenar una vacante de la Corte Suprema de Estados Unidos antes de una elecci\u00f3n que reforzar\u00eda la mayor\u00eda conservadora de 6-3.<\/p>\n<p>\u00abLos votantes de este pa\u00eds deben ser o\u00eddos (&#8230;) son ellos los que seg\u00fan establece la Constituci\u00f3n deben decidir qui\u00e9n tiene el poder de hacer esta designaci\u00f3n\u00bb, dijo Biden en Filadelfia.<\/p>\n<p>\u00abApresurar esta nominaci\u00f3n a trav\u00e9s del Senado es solo un crudo ejercicio de poder pol\u00edtico\u00bb.<\/p>\n<p>Biden dijo que si gana las elecciones presidenciales del 3 de noviembre, deber\u00eda tener la oportunidad de designar a la pr\u00f3xima persona que ocupar\u00e1 un puesto en la Corte Suprema.<\/p>\n<p>La senadora Lisa Murkowski de Alaska dijo que no apoyaba la iniciativa, convirti\u00e9ndose en la segunda de los 53 republicanos de la c\u00e1mara de 100 miembros en hacer un planteo p\u00fablico tras la muerte de la jueza liberal Ruth Bader Ginsburg el viernes.<\/p>\n<p>La idea de Trump, de llenar r\u00e1pidamente la vacante, desat\u00f3 cr\u00edticas inmediatas de los dem\u00f3cratas, quienes notaron que en 2016 el l\u00edder de la mayor\u00eda republicana en el Senado Mitch McConnell bloque\u00f3 una votaci\u00f3n sobre una nominaci\u00f3n dem\u00f3crata, diciendo que era inapropiado hacerlo en un a\u00f1o electoral.<\/p>\n<p>\u00abNo apoy\u00e9 el aceptar una nominaci\u00f3n ocho meses antes de las elecciones de 2016 para llenar la vacante creada por el fallecimiento del juez (Anthony) Scalia\u00bb, dijo Murkowski en una declaraci\u00f3n.<\/p>\n<p>\u00abAhora estamos a\u00fan m\u00e1s cerca de las elecciones de 2020, a menos de dos meses, y creo que se debe aplicar el mismo criterio\u00bb, a\u00f1adi\u00f3.<\/p>\n<p>La senadora Susan Collins de Maine expres\u00f3 preocupaciones similares el s\u00e1bado. Collins libra en una estrecha batalla por su reelecci\u00f3n, mientras que el actual mandato de Murkowski se extiende dos a\u00f1os m\u00e1s.<\/p>\n<p>Una mayor\u00eda de los estadounidenses, un 62 % incluyendo muchos republicanos, dijeron en un sondeo Reuters\/Ipsos que cre\u00edan que el ganador de las elecciones del 3 de noviembre deber\u00eda ser quien nomine al juez que ocupar\u00e1 el puesto.<\/p><div class=\"tfgkf69eefdfe4ba9f\" ><p style=\"text-align: center;\"><a href=\"https:\/\/t.me\/noticiasdigital58\" target=\"_blank\" rel=\"noopener\"><img class=\"aligncenter size-full wp-image-125363\" src=\"https:\/\/digital58.com.ve\/site\/wp-content\/uploads\/2021\/04\/banner-telegram-web-2021.png\" alt=\"\" width=\"600\" height=\"90\" \/><\/a><\/p><\/div><style type=\"text\/css\">\r\n@media screen and (min-width: 1201px) {\r\n.tfgkf69eefdfe4ba9f {\r\ndisplay: block;\r\n}\r\n}\r\n@media screen and (min-width: 993px) and (max-width: 1200px) {\r\n.tfgkf69eefdfe4ba9f {\r\ndisplay: block;\r\n}\r\n}\r\n@media screen and (min-width: 769px) and (max-width: 992px) {\r\n.tfgkf69eefdfe4ba9f {\r\ndisplay: block;\r\n}\r\n}\r\n@media screen and (min-width: 768px) and (max-width: 768px) {\r\n.tfgkf69eefdfe4ba9f {\r\ndisplay: block;\r\n}\r\n}\r\n@media screen and (max-width: 767px) {\r\n.tfgkf69eefdfe4ba9f {\r\ndisplay: block;\r\n}\r\n}\r\n<\/style>\r\n\n<p><strong>Redacci\u00f3n ND58 | Fuente: Reuters<\/strong><br \/>\n<strong>Edici\u00f3n: Villasmil, Henry<\/strong><br \/>\n<strong>Gr\u00e1fica: Reuters<\/strong><\/p>\n<div style=\"margin-top: 0px; margin-bottom: 0px;\" class=\"sharethis-inline-share-buttons\" ><\/div>","protected":false},"excerpt":{"rendered":"<p>Los comentarios de Biden se conocen el mismo d\u00eda que una segunda senadora republicana objetara el plan de Trump. Estados<\/p>\n","protected":false},"author":1,"featured_media":128551,"comment_status":"open","ping_status":"closed","sticky":false,"template":"","format":"standard","meta":{"colormag_page_container_layout":"default_layout","colormag_page_sidebar_layout":"default_layout","_uag_custom_page_level_css":"","footnotes":""},"categories":[8610],"tags":[1558,11013,1304,8,961,14326],"class_list":["post-128548","post","type-post","status-publish","format-standard","has-post-thumbnail","hentry","category-politica","tag-donald-trump","tag-elecciones-presidenciales","tag-estados-unidos","tag-internacionales","tag-joe-biden","tag-politica-internacional"],"yoast_head":"<!-- This site is optimized with the Yoast SEO plugin v27.4 - https:\/\/yoast.com\/product\/yoast-seo-wordpress\/ -->\n<title>Biden rechaza plan de Trump para nominaci\u00f3n en Corte Suprema EEUU antes de votaci\u00f3n<\/title>\n<meta name=\"description\" content=\"Pol\u00edtica\" \/>\n<meta name=\"robots\" content=\"index, follow, max-snippet:-1, max-image-preview:large, max-video-preview:-1\" \/>\n<link rel=\"canonical\" href=\"https:\/\/digital58.com.ve\/site\/2020\/09\/20\/biden-rechaza-plan-de-trump-para-nominacion-en-corte-suprema-eeuu-antes-de-votacion\/\" \/>\n<meta property=\"og:locale\" content=\"es_ES\" \/>\n<meta property=\"og:type\" content=\"article\" \/>\n<meta property=\"og:title\" content=\"Biden rechaza plan de Trump para nominaci\u00f3n en Corte Suprema EEUU antes de votaci\u00f3n\" \/>\n<meta property=\"og:description\" content=\"Pol\u00edtica\" \/>\n<meta property=\"og:url\" content=\"https:\/\/digital58.com.ve\/site\/2020\/09\/20\/biden-rechaza-plan-de-trump-para-nominacion-en-corte-suprema-eeuu-antes-de-votacion\/\" \/>\n<meta property=\"og:site_name\" content=\"Noticias Digital58\" \/>\n<meta property=\"article:published_time\" content=\"2020-09-20T23:36:30+00:00\" \/>\n<meta property=\"og:image\" content=\"https:\/\/digital58.com.ve\/site\/wp-content\/uploads\/2020\/09\/Joe_Biden.jpg\" \/>\n\t<meta property=\"og:image:width\" content=\"800\" \/>\n\t<meta property=\"og:image:height\" content=\"577\" \/>\n\t<meta property=\"og:image:type\" content=\"image\/jpeg\" \/>\n<meta name=\"author\" content=\"Villasmil Henry\" \/>\n<meta name=\"twitter:card\" content=\"summary_large_image\" \/>\n<meta name=\"twitter:creator\" content=\"@https:\/\/twitter.com\/villasmilhfoto\" \/>\n<meta name=\"twitter:site\" content=\"@villasmilhfoto\" \/>\n<meta name=\"twitter:label1\" content=\"Escrito por\" \/>\n\t<meta name=\"twitter:data1\" content=\"Villasmil Henry\" \/>\n\t<meta name=\"twitter:label2\" content=\"Tiempo estimado de lectura\" \/>\n\t<meta name=\"twitter:data2\" content=\"2 minutos\" \/>\n<script type=\"application\/ld+json\" class=\"yoast-schema-graph\">{\"@context\":\"https:\\\/\\\/schema.org\",\"@graph\":[{\"@type\":\"Article\",\"@id\":\"https:\\\/\\\/digital58.com.ve\\\/site\\\/2020\\\/09\\\/20\\\/biden-rechaza-plan-de-trump-para-nominacion-en-corte-suprema-eeuu-antes-de-votacion\\\/#article\",\"isPartOf\":{\"@id\":\"https:\\\/\\\/digital58.com.ve\\\/site\\\/2020\\\/09\\\/20\\\/biden-rechaza-plan-de-trump-para-nominacion-en-corte-suprema-eeuu-antes-de-votacion\\\/\"},\"author\":{\"name\":\"Villasmil Henry\",\"@id\":\"https:\\\/\\\/digital58.com.ve\\\/site\\\/#\\\/schema\\\/person\\\/64d1c2e4d0d4fd1b849980c4331c2951\"},\"headline\":\"Biden rechaza plan de Trump para nominaci\u00f3n en Corte Suprema EEUU antes de votaci\u00f3n\",\"datePublished\":\"2020-09-20T23:36:30+00:00\",\"mainEntityOfPage\":{\"@id\":\"https:\\\/\\\/digital58.com.ve\\\/site\\\/2020\\\/09\\\/20\\\/biden-rechaza-plan-de-trump-para-nominacion-en-corte-suprema-eeuu-antes-de-votacion\\\/\"},\"wordCount\":421,\"commentCount\":0,\"publisher\":{\"@id\":\"https:\\\/\\\/digital58.com.ve\\\/site\\\/#\\\/schema\\\/person\\\/64d1c2e4d0d4fd1b849980c4331c2951\"},\"image\":{\"@id\":\"https:\\\/\\\/digital58.com.ve\\\/site\\\/2020\\\/09\\\/20\\\/biden-rechaza-plan-de-trump-para-nominacion-en-corte-suprema-eeuu-antes-de-votacion\\\/#primaryimage\"},\"thumbnailUrl\":\"https:\\\/\\\/digital58.com.ve\\\/site\\\/wp-content\\\/uploads\\\/2020\\\/09\\\/Joe_Biden.jpg\",\"keywords\":[\"Donald Trump\",\"Elecciones Presidenciales\",\"Estados Unidos\",\"Internacionales\",\"Joe Biden\",\"Pol\u00edtica internacional\"],\"articleSection\":[\"Pol\u00edtica\"],\"inLanguage\":\"es\",\"potentialAction\":[{\"@type\":\"CommentAction\",\"name\":\"Comment\",\"target\":[\"https:\\\/\\\/digital58.com.ve\\\/site\\\/2020\\\/09\\\/20\\\/biden-rechaza-plan-de-trump-para-nominacion-en-corte-suprema-eeuu-antes-de-votacion\\\/#respond\"]}]},{\"@type\":\"WebPage\",\"@id\":\"https:\\\/\\\/digital58.com.ve\\\/site\\\/2020\\\/09\\\/20\\\/biden-rechaza-plan-de-trump-para-nominacion-en-corte-suprema-eeuu-antes-de-votacion\\\/\",\"url\":\"https:\\\/\\\/digital58.com.ve\\\/site\\\/2020\\\/09\\\/20\\\/biden-rechaza-plan-de-trump-para-nominacion-en-corte-suprema-eeuu-antes-de-votacion\\\/\",\"name\":\"Biden rechaza plan de Trump para nominaci\u00f3n en Corte Suprema EEUU antes de votaci\u00f3n\",\"isPartOf\":{\"@id\":\"https:\\\/\\\/digital58.com.ve\\\/site\\\/#website\"},\"primaryImageOfPage\":{\"@id\":\"https:\\\/\\\/digital58.com.ve\\\/site\\\/2020\\\/09\\\/20\\\/biden-rechaza-plan-de-trump-para-nominacion-en-corte-suprema-eeuu-antes-de-votacion\\\/#primaryimage\"},\"image\":{\"@id\":\"https:\\\/\\\/digital58.com.ve\\\/site\\\/2020\\\/09\\\/20\\\/biden-rechaza-plan-de-trump-para-nominacion-en-corte-suprema-eeuu-antes-de-votacion\\\/#primaryimage\"},\"thumbnailUrl\":\"https:\\\/\\\/digital58.com.ve\\\/site\\\/wp-content\\\/uploads\\\/2020\\\/09\\\/Joe_Biden.jpg\",\"datePublished\":\"2020-09-20T23:36:30+00:00\",\"description\":\"Pol\u00edtica\",\"breadcrumb\":{\"@id\":\"https:\\\/\\\/digital58.com.ve\\\/site\\\/2020\\\/09\\\/20\\\/biden-rechaza-plan-de-trump-para-nominacion-en-corte-suprema-eeuu-antes-de-votacion\\\/#breadcrumb\"},\"inLanguage\":\"es\",\"potentialAction\":[{\"@type\":\"ReadAction\",\"target\":[\"https:\\\/\\\/digital58.com.ve\\\/site\\\/2020\\\/09\\\/20\\\/biden-rechaza-plan-de-trump-para-nominacion-en-corte-suprema-eeuu-antes-de-votacion\\\/\"]}]},{\"@type\":\"ImageObject\",\"inLanguage\":\"es\",\"@id\":\"https:\\\/\\\/digital58.com.ve\\\/site\\\/2020\\\/09\\\/20\\\/biden-rechaza-plan-de-trump-para-nominacion-en-corte-suprema-eeuu-antes-de-votacion\\\/#primaryimage\",\"url\":\"https:\\\/\\\/digital58.com.ve\\\/site\\\/wp-content\\\/uploads\\\/2020\\\/09\\\/Joe_Biden.jpg\",\"contentUrl\":\"https:\\\/\\\/digital58.com.ve\\\/site\\\/wp-content\\\/uploads\\\/2020\\\/09\\\/Joe_Biden.jpg\",\"width\":800,\"height\":577},{\"@type\":\"BreadcrumbList\",\"@id\":\"https:\\\/\\\/digital58.com.ve\\\/site\\\/2020\\\/09\\\/20\\\/biden-rechaza-plan-de-trump-para-nominacion-en-corte-suprema-eeuu-antes-de-votacion\\\/#breadcrumb\",\"itemListElement\":[{\"@type\":\"ListItem\",\"position\":1,\"name\":\"Home\",\"item\":\"https:\\\/\\\/digital58.com.ve\\\/site\\\/\"},{\"@type\":\"ListItem\",\"position\":2,\"name\":\"Biden rechaza plan de Trump para nominaci\u00f3n en Corte Suprema EEUU antes de votaci\u00f3n\"}]},{\"@type\":\"WebSite\",\"@id\":\"https:\\\/\\\/digital58.com.ve\\\/site\\\/#website\",\"url\":\"https:\\\/\\\/digital58.com.ve\\\/site\\\/\",\"name\":\"Noticias Digital58\",\"description\":\"Portal de Noticias \u00a1Periodismo web de verdad! Lanzamiento web 22.11.2005 \\\/ Maracaibo, Venezuela\",\"publisher\":{\"@id\":\"https:\\\/\\\/digital58.com.ve\\\/site\\\/#\\\/schema\\\/person\\\/64d1c2e4d0d4fd1b849980c4331c2951\"},\"alternateName\":\"ND58\",\"potentialAction\":[{\"@type\":\"SearchAction\",\"target\":{\"@type\":\"EntryPoint\",\"urlTemplate\":\"https:\\\/\\\/digital58.com.ve\\\/site\\\/?s={search_term_string}\"},\"query-input\":{\"@type\":\"PropertyValueSpecification\",\"valueRequired\":true,\"valueName\":\"search_term_string\"}}],\"inLanguage\":\"es\"},{\"@type\":[\"Person\",\"Organization\"],\"@id\":\"https:\\\/\\\/digital58.com.ve\\\/site\\\/#\\\/schema\\\/person\\\/64d1c2e4d0d4fd1b849980c4331c2951\",\"name\":\"Villasmil Henry\",\"image\":{\"@type\":\"ImageObject\",\"inLanguage\":\"es\",\"@id\":\"https:\\\/\\\/secure.gravatar.com\\\/avatar\\\/bb0c4a2fcb7970138239f7e404ea75757b1b507b28b5ce4c53fbd62d797c5a7c?s=96&d=mm&r=g\",\"url\":\"https:\\\/\\\/secure.gravatar.com\\\/avatar\\\/bb0c4a2fcb7970138239f7e404ea75757b1b507b28b5ce4c53fbd62d797c5a7c?s=96&d=mm&r=g\",\"contentUrl\":\"https:\\\/\\\/secure.gravatar.com\\\/avatar\\\/bb0c4a2fcb7970138239f7e404ea75757b1b507b28b5ce4c53fbd62d797c5a7c?s=96&d=mm&r=g\",\"caption\":\"Villasmil Henry\"},\"logo\":{\"@id\":\"https:\\\/\\\/secure.gravatar.com\\\/avatar\\\/bb0c4a2fcb7970138239f7e404ea75757b1b507b28b5ce4c53fbd62d797c5a7c?s=96&d=mm&r=g\"},\"sameAs\":[\"http:\\\/\\\/www.henryvillasmil.com.ve\",\"https:\\\/\\\/www.instagram.com\\\/villasmilhfoto\\\/\",\"https:\\\/\\\/x.com\\\/https:\\\/\\\/twitter.com\\\/villasmilhfoto\"],\"url\":\"https:\\\/\\\/digital58.com.ve\\\/site\\\/author\\\/droopy_68\\\/\"}]}<\/script>\n<!-- \/ Yoast SEO plugin. -->","yoast_head_json":{"title":"Biden rechaza plan de Trump para nominaci\u00f3n en Corte Suprema EEUU antes de votaci\u00f3n","description":"Pol\u00edtica","robots":{"index":"index","follow":"follow","max-snippet":"max-snippet:-1","max-image-preview":"max-image-preview:large","max-video-preview":"max-video-preview:-1"},"canonical":"https:\/\/digital58.com.ve\/site\/2020\/09\/20\/biden-rechaza-plan-de-trump-para-nominacion-en-corte-suprema-eeuu-antes-de-votacion\/","og_locale":"es_ES","og_type":"article","og_title":"Biden rechaza plan de Trump para nominaci\u00f3n en Corte Suprema EEUU antes de votaci\u00f3n","og_description":"Pol\u00edtica","og_url":"https:\/\/digital58.com.ve\/site\/2020\/09\/20\/biden-rechaza-plan-de-trump-para-nominacion-en-corte-suprema-eeuu-antes-de-votacion\/","og_site_name":"Noticias Digital58","article_published_time":"2020-09-20T23:36:30+00:00","og_image":[{"width":800,"height":577,"url":"https:\/\/digital58.com.ve\/site\/wp-content\/uploads\/2020\/09\/Joe_Biden.jpg","type":"image\/jpeg"}],"author":"Villasmil Henry","twitter_card":"summary_large_image","twitter_creator":"@https:\/\/twitter.com\/villasmilhfoto","twitter_site":"@villasmilhfoto","twitter_misc":{"Escrito por":"Villasmil Henry","Tiempo estimado de lectura":"2 minutos"},"schema":{"@context":"https:\/\/schema.org","@graph":[{"@type":"Article","@id":"https:\/\/digital58.com.ve\/site\/2020\/09\/20\/biden-rechaza-plan-de-trump-para-nominacion-en-corte-suprema-eeuu-antes-de-votacion\/#article","isPartOf":{"@id":"https:\/\/digital58.com.ve\/site\/2020\/09\/20\/biden-rechaza-plan-de-trump-para-nominacion-en-corte-suprema-eeuu-antes-de-votacion\/"},"author":{"name":"Villasmil Henry","@id":"https:\/\/digital58.com.ve\/site\/#\/schema\/person\/64d1c2e4d0d4fd1b849980c4331c2951"},"headline":"Biden rechaza plan de Trump para nominaci\u00f3n en Corte Suprema EEUU antes de votaci\u00f3n","datePublished":"2020-09-20T23:36:30+00:00","mainEntityOfPage":{"@id":"https:\/\/digital58.com.ve\/site\/2020\/09\/20\/biden-rechaza-plan-de-trump-para-nominacion-en-corte-suprema-eeuu-antes-de-votacion\/"},"wordCount":421,"commentCount":0,"publisher":{"@id":"https:\/\/digital58.com.ve\/site\/#\/schema\/person\/64d1c2e4d0d4fd1b849980c4331c2951"},"image":{"@id":"https:\/\/digital58.com.ve\/site\/2020\/09\/20\/biden-rechaza-plan-de-trump-para-nominacion-en-corte-suprema-eeuu-antes-de-votacion\/#primaryimage"},"thumbnailUrl":"https:\/\/digital58.com.ve\/site\/wp-content\/uploads\/2020\/09\/Joe_Biden.jpg","keywords":["Donald Trump","Elecciones Presidenciales","Estados Unidos","Internacionales","Joe Biden","Pol\u00edtica internacional"],"articleSection":["Pol\u00edtica"],"inLanguage":"es","potentialAction":[{"@type":"CommentAction","name":"Comment","target":["https:\/\/digital58.com.ve\/site\/2020\/09\/20\/biden-rechaza-plan-de-trump-para-nominacion-en-corte-suprema-eeuu-antes-de-votacion\/#respond"]}]},{"@type":"WebPage","@id":"https:\/\/digital58.com.ve\/site\/2020\/09\/20\/biden-rechaza-plan-de-trump-para-nominacion-en-corte-suprema-eeuu-antes-de-votacion\/","url":"https:\/\/digital58.com.ve\/site\/2020\/09\/20\/biden-rechaza-plan-de-trump-para-nominacion-en-corte-suprema-eeuu-antes-de-votacion\/","name":"Biden rechaza plan de Trump para nominaci\u00f3n en Corte Suprema EEUU antes de votaci\u00f3n","isPartOf":{"@id":"https:\/\/digital58.com.ve\/site\/#website"},"primaryImageOfPage":{"@id":"https:\/\/digital58.com.ve\/site\/2020\/09\/20\/biden-rechaza-plan-de-trump-para-nominacion-en-corte-suprema-eeuu-antes-de-votacion\/#primaryimage"},"image":{"@id":"https:\/\/digital58.com.ve\/site\/2020\/09\/20\/biden-rechaza-plan-de-trump-para-nominacion-en-corte-suprema-eeuu-antes-de-votacion\/#primaryimage"},"thumbnailUrl":"https:\/\/digital58.com.ve\/site\/wp-content\/uploads\/2020\/09\/Joe_Biden.jpg","datePublished":"2020-09-20T23:36:30+00:00","description":"Pol\u00edtica","breadcrumb":{"@id":"https:\/\/digital58.com.ve\/site\/2020\/09\/20\/biden-rechaza-plan-de-trump-para-nominacion-en-corte-suprema-eeuu-antes-de-votacion\/#breadcrumb"},"inLanguage":"es","potentialAction":[{"@type":"ReadAction","target":["https:\/\/digital58.com.ve\/site\/2020\/09\/20\/biden-rechaza-plan-de-trump-para-nominacion-en-corte-suprema-eeuu-antes-de-votacion\/"]}]},{"@type":"ImageObject","inLanguage":"es","@id":"https:\/\/digital58.com.ve\/site\/2020\/09\/20\/biden-rechaza-plan-de-trump-para-nominacion-en-corte-suprema-eeuu-antes-de-votacion\/#primaryimage","url":"https:\/\/digital58.com.ve\/site\/wp-content\/uploads\/2020\/09\/Joe_Biden.jpg","contentUrl":"https:\/\/digital58.com.ve\/site\/wp-content\/uploads\/2020\/09\/Joe_Biden.jpg","width":800,"height":577},{"@type":"BreadcrumbList","@id":"https:\/\/digital58.com.ve\/site\/2020\/09\/20\/biden-rechaza-plan-de-trump-para-nominacion-en-corte-suprema-eeuu-antes-de-votacion\/#breadcrumb","itemListElement":[{"@type":"ListItem","position":1,"name":"Home","item":"https:\/\/digital58.com.ve\/site\/"},{"@type":"ListItem","position":2,"name":"Biden rechaza plan de Trump para nominaci\u00f3n en Corte Suprema EEUU antes de votaci\u00f3n"}]},{"@type":"WebSite","@id":"https:\/\/digital58.com.ve\/site\/#website","url":"https:\/\/digital58.com.ve\/site\/","name":"Noticias Digital58","description":"Portal de Noticias \u00a1Periodismo web de verdad! Lanzamiento web 22.11.2005 \/ Maracaibo, Venezuela","publisher":{"@id":"https:\/\/digital58.com.ve\/site\/#\/schema\/person\/64d1c2e4d0d4fd1b849980c4331c2951"},"alternateName":"ND58","potentialAction":[{"@type":"SearchAction","target":{"@type":"EntryPoint","urlTemplate":"https:\/\/digital58.com.ve\/site\/?s={search_term_string}"},"query-input":{"@type":"PropertyValueSpecification","valueRequired":true,"valueName":"search_term_string"}}],"inLanguage":"es"},{"@type":["Person","Organization"],"@id":"https:\/\/digital58.com.ve\/site\/#\/schema\/person\/64d1c2e4d0d4fd1b849980c4331c2951","name":"Villasmil Henry","image":{"@type":"ImageObject","inLanguage":"es","@id":"https:\/\/secure.gravatar.com\/avatar\/bb0c4a2fcb7970138239f7e404ea75757b1b507b28b5ce4c53fbd62d797c5a7c?s=96&d=mm&r=g","url":"https:\/\/secure.gravatar.com\/avatar\/bb0c4a2fcb7970138239f7e404ea75757b1b507b28b5ce4c53fbd62d797c5a7c?s=96&d=mm&r=g","contentUrl":"https:\/\/secure.gravatar.com\/avatar\/bb0c4a2fcb7970138239f7e404ea75757b1b507b28b5ce4c53fbd62d797c5a7c?s=96&d=mm&r=g","caption":"Villasmil Henry"},"logo":{"@id":"https:\/\/secure.gravatar.com\/avatar\/bb0c4a2fcb7970138239f7e404ea75757b1b507b28b5ce4c53fbd62d797c5a7c?s=96&d=mm&r=g"},"sameAs":["http:\/\/www.henryvillasmil.com.ve","https:\/\/www.instagram.com\/villasmilhfoto\/","https:\/\/x.com\/https:\/\/twitter.com\/villasmilhfoto"],"url":"https:\/\/digital58.com.ve\/site\/author\/droopy_68\/"}]}},"uagb_featured_image_src":{"full":["https:\/\/digital58.com.ve\/site\/wp-content\/uploads\/2020\/09\/Joe_Biden.jpg",800,577,false],"thumbnail":["https:\/\/digital58.com.ve\/site\/wp-content\/uploads\/2020\/09\/Joe_Biden-150x150.jpg",150,150,true],"medium":["https:\/\/digital58.com.ve\/site\/wp-content\/uploads\/2020\/09\/Joe_Biden-300x216.jpg",300,216,true],"medium_large":["https:\/\/digital58.com.ve\/site\/wp-content\/uploads\/2020\/09\/Joe_Biden-768x554.jpg",768,554,true],"large":["https:\/\/digital58.com.ve\/site\/wp-content\/uploads\/2020\/09\/Joe_Biden.jpg",800,577,false],"1536x1536":["https:\/\/digital58.com.ve\/site\/wp-content\/uploads\/2020\/09\/Joe_Biden.jpg",800,577,false],"2048x2048":["https:\/\/digital58.com.ve\/site\/wp-content\/uploads\/2020\/09\/Joe_Biden.jpg",800,577,false],"colormag-highlighted-post":["https:\/\/digital58.com.ve\/site\/wp-content\/uploads\/2020\/09\/Joe_Biden.jpg",377,272,false],"colormag-featured-post-medium":["https:\/\/digital58.com.ve\/site\/wp-content\/uploads\/2020\/09\/Joe_Biden.jpg",284,205,false],"colormag-featured-post-small":["https:\/\/digital58.com.ve\/site\/wp-content\/uploads\/2020\/09\/Joe_Biden.jpg",125,90,false],"colormag-featured-image":["https:\/\/digital58.com.ve\/site\/wp-content\/uploads\/2020\/09\/Joe_Biden.jpg",617,445,false],"colormag-default-news":["https:\/\/digital58.com.ve\/site\/wp-content\/uploads\/2020\/09\/Joe_Biden.jpg",150,108,false],"colormag-featured-image-large":["https:\/\/digital58.com.ve\/site\/wp-content\/uploads\/2020\/09\/Joe_Biden.jpg",800,577,false]},"uagb_author_info":{"display_name":"Villasmil Henry","author_link":"https:\/\/digital58.com.ve\/site\/author\/droopy_68\/"},"uagb_comment_info":0,"uagb_excerpt":"Los comentarios de Biden se conocen el mismo d\u00eda que una segunda senadora republicana objetara el plan de Trump. Estados","_links":{"self":[{"href":"https:\/\/digital58.com.ve\/site\/wp-json\/wp\/v2\/posts\/128548","targetHints":{"allow":["GET"]}}],"collection":[{"href":"https:\/\/digital58.com.ve\/site\/wp-json\/wp\/v2\/posts"}],"about":[{"href":"https:\/\/digital58.com.ve\/site\/wp-json\/wp\/v2\/types\/post"}],"author":[{"embeddable":true,"href":"https:\/\/digital58.com.ve\/site\/wp-json\/wp\/v2\/users\/1"}],"replies":[{"embeddable":true,"href":"https:\/\/digital58.com.ve\/site\/wp-json\/wp\/v2\/comments?post=128548"}],"version-history":[{"count":0,"href":"https:\/\/digital58.com.ve\/site\/wp-json\/wp\/v2\/posts\/128548\/revisions"}],"wp:featuredmedia":[{"embeddable":true,"href":"https:\/\/digital58.com.ve\/site\/wp-json\/wp\/v2\/media\/128551"}],"wp:attachment":[{"href":"https:\/\/digital58.com.ve\/site\/wp-json\/wp\/v2\/media?parent=128548"}],"wp:term":[{"taxonomy":"category","embeddable":true,"href":"https:\/\/digital58.com.ve\/site\/wp-json\/wp\/v2\/categories?post=128548"},{"taxonomy":"post_tag","embeddable":true,"href":"https:\/\/digital58.com.ve\/site\/wp-json\/wp\/v2\/tags?post=128548"}],"curies":[{"name":"wp","href":"https:\/\/api.w.org\/{rel}","templated":true}]}}