{"id":128574,"date":"2020-09-20T20:50:55","date_gmt":"2020-09-21T00:50:55","guid":{"rendered":"https:\/\/digital58.com.ve\/site\/?p=128574"},"modified":"2020-09-20T20:50:55","modified_gmt":"2020-09-21T00:50:55","slug":"guaido-es-momento-de-unidad-cohesion-y-accion-para-salvar-a-venezuela","status":"publish","type":"post","link":"https:\/\/digital58.com.ve\/site\/2020\/09\/20\/guaido-es-momento-de-unidad-cohesion-y-accion-para-salvar-a-venezuela\/","title":{"rendered":"Guaid\u00f3: \u00abEs momento de unidad, cohesi\u00f3n y acci\u00f3n para salvar a Venezuela\u00bb"},"content":{"rendered":"<p><a href=\"https:\/\/digital58.com.ve\/site\/wp-content\/uploads\/2020\/08\/guaido-narco-gobierno.jpg\"><img loading=\"lazy\" decoding=\"async\" class=\"aligncenter size-full wp-image-125127\" src=\"https:\/\/digital58.com.ve\/site\/wp-content\/uploads\/2020\/08\/guaido-narco-gobierno.jpg\" alt=\"\" width=\"800\" height=\"534\" srcset=\"https:\/\/digital58.com.ve\/site\/wp-content\/uploads\/2020\/08\/guaido-narco-gobierno.jpg 800w, https:\/\/digital58.com.ve\/site\/wp-content\/uploads\/2020\/08\/guaido-narco-gobierno-300x200.jpg 300w, https:\/\/digital58.com.ve\/site\/wp-content\/uploads\/2020\/08\/guaido-narco-gobierno-768x513.jpg 768w, https:\/\/digital58.com.ve\/site\/wp-content\/uploads\/2020\/08\/guaido-narco-gobierno-720x480.jpg 720w, https:\/\/digital58.com.ve\/site\/wp-content\/uploads\/2020\/08\/guaido-narco-gobierno-480x320.jpg 480w\" sizes=\"auto, (max-width: 800px) 100vw, 800px\" \/><\/a><\/p>\n<p>Consider\u00f3 que la movilizaci\u00f3n ciudadana es necesaria para capitalizar un cambio pol\u00edtico en el pa\u00eds.<\/p>\n<p><strong>Caracas, DC, Venezuela, 20 de septiembre de 2020 (ND58).-<\/strong> El presidente de la Asamblea Nacional y considerado por mas de 40 pa\u00edses presidente interino de Venezuela, Juan Guaid\u00f3, realiz\u00f3 un nuevo llamado a la uni\u00f3n de las fuerzas pol\u00edticas de oposici\u00f3n, con el \u00fanico objetivo de alcanzar el cambio de poder en Venezuela.<\/p>\n<p>A trav\u00e9s de un mensaje en la red social Twitter, que acompa\u00f1o de un v\u00eddeo, Guaid\u00f3 reiter\u00f3 la necesidad de una estrategia conjunta entre los factores de oposici\u00f3n, llamando una vez m\u00e1s a la movilizaci\u00f3n de la ciudadan\u00eda.<\/p>\n<blockquote class=\"twitter-tweet\" data-width=\"550\" data-dnt=\"true\">\n<p lang=\"es\" dir=\"ltr\">El \u00e9xito de nuestra estrategia pasa por ejercer todos los carriles de lucha: la movilizaci\u00f3n interna, la presi\u00f3n internacional, la ayuda humanitaria y el m\u00e1s importante, la uni\u00f3n de todos los factores. <\/p>\n<p>Es momento de unidad, cohesi\u00f3n y acci\u00f3n para salvar a Venezuela. <a href=\"https:\/\/t.co\/U0RUddcu40\">pic.twitter.com\/U0RUddcu40<\/a><\/p>\n<p>&mdash; Juan Guaid\u00f3 (@jguaido) <a href=\"https:\/\/twitter.com\/jguaido\/status\/1307696662735998978?ref_src=twsrc%5Etfw\">September 20, 2020<\/a><\/p><\/blockquote>\n<p><script async src=\"https:\/\/platform.twitter.com\/widgets.js\" charset=\"utf-8\"><\/script><\/p>\n<p>Enfatiz\u00f3 que la presi\u00f3n y apoyo internacional, debe continuar siendo parte del plan de la oposici\u00f3n, para hacer frente al gobierno venezolano.<\/p>\n<p>Se\u00f1al\u00f3 adem\u00e1s, que la ayuda humanitaria, tambi\u00e9n es parte de lo que \u00e9l llam\u00f3 \u00ablos carriles de lucha\u00bb de los venezolanos.<\/p>\n<p>\u00abEs momento de unidad, cohesi\u00f3n y acci\u00f3n para salvar a Venezuela\u00bb, puntualiz\u00f3 y en el audiovisual aclar\u00f3 que \u00abVenezuela no quiere ver a l\u00edderes pol\u00edticos pele\u00e1ndose, sino peleando por ellos\u00bb.<\/p>\n<p>Resalt\u00f3 una vez m\u00e1s, la importancia de rechazar el llamado a elecciones el pr\u00f3ximo 6 de diciembre, que califican como \u00abfraude\u00bb, como parte de la estrategia para enfrentar al gobierno de Nicol\u00e1s Maduro.<\/p>\n<p>Reconoci\u00f3 el valor de la participaci\u00f3n de las organizaciones pol\u00edticas, sociales y civiles, as\u00ed como de la llamada di\u00e1spora venezolana para alcanzar el \u00ab\u00e9xito\u00bb de su estrategia.<\/p><div class=\"telra69f092790cdad\" ><p style=\"text-align: center;\"><a href=\"https:\/\/t.me\/noticiasdigital58\" target=\"_blank\" rel=\"noopener\"><img class=\"aligncenter size-full wp-image-125363\" src=\"https:\/\/digital58.com.ve\/site\/wp-content\/uploads\/2021\/04\/banner-telegram-web-2021.png\" alt=\"\" width=\"600\" height=\"90\" \/><\/a><\/p><\/div><style type=\"text\/css\">\r\n@media screen and (min-width: 1201px) {\r\n.telra69f092790cdad {\r\ndisplay: block;\r\n}\r\n}\r\n@media screen and (min-width: 993px) and (max-width: 1200px) {\r\n.telra69f092790cdad {\r\ndisplay: block;\r\n}\r\n}\r\n@media screen and (min-width: 769px) and (max-width: 992px) {\r\n.telra69f092790cdad {\r\ndisplay: block;\r\n}\r\n}\r\n@media screen and (min-width: 768px) and (max-width: 768px) {\r\n.telra69f092790cdad {\r\ndisplay: block;\r\n}\r\n}\r\n@media screen and (max-width: 767px) {\r\n.telra69f092790cdad {\r\ndisplay: block;\r\n}\r\n}\r\n<\/style>\r\n\n<p><strong>Redacci\u00f3n: Morales, Joel (@joeldmc32) <\/strong><br \/>\n<strong>Edici\u00f3n: Villasmil, Henry <\/strong><br \/>\n<strong>Gr\u00e1fica: Cortes\u00eda<\/strong><\/p>\n<div style=\"margin-top: 0px; margin-bottom: 0px;\" class=\"sharethis-inline-share-buttons\" ><\/div>","protected":false},"excerpt":{"rendered":"<p>Consider\u00f3 que la movilizaci\u00f3n ciudadana es necesaria para capitalizar un cambio pol\u00edtico en el pa\u00eds. Caracas, DC, Venezuela, 20 de<\/p>\n","protected":false},"author":1,"featured_media":114437,"comment_status":"open","ping_status":"closed","sticky":false,"template":"","format":"standard","meta":{"colormag_page_container_layout":"default_layout","colormag_page_sidebar_layout":"default_layout","_uag_custom_page_level_css":"","footnotes":""},"categories":[8610],"tags":[16753,29,11949,233,8605,13258,32],"class_list":["post-128574","post","type-post","status-publish","format-standard","has-post-thumbnail","hentry","category-politica","tag-6d","tag-caracas","tag-juan-guaido","tag-nacionales","tag-oposicion-venezolana","tag-politica-nacional","tag-venezuela"],"yoast_head":"<!-- This site is optimized with the Yoast SEO plugin v27.4 - https:\/\/yoast.com\/product\/yoast-seo-wordpress\/ -->\n<title>Guaid\u00f3: \u00abEs momento de unidad, cohesi\u00f3n y acci\u00f3n para salvar a Venezuela\u00bb<\/title>\n<meta name=\"description\" content=\"Pol\u00edtica\" \/>\n<meta name=\"robots\" content=\"index, follow, max-snippet:-1, max-image-preview:large, max-video-preview:-1\" \/>\n<link rel=\"canonical\" href=\"https:\/\/digital58.com.ve\/site\/2020\/09\/20\/guaido-es-momento-de-unidad-cohesion-y-accion-para-salvar-a-venezuela\/\" \/>\n<meta property=\"og:locale\" content=\"es_ES\" \/>\n<meta property=\"og:type\" content=\"article\" \/>\n<meta property=\"og:title\" content=\"Guaid\u00f3: \u00abEs momento de unidad, cohesi\u00f3n y acci\u00f3n para salvar a Venezuela\u00bb\" \/>\n<meta property=\"og:description\" content=\"Pol\u00edtica\" \/>\n<meta property=\"og:url\" content=\"https:\/\/digital58.com.ve\/site\/2020\/09\/20\/guaido-es-momento-de-unidad-cohesion-y-accion-para-salvar-a-venezuela\/\" \/>\n<meta property=\"og:site_name\" content=\"Noticias Digital58\" \/>\n<meta property=\"article:published_time\" content=\"2020-09-21T00:50:55+00:00\" \/>\n<meta property=\"og:image\" content=\"https:\/\/digital58.com.ve\/site\/wp-content\/uploads\/2020\/07\/JUAN-GUAIDO-COVID-19-600x400-1.jpg\" \/>\n\t<meta property=\"og:image:width\" content=\"600\" \/>\n\t<meta property=\"og:image:height\" content=\"400\" \/>\n\t<meta property=\"og:image:type\" content=\"image\/jpeg\" \/>\n<meta name=\"author\" content=\"Villasmil Henry\" \/>\n<meta name=\"twitter:card\" content=\"summary_large_image\" \/>\n<meta name=\"twitter:creator\" content=\"@https:\/\/twitter.com\/villasmilhfoto\" \/>\n<meta name=\"twitter:site\" content=\"@villasmilhfoto\" \/>\n<meta name=\"twitter:label1\" content=\"Escrito por\" \/>\n\t<meta name=\"twitter:data1\" content=\"Villasmil Henry\" \/>\n\t<meta name=\"twitter:label2\" content=\"Tiempo estimado de lectura\" \/>\n\t<meta name=\"twitter:data2\" content=\"1 minuto\" \/>\n<script type=\"application\/ld+json\" class=\"yoast-schema-graph\">{\"@context\":\"https:\\\/\\\/schema.org\",\"@graph\":[{\"@type\":\"Article\",\"@id\":\"https:\\\/\\\/digital58.com.ve\\\/site\\\/2020\\\/09\\\/20\\\/guaido-es-momento-de-unidad-cohesion-y-accion-para-salvar-a-venezuela\\\/#article\",\"isPartOf\":{\"@id\":\"https:\\\/\\\/digital58.com.ve\\\/site\\\/2020\\\/09\\\/20\\\/guaido-es-momento-de-unidad-cohesion-y-accion-para-salvar-a-venezuela\\\/\"},\"author\":{\"name\":\"Villasmil Henry\",\"@id\":\"https:\\\/\\\/digital58.com.ve\\\/site\\\/#\\\/schema\\\/person\\\/64d1c2e4d0d4fd1b849980c4331c2951\"},\"headline\":\"Guaid\u00f3: \u00abEs momento de unidad, cohesi\u00f3n y acci\u00f3n para salvar a Venezuela\u00bb\",\"datePublished\":\"2020-09-21T00:50:55+00:00\",\"mainEntityOfPage\":{\"@id\":\"https:\\\/\\\/digital58.com.ve\\\/site\\\/2020\\\/09\\\/20\\\/guaido-es-momento-de-unidad-cohesion-y-accion-para-salvar-a-venezuela\\\/\"},\"wordCount\":300,\"commentCount\":0,\"publisher\":{\"@id\":\"https:\\\/\\\/digital58.com.ve\\\/site\\\/#\\\/schema\\\/person\\\/64d1c2e4d0d4fd1b849980c4331c2951\"},\"image\":{\"@id\":\"https:\\\/\\\/digital58.com.ve\\\/site\\\/2020\\\/09\\\/20\\\/guaido-es-momento-de-unidad-cohesion-y-accion-para-salvar-a-venezuela\\\/#primaryimage\"},\"thumbnailUrl\":\"https:\\\/\\\/digital58.com.ve\\\/site\\\/wp-content\\\/uploads\\\/2020\\\/07\\\/JUAN-GUAIDO-COVID-19-600x400-1.jpg\",\"keywords\":[\"6D\",\"Caracas\",\"Juan Guaid\u00f3\",\"Nacionales\",\"Oposici\u00f3n Venezolana\",\"Pol\u00edtica Nacional\",\"Venezuela\"],\"articleSection\":[\"Pol\u00edtica\"],\"inLanguage\":\"es\",\"potentialAction\":[{\"@type\":\"CommentAction\",\"name\":\"Comment\",\"target\":[\"https:\\\/\\\/digital58.com.ve\\\/site\\\/2020\\\/09\\\/20\\\/guaido-es-momento-de-unidad-cohesion-y-accion-para-salvar-a-venezuela\\\/#respond\"]}]},{\"@type\":\"WebPage\",\"@id\":\"https:\\\/\\\/digital58.com.ve\\\/site\\\/2020\\\/09\\\/20\\\/guaido-es-momento-de-unidad-cohesion-y-accion-para-salvar-a-venezuela\\\/\",\"url\":\"https:\\\/\\\/digital58.com.ve\\\/site\\\/2020\\\/09\\\/20\\\/guaido-es-momento-de-unidad-cohesion-y-accion-para-salvar-a-venezuela\\\/\",\"name\":\"Guaid\u00f3: \u00abEs momento de unidad, cohesi\u00f3n y acci\u00f3n para salvar a Venezuela\u00bb\",\"isPartOf\":{\"@id\":\"https:\\\/\\\/digital58.com.ve\\\/site\\\/#website\"},\"primaryImageOfPage\":{\"@id\":\"https:\\\/\\\/digital58.com.ve\\\/site\\\/2020\\\/09\\\/20\\\/guaido-es-momento-de-unidad-cohesion-y-accion-para-salvar-a-venezuela\\\/#primaryimage\"},\"image\":{\"@id\":\"https:\\\/\\\/digital58.com.ve\\\/site\\\/2020\\\/09\\\/20\\\/guaido-es-momento-de-unidad-cohesion-y-accion-para-salvar-a-venezuela\\\/#primaryimage\"},\"thumbnailUrl\":\"https:\\\/\\\/digital58.com.ve\\\/site\\\/wp-content\\\/uploads\\\/2020\\\/07\\\/JUAN-GUAIDO-COVID-19-600x400-1.jpg\",\"datePublished\":\"2020-09-21T00:50:55+00:00\",\"description\":\"Pol\u00edtica\",\"breadcrumb\":{\"@id\":\"https:\\\/\\\/digital58.com.ve\\\/site\\\/2020\\\/09\\\/20\\\/guaido-es-momento-de-unidad-cohesion-y-accion-para-salvar-a-venezuela\\\/#breadcrumb\"},\"inLanguage\":\"es\",\"potentialAction\":[{\"@type\":\"ReadAction\",\"target\":[\"https:\\\/\\\/digital58.com.ve\\\/site\\\/2020\\\/09\\\/20\\\/guaido-es-momento-de-unidad-cohesion-y-accion-para-salvar-a-venezuela\\\/\"]}]},{\"@type\":\"ImageObject\",\"inLanguage\":\"es\",\"@id\":\"https:\\\/\\\/digital58.com.ve\\\/site\\\/2020\\\/09\\\/20\\\/guaido-es-momento-de-unidad-cohesion-y-accion-para-salvar-a-venezuela\\\/#primaryimage\",\"url\":\"https:\\\/\\\/digital58.com.ve\\\/site\\\/wp-content\\\/uploads\\\/2020\\\/07\\\/JUAN-GUAIDO-COVID-19-600x400-1.jpg\",\"contentUrl\":\"https:\\\/\\\/digital58.com.ve\\\/site\\\/wp-content\\\/uploads\\\/2020\\\/07\\\/JUAN-GUAIDO-COVID-19-600x400-1.jpg\",\"width\":600,\"height\":400},{\"@type\":\"BreadcrumbList\",\"@id\":\"https:\\\/\\\/digital58.com.ve\\\/site\\\/2020\\\/09\\\/20\\\/guaido-es-momento-de-unidad-cohesion-y-accion-para-salvar-a-venezuela\\\/#breadcrumb\",\"itemListElement\":[{\"@type\":\"ListItem\",\"position\":1,\"name\":\"Home\",\"item\":\"https:\\\/\\\/digital58.com.ve\\\/site\\\/\"},{\"@type\":\"ListItem\",\"position\":2,\"name\":\"Guaid\u00f3: \u00abEs momento de unidad, cohesi\u00f3n y acci\u00f3n para salvar a Venezuela\u00bb\"}]},{\"@type\":\"WebSite\",\"@id\":\"https:\\\/\\\/digital58.com.ve\\\/site\\\/#website\",\"url\":\"https:\\\/\\\/digital58.com.ve\\\/site\\\/\",\"name\":\"Noticias Digital58\",\"description\":\"Portal de Noticias \u00a1Periodismo web de verdad! Lanzamiento web 22.11.2005 \\\/ Maracaibo, Venezuela\",\"publisher\":{\"@id\":\"https:\\\/\\\/digital58.com.ve\\\/site\\\/#\\\/schema\\\/person\\\/64d1c2e4d0d4fd1b849980c4331c2951\"},\"alternateName\":\"ND58\",\"potentialAction\":[{\"@type\":\"SearchAction\",\"target\":{\"@type\":\"EntryPoint\",\"urlTemplate\":\"https:\\\/\\\/digital58.com.ve\\\/site\\\/?s={search_term_string}\"},\"query-input\":{\"@type\":\"PropertyValueSpecification\",\"valueRequired\":true,\"valueName\":\"search_term_string\"}}],\"inLanguage\":\"es\"},{\"@type\":[\"Person\",\"Organization\"],\"@id\":\"https:\\\/\\\/digital58.com.ve\\\/site\\\/#\\\/schema\\\/person\\\/64d1c2e4d0d4fd1b849980c4331c2951\",\"name\":\"Villasmil Henry\",\"image\":{\"@type\":\"ImageObject\",\"inLanguage\":\"es\",\"@id\":\"https:\\\/\\\/secure.gravatar.com\\\/avatar\\\/bb0c4a2fcb7970138239f7e404ea75757b1b507b28b5ce4c53fbd62d797c5a7c?s=96&d=mm&r=g\",\"url\":\"https:\\\/\\\/secure.gravatar.com\\\/avatar\\\/bb0c4a2fcb7970138239f7e404ea75757b1b507b28b5ce4c53fbd62d797c5a7c?s=96&d=mm&r=g\",\"contentUrl\":\"https:\\\/\\\/secure.gravatar.com\\\/avatar\\\/bb0c4a2fcb7970138239f7e404ea75757b1b507b28b5ce4c53fbd62d797c5a7c?s=96&d=mm&r=g\",\"caption\":\"Villasmil Henry\"},\"logo\":{\"@id\":\"https:\\\/\\\/secure.gravatar.com\\\/avatar\\\/bb0c4a2fcb7970138239f7e404ea75757b1b507b28b5ce4c53fbd62d797c5a7c?s=96&d=mm&r=g\"},\"sameAs\":[\"http:\\\/\\\/www.henryvillasmil.com.ve\",\"https:\\\/\\\/www.instagram.com\\\/villasmilhfoto\\\/\",\"https:\\\/\\\/x.com\\\/https:\\\/\\\/twitter.com\\\/villasmilhfoto\"],\"url\":\"https:\\\/\\\/digital58.com.ve\\\/site\\\/author\\\/droopy_68\\\/\"}]}<\/script>\n<!-- \/ Yoast SEO plugin. -->","yoast_head_json":{"title":"Guaid\u00f3: \u00abEs momento de unidad, cohesi\u00f3n y acci\u00f3n para salvar a Venezuela\u00bb","description":"Pol\u00edtica","robots":{"index":"index","follow":"follow","max-snippet":"max-snippet:-1","max-image-preview":"max-image-preview:large","max-video-preview":"max-video-preview:-1"},"canonical":"https:\/\/digital58.com.ve\/site\/2020\/09\/20\/guaido-es-momento-de-unidad-cohesion-y-accion-para-salvar-a-venezuela\/","og_locale":"es_ES","og_type":"article","og_title":"Guaid\u00f3: \u00abEs momento de unidad, cohesi\u00f3n y acci\u00f3n para salvar a Venezuela\u00bb","og_description":"Pol\u00edtica","og_url":"https:\/\/digital58.com.ve\/site\/2020\/09\/20\/guaido-es-momento-de-unidad-cohesion-y-accion-para-salvar-a-venezuela\/","og_site_name":"Noticias Digital58","article_published_time":"2020-09-21T00:50:55+00:00","og_image":[{"width":600,"height":400,"url":"https:\/\/digital58.com.ve\/site\/wp-content\/uploads\/2020\/07\/JUAN-GUAIDO-COVID-19-600x400-1.jpg","type":"image\/jpeg"}],"author":"Villasmil Henry","twitter_card":"summary_large_image","twitter_creator":"@https:\/\/twitter.com\/villasmilhfoto","twitter_site":"@villasmilhfoto","twitter_misc":{"Escrito por":"Villasmil Henry","Tiempo estimado de lectura":"1 minuto"},"schema":{"@context":"https:\/\/schema.org","@graph":[{"@type":"Article","@id":"https:\/\/digital58.com.ve\/site\/2020\/09\/20\/guaido-es-momento-de-unidad-cohesion-y-accion-para-salvar-a-venezuela\/#article","isPartOf":{"@id":"https:\/\/digital58.com.ve\/site\/2020\/09\/20\/guaido-es-momento-de-unidad-cohesion-y-accion-para-salvar-a-venezuela\/"},"author":{"name":"Villasmil Henry","@id":"https:\/\/digital58.com.ve\/site\/#\/schema\/person\/64d1c2e4d0d4fd1b849980c4331c2951"},"headline":"Guaid\u00f3: \u00abEs momento de unidad, cohesi\u00f3n y acci\u00f3n para salvar a Venezuela\u00bb","datePublished":"2020-09-21T00:50:55+00:00","mainEntityOfPage":{"@id":"https:\/\/digital58.com.ve\/site\/2020\/09\/20\/guaido-es-momento-de-unidad-cohesion-y-accion-para-salvar-a-venezuela\/"},"wordCount":300,"commentCount":0,"publisher":{"@id":"https:\/\/digital58.com.ve\/site\/#\/schema\/person\/64d1c2e4d0d4fd1b849980c4331c2951"},"image":{"@id":"https:\/\/digital58.com.ve\/site\/2020\/09\/20\/guaido-es-momento-de-unidad-cohesion-y-accion-para-salvar-a-venezuela\/#primaryimage"},"thumbnailUrl":"https:\/\/digital58.com.ve\/site\/wp-content\/uploads\/2020\/07\/JUAN-GUAIDO-COVID-19-600x400-1.jpg","keywords":["6D","Caracas","Juan Guaid\u00f3","Nacionales","Oposici\u00f3n Venezolana","Pol\u00edtica Nacional","Venezuela"],"articleSection":["Pol\u00edtica"],"inLanguage":"es","potentialAction":[{"@type":"CommentAction","name":"Comment","target":["https:\/\/digital58.com.ve\/site\/2020\/09\/20\/guaido-es-momento-de-unidad-cohesion-y-accion-para-salvar-a-venezuela\/#respond"]}]},{"@type":"WebPage","@id":"https:\/\/digital58.com.ve\/site\/2020\/09\/20\/guaido-es-momento-de-unidad-cohesion-y-accion-para-salvar-a-venezuela\/","url":"https:\/\/digital58.com.ve\/site\/2020\/09\/20\/guaido-es-momento-de-unidad-cohesion-y-accion-para-salvar-a-venezuela\/","name":"Guaid\u00f3: \u00abEs momento de unidad, cohesi\u00f3n y acci\u00f3n para salvar a Venezuela\u00bb","isPartOf":{"@id":"https:\/\/digital58.com.ve\/site\/#website"},"primaryImageOfPage":{"@id":"https:\/\/digital58.com.ve\/site\/2020\/09\/20\/guaido-es-momento-de-unidad-cohesion-y-accion-para-salvar-a-venezuela\/#primaryimage"},"image":{"@id":"https:\/\/digital58.com.ve\/site\/2020\/09\/20\/guaido-es-momento-de-unidad-cohesion-y-accion-para-salvar-a-venezuela\/#primaryimage"},"thumbnailUrl":"https:\/\/digital58.com.ve\/site\/wp-content\/uploads\/2020\/07\/JUAN-GUAIDO-COVID-19-600x400-1.jpg","datePublished":"2020-09-21T00:50:55+00:00","description":"Pol\u00edtica","breadcrumb":{"@id":"https:\/\/digital58.com.ve\/site\/2020\/09\/20\/guaido-es-momento-de-unidad-cohesion-y-accion-para-salvar-a-venezuela\/#breadcrumb"},"inLanguage":"es","potentialAction":[{"@type":"ReadAction","target":["https:\/\/digital58.com.ve\/site\/2020\/09\/20\/guaido-es-momento-de-unidad-cohesion-y-accion-para-salvar-a-venezuela\/"]}]},{"@type":"ImageObject","inLanguage":"es","@id":"https:\/\/digital58.com.ve\/site\/2020\/09\/20\/guaido-es-momento-de-unidad-cohesion-y-accion-para-salvar-a-venezuela\/#primaryimage","url":"https:\/\/digital58.com.ve\/site\/wp-content\/uploads\/2020\/07\/JUAN-GUAIDO-COVID-19-600x400-1.jpg","contentUrl":"https:\/\/digital58.com.ve\/site\/wp-content\/uploads\/2020\/07\/JUAN-GUAIDO-COVID-19-600x400-1.jpg","width":600,"height":400},{"@type":"BreadcrumbList","@id":"https:\/\/digital58.com.ve\/site\/2020\/09\/20\/guaido-es-momento-de-unidad-cohesion-y-accion-para-salvar-a-venezuela\/#breadcrumb","itemListElement":[{"@type":"ListItem","position":1,"name":"Home","item":"https:\/\/digital58.com.ve\/site\/"},{"@type":"ListItem","position":2,"name":"Guaid\u00f3: \u00abEs momento de unidad, cohesi\u00f3n y acci\u00f3n para salvar a Venezuela\u00bb"}]},{"@type":"WebSite","@id":"https:\/\/digital58.com.ve\/site\/#website","url":"https:\/\/digital58.com.ve\/site\/","name":"Noticias Digital58","description":"Portal de Noticias \u00a1Periodismo web de verdad! Lanzamiento web 22.11.2005 \/ Maracaibo, Venezuela","publisher":{"@id":"https:\/\/digital58.com.ve\/site\/#\/schema\/person\/64d1c2e4d0d4fd1b849980c4331c2951"},"alternateName":"ND58","potentialAction":[{"@type":"SearchAction","target":{"@type":"EntryPoint","urlTemplate":"https:\/\/digital58.com.ve\/site\/?s={search_term_string}"},"query-input":{"@type":"PropertyValueSpecification","valueRequired":true,"valueName":"search_term_string"}}],"inLanguage":"es"},{"@type":["Person","Organization"],"@id":"https:\/\/digital58.com.ve\/site\/#\/schema\/person\/64d1c2e4d0d4fd1b849980c4331c2951","name":"Villasmil Henry","image":{"@type":"ImageObject","inLanguage":"es","@id":"https:\/\/secure.gravatar.com\/avatar\/bb0c4a2fcb7970138239f7e404ea75757b1b507b28b5ce4c53fbd62d797c5a7c?s=96&d=mm&r=g","url":"https:\/\/secure.gravatar.com\/avatar\/bb0c4a2fcb7970138239f7e404ea75757b1b507b28b5ce4c53fbd62d797c5a7c?s=96&d=mm&r=g","contentUrl":"https:\/\/secure.gravatar.com\/avatar\/bb0c4a2fcb7970138239f7e404ea75757b1b507b28b5ce4c53fbd62d797c5a7c?s=96&d=mm&r=g","caption":"Villasmil Henry"},"logo":{"@id":"https:\/\/secure.gravatar.com\/avatar\/bb0c4a2fcb7970138239f7e404ea75757b1b507b28b5ce4c53fbd62d797c5a7c?s=96&d=mm&r=g"},"sameAs":["http:\/\/www.henryvillasmil.com.ve","https:\/\/www.instagram.com\/villasmilhfoto\/","https:\/\/x.com\/https:\/\/twitter.com\/villasmilhfoto"],"url":"https:\/\/digital58.com.ve\/site\/author\/droopy_68\/"}]}},"uagb_featured_image_src":{"full":["https:\/\/digital58.com.ve\/site\/wp-content\/uploads\/2020\/07\/JUAN-GUAIDO-COVID-19-600x400-1.jpg",600,400,false],"thumbnail":["https:\/\/digital58.com.ve\/site\/wp-content\/uploads\/2020\/07\/JUAN-GUAIDO-COVID-19-600x400-1-150x150.jpg",150,150,true],"medium":["https:\/\/digital58.com.ve\/site\/wp-content\/uploads\/2020\/07\/JUAN-GUAIDO-COVID-19-600x400-1-300x200.jpg",300,200,true],"medium_large":["https:\/\/digital58.com.ve\/site\/wp-content\/uploads\/2020\/07\/JUAN-GUAIDO-COVID-19-600x400-1.jpg",600,400,false],"large":["https:\/\/digital58.com.ve\/site\/wp-content\/uploads\/2020\/07\/JUAN-GUAIDO-COVID-19-600x400-1.jpg",600,400,false],"1536x1536":["https:\/\/digital58.com.ve\/site\/wp-content\/uploads\/2020\/07\/JUAN-GUAIDO-COVID-19-600x400-1.jpg",600,400,false],"2048x2048":["https:\/\/digital58.com.ve\/site\/wp-content\/uploads\/2020\/07\/JUAN-GUAIDO-COVID-19-600x400-1.jpg",600,400,false],"colormag-highlighted-post":["https:\/\/digital58.com.ve\/site\/wp-content\/uploads\/2020\/07\/JUAN-GUAIDO-COVID-19-600x400-1.jpg",392,261,false],"colormag-featured-post-medium":["https:\/\/digital58.com.ve\/site\/wp-content\/uploads\/2020\/07\/JUAN-GUAIDO-COVID-19-600x400-1.jpg",308,205,false],"colormag-featured-post-small":["https:\/\/digital58.com.ve\/site\/wp-content\/uploads\/2020\/07\/JUAN-GUAIDO-COVID-19-600x400-1.jpg",130,87,false],"colormag-featured-image":["https:\/\/digital58.com.ve\/site\/wp-content\/uploads\/2020\/07\/JUAN-GUAIDO-COVID-19-600x400-1.jpg",600,400,false],"colormag-default-news":["https:\/\/digital58.com.ve\/site\/wp-content\/uploads\/2020\/07\/JUAN-GUAIDO-COVID-19-600x400-1.jpg",150,100,false],"colormag-featured-image-large":["https:\/\/digital58.com.ve\/site\/wp-content\/uploads\/2020\/07\/JUAN-GUAIDO-COVID-19-600x400-1.jpg",600,400,false]},"uagb_author_info":{"display_name":"Villasmil Henry","author_link":"https:\/\/digital58.com.ve\/site\/author\/droopy_68\/"},"uagb_comment_info":0,"uagb_excerpt":"Consider\u00f3 que la movilizaci\u00f3n ciudadana es necesaria para capitalizar un cambio pol\u00edtico en el pa\u00eds. Caracas, DC, Venezuela, 20 de","_links":{"self":[{"href":"https:\/\/digital58.com.ve\/site\/wp-json\/wp\/v2\/posts\/128574","targetHints":{"allow":["GET"]}}],"collection":[{"href":"https:\/\/digital58.com.ve\/site\/wp-json\/wp\/v2\/posts"}],"about":[{"href":"https:\/\/digital58.com.ve\/site\/wp-json\/wp\/v2\/types\/post"}],"author":[{"embeddable":true,"href":"https:\/\/digital58.com.ve\/site\/wp-json\/wp\/v2\/users\/1"}],"replies":[{"embeddable":true,"href":"https:\/\/digital58.com.ve\/site\/wp-json\/wp\/v2\/comments?post=128574"}],"version-history":[{"count":0,"href":"https:\/\/digital58.com.ve\/site\/wp-json\/wp\/v2\/posts\/128574\/revisions"}],"wp:featuredmedia":[{"embeddable":true,"href":"https:\/\/digital58.com.ve\/site\/wp-json\/wp\/v2\/media\/114437"}],"wp:attachment":[{"href":"https:\/\/digital58.com.ve\/site\/wp-json\/wp\/v2\/media?parent=128574"}],"wp:term":[{"taxonomy":"category","embeddable":true,"href":"https:\/\/digital58.com.ve\/site\/wp-json\/wp\/v2\/categories?post=128574"},{"taxonomy":"post_tag","embeddable":true,"href":"https:\/\/digital58.com.ve\/site\/wp-json\/wp\/v2\/tags?post=128574"}],"curies":[{"name":"wp","href":"https:\/\/api.w.org\/{rel}","templated":true}]}}