{"id":128577,"date":"2020-09-20T21:29:34","date_gmt":"2020-09-21T01:29:34","guid":{"rendered":"https:\/\/digital58.com.ve\/site\/?p=128577"},"modified":"2020-09-20T21:29:34","modified_gmt":"2020-09-21T01:29:34","slug":"motogp-bagnaia-entrega-en-bandeja-la-victoria-a-vinales","status":"publish","type":"post","link":"https:\/\/digital58.com.ve\/site\/2020\/09\/20\/motogp-bagnaia-entrega-en-bandeja-la-victoria-a-vinales\/","title":{"rendered":"#MotoGP Bagnaia entrega en bandeja la victoria a Vi\u00f1ales"},"content":{"rendered":"<p><a href=\"https:\/\/digital58.com.ve\/site\/wp-content\/uploads\/2020\/09\/Francesco-_Bagnaia_20_09_20.jpg\"><img loading=\"lazy\" decoding=\"async\" class=\"aligncenter size-full wp-image-128580\" src=\"https:\/\/digital58.com.ve\/site\/wp-content\/uploads\/2020\/09\/Francesco-_Bagnaia_20_09_20.jpg\" alt=\"\" width=\"900\" height=\"600\" srcset=\"https:\/\/digital58.com.ve\/site\/wp-content\/uploads\/2020\/09\/Francesco-_Bagnaia_20_09_20.jpg 800w, https:\/\/digital58.com.ve\/site\/wp-content\/uploads\/2020\/09\/Francesco-_Bagnaia_20_09_20-300x200.jpg 300w, https:\/\/digital58.com.ve\/site\/wp-content\/uploads\/2020\/09\/Francesco-_Bagnaia_20_09_20-768x512.jpg 768w, https:\/\/digital58.com.ve\/site\/wp-content\/uploads\/2020\/09\/Francesco-_Bagnaia_20_09_20-720x480.jpg 720w, https:\/\/digital58.com.ve\/site\/wp-content\/uploads\/2020\/09\/Francesco-_Bagnaia_20_09_20-480x320.jpg 480w\" sizes=\"auto, (max-width: 900px) 100vw, 900px\" \/><\/a><br \/>\nEl italiano Andrea Dovizioso (Ducati Desmosedici GP20), octavo, mantiene el liderato del campeonato del mundo con un s\u00f3lo punto de ventaja sobre Maverick Vi\u00f1ales y Fabio Quartararo.<\/p>\n<p><strong>Italia, 20 de septiembre de 2020 (ND58).-<\/strong> El italiano Francesco \u00abPecco\u00bb Bagnaia (Ducati Desmosedici GP20) entreg\u00f3 en bandeja la victoria al espa\u00f1ol Maverick Vi\u00f1ales (Yamaha YZR M 1), que se convirti\u00f3 en el sexto vencedor de la temporada al ganar el Gran Premio de Emilia Romagna y la Riviera de Rimini en el circuito \u00abMarco Simoncelli\u00bb de Misano Adri\u00e1tico (Italia).<\/p>\n<p>El australiano Jack Miller (Ducati Desmosedici GP20) intent\u00f3 sorprender al espa\u00f1ol Maverick Vi\u00f1ales (Yamaha YZR M 1) en el momento de la salida pero la sorpresa apenas dur\u00f3 unas cuantas curvas pues el autor de la <em>pole position <\/em>recuper\u00f3 la primera plaza para intentar ser \u00e9l quien marcase el ritmo de la carrera perseguido por el propio Miller, el italiano Francesco \u00abPecco\u00bb Bagnaia (Ducati Desmosedici GP2o), el franc\u00e9s Fabio Quartararo (Yamaha YZR M 1), las dos KTM RC 16 de los espa\u00f1oles Pol Espargar\u00f3 e Iker Lecuona, adem\u00e1s de Valentino Rossi (Yamaha YZR M 1), que se fue al suelo en la curva cuatro, pero pudo regresar en \u00faltima posici\u00f3n y todo pundonor intent\u00f3 continuar, hasta que en el \u00faltimo tercio de la carrera vio que su esfuerzo iba a resultar bald\u00edo y opt\u00f3 por entrar en su taller y abandonar.<\/p>\n<p>Poco antes de la ca\u00edda de Rossi se hab\u00eda ido por los suelos el espa\u00f1ol Aleix Espargar\u00f3 (Aprilia RS-GP), desolado por su mala suerte y que en su percance oblig\u00f3 al italiano Franco Morbidelli (Yamaha YZR M 1) a salirse de la pista para evitar la colisi\u00f3n; y poco despu\u00e9s tambi\u00e9n prob\u00f3 la dureza del asfalto el surafricano Brad Binder (KTM RC 16), que intent\u00f3 seguir pero sufri\u00f3 una segunda ca\u00edda casi consecutiva.<\/p>\n<p>Vi\u00f1ales tir\u00f3 con fuerza y s\u00f3lo pudo seguir su estela Bagnaia, uno de los pilotos que mejor ritmo demostr\u00f3 durante los entrenamientos, como tambi\u00e9n Pol Espargar\u00f3, que se instal\u00f3 en la tercera posici\u00f3n, seguido por Fabio Quartararo, mientras que el nuevo l\u00edder del mundial, el italiano Andrea Dovizioso (Ducati Desmosedici GP20), era por entonces und\u00e9cimo.<\/p>\n<p>En la quinta vuelta Bagnaia dio alcance y super\u00f3 a Vi\u00f1ales, con Pol Espargar\u00f3 en una c\u00f3moda tercera plaza a la que no consegu\u00eda llegar Fabio Quartararo, quien de acabar en esa posici\u00f3n recuperaba el liderato en la provisional del mundial.<\/p>\n<p>Bagnaia comenz\u00f3 a marcar su propio ritmo y poco a poco se fue distanciando de Vi\u00f1ales para intentar convertirse en el sexto ganador en siete carreras, despu\u00e9s de las dos victorias de Fabio Quartararo y una de Brad Binder, Andrea Dovizioso, Miguel Oliveira y Franco Morbidelli.<\/p>\n<p><a href=\"https:\/\/digital58.com.ve\/site\/wp-content\/uploads\/2020\/09\/Maverick-Vinales-20-09-20-2.jpg\"><img loading=\"lazy\" decoding=\"async\" class=\"aligncenter size-full wp-image-128578\" src=\"https:\/\/digital58.com.ve\/site\/wp-content\/uploads\/2020\/09\/Maverick-Vinales-20-09-20-2.jpg\" alt=\"\" width=\"900\" height=\"600\" srcset=\"https:\/\/digital58.com.ve\/site\/wp-content\/uploads\/2020\/09\/Maverick-Vinales-20-09-20-2.jpg 800w, https:\/\/digital58.com.ve\/site\/wp-content\/uploads\/2020\/09\/Maverick-Vinales-20-09-20-2-300x200.jpg 300w, https:\/\/digital58.com.ve\/site\/wp-content\/uploads\/2020\/09\/Maverick-Vinales-20-09-20-2-768x512.jpg 768w, https:\/\/digital58.com.ve\/site\/wp-content\/uploads\/2020\/09\/Maverick-Vinales-20-09-20-2-720x480.jpg 720w, https:\/\/digital58.com.ve\/site\/wp-content\/uploads\/2020\/09\/Maverick-Vinales-20-09-20-2-480x320.jpg 480w\" sizes=\"auto, (max-width: 900px) 100vw, 900px\" \/><\/a><\/p>\n<p>En la octava vuelta el australiano Jack Miller tuvo que tomar el camino de su taller con problemas de rendimiento en el tren trasero y en pista se produjo la primera sorpresa de la carrera con el \u00f3ptimo rendimiento del debutante Alex M\u00e1rquez, quien al manillar de la Repsol Honda RC 213 V protagonizaba la mejor carrera desde que subi\u00f3 a MotoGP al rodar en la octava posici\u00f3n entre pilotos de la talla del portugu\u00e9s Miguel Oliveira y el italiano Andrea Dovizioso.<\/p>\n<p>A menos de siete vueltas para el final se produjo otra de las sorpresas de la carrera al rodar por los suelos en la curva seis el l\u00edder \u00abPecco\u00bb Bagnaia, que dej\u00f3 en manos de Vi\u00f1ales el liderato, con Pol Espargar\u00f3 y Fabio Quartararo peleando por la segunda posici\u00f3n, si bien el franc\u00e9s vio la primera advertencia de sanci\u00f3n por exceder los l\u00edmites del circuito en alg\u00fan punto.<\/p>\n<p>Esa pelea propici\u00f3 que Joan Mir se fuese acercando poco a poco a Espargar\u00f3 y Quartararo cuando todav\u00eda quedaban cuatro vueltas para el final de la prueba.<\/p>\n<p><a href=\"https:\/\/digital58.com.ve\/site\/wp-content\/uploads\/2020\/09\/Maverick-Vinales-20-09-20.jpg\"><img loading=\"lazy\" decoding=\"async\" class=\"aligncenter size-full wp-image-128579\" src=\"https:\/\/digital58.com.ve\/site\/wp-content\/uploads\/2020\/09\/Maverick-Vinales-20-09-20.jpg\" alt=\"\" width=\"900\" height=\"600\" srcset=\"https:\/\/digital58.com.ve\/site\/wp-content\/uploads\/2020\/09\/Maverick-Vinales-20-09-20.jpg 800w, https:\/\/digital58.com.ve\/site\/wp-content\/uploads\/2020\/09\/Maverick-Vinales-20-09-20-300x200.jpg 300w, https:\/\/digital58.com.ve\/site\/wp-content\/uploads\/2020\/09\/Maverick-Vinales-20-09-20-768x512.jpg 768w, https:\/\/digital58.com.ve\/site\/wp-content\/uploads\/2020\/09\/Maverick-Vinales-20-09-20-720x480.jpg 720w, https:\/\/digital58.com.ve\/site\/wp-content\/uploads\/2020\/09\/Maverick-Vinales-20-09-20-480x320.jpg 480w\" sizes=\"auto, (max-width: 900px) 100vw, 900px\" \/><\/a><\/p>\n<p>Vi\u00f1ales no cometi\u00f3 errores y se adjudic\u00f3 su primera victoria de la temporada, acompa\u00f1ado en el podio por Joan Mir, que asest\u00f3 un \u00abhachazo\u00bb impresionante por el interior a tres vueltas del final a Fabio Quartararo y poco despu\u00e9s hizo lo propio con Pol Espargar\u00f3, aunque el franc\u00e9s volvi\u00f3 a exceder los l\u00edmites del circuito y fue sancionado con una vuelta larga, que al no cumplir fue sancionado con la p\u00e9rdida de una posici\u00f3n y pas\u00f3 de la tercera a la cuarta plaza, dejando un podio \u00edntegramente espa\u00f1ol.<\/p>\n<p>Tito Rabat (Ducati Desmosedici GP19) no pudo concluir la carrera al sufrir una ca\u00edda en la decimotercera vuelta que le oblig\u00f3 a abandonar, aunque por entonces ya iba en posiciones muy retrasadas, como tampoco Iker Lecuona, que se cay\u00f3 en la entrada a la recta de meta cuando estaba entre los mejores de la categor\u00eda.<\/p><div class=\"tlpen69f0a69b5dd2c\" ><p style=\"text-align: center;\"><a href=\"https:\/\/t.me\/noticiasdigital58\" target=\"_blank\" rel=\"noopener\"><img class=\"aligncenter size-full wp-image-125363\" src=\"https:\/\/digital58.com.ve\/site\/wp-content\/uploads\/2021\/04\/banner-telegram-web-2021.png\" alt=\"\" width=\"600\" height=\"90\" \/><\/a><\/p><\/div><style type=\"text\/css\">\r\n@media screen and (min-width: 1201px) {\r\n.tlpen69f0a69b5dd2c {\r\ndisplay: block;\r\n}\r\n}\r\n@media screen and (min-width: 993px) and (max-width: 1200px) {\r\n.tlpen69f0a69b5dd2c {\r\ndisplay: block;\r\n}\r\n}\r\n@media screen and (min-width: 769px) and (max-width: 992px) {\r\n.tlpen69f0a69b5dd2c {\r\ndisplay: block;\r\n}\r\n}\r\n@media screen and (min-width: 768px) and (max-width: 768px) {\r\n.tlpen69f0a69b5dd2c {\r\ndisplay: block;\r\n}\r\n}\r\n@media screen and (max-width: 767px) {\r\n.tlpen69f0a69b5dd2c {\r\ndisplay: block;\r\n}\r\n}\r\n<\/style>\r\n\n<p><strong>Redacci\u00f3n ND58 | Fuente: EFE<\/strong><br \/>\n<strong>Edici\u00f3n: Villasmil, Henry<\/strong><br \/>\n<strong>Gr\u00e1ficas: EFE<\/strong><\/p>\n<div style=\"margin-top: 0px; margin-bottom: 0px;\" class=\"sharethis-inline-share-buttons\" ><\/div>","protected":false},"excerpt":{"rendered":"<p>El italiano Andrea Dovizioso (Ducati Desmosedici GP20), octavo, mantiene el liderato del campeonato del mundo con un s\u00f3lo punto de<\/p>\n","protected":false},"author":1,"featured_media":128578,"comment_status":"open","ping_status":"closed","sticky":false,"template":"","format":"standard","meta":{"colormag_page_container_layout":"default_layout","colormag_page_sidebar_layout":"default_layout","_uag_custom_page_level_css":"","footnotes":""},"categories":[5402],"tags":[7845,8,42,18840,4716,11405,5483,14509],"class_list":["post-128577","post","type-post","status-publish","format-standard","has-post-thumbnail","hentry","category-deportes","tag-andrea-dovizioso","tag-internacionales","tag-italia","tag-maverick-vinales","tag-motociclismo","tag-motociclismo-internacional","tag-motogp","tag-motogp-2020"],"yoast_head":"<!-- This site is optimized with the Yoast SEO plugin v27.5 - https:\/\/yoast.com\/product\/yoast-seo-wordpress\/ -->\n<title>#MotoGP Bagnaia entrega en bandeja la victoria a Vi\u00f1ales<\/title>\n<meta name=\"description\" content=\"Deportes\" \/>\n<meta name=\"robots\" content=\"index, follow, max-snippet:-1, max-image-preview:large, max-video-preview:-1\" \/>\n<link rel=\"canonical\" href=\"https:\/\/digital58.com.ve\/site\/2020\/09\/20\/motogp-bagnaia-entrega-en-bandeja-la-victoria-a-vinales\/\" \/>\n<meta property=\"og:locale\" content=\"es_ES\" \/>\n<meta property=\"og:type\" content=\"article\" \/>\n<meta property=\"og:title\" content=\"#MotoGP Bagnaia entrega en bandeja la victoria a Vi\u00f1ales\" \/>\n<meta property=\"og:description\" content=\"Deportes\" \/>\n<meta property=\"og:url\" content=\"https:\/\/digital58.com.ve\/site\/2020\/09\/20\/motogp-bagnaia-entrega-en-bandeja-la-victoria-a-vinales\/\" \/>\n<meta property=\"og:site_name\" content=\"Noticias Digital58\" \/>\n<meta property=\"article:published_time\" content=\"2020-09-21T01:29:34+00:00\" \/>\n<meta property=\"og:image\" content=\"https:\/\/digital58.com.ve\/site\/wp-content\/uploads\/2020\/09\/Maverick-Vinales-20-09-20-2.jpg\" \/>\n\t<meta property=\"og:image:width\" content=\"900\" \/>\n\t<meta property=\"og:image:height\" content=\"600\" \/>\n\t<meta property=\"og:image:type\" content=\"image\/jpeg\" \/>\n<meta name=\"author\" content=\"Villasmil Henry\" \/>\n<meta name=\"twitter:card\" content=\"summary_large_image\" \/>\n<meta name=\"twitter:creator\" content=\"@https:\/\/twitter.com\/villasmilhfoto\" \/>\n<meta name=\"twitter:site\" content=\"@villasmilhfoto\" \/>\n<meta name=\"twitter:label1\" content=\"Escrito por\" \/>\n\t<meta name=\"twitter:data1\" content=\"Villasmil Henry\" \/>\n\t<meta name=\"twitter:label2\" content=\"Tiempo estimado de lectura\" \/>\n\t<meta name=\"twitter:data2\" content=\"4 minutos\" \/>\n<script type=\"application\/ld+json\" class=\"yoast-schema-graph\">{\"@context\":\"https:\\\/\\\/schema.org\",\"@graph\":[{\"@type\":\"Article\",\"@id\":\"https:\\\/\\\/digital58.com.ve\\\/site\\\/2020\\\/09\\\/20\\\/motogp-bagnaia-entrega-en-bandeja-la-victoria-a-vinales\\\/#article\",\"isPartOf\":{\"@id\":\"https:\\\/\\\/digital58.com.ve\\\/site\\\/2020\\\/09\\\/20\\\/motogp-bagnaia-entrega-en-bandeja-la-victoria-a-vinales\\\/\"},\"author\":{\"name\":\"Villasmil Henry\",\"@id\":\"https:\\\/\\\/digital58.com.ve\\\/site\\\/#\\\/schema\\\/person\\\/64d1c2e4d0d4fd1b849980c4331c2951\"},\"headline\":\"#MotoGP Bagnaia entrega en bandeja la victoria a Vi\u00f1ales\",\"datePublished\":\"2020-09-21T01:29:34+00:00\",\"mainEntityOfPage\":{\"@id\":\"https:\\\/\\\/digital58.com.ve\\\/site\\\/2020\\\/09\\\/20\\\/motogp-bagnaia-entrega-en-bandeja-la-victoria-a-vinales\\\/\"},\"wordCount\":829,\"commentCount\":0,\"publisher\":{\"@id\":\"https:\\\/\\\/digital58.com.ve\\\/site\\\/#\\\/schema\\\/person\\\/64d1c2e4d0d4fd1b849980c4331c2951\"},\"image\":{\"@id\":\"https:\\\/\\\/digital58.com.ve\\\/site\\\/2020\\\/09\\\/20\\\/motogp-bagnaia-entrega-en-bandeja-la-victoria-a-vinales\\\/#primaryimage\"},\"thumbnailUrl\":\"https:\\\/\\\/digital58.com.ve\\\/site\\\/wp-content\\\/uploads\\\/2020\\\/09\\\/Maverick-Vinales-20-09-20-2.jpg\",\"keywords\":[\"Andrea Dovizioso\",\"Internacionales\",\"Italia\",\"Maverick Vi\u00f1ales\",\"Motociclismo\",\"Motociclismo Internacional\",\"MotoGP\",\"MotoGP 2020\"],\"articleSection\":[\"Deportes\"],\"inLanguage\":\"es\",\"potentialAction\":[{\"@type\":\"CommentAction\",\"name\":\"Comment\",\"target\":[\"https:\\\/\\\/digital58.com.ve\\\/site\\\/2020\\\/09\\\/20\\\/motogp-bagnaia-entrega-en-bandeja-la-victoria-a-vinales\\\/#respond\"]}]},{\"@type\":\"WebPage\",\"@id\":\"https:\\\/\\\/digital58.com.ve\\\/site\\\/2020\\\/09\\\/20\\\/motogp-bagnaia-entrega-en-bandeja-la-victoria-a-vinales\\\/\",\"url\":\"https:\\\/\\\/digital58.com.ve\\\/site\\\/2020\\\/09\\\/20\\\/motogp-bagnaia-entrega-en-bandeja-la-victoria-a-vinales\\\/\",\"name\":\"#MotoGP Bagnaia entrega en bandeja la victoria a Vi\u00f1ales\",\"isPartOf\":{\"@id\":\"https:\\\/\\\/digital58.com.ve\\\/site\\\/#website\"},\"primaryImageOfPage\":{\"@id\":\"https:\\\/\\\/digital58.com.ve\\\/site\\\/2020\\\/09\\\/20\\\/motogp-bagnaia-entrega-en-bandeja-la-victoria-a-vinales\\\/#primaryimage\"},\"image\":{\"@id\":\"https:\\\/\\\/digital58.com.ve\\\/site\\\/2020\\\/09\\\/20\\\/motogp-bagnaia-entrega-en-bandeja-la-victoria-a-vinales\\\/#primaryimage\"},\"thumbnailUrl\":\"https:\\\/\\\/digital58.com.ve\\\/site\\\/wp-content\\\/uploads\\\/2020\\\/09\\\/Maverick-Vinales-20-09-20-2.jpg\",\"datePublished\":\"2020-09-21T01:29:34+00:00\",\"description\":\"Deportes\",\"breadcrumb\":{\"@id\":\"https:\\\/\\\/digital58.com.ve\\\/site\\\/2020\\\/09\\\/20\\\/motogp-bagnaia-entrega-en-bandeja-la-victoria-a-vinales\\\/#breadcrumb\"},\"inLanguage\":\"es\",\"potentialAction\":[{\"@type\":\"ReadAction\",\"target\":[\"https:\\\/\\\/digital58.com.ve\\\/site\\\/2020\\\/09\\\/20\\\/motogp-bagnaia-entrega-en-bandeja-la-victoria-a-vinales\\\/\"]}]},{\"@type\":\"ImageObject\",\"inLanguage\":\"es\",\"@id\":\"https:\\\/\\\/digital58.com.ve\\\/site\\\/2020\\\/09\\\/20\\\/motogp-bagnaia-entrega-en-bandeja-la-victoria-a-vinales\\\/#primaryimage\",\"url\":\"https:\\\/\\\/digital58.com.ve\\\/site\\\/wp-content\\\/uploads\\\/2020\\\/09\\\/Maverick-Vinales-20-09-20-2.jpg\",\"contentUrl\":\"https:\\\/\\\/digital58.com.ve\\\/site\\\/wp-content\\\/uploads\\\/2020\\\/09\\\/Maverick-Vinales-20-09-20-2.jpg\",\"width\":800,\"height\":533},{\"@type\":\"BreadcrumbList\",\"@id\":\"https:\\\/\\\/digital58.com.ve\\\/site\\\/2020\\\/09\\\/20\\\/motogp-bagnaia-entrega-en-bandeja-la-victoria-a-vinales\\\/#breadcrumb\",\"itemListElement\":[{\"@type\":\"ListItem\",\"position\":1,\"name\":\"Home\",\"item\":\"https:\\\/\\\/digital58.com.ve\\\/site\\\/\"},{\"@type\":\"ListItem\",\"position\":2,\"name\":\"#MotoGP Bagnaia entrega en bandeja la victoria a Vi\u00f1ales\"}]},{\"@type\":\"WebSite\",\"@id\":\"https:\\\/\\\/digital58.com.ve\\\/site\\\/#website\",\"url\":\"https:\\\/\\\/digital58.com.ve\\\/site\\\/\",\"name\":\"Noticias Digital58\",\"description\":\"Portal de Noticias \u00a1Periodismo web de verdad! Lanzamiento web 22.11.2005 \\\/ Maracaibo, Venezuela\",\"publisher\":{\"@id\":\"https:\\\/\\\/digital58.com.ve\\\/site\\\/#\\\/schema\\\/person\\\/64d1c2e4d0d4fd1b849980c4331c2951\"},\"alternateName\":\"ND58\",\"potentialAction\":[{\"@type\":\"SearchAction\",\"target\":{\"@type\":\"EntryPoint\",\"urlTemplate\":\"https:\\\/\\\/digital58.com.ve\\\/site\\\/?s={search_term_string}\"},\"query-input\":{\"@type\":\"PropertyValueSpecification\",\"valueRequired\":true,\"valueName\":\"search_term_string\"}}],\"inLanguage\":\"es\"},{\"@type\":[\"Person\",\"Organization\"],\"@id\":\"https:\\\/\\\/digital58.com.ve\\\/site\\\/#\\\/schema\\\/person\\\/64d1c2e4d0d4fd1b849980c4331c2951\",\"name\":\"Villasmil Henry\",\"image\":{\"@type\":\"ImageObject\",\"inLanguage\":\"es\",\"@id\":\"https:\\\/\\\/secure.gravatar.com\\\/avatar\\\/bb0c4a2fcb7970138239f7e404ea75757b1b507b28b5ce4c53fbd62d797c5a7c?s=96&d=mm&r=g\",\"url\":\"https:\\\/\\\/secure.gravatar.com\\\/avatar\\\/bb0c4a2fcb7970138239f7e404ea75757b1b507b28b5ce4c53fbd62d797c5a7c?s=96&d=mm&r=g\",\"contentUrl\":\"https:\\\/\\\/secure.gravatar.com\\\/avatar\\\/bb0c4a2fcb7970138239f7e404ea75757b1b507b28b5ce4c53fbd62d797c5a7c?s=96&d=mm&r=g\",\"caption\":\"Villasmil Henry\"},\"logo\":{\"@id\":\"https:\\\/\\\/secure.gravatar.com\\\/avatar\\\/bb0c4a2fcb7970138239f7e404ea75757b1b507b28b5ce4c53fbd62d797c5a7c?s=96&d=mm&r=g\"},\"sameAs\":[\"http:\\\/\\\/www.henryvillasmil.com.ve\",\"https:\\\/\\\/www.instagram.com\\\/villasmilhfoto\\\/\",\"https:\\\/\\\/x.com\\\/https:\\\/\\\/twitter.com\\\/villasmilhfoto\"],\"url\":\"https:\\\/\\\/digital58.com.ve\\\/site\\\/author\\\/droopy_68\\\/\"}]}<\/script>\n<!-- \/ Yoast SEO plugin. -->","yoast_head_json":{"title":"#MotoGP Bagnaia entrega en bandeja la victoria a Vi\u00f1ales","description":"Deportes","robots":{"index":"index","follow":"follow","max-snippet":"max-snippet:-1","max-image-preview":"max-image-preview:large","max-video-preview":"max-video-preview:-1"},"canonical":"https:\/\/digital58.com.ve\/site\/2020\/09\/20\/motogp-bagnaia-entrega-en-bandeja-la-victoria-a-vinales\/","og_locale":"es_ES","og_type":"article","og_title":"#MotoGP Bagnaia entrega en bandeja la victoria a Vi\u00f1ales","og_description":"Deportes","og_url":"https:\/\/digital58.com.ve\/site\/2020\/09\/20\/motogp-bagnaia-entrega-en-bandeja-la-victoria-a-vinales\/","og_site_name":"Noticias Digital58","article_published_time":"2020-09-21T01:29:34+00:00","og_image":[{"width":900,"height":600,"url":"https:\/\/digital58.com.ve\/site\/wp-content\/uploads\/2020\/09\/Maverick-Vinales-20-09-20-2.jpg","type":"image\/jpeg"}],"author":"Villasmil Henry","twitter_card":"summary_large_image","twitter_creator":"@https:\/\/twitter.com\/villasmilhfoto","twitter_site":"@villasmilhfoto","twitter_misc":{"Escrito por":"Villasmil Henry","Tiempo estimado de lectura":"4 minutos"},"schema":{"@context":"https:\/\/schema.org","@graph":[{"@type":"Article","@id":"https:\/\/digital58.com.ve\/site\/2020\/09\/20\/motogp-bagnaia-entrega-en-bandeja-la-victoria-a-vinales\/#article","isPartOf":{"@id":"https:\/\/digital58.com.ve\/site\/2020\/09\/20\/motogp-bagnaia-entrega-en-bandeja-la-victoria-a-vinales\/"},"author":{"name":"Villasmil Henry","@id":"https:\/\/digital58.com.ve\/site\/#\/schema\/person\/64d1c2e4d0d4fd1b849980c4331c2951"},"headline":"#MotoGP Bagnaia entrega en bandeja la victoria a Vi\u00f1ales","datePublished":"2020-09-21T01:29:34+00:00","mainEntityOfPage":{"@id":"https:\/\/digital58.com.ve\/site\/2020\/09\/20\/motogp-bagnaia-entrega-en-bandeja-la-victoria-a-vinales\/"},"wordCount":829,"commentCount":0,"publisher":{"@id":"https:\/\/digital58.com.ve\/site\/#\/schema\/person\/64d1c2e4d0d4fd1b849980c4331c2951"},"image":{"@id":"https:\/\/digital58.com.ve\/site\/2020\/09\/20\/motogp-bagnaia-entrega-en-bandeja-la-victoria-a-vinales\/#primaryimage"},"thumbnailUrl":"https:\/\/digital58.com.ve\/site\/wp-content\/uploads\/2020\/09\/Maverick-Vinales-20-09-20-2.jpg","keywords":["Andrea Dovizioso","Internacionales","Italia","Maverick Vi\u00f1ales","Motociclismo","Motociclismo Internacional","MotoGP","MotoGP 2020"],"articleSection":["Deportes"],"inLanguage":"es","potentialAction":[{"@type":"CommentAction","name":"Comment","target":["https:\/\/digital58.com.ve\/site\/2020\/09\/20\/motogp-bagnaia-entrega-en-bandeja-la-victoria-a-vinales\/#respond"]}]},{"@type":"WebPage","@id":"https:\/\/digital58.com.ve\/site\/2020\/09\/20\/motogp-bagnaia-entrega-en-bandeja-la-victoria-a-vinales\/","url":"https:\/\/digital58.com.ve\/site\/2020\/09\/20\/motogp-bagnaia-entrega-en-bandeja-la-victoria-a-vinales\/","name":"#MotoGP Bagnaia entrega en bandeja la victoria a Vi\u00f1ales","isPartOf":{"@id":"https:\/\/digital58.com.ve\/site\/#website"},"primaryImageOfPage":{"@id":"https:\/\/digital58.com.ve\/site\/2020\/09\/20\/motogp-bagnaia-entrega-en-bandeja-la-victoria-a-vinales\/#primaryimage"},"image":{"@id":"https:\/\/digital58.com.ve\/site\/2020\/09\/20\/motogp-bagnaia-entrega-en-bandeja-la-victoria-a-vinales\/#primaryimage"},"thumbnailUrl":"https:\/\/digital58.com.ve\/site\/wp-content\/uploads\/2020\/09\/Maverick-Vinales-20-09-20-2.jpg","datePublished":"2020-09-21T01:29:34+00:00","description":"Deportes","breadcrumb":{"@id":"https:\/\/digital58.com.ve\/site\/2020\/09\/20\/motogp-bagnaia-entrega-en-bandeja-la-victoria-a-vinales\/#breadcrumb"},"inLanguage":"es","potentialAction":[{"@type":"ReadAction","target":["https:\/\/digital58.com.ve\/site\/2020\/09\/20\/motogp-bagnaia-entrega-en-bandeja-la-victoria-a-vinales\/"]}]},{"@type":"ImageObject","inLanguage":"es","@id":"https:\/\/digital58.com.ve\/site\/2020\/09\/20\/motogp-bagnaia-entrega-en-bandeja-la-victoria-a-vinales\/#primaryimage","url":"https:\/\/digital58.com.ve\/site\/wp-content\/uploads\/2020\/09\/Maverick-Vinales-20-09-20-2.jpg","contentUrl":"https:\/\/digital58.com.ve\/site\/wp-content\/uploads\/2020\/09\/Maverick-Vinales-20-09-20-2.jpg","width":800,"height":533},{"@type":"BreadcrumbList","@id":"https:\/\/digital58.com.ve\/site\/2020\/09\/20\/motogp-bagnaia-entrega-en-bandeja-la-victoria-a-vinales\/#breadcrumb","itemListElement":[{"@type":"ListItem","position":1,"name":"Home","item":"https:\/\/digital58.com.ve\/site\/"},{"@type":"ListItem","position":2,"name":"#MotoGP Bagnaia entrega en bandeja la victoria a Vi\u00f1ales"}]},{"@type":"WebSite","@id":"https:\/\/digital58.com.ve\/site\/#website","url":"https:\/\/digital58.com.ve\/site\/","name":"Noticias Digital58","description":"Portal de Noticias \u00a1Periodismo web de verdad! Lanzamiento web 22.11.2005 \/ Maracaibo, Venezuela","publisher":{"@id":"https:\/\/digital58.com.ve\/site\/#\/schema\/person\/64d1c2e4d0d4fd1b849980c4331c2951"},"alternateName":"ND58","potentialAction":[{"@type":"SearchAction","target":{"@type":"EntryPoint","urlTemplate":"https:\/\/digital58.com.ve\/site\/?s={search_term_string}"},"query-input":{"@type":"PropertyValueSpecification","valueRequired":true,"valueName":"search_term_string"}}],"inLanguage":"es"},{"@type":["Person","Organization"],"@id":"https:\/\/digital58.com.ve\/site\/#\/schema\/person\/64d1c2e4d0d4fd1b849980c4331c2951","name":"Villasmil Henry","image":{"@type":"ImageObject","inLanguage":"es","@id":"https:\/\/secure.gravatar.com\/avatar\/bb0c4a2fcb7970138239f7e404ea75757b1b507b28b5ce4c53fbd62d797c5a7c?s=96&d=mm&r=g","url":"https:\/\/secure.gravatar.com\/avatar\/bb0c4a2fcb7970138239f7e404ea75757b1b507b28b5ce4c53fbd62d797c5a7c?s=96&d=mm&r=g","contentUrl":"https:\/\/secure.gravatar.com\/avatar\/bb0c4a2fcb7970138239f7e404ea75757b1b507b28b5ce4c53fbd62d797c5a7c?s=96&d=mm&r=g","caption":"Villasmil Henry"},"logo":{"@id":"https:\/\/secure.gravatar.com\/avatar\/bb0c4a2fcb7970138239f7e404ea75757b1b507b28b5ce4c53fbd62d797c5a7c?s=96&d=mm&r=g"},"sameAs":["http:\/\/www.henryvillasmil.com.ve","https:\/\/www.instagram.com\/villasmilhfoto\/","https:\/\/x.com\/https:\/\/twitter.com\/villasmilhfoto"],"url":"https:\/\/digital58.com.ve\/site\/author\/droopy_68\/"}]}},"uagb_featured_image_src":{"full":["https:\/\/digital58.com.ve\/site\/wp-content\/uploads\/2020\/09\/Maverick-Vinales-20-09-20-2.jpg",800,533,false],"thumbnail":["https:\/\/digital58.com.ve\/site\/wp-content\/uploads\/2020\/09\/Maverick-Vinales-20-09-20-2-150x150.jpg",150,150,true],"medium":["https:\/\/digital58.com.ve\/site\/wp-content\/uploads\/2020\/09\/Maverick-Vinales-20-09-20-2-300x200.jpg",300,200,true],"medium_large":["https:\/\/digital58.com.ve\/site\/wp-content\/uploads\/2020\/09\/Maverick-Vinales-20-09-20-2-768x512.jpg",768,512,true],"large":["https:\/\/digital58.com.ve\/site\/wp-content\/uploads\/2020\/09\/Maverick-Vinales-20-09-20-2.jpg",800,533,false],"1536x1536":["https:\/\/digital58.com.ve\/site\/wp-content\/uploads\/2020\/09\/Maverick-Vinales-20-09-20-2.jpg",800,533,false],"2048x2048":["https:\/\/digital58.com.ve\/site\/wp-content\/uploads\/2020\/09\/Maverick-Vinales-20-09-20-2.jpg",800,533,false],"colormag-highlighted-post":["https:\/\/digital58.com.ve\/site\/wp-content\/uploads\/2020\/09\/Maverick-Vinales-20-09-20-2.jpg",392,261,false],"colormag-featured-post-medium":["https:\/\/digital58.com.ve\/site\/wp-content\/uploads\/2020\/09\/Maverick-Vinales-20-09-20-2.jpg",308,205,false],"colormag-featured-post-small":["https:\/\/digital58.com.ve\/site\/wp-content\/uploads\/2020\/09\/Maverick-Vinales-20-09-20-2.jpg",130,87,false],"colormag-featured-image":["https:\/\/digital58.com.ve\/site\/wp-content\/uploads\/2020\/09\/Maverick-Vinales-20-09-20-2.jpg",668,445,false],"colormag-default-news":["https:\/\/digital58.com.ve\/site\/wp-content\/uploads\/2020\/09\/Maverick-Vinales-20-09-20-2.jpg",150,100,false],"colormag-featured-image-large":["https:\/\/digital58.com.ve\/site\/wp-content\/uploads\/2020\/09\/Maverick-Vinales-20-09-20-2.jpg",800,533,false]},"uagb_author_info":{"display_name":"Villasmil Henry","author_link":"https:\/\/digital58.com.ve\/site\/author\/droopy_68\/"},"uagb_comment_info":0,"uagb_excerpt":"El italiano Andrea Dovizioso (Ducati Desmosedici GP20), octavo, mantiene el liderato del campeonato del mundo con un s\u00f3lo punto de","_links":{"self":[{"href":"https:\/\/digital58.com.ve\/site\/wp-json\/wp\/v2\/posts\/128577","targetHints":{"allow":["GET"]}}],"collection":[{"href":"https:\/\/digital58.com.ve\/site\/wp-json\/wp\/v2\/posts"}],"about":[{"href":"https:\/\/digital58.com.ve\/site\/wp-json\/wp\/v2\/types\/post"}],"author":[{"embeddable":true,"href":"https:\/\/digital58.com.ve\/site\/wp-json\/wp\/v2\/users\/1"}],"replies":[{"embeddable":true,"href":"https:\/\/digital58.com.ve\/site\/wp-json\/wp\/v2\/comments?post=128577"}],"version-history":[{"count":0,"href":"https:\/\/digital58.com.ve\/site\/wp-json\/wp\/v2\/posts\/128577\/revisions"}],"wp:featuredmedia":[{"embeddable":true,"href":"https:\/\/digital58.com.ve\/site\/wp-json\/wp\/v2\/media\/128578"}],"wp:attachment":[{"href":"https:\/\/digital58.com.ve\/site\/wp-json\/wp\/v2\/media?parent=128577"}],"wp:term":[{"taxonomy":"category","embeddable":true,"href":"https:\/\/digital58.com.ve\/site\/wp-json\/wp\/v2\/categories?post=128577"},{"taxonomy":"post_tag","embeddable":true,"href":"https:\/\/digital58.com.ve\/site\/wp-json\/wp\/v2\/tags?post=128577"}],"curies":[{"name":"wp","href":"https:\/\/api.w.org\/{rel}","templated":true}]}}