{"id":128829,"date":"2020-09-22T10:41:44","date_gmt":"2020-09-22T14:41:44","guid":{"rendered":"https:\/\/digital58.com.ve\/site\/?p=128829"},"modified":"2020-09-22T10:41:44","modified_gmt":"2020-09-22T14:41:44","slug":"san-francisco-juramento-su-comando-de-campana-dario-vivas","status":"publish","type":"post","link":"https:\/\/digital58.com.ve\/site\/2020\/09\/22\/san-francisco-juramento-su-comando-de-campana-dario-vivas\/","title":{"rendered":"San Francisco jurament\u00f3 su comando de campa\u00f1a \u00abDar\u00edo Vivas\u00bb"},"content":{"rendered":"<p><img loading=\"lazy\" decoding=\"async\" class=\"size-full wp-image-128830 aligncenter\" src=\"https:\/\/digital58.com.ve\/site\/wp-content\/uploads\/2020\/09\/comando-dario-vivas-san-francisco1-750x389-1.jpg\" alt=\"\" width=\"750\" height=\"389\" srcset=\"https:\/\/digital58.com.ve\/site\/wp-content\/uploads\/2020\/09\/comando-dario-vivas-san-francisco1-750x389-1.jpg 750w, https:\/\/digital58.com.ve\/site\/wp-content\/uploads\/2020\/09\/comando-dario-vivas-san-francisco1-750x389-1-300x156.jpg 300w\" sizes=\"auto, (max-width: 750px) 100vw, 750px\" \/><\/p>\n<p>Arrieta, dirigi\u00f3 la juramentaci\u00f3n, d\u00f3nde los candidatos ratificaron la responsabilidad que van a llevar con mucho criterio, para llevar su bandera hasta la Asamblea Nacional.<\/p>\n<p><strong>San Francisco, Zulia, Venezuela, 22 de septiembre de 2020 (ND58).-<\/strong>\u00a0El comando de campa\u00f1a \u00abDar\u00edo Vivas\u00bb fue juramentado en el municipio San Francisco, el acto estuvo presidido por el vicepresidente del PSUV en el estado Zulia, el gobernador Omar Prieto quien estuvo acompa\u00f1ado del alcalde del municipio, Dirwings Arrieta.<\/p>\n<p>En el acto realizado en e la Plaza de Revoluci\u00f3n de San Francisco, estuvieron presentes los candidatos: Aloha N\u00fa\u00f1ez, Manuel Quevedo, Taina Gonz\u00e1lez, Juan Garc\u00eda, Carlos Zabala, Rub\u00e9n Trujillo, Eduardo \u00c1lvarez, Damelis Ch\u00e1vez, Jairo Gonz\u00e1lez, Yonder Dur\u00e1n y Zuyin P\u00e9rez; adem\u00e1s de la maquinaria pol\u00edtica del PSUV.<\/p>\n<p>El Jefe de Campa\u00f1a y Gobernador del estado Zulia, Omar Prieto inici\u00f3 su intervenci\u00f3n expresando su felicidad por estar en la localidad donde inici\u00f3 su carrera pol\u00edtica y d\u00f3nde la poblaci\u00f3n ha dejado claro del lado en el que est\u00e1n: \u00ab\u00a1Qu\u00e9 bonito ver el rostro de los san franciscanos en la lucha de siempre!\u00bb.<\/p>\n<p>En el mismo orden, explic\u00f3 que el Comando de Campa\u00f1a \u00abDar\u00edo Vivas\u00bb tiene que ser uno mucho mejor que el que se activ\u00f3 para cuando se logr\u00f3 su elecci\u00f3n a la Gobernaci\u00f3n del estado Zulia, un \u00abcomando victorioso, que haga honor al Comandante Ch\u00e1vez d\u00f3nde garantice una campa\u00f1a para alcanzar la victoria\u00bb.<\/p>\n<p>\u00abAqu\u00ed hay hombres y mujeres preparados y probados en las circunstancias m\u00e1s dif\u00edciles, y para muestra de ello, aqu\u00ed tenemos al camarada Manuel Quevedo, Aloha N\u00fa\u00f1ez y a la joven hermana Taina Gonz\u00e1lez\u00bb, manifest\u00f3 el Gobernador.<\/p>\n<p>Asimismo, explic\u00f3 que en la pol\u00edtica los espacios no se dejan en blanco, \u00abespacio que se deje, espacio que se ocupa\u00bb, a\u00f1adi\u00f3 que este es un llamado de atenci\u00f3n para la oposici\u00f3n, para que despu\u00e9s no salga diciendo que los verdaderos luchadores son ileg\u00edtimos, ya que despu\u00e9s de que ganan no asumen cargos y responsabilidades porque carecen de lealtad a quienes confiaron para entregar su voto.<\/p>\n<p>\u00abTenemos que mover al puedo para la victoria del 6 de diciembre. Estoy seguro que cuando nos toque asumir la Asamblea Nacional, no solo entrar\u00e1n los diputados, sino que entrar\u00e1 de nuevo nuestro Libertador Sim\u00f3n Bol\u00edvar, Ch\u00e1vez y el pueblo al Palacio Legislativo\u00bb, enfatiz\u00f3 Prieto.<\/p>\n<p>Asimismo resalt\u00f3 la importancia de continuar la batalla en compa\u00f1\u00eda del Presidente Nicol\u00e1s Maduro, quien ha demostrado ser un hombre \u00edntegro, leal a sus convicciones e ideolog\u00edas, con mucha fortalece espiritual.<\/p>\n<p>\u00abLe digo al de la oposici\u00f3n, al que apost\u00f3 en el 2015 por la \u00faltima cola, no esperen m\u00e1s de sus l\u00edderes que enga\u00f1an, que est\u00e1n desde el exterior pidiendo que da\u00f1en y bombardeen al pueblo, mientras ellos no se enfrenta a las luchas de la mano de la poblaci\u00f3n (&#8230;) Nosotros los revolucionarios somos profundamente cristianos y socialistas, y la palabra lo dice y espec\u00edfica que aquellos que siembran con l\u00e1grimas, recoger\u00e1n con mucha alegr\u00eda y eso pasar\u00e1 con los venezolanos cuando saquen a los traidores y que llegue los diputados patriotas y leal\u00bb, a\u00f1adi\u00f3 Prieto Fern\u00e1ndez.<\/p>\n<p>Por su parte, el Jefe del Comando de Campa\u00f1a y Alcalde de San Francisco, afirm\u00f3 que el Comando Dar\u00edo Vivas ha hecho una buena pol\u00edtica, con mucho cuidado por la COVID-19 recorriendo las calles, porque es lo que permite conocer al pueblo que, indudablemente los va a acompa\u00f1ar en la campa\u00f1a hasta la victoria del 6 de diciembre.<\/p>\n<p>Finalmente, Arrieta, dirigi\u00f3 la juramentaci\u00f3n, d\u00f3nde los candidatos ratificaron la responsabilidad que van a llevar con mucho criterio, para llevar su bandera hasta la Asamblea Nacional.<\/p><div class=\"jrpaw69ee02814b1f9\" ><p style=\"text-align: center;\"><a href=\"https:\/\/t.me\/noticiasdigital58\" target=\"_blank\" rel=\"noopener\"><img class=\"aligncenter size-full wp-image-125363\" src=\"https:\/\/digital58.com.ve\/site\/wp-content\/uploads\/2021\/04\/banner-telegram-web-2021.png\" alt=\"\" width=\"600\" height=\"90\" \/><\/a><\/p><\/div><style type=\"text\/css\">\r\n@media screen and (min-width: 1201px) {\r\n.jrpaw69ee02814b1f9 {\r\ndisplay: block;\r\n}\r\n}\r\n@media screen and (min-width: 993px) and (max-width: 1200px) {\r\n.jrpaw69ee02814b1f9 {\r\ndisplay: block;\r\n}\r\n}\r\n@media screen and (min-width: 769px) and (max-width: 992px) {\r\n.jrpaw69ee02814b1f9 {\r\ndisplay: block;\r\n}\r\n}\r\n@media screen and (min-width: 768px) and (max-width: 768px) {\r\n.jrpaw69ee02814b1f9 {\r\ndisplay: block;\r\n}\r\n}\r\n@media screen and (max-width: 767px) {\r\n.jrpaw69ee02814b1f9 {\r\ndisplay: block;\r\n}\r\n}\r\n<\/style>\r\n\n<p><strong>Re<\/strong><b>dacci\u00f3n: Molero, Luis\u00a0 (@Moleromarquez) | Fuente: Nota de Prensa<\/b><br \/>\n<b>Edici\u00f3n: Villasmil, Henry<\/b><br \/>\n<b>Gr\u00e1ficas: Cortes\u00eda<\/b><\/p>\n<div style=\"margin-top: 0px; margin-bottom: 0px;\" class=\"sharethis-inline-share-buttons\" ><\/div>","protected":false},"excerpt":{"rendered":"<p>Arrieta, dirigi\u00f3 la juramentaci\u00f3n, d\u00f3nde los candidatos ratificaron la responsabilidad que van a llevar con mucho criterio, para llevar su<\/p>\n","protected":false},"author":26,"featured_media":128830,"comment_status":"open","ping_status":"closed","sticky":false,"template":"","format":"standard","meta":{"colormag_page_container_layout":"default_layout","colormag_page_sidebar_layout":"default_layout","_uag_custom_page_level_css":"","footnotes":""},"categories":[8610],"tags":[15165,21570,15713,21838,2354,761],"class_list":["post-128829","post","type-post","status-publish","format-standard","has-post-thumbnail","hentry","category-politica","tag-alcalde-dirwings-arrieta","tag-comando-de-campana-dario-vivas","tag-elecciones-parlamentarias","tag-gobernador-de-prieto","tag-regionales","tag-zulia"],"yoast_head":"<!-- This site is optimized with the Yoast SEO plugin v27.4 - https:\/\/yoast.com\/product\/yoast-seo-wordpress\/ -->\n<title>San Francisco jurament\u00f3 su comando de campa\u00f1a \u00abDar\u00edo Vivas\u00bb<\/title>\n<meta name=\"description\" content=\"Pol\u00edtica\" \/>\n<meta name=\"robots\" content=\"index, follow, max-snippet:-1, max-image-preview:large, max-video-preview:-1\" \/>\n<link rel=\"canonical\" href=\"https:\/\/digital58.com.ve\/site\/2020\/09\/22\/san-francisco-juramento-su-comando-de-campana-dario-vivas\/\" \/>\n<meta property=\"og:locale\" content=\"es_ES\" \/>\n<meta property=\"og:type\" content=\"article\" \/>\n<meta property=\"og:title\" content=\"San Francisco jurament\u00f3 su comando de campa\u00f1a \u00abDar\u00edo Vivas\u00bb\" \/>\n<meta property=\"og:description\" content=\"Pol\u00edtica\" \/>\n<meta property=\"og:url\" content=\"https:\/\/digital58.com.ve\/site\/2020\/09\/22\/san-francisco-juramento-su-comando-de-campana-dario-vivas\/\" \/>\n<meta property=\"og:site_name\" content=\"Noticias Digital58\" \/>\n<meta property=\"article:published_time\" content=\"2020-09-22T14:41:44+00:00\" \/>\n<meta property=\"og:image\" content=\"https:\/\/digital58.com.ve\/site\/wp-content\/uploads\/2020\/09\/comando-dario-vivas-san-francisco1-750x389-1.jpg\" \/>\n\t<meta property=\"og:image:width\" content=\"750\" \/>\n\t<meta property=\"og:image:height\" content=\"389\" \/>\n\t<meta property=\"og:image:type\" content=\"image\/jpeg\" \/>\n<meta name=\"author\" content=\"Molero Luis\" \/>\n<meta name=\"twitter:card\" content=\"summary_large_image\" \/>\n<meta name=\"twitter:creator\" content=\"@Digital_58\" \/>\n<meta name=\"twitter:site\" content=\"@villasmilhfoto\" \/>\n<meta name=\"twitter:label1\" content=\"Escrito por\" \/>\n\t<meta name=\"twitter:data1\" content=\"Molero Luis\" \/>\n\t<meta name=\"twitter:label2\" content=\"Tiempo estimado de lectura\" \/>\n\t<meta name=\"twitter:data2\" content=\"3 minutos\" \/>\n<script type=\"application\/ld+json\" class=\"yoast-schema-graph\">{\"@context\":\"https:\\\/\\\/schema.org\",\"@graph\":[{\"@type\":\"Article\",\"@id\":\"https:\\\/\\\/digital58.com.ve\\\/site\\\/2020\\\/09\\\/22\\\/san-francisco-juramento-su-comando-de-campana-dario-vivas\\\/#article\",\"isPartOf\":{\"@id\":\"https:\\\/\\\/digital58.com.ve\\\/site\\\/2020\\\/09\\\/22\\\/san-francisco-juramento-su-comando-de-campana-dario-vivas\\\/\"},\"author\":{\"name\":\"Molero Luis\",\"@id\":\"https:\\\/\\\/digital58.com.ve\\\/site\\\/#\\\/schema\\\/person\\\/c61667ce6845137620ee3f0aaabade17\"},\"headline\":\"San Francisco jurament\u00f3 su comando de campa\u00f1a \u00abDar\u00edo Vivas\u00bb\",\"datePublished\":\"2020-09-22T14:41:44+00:00\",\"mainEntityOfPage\":{\"@id\":\"https:\\\/\\\/digital58.com.ve\\\/site\\\/2020\\\/09\\\/22\\\/san-francisco-juramento-su-comando-de-campana-dario-vivas\\\/\"},\"wordCount\":678,\"commentCount\":0,\"publisher\":{\"@id\":\"https:\\\/\\\/digital58.com.ve\\\/site\\\/#\\\/schema\\\/person\\\/64d1c2e4d0d4fd1b849980c4331c2951\"},\"image\":{\"@id\":\"https:\\\/\\\/digital58.com.ve\\\/site\\\/2020\\\/09\\\/22\\\/san-francisco-juramento-su-comando-de-campana-dario-vivas\\\/#primaryimage\"},\"thumbnailUrl\":\"https:\\\/\\\/digital58.com.ve\\\/site\\\/wp-content\\\/uploads\\\/2020\\\/09\\\/comando-dario-vivas-san-francisco1-750x389-1.jpg\",\"keywords\":[\"Alcalde Dirwings Arrieta\",\"Comando de campa\u00f1a Dar\u00edo Vivas\",\"Elecciones Parlamentarias\",\"Gobernador de Prieto\",\"Regionales\",\"Zulia\"],\"articleSection\":[\"Pol\u00edtica\"],\"inLanguage\":\"es\",\"potentialAction\":[{\"@type\":\"CommentAction\",\"name\":\"Comment\",\"target\":[\"https:\\\/\\\/digital58.com.ve\\\/site\\\/2020\\\/09\\\/22\\\/san-francisco-juramento-su-comando-de-campana-dario-vivas\\\/#respond\"]}]},{\"@type\":\"WebPage\",\"@id\":\"https:\\\/\\\/digital58.com.ve\\\/site\\\/2020\\\/09\\\/22\\\/san-francisco-juramento-su-comando-de-campana-dario-vivas\\\/\",\"url\":\"https:\\\/\\\/digital58.com.ve\\\/site\\\/2020\\\/09\\\/22\\\/san-francisco-juramento-su-comando-de-campana-dario-vivas\\\/\",\"name\":\"San Francisco jurament\u00f3 su comando de campa\u00f1a \u00abDar\u00edo Vivas\u00bb\",\"isPartOf\":{\"@id\":\"https:\\\/\\\/digital58.com.ve\\\/site\\\/#website\"},\"primaryImageOfPage\":{\"@id\":\"https:\\\/\\\/digital58.com.ve\\\/site\\\/2020\\\/09\\\/22\\\/san-francisco-juramento-su-comando-de-campana-dario-vivas\\\/#primaryimage\"},\"image\":{\"@id\":\"https:\\\/\\\/digital58.com.ve\\\/site\\\/2020\\\/09\\\/22\\\/san-francisco-juramento-su-comando-de-campana-dario-vivas\\\/#primaryimage\"},\"thumbnailUrl\":\"https:\\\/\\\/digital58.com.ve\\\/site\\\/wp-content\\\/uploads\\\/2020\\\/09\\\/comando-dario-vivas-san-francisco1-750x389-1.jpg\",\"datePublished\":\"2020-09-22T14:41:44+00:00\",\"description\":\"Pol\u00edtica\",\"breadcrumb\":{\"@id\":\"https:\\\/\\\/digital58.com.ve\\\/site\\\/2020\\\/09\\\/22\\\/san-francisco-juramento-su-comando-de-campana-dario-vivas\\\/#breadcrumb\"},\"inLanguage\":\"es\",\"potentialAction\":[{\"@type\":\"ReadAction\",\"target\":[\"https:\\\/\\\/digital58.com.ve\\\/site\\\/2020\\\/09\\\/22\\\/san-francisco-juramento-su-comando-de-campana-dario-vivas\\\/\"]}]},{\"@type\":\"ImageObject\",\"inLanguage\":\"es\",\"@id\":\"https:\\\/\\\/digital58.com.ve\\\/site\\\/2020\\\/09\\\/22\\\/san-francisco-juramento-su-comando-de-campana-dario-vivas\\\/#primaryimage\",\"url\":\"https:\\\/\\\/digital58.com.ve\\\/site\\\/wp-content\\\/uploads\\\/2020\\\/09\\\/comando-dario-vivas-san-francisco1-750x389-1.jpg\",\"contentUrl\":\"https:\\\/\\\/digital58.com.ve\\\/site\\\/wp-content\\\/uploads\\\/2020\\\/09\\\/comando-dario-vivas-san-francisco1-750x389-1.jpg\",\"width\":750,\"height\":389},{\"@type\":\"BreadcrumbList\",\"@id\":\"https:\\\/\\\/digital58.com.ve\\\/site\\\/2020\\\/09\\\/22\\\/san-francisco-juramento-su-comando-de-campana-dario-vivas\\\/#breadcrumb\",\"itemListElement\":[{\"@type\":\"ListItem\",\"position\":1,\"name\":\"Home\",\"item\":\"https:\\\/\\\/digital58.com.ve\\\/site\\\/\"},{\"@type\":\"ListItem\",\"position\":2,\"name\":\"San Francisco jurament\u00f3 su comando de campa\u00f1a \u00abDar\u00edo Vivas\u00bb\"}]},{\"@type\":\"WebSite\",\"@id\":\"https:\\\/\\\/digital58.com.ve\\\/site\\\/#website\",\"url\":\"https:\\\/\\\/digital58.com.ve\\\/site\\\/\",\"name\":\"Noticias Digital58\",\"description\":\"Portal de Noticias \u00a1Periodismo web de verdad! Lanzamiento web 22.11.2005 \\\/ Maracaibo, Venezuela\",\"publisher\":{\"@id\":\"https:\\\/\\\/digital58.com.ve\\\/site\\\/#\\\/schema\\\/person\\\/64d1c2e4d0d4fd1b849980c4331c2951\"},\"alternateName\":\"ND58\",\"potentialAction\":[{\"@type\":\"SearchAction\",\"target\":{\"@type\":\"EntryPoint\",\"urlTemplate\":\"https:\\\/\\\/digital58.com.ve\\\/site\\\/?s={search_term_string}\"},\"query-input\":{\"@type\":\"PropertyValueSpecification\",\"valueRequired\":true,\"valueName\":\"search_term_string\"}}],\"inLanguage\":\"es\"},{\"@type\":[\"Person\",\"Organization\"],\"@id\":\"https:\\\/\\\/digital58.com.ve\\\/site\\\/#\\\/schema\\\/person\\\/64d1c2e4d0d4fd1b849980c4331c2951\",\"name\":\"Villasmil Henry\",\"image\":{\"@type\":\"ImageObject\",\"inLanguage\":\"es\",\"@id\":\"https:\\\/\\\/secure.gravatar.com\\\/avatar\\\/bb0c4a2fcb7970138239f7e404ea75757b1b507b28b5ce4c53fbd62d797c5a7c?s=96&d=mm&r=g\",\"url\":\"https:\\\/\\\/secure.gravatar.com\\\/avatar\\\/bb0c4a2fcb7970138239f7e404ea75757b1b507b28b5ce4c53fbd62d797c5a7c?s=96&d=mm&r=g\",\"contentUrl\":\"https:\\\/\\\/secure.gravatar.com\\\/avatar\\\/bb0c4a2fcb7970138239f7e404ea75757b1b507b28b5ce4c53fbd62d797c5a7c?s=96&d=mm&r=g\",\"caption\":\"Villasmil Henry\"},\"logo\":{\"@id\":\"https:\\\/\\\/secure.gravatar.com\\\/avatar\\\/bb0c4a2fcb7970138239f7e404ea75757b1b507b28b5ce4c53fbd62d797c5a7c?s=96&d=mm&r=g\"},\"sameAs\":[\"http:\\\/\\\/www.henryvillasmil.com.ve\",\"https:\\\/\\\/www.instagram.com\\\/villasmilhfoto\\\/\",\"https:\\\/\\\/x.com\\\/https:\\\/\\\/twitter.com\\\/villasmilhfoto\"]},{\"@type\":\"Person\",\"@id\":\"https:\\\/\\\/digital58.com.ve\\\/site\\\/#\\\/schema\\\/person\\\/c61667ce6845137620ee3f0aaabade17\",\"name\":\"Molero Luis\",\"image\":{\"@type\":\"ImageObject\",\"inLanguage\":\"es\",\"@id\":\"https:\\\/\\\/secure.gravatar.com\\\/avatar\\\/bf041ec637e3e7405449807deb2f7cf3d2de7c6fa755dd56e985201de9863f2b?s=96&d=mm&r=g\",\"url\":\"https:\\\/\\\/secure.gravatar.com\\\/avatar\\\/bf041ec637e3e7405449807deb2f7cf3d2de7c6fa755dd56e985201de9863f2b?s=96&d=mm&r=g\",\"contentUrl\":\"https:\\\/\\\/secure.gravatar.com\\\/avatar\\\/bf041ec637e3e7405449807deb2f7cf3d2de7c6fa755dd56e985201de9863f2b?s=96&d=mm&r=g\",\"caption\":\"Molero Luis\"},\"url\":\"https:\\\/\\\/digital58.com.ve\\\/site\\\/author\\\/luismolero\\\/\"}]}<\/script>\n<!-- \/ Yoast SEO plugin. -->","yoast_head_json":{"title":"San Francisco jurament\u00f3 su comando de campa\u00f1a \u00abDar\u00edo Vivas\u00bb","description":"Pol\u00edtica","robots":{"index":"index","follow":"follow","max-snippet":"max-snippet:-1","max-image-preview":"max-image-preview:large","max-video-preview":"max-video-preview:-1"},"canonical":"https:\/\/digital58.com.ve\/site\/2020\/09\/22\/san-francisco-juramento-su-comando-de-campana-dario-vivas\/","og_locale":"es_ES","og_type":"article","og_title":"San Francisco jurament\u00f3 su comando de campa\u00f1a \u00abDar\u00edo Vivas\u00bb","og_description":"Pol\u00edtica","og_url":"https:\/\/digital58.com.ve\/site\/2020\/09\/22\/san-francisco-juramento-su-comando-de-campana-dario-vivas\/","og_site_name":"Noticias Digital58","article_published_time":"2020-09-22T14:41:44+00:00","og_image":[{"width":750,"height":389,"url":"https:\/\/digital58.com.ve\/site\/wp-content\/uploads\/2020\/09\/comando-dario-vivas-san-francisco1-750x389-1.jpg","type":"image\/jpeg"}],"author":"Molero Luis","twitter_card":"summary_large_image","twitter_creator":"@Digital_58","twitter_site":"@villasmilhfoto","twitter_misc":{"Escrito por":"Molero Luis","Tiempo estimado de lectura":"3 minutos"},"schema":{"@context":"https:\/\/schema.org","@graph":[{"@type":"Article","@id":"https:\/\/digital58.com.ve\/site\/2020\/09\/22\/san-francisco-juramento-su-comando-de-campana-dario-vivas\/#article","isPartOf":{"@id":"https:\/\/digital58.com.ve\/site\/2020\/09\/22\/san-francisco-juramento-su-comando-de-campana-dario-vivas\/"},"author":{"name":"Molero Luis","@id":"https:\/\/digital58.com.ve\/site\/#\/schema\/person\/c61667ce6845137620ee3f0aaabade17"},"headline":"San Francisco jurament\u00f3 su comando de campa\u00f1a \u00abDar\u00edo Vivas\u00bb","datePublished":"2020-09-22T14:41:44+00:00","mainEntityOfPage":{"@id":"https:\/\/digital58.com.ve\/site\/2020\/09\/22\/san-francisco-juramento-su-comando-de-campana-dario-vivas\/"},"wordCount":678,"commentCount":0,"publisher":{"@id":"https:\/\/digital58.com.ve\/site\/#\/schema\/person\/64d1c2e4d0d4fd1b849980c4331c2951"},"image":{"@id":"https:\/\/digital58.com.ve\/site\/2020\/09\/22\/san-francisco-juramento-su-comando-de-campana-dario-vivas\/#primaryimage"},"thumbnailUrl":"https:\/\/digital58.com.ve\/site\/wp-content\/uploads\/2020\/09\/comando-dario-vivas-san-francisco1-750x389-1.jpg","keywords":["Alcalde Dirwings Arrieta","Comando de campa\u00f1a Dar\u00edo Vivas","Elecciones Parlamentarias","Gobernador de Prieto","Regionales","Zulia"],"articleSection":["Pol\u00edtica"],"inLanguage":"es","potentialAction":[{"@type":"CommentAction","name":"Comment","target":["https:\/\/digital58.com.ve\/site\/2020\/09\/22\/san-francisco-juramento-su-comando-de-campana-dario-vivas\/#respond"]}]},{"@type":"WebPage","@id":"https:\/\/digital58.com.ve\/site\/2020\/09\/22\/san-francisco-juramento-su-comando-de-campana-dario-vivas\/","url":"https:\/\/digital58.com.ve\/site\/2020\/09\/22\/san-francisco-juramento-su-comando-de-campana-dario-vivas\/","name":"San Francisco jurament\u00f3 su comando de campa\u00f1a \u00abDar\u00edo Vivas\u00bb","isPartOf":{"@id":"https:\/\/digital58.com.ve\/site\/#website"},"primaryImageOfPage":{"@id":"https:\/\/digital58.com.ve\/site\/2020\/09\/22\/san-francisco-juramento-su-comando-de-campana-dario-vivas\/#primaryimage"},"image":{"@id":"https:\/\/digital58.com.ve\/site\/2020\/09\/22\/san-francisco-juramento-su-comando-de-campana-dario-vivas\/#primaryimage"},"thumbnailUrl":"https:\/\/digital58.com.ve\/site\/wp-content\/uploads\/2020\/09\/comando-dario-vivas-san-francisco1-750x389-1.jpg","datePublished":"2020-09-22T14:41:44+00:00","description":"Pol\u00edtica","breadcrumb":{"@id":"https:\/\/digital58.com.ve\/site\/2020\/09\/22\/san-francisco-juramento-su-comando-de-campana-dario-vivas\/#breadcrumb"},"inLanguage":"es","potentialAction":[{"@type":"ReadAction","target":["https:\/\/digital58.com.ve\/site\/2020\/09\/22\/san-francisco-juramento-su-comando-de-campana-dario-vivas\/"]}]},{"@type":"ImageObject","inLanguage":"es","@id":"https:\/\/digital58.com.ve\/site\/2020\/09\/22\/san-francisco-juramento-su-comando-de-campana-dario-vivas\/#primaryimage","url":"https:\/\/digital58.com.ve\/site\/wp-content\/uploads\/2020\/09\/comando-dario-vivas-san-francisco1-750x389-1.jpg","contentUrl":"https:\/\/digital58.com.ve\/site\/wp-content\/uploads\/2020\/09\/comando-dario-vivas-san-francisco1-750x389-1.jpg","width":750,"height":389},{"@type":"BreadcrumbList","@id":"https:\/\/digital58.com.ve\/site\/2020\/09\/22\/san-francisco-juramento-su-comando-de-campana-dario-vivas\/#breadcrumb","itemListElement":[{"@type":"ListItem","position":1,"name":"Home","item":"https:\/\/digital58.com.ve\/site\/"},{"@type":"ListItem","position":2,"name":"San Francisco jurament\u00f3 su comando de campa\u00f1a \u00abDar\u00edo Vivas\u00bb"}]},{"@type":"WebSite","@id":"https:\/\/digital58.com.ve\/site\/#website","url":"https:\/\/digital58.com.ve\/site\/","name":"Noticias Digital58","description":"Portal de Noticias \u00a1Periodismo web de verdad! Lanzamiento web 22.11.2005 \/ Maracaibo, Venezuela","publisher":{"@id":"https:\/\/digital58.com.ve\/site\/#\/schema\/person\/64d1c2e4d0d4fd1b849980c4331c2951"},"alternateName":"ND58","potentialAction":[{"@type":"SearchAction","target":{"@type":"EntryPoint","urlTemplate":"https:\/\/digital58.com.ve\/site\/?s={search_term_string}"},"query-input":{"@type":"PropertyValueSpecification","valueRequired":true,"valueName":"search_term_string"}}],"inLanguage":"es"},{"@type":["Person","Organization"],"@id":"https:\/\/digital58.com.ve\/site\/#\/schema\/person\/64d1c2e4d0d4fd1b849980c4331c2951","name":"Villasmil Henry","image":{"@type":"ImageObject","inLanguage":"es","@id":"https:\/\/secure.gravatar.com\/avatar\/bb0c4a2fcb7970138239f7e404ea75757b1b507b28b5ce4c53fbd62d797c5a7c?s=96&d=mm&r=g","url":"https:\/\/secure.gravatar.com\/avatar\/bb0c4a2fcb7970138239f7e404ea75757b1b507b28b5ce4c53fbd62d797c5a7c?s=96&d=mm&r=g","contentUrl":"https:\/\/secure.gravatar.com\/avatar\/bb0c4a2fcb7970138239f7e404ea75757b1b507b28b5ce4c53fbd62d797c5a7c?s=96&d=mm&r=g","caption":"Villasmil Henry"},"logo":{"@id":"https:\/\/secure.gravatar.com\/avatar\/bb0c4a2fcb7970138239f7e404ea75757b1b507b28b5ce4c53fbd62d797c5a7c?s=96&d=mm&r=g"},"sameAs":["http:\/\/www.henryvillasmil.com.ve","https:\/\/www.instagram.com\/villasmilhfoto\/","https:\/\/x.com\/https:\/\/twitter.com\/villasmilhfoto"]},{"@type":"Person","@id":"https:\/\/digital58.com.ve\/site\/#\/schema\/person\/c61667ce6845137620ee3f0aaabade17","name":"Molero Luis","image":{"@type":"ImageObject","inLanguage":"es","@id":"https:\/\/secure.gravatar.com\/avatar\/bf041ec637e3e7405449807deb2f7cf3d2de7c6fa755dd56e985201de9863f2b?s=96&d=mm&r=g","url":"https:\/\/secure.gravatar.com\/avatar\/bf041ec637e3e7405449807deb2f7cf3d2de7c6fa755dd56e985201de9863f2b?s=96&d=mm&r=g","contentUrl":"https:\/\/secure.gravatar.com\/avatar\/bf041ec637e3e7405449807deb2f7cf3d2de7c6fa755dd56e985201de9863f2b?s=96&d=mm&r=g","caption":"Molero Luis"},"url":"https:\/\/digital58.com.ve\/site\/author\/luismolero\/"}]}},"uagb_featured_image_src":{"full":["https:\/\/digital58.com.ve\/site\/wp-content\/uploads\/2020\/09\/comando-dario-vivas-san-francisco1-750x389-1.jpg",750,389,false],"thumbnail":["https:\/\/digital58.com.ve\/site\/wp-content\/uploads\/2020\/09\/comando-dario-vivas-san-francisco1-750x389-1-150x150.jpg",150,150,true],"medium":["https:\/\/digital58.com.ve\/site\/wp-content\/uploads\/2020\/09\/comando-dario-vivas-san-francisco1-750x389-1-300x156.jpg",300,156,true],"medium_large":["https:\/\/digital58.com.ve\/site\/wp-content\/uploads\/2020\/09\/comando-dario-vivas-san-francisco1-750x389-1.jpg",750,389,false],"large":["https:\/\/digital58.com.ve\/site\/wp-content\/uploads\/2020\/09\/comando-dario-vivas-san-francisco1-750x389-1.jpg",750,389,false],"1536x1536":["https:\/\/digital58.com.ve\/site\/wp-content\/uploads\/2020\/09\/comando-dario-vivas-san-francisco1-750x389-1.jpg",750,389,false],"2048x2048":["https:\/\/digital58.com.ve\/site\/wp-content\/uploads\/2020\/09\/comando-dario-vivas-san-francisco1-750x389-1.jpg",750,389,false],"colormag-highlighted-post":["https:\/\/digital58.com.ve\/site\/wp-content\/uploads\/2020\/09\/comando-dario-vivas-san-francisco1-750x389-1.jpg",392,203,false],"colormag-featured-post-medium":["https:\/\/digital58.com.ve\/site\/wp-content\/uploads\/2020\/09\/comando-dario-vivas-san-francisco1-750x389-1.jpg",390,202,false],"colormag-featured-post-small":["https:\/\/digital58.com.ve\/site\/wp-content\/uploads\/2020\/09\/comando-dario-vivas-san-francisco1-750x389-1.jpg",130,67,false],"colormag-featured-image":["https:\/\/digital58.com.ve\/site\/wp-content\/uploads\/2020\/09\/comando-dario-vivas-san-francisco1-750x389-1.jpg",750,389,false],"colormag-default-news":["https:\/\/digital58.com.ve\/site\/wp-content\/uploads\/2020\/09\/comando-dario-vivas-san-francisco1-750x389-1.jpg",150,78,false],"colormag-featured-image-large":["https:\/\/digital58.com.ve\/site\/wp-content\/uploads\/2020\/09\/comando-dario-vivas-san-francisco1-750x389-1.jpg",750,389,false]},"uagb_author_info":{"display_name":"Molero Luis","author_link":"https:\/\/digital58.com.ve\/site\/author\/luismolero\/"},"uagb_comment_info":0,"uagb_excerpt":"Arrieta, dirigi\u00f3 la juramentaci\u00f3n, d\u00f3nde los candidatos ratificaron la responsabilidad que van a llevar con mucho criterio, para llevar su","_links":{"self":[{"href":"https:\/\/digital58.com.ve\/site\/wp-json\/wp\/v2\/posts\/128829","targetHints":{"allow":["GET"]}}],"collection":[{"href":"https:\/\/digital58.com.ve\/site\/wp-json\/wp\/v2\/posts"}],"about":[{"href":"https:\/\/digital58.com.ve\/site\/wp-json\/wp\/v2\/types\/post"}],"author":[{"embeddable":true,"href":"https:\/\/digital58.com.ve\/site\/wp-json\/wp\/v2\/users\/26"}],"replies":[{"embeddable":true,"href":"https:\/\/digital58.com.ve\/site\/wp-json\/wp\/v2\/comments?post=128829"}],"version-history":[{"count":0,"href":"https:\/\/digital58.com.ve\/site\/wp-json\/wp\/v2\/posts\/128829\/revisions"}],"wp:featuredmedia":[{"embeddable":true,"href":"https:\/\/digital58.com.ve\/site\/wp-json\/wp\/v2\/media\/128830"}],"wp:attachment":[{"href":"https:\/\/digital58.com.ve\/site\/wp-json\/wp\/v2\/media?parent=128829"}],"wp:term":[{"taxonomy":"category","embeddable":true,"href":"https:\/\/digital58.com.ve\/site\/wp-json\/wp\/v2\/categories?post=128829"},{"taxonomy":"post_tag","embeddable":true,"href":"https:\/\/digital58.com.ve\/site\/wp-json\/wp\/v2\/tags?post=128829"}],"curies":[{"name":"wp","href":"https:\/\/api.w.org\/{rel}","templated":true}]}}