{"id":128951,"date":"2020-09-23T06:38:43","date_gmt":"2020-09-23T10:38:43","guid":{"rendered":"https:\/\/digital58.com.ve\/site\/?p=128951"},"modified":"2020-09-23T06:38:43","modified_gmt":"2020-09-23T10:38:43","slug":"navalny-fue-dado-de-alta-en-berlin-y-los-medicos-ven-posible-su-total-recuperacion","status":"publish","type":"post","link":"https:\/\/digital58.com.ve\/site\/2020\/09\/23\/navalny-fue-dado-de-alta-en-berlin-y-los-medicos-ven-posible-su-total-recuperacion\/","title":{"rendered":"Navalny fue dado de alta en Berl\u00edn y los m\u00e9dicos ven posible su total recuperaci\u00f3n"},"content":{"rendered":"<p><a href=\"https:\/\/digital58.com.ve\/site\/wp-content\/uploads\/2020\/09\/Alexei-Navalny-23-09-20-2.jpg\"><img loading=\"lazy\" decoding=\"async\" class=\"aligncenter size-full wp-image-128952\" src=\"https:\/\/digital58.com.ve\/site\/wp-content\/uploads\/2020\/09\/Alexei-Navalny-23-09-20-2.jpg\" alt=\"\" width=\"900\" height=\"900\" srcset=\"https:\/\/digital58.com.ve\/site\/wp-content\/uploads\/2020\/09\/Alexei-Navalny-23-09-20-2.jpg 600w, https:\/\/digital58.com.ve\/site\/wp-content\/uploads\/2020\/09\/Alexei-Navalny-23-09-20-2-300x300.jpg 300w, https:\/\/digital58.com.ve\/site\/wp-content\/uploads\/2020\/09\/Alexei-Navalny-23-09-20-2-150x150.jpg 150w, https:\/\/digital58.com.ve\/site\/wp-content\/uploads\/2020\/09\/Alexei-Navalny-23-09-20-2-768x768.jpg 768w\" sizes=\"auto, (max-width: 900px) 100vw, 900px\" \/><\/a><\/p>\n<p>Las autoridades de Alemania denunciaron que el l\u00edder opositor fue envenenado con un agente nervioso de la familia Novichok, tras realizar un laboratorio militar germano un an\u00e1lisis toxicol\u00f3gico de muestras tomadas<\/p>\n<p><strong>Alemania, 23 de septiembre de 2020 (ND58).-<\/strong> El hospital Charit\u00e9 de Berl\u00edn ha anunciado este mi\u00e9rcoles que ha dado el alta a Alexei Navalny, tras 32 d\u00edas ingresado por el envenenamiento que sufri\u00f3 en Rusia, y ha informado de que el personal m\u00e9dico que ha tratado al dirigente opositor ruso conf\u00eda en que pueda recuperarse por completo.<\/p>\n<p>\u00abAlexei Navalni, que ha estado recibiendo tratamiento en el hospital universitario Charit\u00e9 de Berl\u00edn desde el 22 de agosto, recibi\u00f3 el alta ayer\u00bb, ha explicado en un comunicado el hospital berlin\u00e9s. \u00abLa condici\u00f3n del paciente ya hab\u00eda mejorado lo suficiente para que recibiera el alta de la Unidad de Cuidados Intensivos. Alexei Navalni ha recibido tratamiento en Charit\u00e9 durante 32 d\u00edas, de los cuales pas\u00f3 24 en Cuidados Intensivos\u00bb, ha indicado.<\/p>\n<p>El hospital Charit\u00e9 ha se\u00f1alado que, bas\u00e1ndose en el \u00abprogreso\u00bb y la \u00absituaci\u00f3n actual\u00bb de Navalny,, los m\u00e9dicos que le han tratado \u00abcreen que es posible una completa recuperaci\u00f3n\u00bb. \u00abSin embargo, sigue siendo demasiado pronto para evaluar los potenciales efectos a largo plazo de su grave envenenamiento\u00bb, ha advertido.<\/p>\n<p><a href=\"https:\/\/digital58.com.ve\/site\/wp-content\/uploads\/2020\/09\/Alexei-Navalny-23-09-20.jpg\"><img loading=\"lazy\" decoding=\"async\" class=\"aligncenter size-full wp-image-128953\" src=\"https:\/\/digital58.com.ve\/site\/wp-content\/uploads\/2020\/09\/Alexei-Navalny-23-09-20.jpg\" alt=\"\" width=\"900\" height=\"900\" srcset=\"https:\/\/digital58.com.ve\/site\/wp-content\/uploads\/2020\/09\/Alexei-Navalny-23-09-20.jpg 600w, https:\/\/digital58.com.ve\/site\/wp-content\/uploads\/2020\/09\/Alexei-Navalny-23-09-20-300x300.jpg 300w, https:\/\/digital58.com.ve\/site\/wp-content\/uploads\/2020\/09\/Alexei-Navalny-23-09-20-150x150.jpg 150w, https:\/\/digital58.com.ve\/site\/wp-content\/uploads\/2020\/09\/Alexei-Navalny-23-09-20-768x768.jpg 768w\" sizes=\"auto, (max-width: 900px) 100vw, 900px\" \/><\/a><\/p>\n<p>El hospital se\u00f1al\u00f3 que ha decidido emitir este comunicado tras consultarlo con Navalny\u00a0 ycon su mujer, Yulia.<\/p>\n<p>El dirigente opositor ruso qued\u00f3 inconsciente v\u00edctima de unos intensos dolores el 20 de agosto cuando volaba de Siberia a Mosc\u00fa y el avi\u00f3n en el que viajaba se vio obligado a hacer un aterrizaje de emergencia para que fuera trasladado a un hospital.<\/p>\n<p>Tras dos d\u00edas hospitalizado en Rusia, fue llevado en un avi\u00f3n medicalizado a Berl\u00edn, donde qued\u00f3 ingresado el 22 de agosto.<\/p>\n<p><strong>Redacci\u00f3n ND58 | Fuente: Infobae<\/strong><br \/>\n<strong>Edici\u00f3n: Villasmil, Henry<\/strong><br \/>\n<strong>Gr\u00e1fica: EFE<\/strong><\/p><div class=\"xuxqv69edd5505b34b\" ><p style=\"text-align: center;\"><a href=\"https:\/\/t.me\/noticiasdigital58\" target=\"_blank\" rel=\"noopener\"><img class=\"aligncenter size-full wp-image-125363\" src=\"https:\/\/digital58.com.ve\/site\/wp-content\/uploads\/2021\/04\/banner-telegram-web-2021.png\" alt=\"\" width=\"600\" height=\"90\" \/><\/a><\/p><\/div><style type=\"text\/css\">\r\n@media screen and (min-width: 1201px) {\r\n.xuxqv69edd5505b34b {\r\ndisplay: block;\r\n}\r\n}\r\n@media screen and (min-width: 993px) and (max-width: 1200px) {\r\n.xuxqv69edd5505b34b {\r\ndisplay: block;\r\n}\r\n}\r\n@media screen and (min-width: 769px) and (max-width: 992px) {\r\n.xuxqv69edd5505b34b {\r\ndisplay: block;\r\n}\r\n}\r\n@media screen and (min-width: 768px) and (max-width: 768px) {\r\n.xuxqv69edd5505b34b {\r\ndisplay: block;\r\n}\r\n}\r\n@media screen and (max-width: 767px) {\r\n.xuxqv69edd5505b34b {\r\ndisplay: block;\r\n}\r\n}\r\n<\/style>\r\n\n<p>&nbsp;<\/p>\n<div style=\"margin-top: 0px; margin-bottom: 0px;\" class=\"sharethis-inline-share-buttons\" ><\/div>","protected":false},"excerpt":{"rendered":"<p>Las autoridades de Alemania denunciaron que el l\u00edder opositor fue envenenado con un agente nervioso de la familia Novichok, tras<\/p>\n","protected":false},"author":1,"featured_media":128953,"comment_status":"open","ping_status":"closed","sticky":false,"template":"","format":"standard","meta":{"colormag_page_container_layout":"default_layout","colormag_page_sidebar_layout":"default_layout","_uag_custom_page_level_css":"","footnotes":""},"categories":[16451],"tags":[38,20590,7664,21624,21856,8,21623],"class_list":["post-128951","post","type-post","status-publish","format-standard","has-post-thumbnail","hentry","category-mundo","tag-alemania","tag-alexei-navalny","tag-berlin","tag-envenenamiento","tag-hospital-charite-de-berlin","tag-internacionales","tag-opositor-ruso"],"yoast_head":"<!-- This site is optimized with the Yoast SEO plugin v27.4 - https:\/\/yoast.com\/product\/yoast-seo-wordpress\/ -->\n<title>Navalny fue dado de alta en Berl\u00edn y los m\u00e9dicos ven posible su total recuperaci\u00f3n<\/title>\n<meta name=\"description\" content=\"Mundo\" \/>\n<meta name=\"robots\" content=\"index, follow, max-snippet:-1, max-image-preview:large, max-video-preview:-1\" \/>\n<link rel=\"canonical\" href=\"https:\/\/digital58.com.ve\/site\/2020\/09\/23\/navalny-fue-dado-de-alta-en-berlin-y-los-medicos-ven-posible-su-total-recuperacion\/\" \/>\n<meta property=\"og:locale\" content=\"es_ES\" \/>\n<meta property=\"og:type\" content=\"article\" \/>\n<meta property=\"og:title\" content=\"Navalny fue dado de alta en Berl\u00edn y los m\u00e9dicos ven posible su total recuperaci\u00f3n\" \/>\n<meta property=\"og:description\" content=\"Mundo\" \/>\n<meta property=\"og:url\" content=\"https:\/\/digital58.com.ve\/site\/2020\/09\/23\/navalny-fue-dado-de-alta-en-berlin-y-los-medicos-ven-posible-su-total-recuperacion\/\" \/>\n<meta property=\"og:site_name\" content=\"Noticias Digital58\" \/>\n<meta property=\"article:published_time\" content=\"2020-09-23T10:38:43+00:00\" \/>\n<meta property=\"og:image\" content=\"https:\/\/digital58.com.ve\/site\/wp-content\/uploads\/2020\/09\/Alexei-Navalny-23-09-20.jpg\" \/>\n\t<meta property=\"og:image:width\" content=\"900\" \/>\n\t<meta property=\"og:image:height\" content=\"900\" \/>\n\t<meta property=\"og:image:type\" content=\"image\/jpeg\" \/>\n<meta name=\"author\" content=\"Villasmil Henry\" \/>\n<meta name=\"twitter:card\" content=\"summary_large_image\" \/>\n<meta name=\"twitter:creator\" content=\"@https:\/\/twitter.com\/villasmilhfoto\" \/>\n<meta name=\"twitter:site\" content=\"@villasmilhfoto\" \/>\n<meta name=\"twitter:label1\" content=\"Escrito por\" \/>\n\t<meta name=\"twitter:data1\" content=\"Villasmil Henry\" \/>\n\t<meta name=\"twitter:label2\" content=\"Tiempo estimado de lectura\" \/>\n\t<meta name=\"twitter:data2\" content=\"2 minutos\" \/>\n<script type=\"application\/ld+json\" class=\"yoast-schema-graph\">{\"@context\":\"https:\\\/\\\/schema.org\",\"@graph\":[{\"@type\":\"Article\",\"@id\":\"https:\\\/\\\/digital58.com.ve\\\/site\\\/2020\\\/09\\\/23\\\/navalny-fue-dado-de-alta-en-berlin-y-los-medicos-ven-posible-su-total-recuperacion\\\/#article\",\"isPartOf\":{\"@id\":\"https:\\\/\\\/digital58.com.ve\\\/site\\\/2020\\\/09\\\/23\\\/navalny-fue-dado-de-alta-en-berlin-y-los-medicos-ven-posible-su-total-recuperacion\\\/\"},\"author\":{\"name\":\"Villasmil Henry\",\"@id\":\"https:\\\/\\\/digital58.com.ve\\\/site\\\/#\\\/schema\\\/person\\\/64d1c2e4d0d4fd1b849980c4331c2951\"},\"headline\":\"Navalny fue dado de alta en Berl\u00edn y los m\u00e9dicos ven posible su total recuperaci\u00f3n\",\"datePublished\":\"2020-09-23T10:38:43+00:00\",\"mainEntityOfPage\":{\"@id\":\"https:\\\/\\\/digital58.com.ve\\\/site\\\/2020\\\/09\\\/23\\\/navalny-fue-dado-de-alta-en-berlin-y-los-medicos-ven-posible-su-total-recuperacion\\\/\"},\"wordCount\":338,\"commentCount\":0,\"publisher\":{\"@id\":\"https:\\\/\\\/digital58.com.ve\\\/site\\\/#\\\/schema\\\/person\\\/64d1c2e4d0d4fd1b849980c4331c2951\"},\"image\":{\"@id\":\"https:\\\/\\\/digital58.com.ve\\\/site\\\/2020\\\/09\\\/23\\\/navalny-fue-dado-de-alta-en-berlin-y-los-medicos-ven-posible-su-total-recuperacion\\\/#primaryimage\"},\"thumbnailUrl\":\"https:\\\/\\\/digital58.com.ve\\\/site\\\/wp-content\\\/uploads\\\/2020\\\/09\\\/Alexei-Navalny-23-09-20.jpg\",\"keywords\":[\"Alemania\",\"Alexei Navalny\",\"Berlin\",\"Envenenamiento\",\"hospital Charit\u00e9 de Berl\u00edn\",\"Internacionales\",\"Opositor ruso\"],\"articleSection\":[\"Mundo\"],\"inLanguage\":\"es\",\"potentialAction\":[{\"@type\":\"CommentAction\",\"name\":\"Comment\",\"target\":[\"https:\\\/\\\/digital58.com.ve\\\/site\\\/2020\\\/09\\\/23\\\/navalny-fue-dado-de-alta-en-berlin-y-los-medicos-ven-posible-su-total-recuperacion\\\/#respond\"]}]},{\"@type\":\"WebPage\",\"@id\":\"https:\\\/\\\/digital58.com.ve\\\/site\\\/2020\\\/09\\\/23\\\/navalny-fue-dado-de-alta-en-berlin-y-los-medicos-ven-posible-su-total-recuperacion\\\/\",\"url\":\"https:\\\/\\\/digital58.com.ve\\\/site\\\/2020\\\/09\\\/23\\\/navalny-fue-dado-de-alta-en-berlin-y-los-medicos-ven-posible-su-total-recuperacion\\\/\",\"name\":\"Navalny fue dado de alta en Berl\u00edn y los m\u00e9dicos ven posible su total recuperaci\u00f3n\",\"isPartOf\":{\"@id\":\"https:\\\/\\\/digital58.com.ve\\\/site\\\/#website\"},\"primaryImageOfPage\":{\"@id\":\"https:\\\/\\\/digital58.com.ve\\\/site\\\/2020\\\/09\\\/23\\\/navalny-fue-dado-de-alta-en-berlin-y-los-medicos-ven-posible-su-total-recuperacion\\\/#primaryimage\"},\"image\":{\"@id\":\"https:\\\/\\\/digital58.com.ve\\\/site\\\/2020\\\/09\\\/23\\\/navalny-fue-dado-de-alta-en-berlin-y-los-medicos-ven-posible-su-total-recuperacion\\\/#primaryimage\"},\"thumbnailUrl\":\"https:\\\/\\\/digital58.com.ve\\\/site\\\/wp-content\\\/uploads\\\/2020\\\/09\\\/Alexei-Navalny-23-09-20.jpg\",\"datePublished\":\"2020-09-23T10:38:43+00:00\",\"description\":\"Mundo\",\"breadcrumb\":{\"@id\":\"https:\\\/\\\/digital58.com.ve\\\/site\\\/2020\\\/09\\\/23\\\/navalny-fue-dado-de-alta-en-berlin-y-los-medicos-ven-posible-su-total-recuperacion\\\/#breadcrumb\"},\"inLanguage\":\"es\",\"potentialAction\":[{\"@type\":\"ReadAction\",\"target\":[\"https:\\\/\\\/digital58.com.ve\\\/site\\\/2020\\\/09\\\/23\\\/navalny-fue-dado-de-alta-en-berlin-y-los-medicos-ven-posible-su-total-recuperacion\\\/\"]}]},{\"@type\":\"ImageObject\",\"inLanguage\":\"es\",\"@id\":\"https:\\\/\\\/digital58.com.ve\\\/site\\\/2020\\\/09\\\/23\\\/navalny-fue-dado-de-alta-en-berlin-y-los-medicos-ven-posible-su-total-recuperacion\\\/#primaryimage\",\"url\":\"https:\\\/\\\/digital58.com.ve\\\/site\\\/wp-content\\\/uploads\\\/2020\\\/09\\\/Alexei-Navalny-23-09-20.jpg\",\"contentUrl\":\"https:\\\/\\\/digital58.com.ve\\\/site\\\/wp-content\\\/uploads\\\/2020\\\/09\\\/Alexei-Navalny-23-09-20.jpg\",\"width\":600,\"height\":600},{\"@type\":\"BreadcrumbList\",\"@id\":\"https:\\\/\\\/digital58.com.ve\\\/site\\\/2020\\\/09\\\/23\\\/navalny-fue-dado-de-alta-en-berlin-y-los-medicos-ven-posible-su-total-recuperacion\\\/#breadcrumb\",\"itemListElement\":[{\"@type\":\"ListItem\",\"position\":1,\"name\":\"Home\",\"item\":\"https:\\\/\\\/digital58.com.ve\\\/site\\\/\"},{\"@type\":\"ListItem\",\"position\":2,\"name\":\"Navalny fue dado de alta en Berl\u00edn y los m\u00e9dicos ven posible su total recuperaci\u00f3n\"}]},{\"@type\":\"WebSite\",\"@id\":\"https:\\\/\\\/digital58.com.ve\\\/site\\\/#website\",\"url\":\"https:\\\/\\\/digital58.com.ve\\\/site\\\/\",\"name\":\"Noticias Digital58\",\"description\":\"Portal de Noticias \u00a1Periodismo web de verdad! Lanzamiento web 22.11.2005 \\\/ Maracaibo, Venezuela\",\"publisher\":{\"@id\":\"https:\\\/\\\/digital58.com.ve\\\/site\\\/#\\\/schema\\\/person\\\/64d1c2e4d0d4fd1b849980c4331c2951\"},\"alternateName\":\"ND58\",\"potentialAction\":[{\"@type\":\"SearchAction\",\"target\":{\"@type\":\"EntryPoint\",\"urlTemplate\":\"https:\\\/\\\/digital58.com.ve\\\/site\\\/?s={search_term_string}\"},\"query-input\":{\"@type\":\"PropertyValueSpecification\",\"valueRequired\":true,\"valueName\":\"search_term_string\"}}],\"inLanguage\":\"es\"},{\"@type\":[\"Person\",\"Organization\"],\"@id\":\"https:\\\/\\\/digital58.com.ve\\\/site\\\/#\\\/schema\\\/person\\\/64d1c2e4d0d4fd1b849980c4331c2951\",\"name\":\"Villasmil Henry\",\"image\":{\"@type\":\"ImageObject\",\"inLanguage\":\"es\",\"@id\":\"https:\\\/\\\/secure.gravatar.com\\\/avatar\\\/bb0c4a2fcb7970138239f7e404ea75757b1b507b28b5ce4c53fbd62d797c5a7c?s=96&d=mm&r=g\",\"url\":\"https:\\\/\\\/secure.gravatar.com\\\/avatar\\\/bb0c4a2fcb7970138239f7e404ea75757b1b507b28b5ce4c53fbd62d797c5a7c?s=96&d=mm&r=g\",\"contentUrl\":\"https:\\\/\\\/secure.gravatar.com\\\/avatar\\\/bb0c4a2fcb7970138239f7e404ea75757b1b507b28b5ce4c53fbd62d797c5a7c?s=96&d=mm&r=g\",\"caption\":\"Villasmil Henry\"},\"logo\":{\"@id\":\"https:\\\/\\\/secure.gravatar.com\\\/avatar\\\/bb0c4a2fcb7970138239f7e404ea75757b1b507b28b5ce4c53fbd62d797c5a7c?s=96&d=mm&r=g\"},\"sameAs\":[\"http:\\\/\\\/www.henryvillasmil.com.ve\",\"https:\\\/\\\/www.instagram.com\\\/villasmilhfoto\\\/\",\"https:\\\/\\\/x.com\\\/https:\\\/\\\/twitter.com\\\/villasmilhfoto\"],\"url\":\"https:\\\/\\\/digital58.com.ve\\\/site\\\/author\\\/droopy_68\\\/\"}]}<\/script>\n<!-- \/ Yoast SEO plugin. -->","yoast_head_json":{"title":"Navalny fue dado de alta en Berl\u00edn y los m\u00e9dicos ven posible su total recuperaci\u00f3n","description":"Mundo","robots":{"index":"index","follow":"follow","max-snippet":"max-snippet:-1","max-image-preview":"max-image-preview:large","max-video-preview":"max-video-preview:-1"},"canonical":"https:\/\/digital58.com.ve\/site\/2020\/09\/23\/navalny-fue-dado-de-alta-en-berlin-y-los-medicos-ven-posible-su-total-recuperacion\/","og_locale":"es_ES","og_type":"article","og_title":"Navalny fue dado de alta en Berl\u00edn y los m\u00e9dicos ven posible su total recuperaci\u00f3n","og_description":"Mundo","og_url":"https:\/\/digital58.com.ve\/site\/2020\/09\/23\/navalny-fue-dado-de-alta-en-berlin-y-los-medicos-ven-posible-su-total-recuperacion\/","og_site_name":"Noticias Digital58","article_published_time":"2020-09-23T10:38:43+00:00","og_image":[{"width":900,"height":900,"url":"https:\/\/digital58.com.ve\/site\/wp-content\/uploads\/2020\/09\/Alexei-Navalny-23-09-20.jpg","type":"image\/jpeg"}],"author":"Villasmil Henry","twitter_card":"summary_large_image","twitter_creator":"@https:\/\/twitter.com\/villasmilhfoto","twitter_site":"@villasmilhfoto","twitter_misc":{"Escrito por":"Villasmil Henry","Tiempo estimado de lectura":"2 minutos"},"schema":{"@context":"https:\/\/schema.org","@graph":[{"@type":"Article","@id":"https:\/\/digital58.com.ve\/site\/2020\/09\/23\/navalny-fue-dado-de-alta-en-berlin-y-los-medicos-ven-posible-su-total-recuperacion\/#article","isPartOf":{"@id":"https:\/\/digital58.com.ve\/site\/2020\/09\/23\/navalny-fue-dado-de-alta-en-berlin-y-los-medicos-ven-posible-su-total-recuperacion\/"},"author":{"name":"Villasmil Henry","@id":"https:\/\/digital58.com.ve\/site\/#\/schema\/person\/64d1c2e4d0d4fd1b849980c4331c2951"},"headline":"Navalny fue dado de alta en Berl\u00edn y los m\u00e9dicos ven posible su total recuperaci\u00f3n","datePublished":"2020-09-23T10:38:43+00:00","mainEntityOfPage":{"@id":"https:\/\/digital58.com.ve\/site\/2020\/09\/23\/navalny-fue-dado-de-alta-en-berlin-y-los-medicos-ven-posible-su-total-recuperacion\/"},"wordCount":338,"commentCount":0,"publisher":{"@id":"https:\/\/digital58.com.ve\/site\/#\/schema\/person\/64d1c2e4d0d4fd1b849980c4331c2951"},"image":{"@id":"https:\/\/digital58.com.ve\/site\/2020\/09\/23\/navalny-fue-dado-de-alta-en-berlin-y-los-medicos-ven-posible-su-total-recuperacion\/#primaryimage"},"thumbnailUrl":"https:\/\/digital58.com.ve\/site\/wp-content\/uploads\/2020\/09\/Alexei-Navalny-23-09-20.jpg","keywords":["Alemania","Alexei Navalny","Berlin","Envenenamiento","hospital Charit\u00e9 de Berl\u00edn","Internacionales","Opositor ruso"],"articleSection":["Mundo"],"inLanguage":"es","potentialAction":[{"@type":"CommentAction","name":"Comment","target":["https:\/\/digital58.com.ve\/site\/2020\/09\/23\/navalny-fue-dado-de-alta-en-berlin-y-los-medicos-ven-posible-su-total-recuperacion\/#respond"]}]},{"@type":"WebPage","@id":"https:\/\/digital58.com.ve\/site\/2020\/09\/23\/navalny-fue-dado-de-alta-en-berlin-y-los-medicos-ven-posible-su-total-recuperacion\/","url":"https:\/\/digital58.com.ve\/site\/2020\/09\/23\/navalny-fue-dado-de-alta-en-berlin-y-los-medicos-ven-posible-su-total-recuperacion\/","name":"Navalny fue dado de alta en Berl\u00edn y los m\u00e9dicos ven posible su total recuperaci\u00f3n","isPartOf":{"@id":"https:\/\/digital58.com.ve\/site\/#website"},"primaryImageOfPage":{"@id":"https:\/\/digital58.com.ve\/site\/2020\/09\/23\/navalny-fue-dado-de-alta-en-berlin-y-los-medicos-ven-posible-su-total-recuperacion\/#primaryimage"},"image":{"@id":"https:\/\/digital58.com.ve\/site\/2020\/09\/23\/navalny-fue-dado-de-alta-en-berlin-y-los-medicos-ven-posible-su-total-recuperacion\/#primaryimage"},"thumbnailUrl":"https:\/\/digital58.com.ve\/site\/wp-content\/uploads\/2020\/09\/Alexei-Navalny-23-09-20.jpg","datePublished":"2020-09-23T10:38:43+00:00","description":"Mundo","breadcrumb":{"@id":"https:\/\/digital58.com.ve\/site\/2020\/09\/23\/navalny-fue-dado-de-alta-en-berlin-y-los-medicos-ven-posible-su-total-recuperacion\/#breadcrumb"},"inLanguage":"es","potentialAction":[{"@type":"ReadAction","target":["https:\/\/digital58.com.ve\/site\/2020\/09\/23\/navalny-fue-dado-de-alta-en-berlin-y-los-medicos-ven-posible-su-total-recuperacion\/"]}]},{"@type":"ImageObject","inLanguage":"es","@id":"https:\/\/digital58.com.ve\/site\/2020\/09\/23\/navalny-fue-dado-de-alta-en-berlin-y-los-medicos-ven-posible-su-total-recuperacion\/#primaryimage","url":"https:\/\/digital58.com.ve\/site\/wp-content\/uploads\/2020\/09\/Alexei-Navalny-23-09-20.jpg","contentUrl":"https:\/\/digital58.com.ve\/site\/wp-content\/uploads\/2020\/09\/Alexei-Navalny-23-09-20.jpg","width":600,"height":600},{"@type":"BreadcrumbList","@id":"https:\/\/digital58.com.ve\/site\/2020\/09\/23\/navalny-fue-dado-de-alta-en-berlin-y-los-medicos-ven-posible-su-total-recuperacion\/#breadcrumb","itemListElement":[{"@type":"ListItem","position":1,"name":"Home","item":"https:\/\/digital58.com.ve\/site\/"},{"@type":"ListItem","position":2,"name":"Navalny fue dado de alta en Berl\u00edn y los m\u00e9dicos ven posible su total recuperaci\u00f3n"}]},{"@type":"WebSite","@id":"https:\/\/digital58.com.ve\/site\/#website","url":"https:\/\/digital58.com.ve\/site\/","name":"Noticias Digital58","description":"Portal de Noticias \u00a1Periodismo web de verdad! Lanzamiento web 22.11.2005 \/ Maracaibo, Venezuela","publisher":{"@id":"https:\/\/digital58.com.ve\/site\/#\/schema\/person\/64d1c2e4d0d4fd1b849980c4331c2951"},"alternateName":"ND58","potentialAction":[{"@type":"SearchAction","target":{"@type":"EntryPoint","urlTemplate":"https:\/\/digital58.com.ve\/site\/?s={search_term_string}"},"query-input":{"@type":"PropertyValueSpecification","valueRequired":true,"valueName":"search_term_string"}}],"inLanguage":"es"},{"@type":["Person","Organization"],"@id":"https:\/\/digital58.com.ve\/site\/#\/schema\/person\/64d1c2e4d0d4fd1b849980c4331c2951","name":"Villasmil Henry","image":{"@type":"ImageObject","inLanguage":"es","@id":"https:\/\/secure.gravatar.com\/avatar\/bb0c4a2fcb7970138239f7e404ea75757b1b507b28b5ce4c53fbd62d797c5a7c?s=96&d=mm&r=g","url":"https:\/\/secure.gravatar.com\/avatar\/bb0c4a2fcb7970138239f7e404ea75757b1b507b28b5ce4c53fbd62d797c5a7c?s=96&d=mm&r=g","contentUrl":"https:\/\/secure.gravatar.com\/avatar\/bb0c4a2fcb7970138239f7e404ea75757b1b507b28b5ce4c53fbd62d797c5a7c?s=96&d=mm&r=g","caption":"Villasmil Henry"},"logo":{"@id":"https:\/\/secure.gravatar.com\/avatar\/bb0c4a2fcb7970138239f7e404ea75757b1b507b28b5ce4c53fbd62d797c5a7c?s=96&d=mm&r=g"},"sameAs":["http:\/\/www.henryvillasmil.com.ve","https:\/\/www.instagram.com\/villasmilhfoto\/","https:\/\/x.com\/https:\/\/twitter.com\/villasmilhfoto"],"url":"https:\/\/digital58.com.ve\/site\/author\/droopy_68\/"}]}},"uagb_featured_image_src":{"full":["https:\/\/digital58.com.ve\/site\/wp-content\/uploads\/2020\/09\/Alexei-Navalny-23-09-20.jpg",600,600,false],"thumbnail":["https:\/\/digital58.com.ve\/site\/wp-content\/uploads\/2020\/09\/Alexei-Navalny-23-09-20-150x150.jpg",150,150,true],"medium":["https:\/\/digital58.com.ve\/site\/wp-content\/uploads\/2020\/09\/Alexei-Navalny-23-09-20-300x300.jpg",300,300,true],"medium_large":["https:\/\/digital58.com.ve\/site\/wp-content\/uploads\/2020\/09\/Alexei-Navalny-23-09-20-768x768.jpg",768,768,true],"large":["https:\/\/digital58.com.ve\/site\/wp-content\/uploads\/2020\/09\/Alexei-Navalny-23-09-20.jpg",600,600,false],"1536x1536":["https:\/\/digital58.com.ve\/site\/wp-content\/uploads\/2020\/09\/Alexei-Navalny-23-09-20.jpg",600,600,false],"2048x2048":["https:\/\/digital58.com.ve\/site\/wp-content\/uploads\/2020\/09\/Alexei-Navalny-23-09-20.jpg",600,600,false],"colormag-highlighted-post":["https:\/\/digital58.com.ve\/site\/wp-content\/uploads\/2020\/09\/Alexei-Navalny-23-09-20.jpg",272,272,false],"colormag-featured-post-medium":["https:\/\/digital58.com.ve\/site\/wp-content\/uploads\/2020\/09\/Alexei-Navalny-23-09-20.jpg",205,205,false],"colormag-featured-post-small":["https:\/\/digital58.com.ve\/site\/wp-content\/uploads\/2020\/09\/Alexei-Navalny-23-09-20.jpg",90,90,false],"colormag-featured-image":["https:\/\/digital58.com.ve\/site\/wp-content\/uploads\/2020\/09\/Alexei-Navalny-23-09-20.jpg",445,445,false],"colormag-default-news":["https:\/\/digital58.com.ve\/site\/wp-content\/uploads\/2020\/09\/Alexei-Navalny-23-09-20.jpg",150,150,false],"colormag-featured-image-large":["https:\/\/digital58.com.ve\/site\/wp-content\/uploads\/2020\/09\/Alexei-Navalny-23-09-20.jpg",600,600,false]},"uagb_author_info":{"display_name":"Villasmil Henry","author_link":"https:\/\/digital58.com.ve\/site\/author\/droopy_68\/"},"uagb_comment_info":0,"uagb_excerpt":"Las autoridades de Alemania denunciaron que el l\u00edder opositor fue envenenado con un agente nervioso de la familia Novichok, tras","_links":{"self":[{"href":"https:\/\/digital58.com.ve\/site\/wp-json\/wp\/v2\/posts\/128951","targetHints":{"allow":["GET"]}}],"collection":[{"href":"https:\/\/digital58.com.ve\/site\/wp-json\/wp\/v2\/posts"}],"about":[{"href":"https:\/\/digital58.com.ve\/site\/wp-json\/wp\/v2\/types\/post"}],"author":[{"embeddable":true,"href":"https:\/\/digital58.com.ve\/site\/wp-json\/wp\/v2\/users\/1"}],"replies":[{"embeddable":true,"href":"https:\/\/digital58.com.ve\/site\/wp-json\/wp\/v2\/comments?post=128951"}],"version-history":[{"count":0,"href":"https:\/\/digital58.com.ve\/site\/wp-json\/wp\/v2\/posts\/128951\/revisions"}],"wp:featuredmedia":[{"embeddable":true,"href":"https:\/\/digital58.com.ve\/site\/wp-json\/wp\/v2\/media\/128953"}],"wp:attachment":[{"href":"https:\/\/digital58.com.ve\/site\/wp-json\/wp\/v2\/media?parent=128951"}],"wp:term":[{"taxonomy":"category","embeddable":true,"href":"https:\/\/digital58.com.ve\/site\/wp-json\/wp\/v2\/categories?post=128951"},{"taxonomy":"post_tag","embeddable":true,"href":"https:\/\/digital58.com.ve\/site\/wp-json\/wp\/v2\/tags?post=128951"}],"curies":[{"name":"wp","href":"https:\/\/api.w.org\/{rel}","templated":true}]}}