{"id":128976,"date":"2020-09-23T10:59:37","date_gmt":"2020-09-23T14:59:37","guid":{"rendered":"https:\/\/digital58.com.ve\/site\/?p=128976"},"modified":"2020-09-23T22:35:41","modified_gmt":"2020-09-24T02:35:41","slug":"asignacion-del-bono-unidos-por-la-vida-fue-activada-por-el-gobierno-nacional","status":"publish","type":"post","link":"https:\/\/digital58.com.ve\/site\/2020\/09\/23\/asignacion-del-bono-unidos-por-la-vida-fue-activada-por-el-gobierno-nacional\/","title":{"rendered":"Asignaci\u00f3n del bono \u00abUnidos por la Vida\u00bb fue activada por el gobierno nacional"},"content":{"rendered":"<p><img loading=\"lazy\" decoding=\"async\" class=\"size-full wp-image-128977 aligncenter\" src=\"https:\/\/digital58.com.ve\/site\/wp-content\/uploads\/2020\/09\/unnamed.png\" alt=\"\" width=\"640\" height=\"320\" srcset=\"https:\/\/digital58.com.ve\/site\/wp-content\/uploads\/2020\/09\/unnamed.png 640w, https:\/\/digital58.com.ve\/site\/wp-content\/uploads\/2020\/09\/unnamed-300x150.png 300w\" sizes=\"auto, (max-width: 640px) 100vw, 640px\" \/><\/p>\n<p>El monto del bono Unidos por la Vida es de 1.690.000 bol\u00edvares, es decir, poco m\u00e1s de 4 d\u00f3lares, de acuerdo con la cotizaci\u00f3n oficial.<\/p>\n<p><strong>Caracas, DC, Venezuela, 23 de septiembre de 2020 (ND58).-<\/strong>El gobierno de Nicol\u00e1s Maduro comenz\u00f3 desde el martes 22 de septiembre la asignaci\u00f3n de un nuevo bono llamado \u00abUnidos por la Vida\u00bb, el cual se estar\u00e1 entregando hasta el 30 de septiembre.<\/p>\n<p>El bono se otorgar\u00e1 de manera directa y gradual a trav\u00e9s de la plataforma Patria, instrumento utilizado por el gobierno nacional \u00a0para adjudicar beneficios sociales.<\/p>\n<p>Quienes resulten beneficiados recibir\u00e1n un mensaje en sus tel\u00e9fonos a trav\u00e9s del n\u00famero 3532 y por la aplicaci\u00f3n veMonedero. \u00abContinuemos en este esfuerzo colectivo, heroico e inmenso para atender y proteger la salud de la familia venezolana. \u00a1Unidos por la vida! \u00bb, indica el texto.<\/p>\n<p>El monto del bono Unidos por la Vida es de 1.690.000 bol\u00edvares, es decir, poco m\u00e1s de 4 d\u00f3lares, de acuerdo con la cotizaci\u00f3n oficial.<\/p>\n<p>El blog de la Plataforma Patria recomend\u00f3 a los ciudadanos usar el sistema para pagar a trav\u00e9s de los puntos de venta de BiopagoBDV y de esta forma no esperar a que el dinero se haga efectivo en sus cuentas bancarias registradas.<\/p>\n<p>Para hacer uso de esta opci\u00f3n, las personas \u00fanicamente deben ingresar con su usuario y contrase\u00f1a a la plataforma y aceptar el bono.<\/p><div class=\"onzgy69f535c80f4ee\" ><p style=\"text-align: center;\"><a href=\"https:\/\/t.me\/noticiasdigital58\" target=\"_blank\" rel=\"noopener\"><img class=\"aligncenter size-full wp-image-125363\" src=\"https:\/\/digital58.com.ve\/site\/wp-content\/uploads\/2021\/04\/banner-telegram-web-2021.png\" alt=\"\" width=\"600\" height=\"90\" \/><\/a><\/p><\/div><style type=\"text\/css\">\r\n@media screen and (min-width: 1201px) {\r\n.onzgy69f535c80f4ee {\r\ndisplay: block;\r\n}\r\n}\r\n@media screen and (min-width: 993px) and (max-width: 1200px) {\r\n.onzgy69f535c80f4ee {\r\ndisplay: block;\r\n}\r\n}\r\n@media screen and (min-width: 769px) and (max-width: 992px) {\r\n.onzgy69f535c80f4ee {\r\ndisplay: block;\r\n}\r\n}\r\n@media screen and (min-width: 768px) and (max-width: 768px) {\r\n.onzgy69f535c80f4ee {\r\ndisplay: block;\r\n}\r\n}\r\n@media screen and (max-width: 767px) {\r\n.onzgy69f535c80f4ee {\r\ndisplay: block;\r\n}\r\n}\r\n<\/style>\r\n\n<p><strong>Re<\/strong><b>dacci\u00f3n: Molero, Luis\u00a0 (@Moleromarquez) | Fuente: Gobierno Nacional<\/b><br \/>\n<b>Edici\u00f3n: Villasmil, Henry<\/b><br \/>\n<b>Gr\u00e1ficas: Cortes\u00eda<\/b><\/p>\n<div style=\"margin-top: 0px; margin-bottom: 0px;\" class=\"sharethis-inline-share-buttons\" ><\/div>","protected":false},"excerpt":{"rendered":"<p>El monto del bono Unidos por la Vida es de 1.690.000 bol\u00edvares, es decir, poco m\u00e1s de 4 d\u00f3lares, de<\/p>\n","protected":false},"author":26,"featured_media":128977,"comment_status":"open","ping_status":"closed","sticky":false,"template":"","format":"standard","meta":{"colormag_page_container_layout":"default_layout","colormag_page_sidebar_layout":"default_layout","_uag_custom_page_level_css":"","footnotes":""},"categories":[14499],"tags":[21861,17940,1818,233,2724,14002],"class_list":["post-128976","post","type-post","status-publish","format-standard","has-post-thumbnail","hentry","category-economia","tag-bono-unidos-por-la-vida","tag-economia-nacional","tag-gobierno-nacional","tag-nacionales","tag-nicolas-maduro","tag-plataforma-patria"],"yoast_head":"<!-- This site is optimized with the Yoast SEO plugin v27.5 - https:\/\/yoast.com\/product\/yoast-seo-wordpress\/ -->\n<title>Asignaci\u00f3n del bono \u00abUnidos por la Vida\u00bb fue activada por el gobierno nacional<\/title>\n<meta name=\"description\" content=\"Econom\u00eda\" \/>\n<meta name=\"robots\" content=\"index, follow, max-snippet:-1, max-image-preview:large, max-video-preview:-1\" \/>\n<link rel=\"canonical\" href=\"https:\/\/digital58.com.ve\/site\/2020\/09\/23\/asignacion-del-bono-unidos-por-la-vida-fue-activada-por-el-gobierno-nacional\/\" \/>\n<meta property=\"og:locale\" content=\"es_ES\" \/>\n<meta property=\"og:type\" content=\"article\" \/>\n<meta property=\"og:title\" content=\"Asignaci\u00f3n del bono \u00abUnidos por la Vida\u00bb fue activada por el gobierno nacional\" \/>\n<meta property=\"og:description\" content=\"Econom\u00eda\" \/>\n<meta property=\"og:url\" content=\"https:\/\/digital58.com.ve\/site\/2020\/09\/23\/asignacion-del-bono-unidos-por-la-vida-fue-activada-por-el-gobierno-nacional\/\" \/>\n<meta property=\"og:site_name\" content=\"Noticias Digital58\" \/>\n<meta property=\"article:published_time\" content=\"2020-09-23T14:59:37+00:00\" \/>\n<meta property=\"article:modified_time\" content=\"2020-09-24T02:35:41+00:00\" \/>\n<meta property=\"og:image\" content=\"https:\/\/digital58.com.ve\/site\/wp-content\/uploads\/2020\/09\/unnamed.png\" \/>\n\t<meta property=\"og:image:width\" content=\"640\" \/>\n\t<meta property=\"og:image:height\" content=\"320\" \/>\n\t<meta property=\"og:image:type\" content=\"image\/png\" \/>\n<meta name=\"author\" content=\"Molero Luis\" \/>\n<meta name=\"twitter:card\" content=\"summary_large_image\" \/>\n<meta name=\"twitter:creator\" content=\"@Digital_58\" \/>\n<meta name=\"twitter:site\" content=\"@villasmilhfoto\" \/>\n<meta name=\"twitter:label1\" content=\"Escrito por\" \/>\n\t<meta name=\"twitter:data1\" content=\"Molero Luis\" \/>\n\t<meta name=\"twitter:label2\" content=\"Tiempo estimado de lectura\" \/>\n\t<meta name=\"twitter:data2\" content=\"1 minuto\" \/>\n<script type=\"application\/ld+json\" class=\"yoast-schema-graph\">{\"@context\":\"https:\\\/\\\/schema.org\",\"@graph\":[{\"@type\":\"Article\",\"@id\":\"https:\\\/\\\/digital58.com.ve\\\/site\\\/2020\\\/09\\\/23\\\/asignacion-del-bono-unidos-por-la-vida-fue-activada-por-el-gobierno-nacional\\\/#article\",\"isPartOf\":{\"@id\":\"https:\\\/\\\/digital58.com.ve\\\/site\\\/2020\\\/09\\\/23\\\/asignacion-del-bono-unidos-por-la-vida-fue-activada-por-el-gobierno-nacional\\\/\"},\"author\":{\"name\":\"Molero Luis\",\"@id\":\"https:\\\/\\\/digital58.com.ve\\\/site\\\/#\\\/schema\\\/person\\\/c61667ce6845137620ee3f0aaabade17\"},\"headline\":\"Asignaci\u00f3n del bono \u00abUnidos por la Vida\u00bb fue activada por el gobierno nacional\",\"datePublished\":\"2020-09-23T14:59:37+00:00\",\"dateModified\":\"2020-09-24T02:35:41+00:00\",\"mainEntityOfPage\":{\"@id\":\"https:\\\/\\\/digital58.com.ve\\\/site\\\/2020\\\/09\\\/23\\\/asignacion-del-bono-unidos-por-la-vida-fue-activada-por-el-gobierno-nacional\\\/\"},\"wordCount\":267,\"commentCount\":0,\"publisher\":{\"@id\":\"https:\\\/\\\/digital58.com.ve\\\/site\\\/#\\\/schema\\\/person\\\/64d1c2e4d0d4fd1b849980c4331c2951\"},\"image\":{\"@id\":\"https:\\\/\\\/digital58.com.ve\\\/site\\\/2020\\\/09\\\/23\\\/asignacion-del-bono-unidos-por-la-vida-fue-activada-por-el-gobierno-nacional\\\/#primaryimage\"},\"thumbnailUrl\":\"https:\\\/\\\/digital58.com.ve\\\/site\\\/wp-content\\\/uploads\\\/2020\\\/09\\\/unnamed.png\",\"keywords\":[\"Bono Unidos por la vida\",\"Econom\u00eda Nacional\",\"Gobierno Nacional\",\"Nacionales\",\"Nicol\u00e1s Maduro\",\"Plataforma Patria\"],\"articleSection\":[\"Econom\u00eda\"],\"inLanguage\":\"es\",\"potentialAction\":[{\"@type\":\"CommentAction\",\"name\":\"Comment\",\"target\":[\"https:\\\/\\\/digital58.com.ve\\\/site\\\/2020\\\/09\\\/23\\\/asignacion-del-bono-unidos-por-la-vida-fue-activada-por-el-gobierno-nacional\\\/#respond\"]}]},{\"@type\":\"WebPage\",\"@id\":\"https:\\\/\\\/digital58.com.ve\\\/site\\\/2020\\\/09\\\/23\\\/asignacion-del-bono-unidos-por-la-vida-fue-activada-por-el-gobierno-nacional\\\/\",\"url\":\"https:\\\/\\\/digital58.com.ve\\\/site\\\/2020\\\/09\\\/23\\\/asignacion-del-bono-unidos-por-la-vida-fue-activada-por-el-gobierno-nacional\\\/\",\"name\":\"Asignaci\u00f3n del bono \u00abUnidos por la Vida\u00bb fue activada por el gobierno nacional\",\"isPartOf\":{\"@id\":\"https:\\\/\\\/digital58.com.ve\\\/site\\\/#website\"},\"primaryImageOfPage\":{\"@id\":\"https:\\\/\\\/digital58.com.ve\\\/site\\\/2020\\\/09\\\/23\\\/asignacion-del-bono-unidos-por-la-vida-fue-activada-por-el-gobierno-nacional\\\/#primaryimage\"},\"image\":{\"@id\":\"https:\\\/\\\/digital58.com.ve\\\/site\\\/2020\\\/09\\\/23\\\/asignacion-del-bono-unidos-por-la-vida-fue-activada-por-el-gobierno-nacional\\\/#primaryimage\"},\"thumbnailUrl\":\"https:\\\/\\\/digital58.com.ve\\\/site\\\/wp-content\\\/uploads\\\/2020\\\/09\\\/unnamed.png\",\"datePublished\":\"2020-09-23T14:59:37+00:00\",\"dateModified\":\"2020-09-24T02:35:41+00:00\",\"description\":\"Econom\u00eda\",\"breadcrumb\":{\"@id\":\"https:\\\/\\\/digital58.com.ve\\\/site\\\/2020\\\/09\\\/23\\\/asignacion-del-bono-unidos-por-la-vida-fue-activada-por-el-gobierno-nacional\\\/#breadcrumb\"},\"inLanguage\":\"es\",\"potentialAction\":[{\"@type\":\"ReadAction\",\"target\":[\"https:\\\/\\\/digital58.com.ve\\\/site\\\/2020\\\/09\\\/23\\\/asignacion-del-bono-unidos-por-la-vida-fue-activada-por-el-gobierno-nacional\\\/\"]}]},{\"@type\":\"ImageObject\",\"inLanguage\":\"es\",\"@id\":\"https:\\\/\\\/digital58.com.ve\\\/site\\\/2020\\\/09\\\/23\\\/asignacion-del-bono-unidos-por-la-vida-fue-activada-por-el-gobierno-nacional\\\/#primaryimage\",\"url\":\"https:\\\/\\\/digital58.com.ve\\\/site\\\/wp-content\\\/uploads\\\/2020\\\/09\\\/unnamed.png\",\"contentUrl\":\"https:\\\/\\\/digital58.com.ve\\\/site\\\/wp-content\\\/uploads\\\/2020\\\/09\\\/unnamed.png\",\"width\":640,\"height\":320},{\"@type\":\"BreadcrumbList\",\"@id\":\"https:\\\/\\\/digital58.com.ve\\\/site\\\/2020\\\/09\\\/23\\\/asignacion-del-bono-unidos-por-la-vida-fue-activada-por-el-gobierno-nacional\\\/#breadcrumb\",\"itemListElement\":[{\"@type\":\"ListItem\",\"position\":1,\"name\":\"Home\",\"item\":\"https:\\\/\\\/digital58.com.ve\\\/site\\\/\"},{\"@type\":\"ListItem\",\"position\":2,\"name\":\"Asignaci\u00f3n del bono \u00abUnidos por la Vida\u00bb fue activada por el gobierno nacional\"}]},{\"@type\":\"WebSite\",\"@id\":\"https:\\\/\\\/digital58.com.ve\\\/site\\\/#website\",\"url\":\"https:\\\/\\\/digital58.com.ve\\\/site\\\/\",\"name\":\"Noticias Digital58\",\"description\":\"Portal de Noticias \u00a1Periodismo web de verdad! Lanzamiento web 22.11.2005 \\\/ Maracaibo, Venezuela\",\"publisher\":{\"@id\":\"https:\\\/\\\/digital58.com.ve\\\/site\\\/#\\\/schema\\\/person\\\/64d1c2e4d0d4fd1b849980c4331c2951\"},\"alternateName\":\"ND58\",\"potentialAction\":[{\"@type\":\"SearchAction\",\"target\":{\"@type\":\"EntryPoint\",\"urlTemplate\":\"https:\\\/\\\/digital58.com.ve\\\/site\\\/?s={search_term_string}\"},\"query-input\":{\"@type\":\"PropertyValueSpecification\",\"valueRequired\":true,\"valueName\":\"search_term_string\"}}],\"inLanguage\":\"es\"},{\"@type\":[\"Person\",\"Organization\"],\"@id\":\"https:\\\/\\\/digital58.com.ve\\\/site\\\/#\\\/schema\\\/person\\\/64d1c2e4d0d4fd1b849980c4331c2951\",\"name\":\"Villasmil Henry\",\"image\":{\"@type\":\"ImageObject\",\"inLanguage\":\"es\",\"@id\":\"https:\\\/\\\/secure.gravatar.com\\\/avatar\\\/bb0c4a2fcb7970138239f7e404ea75757b1b507b28b5ce4c53fbd62d797c5a7c?s=96&d=mm&r=g\",\"url\":\"https:\\\/\\\/secure.gravatar.com\\\/avatar\\\/bb0c4a2fcb7970138239f7e404ea75757b1b507b28b5ce4c53fbd62d797c5a7c?s=96&d=mm&r=g\",\"contentUrl\":\"https:\\\/\\\/secure.gravatar.com\\\/avatar\\\/bb0c4a2fcb7970138239f7e404ea75757b1b507b28b5ce4c53fbd62d797c5a7c?s=96&d=mm&r=g\",\"caption\":\"Villasmil Henry\"},\"logo\":{\"@id\":\"https:\\\/\\\/secure.gravatar.com\\\/avatar\\\/bb0c4a2fcb7970138239f7e404ea75757b1b507b28b5ce4c53fbd62d797c5a7c?s=96&d=mm&r=g\"},\"sameAs\":[\"http:\\\/\\\/www.henryvillasmil.com.ve\",\"https:\\\/\\\/www.instagram.com\\\/villasmilhfoto\\\/\",\"https:\\\/\\\/x.com\\\/https:\\\/\\\/twitter.com\\\/villasmilhfoto\"]},{\"@type\":\"Person\",\"@id\":\"https:\\\/\\\/digital58.com.ve\\\/site\\\/#\\\/schema\\\/person\\\/c61667ce6845137620ee3f0aaabade17\",\"name\":\"Molero Luis\",\"image\":{\"@type\":\"ImageObject\",\"inLanguage\":\"es\",\"@id\":\"https:\\\/\\\/secure.gravatar.com\\\/avatar\\\/bf041ec637e3e7405449807deb2f7cf3d2de7c6fa755dd56e985201de9863f2b?s=96&d=mm&r=g\",\"url\":\"https:\\\/\\\/secure.gravatar.com\\\/avatar\\\/bf041ec637e3e7405449807deb2f7cf3d2de7c6fa755dd56e985201de9863f2b?s=96&d=mm&r=g\",\"contentUrl\":\"https:\\\/\\\/secure.gravatar.com\\\/avatar\\\/bf041ec637e3e7405449807deb2f7cf3d2de7c6fa755dd56e985201de9863f2b?s=96&d=mm&r=g\",\"caption\":\"Molero Luis\"},\"url\":\"https:\\\/\\\/digital58.com.ve\\\/site\\\/author\\\/luismolero\\\/\"}]}<\/script>\n<!-- \/ Yoast SEO plugin. -->","yoast_head_json":{"title":"Asignaci\u00f3n del bono \u00abUnidos por la Vida\u00bb fue activada por el gobierno nacional","description":"Econom\u00eda","robots":{"index":"index","follow":"follow","max-snippet":"max-snippet:-1","max-image-preview":"max-image-preview:large","max-video-preview":"max-video-preview:-1"},"canonical":"https:\/\/digital58.com.ve\/site\/2020\/09\/23\/asignacion-del-bono-unidos-por-la-vida-fue-activada-por-el-gobierno-nacional\/","og_locale":"es_ES","og_type":"article","og_title":"Asignaci\u00f3n del bono \u00abUnidos por la Vida\u00bb fue activada por el gobierno nacional","og_description":"Econom\u00eda","og_url":"https:\/\/digital58.com.ve\/site\/2020\/09\/23\/asignacion-del-bono-unidos-por-la-vida-fue-activada-por-el-gobierno-nacional\/","og_site_name":"Noticias Digital58","article_published_time":"2020-09-23T14:59:37+00:00","article_modified_time":"2020-09-24T02:35:41+00:00","og_image":[{"width":640,"height":320,"url":"https:\/\/digital58.com.ve\/site\/wp-content\/uploads\/2020\/09\/unnamed.png","type":"image\/png"}],"author":"Molero Luis","twitter_card":"summary_large_image","twitter_creator":"@Digital_58","twitter_site":"@villasmilhfoto","twitter_misc":{"Escrito por":"Molero Luis","Tiempo estimado de lectura":"1 minuto"},"schema":{"@context":"https:\/\/schema.org","@graph":[{"@type":"Article","@id":"https:\/\/digital58.com.ve\/site\/2020\/09\/23\/asignacion-del-bono-unidos-por-la-vida-fue-activada-por-el-gobierno-nacional\/#article","isPartOf":{"@id":"https:\/\/digital58.com.ve\/site\/2020\/09\/23\/asignacion-del-bono-unidos-por-la-vida-fue-activada-por-el-gobierno-nacional\/"},"author":{"name":"Molero Luis","@id":"https:\/\/digital58.com.ve\/site\/#\/schema\/person\/c61667ce6845137620ee3f0aaabade17"},"headline":"Asignaci\u00f3n del bono \u00abUnidos por la Vida\u00bb fue activada por el gobierno nacional","datePublished":"2020-09-23T14:59:37+00:00","dateModified":"2020-09-24T02:35:41+00:00","mainEntityOfPage":{"@id":"https:\/\/digital58.com.ve\/site\/2020\/09\/23\/asignacion-del-bono-unidos-por-la-vida-fue-activada-por-el-gobierno-nacional\/"},"wordCount":267,"commentCount":0,"publisher":{"@id":"https:\/\/digital58.com.ve\/site\/#\/schema\/person\/64d1c2e4d0d4fd1b849980c4331c2951"},"image":{"@id":"https:\/\/digital58.com.ve\/site\/2020\/09\/23\/asignacion-del-bono-unidos-por-la-vida-fue-activada-por-el-gobierno-nacional\/#primaryimage"},"thumbnailUrl":"https:\/\/digital58.com.ve\/site\/wp-content\/uploads\/2020\/09\/unnamed.png","keywords":["Bono Unidos por la vida","Econom\u00eda Nacional","Gobierno Nacional","Nacionales","Nicol\u00e1s Maduro","Plataforma Patria"],"articleSection":["Econom\u00eda"],"inLanguage":"es","potentialAction":[{"@type":"CommentAction","name":"Comment","target":["https:\/\/digital58.com.ve\/site\/2020\/09\/23\/asignacion-del-bono-unidos-por-la-vida-fue-activada-por-el-gobierno-nacional\/#respond"]}]},{"@type":"WebPage","@id":"https:\/\/digital58.com.ve\/site\/2020\/09\/23\/asignacion-del-bono-unidos-por-la-vida-fue-activada-por-el-gobierno-nacional\/","url":"https:\/\/digital58.com.ve\/site\/2020\/09\/23\/asignacion-del-bono-unidos-por-la-vida-fue-activada-por-el-gobierno-nacional\/","name":"Asignaci\u00f3n del bono \u00abUnidos por la Vida\u00bb fue activada por el gobierno nacional","isPartOf":{"@id":"https:\/\/digital58.com.ve\/site\/#website"},"primaryImageOfPage":{"@id":"https:\/\/digital58.com.ve\/site\/2020\/09\/23\/asignacion-del-bono-unidos-por-la-vida-fue-activada-por-el-gobierno-nacional\/#primaryimage"},"image":{"@id":"https:\/\/digital58.com.ve\/site\/2020\/09\/23\/asignacion-del-bono-unidos-por-la-vida-fue-activada-por-el-gobierno-nacional\/#primaryimage"},"thumbnailUrl":"https:\/\/digital58.com.ve\/site\/wp-content\/uploads\/2020\/09\/unnamed.png","datePublished":"2020-09-23T14:59:37+00:00","dateModified":"2020-09-24T02:35:41+00:00","description":"Econom\u00eda","breadcrumb":{"@id":"https:\/\/digital58.com.ve\/site\/2020\/09\/23\/asignacion-del-bono-unidos-por-la-vida-fue-activada-por-el-gobierno-nacional\/#breadcrumb"},"inLanguage":"es","potentialAction":[{"@type":"ReadAction","target":["https:\/\/digital58.com.ve\/site\/2020\/09\/23\/asignacion-del-bono-unidos-por-la-vida-fue-activada-por-el-gobierno-nacional\/"]}]},{"@type":"ImageObject","inLanguage":"es","@id":"https:\/\/digital58.com.ve\/site\/2020\/09\/23\/asignacion-del-bono-unidos-por-la-vida-fue-activada-por-el-gobierno-nacional\/#primaryimage","url":"https:\/\/digital58.com.ve\/site\/wp-content\/uploads\/2020\/09\/unnamed.png","contentUrl":"https:\/\/digital58.com.ve\/site\/wp-content\/uploads\/2020\/09\/unnamed.png","width":640,"height":320},{"@type":"BreadcrumbList","@id":"https:\/\/digital58.com.ve\/site\/2020\/09\/23\/asignacion-del-bono-unidos-por-la-vida-fue-activada-por-el-gobierno-nacional\/#breadcrumb","itemListElement":[{"@type":"ListItem","position":1,"name":"Home","item":"https:\/\/digital58.com.ve\/site\/"},{"@type":"ListItem","position":2,"name":"Asignaci\u00f3n del bono \u00abUnidos por la Vida\u00bb fue activada por el gobierno nacional"}]},{"@type":"WebSite","@id":"https:\/\/digital58.com.ve\/site\/#website","url":"https:\/\/digital58.com.ve\/site\/","name":"Noticias Digital58","description":"Portal de Noticias \u00a1Periodismo web de verdad! Lanzamiento web 22.11.2005 \/ Maracaibo, Venezuela","publisher":{"@id":"https:\/\/digital58.com.ve\/site\/#\/schema\/person\/64d1c2e4d0d4fd1b849980c4331c2951"},"alternateName":"ND58","potentialAction":[{"@type":"SearchAction","target":{"@type":"EntryPoint","urlTemplate":"https:\/\/digital58.com.ve\/site\/?s={search_term_string}"},"query-input":{"@type":"PropertyValueSpecification","valueRequired":true,"valueName":"search_term_string"}}],"inLanguage":"es"},{"@type":["Person","Organization"],"@id":"https:\/\/digital58.com.ve\/site\/#\/schema\/person\/64d1c2e4d0d4fd1b849980c4331c2951","name":"Villasmil Henry","image":{"@type":"ImageObject","inLanguage":"es","@id":"https:\/\/secure.gravatar.com\/avatar\/bb0c4a2fcb7970138239f7e404ea75757b1b507b28b5ce4c53fbd62d797c5a7c?s=96&d=mm&r=g","url":"https:\/\/secure.gravatar.com\/avatar\/bb0c4a2fcb7970138239f7e404ea75757b1b507b28b5ce4c53fbd62d797c5a7c?s=96&d=mm&r=g","contentUrl":"https:\/\/secure.gravatar.com\/avatar\/bb0c4a2fcb7970138239f7e404ea75757b1b507b28b5ce4c53fbd62d797c5a7c?s=96&d=mm&r=g","caption":"Villasmil Henry"},"logo":{"@id":"https:\/\/secure.gravatar.com\/avatar\/bb0c4a2fcb7970138239f7e404ea75757b1b507b28b5ce4c53fbd62d797c5a7c?s=96&d=mm&r=g"},"sameAs":["http:\/\/www.henryvillasmil.com.ve","https:\/\/www.instagram.com\/villasmilhfoto\/","https:\/\/x.com\/https:\/\/twitter.com\/villasmilhfoto"]},{"@type":"Person","@id":"https:\/\/digital58.com.ve\/site\/#\/schema\/person\/c61667ce6845137620ee3f0aaabade17","name":"Molero Luis","image":{"@type":"ImageObject","inLanguage":"es","@id":"https:\/\/secure.gravatar.com\/avatar\/bf041ec637e3e7405449807deb2f7cf3d2de7c6fa755dd56e985201de9863f2b?s=96&d=mm&r=g","url":"https:\/\/secure.gravatar.com\/avatar\/bf041ec637e3e7405449807deb2f7cf3d2de7c6fa755dd56e985201de9863f2b?s=96&d=mm&r=g","contentUrl":"https:\/\/secure.gravatar.com\/avatar\/bf041ec637e3e7405449807deb2f7cf3d2de7c6fa755dd56e985201de9863f2b?s=96&d=mm&r=g","caption":"Molero Luis"},"url":"https:\/\/digital58.com.ve\/site\/author\/luismolero\/"}]}},"uagb_featured_image_src":{"full":["https:\/\/digital58.com.ve\/site\/wp-content\/uploads\/2020\/09\/unnamed.png",640,320,false],"thumbnail":["https:\/\/digital58.com.ve\/site\/wp-content\/uploads\/2020\/09\/unnamed-150x150.png",150,150,true],"medium":["https:\/\/digital58.com.ve\/site\/wp-content\/uploads\/2020\/09\/unnamed-300x150.png",300,150,true],"medium_large":["https:\/\/digital58.com.ve\/site\/wp-content\/uploads\/2020\/09\/unnamed.png",640,320,false],"large":["https:\/\/digital58.com.ve\/site\/wp-content\/uploads\/2020\/09\/unnamed.png",640,320,false],"1536x1536":["https:\/\/digital58.com.ve\/site\/wp-content\/uploads\/2020\/09\/unnamed.png",640,320,false],"2048x2048":["https:\/\/digital58.com.ve\/site\/wp-content\/uploads\/2020\/09\/unnamed.png",640,320,false],"colormag-highlighted-post":["https:\/\/digital58.com.ve\/site\/wp-content\/uploads\/2020\/09\/unnamed.png",392,196,false],"colormag-featured-post-medium":["https:\/\/digital58.com.ve\/site\/wp-content\/uploads\/2020\/09\/unnamed.png",390,195,false],"colormag-featured-post-small":["https:\/\/digital58.com.ve\/site\/wp-content\/uploads\/2020\/09\/unnamed.png",130,65,false],"colormag-featured-image":["https:\/\/digital58.com.ve\/site\/wp-content\/uploads\/2020\/09\/unnamed.png",640,320,false],"colormag-default-news":["https:\/\/digital58.com.ve\/site\/wp-content\/uploads\/2020\/09\/unnamed.png",150,75,false],"colormag-featured-image-large":["https:\/\/digital58.com.ve\/site\/wp-content\/uploads\/2020\/09\/unnamed.png",640,320,false]},"uagb_author_info":{"display_name":"Molero Luis","author_link":"https:\/\/digital58.com.ve\/site\/author\/luismolero\/"},"uagb_comment_info":0,"uagb_excerpt":"El monto del bono Unidos por la Vida es de 1.690.000 bol\u00edvares, es decir, poco m\u00e1s de 4 d\u00f3lares, de","_links":{"self":[{"href":"https:\/\/digital58.com.ve\/site\/wp-json\/wp\/v2\/posts\/128976","targetHints":{"allow":["GET"]}}],"collection":[{"href":"https:\/\/digital58.com.ve\/site\/wp-json\/wp\/v2\/posts"}],"about":[{"href":"https:\/\/digital58.com.ve\/site\/wp-json\/wp\/v2\/types\/post"}],"author":[{"embeddable":true,"href":"https:\/\/digital58.com.ve\/site\/wp-json\/wp\/v2\/users\/26"}],"replies":[{"embeddable":true,"href":"https:\/\/digital58.com.ve\/site\/wp-json\/wp\/v2\/comments?post=128976"}],"version-history":[{"count":0,"href":"https:\/\/digital58.com.ve\/site\/wp-json\/wp\/v2\/posts\/128976\/revisions"}],"wp:featuredmedia":[{"embeddable":true,"href":"https:\/\/digital58.com.ve\/site\/wp-json\/wp\/v2\/media\/128977"}],"wp:attachment":[{"href":"https:\/\/digital58.com.ve\/site\/wp-json\/wp\/v2\/media?parent=128976"}],"wp:term":[{"taxonomy":"category","embeddable":true,"href":"https:\/\/digital58.com.ve\/site\/wp-json\/wp\/v2\/categories?post=128976"},{"taxonomy":"post_tag","embeddable":true,"href":"https:\/\/digital58.com.ve\/site\/wp-json\/wp\/v2\/tags?post=128976"}],"curies":[{"name":"wp","href":"https:\/\/api.w.org\/{rel}","templated":true}]}}