{"id":128986,"date":"2020-09-23T13:09:41","date_gmt":"2020-09-23T17:09:41","guid":{"rendered":"https:\/\/digital58.com.ve\/site\/?p=128986"},"modified":"2020-09-23T13:09:41","modified_gmt":"2020-09-23T17:09:41","slug":"maduro-senalo-que-estados-unidos-usa-a-la-dea-para-atacar-al-pais","status":"publish","type":"post","link":"https:\/\/digital58.com.ve\/site\/2020\/09\/23\/maduro-senalo-que-estados-unidos-usa-a-la-dea-para-atacar-al-pais\/","title":{"rendered":"Maduro se\u00f1al\u00f3  que Estados Unidos usa a la DEA  para atacar al pa\u00eds"},"content":{"rendered":"<p><img loading=\"lazy\" decoding=\"async\" class=\"size-full wp-image-128987 aligncenter\" src=\"https:\/\/digital58.com.ve\/site\/wp-content\/uploads\/2020\/09\/200909130159-president-of-venezuela-nicolas-maduro-speaks-during-a-press-conference-at-miraflores-government-palace-on-march-12-2020-in-caracas-venezuela-full-169-1.jpg\" alt=\"\" width=\"800\" height=\"450\" srcset=\"https:\/\/digital58.com.ve\/site\/wp-content\/uploads\/2020\/09\/200909130159-president-of-venezuela-nicolas-maduro-speaks-during-a-press-conference-at-miraflores-government-palace-on-march-12-2020-in-caracas-venezuela-full-169-1.jpg 800w, https:\/\/digital58.com.ve\/site\/wp-content\/uploads\/2020\/09\/200909130159-president-of-venezuela-nicolas-maduro-speaks-during-a-press-conference-at-miraflores-government-palace-on-march-12-2020-in-caracas-venezuela-full-169-1-300x169.jpg 300w, https:\/\/digital58.com.ve\/site\/wp-content\/uploads\/2020\/09\/200909130159-president-of-venezuela-nicolas-maduro-speaks-during-a-press-conference-at-miraflores-government-palace-on-march-12-2020-in-caracas-venezuela-full-169-1-768x432.jpg 768w\" sizes=\"auto, (max-width: 800px) 100vw, 800px\" \/><\/p>\n<p>El gobernante convoc\u00f3 a los integrantes de la Milicia Bolivariana a estar en m\u00e1xima alerta ante posibles conspiraciones, llamado que extendi\u00f3 a la militancia oficialista.<\/p>\n<p><strong>Caracas, DC,\u00a0 Venezuela, 23 de septiembre de 2020 (ND58).-<\/strong>Nicol\u00e1s Maduro anunci\u00f3 \u00a0la creaci\u00f3n de un comando secreto de operaciones que cumplir\u00e1 labores de inteligencia y contrainteligencia, destinadas a neutralizar supuestas acciones encubiertas planeadas por Estados Unidos para generar desestabilizaci\u00f3n en Venezuela.<\/p>\n<p>El l\u00edder del nacional \u00a0se\u00f1al\u00f3 al gobierno de Donald Trump de haber puesto a la DEA como organismo operador para atacar a Venezuela, adem\u00e1s de aprobar que la CIA se involucre en operaciones encubiertas de car\u00e1cter terrorista contra el pa\u00eds.<\/p>\n<p>\u00abEs importante tomar acciones tempranas. Hemos activado el puesto de comando de operaciones especiales, secreto, un puesto de comando de operaciones, con toda la capacidad de acci\u00f3n en cualquier lugar del pa\u00eds, en tiempo real las 24 horas\u00bb, indic\u00f3 durante una videoconferencia transmitida por VTV.<\/p>\n<p>\u00abLe han dado la luz verde a la CIA para que venga con agentes directos a operaciones encubiertas, terroristas, contra objetivos petroleros, el\u00e9ctricos, militares, electorales y otras acciones encubiertas, sucias como las que acostumbra la CIA en el mundo. Ya capturamos a un agente que lo ha confesado, las acciones encubiertas\u00bb, \u00a0asegur\u00f3 Maduro.<\/p>\n<p>El 11 de septiembre Maduro inform\u00f3 la detenci\u00f3n de un presunto esp\u00eda estadounidense identificado como Matthew John Heath, que fue procesado por terrorismo y acusado de planear ataques contra instalaciones petroleras y el\u00e9ctricas.<\/p>\n<p>En agosto, los estadounidenses Luke Alexander Denman y Airan Berry fueron condenados a 20 a\u00f1os de prisi\u00f3n en Venezuela, se\u00f1alados de terrorismo, entre otros delitos, tras la fallida incursi\u00f3n armada llamada Operaci\u00f3n Gede\u00f3n.<\/p>\n<p>Maduro a\u00f1adi\u00f3 que se est\u00e1n activando todos los mecanismos de inteligencia para \u00abdefender a Venezuela\u00bb en el camino a las elecciones parlamentarias del 6 de diciembre.<\/p>\n<p>El gobernante convoc\u00f3 a los integrantes de la Milicia Bolivariana a estar en m\u00e1xima alerta ante posibles conspiraciones, llamado que extendi\u00f3 a la militancia oficialista.<\/p><div class=\"muyys69f375b086215\" ><p style=\"text-align: center;\"><a href=\"https:\/\/t.me\/noticiasdigital58\" target=\"_blank\" rel=\"noopener\"><img class=\"aligncenter size-full wp-image-125363\" src=\"https:\/\/digital58.com.ve\/site\/wp-content\/uploads\/2021\/04\/banner-telegram-web-2021.png\" alt=\"\" width=\"600\" height=\"90\" \/><\/a><\/p><\/div><style type=\"text\/css\">\r\n@media screen and (min-width: 1201px) {\r\n.muyys69f375b086215 {\r\ndisplay: block;\r\n}\r\n}\r\n@media screen and (min-width: 993px) and (max-width: 1200px) {\r\n.muyys69f375b086215 {\r\ndisplay: block;\r\n}\r\n}\r\n@media screen and (min-width: 769px) and (max-width: 992px) {\r\n.muyys69f375b086215 {\r\ndisplay: block;\r\n}\r\n}\r\n@media screen and (min-width: 768px) and (max-width: 768px) {\r\n.muyys69f375b086215 {\r\ndisplay: block;\r\n}\r\n}\r\n@media screen and (max-width: 767px) {\r\n.muyys69f375b086215 {\r\ndisplay: block;\r\n}\r\n}\r\n<\/style>\r\n\n<p><strong>Re<\/strong><b>dacci\u00f3n: Molero, Luis\u00a0 (@Moleromarquez) | Fuente: Gobierno Nacional, VTV<\/b><br \/>\n<b>Edici\u00f3n: Villasmil, Henry<\/b><br \/>\n<b>Gr\u00e1ficas: Cortes\u00eda<\/b><\/p>\n<div style=\"margin-top: 0px; margin-bottom: 0px;\" class=\"sharethis-inline-share-buttons\" ><\/div>","protected":false},"excerpt":{"rendered":"<p>El gobernante convoc\u00f3 a los integrantes de la Milicia Bolivariana a estar en m\u00e1xima alerta ante posibles conspiraciones, llamado que<\/p>\n","protected":false},"author":26,"featured_media":128987,"comment_status":"open","ping_status":"closed","sticky":false,"template":"","format":"standard","meta":{"colormag_page_container_layout":"default_layout","colormag_page_sidebar_layout":"default_layout","_uag_custom_page_level_css":"","footnotes":""},"categories":[8610],"tags":[21864,13870,1558,1304,1818,233,2724,32],"class_list":["post-128986","post","type-post","status-publish","format-standard","has-post-thumbnail","hentry","category-politica","tag-cia","tag-dea","tag-donald-trump","tag-estados-unidos","tag-gobierno-nacional","tag-nacionales","tag-nicolas-maduro","tag-venezuela"],"yoast_head":"<!-- This site is optimized with the Yoast SEO plugin v27.5 - https:\/\/yoast.com\/product\/yoast-seo-wordpress\/ -->\n<title>Maduro se\u00f1al\u00f3 que Estados Unidos usa a la DEA para atacar al pa\u00eds<\/title>\n<meta name=\"description\" content=\"Pol\u00edtica\" \/>\n<meta name=\"robots\" content=\"index, follow, max-snippet:-1, max-image-preview:large, max-video-preview:-1\" \/>\n<link rel=\"canonical\" href=\"https:\/\/digital58.com.ve\/site\/2020\/09\/23\/maduro-senalo-que-estados-unidos-usa-a-la-dea-para-atacar-al-pais\/\" \/>\n<meta property=\"og:locale\" content=\"es_ES\" \/>\n<meta property=\"og:type\" content=\"article\" \/>\n<meta property=\"og:title\" content=\"Maduro se\u00f1al\u00f3 que Estados Unidos usa a la DEA para atacar al pa\u00eds\" \/>\n<meta property=\"og:description\" content=\"Pol\u00edtica\" \/>\n<meta property=\"og:url\" content=\"https:\/\/digital58.com.ve\/site\/2020\/09\/23\/maduro-senalo-que-estados-unidos-usa-a-la-dea-para-atacar-al-pais\/\" \/>\n<meta property=\"og:site_name\" content=\"Noticias Digital58\" \/>\n<meta property=\"article:published_time\" content=\"2020-09-23T17:09:41+00:00\" \/>\n<meta property=\"og:image\" content=\"https:\/\/digital58.com.ve\/site\/wp-content\/uploads\/2020\/09\/200909130159-president-of-venezuela-nicolas-maduro-speaks-during-a-press-conference-at-miraflores-government-palace-on-march-12-2020-in-caracas-venezuela-full-169-1.jpg\" \/>\n\t<meta property=\"og:image:width\" content=\"800\" \/>\n\t<meta property=\"og:image:height\" content=\"450\" \/>\n\t<meta property=\"og:image:type\" content=\"image\/jpeg\" \/>\n<meta name=\"author\" content=\"Molero Luis\" \/>\n<meta name=\"twitter:card\" content=\"summary_large_image\" \/>\n<meta name=\"twitter:creator\" content=\"@Digital_58\" \/>\n<meta name=\"twitter:site\" content=\"@villasmilhfoto\" \/>\n<meta name=\"twitter:label1\" content=\"Escrito por\" \/>\n\t<meta name=\"twitter:data1\" content=\"Molero Luis\" \/>\n\t<meta name=\"twitter:label2\" content=\"Tiempo estimado de lectura\" \/>\n\t<meta name=\"twitter:data2\" content=\"2 minutos\" \/>\n<script type=\"application\/ld+json\" class=\"yoast-schema-graph\">{\"@context\":\"https:\\\/\\\/schema.org\",\"@graph\":[{\"@type\":\"Article\",\"@id\":\"https:\\\/\\\/digital58.com.ve\\\/site\\\/2020\\\/09\\\/23\\\/maduro-senalo-que-estados-unidos-usa-a-la-dea-para-atacar-al-pais\\\/#article\",\"isPartOf\":{\"@id\":\"https:\\\/\\\/digital58.com.ve\\\/site\\\/2020\\\/09\\\/23\\\/maduro-senalo-que-estados-unidos-usa-a-la-dea-para-atacar-al-pais\\\/\"},\"author\":{\"name\":\"Molero Luis\",\"@id\":\"https:\\\/\\\/digital58.com.ve\\\/site\\\/#\\\/schema\\\/person\\\/c61667ce6845137620ee3f0aaabade17\"},\"headline\":\"Maduro se\u00f1al\u00f3 que Estados Unidos usa a la DEA para atacar al pa\u00eds\",\"datePublished\":\"2020-09-23T17:09:41+00:00\",\"mainEntityOfPage\":{\"@id\":\"https:\\\/\\\/digital58.com.ve\\\/site\\\/2020\\\/09\\\/23\\\/maduro-senalo-que-estados-unidos-usa-a-la-dea-para-atacar-al-pais\\\/\"},\"wordCount\":373,\"commentCount\":0,\"publisher\":{\"@id\":\"https:\\\/\\\/digital58.com.ve\\\/site\\\/#\\\/schema\\\/person\\\/64d1c2e4d0d4fd1b849980c4331c2951\"},\"image\":{\"@id\":\"https:\\\/\\\/digital58.com.ve\\\/site\\\/2020\\\/09\\\/23\\\/maduro-senalo-que-estados-unidos-usa-a-la-dea-para-atacar-al-pais\\\/#primaryimage\"},\"thumbnailUrl\":\"https:\\\/\\\/digital58.com.ve\\\/site\\\/wp-content\\\/uploads\\\/2020\\\/09\\\/200909130159-president-of-venezuela-nicolas-maduro-speaks-during-a-press-conference-at-miraflores-government-palace-on-march-12-2020-in-caracas-venezuela-full-169-1.jpg\",\"keywords\":[\"CIA\",\"DEA\",\"Donald Trump\",\"Estados Unidos\",\"Gobierno Nacional\",\"Nacionales\",\"Nicol\u00e1s Maduro\",\"Venezuela\"],\"articleSection\":[\"Pol\u00edtica\"],\"inLanguage\":\"es\",\"potentialAction\":[{\"@type\":\"CommentAction\",\"name\":\"Comment\",\"target\":[\"https:\\\/\\\/digital58.com.ve\\\/site\\\/2020\\\/09\\\/23\\\/maduro-senalo-que-estados-unidos-usa-a-la-dea-para-atacar-al-pais\\\/#respond\"]}]},{\"@type\":\"WebPage\",\"@id\":\"https:\\\/\\\/digital58.com.ve\\\/site\\\/2020\\\/09\\\/23\\\/maduro-senalo-que-estados-unidos-usa-a-la-dea-para-atacar-al-pais\\\/\",\"url\":\"https:\\\/\\\/digital58.com.ve\\\/site\\\/2020\\\/09\\\/23\\\/maduro-senalo-que-estados-unidos-usa-a-la-dea-para-atacar-al-pais\\\/\",\"name\":\"Maduro se\u00f1al\u00f3 que Estados Unidos usa a la DEA para atacar al pa\u00eds\",\"isPartOf\":{\"@id\":\"https:\\\/\\\/digital58.com.ve\\\/site\\\/#website\"},\"primaryImageOfPage\":{\"@id\":\"https:\\\/\\\/digital58.com.ve\\\/site\\\/2020\\\/09\\\/23\\\/maduro-senalo-que-estados-unidos-usa-a-la-dea-para-atacar-al-pais\\\/#primaryimage\"},\"image\":{\"@id\":\"https:\\\/\\\/digital58.com.ve\\\/site\\\/2020\\\/09\\\/23\\\/maduro-senalo-que-estados-unidos-usa-a-la-dea-para-atacar-al-pais\\\/#primaryimage\"},\"thumbnailUrl\":\"https:\\\/\\\/digital58.com.ve\\\/site\\\/wp-content\\\/uploads\\\/2020\\\/09\\\/200909130159-president-of-venezuela-nicolas-maduro-speaks-during-a-press-conference-at-miraflores-government-palace-on-march-12-2020-in-caracas-venezuela-full-169-1.jpg\",\"datePublished\":\"2020-09-23T17:09:41+00:00\",\"description\":\"Pol\u00edtica\",\"breadcrumb\":{\"@id\":\"https:\\\/\\\/digital58.com.ve\\\/site\\\/2020\\\/09\\\/23\\\/maduro-senalo-que-estados-unidos-usa-a-la-dea-para-atacar-al-pais\\\/#breadcrumb\"},\"inLanguage\":\"es\",\"potentialAction\":[{\"@type\":\"ReadAction\",\"target\":[\"https:\\\/\\\/digital58.com.ve\\\/site\\\/2020\\\/09\\\/23\\\/maduro-senalo-que-estados-unidos-usa-a-la-dea-para-atacar-al-pais\\\/\"]}]},{\"@type\":\"ImageObject\",\"inLanguage\":\"es\",\"@id\":\"https:\\\/\\\/digital58.com.ve\\\/site\\\/2020\\\/09\\\/23\\\/maduro-senalo-que-estados-unidos-usa-a-la-dea-para-atacar-al-pais\\\/#primaryimage\",\"url\":\"https:\\\/\\\/digital58.com.ve\\\/site\\\/wp-content\\\/uploads\\\/2020\\\/09\\\/200909130159-president-of-venezuela-nicolas-maduro-speaks-during-a-press-conference-at-miraflores-government-palace-on-march-12-2020-in-caracas-venezuela-full-169-1.jpg\",\"contentUrl\":\"https:\\\/\\\/digital58.com.ve\\\/site\\\/wp-content\\\/uploads\\\/2020\\\/09\\\/200909130159-president-of-venezuela-nicolas-maduro-speaks-during-a-press-conference-at-miraflores-government-palace-on-march-12-2020-in-caracas-venezuela-full-169-1.jpg\",\"width\":800,\"height\":450},{\"@type\":\"BreadcrumbList\",\"@id\":\"https:\\\/\\\/digital58.com.ve\\\/site\\\/2020\\\/09\\\/23\\\/maduro-senalo-que-estados-unidos-usa-a-la-dea-para-atacar-al-pais\\\/#breadcrumb\",\"itemListElement\":[{\"@type\":\"ListItem\",\"position\":1,\"name\":\"Home\",\"item\":\"https:\\\/\\\/digital58.com.ve\\\/site\\\/\"},{\"@type\":\"ListItem\",\"position\":2,\"name\":\"Maduro se\u00f1al\u00f3 que Estados Unidos usa a la DEA para atacar al pa\u00eds\"}]},{\"@type\":\"WebSite\",\"@id\":\"https:\\\/\\\/digital58.com.ve\\\/site\\\/#website\",\"url\":\"https:\\\/\\\/digital58.com.ve\\\/site\\\/\",\"name\":\"Noticias Digital58\",\"description\":\"Portal de Noticias \u00a1Periodismo web de verdad! Lanzamiento web 22.11.2005 \\\/ Maracaibo, Venezuela\",\"publisher\":{\"@id\":\"https:\\\/\\\/digital58.com.ve\\\/site\\\/#\\\/schema\\\/person\\\/64d1c2e4d0d4fd1b849980c4331c2951\"},\"alternateName\":\"ND58\",\"potentialAction\":[{\"@type\":\"SearchAction\",\"target\":{\"@type\":\"EntryPoint\",\"urlTemplate\":\"https:\\\/\\\/digital58.com.ve\\\/site\\\/?s={search_term_string}\"},\"query-input\":{\"@type\":\"PropertyValueSpecification\",\"valueRequired\":true,\"valueName\":\"search_term_string\"}}],\"inLanguage\":\"es\"},{\"@type\":[\"Person\",\"Organization\"],\"@id\":\"https:\\\/\\\/digital58.com.ve\\\/site\\\/#\\\/schema\\\/person\\\/64d1c2e4d0d4fd1b849980c4331c2951\",\"name\":\"Villasmil Henry\",\"image\":{\"@type\":\"ImageObject\",\"inLanguage\":\"es\",\"@id\":\"https:\\\/\\\/secure.gravatar.com\\\/avatar\\\/bb0c4a2fcb7970138239f7e404ea75757b1b507b28b5ce4c53fbd62d797c5a7c?s=96&d=mm&r=g\",\"url\":\"https:\\\/\\\/secure.gravatar.com\\\/avatar\\\/bb0c4a2fcb7970138239f7e404ea75757b1b507b28b5ce4c53fbd62d797c5a7c?s=96&d=mm&r=g\",\"contentUrl\":\"https:\\\/\\\/secure.gravatar.com\\\/avatar\\\/bb0c4a2fcb7970138239f7e404ea75757b1b507b28b5ce4c53fbd62d797c5a7c?s=96&d=mm&r=g\",\"caption\":\"Villasmil Henry\"},\"logo\":{\"@id\":\"https:\\\/\\\/secure.gravatar.com\\\/avatar\\\/bb0c4a2fcb7970138239f7e404ea75757b1b507b28b5ce4c53fbd62d797c5a7c?s=96&d=mm&r=g\"},\"sameAs\":[\"http:\\\/\\\/www.henryvillasmil.com.ve\",\"https:\\\/\\\/www.instagram.com\\\/villasmilhfoto\\\/\",\"https:\\\/\\\/x.com\\\/https:\\\/\\\/twitter.com\\\/villasmilhfoto\"]},{\"@type\":\"Person\",\"@id\":\"https:\\\/\\\/digital58.com.ve\\\/site\\\/#\\\/schema\\\/person\\\/c61667ce6845137620ee3f0aaabade17\",\"name\":\"Molero Luis\",\"image\":{\"@type\":\"ImageObject\",\"inLanguage\":\"es\",\"@id\":\"https:\\\/\\\/secure.gravatar.com\\\/avatar\\\/bf041ec637e3e7405449807deb2f7cf3d2de7c6fa755dd56e985201de9863f2b?s=96&d=mm&r=g\",\"url\":\"https:\\\/\\\/secure.gravatar.com\\\/avatar\\\/bf041ec637e3e7405449807deb2f7cf3d2de7c6fa755dd56e985201de9863f2b?s=96&d=mm&r=g\",\"contentUrl\":\"https:\\\/\\\/secure.gravatar.com\\\/avatar\\\/bf041ec637e3e7405449807deb2f7cf3d2de7c6fa755dd56e985201de9863f2b?s=96&d=mm&r=g\",\"caption\":\"Molero Luis\"},\"url\":\"https:\\\/\\\/digital58.com.ve\\\/site\\\/author\\\/luismolero\\\/\"}]}<\/script>\n<!-- \/ Yoast SEO plugin. -->","yoast_head_json":{"title":"Maduro se\u00f1al\u00f3 que Estados Unidos usa a la DEA para atacar al pa\u00eds","description":"Pol\u00edtica","robots":{"index":"index","follow":"follow","max-snippet":"max-snippet:-1","max-image-preview":"max-image-preview:large","max-video-preview":"max-video-preview:-1"},"canonical":"https:\/\/digital58.com.ve\/site\/2020\/09\/23\/maduro-senalo-que-estados-unidos-usa-a-la-dea-para-atacar-al-pais\/","og_locale":"es_ES","og_type":"article","og_title":"Maduro se\u00f1al\u00f3 que Estados Unidos usa a la DEA para atacar al pa\u00eds","og_description":"Pol\u00edtica","og_url":"https:\/\/digital58.com.ve\/site\/2020\/09\/23\/maduro-senalo-que-estados-unidos-usa-a-la-dea-para-atacar-al-pais\/","og_site_name":"Noticias Digital58","article_published_time":"2020-09-23T17:09:41+00:00","og_image":[{"width":800,"height":450,"url":"https:\/\/digital58.com.ve\/site\/wp-content\/uploads\/2020\/09\/200909130159-president-of-venezuela-nicolas-maduro-speaks-during-a-press-conference-at-miraflores-government-palace-on-march-12-2020-in-caracas-venezuela-full-169-1.jpg","type":"image\/jpeg"}],"author":"Molero Luis","twitter_card":"summary_large_image","twitter_creator":"@Digital_58","twitter_site":"@villasmilhfoto","twitter_misc":{"Escrito por":"Molero Luis","Tiempo estimado de lectura":"2 minutos"},"schema":{"@context":"https:\/\/schema.org","@graph":[{"@type":"Article","@id":"https:\/\/digital58.com.ve\/site\/2020\/09\/23\/maduro-senalo-que-estados-unidos-usa-a-la-dea-para-atacar-al-pais\/#article","isPartOf":{"@id":"https:\/\/digital58.com.ve\/site\/2020\/09\/23\/maduro-senalo-que-estados-unidos-usa-a-la-dea-para-atacar-al-pais\/"},"author":{"name":"Molero Luis","@id":"https:\/\/digital58.com.ve\/site\/#\/schema\/person\/c61667ce6845137620ee3f0aaabade17"},"headline":"Maduro se\u00f1al\u00f3 que Estados Unidos usa a la DEA para atacar al pa\u00eds","datePublished":"2020-09-23T17:09:41+00:00","mainEntityOfPage":{"@id":"https:\/\/digital58.com.ve\/site\/2020\/09\/23\/maduro-senalo-que-estados-unidos-usa-a-la-dea-para-atacar-al-pais\/"},"wordCount":373,"commentCount":0,"publisher":{"@id":"https:\/\/digital58.com.ve\/site\/#\/schema\/person\/64d1c2e4d0d4fd1b849980c4331c2951"},"image":{"@id":"https:\/\/digital58.com.ve\/site\/2020\/09\/23\/maduro-senalo-que-estados-unidos-usa-a-la-dea-para-atacar-al-pais\/#primaryimage"},"thumbnailUrl":"https:\/\/digital58.com.ve\/site\/wp-content\/uploads\/2020\/09\/200909130159-president-of-venezuela-nicolas-maduro-speaks-during-a-press-conference-at-miraflores-government-palace-on-march-12-2020-in-caracas-venezuela-full-169-1.jpg","keywords":["CIA","DEA","Donald Trump","Estados Unidos","Gobierno Nacional","Nacionales","Nicol\u00e1s Maduro","Venezuela"],"articleSection":["Pol\u00edtica"],"inLanguage":"es","potentialAction":[{"@type":"CommentAction","name":"Comment","target":["https:\/\/digital58.com.ve\/site\/2020\/09\/23\/maduro-senalo-que-estados-unidos-usa-a-la-dea-para-atacar-al-pais\/#respond"]}]},{"@type":"WebPage","@id":"https:\/\/digital58.com.ve\/site\/2020\/09\/23\/maduro-senalo-que-estados-unidos-usa-a-la-dea-para-atacar-al-pais\/","url":"https:\/\/digital58.com.ve\/site\/2020\/09\/23\/maduro-senalo-que-estados-unidos-usa-a-la-dea-para-atacar-al-pais\/","name":"Maduro se\u00f1al\u00f3 que Estados Unidos usa a la DEA para atacar al pa\u00eds","isPartOf":{"@id":"https:\/\/digital58.com.ve\/site\/#website"},"primaryImageOfPage":{"@id":"https:\/\/digital58.com.ve\/site\/2020\/09\/23\/maduro-senalo-que-estados-unidos-usa-a-la-dea-para-atacar-al-pais\/#primaryimage"},"image":{"@id":"https:\/\/digital58.com.ve\/site\/2020\/09\/23\/maduro-senalo-que-estados-unidos-usa-a-la-dea-para-atacar-al-pais\/#primaryimage"},"thumbnailUrl":"https:\/\/digital58.com.ve\/site\/wp-content\/uploads\/2020\/09\/200909130159-president-of-venezuela-nicolas-maduro-speaks-during-a-press-conference-at-miraflores-government-palace-on-march-12-2020-in-caracas-venezuela-full-169-1.jpg","datePublished":"2020-09-23T17:09:41+00:00","description":"Pol\u00edtica","breadcrumb":{"@id":"https:\/\/digital58.com.ve\/site\/2020\/09\/23\/maduro-senalo-que-estados-unidos-usa-a-la-dea-para-atacar-al-pais\/#breadcrumb"},"inLanguage":"es","potentialAction":[{"@type":"ReadAction","target":["https:\/\/digital58.com.ve\/site\/2020\/09\/23\/maduro-senalo-que-estados-unidos-usa-a-la-dea-para-atacar-al-pais\/"]}]},{"@type":"ImageObject","inLanguage":"es","@id":"https:\/\/digital58.com.ve\/site\/2020\/09\/23\/maduro-senalo-que-estados-unidos-usa-a-la-dea-para-atacar-al-pais\/#primaryimage","url":"https:\/\/digital58.com.ve\/site\/wp-content\/uploads\/2020\/09\/200909130159-president-of-venezuela-nicolas-maduro-speaks-during-a-press-conference-at-miraflores-government-palace-on-march-12-2020-in-caracas-venezuela-full-169-1.jpg","contentUrl":"https:\/\/digital58.com.ve\/site\/wp-content\/uploads\/2020\/09\/200909130159-president-of-venezuela-nicolas-maduro-speaks-during-a-press-conference-at-miraflores-government-palace-on-march-12-2020-in-caracas-venezuela-full-169-1.jpg","width":800,"height":450},{"@type":"BreadcrumbList","@id":"https:\/\/digital58.com.ve\/site\/2020\/09\/23\/maduro-senalo-que-estados-unidos-usa-a-la-dea-para-atacar-al-pais\/#breadcrumb","itemListElement":[{"@type":"ListItem","position":1,"name":"Home","item":"https:\/\/digital58.com.ve\/site\/"},{"@type":"ListItem","position":2,"name":"Maduro se\u00f1al\u00f3 que Estados Unidos usa a la DEA para atacar al pa\u00eds"}]},{"@type":"WebSite","@id":"https:\/\/digital58.com.ve\/site\/#website","url":"https:\/\/digital58.com.ve\/site\/","name":"Noticias Digital58","description":"Portal de Noticias \u00a1Periodismo web de verdad! Lanzamiento web 22.11.2005 \/ Maracaibo, Venezuela","publisher":{"@id":"https:\/\/digital58.com.ve\/site\/#\/schema\/person\/64d1c2e4d0d4fd1b849980c4331c2951"},"alternateName":"ND58","potentialAction":[{"@type":"SearchAction","target":{"@type":"EntryPoint","urlTemplate":"https:\/\/digital58.com.ve\/site\/?s={search_term_string}"},"query-input":{"@type":"PropertyValueSpecification","valueRequired":true,"valueName":"search_term_string"}}],"inLanguage":"es"},{"@type":["Person","Organization"],"@id":"https:\/\/digital58.com.ve\/site\/#\/schema\/person\/64d1c2e4d0d4fd1b849980c4331c2951","name":"Villasmil Henry","image":{"@type":"ImageObject","inLanguage":"es","@id":"https:\/\/secure.gravatar.com\/avatar\/bb0c4a2fcb7970138239f7e404ea75757b1b507b28b5ce4c53fbd62d797c5a7c?s=96&d=mm&r=g","url":"https:\/\/secure.gravatar.com\/avatar\/bb0c4a2fcb7970138239f7e404ea75757b1b507b28b5ce4c53fbd62d797c5a7c?s=96&d=mm&r=g","contentUrl":"https:\/\/secure.gravatar.com\/avatar\/bb0c4a2fcb7970138239f7e404ea75757b1b507b28b5ce4c53fbd62d797c5a7c?s=96&d=mm&r=g","caption":"Villasmil Henry"},"logo":{"@id":"https:\/\/secure.gravatar.com\/avatar\/bb0c4a2fcb7970138239f7e404ea75757b1b507b28b5ce4c53fbd62d797c5a7c?s=96&d=mm&r=g"},"sameAs":["http:\/\/www.henryvillasmil.com.ve","https:\/\/www.instagram.com\/villasmilhfoto\/","https:\/\/x.com\/https:\/\/twitter.com\/villasmilhfoto"]},{"@type":"Person","@id":"https:\/\/digital58.com.ve\/site\/#\/schema\/person\/c61667ce6845137620ee3f0aaabade17","name":"Molero Luis","image":{"@type":"ImageObject","inLanguage":"es","@id":"https:\/\/secure.gravatar.com\/avatar\/bf041ec637e3e7405449807deb2f7cf3d2de7c6fa755dd56e985201de9863f2b?s=96&d=mm&r=g","url":"https:\/\/secure.gravatar.com\/avatar\/bf041ec637e3e7405449807deb2f7cf3d2de7c6fa755dd56e985201de9863f2b?s=96&d=mm&r=g","contentUrl":"https:\/\/secure.gravatar.com\/avatar\/bf041ec637e3e7405449807deb2f7cf3d2de7c6fa755dd56e985201de9863f2b?s=96&d=mm&r=g","caption":"Molero Luis"},"url":"https:\/\/digital58.com.ve\/site\/author\/luismolero\/"}]}},"uagb_featured_image_src":{"full":["https:\/\/digital58.com.ve\/site\/wp-content\/uploads\/2020\/09\/200909130159-president-of-venezuela-nicolas-maduro-speaks-during-a-press-conference-at-miraflores-government-palace-on-march-12-2020-in-caracas-venezuela-full-169-1.jpg",800,450,false],"thumbnail":["https:\/\/digital58.com.ve\/site\/wp-content\/uploads\/2020\/09\/200909130159-president-of-venezuela-nicolas-maduro-speaks-during-a-press-conference-at-miraflores-government-palace-on-march-12-2020-in-caracas-venezuela-full-169-1-150x150.jpg",150,150,true],"medium":["https:\/\/digital58.com.ve\/site\/wp-content\/uploads\/2020\/09\/200909130159-president-of-venezuela-nicolas-maduro-speaks-during-a-press-conference-at-miraflores-government-palace-on-march-12-2020-in-caracas-venezuela-full-169-1-300x169.jpg",300,169,true],"medium_large":["https:\/\/digital58.com.ve\/site\/wp-content\/uploads\/2020\/09\/200909130159-president-of-venezuela-nicolas-maduro-speaks-during-a-press-conference-at-miraflores-government-palace-on-march-12-2020-in-caracas-venezuela-full-169-1-768x432.jpg",768,432,true],"large":["https:\/\/digital58.com.ve\/site\/wp-content\/uploads\/2020\/09\/200909130159-president-of-venezuela-nicolas-maduro-speaks-during-a-press-conference-at-miraflores-government-palace-on-march-12-2020-in-caracas-venezuela-full-169-1.jpg",800,450,false],"1536x1536":["https:\/\/digital58.com.ve\/site\/wp-content\/uploads\/2020\/09\/200909130159-president-of-venezuela-nicolas-maduro-speaks-during-a-press-conference-at-miraflores-government-palace-on-march-12-2020-in-caracas-venezuela-full-169-1.jpg",800,450,false],"2048x2048":["https:\/\/digital58.com.ve\/site\/wp-content\/uploads\/2020\/09\/200909130159-president-of-venezuela-nicolas-maduro-speaks-during-a-press-conference-at-miraflores-government-palace-on-march-12-2020-in-caracas-venezuela-full-169-1.jpg",800,450,false],"colormag-highlighted-post":["https:\/\/digital58.com.ve\/site\/wp-content\/uploads\/2020\/09\/200909130159-president-of-venezuela-nicolas-maduro-speaks-during-a-press-conference-at-miraflores-government-palace-on-march-12-2020-in-caracas-venezuela-full-169-1.jpg",392,221,false],"colormag-featured-post-medium":["https:\/\/digital58.com.ve\/site\/wp-content\/uploads\/2020\/09\/200909130159-president-of-venezuela-nicolas-maduro-speaks-during-a-press-conference-at-miraflores-government-palace-on-march-12-2020-in-caracas-venezuela-full-169-1.jpg",364,205,false],"colormag-featured-post-small":["https:\/\/digital58.com.ve\/site\/wp-content\/uploads\/2020\/09\/200909130159-president-of-venezuela-nicolas-maduro-speaks-during-a-press-conference-at-miraflores-government-palace-on-march-12-2020-in-caracas-venezuela-full-169-1.jpg",130,73,false],"colormag-featured-image":["https:\/\/digital58.com.ve\/site\/wp-content\/uploads\/2020\/09\/200909130159-president-of-venezuela-nicolas-maduro-speaks-during-a-press-conference-at-miraflores-government-palace-on-march-12-2020-in-caracas-venezuela-full-169-1.jpg",791,445,false],"colormag-default-news":["https:\/\/digital58.com.ve\/site\/wp-content\/uploads\/2020\/09\/200909130159-president-of-venezuela-nicolas-maduro-speaks-during-a-press-conference-at-miraflores-government-palace-on-march-12-2020-in-caracas-venezuela-full-169-1.jpg",150,84,false],"colormag-featured-image-large":["https:\/\/digital58.com.ve\/site\/wp-content\/uploads\/2020\/09\/200909130159-president-of-venezuela-nicolas-maduro-speaks-during-a-press-conference-at-miraflores-government-palace-on-march-12-2020-in-caracas-venezuela-full-169-1.jpg",800,450,false]},"uagb_author_info":{"display_name":"Molero Luis","author_link":"https:\/\/digital58.com.ve\/site\/author\/luismolero\/"},"uagb_comment_info":0,"uagb_excerpt":"El gobernante convoc\u00f3 a los integrantes de la Milicia Bolivariana a estar en m\u00e1xima alerta ante posibles conspiraciones, llamado que","_links":{"self":[{"href":"https:\/\/digital58.com.ve\/site\/wp-json\/wp\/v2\/posts\/128986","targetHints":{"allow":["GET"]}}],"collection":[{"href":"https:\/\/digital58.com.ve\/site\/wp-json\/wp\/v2\/posts"}],"about":[{"href":"https:\/\/digital58.com.ve\/site\/wp-json\/wp\/v2\/types\/post"}],"author":[{"embeddable":true,"href":"https:\/\/digital58.com.ve\/site\/wp-json\/wp\/v2\/users\/26"}],"replies":[{"embeddable":true,"href":"https:\/\/digital58.com.ve\/site\/wp-json\/wp\/v2\/comments?post=128986"}],"version-history":[{"count":0,"href":"https:\/\/digital58.com.ve\/site\/wp-json\/wp\/v2\/posts\/128986\/revisions"}],"wp:featuredmedia":[{"embeddable":true,"href":"https:\/\/digital58.com.ve\/site\/wp-json\/wp\/v2\/media\/128987"}],"wp:attachment":[{"href":"https:\/\/digital58.com.ve\/site\/wp-json\/wp\/v2\/media?parent=128986"}],"wp:term":[{"taxonomy":"category","embeddable":true,"href":"https:\/\/digital58.com.ve\/site\/wp-json\/wp\/v2\/categories?post=128986"},{"taxonomy":"post_tag","embeddable":true,"href":"https:\/\/digital58.com.ve\/site\/wp-json\/wp\/v2\/tags?post=128986"}],"curies":[{"name":"wp","href":"https:\/\/api.w.org\/{rel}","templated":true}]}}