{"id":129250,"date":"2020-09-25T11:47:38","date_gmt":"2020-09-25T15:47:38","guid":{"rendered":"https:\/\/digital58.com.ve\/site\/?p=129250"},"modified":"2020-09-25T11:47:38","modified_gmt":"2020-09-25T15:47:38","slug":"nuevas-protestas-en-el-estado-bolivar-ante-la-deficiencia-de-los-servicios-publicos","status":"publish","type":"post","link":"https:\/\/digital58.com.ve\/site\/2020\/09\/25\/nuevas-protestas-en-el-estado-bolivar-ante-la-deficiencia-de-los-servicios-publicos\/","title":{"rendered":"Nuevas protestas en el estado Bol\u00edvar ante la deficiencia de los servicios p\u00fablicos"},"content":{"rendered":"<p><img loading=\"lazy\" decoding=\"async\" class=\"aligncenter wp-image-129263\" src=\"https:\/\/digital58.com.ve\/site\/wp-content\/uploads\/2020\/09\/Bolivar-protesta-300x225.jpg\" alt=\"\" width=\"600\" height=\"449\" srcset=\"https:\/\/digital58.com.ve\/site\/wp-content\/uploads\/2020\/09\/Bolivar-protesta-300x225.jpg 300w, https:\/\/digital58.com.ve\/site\/wp-content\/uploads\/2020\/09\/Bolivar-protesta-768x575.jpg 768w, https:\/\/digital58.com.ve\/site\/wp-content\/uploads\/2020\/09\/Bolivar-protesta.jpg 800w\" sizes=\"auto, (max-width: 600px) 100vw, 600px\" \/><\/p>\n<p>El estado Bol\u00edvar es una de las entidades que m\u00e1s protestas ha registrado en los \u00faltimos meses, todas debido a la grave situaci\u00f3n de los servicios.<\/p>\n<p><strong>Ciudad Bol\u00edvar, Bol\u00edvar, Venezuela, 25 de septiembre de 2020 (ND58).- <\/strong>La ma\u00f1ana de este jueves se presentaron protestas en diferentes localidades del estado Bol\u00edvar. Los ciudadanos reclaman ante la deplorable situaci\u00f3n de los servicios p\u00fablicos en la entidad y todo el pa\u00eds.<\/p>\n<p>La escasez de gasolina, la falta de gas dom\u00e9stico, los prolongados cortes el\u00e9ctricos, fueron motivo suficiente para que los habitantes de la entidad salieran a las calles a reclamar por sus derechos, seg\u00fan difundieron usuarios de la red social Twitter.<\/p>\n<blockquote class=\"twitter-tweet\" data-width=\"550\" data-dnt=\"true\">\n<p lang=\"es\" dir=\"ltr\"><a href=\"https:\/\/twitter.com\/hashtag\/25Sept?src=hash&amp;ref_src=twsrc%5Etfw\">#25Sept<\/a> | Protestas por servicios p\u00fablicos en todo el Estado <a href=\"https:\/\/twitter.com\/hashtag\/Bolivar?src=hash&amp;ref_src=twsrc%5Etfw\">#Bolivar<\/a> <\/p>\n<p>Es una tragedia la que vivimos los bolivarenses de cualquier rinc\u00f3n del estado<\/p>\n<p>Los responsables de esta crisis son Maduro y Justo Noguera, 2 incapaces que han condenado a los ciudadanos a pasar roncha. <a href=\"https:\/\/t.co\/GgBA2U1QCZ\">pic.twitter.com\/GgBA2U1QCZ<\/a><\/p>\n<p>&mdash; Freddy Valera (@FreddyValera_AD) <a href=\"https:\/\/twitter.com\/FreddyValera_AD\/status\/1309508387101696000?ref_src=twsrc%5Etfw\">September 25, 2020<\/a><\/p><\/blockquote>\n<p><script async src=\"https:\/\/platform.twitter.com\/widgets.js\" charset=\"utf-8\"><\/script><\/p>\n<p>\u00abEs una tragedia la que vivimos los bolivarenses de cualquier rinc\u00f3n del estado\u00bb, escribi\u00f3 el diputado de la entidad, Freddy Valero, quien adem\u00e1s culp\u00f3 de la situaci\u00f3n del estado al presidente Nicol\u00e1s Maduro y a Justo Noguera, gobernador de Bol\u00edvar.<\/p>\n<blockquote class=\"twitter-tweet\" data-width=\"550\" data-dnt=\"true\">\n<p lang=\"es\" dir=\"ltr\"><a href=\"https:\/\/twitter.com\/hashtag\/25Sep?src=hash&amp;ref_src=twsrc%5Etfw\">#25Sep<\/a> | <a href=\"https:\/\/twitter.com\/hashtag\/ReporteCDC?src=hash&amp;ref_src=twsrc%5Etfw\">#ReporteCDC<\/a> Vecinos de Alta Vista protestan a la altura de la estaci\u00f3n de servicio Las Am\u00e9ricas por fallos en el suministro de agua. <\/p>\n<p>Denuncian tener m\u00e1s de una semana sin recibir agua por tuber\u00eda.  <a href=\"https:\/\/twitter.com\/hashtag\/GuayanaSinAgua?src=hash&amp;ref_src=twsrc%5Etfw\">#GuayanaSinAgua<\/a> <a href=\"https:\/\/t.co\/YnxFGnpKPA\">pic.twitter.com\/YnxFGnpKPA<\/a><\/p>\n<p>&mdash; Correo del Caron\u00ed (@CorreodelCaroni) <a href=\"https:\/\/twitter.com\/CorreodelCaroni\/status\/1309474822553034755?ref_src=twsrc%5Etfw\">September 25, 2020<\/a><\/p><\/blockquote>\n<p><script async src=\"https:\/\/platform.twitter.com\/widgets.js\" charset=\"utf-8\"><\/script><\/p>\n<p>En las im\u00e1genes compartidas, tambi\u00e9n pueden observarse pancartas en rechazo a las venideras elecciones parlamentarias, que los ciudadanos califican como \u00abfraude\u00bb.<\/p>\n<p>El medio Todos Ahora, report\u00f3 de una protesta en la urbanizaci\u00f3n Las Garzas, en la avenida Atl\u00e1ntico de Puerto Ordaz. Los manifestantes exig\u00edan entre cantos la renuncia del presidente Maduro.<\/p>\n<blockquote class=\"twitter-tweet\" data-width=\"550\" data-dnt=\"true\">\n<p lang=\"es\" dir=\"ltr\"><a href=\"https:\/\/twitter.com\/hashtag\/AHORA?src=hash&amp;ref_src=twsrc%5Etfw\">#AHORA<\/a> | Se registra protesta por los servicios b\u00e1sicos en la Urbanizaci\u00f3n las Garzas, Avenida Atl\u00e1ntico, en Puerto Ordaz, estado <a href=\"https:\/\/twitter.com\/hashtag\/Bol%C3%ADvar?src=hash&amp;ref_src=twsrc%5Etfw\">#Bol\u00edvar<\/a>. <a href=\"https:\/\/twitter.com\/hashtag\/25Septiembre?src=hash&amp;ref_src=twsrc%5Etfw\">#25Septiembre<\/a> <\/p>\n<p>Por: @jessicacedeno24 <a href=\"https:\/\/t.co\/gIm52WWABj\">pic.twitter.com\/gIm52WWABj<\/a><\/p>\n<p>&mdash; Noticias Todos Ahora (@nta_vzla) <a href=\"https:\/\/twitter.com\/nta_vzla\/status\/1309492380949676033?ref_src=twsrc%5Etfw\">September 25, 2020<\/a><\/p><\/blockquote>\n<p><script async src=\"https:\/\/platform.twitter.com\/widgets.js\" charset=\"utf-8\"><\/script><\/p>\n<p>El Correo del Caron\u00ed, tambi\u00e9n report\u00f3 otras protestas en por agua en el sector Alta Vista. Los ciudadanos obstaculizaron el paso por las calles, reclamando que hace una semana no reciben suministro de agua potable.<\/p>\n<p>El estado Bol\u00edvar es una de las entidades que m\u00e1s protestas ha registrado en los \u00faltimos meses, todas debido a la grave situaci\u00f3n de los servicios p\u00fablicos.<\/p><div class=\"lkcry69ee630eb514d\" ><p style=\"text-align: center;\"><a href=\"https:\/\/t.me\/noticiasdigital58\" target=\"_blank\" rel=\"noopener\"><img class=\"aligncenter size-full wp-image-125363\" src=\"https:\/\/digital58.com.ve\/site\/wp-content\/uploads\/2021\/04\/banner-telegram-web-2021.png\" alt=\"\" width=\"600\" height=\"90\" \/><\/a><\/p><\/div><style type=\"text\/css\">\r\n@media screen and (min-width: 1201px) {\r\n.lkcry69ee630eb514d {\r\ndisplay: block;\r\n}\r\n}\r\n@media screen and (min-width: 993px) and (max-width: 1200px) {\r\n.lkcry69ee630eb514d {\r\ndisplay: block;\r\n}\r\n}\r\n@media screen and (min-width: 769px) and (max-width: 992px) {\r\n.lkcry69ee630eb514d {\r\ndisplay: block;\r\n}\r\n}\r\n@media screen and (min-width: 768px) and (max-width: 768px) {\r\n.lkcry69ee630eb514d {\r\ndisplay: block;\r\n}\r\n}\r\n@media screen and (max-width: 767px) {\r\n.lkcry69ee630eb514d {\r\ndisplay: block;\r\n}\r\n}\r\n<\/style>\r\n\n<p><strong>Redacci\u00f3n: Morales, Joel (@joeldmc32)<br \/>\nEdici\u00f3n: Villasmil, Henry<br \/>\nGr\u00e1fica: Cortes\u00eda <\/strong><\/p>\n<div style=\"margin-top: 0px; margin-bottom: 0px;\" class=\"sharethis-inline-share-buttons\" ><\/div>","protected":false},"excerpt":{"rendered":"<p>El estado Bol\u00edvar es una de las entidades que m\u00e1s protestas ha registrado en los \u00faltimos meses, todas debido a<\/p>\n","protected":false},"author":29,"featured_media":129263,"comment_status":"open","ping_status":"closed","sticky":false,"template":"","format":"standard","meta":{"colormag_page_container_layout":"default_layout","colormag_page_sidebar_layout":"default_layout","_uag_custom_page_level_css":"","footnotes":""},"categories":[16454],"tags":[4965,14882,21916,13842,21917,233,4296,5592,32],"class_list":["post-129250","post","type-post","status-publish","format-standard","has-post-thumbnail","hentry","category-venezuela","tag-bolivar","tag-cortes-electricos","tag-diputado-freddy-valero","tag-escasez-de-agua","tag-escasez-de-gas-domestico","tag-nacionales","tag-protestas","tag-puerto-ordaz","tag-venezuela"],"yoast_head":"<!-- This site is optimized with the Yoast SEO plugin v27.4 - https:\/\/yoast.com\/product\/yoast-seo-wordpress\/ -->\n<title>Nuevas protestas en el estado Bol\u00edvar ante la deficiencia de los servicios p\u00fablicos<\/title>\n<meta name=\"description\" content=\"Venezuela\" \/>\n<meta name=\"robots\" content=\"index, follow, max-snippet:-1, max-image-preview:large, max-video-preview:-1\" \/>\n<link rel=\"canonical\" href=\"https:\/\/digital58.com.ve\/site\/2020\/09\/25\/nuevas-protestas-en-el-estado-bolivar-ante-la-deficiencia-de-los-servicios-publicos\/\" \/>\n<meta property=\"og:locale\" content=\"es_ES\" \/>\n<meta property=\"og:type\" content=\"article\" \/>\n<meta property=\"og:title\" content=\"Nuevas protestas en el estado Bol\u00edvar ante la deficiencia de los servicios p\u00fablicos\" \/>\n<meta property=\"og:description\" content=\"Venezuela\" \/>\n<meta property=\"og:url\" content=\"https:\/\/digital58.com.ve\/site\/2020\/09\/25\/nuevas-protestas-en-el-estado-bolivar-ante-la-deficiencia-de-los-servicios-publicos\/\" \/>\n<meta property=\"og:site_name\" content=\"Noticias Digital58\" \/>\n<meta property=\"article:published_time\" content=\"2020-09-25T15:47:38+00:00\" \/>\n<meta property=\"og:image\" content=\"https:\/\/digital58.com.ve\/site\/wp-content\/uploads\/2020\/09\/Bolivar-protesta.jpg\" \/>\n\t<meta property=\"og:image:width\" content=\"900\" \/>\n\t<meta property=\"og:image:height\" content=\"674\" \/>\n\t<meta property=\"og:image:type\" content=\"image\/jpeg\" \/>\n<meta name=\"author\" content=\"Morales Joel\" \/>\n<meta name=\"twitter:card\" content=\"summary_large_image\" \/>\n<meta name=\"twitter:creator\" content=\"@Digital_58\" \/>\n<meta name=\"twitter:site\" content=\"@villasmilhfoto\" \/>\n<meta name=\"twitter:label1\" content=\"Escrito por\" \/>\n\t<meta name=\"twitter:data1\" content=\"Morales Joel\" \/>\n\t<meta name=\"twitter:label2\" content=\"Tiempo estimado de lectura\" \/>\n\t<meta name=\"twitter:data2\" content=\"2 minutos\" \/>\n<script type=\"application\/ld+json\" class=\"yoast-schema-graph\">{\"@context\":\"https:\\\/\\\/schema.org\",\"@graph\":[{\"@type\":\"Article\",\"@id\":\"https:\\\/\\\/digital58.com.ve\\\/site\\\/2020\\\/09\\\/25\\\/nuevas-protestas-en-el-estado-bolivar-ante-la-deficiencia-de-los-servicios-publicos\\\/#article\",\"isPartOf\":{\"@id\":\"https:\\\/\\\/digital58.com.ve\\\/site\\\/2020\\\/09\\\/25\\\/nuevas-protestas-en-el-estado-bolivar-ante-la-deficiencia-de-los-servicios-publicos\\\/\"},\"author\":{\"name\":\"Morales Joel\",\"@id\":\"https:\\\/\\\/digital58.com.ve\\\/site\\\/#\\\/schema\\\/person\\\/8daf5f8bfd9ebdb98150c62bff195b72\"},\"headline\":\"Nuevas protestas en el estado Bol\u00edvar ante la deficiencia de los servicios p\u00fablicos\",\"datePublished\":\"2020-09-25T15:47:38+00:00\",\"mainEntityOfPage\":{\"@id\":\"https:\\\/\\\/digital58.com.ve\\\/site\\\/2020\\\/09\\\/25\\\/nuevas-protestas-en-el-estado-bolivar-ante-la-deficiencia-de-los-servicios-publicos\\\/\"},\"wordCount\":333,\"commentCount\":0,\"publisher\":{\"@id\":\"https:\\\/\\\/digital58.com.ve\\\/site\\\/#\\\/schema\\\/person\\\/64d1c2e4d0d4fd1b849980c4331c2951\"},\"image\":{\"@id\":\"https:\\\/\\\/digital58.com.ve\\\/site\\\/2020\\\/09\\\/25\\\/nuevas-protestas-en-el-estado-bolivar-ante-la-deficiencia-de-los-servicios-publicos\\\/#primaryimage\"},\"thumbnailUrl\":\"https:\\\/\\\/digital58.com.ve\\\/site\\\/wp-content\\\/uploads\\\/2020\\\/09\\\/Bolivar-protesta.jpg\",\"keywords\":[\"Bol\u00edvar\",\"Cortes el\u00e9ctricos\",\"Diputado Freddy Valero\",\"Escasez de agua\",\"Escasez de Gas Dom\u00e9stico\",\"Nacionales\",\"Protestas\",\"Puerto Ordaz\",\"Venezuela\"],\"articleSection\":[\"Venezuela\"],\"inLanguage\":\"es\",\"potentialAction\":[{\"@type\":\"CommentAction\",\"name\":\"Comment\",\"target\":[\"https:\\\/\\\/digital58.com.ve\\\/site\\\/2020\\\/09\\\/25\\\/nuevas-protestas-en-el-estado-bolivar-ante-la-deficiencia-de-los-servicios-publicos\\\/#respond\"]}]},{\"@type\":\"WebPage\",\"@id\":\"https:\\\/\\\/digital58.com.ve\\\/site\\\/2020\\\/09\\\/25\\\/nuevas-protestas-en-el-estado-bolivar-ante-la-deficiencia-de-los-servicios-publicos\\\/\",\"url\":\"https:\\\/\\\/digital58.com.ve\\\/site\\\/2020\\\/09\\\/25\\\/nuevas-protestas-en-el-estado-bolivar-ante-la-deficiencia-de-los-servicios-publicos\\\/\",\"name\":\"Nuevas protestas en el estado Bol\u00edvar ante la deficiencia de los servicios p\u00fablicos\",\"isPartOf\":{\"@id\":\"https:\\\/\\\/digital58.com.ve\\\/site\\\/#website\"},\"primaryImageOfPage\":{\"@id\":\"https:\\\/\\\/digital58.com.ve\\\/site\\\/2020\\\/09\\\/25\\\/nuevas-protestas-en-el-estado-bolivar-ante-la-deficiencia-de-los-servicios-publicos\\\/#primaryimage\"},\"image\":{\"@id\":\"https:\\\/\\\/digital58.com.ve\\\/site\\\/2020\\\/09\\\/25\\\/nuevas-protestas-en-el-estado-bolivar-ante-la-deficiencia-de-los-servicios-publicos\\\/#primaryimage\"},\"thumbnailUrl\":\"https:\\\/\\\/digital58.com.ve\\\/site\\\/wp-content\\\/uploads\\\/2020\\\/09\\\/Bolivar-protesta.jpg\",\"datePublished\":\"2020-09-25T15:47:38+00:00\",\"description\":\"Venezuela\",\"breadcrumb\":{\"@id\":\"https:\\\/\\\/digital58.com.ve\\\/site\\\/2020\\\/09\\\/25\\\/nuevas-protestas-en-el-estado-bolivar-ante-la-deficiencia-de-los-servicios-publicos\\\/#breadcrumb\"},\"inLanguage\":\"es\",\"potentialAction\":[{\"@type\":\"ReadAction\",\"target\":[\"https:\\\/\\\/digital58.com.ve\\\/site\\\/2020\\\/09\\\/25\\\/nuevas-protestas-en-el-estado-bolivar-ante-la-deficiencia-de-los-servicios-publicos\\\/\"]}]},{\"@type\":\"ImageObject\",\"inLanguage\":\"es\",\"@id\":\"https:\\\/\\\/digital58.com.ve\\\/site\\\/2020\\\/09\\\/25\\\/nuevas-protestas-en-el-estado-bolivar-ante-la-deficiencia-de-los-servicios-publicos\\\/#primaryimage\",\"url\":\"https:\\\/\\\/digital58.com.ve\\\/site\\\/wp-content\\\/uploads\\\/2020\\\/09\\\/Bolivar-protesta.jpg\",\"contentUrl\":\"https:\\\/\\\/digital58.com.ve\\\/site\\\/wp-content\\\/uploads\\\/2020\\\/09\\\/Bolivar-protesta.jpg\",\"width\":800,\"height\":\"600\"},{\"@type\":\"BreadcrumbList\",\"@id\":\"https:\\\/\\\/digital58.com.ve\\\/site\\\/2020\\\/09\\\/25\\\/nuevas-protestas-en-el-estado-bolivar-ante-la-deficiencia-de-los-servicios-publicos\\\/#breadcrumb\",\"itemListElement\":[{\"@type\":\"ListItem\",\"position\":1,\"name\":\"Home\",\"item\":\"https:\\\/\\\/digital58.com.ve\\\/site\\\/\"},{\"@type\":\"ListItem\",\"position\":2,\"name\":\"Nuevas protestas en el estado Bol\u00edvar ante la deficiencia de los servicios p\u00fablicos\"}]},{\"@type\":\"WebSite\",\"@id\":\"https:\\\/\\\/digital58.com.ve\\\/site\\\/#website\",\"url\":\"https:\\\/\\\/digital58.com.ve\\\/site\\\/\",\"name\":\"Noticias Digital58\",\"description\":\"Portal de Noticias \u00a1Periodismo web de verdad! Lanzamiento web 22.11.2005 \\\/ Maracaibo, Venezuela\",\"publisher\":{\"@id\":\"https:\\\/\\\/digital58.com.ve\\\/site\\\/#\\\/schema\\\/person\\\/64d1c2e4d0d4fd1b849980c4331c2951\"},\"alternateName\":\"ND58\",\"potentialAction\":[{\"@type\":\"SearchAction\",\"target\":{\"@type\":\"EntryPoint\",\"urlTemplate\":\"https:\\\/\\\/digital58.com.ve\\\/site\\\/?s={search_term_string}\"},\"query-input\":{\"@type\":\"PropertyValueSpecification\",\"valueRequired\":true,\"valueName\":\"search_term_string\"}}],\"inLanguage\":\"es\"},{\"@type\":[\"Person\",\"Organization\"],\"@id\":\"https:\\\/\\\/digital58.com.ve\\\/site\\\/#\\\/schema\\\/person\\\/64d1c2e4d0d4fd1b849980c4331c2951\",\"name\":\"Villasmil Henry\",\"image\":{\"@type\":\"ImageObject\",\"inLanguage\":\"es\",\"@id\":\"https:\\\/\\\/secure.gravatar.com\\\/avatar\\\/bb0c4a2fcb7970138239f7e404ea75757b1b507b28b5ce4c53fbd62d797c5a7c?s=96&d=mm&r=g\",\"url\":\"https:\\\/\\\/secure.gravatar.com\\\/avatar\\\/bb0c4a2fcb7970138239f7e404ea75757b1b507b28b5ce4c53fbd62d797c5a7c?s=96&d=mm&r=g\",\"contentUrl\":\"https:\\\/\\\/secure.gravatar.com\\\/avatar\\\/bb0c4a2fcb7970138239f7e404ea75757b1b507b28b5ce4c53fbd62d797c5a7c?s=96&d=mm&r=g\",\"caption\":\"Villasmil Henry\"},\"logo\":{\"@id\":\"https:\\\/\\\/secure.gravatar.com\\\/avatar\\\/bb0c4a2fcb7970138239f7e404ea75757b1b507b28b5ce4c53fbd62d797c5a7c?s=96&d=mm&r=g\"},\"sameAs\":[\"http:\\\/\\\/www.henryvillasmil.com.ve\",\"https:\\\/\\\/www.instagram.com\\\/villasmilhfoto\\\/\",\"https:\\\/\\\/x.com\\\/https:\\\/\\\/twitter.com\\\/villasmilhfoto\"]},{\"@type\":\"Person\",\"@id\":\"https:\\\/\\\/digital58.com.ve\\\/site\\\/#\\\/schema\\\/person\\\/8daf5f8bfd9ebdb98150c62bff195b72\",\"name\":\"Morales Joel\",\"image\":{\"@type\":\"ImageObject\",\"inLanguage\":\"es\",\"@id\":\"https:\\\/\\\/secure.gravatar.com\\\/avatar\\\/e2cb5ce0e9279ab3c8e03d472e483f32e666716a18da3bfa7b0749a5465409f1?s=96&d=mm&r=g\",\"url\":\"https:\\\/\\\/secure.gravatar.com\\\/avatar\\\/e2cb5ce0e9279ab3c8e03d472e483f32e666716a18da3bfa7b0749a5465409f1?s=96&d=mm&r=g\",\"contentUrl\":\"https:\\\/\\\/secure.gravatar.com\\\/avatar\\\/e2cb5ce0e9279ab3c8e03d472e483f32e666716a18da3bfa7b0749a5465409f1?s=96&d=mm&r=g\",\"caption\":\"Morales Joel\"},\"url\":\"https:\\\/\\\/digital58.com.ve\\\/site\\\/author\\\/joelm\\\/\"}]}<\/script>\n<!-- \/ Yoast SEO plugin. -->","yoast_head_json":{"title":"Nuevas protestas en el estado Bol\u00edvar ante la deficiencia de los servicios p\u00fablicos","description":"Venezuela","robots":{"index":"index","follow":"follow","max-snippet":"max-snippet:-1","max-image-preview":"max-image-preview:large","max-video-preview":"max-video-preview:-1"},"canonical":"https:\/\/digital58.com.ve\/site\/2020\/09\/25\/nuevas-protestas-en-el-estado-bolivar-ante-la-deficiencia-de-los-servicios-publicos\/","og_locale":"es_ES","og_type":"article","og_title":"Nuevas protestas en el estado Bol\u00edvar ante la deficiencia de los servicios p\u00fablicos","og_description":"Venezuela","og_url":"https:\/\/digital58.com.ve\/site\/2020\/09\/25\/nuevas-protestas-en-el-estado-bolivar-ante-la-deficiencia-de-los-servicios-publicos\/","og_site_name":"Noticias Digital58","article_published_time":"2020-09-25T15:47:38+00:00","og_image":[{"width":900,"height":674,"url":"https:\/\/digital58.com.ve\/site\/wp-content\/uploads\/2020\/09\/Bolivar-protesta.jpg","type":"image\/jpeg"}],"author":"Morales Joel","twitter_card":"summary_large_image","twitter_creator":"@Digital_58","twitter_site":"@villasmilhfoto","twitter_misc":{"Escrito por":"Morales Joel","Tiempo estimado de lectura":"2 minutos"},"schema":{"@context":"https:\/\/schema.org","@graph":[{"@type":"Article","@id":"https:\/\/digital58.com.ve\/site\/2020\/09\/25\/nuevas-protestas-en-el-estado-bolivar-ante-la-deficiencia-de-los-servicios-publicos\/#article","isPartOf":{"@id":"https:\/\/digital58.com.ve\/site\/2020\/09\/25\/nuevas-protestas-en-el-estado-bolivar-ante-la-deficiencia-de-los-servicios-publicos\/"},"author":{"name":"Morales Joel","@id":"https:\/\/digital58.com.ve\/site\/#\/schema\/person\/8daf5f8bfd9ebdb98150c62bff195b72"},"headline":"Nuevas protestas en el estado Bol\u00edvar ante la deficiencia de los servicios p\u00fablicos","datePublished":"2020-09-25T15:47:38+00:00","mainEntityOfPage":{"@id":"https:\/\/digital58.com.ve\/site\/2020\/09\/25\/nuevas-protestas-en-el-estado-bolivar-ante-la-deficiencia-de-los-servicios-publicos\/"},"wordCount":333,"commentCount":0,"publisher":{"@id":"https:\/\/digital58.com.ve\/site\/#\/schema\/person\/64d1c2e4d0d4fd1b849980c4331c2951"},"image":{"@id":"https:\/\/digital58.com.ve\/site\/2020\/09\/25\/nuevas-protestas-en-el-estado-bolivar-ante-la-deficiencia-de-los-servicios-publicos\/#primaryimage"},"thumbnailUrl":"https:\/\/digital58.com.ve\/site\/wp-content\/uploads\/2020\/09\/Bolivar-protesta.jpg","keywords":["Bol\u00edvar","Cortes el\u00e9ctricos","Diputado Freddy Valero","Escasez de agua","Escasez de Gas Dom\u00e9stico","Nacionales","Protestas","Puerto Ordaz","Venezuela"],"articleSection":["Venezuela"],"inLanguage":"es","potentialAction":[{"@type":"CommentAction","name":"Comment","target":["https:\/\/digital58.com.ve\/site\/2020\/09\/25\/nuevas-protestas-en-el-estado-bolivar-ante-la-deficiencia-de-los-servicios-publicos\/#respond"]}]},{"@type":"WebPage","@id":"https:\/\/digital58.com.ve\/site\/2020\/09\/25\/nuevas-protestas-en-el-estado-bolivar-ante-la-deficiencia-de-los-servicios-publicos\/","url":"https:\/\/digital58.com.ve\/site\/2020\/09\/25\/nuevas-protestas-en-el-estado-bolivar-ante-la-deficiencia-de-los-servicios-publicos\/","name":"Nuevas protestas en el estado Bol\u00edvar ante la deficiencia de los servicios p\u00fablicos","isPartOf":{"@id":"https:\/\/digital58.com.ve\/site\/#website"},"primaryImageOfPage":{"@id":"https:\/\/digital58.com.ve\/site\/2020\/09\/25\/nuevas-protestas-en-el-estado-bolivar-ante-la-deficiencia-de-los-servicios-publicos\/#primaryimage"},"image":{"@id":"https:\/\/digital58.com.ve\/site\/2020\/09\/25\/nuevas-protestas-en-el-estado-bolivar-ante-la-deficiencia-de-los-servicios-publicos\/#primaryimage"},"thumbnailUrl":"https:\/\/digital58.com.ve\/site\/wp-content\/uploads\/2020\/09\/Bolivar-protesta.jpg","datePublished":"2020-09-25T15:47:38+00:00","description":"Venezuela","breadcrumb":{"@id":"https:\/\/digital58.com.ve\/site\/2020\/09\/25\/nuevas-protestas-en-el-estado-bolivar-ante-la-deficiencia-de-los-servicios-publicos\/#breadcrumb"},"inLanguage":"es","potentialAction":[{"@type":"ReadAction","target":["https:\/\/digital58.com.ve\/site\/2020\/09\/25\/nuevas-protestas-en-el-estado-bolivar-ante-la-deficiencia-de-los-servicios-publicos\/"]}]},{"@type":"ImageObject","inLanguage":"es","@id":"https:\/\/digital58.com.ve\/site\/2020\/09\/25\/nuevas-protestas-en-el-estado-bolivar-ante-la-deficiencia-de-los-servicios-publicos\/#primaryimage","url":"https:\/\/digital58.com.ve\/site\/wp-content\/uploads\/2020\/09\/Bolivar-protesta.jpg","contentUrl":"https:\/\/digital58.com.ve\/site\/wp-content\/uploads\/2020\/09\/Bolivar-protesta.jpg","width":800,"height":"600"},{"@type":"BreadcrumbList","@id":"https:\/\/digital58.com.ve\/site\/2020\/09\/25\/nuevas-protestas-en-el-estado-bolivar-ante-la-deficiencia-de-los-servicios-publicos\/#breadcrumb","itemListElement":[{"@type":"ListItem","position":1,"name":"Home","item":"https:\/\/digital58.com.ve\/site\/"},{"@type":"ListItem","position":2,"name":"Nuevas protestas en el estado Bol\u00edvar ante la deficiencia de los servicios p\u00fablicos"}]},{"@type":"WebSite","@id":"https:\/\/digital58.com.ve\/site\/#website","url":"https:\/\/digital58.com.ve\/site\/","name":"Noticias Digital58","description":"Portal de Noticias \u00a1Periodismo web de verdad! Lanzamiento web 22.11.2005 \/ Maracaibo, Venezuela","publisher":{"@id":"https:\/\/digital58.com.ve\/site\/#\/schema\/person\/64d1c2e4d0d4fd1b849980c4331c2951"},"alternateName":"ND58","potentialAction":[{"@type":"SearchAction","target":{"@type":"EntryPoint","urlTemplate":"https:\/\/digital58.com.ve\/site\/?s={search_term_string}"},"query-input":{"@type":"PropertyValueSpecification","valueRequired":true,"valueName":"search_term_string"}}],"inLanguage":"es"},{"@type":["Person","Organization"],"@id":"https:\/\/digital58.com.ve\/site\/#\/schema\/person\/64d1c2e4d0d4fd1b849980c4331c2951","name":"Villasmil Henry","image":{"@type":"ImageObject","inLanguage":"es","@id":"https:\/\/secure.gravatar.com\/avatar\/bb0c4a2fcb7970138239f7e404ea75757b1b507b28b5ce4c53fbd62d797c5a7c?s=96&d=mm&r=g","url":"https:\/\/secure.gravatar.com\/avatar\/bb0c4a2fcb7970138239f7e404ea75757b1b507b28b5ce4c53fbd62d797c5a7c?s=96&d=mm&r=g","contentUrl":"https:\/\/secure.gravatar.com\/avatar\/bb0c4a2fcb7970138239f7e404ea75757b1b507b28b5ce4c53fbd62d797c5a7c?s=96&d=mm&r=g","caption":"Villasmil Henry"},"logo":{"@id":"https:\/\/secure.gravatar.com\/avatar\/bb0c4a2fcb7970138239f7e404ea75757b1b507b28b5ce4c53fbd62d797c5a7c?s=96&d=mm&r=g"},"sameAs":["http:\/\/www.henryvillasmil.com.ve","https:\/\/www.instagram.com\/villasmilhfoto\/","https:\/\/x.com\/https:\/\/twitter.com\/villasmilhfoto"]},{"@type":"Person","@id":"https:\/\/digital58.com.ve\/site\/#\/schema\/person\/8daf5f8bfd9ebdb98150c62bff195b72","name":"Morales Joel","image":{"@type":"ImageObject","inLanguage":"es","@id":"https:\/\/secure.gravatar.com\/avatar\/e2cb5ce0e9279ab3c8e03d472e483f32e666716a18da3bfa7b0749a5465409f1?s=96&d=mm&r=g","url":"https:\/\/secure.gravatar.com\/avatar\/e2cb5ce0e9279ab3c8e03d472e483f32e666716a18da3bfa7b0749a5465409f1?s=96&d=mm&r=g","contentUrl":"https:\/\/secure.gravatar.com\/avatar\/e2cb5ce0e9279ab3c8e03d472e483f32e666716a18da3bfa7b0749a5465409f1?s=96&d=mm&r=g","caption":"Morales Joel"},"url":"https:\/\/digital58.com.ve\/site\/author\/joelm\/"}]}},"uagb_featured_image_src":{"full":["https:\/\/digital58.com.ve\/site\/wp-content\/uploads\/2020\/09\/Bolivar-protesta.jpg",800,600,false],"thumbnail":["https:\/\/digital58.com.ve\/site\/wp-content\/uploads\/2020\/09\/Bolivar-protesta-150x150.jpg",150,150,true],"medium":["https:\/\/digital58.com.ve\/site\/wp-content\/uploads\/2020\/09\/Bolivar-protesta-300x225.jpg",300,225,true],"medium_large":["https:\/\/digital58.com.ve\/site\/wp-content\/uploads\/2020\/09\/Bolivar-protesta-768x575.jpg",768,575,true],"large":["https:\/\/digital58.com.ve\/site\/wp-content\/uploads\/2020\/09\/Bolivar-protesta.jpg",800,600,false],"1536x1536":["https:\/\/digital58.com.ve\/site\/wp-content\/uploads\/2020\/09\/Bolivar-protesta.jpg",800,600,false],"2048x2048":["https:\/\/digital58.com.ve\/site\/wp-content\/uploads\/2020\/09\/Bolivar-protesta.jpg",800,600,false],"colormag-highlighted-post":["https:\/\/digital58.com.ve\/site\/wp-content\/uploads\/2020\/09\/Bolivar-protesta.jpg",363,272,false],"colormag-featured-post-medium":["https:\/\/digital58.com.ve\/site\/wp-content\/uploads\/2020\/09\/Bolivar-protesta.jpg",273,205,false],"colormag-featured-post-small":["https:\/\/digital58.com.ve\/site\/wp-content\/uploads\/2020\/09\/Bolivar-protesta.jpg",120,90,false],"colormag-featured-image":["https:\/\/digital58.com.ve\/site\/wp-content\/uploads\/2020\/09\/Bolivar-protesta.jpg",593,445,false],"colormag-default-news":["https:\/\/digital58.com.ve\/site\/wp-content\/uploads\/2020\/09\/Bolivar-protesta.jpg",150,113,false],"colormag-featured-image-large":["https:\/\/digital58.com.ve\/site\/wp-content\/uploads\/2020\/09\/Bolivar-protesta.jpg",800,600,false]},"uagb_author_info":{"display_name":"Morales Joel","author_link":"https:\/\/digital58.com.ve\/site\/author\/joelm\/"},"uagb_comment_info":0,"uagb_excerpt":"El estado Bol\u00edvar es una de las entidades que m\u00e1s protestas ha registrado en los \u00faltimos meses, todas debido a","_links":{"self":[{"href":"https:\/\/digital58.com.ve\/site\/wp-json\/wp\/v2\/posts\/129250","targetHints":{"allow":["GET"]}}],"collection":[{"href":"https:\/\/digital58.com.ve\/site\/wp-json\/wp\/v2\/posts"}],"about":[{"href":"https:\/\/digital58.com.ve\/site\/wp-json\/wp\/v2\/types\/post"}],"author":[{"embeddable":true,"href":"https:\/\/digital58.com.ve\/site\/wp-json\/wp\/v2\/users\/29"}],"replies":[{"embeddable":true,"href":"https:\/\/digital58.com.ve\/site\/wp-json\/wp\/v2\/comments?post=129250"}],"version-history":[{"count":0,"href":"https:\/\/digital58.com.ve\/site\/wp-json\/wp\/v2\/posts\/129250\/revisions"}],"wp:featuredmedia":[{"embeddable":true,"href":"https:\/\/digital58.com.ve\/site\/wp-json\/wp\/v2\/media\/129263"}],"wp:attachment":[{"href":"https:\/\/digital58.com.ve\/site\/wp-json\/wp\/v2\/media?parent=129250"}],"wp:term":[{"taxonomy":"category","embeddable":true,"href":"https:\/\/digital58.com.ve\/site\/wp-json\/wp\/v2\/categories?post=129250"},{"taxonomy":"post_tag","embeddable":true,"href":"https:\/\/digital58.com.ve\/site\/wp-json\/wp\/v2\/tags?post=129250"}],"curies":[{"name":"wp","href":"https:\/\/api.w.org\/{rel}","templated":true}]}}