{"id":129453,"date":"2020-09-27T20:49:16","date_gmt":"2020-09-28T00:49:16","guid":{"rendered":"https:\/\/digital58.com.ve\/site\/?p=129453"},"modified":"2020-09-27T20:50:12","modified_gmt":"2020-09-28T00:50:12","slug":"la-fe-en-medio-del-confinamiento-pastor-albeiro-molano","status":"publish","type":"post","link":"https:\/\/digital58.com.ve\/site\/2020\/09\/27\/la-fe-en-medio-del-confinamiento-pastor-albeiro-molano\/","title":{"rendered":"La fe en medio del confinamiento: pastor Albeiro Molano"},"content":{"rendered":"<p><a href=\"https:\/\/digital58.com.ve\/site\/wp-content\/uploads\/2020\/09\/Albeiro-Molano-pastor-colombia-3.jpg\"><img loading=\"lazy\" decoding=\"async\" class=\"aligncenter size-full wp-image-129456\" src=\"https:\/\/digital58.com.ve\/site\/wp-content\/uploads\/2020\/09\/Albeiro-Molano-pastor-colombia-3.jpg\" alt=\"\" width=\"854\" height=\"777\" srcset=\"https:\/\/digital58.com.ve\/site\/wp-content\/uploads\/2020\/09\/Albeiro-Molano-pastor-colombia-3.jpg 659w, https:\/\/digital58.com.ve\/site\/wp-content\/uploads\/2020\/09\/Albeiro-Molano-pastor-colombia-3-300x273.jpg 300w, https:\/\/digital58.com.ve\/site\/wp-content\/uploads\/2020\/09\/Albeiro-Molano-pastor-colombia-3-768x699.jpg 768w\" sizes=\"auto, (max-width: 854px) 100vw, 854px\" \/><\/a><\/p>\n<p>Es Dios el punto entre la fe y creer donde muchos padecen por no conocer el camino: la verdad y vida.<\/p>\n<p><strong>Bogot\u00e1, Colombia, 27 de septiembre de 2020 (ND58).-<\/strong> La humanidad est\u00e1 experimentado grandes cambios en una igualdad de riesgo, sin diferencias para obtener la soluci\u00f3n para evitar contraer el llamado COVID-19; la gran preocupaci\u00f3n; es encontrar la cura con una base cient\u00edfica y en la b\u00fasqueda de la prevenci\u00f3n, el hombre trabaja en una vacuna que a\u00fan no llega, pero m\u00e1s all\u00e1 de la soluci\u00f3n, \u00bfqu\u00e9 ocurre con la fe en medio del confinamiento?<\/p>\n<p>Para muchos, los tiempos de pandemia, est\u00e1n representados en p\u00e1nico y cat\u00e1strofe, pero para mostrar el lado espiritual hemos compartido el tema con el pastor Albeiro Molano Pencue, nativo del Tolima parte del llano colombiano, un servidor que en medio de pruebas y desaciertos, da fe que Dios le hizo el llamado para llevar una iglesia que necesita palabra de vida y la promesa de Dios, desde peque\u00f1o su madre declaro que ser\u00eda pastor; pero la adolescencia lo sedujo y por un tiempo se alej\u00f3 del llamado del se\u00f1or, entre fusiles al ingresar al ej\u00e9rcito colombiano y madrugadas; fue paso a paso conocer el camino de verdad.<\/p>\n<p>Para el 2002 siente el llamado de Dios de manera contundente y en medio de bombas, entiende que era el tiempo de volver a Dios, pero de manera definitiva, era una decisi\u00f3n radical; s\u00f3lo en minutos su historia cambiaria, pero subi\u00f3 a un segundo piso para abrir una ventana; que le salvar\u00eda la vida, las detonaciones en un lugar de Bogot\u00e1 llamado el cartucho habr\u00eda dejado como saldo 19 personas fallecidas, \u00e9l pudo ser la victima n\u00famero 20.<\/p>\n<p>Con una visi\u00f3n m\u00e1s clara del prop\u00f3sito del Se\u00f1or en su vida, pensaba en la oportunidad de estar vivo y edificar su familia, al lado de su esposa la mujer que lo acompa\u00f1ar\u00eda en el proceso que no fue f\u00e1cil, pero que ser\u00eda lo que ya tenia en mente; estar rodeando de personas para dirigir en amor la iglesia de Dios: Ser pastor, un hombre no muy alto de estatura, pero con gran sabidur\u00eda y unci\u00f3n de Dios.<\/p>\n<p><a href=\"https:\/\/digital58.com.ve\/site\/wp-content\/uploads\/2020\/09\/Albeiro-Molano-pastor-colombia-2.jpg\"><img loading=\"lazy\" decoding=\"async\" class=\"aligncenter size-full wp-image-129457\" src=\"https:\/\/digital58.com.ve\/site\/wp-content\/uploads\/2020\/09\/Albeiro-Molano-pastor-colombia-2.jpg\" alt=\"\" width=\"720\" height=\"900\" srcset=\"https:\/\/digital58.com.ve\/site\/wp-content\/uploads\/2020\/09\/Albeiro-Molano-pastor-colombia-2.jpg 480w, https:\/\/digital58.com.ve\/site\/wp-content\/uploads\/2020\/09\/Albeiro-Molano-pastor-colombia-2-240x300.jpg 240w\" sizes=\"auto, (max-width: 720px) 100vw, 720px\" \/><\/a><\/p>\n<p>Para el mundo la vida del cristiano est\u00e1 en un constante juicio, e incluso indagan su pasado para justificar que no ser\u00eda de cualquier doctrina, cuando realmente el llamado es de parte de Dios, es una conversi\u00f3n; es la b\u00fasqueda de lo bueno, es la respuesta ante la dificultad; y cuando la decisi\u00f3n es seguir el camino de Dios se inician las luchas espirituales, pocas conocidas por aquellos que no est\u00e1n preparados ni en fe ni en conocimiento.<\/p>\n<p>Como el efecto domin\u00f3 fueron cayendo los pa\u00edses en medio de las crisis del coronavirus, Colombia con altas cifras de fallecidos, crec\u00eda la incertidumbre, y como un impacto son\u00f3 un bolet\u00edn informativo; las iglesias cerraron sus puertas, nadie pod\u00eda estar cerca, se inici\u00f3 la campa\u00f1a del distanciamiento social; la predicaci\u00f3n quedo en una reuni\u00f3n resuelta en la transmisi\u00f3n de devocionales a trav\u00e9s de las redes sociales, aplicando planes para llevar palabra en medio del terror.<\/p>\n<p>En medio de las grandes circunstancias es cuando Dios nos pone a prueba, aun a aquellos que le sirven a Dios, pero como una gran bendici\u00f3n y pueblo escogido se sinti\u00f3 la diferencia de aquellos que no han entendido que hay detr\u00e1s del coronavirus; y los que decidieron experimentar la misericordia de nuestro padre celestial en estos tiempos.<\/p>\n<p>Para entender m\u00e1s en testimonios vivos, la iglesia Renovaci\u00f3n Integral casa de Dios que sirve de adoraci\u00f3n y reuni\u00f3n, cerr\u00f3 una puerta, pero abri\u00f3 otra que permiti\u00f3 que todo aquel que necesitaba el pan de vida pudiera obtenerlo en medio de la tribulaci\u00f3n desde sus casas, aplicando la fe en medio del confinamiento, y es all\u00ed donde surgen las habilidades, utilizar la tecnolog\u00eda para expandir la palabra del Se\u00f1or.<\/p>\n<p>La fe, en todo momento ha estado, es la certeza, aunque no lo vemos en el momento est\u00e1 ah\u00ed en la parte espiritual, al todopoderoso no lo vemos; pero se manifiesta a trav\u00e9s de los hecho, de los milagros; nos lleva a creer; a trav\u00e9s de su palabra; en la biblia dice en hebreos 11: 6; \u00abSin fe es imposible agradar a Dios\u00bb; por eso es necesario que el que se acerque a Dios crea que le hay, sin darle paso a la duda, como mucho tienen por costumbre.<\/p>\n<p>Actualmente, el coronavirus cambio la vida del mundo, los oblig\u00f3 a un encierro, que definitivamente el ser humano no estaba preparado; para algunos lo relacionaron con escuchar la voz de Dios y era necesario este tiempo; para otros lo ven como un castigo que a\u00fan no termina; apoy\u00e1ndose en pasajes b\u00edblicos y mostr\u00e1ndolos como el fin de los tiempos; sin recordar que hemos pasado por otras pandemias como la peste negra.<\/p>\n<p>Pero el pastor Molano, lo interpreta como un llamado para volverse a Dios y no como el fin de los tiempos, como un campanazo y se refiere al libro del Apocalipsis 3: 20; \u00abHe aqu\u00ed, yo estoy a la puerta y llamo; si alguno oye mi voz y abre la puerta, entrar\u00e9 a \u00e9l y cenar\u00e9 con \u00e9l, y \u00e9l conmigo\u00bb.<\/p>\n<p>Tambi\u00e9n afirma, que el tiempo de pandemia ha sido una bendici\u00f3n, ya que todo nos ayuda a bien a los que amamos al Se\u00f1or, en todo lo que se vive en el mundo entero, como iglesia vimos una oportunidad para llevar una palabra de esperanza, cerramos las puertas, pero mucha gente viene a ser aporte y otros a consejer\u00eda; no lo miramos como un castigo o como la ira de Dios o el fin del mundo, es una oportunidad para que la gente se arrepienta, y se vuelvan a Dios. Esa posici\u00f3n de crisis de caos nosotros nos empoderamos para salir adelante, sucumbir al que este desesperado y llevarle una palabra de vida.<\/p>\n<p><a href=\"https:\/\/digital58.com.ve\/site\/wp-content\/uploads\/2020\/09\/Albeiro-Molano-pastor-colombia-4.jpg\"><img loading=\"lazy\" decoding=\"async\" class=\"aligncenter size-full wp-image-129455\" src=\"https:\/\/digital58.com.ve\/site\/wp-content\/uploads\/2020\/09\/Albeiro-Molano-pastor-colombia-4.jpg\" alt=\"\" width=\"719\" height=\"900\" srcset=\"https:\/\/digital58.com.ve\/site\/wp-content\/uploads\/2020\/09\/Albeiro-Molano-pastor-colombia-4.jpg 479w, https:\/\/digital58.com.ve\/site\/wp-content\/uploads\/2020\/09\/Albeiro-Molano-pastor-colombia-4-240x300.jpg 240w\" sizes=\"auto, (max-width: 719px) 100vw, 719px\" \/><\/a><\/p>\n<p>Para la Iglesia Renovaci\u00f3n Integral, implement\u00f3 todas las plataformas para predicar de manera virtual, no fue f\u00e1cil pero la preparaci\u00f3n es la misma, contaban con algunos recursos, pero implementaron estrategias; ya que nadie pod\u00eda salir de la casa, ten\u00edan la idea de darle la otra parte de la informaci\u00f3n; ya que en el momento todo lo que se transmit\u00eda a trav\u00e9s de los medios de comunicaci\u00f3n era el miedo y el p\u00e1nico ante la situaci\u00f3n.<\/p>\n<p>De una manera tranquila y serena, comenta que cada paso consolidado fue gracias a trav\u00e9s del esp\u00edritu santo, ya que todas las transmisiones que se han realizado han ido mejorando, con la finalidad de estar presente en cada uno de los hogares de nuestros hermanos y llevar consuelo y esperanza d\u00eda a d\u00eda, ma\u00f1ana y tarde, una palabra fresca; e incluso se empez\u00f3 a notar gente que no es de la iglesia; y eso represent\u00f3 gozo y logro esperado.<\/p>\n<p>Seguimos buscando m\u00e1s razones para tener fe ante cualquier situaci\u00f3n; y lo relacionamos con el agradecimiento, desde lo m\u00e1s sencillo por cada despertar; ya que representa ese milagro que buscamos a diario y ese milagro es estar vivo, s\u00f3lo el hecho de respirar; es motivo para agradecer y tener fe en lo que suceder\u00e1.<\/p>\n<p>La fe ha estado desde los grandes hombres de los pasajes b\u00edblicos como <em><strong>Abraham<\/strong><\/em>, desde la creaci\u00f3n de la tierra, en las ense\u00f1anzas de Jes\u00fas; s\u00f3lo que la humanidad le cuesta entender que la acci\u00f3n est\u00e1 en confiar en Dios por sobre todas las cosas.<\/p>\n<p><strong>Venezuela<\/strong> tambi\u00e9n ha sido tocada de manera agresiva por el coronavirus; y refleja la angustia de no saber qu\u00e9 va a pasar y cu\u00e1ndo terminar\u00e1; lo importante es entender que el mismo Dios de <strong>Colombia<\/strong> es el mismo que llama a los venezolanos a arrepentirse, es un tiempo dif\u00edcil en el cual el mundo se paraliz\u00f3, Dios le ha dado la oportunidad que se arrepienta, le da una oportunidad al mundo entero que podamos reconocer que es un Dios poderoso, pero es necesario que le busquemos ahora que puede ser hallado, es un tiempo de igualdad y s\u00f3lo el camino a la salvaci\u00f3n es Dios.<\/p>\n<p>La soluci\u00f3n va a estar en el se\u00f1or, es el campanazo a nivel mundial la b\u00fasqueda de Dios, \u00e9l nos est\u00e1 haciendo un llamado al arrepentimiento, la biblia habla de estar preparado, siempre ha habido pandemias, como la maldad, la peste negra, la deshonestidad, la injusticia y el ego\u00edsmo, s\u00f3lo que a diferencia de la actual son muertes espirituales.<\/p>\n<p>Para el hombre es m\u00e1s f\u00e1cil hablar del fin del mundo que de la venida de Dios; es un tema que ha transcendido durante todos los tiempos y tiene que ver con creer en la segunda venida.<\/p>\n<p>Para el pastor Albeiro, lo llama tiempos extras, y hace referencia a la venida de Dios como un tema complejo pues nadie sabe cuando vendr\u00e1, solo el Padre lo sabe. Es necesario creer y tener la seguridad que en medio del confinamiento el Se\u00f1or nos ha guardado; a pesar que el mundo cambi\u00f3, sin poder saludarse, adicionar elementos obligatorios como el tapabocas; quedarse en casa; la pandemia no es el fin del mundo, s\u00f3lo es el medio que Dios est\u00e1 usando para reflexionar.<\/p>\n<p>Para todo aquel que ha entendido que atravesar por este tiempo es un proceso, reconoce que Dios ha sido sustento para muchos, la situaci\u00f3n afirma que Dios ha estado con nosotros. La diferencia en la visi\u00f3n del tiempo actual es Dios, es la l\u00ednea entre el terror y la oportunidad, en lo adverso y la bendici\u00f3n; ha sido un aprendizaje; de lo malo sacamos lo bueno, es por ellos que es importante: aprender a confiar en Dios a pesar de todo.<\/p>\n<p>Entendemos que no es f\u00e1cil perder un familiar, ha sido duro, pasar el momento de dolor, la idea es animar a los familiares, ya que el hecho del duelo es totalmente diferente; las lagrimas se observan en una c\u00e1mara de celular y los sepelios no son m\u00e1s de 10 personas, pero para la iglesia la misi\u00f3n ha sido muy importante fortalecer el coraz\u00f3n de la gente; darle una palabra ante el dolor.<\/p>\n<p><a href=\"https:\/\/digital58.com.ve\/site\/wp-content\/uploads\/2020\/09\/Albeiro-Molano-pastor-colombia.jpg\"><img loading=\"lazy\" decoding=\"async\" class=\"aligncenter size-full wp-image-129458\" src=\"https:\/\/digital58.com.ve\/site\/wp-content\/uploads\/2020\/09\/Albeiro-Molano-pastor-colombia.jpg\" alt=\"\" width=\"900\" height=\"594\" srcset=\"https:\/\/digital58.com.ve\/site\/wp-content\/uploads\/2020\/09\/Albeiro-Molano-pastor-colombia.jpg 800w, https:\/\/digital58.com.ve\/site\/wp-content\/uploads\/2020\/09\/Albeiro-Molano-pastor-colombia-300x198.jpg 300w, https:\/\/digital58.com.ve\/site\/wp-content\/uploads\/2020\/09\/Albeiro-Molano-pastor-colombia-768x507.jpg 768w\" sizes=\"auto, (max-width: 900px) 100vw, 900px\" \/><\/a><\/p>\n<p>La fe seguir\u00e1 moviendo monta\u00f1as, multitudes y todo aquello que necesite ser tocado por Dios; el se\u00f1or necesito estar a solas para interceder por el pueblo de Israel, a causa de su rebeld\u00eda porque no quisieron buscar a Dios, y as\u00ed pasaron por mucho tiempo para que el se\u00f1or lo escucharas, lo que se traduce por un proceso; en el que a modo actual significa sacar las habilidades y capacidades de las personas que el momento lo ven como una oportunidad.<\/p>\n<p>Finalmente, para el servidor de la iglesia Renovaci\u00f3n Integral; era necesario confinar quitarnos los sonidos de la ciudad; para poder escuchar la voz de Dios, en el caso de Venezuela resurgimos de un momento de crisis, aun en medio de todo; poder observar los m\u00e1s sencillo como el sol de la ma\u00f1ana dando se\u00f1al que Dios es fiel, un lucero tan bonito anunciando que el se\u00f1or est\u00e1 all\u00ed y nunca nos ha dejado.<\/p>\n<p>Dios sigue inquietando el coraz\u00f3n de sus hijos, y promete disfrutar de la paz por encima de todo lo que venga; esto significa vivir cada d\u00eda como si fuera el ultimo, bajo el agradecimiento y sabiendo: \u00absi somos agradecidos, somos bendecidos; un d\u00eda m\u00e1s par vivir, pero hoy es el d\u00eda para agradecer\u00bb.<\/p>\n<p>\u00a1Gracias a Dios por estar con nosotros en medio del confinamiento!<\/p><div class=\"xcdal69f24788b9a6f\" ><p style=\"text-align: center;\"><a href=\"https:\/\/t.me\/noticiasdigital58\" target=\"_blank\" rel=\"noopener\"><img class=\"aligncenter size-full wp-image-125363\" src=\"https:\/\/digital58.com.ve\/site\/wp-content\/uploads\/2021\/04\/banner-telegram-web-2021.png\" alt=\"\" width=\"600\" height=\"90\" \/><\/a><\/p><\/div><style type=\"text\/css\">\r\n@media screen and (min-width: 1201px) {\r\n.xcdal69f24788b9a6f {\r\ndisplay: block;\r\n}\r\n}\r\n@media screen and (min-width: 993px) and (max-width: 1200px) {\r\n.xcdal69f24788b9a6f {\r\ndisplay: block;\r\n}\r\n}\r\n@media screen and (min-width: 769px) and (max-width: 992px) {\r\n.xcdal69f24788b9a6f {\r\ndisplay: block;\r\n}\r\n}\r\n@media screen and (min-width: 768px) and (max-width: 768px) {\r\n.xcdal69f24788b9a6f {\r\ndisplay: block;\r\n}\r\n}\r\n@media screen and (max-width: 767px) {\r\n.xcdal69f24788b9a6f {\r\ndisplay: block;\r\n}\r\n}\r\n<\/style>\r\n\n<p><strong>Redacci\u00f3n Morales, Carolina\/Corresponsal Colombia<\/strong><br \/>\n<strong>Edici\u00f3n: Villamil, Henry<\/strong><br \/>\n<strong>Gr\u00e1fica; Morales, Carolina<\/strong><\/p>\n<div style=\"margin-top: 0px; margin-bottom: 0px;\" class=\"sharethis-inline-share-buttons\" ><\/div>","protected":false},"excerpt":{"rendered":"<p>Es Dios el punto entre la fe y creer donde muchos padecen por no conocer el camino: la verdad y<\/p>\n","protected":false},"author":1,"featured_media":129458,"comment_status":"open","ping_status":"closed","sticky":false,"template":"","format":"standard","meta":{"colormag_page_container_layout":"default_layout","colormag_page_sidebar_layout":"default_layout","_uag_custom_page_level_css":"","footnotes":""},"categories":[8608],"tags":[3063,98,15804,13352,13648,9221,21955,21956,8,21953,13723,21954],"class_list":["post-129453","post","type-post","status-publish","format-standard","has-post-thumbnail","hentry","category-reportajes-especiales","tag-bogota","tag-colombia","tag-confinamiento","tag-coronavirus","tag-covid-19","tag-fe-y-religion","tag-iglesia-cristiana","tag-iglesia-renovacion-integral","tag-internacionales","tag-palabra-de-dios","tag-pandemia","tag-pastor-albeiro-molano-pencue"],"yoast_head":"<!-- This site is optimized with the Yoast SEO plugin v27.5 - https:\/\/yoast.com\/product\/yoast-seo-wordpress\/ -->\n<title>La fe en medio del confinamiento: pastor Albeiro Molano<\/title>\n<meta name=\"robots\" content=\"index, follow, max-snippet:-1, max-image-preview:large, max-video-preview:-1\" \/>\n<link rel=\"canonical\" href=\"https:\/\/digital58.com.ve\/site\/2020\/09\/27\/la-fe-en-medio-del-confinamiento-pastor-albeiro-molano\/\" \/>\n<meta property=\"og:locale\" content=\"es_ES\" \/>\n<meta property=\"og:type\" content=\"article\" \/>\n<meta property=\"og:title\" content=\"La fe en medio del confinamiento: pastor Albeiro Molano\" \/>\n<meta property=\"og:url\" content=\"https:\/\/digital58.com.ve\/site\/2020\/09\/27\/la-fe-en-medio-del-confinamiento-pastor-albeiro-molano\/\" \/>\n<meta property=\"og:site_name\" content=\"Noticias Digital58\" \/>\n<meta property=\"article:published_time\" content=\"2020-09-28T00:49:16+00:00\" \/>\n<meta property=\"article:modified_time\" content=\"2020-09-28T00:50:12+00:00\" \/>\n<meta property=\"og:image\" content=\"https:\/\/digital58.com.ve\/site\/wp-content\/uploads\/2020\/09\/Albeiro-Molano-pastor-colombia.jpg\" \/>\n\t<meta property=\"og:image:width\" content=\"900\" \/>\n\t<meta property=\"og:image:height\" content=\"594\" \/>\n\t<meta property=\"og:image:type\" content=\"image\/jpeg\" \/>\n<meta name=\"author\" content=\"Villasmil Henry\" \/>\n<meta name=\"twitter:card\" content=\"summary_large_image\" \/>\n<meta name=\"twitter:creator\" content=\"@https:\/\/twitter.com\/villasmilhfoto\" \/>\n<meta name=\"twitter:site\" content=\"@villasmilhfoto\" \/>\n<meta name=\"twitter:label1\" content=\"Escrito por\" \/>\n\t<meta name=\"twitter:data1\" content=\"Villasmil Henry\" \/>\n\t<meta name=\"twitter:label2\" content=\"Tiempo estimado de lectura\" \/>\n\t<meta name=\"twitter:data2\" content=\"10 minutos\" \/>\n<script type=\"application\/ld+json\" class=\"yoast-schema-graph\">{\"@context\":\"https:\\\/\\\/schema.org\",\"@graph\":[{\"@type\":\"Article\",\"@id\":\"https:\\\/\\\/digital58.com.ve\\\/site\\\/2020\\\/09\\\/27\\\/la-fe-en-medio-del-confinamiento-pastor-albeiro-molano\\\/#article\",\"isPartOf\":{\"@id\":\"https:\\\/\\\/digital58.com.ve\\\/site\\\/2020\\\/09\\\/27\\\/la-fe-en-medio-del-confinamiento-pastor-albeiro-molano\\\/\"},\"author\":{\"name\":\"Villasmil Henry\",\"@id\":\"https:\\\/\\\/digital58.com.ve\\\/site\\\/#\\\/schema\\\/person\\\/64d1c2e4d0d4fd1b849980c4331c2951\"},\"headline\":\"La fe en medio del confinamiento: pastor Albeiro Molano\",\"datePublished\":\"2020-09-28T00:49:16+00:00\",\"dateModified\":\"2020-09-28T00:50:12+00:00\",\"mainEntityOfPage\":{\"@id\":\"https:\\\/\\\/digital58.com.ve\\\/site\\\/2020\\\/09\\\/27\\\/la-fe-en-medio-del-confinamiento-pastor-albeiro-molano\\\/\"},\"wordCount\":2021,\"commentCount\":0,\"publisher\":{\"@id\":\"https:\\\/\\\/digital58.com.ve\\\/site\\\/#\\\/schema\\\/person\\\/64d1c2e4d0d4fd1b849980c4331c2951\"},\"image\":{\"@id\":\"https:\\\/\\\/digital58.com.ve\\\/site\\\/2020\\\/09\\\/27\\\/la-fe-en-medio-del-confinamiento-pastor-albeiro-molano\\\/#primaryimage\"},\"thumbnailUrl\":\"https:\\\/\\\/digital58.com.ve\\\/site\\\/wp-content\\\/uploads\\\/2020\\\/09\\\/Albeiro-Molano-pastor-colombia.jpg\",\"keywords\":[\"Bogot\u00e1\",\"Colombia\",\"Confinamiento\",\"Coronavirus\",\"COVID-19\",\"Fe y Religi\u00f3n\",\"Iglesia Cristiana\",\"iglesia Renovaci\u00f3n Integral\",\"Internacionales\",\"Palabra de Dios\",\"Pandemia\",\"Pastor Albeiro Molano Pencue\"],\"articleSection\":[\"Reportajes Especiales\"],\"inLanguage\":\"es\",\"potentialAction\":[{\"@type\":\"CommentAction\",\"name\":\"Comment\",\"target\":[\"https:\\\/\\\/digital58.com.ve\\\/site\\\/2020\\\/09\\\/27\\\/la-fe-en-medio-del-confinamiento-pastor-albeiro-molano\\\/#respond\"]}]},{\"@type\":\"WebPage\",\"@id\":\"https:\\\/\\\/digital58.com.ve\\\/site\\\/2020\\\/09\\\/27\\\/la-fe-en-medio-del-confinamiento-pastor-albeiro-molano\\\/\",\"url\":\"https:\\\/\\\/digital58.com.ve\\\/site\\\/2020\\\/09\\\/27\\\/la-fe-en-medio-del-confinamiento-pastor-albeiro-molano\\\/\",\"name\":\"La fe en medio del confinamiento: pastor Albeiro Molano\",\"isPartOf\":{\"@id\":\"https:\\\/\\\/digital58.com.ve\\\/site\\\/#website\"},\"primaryImageOfPage\":{\"@id\":\"https:\\\/\\\/digital58.com.ve\\\/site\\\/2020\\\/09\\\/27\\\/la-fe-en-medio-del-confinamiento-pastor-albeiro-molano\\\/#primaryimage\"},\"image\":{\"@id\":\"https:\\\/\\\/digital58.com.ve\\\/site\\\/2020\\\/09\\\/27\\\/la-fe-en-medio-del-confinamiento-pastor-albeiro-molano\\\/#primaryimage\"},\"thumbnailUrl\":\"https:\\\/\\\/digital58.com.ve\\\/site\\\/wp-content\\\/uploads\\\/2020\\\/09\\\/Albeiro-Molano-pastor-colombia.jpg\",\"datePublished\":\"2020-09-28T00:49:16+00:00\",\"dateModified\":\"2020-09-28T00:50:12+00:00\",\"breadcrumb\":{\"@id\":\"https:\\\/\\\/digital58.com.ve\\\/site\\\/2020\\\/09\\\/27\\\/la-fe-en-medio-del-confinamiento-pastor-albeiro-molano\\\/#breadcrumb\"},\"inLanguage\":\"es\",\"potentialAction\":[{\"@type\":\"ReadAction\",\"target\":[\"https:\\\/\\\/digital58.com.ve\\\/site\\\/2020\\\/09\\\/27\\\/la-fe-en-medio-del-confinamiento-pastor-albeiro-molano\\\/\"]}]},{\"@type\":\"ImageObject\",\"inLanguage\":\"es\",\"@id\":\"https:\\\/\\\/digital58.com.ve\\\/site\\\/2020\\\/09\\\/27\\\/la-fe-en-medio-del-confinamiento-pastor-albeiro-molano\\\/#primaryimage\",\"url\":\"https:\\\/\\\/digital58.com.ve\\\/site\\\/wp-content\\\/uploads\\\/2020\\\/09\\\/Albeiro-Molano-pastor-colombia.jpg\",\"contentUrl\":\"https:\\\/\\\/digital58.com.ve\\\/site\\\/wp-content\\\/uploads\\\/2020\\\/09\\\/Albeiro-Molano-pastor-colombia.jpg\",\"width\":800,\"height\":528},{\"@type\":\"BreadcrumbList\",\"@id\":\"https:\\\/\\\/digital58.com.ve\\\/site\\\/2020\\\/09\\\/27\\\/la-fe-en-medio-del-confinamiento-pastor-albeiro-molano\\\/#breadcrumb\",\"itemListElement\":[{\"@type\":\"ListItem\",\"position\":1,\"name\":\"Home\",\"item\":\"https:\\\/\\\/digital58.com.ve\\\/site\\\/\"},{\"@type\":\"ListItem\",\"position\":2,\"name\":\"La fe en medio del confinamiento: pastor Albeiro Molano\"}]},{\"@type\":\"WebSite\",\"@id\":\"https:\\\/\\\/digital58.com.ve\\\/site\\\/#website\",\"url\":\"https:\\\/\\\/digital58.com.ve\\\/site\\\/\",\"name\":\"Noticias Digital58\",\"description\":\"Portal de Noticias \u00a1Periodismo web de verdad! Lanzamiento web 22.11.2005 \\\/ Maracaibo, Venezuela\",\"publisher\":{\"@id\":\"https:\\\/\\\/digital58.com.ve\\\/site\\\/#\\\/schema\\\/person\\\/64d1c2e4d0d4fd1b849980c4331c2951\"},\"alternateName\":\"ND58\",\"potentialAction\":[{\"@type\":\"SearchAction\",\"target\":{\"@type\":\"EntryPoint\",\"urlTemplate\":\"https:\\\/\\\/digital58.com.ve\\\/site\\\/?s={search_term_string}\"},\"query-input\":{\"@type\":\"PropertyValueSpecification\",\"valueRequired\":true,\"valueName\":\"search_term_string\"}}],\"inLanguage\":\"es\"},{\"@type\":[\"Person\",\"Organization\"],\"@id\":\"https:\\\/\\\/digital58.com.ve\\\/site\\\/#\\\/schema\\\/person\\\/64d1c2e4d0d4fd1b849980c4331c2951\",\"name\":\"Villasmil Henry\",\"image\":{\"@type\":\"ImageObject\",\"inLanguage\":\"es\",\"@id\":\"https:\\\/\\\/secure.gravatar.com\\\/avatar\\\/bb0c4a2fcb7970138239f7e404ea75757b1b507b28b5ce4c53fbd62d797c5a7c?s=96&d=mm&r=g\",\"url\":\"https:\\\/\\\/secure.gravatar.com\\\/avatar\\\/bb0c4a2fcb7970138239f7e404ea75757b1b507b28b5ce4c53fbd62d797c5a7c?s=96&d=mm&r=g\",\"contentUrl\":\"https:\\\/\\\/secure.gravatar.com\\\/avatar\\\/bb0c4a2fcb7970138239f7e404ea75757b1b507b28b5ce4c53fbd62d797c5a7c?s=96&d=mm&r=g\",\"caption\":\"Villasmil Henry\"},\"logo\":{\"@id\":\"https:\\\/\\\/secure.gravatar.com\\\/avatar\\\/bb0c4a2fcb7970138239f7e404ea75757b1b507b28b5ce4c53fbd62d797c5a7c?s=96&d=mm&r=g\"},\"sameAs\":[\"http:\\\/\\\/www.henryvillasmil.com.ve\",\"https:\\\/\\\/www.instagram.com\\\/villasmilhfoto\\\/\",\"https:\\\/\\\/x.com\\\/https:\\\/\\\/twitter.com\\\/villasmilhfoto\"],\"url\":\"https:\\\/\\\/digital58.com.ve\\\/site\\\/author\\\/droopy_68\\\/\"}]}<\/script>\n<!-- \/ Yoast SEO plugin. -->","yoast_head_json":{"title":"La fe en medio del confinamiento: pastor Albeiro Molano","robots":{"index":"index","follow":"follow","max-snippet":"max-snippet:-1","max-image-preview":"max-image-preview:large","max-video-preview":"max-video-preview:-1"},"canonical":"https:\/\/digital58.com.ve\/site\/2020\/09\/27\/la-fe-en-medio-del-confinamiento-pastor-albeiro-molano\/","og_locale":"es_ES","og_type":"article","og_title":"La fe en medio del confinamiento: pastor Albeiro Molano","og_url":"https:\/\/digital58.com.ve\/site\/2020\/09\/27\/la-fe-en-medio-del-confinamiento-pastor-albeiro-molano\/","og_site_name":"Noticias Digital58","article_published_time":"2020-09-28T00:49:16+00:00","article_modified_time":"2020-09-28T00:50:12+00:00","og_image":[{"width":900,"height":594,"url":"https:\/\/digital58.com.ve\/site\/wp-content\/uploads\/2020\/09\/Albeiro-Molano-pastor-colombia.jpg","type":"image\/jpeg"}],"author":"Villasmil Henry","twitter_card":"summary_large_image","twitter_creator":"@https:\/\/twitter.com\/villasmilhfoto","twitter_site":"@villasmilhfoto","twitter_misc":{"Escrito por":"Villasmil Henry","Tiempo estimado de lectura":"10 minutos"},"schema":{"@context":"https:\/\/schema.org","@graph":[{"@type":"Article","@id":"https:\/\/digital58.com.ve\/site\/2020\/09\/27\/la-fe-en-medio-del-confinamiento-pastor-albeiro-molano\/#article","isPartOf":{"@id":"https:\/\/digital58.com.ve\/site\/2020\/09\/27\/la-fe-en-medio-del-confinamiento-pastor-albeiro-molano\/"},"author":{"name":"Villasmil Henry","@id":"https:\/\/digital58.com.ve\/site\/#\/schema\/person\/64d1c2e4d0d4fd1b849980c4331c2951"},"headline":"La fe en medio del confinamiento: pastor Albeiro Molano","datePublished":"2020-09-28T00:49:16+00:00","dateModified":"2020-09-28T00:50:12+00:00","mainEntityOfPage":{"@id":"https:\/\/digital58.com.ve\/site\/2020\/09\/27\/la-fe-en-medio-del-confinamiento-pastor-albeiro-molano\/"},"wordCount":2021,"commentCount":0,"publisher":{"@id":"https:\/\/digital58.com.ve\/site\/#\/schema\/person\/64d1c2e4d0d4fd1b849980c4331c2951"},"image":{"@id":"https:\/\/digital58.com.ve\/site\/2020\/09\/27\/la-fe-en-medio-del-confinamiento-pastor-albeiro-molano\/#primaryimage"},"thumbnailUrl":"https:\/\/digital58.com.ve\/site\/wp-content\/uploads\/2020\/09\/Albeiro-Molano-pastor-colombia.jpg","keywords":["Bogot\u00e1","Colombia","Confinamiento","Coronavirus","COVID-19","Fe y Religi\u00f3n","Iglesia Cristiana","iglesia Renovaci\u00f3n Integral","Internacionales","Palabra de Dios","Pandemia","Pastor Albeiro Molano Pencue"],"articleSection":["Reportajes Especiales"],"inLanguage":"es","potentialAction":[{"@type":"CommentAction","name":"Comment","target":["https:\/\/digital58.com.ve\/site\/2020\/09\/27\/la-fe-en-medio-del-confinamiento-pastor-albeiro-molano\/#respond"]}]},{"@type":"WebPage","@id":"https:\/\/digital58.com.ve\/site\/2020\/09\/27\/la-fe-en-medio-del-confinamiento-pastor-albeiro-molano\/","url":"https:\/\/digital58.com.ve\/site\/2020\/09\/27\/la-fe-en-medio-del-confinamiento-pastor-albeiro-molano\/","name":"La fe en medio del confinamiento: pastor Albeiro Molano","isPartOf":{"@id":"https:\/\/digital58.com.ve\/site\/#website"},"primaryImageOfPage":{"@id":"https:\/\/digital58.com.ve\/site\/2020\/09\/27\/la-fe-en-medio-del-confinamiento-pastor-albeiro-molano\/#primaryimage"},"image":{"@id":"https:\/\/digital58.com.ve\/site\/2020\/09\/27\/la-fe-en-medio-del-confinamiento-pastor-albeiro-molano\/#primaryimage"},"thumbnailUrl":"https:\/\/digital58.com.ve\/site\/wp-content\/uploads\/2020\/09\/Albeiro-Molano-pastor-colombia.jpg","datePublished":"2020-09-28T00:49:16+00:00","dateModified":"2020-09-28T00:50:12+00:00","breadcrumb":{"@id":"https:\/\/digital58.com.ve\/site\/2020\/09\/27\/la-fe-en-medio-del-confinamiento-pastor-albeiro-molano\/#breadcrumb"},"inLanguage":"es","potentialAction":[{"@type":"ReadAction","target":["https:\/\/digital58.com.ve\/site\/2020\/09\/27\/la-fe-en-medio-del-confinamiento-pastor-albeiro-molano\/"]}]},{"@type":"ImageObject","inLanguage":"es","@id":"https:\/\/digital58.com.ve\/site\/2020\/09\/27\/la-fe-en-medio-del-confinamiento-pastor-albeiro-molano\/#primaryimage","url":"https:\/\/digital58.com.ve\/site\/wp-content\/uploads\/2020\/09\/Albeiro-Molano-pastor-colombia.jpg","contentUrl":"https:\/\/digital58.com.ve\/site\/wp-content\/uploads\/2020\/09\/Albeiro-Molano-pastor-colombia.jpg","width":800,"height":528},{"@type":"BreadcrumbList","@id":"https:\/\/digital58.com.ve\/site\/2020\/09\/27\/la-fe-en-medio-del-confinamiento-pastor-albeiro-molano\/#breadcrumb","itemListElement":[{"@type":"ListItem","position":1,"name":"Home","item":"https:\/\/digital58.com.ve\/site\/"},{"@type":"ListItem","position":2,"name":"La fe en medio del confinamiento: pastor Albeiro Molano"}]},{"@type":"WebSite","@id":"https:\/\/digital58.com.ve\/site\/#website","url":"https:\/\/digital58.com.ve\/site\/","name":"Noticias Digital58","description":"Portal de Noticias \u00a1Periodismo web de verdad! Lanzamiento web 22.11.2005 \/ Maracaibo, Venezuela","publisher":{"@id":"https:\/\/digital58.com.ve\/site\/#\/schema\/person\/64d1c2e4d0d4fd1b849980c4331c2951"},"alternateName":"ND58","potentialAction":[{"@type":"SearchAction","target":{"@type":"EntryPoint","urlTemplate":"https:\/\/digital58.com.ve\/site\/?s={search_term_string}"},"query-input":{"@type":"PropertyValueSpecification","valueRequired":true,"valueName":"search_term_string"}}],"inLanguage":"es"},{"@type":["Person","Organization"],"@id":"https:\/\/digital58.com.ve\/site\/#\/schema\/person\/64d1c2e4d0d4fd1b849980c4331c2951","name":"Villasmil Henry","image":{"@type":"ImageObject","inLanguage":"es","@id":"https:\/\/secure.gravatar.com\/avatar\/bb0c4a2fcb7970138239f7e404ea75757b1b507b28b5ce4c53fbd62d797c5a7c?s=96&d=mm&r=g","url":"https:\/\/secure.gravatar.com\/avatar\/bb0c4a2fcb7970138239f7e404ea75757b1b507b28b5ce4c53fbd62d797c5a7c?s=96&d=mm&r=g","contentUrl":"https:\/\/secure.gravatar.com\/avatar\/bb0c4a2fcb7970138239f7e404ea75757b1b507b28b5ce4c53fbd62d797c5a7c?s=96&d=mm&r=g","caption":"Villasmil Henry"},"logo":{"@id":"https:\/\/secure.gravatar.com\/avatar\/bb0c4a2fcb7970138239f7e404ea75757b1b507b28b5ce4c53fbd62d797c5a7c?s=96&d=mm&r=g"},"sameAs":["http:\/\/www.henryvillasmil.com.ve","https:\/\/www.instagram.com\/villasmilhfoto\/","https:\/\/x.com\/https:\/\/twitter.com\/villasmilhfoto"],"url":"https:\/\/digital58.com.ve\/site\/author\/droopy_68\/"}]}},"uagb_featured_image_src":{"full":["https:\/\/digital58.com.ve\/site\/wp-content\/uploads\/2020\/09\/Albeiro-Molano-pastor-colombia.jpg",800,528,false],"thumbnail":["https:\/\/digital58.com.ve\/site\/wp-content\/uploads\/2020\/09\/Albeiro-Molano-pastor-colombia-150x150.jpg",150,150,true],"medium":["https:\/\/digital58.com.ve\/site\/wp-content\/uploads\/2020\/09\/Albeiro-Molano-pastor-colombia-300x198.jpg",300,198,true],"medium_large":["https:\/\/digital58.com.ve\/site\/wp-content\/uploads\/2020\/09\/Albeiro-Molano-pastor-colombia-768x507.jpg",768,507,true],"large":["https:\/\/digital58.com.ve\/site\/wp-content\/uploads\/2020\/09\/Albeiro-Molano-pastor-colombia.jpg",800,528,false],"1536x1536":["https:\/\/digital58.com.ve\/site\/wp-content\/uploads\/2020\/09\/Albeiro-Molano-pastor-colombia.jpg",800,528,false],"2048x2048":["https:\/\/digital58.com.ve\/site\/wp-content\/uploads\/2020\/09\/Albeiro-Molano-pastor-colombia.jpg",800,528,false],"colormag-highlighted-post":["https:\/\/digital58.com.ve\/site\/wp-content\/uploads\/2020\/09\/Albeiro-Molano-pastor-colombia.jpg",392,259,false],"colormag-featured-post-medium":["https:\/\/digital58.com.ve\/site\/wp-content\/uploads\/2020\/09\/Albeiro-Molano-pastor-colombia.jpg",311,205,false],"colormag-featured-post-small":["https:\/\/digital58.com.ve\/site\/wp-content\/uploads\/2020\/09\/Albeiro-Molano-pastor-colombia.jpg",130,86,false],"colormag-featured-image":["https:\/\/digital58.com.ve\/site\/wp-content\/uploads\/2020\/09\/Albeiro-Molano-pastor-colombia.jpg",674,445,false],"colormag-default-news":["https:\/\/digital58.com.ve\/site\/wp-content\/uploads\/2020\/09\/Albeiro-Molano-pastor-colombia.jpg",150,99,false],"colormag-featured-image-large":["https:\/\/digital58.com.ve\/site\/wp-content\/uploads\/2020\/09\/Albeiro-Molano-pastor-colombia.jpg",800,528,false]},"uagb_author_info":{"display_name":"Villasmil Henry","author_link":"https:\/\/digital58.com.ve\/site\/author\/droopy_68\/"},"uagb_comment_info":0,"uagb_excerpt":"Es Dios el punto entre la fe y creer donde muchos padecen por no conocer el camino: la verdad y","_links":{"self":[{"href":"https:\/\/digital58.com.ve\/site\/wp-json\/wp\/v2\/posts\/129453","targetHints":{"allow":["GET"]}}],"collection":[{"href":"https:\/\/digital58.com.ve\/site\/wp-json\/wp\/v2\/posts"}],"about":[{"href":"https:\/\/digital58.com.ve\/site\/wp-json\/wp\/v2\/types\/post"}],"author":[{"embeddable":true,"href":"https:\/\/digital58.com.ve\/site\/wp-json\/wp\/v2\/users\/1"}],"replies":[{"embeddable":true,"href":"https:\/\/digital58.com.ve\/site\/wp-json\/wp\/v2\/comments?post=129453"}],"version-history":[{"count":0,"href":"https:\/\/digital58.com.ve\/site\/wp-json\/wp\/v2\/posts\/129453\/revisions"}],"wp:featuredmedia":[{"embeddable":true,"href":"https:\/\/digital58.com.ve\/site\/wp-json\/wp\/v2\/media\/129458"}],"wp:attachment":[{"href":"https:\/\/digital58.com.ve\/site\/wp-json\/wp\/v2\/media?parent=129453"}],"wp:term":[{"taxonomy":"category","embeddable":true,"href":"https:\/\/digital58.com.ve\/site\/wp-json\/wp\/v2\/categories?post=129453"},{"taxonomy":"post_tag","embeddable":true,"href":"https:\/\/digital58.com.ve\/site\/wp-json\/wp\/v2\/tags?post=129453"}],"curies":[{"name":"wp","href":"https:\/\/api.w.org\/{rel}","templated":true}]}}