{"id":129573,"date":"2020-09-28T11:54:16","date_gmt":"2020-09-28T15:54:16","guid":{"rendered":"https:\/\/digital58.com.ve\/site\/?p=129573"},"modified":"2020-09-28T14:32:38","modified_gmt":"2020-09-28T18:32:38","slug":"dictan-privativa-de-libertad-a-10-de-los-manifestantes-en-las-protestas-de-yaracuy","status":"publish","type":"post","link":"https:\/\/digital58.com.ve\/site\/2020\/09\/28\/dictan-privativa-de-libertad-a-10-de-los-manifestantes-en-las-protestas-de-yaracuy\/","title":{"rendered":"Dictan privativa de libertad a 10 de los manifestantes en las protestas de Yaracuy"},"content":{"rendered":"<p><img loading=\"lazy\" decoding=\"async\" class=\"size-full wp-image-129574 aligncenter\" src=\"https:\/\/digital58.com.ve\/site\/wp-content\/uploads\/2020\/09\/protestas-yaracuy.jpg\" alt=\"\" width=\"800\" height=\"428\" srcset=\"https:\/\/digital58.com.ve\/site\/wp-content\/uploads\/2020\/09\/protestas-yaracuy.jpg 800w, https:\/\/digital58.com.ve\/site\/wp-content\/uploads\/2020\/09\/protestas-yaracuy-300x161.jpg 300w, https:\/\/digital58.com.ve\/site\/wp-content\/uploads\/2020\/09\/protestas-yaracuy-768x411.jpg 768w\" sizes=\"auto, (max-width: 800px) 100vw, 800px\" \/><\/p>\n<p>Foro Penal report\u00f3 que m\u00e1s de 30 personas resultaron detenidas por funcionarios de la polic\u00eda regional por las protestas registradas en varias zonas de la entidad.<\/p>\n<p><strong>Caracas, DC,\u00a0 Venezuela, 28 de septiembre de 2020 (ND58).-<\/strong>\u00a0Diez de los manifestantes en las protestas que se presentaron el fin de semana en Yaracuy fueron privados de libertad por el gobierno nacional, las manifestaciones se dieron por el rechaz\u00f3 a las precariedades acentuadas de los servicios p\u00fablicos y la escasez de gasolina en la entidad.<\/p>\n<p>El pasado 25 de septiembre, luego de la audiencia de presentaci\u00f3n que se desarroll\u00f3 en el Circuito Judicial Penal de Yaracuy, a cinco personas detenidas en Chivacoa, municipio Bruzual, les impusieron medida con r\u00e9gimen de presentaci\u00f3n de fiadores.<\/p>\n<p>Las autoridades judiciales los imputaron por la supuesta alteraci\u00f3n del orden p\u00fablico, porte il\u00edcito de arma de fuego y terrorismo.<\/p>\n<p>Biagio Pilieri, diputado a la Asamblea Nacional, public\u00f3 la informaci\u00f3n en Twitter y le ha hecho seguimiento a la situaci\u00f3n. El parlamentario exige la liberaci\u00f3n de los ciudadanos porque, afirma, ejerc\u00edan el leg\u00edtimo derecho a la protesta.<\/p>\n<p>El domingo, en horas de la noche, gobierno nacional \u00a0dict\u00f3 privativa de libertad en contra de otras cinco personas. Les imputaron por la presunta posesi\u00f3n de explosivos.<\/p>\n<p>Los protestantes, que fueron detenidos durante las concentraciones en Nirgua, son Iv\u00e1n Jos\u00e9 R\u00edos Pinto, Juan Mercado, Zathdiel Rangel, Javier Gim\u00e9nez y Mario Montoya.<\/p>\n<p>Foro Penal report\u00f3 que m\u00e1s de 30 personas resultaron detenidas por funcionarios de la polic\u00eda regional por las protestas registradas en varias zonas de la entidad.<\/p>\n<p>Organismos de seguridad, fieles al gobierno\u00a0 de Nicol\u00e1s Maduro, reprimieron fuertemente las manifestaciones de ciudadanos, que por varios d\u00edas estuvieron en las calles exigiendo mejoras en los servicios p\u00fablicos y un cambio pol\u00edtico en el pa\u00eds.<\/p><div class=\"jbvfk69f77b8435ecf\" ><p style=\"text-align: center;\"><a href=\"https:\/\/t.me\/noticiasdigital58\" target=\"_blank\" rel=\"noopener\"><img class=\"aligncenter size-full wp-image-125363\" src=\"https:\/\/digital58.com.ve\/site\/wp-content\/uploads\/2021\/04\/banner-telegram-web-2021.png\" alt=\"\" width=\"600\" height=\"90\" \/><\/a><\/p><\/div><style type=\"text\/css\">\r\n@media screen and (min-width: 1201px) {\r\n.jbvfk69f77b8435ecf {\r\ndisplay: block;\r\n}\r\n}\r\n@media screen and (min-width: 993px) and (max-width: 1200px) {\r\n.jbvfk69f77b8435ecf {\r\ndisplay: block;\r\n}\r\n}\r\n@media screen and (min-width: 769px) and (max-width: 992px) {\r\n.jbvfk69f77b8435ecf {\r\ndisplay: block;\r\n}\r\n}\r\n@media screen and (min-width: 768px) and (max-width: 768px) {\r\n.jbvfk69f77b8435ecf {\r\ndisplay: block;\r\n}\r\n}\r\n@media screen and (max-width: 767px) {\r\n.jbvfk69f77b8435ecf {\r\ndisplay: block;\r\n}\r\n}\r\n<\/style>\r\n\n<p><strong>Re<\/strong><b>dacci\u00f3n: Molero, Luis\u00a0 (@Moleromarquez) | Fuente: Twitter\u00a0<\/b><br \/>\n<b>Edici\u00f3n: Villasmil, Henry<\/b><br \/>\n<b>Gr\u00e1ficas: Cortes\u00eda<\/b><\/p>\n<div style=\"margin-top: 0px; margin-bottom: 0px;\" class=\"sharethis-inline-share-buttons\" ><\/div>","protected":false},"excerpt":{"rendered":"<p>Foro Penal report\u00f3 que m\u00e1s de 30 personas resultaron detenidas por funcionarios de la polic\u00eda regional por las protestas registradas<\/p>\n","protected":false},"author":26,"featured_media":129574,"comment_status":"open","ping_status":"closed","sticky":false,"template":"","format":"standard","meta":{"colormag_page_container_layout":"default_layout","colormag_page_sidebar_layout":"default_layout","_uag_custom_page_level_css":"","footnotes":""},"categories":[16454],"tags":[29,19489,1818,21985,233,21984,4296,32],"class_list":["post-129573","post","type-post","status-publish","format-standard","has-post-thumbnail","hentry","category-venezuela","tag-caracas","tag-estado-yaracuy","tag-gobierno-nacional","tag-manifestantes","tag-nacionales","tag-privativa-de-libertad","tag-protestas","tag-venezuela"],"yoast_head":"<!-- This site is optimized with the Yoast SEO plugin v27.5 - https:\/\/yoast.com\/product\/yoast-seo-wordpress\/ -->\n<title>Dictan privativa de libertad a 10 de los manifestantes en las protestas de Yaracuy<\/title>\n<meta name=\"description\" content=\"Venezuela\" \/>\n<meta name=\"robots\" content=\"index, follow, max-snippet:-1, max-image-preview:large, max-video-preview:-1\" \/>\n<link rel=\"canonical\" href=\"https:\/\/digital58.com.ve\/site\/2020\/09\/28\/dictan-privativa-de-libertad-a-10-de-los-manifestantes-en-las-protestas-de-yaracuy\/\" \/>\n<meta property=\"og:locale\" content=\"es_ES\" \/>\n<meta property=\"og:type\" content=\"article\" \/>\n<meta property=\"og:title\" content=\"Dictan privativa de libertad a 10 de los manifestantes en las protestas de Yaracuy\" \/>\n<meta property=\"og:description\" content=\"Venezuela\" \/>\n<meta property=\"og:url\" content=\"https:\/\/digital58.com.ve\/site\/2020\/09\/28\/dictan-privativa-de-libertad-a-10-de-los-manifestantes-en-las-protestas-de-yaracuy\/\" \/>\n<meta property=\"og:site_name\" content=\"Noticias Digital58\" \/>\n<meta property=\"article:published_time\" content=\"2020-09-28T15:54:16+00:00\" \/>\n<meta property=\"article:modified_time\" content=\"2020-09-28T18:32:38+00:00\" \/>\n<meta property=\"og:image\" content=\"https:\/\/digital58.com.ve\/site\/wp-content\/uploads\/2020\/09\/protestas-yaracuy.jpg\" \/>\n\t<meta property=\"og:image:width\" content=\"800\" \/>\n\t<meta property=\"og:image:height\" content=\"428\" \/>\n\t<meta property=\"og:image:type\" content=\"image\/jpeg\" \/>\n<meta name=\"author\" content=\"Molero Luis\" \/>\n<meta name=\"twitter:card\" content=\"summary_large_image\" \/>\n<meta name=\"twitter:creator\" content=\"@Digital_58\" \/>\n<meta name=\"twitter:site\" content=\"@villasmilhfoto\" \/>\n<meta name=\"twitter:label1\" content=\"Escrito por\" \/>\n\t<meta name=\"twitter:data1\" content=\"Molero Luis\" \/>\n\t<meta name=\"twitter:label2\" content=\"Tiempo estimado de lectura\" \/>\n\t<meta name=\"twitter:data2\" content=\"2 minutos\" \/>\n<script type=\"application\/ld+json\" class=\"yoast-schema-graph\">{\"@context\":\"https:\\\/\\\/schema.org\",\"@graph\":[{\"@type\":\"Article\",\"@id\":\"https:\\\/\\\/digital58.com.ve\\\/site\\\/2020\\\/09\\\/28\\\/dictan-privativa-de-libertad-a-10-de-los-manifestantes-en-las-protestas-de-yaracuy\\\/#article\",\"isPartOf\":{\"@id\":\"https:\\\/\\\/digital58.com.ve\\\/site\\\/2020\\\/09\\\/28\\\/dictan-privativa-de-libertad-a-10-de-los-manifestantes-en-las-protestas-de-yaracuy\\\/\"},\"author\":{\"name\":\"Molero Luis\",\"@id\":\"https:\\\/\\\/digital58.com.ve\\\/site\\\/#\\\/schema\\\/person\\\/c61667ce6845137620ee3f0aaabade17\"},\"headline\":\"Dictan privativa de libertad a 10 de los manifestantes en las protestas de Yaracuy\",\"datePublished\":\"2020-09-28T15:54:16+00:00\",\"dateModified\":\"2020-09-28T18:32:38+00:00\",\"mainEntityOfPage\":{\"@id\":\"https:\\\/\\\/digital58.com.ve\\\/site\\\/2020\\\/09\\\/28\\\/dictan-privativa-de-libertad-a-10-de-los-manifestantes-en-las-protestas-de-yaracuy\\\/\"},\"wordCount\":340,\"commentCount\":0,\"publisher\":{\"@id\":\"https:\\\/\\\/digital58.com.ve\\\/site\\\/#\\\/schema\\\/person\\\/64d1c2e4d0d4fd1b849980c4331c2951\"},\"image\":{\"@id\":\"https:\\\/\\\/digital58.com.ve\\\/site\\\/2020\\\/09\\\/28\\\/dictan-privativa-de-libertad-a-10-de-los-manifestantes-en-las-protestas-de-yaracuy\\\/#primaryimage\"},\"thumbnailUrl\":\"https:\\\/\\\/digital58.com.ve\\\/site\\\/wp-content\\\/uploads\\\/2020\\\/09\\\/protestas-yaracuy.jpg\",\"keywords\":[\"Caracas\",\"Estado Yaracuy\",\"Gobierno Nacional\",\"Manifestantes\",\"Nacionales\",\"Privativa de Libertad\",\"Protestas\",\"Venezuela\"],\"articleSection\":[\"Venezuela\"],\"inLanguage\":\"es\",\"potentialAction\":[{\"@type\":\"CommentAction\",\"name\":\"Comment\",\"target\":[\"https:\\\/\\\/digital58.com.ve\\\/site\\\/2020\\\/09\\\/28\\\/dictan-privativa-de-libertad-a-10-de-los-manifestantes-en-las-protestas-de-yaracuy\\\/#respond\"]}]},{\"@type\":\"WebPage\",\"@id\":\"https:\\\/\\\/digital58.com.ve\\\/site\\\/2020\\\/09\\\/28\\\/dictan-privativa-de-libertad-a-10-de-los-manifestantes-en-las-protestas-de-yaracuy\\\/\",\"url\":\"https:\\\/\\\/digital58.com.ve\\\/site\\\/2020\\\/09\\\/28\\\/dictan-privativa-de-libertad-a-10-de-los-manifestantes-en-las-protestas-de-yaracuy\\\/\",\"name\":\"Dictan privativa de libertad a 10 de los manifestantes en las protestas de Yaracuy\",\"isPartOf\":{\"@id\":\"https:\\\/\\\/digital58.com.ve\\\/site\\\/#website\"},\"primaryImageOfPage\":{\"@id\":\"https:\\\/\\\/digital58.com.ve\\\/site\\\/2020\\\/09\\\/28\\\/dictan-privativa-de-libertad-a-10-de-los-manifestantes-en-las-protestas-de-yaracuy\\\/#primaryimage\"},\"image\":{\"@id\":\"https:\\\/\\\/digital58.com.ve\\\/site\\\/2020\\\/09\\\/28\\\/dictan-privativa-de-libertad-a-10-de-los-manifestantes-en-las-protestas-de-yaracuy\\\/#primaryimage\"},\"thumbnailUrl\":\"https:\\\/\\\/digital58.com.ve\\\/site\\\/wp-content\\\/uploads\\\/2020\\\/09\\\/protestas-yaracuy.jpg\",\"datePublished\":\"2020-09-28T15:54:16+00:00\",\"dateModified\":\"2020-09-28T18:32:38+00:00\",\"description\":\"Venezuela\",\"breadcrumb\":{\"@id\":\"https:\\\/\\\/digital58.com.ve\\\/site\\\/2020\\\/09\\\/28\\\/dictan-privativa-de-libertad-a-10-de-los-manifestantes-en-las-protestas-de-yaracuy\\\/#breadcrumb\"},\"inLanguage\":\"es\",\"potentialAction\":[{\"@type\":\"ReadAction\",\"target\":[\"https:\\\/\\\/digital58.com.ve\\\/site\\\/2020\\\/09\\\/28\\\/dictan-privativa-de-libertad-a-10-de-los-manifestantes-en-las-protestas-de-yaracuy\\\/\"]}]},{\"@type\":\"ImageObject\",\"inLanguage\":\"es\",\"@id\":\"https:\\\/\\\/digital58.com.ve\\\/site\\\/2020\\\/09\\\/28\\\/dictan-privativa-de-libertad-a-10-de-los-manifestantes-en-las-protestas-de-yaracuy\\\/#primaryimage\",\"url\":\"https:\\\/\\\/digital58.com.ve\\\/site\\\/wp-content\\\/uploads\\\/2020\\\/09\\\/protestas-yaracuy.jpg\",\"contentUrl\":\"https:\\\/\\\/digital58.com.ve\\\/site\\\/wp-content\\\/uploads\\\/2020\\\/09\\\/protestas-yaracuy.jpg\",\"width\":800,\"height\":428},{\"@type\":\"BreadcrumbList\",\"@id\":\"https:\\\/\\\/digital58.com.ve\\\/site\\\/2020\\\/09\\\/28\\\/dictan-privativa-de-libertad-a-10-de-los-manifestantes-en-las-protestas-de-yaracuy\\\/#breadcrumb\",\"itemListElement\":[{\"@type\":\"ListItem\",\"position\":1,\"name\":\"Home\",\"item\":\"https:\\\/\\\/digital58.com.ve\\\/site\\\/\"},{\"@type\":\"ListItem\",\"position\":2,\"name\":\"Dictan privativa de libertad a 10 de los manifestantes en las protestas de Yaracuy\"}]},{\"@type\":\"WebSite\",\"@id\":\"https:\\\/\\\/digital58.com.ve\\\/site\\\/#website\",\"url\":\"https:\\\/\\\/digital58.com.ve\\\/site\\\/\",\"name\":\"Noticias Digital58\",\"description\":\"Portal de Noticias \u00a1Periodismo web de verdad! Lanzamiento web 22.11.2005 \\\/ Maracaibo, Venezuela\",\"publisher\":{\"@id\":\"https:\\\/\\\/digital58.com.ve\\\/site\\\/#\\\/schema\\\/person\\\/64d1c2e4d0d4fd1b849980c4331c2951\"},\"alternateName\":\"ND58\",\"potentialAction\":[{\"@type\":\"SearchAction\",\"target\":{\"@type\":\"EntryPoint\",\"urlTemplate\":\"https:\\\/\\\/digital58.com.ve\\\/site\\\/?s={search_term_string}\"},\"query-input\":{\"@type\":\"PropertyValueSpecification\",\"valueRequired\":true,\"valueName\":\"search_term_string\"}}],\"inLanguage\":\"es\"},{\"@type\":[\"Person\",\"Organization\"],\"@id\":\"https:\\\/\\\/digital58.com.ve\\\/site\\\/#\\\/schema\\\/person\\\/64d1c2e4d0d4fd1b849980c4331c2951\",\"name\":\"Villasmil Henry\",\"image\":{\"@type\":\"ImageObject\",\"inLanguage\":\"es\",\"@id\":\"https:\\\/\\\/secure.gravatar.com\\\/avatar\\\/bb0c4a2fcb7970138239f7e404ea75757b1b507b28b5ce4c53fbd62d797c5a7c?s=96&d=mm&r=g\",\"url\":\"https:\\\/\\\/secure.gravatar.com\\\/avatar\\\/bb0c4a2fcb7970138239f7e404ea75757b1b507b28b5ce4c53fbd62d797c5a7c?s=96&d=mm&r=g\",\"contentUrl\":\"https:\\\/\\\/secure.gravatar.com\\\/avatar\\\/bb0c4a2fcb7970138239f7e404ea75757b1b507b28b5ce4c53fbd62d797c5a7c?s=96&d=mm&r=g\",\"caption\":\"Villasmil Henry\"},\"logo\":{\"@id\":\"https:\\\/\\\/secure.gravatar.com\\\/avatar\\\/bb0c4a2fcb7970138239f7e404ea75757b1b507b28b5ce4c53fbd62d797c5a7c?s=96&d=mm&r=g\"},\"sameAs\":[\"http:\\\/\\\/www.henryvillasmil.com.ve\",\"https:\\\/\\\/www.instagram.com\\\/villasmilhfoto\\\/\",\"https:\\\/\\\/x.com\\\/https:\\\/\\\/twitter.com\\\/villasmilhfoto\"]},{\"@type\":\"Person\",\"@id\":\"https:\\\/\\\/digital58.com.ve\\\/site\\\/#\\\/schema\\\/person\\\/c61667ce6845137620ee3f0aaabade17\",\"name\":\"Molero Luis\",\"image\":{\"@type\":\"ImageObject\",\"inLanguage\":\"es\",\"@id\":\"https:\\\/\\\/secure.gravatar.com\\\/avatar\\\/bf041ec637e3e7405449807deb2f7cf3d2de7c6fa755dd56e985201de9863f2b?s=96&d=mm&r=g\",\"url\":\"https:\\\/\\\/secure.gravatar.com\\\/avatar\\\/bf041ec637e3e7405449807deb2f7cf3d2de7c6fa755dd56e985201de9863f2b?s=96&d=mm&r=g\",\"contentUrl\":\"https:\\\/\\\/secure.gravatar.com\\\/avatar\\\/bf041ec637e3e7405449807deb2f7cf3d2de7c6fa755dd56e985201de9863f2b?s=96&d=mm&r=g\",\"caption\":\"Molero Luis\"},\"url\":\"https:\\\/\\\/digital58.com.ve\\\/site\\\/author\\\/luismolero\\\/\"}]}<\/script>\n<!-- \/ Yoast SEO plugin. -->","yoast_head_json":{"title":"Dictan privativa de libertad a 10 de los manifestantes en las protestas de Yaracuy","description":"Venezuela","robots":{"index":"index","follow":"follow","max-snippet":"max-snippet:-1","max-image-preview":"max-image-preview:large","max-video-preview":"max-video-preview:-1"},"canonical":"https:\/\/digital58.com.ve\/site\/2020\/09\/28\/dictan-privativa-de-libertad-a-10-de-los-manifestantes-en-las-protestas-de-yaracuy\/","og_locale":"es_ES","og_type":"article","og_title":"Dictan privativa de libertad a 10 de los manifestantes en las protestas de Yaracuy","og_description":"Venezuela","og_url":"https:\/\/digital58.com.ve\/site\/2020\/09\/28\/dictan-privativa-de-libertad-a-10-de-los-manifestantes-en-las-protestas-de-yaracuy\/","og_site_name":"Noticias Digital58","article_published_time":"2020-09-28T15:54:16+00:00","article_modified_time":"2020-09-28T18:32:38+00:00","og_image":[{"width":800,"height":428,"url":"https:\/\/digital58.com.ve\/site\/wp-content\/uploads\/2020\/09\/protestas-yaracuy.jpg","type":"image\/jpeg"}],"author":"Molero Luis","twitter_card":"summary_large_image","twitter_creator":"@Digital_58","twitter_site":"@villasmilhfoto","twitter_misc":{"Escrito por":"Molero Luis","Tiempo estimado de lectura":"2 minutos"},"schema":{"@context":"https:\/\/schema.org","@graph":[{"@type":"Article","@id":"https:\/\/digital58.com.ve\/site\/2020\/09\/28\/dictan-privativa-de-libertad-a-10-de-los-manifestantes-en-las-protestas-de-yaracuy\/#article","isPartOf":{"@id":"https:\/\/digital58.com.ve\/site\/2020\/09\/28\/dictan-privativa-de-libertad-a-10-de-los-manifestantes-en-las-protestas-de-yaracuy\/"},"author":{"name":"Molero Luis","@id":"https:\/\/digital58.com.ve\/site\/#\/schema\/person\/c61667ce6845137620ee3f0aaabade17"},"headline":"Dictan privativa de libertad a 10 de los manifestantes en las protestas de Yaracuy","datePublished":"2020-09-28T15:54:16+00:00","dateModified":"2020-09-28T18:32:38+00:00","mainEntityOfPage":{"@id":"https:\/\/digital58.com.ve\/site\/2020\/09\/28\/dictan-privativa-de-libertad-a-10-de-los-manifestantes-en-las-protestas-de-yaracuy\/"},"wordCount":340,"commentCount":0,"publisher":{"@id":"https:\/\/digital58.com.ve\/site\/#\/schema\/person\/64d1c2e4d0d4fd1b849980c4331c2951"},"image":{"@id":"https:\/\/digital58.com.ve\/site\/2020\/09\/28\/dictan-privativa-de-libertad-a-10-de-los-manifestantes-en-las-protestas-de-yaracuy\/#primaryimage"},"thumbnailUrl":"https:\/\/digital58.com.ve\/site\/wp-content\/uploads\/2020\/09\/protestas-yaracuy.jpg","keywords":["Caracas","Estado Yaracuy","Gobierno Nacional","Manifestantes","Nacionales","Privativa de Libertad","Protestas","Venezuela"],"articleSection":["Venezuela"],"inLanguage":"es","potentialAction":[{"@type":"CommentAction","name":"Comment","target":["https:\/\/digital58.com.ve\/site\/2020\/09\/28\/dictan-privativa-de-libertad-a-10-de-los-manifestantes-en-las-protestas-de-yaracuy\/#respond"]}]},{"@type":"WebPage","@id":"https:\/\/digital58.com.ve\/site\/2020\/09\/28\/dictan-privativa-de-libertad-a-10-de-los-manifestantes-en-las-protestas-de-yaracuy\/","url":"https:\/\/digital58.com.ve\/site\/2020\/09\/28\/dictan-privativa-de-libertad-a-10-de-los-manifestantes-en-las-protestas-de-yaracuy\/","name":"Dictan privativa de libertad a 10 de los manifestantes en las protestas de Yaracuy","isPartOf":{"@id":"https:\/\/digital58.com.ve\/site\/#website"},"primaryImageOfPage":{"@id":"https:\/\/digital58.com.ve\/site\/2020\/09\/28\/dictan-privativa-de-libertad-a-10-de-los-manifestantes-en-las-protestas-de-yaracuy\/#primaryimage"},"image":{"@id":"https:\/\/digital58.com.ve\/site\/2020\/09\/28\/dictan-privativa-de-libertad-a-10-de-los-manifestantes-en-las-protestas-de-yaracuy\/#primaryimage"},"thumbnailUrl":"https:\/\/digital58.com.ve\/site\/wp-content\/uploads\/2020\/09\/protestas-yaracuy.jpg","datePublished":"2020-09-28T15:54:16+00:00","dateModified":"2020-09-28T18:32:38+00:00","description":"Venezuela","breadcrumb":{"@id":"https:\/\/digital58.com.ve\/site\/2020\/09\/28\/dictan-privativa-de-libertad-a-10-de-los-manifestantes-en-las-protestas-de-yaracuy\/#breadcrumb"},"inLanguage":"es","potentialAction":[{"@type":"ReadAction","target":["https:\/\/digital58.com.ve\/site\/2020\/09\/28\/dictan-privativa-de-libertad-a-10-de-los-manifestantes-en-las-protestas-de-yaracuy\/"]}]},{"@type":"ImageObject","inLanguage":"es","@id":"https:\/\/digital58.com.ve\/site\/2020\/09\/28\/dictan-privativa-de-libertad-a-10-de-los-manifestantes-en-las-protestas-de-yaracuy\/#primaryimage","url":"https:\/\/digital58.com.ve\/site\/wp-content\/uploads\/2020\/09\/protestas-yaracuy.jpg","contentUrl":"https:\/\/digital58.com.ve\/site\/wp-content\/uploads\/2020\/09\/protestas-yaracuy.jpg","width":800,"height":428},{"@type":"BreadcrumbList","@id":"https:\/\/digital58.com.ve\/site\/2020\/09\/28\/dictan-privativa-de-libertad-a-10-de-los-manifestantes-en-las-protestas-de-yaracuy\/#breadcrumb","itemListElement":[{"@type":"ListItem","position":1,"name":"Home","item":"https:\/\/digital58.com.ve\/site\/"},{"@type":"ListItem","position":2,"name":"Dictan privativa de libertad a 10 de los manifestantes en las protestas de Yaracuy"}]},{"@type":"WebSite","@id":"https:\/\/digital58.com.ve\/site\/#website","url":"https:\/\/digital58.com.ve\/site\/","name":"Noticias Digital58","description":"Portal de Noticias \u00a1Periodismo web de verdad! Lanzamiento web 22.11.2005 \/ Maracaibo, Venezuela","publisher":{"@id":"https:\/\/digital58.com.ve\/site\/#\/schema\/person\/64d1c2e4d0d4fd1b849980c4331c2951"},"alternateName":"ND58","potentialAction":[{"@type":"SearchAction","target":{"@type":"EntryPoint","urlTemplate":"https:\/\/digital58.com.ve\/site\/?s={search_term_string}"},"query-input":{"@type":"PropertyValueSpecification","valueRequired":true,"valueName":"search_term_string"}}],"inLanguage":"es"},{"@type":["Person","Organization"],"@id":"https:\/\/digital58.com.ve\/site\/#\/schema\/person\/64d1c2e4d0d4fd1b849980c4331c2951","name":"Villasmil Henry","image":{"@type":"ImageObject","inLanguage":"es","@id":"https:\/\/secure.gravatar.com\/avatar\/bb0c4a2fcb7970138239f7e404ea75757b1b507b28b5ce4c53fbd62d797c5a7c?s=96&d=mm&r=g","url":"https:\/\/secure.gravatar.com\/avatar\/bb0c4a2fcb7970138239f7e404ea75757b1b507b28b5ce4c53fbd62d797c5a7c?s=96&d=mm&r=g","contentUrl":"https:\/\/secure.gravatar.com\/avatar\/bb0c4a2fcb7970138239f7e404ea75757b1b507b28b5ce4c53fbd62d797c5a7c?s=96&d=mm&r=g","caption":"Villasmil Henry"},"logo":{"@id":"https:\/\/secure.gravatar.com\/avatar\/bb0c4a2fcb7970138239f7e404ea75757b1b507b28b5ce4c53fbd62d797c5a7c?s=96&d=mm&r=g"},"sameAs":["http:\/\/www.henryvillasmil.com.ve","https:\/\/www.instagram.com\/villasmilhfoto\/","https:\/\/x.com\/https:\/\/twitter.com\/villasmilhfoto"]},{"@type":"Person","@id":"https:\/\/digital58.com.ve\/site\/#\/schema\/person\/c61667ce6845137620ee3f0aaabade17","name":"Molero Luis","image":{"@type":"ImageObject","inLanguage":"es","@id":"https:\/\/secure.gravatar.com\/avatar\/bf041ec637e3e7405449807deb2f7cf3d2de7c6fa755dd56e985201de9863f2b?s=96&d=mm&r=g","url":"https:\/\/secure.gravatar.com\/avatar\/bf041ec637e3e7405449807deb2f7cf3d2de7c6fa755dd56e985201de9863f2b?s=96&d=mm&r=g","contentUrl":"https:\/\/secure.gravatar.com\/avatar\/bf041ec637e3e7405449807deb2f7cf3d2de7c6fa755dd56e985201de9863f2b?s=96&d=mm&r=g","caption":"Molero Luis"},"url":"https:\/\/digital58.com.ve\/site\/author\/luismolero\/"}]}},"uagb_featured_image_src":{"full":["https:\/\/digital58.com.ve\/site\/wp-content\/uploads\/2020\/09\/protestas-yaracuy.jpg",800,428,false],"thumbnail":["https:\/\/digital58.com.ve\/site\/wp-content\/uploads\/2020\/09\/protestas-yaracuy-150x150.jpg",150,150,true],"medium":["https:\/\/digital58.com.ve\/site\/wp-content\/uploads\/2020\/09\/protestas-yaracuy-300x161.jpg",300,161,true],"medium_large":["https:\/\/digital58.com.ve\/site\/wp-content\/uploads\/2020\/09\/protestas-yaracuy-768x411.jpg",768,411,true],"large":["https:\/\/digital58.com.ve\/site\/wp-content\/uploads\/2020\/09\/protestas-yaracuy.jpg",800,428,false],"1536x1536":["https:\/\/digital58.com.ve\/site\/wp-content\/uploads\/2020\/09\/protestas-yaracuy.jpg",800,428,false],"2048x2048":["https:\/\/digital58.com.ve\/site\/wp-content\/uploads\/2020\/09\/protestas-yaracuy.jpg",800,428,false],"colormag-highlighted-post":["https:\/\/digital58.com.ve\/site\/wp-content\/uploads\/2020\/09\/protestas-yaracuy.jpg",392,210,false],"colormag-featured-post-medium":["https:\/\/digital58.com.ve\/site\/wp-content\/uploads\/2020\/09\/protestas-yaracuy.jpg",383,205,false],"colormag-featured-post-small":["https:\/\/digital58.com.ve\/site\/wp-content\/uploads\/2020\/09\/protestas-yaracuy.jpg",130,70,false],"colormag-featured-image":["https:\/\/digital58.com.ve\/site\/wp-content\/uploads\/2020\/09\/protestas-yaracuy.jpg",800,428,false],"colormag-default-news":["https:\/\/digital58.com.ve\/site\/wp-content\/uploads\/2020\/09\/protestas-yaracuy.jpg",150,80,false],"colormag-featured-image-large":["https:\/\/digital58.com.ve\/site\/wp-content\/uploads\/2020\/09\/protestas-yaracuy.jpg",800,428,false]},"uagb_author_info":{"display_name":"Molero Luis","author_link":"https:\/\/digital58.com.ve\/site\/author\/luismolero\/"},"uagb_comment_info":0,"uagb_excerpt":"Foro Penal report\u00f3 que m\u00e1s de 30 personas resultaron detenidas por funcionarios de la polic\u00eda regional por las protestas registradas","_links":{"self":[{"href":"https:\/\/digital58.com.ve\/site\/wp-json\/wp\/v2\/posts\/129573","targetHints":{"allow":["GET"]}}],"collection":[{"href":"https:\/\/digital58.com.ve\/site\/wp-json\/wp\/v2\/posts"}],"about":[{"href":"https:\/\/digital58.com.ve\/site\/wp-json\/wp\/v2\/types\/post"}],"author":[{"embeddable":true,"href":"https:\/\/digital58.com.ve\/site\/wp-json\/wp\/v2\/users\/26"}],"replies":[{"embeddable":true,"href":"https:\/\/digital58.com.ve\/site\/wp-json\/wp\/v2\/comments?post=129573"}],"version-history":[{"count":0,"href":"https:\/\/digital58.com.ve\/site\/wp-json\/wp\/v2\/posts\/129573\/revisions"}],"wp:featuredmedia":[{"embeddable":true,"href":"https:\/\/digital58.com.ve\/site\/wp-json\/wp\/v2\/media\/129574"}],"wp:attachment":[{"href":"https:\/\/digital58.com.ve\/site\/wp-json\/wp\/v2\/media?parent=129573"}],"wp:term":[{"taxonomy":"category","embeddable":true,"href":"https:\/\/digital58.com.ve\/site\/wp-json\/wp\/v2\/categories?post=129573"},{"taxonomy":"post_tag","embeddable":true,"href":"https:\/\/digital58.com.ve\/site\/wp-json\/wp\/v2\/tags?post=129573"}],"curies":[{"name":"wp","href":"https:\/\/api.w.org\/{rel}","templated":true}]}}