{"id":129737,"date":"2020-09-29T13:57:39","date_gmt":"2020-09-29T17:57:39","guid":{"rendered":"https:\/\/digital58.com.ve\/site\/?p=129737"},"modified":"2020-09-29T13:57:39","modified_gmt":"2020-09-29T17:57:39","slug":"gobierno-nacional-no-cede-ante-peticion-de-la-comision-europea-enviada-por-josep-borrell-de-aplazar-elecciones-del-6d","status":"publish","type":"post","link":"https:\/\/digital58.com.ve\/site\/2020\/09\/29\/gobierno-nacional-no-cede-ante-peticion-de-la-comision-europea-enviada-por-josep-borrell-de-aplazar-elecciones-del-6d\/","title":{"rendered":"Gobierno nacional no cede ante petici\u00f3n de la comisi\u00f3n europea enviada por Josep Borrell de aplazar elecciones del 6D"},"content":{"rendered":"<p><img loading=\"lazy\" decoding=\"async\" class=\"size-full wp-image-129738 aligncenter\" src=\"https:\/\/digital58.com.ve\/site\/wp-content\/uploads\/2020\/09\/16010630693718.jpg\" alt=\"\" width=\"746\" height=\"497\" srcset=\"https:\/\/digital58.com.ve\/site\/wp-content\/uploads\/2020\/09\/16010630693718.jpg 746w, https:\/\/digital58.com.ve\/site\/wp-content\/uploads\/2020\/09\/16010630693718-300x200.jpg 300w, https:\/\/digital58.com.ve\/site\/wp-content\/uploads\/2020\/09\/16010630693718-720x480.jpg 720w, https:\/\/digital58.com.ve\/site\/wp-content\/uploads\/2020\/09\/16010630693718-480x320.jpg 480w\" sizes=\"auto, (max-width: 746px) 100vw, 746px\" \/><\/p>\n<p>Durante las conversaciones, los delegados europeos escucharon los planteamientos del actual l\u00edder de la oposici\u00f3n, quien se\u00f1al\u00f3 los obst\u00e1culos que ha impuesto el gobierno \u00a0de Maduro para construir lo que habr\u00eda calificado de pantomima electoral. Se insisti\u00f3, de acuerdo con Tal Cual, que el escenario ideal ser\u00eda el de unas presidenciales.<\/p>\n<p><strong>Caracas, DC, Venezuela, 29 de septiembre de 2020 (ND58).-<\/strong>\u00a0El gobierno de Nicol\u00e1s Maduro ratific\u00f3 \u00a0en que la contienda fijada para el 6 de diciembre responde a un mandato constitucional. Los representantes europeos conversaron con Juan Guaid\u00f3, Henrique Capriles y miembros de los partidos minoritarios de la oposici\u00f3n<\/p>\n<p>En las reuniones en Caracas entre representantes europeos enviados por Josep Borrell, alto representante de Pol\u00edtica Exterior de la Uni\u00f3n Europea, y el gobierno \u00a0de Nicol\u00e1s Maduro no se concret\u00f3 el aplazamiento de las elecciones parlamentarias, fijadas para el 6 de diciembre, seg\u00fan informaron fuentes al diario Tal Cual.<\/p>\n<p>Durante los encuentros, que estuvieron encabezados por Jorge y Delcy Rodr\u00edguez, el gobierno nacional \u00a0resalt\u00f3 que la contienda se desarrollar\u00e1 en la fecha prevista porque, se\u00f1al\u00f3 el medio, responde a un mandato constitucional, aunque habr\u00edan mostrado la posibilidad de evaluar los escenarios.<\/p>\n<p>Enrique Mora, director pol\u00edtico y vicesecretario general para Asuntos Pol\u00edticos, y Javier Ni\u00f1o P\u00e9rez, director de Am\u00e9rica del Servicio Europeo de Acci\u00f3n Exterior de la UE, tambi\u00e9n se reunieron con Juan Guaid\u00f3, reconocido por decenas de pa\u00edses como presidente encargado de la Rep\u00fablica.<\/p>\n<p>Durante las conversaciones, los delegados europeos escucharon los planteamientos del actual l\u00edder de la oposici\u00f3n, quien se\u00f1al\u00f3 los obst\u00e1culos que ha impuesto el gobierno \u00a0de Maduro para construir lo que habr\u00eda calificado de pantomima electoral. Se insisti\u00f3, de acuerdo con Tal Cual, que el escenario ideal ser\u00eda el de unas presidenciales.<\/p>\n<p>Ni\u00f1o y Mora tambi\u00e9n se reunieron con el dirigente Henrique Capriles Radonski, con los miembros de los partidos minoritarios de la oposici\u00f3n y tambi\u00e9n con el cardenal Baltazar Porras, administrador apost\u00f3lico de Caracas y arzobispo de M\u00e9rida.<\/p>\n<p>M\u00e1s de 200 personalidades de Iberoam\u00e9rica enviaron este martes una comunicaci\u00f3n dirigida a la presidente de la Comisi\u00f3n Europea, \u00darsula von der Leyen; al presidente del Consejo Europeo, Charles Michel, y a los 27 ministros de Relaciones Exteriores agrupados en la Uni\u00f3n Europea en rechazo a las iniciativas de Borrell en acuerdo con el gobierno de Espa\u00f1a.<\/p>\n<p>La misiva, firmada por personalidades pol\u00edticas como el presidente del partido espa\u00f1ol Vox, Santiago Abascal; el presidente del Partido Popular espa\u00f1ol, Pablo Casado; el acad\u00e9mico Mario Vargas Llosa; la defensora de los derechos humanos Tamara Suj\u00fa, entre otros, denuncia las incongruencias de las acciones promovidas por el alto representante europeo para buscar condiciones m\u00ednimas para avalar con la observaci\u00f3n de la Uni\u00f3n Europea en las elecciones convocadas para el 6 de diciembre en Venezuela.<\/p><div class=\"vrbcp69f0baf8960cb\" ><p style=\"text-align: center;\"><a href=\"https:\/\/t.me\/noticiasdigital58\" target=\"_blank\" rel=\"noopener\"><img class=\"aligncenter size-full wp-image-125363\" src=\"https:\/\/digital58.com.ve\/site\/wp-content\/uploads\/2021\/04\/banner-telegram-web-2021.png\" alt=\"\" width=\"600\" height=\"90\" \/><\/a><\/p><\/div><style type=\"text\/css\">\r\n@media screen and (min-width: 1201px) {\r\n.vrbcp69f0baf8960cb {\r\ndisplay: block;\r\n}\r\n}\r\n@media screen and (min-width: 993px) and (max-width: 1200px) {\r\n.vrbcp69f0baf8960cb {\r\ndisplay: block;\r\n}\r\n}\r\n@media screen and (min-width: 769px) and (max-width: 992px) {\r\n.vrbcp69f0baf8960cb {\r\ndisplay: block;\r\n}\r\n}\r\n@media screen and (min-width: 768px) and (max-width: 768px) {\r\n.vrbcp69f0baf8960cb {\r\ndisplay: block;\r\n}\r\n}\r\n@media screen and (max-width: 767px) {\r\n.vrbcp69f0baf8960cb {\r\ndisplay: block;\r\n}\r\n}\r\n<\/style>\r\n\n<p><strong>Re<\/strong><b>dacci\u00f3n: Molero, Luis\u00a0 (@Moleromarquez) | Fuente: El Nacional<\/b><br \/>\n<b>Edici\u00f3n: Villasmil, Henry<\/b><br \/>\n<b>Gr\u00e1ficas: Cortes\u00eda<\/b><\/p>\n<div style=\"margin-top: 0px; margin-bottom: 0px;\" class=\"sharethis-inline-share-buttons\" ><\/div>","protected":false},"excerpt":{"rendered":"<p>Durante las conversaciones, los delegados europeos escucharon los planteamientos del actual l\u00edder de la oposici\u00f3n, quien se\u00f1al\u00f3 los obst\u00e1culos que<\/p>\n","protected":false},"author":26,"featured_media":129738,"comment_status":"open","ping_status":"closed","sticky":false,"template":"","format":"standard","meta":{"colormag_page_container_layout":"default_layout","colormag_page_sidebar_layout":"default_layout","_uag_custom_page_level_css":"","footnotes":""},"categories":[8610],"tags":[16753,29,16503,2730,16860,11949,233,2724,32],"class_list":["post-129737","post","type-post","status-publish","format-standard","has-post-thumbnail","hentry","category-politica","tag-6d","tag-caracas","tag-elecciones-parlamentarias-2020","tag-henrique-capriles","tag-josep-borrell","tag-juan-guaido","tag-nacionales","tag-nicolas-maduro","tag-venezuela"],"yoast_head":"<!-- This site is optimized with the Yoast SEO plugin v27.5 - https:\/\/yoast.com\/product\/yoast-seo-wordpress\/ -->\n<title>Gobierno nacional no cede ante petici\u00f3n de la comisi\u00f3n europea enviada por Josep Borrell de aplazar elecciones del 6D<\/title>\n<meta name=\"description\" content=\"Pol\u00edtica\" \/>\n<meta name=\"robots\" content=\"index, follow, max-snippet:-1, max-image-preview:large, max-video-preview:-1\" \/>\n<link rel=\"canonical\" href=\"https:\/\/digital58.com.ve\/site\/2020\/09\/29\/gobierno-nacional-no-cede-ante-peticion-de-la-comision-europea-enviada-por-josep-borrell-de-aplazar-elecciones-del-6d\/\" \/>\n<meta property=\"og:locale\" content=\"es_ES\" \/>\n<meta property=\"og:type\" content=\"article\" \/>\n<meta property=\"og:title\" content=\"Gobierno nacional no cede ante petici\u00f3n de la comisi\u00f3n europea enviada por Josep Borrell de aplazar elecciones del 6D\" \/>\n<meta property=\"og:description\" content=\"Pol\u00edtica\" \/>\n<meta property=\"og:url\" content=\"https:\/\/digital58.com.ve\/site\/2020\/09\/29\/gobierno-nacional-no-cede-ante-peticion-de-la-comision-europea-enviada-por-josep-borrell-de-aplazar-elecciones-del-6d\/\" \/>\n<meta property=\"og:site_name\" content=\"Noticias Digital58\" \/>\n<meta property=\"article:published_time\" content=\"2020-09-29T17:57:39+00:00\" \/>\n<meta property=\"og:image\" content=\"https:\/\/digital58.com.ve\/site\/wp-content\/uploads\/2020\/09\/16010630693718.jpg\" \/>\n\t<meta property=\"og:image:width\" content=\"746\" \/>\n\t<meta property=\"og:image:height\" content=\"497\" \/>\n\t<meta property=\"og:image:type\" content=\"image\/jpeg\" \/>\n<meta name=\"author\" content=\"Molero Luis\" \/>\n<meta name=\"twitter:card\" content=\"summary_large_image\" \/>\n<meta name=\"twitter:creator\" content=\"@Digital_58\" \/>\n<meta name=\"twitter:site\" content=\"@villasmilhfoto\" \/>\n<meta name=\"twitter:label1\" content=\"Escrito por\" \/>\n\t<meta name=\"twitter:data1\" content=\"Molero Luis\" \/>\n\t<meta name=\"twitter:label2\" content=\"Tiempo estimado de lectura\" \/>\n\t<meta name=\"twitter:data2\" content=\"3 minutos\" \/>\n<script type=\"application\/ld+json\" class=\"yoast-schema-graph\">{\"@context\":\"https:\\\/\\\/schema.org\",\"@graph\":[{\"@type\":\"Article\",\"@id\":\"https:\\\/\\\/digital58.com.ve\\\/site\\\/2020\\\/09\\\/29\\\/gobierno-nacional-no-cede-ante-peticion-de-la-comision-europea-enviada-por-josep-borrell-de-aplazar-elecciones-del-6d\\\/#article\",\"isPartOf\":{\"@id\":\"https:\\\/\\\/digital58.com.ve\\\/site\\\/2020\\\/09\\\/29\\\/gobierno-nacional-no-cede-ante-peticion-de-la-comision-europea-enviada-por-josep-borrell-de-aplazar-elecciones-del-6d\\\/\"},\"author\":{\"name\":\"Molero Luis\",\"@id\":\"https:\\\/\\\/digital58.com.ve\\\/site\\\/#\\\/schema\\\/person\\\/c61667ce6845137620ee3f0aaabade17\"},\"headline\":\"Gobierno nacional no cede ante petici\u00f3n de la comisi\u00f3n europea enviada por Josep Borrell de aplazar elecciones del 6D\",\"datePublished\":\"2020-09-29T17:57:39+00:00\",\"mainEntityOfPage\":{\"@id\":\"https:\\\/\\\/digital58.com.ve\\\/site\\\/2020\\\/09\\\/29\\\/gobierno-nacional-no-cede-ante-peticion-de-la-comision-europea-enviada-por-josep-borrell-de-aplazar-elecciones-del-6d\\\/\"},\"wordCount\":533,\"commentCount\":0,\"publisher\":{\"@id\":\"https:\\\/\\\/digital58.com.ve\\\/site\\\/#\\\/schema\\\/person\\\/64d1c2e4d0d4fd1b849980c4331c2951\"},\"image\":{\"@id\":\"https:\\\/\\\/digital58.com.ve\\\/site\\\/2020\\\/09\\\/29\\\/gobierno-nacional-no-cede-ante-peticion-de-la-comision-europea-enviada-por-josep-borrell-de-aplazar-elecciones-del-6d\\\/#primaryimage\"},\"thumbnailUrl\":\"https:\\\/\\\/digital58.com.ve\\\/site\\\/wp-content\\\/uploads\\\/2020\\\/09\\\/16010630693718.jpg\",\"keywords\":[\"6D\",\"Caracas\",\"Elecciones Parlamentarias 2020\",\"Henrique Capriles\",\"Josep Borrell\",\"Juan Guaid\u00f3\",\"Nacionales\",\"Nicol\u00e1s Maduro\",\"Venezuela\"],\"articleSection\":[\"Pol\u00edtica\"],\"inLanguage\":\"es\",\"potentialAction\":[{\"@type\":\"CommentAction\",\"name\":\"Comment\",\"target\":[\"https:\\\/\\\/digital58.com.ve\\\/site\\\/2020\\\/09\\\/29\\\/gobierno-nacional-no-cede-ante-peticion-de-la-comision-europea-enviada-por-josep-borrell-de-aplazar-elecciones-del-6d\\\/#respond\"]}]},{\"@type\":\"WebPage\",\"@id\":\"https:\\\/\\\/digital58.com.ve\\\/site\\\/2020\\\/09\\\/29\\\/gobierno-nacional-no-cede-ante-peticion-de-la-comision-europea-enviada-por-josep-borrell-de-aplazar-elecciones-del-6d\\\/\",\"url\":\"https:\\\/\\\/digital58.com.ve\\\/site\\\/2020\\\/09\\\/29\\\/gobierno-nacional-no-cede-ante-peticion-de-la-comision-europea-enviada-por-josep-borrell-de-aplazar-elecciones-del-6d\\\/\",\"name\":\"Gobierno nacional no cede ante petici\u00f3n de la comisi\u00f3n europea enviada por Josep Borrell de aplazar elecciones del 6D\",\"isPartOf\":{\"@id\":\"https:\\\/\\\/digital58.com.ve\\\/site\\\/#website\"},\"primaryImageOfPage\":{\"@id\":\"https:\\\/\\\/digital58.com.ve\\\/site\\\/2020\\\/09\\\/29\\\/gobierno-nacional-no-cede-ante-peticion-de-la-comision-europea-enviada-por-josep-borrell-de-aplazar-elecciones-del-6d\\\/#primaryimage\"},\"image\":{\"@id\":\"https:\\\/\\\/digital58.com.ve\\\/site\\\/2020\\\/09\\\/29\\\/gobierno-nacional-no-cede-ante-peticion-de-la-comision-europea-enviada-por-josep-borrell-de-aplazar-elecciones-del-6d\\\/#primaryimage\"},\"thumbnailUrl\":\"https:\\\/\\\/digital58.com.ve\\\/site\\\/wp-content\\\/uploads\\\/2020\\\/09\\\/16010630693718.jpg\",\"datePublished\":\"2020-09-29T17:57:39+00:00\",\"description\":\"Pol\u00edtica\",\"breadcrumb\":{\"@id\":\"https:\\\/\\\/digital58.com.ve\\\/site\\\/2020\\\/09\\\/29\\\/gobierno-nacional-no-cede-ante-peticion-de-la-comision-europea-enviada-por-josep-borrell-de-aplazar-elecciones-del-6d\\\/#breadcrumb\"},\"inLanguage\":\"es\",\"potentialAction\":[{\"@type\":\"ReadAction\",\"target\":[\"https:\\\/\\\/digital58.com.ve\\\/site\\\/2020\\\/09\\\/29\\\/gobierno-nacional-no-cede-ante-peticion-de-la-comision-europea-enviada-por-josep-borrell-de-aplazar-elecciones-del-6d\\\/\"]}]},{\"@type\":\"ImageObject\",\"inLanguage\":\"es\",\"@id\":\"https:\\\/\\\/digital58.com.ve\\\/site\\\/2020\\\/09\\\/29\\\/gobierno-nacional-no-cede-ante-peticion-de-la-comision-europea-enviada-por-josep-borrell-de-aplazar-elecciones-del-6d\\\/#primaryimage\",\"url\":\"https:\\\/\\\/digital58.com.ve\\\/site\\\/wp-content\\\/uploads\\\/2020\\\/09\\\/16010630693718.jpg\",\"contentUrl\":\"https:\\\/\\\/digital58.com.ve\\\/site\\\/wp-content\\\/uploads\\\/2020\\\/09\\\/16010630693718.jpg\",\"width\":746,\"height\":497},{\"@type\":\"BreadcrumbList\",\"@id\":\"https:\\\/\\\/digital58.com.ve\\\/site\\\/2020\\\/09\\\/29\\\/gobierno-nacional-no-cede-ante-peticion-de-la-comision-europea-enviada-por-josep-borrell-de-aplazar-elecciones-del-6d\\\/#breadcrumb\",\"itemListElement\":[{\"@type\":\"ListItem\",\"position\":1,\"name\":\"Home\",\"item\":\"https:\\\/\\\/digital58.com.ve\\\/site\\\/\"},{\"@type\":\"ListItem\",\"position\":2,\"name\":\"Gobierno nacional no cede ante petici\u00f3n de la comisi\u00f3n europea enviada por Josep Borrell de aplazar elecciones del 6D\"}]},{\"@type\":\"WebSite\",\"@id\":\"https:\\\/\\\/digital58.com.ve\\\/site\\\/#website\",\"url\":\"https:\\\/\\\/digital58.com.ve\\\/site\\\/\",\"name\":\"Noticias Digital58\",\"description\":\"Portal de Noticias \u00a1Periodismo web de verdad! Lanzamiento web 22.11.2005 \\\/ Maracaibo, Venezuela\",\"publisher\":{\"@id\":\"https:\\\/\\\/digital58.com.ve\\\/site\\\/#\\\/schema\\\/person\\\/64d1c2e4d0d4fd1b849980c4331c2951\"},\"alternateName\":\"ND58\",\"potentialAction\":[{\"@type\":\"SearchAction\",\"target\":{\"@type\":\"EntryPoint\",\"urlTemplate\":\"https:\\\/\\\/digital58.com.ve\\\/site\\\/?s={search_term_string}\"},\"query-input\":{\"@type\":\"PropertyValueSpecification\",\"valueRequired\":true,\"valueName\":\"search_term_string\"}}],\"inLanguage\":\"es\"},{\"@type\":[\"Person\",\"Organization\"],\"@id\":\"https:\\\/\\\/digital58.com.ve\\\/site\\\/#\\\/schema\\\/person\\\/64d1c2e4d0d4fd1b849980c4331c2951\",\"name\":\"Villasmil Henry\",\"image\":{\"@type\":\"ImageObject\",\"inLanguage\":\"es\",\"@id\":\"https:\\\/\\\/secure.gravatar.com\\\/avatar\\\/bb0c4a2fcb7970138239f7e404ea75757b1b507b28b5ce4c53fbd62d797c5a7c?s=96&d=mm&r=g\",\"url\":\"https:\\\/\\\/secure.gravatar.com\\\/avatar\\\/bb0c4a2fcb7970138239f7e404ea75757b1b507b28b5ce4c53fbd62d797c5a7c?s=96&d=mm&r=g\",\"contentUrl\":\"https:\\\/\\\/secure.gravatar.com\\\/avatar\\\/bb0c4a2fcb7970138239f7e404ea75757b1b507b28b5ce4c53fbd62d797c5a7c?s=96&d=mm&r=g\",\"caption\":\"Villasmil Henry\"},\"logo\":{\"@id\":\"https:\\\/\\\/secure.gravatar.com\\\/avatar\\\/bb0c4a2fcb7970138239f7e404ea75757b1b507b28b5ce4c53fbd62d797c5a7c?s=96&d=mm&r=g\"},\"sameAs\":[\"http:\\\/\\\/www.henryvillasmil.com.ve\",\"https:\\\/\\\/www.instagram.com\\\/villasmilhfoto\\\/\",\"https:\\\/\\\/x.com\\\/https:\\\/\\\/twitter.com\\\/villasmilhfoto\"]},{\"@type\":\"Person\",\"@id\":\"https:\\\/\\\/digital58.com.ve\\\/site\\\/#\\\/schema\\\/person\\\/c61667ce6845137620ee3f0aaabade17\",\"name\":\"Molero Luis\",\"image\":{\"@type\":\"ImageObject\",\"inLanguage\":\"es\",\"@id\":\"https:\\\/\\\/secure.gravatar.com\\\/avatar\\\/bf041ec637e3e7405449807deb2f7cf3d2de7c6fa755dd56e985201de9863f2b?s=96&d=mm&r=g\",\"url\":\"https:\\\/\\\/secure.gravatar.com\\\/avatar\\\/bf041ec637e3e7405449807deb2f7cf3d2de7c6fa755dd56e985201de9863f2b?s=96&d=mm&r=g\",\"contentUrl\":\"https:\\\/\\\/secure.gravatar.com\\\/avatar\\\/bf041ec637e3e7405449807deb2f7cf3d2de7c6fa755dd56e985201de9863f2b?s=96&d=mm&r=g\",\"caption\":\"Molero Luis\"},\"url\":\"https:\\\/\\\/digital58.com.ve\\\/site\\\/author\\\/luismolero\\\/\"}]}<\/script>\n<!-- \/ Yoast SEO plugin. -->","yoast_head_json":{"title":"Gobierno nacional no cede ante petici\u00f3n de la comisi\u00f3n europea enviada por Josep Borrell de aplazar elecciones del 6D","description":"Pol\u00edtica","robots":{"index":"index","follow":"follow","max-snippet":"max-snippet:-1","max-image-preview":"max-image-preview:large","max-video-preview":"max-video-preview:-1"},"canonical":"https:\/\/digital58.com.ve\/site\/2020\/09\/29\/gobierno-nacional-no-cede-ante-peticion-de-la-comision-europea-enviada-por-josep-borrell-de-aplazar-elecciones-del-6d\/","og_locale":"es_ES","og_type":"article","og_title":"Gobierno nacional no cede ante petici\u00f3n de la comisi\u00f3n europea enviada por Josep Borrell de aplazar elecciones del 6D","og_description":"Pol\u00edtica","og_url":"https:\/\/digital58.com.ve\/site\/2020\/09\/29\/gobierno-nacional-no-cede-ante-peticion-de-la-comision-europea-enviada-por-josep-borrell-de-aplazar-elecciones-del-6d\/","og_site_name":"Noticias Digital58","article_published_time":"2020-09-29T17:57:39+00:00","og_image":[{"width":746,"height":497,"url":"https:\/\/digital58.com.ve\/site\/wp-content\/uploads\/2020\/09\/16010630693718.jpg","type":"image\/jpeg"}],"author":"Molero Luis","twitter_card":"summary_large_image","twitter_creator":"@Digital_58","twitter_site":"@villasmilhfoto","twitter_misc":{"Escrito por":"Molero Luis","Tiempo estimado de lectura":"3 minutos"},"schema":{"@context":"https:\/\/schema.org","@graph":[{"@type":"Article","@id":"https:\/\/digital58.com.ve\/site\/2020\/09\/29\/gobierno-nacional-no-cede-ante-peticion-de-la-comision-europea-enviada-por-josep-borrell-de-aplazar-elecciones-del-6d\/#article","isPartOf":{"@id":"https:\/\/digital58.com.ve\/site\/2020\/09\/29\/gobierno-nacional-no-cede-ante-peticion-de-la-comision-europea-enviada-por-josep-borrell-de-aplazar-elecciones-del-6d\/"},"author":{"name":"Molero Luis","@id":"https:\/\/digital58.com.ve\/site\/#\/schema\/person\/c61667ce6845137620ee3f0aaabade17"},"headline":"Gobierno nacional no cede ante petici\u00f3n de la comisi\u00f3n europea enviada por Josep Borrell de aplazar elecciones del 6D","datePublished":"2020-09-29T17:57:39+00:00","mainEntityOfPage":{"@id":"https:\/\/digital58.com.ve\/site\/2020\/09\/29\/gobierno-nacional-no-cede-ante-peticion-de-la-comision-europea-enviada-por-josep-borrell-de-aplazar-elecciones-del-6d\/"},"wordCount":533,"commentCount":0,"publisher":{"@id":"https:\/\/digital58.com.ve\/site\/#\/schema\/person\/64d1c2e4d0d4fd1b849980c4331c2951"},"image":{"@id":"https:\/\/digital58.com.ve\/site\/2020\/09\/29\/gobierno-nacional-no-cede-ante-peticion-de-la-comision-europea-enviada-por-josep-borrell-de-aplazar-elecciones-del-6d\/#primaryimage"},"thumbnailUrl":"https:\/\/digital58.com.ve\/site\/wp-content\/uploads\/2020\/09\/16010630693718.jpg","keywords":["6D","Caracas","Elecciones Parlamentarias 2020","Henrique Capriles","Josep Borrell","Juan Guaid\u00f3","Nacionales","Nicol\u00e1s Maduro","Venezuela"],"articleSection":["Pol\u00edtica"],"inLanguage":"es","potentialAction":[{"@type":"CommentAction","name":"Comment","target":["https:\/\/digital58.com.ve\/site\/2020\/09\/29\/gobierno-nacional-no-cede-ante-peticion-de-la-comision-europea-enviada-por-josep-borrell-de-aplazar-elecciones-del-6d\/#respond"]}]},{"@type":"WebPage","@id":"https:\/\/digital58.com.ve\/site\/2020\/09\/29\/gobierno-nacional-no-cede-ante-peticion-de-la-comision-europea-enviada-por-josep-borrell-de-aplazar-elecciones-del-6d\/","url":"https:\/\/digital58.com.ve\/site\/2020\/09\/29\/gobierno-nacional-no-cede-ante-peticion-de-la-comision-europea-enviada-por-josep-borrell-de-aplazar-elecciones-del-6d\/","name":"Gobierno nacional no cede ante petici\u00f3n de la comisi\u00f3n europea enviada por Josep Borrell de aplazar elecciones del 6D","isPartOf":{"@id":"https:\/\/digital58.com.ve\/site\/#website"},"primaryImageOfPage":{"@id":"https:\/\/digital58.com.ve\/site\/2020\/09\/29\/gobierno-nacional-no-cede-ante-peticion-de-la-comision-europea-enviada-por-josep-borrell-de-aplazar-elecciones-del-6d\/#primaryimage"},"image":{"@id":"https:\/\/digital58.com.ve\/site\/2020\/09\/29\/gobierno-nacional-no-cede-ante-peticion-de-la-comision-europea-enviada-por-josep-borrell-de-aplazar-elecciones-del-6d\/#primaryimage"},"thumbnailUrl":"https:\/\/digital58.com.ve\/site\/wp-content\/uploads\/2020\/09\/16010630693718.jpg","datePublished":"2020-09-29T17:57:39+00:00","description":"Pol\u00edtica","breadcrumb":{"@id":"https:\/\/digital58.com.ve\/site\/2020\/09\/29\/gobierno-nacional-no-cede-ante-peticion-de-la-comision-europea-enviada-por-josep-borrell-de-aplazar-elecciones-del-6d\/#breadcrumb"},"inLanguage":"es","potentialAction":[{"@type":"ReadAction","target":["https:\/\/digital58.com.ve\/site\/2020\/09\/29\/gobierno-nacional-no-cede-ante-peticion-de-la-comision-europea-enviada-por-josep-borrell-de-aplazar-elecciones-del-6d\/"]}]},{"@type":"ImageObject","inLanguage":"es","@id":"https:\/\/digital58.com.ve\/site\/2020\/09\/29\/gobierno-nacional-no-cede-ante-peticion-de-la-comision-europea-enviada-por-josep-borrell-de-aplazar-elecciones-del-6d\/#primaryimage","url":"https:\/\/digital58.com.ve\/site\/wp-content\/uploads\/2020\/09\/16010630693718.jpg","contentUrl":"https:\/\/digital58.com.ve\/site\/wp-content\/uploads\/2020\/09\/16010630693718.jpg","width":746,"height":497},{"@type":"BreadcrumbList","@id":"https:\/\/digital58.com.ve\/site\/2020\/09\/29\/gobierno-nacional-no-cede-ante-peticion-de-la-comision-europea-enviada-por-josep-borrell-de-aplazar-elecciones-del-6d\/#breadcrumb","itemListElement":[{"@type":"ListItem","position":1,"name":"Home","item":"https:\/\/digital58.com.ve\/site\/"},{"@type":"ListItem","position":2,"name":"Gobierno nacional no cede ante petici\u00f3n de la comisi\u00f3n europea enviada por Josep Borrell de aplazar elecciones del 6D"}]},{"@type":"WebSite","@id":"https:\/\/digital58.com.ve\/site\/#website","url":"https:\/\/digital58.com.ve\/site\/","name":"Noticias Digital58","description":"Portal de Noticias \u00a1Periodismo web de verdad! Lanzamiento web 22.11.2005 \/ Maracaibo, Venezuela","publisher":{"@id":"https:\/\/digital58.com.ve\/site\/#\/schema\/person\/64d1c2e4d0d4fd1b849980c4331c2951"},"alternateName":"ND58","potentialAction":[{"@type":"SearchAction","target":{"@type":"EntryPoint","urlTemplate":"https:\/\/digital58.com.ve\/site\/?s={search_term_string}"},"query-input":{"@type":"PropertyValueSpecification","valueRequired":true,"valueName":"search_term_string"}}],"inLanguage":"es"},{"@type":["Person","Organization"],"@id":"https:\/\/digital58.com.ve\/site\/#\/schema\/person\/64d1c2e4d0d4fd1b849980c4331c2951","name":"Villasmil Henry","image":{"@type":"ImageObject","inLanguage":"es","@id":"https:\/\/secure.gravatar.com\/avatar\/bb0c4a2fcb7970138239f7e404ea75757b1b507b28b5ce4c53fbd62d797c5a7c?s=96&d=mm&r=g","url":"https:\/\/secure.gravatar.com\/avatar\/bb0c4a2fcb7970138239f7e404ea75757b1b507b28b5ce4c53fbd62d797c5a7c?s=96&d=mm&r=g","contentUrl":"https:\/\/secure.gravatar.com\/avatar\/bb0c4a2fcb7970138239f7e404ea75757b1b507b28b5ce4c53fbd62d797c5a7c?s=96&d=mm&r=g","caption":"Villasmil Henry"},"logo":{"@id":"https:\/\/secure.gravatar.com\/avatar\/bb0c4a2fcb7970138239f7e404ea75757b1b507b28b5ce4c53fbd62d797c5a7c?s=96&d=mm&r=g"},"sameAs":["http:\/\/www.henryvillasmil.com.ve","https:\/\/www.instagram.com\/villasmilhfoto\/","https:\/\/x.com\/https:\/\/twitter.com\/villasmilhfoto"]},{"@type":"Person","@id":"https:\/\/digital58.com.ve\/site\/#\/schema\/person\/c61667ce6845137620ee3f0aaabade17","name":"Molero Luis","image":{"@type":"ImageObject","inLanguage":"es","@id":"https:\/\/secure.gravatar.com\/avatar\/bf041ec637e3e7405449807deb2f7cf3d2de7c6fa755dd56e985201de9863f2b?s=96&d=mm&r=g","url":"https:\/\/secure.gravatar.com\/avatar\/bf041ec637e3e7405449807deb2f7cf3d2de7c6fa755dd56e985201de9863f2b?s=96&d=mm&r=g","contentUrl":"https:\/\/secure.gravatar.com\/avatar\/bf041ec637e3e7405449807deb2f7cf3d2de7c6fa755dd56e985201de9863f2b?s=96&d=mm&r=g","caption":"Molero Luis"},"url":"https:\/\/digital58.com.ve\/site\/author\/luismolero\/"}]}},"uagb_featured_image_src":{"full":["https:\/\/digital58.com.ve\/site\/wp-content\/uploads\/2020\/09\/16010630693718.jpg",746,497,false],"thumbnail":["https:\/\/digital58.com.ve\/site\/wp-content\/uploads\/2020\/09\/16010630693718-150x150.jpg",150,150,true],"medium":["https:\/\/digital58.com.ve\/site\/wp-content\/uploads\/2020\/09\/16010630693718-300x200.jpg",300,200,true],"medium_large":["https:\/\/digital58.com.ve\/site\/wp-content\/uploads\/2020\/09\/16010630693718.jpg",746,497,false],"large":["https:\/\/digital58.com.ve\/site\/wp-content\/uploads\/2020\/09\/16010630693718.jpg",746,497,false],"1536x1536":["https:\/\/digital58.com.ve\/site\/wp-content\/uploads\/2020\/09\/16010630693718.jpg",746,497,false],"2048x2048":["https:\/\/digital58.com.ve\/site\/wp-content\/uploads\/2020\/09\/16010630693718.jpg",746,497,false],"colormag-highlighted-post":["https:\/\/digital58.com.ve\/site\/wp-content\/uploads\/2020\/09\/16010630693718.jpg",392,261,false],"colormag-featured-post-medium":["https:\/\/digital58.com.ve\/site\/wp-content\/uploads\/2020\/09\/16010630693718.jpg",308,205,false],"colormag-featured-post-small":["https:\/\/digital58.com.ve\/site\/wp-content\/uploads\/2020\/09\/16010630693718.jpg",130,87,false],"colormag-featured-image":["https:\/\/digital58.com.ve\/site\/wp-content\/uploads\/2020\/09\/16010630693718.jpg",668,445,false],"colormag-default-news":["https:\/\/digital58.com.ve\/site\/wp-content\/uploads\/2020\/09\/16010630693718.jpg",150,100,false],"colormag-featured-image-large":["https:\/\/digital58.com.ve\/site\/wp-content\/uploads\/2020\/09\/16010630693718.jpg",746,497,false]},"uagb_author_info":{"display_name":"Molero Luis","author_link":"https:\/\/digital58.com.ve\/site\/author\/luismolero\/"},"uagb_comment_info":0,"uagb_excerpt":"Durante las conversaciones, los delegados europeos escucharon los planteamientos del actual l\u00edder de la oposici\u00f3n, quien se\u00f1al\u00f3 los obst\u00e1culos que","_links":{"self":[{"href":"https:\/\/digital58.com.ve\/site\/wp-json\/wp\/v2\/posts\/129737","targetHints":{"allow":["GET"]}}],"collection":[{"href":"https:\/\/digital58.com.ve\/site\/wp-json\/wp\/v2\/posts"}],"about":[{"href":"https:\/\/digital58.com.ve\/site\/wp-json\/wp\/v2\/types\/post"}],"author":[{"embeddable":true,"href":"https:\/\/digital58.com.ve\/site\/wp-json\/wp\/v2\/users\/26"}],"replies":[{"embeddable":true,"href":"https:\/\/digital58.com.ve\/site\/wp-json\/wp\/v2\/comments?post=129737"}],"version-history":[{"count":0,"href":"https:\/\/digital58.com.ve\/site\/wp-json\/wp\/v2\/posts\/129737\/revisions"}],"wp:featuredmedia":[{"embeddable":true,"href":"https:\/\/digital58.com.ve\/site\/wp-json\/wp\/v2\/media\/129738"}],"wp:attachment":[{"href":"https:\/\/digital58.com.ve\/site\/wp-json\/wp\/v2\/media?parent=129737"}],"wp:term":[{"taxonomy":"category","embeddable":true,"href":"https:\/\/digital58.com.ve\/site\/wp-json\/wp\/v2\/categories?post=129737"},{"taxonomy":"post_tag","embeddable":true,"href":"https:\/\/digital58.com.ve\/site\/wp-json\/wp\/v2\/tags?post=129737"}],"curies":[{"name":"wp","href":"https:\/\/api.w.org\/{rel}","templated":true}]}}