{"id":129837,"date":"2020-09-30T11:36:34","date_gmt":"2020-09-30T15:36:34","guid":{"rendered":"https:\/\/digital58.com.ve\/site\/?p=129837"},"modified":"2020-10-01T00:44:05","modified_gmt":"2020-10-01T04:44:05","slug":"asdrubal-oliveros-la-economia-venezolana-esta-plagada-de-desequilibrios","status":"publish","type":"post","link":"https:\/\/digital58.com.ve\/site\/2020\/09\/30\/asdrubal-oliveros-la-economia-venezolana-esta-plagada-de-desequilibrios\/","title":{"rendered":"Asdr\u00fabal Oliveros: \u00abLa econom\u00eda venezolana est\u00e1 plagada de desequilibrios\u00bb"},"content":{"rendered":"<p><img loading=\"lazy\" decoding=\"async\" class=\"size-full wp-image-129838 aligncenter\" src=\"https:\/\/digital58.com.ve\/site\/wp-content\/uploads\/2020\/09\/asdrubal-oliveros-1.jpg\" alt=\"\" width=\"800\" height=\"450\" srcset=\"https:\/\/digital58.com.ve\/site\/wp-content\/uploads\/2020\/09\/asdrubal-oliveros-1.jpg 800w, https:\/\/digital58.com.ve\/site\/wp-content\/uploads\/2020\/09\/asdrubal-oliveros-1-300x169.jpg 300w, https:\/\/digital58.com.ve\/site\/wp-content\/uploads\/2020\/09\/asdrubal-oliveros-1-768x432.jpg 768w\" sizes=\"auto, (max-width: 800px) 100vw, 800px\" \/><\/p>\n<p>Asegur\u00f3 que no hay capacidad por parte del Estado venezolano de \u00abpoder tener herramientas de pol\u00edtica econ\u00f3mica para ayudar a las familias o a las empresas\u00bb.<\/p>\n<p><strong>Caracas, DC,\u00a0 Venezuela 30<\/strong><b>\u00a0de septiembre de 2020 (ND58).-<\/b>\u00a0El director de Ecoanal\u00edtica, Asdr\u00fabal Oliveros, se\u00f1al\u00f3\u00a0 que la econom\u00eda venezolana \u00abest\u00e1 plagada de desequilibrios y mientras esos desequilibrios existan el tipo de cambio los va absorber\u00bb.<\/p>\n<p>Asimismo, indic\u00f3 en una entrevista con el periodista Rom\u00e1n Lozinski, transmitida por el Circuito \u00c9xitos 99.9 FM, que el tipo de cambio \u00abcontin\u00faa su tendencia creciente, sin embargo el cambio en el encaje legal alimenta esas presiones porque es la din\u00e1mica en las econom\u00edas inflacionarias\u00bb.<\/p>\n<p>\u00abTodo el que recibe bol\u00edvares compra cosas con mucha rapidez para que no pierda su valor o compras divisas para mantener el valor de ese dinero\u00bb, agreg\u00f3.<\/p>\n<p>Sostuvo que entramos en el \u00faltimo trimestre y \u00abel Gobierno activa el gasto. El salario m\u00ednimo perdi\u00f3 todo sentido de referencia en el pa\u00eds porque nadie vive realmente con eso\u00bb.<\/p>\n<p>\u00abEstamos entrando al \u00faltimo trimestre del a\u00f1o y nos enfrentamos a una previsi\u00f3n de gasto mayor por parte del Gobierno, esto generar\u00e1 mayor presi\u00f3n al alza del tipo de cambio\u00bb, resalt\u00f3.<\/p>\n<p>Asegur\u00f3 que no hay capacidad por parte del Estado venezolano de \u00abpoder tener herramientas de pol\u00edtica econ\u00f3mica para ayudar a las familias o a las empresas\u00bb.<\/p>\n<p>\u00abNo vamos a poder tener elementos para compararnos con ning\u00fan pa\u00eds en materia de ayudas econ\u00f3micas. Se ha llegado a un punto de ca\u00edda tan significativa que una cuarta parte dela econom\u00eda se mueve a negro, donde solo una minor\u00eda tiene poder de compra\u00bb, acot\u00f3.<\/p>\n<p>Dijo que la estabilidad \u00aben el letargo no es motivo de alegr\u00eda para el pa\u00eds. En 2021 la econom\u00eda venezolana ser\u00e1 una quinta parte de lo que era en 2012\u00bb.<\/p><div class=\"uijat69ee426999690\" ><p style=\"text-align: center;\"><a href=\"https:\/\/t.me\/noticiasdigital58\" target=\"_blank\" rel=\"noopener\"><img class=\"aligncenter size-full wp-image-125363\" src=\"https:\/\/digital58.com.ve\/site\/wp-content\/uploads\/2021\/04\/banner-telegram-web-2021.png\" alt=\"\" width=\"600\" height=\"90\" \/><\/a><\/p><\/div><style type=\"text\/css\">\r\n@media screen and (min-width: 1201px) {\r\n.uijat69ee426999690 {\r\ndisplay: block;\r\n}\r\n}\r\n@media screen and (min-width: 993px) and (max-width: 1200px) {\r\n.uijat69ee426999690 {\r\ndisplay: block;\r\n}\r\n}\r\n@media screen and (min-width: 769px) and (max-width: 992px) {\r\n.uijat69ee426999690 {\r\ndisplay: block;\r\n}\r\n}\r\n@media screen and (min-width: 768px) and (max-width: 768px) {\r\n.uijat69ee426999690 {\r\ndisplay: block;\r\n}\r\n}\r\n@media screen and (max-width: 767px) {\r\n.uijat69ee426999690 {\r\ndisplay: block;\r\n}\r\n}\r\n<\/style>\r\n\n<p><strong>Re<\/strong><b>dacci\u00f3n: Molero, Luis\u00a0 (@Moleromarquez) | Fuente: Asdr\u00fabal Oliveros, Circuito \u00c9xitos 99.9 FM<\/b><br \/>\n<b>Edici\u00f3n: Villasmil, Henry<\/b><br \/>\n<b>Gr\u00e1ficas: Cortes\u00eda<\/b><\/p>\n<div style=\"margin-top: 0px; margin-bottom: 0px;\" class=\"sharethis-inline-share-buttons\" ><\/div>","protected":false},"excerpt":{"rendered":"<p>Asegur\u00f3 que no hay capacidad por parte del Estado venezolano de \u00abpoder tener herramientas de pol\u00edtica econ\u00f3mica para ayudar a<\/p>\n","protected":false},"author":26,"featured_media":129838,"comment_status":"open","ping_status":"closed","sticky":false,"template":"","format":"standard","meta":{"colormag_page_container_layout":"default_layout","colormag_page_sidebar_layout":"default_layout","_uag_custom_page_level_css":"","footnotes":""},"categories":[14499],"tags":[19454,17186,17940,233,22034,32],"class_list":["post-129837","post","type-post","status-publish","format-standard","has-post-thumbnail","hentry","category-economia","tag-asdrubal-oliveros","tag-ecoanalitica","tag-economia-nacional","tag-nacionales","tag-roman-lozinski","tag-venezuela"],"yoast_head":"<!-- This site is optimized with the Yoast SEO plugin v27.4 - https:\/\/yoast.com\/product\/yoast-seo-wordpress\/ -->\n<title>Asdr\u00fabal Oliveros: \u00abLa econom\u00eda venezolana est\u00e1 plagada de desequilibrios\u00bb<\/title>\n<meta name=\"description\" content=\"Econom\u00eda\" \/>\n<meta name=\"robots\" content=\"index, follow, max-snippet:-1, max-image-preview:large, max-video-preview:-1\" \/>\n<link rel=\"canonical\" href=\"https:\/\/digital58.com.ve\/site\/2020\/09\/30\/asdrubal-oliveros-la-economia-venezolana-esta-plagada-de-desequilibrios\/\" \/>\n<meta property=\"og:locale\" content=\"es_ES\" \/>\n<meta property=\"og:type\" content=\"article\" \/>\n<meta property=\"og:title\" content=\"Asdr\u00fabal Oliveros: \u00abLa econom\u00eda venezolana est\u00e1 plagada de desequilibrios\u00bb\" \/>\n<meta property=\"og:description\" content=\"Econom\u00eda\" \/>\n<meta property=\"og:url\" content=\"https:\/\/digital58.com.ve\/site\/2020\/09\/30\/asdrubal-oliveros-la-economia-venezolana-esta-plagada-de-desequilibrios\/\" \/>\n<meta property=\"og:site_name\" content=\"Noticias Digital58\" \/>\n<meta property=\"article:published_time\" content=\"2020-09-30T15:36:34+00:00\" \/>\n<meta property=\"article:modified_time\" content=\"2020-10-01T04:44:05+00:00\" \/>\n<meta property=\"og:image\" content=\"https:\/\/digital58.com.ve\/site\/wp-content\/uploads\/2020\/09\/asdrubal-oliveros-1.jpg\" \/>\n\t<meta property=\"og:image:width\" content=\"800\" \/>\n\t<meta property=\"og:image:height\" content=\"450\" \/>\n\t<meta property=\"og:image:type\" content=\"image\/jpeg\" \/>\n<meta name=\"author\" content=\"Molero Luis\" \/>\n<meta name=\"twitter:card\" content=\"summary_large_image\" \/>\n<meta name=\"twitter:creator\" content=\"@Digital_58\" \/>\n<meta name=\"twitter:site\" content=\"@villasmilhfoto\" \/>\n<meta name=\"twitter:label1\" content=\"Escrito por\" \/>\n\t<meta name=\"twitter:data1\" content=\"Molero Luis\" \/>\n\t<meta name=\"twitter:label2\" content=\"Tiempo estimado de lectura\" \/>\n\t<meta name=\"twitter:data2\" content=\"2 minutos\" \/>\n<script type=\"application\/ld+json\" class=\"yoast-schema-graph\">{\"@context\":\"https:\\\/\\\/schema.org\",\"@graph\":[{\"@type\":\"Article\",\"@id\":\"https:\\\/\\\/digital58.com.ve\\\/site\\\/2020\\\/09\\\/30\\\/asdrubal-oliveros-la-economia-venezolana-esta-plagada-de-desequilibrios\\\/#article\",\"isPartOf\":{\"@id\":\"https:\\\/\\\/digital58.com.ve\\\/site\\\/2020\\\/09\\\/30\\\/asdrubal-oliveros-la-economia-venezolana-esta-plagada-de-desequilibrios\\\/\"},\"author\":{\"name\":\"Molero Luis\",\"@id\":\"https:\\\/\\\/digital58.com.ve\\\/site\\\/#\\\/schema\\\/person\\\/c61667ce6845137620ee3f0aaabade17\"},\"headline\":\"Asdr\u00fabal Oliveros: \u00abLa econom\u00eda venezolana est\u00e1 plagada de desequilibrios\u00bb\",\"datePublished\":\"2020-09-30T15:36:34+00:00\",\"dateModified\":\"2020-10-01T04:44:05+00:00\",\"mainEntityOfPage\":{\"@id\":\"https:\\\/\\\/digital58.com.ve\\\/site\\\/2020\\\/09\\\/30\\\/asdrubal-oliveros-la-economia-venezolana-esta-plagada-de-desequilibrios\\\/\"},\"wordCount\":351,\"commentCount\":0,\"publisher\":{\"@id\":\"https:\\\/\\\/digital58.com.ve\\\/site\\\/#\\\/schema\\\/person\\\/64d1c2e4d0d4fd1b849980c4331c2951\"},\"image\":{\"@id\":\"https:\\\/\\\/digital58.com.ve\\\/site\\\/2020\\\/09\\\/30\\\/asdrubal-oliveros-la-economia-venezolana-esta-plagada-de-desequilibrios\\\/#primaryimage\"},\"thumbnailUrl\":\"https:\\\/\\\/digital58.com.ve\\\/site\\\/wp-content\\\/uploads\\\/2020\\\/09\\\/asdrubal-oliveros-1.jpg\",\"keywords\":[\"Asdr\u00fabal Oliveros\",\"Ecoanal\u00edtica\",\"Econom\u00eda Nacional\",\"Nacionales\",\"Rom\u00e1n Lozinski\",\"Venezuela\"],\"articleSection\":[\"Econom\u00eda\"],\"inLanguage\":\"es\",\"potentialAction\":[{\"@type\":\"CommentAction\",\"name\":\"Comment\",\"target\":[\"https:\\\/\\\/digital58.com.ve\\\/site\\\/2020\\\/09\\\/30\\\/asdrubal-oliveros-la-economia-venezolana-esta-plagada-de-desequilibrios\\\/#respond\"]}]},{\"@type\":\"WebPage\",\"@id\":\"https:\\\/\\\/digital58.com.ve\\\/site\\\/2020\\\/09\\\/30\\\/asdrubal-oliveros-la-economia-venezolana-esta-plagada-de-desequilibrios\\\/\",\"url\":\"https:\\\/\\\/digital58.com.ve\\\/site\\\/2020\\\/09\\\/30\\\/asdrubal-oliveros-la-economia-venezolana-esta-plagada-de-desequilibrios\\\/\",\"name\":\"Asdr\u00fabal Oliveros: \u00abLa econom\u00eda venezolana est\u00e1 plagada de desequilibrios\u00bb\",\"isPartOf\":{\"@id\":\"https:\\\/\\\/digital58.com.ve\\\/site\\\/#website\"},\"primaryImageOfPage\":{\"@id\":\"https:\\\/\\\/digital58.com.ve\\\/site\\\/2020\\\/09\\\/30\\\/asdrubal-oliveros-la-economia-venezolana-esta-plagada-de-desequilibrios\\\/#primaryimage\"},\"image\":{\"@id\":\"https:\\\/\\\/digital58.com.ve\\\/site\\\/2020\\\/09\\\/30\\\/asdrubal-oliveros-la-economia-venezolana-esta-plagada-de-desequilibrios\\\/#primaryimage\"},\"thumbnailUrl\":\"https:\\\/\\\/digital58.com.ve\\\/site\\\/wp-content\\\/uploads\\\/2020\\\/09\\\/asdrubal-oliveros-1.jpg\",\"datePublished\":\"2020-09-30T15:36:34+00:00\",\"dateModified\":\"2020-10-01T04:44:05+00:00\",\"description\":\"Econom\u00eda\",\"breadcrumb\":{\"@id\":\"https:\\\/\\\/digital58.com.ve\\\/site\\\/2020\\\/09\\\/30\\\/asdrubal-oliveros-la-economia-venezolana-esta-plagada-de-desequilibrios\\\/#breadcrumb\"},\"inLanguage\":\"es\",\"potentialAction\":[{\"@type\":\"ReadAction\",\"target\":[\"https:\\\/\\\/digital58.com.ve\\\/site\\\/2020\\\/09\\\/30\\\/asdrubal-oliveros-la-economia-venezolana-esta-plagada-de-desequilibrios\\\/\"]}]},{\"@type\":\"ImageObject\",\"inLanguage\":\"es\",\"@id\":\"https:\\\/\\\/digital58.com.ve\\\/site\\\/2020\\\/09\\\/30\\\/asdrubal-oliveros-la-economia-venezolana-esta-plagada-de-desequilibrios\\\/#primaryimage\",\"url\":\"https:\\\/\\\/digital58.com.ve\\\/site\\\/wp-content\\\/uploads\\\/2020\\\/09\\\/asdrubal-oliveros-1.jpg\",\"contentUrl\":\"https:\\\/\\\/digital58.com.ve\\\/site\\\/wp-content\\\/uploads\\\/2020\\\/09\\\/asdrubal-oliveros-1.jpg\",\"width\":800,\"height\":450},{\"@type\":\"BreadcrumbList\",\"@id\":\"https:\\\/\\\/digital58.com.ve\\\/site\\\/2020\\\/09\\\/30\\\/asdrubal-oliveros-la-economia-venezolana-esta-plagada-de-desequilibrios\\\/#breadcrumb\",\"itemListElement\":[{\"@type\":\"ListItem\",\"position\":1,\"name\":\"Home\",\"item\":\"https:\\\/\\\/digital58.com.ve\\\/site\\\/\"},{\"@type\":\"ListItem\",\"position\":2,\"name\":\"Asdr\u00fabal Oliveros: \u00abLa econom\u00eda venezolana est\u00e1 plagada de desequilibrios\u00bb\"}]},{\"@type\":\"WebSite\",\"@id\":\"https:\\\/\\\/digital58.com.ve\\\/site\\\/#website\",\"url\":\"https:\\\/\\\/digital58.com.ve\\\/site\\\/\",\"name\":\"Noticias Digital58\",\"description\":\"Portal de Noticias \u00a1Periodismo web de verdad! Lanzamiento web 22.11.2005 \\\/ Maracaibo, Venezuela\",\"publisher\":{\"@id\":\"https:\\\/\\\/digital58.com.ve\\\/site\\\/#\\\/schema\\\/person\\\/64d1c2e4d0d4fd1b849980c4331c2951\"},\"alternateName\":\"ND58\",\"potentialAction\":[{\"@type\":\"SearchAction\",\"target\":{\"@type\":\"EntryPoint\",\"urlTemplate\":\"https:\\\/\\\/digital58.com.ve\\\/site\\\/?s={search_term_string}\"},\"query-input\":{\"@type\":\"PropertyValueSpecification\",\"valueRequired\":true,\"valueName\":\"search_term_string\"}}],\"inLanguage\":\"es\"},{\"@type\":[\"Person\",\"Organization\"],\"@id\":\"https:\\\/\\\/digital58.com.ve\\\/site\\\/#\\\/schema\\\/person\\\/64d1c2e4d0d4fd1b849980c4331c2951\",\"name\":\"Villasmil Henry\",\"image\":{\"@type\":\"ImageObject\",\"inLanguage\":\"es\",\"@id\":\"https:\\\/\\\/secure.gravatar.com\\\/avatar\\\/bb0c4a2fcb7970138239f7e404ea75757b1b507b28b5ce4c53fbd62d797c5a7c?s=96&d=mm&r=g\",\"url\":\"https:\\\/\\\/secure.gravatar.com\\\/avatar\\\/bb0c4a2fcb7970138239f7e404ea75757b1b507b28b5ce4c53fbd62d797c5a7c?s=96&d=mm&r=g\",\"contentUrl\":\"https:\\\/\\\/secure.gravatar.com\\\/avatar\\\/bb0c4a2fcb7970138239f7e404ea75757b1b507b28b5ce4c53fbd62d797c5a7c?s=96&d=mm&r=g\",\"caption\":\"Villasmil Henry\"},\"logo\":{\"@id\":\"https:\\\/\\\/secure.gravatar.com\\\/avatar\\\/bb0c4a2fcb7970138239f7e404ea75757b1b507b28b5ce4c53fbd62d797c5a7c?s=96&d=mm&r=g\"},\"sameAs\":[\"http:\\\/\\\/www.henryvillasmil.com.ve\",\"https:\\\/\\\/www.instagram.com\\\/villasmilhfoto\\\/\",\"https:\\\/\\\/x.com\\\/https:\\\/\\\/twitter.com\\\/villasmilhfoto\"]},{\"@type\":\"Person\",\"@id\":\"https:\\\/\\\/digital58.com.ve\\\/site\\\/#\\\/schema\\\/person\\\/c61667ce6845137620ee3f0aaabade17\",\"name\":\"Molero Luis\",\"image\":{\"@type\":\"ImageObject\",\"inLanguage\":\"es\",\"@id\":\"https:\\\/\\\/secure.gravatar.com\\\/avatar\\\/bf041ec637e3e7405449807deb2f7cf3d2de7c6fa755dd56e985201de9863f2b?s=96&d=mm&r=g\",\"url\":\"https:\\\/\\\/secure.gravatar.com\\\/avatar\\\/bf041ec637e3e7405449807deb2f7cf3d2de7c6fa755dd56e985201de9863f2b?s=96&d=mm&r=g\",\"contentUrl\":\"https:\\\/\\\/secure.gravatar.com\\\/avatar\\\/bf041ec637e3e7405449807deb2f7cf3d2de7c6fa755dd56e985201de9863f2b?s=96&d=mm&r=g\",\"caption\":\"Molero Luis\"},\"url\":\"https:\\\/\\\/digital58.com.ve\\\/site\\\/author\\\/luismolero\\\/\"}]}<\/script>\n<!-- \/ Yoast SEO plugin. -->","yoast_head_json":{"title":"Asdr\u00fabal Oliveros: \u00abLa econom\u00eda venezolana est\u00e1 plagada de desequilibrios\u00bb","description":"Econom\u00eda","robots":{"index":"index","follow":"follow","max-snippet":"max-snippet:-1","max-image-preview":"max-image-preview:large","max-video-preview":"max-video-preview:-1"},"canonical":"https:\/\/digital58.com.ve\/site\/2020\/09\/30\/asdrubal-oliveros-la-economia-venezolana-esta-plagada-de-desequilibrios\/","og_locale":"es_ES","og_type":"article","og_title":"Asdr\u00fabal Oliveros: \u00abLa econom\u00eda venezolana est\u00e1 plagada de desequilibrios\u00bb","og_description":"Econom\u00eda","og_url":"https:\/\/digital58.com.ve\/site\/2020\/09\/30\/asdrubal-oliveros-la-economia-venezolana-esta-plagada-de-desequilibrios\/","og_site_name":"Noticias Digital58","article_published_time":"2020-09-30T15:36:34+00:00","article_modified_time":"2020-10-01T04:44:05+00:00","og_image":[{"width":800,"height":450,"url":"https:\/\/digital58.com.ve\/site\/wp-content\/uploads\/2020\/09\/asdrubal-oliveros-1.jpg","type":"image\/jpeg"}],"author":"Molero Luis","twitter_card":"summary_large_image","twitter_creator":"@Digital_58","twitter_site":"@villasmilhfoto","twitter_misc":{"Escrito por":"Molero Luis","Tiempo estimado de lectura":"2 minutos"},"schema":{"@context":"https:\/\/schema.org","@graph":[{"@type":"Article","@id":"https:\/\/digital58.com.ve\/site\/2020\/09\/30\/asdrubal-oliveros-la-economia-venezolana-esta-plagada-de-desequilibrios\/#article","isPartOf":{"@id":"https:\/\/digital58.com.ve\/site\/2020\/09\/30\/asdrubal-oliveros-la-economia-venezolana-esta-plagada-de-desequilibrios\/"},"author":{"name":"Molero Luis","@id":"https:\/\/digital58.com.ve\/site\/#\/schema\/person\/c61667ce6845137620ee3f0aaabade17"},"headline":"Asdr\u00fabal Oliveros: \u00abLa econom\u00eda venezolana est\u00e1 plagada de desequilibrios\u00bb","datePublished":"2020-09-30T15:36:34+00:00","dateModified":"2020-10-01T04:44:05+00:00","mainEntityOfPage":{"@id":"https:\/\/digital58.com.ve\/site\/2020\/09\/30\/asdrubal-oliveros-la-economia-venezolana-esta-plagada-de-desequilibrios\/"},"wordCount":351,"commentCount":0,"publisher":{"@id":"https:\/\/digital58.com.ve\/site\/#\/schema\/person\/64d1c2e4d0d4fd1b849980c4331c2951"},"image":{"@id":"https:\/\/digital58.com.ve\/site\/2020\/09\/30\/asdrubal-oliveros-la-economia-venezolana-esta-plagada-de-desequilibrios\/#primaryimage"},"thumbnailUrl":"https:\/\/digital58.com.ve\/site\/wp-content\/uploads\/2020\/09\/asdrubal-oliveros-1.jpg","keywords":["Asdr\u00fabal Oliveros","Ecoanal\u00edtica","Econom\u00eda Nacional","Nacionales","Rom\u00e1n Lozinski","Venezuela"],"articleSection":["Econom\u00eda"],"inLanguage":"es","potentialAction":[{"@type":"CommentAction","name":"Comment","target":["https:\/\/digital58.com.ve\/site\/2020\/09\/30\/asdrubal-oliveros-la-economia-venezolana-esta-plagada-de-desequilibrios\/#respond"]}]},{"@type":"WebPage","@id":"https:\/\/digital58.com.ve\/site\/2020\/09\/30\/asdrubal-oliveros-la-economia-venezolana-esta-plagada-de-desequilibrios\/","url":"https:\/\/digital58.com.ve\/site\/2020\/09\/30\/asdrubal-oliveros-la-economia-venezolana-esta-plagada-de-desequilibrios\/","name":"Asdr\u00fabal Oliveros: \u00abLa econom\u00eda venezolana est\u00e1 plagada de desequilibrios\u00bb","isPartOf":{"@id":"https:\/\/digital58.com.ve\/site\/#website"},"primaryImageOfPage":{"@id":"https:\/\/digital58.com.ve\/site\/2020\/09\/30\/asdrubal-oliveros-la-economia-venezolana-esta-plagada-de-desequilibrios\/#primaryimage"},"image":{"@id":"https:\/\/digital58.com.ve\/site\/2020\/09\/30\/asdrubal-oliveros-la-economia-venezolana-esta-plagada-de-desequilibrios\/#primaryimage"},"thumbnailUrl":"https:\/\/digital58.com.ve\/site\/wp-content\/uploads\/2020\/09\/asdrubal-oliveros-1.jpg","datePublished":"2020-09-30T15:36:34+00:00","dateModified":"2020-10-01T04:44:05+00:00","description":"Econom\u00eda","breadcrumb":{"@id":"https:\/\/digital58.com.ve\/site\/2020\/09\/30\/asdrubal-oliveros-la-economia-venezolana-esta-plagada-de-desequilibrios\/#breadcrumb"},"inLanguage":"es","potentialAction":[{"@type":"ReadAction","target":["https:\/\/digital58.com.ve\/site\/2020\/09\/30\/asdrubal-oliveros-la-economia-venezolana-esta-plagada-de-desequilibrios\/"]}]},{"@type":"ImageObject","inLanguage":"es","@id":"https:\/\/digital58.com.ve\/site\/2020\/09\/30\/asdrubal-oliveros-la-economia-venezolana-esta-plagada-de-desequilibrios\/#primaryimage","url":"https:\/\/digital58.com.ve\/site\/wp-content\/uploads\/2020\/09\/asdrubal-oliveros-1.jpg","contentUrl":"https:\/\/digital58.com.ve\/site\/wp-content\/uploads\/2020\/09\/asdrubal-oliveros-1.jpg","width":800,"height":450},{"@type":"BreadcrumbList","@id":"https:\/\/digital58.com.ve\/site\/2020\/09\/30\/asdrubal-oliveros-la-economia-venezolana-esta-plagada-de-desequilibrios\/#breadcrumb","itemListElement":[{"@type":"ListItem","position":1,"name":"Home","item":"https:\/\/digital58.com.ve\/site\/"},{"@type":"ListItem","position":2,"name":"Asdr\u00fabal Oliveros: \u00abLa econom\u00eda venezolana est\u00e1 plagada de desequilibrios\u00bb"}]},{"@type":"WebSite","@id":"https:\/\/digital58.com.ve\/site\/#website","url":"https:\/\/digital58.com.ve\/site\/","name":"Noticias Digital58","description":"Portal de Noticias \u00a1Periodismo web de verdad! Lanzamiento web 22.11.2005 \/ Maracaibo, Venezuela","publisher":{"@id":"https:\/\/digital58.com.ve\/site\/#\/schema\/person\/64d1c2e4d0d4fd1b849980c4331c2951"},"alternateName":"ND58","potentialAction":[{"@type":"SearchAction","target":{"@type":"EntryPoint","urlTemplate":"https:\/\/digital58.com.ve\/site\/?s={search_term_string}"},"query-input":{"@type":"PropertyValueSpecification","valueRequired":true,"valueName":"search_term_string"}}],"inLanguage":"es"},{"@type":["Person","Organization"],"@id":"https:\/\/digital58.com.ve\/site\/#\/schema\/person\/64d1c2e4d0d4fd1b849980c4331c2951","name":"Villasmil Henry","image":{"@type":"ImageObject","inLanguage":"es","@id":"https:\/\/secure.gravatar.com\/avatar\/bb0c4a2fcb7970138239f7e404ea75757b1b507b28b5ce4c53fbd62d797c5a7c?s=96&d=mm&r=g","url":"https:\/\/secure.gravatar.com\/avatar\/bb0c4a2fcb7970138239f7e404ea75757b1b507b28b5ce4c53fbd62d797c5a7c?s=96&d=mm&r=g","contentUrl":"https:\/\/secure.gravatar.com\/avatar\/bb0c4a2fcb7970138239f7e404ea75757b1b507b28b5ce4c53fbd62d797c5a7c?s=96&d=mm&r=g","caption":"Villasmil Henry"},"logo":{"@id":"https:\/\/secure.gravatar.com\/avatar\/bb0c4a2fcb7970138239f7e404ea75757b1b507b28b5ce4c53fbd62d797c5a7c?s=96&d=mm&r=g"},"sameAs":["http:\/\/www.henryvillasmil.com.ve","https:\/\/www.instagram.com\/villasmilhfoto\/","https:\/\/x.com\/https:\/\/twitter.com\/villasmilhfoto"]},{"@type":"Person","@id":"https:\/\/digital58.com.ve\/site\/#\/schema\/person\/c61667ce6845137620ee3f0aaabade17","name":"Molero Luis","image":{"@type":"ImageObject","inLanguage":"es","@id":"https:\/\/secure.gravatar.com\/avatar\/bf041ec637e3e7405449807deb2f7cf3d2de7c6fa755dd56e985201de9863f2b?s=96&d=mm&r=g","url":"https:\/\/secure.gravatar.com\/avatar\/bf041ec637e3e7405449807deb2f7cf3d2de7c6fa755dd56e985201de9863f2b?s=96&d=mm&r=g","contentUrl":"https:\/\/secure.gravatar.com\/avatar\/bf041ec637e3e7405449807deb2f7cf3d2de7c6fa755dd56e985201de9863f2b?s=96&d=mm&r=g","caption":"Molero Luis"},"url":"https:\/\/digital58.com.ve\/site\/author\/luismolero\/"}]}},"uagb_featured_image_src":{"full":["https:\/\/digital58.com.ve\/site\/wp-content\/uploads\/2020\/09\/asdrubal-oliveros-1.jpg",800,450,false],"thumbnail":["https:\/\/digital58.com.ve\/site\/wp-content\/uploads\/2020\/09\/asdrubal-oliveros-1-150x150.jpg",150,150,true],"medium":["https:\/\/digital58.com.ve\/site\/wp-content\/uploads\/2020\/09\/asdrubal-oliveros-1-300x169.jpg",300,169,true],"medium_large":["https:\/\/digital58.com.ve\/site\/wp-content\/uploads\/2020\/09\/asdrubal-oliveros-1-768x432.jpg",768,432,true],"large":["https:\/\/digital58.com.ve\/site\/wp-content\/uploads\/2020\/09\/asdrubal-oliveros-1.jpg",800,450,false],"1536x1536":["https:\/\/digital58.com.ve\/site\/wp-content\/uploads\/2020\/09\/asdrubal-oliveros-1.jpg",800,450,false],"2048x2048":["https:\/\/digital58.com.ve\/site\/wp-content\/uploads\/2020\/09\/asdrubal-oliveros-1.jpg",800,450,false],"colormag-highlighted-post":["https:\/\/digital58.com.ve\/site\/wp-content\/uploads\/2020\/09\/asdrubal-oliveros-1.jpg",392,221,false],"colormag-featured-post-medium":["https:\/\/digital58.com.ve\/site\/wp-content\/uploads\/2020\/09\/asdrubal-oliveros-1.jpg",364,205,false],"colormag-featured-post-small":["https:\/\/digital58.com.ve\/site\/wp-content\/uploads\/2020\/09\/asdrubal-oliveros-1.jpg",130,73,false],"colormag-featured-image":["https:\/\/digital58.com.ve\/site\/wp-content\/uploads\/2020\/09\/asdrubal-oliveros-1.jpg",791,445,false],"colormag-default-news":["https:\/\/digital58.com.ve\/site\/wp-content\/uploads\/2020\/09\/asdrubal-oliveros-1.jpg",150,84,false],"colormag-featured-image-large":["https:\/\/digital58.com.ve\/site\/wp-content\/uploads\/2020\/09\/asdrubal-oliveros-1.jpg",800,450,false]},"uagb_author_info":{"display_name":"Molero Luis","author_link":"https:\/\/digital58.com.ve\/site\/author\/luismolero\/"},"uagb_comment_info":0,"uagb_excerpt":"Asegur\u00f3 que no hay capacidad por parte del Estado venezolano de \u00abpoder tener herramientas de pol\u00edtica econ\u00f3mica para ayudar a","_links":{"self":[{"href":"https:\/\/digital58.com.ve\/site\/wp-json\/wp\/v2\/posts\/129837","targetHints":{"allow":["GET"]}}],"collection":[{"href":"https:\/\/digital58.com.ve\/site\/wp-json\/wp\/v2\/posts"}],"about":[{"href":"https:\/\/digital58.com.ve\/site\/wp-json\/wp\/v2\/types\/post"}],"author":[{"embeddable":true,"href":"https:\/\/digital58.com.ve\/site\/wp-json\/wp\/v2\/users\/26"}],"replies":[{"embeddable":true,"href":"https:\/\/digital58.com.ve\/site\/wp-json\/wp\/v2\/comments?post=129837"}],"version-history":[{"count":0,"href":"https:\/\/digital58.com.ve\/site\/wp-json\/wp\/v2\/posts\/129837\/revisions"}],"wp:featuredmedia":[{"embeddable":true,"href":"https:\/\/digital58.com.ve\/site\/wp-json\/wp\/v2\/media\/129838"}],"wp:attachment":[{"href":"https:\/\/digital58.com.ve\/site\/wp-json\/wp\/v2\/media?parent=129837"}],"wp:term":[{"taxonomy":"category","embeddable":true,"href":"https:\/\/digital58.com.ve\/site\/wp-json\/wp\/v2\/categories?post=129837"},{"taxonomy":"post_tag","embeddable":true,"href":"https:\/\/digital58.com.ve\/site\/wp-json\/wp\/v2\/tags?post=129837"}],"curies":[{"name":"wp","href":"https:\/\/api.w.org\/{rel}","templated":true}]}}