{"id":130116,"date":"2020-10-03T14:42:07","date_gmt":"2020-10-03T18:42:07","guid":{"rendered":"https:\/\/digital58.com.ve\/site\/?p=130116"},"modified":"2020-10-03T14:45:24","modified_gmt":"2020-10-03T18:45:24","slug":"anuncian-consulta-popular-para-elaborar-la-propuesta-del-oficialismo-de-cara-a-las-parlamentarias","status":"publish","type":"post","link":"https:\/\/digital58.com.ve\/site\/2020\/10\/03\/anuncian-consulta-popular-para-elaborar-la-propuesta-del-oficialismo-de-cara-a-las-parlamentarias\/","title":{"rendered":"Anuncian consulta popular para elaborar la propuesta del oficialismo de cara a las parlamentarias"},"content":{"rendered":"<p><img loading=\"lazy\" decoding=\"async\" class=\"aligncenter wp-image-101699\" src=\"https:\/\/digital58.com.ve\/site\/wp-content\/uploads\/2020\/05\/Jorge-Rodriguez-rueda-de-prensa-300x167.jpg\" alt=\"\" width=\"600\" height=\"334\" srcset=\"https:\/\/digital58.com.ve\/site\/wp-content\/uploads\/2020\/05\/Jorge-Rodriguez-rueda-de-prensa-300x167.jpg 300w, https:\/\/digital58.com.ve\/site\/wp-content\/uploads\/2020\/05\/Jorge-Rodriguez-rueda-de-prensa-768x427.jpg 768w, https:\/\/digital58.com.ve\/site\/wp-content\/uploads\/2020\/05\/Jorge-Rodriguez-rueda-de-prensa.jpg 800w\" sizes=\"auto, (max-width: 600px) 100vw, 600px\" \/><\/p>\n<p>Seg\u00fan inform\u00f3 Jorge Rodr\u00edguez la consulta servir\u00e1 para rescatar la Asamblea Nacional.<\/p>\n<p><strong>Caracas, DC, Venezuela, 03 de octubre de 2020 (ND58).- <\/strong>Este s\u00e1bado 3 de octubre, Jorge Rodr\u00edguez, candidato oficialista a la Asamblea Nacional (AN), anunci\u00f3 que desde el Comando de Campa\u00f1a Dar\u00edo Vivas realizar\u00e1n una consulta popular con el prop\u00f3sito de elaborar la propuesta del partido de gobierno para las elecciones parlamentarias del pr\u00f3ximo 6 de diciembre.<\/p>\n<p>Rodr\u00edguez inform\u00f3 que la consulta iniciar\u00e1 el lunes 5 de octubre y tendr\u00e1 una duraci\u00f3n de 15 d\u00edas, tomando en cuenta las medidas de bioseguridad necesarias para evitar contagios por la COVID-19.<\/p>\n<p>\u00abEs una oportunidad de oro para la reconstrucci\u00f3n, para apuntar hacia un parlamento a futuro, moderno, \u00e1gil, que acompa\u00f1e al pueblo, que acompa\u00f1e al gobierno, que controle al gobierno\u00bb, anunci\u00f3 Rodr\u00edguez.<\/p>\n<blockquote class=\"twitter-tweet\" data-width=\"550\" data-dnt=\"true\">\n<p lang=\"es\" dir=\"ltr\"><a href=\"https:\/\/twitter.com\/hashtag\/EnVideo?src=hash&amp;ref_src=twsrc%5Etfw\">#EnVideo<\/a>\ud83d\udcf9 | Jefe del Comando Nacional de Campa\u00f1a &quot;Dar\u00edo Vivas&quot;, <a href=\"https:\/\/twitter.com\/jorgerpsuv?ref_src=twsrc%5Etfw\">@jorgerpsuv<\/a>: Queremos consultar con todas y todos desde la oportunidad que se nos presenta por esa destrucci\u00f3n que hicieron desde la Asamblea Nacional <a href=\"https:\/\/twitter.com\/hashtag\/SputnikVEsEsperanza?src=hash&amp;ref_src=twsrc%5Etfw\">#SputnikVEsEsperanza<\/a> <a href=\"https:\/\/t.co\/wyzvgK7Xjc\">pic.twitter.com\/wyzvgK7Xjc<\/a><\/p>\n<p>&mdash; VTV CANAL 8 (@VTVcanal8) <a href=\"https:\/\/twitter.com\/VTVcanal8\/status\/1312450082600443904?ref_src=twsrc%5Etfw\">October 3, 2020<\/a><\/p><\/blockquote>\n<p><script async src=\"https:\/\/platform.twitter.com\/widgets.js\" charset=\"utf-8\"><\/script><\/p>\n<p>El jefe del comando de campa\u00f1a oficialista asegur\u00f3 que la consulta ser\u00e1 para escuchar las propuestas de todos los sectores, desde los empresarios hasta los cultores, adem\u00e1s de grupos de la sexodiversidad y etnias ind\u00edgenas.<\/p>\n<p>\u00abEsta consulta busca proteger al pueblo venezolano y trabajar en conjunto para rescatar la AN\u00bb, manifest\u00f3 candidato, a\u00f1adiendo que la oposici\u00f3n venezolana, que actualmente contrala el parlamento, se dedic\u00f3 a destruirlo.<\/p>\n<p>El candidato tambi\u00e9n manifest\u00f3 fuertes cr\u00edticas contra la oposici\u00f3n venezolana, de la cual dijo no se dedic\u00f3 a legislar con su mayor\u00eda parlamentaria, sino \u00abconspirar\u00bb.<\/p><div class=\"nfele69f3f5a6d403d\" ><p style=\"text-align: center;\"><a href=\"https:\/\/t.me\/noticiasdigital58\" target=\"_blank\" rel=\"noopener\"><img class=\"aligncenter size-full wp-image-125363\" src=\"https:\/\/digital58.com.ve\/site\/wp-content\/uploads\/2021\/04\/banner-telegram-web-2021.png\" alt=\"\" width=\"600\" height=\"90\" \/><\/a><\/p><\/div><style type=\"text\/css\">\r\n@media screen and (min-width: 1201px) {\r\n.nfele69f3f5a6d403d {\r\ndisplay: block;\r\n}\r\n}\r\n@media screen and (min-width: 993px) and (max-width: 1200px) {\r\n.nfele69f3f5a6d403d {\r\ndisplay: block;\r\n}\r\n}\r\n@media screen and (min-width: 769px) and (max-width: 992px) {\r\n.nfele69f3f5a6d403d {\r\ndisplay: block;\r\n}\r\n}\r\n@media screen and (min-width: 768px) and (max-width: 768px) {\r\n.nfele69f3f5a6d403d {\r\ndisplay: block;\r\n}\r\n}\r\n@media screen and (max-width: 767px) {\r\n.nfele69f3f5a6d403d {\r\ndisplay: block;\r\n}\r\n}\r\n<\/style>\r\n\n<p><strong>Redacci\u00f3n: Morales, Joel (@joeldmc32) \u2502Fuente: VTV<br \/>\nEdici\u00f3n: Villasmil, Henry<br \/>\nGr\u00e1fica: Cortes\u00eda <\/strong><\/p>\n<div style=\"margin-top: 0px; margin-bottom: 0px;\" class=\"sharethis-inline-share-buttons\" ><\/div>","protected":false},"excerpt":{"rendered":"<p>Seg\u00fan inform\u00f3 Jorge Rodr\u00edguez la consulta servir\u00e1 para rescatar la Asamblea Nacional. Caracas, DC, Venezuela, 03 de octubre de 2020<\/p>\n","protected":false},"author":29,"featured_media":101699,"comment_status":"open","ping_status":"closed","sticky":false,"template":"","format":"standard","meta":{"colormag_page_container_layout":"default_layout","colormag_page_sidebar_layout":"default_layout","_uag_custom_page_level_css":"","footnotes":""},"categories":[8610],"tags":[21570,16503,13813,233,13258,32],"class_list":["post-130116","post","type-post","status-publish","format-standard","has-post-thumbnail","hentry","category-politica","tag-comando-de-campana-dario-vivas","tag-elecciones-parlamentarias-2020","tag-jorge-rodriguez","tag-nacionales","tag-politica-nacional","tag-venezuela"],"yoast_head":"<!-- This site is optimized with the Yoast SEO plugin v27.5 - https:\/\/yoast.com\/product\/yoast-seo-wordpress\/ -->\n<title>Anuncian consulta popular para elaborar la propuesta del oficialismo de cara a las parlamentarias<\/title>\n<meta name=\"description\" content=\"Pol\u00edtica\" \/>\n<meta name=\"robots\" content=\"index, follow, max-snippet:-1, max-image-preview:large, max-video-preview:-1\" \/>\n<link rel=\"canonical\" href=\"https:\/\/digital58.com.ve\/site\/2020\/10\/03\/anuncian-consulta-popular-para-elaborar-la-propuesta-del-oficialismo-de-cara-a-las-parlamentarias\/\" \/>\n<meta property=\"og:locale\" content=\"es_ES\" \/>\n<meta property=\"og:type\" content=\"article\" \/>\n<meta property=\"og:title\" content=\"Anuncian consulta popular para elaborar la propuesta del oficialismo de cara a las parlamentarias\" \/>\n<meta property=\"og:description\" content=\"Pol\u00edtica\" \/>\n<meta property=\"og:url\" content=\"https:\/\/digital58.com.ve\/site\/2020\/10\/03\/anuncian-consulta-popular-para-elaborar-la-propuesta-del-oficialismo-de-cara-a-las-parlamentarias\/\" \/>\n<meta property=\"og:site_name\" content=\"Noticias Digital58\" \/>\n<meta property=\"article:published_time\" content=\"2020-10-03T18:42:07+00:00\" \/>\n<meta property=\"article:modified_time\" content=\"2020-10-03T18:45:24+00:00\" \/>\n<meta property=\"og:image\" content=\"https:\/\/digital58.com.ve\/site\/wp-content\/uploads\/2020\/05\/Jorge-Rodriguez-rueda-de-prensa.jpg\" \/>\n\t<meta property=\"og:image:width\" content=\"800\" \/>\n\t<meta property=\"og:image:height\" content=\"445\" \/>\n\t<meta property=\"og:image:type\" content=\"image\/jpeg\" \/>\n<meta name=\"author\" content=\"Morales Joel\" \/>\n<meta name=\"twitter:card\" content=\"summary_large_image\" \/>\n<meta name=\"twitter:creator\" content=\"@Digital_58\" \/>\n<meta name=\"twitter:site\" content=\"@villasmilhfoto\" \/>\n<meta name=\"twitter:label1\" content=\"Escrito por\" \/>\n\t<meta name=\"twitter:data1\" content=\"Morales Joel\" \/>\n\t<meta name=\"twitter:label2\" content=\"Tiempo estimado de lectura\" \/>\n\t<meta name=\"twitter:data2\" content=\"1 minuto\" \/>\n<script type=\"application\/ld+json\" class=\"yoast-schema-graph\">{\"@context\":\"https:\\\/\\\/schema.org\",\"@graph\":[{\"@type\":\"Article\",\"@id\":\"https:\\\/\\\/digital58.com.ve\\\/site\\\/2020\\\/10\\\/03\\\/anuncian-consulta-popular-para-elaborar-la-propuesta-del-oficialismo-de-cara-a-las-parlamentarias\\\/#article\",\"isPartOf\":{\"@id\":\"https:\\\/\\\/digital58.com.ve\\\/site\\\/2020\\\/10\\\/03\\\/anuncian-consulta-popular-para-elaborar-la-propuesta-del-oficialismo-de-cara-a-las-parlamentarias\\\/\"},\"author\":{\"name\":\"Morales Joel\",\"@id\":\"https:\\\/\\\/digital58.com.ve\\\/site\\\/#\\\/schema\\\/person\\\/8daf5f8bfd9ebdb98150c62bff195b72\"},\"headline\":\"Anuncian consulta popular para elaborar la propuesta del oficialismo de cara a las parlamentarias\",\"datePublished\":\"2020-10-03T18:42:07+00:00\",\"dateModified\":\"2020-10-03T18:45:24+00:00\",\"mainEntityOfPage\":{\"@id\":\"https:\\\/\\\/digital58.com.ve\\\/site\\\/2020\\\/10\\\/03\\\/anuncian-consulta-popular-para-elaborar-la-propuesta-del-oficialismo-de-cara-a-las-parlamentarias\\\/\"},\"wordCount\":276,\"commentCount\":0,\"publisher\":{\"@id\":\"https:\\\/\\\/digital58.com.ve\\\/site\\\/#\\\/schema\\\/person\\\/64d1c2e4d0d4fd1b849980c4331c2951\"},\"image\":{\"@id\":\"https:\\\/\\\/digital58.com.ve\\\/site\\\/2020\\\/10\\\/03\\\/anuncian-consulta-popular-para-elaborar-la-propuesta-del-oficialismo-de-cara-a-las-parlamentarias\\\/#primaryimage\"},\"thumbnailUrl\":\"https:\\\/\\\/digital58.com.ve\\\/site\\\/wp-content\\\/uploads\\\/2020\\\/05\\\/Jorge-Rodriguez-rueda-de-prensa.jpg\",\"keywords\":[\"Comando de campa\u00f1a Dar\u00edo Vivas\",\"Elecciones Parlamentarias 2020\",\"Jorge Rodr\u00edguez\",\"Nacionales\",\"Pol\u00edtica Nacional\",\"Venezuela\"],\"articleSection\":[\"Pol\u00edtica\"],\"inLanguage\":\"es\",\"potentialAction\":[{\"@type\":\"CommentAction\",\"name\":\"Comment\",\"target\":[\"https:\\\/\\\/digital58.com.ve\\\/site\\\/2020\\\/10\\\/03\\\/anuncian-consulta-popular-para-elaborar-la-propuesta-del-oficialismo-de-cara-a-las-parlamentarias\\\/#respond\"]}]},{\"@type\":\"WebPage\",\"@id\":\"https:\\\/\\\/digital58.com.ve\\\/site\\\/2020\\\/10\\\/03\\\/anuncian-consulta-popular-para-elaborar-la-propuesta-del-oficialismo-de-cara-a-las-parlamentarias\\\/\",\"url\":\"https:\\\/\\\/digital58.com.ve\\\/site\\\/2020\\\/10\\\/03\\\/anuncian-consulta-popular-para-elaborar-la-propuesta-del-oficialismo-de-cara-a-las-parlamentarias\\\/\",\"name\":\"Anuncian consulta popular para elaborar la propuesta del oficialismo de cara a las parlamentarias\",\"isPartOf\":{\"@id\":\"https:\\\/\\\/digital58.com.ve\\\/site\\\/#website\"},\"primaryImageOfPage\":{\"@id\":\"https:\\\/\\\/digital58.com.ve\\\/site\\\/2020\\\/10\\\/03\\\/anuncian-consulta-popular-para-elaborar-la-propuesta-del-oficialismo-de-cara-a-las-parlamentarias\\\/#primaryimage\"},\"image\":{\"@id\":\"https:\\\/\\\/digital58.com.ve\\\/site\\\/2020\\\/10\\\/03\\\/anuncian-consulta-popular-para-elaborar-la-propuesta-del-oficialismo-de-cara-a-las-parlamentarias\\\/#primaryimage\"},\"thumbnailUrl\":\"https:\\\/\\\/digital58.com.ve\\\/site\\\/wp-content\\\/uploads\\\/2020\\\/05\\\/Jorge-Rodriguez-rueda-de-prensa.jpg\",\"datePublished\":\"2020-10-03T18:42:07+00:00\",\"dateModified\":\"2020-10-03T18:45:24+00:00\",\"description\":\"Pol\u00edtica\",\"breadcrumb\":{\"@id\":\"https:\\\/\\\/digital58.com.ve\\\/site\\\/2020\\\/10\\\/03\\\/anuncian-consulta-popular-para-elaborar-la-propuesta-del-oficialismo-de-cara-a-las-parlamentarias\\\/#breadcrumb\"},\"inLanguage\":\"es\",\"potentialAction\":[{\"@type\":\"ReadAction\",\"target\":[\"https:\\\/\\\/digital58.com.ve\\\/site\\\/2020\\\/10\\\/03\\\/anuncian-consulta-popular-para-elaborar-la-propuesta-del-oficialismo-de-cara-a-las-parlamentarias\\\/\"]}]},{\"@type\":\"ImageObject\",\"inLanguage\":\"es\",\"@id\":\"https:\\\/\\\/digital58.com.ve\\\/site\\\/2020\\\/10\\\/03\\\/anuncian-consulta-popular-para-elaborar-la-propuesta-del-oficialismo-de-cara-a-las-parlamentarias\\\/#primaryimage\",\"url\":\"https:\\\/\\\/digital58.com.ve\\\/site\\\/wp-content\\\/uploads\\\/2020\\\/05\\\/Jorge-Rodriguez-rueda-de-prensa.jpg\",\"contentUrl\":\"https:\\\/\\\/digital58.com.ve\\\/site\\\/wp-content\\\/uploads\\\/2020\\\/05\\\/Jorge-Rodriguez-rueda-de-prensa.jpg\",\"width\":800,\"height\":445},{\"@type\":\"BreadcrumbList\",\"@id\":\"https:\\\/\\\/digital58.com.ve\\\/site\\\/2020\\\/10\\\/03\\\/anuncian-consulta-popular-para-elaborar-la-propuesta-del-oficialismo-de-cara-a-las-parlamentarias\\\/#breadcrumb\",\"itemListElement\":[{\"@type\":\"ListItem\",\"position\":1,\"name\":\"Home\",\"item\":\"https:\\\/\\\/digital58.com.ve\\\/site\\\/\"},{\"@type\":\"ListItem\",\"position\":2,\"name\":\"Anuncian consulta popular para elaborar la propuesta del oficialismo de cara a las parlamentarias\"}]},{\"@type\":\"WebSite\",\"@id\":\"https:\\\/\\\/digital58.com.ve\\\/site\\\/#website\",\"url\":\"https:\\\/\\\/digital58.com.ve\\\/site\\\/\",\"name\":\"Noticias Digital58\",\"description\":\"Portal de Noticias \u00a1Periodismo web de verdad! Lanzamiento web 22.11.2005 \\\/ Maracaibo, Venezuela\",\"publisher\":{\"@id\":\"https:\\\/\\\/digital58.com.ve\\\/site\\\/#\\\/schema\\\/person\\\/64d1c2e4d0d4fd1b849980c4331c2951\"},\"alternateName\":\"ND58\",\"potentialAction\":[{\"@type\":\"SearchAction\",\"target\":{\"@type\":\"EntryPoint\",\"urlTemplate\":\"https:\\\/\\\/digital58.com.ve\\\/site\\\/?s={search_term_string}\"},\"query-input\":{\"@type\":\"PropertyValueSpecification\",\"valueRequired\":true,\"valueName\":\"search_term_string\"}}],\"inLanguage\":\"es\"},{\"@type\":[\"Person\",\"Organization\"],\"@id\":\"https:\\\/\\\/digital58.com.ve\\\/site\\\/#\\\/schema\\\/person\\\/64d1c2e4d0d4fd1b849980c4331c2951\",\"name\":\"Villasmil Henry\",\"image\":{\"@type\":\"ImageObject\",\"inLanguage\":\"es\",\"@id\":\"https:\\\/\\\/secure.gravatar.com\\\/avatar\\\/bb0c4a2fcb7970138239f7e404ea75757b1b507b28b5ce4c53fbd62d797c5a7c?s=96&d=mm&r=g\",\"url\":\"https:\\\/\\\/secure.gravatar.com\\\/avatar\\\/bb0c4a2fcb7970138239f7e404ea75757b1b507b28b5ce4c53fbd62d797c5a7c?s=96&d=mm&r=g\",\"contentUrl\":\"https:\\\/\\\/secure.gravatar.com\\\/avatar\\\/bb0c4a2fcb7970138239f7e404ea75757b1b507b28b5ce4c53fbd62d797c5a7c?s=96&d=mm&r=g\",\"caption\":\"Villasmil Henry\"},\"logo\":{\"@id\":\"https:\\\/\\\/secure.gravatar.com\\\/avatar\\\/bb0c4a2fcb7970138239f7e404ea75757b1b507b28b5ce4c53fbd62d797c5a7c?s=96&d=mm&r=g\"},\"sameAs\":[\"http:\\\/\\\/www.henryvillasmil.com.ve\",\"https:\\\/\\\/www.instagram.com\\\/villasmilhfoto\\\/\",\"https:\\\/\\\/x.com\\\/https:\\\/\\\/twitter.com\\\/villasmilhfoto\"]},{\"@type\":\"Person\",\"@id\":\"https:\\\/\\\/digital58.com.ve\\\/site\\\/#\\\/schema\\\/person\\\/8daf5f8bfd9ebdb98150c62bff195b72\",\"name\":\"Morales Joel\",\"image\":{\"@type\":\"ImageObject\",\"inLanguage\":\"es\",\"@id\":\"https:\\\/\\\/secure.gravatar.com\\\/avatar\\\/e2cb5ce0e9279ab3c8e03d472e483f32e666716a18da3bfa7b0749a5465409f1?s=96&d=mm&r=g\",\"url\":\"https:\\\/\\\/secure.gravatar.com\\\/avatar\\\/e2cb5ce0e9279ab3c8e03d472e483f32e666716a18da3bfa7b0749a5465409f1?s=96&d=mm&r=g\",\"contentUrl\":\"https:\\\/\\\/secure.gravatar.com\\\/avatar\\\/e2cb5ce0e9279ab3c8e03d472e483f32e666716a18da3bfa7b0749a5465409f1?s=96&d=mm&r=g\",\"caption\":\"Morales Joel\"},\"url\":\"https:\\\/\\\/digital58.com.ve\\\/site\\\/author\\\/joelm\\\/\"}]}<\/script>\n<!-- \/ Yoast SEO plugin. -->","yoast_head_json":{"title":"Anuncian consulta popular para elaborar la propuesta del oficialismo de cara a las parlamentarias","description":"Pol\u00edtica","robots":{"index":"index","follow":"follow","max-snippet":"max-snippet:-1","max-image-preview":"max-image-preview:large","max-video-preview":"max-video-preview:-1"},"canonical":"https:\/\/digital58.com.ve\/site\/2020\/10\/03\/anuncian-consulta-popular-para-elaborar-la-propuesta-del-oficialismo-de-cara-a-las-parlamentarias\/","og_locale":"es_ES","og_type":"article","og_title":"Anuncian consulta popular para elaborar la propuesta del oficialismo de cara a las parlamentarias","og_description":"Pol\u00edtica","og_url":"https:\/\/digital58.com.ve\/site\/2020\/10\/03\/anuncian-consulta-popular-para-elaborar-la-propuesta-del-oficialismo-de-cara-a-las-parlamentarias\/","og_site_name":"Noticias Digital58","article_published_time":"2020-10-03T18:42:07+00:00","article_modified_time":"2020-10-03T18:45:24+00:00","og_image":[{"width":800,"height":445,"url":"https:\/\/digital58.com.ve\/site\/wp-content\/uploads\/2020\/05\/Jorge-Rodriguez-rueda-de-prensa.jpg","type":"image\/jpeg"}],"author":"Morales Joel","twitter_card":"summary_large_image","twitter_creator":"@Digital_58","twitter_site":"@villasmilhfoto","twitter_misc":{"Escrito por":"Morales Joel","Tiempo estimado de lectura":"1 minuto"},"schema":{"@context":"https:\/\/schema.org","@graph":[{"@type":"Article","@id":"https:\/\/digital58.com.ve\/site\/2020\/10\/03\/anuncian-consulta-popular-para-elaborar-la-propuesta-del-oficialismo-de-cara-a-las-parlamentarias\/#article","isPartOf":{"@id":"https:\/\/digital58.com.ve\/site\/2020\/10\/03\/anuncian-consulta-popular-para-elaborar-la-propuesta-del-oficialismo-de-cara-a-las-parlamentarias\/"},"author":{"name":"Morales Joel","@id":"https:\/\/digital58.com.ve\/site\/#\/schema\/person\/8daf5f8bfd9ebdb98150c62bff195b72"},"headline":"Anuncian consulta popular para elaborar la propuesta del oficialismo de cara a las parlamentarias","datePublished":"2020-10-03T18:42:07+00:00","dateModified":"2020-10-03T18:45:24+00:00","mainEntityOfPage":{"@id":"https:\/\/digital58.com.ve\/site\/2020\/10\/03\/anuncian-consulta-popular-para-elaborar-la-propuesta-del-oficialismo-de-cara-a-las-parlamentarias\/"},"wordCount":276,"commentCount":0,"publisher":{"@id":"https:\/\/digital58.com.ve\/site\/#\/schema\/person\/64d1c2e4d0d4fd1b849980c4331c2951"},"image":{"@id":"https:\/\/digital58.com.ve\/site\/2020\/10\/03\/anuncian-consulta-popular-para-elaborar-la-propuesta-del-oficialismo-de-cara-a-las-parlamentarias\/#primaryimage"},"thumbnailUrl":"https:\/\/digital58.com.ve\/site\/wp-content\/uploads\/2020\/05\/Jorge-Rodriguez-rueda-de-prensa.jpg","keywords":["Comando de campa\u00f1a Dar\u00edo Vivas","Elecciones Parlamentarias 2020","Jorge Rodr\u00edguez","Nacionales","Pol\u00edtica Nacional","Venezuela"],"articleSection":["Pol\u00edtica"],"inLanguage":"es","potentialAction":[{"@type":"CommentAction","name":"Comment","target":["https:\/\/digital58.com.ve\/site\/2020\/10\/03\/anuncian-consulta-popular-para-elaborar-la-propuesta-del-oficialismo-de-cara-a-las-parlamentarias\/#respond"]}]},{"@type":"WebPage","@id":"https:\/\/digital58.com.ve\/site\/2020\/10\/03\/anuncian-consulta-popular-para-elaborar-la-propuesta-del-oficialismo-de-cara-a-las-parlamentarias\/","url":"https:\/\/digital58.com.ve\/site\/2020\/10\/03\/anuncian-consulta-popular-para-elaborar-la-propuesta-del-oficialismo-de-cara-a-las-parlamentarias\/","name":"Anuncian consulta popular para elaborar la propuesta del oficialismo de cara a las parlamentarias","isPartOf":{"@id":"https:\/\/digital58.com.ve\/site\/#website"},"primaryImageOfPage":{"@id":"https:\/\/digital58.com.ve\/site\/2020\/10\/03\/anuncian-consulta-popular-para-elaborar-la-propuesta-del-oficialismo-de-cara-a-las-parlamentarias\/#primaryimage"},"image":{"@id":"https:\/\/digital58.com.ve\/site\/2020\/10\/03\/anuncian-consulta-popular-para-elaborar-la-propuesta-del-oficialismo-de-cara-a-las-parlamentarias\/#primaryimage"},"thumbnailUrl":"https:\/\/digital58.com.ve\/site\/wp-content\/uploads\/2020\/05\/Jorge-Rodriguez-rueda-de-prensa.jpg","datePublished":"2020-10-03T18:42:07+00:00","dateModified":"2020-10-03T18:45:24+00:00","description":"Pol\u00edtica","breadcrumb":{"@id":"https:\/\/digital58.com.ve\/site\/2020\/10\/03\/anuncian-consulta-popular-para-elaborar-la-propuesta-del-oficialismo-de-cara-a-las-parlamentarias\/#breadcrumb"},"inLanguage":"es","potentialAction":[{"@type":"ReadAction","target":["https:\/\/digital58.com.ve\/site\/2020\/10\/03\/anuncian-consulta-popular-para-elaborar-la-propuesta-del-oficialismo-de-cara-a-las-parlamentarias\/"]}]},{"@type":"ImageObject","inLanguage":"es","@id":"https:\/\/digital58.com.ve\/site\/2020\/10\/03\/anuncian-consulta-popular-para-elaborar-la-propuesta-del-oficialismo-de-cara-a-las-parlamentarias\/#primaryimage","url":"https:\/\/digital58.com.ve\/site\/wp-content\/uploads\/2020\/05\/Jorge-Rodriguez-rueda-de-prensa.jpg","contentUrl":"https:\/\/digital58.com.ve\/site\/wp-content\/uploads\/2020\/05\/Jorge-Rodriguez-rueda-de-prensa.jpg","width":800,"height":445},{"@type":"BreadcrumbList","@id":"https:\/\/digital58.com.ve\/site\/2020\/10\/03\/anuncian-consulta-popular-para-elaborar-la-propuesta-del-oficialismo-de-cara-a-las-parlamentarias\/#breadcrumb","itemListElement":[{"@type":"ListItem","position":1,"name":"Home","item":"https:\/\/digital58.com.ve\/site\/"},{"@type":"ListItem","position":2,"name":"Anuncian consulta popular para elaborar la propuesta del oficialismo de cara a las parlamentarias"}]},{"@type":"WebSite","@id":"https:\/\/digital58.com.ve\/site\/#website","url":"https:\/\/digital58.com.ve\/site\/","name":"Noticias Digital58","description":"Portal de Noticias \u00a1Periodismo web de verdad! Lanzamiento web 22.11.2005 \/ Maracaibo, Venezuela","publisher":{"@id":"https:\/\/digital58.com.ve\/site\/#\/schema\/person\/64d1c2e4d0d4fd1b849980c4331c2951"},"alternateName":"ND58","potentialAction":[{"@type":"SearchAction","target":{"@type":"EntryPoint","urlTemplate":"https:\/\/digital58.com.ve\/site\/?s={search_term_string}"},"query-input":{"@type":"PropertyValueSpecification","valueRequired":true,"valueName":"search_term_string"}}],"inLanguage":"es"},{"@type":["Person","Organization"],"@id":"https:\/\/digital58.com.ve\/site\/#\/schema\/person\/64d1c2e4d0d4fd1b849980c4331c2951","name":"Villasmil Henry","image":{"@type":"ImageObject","inLanguage":"es","@id":"https:\/\/secure.gravatar.com\/avatar\/bb0c4a2fcb7970138239f7e404ea75757b1b507b28b5ce4c53fbd62d797c5a7c?s=96&d=mm&r=g","url":"https:\/\/secure.gravatar.com\/avatar\/bb0c4a2fcb7970138239f7e404ea75757b1b507b28b5ce4c53fbd62d797c5a7c?s=96&d=mm&r=g","contentUrl":"https:\/\/secure.gravatar.com\/avatar\/bb0c4a2fcb7970138239f7e404ea75757b1b507b28b5ce4c53fbd62d797c5a7c?s=96&d=mm&r=g","caption":"Villasmil Henry"},"logo":{"@id":"https:\/\/secure.gravatar.com\/avatar\/bb0c4a2fcb7970138239f7e404ea75757b1b507b28b5ce4c53fbd62d797c5a7c?s=96&d=mm&r=g"},"sameAs":["http:\/\/www.henryvillasmil.com.ve","https:\/\/www.instagram.com\/villasmilhfoto\/","https:\/\/x.com\/https:\/\/twitter.com\/villasmilhfoto"]},{"@type":"Person","@id":"https:\/\/digital58.com.ve\/site\/#\/schema\/person\/8daf5f8bfd9ebdb98150c62bff195b72","name":"Morales Joel","image":{"@type":"ImageObject","inLanguage":"es","@id":"https:\/\/secure.gravatar.com\/avatar\/e2cb5ce0e9279ab3c8e03d472e483f32e666716a18da3bfa7b0749a5465409f1?s=96&d=mm&r=g","url":"https:\/\/secure.gravatar.com\/avatar\/e2cb5ce0e9279ab3c8e03d472e483f32e666716a18da3bfa7b0749a5465409f1?s=96&d=mm&r=g","contentUrl":"https:\/\/secure.gravatar.com\/avatar\/e2cb5ce0e9279ab3c8e03d472e483f32e666716a18da3bfa7b0749a5465409f1?s=96&d=mm&r=g","caption":"Morales Joel"},"url":"https:\/\/digital58.com.ve\/site\/author\/joelm\/"}]}},"uagb_featured_image_src":{"full":["https:\/\/digital58.com.ve\/site\/wp-content\/uploads\/2020\/05\/Jorge-Rodriguez-rueda-de-prensa.jpg",800,445,false],"thumbnail":["https:\/\/digital58.com.ve\/site\/wp-content\/uploads\/2020\/05\/Jorge-Rodriguez-rueda-de-prensa-150x150.jpg",150,150,true],"medium":["https:\/\/digital58.com.ve\/site\/wp-content\/uploads\/2020\/05\/Jorge-Rodriguez-rueda-de-prensa-300x167.jpg",300,167,true],"medium_large":["https:\/\/digital58.com.ve\/site\/wp-content\/uploads\/2020\/05\/Jorge-Rodriguez-rueda-de-prensa-768x427.jpg",768,427,true],"large":["https:\/\/digital58.com.ve\/site\/wp-content\/uploads\/2020\/05\/Jorge-Rodriguez-rueda-de-prensa.jpg",800,445,false],"1536x1536":["https:\/\/digital58.com.ve\/site\/wp-content\/uploads\/2020\/05\/Jorge-Rodriguez-rueda-de-prensa.jpg",800,445,false],"2048x2048":["https:\/\/digital58.com.ve\/site\/wp-content\/uploads\/2020\/05\/Jorge-Rodriguez-rueda-de-prensa.jpg",800,445,false],"colormag-highlighted-post":["https:\/\/digital58.com.ve\/site\/wp-content\/uploads\/2020\/05\/Jorge-Rodriguez-rueda-de-prensa.jpg",392,218,false],"colormag-featured-post-medium":["https:\/\/digital58.com.ve\/site\/wp-content\/uploads\/2020\/05\/Jorge-Rodriguez-rueda-de-prensa.jpg",369,205,false],"colormag-featured-post-small":["https:\/\/digital58.com.ve\/site\/wp-content\/uploads\/2020\/05\/Jorge-Rodriguez-rueda-de-prensa.jpg",130,72,false],"colormag-featured-image":["https:\/\/digital58.com.ve\/site\/wp-content\/uploads\/2020\/05\/Jorge-Rodriguez-rueda-de-prensa.jpg",800,445,false],"colormag-default-news":["https:\/\/digital58.com.ve\/site\/wp-content\/uploads\/2020\/05\/Jorge-Rodriguez-rueda-de-prensa.jpg",150,83,false],"colormag-featured-image-large":["https:\/\/digital58.com.ve\/site\/wp-content\/uploads\/2020\/05\/Jorge-Rodriguez-rueda-de-prensa.jpg",800,445,false]},"uagb_author_info":{"display_name":"Morales Joel","author_link":"https:\/\/digital58.com.ve\/site\/author\/joelm\/"},"uagb_comment_info":0,"uagb_excerpt":"Seg\u00fan inform\u00f3 Jorge Rodr\u00edguez la consulta servir\u00e1 para rescatar la Asamblea Nacional. Caracas, DC, Venezuela, 03 de octubre de 2020","_links":{"self":[{"href":"https:\/\/digital58.com.ve\/site\/wp-json\/wp\/v2\/posts\/130116","targetHints":{"allow":["GET"]}}],"collection":[{"href":"https:\/\/digital58.com.ve\/site\/wp-json\/wp\/v2\/posts"}],"about":[{"href":"https:\/\/digital58.com.ve\/site\/wp-json\/wp\/v2\/types\/post"}],"author":[{"embeddable":true,"href":"https:\/\/digital58.com.ve\/site\/wp-json\/wp\/v2\/users\/29"}],"replies":[{"embeddable":true,"href":"https:\/\/digital58.com.ve\/site\/wp-json\/wp\/v2\/comments?post=130116"}],"version-history":[{"count":0,"href":"https:\/\/digital58.com.ve\/site\/wp-json\/wp\/v2\/posts\/130116\/revisions"}],"wp:featuredmedia":[{"embeddable":true,"href":"https:\/\/digital58.com.ve\/site\/wp-json\/wp\/v2\/media\/101699"}],"wp:attachment":[{"href":"https:\/\/digital58.com.ve\/site\/wp-json\/wp\/v2\/media?parent=130116"}],"wp:term":[{"taxonomy":"category","embeddable":true,"href":"https:\/\/digital58.com.ve\/site\/wp-json\/wp\/v2\/categories?post=130116"},{"taxonomy":"post_tag","embeddable":true,"href":"https:\/\/digital58.com.ve\/site\/wp-json\/wp\/v2\/tags?post=130116"}],"curies":[{"name":"wp","href":"https:\/\/api.w.org\/{rel}","templated":true}]}}