{"id":130724,"date":"2020-10-11T20:22:44","date_gmt":"2020-10-12T00:22:44","guid":{"rendered":"https:\/\/digital58.com.ve\/site\/?p=130724"},"modified":"2020-10-11T20:22:44","modified_gmt":"2020-10-12T00:22:44","slug":"el-papa-pide-mayor-participacion-femenina-en-las-instituciones-de-la-iglesia","status":"publish","type":"post","link":"https:\/\/digital58.com.ve\/site\/2020\/10\/11\/el-papa-pide-mayor-participacion-femenina-en-las-instituciones-de-la-iglesia\/","title":{"rendered":"El papa pide mayor participaci\u00f3n femenina en las instituciones de la Iglesia"},"content":{"rendered":"<p><a href=\"https:\/\/digital58.com.ve\/site\/wp-content\/uploads\/2020\/10\/papa-francisco-11-10-20.jpg\"><img loading=\"lazy\" decoding=\"async\" class=\"aligncenter size-full wp-image-130733\" src=\"https:\/\/digital58.com.ve\/site\/wp-content\/uploads\/2020\/10\/papa-francisco-11-10-20.jpg\" alt=\"\" width=\"900\" height=\"576\" srcset=\"https:\/\/digital58.com.ve\/site\/wp-content\/uploads\/2020\/10\/papa-francisco-11-10-20.jpg 800w, https:\/\/digital58.com.ve\/site\/wp-content\/uploads\/2020\/10\/papa-francisco-11-10-20-300x192.jpg 300w, https:\/\/digital58.com.ve\/site\/wp-content\/uploads\/2020\/10\/papa-francisco-11-10-20-768x492.jpg 768w\" sizes=\"auto, (max-width: 900px) 100vw, 900px\" \/><\/a><\/p>\n<p>\u00abHay que fomentar la presencia de mujeres en los lugares en los que se toman las decisiones importantes\u00bb y que \u00abparticipen en las instituciones de responsabilidad de la Iglesia\u00bb, a\u00f1adi\u00f3.<\/p>\n<p><strong>Ciudad del Vaticano, 11 de octubre de 2020 (ND58).-<\/strong> El papa Francisco pidi\u00f3 este 11 de octubre una mayor participaci\u00f3n femenina en las instituciones de responsabilidad de la Iglesia cat\u00f3lica, para que se encuentren \u00aben los lugares en los que se toman las decisiones importantes\u00bb.<\/p>\n<p>\u00abRecemos para que los fieles laicos, especialmente las mujeres, participen m\u00e1s en las instituciones de responsabilidad de la Iglesia\u00bb, dijo Francisco, momentos despu\u00e9s del rezo del \u00c1ngelus dominical.<\/p>\n<p>Jorge Bergoglio sostuvo que ning\u00fan ser humano es bautizado \u00abcomo sacerdote o como obispo\u00bb, sino como \u00ablaico o laica\u00bb, y estos son los verdaderos \u00abprotagonistas de la Iglesia\u00bb cat\u00f3lica.<\/p>\n<p>\u00abHoy tenemos necesidad de fomentar la presencia femenina en la Iglesia y la presencia laica en la Iglesia, subrayando la presencia de las mujeres, que con frecuencia son dejadas a un lado\u00bb, subray\u00f3.<\/p>\n<p>El papa Francisco ha pedido mayor presencia de mujeres en la Iglesia en otras ocasiones y el pasado agosto incorpor\u00f3 a seis mujeres, dos de ellas espa\u00f1olas, al renovar el Consejo de Econom\u00eda, establecido en 2014 para supervisar las estructuras, y las actividades administrativas y financieras de la Santa Sede.<\/p>\n<p><strong>Redacci\u00f3n ND58 | Fuente: EFE<\/strong><br \/>\n<strong>Edici\u00f3n: Villasmil, Henry<\/strong><br \/>\n<strong>Gr\u00e1fica: EFE<\/strong><\/p><div class=\"bsqnh69f487ab1e7f2\" ><p style=\"text-align: center;\"><a href=\"https:\/\/t.me\/noticiasdigital58\" target=\"_blank\" rel=\"noopener\"><img class=\"aligncenter size-full wp-image-125363\" src=\"https:\/\/digital58.com.ve\/site\/wp-content\/uploads\/2021\/04\/banner-telegram-web-2021.png\" alt=\"\" width=\"600\" height=\"90\" \/><\/a><\/p><\/div><style type=\"text\/css\">\r\n@media screen and (min-width: 1201px) {\r\n.bsqnh69f487ab1e7f2 {\r\ndisplay: block;\r\n}\r\n}\r\n@media screen and (min-width: 993px) and (max-width: 1200px) {\r\n.bsqnh69f487ab1e7f2 {\r\ndisplay: block;\r\n}\r\n}\r\n@media screen and (min-width: 769px) and (max-width: 992px) {\r\n.bsqnh69f487ab1e7f2 {\r\ndisplay: block;\r\n}\r\n}\r\n@media screen and (min-width: 768px) and (max-width: 768px) {\r\n.bsqnh69f487ab1e7f2 {\r\ndisplay: block;\r\n}\r\n}\r\n@media screen and (max-width: 767px) {\r\n.bsqnh69f487ab1e7f2 {\r\ndisplay: block;\r\n}\r\n}\r\n<\/style>\r\n\n<p>&nbsp;<\/p>\n<div style=\"margin-top: 0px; margin-bottom: 0px;\" class=\"sharethis-inline-share-buttons\" ><\/div>","protected":false},"excerpt":{"rendered":"<p>\u00abHay que fomentar la presencia de mujeres en los lugares en los que se toman las decisiones importantes\u00bb y que<\/p>\n","protected":false},"author":1,"featured_media":130733,"comment_status":"open","ping_status":"closed","sticky":false,"template":"","format":"standard","meta":{"colormag_page_container_layout":"default_layout","colormag_page_sidebar_layout":"default_layout","_uag_custom_page_level_css":"","footnotes":""},"categories":[16451,8608],"tags":[22218,11086,9221,1692,8,1035],"class_list":["post-130724","post","type-post","status-publish","format-standard","has-post-thumbnail","hentry","category-mundo","category-reportajes-especiales","tag-angelus-dominical","tag-ciudad-del-vaticano","tag-fe-y-religion","tag-iglesia-catolica","tag-internacionales","tag-papa-francisco"],"yoast_head":"<!-- This site is optimized with the Yoast SEO plugin v27.5 - https:\/\/yoast.com\/product\/yoast-seo-wordpress\/ -->\n<title>El papa pide mayor participaci\u00f3n femenina en las instituciones de la Iglesia<\/title>\n<meta name=\"description\" content=\"Reportajes Especiales\" \/>\n<meta name=\"robots\" content=\"index, follow, max-snippet:-1, max-image-preview:large, max-video-preview:-1\" \/>\n<link rel=\"canonical\" href=\"https:\/\/digital58.com.ve\/site\/2020\/10\/11\/el-papa-pide-mayor-participacion-femenina-en-las-instituciones-de-la-iglesia\/\" \/>\n<meta property=\"og:locale\" content=\"es_ES\" \/>\n<meta property=\"og:type\" content=\"article\" \/>\n<meta property=\"og:title\" content=\"El papa pide mayor participaci\u00f3n femenina en las instituciones de la Iglesia\" \/>\n<meta property=\"og:description\" content=\"Reportajes Especiales\" \/>\n<meta property=\"og:url\" content=\"https:\/\/digital58.com.ve\/site\/2020\/10\/11\/el-papa-pide-mayor-participacion-femenina-en-las-instituciones-de-la-iglesia\/\" \/>\n<meta property=\"og:site_name\" content=\"Noticias Digital58\" \/>\n<meta property=\"article:published_time\" content=\"2020-10-12T00:22:44+00:00\" \/>\n<meta property=\"og:image\" content=\"https:\/\/digital58.com.ve\/site\/wp-content\/uploads\/2020\/10\/papa-francisco-11-10-20.jpg\" \/>\n\t<meta property=\"og:image:width\" content=\"900\" \/>\n\t<meta property=\"og:image:height\" content=\"576\" \/>\n\t<meta property=\"og:image:type\" content=\"image\/jpeg\" \/>\n<meta name=\"author\" content=\"Villasmil Henry\" \/>\n<meta name=\"twitter:card\" content=\"summary_large_image\" \/>\n<meta name=\"twitter:creator\" content=\"@https:\/\/twitter.com\/villasmilhfoto\" \/>\n<meta name=\"twitter:site\" content=\"@villasmilhfoto\" \/>\n<meta name=\"twitter:label1\" content=\"Escrito por\" \/>\n\t<meta name=\"twitter:data1\" content=\"Villasmil Henry\" \/>\n\t<meta name=\"twitter:label2\" content=\"Tiempo estimado de lectura\" \/>\n\t<meta name=\"twitter:data2\" content=\"1 minuto\" \/>\n<script type=\"application\/ld+json\" class=\"yoast-schema-graph\">{\"@context\":\"https:\\\/\\\/schema.org\",\"@graph\":[{\"@type\":\"Article\",\"@id\":\"https:\\\/\\\/digital58.com.ve\\\/site\\\/2020\\\/10\\\/11\\\/el-papa-pide-mayor-participacion-femenina-en-las-instituciones-de-la-iglesia\\\/#article\",\"isPartOf\":{\"@id\":\"https:\\\/\\\/digital58.com.ve\\\/site\\\/2020\\\/10\\\/11\\\/el-papa-pide-mayor-participacion-femenina-en-las-instituciones-de-la-iglesia\\\/\"},\"author\":{\"name\":\"Villasmil Henry\",\"@id\":\"https:\\\/\\\/digital58.com.ve\\\/site\\\/#\\\/schema\\\/person\\\/64d1c2e4d0d4fd1b849980c4331c2951\"},\"headline\":\"El papa pide mayor participaci\u00f3n femenina en las instituciones de la Iglesia\",\"datePublished\":\"2020-10-12T00:22:44+00:00\",\"mainEntityOfPage\":{\"@id\":\"https:\\\/\\\/digital58.com.ve\\\/site\\\/2020\\\/10\\\/11\\\/el-papa-pide-mayor-participacion-femenina-en-las-instituciones-de-la-iglesia\\\/\"},\"wordCount\":247,\"commentCount\":0,\"publisher\":{\"@id\":\"https:\\\/\\\/digital58.com.ve\\\/site\\\/#\\\/schema\\\/person\\\/64d1c2e4d0d4fd1b849980c4331c2951\"},\"image\":{\"@id\":\"https:\\\/\\\/digital58.com.ve\\\/site\\\/2020\\\/10\\\/11\\\/el-papa-pide-mayor-participacion-femenina-en-las-instituciones-de-la-iglesia\\\/#primaryimage\"},\"thumbnailUrl\":\"https:\\\/\\\/digital58.com.ve\\\/site\\\/wp-content\\\/uploads\\\/2020\\\/10\\\/papa-francisco-11-10-20.jpg\",\"keywords\":[\"\u00c1ngelus dominical\",\"Ciudad del Vaticano\",\"Fe y Religi\u00f3n\",\"Iglesia Cat\u00f3lica\",\"Internacionales\",\"Papa Francisco\"],\"articleSection\":[\"Mundo\",\"Reportajes Especiales\"],\"inLanguage\":\"es\",\"potentialAction\":[{\"@type\":\"CommentAction\",\"name\":\"Comment\",\"target\":[\"https:\\\/\\\/digital58.com.ve\\\/site\\\/2020\\\/10\\\/11\\\/el-papa-pide-mayor-participacion-femenina-en-las-instituciones-de-la-iglesia\\\/#respond\"]}]},{\"@type\":\"WebPage\",\"@id\":\"https:\\\/\\\/digital58.com.ve\\\/site\\\/2020\\\/10\\\/11\\\/el-papa-pide-mayor-participacion-femenina-en-las-instituciones-de-la-iglesia\\\/\",\"url\":\"https:\\\/\\\/digital58.com.ve\\\/site\\\/2020\\\/10\\\/11\\\/el-papa-pide-mayor-participacion-femenina-en-las-instituciones-de-la-iglesia\\\/\",\"name\":\"El papa pide mayor participaci\u00f3n femenina en las instituciones de la Iglesia\",\"isPartOf\":{\"@id\":\"https:\\\/\\\/digital58.com.ve\\\/site\\\/#website\"},\"primaryImageOfPage\":{\"@id\":\"https:\\\/\\\/digital58.com.ve\\\/site\\\/2020\\\/10\\\/11\\\/el-papa-pide-mayor-participacion-femenina-en-las-instituciones-de-la-iglesia\\\/#primaryimage\"},\"image\":{\"@id\":\"https:\\\/\\\/digital58.com.ve\\\/site\\\/2020\\\/10\\\/11\\\/el-papa-pide-mayor-participacion-femenina-en-las-instituciones-de-la-iglesia\\\/#primaryimage\"},\"thumbnailUrl\":\"https:\\\/\\\/digital58.com.ve\\\/site\\\/wp-content\\\/uploads\\\/2020\\\/10\\\/papa-francisco-11-10-20.jpg\",\"datePublished\":\"2020-10-12T00:22:44+00:00\",\"description\":\"Reportajes Especiales\",\"breadcrumb\":{\"@id\":\"https:\\\/\\\/digital58.com.ve\\\/site\\\/2020\\\/10\\\/11\\\/el-papa-pide-mayor-participacion-femenina-en-las-instituciones-de-la-iglesia\\\/#breadcrumb\"},\"inLanguage\":\"es\",\"potentialAction\":[{\"@type\":\"ReadAction\",\"target\":[\"https:\\\/\\\/digital58.com.ve\\\/site\\\/2020\\\/10\\\/11\\\/el-papa-pide-mayor-participacion-femenina-en-las-instituciones-de-la-iglesia\\\/\"]}]},{\"@type\":\"ImageObject\",\"inLanguage\":\"es\",\"@id\":\"https:\\\/\\\/digital58.com.ve\\\/site\\\/2020\\\/10\\\/11\\\/el-papa-pide-mayor-participacion-femenina-en-las-instituciones-de-la-iglesia\\\/#primaryimage\",\"url\":\"https:\\\/\\\/digital58.com.ve\\\/site\\\/wp-content\\\/uploads\\\/2020\\\/10\\\/papa-francisco-11-10-20.jpg\",\"contentUrl\":\"https:\\\/\\\/digital58.com.ve\\\/site\\\/wp-content\\\/uploads\\\/2020\\\/10\\\/papa-francisco-11-10-20.jpg\",\"width\":800,\"height\":512},{\"@type\":\"BreadcrumbList\",\"@id\":\"https:\\\/\\\/digital58.com.ve\\\/site\\\/2020\\\/10\\\/11\\\/el-papa-pide-mayor-participacion-femenina-en-las-instituciones-de-la-iglesia\\\/#breadcrumb\",\"itemListElement\":[{\"@type\":\"ListItem\",\"position\":1,\"name\":\"Home\",\"item\":\"https:\\\/\\\/digital58.com.ve\\\/site\\\/\"},{\"@type\":\"ListItem\",\"position\":2,\"name\":\"El papa pide mayor participaci\u00f3n femenina en las instituciones de la Iglesia\"}]},{\"@type\":\"WebSite\",\"@id\":\"https:\\\/\\\/digital58.com.ve\\\/site\\\/#website\",\"url\":\"https:\\\/\\\/digital58.com.ve\\\/site\\\/\",\"name\":\"Noticias Digital58\",\"description\":\"Portal de Noticias \u00a1Periodismo web de verdad! Lanzamiento web 22.11.2005 \\\/ Maracaibo, Venezuela\",\"publisher\":{\"@id\":\"https:\\\/\\\/digital58.com.ve\\\/site\\\/#\\\/schema\\\/person\\\/64d1c2e4d0d4fd1b849980c4331c2951\"},\"alternateName\":\"ND58\",\"potentialAction\":[{\"@type\":\"SearchAction\",\"target\":{\"@type\":\"EntryPoint\",\"urlTemplate\":\"https:\\\/\\\/digital58.com.ve\\\/site\\\/?s={search_term_string}\"},\"query-input\":{\"@type\":\"PropertyValueSpecification\",\"valueRequired\":true,\"valueName\":\"search_term_string\"}}],\"inLanguage\":\"es\"},{\"@type\":[\"Person\",\"Organization\"],\"@id\":\"https:\\\/\\\/digital58.com.ve\\\/site\\\/#\\\/schema\\\/person\\\/64d1c2e4d0d4fd1b849980c4331c2951\",\"name\":\"Villasmil Henry\",\"image\":{\"@type\":\"ImageObject\",\"inLanguage\":\"es\",\"@id\":\"https:\\\/\\\/secure.gravatar.com\\\/avatar\\\/bb0c4a2fcb7970138239f7e404ea75757b1b507b28b5ce4c53fbd62d797c5a7c?s=96&d=mm&r=g\",\"url\":\"https:\\\/\\\/secure.gravatar.com\\\/avatar\\\/bb0c4a2fcb7970138239f7e404ea75757b1b507b28b5ce4c53fbd62d797c5a7c?s=96&d=mm&r=g\",\"contentUrl\":\"https:\\\/\\\/secure.gravatar.com\\\/avatar\\\/bb0c4a2fcb7970138239f7e404ea75757b1b507b28b5ce4c53fbd62d797c5a7c?s=96&d=mm&r=g\",\"caption\":\"Villasmil Henry\"},\"logo\":{\"@id\":\"https:\\\/\\\/secure.gravatar.com\\\/avatar\\\/bb0c4a2fcb7970138239f7e404ea75757b1b507b28b5ce4c53fbd62d797c5a7c?s=96&d=mm&r=g\"},\"sameAs\":[\"http:\\\/\\\/www.henryvillasmil.com.ve\",\"https:\\\/\\\/www.instagram.com\\\/villasmilhfoto\\\/\",\"https:\\\/\\\/x.com\\\/https:\\\/\\\/twitter.com\\\/villasmilhfoto\"],\"url\":\"https:\\\/\\\/digital58.com.ve\\\/site\\\/author\\\/droopy_68\\\/\"}]}<\/script>\n<!-- \/ Yoast SEO plugin. -->","yoast_head_json":{"title":"El papa pide mayor participaci\u00f3n femenina en las instituciones de la Iglesia","description":"Reportajes Especiales","robots":{"index":"index","follow":"follow","max-snippet":"max-snippet:-1","max-image-preview":"max-image-preview:large","max-video-preview":"max-video-preview:-1"},"canonical":"https:\/\/digital58.com.ve\/site\/2020\/10\/11\/el-papa-pide-mayor-participacion-femenina-en-las-instituciones-de-la-iglesia\/","og_locale":"es_ES","og_type":"article","og_title":"El papa pide mayor participaci\u00f3n femenina en las instituciones de la Iglesia","og_description":"Reportajes Especiales","og_url":"https:\/\/digital58.com.ve\/site\/2020\/10\/11\/el-papa-pide-mayor-participacion-femenina-en-las-instituciones-de-la-iglesia\/","og_site_name":"Noticias Digital58","article_published_time":"2020-10-12T00:22:44+00:00","og_image":[{"width":900,"height":576,"url":"https:\/\/digital58.com.ve\/site\/wp-content\/uploads\/2020\/10\/papa-francisco-11-10-20.jpg","type":"image\/jpeg"}],"author":"Villasmil Henry","twitter_card":"summary_large_image","twitter_creator":"@https:\/\/twitter.com\/villasmilhfoto","twitter_site":"@villasmilhfoto","twitter_misc":{"Escrito por":"Villasmil Henry","Tiempo estimado de lectura":"1 minuto"},"schema":{"@context":"https:\/\/schema.org","@graph":[{"@type":"Article","@id":"https:\/\/digital58.com.ve\/site\/2020\/10\/11\/el-papa-pide-mayor-participacion-femenina-en-las-instituciones-de-la-iglesia\/#article","isPartOf":{"@id":"https:\/\/digital58.com.ve\/site\/2020\/10\/11\/el-papa-pide-mayor-participacion-femenina-en-las-instituciones-de-la-iglesia\/"},"author":{"name":"Villasmil Henry","@id":"https:\/\/digital58.com.ve\/site\/#\/schema\/person\/64d1c2e4d0d4fd1b849980c4331c2951"},"headline":"El papa pide mayor participaci\u00f3n femenina en las instituciones de la Iglesia","datePublished":"2020-10-12T00:22:44+00:00","mainEntityOfPage":{"@id":"https:\/\/digital58.com.ve\/site\/2020\/10\/11\/el-papa-pide-mayor-participacion-femenina-en-las-instituciones-de-la-iglesia\/"},"wordCount":247,"commentCount":0,"publisher":{"@id":"https:\/\/digital58.com.ve\/site\/#\/schema\/person\/64d1c2e4d0d4fd1b849980c4331c2951"},"image":{"@id":"https:\/\/digital58.com.ve\/site\/2020\/10\/11\/el-papa-pide-mayor-participacion-femenina-en-las-instituciones-de-la-iglesia\/#primaryimage"},"thumbnailUrl":"https:\/\/digital58.com.ve\/site\/wp-content\/uploads\/2020\/10\/papa-francisco-11-10-20.jpg","keywords":["\u00c1ngelus dominical","Ciudad del Vaticano","Fe y Religi\u00f3n","Iglesia Cat\u00f3lica","Internacionales","Papa Francisco"],"articleSection":["Mundo","Reportajes Especiales"],"inLanguage":"es","potentialAction":[{"@type":"CommentAction","name":"Comment","target":["https:\/\/digital58.com.ve\/site\/2020\/10\/11\/el-papa-pide-mayor-participacion-femenina-en-las-instituciones-de-la-iglesia\/#respond"]}]},{"@type":"WebPage","@id":"https:\/\/digital58.com.ve\/site\/2020\/10\/11\/el-papa-pide-mayor-participacion-femenina-en-las-instituciones-de-la-iglesia\/","url":"https:\/\/digital58.com.ve\/site\/2020\/10\/11\/el-papa-pide-mayor-participacion-femenina-en-las-instituciones-de-la-iglesia\/","name":"El papa pide mayor participaci\u00f3n femenina en las instituciones de la Iglesia","isPartOf":{"@id":"https:\/\/digital58.com.ve\/site\/#website"},"primaryImageOfPage":{"@id":"https:\/\/digital58.com.ve\/site\/2020\/10\/11\/el-papa-pide-mayor-participacion-femenina-en-las-instituciones-de-la-iglesia\/#primaryimage"},"image":{"@id":"https:\/\/digital58.com.ve\/site\/2020\/10\/11\/el-papa-pide-mayor-participacion-femenina-en-las-instituciones-de-la-iglesia\/#primaryimage"},"thumbnailUrl":"https:\/\/digital58.com.ve\/site\/wp-content\/uploads\/2020\/10\/papa-francisco-11-10-20.jpg","datePublished":"2020-10-12T00:22:44+00:00","description":"Reportajes Especiales","breadcrumb":{"@id":"https:\/\/digital58.com.ve\/site\/2020\/10\/11\/el-papa-pide-mayor-participacion-femenina-en-las-instituciones-de-la-iglesia\/#breadcrumb"},"inLanguage":"es","potentialAction":[{"@type":"ReadAction","target":["https:\/\/digital58.com.ve\/site\/2020\/10\/11\/el-papa-pide-mayor-participacion-femenina-en-las-instituciones-de-la-iglesia\/"]}]},{"@type":"ImageObject","inLanguage":"es","@id":"https:\/\/digital58.com.ve\/site\/2020\/10\/11\/el-papa-pide-mayor-participacion-femenina-en-las-instituciones-de-la-iglesia\/#primaryimage","url":"https:\/\/digital58.com.ve\/site\/wp-content\/uploads\/2020\/10\/papa-francisco-11-10-20.jpg","contentUrl":"https:\/\/digital58.com.ve\/site\/wp-content\/uploads\/2020\/10\/papa-francisco-11-10-20.jpg","width":800,"height":512},{"@type":"BreadcrumbList","@id":"https:\/\/digital58.com.ve\/site\/2020\/10\/11\/el-papa-pide-mayor-participacion-femenina-en-las-instituciones-de-la-iglesia\/#breadcrumb","itemListElement":[{"@type":"ListItem","position":1,"name":"Home","item":"https:\/\/digital58.com.ve\/site\/"},{"@type":"ListItem","position":2,"name":"El papa pide mayor participaci\u00f3n femenina en las instituciones de la Iglesia"}]},{"@type":"WebSite","@id":"https:\/\/digital58.com.ve\/site\/#website","url":"https:\/\/digital58.com.ve\/site\/","name":"Noticias Digital58","description":"Portal de Noticias \u00a1Periodismo web de verdad! Lanzamiento web 22.11.2005 \/ Maracaibo, Venezuela","publisher":{"@id":"https:\/\/digital58.com.ve\/site\/#\/schema\/person\/64d1c2e4d0d4fd1b849980c4331c2951"},"alternateName":"ND58","potentialAction":[{"@type":"SearchAction","target":{"@type":"EntryPoint","urlTemplate":"https:\/\/digital58.com.ve\/site\/?s={search_term_string}"},"query-input":{"@type":"PropertyValueSpecification","valueRequired":true,"valueName":"search_term_string"}}],"inLanguage":"es"},{"@type":["Person","Organization"],"@id":"https:\/\/digital58.com.ve\/site\/#\/schema\/person\/64d1c2e4d0d4fd1b849980c4331c2951","name":"Villasmil Henry","image":{"@type":"ImageObject","inLanguage":"es","@id":"https:\/\/secure.gravatar.com\/avatar\/bb0c4a2fcb7970138239f7e404ea75757b1b507b28b5ce4c53fbd62d797c5a7c?s=96&d=mm&r=g","url":"https:\/\/secure.gravatar.com\/avatar\/bb0c4a2fcb7970138239f7e404ea75757b1b507b28b5ce4c53fbd62d797c5a7c?s=96&d=mm&r=g","contentUrl":"https:\/\/secure.gravatar.com\/avatar\/bb0c4a2fcb7970138239f7e404ea75757b1b507b28b5ce4c53fbd62d797c5a7c?s=96&d=mm&r=g","caption":"Villasmil Henry"},"logo":{"@id":"https:\/\/secure.gravatar.com\/avatar\/bb0c4a2fcb7970138239f7e404ea75757b1b507b28b5ce4c53fbd62d797c5a7c?s=96&d=mm&r=g"},"sameAs":["http:\/\/www.henryvillasmil.com.ve","https:\/\/www.instagram.com\/villasmilhfoto\/","https:\/\/x.com\/https:\/\/twitter.com\/villasmilhfoto"],"url":"https:\/\/digital58.com.ve\/site\/author\/droopy_68\/"}]}},"uagb_featured_image_src":{"full":["https:\/\/digital58.com.ve\/site\/wp-content\/uploads\/2020\/10\/papa-francisco-11-10-20.jpg",800,512,false],"thumbnail":["https:\/\/digital58.com.ve\/site\/wp-content\/uploads\/2020\/10\/papa-francisco-11-10-20-150x150.jpg",150,150,true],"medium":["https:\/\/digital58.com.ve\/site\/wp-content\/uploads\/2020\/10\/papa-francisco-11-10-20-300x192.jpg",300,192,true],"medium_large":["https:\/\/digital58.com.ve\/site\/wp-content\/uploads\/2020\/10\/papa-francisco-11-10-20-768x492.jpg",768,492,true],"large":["https:\/\/digital58.com.ve\/site\/wp-content\/uploads\/2020\/10\/papa-francisco-11-10-20.jpg",800,512,false],"1536x1536":["https:\/\/digital58.com.ve\/site\/wp-content\/uploads\/2020\/10\/papa-francisco-11-10-20.jpg",800,512,false],"2048x2048":["https:\/\/digital58.com.ve\/site\/wp-content\/uploads\/2020\/10\/papa-francisco-11-10-20.jpg",800,512,false],"colormag-highlighted-post":["https:\/\/digital58.com.ve\/site\/wp-content\/uploads\/2020\/10\/papa-francisco-11-10-20.jpg",392,251,false],"colormag-featured-post-medium":["https:\/\/digital58.com.ve\/site\/wp-content\/uploads\/2020\/10\/papa-francisco-11-10-20.jpg",320,205,false],"colormag-featured-post-small":["https:\/\/digital58.com.ve\/site\/wp-content\/uploads\/2020\/10\/papa-francisco-11-10-20.jpg",130,83,false],"colormag-featured-image":["https:\/\/digital58.com.ve\/site\/wp-content\/uploads\/2020\/10\/papa-francisco-11-10-20.jpg",695,445,false],"colormag-default-news":["https:\/\/digital58.com.ve\/site\/wp-content\/uploads\/2020\/10\/papa-francisco-11-10-20.jpg",150,96,false],"colormag-featured-image-large":["https:\/\/digital58.com.ve\/site\/wp-content\/uploads\/2020\/10\/papa-francisco-11-10-20.jpg",800,512,false]},"uagb_author_info":{"display_name":"Villasmil Henry","author_link":"https:\/\/digital58.com.ve\/site\/author\/droopy_68\/"},"uagb_comment_info":0,"uagb_excerpt":"\u00abHay que fomentar la presencia de mujeres en los lugares en los que se toman las decisiones importantes\u00bb y que","_links":{"self":[{"href":"https:\/\/digital58.com.ve\/site\/wp-json\/wp\/v2\/posts\/130724","targetHints":{"allow":["GET"]}}],"collection":[{"href":"https:\/\/digital58.com.ve\/site\/wp-json\/wp\/v2\/posts"}],"about":[{"href":"https:\/\/digital58.com.ve\/site\/wp-json\/wp\/v2\/types\/post"}],"author":[{"embeddable":true,"href":"https:\/\/digital58.com.ve\/site\/wp-json\/wp\/v2\/users\/1"}],"replies":[{"embeddable":true,"href":"https:\/\/digital58.com.ve\/site\/wp-json\/wp\/v2\/comments?post=130724"}],"version-history":[{"count":0,"href":"https:\/\/digital58.com.ve\/site\/wp-json\/wp\/v2\/posts\/130724\/revisions"}],"wp:featuredmedia":[{"embeddable":true,"href":"https:\/\/digital58.com.ve\/site\/wp-json\/wp\/v2\/media\/130733"}],"wp:attachment":[{"href":"https:\/\/digital58.com.ve\/site\/wp-json\/wp\/v2\/media?parent=130724"}],"wp:term":[{"taxonomy":"category","embeddable":true,"href":"https:\/\/digital58.com.ve\/site\/wp-json\/wp\/v2\/categories?post=130724"},{"taxonomy":"post_tag","embeddable":true,"href":"https:\/\/digital58.com.ve\/site\/wp-json\/wp\/v2\/tags?post=130724"}],"curies":[{"name":"wp","href":"https:\/\/api.w.org\/{rel}","templated":true}]}}