{"id":130839,"date":"2020-10-12T20:13:48","date_gmt":"2020-10-13T00:13:48","guid":{"rendered":"https:\/\/digital58.com.ve\/site\/?p=130839"},"modified":"2020-10-12T20:15:17","modified_gmt":"2020-10-13T00:15:17","slug":"inac-extiende-las-restricciones-a-las-operaciones-aereas-por-30-dias-mas","status":"publish","type":"post","link":"https:\/\/digital58.com.ve\/site\/2020\/10\/12\/inac-extiende-las-restricciones-a-las-operaciones-aereas-por-30-dias-mas\/","title":{"rendered":"INAC extiende las restricciones a las operaciones a\u00e9reas por 30 d\u00edas m\u00e1s"},"content":{"rendered":"<p>&nbsp;<\/p>\n<p><img loading=\"lazy\" decoding=\"async\" class=\"aligncenter wp-image-130840\" src=\"https:\/\/digital58.com.ve\/site\/wp-content\/uploads\/2020\/10\/INAC-300x169.jpg\" alt=\"\" width=\"600\" height=\"337\" srcset=\"https:\/\/digital58.com.ve\/site\/wp-content\/uploads\/2020\/10\/INAC-300x169.jpg 300w, https:\/\/digital58.com.ve\/site\/wp-content\/uploads\/2020\/10\/INAC-768x432.jpg 768w, https:\/\/digital58.com.ve\/site\/wp-content\/uploads\/2020\/10\/INAC.jpg 800w\" sizes=\"auto, (max-width: 600px) 100vw, 600px\" \/><\/p>\n<p>Los aeropuertos del pa\u00eds permanecer\u00e1n cerrados para vuelos comerciales.<\/p>\n<p><strong>Caracas, DC, Venezuela, 12 de octubre de 2020 (ND58).-<\/strong> El Instituto Nacional de Aeron\u00e1utica Civil (INAC), extendi\u00f3 este lunes las restricciones a las operaciones a\u00e9reas en Venezuela por otros 30 d\u00edas, con lo cual la medida se mantendr\u00e1 vigente, al menos, hasta el pr\u00f3ximo 12 de noviembre.<\/p>\n<p>A trav\u00e9s de su cuenta de Twitter, el organismo public\u00f3 un comunicado en el que anunci\u00f3 que las medidas restrictivas no se aplicaran a vuelos en estado de emergencia, de carga y correo, aterrizajes t\u00e9cnicos, vuelos humanitarios o de repatriaci\u00f3n, autorizados por las Naciones Unidas o sobrevuelos de carga y comerciales.<\/p>\n<blockquote class=\"twitter-tweet\" data-width=\"550\" data-dnt=\"true\">\n<p lang=\"es\" dir=\"ltr\"><a href=\"https:\/\/twitter.com\/hashtag\/Comunicado?src=hash&amp;ref_src=twsrc%5Etfw\">#Comunicado<\/a> || Cumpliendo instrucciones del Ejecutivo Nacional, el <a href=\"https:\/\/twitter.com\/hashtag\/INAC?src=hash&amp;ref_src=twsrc%5Etfw\">#INAC<\/a> informa la extensi\u00f3n de la restricci\u00f3n de operaciones a\u00e9reas por 30 d\u00edas, desde este <a href=\"https:\/\/twitter.com\/hashtag\/12Oct?src=hash&amp;ref_src=twsrc%5Etfw\">#12Oct<\/a> hasta el <a href=\"https:\/\/twitter.com\/hashtag\/12Nov?src=hash&amp;ref_src=twsrc%5Etfw\">#12Nov<\/a>, de acuerdo al NOTAM C0864\/20; as\u00ed como el cierre de aeropuertos seg\u00fan NOTAM C0863\/20 y A0383\/20 <a href=\"https:\/\/t.co\/f3gaU6nvqI\">pic.twitter.com\/f3gaU6nvqI<\/a><\/p>\n<p>&mdash; Instituto Nacional de Aeron\u00e1utica Civil (INAC) (@InacVzla) <a href=\"https:\/\/twitter.com\/InacVzla\/status\/1315766672876359681?ref_src=twsrc%5Etfw\">October 12, 2020<\/a><\/p><\/blockquote>\n<p><script async src=\"https:\/\/platform.twitter.com\/widgets.js\" charset=\"utf-8\"><\/script><\/p>\n<p>El Inac reiter\u00f3 que los pasajeros de estos vuelos, deber\u00e1n cumplir con una cuarentena estricta que ser\u00e1 supervisada por \u00f3rganos del gobierno nacional y someterse a las evaluaciones m\u00e9dicas pertinentes.<\/p>\n<p>Tambi\u00e9n se inform\u00f3 que las operaciones a\u00e9reas permitidas, se efectuar\u00e1n solo bajo la autorizaci\u00f3n de las autoridades venezolanas.<\/p>\n<p>Venezuela mantiene cerrado su espacio a\u00e9reo y geogr\u00e1fico para vuelos comerciales, con el \u00fanico prop\u00f3sito de frenar los efectos de la pandemia y evitar mayores contagios en el pa\u00eds.<\/p>\n<p>Los aeropuertos venezolanos, permanecer\u00e1n cerrados hasta que se cumpla el periodo estipulado para las restricciones, el cu\u00e1l puede ser ampliado una vez m\u00e1s.<\/p><div class=\"odcuq69f1750e00f62\" ><p style=\"text-align: center;\"><a href=\"https:\/\/t.me\/noticiasdigital58\" target=\"_blank\" rel=\"noopener\"><img class=\"aligncenter size-full wp-image-125363\" src=\"https:\/\/digital58.com.ve\/site\/wp-content\/uploads\/2021\/04\/banner-telegram-web-2021.png\" alt=\"\" width=\"600\" height=\"90\" \/><\/a><\/p><\/div><style type=\"text\/css\">\r\n@media screen and (min-width: 1201px) {\r\n.odcuq69f1750e00f62 {\r\ndisplay: block;\r\n}\r\n}\r\n@media screen and (min-width: 993px) and (max-width: 1200px) {\r\n.odcuq69f1750e00f62 {\r\ndisplay: block;\r\n}\r\n}\r\n@media screen and (min-width: 769px) and (max-width: 992px) {\r\n.odcuq69f1750e00f62 {\r\ndisplay: block;\r\n}\r\n}\r\n@media screen and (min-width: 768px) and (max-width: 768px) {\r\n.odcuq69f1750e00f62 {\r\ndisplay: block;\r\n}\r\n}\r\n@media screen and (max-width: 767px) {\r\n.odcuq69f1750e00f62 {\r\ndisplay: block;\r\n}\r\n}\r\n<\/style>\r\n\n<p><strong>Redacci\u00f3n: Morales, Joel (@joeldmc32) \u2502Fuente: INAC<br \/>\nEdici\u00f3n: Villasmil, Henry<br \/>\nGr\u00e1fica: Cortes\u00eda <\/strong><\/p>\n<div style=\"margin-top: 0px; margin-bottom: 0px;\" class=\"sharethis-inline-share-buttons\" ><\/div>","protected":false},"excerpt":{"rendered":"<p>&nbsp; Los aeropuertos del pa\u00eds permanecer\u00e1n cerrados para vuelos comerciales. Caracas, DC, Venezuela, 12 de octubre de 2020 (ND58).- El<\/p>\n","protected":false},"author":29,"featured_media":130840,"comment_status":"open","ping_status":"closed","sticky":false,"template":"","format":"standard","meta":{"colormag_page_container_layout":"default_layout","colormag_page_sidebar_layout":"default_layout","_uag_custom_page_level_css":"","footnotes":""},"categories":[16454],"tags":[29,21455,233,21456,32],"class_list":["post-130839","post","type-post","status-publish","format-standard","has-post-thumbnail","hentry","category-venezuela","tag-caracas","tag-instituto-nacional-de-aeronautica-civil","tag-nacionales","tag-restriccion-de-operaciones-aereas","tag-venezuela"],"yoast_head":"<!-- This site is optimized with the Yoast SEO plugin v27.5 - https:\/\/yoast.com\/product\/yoast-seo-wordpress\/ -->\n<title>INAC extiende las restricciones a las operaciones a\u00e9reas por 30 d\u00edas m\u00e1s<\/title>\n<meta name=\"description\" content=\"Venezuela\" \/>\n<meta name=\"robots\" content=\"index, follow, max-snippet:-1, max-image-preview:large, max-video-preview:-1\" \/>\n<link rel=\"canonical\" href=\"https:\/\/digital58.com.ve\/site\/2020\/10\/12\/inac-extiende-las-restricciones-a-las-operaciones-aereas-por-30-dias-mas\/\" \/>\n<meta property=\"og:locale\" content=\"es_ES\" \/>\n<meta property=\"og:type\" content=\"article\" \/>\n<meta property=\"og:title\" content=\"INAC extiende las restricciones a las operaciones a\u00e9reas por 30 d\u00edas m\u00e1s\" \/>\n<meta property=\"og:description\" content=\"Venezuela\" \/>\n<meta property=\"og:url\" content=\"https:\/\/digital58.com.ve\/site\/2020\/10\/12\/inac-extiende-las-restricciones-a-las-operaciones-aereas-por-30-dias-mas\/\" \/>\n<meta property=\"og:site_name\" content=\"Noticias Digital58\" \/>\n<meta property=\"article:published_time\" content=\"2020-10-13T00:13:48+00:00\" \/>\n<meta property=\"article:modified_time\" content=\"2020-10-13T00:15:17+00:00\" \/>\n<meta property=\"og:image\" content=\"https:\/\/digital58.com.ve\/site\/wp-content\/uploads\/2020\/10\/INAC.jpg\" \/>\n\t<meta property=\"og:image:width\" content=\"900\" \/>\n\t<meta property=\"og:image:height\" content=\"506\" \/>\n\t<meta property=\"og:image:type\" content=\"image\/jpeg\" \/>\n<meta name=\"author\" content=\"Morales Joel\" \/>\n<meta name=\"twitter:card\" content=\"summary_large_image\" \/>\n<meta name=\"twitter:creator\" content=\"@Digital_58\" \/>\n<meta name=\"twitter:site\" content=\"@villasmilhfoto\" \/>\n<meta name=\"twitter:label1\" content=\"Escrito por\" \/>\n\t<meta name=\"twitter:data1\" content=\"Morales Joel\" \/>\n\t<meta name=\"twitter:label2\" content=\"Tiempo estimado de lectura\" \/>\n\t<meta name=\"twitter:data2\" content=\"1 minuto\" \/>\n<script type=\"application\/ld+json\" class=\"yoast-schema-graph\">{\"@context\":\"https:\\\/\\\/schema.org\",\"@graph\":[{\"@type\":\"Article\",\"@id\":\"https:\\\/\\\/digital58.com.ve\\\/site\\\/2020\\\/10\\\/12\\\/inac-extiende-las-restricciones-a-las-operaciones-aereas-por-30-dias-mas\\\/#article\",\"isPartOf\":{\"@id\":\"https:\\\/\\\/digital58.com.ve\\\/site\\\/2020\\\/10\\\/12\\\/inac-extiende-las-restricciones-a-las-operaciones-aereas-por-30-dias-mas\\\/\"},\"author\":{\"name\":\"Morales Joel\",\"@id\":\"https:\\\/\\\/digital58.com.ve\\\/site\\\/#\\\/schema\\\/person\\\/8daf5f8bfd9ebdb98150c62bff195b72\"},\"headline\":\"INAC extiende las restricciones a las operaciones a\u00e9reas por 30 d\u00edas m\u00e1s\",\"datePublished\":\"2020-10-13T00:13:48+00:00\",\"dateModified\":\"2020-10-13T00:15:17+00:00\",\"mainEntityOfPage\":{\"@id\":\"https:\\\/\\\/digital58.com.ve\\\/site\\\/2020\\\/10\\\/12\\\/inac-extiende-las-restricciones-a-las-operaciones-aereas-por-30-dias-mas\\\/\"},\"wordCount\":261,\"commentCount\":0,\"publisher\":{\"@id\":\"https:\\\/\\\/digital58.com.ve\\\/site\\\/#\\\/schema\\\/person\\\/64d1c2e4d0d4fd1b849980c4331c2951\"},\"image\":{\"@id\":\"https:\\\/\\\/digital58.com.ve\\\/site\\\/2020\\\/10\\\/12\\\/inac-extiende-las-restricciones-a-las-operaciones-aereas-por-30-dias-mas\\\/#primaryimage\"},\"thumbnailUrl\":\"https:\\\/\\\/digital58.com.ve\\\/site\\\/wp-content\\\/uploads\\\/2020\\\/10\\\/INAC.jpg\",\"keywords\":[\"Caracas\",\"Instituto Nacional de Aeron\u00e1utica Civil\",\"Nacionales\",\"Restricci\u00f3n de operaciones a\u00e9reas\",\"Venezuela\"],\"articleSection\":[\"Venezuela\"],\"inLanguage\":\"es\",\"potentialAction\":[{\"@type\":\"CommentAction\",\"name\":\"Comment\",\"target\":[\"https:\\\/\\\/digital58.com.ve\\\/site\\\/2020\\\/10\\\/12\\\/inac-extiende-las-restricciones-a-las-operaciones-aereas-por-30-dias-mas\\\/#respond\"]}]},{\"@type\":\"WebPage\",\"@id\":\"https:\\\/\\\/digital58.com.ve\\\/site\\\/2020\\\/10\\\/12\\\/inac-extiende-las-restricciones-a-las-operaciones-aereas-por-30-dias-mas\\\/\",\"url\":\"https:\\\/\\\/digital58.com.ve\\\/site\\\/2020\\\/10\\\/12\\\/inac-extiende-las-restricciones-a-las-operaciones-aereas-por-30-dias-mas\\\/\",\"name\":\"INAC extiende las restricciones a las operaciones a\u00e9reas por 30 d\u00edas m\u00e1s\",\"isPartOf\":{\"@id\":\"https:\\\/\\\/digital58.com.ve\\\/site\\\/#website\"},\"primaryImageOfPage\":{\"@id\":\"https:\\\/\\\/digital58.com.ve\\\/site\\\/2020\\\/10\\\/12\\\/inac-extiende-las-restricciones-a-las-operaciones-aereas-por-30-dias-mas\\\/#primaryimage\"},\"image\":{\"@id\":\"https:\\\/\\\/digital58.com.ve\\\/site\\\/2020\\\/10\\\/12\\\/inac-extiende-las-restricciones-a-las-operaciones-aereas-por-30-dias-mas\\\/#primaryimage\"},\"thumbnailUrl\":\"https:\\\/\\\/digital58.com.ve\\\/site\\\/wp-content\\\/uploads\\\/2020\\\/10\\\/INAC.jpg\",\"datePublished\":\"2020-10-13T00:13:48+00:00\",\"dateModified\":\"2020-10-13T00:15:17+00:00\",\"description\":\"Venezuela\",\"breadcrumb\":{\"@id\":\"https:\\\/\\\/digital58.com.ve\\\/site\\\/2020\\\/10\\\/12\\\/inac-extiende-las-restricciones-a-las-operaciones-aereas-por-30-dias-mas\\\/#breadcrumb\"},\"inLanguage\":\"es\",\"potentialAction\":[{\"@type\":\"ReadAction\",\"target\":[\"https:\\\/\\\/digital58.com.ve\\\/site\\\/2020\\\/10\\\/12\\\/inac-extiende-las-restricciones-a-las-operaciones-aereas-por-30-dias-mas\\\/\"]}]},{\"@type\":\"ImageObject\",\"inLanguage\":\"es\",\"@id\":\"https:\\\/\\\/digital58.com.ve\\\/site\\\/2020\\\/10\\\/12\\\/inac-extiende-las-restricciones-a-las-operaciones-aereas-por-30-dias-mas\\\/#primaryimage\",\"url\":\"https:\\\/\\\/digital58.com.ve\\\/site\\\/wp-content\\\/uploads\\\/2020\\\/10\\\/INAC.jpg\",\"contentUrl\":\"https:\\\/\\\/digital58.com.ve\\\/site\\\/wp-content\\\/uploads\\\/2020\\\/10\\\/INAC.jpg\",\"width\":800,\"height\":450},{\"@type\":\"BreadcrumbList\",\"@id\":\"https:\\\/\\\/digital58.com.ve\\\/site\\\/2020\\\/10\\\/12\\\/inac-extiende-las-restricciones-a-las-operaciones-aereas-por-30-dias-mas\\\/#breadcrumb\",\"itemListElement\":[{\"@type\":\"ListItem\",\"position\":1,\"name\":\"Home\",\"item\":\"https:\\\/\\\/digital58.com.ve\\\/site\\\/\"},{\"@type\":\"ListItem\",\"position\":2,\"name\":\"INAC extiende las restricciones a las operaciones a\u00e9reas por 30 d\u00edas m\u00e1s\"}]},{\"@type\":\"WebSite\",\"@id\":\"https:\\\/\\\/digital58.com.ve\\\/site\\\/#website\",\"url\":\"https:\\\/\\\/digital58.com.ve\\\/site\\\/\",\"name\":\"Noticias Digital58\",\"description\":\"Portal de Noticias \u00a1Periodismo web de verdad! Lanzamiento web 22.11.2005 \\\/ Maracaibo, Venezuela\",\"publisher\":{\"@id\":\"https:\\\/\\\/digital58.com.ve\\\/site\\\/#\\\/schema\\\/person\\\/64d1c2e4d0d4fd1b849980c4331c2951\"},\"alternateName\":\"ND58\",\"potentialAction\":[{\"@type\":\"SearchAction\",\"target\":{\"@type\":\"EntryPoint\",\"urlTemplate\":\"https:\\\/\\\/digital58.com.ve\\\/site\\\/?s={search_term_string}\"},\"query-input\":{\"@type\":\"PropertyValueSpecification\",\"valueRequired\":true,\"valueName\":\"search_term_string\"}}],\"inLanguage\":\"es\"},{\"@type\":[\"Person\",\"Organization\"],\"@id\":\"https:\\\/\\\/digital58.com.ve\\\/site\\\/#\\\/schema\\\/person\\\/64d1c2e4d0d4fd1b849980c4331c2951\",\"name\":\"Villasmil Henry\",\"image\":{\"@type\":\"ImageObject\",\"inLanguage\":\"es\",\"@id\":\"https:\\\/\\\/secure.gravatar.com\\\/avatar\\\/bb0c4a2fcb7970138239f7e404ea75757b1b507b28b5ce4c53fbd62d797c5a7c?s=96&d=mm&r=g\",\"url\":\"https:\\\/\\\/secure.gravatar.com\\\/avatar\\\/bb0c4a2fcb7970138239f7e404ea75757b1b507b28b5ce4c53fbd62d797c5a7c?s=96&d=mm&r=g\",\"contentUrl\":\"https:\\\/\\\/secure.gravatar.com\\\/avatar\\\/bb0c4a2fcb7970138239f7e404ea75757b1b507b28b5ce4c53fbd62d797c5a7c?s=96&d=mm&r=g\",\"caption\":\"Villasmil Henry\"},\"logo\":{\"@id\":\"https:\\\/\\\/secure.gravatar.com\\\/avatar\\\/bb0c4a2fcb7970138239f7e404ea75757b1b507b28b5ce4c53fbd62d797c5a7c?s=96&d=mm&r=g\"},\"sameAs\":[\"http:\\\/\\\/www.henryvillasmil.com.ve\",\"https:\\\/\\\/www.instagram.com\\\/villasmilhfoto\\\/\",\"https:\\\/\\\/x.com\\\/https:\\\/\\\/twitter.com\\\/villasmilhfoto\"]},{\"@type\":\"Person\",\"@id\":\"https:\\\/\\\/digital58.com.ve\\\/site\\\/#\\\/schema\\\/person\\\/8daf5f8bfd9ebdb98150c62bff195b72\",\"name\":\"Morales Joel\",\"image\":{\"@type\":\"ImageObject\",\"inLanguage\":\"es\",\"@id\":\"https:\\\/\\\/secure.gravatar.com\\\/avatar\\\/e2cb5ce0e9279ab3c8e03d472e483f32e666716a18da3bfa7b0749a5465409f1?s=96&d=mm&r=g\",\"url\":\"https:\\\/\\\/secure.gravatar.com\\\/avatar\\\/e2cb5ce0e9279ab3c8e03d472e483f32e666716a18da3bfa7b0749a5465409f1?s=96&d=mm&r=g\",\"contentUrl\":\"https:\\\/\\\/secure.gravatar.com\\\/avatar\\\/e2cb5ce0e9279ab3c8e03d472e483f32e666716a18da3bfa7b0749a5465409f1?s=96&d=mm&r=g\",\"caption\":\"Morales Joel\"},\"url\":\"https:\\\/\\\/digital58.com.ve\\\/site\\\/author\\\/joelm\\\/\"}]}<\/script>\n<!-- \/ Yoast SEO plugin. -->","yoast_head_json":{"title":"INAC extiende las restricciones a las operaciones a\u00e9reas por 30 d\u00edas m\u00e1s","description":"Venezuela","robots":{"index":"index","follow":"follow","max-snippet":"max-snippet:-1","max-image-preview":"max-image-preview:large","max-video-preview":"max-video-preview:-1"},"canonical":"https:\/\/digital58.com.ve\/site\/2020\/10\/12\/inac-extiende-las-restricciones-a-las-operaciones-aereas-por-30-dias-mas\/","og_locale":"es_ES","og_type":"article","og_title":"INAC extiende las restricciones a las operaciones a\u00e9reas por 30 d\u00edas m\u00e1s","og_description":"Venezuela","og_url":"https:\/\/digital58.com.ve\/site\/2020\/10\/12\/inac-extiende-las-restricciones-a-las-operaciones-aereas-por-30-dias-mas\/","og_site_name":"Noticias Digital58","article_published_time":"2020-10-13T00:13:48+00:00","article_modified_time":"2020-10-13T00:15:17+00:00","og_image":[{"width":900,"height":506,"url":"https:\/\/digital58.com.ve\/site\/wp-content\/uploads\/2020\/10\/INAC.jpg","type":"image\/jpeg"}],"author":"Morales Joel","twitter_card":"summary_large_image","twitter_creator":"@Digital_58","twitter_site":"@villasmilhfoto","twitter_misc":{"Escrito por":"Morales Joel","Tiempo estimado de lectura":"1 minuto"},"schema":{"@context":"https:\/\/schema.org","@graph":[{"@type":"Article","@id":"https:\/\/digital58.com.ve\/site\/2020\/10\/12\/inac-extiende-las-restricciones-a-las-operaciones-aereas-por-30-dias-mas\/#article","isPartOf":{"@id":"https:\/\/digital58.com.ve\/site\/2020\/10\/12\/inac-extiende-las-restricciones-a-las-operaciones-aereas-por-30-dias-mas\/"},"author":{"name":"Morales Joel","@id":"https:\/\/digital58.com.ve\/site\/#\/schema\/person\/8daf5f8bfd9ebdb98150c62bff195b72"},"headline":"INAC extiende las restricciones a las operaciones a\u00e9reas por 30 d\u00edas m\u00e1s","datePublished":"2020-10-13T00:13:48+00:00","dateModified":"2020-10-13T00:15:17+00:00","mainEntityOfPage":{"@id":"https:\/\/digital58.com.ve\/site\/2020\/10\/12\/inac-extiende-las-restricciones-a-las-operaciones-aereas-por-30-dias-mas\/"},"wordCount":261,"commentCount":0,"publisher":{"@id":"https:\/\/digital58.com.ve\/site\/#\/schema\/person\/64d1c2e4d0d4fd1b849980c4331c2951"},"image":{"@id":"https:\/\/digital58.com.ve\/site\/2020\/10\/12\/inac-extiende-las-restricciones-a-las-operaciones-aereas-por-30-dias-mas\/#primaryimage"},"thumbnailUrl":"https:\/\/digital58.com.ve\/site\/wp-content\/uploads\/2020\/10\/INAC.jpg","keywords":["Caracas","Instituto Nacional de Aeron\u00e1utica Civil","Nacionales","Restricci\u00f3n de operaciones a\u00e9reas","Venezuela"],"articleSection":["Venezuela"],"inLanguage":"es","potentialAction":[{"@type":"CommentAction","name":"Comment","target":["https:\/\/digital58.com.ve\/site\/2020\/10\/12\/inac-extiende-las-restricciones-a-las-operaciones-aereas-por-30-dias-mas\/#respond"]}]},{"@type":"WebPage","@id":"https:\/\/digital58.com.ve\/site\/2020\/10\/12\/inac-extiende-las-restricciones-a-las-operaciones-aereas-por-30-dias-mas\/","url":"https:\/\/digital58.com.ve\/site\/2020\/10\/12\/inac-extiende-las-restricciones-a-las-operaciones-aereas-por-30-dias-mas\/","name":"INAC extiende las restricciones a las operaciones a\u00e9reas por 30 d\u00edas m\u00e1s","isPartOf":{"@id":"https:\/\/digital58.com.ve\/site\/#website"},"primaryImageOfPage":{"@id":"https:\/\/digital58.com.ve\/site\/2020\/10\/12\/inac-extiende-las-restricciones-a-las-operaciones-aereas-por-30-dias-mas\/#primaryimage"},"image":{"@id":"https:\/\/digital58.com.ve\/site\/2020\/10\/12\/inac-extiende-las-restricciones-a-las-operaciones-aereas-por-30-dias-mas\/#primaryimage"},"thumbnailUrl":"https:\/\/digital58.com.ve\/site\/wp-content\/uploads\/2020\/10\/INAC.jpg","datePublished":"2020-10-13T00:13:48+00:00","dateModified":"2020-10-13T00:15:17+00:00","description":"Venezuela","breadcrumb":{"@id":"https:\/\/digital58.com.ve\/site\/2020\/10\/12\/inac-extiende-las-restricciones-a-las-operaciones-aereas-por-30-dias-mas\/#breadcrumb"},"inLanguage":"es","potentialAction":[{"@type":"ReadAction","target":["https:\/\/digital58.com.ve\/site\/2020\/10\/12\/inac-extiende-las-restricciones-a-las-operaciones-aereas-por-30-dias-mas\/"]}]},{"@type":"ImageObject","inLanguage":"es","@id":"https:\/\/digital58.com.ve\/site\/2020\/10\/12\/inac-extiende-las-restricciones-a-las-operaciones-aereas-por-30-dias-mas\/#primaryimage","url":"https:\/\/digital58.com.ve\/site\/wp-content\/uploads\/2020\/10\/INAC.jpg","contentUrl":"https:\/\/digital58.com.ve\/site\/wp-content\/uploads\/2020\/10\/INAC.jpg","width":800,"height":450},{"@type":"BreadcrumbList","@id":"https:\/\/digital58.com.ve\/site\/2020\/10\/12\/inac-extiende-las-restricciones-a-las-operaciones-aereas-por-30-dias-mas\/#breadcrumb","itemListElement":[{"@type":"ListItem","position":1,"name":"Home","item":"https:\/\/digital58.com.ve\/site\/"},{"@type":"ListItem","position":2,"name":"INAC extiende las restricciones a las operaciones a\u00e9reas por 30 d\u00edas m\u00e1s"}]},{"@type":"WebSite","@id":"https:\/\/digital58.com.ve\/site\/#website","url":"https:\/\/digital58.com.ve\/site\/","name":"Noticias Digital58","description":"Portal de Noticias \u00a1Periodismo web de verdad! Lanzamiento web 22.11.2005 \/ Maracaibo, Venezuela","publisher":{"@id":"https:\/\/digital58.com.ve\/site\/#\/schema\/person\/64d1c2e4d0d4fd1b849980c4331c2951"},"alternateName":"ND58","potentialAction":[{"@type":"SearchAction","target":{"@type":"EntryPoint","urlTemplate":"https:\/\/digital58.com.ve\/site\/?s={search_term_string}"},"query-input":{"@type":"PropertyValueSpecification","valueRequired":true,"valueName":"search_term_string"}}],"inLanguage":"es"},{"@type":["Person","Organization"],"@id":"https:\/\/digital58.com.ve\/site\/#\/schema\/person\/64d1c2e4d0d4fd1b849980c4331c2951","name":"Villasmil Henry","image":{"@type":"ImageObject","inLanguage":"es","@id":"https:\/\/secure.gravatar.com\/avatar\/bb0c4a2fcb7970138239f7e404ea75757b1b507b28b5ce4c53fbd62d797c5a7c?s=96&d=mm&r=g","url":"https:\/\/secure.gravatar.com\/avatar\/bb0c4a2fcb7970138239f7e404ea75757b1b507b28b5ce4c53fbd62d797c5a7c?s=96&d=mm&r=g","contentUrl":"https:\/\/secure.gravatar.com\/avatar\/bb0c4a2fcb7970138239f7e404ea75757b1b507b28b5ce4c53fbd62d797c5a7c?s=96&d=mm&r=g","caption":"Villasmil Henry"},"logo":{"@id":"https:\/\/secure.gravatar.com\/avatar\/bb0c4a2fcb7970138239f7e404ea75757b1b507b28b5ce4c53fbd62d797c5a7c?s=96&d=mm&r=g"},"sameAs":["http:\/\/www.henryvillasmil.com.ve","https:\/\/www.instagram.com\/villasmilhfoto\/","https:\/\/x.com\/https:\/\/twitter.com\/villasmilhfoto"]},{"@type":"Person","@id":"https:\/\/digital58.com.ve\/site\/#\/schema\/person\/8daf5f8bfd9ebdb98150c62bff195b72","name":"Morales Joel","image":{"@type":"ImageObject","inLanguage":"es","@id":"https:\/\/secure.gravatar.com\/avatar\/e2cb5ce0e9279ab3c8e03d472e483f32e666716a18da3bfa7b0749a5465409f1?s=96&d=mm&r=g","url":"https:\/\/secure.gravatar.com\/avatar\/e2cb5ce0e9279ab3c8e03d472e483f32e666716a18da3bfa7b0749a5465409f1?s=96&d=mm&r=g","contentUrl":"https:\/\/secure.gravatar.com\/avatar\/e2cb5ce0e9279ab3c8e03d472e483f32e666716a18da3bfa7b0749a5465409f1?s=96&d=mm&r=g","caption":"Morales Joel"},"url":"https:\/\/digital58.com.ve\/site\/author\/joelm\/"}]}},"uagb_featured_image_src":{"full":["https:\/\/digital58.com.ve\/site\/wp-content\/uploads\/2020\/10\/INAC.jpg",800,450,false],"thumbnail":["https:\/\/digital58.com.ve\/site\/wp-content\/uploads\/2020\/10\/INAC-150x150.jpg",150,150,true],"medium":["https:\/\/digital58.com.ve\/site\/wp-content\/uploads\/2020\/10\/INAC-300x169.jpg",300,169,true],"medium_large":["https:\/\/digital58.com.ve\/site\/wp-content\/uploads\/2020\/10\/INAC-768x432.jpg",768,432,true],"large":["https:\/\/digital58.com.ve\/site\/wp-content\/uploads\/2020\/10\/INAC.jpg",800,450,false],"1536x1536":["https:\/\/digital58.com.ve\/site\/wp-content\/uploads\/2020\/10\/INAC.jpg",800,450,false],"2048x2048":["https:\/\/digital58.com.ve\/site\/wp-content\/uploads\/2020\/10\/INAC.jpg",800,450,false],"colormag-highlighted-post":["https:\/\/digital58.com.ve\/site\/wp-content\/uploads\/2020\/10\/INAC.jpg",392,221,false],"colormag-featured-post-medium":["https:\/\/digital58.com.ve\/site\/wp-content\/uploads\/2020\/10\/INAC.jpg",364,205,false],"colormag-featured-post-small":["https:\/\/digital58.com.ve\/site\/wp-content\/uploads\/2020\/10\/INAC.jpg",130,73,false],"colormag-featured-image":["https:\/\/digital58.com.ve\/site\/wp-content\/uploads\/2020\/10\/INAC.jpg",791,445,false],"colormag-default-news":["https:\/\/digital58.com.ve\/site\/wp-content\/uploads\/2020\/10\/INAC.jpg",150,84,false],"colormag-featured-image-large":["https:\/\/digital58.com.ve\/site\/wp-content\/uploads\/2020\/10\/INAC.jpg",800,450,false]},"uagb_author_info":{"display_name":"Morales Joel","author_link":"https:\/\/digital58.com.ve\/site\/author\/joelm\/"},"uagb_comment_info":0,"uagb_excerpt":"&nbsp; Los aeropuertos del pa\u00eds permanecer\u00e1n cerrados para vuelos comerciales. Caracas, DC, Venezuela, 12 de octubre de 2020 (ND58).- El","_links":{"self":[{"href":"https:\/\/digital58.com.ve\/site\/wp-json\/wp\/v2\/posts\/130839","targetHints":{"allow":["GET"]}}],"collection":[{"href":"https:\/\/digital58.com.ve\/site\/wp-json\/wp\/v2\/posts"}],"about":[{"href":"https:\/\/digital58.com.ve\/site\/wp-json\/wp\/v2\/types\/post"}],"author":[{"embeddable":true,"href":"https:\/\/digital58.com.ve\/site\/wp-json\/wp\/v2\/users\/29"}],"replies":[{"embeddable":true,"href":"https:\/\/digital58.com.ve\/site\/wp-json\/wp\/v2\/comments?post=130839"}],"version-history":[{"count":0,"href":"https:\/\/digital58.com.ve\/site\/wp-json\/wp\/v2\/posts\/130839\/revisions"}],"wp:featuredmedia":[{"embeddable":true,"href":"https:\/\/digital58.com.ve\/site\/wp-json\/wp\/v2\/media\/130840"}],"wp:attachment":[{"href":"https:\/\/digital58.com.ve\/site\/wp-json\/wp\/v2\/media?parent=130839"}],"wp:term":[{"taxonomy":"category","embeddable":true,"href":"https:\/\/digital58.com.ve\/site\/wp-json\/wp\/v2\/categories?post=130839"},{"taxonomy":"post_tag","embeddable":true,"href":"https:\/\/digital58.com.ve\/site\/wp-json\/wp\/v2\/tags?post=130839"}],"curies":[{"name":"wp","href":"https:\/\/api.w.org\/{rel}","templated":true}]}}