{"id":131360,"date":"2020-10-19T18:11:01","date_gmt":"2020-10-19T22:11:01","guid":{"rendered":"https:\/\/digital58.com.ve\/site\/?p=131360"},"modified":"2020-10-19T18:14:33","modified_gmt":"2020-10-19T22:14:33","slug":"al-son-de-musica-llego-la-minga-indigena-a-la-plaza-de-bolivar","status":"publish","type":"post","link":"https:\/\/digital58.com.ve\/site\/2020\/10\/19\/al-son-de-musica-llego-la-minga-indigena-a-la-plaza-de-bolivar\/","title":{"rendered":"Al son de m\u00fasica lleg\u00f3 la Minga Ind\u00edgena a la Plaza  Bol\u00edvar de Bogot\u00e1"},"content":{"rendered":"<p><img loading=\"lazy\" decoding=\"async\" class=\"alignnone size-full wp-image-131362 aligncenter\" src=\"https:\/\/digital58.com.ve\/site\/wp-content\/uploads\/2020\/10\/EkpPcuLWMAA-7op.jpg\" alt=\"\" width=\"1280\" height=\"853\" srcset=\"https:\/\/digital58.com.ve\/site\/wp-content\/uploads\/2020\/10\/EkpPcuLWMAA-7op.jpg 800w, https:\/\/digital58.com.ve\/site\/wp-content\/uploads\/2020\/10\/EkpPcuLWMAA-7op-300x200.jpg 300w, https:\/\/digital58.com.ve\/site\/wp-content\/uploads\/2020\/10\/EkpPcuLWMAA-7op-768x512.jpg 768w, https:\/\/digital58.com.ve\/site\/wp-content\/uploads\/2020\/10\/EkpPcuLWMAA-7op-720x480.jpg 720w, https:\/\/digital58.com.ve\/site\/wp-content\/uploads\/2020\/10\/EkpPcuLWMAA-7op-480x320.jpg 480w\" sizes=\"auto, (max-width: 1280px) 100vw, 1280px\" \/><\/p>\n<p style=\"text-align: justify\"><em>Luego de su llegada a la capital colombiana, la Minga Ind\u00edgena parti\u00f3 a las 9:30 de la ma\u00f1ana desde el Palacio de los Deportes.<\/em><\/p>\n<p style=\"text-align: justify\"><strong>Bogot\u00e1, D.C, Colombia 19 de octubre de 2020 (ND58).- <\/strong>Al menos 9.000 ind\u00edgenas llegaron con la Minga Ind\u00edgena hacia la Plaza de Bol\u00edvar hacia el centro de la ciudad, en una marcha que, desde su inicio, ha transcurrido con total normalidad, seg\u00fan el reporte de las autoridades.<\/p>\n<p style=\"text-align: justify\">Alrededor de las 12:30 p.m., la Minga transitaba por la calle 26 con avenida caracas. Estando en la Plaza de Bol\u00edvar, en el centro de Bogot\u00e1, desarrollar\u00e1n una serie de actos culturales y posteriormente regresar\u00e1n a su campamento.<\/p>\n<p style=\"text-align: justify\">Luego de su llegada a Bogot\u00e1, la Minga Ind\u00edgena se instal\u00f3 en el Palacio de los Deportes, espacio dispuesto por la Alcald\u00eda de Bogot\u00e1 para recibir a las comunidades que arribaron a la capital colombiana este domingo.<\/p>\n<p style=\"text-align: justify\">Para este lunes 19 de octubre, la Minga inici\u00f3 su recorrido a las 8:30 de la ma\u00f1ana con rumbo hasta la Plaza de Bol\u00edvar. La primera marcha programada sali\u00f3 desde el Palacio de los Deportes ubicado en la calle 63, por lo que este corredor vial estuvo previamente cerrado por las autoridades de tr\u00e1nsito.<\/p>\n<p style=\"text-align: justify\">Su desplazamiento comenz\u00f3 en la calle 63, v\u00eda con la que tomaron la NQS al sur, luego la calle 26 hacia el oriente, continu\u00f3 por la carrera 10, luego la calle 19 y posteriormente la S\u00e9ptima para finalmente llegar a la Plaza de Bol\u00edvar. Por su parte La alcaldesa de Bogot\u00e1, Claudia L\u00f3pez, dio la bienvenida a las comunidades este domingo.<\/p>\n<p style=\"text-align: justify\">\u201cQuienes llegan son unos ciudadanos que van a manifestar una inconformidad, que tienen todo el prop\u00f3sito de hacerlo de una manera pac\u00edfica como lo han hecho a lo largo de todo su recorrido (&#8230;) Han recorrido Colombia de manera pac\u00edfica y estamos seguros de que har\u00e1n su recorrido por Bogot\u00e1 de manera pac\u00edfica\u201d, se\u00f1al\u00f3 la mandataria.<\/p>\n<p style=\"text-align: justify\">Con motivo de los recorridos que tendr\u00e1 la movilizaci\u00f3n, Claudia L\u00f3pez indic\u00f3 que estos se acordaron con los representantes de la Minga Ind\u00edgena para no afectar en gran medida la movilidad de los bogotanos.<\/p>\n<p style=\"text-align: justify\">\u201cLes hemos pedido encarecidamente que acordemos las rutas de manera tal que la Minga pueda marchar y movilizarse, pero el resto de la ciudad tambi\u00e9n pueda usar su transporte p\u00fablico. No hay ninguna necesidad de bloquear el transporte masivo de manera que ese es un compromiso que tenemos con la Minga\u201d, dijo.<\/p>\n<p style=\"text-align: justify\">Consejeros de la Minga y el defensor del Pueblo, Carlos Camargo, adelantaron este s\u00e1bado una reuni\u00f3n en la que acordaron que el funcionario servir\u00e1 como mediador con el Gobierno Nacional.<\/p>\n<p style=\"text-align: justify\">\u00abVamos a reafirmar nuestro compromiso de ser articulador y ser ese factor de entendimiento entre las partes, entre las autoridades del Gobierno Nacional, las autoridades ind\u00edgenas y los dem\u00e1s sectores\u00bb, asegur\u00f3 el defensor.<\/p><div class=\"ovrct69f439dc64576\" ><p style=\"text-align: center;\"><a href=\"https:\/\/t.me\/noticiasdigital58\" target=\"_blank\" rel=\"noopener\"><img class=\"aligncenter size-full wp-image-125363\" src=\"https:\/\/digital58.com.ve\/site\/wp-content\/uploads\/2021\/04\/banner-telegram-web-2021.png\" alt=\"\" width=\"600\" height=\"90\" \/><\/a><\/p><\/div><style type=\"text\/css\">\r\n@media screen and (min-width: 1201px) {\r\n.ovrct69f439dc64576 {\r\ndisplay: block;\r\n}\r\n}\r\n@media screen and (min-width: 993px) and (max-width: 1200px) {\r\n.ovrct69f439dc64576 {\r\ndisplay: block;\r\n}\r\n}\r\n@media screen and (min-width: 769px) and (max-width: 992px) {\r\n.ovrct69f439dc64576 {\r\ndisplay: block;\r\n}\r\n}\r\n@media screen and (min-width: 768px) and (max-width: 768px) {\r\n.ovrct69f439dc64576 {\r\ndisplay: block;\r\n}\r\n}\r\n@media screen and (max-width: 767px) {\r\n.ovrct69f439dc64576 {\r\ndisplay: block;\r\n}\r\n}\r\n<\/style>\r\n\n<p style=\"text-align: justify\">Adem\u00e1s, se\u00f1al\u00f3 que un equipo de la Defensor\u00eda del Pueblo acompa\u00f1ar\u00e1 las movilizaciones de la Minga Ind\u00edgena.<\/p>\n<ul style=\"list-style-type: circle\">\n<li style=\"text-align: justify\"><strong>Redacci\u00f3n: Molero, Luis (@Moleromarquez) | Fuente: RCN NOTICIAS<\/strong><\/li>\n<li style=\"text-align: justify\"><strong>Edici\u00f3n: Villasmil, Henry<\/strong><\/li>\n<li style=\"text-align: justify\"><strong>Gr\u00e1fica: RCN NOTICIAS<\/strong><\/li>\n<\/ul>\n<div style=\"margin-top: 0px; margin-bottom: 0px;\" class=\"sharethis-inline-share-buttons\" ><\/div>","protected":false},"excerpt":{"rendered":"<p>Luego de su llegada a la capital colombiana, la Minga Ind\u00edgena parti\u00f3 a las 9:30 de la ma\u00f1ana desde el<\/p>\n","protected":false},"author":26,"featured_media":131362,"comment_status":"open","ping_status":"closed","sticky":false,"template":"","format":"standard","meta":{"colormag_page_container_layout":"default_layout","colormag_page_sidebar_layout":"default_layout","_uag_custom_page_level_css":"","footnotes":""},"categories":[16451],"tags":[22298,3063,98,22297,16546],"class_list":["post-131360","post","type-post","status-publish","format-standard","has-post-thumbnail","hentry","category-mundo","tag-alcadesa-claudia-lopez","tag-bogota","tag-colombia","tag-mingaindigena","tag-presidente-de-colombia"],"yoast_head":"<!-- This site is optimized with the Yoast SEO plugin v27.5 - https:\/\/yoast.com\/product\/yoast-seo-wordpress\/ -->\n<title>Al son de m\u00fasica lleg\u00f3 la Minga Ind\u00edgena a la Plaza Bol\u00edvar de Bogot\u00e1<\/title>\n<meta name=\"description\" content=\"Mundo\" \/>\n<meta name=\"robots\" content=\"index, follow, max-snippet:-1, max-image-preview:large, max-video-preview:-1\" \/>\n<link rel=\"canonical\" href=\"https:\/\/digital58.com.ve\/site\/2020\/10\/19\/al-son-de-musica-llego-la-minga-indigena-a-la-plaza-de-bolivar\/\" \/>\n<meta property=\"og:locale\" content=\"es_ES\" \/>\n<meta property=\"og:type\" content=\"article\" \/>\n<meta property=\"og:title\" content=\"Al son de m\u00fasica lleg\u00f3 la Minga Ind\u00edgena a la Plaza Bol\u00edvar de Bogot\u00e1\" \/>\n<meta property=\"og:description\" content=\"Mundo\" \/>\n<meta property=\"og:url\" content=\"https:\/\/digital58.com.ve\/site\/2020\/10\/19\/al-son-de-musica-llego-la-minga-indigena-a-la-plaza-de-bolivar\/\" \/>\n<meta property=\"og:site_name\" content=\"Noticias Digital58\" \/>\n<meta property=\"article:published_time\" content=\"2020-10-19T22:11:01+00:00\" \/>\n<meta property=\"article:modified_time\" content=\"2020-10-19T22:14:33+00:00\" \/>\n<meta property=\"og:image\" content=\"https:\/\/digital58.com.ve\/site\/wp-content\/uploads\/2020\/10\/EkpPcuLWMAA-7op.jpg\" \/>\n\t<meta property=\"og:image:width\" content=\"1280\" \/>\n\t<meta property=\"og:image:height\" content=\"853\" \/>\n\t<meta property=\"og:image:type\" content=\"image\/jpeg\" \/>\n<meta name=\"author\" content=\"Molero Luis\" \/>\n<meta name=\"twitter:card\" content=\"summary_large_image\" \/>\n<meta name=\"twitter:creator\" content=\"@Digital_58\" \/>\n<meta name=\"twitter:site\" content=\"@villasmilhfoto\" \/>\n<meta name=\"twitter:label1\" content=\"Escrito por\" \/>\n\t<meta name=\"twitter:data1\" content=\"Molero Luis\" \/>\n\t<meta name=\"twitter:label2\" content=\"Tiempo estimado de lectura\" \/>\n\t<meta name=\"twitter:data2\" content=\"3 minutos\" \/>\n<script type=\"application\/ld+json\" class=\"yoast-schema-graph\">{\"@context\":\"https:\\\/\\\/schema.org\",\"@graph\":[{\"@type\":\"Article\",\"@id\":\"https:\\\/\\\/digital58.com.ve\\\/site\\\/2020\\\/10\\\/19\\\/al-son-de-musica-llego-la-minga-indigena-a-la-plaza-de-bolivar\\\/#article\",\"isPartOf\":{\"@id\":\"https:\\\/\\\/digital58.com.ve\\\/site\\\/2020\\\/10\\\/19\\\/al-son-de-musica-llego-la-minga-indigena-a-la-plaza-de-bolivar\\\/\"},\"author\":{\"name\":\"Molero Luis\",\"@id\":\"https:\\\/\\\/digital58.com.ve\\\/site\\\/#\\\/schema\\\/person\\\/c61667ce6845137620ee3f0aaabade17\"},\"headline\":\"Al son de m\u00fasica lleg\u00f3 la Minga Ind\u00edgena a la Plaza Bol\u00edvar de Bogot\u00e1\",\"datePublished\":\"2020-10-19T22:11:01+00:00\",\"dateModified\":\"2020-10-19T22:14:33+00:00\",\"mainEntityOfPage\":{\"@id\":\"https:\\\/\\\/digital58.com.ve\\\/site\\\/2020\\\/10\\\/19\\\/al-son-de-musica-llego-la-minga-indigena-a-la-plaza-de-bolivar\\\/\"},\"wordCount\":543,\"commentCount\":0,\"publisher\":{\"@id\":\"https:\\\/\\\/digital58.com.ve\\\/site\\\/#\\\/schema\\\/person\\\/64d1c2e4d0d4fd1b849980c4331c2951\"},\"image\":{\"@id\":\"https:\\\/\\\/digital58.com.ve\\\/site\\\/2020\\\/10\\\/19\\\/al-son-de-musica-llego-la-minga-indigena-a-la-plaza-de-bolivar\\\/#primaryimage\"},\"thumbnailUrl\":\"https:\\\/\\\/digital58.com.ve\\\/site\\\/wp-content\\\/uploads\\\/2020\\\/10\\\/EkpPcuLWMAA-7op.jpg\",\"keywords\":[\"alcadesa Claudia L\u00f3pez\",\"Bogot\u00e1\",\"Colombia\",\"Mingaindigena\",\"Presidente de Colombia\"],\"articleSection\":[\"Mundo\"],\"inLanguage\":\"es\",\"potentialAction\":[{\"@type\":\"CommentAction\",\"name\":\"Comment\",\"target\":[\"https:\\\/\\\/digital58.com.ve\\\/site\\\/2020\\\/10\\\/19\\\/al-son-de-musica-llego-la-minga-indigena-a-la-plaza-de-bolivar\\\/#respond\"]}]},{\"@type\":\"WebPage\",\"@id\":\"https:\\\/\\\/digital58.com.ve\\\/site\\\/2020\\\/10\\\/19\\\/al-son-de-musica-llego-la-minga-indigena-a-la-plaza-de-bolivar\\\/\",\"url\":\"https:\\\/\\\/digital58.com.ve\\\/site\\\/2020\\\/10\\\/19\\\/al-son-de-musica-llego-la-minga-indigena-a-la-plaza-de-bolivar\\\/\",\"name\":\"Al son de m\u00fasica lleg\u00f3 la Minga Ind\u00edgena a la Plaza Bol\u00edvar de Bogot\u00e1\",\"isPartOf\":{\"@id\":\"https:\\\/\\\/digital58.com.ve\\\/site\\\/#website\"},\"primaryImageOfPage\":{\"@id\":\"https:\\\/\\\/digital58.com.ve\\\/site\\\/2020\\\/10\\\/19\\\/al-son-de-musica-llego-la-minga-indigena-a-la-plaza-de-bolivar\\\/#primaryimage\"},\"image\":{\"@id\":\"https:\\\/\\\/digital58.com.ve\\\/site\\\/2020\\\/10\\\/19\\\/al-son-de-musica-llego-la-minga-indigena-a-la-plaza-de-bolivar\\\/#primaryimage\"},\"thumbnailUrl\":\"https:\\\/\\\/digital58.com.ve\\\/site\\\/wp-content\\\/uploads\\\/2020\\\/10\\\/EkpPcuLWMAA-7op.jpg\",\"datePublished\":\"2020-10-19T22:11:01+00:00\",\"dateModified\":\"2020-10-19T22:14:33+00:00\",\"description\":\"Mundo\",\"breadcrumb\":{\"@id\":\"https:\\\/\\\/digital58.com.ve\\\/site\\\/2020\\\/10\\\/19\\\/al-son-de-musica-llego-la-minga-indigena-a-la-plaza-de-bolivar\\\/#breadcrumb\"},\"inLanguage\":\"es\",\"potentialAction\":[{\"@type\":\"ReadAction\",\"target\":[\"https:\\\/\\\/digital58.com.ve\\\/site\\\/2020\\\/10\\\/19\\\/al-son-de-musica-llego-la-minga-indigena-a-la-plaza-de-bolivar\\\/\"]}]},{\"@type\":\"ImageObject\",\"inLanguage\":\"es\",\"@id\":\"https:\\\/\\\/digital58.com.ve\\\/site\\\/2020\\\/10\\\/19\\\/al-son-de-musica-llego-la-minga-indigena-a-la-plaza-de-bolivar\\\/#primaryimage\",\"url\":\"https:\\\/\\\/digital58.com.ve\\\/site\\\/wp-content\\\/uploads\\\/2020\\\/10\\\/EkpPcuLWMAA-7op.jpg\",\"contentUrl\":\"https:\\\/\\\/digital58.com.ve\\\/site\\\/wp-content\\\/uploads\\\/2020\\\/10\\\/EkpPcuLWMAA-7op.jpg\",\"width\":800,\"height\":533},{\"@type\":\"BreadcrumbList\",\"@id\":\"https:\\\/\\\/digital58.com.ve\\\/site\\\/2020\\\/10\\\/19\\\/al-son-de-musica-llego-la-minga-indigena-a-la-plaza-de-bolivar\\\/#breadcrumb\",\"itemListElement\":[{\"@type\":\"ListItem\",\"position\":1,\"name\":\"Home\",\"item\":\"https:\\\/\\\/digital58.com.ve\\\/site\\\/\"},{\"@type\":\"ListItem\",\"position\":2,\"name\":\"Al son de m\u00fasica lleg\u00f3 la Minga Ind\u00edgena a la Plaza Bol\u00edvar de Bogot\u00e1\"}]},{\"@type\":\"WebSite\",\"@id\":\"https:\\\/\\\/digital58.com.ve\\\/site\\\/#website\",\"url\":\"https:\\\/\\\/digital58.com.ve\\\/site\\\/\",\"name\":\"Noticias Digital58\",\"description\":\"Portal de Noticias \u00a1Periodismo web de verdad! Lanzamiento web 22.11.2005 \\\/ Maracaibo, Venezuela\",\"publisher\":{\"@id\":\"https:\\\/\\\/digital58.com.ve\\\/site\\\/#\\\/schema\\\/person\\\/64d1c2e4d0d4fd1b849980c4331c2951\"},\"alternateName\":\"ND58\",\"potentialAction\":[{\"@type\":\"SearchAction\",\"target\":{\"@type\":\"EntryPoint\",\"urlTemplate\":\"https:\\\/\\\/digital58.com.ve\\\/site\\\/?s={search_term_string}\"},\"query-input\":{\"@type\":\"PropertyValueSpecification\",\"valueRequired\":true,\"valueName\":\"search_term_string\"}}],\"inLanguage\":\"es\"},{\"@type\":[\"Person\",\"Organization\"],\"@id\":\"https:\\\/\\\/digital58.com.ve\\\/site\\\/#\\\/schema\\\/person\\\/64d1c2e4d0d4fd1b849980c4331c2951\",\"name\":\"Villasmil Henry\",\"image\":{\"@type\":\"ImageObject\",\"inLanguage\":\"es\",\"@id\":\"https:\\\/\\\/secure.gravatar.com\\\/avatar\\\/bb0c4a2fcb7970138239f7e404ea75757b1b507b28b5ce4c53fbd62d797c5a7c?s=96&d=mm&r=g\",\"url\":\"https:\\\/\\\/secure.gravatar.com\\\/avatar\\\/bb0c4a2fcb7970138239f7e404ea75757b1b507b28b5ce4c53fbd62d797c5a7c?s=96&d=mm&r=g\",\"contentUrl\":\"https:\\\/\\\/secure.gravatar.com\\\/avatar\\\/bb0c4a2fcb7970138239f7e404ea75757b1b507b28b5ce4c53fbd62d797c5a7c?s=96&d=mm&r=g\",\"caption\":\"Villasmil Henry\"},\"logo\":{\"@id\":\"https:\\\/\\\/secure.gravatar.com\\\/avatar\\\/bb0c4a2fcb7970138239f7e404ea75757b1b507b28b5ce4c53fbd62d797c5a7c?s=96&d=mm&r=g\"},\"sameAs\":[\"http:\\\/\\\/www.henryvillasmil.com.ve\",\"https:\\\/\\\/www.instagram.com\\\/villasmilhfoto\\\/\",\"https:\\\/\\\/x.com\\\/https:\\\/\\\/twitter.com\\\/villasmilhfoto\"]},{\"@type\":\"Person\",\"@id\":\"https:\\\/\\\/digital58.com.ve\\\/site\\\/#\\\/schema\\\/person\\\/c61667ce6845137620ee3f0aaabade17\",\"name\":\"Molero Luis\",\"image\":{\"@type\":\"ImageObject\",\"inLanguage\":\"es\",\"@id\":\"https:\\\/\\\/secure.gravatar.com\\\/avatar\\\/bf041ec637e3e7405449807deb2f7cf3d2de7c6fa755dd56e985201de9863f2b?s=96&d=mm&r=g\",\"url\":\"https:\\\/\\\/secure.gravatar.com\\\/avatar\\\/bf041ec637e3e7405449807deb2f7cf3d2de7c6fa755dd56e985201de9863f2b?s=96&d=mm&r=g\",\"contentUrl\":\"https:\\\/\\\/secure.gravatar.com\\\/avatar\\\/bf041ec637e3e7405449807deb2f7cf3d2de7c6fa755dd56e985201de9863f2b?s=96&d=mm&r=g\",\"caption\":\"Molero Luis\"},\"url\":\"https:\\\/\\\/digital58.com.ve\\\/site\\\/author\\\/luismolero\\\/\"}]}<\/script>\n<!-- \/ Yoast SEO plugin. -->","yoast_head_json":{"title":"Al son de m\u00fasica lleg\u00f3 la Minga Ind\u00edgena a la Plaza Bol\u00edvar de Bogot\u00e1","description":"Mundo","robots":{"index":"index","follow":"follow","max-snippet":"max-snippet:-1","max-image-preview":"max-image-preview:large","max-video-preview":"max-video-preview:-1"},"canonical":"https:\/\/digital58.com.ve\/site\/2020\/10\/19\/al-son-de-musica-llego-la-minga-indigena-a-la-plaza-de-bolivar\/","og_locale":"es_ES","og_type":"article","og_title":"Al son de m\u00fasica lleg\u00f3 la Minga Ind\u00edgena a la Plaza Bol\u00edvar de Bogot\u00e1","og_description":"Mundo","og_url":"https:\/\/digital58.com.ve\/site\/2020\/10\/19\/al-son-de-musica-llego-la-minga-indigena-a-la-plaza-de-bolivar\/","og_site_name":"Noticias Digital58","article_published_time":"2020-10-19T22:11:01+00:00","article_modified_time":"2020-10-19T22:14:33+00:00","og_image":[{"width":1280,"height":853,"url":"https:\/\/digital58.com.ve\/site\/wp-content\/uploads\/2020\/10\/EkpPcuLWMAA-7op.jpg","type":"image\/jpeg"}],"author":"Molero Luis","twitter_card":"summary_large_image","twitter_creator":"@Digital_58","twitter_site":"@villasmilhfoto","twitter_misc":{"Escrito por":"Molero Luis","Tiempo estimado de lectura":"3 minutos"},"schema":{"@context":"https:\/\/schema.org","@graph":[{"@type":"Article","@id":"https:\/\/digital58.com.ve\/site\/2020\/10\/19\/al-son-de-musica-llego-la-minga-indigena-a-la-plaza-de-bolivar\/#article","isPartOf":{"@id":"https:\/\/digital58.com.ve\/site\/2020\/10\/19\/al-son-de-musica-llego-la-minga-indigena-a-la-plaza-de-bolivar\/"},"author":{"name":"Molero Luis","@id":"https:\/\/digital58.com.ve\/site\/#\/schema\/person\/c61667ce6845137620ee3f0aaabade17"},"headline":"Al son de m\u00fasica lleg\u00f3 la Minga Ind\u00edgena a la Plaza Bol\u00edvar de Bogot\u00e1","datePublished":"2020-10-19T22:11:01+00:00","dateModified":"2020-10-19T22:14:33+00:00","mainEntityOfPage":{"@id":"https:\/\/digital58.com.ve\/site\/2020\/10\/19\/al-son-de-musica-llego-la-minga-indigena-a-la-plaza-de-bolivar\/"},"wordCount":543,"commentCount":0,"publisher":{"@id":"https:\/\/digital58.com.ve\/site\/#\/schema\/person\/64d1c2e4d0d4fd1b849980c4331c2951"},"image":{"@id":"https:\/\/digital58.com.ve\/site\/2020\/10\/19\/al-son-de-musica-llego-la-minga-indigena-a-la-plaza-de-bolivar\/#primaryimage"},"thumbnailUrl":"https:\/\/digital58.com.ve\/site\/wp-content\/uploads\/2020\/10\/EkpPcuLWMAA-7op.jpg","keywords":["alcadesa Claudia L\u00f3pez","Bogot\u00e1","Colombia","Mingaindigena","Presidente de Colombia"],"articleSection":["Mundo"],"inLanguage":"es","potentialAction":[{"@type":"CommentAction","name":"Comment","target":["https:\/\/digital58.com.ve\/site\/2020\/10\/19\/al-son-de-musica-llego-la-minga-indigena-a-la-plaza-de-bolivar\/#respond"]}]},{"@type":"WebPage","@id":"https:\/\/digital58.com.ve\/site\/2020\/10\/19\/al-son-de-musica-llego-la-minga-indigena-a-la-plaza-de-bolivar\/","url":"https:\/\/digital58.com.ve\/site\/2020\/10\/19\/al-son-de-musica-llego-la-minga-indigena-a-la-plaza-de-bolivar\/","name":"Al son de m\u00fasica lleg\u00f3 la Minga Ind\u00edgena a la Plaza Bol\u00edvar de Bogot\u00e1","isPartOf":{"@id":"https:\/\/digital58.com.ve\/site\/#website"},"primaryImageOfPage":{"@id":"https:\/\/digital58.com.ve\/site\/2020\/10\/19\/al-son-de-musica-llego-la-minga-indigena-a-la-plaza-de-bolivar\/#primaryimage"},"image":{"@id":"https:\/\/digital58.com.ve\/site\/2020\/10\/19\/al-son-de-musica-llego-la-minga-indigena-a-la-plaza-de-bolivar\/#primaryimage"},"thumbnailUrl":"https:\/\/digital58.com.ve\/site\/wp-content\/uploads\/2020\/10\/EkpPcuLWMAA-7op.jpg","datePublished":"2020-10-19T22:11:01+00:00","dateModified":"2020-10-19T22:14:33+00:00","description":"Mundo","breadcrumb":{"@id":"https:\/\/digital58.com.ve\/site\/2020\/10\/19\/al-son-de-musica-llego-la-minga-indigena-a-la-plaza-de-bolivar\/#breadcrumb"},"inLanguage":"es","potentialAction":[{"@type":"ReadAction","target":["https:\/\/digital58.com.ve\/site\/2020\/10\/19\/al-son-de-musica-llego-la-minga-indigena-a-la-plaza-de-bolivar\/"]}]},{"@type":"ImageObject","inLanguage":"es","@id":"https:\/\/digital58.com.ve\/site\/2020\/10\/19\/al-son-de-musica-llego-la-minga-indigena-a-la-plaza-de-bolivar\/#primaryimage","url":"https:\/\/digital58.com.ve\/site\/wp-content\/uploads\/2020\/10\/EkpPcuLWMAA-7op.jpg","contentUrl":"https:\/\/digital58.com.ve\/site\/wp-content\/uploads\/2020\/10\/EkpPcuLWMAA-7op.jpg","width":800,"height":533},{"@type":"BreadcrumbList","@id":"https:\/\/digital58.com.ve\/site\/2020\/10\/19\/al-son-de-musica-llego-la-minga-indigena-a-la-plaza-de-bolivar\/#breadcrumb","itemListElement":[{"@type":"ListItem","position":1,"name":"Home","item":"https:\/\/digital58.com.ve\/site\/"},{"@type":"ListItem","position":2,"name":"Al son de m\u00fasica lleg\u00f3 la Minga Ind\u00edgena a la Plaza Bol\u00edvar de Bogot\u00e1"}]},{"@type":"WebSite","@id":"https:\/\/digital58.com.ve\/site\/#website","url":"https:\/\/digital58.com.ve\/site\/","name":"Noticias Digital58","description":"Portal de Noticias \u00a1Periodismo web de verdad! Lanzamiento web 22.11.2005 \/ Maracaibo, Venezuela","publisher":{"@id":"https:\/\/digital58.com.ve\/site\/#\/schema\/person\/64d1c2e4d0d4fd1b849980c4331c2951"},"alternateName":"ND58","potentialAction":[{"@type":"SearchAction","target":{"@type":"EntryPoint","urlTemplate":"https:\/\/digital58.com.ve\/site\/?s={search_term_string}"},"query-input":{"@type":"PropertyValueSpecification","valueRequired":true,"valueName":"search_term_string"}}],"inLanguage":"es"},{"@type":["Person","Organization"],"@id":"https:\/\/digital58.com.ve\/site\/#\/schema\/person\/64d1c2e4d0d4fd1b849980c4331c2951","name":"Villasmil Henry","image":{"@type":"ImageObject","inLanguage":"es","@id":"https:\/\/secure.gravatar.com\/avatar\/bb0c4a2fcb7970138239f7e404ea75757b1b507b28b5ce4c53fbd62d797c5a7c?s=96&d=mm&r=g","url":"https:\/\/secure.gravatar.com\/avatar\/bb0c4a2fcb7970138239f7e404ea75757b1b507b28b5ce4c53fbd62d797c5a7c?s=96&d=mm&r=g","contentUrl":"https:\/\/secure.gravatar.com\/avatar\/bb0c4a2fcb7970138239f7e404ea75757b1b507b28b5ce4c53fbd62d797c5a7c?s=96&d=mm&r=g","caption":"Villasmil Henry"},"logo":{"@id":"https:\/\/secure.gravatar.com\/avatar\/bb0c4a2fcb7970138239f7e404ea75757b1b507b28b5ce4c53fbd62d797c5a7c?s=96&d=mm&r=g"},"sameAs":["http:\/\/www.henryvillasmil.com.ve","https:\/\/www.instagram.com\/villasmilhfoto\/","https:\/\/x.com\/https:\/\/twitter.com\/villasmilhfoto"]},{"@type":"Person","@id":"https:\/\/digital58.com.ve\/site\/#\/schema\/person\/c61667ce6845137620ee3f0aaabade17","name":"Molero Luis","image":{"@type":"ImageObject","inLanguage":"es","@id":"https:\/\/secure.gravatar.com\/avatar\/bf041ec637e3e7405449807deb2f7cf3d2de7c6fa755dd56e985201de9863f2b?s=96&d=mm&r=g","url":"https:\/\/secure.gravatar.com\/avatar\/bf041ec637e3e7405449807deb2f7cf3d2de7c6fa755dd56e985201de9863f2b?s=96&d=mm&r=g","contentUrl":"https:\/\/secure.gravatar.com\/avatar\/bf041ec637e3e7405449807deb2f7cf3d2de7c6fa755dd56e985201de9863f2b?s=96&d=mm&r=g","caption":"Molero Luis"},"url":"https:\/\/digital58.com.ve\/site\/author\/luismolero\/"}]}},"uagb_featured_image_src":{"full":["https:\/\/digital58.com.ve\/site\/wp-content\/uploads\/2020\/10\/EkpPcuLWMAA-7op.jpg",800,533,false],"thumbnail":["https:\/\/digital58.com.ve\/site\/wp-content\/uploads\/2020\/10\/EkpPcuLWMAA-7op-150x150.jpg",150,150,true],"medium":["https:\/\/digital58.com.ve\/site\/wp-content\/uploads\/2020\/10\/EkpPcuLWMAA-7op-300x200.jpg",300,200,true],"medium_large":["https:\/\/digital58.com.ve\/site\/wp-content\/uploads\/2020\/10\/EkpPcuLWMAA-7op-768x512.jpg",768,512,true],"large":["https:\/\/digital58.com.ve\/site\/wp-content\/uploads\/2020\/10\/EkpPcuLWMAA-7op.jpg",800,533,false],"1536x1536":["https:\/\/digital58.com.ve\/site\/wp-content\/uploads\/2020\/10\/EkpPcuLWMAA-7op.jpg",800,533,false],"2048x2048":["https:\/\/digital58.com.ve\/site\/wp-content\/uploads\/2020\/10\/EkpPcuLWMAA-7op.jpg",800,533,false],"colormag-highlighted-post":["https:\/\/digital58.com.ve\/site\/wp-content\/uploads\/2020\/10\/EkpPcuLWMAA-7op.jpg",392,261,false],"colormag-featured-post-medium":["https:\/\/digital58.com.ve\/site\/wp-content\/uploads\/2020\/10\/EkpPcuLWMAA-7op.jpg",308,205,false],"colormag-featured-post-small":["https:\/\/digital58.com.ve\/site\/wp-content\/uploads\/2020\/10\/EkpPcuLWMAA-7op.jpg",130,87,false],"colormag-featured-image":["https:\/\/digital58.com.ve\/site\/wp-content\/uploads\/2020\/10\/EkpPcuLWMAA-7op.jpg",668,445,false],"colormag-default-news":["https:\/\/digital58.com.ve\/site\/wp-content\/uploads\/2020\/10\/EkpPcuLWMAA-7op.jpg",150,100,false],"colormag-featured-image-large":["https:\/\/digital58.com.ve\/site\/wp-content\/uploads\/2020\/10\/EkpPcuLWMAA-7op.jpg",800,533,false]},"uagb_author_info":{"display_name":"Molero Luis","author_link":"https:\/\/digital58.com.ve\/site\/author\/luismolero\/"},"uagb_comment_info":0,"uagb_excerpt":"Luego de su llegada a la capital colombiana, la Minga Ind\u00edgena parti\u00f3 a las 9:30 de la ma\u00f1ana desde el","_links":{"self":[{"href":"https:\/\/digital58.com.ve\/site\/wp-json\/wp\/v2\/posts\/131360","targetHints":{"allow":["GET"]}}],"collection":[{"href":"https:\/\/digital58.com.ve\/site\/wp-json\/wp\/v2\/posts"}],"about":[{"href":"https:\/\/digital58.com.ve\/site\/wp-json\/wp\/v2\/types\/post"}],"author":[{"embeddable":true,"href":"https:\/\/digital58.com.ve\/site\/wp-json\/wp\/v2\/users\/26"}],"replies":[{"embeddable":true,"href":"https:\/\/digital58.com.ve\/site\/wp-json\/wp\/v2\/comments?post=131360"}],"version-history":[{"count":0,"href":"https:\/\/digital58.com.ve\/site\/wp-json\/wp\/v2\/posts\/131360\/revisions"}],"wp:featuredmedia":[{"embeddable":true,"href":"https:\/\/digital58.com.ve\/site\/wp-json\/wp\/v2\/media\/131362"}],"wp:attachment":[{"href":"https:\/\/digital58.com.ve\/site\/wp-json\/wp\/v2\/media?parent=131360"}],"wp:term":[{"taxonomy":"category","embeddable":true,"href":"https:\/\/digital58.com.ve\/site\/wp-json\/wp\/v2\/categories?post=131360"},{"taxonomy":"post_tag","embeddable":true,"href":"https:\/\/digital58.com.ve\/site\/wp-json\/wp\/v2\/tags?post=131360"}],"curies":[{"name":"wp","href":"https:\/\/api.w.org\/{rel}","templated":true}]}}