{"id":131770,"date":"2020-10-25T18:44:33","date_gmt":"2020-10-25T22:44:33","guid":{"rendered":"https:\/\/digital58.com.ve\/site\/?p=131770"},"modified":"2020-11-02T00:00:41","modified_gmt":"2020-11-02T04:00:41","slug":"mayoral-se-llevo-la-edicion-99-del-clasico-internacional-presidente-de-la-republica","status":"publish","type":"post","link":"https:\/\/digital58.com.ve\/site\/2020\/10\/25\/mayoral-se-llevo-la-edicion-99-del-clasico-internacional-presidente-de-la-republica\/","title":{"rendered":"Mayoral se llev\u00f3 la edici\u00f3n 99 del Cl\u00e1sico Internacional Presidente de la Rep\u00fablica"},"content":{"rendered":"<p><a href=\"https:\/\/digital58.com.ve\/site\/wp-content\/uploads\/2020\/06\/NILO-JIMENEZ-LUCHO-DOBA\u00d1O-HIPISMO-050305-001.jpg\"><img loading=\"lazy\" decoding=\"async\" class=\"aligncenter size-large wp-image-105327\" src=\"https:\/\/digital58.com.ve\/site\/wp-content\/uploads\/2020\/06\/NILO-JIMENEZ-LUCHO-DOBA\u00d1O-HIPISMO-050305-001-1500x999.jpg\" alt=\"\" width=\"640\" height=\"426\" srcset=\"https:\/\/digital58.com.ve\/site\/wp-content\/uploads\/2020\/06\/NILO-JIMENEZ-LUCHO-DOBA\u00d1O-HIPISMO-050305-001-1500x999.jpg 1500w, https:\/\/digital58.com.ve\/site\/wp-content\/uploads\/2020\/06\/NILO-JIMENEZ-LUCHO-DOBA\u00d1O-HIPISMO-050305-001-300x200.jpg 300w, https:\/\/digital58.com.ve\/site\/wp-content\/uploads\/2020\/06\/NILO-JIMENEZ-LUCHO-DOBA\u00d1O-HIPISMO-050305-001-768x512.jpg 768w, https:\/\/digital58.com.ve\/site\/wp-content\/uploads\/2020\/06\/NILO-JIMENEZ-LUCHO-DOBA\u00d1O-HIPISMO-050305-001-1536x1023.jpg 1536w, https:\/\/digital58.com.ve\/site\/wp-content\/uploads\/2020\/06\/NILO-JIMENEZ-LUCHO-DOBA\u00d1O-HIPISMO-050305-001-720x480.jpg 720w, https:\/\/digital58.com.ve\/site\/wp-content\/uploads\/2020\/06\/NILO-JIMENEZ-LUCHO-DOBA\u00d1O-HIPISMO-050305-001-480x320.jpg 480w, https:\/\/digital58.com.ve\/site\/wp-content\/uploads\/2020\/06\/NILO-JIMENEZ-LUCHO-DOBA\u00d1O-HIPISMO-050305-001.jpg 800w\" sizes=\"auto, (max-width: 640px) 100vw, 640px\" \/><\/a><\/p>\n<p>El hipismo es el \u00fanico deporte que ha regresado durante la pandemia en Venezuela.<\/p>\n<p><strong>Caracas, DC, Venezuela 25 de octubre de 2020 (ND58).-<\/strong> La jornada h\u00edpica en el Hip\u00f3dromo de La Rinconada (R37) se desarroll\u00f3 con toda normalidad, bajo las medidas sanitarias necesarias para protegerse de la COVID-19.<\/p>\n<p>En la programaci\u00f3n h\u00edpica de este domingo se corri\u00f3 la edici\u00f3n 99 del majestuoso Cl\u00e1sico Internacional Presidente de la Rep\u00fablica, con un premio global de 446.250.000.00 bol\u00edvares y en distancia de 2.400 metros.<\/p>\n<p>Fernando Parilli Jr,\u00a0 en dupla con el campe\u00f3n de los jinetes Robert Capriles, se llevaron la vitoria con el pura sangre \u00abMayoral\u00bb, pupilo del Stud Z Affair.<\/p>\n<div class=\"lyte-wrapper\" title=\"XCIX CL&Aacute;SICO INTERNACIONAL PRESIDENTE DE LA REP&Uacute;BLICA (GR. I) Hip&oacute;dromo La Rinconada | Reuni&oacute;n 37\" style=\"width:640px;max-width:100%;margin:5px auto;\"><div class=\"lyMe\" id=\"WYL_Jwz2KNIhHIc\" itemprop=\"video\" itemscope itemtype=\"https:\/\/schema.org\/VideoObject\"><div><meta itemprop=\"thumbnailUrl\" content=\"https:\/\/i.ytimg.com\/vi\/Jwz2KNIhHIc\/hqdefault.jpg\" \/><meta itemprop=\"embedURL\" content=\"https:\/\/www.youtube.com\/embed\/Jwz2KNIhHIc\" \/><meta itemprop=\"duration\" content=\"PT2M53S\" \/><meta itemprop=\"uploadDate\" content=\"2020-10-25T20:54:22Z\" \/><\/div><div id=\"lyte_Jwz2KNIhHIc\" data-src=\"https:\/\/i.ytimg.com\/vi\/Jwz2KNIhHIc\/hqdefault.jpg\" class=\"pL\"><div class=\"tC\"><div class=\"tT\" itemprop=\"name\">XCIX CL\u00c1SICO INTERNACIONAL PRESIDENTE DE LA REP\u00daBLICA (GR. I) Hip\u00f3dromo La Rinconada | Reuni\u00f3n 37<\/div><\/div><div class=\"play\"><\/div><div class=\"ctrl\"><div class=\"Lctrl\"><\/div><div class=\"Rctrl\"><\/div><\/div><\/div><noscript><a href=\"https:\/\/youtu.be\/Jwz2KNIhHIc\" rel=\"nofollow\"><img loading=\"lazy\" decoding=\"async\" src=\"https:\/\/i.ytimg.com\/vi\/Jwz2KNIhHIc\/0.jpg\" alt=\"XCIX CL&Aacute;SICO INTERNACIONAL PRESIDENTE DE LA REP&Uacute;BLICA (GR. I) Hip&oacute;dromo La Rinconada | Reuni&oacute;n 37\" width=\"640\" height=\"340\" \/><br \/>Ver este video en YouTube<\/a><\/noscript><meta itemprop=\"description\" content=\"Gana la 11ma. carrera y el XCIX Cl\u00e1sico Internacional Presidente de la Rep\u00fablica (Gr.I) &quot;MAYORAL&quot; (6) La monta estuvo a cargo de Robert Capriles y el entrenamiento de Fernando Parilli Jr. \ud83d\udc34 En el segundo lugar arriba &quot;VALRAZIO&quot; (3) #Hipismo\"><\/div><\/div><div class=\"lL\" style=\"max-width:100%;width:640px;margin:5px auto;\"><\/div><\/p>\n<p>&nbsp;<\/p>\n<p><strong>Resultados carreras no validas:<\/strong><\/p>\n<p>#1 <strong><em>One Way<\/em><\/strong> (6) Bs. 528.448,28<br \/>\n#2 <strong><em>TrucuTru<\/em><\/strong> (5) Bs. 247.931,03<br \/>\n#3 <strong><em>Turcotta<\/em> <\/strong>(4) Bs. 1.172.241,38<br \/>\n#4 <strong><em>S<\/em><em>trength Roma<\/em> <\/strong>(2) Bs.417.413,79<br \/>\n#5 <strong><em>BarryWhite<\/em><\/strong> (10) Bs. 129.396,55<br \/>\n#6 <strong><em>Gran Moto<\/em><\/strong> (12) Bs. 343.965,52<\/p>\n<p><strong>Resultados v\u00e1lidas para el 5y6 en el Hip\u00f3dromo La Rinconada:<\/strong><\/p>\n<p>#7 (1\u00aa V\u00e1lida):<strong><em> Rubacuori<\/em><\/strong> (7) Bs. 110.000,00<br \/>\n#8 (2\u00aa V\u00e1lida): <strong><em>Palpito<\/em><\/strong> (4) Bs. 365.603,45<br \/>\n#9 (3\u00aa V\u00e1lida): <strong><em>Doctor Stranger<\/em><\/strong> (11) Bs. 295.603,45<br \/>\n#10 (4\u00aa V\u00e1lida): <strong><em>Go Vicky Go<\/em><\/strong> (1) Bs. 1.389.051,72<br \/>\n#11 (5\u00aa V\u00e1lida): <strong><em>Mayoral<\/em> <\/strong>(6) Bs. 401.637,93 <strong>\u00abCl\u00e1sico Internacional Presidente de la Rep\u00fablica\u00bb<\/strong><br \/>\n#12 (6\u00aa V\u00e1lida): <strong><em>La Campechana<\/em><\/strong> (12) Bs. 922.155,17<\/p>\n<p><a href=\"https:\/\/digital58.com.ve\/site\/wp-content\/uploads\/2020\/10\/validas.jpg\"><img loading=\"lazy\" decoding=\"async\" class=\"aligncenter wp-image-131771\" src=\"https:\/\/digital58.com.ve\/site\/wp-content\/uploads\/2020\/10\/validas.jpg\" alt=\"\" width=\"600\" height=\"600\" srcset=\"https:\/\/digital58.com.ve\/site\/wp-content\/uploads\/2020\/10\/validas.jpg 600w, https:\/\/digital58.com.ve\/site\/wp-content\/uploads\/2020\/10\/validas-300x300.jpg 300w, https:\/\/digital58.com.ve\/site\/wp-content\/uploads\/2020\/10\/validas-150x150.jpg 150w, https:\/\/digital58.com.ve\/site\/wp-content\/uploads\/2020\/10\/validas-768x768.jpg 768w\" sizes=\"auto, (max-width: 600px) 100vw, 600px\" \/><\/a><\/p><div class=\"ucnji69ee3797cd24b\" ><p style=\"text-align: center;\"><a href=\"https:\/\/t.me\/noticiasdigital58\" target=\"_blank\" rel=\"noopener\"><img class=\"aligncenter size-full wp-image-125363\" src=\"https:\/\/digital58.com.ve\/site\/wp-content\/uploads\/2021\/04\/banner-telegram-web-2021.png\" alt=\"\" width=\"600\" height=\"90\" \/><\/a><\/p><\/div><style type=\"text\/css\">\r\n@media screen and (min-width: 1201px) {\r\n.ucnji69ee3797cd24b {\r\ndisplay: block;\r\n}\r\n}\r\n@media screen and (min-width: 993px) and (max-width: 1200px) {\r\n.ucnji69ee3797cd24b {\r\ndisplay: block;\r\n}\r\n}\r\n@media screen and (min-width: 769px) and (max-width: 992px) {\r\n.ucnji69ee3797cd24b {\r\ndisplay: block;\r\n}\r\n}\r\n@media screen and (min-width: 768px) and (max-width: 768px) {\r\n.ucnji69ee3797cd24b {\r\ndisplay: block;\r\n}\r\n}\r\n@media screen and (max-width: 767px) {\r\n.ucnji69ee3797cd24b {\r\ndisplay: block;\r\n}\r\n}\r\n<\/style>\r\n\n<p><strong>Redacci\u00f3n ND58 | Fuente: INH<\/strong><br \/>\n<strong>Edici\u00f3n: Villasmil, Henry<\/strong><br \/>\n<strong>Gr\u00e1ficas: cortes\u00eda @dannysgallegos | INH<\/strong><\/p>\n<div style=\"margin-top: 0px; margin-bottom: 0px;\" class=\"sharethis-inline-share-buttons\" ><\/div>","protected":false},"excerpt":{"rendered":"<p>El hipismo es el \u00fanico deporte que ha regresado durante la pandemia en Venezuela. Caracas, DC, Venezuela 25 de octubre<\/p>\n","protected":false},"author":1,"featured_media":99099,"comment_status":"open","ping_status":"closed","sticky":false,"template":"","format":"standard","meta":{"colormag_page_container_layout":"default_layout","colormag_page_sidebar_layout":"default_layout","_uag_custom_page_level_css":"","footnotes":""},"categories":[5402],"tags":[29,8613,22380,907,14310,16602,233,32],"class_list":["post-131770","post","type-post","status-publish","format-standard","has-post-thumbnail","hentry","category-deportes","tag-caracas","tag-carreras-de-caballos","tag-clasico-internacional-presidente-de-la-republica","tag-hipismo","tag-hipismo-nacional","tag-hipodromo-la-rinconada","tag-nacionales","tag-venezuela"],"yoast_head":"<!-- This site is optimized with the Yoast SEO plugin v27.4 - https:\/\/yoast.com\/product\/yoast-seo-wordpress\/ -->\n<title>Mayoral se llev\u00f3 la edici\u00f3n 99 del Cl\u00e1sico Internacional Presidente de la Rep\u00fablica<\/title>\n<meta name=\"description\" content=\"Deportes\" \/>\n<meta name=\"robots\" content=\"index, follow, max-snippet:-1, max-image-preview:large, max-video-preview:-1\" \/>\n<link rel=\"canonical\" href=\"https:\/\/digital58.com.ve\/site\/2020\/10\/25\/mayoral-se-llevo-la-edicion-99-del-clasico-internacional-presidente-de-la-republica\/\" \/>\n<meta property=\"og:locale\" content=\"es_ES\" \/>\n<meta property=\"og:type\" content=\"article\" \/>\n<meta property=\"og:title\" content=\"Mayoral se llev\u00f3 la edici\u00f3n 99 del Cl\u00e1sico Internacional Presidente de la Rep\u00fablica\" \/>\n<meta property=\"og:description\" content=\"Deportes\" \/>\n<meta property=\"og:url\" content=\"https:\/\/digital58.com.ve\/site\/2020\/10\/25\/mayoral-se-llevo-la-edicion-99-del-clasico-internacional-presidente-de-la-republica\/\" \/>\n<meta property=\"og:site_name\" content=\"Noticias Digital58\" \/>\n<meta property=\"article:published_time\" content=\"2020-10-25T22:44:33+00:00\" \/>\n<meta property=\"article:modified_time\" content=\"2020-11-02T04:00:41+00:00\" \/>\n<meta property=\"og:image\" content=\"https:\/\/digital58.com.ve\/site\/wp-content\/uploads\/2020\/05\/Primeros-metros-La-Rinconada-Edixon-G\u00e1mez.jpg\" \/>\n\t<meta property=\"og:image:width\" content=\"656\" \/>\n\t<meta property=\"og:image:height\" content=\"370\" \/>\n\t<meta property=\"og:image:type\" content=\"image\/jpeg\" \/>\n<meta name=\"author\" content=\"Villasmil Henry\" \/>\n<meta name=\"twitter:card\" content=\"summary_large_image\" \/>\n<meta name=\"twitter:creator\" content=\"@https:\/\/twitter.com\/villasmilhfoto\" \/>\n<meta name=\"twitter:site\" content=\"@villasmilhfoto\" \/>\n<meta name=\"twitter:label1\" content=\"Escrito por\" \/>\n\t<meta name=\"twitter:data1\" content=\"Villasmil Henry\" \/>\n\t<meta name=\"twitter:label2\" content=\"Tiempo estimado de lectura\" \/>\n\t<meta name=\"twitter:data2\" content=\"1 minuto\" \/>\n<script type=\"application\/ld+json\" class=\"yoast-schema-graph\">{\"@context\":\"https:\\\/\\\/schema.org\",\"@graph\":[{\"@type\":\"Article\",\"@id\":\"https:\\\/\\\/digital58.com.ve\\\/site\\\/2020\\\/10\\\/25\\\/mayoral-se-llevo-la-edicion-99-del-clasico-internacional-presidente-de-la-republica\\\/#article\",\"isPartOf\":{\"@id\":\"https:\\\/\\\/digital58.com.ve\\\/site\\\/2020\\\/10\\\/25\\\/mayoral-se-llevo-la-edicion-99-del-clasico-internacional-presidente-de-la-republica\\\/\"},\"author\":{\"name\":\"Villasmil Henry\",\"@id\":\"https:\\\/\\\/digital58.com.ve\\\/site\\\/#\\\/schema\\\/person\\\/64d1c2e4d0d4fd1b849980c4331c2951\"},\"headline\":\"Mayoral se llev\u00f3 la edici\u00f3n 99 del Cl\u00e1sico Internacional Presidente de la Rep\u00fablica\",\"datePublished\":\"2020-10-25T22:44:33+00:00\",\"dateModified\":\"2020-11-02T04:00:41+00:00\",\"mainEntityOfPage\":{\"@id\":\"https:\\\/\\\/digital58.com.ve\\\/site\\\/2020\\\/10\\\/25\\\/mayoral-se-llevo-la-edicion-99-del-clasico-internacional-presidente-de-la-republica\\\/\"},\"wordCount\":219,\"commentCount\":0,\"publisher\":{\"@id\":\"https:\\\/\\\/digital58.com.ve\\\/site\\\/#\\\/schema\\\/person\\\/64d1c2e4d0d4fd1b849980c4331c2951\"},\"image\":{\"@id\":\"https:\\\/\\\/digital58.com.ve\\\/site\\\/2020\\\/10\\\/25\\\/mayoral-se-llevo-la-edicion-99-del-clasico-internacional-presidente-de-la-republica\\\/#primaryimage\"},\"thumbnailUrl\":\"https:\\\/\\\/digital58.com.ve\\\/site\\\/wp-content\\\/uploads\\\/2020\\\/05\\\/Primeros-metros-La-Rinconada-Edixon-G\u00e1mez.jpg\",\"keywords\":[\"Caracas\",\"Carreras de Caballos\",\"Cl\u00e1sico Internacional Presidente de la Rep\u00fablica\",\"Hipismo\",\"Hipismo Nacional\",\"Hipodromo La Rinconada\",\"Nacionales\",\"Venezuela\"],\"articleSection\":[\"Deportes\"],\"inLanguage\":\"es\",\"potentialAction\":[{\"@type\":\"CommentAction\",\"name\":\"Comment\",\"target\":[\"https:\\\/\\\/digital58.com.ve\\\/site\\\/2020\\\/10\\\/25\\\/mayoral-se-llevo-la-edicion-99-del-clasico-internacional-presidente-de-la-republica\\\/#respond\"]}]},{\"@type\":\"WebPage\",\"@id\":\"https:\\\/\\\/digital58.com.ve\\\/site\\\/2020\\\/10\\\/25\\\/mayoral-se-llevo-la-edicion-99-del-clasico-internacional-presidente-de-la-republica\\\/\",\"url\":\"https:\\\/\\\/digital58.com.ve\\\/site\\\/2020\\\/10\\\/25\\\/mayoral-se-llevo-la-edicion-99-del-clasico-internacional-presidente-de-la-republica\\\/\",\"name\":\"Mayoral se llev\u00f3 la edici\u00f3n 99 del Cl\u00e1sico Internacional Presidente de la Rep\u00fablica\",\"isPartOf\":{\"@id\":\"https:\\\/\\\/digital58.com.ve\\\/site\\\/#website\"},\"primaryImageOfPage\":{\"@id\":\"https:\\\/\\\/digital58.com.ve\\\/site\\\/2020\\\/10\\\/25\\\/mayoral-se-llevo-la-edicion-99-del-clasico-internacional-presidente-de-la-republica\\\/#primaryimage\"},\"image\":{\"@id\":\"https:\\\/\\\/digital58.com.ve\\\/site\\\/2020\\\/10\\\/25\\\/mayoral-se-llevo-la-edicion-99-del-clasico-internacional-presidente-de-la-republica\\\/#primaryimage\"},\"thumbnailUrl\":\"https:\\\/\\\/digital58.com.ve\\\/site\\\/wp-content\\\/uploads\\\/2020\\\/05\\\/Primeros-metros-La-Rinconada-Edixon-G\u00e1mez.jpg\",\"datePublished\":\"2020-10-25T22:44:33+00:00\",\"dateModified\":\"2020-11-02T04:00:41+00:00\",\"description\":\"Deportes\",\"breadcrumb\":{\"@id\":\"https:\\\/\\\/digital58.com.ve\\\/site\\\/2020\\\/10\\\/25\\\/mayoral-se-llevo-la-edicion-99-del-clasico-internacional-presidente-de-la-republica\\\/#breadcrumb\"},\"inLanguage\":\"es\",\"potentialAction\":[{\"@type\":\"ReadAction\",\"target\":[\"https:\\\/\\\/digital58.com.ve\\\/site\\\/2020\\\/10\\\/25\\\/mayoral-se-llevo-la-edicion-99-del-clasico-internacional-presidente-de-la-republica\\\/\"]}]},{\"@type\":\"ImageObject\",\"inLanguage\":\"es\",\"@id\":\"https:\\\/\\\/digital58.com.ve\\\/site\\\/2020\\\/10\\\/25\\\/mayoral-se-llevo-la-edicion-99-del-clasico-internacional-presidente-de-la-republica\\\/#primaryimage\",\"url\":\"https:\\\/\\\/digital58.com.ve\\\/site\\\/wp-content\\\/uploads\\\/2020\\\/05\\\/Primeros-metros-La-Rinconada-Edixon-G\u00e1mez.jpg\",\"contentUrl\":\"https:\\\/\\\/digital58.com.ve\\\/site\\\/wp-content\\\/uploads\\\/2020\\\/05\\\/Primeros-metros-La-Rinconada-Edixon-G\u00e1mez.jpg\",\"width\":656,\"height\":370},{\"@type\":\"BreadcrumbList\",\"@id\":\"https:\\\/\\\/digital58.com.ve\\\/site\\\/2020\\\/10\\\/25\\\/mayoral-se-llevo-la-edicion-99-del-clasico-internacional-presidente-de-la-republica\\\/#breadcrumb\",\"itemListElement\":[{\"@type\":\"ListItem\",\"position\":1,\"name\":\"Home\",\"item\":\"https:\\\/\\\/digital58.com.ve\\\/site\\\/\"},{\"@type\":\"ListItem\",\"position\":2,\"name\":\"Mayoral se llev\u00f3 la edici\u00f3n 99 del Cl\u00e1sico Internacional Presidente de la Rep\u00fablica\"}]},{\"@type\":\"WebSite\",\"@id\":\"https:\\\/\\\/digital58.com.ve\\\/site\\\/#website\",\"url\":\"https:\\\/\\\/digital58.com.ve\\\/site\\\/\",\"name\":\"Noticias Digital58\",\"description\":\"Portal de Noticias \u00a1Periodismo web de verdad! Lanzamiento web 22.11.2005 \\\/ Maracaibo, Venezuela\",\"publisher\":{\"@id\":\"https:\\\/\\\/digital58.com.ve\\\/site\\\/#\\\/schema\\\/person\\\/64d1c2e4d0d4fd1b849980c4331c2951\"},\"alternateName\":\"ND58\",\"potentialAction\":[{\"@type\":\"SearchAction\",\"target\":{\"@type\":\"EntryPoint\",\"urlTemplate\":\"https:\\\/\\\/digital58.com.ve\\\/site\\\/?s={search_term_string}\"},\"query-input\":{\"@type\":\"PropertyValueSpecification\",\"valueRequired\":true,\"valueName\":\"search_term_string\"}}],\"inLanguage\":\"es\"},{\"@type\":[\"Person\",\"Organization\"],\"@id\":\"https:\\\/\\\/digital58.com.ve\\\/site\\\/#\\\/schema\\\/person\\\/64d1c2e4d0d4fd1b849980c4331c2951\",\"name\":\"Villasmil Henry\",\"image\":{\"@type\":\"ImageObject\",\"inLanguage\":\"es\",\"@id\":\"https:\\\/\\\/secure.gravatar.com\\\/avatar\\\/bb0c4a2fcb7970138239f7e404ea75757b1b507b28b5ce4c53fbd62d797c5a7c?s=96&d=mm&r=g\",\"url\":\"https:\\\/\\\/secure.gravatar.com\\\/avatar\\\/bb0c4a2fcb7970138239f7e404ea75757b1b507b28b5ce4c53fbd62d797c5a7c?s=96&d=mm&r=g\",\"contentUrl\":\"https:\\\/\\\/secure.gravatar.com\\\/avatar\\\/bb0c4a2fcb7970138239f7e404ea75757b1b507b28b5ce4c53fbd62d797c5a7c?s=96&d=mm&r=g\",\"caption\":\"Villasmil Henry\"},\"logo\":{\"@id\":\"https:\\\/\\\/secure.gravatar.com\\\/avatar\\\/bb0c4a2fcb7970138239f7e404ea75757b1b507b28b5ce4c53fbd62d797c5a7c?s=96&d=mm&r=g\"},\"sameAs\":[\"http:\\\/\\\/www.henryvillasmil.com.ve\",\"https:\\\/\\\/www.instagram.com\\\/villasmilhfoto\\\/\",\"https:\\\/\\\/x.com\\\/https:\\\/\\\/twitter.com\\\/villasmilhfoto\"],\"url\":\"https:\\\/\\\/digital58.com.ve\\\/site\\\/author\\\/droopy_68\\\/\"}]}<\/script>\n<!-- \/ Yoast SEO plugin. -->","yoast_head_json":{"title":"Mayoral se llev\u00f3 la edici\u00f3n 99 del Cl\u00e1sico Internacional Presidente de la Rep\u00fablica","description":"Deportes","robots":{"index":"index","follow":"follow","max-snippet":"max-snippet:-1","max-image-preview":"max-image-preview:large","max-video-preview":"max-video-preview:-1"},"canonical":"https:\/\/digital58.com.ve\/site\/2020\/10\/25\/mayoral-se-llevo-la-edicion-99-del-clasico-internacional-presidente-de-la-republica\/","og_locale":"es_ES","og_type":"article","og_title":"Mayoral se llev\u00f3 la edici\u00f3n 99 del Cl\u00e1sico Internacional Presidente de la Rep\u00fablica","og_description":"Deportes","og_url":"https:\/\/digital58.com.ve\/site\/2020\/10\/25\/mayoral-se-llevo-la-edicion-99-del-clasico-internacional-presidente-de-la-republica\/","og_site_name":"Noticias Digital58","article_published_time":"2020-10-25T22:44:33+00:00","article_modified_time":"2020-11-02T04:00:41+00:00","og_image":[{"width":656,"height":370,"url":"https:\/\/digital58.com.ve\/site\/wp-content\/uploads\/2020\/05\/Primeros-metros-La-Rinconada-Edixon-G\u00e1mez.jpg","type":"image\/jpeg"}],"author":"Villasmil Henry","twitter_card":"summary_large_image","twitter_creator":"@https:\/\/twitter.com\/villasmilhfoto","twitter_site":"@villasmilhfoto","twitter_misc":{"Escrito por":"Villasmil Henry","Tiempo estimado de lectura":"1 minuto"},"schema":{"@context":"https:\/\/schema.org","@graph":[{"@type":"Article","@id":"https:\/\/digital58.com.ve\/site\/2020\/10\/25\/mayoral-se-llevo-la-edicion-99-del-clasico-internacional-presidente-de-la-republica\/#article","isPartOf":{"@id":"https:\/\/digital58.com.ve\/site\/2020\/10\/25\/mayoral-se-llevo-la-edicion-99-del-clasico-internacional-presidente-de-la-republica\/"},"author":{"name":"Villasmil Henry","@id":"https:\/\/digital58.com.ve\/site\/#\/schema\/person\/64d1c2e4d0d4fd1b849980c4331c2951"},"headline":"Mayoral se llev\u00f3 la edici\u00f3n 99 del Cl\u00e1sico Internacional Presidente de la Rep\u00fablica","datePublished":"2020-10-25T22:44:33+00:00","dateModified":"2020-11-02T04:00:41+00:00","mainEntityOfPage":{"@id":"https:\/\/digital58.com.ve\/site\/2020\/10\/25\/mayoral-se-llevo-la-edicion-99-del-clasico-internacional-presidente-de-la-republica\/"},"wordCount":219,"commentCount":0,"publisher":{"@id":"https:\/\/digital58.com.ve\/site\/#\/schema\/person\/64d1c2e4d0d4fd1b849980c4331c2951"},"image":{"@id":"https:\/\/digital58.com.ve\/site\/2020\/10\/25\/mayoral-se-llevo-la-edicion-99-del-clasico-internacional-presidente-de-la-republica\/#primaryimage"},"thumbnailUrl":"https:\/\/digital58.com.ve\/site\/wp-content\/uploads\/2020\/05\/Primeros-metros-La-Rinconada-Edixon-G\u00e1mez.jpg","keywords":["Caracas","Carreras de Caballos","Cl\u00e1sico Internacional Presidente de la Rep\u00fablica","Hipismo","Hipismo Nacional","Hipodromo La Rinconada","Nacionales","Venezuela"],"articleSection":["Deportes"],"inLanguage":"es","potentialAction":[{"@type":"CommentAction","name":"Comment","target":["https:\/\/digital58.com.ve\/site\/2020\/10\/25\/mayoral-se-llevo-la-edicion-99-del-clasico-internacional-presidente-de-la-republica\/#respond"]}]},{"@type":"WebPage","@id":"https:\/\/digital58.com.ve\/site\/2020\/10\/25\/mayoral-se-llevo-la-edicion-99-del-clasico-internacional-presidente-de-la-republica\/","url":"https:\/\/digital58.com.ve\/site\/2020\/10\/25\/mayoral-se-llevo-la-edicion-99-del-clasico-internacional-presidente-de-la-republica\/","name":"Mayoral se llev\u00f3 la edici\u00f3n 99 del Cl\u00e1sico Internacional Presidente de la Rep\u00fablica","isPartOf":{"@id":"https:\/\/digital58.com.ve\/site\/#website"},"primaryImageOfPage":{"@id":"https:\/\/digital58.com.ve\/site\/2020\/10\/25\/mayoral-se-llevo-la-edicion-99-del-clasico-internacional-presidente-de-la-republica\/#primaryimage"},"image":{"@id":"https:\/\/digital58.com.ve\/site\/2020\/10\/25\/mayoral-se-llevo-la-edicion-99-del-clasico-internacional-presidente-de-la-republica\/#primaryimage"},"thumbnailUrl":"https:\/\/digital58.com.ve\/site\/wp-content\/uploads\/2020\/05\/Primeros-metros-La-Rinconada-Edixon-G\u00e1mez.jpg","datePublished":"2020-10-25T22:44:33+00:00","dateModified":"2020-11-02T04:00:41+00:00","description":"Deportes","breadcrumb":{"@id":"https:\/\/digital58.com.ve\/site\/2020\/10\/25\/mayoral-se-llevo-la-edicion-99-del-clasico-internacional-presidente-de-la-republica\/#breadcrumb"},"inLanguage":"es","potentialAction":[{"@type":"ReadAction","target":["https:\/\/digital58.com.ve\/site\/2020\/10\/25\/mayoral-se-llevo-la-edicion-99-del-clasico-internacional-presidente-de-la-republica\/"]}]},{"@type":"ImageObject","inLanguage":"es","@id":"https:\/\/digital58.com.ve\/site\/2020\/10\/25\/mayoral-se-llevo-la-edicion-99-del-clasico-internacional-presidente-de-la-republica\/#primaryimage","url":"https:\/\/digital58.com.ve\/site\/wp-content\/uploads\/2020\/05\/Primeros-metros-La-Rinconada-Edixon-G\u00e1mez.jpg","contentUrl":"https:\/\/digital58.com.ve\/site\/wp-content\/uploads\/2020\/05\/Primeros-metros-La-Rinconada-Edixon-G\u00e1mez.jpg","width":656,"height":370},{"@type":"BreadcrumbList","@id":"https:\/\/digital58.com.ve\/site\/2020\/10\/25\/mayoral-se-llevo-la-edicion-99-del-clasico-internacional-presidente-de-la-republica\/#breadcrumb","itemListElement":[{"@type":"ListItem","position":1,"name":"Home","item":"https:\/\/digital58.com.ve\/site\/"},{"@type":"ListItem","position":2,"name":"Mayoral se llev\u00f3 la edici\u00f3n 99 del Cl\u00e1sico Internacional Presidente de la Rep\u00fablica"}]},{"@type":"WebSite","@id":"https:\/\/digital58.com.ve\/site\/#website","url":"https:\/\/digital58.com.ve\/site\/","name":"Noticias Digital58","description":"Portal de Noticias \u00a1Periodismo web de verdad! Lanzamiento web 22.11.2005 \/ Maracaibo, Venezuela","publisher":{"@id":"https:\/\/digital58.com.ve\/site\/#\/schema\/person\/64d1c2e4d0d4fd1b849980c4331c2951"},"alternateName":"ND58","potentialAction":[{"@type":"SearchAction","target":{"@type":"EntryPoint","urlTemplate":"https:\/\/digital58.com.ve\/site\/?s={search_term_string}"},"query-input":{"@type":"PropertyValueSpecification","valueRequired":true,"valueName":"search_term_string"}}],"inLanguage":"es"},{"@type":["Person","Organization"],"@id":"https:\/\/digital58.com.ve\/site\/#\/schema\/person\/64d1c2e4d0d4fd1b849980c4331c2951","name":"Villasmil Henry","image":{"@type":"ImageObject","inLanguage":"es","@id":"https:\/\/secure.gravatar.com\/avatar\/bb0c4a2fcb7970138239f7e404ea75757b1b507b28b5ce4c53fbd62d797c5a7c?s=96&d=mm&r=g","url":"https:\/\/secure.gravatar.com\/avatar\/bb0c4a2fcb7970138239f7e404ea75757b1b507b28b5ce4c53fbd62d797c5a7c?s=96&d=mm&r=g","contentUrl":"https:\/\/secure.gravatar.com\/avatar\/bb0c4a2fcb7970138239f7e404ea75757b1b507b28b5ce4c53fbd62d797c5a7c?s=96&d=mm&r=g","caption":"Villasmil Henry"},"logo":{"@id":"https:\/\/secure.gravatar.com\/avatar\/bb0c4a2fcb7970138239f7e404ea75757b1b507b28b5ce4c53fbd62d797c5a7c?s=96&d=mm&r=g"},"sameAs":["http:\/\/www.henryvillasmil.com.ve","https:\/\/www.instagram.com\/villasmilhfoto\/","https:\/\/x.com\/https:\/\/twitter.com\/villasmilhfoto"],"url":"https:\/\/digital58.com.ve\/site\/author\/droopy_68\/"}]}},"uagb_featured_image_src":{"full":["https:\/\/digital58.com.ve\/site\/wp-content\/uploads\/2020\/05\/Primeros-metros-La-Rinconada-Edixon-G\u00e1mez.jpg",656,370,false],"thumbnail":["https:\/\/digital58.com.ve\/site\/wp-content\/uploads\/2020\/05\/Primeros-metros-La-Rinconada-Edixon-G\u00e1mez-150x150.jpg",150,150,true],"medium":["https:\/\/digital58.com.ve\/site\/wp-content\/uploads\/2020\/05\/Primeros-metros-La-Rinconada-Edixon-G\u00e1mez-300x169.jpg",300,169,true],"medium_large":["https:\/\/digital58.com.ve\/site\/wp-content\/uploads\/2020\/05\/Primeros-metros-La-Rinconada-Edixon-G\u00e1mez.jpg",656,370,false],"large":["https:\/\/digital58.com.ve\/site\/wp-content\/uploads\/2020\/05\/Primeros-metros-La-Rinconada-Edixon-G\u00e1mez.jpg",656,370,false],"1536x1536":["https:\/\/digital58.com.ve\/site\/wp-content\/uploads\/2020\/05\/Primeros-metros-La-Rinconada-Edixon-G\u00e1mez.jpg",656,370,false],"2048x2048":["https:\/\/digital58.com.ve\/site\/wp-content\/uploads\/2020\/05\/Primeros-metros-La-Rinconada-Edixon-G\u00e1mez.jpg",656,370,false],"colormag-highlighted-post":["https:\/\/digital58.com.ve\/site\/wp-content\/uploads\/2020\/05\/Primeros-metros-La-Rinconada-Edixon-G\u00e1mez.jpg",392,221,false],"colormag-featured-post-medium":["https:\/\/digital58.com.ve\/site\/wp-content\/uploads\/2020\/05\/Primeros-metros-La-Rinconada-Edixon-G\u00e1mez.jpg",363,205,false],"colormag-featured-post-small":["https:\/\/digital58.com.ve\/site\/wp-content\/uploads\/2020\/05\/Primeros-metros-La-Rinconada-Edixon-G\u00e1mez.jpg",130,73,false],"colormag-featured-image":["https:\/\/digital58.com.ve\/site\/wp-content\/uploads\/2020\/05\/Primeros-metros-La-Rinconada-Edixon-G\u00e1mez.jpg",656,370,false],"colormag-default-news":["https:\/\/digital58.com.ve\/site\/wp-content\/uploads\/2020\/05\/Primeros-metros-La-Rinconada-Edixon-G\u00e1mez.jpg",150,85,false],"colormag-featured-image-large":["https:\/\/digital58.com.ve\/site\/wp-content\/uploads\/2020\/05\/Primeros-metros-La-Rinconada-Edixon-G\u00e1mez.jpg",656,370,false]},"uagb_author_info":{"display_name":"Villasmil Henry","author_link":"https:\/\/digital58.com.ve\/site\/author\/droopy_68\/"},"uagb_comment_info":0,"uagb_excerpt":"El hipismo es el \u00fanico deporte que ha regresado durante la pandemia en Venezuela. Caracas, DC, Venezuela 25 de octubre","_links":{"self":[{"href":"https:\/\/digital58.com.ve\/site\/wp-json\/wp\/v2\/posts\/131770","targetHints":{"allow":["GET"]}}],"collection":[{"href":"https:\/\/digital58.com.ve\/site\/wp-json\/wp\/v2\/posts"}],"about":[{"href":"https:\/\/digital58.com.ve\/site\/wp-json\/wp\/v2\/types\/post"}],"author":[{"embeddable":true,"href":"https:\/\/digital58.com.ve\/site\/wp-json\/wp\/v2\/users\/1"}],"replies":[{"embeddable":true,"href":"https:\/\/digital58.com.ve\/site\/wp-json\/wp\/v2\/comments?post=131770"}],"version-history":[{"count":0,"href":"https:\/\/digital58.com.ve\/site\/wp-json\/wp\/v2\/posts\/131770\/revisions"}],"wp:featuredmedia":[{"embeddable":true,"href":"https:\/\/digital58.com.ve\/site\/wp-json\/wp\/v2\/media\/99099"}],"wp:attachment":[{"href":"https:\/\/digital58.com.ve\/site\/wp-json\/wp\/v2\/media?parent=131770"}],"wp:term":[{"taxonomy":"category","embeddable":true,"href":"https:\/\/digital58.com.ve\/site\/wp-json\/wp\/v2\/categories?post=131770"},{"taxonomy":"post_tag","embeddable":true,"href":"https:\/\/digital58.com.ve\/site\/wp-json\/wp\/v2\/tags?post=131770"}],"curies":[{"name":"wp","href":"https:\/\/api.w.org\/{rel}","templated":true}]}}