{"id":132288,"date":"2020-11-02T11:27:26","date_gmt":"2020-11-02T15:27:26","guid":{"rendered":"https:\/\/digital58.com.ve\/site\/?p=132288"},"modified":"2020-11-02T11:27:26","modified_gmt":"2020-11-02T15:27:26","slug":"buhoneros-de-maracaibo-ocupan-el-terreno-de-los-plataneros","status":"publish","type":"post","link":"https:\/\/digital58.com.ve\/site\/2020\/11\/02\/buhoneros-de-maracaibo-ocupan-el-terreno-de-los-plataneros\/","title":{"rendered":"Buhoneros de Maracaibo ocupan el terreno de los plataneros"},"content":{"rendered":"<p><img loading=\"lazy\" decoding=\"async\" class=\"alignnone size-medium wp-image-132291 aligncenter\" src=\"https:\/\/digital58.com.ve\/site\/wp-content\/uploads\/2020\/11\/IMG_20181004_111801-1024x818-1-300x240.jpg\" alt=\"\" width=\"300\" height=\"240\" srcset=\"https:\/\/digital58.com.ve\/site\/wp-content\/uploads\/2020\/11\/IMG_20181004_111801-1024x818-1-300x240.jpg 300w, https:\/\/digital58.com.ve\/site\/wp-content\/uploads\/2020\/11\/IMG_20181004_111801-1024x818-1-768x614.jpg 768w, https:\/\/digital58.com.ve\/site\/wp-content\/uploads\/2020\/11\/IMG_20181004_111801-1024x818-1.jpg 751w\" sizes=\"auto, (max-width: 300px) 100vw, 300px\" \/><\/p>\n<p>Los comerciantes informales ocupan el espacio desde este lunes 2 de noviembre.<\/p>\n<p><strong>Maracaibo, Zulia, Venezuela, 02 de noviembre de 2020 (ND58<\/strong>).- Cinco meses y medio despu\u00e9s de su desalojo, como efecto colateral del cierre de Las Pulgas del 24 de mayo por el brote de un foco de covid-19, el terreno conocido como el mercado de Los Plataneros, situado delante de la estaci\u00f3n Libertador, amaneci\u00f3 este lunes 2 de noviembre atestado de buhoneros que vuelven por sus fueros.<\/p>\n<p>Coincidiendo con la semana de flexibilizaci\u00f3n que arranca este 2-N, los buhoneros comenzaron a armar sus tarantines en la explanada, mientras retroexcavadoras hacen las tareas de limpieza del terreno y ante la mirada de un piquete de la Guardia Nacional Bolivariana apostado frente a la estaci\u00f3n del Metro que, parad\u00f3jicamente, no ha vuelto a operar desde el 16 de marzo, cuando arranc\u00f3 el confinamiento en el pa\u00eds para hacer frente a la pandemia.<\/p>\n<p>El Gobierno venezolano ha insistido en que la curva del covid-19 est\u00e1 aplanada en el pa\u00eds y reconoci\u00f3 este domingo 1 de noviembre que se detectaron 300 casos comunitarios de coronavirus en el pa\u00eds. Dijo que la mayor incidencia la tiene Carabobo con 60 contagios, y le siguen el Zulia con 45 casos y Yaracuy 36. En total, Venezuela acumula 92.325 casos y los fallecidos son 801.<\/p><div class=\"heujk69f4d43c8d54d\" ><p style=\"text-align: center;\"><a href=\"https:\/\/t.me\/noticiasdigital58\" target=\"_blank\" rel=\"noopener\"><img class=\"aligncenter size-full wp-image-125363\" src=\"https:\/\/digital58.com.ve\/site\/wp-content\/uploads\/2021\/04\/banner-telegram-web-2021.png\" alt=\"\" width=\"600\" height=\"90\" \/><\/a><\/p><\/div><style type=\"text\/css\">\r\n@media screen and (min-width: 1201px) {\r\n.heujk69f4d43c8d54d {\r\ndisplay: block;\r\n}\r\n}\r\n@media screen and (min-width: 993px) and (max-width: 1200px) {\r\n.heujk69f4d43c8d54d {\r\ndisplay: block;\r\n}\r\n}\r\n@media screen and (min-width: 769px) and (max-width: 992px) {\r\n.heujk69f4d43c8d54d {\r\ndisplay: block;\r\n}\r\n}\r\n@media screen and (min-width: 768px) and (max-width: 768px) {\r\n.heujk69f4d43c8d54d {\r\ndisplay: block;\r\n}\r\n}\r\n@media screen and (max-width: 767px) {\r\n.heujk69f4d43c8d54d {\r\ndisplay: block;\r\n}\r\n}\r\n<\/style>\r\n\n<p>El Ejecutivo regional alista la ubicaci\u00f3n de buhoneros en el mercado Kai Kai, ubicado en Pomona, donde ya la pasada semana se encontraba un pu\u00f1ado de comerciantes, pero la cantidad de buhoneros que la ma\u00f1ana de este lunes 2-N ocupa el antiguo terreno de los plataneros es notablemente superior, al menos mil mesitas, tarantines buscan su espacio desde ya.<\/p>\n<ul style=\"list-style-type: circle\">\n<li><strong>Redacci\u00f3n: Morales, Carolina (@Vallecarola) | Fuente: Panorama<\/strong><\/li>\n<li><strong>Edici\u00f3n: Villasmil, Henry<\/strong><\/li>\n<li><strong>Gr\u00e1fica: Cortes\u00eda<\/strong><\/li>\n<\/ul>\n<div style=\"margin-top: 0px; margin-bottom: 0px;\" class=\"sharethis-inline-share-buttons\" ><\/div>","protected":false},"excerpt":{"rendered":"<p>Los comerciantes informales ocupan el espacio desde este lunes 2 de noviembre. Maracaibo, Zulia, Venezuela, 02 de noviembre de 2020<\/p>\n","protected":false},"author":34,"featured_media":132291,"comment_status":"open","ping_status":"closed","sticky":false,"template":"","format":"standard","meta":{"colormag_page_container_layout":"default_layout","colormag_page_sidebar_layout":"default_layout","_uag_custom_page_level_css":"","footnotes":""},"categories":[14504],"tags":[13648,73,15187,22469],"class_list":["post-132288","post","type-post","status-publish","format-standard","has-post-thumbnail","hentry","category-zulia","tag-covid-19","tag-maracaibo","tag-mercado-de-buhoneros","tag-sector-los-plataneros"],"yoast_head":"<!-- This site is optimized with the Yoast SEO plugin v27.5 - https:\/\/yoast.com\/product\/yoast-seo-wordpress\/ -->\n<title>Buhoneros de Maracaibo ocupan el terreno de los plataneros<\/title>\n<meta name=\"description\" content=\"Zulia\" \/>\n<meta name=\"robots\" content=\"index, follow, max-snippet:-1, max-image-preview:large, max-video-preview:-1\" \/>\n<link rel=\"canonical\" href=\"https:\/\/digital58.com.ve\/site\/2020\/11\/02\/buhoneros-de-maracaibo-ocupan-el-terreno-de-los-plataneros\/\" \/>\n<meta property=\"og:locale\" content=\"es_ES\" \/>\n<meta property=\"og:type\" content=\"article\" \/>\n<meta property=\"og:title\" content=\"Buhoneros de Maracaibo ocupan el terreno de los plataneros\" \/>\n<meta property=\"og:description\" content=\"Zulia\" \/>\n<meta property=\"og:url\" content=\"https:\/\/digital58.com.ve\/site\/2020\/11\/02\/buhoneros-de-maracaibo-ocupan-el-terreno-de-los-plataneros\/\" \/>\n<meta property=\"og:site_name\" content=\"Noticias Digital58\" \/>\n<meta property=\"article:published_time\" content=\"2020-11-02T15:27:26+00:00\" \/>\n<meta property=\"og:image\" content=\"https:\/\/digital58.com.ve\/site\/wp-content\/uploads\/2020\/11\/IMG_20181004_111801-1024x818-1.jpg\" \/>\n\t<meta property=\"og:image:width\" content=\"1024\" \/>\n\t<meta property=\"og:image:height\" content=\"818\" \/>\n\t<meta property=\"og:image:type\" content=\"image\/jpeg\" \/>\n<meta name=\"author\" content=\"Carolina del Valle Morales\" \/>\n<meta name=\"twitter:card\" content=\"summary_large_image\" \/>\n<meta name=\"twitter:creator\" content=\"@Digital_58\" \/>\n<meta name=\"twitter:site\" content=\"@villasmilhfoto\" \/>\n<meta name=\"twitter:label1\" content=\"Escrito por\" \/>\n\t<meta name=\"twitter:data1\" content=\"Carolina del Valle Morales\" \/>\n\t<meta name=\"twitter:label2\" content=\"Tiempo estimado de lectura\" \/>\n\t<meta name=\"twitter:data2\" content=\"1 minuto\" \/>\n<script type=\"application\/ld+json\" class=\"yoast-schema-graph\">{\"@context\":\"https:\\\/\\\/schema.org\",\"@graph\":[{\"@type\":\"Article\",\"@id\":\"https:\\\/\\\/digital58.com.ve\\\/site\\\/2020\\\/11\\\/02\\\/buhoneros-de-maracaibo-ocupan-el-terreno-de-los-plataneros\\\/#article\",\"isPartOf\":{\"@id\":\"https:\\\/\\\/digital58.com.ve\\\/site\\\/2020\\\/11\\\/02\\\/buhoneros-de-maracaibo-ocupan-el-terreno-de-los-plataneros\\\/\"},\"author\":{\"name\":\"Carolina del Valle Morales\",\"@id\":\"https:\\\/\\\/digital58.com.ve\\\/site\\\/#\\\/schema\\\/person\\\/5ef3ed6588a1de18f098d7d8c909834b\"},\"headline\":\"Buhoneros de Maracaibo ocupan el terreno de los plataneros\",\"datePublished\":\"2020-11-02T15:27:26+00:00\",\"mainEntityOfPage\":{\"@id\":\"https:\\\/\\\/digital58.com.ve\\\/site\\\/2020\\\/11\\\/02\\\/buhoneros-de-maracaibo-ocupan-el-terreno-de-los-plataneros\\\/\"},\"wordCount\":300,\"commentCount\":0,\"publisher\":{\"@id\":\"https:\\\/\\\/digital58.com.ve\\\/site\\\/#\\\/schema\\\/person\\\/64d1c2e4d0d4fd1b849980c4331c2951\"},\"image\":{\"@id\":\"https:\\\/\\\/digital58.com.ve\\\/site\\\/2020\\\/11\\\/02\\\/buhoneros-de-maracaibo-ocupan-el-terreno-de-los-plataneros\\\/#primaryimage\"},\"thumbnailUrl\":\"https:\\\/\\\/digital58.com.ve\\\/site\\\/wp-content\\\/uploads\\\/2020\\\/11\\\/IMG_20181004_111801-1024x818-1.jpg\",\"keywords\":[\"COVID-19\",\"Maracaibo\",\"Mercado de Buhoneros\",\"sector los plataneros\"],\"articleSection\":[\"Zulia\"],\"inLanguage\":\"es\",\"potentialAction\":[{\"@type\":\"CommentAction\",\"name\":\"Comment\",\"target\":[\"https:\\\/\\\/digital58.com.ve\\\/site\\\/2020\\\/11\\\/02\\\/buhoneros-de-maracaibo-ocupan-el-terreno-de-los-plataneros\\\/#respond\"]}]},{\"@type\":\"WebPage\",\"@id\":\"https:\\\/\\\/digital58.com.ve\\\/site\\\/2020\\\/11\\\/02\\\/buhoneros-de-maracaibo-ocupan-el-terreno-de-los-plataneros\\\/\",\"url\":\"https:\\\/\\\/digital58.com.ve\\\/site\\\/2020\\\/11\\\/02\\\/buhoneros-de-maracaibo-ocupan-el-terreno-de-los-plataneros\\\/\",\"name\":\"Buhoneros de Maracaibo ocupan el terreno de los plataneros\",\"isPartOf\":{\"@id\":\"https:\\\/\\\/digital58.com.ve\\\/site\\\/#website\"},\"primaryImageOfPage\":{\"@id\":\"https:\\\/\\\/digital58.com.ve\\\/site\\\/2020\\\/11\\\/02\\\/buhoneros-de-maracaibo-ocupan-el-terreno-de-los-plataneros\\\/#primaryimage\"},\"image\":{\"@id\":\"https:\\\/\\\/digital58.com.ve\\\/site\\\/2020\\\/11\\\/02\\\/buhoneros-de-maracaibo-ocupan-el-terreno-de-los-plataneros\\\/#primaryimage\"},\"thumbnailUrl\":\"https:\\\/\\\/digital58.com.ve\\\/site\\\/wp-content\\\/uploads\\\/2020\\\/11\\\/IMG_20181004_111801-1024x818-1.jpg\",\"datePublished\":\"2020-11-02T15:27:26+00:00\",\"description\":\"Zulia\",\"breadcrumb\":{\"@id\":\"https:\\\/\\\/digital58.com.ve\\\/site\\\/2020\\\/11\\\/02\\\/buhoneros-de-maracaibo-ocupan-el-terreno-de-los-plataneros\\\/#breadcrumb\"},\"inLanguage\":\"es\",\"potentialAction\":[{\"@type\":\"ReadAction\",\"target\":[\"https:\\\/\\\/digital58.com.ve\\\/site\\\/2020\\\/11\\\/02\\\/buhoneros-de-maracaibo-ocupan-el-terreno-de-los-plataneros\\\/\"]}]},{\"@type\":\"ImageObject\",\"inLanguage\":\"es\",\"@id\":\"https:\\\/\\\/digital58.com.ve\\\/site\\\/2020\\\/11\\\/02\\\/buhoneros-de-maracaibo-ocupan-el-terreno-de-los-plataneros\\\/#primaryimage\",\"url\":\"https:\\\/\\\/digital58.com.ve\\\/site\\\/wp-content\\\/uploads\\\/2020\\\/11\\\/IMG_20181004_111801-1024x818-1.jpg\",\"contentUrl\":\"https:\\\/\\\/digital58.com.ve\\\/site\\\/wp-content\\\/uploads\\\/2020\\\/11\\\/IMG_20181004_111801-1024x818-1.jpg\",\"width\":751,\"height\":600},{\"@type\":\"BreadcrumbList\",\"@id\":\"https:\\\/\\\/digital58.com.ve\\\/site\\\/2020\\\/11\\\/02\\\/buhoneros-de-maracaibo-ocupan-el-terreno-de-los-plataneros\\\/#breadcrumb\",\"itemListElement\":[{\"@type\":\"ListItem\",\"position\":1,\"name\":\"Home\",\"item\":\"https:\\\/\\\/digital58.com.ve\\\/site\\\/\"},{\"@type\":\"ListItem\",\"position\":2,\"name\":\"Buhoneros de Maracaibo ocupan el terreno de los plataneros\"}]},{\"@type\":\"WebSite\",\"@id\":\"https:\\\/\\\/digital58.com.ve\\\/site\\\/#website\",\"url\":\"https:\\\/\\\/digital58.com.ve\\\/site\\\/\",\"name\":\"Noticias Digital58\",\"description\":\"Portal de Noticias \u00a1Periodismo web de verdad! Lanzamiento web 22.11.2005 \\\/ Maracaibo, Venezuela\",\"publisher\":{\"@id\":\"https:\\\/\\\/digital58.com.ve\\\/site\\\/#\\\/schema\\\/person\\\/64d1c2e4d0d4fd1b849980c4331c2951\"},\"alternateName\":\"ND58\",\"potentialAction\":[{\"@type\":\"SearchAction\",\"target\":{\"@type\":\"EntryPoint\",\"urlTemplate\":\"https:\\\/\\\/digital58.com.ve\\\/site\\\/?s={search_term_string}\"},\"query-input\":{\"@type\":\"PropertyValueSpecification\",\"valueRequired\":true,\"valueName\":\"search_term_string\"}}],\"inLanguage\":\"es\"},{\"@type\":[\"Person\",\"Organization\"],\"@id\":\"https:\\\/\\\/digital58.com.ve\\\/site\\\/#\\\/schema\\\/person\\\/64d1c2e4d0d4fd1b849980c4331c2951\",\"name\":\"Villasmil Henry\",\"image\":{\"@type\":\"ImageObject\",\"inLanguage\":\"es\",\"@id\":\"https:\\\/\\\/secure.gravatar.com\\\/avatar\\\/bb0c4a2fcb7970138239f7e404ea75757b1b507b28b5ce4c53fbd62d797c5a7c?s=96&d=mm&r=g\",\"url\":\"https:\\\/\\\/secure.gravatar.com\\\/avatar\\\/bb0c4a2fcb7970138239f7e404ea75757b1b507b28b5ce4c53fbd62d797c5a7c?s=96&d=mm&r=g\",\"contentUrl\":\"https:\\\/\\\/secure.gravatar.com\\\/avatar\\\/bb0c4a2fcb7970138239f7e404ea75757b1b507b28b5ce4c53fbd62d797c5a7c?s=96&d=mm&r=g\",\"caption\":\"Villasmil Henry\"},\"logo\":{\"@id\":\"https:\\\/\\\/secure.gravatar.com\\\/avatar\\\/bb0c4a2fcb7970138239f7e404ea75757b1b507b28b5ce4c53fbd62d797c5a7c?s=96&d=mm&r=g\"},\"sameAs\":[\"http:\\\/\\\/www.henryvillasmil.com.ve\",\"https:\\\/\\\/www.instagram.com\\\/villasmilhfoto\\\/\",\"https:\\\/\\\/x.com\\\/https:\\\/\\\/twitter.com\\\/villasmilhfoto\"]},{\"@type\":\"Person\",\"@id\":\"https:\\\/\\\/digital58.com.ve\\\/site\\\/#\\\/schema\\\/person\\\/5ef3ed6588a1de18f098d7d8c909834b\",\"name\":\"Carolina del Valle Morales\",\"image\":{\"@type\":\"ImageObject\",\"inLanguage\":\"es\",\"@id\":\"https:\\\/\\\/secure.gravatar.com\\\/avatar\\\/0cdf0a8cbb9d61ccd1c45dac3181142ad3ad1771aecb28412b09b868d168ef63?s=96&d=mm&r=g\",\"url\":\"https:\\\/\\\/secure.gravatar.com\\\/avatar\\\/0cdf0a8cbb9d61ccd1c45dac3181142ad3ad1771aecb28412b09b868d168ef63?s=96&d=mm&r=g\",\"contentUrl\":\"https:\\\/\\\/secure.gravatar.com\\\/avatar\\\/0cdf0a8cbb9d61ccd1c45dac3181142ad3ad1771aecb28412b09b868d168ef63?s=96&d=mm&r=g\",\"caption\":\"Carolina del Valle Morales\"},\"url\":\"https:\\\/\\\/digital58.com.ve\\\/site\\\/author\\\/vallecarola\\\/\"}]}<\/script>\n<!-- \/ Yoast SEO plugin. -->","yoast_head_json":{"title":"Buhoneros de Maracaibo ocupan el terreno de los plataneros","description":"Zulia","robots":{"index":"index","follow":"follow","max-snippet":"max-snippet:-1","max-image-preview":"max-image-preview:large","max-video-preview":"max-video-preview:-1"},"canonical":"https:\/\/digital58.com.ve\/site\/2020\/11\/02\/buhoneros-de-maracaibo-ocupan-el-terreno-de-los-plataneros\/","og_locale":"es_ES","og_type":"article","og_title":"Buhoneros de Maracaibo ocupan el terreno de los plataneros","og_description":"Zulia","og_url":"https:\/\/digital58.com.ve\/site\/2020\/11\/02\/buhoneros-de-maracaibo-ocupan-el-terreno-de-los-plataneros\/","og_site_name":"Noticias Digital58","article_published_time":"2020-11-02T15:27:26+00:00","og_image":[{"width":1024,"height":818,"url":"https:\/\/digital58.com.ve\/site\/wp-content\/uploads\/2020\/11\/IMG_20181004_111801-1024x818-1.jpg","type":"image\/jpeg"}],"author":"Carolina del Valle Morales","twitter_card":"summary_large_image","twitter_creator":"@Digital_58","twitter_site":"@villasmilhfoto","twitter_misc":{"Escrito por":"Carolina del Valle Morales","Tiempo estimado de lectura":"1 minuto"},"schema":{"@context":"https:\/\/schema.org","@graph":[{"@type":"Article","@id":"https:\/\/digital58.com.ve\/site\/2020\/11\/02\/buhoneros-de-maracaibo-ocupan-el-terreno-de-los-plataneros\/#article","isPartOf":{"@id":"https:\/\/digital58.com.ve\/site\/2020\/11\/02\/buhoneros-de-maracaibo-ocupan-el-terreno-de-los-plataneros\/"},"author":{"name":"Carolina del Valle Morales","@id":"https:\/\/digital58.com.ve\/site\/#\/schema\/person\/5ef3ed6588a1de18f098d7d8c909834b"},"headline":"Buhoneros de Maracaibo ocupan el terreno de los plataneros","datePublished":"2020-11-02T15:27:26+00:00","mainEntityOfPage":{"@id":"https:\/\/digital58.com.ve\/site\/2020\/11\/02\/buhoneros-de-maracaibo-ocupan-el-terreno-de-los-plataneros\/"},"wordCount":300,"commentCount":0,"publisher":{"@id":"https:\/\/digital58.com.ve\/site\/#\/schema\/person\/64d1c2e4d0d4fd1b849980c4331c2951"},"image":{"@id":"https:\/\/digital58.com.ve\/site\/2020\/11\/02\/buhoneros-de-maracaibo-ocupan-el-terreno-de-los-plataneros\/#primaryimage"},"thumbnailUrl":"https:\/\/digital58.com.ve\/site\/wp-content\/uploads\/2020\/11\/IMG_20181004_111801-1024x818-1.jpg","keywords":["COVID-19","Maracaibo","Mercado de Buhoneros","sector los plataneros"],"articleSection":["Zulia"],"inLanguage":"es","potentialAction":[{"@type":"CommentAction","name":"Comment","target":["https:\/\/digital58.com.ve\/site\/2020\/11\/02\/buhoneros-de-maracaibo-ocupan-el-terreno-de-los-plataneros\/#respond"]}]},{"@type":"WebPage","@id":"https:\/\/digital58.com.ve\/site\/2020\/11\/02\/buhoneros-de-maracaibo-ocupan-el-terreno-de-los-plataneros\/","url":"https:\/\/digital58.com.ve\/site\/2020\/11\/02\/buhoneros-de-maracaibo-ocupan-el-terreno-de-los-plataneros\/","name":"Buhoneros de Maracaibo ocupan el terreno de los plataneros","isPartOf":{"@id":"https:\/\/digital58.com.ve\/site\/#website"},"primaryImageOfPage":{"@id":"https:\/\/digital58.com.ve\/site\/2020\/11\/02\/buhoneros-de-maracaibo-ocupan-el-terreno-de-los-plataneros\/#primaryimage"},"image":{"@id":"https:\/\/digital58.com.ve\/site\/2020\/11\/02\/buhoneros-de-maracaibo-ocupan-el-terreno-de-los-plataneros\/#primaryimage"},"thumbnailUrl":"https:\/\/digital58.com.ve\/site\/wp-content\/uploads\/2020\/11\/IMG_20181004_111801-1024x818-1.jpg","datePublished":"2020-11-02T15:27:26+00:00","description":"Zulia","breadcrumb":{"@id":"https:\/\/digital58.com.ve\/site\/2020\/11\/02\/buhoneros-de-maracaibo-ocupan-el-terreno-de-los-plataneros\/#breadcrumb"},"inLanguage":"es","potentialAction":[{"@type":"ReadAction","target":["https:\/\/digital58.com.ve\/site\/2020\/11\/02\/buhoneros-de-maracaibo-ocupan-el-terreno-de-los-plataneros\/"]}]},{"@type":"ImageObject","inLanguage":"es","@id":"https:\/\/digital58.com.ve\/site\/2020\/11\/02\/buhoneros-de-maracaibo-ocupan-el-terreno-de-los-plataneros\/#primaryimage","url":"https:\/\/digital58.com.ve\/site\/wp-content\/uploads\/2020\/11\/IMG_20181004_111801-1024x818-1.jpg","contentUrl":"https:\/\/digital58.com.ve\/site\/wp-content\/uploads\/2020\/11\/IMG_20181004_111801-1024x818-1.jpg","width":751,"height":600},{"@type":"BreadcrumbList","@id":"https:\/\/digital58.com.ve\/site\/2020\/11\/02\/buhoneros-de-maracaibo-ocupan-el-terreno-de-los-plataneros\/#breadcrumb","itemListElement":[{"@type":"ListItem","position":1,"name":"Home","item":"https:\/\/digital58.com.ve\/site\/"},{"@type":"ListItem","position":2,"name":"Buhoneros de Maracaibo ocupan el terreno de los plataneros"}]},{"@type":"WebSite","@id":"https:\/\/digital58.com.ve\/site\/#website","url":"https:\/\/digital58.com.ve\/site\/","name":"Noticias Digital58","description":"Portal de Noticias \u00a1Periodismo web de verdad! Lanzamiento web 22.11.2005 \/ Maracaibo, Venezuela","publisher":{"@id":"https:\/\/digital58.com.ve\/site\/#\/schema\/person\/64d1c2e4d0d4fd1b849980c4331c2951"},"alternateName":"ND58","potentialAction":[{"@type":"SearchAction","target":{"@type":"EntryPoint","urlTemplate":"https:\/\/digital58.com.ve\/site\/?s={search_term_string}"},"query-input":{"@type":"PropertyValueSpecification","valueRequired":true,"valueName":"search_term_string"}}],"inLanguage":"es"},{"@type":["Person","Organization"],"@id":"https:\/\/digital58.com.ve\/site\/#\/schema\/person\/64d1c2e4d0d4fd1b849980c4331c2951","name":"Villasmil Henry","image":{"@type":"ImageObject","inLanguage":"es","@id":"https:\/\/secure.gravatar.com\/avatar\/bb0c4a2fcb7970138239f7e404ea75757b1b507b28b5ce4c53fbd62d797c5a7c?s=96&d=mm&r=g","url":"https:\/\/secure.gravatar.com\/avatar\/bb0c4a2fcb7970138239f7e404ea75757b1b507b28b5ce4c53fbd62d797c5a7c?s=96&d=mm&r=g","contentUrl":"https:\/\/secure.gravatar.com\/avatar\/bb0c4a2fcb7970138239f7e404ea75757b1b507b28b5ce4c53fbd62d797c5a7c?s=96&d=mm&r=g","caption":"Villasmil Henry"},"logo":{"@id":"https:\/\/secure.gravatar.com\/avatar\/bb0c4a2fcb7970138239f7e404ea75757b1b507b28b5ce4c53fbd62d797c5a7c?s=96&d=mm&r=g"},"sameAs":["http:\/\/www.henryvillasmil.com.ve","https:\/\/www.instagram.com\/villasmilhfoto\/","https:\/\/x.com\/https:\/\/twitter.com\/villasmilhfoto"]},{"@type":"Person","@id":"https:\/\/digital58.com.ve\/site\/#\/schema\/person\/5ef3ed6588a1de18f098d7d8c909834b","name":"Carolina del Valle Morales","image":{"@type":"ImageObject","inLanguage":"es","@id":"https:\/\/secure.gravatar.com\/avatar\/0cdf0a8cbb9d61ccd1c45dac3181142ad3ad1771aecb28412b09b868d168ef63?s=96&d=mm&r=g","url":"https:\/\/secure.gravatar.com\/avatar\/0cdf0a8cbb9d61ccd1c45dac3181142ad3ad1771aecb28412b09b868d168ef63?s=96&d=mm&r=g","contentUrl":"https:\/\/secure.gravatar.com\/avatar\/0cdf0a8cbb9d61ccd1c45dac3181142ad3ad1771aecb28412b09b868d168ef63?s=96&d=mm&r=g","caption":"Carolina del Valle Morales"},"url":"https:\/\/digital58.com.ve\/site\/author\/vallecarola\/"}]}},"uagb_featured_image_src":{"full":["https:\/\/digital58.com.ve\/site\/wp-content\/uploads\/2020\/11\/IMG_20181004_111801-1024x818-1.jpg",751,600,false],"thumbnail":["https:\/\/digital58.com.ve\/site\/wp-content\/uploads\/2020\/11\/IMG_20181004_111801-1024x818-1-150x150.jpg",150,150,true],"medium":["https:\/\/digital58.com.ve\/site\/wp-content\/uploads\/2020\/11\/IMG_20181004_111801-1024x818-1-300x240.jpg",300,240,true],"medium_large":["https:\/\/digital58.com.ve\/site\/wp-content\/uploads\/2020\/11\/IMG_20181004_111801-1024x818-1-768x614.jpg",768,614,true],"large":["https:\/\/digital58.com.ve\/site\/wp-content\/uploads\/2020\/11\/IMG_20181004_111801-1024x818-1.jpg",751,600,false],"1536x1536":["https:\/\/digital58.com.ve\/site\/wp-content\/uploads\/2020\/11\/IMG_20181004_111801-1024x818-1.jpg",751,600,false],"2048x2048":["https:\/\/digital58.com.ve\/site\/wp-content\/uploads\/2020\/11\/IMG_20181004_111801-1024x818-1.jpg",751,600,false],"colormag-highlighted-post":["https:\/\/digital58.com.ve\/site\/wp-content\/uploads\/2020\/11\/IMG_20181004_111801-1024x818-1.jpg",340,272,false],"colormag-featured-post-medium":["https:\/\/digital58.com.ve\/site\/wp-content\/uploads\/2020\/11\/IMG_20181004_111801-1024x818-1.jpg",257,205,false],"colormag-featured-post-small":["https:\/\/digital58.com.ve\/site\/wp-content\/uploads\/2020\/11\/IMG_20181004_111801-1024x818-1.jpg",113,90,false],"colormag-featured-image":["https:\/\/digital58.com.ve\/site\/wp-content\/uploads\/2020\/11\/IMG_20181004_111801-1024x818-1.jpg",557,445,false],"colormag-default-news":["https:\/\/digital58.com.ve\/site\/wp-content\/uploads\/2020\/11\/IMG_20181004_111801-1024x818-1.jpg",150,120,false],"colormag-featured-image-large":["https:\/\/digital58.com.ve\/site\/wp-content\/uploads\/2020\/11\/IMG_20181004_111801-1024x818-1.jpg",751,600,false]},"uagb_author_info":{"display_name":"Carolina del Valle Morales","author_link":"https:\/\/digital58.com.ve\/site\/author\/vallecarola\/"},"uagb_comment_info":0,"uagb_excerpt":"Los comerciantes informales ocupan el espacio desde este lunes 2 de noviembre. Maracaibo, Zulia, Venezuela, 02 de noviembre de 2020","_links":{"self":[{"href":"https:\/\/digital58.com.ve\/site\/wp-json\/wp\/v2\/posts\/132288","targetHints":{"allow":["GET"]}}],"collection":[{"href":"https:\/\/digital58.com.ve\/site\/wp-json\/wp\/v2\/posts"}],"about":[{"href":"https:\/\/digital58.com.ve\/site\/wp-json\/wp\/v2\/types\/post"}],"author":[{"embeddable":true,"href":"https:\/\/digital58.com.ve\/site\/wp-json\/wp\/v2\/users\/34"}],"replies":[{"embeddable":true,"href":"https:\/\/digital58.com.ve\/site\/wp-json\/wp\/v2\/comments?post=132288"}],"version-history":[{"count":0,"href":"https:\/\/digital58.com.ve\/site\/wp-json\/wp\/v2\/posts\/132288\/revisions"}],"wp:featuredmedia":[{"embeddable":true,"href":"https:\/\/digital58.com.ve\/site\/wp-json\/wp\/v2\/media\/132291"}],"wp:attachment":[{"href":"https:\/\/digital58.com.ve\/site\/wp-json\/wp\/v2\/media?parent=132288"}],"wp:term":[{"taxonomy":"category","embeddable":true,"href":"https:\/\/digital58.com.ve\/site\/wp-json\/wp\/v2\/categories?post=132288"},{"taxonomy":"post_tag","embeddable":true,"href":"https:\/\/digital58.com.ve\/site\/wp-json\/wp\/v2\/tags?post=132288"}],"curies":[{"name":"wp","href":"https:\/\/api.w.org\/{rel}","templated":true}]}}