{"id":132615,"date":"2020-11-08T21:44:31","date_gmt":"2020-11-09T01:44:31","guid":{"rendered":"https:\/\/digital58.com.ve\/site\/?p=132615"},"modified":"2020-11-08T21:44:31","modified_gmt":"2020-11-09T01:44:31","slug":"luis-arce-es-investido-como-nuevo-presidente-de-bolivia","status":"publish","type":"post","link":"https:\/\/digital58.com.ve\/site\/2020\/11\/08\/luis-arce-es-investido-como-nuevo-presidente-de-bolivia\/","title":{"rendered":"Luis Arce es investido como nuevo presidente de Bolivia"},"content":{"rendered":"<p><a href=\"https:\/\/digital58.com.ve\/site\/wp-content\/uploads\/2020\/11\/luis-arce-1.jpg\"><img loading=\"lazy\" decoding=\"async\" class=\"aligncenter size-full wp-image-132618\" src=\"https:\/\/digital58.com.ve\/site\/wp-content\/uploads\/2020\/11\/luis-arce-1.jpg\" alt=\"\" width=\"900\" height=\"600\" srcset=\"https:\/\/digital58.com.ve\/site\/wp-content\/uploads\/2020\/11\/luis-arce-1.jpg 800w, https:\/\/digital58.com.ve\/site\/wp-content\/uploads\/2020\/11\/luis-arce-1-300x200.jpg 300w, https:\/\/digital58.com.ve\/site\/wp-content\/uploads\/2020\/11\/luis-arce-1-768x512.jpg 768w, https:\/\/digital58.com.ve\/site\/wp-content\/uploads\/2020\/11\/luis-arce-1-720x480.jpg 720w, https:\/\/digital58.com.ve\/site\/wp-content\/uploads\/2020\/11\/luis-arce-1-480x320.jpg 480w\" sizes=\"auto, (max-width: 900px) 100vw, 900px\" \/><\/a><\/p>\n<p>El exministro de Econom\u00eda de Evo Morales gan\u00f3 las elecciones generales del pasado 18 de octubre en Bolivia con el 55,1 por ciento de los votos al frente del MAS.<\/p>\n<p><strong>Bolivia, 08 de noviembre de 2020 (ND58).-<\/strong> Luis Arce fue investido este domingo como nuevo presidente de Bolivia para los pr\u00f3ximos cinco a\u00f1os. Arce tom\u00f3 posesi\u00f3n como jefe de Estado y de Gobierno en La Paz ante l\u00edderes como el rey Felipe VI de Espa\u00f1a y varios presidentes de pa\u00edses americanos.<\/p>\n<p>Previamente, el aimara David Choquehuanca jur\u00f3 como vicepresidente de Bolivia, cargo que tambi\u00e9n conlleva la Presidencia del Parlamento, en el que el Movimiento al Socialismo (MAS) del expresidente Evo Morales tiene la mayor\u00eda, pero no los dos tercios de la anterior gesti\u00f3n.<\/p>\n<p><a href=\"https:\/\/digital58.com.ve\/site\/wp-content\/uploads\/2020\/11\/luis-arce-3.jpg\"><img loading=\"lazy\" decoding=\"async\" class=\"aligncenter size-full wp-image-132616\" src=\"https:\/\/digital58.com.ve\/site\/wp-content\/uploads\/2020\/11\/luis-arce-3.jpg\" alt=\"\" width=\"900\" height=\"600\" srcset=\"https:\/\/digital58.com.ve\/site\/wp-content\/uploads\/2020\/11\/luis-arce-3.jpg 800w, https:\/\/digital58.com.ve\/site\/wp-content\/uploads\/2020\/11\/luis-arce-3-300x200.jpg 300w, https:\/\/digital58.com.ve\/site\/wp-content\/uploads\/2020\/11\/luis-arce-3-768x512.jpg 768w, https:\/\/digital58.com.ve\/site\/wp-content\/uploads\/2020\/11\/luis-arce-3-720x480.jpg 720w, https:\/\/digital58.com.ve\/site\/wp-content\/uploads\/2020\/11\/luis-arce-3-480x320.jpg 480w\" sizes=\"auto, (max-width: 900px) 100vw, 900px\" \/><\/a><\/p>\n<p>Vestido con un traje oscuro, con camisa clara y sin corbata, Arce jur\u00f3 su cargo con la mano derecha en el coraz\u00f3n, mientras que Choquehuanca lo hizo con el pu\u00f1o izquierdo en alto, la se\u00f1al que identifica al MAS.<\/p>\n<p>El economista, a quien Choquehuanca impuso la banda y medalla presidenciales, inicia en esta jornada un mandato hasta 2025, cuando Bolivia celebrar\u00e1 el bicentenario de su independencia.<\/p>\n<p>La investidura de Arce supone el retorno al poder de ese partido justo casi un a\u00f1o despu\u00e9s de que la crisis pol\u00edtica rompiese una hegemon\u00eda de casi catorce a\u00f1os consecutivos de Morales como presidente.<\/p>\n<p>Al evento asisten el rey de Espa\u00f1a, Felipe VI, los presidentes de Argentina, Alberto Fern\u00e1ndez; de Colombia, Iv\u00e1n Duque; y de Paraguay, Mario Abdo Ben\u00edtez, adem\u00e1s de representantes de otros pa\u00edses de Am\u00e9rica, principalmente, de Europa y de Asia.<\/p>\n<p><a href=\"https:\/\/digital58.com.ve\/site\/wp-content\/uploads\/2020\/11\/luis-arce-2.jpg\"><img loading=\"lazy\" decoding=\"async\" class=\"aligncenter size-full wp-image-132617\" src=\"https:\/\/digital58.com.ve\/site\/wp-content\/uploads\/2020\/11\/luis-arce-2.jpg\" alt=\"\" width=\"900\" height=\"645\" srcset=\"https:\/\/digital58.com.ve\/site\/wp-content\/uploads\/2020\/11\/luis-arce-2.jpg 800w, https:\/\/digital58.com.ve\/site\/wp-content\/uploads\/2020\/11\/luis-arce-2-300x215.jpg 300w, https:\/\/digital58.com.ve\/site\/wp-content\/uploads\/2020\/11\/luis-arce-2-768x550.jpg 768w\" sizes=\"auto, (max-width: 900px) 100vw, 900px\" \/><\/a><\/p>\n<p>En los alrededores de la plaza Murillo, donde se encuentran el Palacio de Gobierno y la sede del Legislativo de Bolivia, aguardan miles de seguidores del MAS que llegaron a La Paz desde distintas provincias y regiones en los \u00faltimos d\u00edas para presenciar la investidura de Arce y desfilar despu\u00e9s del acto oficial.<\/p>\n<p>La investidura estuvo precedida por un ritual ancestral de agradecimiento a la \u00abPachamama\u00bb o Madre Tierra, para pedir tambi\u00e9n a esa deidad andina que d\u00e9 fuerza a los nuevos gobernantes.<\/p><div class=\"nvnri69f222d8600be\" ><p style=\"text-align: center;\"><a href=\"https:\/\/t.me\/noticiasdigital58\" target=\"_blank\" rel=\"noopener\"><img class=\"aligncenter size-full wp-image-125363\" src=\"https:\/\/digital58.com.ve\/site\/wp-content\/uploads\/2021\/04\/banner-telegram-web-2021.png\" alt=\"\" width=\"600\" height=\"90\" \/><\/a><\/p><\/div><style type=\"text\/css\">\r\n@media screen and (min-width: 1201px) {\r\n.nvnri69f222d8600be {\r\ndisplay: block;\r\n}\r\n}\r\n@media screen and (min-width: 993px) and (max-width: 1200px) {\r\n.nvnri69f222d8600be {\r\ndisplay: block;\r\n}\r\n}\r\n@media screen and (min-width: 769px) and (max-width: 992px) {\r\n.nvnri69f222d8600be {\r\ndisplay: block;\r\n}\r\n}\r\n@media screen and (min-width: 768px) and (max-width: 768px) {\r\n.nvnri69f222d8600be {\r\ndisplay: block;\r\n}\r\n}\r\n@media screen and (max-width: 767px) {\r\n.nvnri69f222d8600be {\r\ndisplay: block;\r\n}\r\n}\r\n<\/style>\r\n\n<p><strong>Redacci\u00f3n ND58 | Fuente: EFE<\/strong><br \/>\n<strong>Edici\u00f3n: Villasmil, Henry<\/strong><br \/>\n<strong>Gr\u00e1fica: EFE<\/strong><\/p>\n<div style=\"margin-top: 0px; margin-bottom: 0px;\" class=\"sharethis-inline-share-buttons\" ><\/div>","protected":false},"excerpt":{"rendered":"<p>El exministro de Econom\u00eda de Evo Morales gan\u00f3 las elecciones generales del pasado 18 de octubre en Bolivia con el<\/p>\n","protected":false},"author":1,"featured_media":132618,"comment_status":"open","ping_status":"closed","sticky":false,"template":"","format":"standard","meta":{"colormag_page_container_layout":"default_layout","colormag_page_sidebar_layout":"default_layout","_uag_custom_page_level_css":"","footnotes":""},"categories":[16451],"tags":[110,11942,8,22291,22522],"class_list":["post-132615","post","type-post","status-publish","format-standard","has-post-thumbnail","hentry","category-mundo","tag-bolivia","tag-envestidura-presindencial","tag-internacionales","tag-luis-arce","tag-presidente-de-bolivia"],"yoast_head":"<!-- This site is optimized with the Yoast SEO plugin v27.5 - https:\/\/yoast.com\/product\/yoast-seo-wordpress\/ -->\n<title>Luis Arce es investido como nuevo presidente de Bolivia<\/title>\n<meta name=\"description\" content=\"Mundo\" \/>\n<meta name=\"robots\" content=\"index, follow, max-snippet:-1, max-image-preview:large, max-video-preview:-1\" \/>\n<link rel=\"canonical\" href=\"https:\/\/digital58.com.ve\/site\/2020\/11\/08\/luis-arce-es-investido-como-nuevo-presidente-de-bolivia\/\" \/>\n<meta property=\"og:locale\" content=\"es_ES\" \/>\n<meta property=\"og:type\" content=\"article\" \/>\n<meta property=\"og:title\" content=\"Luis Arce es investido como nuevo presidente de Bolivia\" \/>\n<meta property=\"og:description\" content=\"Mundo\" \/>\n<meta property=\"og:url\" content=\"https:\/\/digital58.com.ve\/site\/2020\/11\/08\/luis-arce-es-investido-como-nuevo-presidente-de-bolivia\/\" \/>\n<meta property=\"og:site_name\" content=\"Noticias Digital58\" \/>\n<meta property=\"article:published_time\" content=\"2020-11-09T01:44:31+00:00\" \/>\n<meta property=\"og:image\" content=\"https:\/\/digital58.com.ve\/site\/wp-content\/uploads\/2020\/11\/luis-arce-1.jpg\" \/>\n\t<meta property=\"og:image:width\" content=\"900\" \/>\n\t<meta property=\"og:image:height\" content=\"600\" \/>\n\t<meta property=\"og:image:type\" content=\"image\/jpeg\" \/>\n<meta name=\"author\" content=\"Villasmil Henry\" \/>\n<meta name=\"twitter:card\" content=\"summary_large_image\" \/>\n<meta name=\"twitter:creator\" content=\"@https:\/\/twitter.com\/villasmilhfoto\" \/>\n<meta name=\"twitter:site\" content=\"@villasmilhfoto\" \/>\n<meta name=\"twitter:label1\" content=\"Escrito por\" \/>\n\t<meta name=\"twitter:data1\" content=\"Villasmil Henry\" \/>\n\t<meta name=\"twitter:label2\" content=\"Tiempo estimado de lectura\" \/>\n\t<meta name=\"twitter:data2\" content=\"2 minutos\" \/>\n<script type=\"application\/ld+json\" class=\"yoast-schema-graph\">{\"@context\":\"https:\\\/\\\/schema.org\",\"@graph\":[{\"@type\":\"Article\",\"@id\":\"https:\\\/\\\/digital58.com.ve\\\/site\\\/2020\\\/11\\\/08\\\/luis-arce-es-investido-como-nuevo-presidente-de-bolivia\\\/#article\",\"isPartOf\":{\"@id\":\"https:\\\/\\\/digital58.com.ve\\\/site\\\/2020\\\/11\\\/08\\\/luis-arce-es-investido-como-nuevo-presidente-de-bolivia\\\/\"},\"author\":{\"name\":\"Villasmil Henry\",\"@id\":\"https:\\\/\\\/digital58.com.ve\\\/site\\\/#\\\/schema\\\/person\\\/64d1c2e4d0d4fd1b849980c4331c2951\"},\"headline\":\"Luis Arce es investido como nuevo presidente de Bolivia\",\"datePublished\":\"2020-11-09T01:44:31+00:00\",\"mainEntityOfPage\":{\"@id\":\"https:\\\/\\\/digital58.com.ve\\\/site\\\/2020\\\/11\\\/08\\\/luis-arce-es-investido-como-nuevo-presidente-de-bolivia\\\/\"},\"wordCount\":390,\"commentCount\":0,\"publisher\":{\"@id\":\"https:\\\/\\\/digital58.com.ve\\\/site\\\/#\\\/schema\\\/person\\\/64d1c2e4d0d4fd1b849980c4331c2951\"},\"image\":{\"@id\":\"https:\\\/\\\/digital58.com.ve\\\/site\\\/2020\\\/11\\\/08\\\/luis-arce-es-investido-como-nuevo-presidente-de-bolivia\\\/#primaryimage\"},\"thumbnailUrl\":\"https:\\\/\\\/digital58.com.ve\\\/site\\\/wp-content\\\/uploads\\\/2020\\\/11\\\/luis-arce-1.jpg\",\"keywords\":[\"Bolivia\",\"Envestidura Presindencial\",\"Internacionales\",\"Luis Arce\",\"Presidente de Bolivia\"],\"articleSection\":[\"Mundo\"],\"inLanguage\":\"es\",\"potentialAction\":[{\"@type\":\"CommentAction\",\"name\":\"Comment\",\"target\":[\"https:\\\/\\\/digital58.com.ve\\\/site\\\/2020\\\/11\\\/08\\\/luis-arce-es-investido-como-nuevo-presidente-de-bolivia\\\/#respond\"]}]},{\"@type\":\"WebPage\",\"@id\":\"https:\\\/\\\/digital58.com.ve\\\/site\\\/2020\\\/11\\\/08\\\/luis-arce-es-investido-como-nuevo-presidente-de-bolivia\\\/\",\"url\":\"https:\\\/\\\/digital58.com.ve\\\/site\\\/2020\\\/11\\\/08\\\/luis-arce-es-investido-como-nuevo-presidente-de-bolivia\\\/\",\"name\":\"Luis Arce es investido como nuevo presidente de Bolivia\",\"isPartOf\":{\"@id\":\"https:\\\/\\\/digital58.com.ve\\\/site\\\/#website\"},\"primaryImageOfPage\":{\"@id\":\"https:\\\/\\\/digital58.com.ve\\\/site\\\/2020\\\/11\\\/08\\\/luis-arce-es-investido-como-nuevo-presidente-de-bolivia\\\/#primaryimage\"},\"image\":{\"@id\":\"https:\\\/\\\/digital58.com.ve\\\/site\\\/2020\\\/11\\\/08\\\/luis-arce-es-investido-como-nuevo-presidente-de-bolivia\\\/#primaryimage\"},\"thumbnailUrl\":\"https:\\\/\\\/digital58.com.ve\\\/site\\\/wp-content\\\/uploads\\\/2020\\\/11\\\/luis-arce-1.jpg\",\"datePublished\":\"2020-11-09T01:44:31+00:00\",\"description\":\"Mundo\",\"breadcrumb\":{\"@id\":\"https:\\\/\\\/digital58.com.ve\\\/site\\\/2020\\\/11\\\/08\\\/luis-arce-es-investido-como-nuevo-presidente-de-bolivia\\\/#breadcrumb\"},\"inLanguage\":\"es\",\"potentialAction\":[{\"@type\":\"ReadAction\",\"target\":[\"https:\\\/\\\/digital58.com.ve\\\/site\\\/2020\\\/11\\\/08\\\/luis-arce-es-investido-como-nuevo-presidente-de-bolivia\\\/\"]}]},{\"@type\":\"ImageObject\",\"inLanguage\":\"es\",\"@id\":\"https:\\\/\\\/digital58.com.ve\\\/site\\\/2020\\\/11\\\/08\\\/luis-arce-es-investido-como-nuevo-presidente-de-bolivia\\\/#primaryimage\",\"url\":\"https:\\\/\\\/digital58.com.ve\\\/site\\\/wp-content\\\/uploads\\\/2020\\\/11\\\/luis-arce-1.jpg\",\"contentUrl\":\"https:\\\/\\\/digital58.com.ve\\\/site\\\/wp-content\\\/uploads\\\/2020\\\/11\\\/luis-arce-1.jpg\",\"width\":800,\"height\":533},{\"@type\":\"BreadcrumbList\",\"@id\":\"https:\\\/\\\/digital58.com.ve\\\/site\\\/2020\\\/11\\\/08\\\/luis-arce-es-investido-como-nuevo-presidente-de-bolivia\\\/#breadcrumb\",\"itemListElement\":[{\"@type\":\"ListItem\",\"position\":1,\"name\":\"Home\",\"item\":\"https:\\\/\\\/digital58.com.ve\\\/site\\\/\"},{\"@type\":\"ListItem\",\"position\":2,\"name\":\"Luis Arce es investido como nuevo presidente de Bolivia\"}]},{\"@type\":\"WebSite\",\"@id\":\"https:\\\/\\\/digital58.com.ve\\\/site\\\/#website\",\"url\":\"https:\\\/\\\/digital58.com.ve\\\/site\\\/\",\"name\":\"Noticias Digital58\",\"description\":\"Portal de Noticias \u00a1Periodismo web de verdad! Lanzamiento web 22.11.2005 \\\/ Maracaibo, Venezuela\",\"publisher\":{\"@id\":\"https:\\\/\\\/digital58.com.ve\\\/site\\\/#\\\/schema\\\/person\\\/64d1c2e4d0d4fd1b849980c4331c2951\"},\"alternateName\":\"ND58\",\"potentialAction\":[{\"@type\":\"SearchAction\",\"target\":{\"@type\":\"EntryPoint\",\"urlTemplate\":\"https:\\\/\\\/digital58.com.ve\\\/site\\\/?s={search_term_string}\"},\"query-input\":{\"@type\":\"PropertyValueSpecification\",\"valueRequired\":true,\"valueName\":\"search_term_string\"}}],\"inLanguage\":\"es\"},{\"@type\":[\"Person\",\"Organization\"],\"@id\":\"https:\\\/\\\/digital58.com.ve\\\/site\\\/#\\\/schema\\\/person\\\/64d1c2e4d0d4fd1b849980c4331c2951\",\"name\":\"Villasmil Henry\",\"image\":{\"@type\":\"ImageObject\",\"inLanguage\":\"es\",\"@id\":\"https:\\\/\\\/secure.gravatar.com\\\/avatar\\\/bb0c4a2fcb7970138239f7e404ea75757b1b507b28b5ce4c53fbd62d797c5a7c?s=96&d=mm&r=g\",\"url\":\"https:\\\/\\\/secure.gravatar.com\\\/avatar\\\/bb0c4a2fcb7970138239f7e404ea75757b1b507b28b5ce4c53fbd62d797c5a7c?s=96&d=mm&r=g\",\"contentUrl\":\"https:\\\/\\\/secure.gravatar.com\\\/avatar\\\/bb0c4a2fcb7970138239f7e404ea75757b1b507b28b5ce4c53fbd62d797c5a7c?s=96&d=mm&r=g\",\"caption\":\"Villasmil Henry\"},\"logo\":{\"@id\":\"https:\\\/\\\/secure.gravatar.com\\\/avatar\\\/bb0c4a2fcb7970138239f7e404ea75757b1b507b28b5ce4c53fbd62d797c5a7c?s=96&d=mm&r=g\"},\"sameAs\":[\"http:\\\/\\\/www.henryvillasmil.com.ve\",\"https:\\\/\\\/www.instagram.com\\\/villasmilhfoto\\\/\",\"https:\\\/\\\/x.com\\\/https:\\\/\\\/twitter.com\\\/villasmilhfoto\"],\"url\":\"https:\\\/\\\/digital58.com.ve\\\/site\\\/author\\\/droopy_68\\\/\"}]}<\/script>\n<!-- \/ Yoast SEO plugin. -->","yoast_head_json":{"title":"Luis Arce es investido como nuevo presidente de Bolivia","description":"Mundo","robots":{"index":"index","follow":"follow","max-snippet":"max-snippet:-1","max-image-preview":"max-image-preview:large","max-video-preview":"max-video-preview:-1"},"canonical":"https:\/\/digital58.com.ve\/site\/2020\/11\/08\/luis-arce-es-investido-como-nuevo-presidente-de-bolivia\/","og_locale":"es_ES","og_type":"article","og_title":"Luis Arce es investido como nuevo presidente de Bolivia","og_description":"Mundo","og_url":"https:\/\/digital58.com.ve\/site\/2020\/11\/08\/luis-arce-es-investido-como-nuevo-presidente-de-bolivia\/","og_site_name":"Noticias Digital58","article_published_time":"2020-11-09T01:44:31+00:00","og_image":[{"width":900,"height":600,"url":"https:\/\/digital58.com.ve\/site\/wp-content\/uploads\/2020\/11\/luis-arce-1.jpg","type":"image\/jpeg"}],"author":"Villasmil Henry","twitter_card":"summary_large_image","twitter_creator":"@https:\/\/twitter.com\/villasmilhfoto","twitter_site":"@villasmilhfoto","twitter_misc":{"Escrito por":"Villasmil Henry","Tiempo estimado de lectura":"2 minutos"},"schema":{"@context":"https:\/\/schema.org","@graph":[{"@type":"Article","@id":"https:\/\/digital58.com.ve\/site\/2020\/11\/08\/luis-arce-es-investido-como-nuevo-presidente-de-bolivia\/#article","isPartOf":{"@id":"https:\/\/digital58.com.ve\/site\/2020\/11\/08\/luis-arce-es-investido-como-nuevo-presidente-de-bolivia\/"},"author":{"name":"Villasmil Henry","@id":"https:\/\/digital58.com.ve\/site\/#\/schema\/person\/64d1c2e4d0d4fd1b849980c4331c2951"},"headline":"Luis Arce es investido como nuevo presidente de Bolivia","datePublished":"2020-11-09T01:44:31+00:00","mainEntityOfPage":{"@id":"https:\/\/digital58.com.ve\/site\/2020\/11\/08\/luis-arce-es-investido-como-nuevo-presidente-de-bolivia\/"},"wordCount":390,"commentCount":0,"publisher":{"@id":"https:\/\/digital58.com.ve\/site\/#\/schema\/person\/64d1c2e4d0d4fd1b849980c4331c2951"},"image":{"@id":"https:\/\/digital58.com.ve\/site\/2020\/11\/08\/luis-arce-es-investido-como-nuevo-presidente-de-bolivia\/#primaryimage"},"thumbnailUrl":"https:\/\/digital58.com.ve\/site\/wp-content\/uploads\/2020\/11\/luis-arce-1.jpg","keywords":["Bolivia","Envestidura Presindencial","Internacionales","Luis Arce","Presidente de Bolivia"],"articleSection":["Mundo"],"inLanguage":"es","potentialAction":[{"@type":"CommentAction","name":"Comment","target":["https:\/\/digital58.com.ve\/site\/2020\/11\/08\/luis-arce-es-investido-como-nuevo-presidente-de-bolivia\/#respond"]}]},{"@type":"WebPage","@id":"https:\/\/digital58.com.ve\/site\/2020\/11\/08\/luis-arce-es-investido-como-nuevo-presidente-de-bolivia\/","url":"https:\/\/digital58.com.ve\/site\/2020\/11\/08\/luis-arce-es-investido-como-nuevo-presidente-de-bolivia\/","name":"Luis Arce es investido como nuevo presidente de Bolivia","isPartOf":{"@id":"https:\/\/digital58.com.ve\/site\/#website"},"primaryImageOfPage":{"@id":"https:\/\/digital58.com.ve\/site\/2020\/11\/08\/luis-arce-es-investido-como-nuevo-presidente-de-bolivia\/#primaryimage"},"image":{"@id":"https:\/\/digital58.com.ve\/site\/2020\/11\/08\/luis-arce-es-investido-como-nuevo-presidente-de-bolivia\/#primaryimage"},"thumbnailUrl":"https:\/\/digital58.com.ve\/site\/wp-content\/uploads\/2020\/11\/luis-arce-1.jpg","datePublished":"2020-11-09T01:44:31+00:00","description":"Mundo","breadcrumb":{"@id":"https:\/\/digital58.com.ve\/site\/2020\/11\/08\/luis-arce-es-investido-como-nuevo-presidente-de-bolivia\/#breadcrumb"},"inLanguage":"es","potentialAction":[{"@type":"ReadAction","target":["https:\/\/digital58.com.ve\/site\/2020\/11\/08\/luis-arce-es-investido-como-nuevo-presidente-de-bolivia\/"]}]},{"@type":"ImageObject","inLanguage":"es","@id":"https:\/\/digital58.com.ve\/site\/2020\/11\/08\/luis-arce-es-investido-como-nuevo-presidente-de-bolivia\/#primaryimage","url":"https:\/\/digital58.com.ve\/site\/wp-content\/uploads\/2020\/11\/luis-arce-1.jpg","contentUrl":"https:\/\/digital58.com.ve\/site\/wp-content\/uploads\/2020\/11\/luis-arce-1.jpg","width":800,"height":533},{"@type":"BreadcrumbList","@id":"https:\/\/digital58.com.ve\/site\/2020\/11\/08\/luis-arce-es-investido-como-nuevo-presidente-de-bolivia\/#breadcrumb","itemListElement":[{"@type":"ListItem","position":1,"name":"Home","item":"https:\/\/digital58.com.ve\/site\/"},{"@type":"ListItem","position":2,"name":"Luis Arce es investido como nuevo presidente de Bolivia"}]},{"@type":"WebSite","@id":"https:\/\/digital58.com.ve\/site\/#website","url":"https:\/\/digital58.com.ve\/site\/","name":"Noticias Digital58","description":"Portal de Noticias \u00a1Periodismo web de verdad! Lanzamiento web 22.11.2005 \/ Maracaibo, Venezuela","publisher":{"@id":"https:\/\/digital58.com.ve\/site\/#\/schema\/person\/64d1c2e4d0d4fd1b849980c4331c2951"},"alternateName":"ND58","potentialAction":[{"@type":"SearchAction","target":{"@type":"EntryPoint","urlTemplate":"https:\/\/digital58.com.ve\/site\/?s={search_term_string}"},"query-input":{"@type":"PropertyValueSpecification","valueRequired":true,"valueName":"search_term_string"}}],"inLanguage":"es"},{"@type":["Person","Organization"],"@id":"https:\/\/digital58.com.ve\/site\/#\/schema\/person\/64d1c2e4d0d4fd1b849980c4331c2951","name":"Villasmil Henry","image":{"@type":"ImageObject","inLanguage":"es","@id":"https:\/\/secure.gravatar.com\/avatar\/bb0c4a2fcb7970138239f7e404ea75757b1b507b28b5ce4c53fbd62d797c5a7c?s=96&d=mm&r=g","url":"https:\/\/secure.gravatar.com\/avatar\/bb0c4a2fcb7970138239f7e404ea75757b1b507b28b5ce4c53fbd62d797c5a7c?s=96&d=mm&r=g","contentUrl":"https:\/\/secure.gravatar.com\/avatar\/bb0c4a2fcb7970138239f7e404ea75757b1b507b28b5ce4c53fbd62d797c5a7c?s=96&d=mm&r=g","caption":"Villasmil Henry"},"logo":{"@id":"https:\/\/secure.gravatar.com\/avatar\/bb0c4a2fcb7970138239f7e404ea75757b1b507b28b5ce4c53fbd62d797c5a7c?s=96&d=mm&r=g"},"sameAs":["http:\/\/www.henryvillasmil.com.ve","https:\/\/www.instagram.com\/villasmilhfoto\/","https:\/\/x.com\/https:\/\/twitter.com\/villasmilhfoto"],"url":"https:\/\/digital58.com.ve\/site\/author\/droopy_68\/"}]}},"uagb_featured_image_src":{"full":["https:\/\/digital58.com.ve\/site\/wp-content\/uploads\/2020\/11\/luis-arce-1.jpg",800,533,false],"thumbnail":["https:\/\/digital58.com.ve\/site\/wp-content\/uploads\/2020\/11\/luis-arce-1-150x150.jpg",150,150,true],"medium":["https:\/\/digital58.com.ve\/site\/wp-content\/uploads\/2020\/11\/luis-arce-1-300x200.jpg",300,200,true],"medium_large":["https:\/\/digital58.com.ve\/site\/wp-content\/uploads\/2020\/11\/luis-arce-1-768x512.jpg",768,512,true],"large":["https:\/\/digital58.com.ve\/site\/wp-content\/uploads\/2020\/11\/luis-arce-1.jpg",800,533,false],"1536x1536":["https:\/\/digital58.com.ve\/site\/wp-content\/uploads\/2020\/11\/luis-arce-1.jpg",800,533,false],"2048x2048":["https:\/\/digital58.com.ve\/site\/wp-content\/uploads\/2020\/11\/luis-arce-1.jpg",800,533,false],"colormag-highlighted-post":["https:\/\/digital58.com.ve\/site\/wp-content\/uploads\/2020\/11\/luis-arce-1.jpg",392,261,false],"colormag-featured-post-medium":["https:\/\/digital58.com.ve\/site\/wp-content\/uploads\/2020\/11\/luis-arce-1.jpg",308,205,false],"colormag-featured-post-small":["https:\/\/digital58.com.ve\/site\/wp-content\/uploads\/2020\/11\/luis-arce-1.jpg",130,87,false],"colormag-featured-image":["https:\/\/digital58.com.ve\/site\/wp-content\/uploads\/2020\/11\/luis-arce-1.jpg",668,445,false],"colormag-default-news":["https:\/\/digital58.com.ve\/site\/wp-content\/uploads\/2020\/11\/luis-arce-1.jpg",150,100,false],"colormag-featured-image-large":["https:\/\/digital58.com.ve\/site\/wp-content\/uploads\/2020\/11\/luis-arce-1.jpg",800,533,false]},"uagb_author_info":{"display_name":"Villasmil Henry","author_link":"https:\/\/digital58.com.ve\/site\/author\/droopy_68\/"},"uagb_comment_info":0,"uagb_excerpt":"El exministro de Econom\u00eda de Evo Morales gan\u00f3 las elecciones generales del pasado 18 de octubre en Bolivia con el","_links":{"self":[{"href":"https:\/\/digital58.com.ve\/site\/wp-json\/wp\/v2\/posts\/132615","targetHints":{"allow":["GET"]}}],"collection":[{"href":"https:\/\/digital58.com.ve\/site\/wp-json\/wp\/v2\/posts"}],"about":[{"href":"https:\/\/digital58.com.ve\/site\/wp-json\/wp\/v2\/types\/post"}],"author":[{"embeddable":true,"href":"https:\/\/digital58.com.ve\/site\/wp-json\/wp\/v2\/users\/1"}],"replies":[{"embeddable":true,"href":"https:\/\/digital58.com.ve\/site\/wp-json\/wp\/v2\/comments?post=132615"}],"version-history":[{"count":0,"href":"https:\/\/digital58.com.ve\/site\/wp-json\/wp\/v2\/posts\/132615\/revisions"}],"wp:featuredmedia":[{"embeddable":true,"href":"https:\/\/digital58.com.ve\/site\/wp-json\/wp\/v2\/media\/132618"}],"wp:attachment":[{"href":"https:\/\/digital58.com.ve\/site\/wp-json\/wp\/v2\/media?parent=132615"}],"wp:term":[{"taxonomy":"category","embeddable":true,"href":"https:\/\/digital58.com.ve\/site\/wp-json\/wp\/v2\/categories?post=132615"},{"taxonomy":"post_tag","embeddable":true,"href":"https:\/\/digital58.com.ve\/site\/wp-json\/wp\/v2\/tags?post=132615"}],"curies":[{"name":"wp","href":"https:\/\/api.w.org\/{rel}","templated":true}]}}