{"id":132749,"date":"2020-11-12T17:52:42","date_gmt":"2020-11-12T21:52:42","guid":{"rendered":"https:\/\/digital58.com.ve\/site\/?p=132749"},"modified":"2021-03-06T08:05:19","modified_gmt":"2021-03-06T12:05:19","slug":"la-feria-de-la-chinita-2020-ya-tiene-sus-reinas-infantiles","status":"publish","type":"post","link":"https:\/\/digital58.com.ve\/site\/2020\/11\/12\/la-feria-de-la-chinita-2020-ya-tiene-sus-reinas-infantiles\/","title":{"rendered":"La Feria de La Chinita 2020 ya tiene sus Reinas Infantiles"},"content":{"rendered":"<p><a href=\"https:\/\/digital58.com.ve\/site\/wp-content\/uploads\/2020\/11\/reinitas-feria-5.jpg\"><img loading=\"lazy\" decoding=\"async\" class=\"aligncenter size-full wp-image-132751\" src=\"https:\/\/digital58.com.ve\/site\/wp-content\/uploads\/2020\/11\/reinitas-feria-5.jpg\" alt=\"\" width=\"900\" height=\"600\" srcset=\"https:\/\/digital58.com.ve\/site\/wp-content\/uploads\/2020\/11\/reinitas-feria-5.jpg 800w, https:\/\/digital58.com.ve\/site\/wp-content\/uploads\/2020\/11\/reinitas-feria-5-300x200.jpg 300w, https:\/\/digital58.com.ve\/site\/wp-content\/uploads\/2020\/11\/reinitas-feria-5-768x512.jpg 768w, https:\/\/digital58.com.ve\/site\/wp-content\/uploads\/2020\/11\/reinitas-feria-5-720x480.jpg 720w, https:\/\/digital58.com.ve\/site\/wp-content\/uploads\/2020\/11\/reinitas-feria-5-480x320.jpg 480w\" sizes=\"auto, (max-width: 900px) 100vw, 900px\" \/><\/a><\/p>\n<p>Las reinas infantiles electas en este certamen, acompa\u00f1ar\u00e1n con su inocencia y belleza el encendido de la Navidad 2020 de la Alcald\u00eda en las diferentes plazas y parques de Maracaibo.<\/p>\n<p><strong>Maracaibo, Zulia, Venezuela, 12 de noviembre de 2020 (ND58).-<\/strong> Con una gala virtual que llen\u00f3 de brillo y color el teatro Baralt, las ni\u00f1as Andrea Barrios y Fernanda Hern\u00e1ndez, fueron coronadas como las nuevas Reinas Infantil y Juvenil de la quincuag\u00e9sima cuarta Feria Internacional de La Chinita 2020, cumpliendo con todos los protocolos de bioseguridad y con una transmisi\u00f3n en vivo disfrutada por los maracaiberos a trav\u00e9s de las redes sociales.<\/p>\n<p><a href=\"https:\/\/digital58.com.ve\/site\/wp-content\/uploads\/2020\/11\/reinitas-feria-1.jpg\"><img loading=\"lazy\" decoding=\"async\" class=\"aligncenter size-full wp-image-132755\" src=\"https:\/\/digital58.com.ve\/site\/wp-content\/uploads\/2020\/11\/reinitas-feria-1.jpg\" alt=\"\" width=\"900\" height=\"600\" srcset=\"https:\/\/digital58.com.ve\/site\/wp-content\/uploads\/2020\/11\/reinitas-feria-1.jpg 800w, https:\/\/digital58.com.ve\/site\/wp-content\/uploads\/2020\/11\/reinitas-feria-1-300x200.jpg 300w, https:\/\/digital58.com.ve\/site\/wp-content\/uploads\/2020\/11\/reinitas-feria-1-768x512.jpg 768w, https:\/\/digital58.com.ve\/site\/wp-content\/uploads\/2020\/11\/reinitas-feria-1-720x480.jpg 720w, https:\/\/digital58.com.ve\/site\/wp-content\/uploads\/2020\/11\/reinitas-feria-1-480x320.jpg 480w\" sizes=\"auto, (max-width: 900px) 100vw, 900px\" \/><\/a><\/p>\n<p>El evento realizado la noche del 11 de noviembre para celebrar la vida, la belleza y candidez de las ni\u00f1as maracaiberas, fue presidido por el alcalde bolivariano, Willy Casanova; las primeras combatientes de Maracaibo y del estado Zulia, Selene Estrach y Jessica Lucena, respectivamente; la presidenta del Concejo Municipal, Jessy Gascon y la presidenta del Reinado de la Feria de La Chinita, Roberta Di Blasio.<\/p>\n<p>En la categor\u00eda Baby fue coronada la ni\u00f1a Camila Nava, mientras que en la categor\u00eda Carnaval correspondi\u00f3 a Edilu Acosta el reinado Baby, a Nairelis G\u00f3mez el Infantil y a Daymelis Rond\u00f3n el Juvenil.<\/p>\n<p><a href=\"https:\/\/digital58.com.ve\/site\/wp-content\/uploads\/2020\/11\/reinitas-feria-2.jpg\"><img loading=\"lazy\" decoding=\"async\" class=\"aligncenter size-full wp-image-132754\" src=\"https:\/\/digital58.com.ve\/site\/wp-content\/uploads\/2020\/11\/reinitas-feria-2.jpg\" alt=\"\" width=\"900\" height=\"600\" srcset=\"https:\/\/digital58.com.ve\/site\/wp-content\/uploads\/2020\/11\/reinitas-feria-2.jpg 800w, https:\/\/digital58.com.ve\/site\/wp-content\/uploads\/2020\/11\/reinitas-feria-2-300x200.jpg 300w, https:\/\/digital58.com.ve\/site\/wp-content\/uploads\/2020\/11\/reinitas-feria-2-768x512.jpg 768w, https:\/\/digital58.com.ve\/site\/wp-content\/uploads\/2020\/11\/reinitas-feria-2-720x480.jpg 720w, https:\/\/digital58.com.ve\/site\/wp-content\/uploads\/2020\/11\/reinitas-feria-2-480x320.jpg 480w\" sizes=\"auto, (max-width: 900px) 100vw, 900px\" \/><\/a><\/p>\n<p>Las 20 candidatas ofrecieron un <em>opening<\/em> que rindi\u00f3 un homenaje p\u00f3stumo a Daniel Alvarado y su tema \u00abEl Negrito Fullero\u00bb, con una hermosa coreograf\u00eda llena de alegr\u00eda navide\u00f1a.<\/p>\n<p>La directora de Turismo de la Alcald\u00eda de Maracaibo, Michelle Mendoza, destac\u00f3 el esfuerzo que hizo posible el evento y felicit\u00f3 a todas las ni\u00f1as participantes por demostrar su talento a todo el pueblo maracaibero.<\/p>\n<p><a href=\"https:\/\/digital58.com.ve\/site\/wp-content\/uploads\/2020\/11\/reinitas-feria-3.jpg\"><img loading=\"lazy\" decoding=\"async\" class=\"aligncenter size-full wp-image-132753\" src=\"https:\/\/digital58.com.ve\/site\/wp-content\/uploads\/2020\/11\/reinitas-feria-3.jpg\" alt=\"\" width=\"900\" height=\"600\" srcset=\"https:\/\/digital58.com.ve\/site\/wp-content\/uploads\/2020\/11\/reinitas-feria-3.jpg 800w, https:\/\/digital58.com.ve\/site\/wp-content\/uploads\/2020\/11\/reinitas-feria-3-300x200.jpg 300w, https:\/\/digital58.com.ve\/site\/wp-content\/uploads\/2020\/11\/reinitas-feria-3-768x512.jpg 768w, https:\/\/digital58.com.ve\/site\/wp-content\/uploads\/2020\/11\/reinitas-feria-3-720x480.jpg 720w, https:\/\/digital58.com.ve\/site\/wp-content\/uploads\/2020\/11\/reinitas-feria-3-480x320.jpg 480w\" sizes=\"auto, (max-width: 900px) 100vw, 900px\" \/><\/a><\/p>\n<p>Asimismo, Mendoza invit\u00f3 a la poblaci\u00f3n a seguir este s\u00e1bado 14 de noviembre, desde sus hogares, la elecci\u00f3n de la Reina Internacional de la Feria de La Chinita, certamen que tambi\u00e9n ser\u00e1 transmitido por las redes sociales de la Alcald\u00eda de Maracaibo.<\/p>\n<p><a href=\"https:\/\/digital58.com.ve\/site\/wp-content\/uploads\/2020\/11\/reinitas-feria-4.jpg\"><img loading=\"lazy\" decoding=\"async\" class=\"aligncenter size-full wp-image-132752\" src=\"https:\/\/digital58.com.ve\/site\/wp-content\/uploads\/2020\/11\/reinitas-feria-4.jpg\" alt=\"\" width=\"900\" height=\"600\" srcset=\"https:\/\/digital58.com.ve\/site\/wp-content\/uploads\/2020\/11\/reinitas-feria-4.jpg 800w, https:\/\/digital58.com.ve\/site\/wp-content\/uploads\/2020\/11\/reinitas-feria-4-300x200.jpg 300w, https:\/\/digital58.com.ve\/site\/wp-content\/uploads\/2020\/11\/reinitas-feria-4-768x512.jpg 768w, https:\/\/digital58.com.ve\/site\/wp-content\/uploads\/2020\/11\/reinitas-feria-4-720x480.jpg 720w, https:\/\/digital58.com.ve\/site\/wp-content\/uploads\/2020\/11\/reinitas-feria-4-480x320.jpg 480w\" sizes=\"auto, (max-width: 900px) 100vw, 900px\" \/><\/a><\/p>\n<p>Al recibir un reconocimiento de los representantes de las concursantes, Roberta Di Blasio expres\u00f3 sentirse orgullosa de las ni\u00f1as que participaron en el reinado por su disciplina y dedicaci\u00f3n.<\/p><div class=\"licwf69f49d652a2ef\" ><p style=\"text-align: center;\"><a href=\"https:\/\/t.me\/noticiasdigital58\" target=\"_blank\" rel=\"noopener\"><img class=\"aligncenter size-full wp-image-125363\" src=\"https:\/\/digital58.com.ve\/site\/wp-content\/uploads\/2021\/04\/banner-telegram-web-2021.png\" alt=\"\" width=\"600\" height=\"90\" \/><\/a><\/p><\/div><style type=\"text\/css\">\r\n@media screen and (min-width: 1201px) {\r\n.licwf69f49d652a2ef {\r\ndisplay: block;\r\n}\r\n}\r\n@media screen and (min-width: 993px) and (max-width: 1200px) {\r\n.licwf69f49d652a2ef {\r\ndisplay: block;\r\n}\r\n}\r\n@media screen and (min-width: 769px) and (max-width: 992px) {\r\n.licwf69f49d652a2ef {\r\ndisplay: block;\r\n}\r\n}\r\n@media screen and (min-width: 768px) and (max-width: 768px) {\r\n.licwf69f49d652a2ef {\r\ndisplay: block;\r\n}\r\n}\r\n@media screen and (max-width: 767px) {\r\n.licwf69f49d652a2ef {\r\ndisplay: block;\r\n}\r\n}\r\n<\/style>\r\n\n<p><strong>Redacci\u00f3n ND58 | Fuente: OCI\/Ram\u00f3n Campos.<\/strong><br \/>\n<strong>Edici\u00f3n: Villasmil, Henry<\/strong><br \/>\n<strong>Gr\u00e1ficas cortes\u00eda OCI<\/strong><\/p>\n<div style=\"margin-top: 0px; margin-bottom: 0px;\" class=\"sharethis-inline-share-buttons\" ><\/div>","protected":false},"excerpt":{"rendered":"<p>Las reinas infantiles electas en este certamen, acompa\u00f1ar\u00e1n con su inocencia y belleza el encendido de la Navidad 2020 de<\/p>\n","protected":false},"author":1,"featured_media":132752,"comment_status":"open","ping_status":"closed","sticky":false,"template":"","format":"standard","meta":{"colormag_page_container_layout":"default_layout","colormag_page_sidebar_layout":"default_layout","_uag_custom_page_level_css":"","footnotes":""},"categories":[14504],"tags":[22535,5749,73,233,2354,3217,32,761],"class_list":["post-132749","post","type-post","status-publish","format-standard","has-post-thumbnail","hentry","category-zulia","tag-feria-de-la-chinita-2020","tag-fiestas-patronales-de-nuestra-senora-del-chiquinquira","tag-maracaibo","tag-nacionales","tag-regionales","tag-reinado-infantil-de-la-feria-de-la-chiquinquira","tag-venezuela","tag-zulia"],"yoast_head":"<!-- This site is optimized with the Yoast SEO plugin v27.5 - https:\/\/yoast.com\/product\/yoast-seo-wordpress\/ -->\n<title>La Feria de La Chinita 2020 ya tiene sus Reinas Infantiles<\/title>\n<meta name=\"description\" content=\"Zulia\" \/>\n<meta name=\"robots\" content=\"index, follow, max-snippet:-1, max-image-preview:large, max-video-preview:-1\" \/>\n<link rel=\"canonical\" href=\"https:\/\/digital58.com.ve\/site\/2020\/11\/12\/la-feria-de-la-chinita-2020-ya-tiene-sus-reinas-infantiles\/\" \/>\n<meta property=\"og:locale\" content=\"es_ES\" \/>\n<meta property=\"og:type\" content=\"article\" \/>\n<meta property=\"og:title\" content=\"La Feria de La Chinita 2020 ya tiene sus Reinas Infantiles\" \/>\n<meta property=\"og:description\" content=\"Zulia\" \/>\n<meta property=\"og:url\" content=\"https:\/\/digital58.com.ve\/site\/2020\/11\/12\/la-feria-de-la-chinita-2020-ya-tiene-sus-reinas-infantiles\/\" \/>\n<meta property=\"og:site_name\" content=\"Noticias Digital58\" \/>\n<meta property=\"article:published_time\" content=\"2020-11-12T21:52:42+00:00\" \/>\n<meta property=\"article:modified_time\" content=\"2021-03-06T12:05:19+00:00\" \/>\n<meta property=\"og:image\" content=\"https:\/\/digital58.com.ve\/site\/wp-content\/uploads\/2020\/11\/reinitas-feria-4.jpg\" \/>\n\t<meta property=\"og:image:width\" content=\"900\" \/>\n\t<meta property=\"og:image:height\" content=\"600\" \/>\n\t<meta property=\"og:image:type\" content=\"image\/jpeg\" \/>\n<meta name=\"author\" content=\"Villasmil Henry\" \/>\n<meta name=\"twitter:card\" content=\"summary_large_image\" \/>\n<meta name=\"twitter:creator\" content=\"@https:\/\/twitter.com\/villasmilhfoto\" \/>\n<meta name=\"twitter:site\" content=\"@villasmilhfoto\" \/>\n<meta name=\"twitter:label1\" content=\"Escrito por\" \/>\n\t<meta name=\"twitter:data1\" content=\"Villasmil Henry\" \/>\n\t<meta name=\"twitter:label2\" content=\"Tiempo estimado de lectura\" \/>\n\t<meta name=\"twitter:data2\" content=\"3 minutos\" \/>\n<script type=\"application\/ld+json\" class=\"yoast-schema-graph\">{\"@context\":\"https:\\\/\\\/schema.org\",\"@graph\":[{\"@type\":\"Article\",\"@id\":\"https:\\\/\\\/digital58.com.ve\\\/site\\\/2020\\\/11\\\/12\\\/la-feria-de-la-chinita-2020-ya-tiene-sus-reinas-infantiles\\\/#article\",\"isPartOf\":{\"@id\":\"https:\\\/\\\/digital58.com.ve\\\/site\\\/2020\\\/11\\\/12\\\/la-feria-de-la-chinita-2020-ya-tiene-sus-reinas-infantiles\\\/\"},\"author\":{\"name\":\"Villasmil Henry\",\"@id\":\"https:\\\/\\\/digital58.com.ve\\\/site\\\/#\\\/schema\\\/person\\\/64d1c2e4d0d4fd1b849980c4331c2951\"},\"headline\":\"La Feria de La Chinita 2020 ya tiene sus Reinas Infantiles\",\"datePublished\":\"2020-11-12T21:52:42+00:00\",\"dateModified\":\"2021-03-06T12:05:19+00:00\",\"mainEntityOfPage\":{\"@id\":\"https:\\\/\\\/digital58.com.ve\\\/site\\\/2020\\\/11\\\/12\\\/la-feria-de-la-chinita-2020-ya-tiene-sus-reinas-infantiles\\\/\"},\"wordCount\":382,\"commentCount\":1,\"publisher\":{\"@id\":\"https:\\\/\\\/digital58.com.ve\\\/site\\\/#\\\/schema\\\/person\\\/64d1c2e4d0d4fd1b849980c4331c2951\"},\"image\":{\"@id\":\"https:\\\/\\\/digital58.com.ve\\\/site\\\/2020\\\/11\\\/12\\\/la-feria-de-la-chinita-2020-ya-tiene-sus-reinas-infantiles\\\/#primaryimage\"},\"thumbnailUrl\":\"https:\\\/\\\/digital58.com.ve\\\/site\\\/wp-content\\\/uploads\\\/2020\\\/11\\\/reinitas-feria-4.jpg\",\"keywords\":[\"Feria de la Chinita 2020\",\"Fiestas Patronales de Nuestra Se\u00f1ora del Chiquinquir\u00e1\",\"Maracaibo\",\"Nacionales\",\"Regionales\",\"Reinado Infantil de la Feria de la Chiquinquir\u00e1\",\"Venezuela\",\"Zulia\"],\"articleSection\":[\"Zulia\"],\"inLanguage\":\"es\",\"potentialAction\":[{\"@type\":\"CommentAction\",\"name\":\"Comment\",\"target\":[\"https:\\\/\\\/digital58.com.ve\\\/site\\\/2020\\\/11\\\/12\\\/la-feria-de-la-chinita-2020-ya-tiene-sus-reinas-infantiles\\\/#respond\"]}]},{\"@type\":\"WebPage\",\"@id\":\"https:\\\/\\\/digital58.com.ve\\\/site\\\/2020\\\/11\\\/12\\\/la-feria-de-la-chinita-2020-ya-tiene-sus-reinas-infantiles\\\/\",\"url\":\"https:\\\/\\\/digital58.com.ve\\\/site\\\/2020\\\/11\\\/12\\\/la-feria-de-la-chinita-2020-ya-tiene-sus-reinas-infantiles\\\/\",\"name\":\"La Feria de La Chinita 2020 ya tiene sus Reinas Infantiles\",\"isPartOf\":{\"@id\":\"https:\\\/\\\/digital58.com.ve\\\/site\\\/#website\"},\"primaryImageOfPage\":{\"@id\":\"https:\\\/\\\/digital58.com.ve\\\/site\\\/2020\\\/11\\\/12\\\/la-feria-de-la-chinita-2020-ya-tiene-sus-reinas-infantiles\\\/#primaryimage\"},\"image\":{\"@id\":\"https:\\\/\\\/digital58.com.ve\\\/site\\\/2020\\\/11\\\/12\\\/la-feria-de-la-chinita-2020-ya-tiene-sus-reinas-infantiles\\\/#primaryimage\"},\"thumbnailUrl\":\"https:\\\/\\\/digital58.com.ve\\\/site\\\/wp-content\\\/uploads\\\/2020\\\/11\\\/reinitas-feria-4.jpg\",\"datePublished\":\"2020-11-12T21:52:42+00:00\",\"dateModified\":\"2021-03-06T12:05:19+00:00\",\"description\":\"Zulia\",\"breadcrumb\":{\"@id\":\"https:\\\/\\\/digital58.com.ve\\\/site\\\/2020\\\/11\\\/12\\\/la-feria-de-la-chinita-2020-ya-tiene-sus-reinas-infantiles\\\/#breadcrumb\"},\"inLanguage\":\"es\",\"potentialAction\":[{\"@type\":\"ReadAction\",\"target\":[\"https:\\\/\\\/digital58.com.ve\\\/site\\\/2020\\\/11\\\/12\\\/la-feria-de-la-chinita-2020-ya-tiene-sus-reinas-infantiles\\\/\"]}]},{\"@type\":\"ImageObject\",\"inLanguage\":\"es\",\"@id\":\"https:\\\/\\\/digital58.com.ve\\\/site\\\/2020\\\/11\\\/12\\\/la-feria-de-la-chinita-2020-ya-tiene-sus-reinas-infantiles\\\/#primaryimage\",\"url\":\"https:\\\/\\\/digital58.com.ve\\\/site\\\/wp-content\\\/uploads\\\/2020\\\/11\\\/reinitas-feria-4.jpg\",\"contentUrl\":\"https:\\\/\\\/digital58.com.ve\\\/site\\\/wp-content\\\/uploads\\\/2020\\\/11\\\/reinitas-feria-4.jpg\",\"width\":800,\"height\":533},{\"@type\":\"BreadcrumbList\",\"@id\":\"https:\\\/\\\/digital58.com.ve\\\/site\\\/2020\\\/11\\\/12\\\/la-feria-de-la-chinita-2020-ya-tiene-sus-reinas-infantiles\\\/#breadcrumb\",\"itemListElement\":[{\"@type\":\"ListItem\",\"position\":1,\"name\":\"Home\",\"item\":\"https:\\\/\\\/digital58.com.ve\\\/site\\\/\"},{\"@type\":\"ListItem\",\"position\":2,\"name\":\"La Feria de La Chinita 2020 ya tiene sus Reinas Infantiles\"}]},{\"@type\":\"WebSite\",\"@id\":\"https:\\\/\\\/digital58.com.ve\\\/site\\\/#website\",\"url\":\"https:\\\/\\\/digital58.com.ve\\\/site\\\/\",\"name\":\"Noticias Digital58\",\"description\":\"Portal de Noticias \u00a1Periodismo web de verdad! Lanzamiento web 22.11.2005 \\\/ Maracaibo, Venezuela\",\"publisher\":{\"@id\":\"https:\\\/\\\/digital58.com.ve\\\/site\\\/#\\\/schema\\\/person\\\/64d1c2e4d0d4fd1b849980c4331c2951\"},\"alternateName\":\"ND58\",\"potentialAction\":[{\"@type\":\"SearchAction\",\"target\":{\"@type\":\"EntryPoint\",\"urlTemplate\":\"https:\\\/\\\/digital58.com.ve\\\/site\\\/?s={search_term_string}\"},\"query-input\":{\"@type\":\"PropertyValueSpecification\",\"valueRequired\":true,\"valueName\":\"search_term_string\"}}],\"inLanguage\":\"es\"},{\"@type\":[\"Person\",\"Organization\"],\"@id\":\"https:\\\/\\\/digital58.com.ve\\\/site\\\/#\\\/schema\\\/person\\\/64d1c2e4d0d4fd1b849980c4331c2951\",\"name\":\"Villasmil Henry\",\"image\":{\"@type\":\"ImageObject\",\"inLanguage\":\"es\",\"@id\":\"https:\\\/\\\/secure.gravatar.com\\\/avatar\\\/bb0c4a2fcb7970138239f7e404ea75757b1b507b28b5ce4c53fbd62d797c5a7c?s=96&d=mm&r=g\",\"url\":\"https:\\\/\\\/secure.gravatar.com\\\/avatar\\\/bb0c4a2fcb7970138239f7e404ea75757b1b507b28b5ce4c53fbd62d797c5a7c?s=96&d=mm&r=g\",\"contentUrl\":\"https:\\\/\\\/secure.gravatar.com\\\/avatar\\\/bb0c4a2fcb7970138239f7e404ea75757b1b507b28b5ce4c53fbd62d797c5a7c?s=96&d=mm&r=g\",\"caption\":\"Villasmil Henry\"},\"logo\":{\"@id\":\"https:\\\/\\\/secure.gravatar.com\\\/avatar\\\/bb0c4a2fcb7970138239f7e404ea75757b1b507b28b5ce4c53fbd62d797c5a7c?s=96&d=mm&r=g\"},\"sameAs\":[\"http:\\\/\\\/www.henryvillasmil.com.ve\",\"https:\\\/\\\/www.instagram.com\\\/villasmilhfoto\\\/\",\"https:\\\/\\\/x.com\\\/https:\\\/\\\/twitter.com\\\/villasmilhfoto\"],\"url\":\"https:\\\/\\\/digital58.com.ve\\\/site\\\/author\\\/droopy_68\\\/\"}]}<\/script>\n<!-- \/ Yoast SEO plugin. -->","yoast_head_json":{"title":"La Feria de La Chinita 2020 ya tiene sus Reinas Infantiles","description":"Zulia","robots":{"index":"index","follow":"follow","max-snippet":"max-snippet:-1","max-image-preview":"max-image-preview:large","max-video-preview":"max-video-preview:-1"},"canonical":"https:\/\/digital58.com.ve\/site\/2020\/11\/12\/la-feria-de-la-chinita-2020-ya-tiene-sus-reinas-infantiles\/","og_locale":"es_ES","og_type":"article","og_title":"La Feria de La Chinita 2020 ya tiene sus Reinas Infantiles","og_description":"Zulia","og_url":"https:\/\/digital58.com.ve\/site\/2020\/11\/12\/la-feria-de-la-chinita-2020-ya-tiene-sus-reinas-infantiles\/","og_site_name":"Noticias Digital58","article_published_time":"2020-11-12T21:52:42+00:00","article_modified_time":"2021-03-06T12:05:19+00:00","og_image":[{"width":900,"height":600,"url":"https:\/\/digital58.com.ve\/site\/wp-content\/uploads\/2020\/11\/reinitas-feria-4.jpg","type":"image\/jpeg"}],"author":"Villasmil Henry","twitter_card":"summary_large_image","twitter_creator":"@https:\/\/twitter.com\/villasmilhfoto","twitter_site":"@villasmilhfoto","twitter_misc":{"Escrito por":"Villasmil Henry","Tiempo estimado de lectura":"3 minutos"},"schema":{"@context":"https:\/\/schema.org","@graph":[{"@type":"Article","@id":"https:\/\/digital58.com.ve\/site\/2020\/11\/12\/la-feria-de-la-chinita-2020-ya-tiene-sus-reinas-infantiles\/#article","isPartOf":{"@id":"https:\/\/digital58.com.ve\/site\/2020\/11\/12\/la-feria-de-la-chinita-2020-ya-tiene-sus-reinas-infantiles\/"},"author":{"name":"Villasmil Henry","@id":"https:\/\/digital58.com.ve\/site\/#\/schema\/person\/64d1c2e4d0d4fd1b849980c4331c2951"},"headline":"La Feria de La Chinita 2020 ya tiene sus Reinas Infantiles","datePublished":"2020-11-12T21:52:42+00:00","dateModified":"2021-03-06T12:05:19+00:00","mainEntityOfPage":{"@id":"https:\/\/digital58.com.ve\/site\/2020\/11\/12\/la-feria-de-la-chinita-2020-ya-tiene-sus-reinas-infantiles\/"},"wordCount":382,"commentCount":1,"publisher":{"@id":"https:\/\/digital58.com.ve\/site\/#\/schema\/person\/64d1c2e4d0d4fd1b849980c4331c2951"},"image":{"@id":"https:\/\/digital58.com.ve\/site\/2020\/11\/12\/la-feria-de-la-chinita-2020-ya-tiene-sus-reinas-infantiles\/#primaryimage"},"thumbnailUrl":"https:\/\/digital58.com.ve\/site\/wp-content\/uploads\/2020\/11\/reinitas-feria-4.jpg","keywords":["Feria de la Chinita 2020","Fiestas Patronales de Nuestra Se\u00f1ora del Chiquinquir\u00e1","Maracaibo","Nacionales","Regionales","Reinado Infantil de la Feria de la Chiquinquir\u00e1","Venezuela","Zulia"],"articleSection":["Zulia"],"inLanguage":"es","potentialAction":[{"@type":"CommentAction","name":"Comment","target":["https:\/\/digital58.com.ve\/site\/2020\/11\/12\/la-feria-de-la-chinita-2020-ya-tiene-sus-reinas-infantiles\/#respond"]}]},{"@type":"WebPage","@id":"https:\/\/digital58.com.ve\/site\/2020\/11\/12\/la-feria-de-la-chinita-2020-ya-tiene-sus-reinas-infantiles\/","url":"https:\/\/digital58.com.ve\/site\/2020\/11\/12\/la-feria-de-la-chinita-2020-ya-tiene-sus-reinas-infantiles\/","name":"La Feria de La Chinita 2020 ya tiene sus Reinas Infantiles","isPartOf":{"@id":"https:\/\/digital58.com.ve\/site\/#website"},"primaryImageOfPage":{"@id":"https:\/\/digital58.com.ve\/site\/2020\/11\/12\/la-feria-de-la-chinita-2020-ya-tiene-sus-reinas-infantiles\/#primaryimage"},"image":{"@id":"https:\/\/digital58.com.ve\/site\/2020\/11\/12\/la-feria-de-la-chinita-2020-ya-tiene-sus-reinas-infantiles\/#primaryimage"},"thumbnailUrl":"https:\/\/digital58.com.ve\/site\/wp-content\/uploads\/2020\/11\/reinitas-feria-4.jpg","datePublished":"2020-11-12T21:52:42+00:00","dateModified":"2021-03-06T12:05:19+00:00","description":"Zulia","breadcrumb":{"@id":"https:\/\/digital58.com.ve\/site\/2020\/11\/12\/la-feria-de-la-chinita-2020-ya-tiene-sus-reinas-infantiles\/#breadcrumb"},"inLanguage":"es","potentialAction":[{"@type":"ReadAction","target":["https:\/\/digital58.com.ve\/site\/2020\/11\/12\/la-feria-de-la-chinita-2020-ya-tiene-sus-reinas-infantiles\/"]}]},{"@type":"ImageObject","inLanguage":"es","@id":"https:\/\/digital58.com.ve\/site\/2020\/11\/12\/la-feria-de-la-chinita-2020-ya-tiene-sus-reinas-infantiles\/#primaryimage","url":"https:\/\/digital58.com.ve\/site\/wp-content\/uploads\/2020\/11\/reinitas-feria-4.jpg","contentUrl":"https:\/\/digital58.com.ve\/site\/wp-content\/uploads\/2020\/11\/reinitas-feria-4.jpg","width":800,"height":533},{"@type":"BreadcrumbList","@id":"https:\/\/digital58.com.ve\/site\/2020\/11\/12\/la-feria-de-la-chinita-2020-ya-tiene-sus-reinas-infantiles\/#breadcrumb","itemListElement":[{"@type":"ListItem","position":1,"name":"Home","item":"https:\/\/digital58.com.ve\/site\/"},{"@type":"ListItem","position":2,"name":"La Feria de La Chinita 2020 ya tiene sus Reinas Infantiles"}]},{"@type":"WebSite","@id":"https:\/\/digital58.com.ve\/site\/#website","url":"https:\/\/digital58.com.ve\/site\/","name":"Noticias Digital58","description":"Portal de Noticias \u00a1Periodismo web de verdad! Lanzamiento web 22.11.2005 \/ Maracaibo, Venezuela","publisher":{"@id":"https:\/\/digital58.com.ve\/site\/#\/schema\/person\/64d1c2e4d0d4fd1b849980c4331c2951"},"alternateName":"ND58","potentialAction":[{"@type":"SearchAction","target":{"@type":"EntryPoint","urlTemplate":"https:\/\/digital58.com.ve\/site\/?s={search_term_string}"},"query-input":{"@type":"PropertyValueSpecification","valueRequired":true,"valueName":"search_term_string"}}],"inLanguage":"es"},{"@type":["Person","Organization"],"@id":"https:\/\/digital58.com.ve\/site\/#\/schema\/person\/64d1c2e4d0d4fd1b849980c4331c2951","name":"Villasmil Henry","image":{"@type":"ImageObject","inLanguage":"es","@id":"https:\/\/secure.gravatar.com\/avatar\/bb0c4a2fcb7970138239f7e404ea75757b1b507b28b5ce4c53fbd62d797c5a7c?s=96&d=mm&r=g","url":"https:\/\/secure.gravatar.com\/avatar\/bb0c4a2fcb7970138239f7e404ea75757b1b507b28b5ce4c53fbd62d797c5a7c?s=96&d=mm&r=g","contentUrl":"https:\/\/secure.gravatar.com\/avatar\/bb0c4a2fcb7970138239f7e404ea75757b1b507b28b5ce4c53fbd62d797c5a7c?s=96&d=mm&r=g","caption":"Villasmil Henry"},"logo":{"@id":"https:\/\/secure.gravatar.com\/avatar\/bb0c4a2fcb7970138239f7e404ea75757b1b507b28b5ce4c53fbd62d797c5a7c?s=96&d=mm&r=g"},"sameAs":["http:\/\/www.henryvillasmil.com.ve","https:\/\/www.instagram.com\/villasmilhfoto\/","https:\/\/x.com\/https:\/\/twitter.com\/villasmilhfoto"],"url":"https:\/\/digital58.com.ve\/site\/author\/droopy_68\/"}]}},"uagb_featured_image_src":{"full":["https:\/\/digital58.com.ve\/site\/wp-content\/uploads\/2020\/11\/reinitas-feria-4.jpg",800,533,false],"thumbnail":["https:\/\/digital58.com.ve\/site\/wp-content\/uploads\/2020\/11\/reinitas-feria-4-150x150.jpg",150,150,true],"medium":["https:\/\/digital58.com.ve\/site\/wp-content\/uploads\/2020\/11\/reinitas-feria-4-300x200.jpg",300,200,true],"medium_large":["https:\/\/digital58.com.ve\/site\/wp-content\/uploads\/2020\/11\/reinitas-feria-4-768x512.jpg",768,512,true],"large":["https:\/\/digital58.com.ve\/site\/wp-content\/uploads\/2020\/11\/reinitas-feria-4.jpg",800,533,false],"1536x1536":["https:\/\/digital58.com.ve\/site\/wp-content\/uploads\/2020\/11\/reinitas-feria-4.jpg",800,533,false],"2048x2048":["https:\/\/digital58.com.ve\/site\/wp-content\/uploads\/2020\/11\/reinitas-feria-4.jpg",800,533,false],"colormag-highlighted-post":["https:\/\/digital58.com.ve\/site\/wp-content\/uploads\/2020\/11\/reinitas-feria-4.jpg",392,261,false],"colormag-featured-post-medium":["https:\/\/digital58.com.ve\/site\/wp-content\/uploads\/2020\/11\/reinitas-feria-4.jpg",308,205,false],"colormag-featured-post-small":["https:\/\/digital58.com.ve\/site\/wp-content\/uploads\/2020\/11\/reinitas-feria-4.jpg",130,87,false],"colormag-featured-image":["https:\/\/digital58.com.ve\/site\/wp-content\/uploads\/2020\/11\/reinitas-feria-4.jpg",668,445,false],"colormag-default-news":["https:\/\/digital58.com.ve\/site\/wp-content\/uploads\/2020\/11\/reinitas-feria-4.jpg",150,100,false],"colormag-featured-image-large":["https:\/\/digital58.com.ve\/site\/wp-content\/uploads\/2020\/11\/reinitas-feria-4.jpg",800,533,false]},"uagb_author_info":{"display_name":"Villasmil Henry","author_link":"https:\/\/digital58.com.ve\/site\/author\/droopy_68\/"},"uagb_comment_info":1,"uagb_excerpt":"Las reinas infantiles electas en este certamen, acompa\u00f1ar\u00e1n con su inocencia y belleza el encendido de la Navidad 2020 de","_links":{"self":[{"href":"https:\/\/digital58.com.ve\/site\/wp-json\/wp\/v2\/posts\/132749","targetHints":{"allow":["GET"]}}],"collection":[{"href":"https:\/\/digital58.com.ve\/site\/wp-json\/wp\/v2\/posts"}],"about":[{"href":"https:\/\/digital58.com.ve\/site\/wp-json\/wp\/v2\/types\/post"}],"author":[{"embeddable":true,"href":"https:\/\/digital58.com.ve\/site\/wp-json\/wp\/v2\/users\/1"}],"replies":[{"embeddable":true,"href":"https:\/\/digital58.com.ve\/site\/wp-json\/wp\/v2\/comments?post=132749"}],"version-history":[{"count":0,"href":"https:\/\/digital58.com.ve\/site\/wp-json\/wp\/v2\/posts\/132749\/revisions"}],"wp:featuredmedia":[{"embeddable":true,"href":"https:\/\/digital58.com.ve\/site\/wp-json\/wp\/v2\/media\/132752"}],"wp:attachment":[{"href":"https:\/\/digital58.com.ve\/site\/wp-json\/wp\/v2\/media?parent=132749"}],"wp:term":[{"taxonomy":"category","embeddable":true,"href":"https:\/\/digital58.com.ve\/site\/wp-json\/wp\/v2\/categories?post=132749"},{"taxonomy":"post_tag","embeddable":true,"href":"https:\/\/digital58.com.ve\/site\/wp-json\/wp\/v2\/tags?post=132749"}],"curies":[{"name":"wp","href":"https:\/\/api.w.org\/{rel}","templated":true}]}}