{"id":132909,"date":"2020-11-16T14:23:58","date_gmt":"2020-11-16T18:23:58","guid":{"rendered":"https:\/\/digital58.com.ve\/site\/?p=132909"},"modified":"2020-11-16T14:23:58","modified_gmt":"2020-11-16T18:23:58","slug":"lvbp-cardenales-de-lara-confirma-su-cuerpo-tecnico-para-la-temporada-2020-2021","status":"publish","type":"post","link":"https:\/\/digital58.com.ve\/site\/2020\/11\/16\/lvbp-cardenales-de-lara-confirma-su-cuerpo-tecnico-para-la-temporada-2020-2021\/","title":{"rendered":"#LVBP Cardenales de Lara confirma su cuerpo t\u00e9cnico para la temporada 2020-2021"},"content":{"rendered":"<p><a href=\"https:\/\/digital58.com.ve\/site\/wp-content\/uploads\/2020\/11\/Jose-Moreno-manager-cardenales-de-lara.jpg\"><img loading=\"lazy\" decoding=\"async\" class=\"aligncenter size-full wp-image-132911\" src=\"https:\/\/digital58.com.ve\/site\/wp-content\/uploads\/2020\/11\/Jose-Moreno-manager-cardenales-de-lara.jpg\" alt=\"\" width=\"800\" height=\"537\" srcset=\"https:\/\/digital58.com.ve\/site\/wp-content\/uploads\/2020\/11\/Jose-Moreno-manager-cardenales-de-lara.jpg 800w, https:\/\/digital58.com.ve\/site\/wp-content\/uploads\/2020\/11\/Jose-Moreno-manager-cardenales-de-lara-300x201.jpg 300w, https:\/\/digital58.com.ve\/site\/wp-content\/uploads\/2020\/11\/Jose-Moreno-manager-cardenales-de-lara-768x516.jpg 768w\" sizes=\"auto, (max-width: 800px) 100vw, 800px\" \/><\/a><\/p>\n<p>Todo el equipo t\u00e9cnico de los crepusculares posee experiencia en el sistema de Ligas Menores<br \/>\n(MILB) y algunos est\u00e1n actualmente trabajando para organizaciones de la MLB.<\/p>\n<p><strong>Barquisimeto, Lara, Venezuela, 16 de noviembre de 2020 (ND58).-<\/strong> La organizaci\u00f3n Cardenales de Lara, confirm\u00f3\u00a0 su cuerpo t\u00e9cnico para la venidera campa\u00f1a 2020-2021 de la Liga Venezolana de B\u00e9isbol Profesional (LVBP).\u00a0 Jos\u00e9 Moreno ser\u00e1 el m\u00e1nager, Nelson Prada estar\u00e1 como <em>coach<\/em> de banca, C\u00e9sar Izturis va a ser <em>coach<\/em> de control de calidad.<\/p>\n<p>Mientras tanto, Selwyn Langaine repite como <em>coach <\/em>de bateo, Yonathan Sivira asistente de bateo, Oswald Peraza <em>coach<\/em> de lanzadores, Erick P\u00e9rez <em>coach<\/em> de <em>bullpen<\/em>, Diego torres <em>coach<\/em> de tercera y Luis Hern\u00e1ndez <em>coach<\/em> de primera base.<\/p>\n<p>\u00abEstoy bastante contento con el <em>staff<\/em>, un grupo con bastante experiencia en todos los aspectos de juego, ganador y probado en la Liga\u00bb, coment\u00f3 el piloto larense. \u00abNos da una profundidad y ventaja de tener credibilidad en el grupo de jugadores y as\u00ed puedan asesorarlos de la mejor manera\u00bb, afirm\u00f3 Jos\u00e9 Moreno.<\/p>\n<p>\u00abMuy satisfecho porque hemos tenido unos excelentes <em>coachs<\/em> trabajando con nosotros en los \u00faltimos a\u00f1os, eso nos permite tener la confianza de que se pueden aspirar grandes cosas\u00bb, asegur\u00f3 Jos\u00e9 Y\u00e9pez.<\/p>\n<p>\u00abTenemos un gran <em>staff<\/em> t\u00e9cnico liderados por Moreno, la aspiraci\u00f3n es el tricampeonato\u00bb, destac\u00f3 el gerente deportivo.<\/p>\n<p>De esta manera la novena larense contar\u00e1 con la mayor\u00eda de su cuerpo t\u00e9cnico para el inicio de la pretemporada la cual da inicio el d\u00eda de ma\u00f1ana lunes, solo faltar\u00e1 la incorporaci\u00f3n de Jos\u00e9 Moreno quien est\u00e1 en los Estados Unidos y tiene previsto integrarse al equipo en los pr\u00f3ximos d\u00edas.<\/p><div class=\"wbxuc69f0baf919c3e\" ><p style=\"text-align: center;\"><a href=\"https:\/\/t.me\/noticiasdigital58\" target=\"_blank\" rel=\"noopener\"><img class=\"aligncenter size-full wp-image-125363\" src=\"https:\/\/digital58.com.ve\/site\/wp-content\/uploads\/2021\/04\/banner-telegram-web-2021.png\" alt=\"\" width=\"600\" height=\"90\" \/><\/a><\/p><\/div><style type=\"text\/css\">\r\n@media screen and (min-width: 1201px) {\r\n.wbxuc69f0baf919c3e {\r\ndisplay: block;\r\n}\r\n}\r\n@media screen and (min-width: 993px) and (max-width: 1200px) {\r\n.wbxuc69f0baf919c3e {\r\ndisplay: block;\r\n}\r\n}\r\n@media screen and (min-width: 769px) and (max-width: 992px) {\r\n.wbxuc69f0baf919c3e {\r\ndisplay: block;\r\n}\r\n}\r\n@media screen and (min-width: 768px) and (max-width: 768px) {\r\n.wbxuc69f0baf919c3e {\r\ndisplay: block;\r\n}\r\n}\r\n@media screen and (max-width: 767px) {\r\n.wbxuc69f0baf919c3e {\r\ndisplay: block;\r\n}\r\n}\r\n<\/style>\r\n\n<p><strong>Redacci\u00f3n ND58 | Fuente: Prensa Cardenales de Lara\/Oscar Cumare S\u00e1nchez.<\/strong><br \/>\n<strong>Edici\u00f3n: Villasmil, Henry<\/strong><br \/>\n<strong>Gr\u00e1fica: cortes\u00eda Prensa Cardenales de Lara<\/strong><\/p>\n<div style=\"margin-top: 0px; margin-bottom: 0px;\" class=\"sharethis-inline-share-buttons\" ><\/div>","protected":false},"excerpt":{"rendered":"<p>Todo el equipo t\u00e9cnico de los crepusculares posee experiencia en el sistema de Ligas Menores (MILB) y algunos est\u00e1n actualmente<\/p>\n","protected":false},"author":1,"featured_media":132911,"comment_status":"open","ping_status":"closed","sticky":false,"template":"","format":"standard","meta":{"colormag_page_container_layout":"default_layout","colormag_page_sidebar_layout":"default_layout","_uag_custom_page_level_css":"","footnotes":""},"categories":[5402],"tags":[373,448,22171,2485,1365,450,14361,233,32],"class_list":["post-132909","post","type-post","status-publish","format-standard","has-post-thumbnail","hentry","category-deportes","tag-barquisimeto","tag-beisbol","tag-beisbol-nacional","tag-cardenales-de-lara","tag-lara","tag-lvbp","tag-lvbp-2020-2021","tag-nacionales","tag-venezuela"],"yoast_head":"<!-- This site is optimized with the Yoast SEO plugin v27.5 - https:\/\/yoast.com\/product\/yoast-seo-wordpress\/ -->\n<title>#LVBP Cardenales de Lara confirma su cuerpo t\u00e9cnico para la temporada 2020-2021<\/title>\n<meta name=\"description\" content=\"Deportes\" \/>\n<meta name=\"robots\" content=\"index, follow, max-snippet:-1, max-image-preview:large, max-video-preview:-1\" \/>\n<link rel=\"canonical\" href=\"https:\/\/digital58.com.ve\/site\/2020\/11\/16\/lvbp-cardenales-de-lara-confirma-su-cuerpo-tecnico-para-la-temporada-2020-2021\/\" \/>\n<meta property=\"og:locale\" content=\"es_ES\" \/>\n<meta property=\"og:type\" content=\"article\" \/>\n<meta property=\"og:title\" content=\"#LVBP Cardenales de Lara confirma su cuerpo t\u00e9cnico para la temporada 2020-2021\" \/>\n<meta property=\"og:description\" content=\"Deportes\" \/>\n<meta property=\"og:url\" content=\"https:\/\/digital58.com.ve\/site\/2020\/11\/16\/lvbp-cardenales-de-lara-confirma-su-cuerpo-tecnico-para-la-temporada-2020-2021\/\" \/>\n<meta property=\"og:site_name\" content=\"Noticias Digital58\" \/>\n<meta property=\"article:published_time\" content=\"2020-11-16T18:23:58+00:00\" \/>\n<meta property=\"og:image\" content=\"https:\/\/digital58.com.ve\/site\/wp-content\/uploads\/2020\/11\/Jose-Moreno-manager-cardenales-de-lara.jpg\" \/>\n\t<meta property=\"og:image:width\" content=\"800\" \/>\n\t<meta property=\"og:image:height\" content=\"537\" \/>\n\t<meta property=\"og:image:type\" content=\"image\/jpeg\" \/>\n<meta name=\"author\" content=\"Villasmil Henry\" \/>\n<meta name=\"twitter:card\" content=\"summary_large_image\" \/>\n<meta name=\"twitter:creator\" content=\"@https:\/\/twitter.com\/villasmilhfoto\" \/>\n<meta name=\"twitter:site\" content=\"@villasmilhfoto\" \/>\n<meta name=\"twitter:label1\" content=\"Escrito por\" \/>\n\t<meta name=\"twitter:data1\" content=\"Villasmil Henry\" \/>\n\t<meta name=\"twitter:label2\" content=\"Tiempo estimado de lectura\" \/>\n\t<meta name=\"twitter:data2\" content=\"2 minutos\" \/>\n<script type=\"application\/ld+json\" class=\"yoast-schema-graph\">{\"@context\":\"https:\\\/\\\/schema.org\",\"@graph\":[{\"@type\":\"Article\",\"@id\":\"https:\\\/\\\/digital58.com.ve\\\/site\\\/2020\\\/11\\\/16\\\/lvbp-cardenales-de-lara-confirma-su-cuerpo-tecnico-para-la-temporada-2020-2021\\\/#article\",\"isPartOf\":{\"@id\":\"https:\\\/\\\/digital58.com.ve\\\/site\\\/2020\\\/11\\\/16\\\/lvbp-cardenales-de-lara-confirma-su-cuerpo-tecnico-para-la-temporada-2020-2021\\\/\"},\"author\":{\"name\":\"Villasmil Henry\",\"@id\":\"https:\\\/\\\/digital58.com.ve\\\/site\\\/#\\\/schema\\\/person\\\/64d1c2e4d0d4fd1b849980c4331c2951\"},\"headline\":\"#LVBP Cardenales de Lara confirma su cuerpo t\u00e9cnico para la temporada 2020-2021\",\"datePublished\":\"2020-11-16T18:23:58+00:00\",\"mainEntityOfPage\":{\"@id\":\"https:\\\/\\\/digital58.com.ve\\\/site\\\/2020\\\/11\\\/16\\\/lvbp-cardenales-de-lara-confirma-su-cuerpo-tecnico-para-la-temporada-2020-2021\\\/\"},\"wordCount\":324,\"commentCount\":0,\"publisher\":{\"@id\":\"https:\\\/\\\/digital58.com.ve\\\/site\\\/#\\\/schema\\\/person\\\/64d1c2e4d0d4fd1b849980c4331c2951\"},\"image\":{\"@id\":\"https:\\\/\\\/digital58.com.ve\\\/site\\\/2020\\\/11\\\/16\\\/lvbp-cardenales-de-lara-confirma-su-cuerpo-tecnico-para-la-temporada-2020-2021\\\/#primaryimage\"},\"thumbnailUrl\":\"https:\\\/\\\/digital58.com.ve\\\/site\\\/wp-content\\\/uploads\\\/2020\\\/11\\\/Jose-Moreno-manager-cardenales-de-lara.jpg\",\"keywords\":[\"Barquisimeto\",\"B\u00e9isbol\",\"B\u00e9isbol nacional\",\"Cardenales de Lara\",\"Lara\",\"LVBP\",\"LVBP 2020-2021\",\"Nacionales\",\"Venezuela\"],\"articleSection\":[\"Deportes\"],\"inLanguage\":\"es\",\"potentialAction\":[{\"@type\":\"CommentAction\",\"name\":\"Comment\",\"target\":[\"https:\\\/\\\/digital58.com.ve\\\/site\\\/2020\\\/11\\\/16\\\/lvbp-cardenales-de-lara-confirma-su-cuerpo-tecnico-para-la-temporada-2020-2021\\\/#respond\"]}]},{\"@type\":\"WebPage\",\"@id\":\"https:\\\/\\\/digital58.com.ve\\\/site\\\/2020\\\/11\\\/16\\\/lvbp-cardenales-de-lara-confirma-su-cuerpo-tecnico-para-la-temporada-2020-2021\\\/\",\"url\":\"https:\\\/\\\/digital58.com.ve\\\/site\\\/2020\\\/11\\\/16\\\/lvbp-cardenales-de-lara-confirma-su-cuerpo-tecnico-para-la-temporada-2020-2021\\\/\",\"name\":\"#LVBP Cardenales de Lara confirma su cuerpo t\u00e9cnico para la temporada 2020-2021\",\"isPartOf\":{\"@id\":\"https:\\\/\\\/digital58.com.ve\\\/site\\\/#website\"},\"primaryImageOfPage\":{\"@id\":\"https:\\\/\\\/digital58.com.ve\\\/site\\\/2020\\\/11\\\/16\\\/lvbp-cardenales-de-lara-confirma-su-cuerpo-tecnico-para-la-temporada-2020-2021\\\/#primaryimage\"},\"image\":{\"@id\":\"https:\\\/\\\/digital58.com.ve\\\/site\\\/2020\\\/11\\\/16\\\/lvbp-cardenales-de-lara-confirma-su-cuerpo-tecnico-para-la-temporada-2020-2021\\\/#primaryimage\"},\"thumbnailUrl\":\"https:\\\/\\\/digital58.com.ve\\\/site\\\/wp-content\\\/uploads\\\/2020\\\/11\\\/Jose-Moreno-manager-cardenales-de-lara.jpg\",\"datePublished\":\"2020-11-16T18:23:58+00:00\",\"description\":\"Deportes\",\"breadcrumb\":{\"@id\":\"https:\\\/\\\/digital58.com.ve\\\/site\\\/2020\\\/11\\\/16\\\/lvbp-cardenales-de-lara-confirma-su-cuerpo-tecnico-para-la-temporada-2020-2021\\\/#breadcrumb\"},\"inLanguage\":\"es\",\"potentialAction\":[{\"@type\":\"ReadAction\",\"target\":[\"https:\\\/\\\/digital58.com.ve\\\/site\\\/2020\\\/11\\\/16\\\/lvbp-cardenales-de-lara-confirma-su-cuerpo-tecnico-para-la-temporada-2020-2021\\\/\"]}]},{\"@type\":\"ImageObject\",\"inLanguage\":\"es\",\"@id\":\"https:\\\/\\\/digital58.com.ve\\\/site\\\/2020\\\/11\\\/16\\\/lvbp-cardenales-de-lara-confirma-su-cuerpo-tecnico-para-la-temporada-2020-2021\\\/#primaryimage\",\"url\":\"https:\\\/\\\/digital58.com.ve\\\/site\\\/wp-content\\\/uploads\\\/2020\\\/11\\\/Jose-Moreno-manager-cardenales-de-lara.jpg\",\"contentUrl\":\"https:\\\/\\\/digital58.com.ve\\\/site\\\/wp-content\\\/uploads\\\/2020\\\/11\\\/Jose-Moreno-manager-cardenales-de-lara.jpg\",\"width\":800,\"height\":537},{\"@type\":\"BreadcrumbList\",\"@id\":\"https:\\\/\\\/digital58.com.ve\\\/site\\\/2020\\\/11\\\/16\\\/lvbp-cardenales-de-lara-confirma-su-cuerpo-tecnico-para-la-temporada-2020-2021\\\/#breadcrumb\",\"itemListElement\":[{\"@type\":\"ListItem\",\"position\":1,\"name\":\"Home\",\"item\":\"https:\\\/\\\/digital58.com.ve\\\/site\\\/\"},{\"@type\":\"ListItem\",\"position\":2,\"name\":\"#LVBP Cardenales de Lara confirma su cuerpo t\u00e9cnico para la temporada 2020-2021\"}]},{\"@type\":\"WebSite\",\"@id\":\"https:\\\/\\\/digital58.com.ve\\\/site\\\/#website\",\"url\":\"https:\\\/\\\/digital58.com.ve\\\/site\\\/\",\"name\":\"Noticias Digital58\",\"description\":\"Portal de Noticias \u00a1Periodismo web de verdad! Lanzamiento web 22.11.2005 \\\/ Maracaibo, Venezuela\",\"publisher\":{\"@id\":\"https:\\\/\\\/digital58.com.ve\\\/site\\\/#\\\/schema\\\/person\\\/64d1c2e4d0d4fd1b849980c4331c2951\"},\"alternateName\":\"ND58\",\"potentialAction\":[{\"@type\":\"SearchAction\",\"target\":{\"@type\":\"EntryPoint\",\"urlTemplate\":\"https:\\\/\\\/digital58.com.ve\\\/site\\\/?s={search_term_string}\"},\"query-input\":{\"@type\":\"PropertyValueSpecification\",\"valueRequired\":true,\"valueName\":\"search_term_string\"}}],\"inLanguage\":\"es\"},{\"@type\":[\"Person\",\"Organization\"],\"@id\":\"https:\\\/\\\/digital58.com.ve\\\/site\\\/#\\\/schema\\\/person\\\/64d1c2e4d0d4fd1b849980c4331c2951\",\"name\":\"Villasmil Henry\",\"image\":{\"@type\":\"ImageObject\",\"inLanguage\":\"es\",\"@id\":\"https:\\\/\\\/secure.gravatar.com\\\/avatar\\\/bb0c4a2fcb7970138239f7e404ea75757b1b507b28b5ce4c53fbd62d797c5a7c?s=96&d=mm&r=g\",\"url\":\"https:\\\/\\\/secure.gravatar.com\\\/avatar\\\/bb0c4a2fcb7970138239f7e404ea75757b1b507b28b5ce4c53fbd62d797c5a7c?s=96&d=mm&r=g\",\"contentUrl\":\"https:\\\/\\\/secure.gravatar.com\\\/avatar\\\/bb0c4a2fcb7970138239f7e404ea75757b1b507b28b5ce4c53fbd62d797c5a7c?s=96&d=mm&r=g\",\"caption\":\"Villasmil Henry\"},\"logo\":{\"@id\":\"https:\\\/\\\/secure.gravatar.com\\\/avatar\\\/bb0c4a2fcb7970138239f7e404ea75757b1b507b28b5ce4c53fbd62d797c5a7c?s=96&d=mm&r=g\"},\"sameAs\":[\"http:\\\/\\\/www.henryvillasmil.com.ve\",\"https:\\\/\\\/www.instagram.com\\\/villasmilhfoto\\\/\",\"https:\\\/\\\/x.com\\\/https:\\\/\\\/twitter.com\\\/villasmilhfoto\"],\"url\":\"https:\\\/\\\/digital58.com.ve\\\/site\\\/author\\\/droopy_68\\\/\"}]}<\/script>\n<!-- \/ Yoast SEO plugin. -->","yoast_head_json":{"title":"#LVBP Cardenales de Lara confirma su cuerpo t\u00e9cnico para la temporada 2020-2021","description":"Deportes","robots":{"index":"index","follow":"follow","max-snippet":"max-snippet:-1","max-image-preview":"max-image-preview:large","max-video-preview":"max-video-preview:-1"},"canonical":"https:\/\/digital58.com.ve\/site\/2020\/11\/16\/lvbp-cardenales-de-lara-confirma-su-cuerpo-tecnico-para-la-temporada-2020-2021\/","og_locale":"es_ES","og_type":"article","og_title":"#LVBP Cardenales de Lara confirma su cuerpo t\u00e9cnico para la temporada 2020-2021","og_description":"Deportes","og_url":"https:\/\/digital58.com.ve\/site\/2020\/11\/16\/lvbp-cardenales-de-lara-confirma-su-cuerpo-tecnico-para-la-temporada-2020-2021\/","og_site_name":"Noticias Digital58","article_published_time":"2020-11-16T18:23:58+00:00","og_image":[{"width":800,"height":537,"url":"https:\/\/digital58.com.ve\/site\/wp-content\/uploads\/2020\/11\/Jose-Moreno-manager-cardenales-de-lara.jpg","type":"image\/jpeg"}],"author":"Villasmil Henry","twitter_card":"summary_large_image","twitter_creator":"@https:\/\/twitter.com\/villasmilhfoto","twitter_site":"@villasmilhfoto","twitter_misc":{"Escrito por":"Villasmil Henry","Tiempo estimado de lectura":"2 minutos"},"schema":{"@context":"https:\/\/schema.org","@graph":[{"@type":"Article","@id":"https:\/\/digital58.com.ve\/site\/2020\/11\/16\/lvbp-cardenales-de-lara-confirma-su-cuerpo-tecnico-para-la-temporada-2020-2021\/#article","isPartOf":{"@id":"https:\/\/digital58.com.ve\/site\/2020\/11\/16\/lvbp-cardenales-de-lara-confirma-su-cuerpo-tecnico-para-la-temporada-2020-2021\/"},"author":{"name":"Villasmil Henry","@id":"https:\/\/digital58.com.ve\/site\/#\/schema\/person\/64d1c2e4d0d4fd1b849980c4331c2951"},"headline":"#LVBP Cardenales de Lara confirma su cuerpo t\u00e9cnico para la temporada 2020-2021","datePublished":"2020-11-16T18:23:58+00:00","mainEntityOfPage":{"@id":"https:\/\/digital58.com.ve\/site\/2020\/11\/16\/lvbp-cardenales-de-lara-confirma-su-cuerpo-tecnico-para-la-temporada-2020-2021\/"},"wordCount":324,"commentCount":0,"publisher":{"@id":"https:\/\/digital58.com.ve\/site\/#\/schema\/person\/64d1c2e4d0d4fd1b849980c4331c2951"},"image":{"@id":"https:\/\/digital58.com.ve\/site\/2020\/11\/16\/lvbp-cardenales-de-lara-confirma-su-cuerpo-tecnico-para-la-temporada-2020-2021\/#primaryimage"},"thumbnailUrl":"https:\/\/digital58.com.ve\/site\/wp-content\/uploads\/2020\/11\/Jose-Moreno-manager-cardenales-de-lara.jpg","keywords":["Barquisimeto","B\u00e9isbol","B\u00e9isbol nacional","Cardenales de Lara","Lara","LVBP","LVBP 2020-2021","Nacionales","Venezuela"],"articleSection":["Deportes"],"inLanguage":"es","potentialAction":[{"@type":"CommentAction","name":"Comment","target":["https:\/\/digital58.com.ve\/site\/2020\/11\/16\/lvbp-cardenales-de-lara-confirma-su-cuerpo-tecnico-para-la-temporada-2020-2021\/#respond"]}]},{"@type":"WebPage","@id":"https:\/\/digital58.com.ve\/site\/2020\/11\/16\/lvbp-cardenales-de-lara-confirma-su-cuerpo-tecnico-para-la-temporada-2020-2021\/","url":"https:\/\/digital58.com.ve\/site\/2020\/11\/16\/lvbp-cardenales-de-lara-confirma-su-cuerpo-tecnico-para-la-temporada-2020-2021\/","name":"#LVBP Cardenales de Lara confirma su cuerpo t\u00e9cnico para la temporada 2020-2021","isPartOf":{"@id":"https:\/\/digital58.com.ve\/site\/#website"},"primaryImageOfPage":{"@id":"https:\/\/digital58.com.ve\/site\/2020\/11\/16\/lvbp-cardenales-de-lara-confirma-su-cuerpo-tecnico-para-la-temporada-2020-2021\/#primaryimage"},"image":{"@id":"https:\/\/digital58.com.ve\/site\/2020\/11\/16\/lvbp-cardenales-de-lara-confirma-su-cuerpo-tecnico-para-la-temporada-2020-2021\/#primaryimage"},"thumbnailUrl":"https:\/\/digital58.com.ve\/site\/wp-content\/uploads\/2020\/11\/Jose-Moreno-manager-cardenales-de-lara.jpg","datePublished":"2020-11-16T18:23:58+00:00","description":"Deportes","breadcrumb":{"@id":"https:\/\/digital58.com.ve\/site\/2020\/11\/16\/lvbp-cardenales-de-lara-confirma-su-cuerpo-tecnico-para-la-temporada-2020-2021\/#breadcrumb"},"inLanguage":"es","potentialAction":[{"@type":"ReadAction","target":["https:\/\/digital58.com.ve\/site\/2020\/11\/16\/lvbp-cardenales-de-lara-confirma-su-cuerpo-tecnico-para-la-temporada-2020-2021\/"]}]},{"@type":"ImageObject","inLanguage":"es","@id":"https:\/\/digital58.com.ve\/site\/2020\/11\/16\/lvbp-cardenales-de-lara-confirma-su-cuerpo-tecnico-para-la-temporada-2020-2021\/#primaryimage","url":"https:\/\/digital58.com.ve\/site\/wp-content\/uploads\/2020\/11\/Jose-Moreno-manager-cardenales-de-lara.jpg","contentUrl":"https:\/\/digital58.com.ve\/site\/wp-content\/uploads\/2020\/11\/Jose-Moreno-manager-cardenales-de-lara.jpg","width":800,"height":537},{"@type":"BreadcrumbList","@id":"https:\/\/digital58.com.ve\/site\/2020\/11\/16\/lvbp-cardenales-de-lara-confirma-su-cuerpo-tecnico-para-la-temporada-2020-2021\/#breadcrumb","itemListElement":[{"@type":"ListItem","position":1,"name":"Home","item":"https:\/\/digital58.com.ve\/site\/"},{"@type":"ListItem","position":2,"name":"#LVBP Cardenales de Lara confirma su cuerpo t\u00e9cnico para la temporada 2020-2021"}]},{"@type":"WebSite","@id":"https:\/\/digital58.com.ve\/site\/#website","url":"https:\/\/digital58.com.ve\/site\/","name":"Noticias Digital58","description":"Portal de Noticias \u00a1Periodismo web de verdad! Lanzamiento web 22.11.2005 \/ Maracaibo, Venezuela","publisher":{"@id":"https:\/\/digital58.com.ve\/site\/#\/schema\/person\/64d1c2e4d0d4fd1b849980c4331c2951"},"alternateName":"ND58","potentialAction":[{"@type":"SearchAction","target":{"@type":"EntryPoint","urlTemplate":"https:\/\/digital58.com.ve\/site\/?s={search_term_string}"},"query-input":{"@type":"PropertyValueSpecification","valueRequired":true,"valueName":"search_term_string"}}],"inLanguage":"es"},{"@type":["Person","Organization"],"@id":"https:\/\/digital58.com.ve\/site\/#\/schema\/person\/64d1c2e4d0d4fd1b849980c4331c2951","name":"Villasmil Henry","image":{"@type":"ImageObject","inLanguage":"es","@id":"https:\/\/secure.gravatar.com\/avatar\/bb0c4a2fcb7970138239f7e404ea75757b1b507b28b5ce4c53fbd62d797c5a7c?s=96&d=mm&r=g","url":"https:\/\/secure.gravatar.com\/avatar\/bb0c4a2fcb7970138239f7e404ea75757b1b507b28b5ce4c53fbd62d797c5a7c?s=96&d=mm&r=g","contentUrl":"https:\/\/secure.gravatar.com\/avatar\/bb0c4a2fcb7970138239f7e404ea75757b1b507b28b5ce4c53fbd62d797c5a7c?s=96&d=mm&r=g","caption":"Villasmil Henry"},"logo":{"@id":"https:\/\/secure.gravatar.com\/avatar\/bb0c4a2fcb7970138239f7e404ea75757b1b507b28b5ce4c53fbd62d797c5a7c?s=96&d=mm&r=g"},"sameAs":["http:\/\/www.henryvillasmil.com.ve","https:\/\/www.instagram.com\/villasmilhfoto\/","https:\/\/x.com\/https:\/\/twitter.com\/villasmilhfoto"],"url":"https:\/\/digital58.com.ve\/site\/author\/droopy_68\/"}]}},"uagb_featured_image_src":{"full":["https:\/\/digital58.com.ve\/site\/wp-content\/uploads\/2020\/11\/Jose-Moreno-manager-cardenales-de-lara.jpg",800,537,false],"thumbnail":["https:\/\/digital58.com.ve\/site\/wp-content\/uploads\/2020\/11\/Jose-Moreno-manager-cardenales-de-lara-150x150.jpg",150,150,true],"medium":["https:\/\/digital58.com.ve\/site\/wp-content\/uploads\/2020\/11\/Jose-Moreno-manager-cardenales-de-lara-300x201.jpg",300,201,true],"medium_large":["https:\/\/digital58.com.ve\/site\/wp-content\/uploads\/2020\/11\/Jose-Moreno-manager-cardenales-de-lara-768x516.jpg",768,516,true],"large":["https:\/\/digital58.com.ve\/site\/wp-content\/uploads\/2020\/11\/Jose-Moreno-manager-cardenales-de-lara.jpg",800,537,false],"1536x1536":["https:\/\/digital58.com.ve\/site\/wp-content\/uploads\/2020\/11\/Jose-Moreno-manager-cardenales-de-lara.jpg",800,537,false],"2048x2048":["https:\/\/digital58.com.ve\/site\/wp-content\/uploads\/2020\/11\/Jose-Moreno-manager-cardenales-de-lara.jpg",800,537,false],"colormag-highlighted-post":["https:\/\/digital58.com.ve\/site\/wp-content\/uploads\/2020\/11\/Jose-Moreno-manager-cardenales-de-lara.jpg",392,263,false],"colormag-featured-post-medium":["https:\/\/digital58.com.ve\/site\/wp-content\/uploads\/2020\/11\/Jose-Moreno-manager-cardenales-de-lara.jpg",305,205,false],"colormag-featured-post-small":["https:\/\/digital58.com.ve\/site\/wp-content\/uploads\/2020\/11\/Jose-Moreno-manager-cardenales-de-lara.jpg",130,87,false],"colormag-featured-image":["https:\/\/digital58.com.ve\/site\/wp-content\/uploads\/2020\/11\/Jose-Moreno-manager-cardenales-de-lara.jpg",663,445,false],"colormag-default-news":["https:\/\/digital58.com.ve\/site\/wp-content\/uploads\/2020\/11\/Jose-Moreno-manager-cardenales-de-lara.jpg",150,101,false],"colormag-featured-image-large":["https:\/\/digital58.com.ve\/site\/wp-content\/uploads\/2020\/11\/Jose-Moreno-manager-cardenales-de-lara.jpg",800,537,false]},"uagb_author_info":{"display_name":"Villasmil Henry","author_link":"https:\/\/digital58.com.ve\/site\/author\/droopy_68\/"},"uagb_comment_info":0,"uagb_excerpt":"Todo el equipo t\u00e9cnico de los crepusculares posee experiencia en el sistema de Ligas Menores (MILB) y algunos est\u00e1n actualmente","_links":{"self":[{"href":"https:\/\/digital58.com.ve\/site\/wp-json\/wp\/v2\/posts\/132909","targetHints":{"allow":["GET"]}}],"collection":[{"href":"https:\/\/digital58.com.ve\/site\/wp-json\/wp\/v2\/posts"}],"about":[{"href":"https:\/\/digital58.com.ve\/site\/wp-json\/wp\/v2\/types\/post"}],"author":[{"embeddable":true,"href":"https:\/\/digital58.com.ve\/site\/wp-json\/wp\/v2\/users\/1"}],"replies":[{"embeddable":true,"href":"https:\/\/digital58.com.ve\/site\/wp-json\/wp\/v2\/comments?post=132909"}],"version-history":[{"count":0,"href":"https:\/\/digital58.com.ve\/site\/wp-json\/wp\/v2\/posts\/132909\/revisions"}],"wp:featuredmedia":[{"embeddable":true,"href":"https:\/\/digital58.com.ve\/site\/wp-json\/wp\/v2\/media\/132911"}],"wp:attachment":[{"href":"https:\/\/digital58.com.ve\/site\/wp-json\/wp\/v2\/media?parent=132909"}],"wp:term":[{"taxonomy":"category","embeddable":true,"href":"https:\/\/digital58.com.ve\/site\/wp-json\/wp\/v2\/categories?post=132909"},{"taxonomy":"post_tag","embeddable":true,"href":"https:\/\/digital58.com.ve\/site\/wp-json\/wp\/v2\/tags?post=132909"}],"curies":[{"name":"wp","href":"https:\/\/api.w.org\/{rel}","templated":true}]}}