{"id":132932,"date":"2020-11-16T17:08:54","date_gmt":"2020-11-16T21:08:54","guid":{"rendered":"https:\/\/digital58.com.ve\/site\/?p=132932"},"modified":"2020-11-16T17:08:54","modified_gmt":"2020-11-16T21:08:54","slug":"corpozulia-gobernacion-alcaldias-del-sur-del-lago-y-productores-coordinan-reparacion-del-muro-de-contencion","status":"publish","type":"post","link":"https:\/\/digital58.com.ve\/site\/2020\/11\/16\/corpozulia-gobernacion-alcaldias-del-sur-del-lago-y-productores-coordinan-reparacion-del-muro-de-contencion\/","title":{"rendered":"Corpozulia, Gobernaci\u00f3n, Alcald\u00edas del Sur del Lago  y productores coordinan reparaci\u00f3n del muro de contenci\u00f3n"},"content":{"rendered":"<p><a href=\"https:\/\/digital58.com.ve\/site\/wp-content\/uploads\/2020\/11\/WhatsApp-Image-2020-11-15-at-6.56.33-PM.jpeg\"><img loading=\"lazy\" decoding=\"async\" class=\"aligncenter size-full wp-image-132938\" src=\"https:\/\/digital58.com.ve\/site\/wp-content\/uploads\/2020\/11\/WhatsApp-Image-2020-11-15-at-6.56.33-PM.jpeg\" alt=\"\" width=\"1024\" height=\"768\" srcset=\"https:\/\/digital58.com.ve\/site\/wp-content\/uploads\/2020\/11\/WhatsApp-Image-2020-11-15-at-6.56.33-PM.jpeg 800w, https:\/\/digital58.com.ve\/site\/wp-content\/uploads\/2020\/11\/WhatsApp-Image-2020-11-15-at-6.56.33-PM-300x225.jpeg 300w, https:\/\/digital58.com.ve\/site\/wp-content\/uploads\/2020\/11\/WhatsApp-Image-2020-11-15-at-6.56.33-PM-768x576.jpeg 768w\" sizes=\"auto, (max-width: 1024px) 100vw, 1024px\" \/><\/a><\/p>\n<p>Se espera que La Universidad del Zulia se sume a esta acci\u00f3n con especialistas en el \u00e1rea, y as\u00ed de la mano con la academia ofrecer valiosas soluciones para evitar da\u00f1os mayores.<\/p>\n<p><strong>Maracaibo, Zulia, Venezuela, 16 de noviembre de 2020 (ND58).-<\/strong> La Corporaci\u00f3n para el Desarrollo de la Regi\u00f3n (CORPOZULIA), Gobernaci\u00f3n del Zulia, alcald\u00eda del Municipio Catatumbo y productores de la zona, evaluaron e inspeccionaron la condici\u00f3n actual del muro de contenci\u00f3n de los r\u00edos Zulia y Catatumbo, al Sur del lago de Maracaibo.<\/p>\n<p><a href=\"https:\/\/digital58.com.ve\/site\/wp-content\/uploads\/2020\/11\/WhatsApp-Image-2020-11-15-at-6.52.45-PM.jpeg\"><img loading=\"lazy\" decoding=\"async\" class=\"aligncenter size-full wp-image-132933\" src=\"https:\/\/digital58.com.ve\/site\/wp-content\/uploads\/2020\/11\/WhatsApp-Image-2020-11-15-at-6.52.45-PM.jpeg\" alt=\"\" width=\"1040\" height=\"780\" srcset=\"https:\/\/digital58.com.ve\/site\/wp-content\/uploads\/2020\/11\/WhatsApp-Image-2020-11-15-at-6.52.45-PM.jpeg 1040w, https:\/\/digital58.com.ve\/site\/wp-content\/uploads\/2020\/11\/WhatsApp-Image-2020-11-15-at-6.52.45-PM-300x225.jpeg 300w, https:\/\/digital58.com.ve\/site\/wp-content\/uploads\/2020\/11\/WhatsApp-Image-2020-11-15-at-6.52.45-PM-768x576.jpeg 768w\" sizes=\"auto, (max-width: 1040px) 100vw, 1040px\" \/><\/a><\/p>\n<p>Se plantea su intervenci\u00f3n y reparaci\u00f3n, para proteger m\u00e1s de 600 mil hect\u00e1reas de tierras productivas tipo uno de la zona y las m\u00e1s importantes del pa\u00eds, para seguir impulsando el motor agroproductivo.<\/p>\n<p>El Presidente de Corpozulia G\/D Miguel Ram\u00edrez Gonz\u00e1lez indic\u00f3 que \u00abdesde hace m\u00e1s de 50 a\u00f1os nuestra corporaci\u00f3n ha sido brazo de desarrollo de esta gran regi\u00f3n. Para nosotros es importante avanzar en la reparaci\u00f3n de este muro de contenci\u00f3n y asistir a los productores de la zona con nuestro equipo t\u00e9cnico, y continuar impulsando la producci\u00f3n de importantes rubros para el Estado. Es un \u00e1rea prioritaria de atenci\u00f3n de acuerdo al dise\u00f1o de recuperaci\u00f3n econ\u00f3mica de la gesti\u00f3n del Presidente Nicol\u00e1s Maduro y el Plan de la Patria encaminado a robustecer la producci\u00f3n interna en la intenci\u00f3n de fortalecer la soberan\u00eda agroalimentaria, y a la vez, derrotar el bloqueo criminal que sostienen Estados Unidos y sus aliados contra el pueblo venezolano\u00bb.<\/p>\n<p><a href=\"https:\/\/digital58.com.ve\/site\/wp-content\/uploads\/2020\/11\/WhatsApp-Image-2020-11-15-at-6.52.46-PM.jpeg\"><img loading=\"lazy\" decoding=\"async\" class=\"aligncenter size-full wp-image-132935\" src=\"https:\/\/digital58.com.ve\/site\/wp-content\/uploads\/2020\/11\/WhatsApp-Image-2020-11-15-at-6.52.46-PM.jpeg\" alt=\"\" width=\"1040\" height=\"780\" srcset=\"https:\/\/digital58.com.ve\/site\/wp-content\/uploads\/2020\/11\/WhatsApp-Image-2020-11-15-at-6.52.46-PM.jpeg 1040w, https:\/\/digital58.com.ve\/site\/wp-content\/uploads\/2020\/11\/WhatsApp-Image-2020-11-15-at-6.52.46-PM-300x225.jpeg 300w, https:\/\/digital58.com.ve\/site\/wp-content\/uploads\/2020\/11\/WhatsApp-Image-2020-11-15-at-6.52.46-PM-768x576.jpeg 768w\" sizes=\"auto, (max-width: 1040px) 100vw, 1040px\" \/><\/a><\/p>\n<p>Por su parte Carlos Mele\u00e1n, Gerente Agr\u00edcola de la instituci\u00f3n destac\u00f3 que ya, junto a la Gobernaci\u00f3n del Zulia y Alcald\u00edas de Col\u00f3n, Catatumbo y Francisco Javier Pulgar, est\u00e1n realizando el estudio t\u00e9cnico y abordando con maquinarias las zonas cr\u00edticas del muro.<\/p>\n<p>\u00abEstablecimos una alianza de trabajo con los productores y los gobiernos locales para enfrentar las fallas que amenazan a la poblaci\u00f3n y avanzar en su reparaci\u00f3n de inmediato\u00bb, asegur\u00f3.<\/p>\n<p><a href=\"https:\/\/digital58.com.ve\/site\/wp-content\/uploads\/2020\/11\/WhatsApp-Image-2020-11-15-at-6.55.06-PM.jpeg\"><img loading=\"lazy\" decoding=\"async\" class=\"aligncenter size-full wp-image-132934\" src=\"https:\/\/digital58.com.ve\/site\/wp-content\/uploads\/2020\/11\/WhatsApp-Image-2020-11-15-at-6.55.06-PM.jpeg\" alt=\"\" width=\"1024\" height=\"768\" srcset=\"https:\/\/digital58.com.ve\/site\/wp-content\/uploads\/2020\/11\/WhatsApp-Image-2020-11-15-at-6.55.06-PM.jpeg 800w, https:\/\/digital58.com.ve\/site\/wp-content\/uploads\/2020\/11\/WhatsApp-Image-2020-11-15-at-6.55.06-PM-300x225.jpeg 300w, https:\/\/digital58.com.ve\/site\/wp-content\/uploads\/2020\/11\/WhatsApp-Image-2020-11-15-at-6.55.06-PM-768x576.jpeg 768w\" sizes=\"auto, (max-width: 1024px) 100vw, 1024px\" \/><\/a><\/p>\n<p>Con estas primeras acciones que ya fueron iniciadas, la Gobernaci\u00f3n presta asistencia con el suministro de di\u00e9sel para los equipos de trabajo, y as\u00ed apoyar a los productores de la zona quienes atender\u00e1n el km 33 mientras, la alcald\u00eda de Catatumbo abordar\u00e1 el sector de Pampanito y proteger a m\u00e1s de 500 familias que residen en el lugar.<\/p><div class=\"zgnkx69f5689bad00c\" ><p style=\"text-align: center;\"><a href=\"https:\/\/t.me\/noticiasdigital58\" target=\"_blank\" rel=\"noopener\"><img class=\"aligncenter size-full wp-image-125363\" src=\"https:\/\/digital58.com.ve\/site\/wp-content\/uploads\/2021\/04\/banner-telegram-web-2021.png\" alt=\"\" width=\"600\" height=\"90\" \/><\/a><\/p><\/div><style type=\"text\/css\">\r\n@media screen and (min-width: 1201px) {\r\n.zgnkx69f5689bad00c {\r\ndisplay: block;\r\n}\r\n}\r\n@media screen and (min-width: 993px) and (max-width: 1200px) {\r\n.zgnkx69f5689bad00c {\r\ndisplay: block;\r\n}\r\n}\r\n@media screen and (min-width: 769px) and (max-width: 992px) {\r\n.zgnkx69f5689bad00c {\r\ndisplay: block;\r\n}\r\n}\r\n@media screen and (min-width: 768px) and (max-width: 768px) {\r\n.zgnkx69f5689bad00c {\r\ndisplay: block;\r\n}\r\n}\r\n@media screen and (max-width: 767px) {\r\n.zgnkx69f5689bad00c {\r\ndisplay: block;\r\n}\r\n}\r\n<\/style>\r\n\n<p><strong>Redacci\u00f3n ND58<\/strong><br \/>\n<strong>Edici\u00f3n: Villasmil, Henry<\/strong><br \/>\n<strong>Graficas: cortes\u00eda Corpozulia<\/strong><\/p>\n<div style=\"margin-top: 0px; margin-bottom: 0px;\" class=\"sharethis-inline-share-buttons\" ><\/div>","protected":false},"excerpt":{"rendered":"<p>Se espera que La Universidad del Zulia se sume a esta acci\u00f3n con especialistas en el \u00e1rea, y as\u00ed de<\/p>\n","protected":false},"author":1,"featured_media":132933,"comment_status":"open","ping_status":"closed","sticky":false,"template":"","format":"standard","meta":{"colormag_page_container_layout":"default_layout","colormag_page_sidebar_layout":"default_layout","_uag_custom_page_level_css":"","footnotes":""},"categories":[14504],"tags":[22569,2101,20762,14139,15788,22570,233,2354,3483,32,761],"class_list":["post-132932","post","type-post","status-publish","format-standard","has-post-thumbnail","hentry","category-zulia","tag-alcaldia-de-colon","tag-gobernacion-del-zulia","tag-miguel-ramirez-gonzalez","tag-municipio-catatumbo","tag-municipio-francisco-javier-pulgar","tag-muro-de-contencion","tag-nacionales","tag-regionales","tag-sur-del-lago-de-maracaibo","tag-venezuela","tag-zulia"],"yoast_head":"<!-- This site is optimized with the Yoast SEO plugin v27.5 - https:\/\/yoast.com\/product\/yoast-seo-wordpress\/ -->\n<title>Corpozulia, Gobernaci\u00f3n, Alcald\u00edas del Sur del Lago y productores coordinan reparaci\u00f3n del muro de contenci\u00f3n<\/title>\n<meta name=\"description\" content=\"Zulia\" \/>\n<meta name=\"robots\" content=\"index, follow, max-snippet:-1, max-image-preview:large, max-video-preview:-1\" \/>\n<link rel=\"canonical\" href=\"https:\/\/digital58.com.ve\/site\/2020\/11\/16\/corpozulia-gobernacion-alcaldias-del-sur-del-lago-y-productores-coordinan-reparacion-del-muro-de-contencion\/\" \/>\n<meta property=\"og:locale\" content=\"es_ES\" \/>\n<meta property=\"og:type\" content=\"article\" \/>\n<meta property=\"og:title\" content=\"Corpozulia, Gobernaci\u00f3n, Alcald\u00edas del Sur del Lago y productores coordinan reparaci\u00f3n del muro de contenci\u00f3n\" \/>\n<meta property=\"og:description\" content=\"Zulia\" \/>\n<meta property=\"og:url\" content=\"https:\/\/digital58.com.ve\/site\/2020\/11\/16\/corpozulia-gobernacion-alcaldias-del-sur-del-lago-y-productores-coordinan-reparacion-del-muro-de-contencion\/\" \/>\n<meta property=\"og:site_name\" content=\"Noticias Digital58\" \/>\n<meta property=\"article:published_time\" content=\"2020-11-16T21:08:54+00:00\" \/>\n<meta property=\"og:image\" content=\"https:\/\/digital58.com.ve\/site\/wp-content\/uploads\/2020\/11\/WhatsApp-Image-2020-11-15-at-6.52.45-PM.jpeg\" \/>\n\t<meta property=\"og:image:width\" content=\"1040\" \/>\n\t<meta property=\"og:image:height\" content=\"780\" \/>\n\t<meta property=\"og:image:type\" content=\"image\/jpeg\" \/>\n<meta name=\"author\" content=\"Villasmil Henry\" \/>\n<meta name=\"twitter:card\" content=\"summary_large_image\" \/>\n<meta name=\"twitter:creator\" content=\"@https:\/\/twitter.com\/villasmilhfoto\" \/>\n<meta name=\"twitter:site\" content=\"@villasmilhfoto\" \/>\n<meta name=\"twitter:label1\" content=\"Escrito por\" \/>\n\t<meta name=\"twitter:data1\" content=\"Villasmil Henry\" \/>\n\t<meta name=\"twitter:label2\" content=\"Tiempo estimado de lectura\" \/>\n\t<meta name=\"twitter:data2\" content=\"2 minutos\" \/>\n<script type=\"application\/ld+json\" class=\"yoast-schema-graph\">{\"@context\":\"https:\\\/\\\/schema.org\",\"@graph\":[{\"@type\":\"Article\",\"@id\":\"https:\\\/\\\/digital58.com.ve\\\/site\\\/2020\\\/11\\\/16\\\/corpozulia-gobernacion-alcaldias-del-sur-del-lago-y-productores-coordinan-reparacion-del-muro-de-contencion\\\/#article\",\"isPartOf\":{\"@id\":\"https:\\\/\\\/digital58.com.ve\\\/site\\\/2020\\\/11\\\/16\\\/corpozulia-gobernacion-alcaldias-del-sur-del-lago-y-productores-coordinan-reparacion-del-muro-de-contencion\\\/\"},\"author\":{\"name\":\"Villasmil Henry\",\"@id\":\"https:\\\/\\\/digital58.com.ve\\\/site\\\/#\\\/schema\\\/person\\\/64d1c2e4d0d4fd1b849980c4331c2951\"},\"headline\":\"Corpozulia, Gobernaci\u00f3n, Alcald\u00edas del Sur del Lago y productores coordinan reparaci\u00f3n del muro de contenci\u00f3n\",\"datePublished\":\"2020-11-16T21:08:54+00:00\",\"mainEntityOfPage\":{\"@id\":\"https:\\\/\\\/digital58.com.ve\\\/site\\\/2020\\\/11\\\/16\\\/corpozulia-gobernacion-alcaldias-del-sur-del-lago-y-productores-coordinan-reparacion-del-muro-de-contencion\\\/\"},\"wordCount\":444,\"commentCount\":0,\"publisher\":{\"@id\":\"https:\\\/\\\/digital58.com.ve\\\/site\\\/#\\\/schema\\\/person\\\/64d1c2e4d0d4fd1b849980c4331c2951\"},\"image\":{\"@id\":\"https:\\\/\\\/digital58.com.ve\\\/site\\\/2020\\\/11\\\/16\\\/corpozulia-gobernacion-alcaldias-del-sur-del-lago-y-productores-coordinan-reparacion-del-muro-de-contencion\\\/#primaryimage\"},\"thumbnailUrl\":\"https:\\\/\\\/digital58.com.ve\\\/site\\\/wp-content\\\/uploads\\\/2020\\\/11\\\/WhatsApp-Image-2020-11-15-at-6.52.45-PM.jpeg\",\"keywords\":[\"Alcald\u00eda de Col\u00f3n\",\"Gobernaci\u00f3n del Zulia\",\"Miguel Ram\u00edrez Gonz\u00e1lez\",\"Municipio Catatumbo\",\"Municipio Francisco Javier Pulgar\",\"Muro de contenci\u00f3n\",\"Nacionales\",\"Regionales\",\"Sur del Lago de Maracaibo\",\"Venezuela\",\"Zulia\"],\"articleSection\":[\"Zulia\"],\"inLanguage\":\"es\",\"potentialAction\":[{\"@type\":\"CommentAction\",\"name\":\"Comment\",\"target\":[\"https:\\\/\\\/digital58.com.ve\\\/site\\\/2020\\\/11\\\/16\\\/corpozulia-gobernacion-alcaldias-del-sur-del-lago-y-productores-coordinan-reparacion-del-muro-de-contencion\\\/#respond\"]}]},{\"@type\":\"WebPage\",\"@id\":\"https:\\\/\\\/digital58.com.ve\\\/site\\\/2020\\\/11\\\/16\\\/corpozulia-gobernacion-alcaldias-del-sur-del-lago-y-productores-coordinan-reparacion-del-muro-de-contencion\\\/\",\"url\":\"https:\\\/\\\/digital58.com.ve\\\/site\\\/2020\\\/11\\\/16\\\/corpozulia-gobernacion-alcaldias-del-sur-del-lago-y-productores-coordinan-reparacion-del-muro-de-contencion\\\/\",\"name\":\"Corpozulia, Gobernaci\u00f3n, Alcald\u00edas del Sur del Lago y productores coordinan reparaci\u00f3n del muro de contenci\u00f3n\",\"isPartOf\":{\"@id\":\"https:\\\/\\\/digital58.com.ve\\\/site\\\/#website\"},\"primaryImageOfPage\":{\"@id\":\"https:\\\/\\\/digital58.com.ve\\\/site\\\/2020\\\/11\\\/16\\\/corpozulia-gobernacion-alcaldias-del-sur-del-lago-y-productores-coordinan-reparacion-del-muro-de-contencion\\\/#primaryimage\"},\"image\":{\"@id\":\"https:\\\/\\\/digital58.com.ve\\\/site\\\/2020\\\/11\\\/16\\\/corpozulia-gobernacion-alcaldias-del-sur-del-lago-y-productores-coordinan-reparacion-del-muro-de-contencion\\\/#primaryimage\"},\"thumbnailUrl\":\"https:\\\/\\\/digital58.com.ve\\\/site\\\/wp-content\\\/uploads\\\/2020\\\/11\\\/WhatsApp-Image-2020-11-15-at-6.52.45-PM.jpeg\",\"datePublished\":\"2020-11-16T21:08:54+00:00\",\"description\":\"Zulia\",\"breadcrumb\":{\"@id\":\"https:\\\/\\\/digital58.com.ve\\\/site\\\/2020\\\/11\\\/16\\\/corpozulia-gobernacion-alcaldias-del-sur-del-lago-y-productores-coordinan-reparacion-del-muro-de-contencion\\\/#breadcrumb\"},\"inLanguage\":\"es\",\"potentialAction\":[{\"@type\":\"ReadAction\",\"target\":[\"https:\\\/\\\/digital58.com.ve\\\/site\\\/2020\\\/11\\\/16\\\/corpozulia-gobernacion-alcaldias-del-sur-del-lago-y-productores-coordinan-reparacion-del-muro-de-contencion\\\/\"]}]},{\"@type\":\"ImageObject\",\"inLanguage\":\"es\",\"@id\":\"https:\\\/\\\/digital58.com.ve\\\/site\\\/2020\\\/11\\\/16\\\/corpozulia-gobernacion-alcaldias-del-sur-del-lago-y-productores-coordinan-reparacion-del-muro-de-contencion\\\/#primaryimage\",\"url\":\"https:\\\/\\\/digital58.com.ve\\\/site\\\/wp-content\\\/uploads\\\/2020\\\/11\\\/WhatsApp-Image-2020-11-15-at-6.52.45-PM.jpeg\",\"contentUrl\":\"https:\\\/\\\/digital58.com.ve\\\/site\\\/wp-content\\\/uploads\\\/2020\\\/11\\\/WhatsApp-Image-2020-11-15-at-6.52.45-PM.jpeg\",\"width\":1040,\"height\":780},{\"@type\":\"BreadcrumbList\",\"@id\":\"https:\\\/\\\/digital58.com.ve\\\/site\\\/2020\\\/11\\\/16\\\/corpozulia-gobernacion-alcaldias-del-sur-del-lago-y-productores-coordinan-reparacion-del-muro-de-contencion\\\/#breadcrumb\",\"itemListElement\":[{\"@type\":\"ListItem\",\"position\":1,\"name\":\"Home\",\"item\":\"https:\\\/\\\/digital58.com.ve\\\/site\\\/\"},{\"@type\":\"ListItem\",\"position\":2,\"name\":\"Corpozulia, Gobernaci\u00f3n, Alcald\u00edas del Sur del Lago y productores coordinan reparaci\u00f3n del muro de contenci\u00f3n\"}]},{\"@type\":\"WebSite\",\"@id\":\"https:\\\/\\\/digital58.com.ve\\\/site\\\/#website\",\"url\":\"https:\\\/\\\/digital58.com.ve\\\/site\\\/\",\"name\":\"Noticias Digital58\",\"description\":\"Portal de Noticias \u00a1Periodismo web de verdad! Lanzamiento web 22.11.2005 \\\/ Maracaibo, Venezuela\",\"publisher\":{\"@id\":\"https:\\\/\\\/digital58.com.ve\\\/site\\\/#\\\/schema\\\/person\\\/64d1c2e4d0d4fd1b849980c4331c2951\"},\"alternateName\":\"ND58\",\"potentialAction\":[{\"@type\":\"SearchAction\",\"target\":{\"@type\":\"EntryPoint\",\"urlTemplate\":\"https:\\\/\\\/digital58.com.ve\\\/site\\\/?s={search_term_string}\"},\"query-input\":{\"@type\":\"PropertyValueSpecification\",\"valueRequired\":true,\"valueName\":\"search_term_string\"}}],\"inLanguage\":\"es\"},{\"@type\":[\"Person\",\"Organization\"],\"@id\":\"https:\\\/\\\/digital58.com.ve\\\/site\\\/#\\\/schema\\\/person\\\/64d1c2e4d0d4fd1b849980c4331c2951\",\"name\":\"Villasmil Henry\",\"image\":{\"@type\":\"ImageObject\",\"inLanguage\":\"es\",\"@id\":\"https:\\\/\\\/secure.gravatar.com\\\/avatar\\\/bb0c4a2fcb7970138239f7e404ea75757b1b507b28b5ce4c53fbd62d797c5a7c?s=96&d=mm&r=g\",\"url\":\"https:\\\/\\\/secure.gravatar.com\\\/avatar\\\/bb0c4a2fcb7970138239f7e404ea75757b1b507b28b5ce4c53fbd62d797c5a7c?s=96&d=mm&r=g\",\"contentUrl\":\"https:\\\/\\\/secure.gravatar.com\\\/avatar\\\/bb0c4a2fcb7970138239f7e404ea75757b1b507b28b5ce4c53fbd62d797c5a7c?s=96&d=mm&r=g\",\"caption\":\"Villasmil Henry\"},\"logo\":{\"@id\":\"https:\\\/\\\/secure.gravatar.com\\\/avatar\\\/bb0c4a2fcb7970138239f7e404ea75757b1b507b28b5ce4c53fbd62d797c5a7c?s=96&d=mm&r=g\"},\"sameAs\":[\"http:\\\/\\\/www.henryvillasmil.com.ve\",\"https:\\\/\\\/www.instagram.com\\\/villasmilhfoto\\\/\",\"https:\\\/\\\/x.com\\\/https:\\\/\\\/twitter.com\\\/villasmilhfoto\"],\"url\":\"https:\\\/\\\/digital58.com.ve\\\/site\\\/author\\\/droopy_68\\\/\"}]}<\/script>\n<!-- \/ Yoast SEO plugin. -->","yoast_head_json":{"title":"Corpozulia, Gobernaci\u00f3n, Alcald\u00edas del Sur del Lago y productores coordinan reparaci\u00f3n del muro de contenci\u00f3n","description":"Zulia","robots":{"index":"index","follow":"follow","max-snippet":"max-snippet:-1","max-image-preview":"max-image-preview:large","max-video-preview":"max-video-preview:-1"},"canonical":"https:\/\/digital58.com.ve\/site\/2020\/11\/16\/corpozulia-gobernacion-alcaldias-del-sur-del-lago-y-productores-coordinan-reparacion-del-muro-de-contencion\/","og_locale":"es_ES","og_type":"article","og_title":"Corpozulia, Gobernaci\u00f3n, Alcald\u00edas del Sur del Lago y productores coordinan reparaci\u00f3n del muro de contenci\u00f3n","og_description":"Zulia","og_url":"https:\/\/digital58.com.ve\/site\/2020\/11\/16\/corpozulia-gobernacion-alcaldias-del-sur-del-lago-y-productores-coordinan-reparacion-del-muro-de-contencion\/","og_site_name":"Noticias Digital58","article_published_time":"2020-11-16T21:08:54+00:00","og_image":[{"width":1040,"height":780,"url":"https:\/\/digital58.com.ve\/site\/wp-content\/uploads\/2020\/11\/WhatsApp-Image-2020-11-15-at-6.52.45-PM.jpeg","type":"image\/jpeg"}],"author":"Villasmil Henry","twitter_card":"summary_large_image","twitter_creator":"@https:\/\/twitter.com\/villasmilhfoto","twitter_site":"@villasmilhfoto","twitter_misc":{"Escrito por":"Villasmil Henry","Tiempo estimado de lectura":"2 minutos"},"schema":{"@context":"https:\/\/schema.org","@graph":[{"@type":"Article","@id":"https:\/\/digital58.com.ve\/site\/2020\/11\/16\/corpozulia-gobernacion-alcaldias-del-sur-del-lago-y-productores-coordinan-reparacion-del-muro-de-contencion\/#article","isPartOf":{"@id":"https:\/\/digital58.com.ve\/site\/2020\/11\/16\/corpozulia-gobernacion-alcaldias-del-sur-del-lago-y-productores-coordinan-reparacion-del-muro-de-contencion\/"},"author":{"name":"Villasmil Henry","@id":"https:\/\/digital58.com.ve\/site\/#\/schema\/person\/64d1c2e4d0d4fd1b849980c4331c2951"},"headline":"Corpozulia, Gobernaci\u00f3n, Alcald\u00edas del Sur del Lago y productores coordinan reparaci\u00f3n del muro de contenci\u00f3n","datePublished":"2020-11-16T21:08:54+00:00","mainEntityOfPage":{"@id":"https:\/\/digital58.com.ve\/site\/2020\/11\/16\/corpozulia-gobernacion-alcaldias-del-sur-del-lago-y-productores-coordinan-reparacion-del-muro-de-contencion\/"},"wordCount":444,"commentCount":0,"publisher":{"@id":"https:\/\/digital58.com.ve\/site\/#\/schema\/person\/64d1c2e4d0d4fd1b849980c4331c2951"},"image":{"@id":"https:\/\/digital58.com.ve\/site\/2020\/11\/16\/corpozulia-gobernacion-alcaldias-del-sur-del-lago-y-productores-coordinan-reparacion-del-muro-de-contencion\/#primaryimage"},"thumbnailUrl":"https:\/\/digital58.com.ve\/site\/wp-content\/uploads\/2020\/11\/WhatsApp-Image-2020-11-15-at-6.52.45-PM.jpeg","keywords":["Alcald\u00eda de Col\u00f3n","Gobernaci\u00f3n del Zulia","Miguel Ram\u00edrez Gonz\u00e1lez","Municipio Catatumbo","Municipio Francisco Javier Pulgar","Muro de contenci\u00f3n","Nacionales","Regionales","Sur del Lago de Maracaibo","Venezuela","Zulia"],"articleSection":["Zulia"],"inLanguage":"es","potentialAction":[{"@type":"CommentAction","name":"Comment","target":["https:\/\/digital58.com.ve\/site\/2020\/11\/16\/corpozulia-gobernacion-alcaldias-del-sur-del-lago-y-productores-coordinan-reparacion-del-muro-de-contencion\/#respond"]}]},{"@type":"WebPage","@id":"https:\/\/digital58.com.ve\/site\/2020\/11\/16\/corpozulia-gobernacion-alcaldias-del-sur-del-lago-y-productores-coordinan-reparacion-del-muro-de-contencion\/","url":"https:\/\/digital58.com.ve\/site\/2020\/11\/16\/corpozulia-gobernacion-alcaldias-del-sur-del-lago-y-productores-coordinan-reparacion-del-muro-de-contencion\/","name":"Corpozulia, Gobernaci\u00f3n, Alcald\u00edas del Sur del Lago y productores coordinan reparaci\u00f3n del muro de contenci\u00f3n","isPartOf":{"@id":"https:\/\/digital58.com.ve\/site\/#website"},"primaryImageOfPage":{"@id":"https:\/\/digital58.com.ve\/site\/2020\/11\/16\/corpozulia-gobernacion-alcaldias-del-sur-del-lago-y-productores-coordinan-reparacion-del-muro-de-contencion\/#primaryimage"},"image":{"@id":"https:\/\/digital58.com.ve\/site\/2020\/11\/16\/corpozulia-gobernacion-alcaldias-del-sur-del-lago-y-productores-coordinan-reparacion-del-muro-de-contencion\/#primaryimage"},"thumbnailUrl":"https:\/\/digital58.com.ve\/site\/wp-content\/uploads\/2020\/11\/WhatsApp-Image-2020-11-15-at-6.52.45-PM.jpeg","datePublished":"2020-11-16T21:08:54+00:00","description":"Zulia","breadcrumb":{"@id":"https:\/\/digital58.com.ve\/site\/2020\/11\/16\/corpozulia-gobernacion-alcaldias-del-sur-del-lago-y-productores-coordinan-reparacion-del-muro-de-contencion\/#breadcrumb"},"inLanguage":"es","potentialAction":[{"@type":"ReadAction","target":["https:\/\/digital58.com.ve\/site\/2020\/11\/16\/corpozulia-gobernacion-alcaldias-del-sur-del-lago-y-productores-coordinan-reparacion-del-muro-de-contencion\/"]}]},{"@type":"ImageObject","inLanguage":"es","@id":"https:\/\/digital58.com.ve\/site\/2020\/11\/16\/corpozulia-gobernacion-alcaldias-del-sur-del-lago-y-productores-coordinan-reparacion-del-muro-de-contencion\/#primaryimage","url":"https:\/\/digital58.com.ve\/site\/wp-content\/uploads\/2020\/11\/WhatsApp-Image-2020-11-15-at-6.52.45-PM.jpeg","contentUrl":"https:\/\/digital58.com.ve\/site\/wp-content\/uploads\/2020\/11\/WhatsApp-Image-2020-11-15-at-6.52.45-PM.jpeg","width":1040,"height":780},{"@type":"BreadcrumbList","@id":"https:\/\/digital58.com.ve\/site\/2020\/11\/16\/corpozulia-gobernacion-alcaldias-del-sur-del-lago-y-productores-coordinan-reparacion-del-muro-de-contencion\/#breadcrumb","itemListElement":[{"@type":"ListItem","position":1,"name":"Home","item":"https:\/\/digital58.com.ve\/site\/"},{"@type":"ListItem","position":2,"name":"Corpozulia, Gobernaci\u00f3n, Alcald\u00edas del Sur del Lago y productores coordinan reparaci\u00f3n del muro de contenci\u00f3n"}]},{"@type":"WebSite","@id":"https:\/\/digital58.com.ve\/site\/#website","url":"https:\/\/digital58.com.ve\/site\/","name":"Noticias Digital58","description":"Portal de Noticias \u00a1Periodismo web de verdad! Lanzamiento web 22.11.2005 \/ Maracaibo, Venezuela","publisher":{"@id":"https:\/\/digital58.com.ve\/site\/#\/schema\/person\/64d1c2e4d0d4fd1b849980c4331c2951"},"alternateName":"ND58","potentialAction":[{"@type":"SearchAction","target":{"@type":"EntryPoint","urlTemplate":"https:\/\/digital58.com.ve\/site\/?s={search_term_string}"},"query-input":{"@type":"PropertyValueSpecification","valueRequired":true,"valueName":"search_term_string"}}],"inLanguage":"es"},{"@type":["Person","Organization"],"@id":"https:\/\/digital58.com.ve\/site\/#\/schema\/person\/64d1c2e4d0d4fd1b849980c4331c2951","name":"Villasmil Henry","image":{"@type":"ImageObject","inLanguage":"es","@id":"https:\/\/secure.gravatar.com\/avatar\/bb0c4a2fcb7970138239f7e404ea75757b1b507b28b5ce4c53fbd62d797c5a7c?s=96&d=mm&r=g","url":"https:\/\/secure.gravatar.com\/avatar\/bb0c4a2fcb7970138239f7e404ea75757b1b507b28b5ce4c53fbd62d797c5a7c?s=96&d=mm&r=g","contentUrl":"https:\/\/secure.gravatar.com\/avatar\/bb0c4a2fcb7970138239f7e404ea75757b1b507b28b5ce4c53fbd62d797c5a7c?s=96&d=mm&r=g","caption":"Villasmil Henry"},"logo":{"@id":"https:\/\/secure.gravatar.com\/avatar\/bb0c4a2fcb7970138239f7e404ea75757b1b507b28b5ce4c53fbd62d797c5a7c?s=96&d=mm&r=g"},"sameAs":["http:\/\/www.henryvillasmil.com.ve","https:\/\/www.instagram.com\/villasmilhfoto\/","https:\/\/x.com\/https:\/\/twitter.com\/villasmilhfoto"],"url":"https:\/\/digital58.com.ve\/site\/author\/droopy_68\/"}]}},"uagb_featured_image_src":{"full":["https:\/\/digital58.com.ve\/site\/wp-content\/uploads\/2020\/11\/WhatsApp-Image-2020-11-15-at-6.52.45-PM.jpeg",1040,780,false],"thumbnail":["https:\/\/digital58.com.ve\/site\/wp-content\/uploads\/2020\/11\/WhatsApp-Image-2020-11-15-at-6.52.45-PM-150x150.jpeg",150,150,true],"medium":["https:\/\/digital58.com.ve\/site\/wp-content\/uploads\/2020\/11\/WhatsApp-Image-2020-11-15-at-6.52.45-PM-300x225.jpeg",300,225,true],"medium_large":["https:\/\/digital58.com.ve\/site\/wp-content\/uploads\/2020\/11\/WhatsApp-Image-2020-11-15-at-6.52.45-PM-768x576.jpeg",768,576,true],"large":["https:\/\/digital58.com.ve\/site\/wp-content\/uploads\/2020\/11\/WhatsApp-Image-2020-11-15-at-6.52.45-PM.jpeg",800,600,false],"1536x1536":["https:\/\/digital58.com.ve\/site\/wp-content\/uploads\/2020\/11\/WhatsApp-Image-2020-11-15-at-6.52.45-PM.jpeg",1040,780,false],"2048x2048":["https:\/\/digital58.com.ve\/site\/wp-content\/uploads\/2020\/11\/WhatsApp-Image-2020-11-15-at-6.52.45-PM.jpeg",1040,780,false],"colormag-highlighted-post":["https:\/\/digital58.com.ve\/site\/wp-content\/uploads\/2020\/11\/WhatsApp-Image-2020-11-15-at-6.52.45-PM.jpeg",363,272,false],"colormag-featured-post-medium":["https:\/\/digital58.com.ve\/site\/wp-content\/uploads\/2020\/11\/WhatsApp-Image-2020-11-15-at-6.52.45-PM.jpeg",273,205,false],"colormag-featured-post-small":["https:\/\/digital58.com.ve\/site\/wp-content\/uploads\/2020\/11\/WhatsApp-Image-2020-11-15-at-6.52.45-PM.jpeg",120,90,false],"colormag-featured-image":["https:\/\/digital58.com.ve\/site\/wp-content\/uploads\/2020\/11\/WhatsApp-Image-2020-11-15-at-6.52.45-PM.jpeg",593,445,false],"colormag-default-news":["https:\/\/digital58.com.ve\/site\/wp-content\/uploads\/2020\/11\/WhatsApp-Image-2020-11-15-at-6.52.45-PM.jpeg",150,113,false],"colormag-featured-image-large":["https:\/\/digital58.com.ve\/site\/wp-content\/uploads\/2020\/11\/WhatsApp-Image-2020-11-15-at-6.52.45-PM.jpeg",800,600,false]},"uagb_author_info":{"display_name":"Villasmil Henry","author_link":"https:\/\/digital58.com.ve\/site\/author\/droopy_68\/"},"uagb_comment_info":0,"uagb_excerpt":"Se espera que La Universidad del Zulia se sume a esta acci\u00f3n con especialistas en el \u00e1rea, y as\u00ed de","_links":{"self":[{"href":"https:\/\/digital58.com.ve\/site\/wp-json\/wp\/v2\/posts\/132932","targetHints":{"allow":["GET"]}}],"collection":[{"href":"https:\/\/digital58.com.ve\/site\/wp-json\/wp\/v2\/posts"}],"about":[{"href":"https:\/\/digital58.com.ve\/site\/wp-json\/wp\/v2\/types\/post"}],"author":[{"embeddable":true,"href":"https:\/\/digital58.com.ve\/site\/wp-json\/wp\/v2\/users\/1"}],"replies":[{"embeddable":true,"href":"https:\/\/digital58.com.ve\/site\/wp-json\/wp\/v2\/comments?post=132932"}],"version-history":[{"count":0,"href":"https:\/\/digital58.com.ve\/site\/wp-json\/wp\/v2\/posts\/132932\/revisions"}],"wp:featuredmedia":[{"embeddable":true,"href":"https:\/\/digital58.com.ve\/site\/wp-json\/wp\/v2\/media\/132933"}],"wp:attachment":[{"href":"https:\/\/digital58.com.ve\/site\/wp-json\/wp\/v2\/media?parent=132932"}],"wp:term":[{"taxonomy":"category","embeddable":true,"href":"https:\/\/digital58.com.ve\/site\/wp-json\/wp\/v2\/categories?post=132932"},{"taxonomy":"post_tag","embeddable":true,"href":"https:\/\/digital58.com.ve\/site\/wp-json\/wp\/v2\/tags?post=132932"}],"curies":[{"name":"wp","href":"https:\/\/api.w.org\/{rel}","templated":true}]}}