{"id":132985,"date":"2020-11-17T14:25:47","date_gmt":"2020-11-17T18:25:47","guid":{"rendered":"https:\/\/digital58.com.ve\/site\/?p=132985"},"modified":"2020-11-17T14:25:47","modified_gmt":"2020-11-17T18:25:47","slug":"alertan-que-se-estan-llevando-a-cabo-juicios-contra-militares-detenidos-en-el-dgcim","status":"publish","type":"post","link":"https:\/\/digital58.com.ve\/site\/2020\/11\/17\/alertan-que-se-estan-llevando-a-cabo-juicios-contra-militares-detenidos-en-el-dgcim\/","title":{"rendered":"Alertan que se est\u00e1n llevando a cabo juicios contra militares detenidos en el Dgcim"},"content":{"rendered":"<p><img loading=\"lazy\" decoding=\"async\" class=\"aligncenter wp-image-132986 size-full\" src=\"https:\/\/digital58.com.ve\/site\/wp-content\/uploads\/2020\/11\/Tribunal-Supremo-de-Justicia.jpg\" alt=\"\" width=\"800\" height=\"451\" srcset=\"https:\/\/digital58.com.ve\/site\/wp-content\/uploads\/2020\/11\/Tribunal-Supremo-de-Justicia.jpg 800w, https:\/\/digital58.com.ve\/site\/wp-content\/uploads\/2020\/11\/Tribunal-Supremo-de-Justicia-300x169.jpg 300w, https:\/\/digital58.com.ve\/site\/wp-content\/uploads\/2020\/11\/Tribunal-Supremo-de-Justicia-768x433.jpg 768w\" sizes=\"auto, (max-width: 800px) 100vw, 800px\" \/><\/p>\n<p>Denuncian que los testigos presentados en los procesos, son los mismos custodios del Dgcim, quienes tienen bajo su responsabilidad a los presos pol\u00edticos.<\/p>\n<p><strong>Caracas, DC, Venezuela, 17 de Noviembre de 2020 (ND58).- <\/strong>Este martes se conoci\u00f3 que la justicia militar venezolana, est\u00e1 llevando a cabo juicios contra exfuncionarios castrenses detenidos por motivos pol\u00edticos.<\/p>\n<p>La informaci\u00f3n la dio a conocer Molly De La Sotta, hermana del preso pol\u00edtico y capit\u00e1n de la Armada, Luis De La Sotta, informando que los procesos se est\u00e1n ejecutando en el Tribunal Primero de Juicio, ubicado en Fuerte Tiuna.<\/p>\n<p>La tambi\u00e9n polit\u00f3loga, inform\u00f3 que los juicios son para \u00abponerse al d\u00eda para rendir cuentas en el Consejo de Derechos Humanos de la ONU\u00bb, explicando que estos se efect\u00faan bajo la solicitud de la alta comisionada Michelle Bachelet.<\/p>\n<blockquote class=\"twitter-tweet\" data-width=\"550\" data-dnt=\"true\">\n<p lang=\"es\" dir=\"ltr\"><a href=\"https:\/\/twitter.com\/hashtag\/Urgente?src=hash&amp;ref_src=twsrc%5Etfw\">#Urgente<\/a> se estan llevando a cabo juicios a militares por solicitud de la Alta Comisionada <a href=\"https:\/\/twitter.com\/mbachelet?ref_src=twsrc%5Etfw\">@mbachelet<\/a> ya q deben ponerse al dia para rendir cuentas ante el  CONSEJO DE <a href=\"https:\/\/twitter.com\/hashtag\/DDHH?src=hash&amp;ref_src=twsrc%5Etfw\">#DDHH<\/a> DE LA <a href=\"https:\/\/twitter.com\/hashtag\/ONU?src=hash&amp;ref_src=twsrc%5Etfw\">#ONU<\/a>. Exigimos q SU COMISION Q ESTA EN <a href=\"https:\/\/twitter.com\/hashtag\/CCS?src=hash&amp;ref_src=twsrc%5Etfw\">#CCS<\/a> ingrese al TRIBUNAL, para GARANTIZAR el DEBIDO PROCESO<\/p>\n<p>&mdash; Molly De La Sotta (@MollyDeLaSotta) <a href=\"https:\/\/twitter.com\/MollyDeLaSotta\/status\/1328713089496338438?ref_src=twsrc%5Etfw\">November 17, 2020<\/a><\/p><\/blockquote>\n<p><script async src=\"https:\/\/platform.twitter.com\/widgets.js\" charset=\"utf-8\"><\/script><\/p>\n<p>En este sentido, De La Sotta exigi\u00f3 que la comisi\u00f3n de la oficina de Bachelet ubicada en Caracas, ingrese a los procesos, para garantizar que se cumpla con el debido proceso.<\/p>\n<p>\u00abEst\u00e1n presentando como testigos a los mismos funcionarios de Dgcim, incluyendo a los mismos torturadores\u00bb, alert\u00f3.<\/p>\n<p>Tambi\u00e9n a\u00f1adi\u00f3 que no se permite a los familiares el ingreso a los juicios, adem\u00e1s exigi\u00f3 que se cumpla con el mandato de la ONU y justicia para los presos pol\u00edticos.<\/p><div class=\"wgbmu69f4f1d6567be\" ><p style=\"text-align: center;\"><a href=\"https:\/\/t.me\/noticiasdigital58\" target=\"_blank\" rel=\"noopener\"><img class=\"aligncenter size-full wp-image-125363\" src=\"https:\/\/digital58.com.ve\/site\/wp-content\/uploads\/2021\/04\/banner-telegram-web-2021.png\" alt=\"\" width=\"600\" height=\"90\" \/><\/a><\/p><\/div><style type=\"text\/css\">\r\n@media screen and (min-width: 1201px) {\r\n.wgbmu69f4f1d6567be {\r\ndisplay: block;\r\n}\r\n}\r\n@media screen and (min-width: 993px) and (max-width: 1200px) {\r\n.wgbmu69f4f1d6567be {\r\ndisplay: block;\r\n}\r\n}\r\n@media screen and (min-width: 769px) and (max-width: 992px) {\r\n.wgbmu69f4f1d6567be {\r\ndisplay: block;\r\n}\r\n}\r\n@media screen and (min-width: 768px) and (max-width: 768px) {\r\n.wgbmu69f4f1d6567be {\r\ndisplay: block;\r\n}\r\n}\r\n@media screen and (max-width: 767px) {\r\n.wgbmu69f4f1d6567be {\r\ndisplay: block;\r\n}\r\n}\r\n<\/style>\r\n\n<p><strong>Redacci\u00f3n: Morales, Joel (@joeldmc32)<br \/>\nEdici\u00f3n: Villasmil, Henry<br \/>\nGr\u00e1fica: Cortes\u00eda <\/strong><\/p>\n<div style=\"margin-top: 0px; margin-bottom: 0px;\" class=\"sharethis-inline-share-buttons\" ><\/div>","protected":false},"excerpt":{"rendered":"<p>Denuncian que los testigos presentados en los procesos, son los mismos custodios del Dgcim, quienes tienen bajo su responsabilidad a<\/p>\n","protected":false},"author":29,"featured_media":132986,"comment_status":"open","ping_status":"closed","sticky":false,"template":"","format":"standard","meta":{"colormag_page_container_layout":"default_layout","colormag_page_sidebar_layout":"default_layout","_uag_custom_page_level_css":"","footnotes":""},"categories":[16454],"tags":[29,15351,22248,233,11062,32],"class_list":["post-132985","post","type-post","status-publish","format-standard","has-post-thumbnail","hentry","category-venezuela","tag-caracas","tag-fuerte-tiuna","tag-juicios","tag-nacionales","tag-presos-politicos","tag-venezuela"],"yoast_head":"<!-- This site is optimized with the Yoast SEO plugin v27.5 - https:\/\/yoast.com\/product\/yoast-seo-wordpress\/ -->\n<title>Alertan que se est\u00e1n llevando a cabo juicios contra militares detenidos en el Dgcim<\/title>\n<meta name=\"description\" content=\"Venezuela\" \/>\n<meta name=\"robots\" content=\"index, follow, max-snippet:-1, max-image-preview:large, max-video-preview:-1\" \/>\n<link rel=\"canonical\" href=\"https:\/\/digital58.com.ve\/site\/2020\/11\/17\/alertan-que-se-estan-llevando-a-cabo-juicios-contra-militares-detenidos-en-el-dgcim\/\" \/>\n<meta property=\"og:locale\" content=\"es_ES\" \/>\n<meta property=\"og:type\" content=\"article\" \/>\n<meta property=\"og:title\" content=\"Alertan que se est\u00e1n llevando a cabo juicios contra militares detenidos en el Dgcim\" \/>\n<meta property=\"og:description\" content=\"Venezuela\" \/>\n<meta property=\"og:url\" content=\"https:\/\/digital58.com.ve\/site\/2020\/11\/17\/alertan-que-se-estan-llevando-a-cabo-juicios-contra-militares-detenidos-en-el-dgcim\/\" \/>\n<meta property=\"og:site_name\" content=\"Noticias Digital58\" \/>\n<meta property=\"article:published_time\" content=\"2020-11-17T18:25:47+00:00\" \/>\n<meta property=\"og:image\" content=\"https:\/\/digital58.com.ve\/site\/wp-content\/uploads\/2020\/11\/Tribunal-Supremo-de-Justicia.jpg\" \/>\n\t<meta property=\"og:image:width\" content=\"800\" \/>\n\t<meta property=\"og:image:height\" content=\"451\" \/>\n\t<meta property=\"og:image:type\" content=\"image\/jpeg\" \/>\n<meta name=\"author\" content=\"Morales Joel\" \/>\n<meta name=\"twitter:card\" content=\"summary_large_image\" \/>\n<meta name=\"twitter:creator\" content=\"@Digital_58\" \/>\n<meta name=\"twitter:site\" content=\"@villasmilhfoto\" \/>\n<meta name=\"twitter:label1\" content=\"Escrito por\" \/>\n\t<meta name=\"twitter:data1\" content=\"Morales Joel\" \/>\n\t<meta name=\"twitter:label2\" content=\"Tiempo estimado de lectura\" \/>\n\t<meta name=\"twitter:data2\" content=\"1 minuto\" \/>\n<script type=\"application\/ld+json\" class=\"yoast-schema-graph\">{\"@context\":\"https:\\\/\\\/schema.org\",\"@graph\":[{\"@type\":\"Article\",\"@id\":\"https:\\\/\\\/digital58.com.ve\\\/site\\\/2020\\\/11\\\/17\\\/alertan-que-se-estan-llevando-a-cabo-juicios-contra-militares-detenidos-en-el-dgcim\\\/#article\",\"isPartOf\":{\"@id\":\"https:\\\/\\\/digital58.com.ve\\\/site\\\/2020\\\/11\\\/17\\\/alertan-que-se-estan-llevando-a-cabo-juicios-contra-militares-detenidos-en-el-dgcim\\\/\"},\"author\":{\"name\":\"Morales Joel\",\"@id\":\"https:\\\/\\\/digital58.com.ve\\\/site\\\/#\\\/schema\\\/person\\\/8daf5f8bfd9ebdb98150c62bff195b72\"},\"headline\":\"Alertan que se est\u00e1n llevando a cabo juicios contra militares detenidos en el Dgcim\",\"datePublished\":\"2020-11-17T18:25:47+00:00\",\"mainEntityOfPage\":{\"@id\":\"https:\\\/\\\/digital58.com.ve\\\/site\\\/2020\\\/11\\\/17\\\/alertan-que-se-estan-llevando-a-cabo-juicios-contra-militares-detenidos-en-el-dgcim\\\/\"},\"wordCount\":257,\"commentCount\":0,\"publisher\":{\"@id\":\"https:\\\/\\\/digital58.com.ve\\\/site\\\/#\\\/schema\\\/person\\\/64d1c2e4d0d4fd1b849980c4331c2951\"},\"image\":{\"@id\":\"https:\\\/\\\/digital58.com.ve\\\/site\\\/2020\\\/11\\\/17\\\/alertan-que-se-estan-llevando-a-cabo-juicios-contra-militares-detenidos-en-el-dgcim\\\/#primaryimage\"},\"thumbnailUrl\":\"https:\\\/\\\/digital58.com.ve\\\/site\\\/wp-content\\\/uploads\\\/2020\\\/11\\\/Tribunal-Supremo-de-Justicia.jpg\",\"keywords\":[\"Caracas\",\"Fuerte Tiuna\",\"Juicios\",\"Nacionales\",\"Presos pol\u00edticos\",\"Venezuela\"],\"articleSection\":[\"Venezuela\"],\"inLanguage\":\"es\",\"potentialAction\":[{\"@type\":\"CommentAction\",\"name\":\"Comment\",\"target\":[\"https:\\\/\\\/digital58.com.ve\\\/site\\\/2020\\\/11\\\/17\\\/alertan-que-se-estan-llevando-a-cabo-juicios-contra-militares-detenidos-en-el-dgcim\\\/#respond\"]}]},{\"@type\":\"WebPage\",\"@id\":\"https:\\\/\\\/digital58.com.ve\\\/site\\\/2020\\\/11\\\/17\\\/alertan-que-se-estan-llevando-a-cabo-juicios-contra-militares-detenidos-en-el-dgcim\\\/\",\"url\":\"https:\\\/\\\/digital58.com.ve\\\/site\\\/2020\\\/11\\\/17\\\/alertan-que-se-estan-llevando-a-cabo-juicios-contra-militares-detenidos-en-el-dgcim\\\/\",\"name\":\"Alertan que se est\u00e1n llevando a cabo juicios contra militares detenidos en el Dgcim\",\"isPartOf\":{\"@id\":\"https:\\\/\\\/digital58.com.ve\\\/site\\\/#website\"},\"primaryImageOfPage\":{\"@id\":\"https:\\\/\\\/digital58.com.ve\\\/site\\\/2020\\\/11\\\/17\\\/alertan-que-se-estan-llevando-a-cabo-juicios-contra-militares-detenidos-en-el-dgcim\\\/#primaryimage\"},\"image\":{\"@id\":\"https:\\\/\\\/digital58.com.ve\\\/site\\\/2020\\\/11\\\/17\\\/alertan-que-se-estan-llevando-a-cabo-juicios-contra-militares-detenidos-en-el-dgcim\\\/#primaryimage\"},\"thumbnailUrl\":\"https:\\\/\\\/digital58.com.ve\\\/site\\\/wp-content\\\/uploads\\\/2020\\\/11\\\/Tribunal-Supremo-de-Justicia.jpg\",\"datePublished\":\"2020-11-17T18:25:47+00:00\",\"description\":\"Venezuela\",\"breadcrumb\":{\"@id\":\"https:\\\/\\\/digital58.com.ve\\\/site\\\/2020\\\/11\\\/17\\\/alertan-que-se-estan-llevando-a-cabo-juicios-contra-militares-detenidos-en-el-dgcim\\\/#breadcrumb\"},\"inLanguage\":\"es\",\"potentialAction\":[{\"@type\":\"ReadAction\",\"target\":[\"https:\\\/\\\/digital58.com.ve\\\/site\\\/2020\\\/11\\\/17\\\/alertan-que-se-estan-llevando-a-cabo-juicios-contra-militares-detenidos-en-el-dgcim\\\/\"]}]},{\"@type\":\"ImageObject\",\"inLanguage\":\"es\",\"@id\":\"https:\\\/\\\/digital58.com.ve\\\/site\\\/2020\\\/11\\\/17\\\/alertan-que-se-estan-llevando-a-cabo-juicios-contra-militares-detenidos-en-el-dgcim\\\/#primaryimage\",\"url\":\"https:\\\/\\\/digital58.com.ve\\\/site\\\/wp-content\\\/uploads\\\/2020\\\/11\\\/Tribunal-Supremo-de-Justicia.jpg\",\"contentUrl\":\"https:\\\/\\\/digital58.com.ve\\\/site\\\/wp-content\\\/uploads\\\/2020\\\/11\\\/Tribunal-Supremo-de-Justicia.jpg\",\"width\":800,\"height\":451},{\"@type\":\"BreadcrumbList\",\"@id\":\"https:\\\/\\\/digital58.com.ve\\\/site\\\/2020\\\/11\\\/17\\\/alertan-que-se-estan-llevando-a-cabo-juicios-contra-militares-detenidos-en-el-dgcim\\\/#breadcrumb\",\"itemListElement\":[{\"@type\":\"ListItem\",\"position\":1,\"name\":\"Home\",\"item\":\"https:\\\/\\\/digital58.com.ve\\\/site\\\/\"},{\"@type\":\"ListItem\",\"position\":2,\"name\":\"Alertan que se est\u00e1n llevando a cabo juicios contra militares detenidos en el Dgcim\"}]},{\"@type\":\"WebSite\",\"@id\":\"https:\\\/\\\/digital58.com.ve\\\/site\\\/#website\",\"url\":\"https:\\\/\\\/digital58.com.ve\\\/site\\\/\",\"name\":\"Noticias Digital58\",\"description\":\"Portal de Noticias \u00a1Periodismo web de verdad! Lanzamiento web 22.11.2005 \\\/ Maracaibo, Venezuela\",\"publisher\":{\"@id\":\"https:\\\/\\\/digital58.com.ve\\\/site\\\/#\\\/schema\\\/person\\\/64d1c2e4d0d4fd1b849980c4331c2951\"},\"alternateName\":\"ND58\",\"potentialAction\":[{\"@type\":\"SearchAction\",\"target\":{\"@type\":\"EntryPoint\",\"urlTemplate\":\"https:\\\/\\\/digital58.com.ve\\\/site\\\/?s={search_term_string}\"},\"query-input\":{\"@type\":\"PropertyValueSpecification\",\"valueRequired\":true,\"valueName\":\"search_term_string\"}}],\"inLanguage\":\"es\"},{\"@type\":[\"Person\",\"Organization\"],\"@id\":\"https:\\\/\\\/digital58.com.ve\\\/site\\\/#\\\/schema\\\/person\\\/64d1c2e4d0d4fd1b849980c4331c2951\",\"name\":\"Villasmil Henry\",\"image\":{\"@type\":\"ImageObject\",\"inLanguage\":\"es\",\"@id\":\"https:\\\/\\\/secure.gravatar.com\\\/avatar\\\/bb0c4a2fcb7970138239f7e404ea75757b1b507b28b5ce4c53fbd62d797c5a7c?s=96&d=mm&r=g\",\"url\":\"https:\\\/\\\/secure.gravatar.com\\\/avatar\\\/bb0c4a2fcb7970138239f7e404ea75757b1b507b28b5ce4c53fbd62d797c5a7c?s=96&d=mm&r=g\",\"contentUrl\":\"https:\\\/\\\/secure.gravatar.com\\\/avatar\\\/bb0c4a2fcb7970138239f7e404ea75757b1b507b28b5ce4c53fbd62d797c5a7c?s=96&d=mm&r=g\",\"caption\":\"Villasmil Henry\"},\"logo\":{\"@id\":\"https:\\\/\\\/secure.gravatar.com\\\/avatar\\\/bb0c4a2fcb7970138239f7e404ea75757b1b507b28b5ce4c53fbd62d797c5a7c?s=96&d=mm&r=g\"},\"sameAs\":[\"http:\\\/\\\/www.henryvillasmil.com.ve\",\"https:\\\/\\\/www.instagram.com\\\/villasmilhfoto\\\/\",\"https:\\\/\\\/x.com\\\/https:\\\/\\\/twitter.com\\\/villasmilhfoto\"]},{\"@type\":\"Person\",\"@id\":\"https:\\\/\\\/digital58.com.ve\\\/site\\\/#\\\/schema\\\/person\\\/8daf5f8bfd9ebdb98150c62bff195b72\",\"name\":\"Morales Joel\",\"image\":{\"@type\":\"ImageObject\",\"inLanguage\":\"es\",\"@id\":\"https:\\\/\\\/secure.gravatar.com\\\/avatar\\\/e2cb5ce0e9279ab3c8e03d472e483f32e666716a18da3bfa7b0749a5465409f1?s=96&d=mm&r=g\",\"url\":\"https:\\\/\\\/secure.gravatar.com\\\/avatar\\\/e2cb5ce0e9279ab3c8e03d472e483f32e666716a18da3bfa7b0749a5465409f1?s=96&d=mm&r=g\",\"contentUrl\":\"https:\\\/\\\/secure.gravatar.com\\\/avatar\\\/e2cb5ce0e9279ab3c8e03d472e483f32e666716a18da3bfa7b0749a5465409f1?s=96&d=mm&r=g\",\"caption\":\"Morales Joel\"},\"url\":\"https:\\\/\\\/digital58.com.ve\\\/site\\\/author\\\/joelm\\\/\"}]}<\/script>\n<!-- \/ Yoast SEO plugin. -->","yoast_head_json":{"title":"Alertan que se est\u00e1n llevando a cabo juicios contra militares detenidos en el Dgcim","description":"Venezuela","robots":{"index":"index","follow":"follow","max-snippet":"max-snippet:-1","max-image-preview":"max-image-preview:large","max-video-preview":"max-video-preview:-1"},"canonical":"https:\/\/digital58.com.ve\/site\/2020\/11\/17\/alertan-que-se-estan-llevando-a-cabo-juicios-contra-militares-detenidos-en-el-dgcim\/","og_locale":"es_ES","og_type":"article","og_title":"Alertan que se est\u00e1n llevando a cabo juicios contra militares detenidos en el Dgcim","og_description":"Venezuela","og_url":"https:\/\/digital58.com.ve\/site\/2020\/11\/17\/alertan-que-se-estan-llevando-a-cabo-juicios-contra-militares-detenidos-en-el-dgcim\/","og_site_name":"Noticias Digital58","article_published_time":"2020-11-17T18:25:47+00:00","og_image":[{"width":800,"height":451,"url":"https:\/\/digital58.com.ve\/site\/wp-content\/uploads\/2020\/11\/Tribunal-Supremo-de-Justicia.jpg","type":"image\/jpeg"}],"author":"Morales Joel","twitter_card":"summary_large_image","twitter_creator":"@Digital_58","twitter_site":"@villasmilhfoto","twitter_misc":{"Escrito por":"Morales Joel","Tiempo estimado de lectura":"1 minuto"},"schema":{"@context":"https:\/\/schema.org","@graph":[{"@type":"Article","@id":"https:\/\/digital58.com.ve\/site\/2020\/11\/17\/alertan-que-se-estan-llevando-a-cabo-juicios-contra-militares-detenidos-en-el-dgcim\/#article","isPartOf":{"@id":"https:\/\/digital58.com.ve\/site\/2020\/11\/17\/alertan-que-se-estan-llevando-a-cabo-juicios-contra-militares-detenidos-en-el-dgcim\/"},"author":{"name":"Morales Joel","@id":"https:\/\/digital58.com.ve\/site\/#\/schema\/person\/8daf5f8bfd9ebdb98150c62bff195b72"},"headline":"Alertan que se est\u00e1n llevando a cabo juicios contra militares detenidos en el Dgcim","datePublished":"2020-11-17T18:25:47+00:00","mainEntityOfPage":{"@id":"https:\/\/digital58.com.ve\/site\/2020\/11\/17\/alertan-que-se-estan-llevando-a-cabo-juicios-contra-militares-detenidos-en-el-dgcim\/"},"wordCount":257,"commentCount":0,"publisher":{"@id":"https:\/\/digital58.com.ve\/site\/#\/schema\/person\/64d1c2e4d0d4fd1b849980c4331c2951"},"image":{"@id":"https:\/\/digital58.com.ve\/site\/2020\/11\/17\/alertan-que-se-estan-llevando-a-cabo-juicios-contra-militares-detenidos-en-el-dgcim\/#primaryimage"},"thumbnailUrl":"https:\/\/digital58.com.ve\/site\/wp-content\/uploads\/2020\/11\/Tribunal-Supremo-de-Justicia.jpg","keywords":["Caracas","Fuerte Tiuna","Juicios","Nacionales","Presos pol\u00edticos","Venezuela"],"articleSection":["Venezuela"],"inLanguage":"es","potentialAction":[{"@type":"CommentAction","name":"Comment","target":["https:\/\/digital58.com.ve\/site\/2020\/11\/17\/alertan-que-se-estan-llevando-a-cabo-juicios-contra-militares-detenidos-en-el-dgcim\/#respond"]}]},{"@type":"WebPage","@id":"https:\/\/digital58.com.ve\/site\/2020\/11\/17\/alertan-que-se-estan-llevando-a-cabo-juicios-contra-militares-detenidos-en-el-dgcim\/","url":"https:\/\/digital58.com.ve\/site\/2020\/11\/17\/alertan-que-se-estan-llevando-a-cabo-juicios-contra-militares-detenidos-en-el-dgcim\/","name":"Alertan que se est\u00e1n llevando a cabo juicios contra militares detenidos en el Dgcim","isPartOf":{"@id":"https:\/\/digital58.com.ve\/site\/#website"},"primaryImageOfPage":{"@id":"https:\/\/digital58.com.ve\/site\/2020\/11\/17\/alertan-que-se-estan-llevando-a-cabo-juicios-contra-militares-detenidos-en-el-dgcim\/#primaryimage"},"image":{"@id":"https:\/\/digital58.com.ve\/site\/2020\/11\/17\/alertan-que-se-estan-llevando-a-cabo-juicios-contra-militares-detenidos-en-el-dgcim\/#primaryimage"},"thumbnailUrl":"https:\/\/digital58.com.ve\/site\/wp-content\/uploads\/2020\/11\/Tribunal-Supremo-de-Justicia.jpg","datePublished":"2020-11-17T18:25:47+00:00","description":"Venezuela","breadcrumb":{"@id":"https:\/\/digital58.com.ve\/site\/2020\/11\/17\/alertan-que-se-estan-llevando-a-cabo-juicios-contra-militares-detenidos-en-el-dgcim\/#breadcrumb"},"inLanguage":"es","potentialAction":[{"@type":"ReadAction","target":["https:\/\/digital58.com.ve\/site\/2020\/11\/17\/alertan-que-se-estan-llevando-a-cabo-juicios-contra-militares-detenidos-en-el-dgcim\/"]}]},{"@type":"ImageObject","inLanguage":"es","@id":"https:\/\/digital58.com.ve\/site\/2020\/11\/17\/alertan-que-se-estan-llevando-a-cabo-juicios-contra-militares-detenidos-en-el-dgcim\/#primaryimage","url":"https:\/\/digital58.com.ve\/site\/wp-content\/uploads\/2020\/11\/Tribunal-Supremo-de-Justicia.jpg","contentUrl":"https:\/\/digital58.com.ve\/site\/wp-content\/uploads\/2020\/11\/Tribunal-Supremo-de-Justicia.jpg","width":800,"height":451},{"@type":"BreadcrumbList","@id":"https:\/\/digital58.com.ve\/site\/2020\/11\/17\/alertan-que-se-estan-llevando-a-cabo-juicios-contra-militares-detenidos-en-el-dgcim\/#breadcrumb","itemListElement":[{"@type":"ListItem","position":1,"name":"Home","item":"https:\/\/digital58.com.ve\/site\/"},{"@type":"ListItem","position":2,"name":"Alertan que se est\u00e1n llevando a cabo juicios contra militares detenidos en el Dgcim"}]},{"@type":"WebSite","@id":"https:\/\/digital58.com.ve\/site\/#website","url":"https:\/\/digital58.com.ve\/site\/","name":"Noticias Digital58","description":"Portal de Noticias \u00a1Periodismo web de verdad! Lanzamiento web 22.11.2005 \/ Maracaibo, Venezuela","publisher":{"@id":"https:\/\/digital58.com.ve\/site\/#\/schema\/person\/64d1c2e4d0d4fd1b849980c4331c2951"},"alternateName":"ND58","potentialAction":[{"@type":"SearchAction","target":{"@type":"EntryPoint","urlTemplate":"https:\/\/digital58.com.ve\/site\/?s={search_term_string}"},"query-input":{"@type":"PropertyValueSpecification","valueRequired":true,"valueName":"search_term_string"}}],"inLanguage":"es"},{"@type":["Person","Organization"],"@id":"https:\/\/digital58.com.ve\/site\/#\/schema\/person\/64d1c2e4d0d4fd1b849980c4331c2951","name":"Villasmil Henry","image":{"@type":"ImageObject","inLanguage":"es","@id":"https:\/\/secure.gravatar.com\/avatar\/bb0c4a2fcb7970138239f7e404ea75757b1b507b28b5ce4c53fbd62d797c5a7c?s=96&d=mm&r=g","url":"https:\/\/secure.gravatar.com\/avatar\/bb0c4a2fcb7970138239f7e404ea75757b1b507b28b5ce4c53fbd62d797c5a7c?s=96&d=mm&r=g","contentUrl":"https:\/\/secure.gravatar.com\/avatar\/bb0c4a2fcb7970138239f7e404ea75757b1b507b28b5ce4c53fbd62d797c5a7c?s=96&d=mm&r=g","caption":"Villasmil Henry"},"logo":{"@id":"https:\/\/secure.gravatar.com\/avatar\/bb0c4a2fcb7970138239f7e404ea75757b1b507b28b5ce4c53fbd62d797c5a7c?s=96&d=mm&r=g"},"sameAs":["http:\/\/www.henryvillasmil.com.ve","https:\/\/www.instagram.com\/villasmilhfoto\/","https:\/\/x.com\/https:\/\/twitter.com\/villasmilhfoto"]},{"@type":"Person","@id":"https:\/\/digital58.com.ve\/site\/#\/schema\/person\/8daf5f8bfd9ebdb98150c62bff195b72","name":"Morales Joel","image":{"@type":"ImageObject","inLanguage":"es","@id":"https:\/\/secure.gravatar.com\/avatar\/e2cb5ce0e9279ab3c8e03d472e483f32e666716a18da3bfa7b0749a5465409f1?s=96&d=mm&r=g","url":"https:\/\/secure.gravatar.com\/avatar\/e2cb5ce0e9279ab3c8e03d472e483f32e666716a18da3bfa7b0749a5465409f1?s=96&d=mm&r=g","contentUrl":"https:\/\/secure.gravatar.com\/avatar\/e2cb5ce0e9279ab3c8e03d472e483f32e666716a18da3bfa7b0749a5465409f1?s=96&d=mm&r=g","caption":"Morales Joel"},"url":"https:\/\/digital58.com.ve\/site\/author\/joelm\/"}]}},"uagb_featured_image_src":{"full":["https:\/\/digital58.com.ve\/site\/wp-content\/uploads\/2020\/11\/Tribunal-Supremo-de-Justicia.jpg",800,451,false],"thumbnail":["https:\/\/digital58.com.ve\/site\/wp-content\/uploads\/2020\/11\/Tribunal-Supremo-de-Justicia-150x150.jpg",150,150,true],"medium":["https:\/\/digital58.com.ve\/site\/wp-content\/uploads\/2020\/11\/Tribunal-Supremo-de-Justicia-300x169.jpg",300,169,true],"medium_large":["https:\/\/digital58.com.ve\/site\/wp-content\/uploads\/2020\/11\/Tribunal-Supremo-de-Justicia-768x433.jpg",768,433,true],"large":["https:\/\/digital58.com.ve\/site\/wp-content\/uploads\/2020\/11\/Tribunal-Supremo-de-Justicia.jpg",800,451,false],"1536x1536":["https:\/\/digital58.com.ve\/site\/wp-content\/uploads\/2020\/11\/Tribunal-Supremo-de-Justicia.jpg",800,451,false],"2048x2048":["https:\/\/digital58.com.ve\/site\/wp-content\/uploads\/2020\/11\/Tribunal-Supremo-de-Justicia.jpg",800,451,false],"colormag-highlighted-post":["https:\/\/digital58.com.ve\/site\/wp-content\/uploads\/2020\/11\/Tribunal-Supremo-de-Justicia.jpg",392,221,false],"colormag-featured-post-medium":["https:\/\/digital58.com.ve\/site\/wp-content\/uploads\/2020\/11\/Tribunal-Supremo-de-Justicia.jpg",364,205,false],"colormag-featured-post-small":["https:\/\/digital58.com.ve\/site\/wp-content\/uploads\/2020\/11\/Tribunal-Supremo-de-Justicia.jpg",130,73,false],"colormag-featured-image":["https:\/\/digital58.com.ve\/site\/wp-content\/uploads\/2020\/11\/Tribunal-Supremo-de-Justicia.jpg",789,445,false],"colormag-default-news":["https:\/\/digital58.com.ve\/site\/wp-content\/uploads\/2020\/11\/Tribunal-Supremo-de-Justicia.jpg",150,85,false],"colormag-featured-image-large":["https:\/\/digital58.com.ve\/site\/wp-content\/uploads\/2020\/11\/Tribunal-Supremo-de-Justicia.jpg",800,451,false]},"uagb_author_info":{"display_name":"Morales Joel","author_link":"https:\/\/digital58.com.ve\/site\/author\/joelm\/"},"uagb_comment_info":0,"uagb_excerpt":"Denuncian que los testigos presentados en los procesos, son los mismos custodios del Dgcim, quienes tienen bajo su responsabilidad a","_links":{"self":[{"href":"https:\/\/digital58.com.ve\/site\/wp-json\/wp\/v2\/posts\/132985","targetHints":{"allow":["GET"]}}],"collection":[{"href":"https:\/\/digital58.com.ve\/site\/wp-json\/wp\/v2\/posts"}],"about":[{"href":"https:\/\/digital58.com.ve\/site\/wp-json\/wp\/v2\/types\/post"}],"author":[{"embeddable":true,"href":"https:\/\/digital58.com.ve\/site\/wp-json\/wp\/v2\/users\/29"}],"replies":[{"embeddable":true,"href":"https:\/\/digital58.com.ve\/site\/wp-json\/wp\/v2\/comments?post=132985"}],"version-history":[{"count":0,"href":"https:\/\/digital58.com.ve\/site\/wp-json\/wp\/v2\/posts\/132985\/revisions"}],"wp:featuredmedia":[{"embeddable":true,"href":"https:\/\/digital58.com.ve\/site\/wp-json\/wp\/v2\/media\/132986"}],"wp:attachment":[{"href":"https:\/\/digital58.com.ve\/site\/wp-json\/wp\/v2\/media?parent=132985"}],"wp:term":[{"taxonomy":"category","embeddable":true,"href":"https:\/\/digital58.com.ve\/site\/wp-json\/wp\/v2\/categories?post=132985"},{"taxonomy":"post_tag","embeddable":true,"href":"https:\/\/digital58.com.ve\/site\/wp-json\/wp\/v2\/tags?post=132985"}],"curies":[{"name":"wp","href":"https:\/\/api.w.org\/{rel}","templated":true}]}}