{"id":133020,"date":"2020-11-18T17:45:45","date_gmt":"2020-11-18T21:45:45","guid":{"rendered":"https:\/\/digital58.com.ve\/site\/?p=133020"},"modified":"2020-11-18T17:45:45","modified_gmt":"2020-11-18T21:45:45","slug":"esta-es-mi-tierra-es-la-gaita-del-ano-2020","status":"publish","type":"post","link":"https:\/\/digital58.com.ve\/site\/2020\/11\/18\/esta-es-mi-tierra-es-la-gaita-del-ano-2020\/","title":{"rendered":"\u00abEsta es mi tierra\u00bb es la Gaita del A\u00f1o 2020"},"content":{"rendered":"<p><a href=\"https:\/\/digital58.com.ve\/site\/wp-content\/uploads\/2020\/11\/gaita-del-ano.jpg\"><img loading=\"lazy\" decoding=\"async\" class=\"aligncenter size-full wp-image-133023\" src=\"https:\/\/digital58.com.ve\/site\/wp-content\/uploads\/2020\/11\/gaita-del-ano.jpg\" alt=\"\" width=\"900\" height=\"598\" srcset=\"https:\/\/digital58.com.ve\/site\/wp-content\/uploads\/2020\/11\/gaita-del-ano.jpg 800w, https:\/\/digital58.com.ve\/site\/wp-content\/uploads\/2020\/11\/gaita-del-ano-300x199.jpg 300w, https:\/\/digital58.com.ve\/site\/wp-content\/uploads\/2020\/11\/gaita-del-ano-768x510.jpg 768w, https:\/\/digital58.com.ve\/site\/wp-content\/uploads\/2020\/11\/gaita-del-ano-480x320.jpg 480w\" sizes=\"auto, (max-width: 900px) 100vw, 900px\" \/><\/a><\/p>\n<p>Daniel Alvarado \u00abEl Negrito Fullero\u00bb recibi\u00f3 la Orden Ciudad de Maracaibo y la Orden Ricardo Aguirre en su \u00danica Clase <em>post mortem<\/em>, entregada por Jessy Gascon y Willy Casanova respectivamente y recibidas por su hijo Carlos Daniel Alvarado.<\/p>\n<p><strong>Maracaibo, Zulia, Venezuela, 18 de noviembre de 2020 (ND58).-<\/strong> \u00abEsta es mi tierra\u00bb, compuesta por Dicson A\u00f1ez e interpretada por Danelo Badell con la agrupaci\u00f3n Los Grandes de la Gaita, bajo la direcci\u00f3n de Humberto S\u00e1nchez \u00abEl Ovejo\u00bb, fue electa como la Gaita del A\u00f1o 2020, en un evento lleno de alegr\u00eda pascuera que venci\u00f3 las dificultades acarreadas por la pandemia y las condiciones clim\u00e1ticas generadas por una onda tropical.<\/p>\n<div class=\"lyte-wrapper\" title=\"Esta Es Mi Tierra Danelo Badell Gaitas 2020 Los Grandes De La Gaita\" style=\"width:640px;max-width:100%;margin:5px auto;\"><div class=\"lyMe\" id=\"WYL_qF9bZM3msAk\" itemprop=\"video\" itemscope itemtype=\"https:\/\/schema.org\/VideoObject\"><div><meta itemprop=\"thumbnailUrl\" content=\"https:\/\/i.ytimg.com\/vi\/qF9bZM3msAk\/hqdefault.jpg\" \/><meta itemprop=\"embedURL\" content=\"https:\/\/www.youtube.com\/embed\/qF9bZM3msAk\" \/><meta itemprop=\"duration\" content=\"PT3M\" \/><meta itemprop=\"uploadDate\" content=\"2020-08-24T14:39:37Z\" \/><\/div><div id=\"lyte_qF9bZM3msAk\" data-src=\"https:\/\/i.ytimg.com\/vi\/qF9bZM3msAk\/hqdefault.jpg\" class=\"pL\"><div class=\"tC\"><div class=\"tT\" itemprop=\"name\">Esta Es Mi Tierra Danelo Badell Gaitas 2020 Los Grandes De La Gaita<\/div><\/div><div class=\"play\"><\/div><div class=\"ctrl\"><div class=\"Lctrl\"><\/div><div class=\"Rctrl\"><\/div><\/div><\/div><noscript><a href=\"https:\/\/youtu.be\/qF9bZM3msAk\" rel=\"nofollow\"><img loading=\"lazy\" decoding=\"async\" src=\"https:\/\/i.ytimg.com\/vi\/qF9bZM3msAk\/0.jpg\" alt=\"Esta Es Mi Tierra Danelo Badell Gaitas 2020 Los Grandes De La Gaita\" width=\"640\" height=\"340\" \/><br \/>Ver este video en YouTube<\/a><\/noscript><meta itemprop=\"description\" content=\"Tema: Esta Es Mi Tierra Solista: Danelo Badell LyM: Dicson A\u00f1ez Arreglos: Algimiro Nava Producci\u00f3n general: Humberto Sanchez (el Ovejo) y Elvis fuenmayor Agrupaci\u00f3n: los grandes de la gaita Temporada 2020\"><\/div><\/div><div class=\"lL\" style=\"max-width:100%;width:640px;margin:5px auto;\"><\/div><\/p>\n<p>La gran gala final de la Gaita del A\u00f1o, organizada por la Alcald\u00eda de Maracaibo la noche del 17 de noviembre en homenaje a Daniel Alvarado, el \u00abNegrito Fullero\u00bb, se sinti\u00f3 en Am\u00e9rica, Europa y Asia a trav\u00e9s de las redes sociales, la radio y la televisi\u00f3n desde el Gran Sal\u00f3n Bol\u00edvar del Hotel Tibisay, el cual lleg\u00f3 a su m\u00e1xima capacidad permitida como prevenci\u00f3n ante la pandemia.<\/p>\n<p><a href=\"https:\/\/digital58.com.ve\/site\/wp-content\/uploads\/2020\/11\/esta-es-mi-tierra.jpg\"><img loading=\"lazy\" decoding=\"async\" class=\"aligncenter size-full wp-image-133024\" src=\"https:\/\/digital58.com.ve\/site\/wp-content\/uploads\/2020\/11\/esta-es-mi-tierra.jpg\" alt=\"\" width=\"900\" height=\"600\" srcset=\"https:\/\/digital58.com.ve\/site\/wp-content\/uploads\/2020\/11\/esta-es-mi-tierra.jpg 800w, https:\/\/digital58.com.ve\/site\/wp-content\/uploads\/2020\/11\/esta-es-mi-tierra-300x200.jpg 300w, https:\/\/digital58.com.ve\/site\/wp-content\/uploads\/2020\/11\/esta-es-mi-tierra-768x512.jpg 768w, https:\/\/digital58.com.ve\/site\/wp-content\/uploads\/2020\/11\/esta-es-mi-tierra-720x480.jpg 720w, https:\/\/digital58.com.ve\/site\/wp-content\/uploads\/2020\/11\/esta-es-mi-tierra-480x320.jpg 480w\" sizes=\"auto, (max-width: 900px) 100vw, 900px\" \/><\/a><\/p>\n<p>El trofeo al primer lugar fue otorgado por el alcalde bolivariano, Willy Casanova y la primera combatiente y directora general de Desarrollo Social, Selene Estrach, junto con el Gobernador del Zulia, Omar Prieto, la primera combatiente Jesica Lucena y el Ministro de Turismo, Al\u00ed Padr\u00f3n Paredes.<\/p>\n<p>La presidenta del Concejo Municipal, Jessy Gascon, junto con notario p\u00fablico Pedro Villasmil, entreg\u00f3 el trofeo del segundo lugar a la agrupaci\u00f3n Saladillo 70, por la gaita \u00abRetazos del coraz\u00f3n\u00bb, compuesta por Argenis S\u00e1nchez; mientras que, Francisco Hidalgo, vicepresidente del Instituto Municipal de la Gaita Ricardo Aguirre (Imgra), entreg\u00f3 el premio al tercer lugar a la gaita \u00abConcierto celestial\u00bb, compuesta por Leandro Zuleta e interpretada por Gaiteros de Molero.<\/p>\n<p>En la nueva categor\u00eda Gaita Infantil\/Juvenil, creada este a\u00f1o por el Comit\u00e9 Organizador del Festival de la Gaita del A\u00f1o, result\u00f3 electa la gaita \u00abMi petici\u00f3n al ni\u00f1o Jes\u00fas\u00bb, compuesta por Carlos \u00abCondorito\u00bb Vargas, quien falleci\u00f3 recientemente, e interpretada por Los Verduguitos de Cabimas.<\/p>\n<p>El segundo lugar fue para \u00abYo soy\u00bb, de Machikytos, y el tercero para \u00abGaita por la mano\u00bb, de Gaiteritos del t\u00edo Freddy.<\/p>\n<p>\u00abEl manto de Mar\u00eda\u00bb, interpretada por Proyecto Pentagrama, se alz\u00f3 con el primer lugar en la nueva categor\u00eda mejor Gaita en el Exterior. \u00abYo te sue\u00f1o\u00bb, de la agrupaci\u00f3n As\u00ed suena Maracaibo, se llev\u00f3 el segundo lugar, mientras que \u00abMi cuatro gaitero\u00bb, de Zulianos Show, obtuvo el tercer puesto.<\/p>\n<p><a href=\"https:\/\/digital58.com.ve\/site\/wp-content\/uploads\/2020\/11\/willy-casanova.jpg\"><img loading=\"lazy\" decoding=\"async\" class=\"aligncenter size-full wp-image-133022\" src=\"https:\/\/digital58.com.ve\/site\/wp-content\/uploads\/2020\/11\/willy-casanova.jpg\" alt=\"\" width=\"900\" height=\"600\" srcset=\"https:\/\/digital58.com.ve\/site\/wp-content\/uploads\/2020\/11\/willy-casanova.jpg 800w, https:\/\/digital58.com.ve\/site\/wp-content\/uploads\/2020\/11\/willy-casanova-300x200.jpg 300w, https:\/\/digital58.com.ve\/site\/wp-content\/uploads\/2020\/11\/willy-casanova-768x512.jpg 768w, https:\/\/digital58.com.ve\/site\/wp-content\/uploads\/2020\/11\/willy-casanova-720x480.jpg 720w, https:\/\/digital58.com.ve\/site\/wp-content\/uploads\/2020\/11\/willy-casanova-480x320.jpg 480w\" sizes=\"auto, (max-width: 900px) 100vw, 900px\" \/><\/a><\/p>\n<p>El jurado fue integrado por Argenis Carruyo, Ender Carruyo, el cronista e historiador, Yldefonso Finol, Nectario S\u00e1nchez, Marvin Gonz\u00e1lez y la solista Lula L\u00f3pez; el m\u00fasico y compositor Francisco Yoris; el comentarista Juan Ramos; el locutor Enio Trujillo; el percusionista Eudomar Peralta; el compositor Jos\u00e9 Marrero; el cantautor Nelson Romero; el director del Coro Sinf\u00f3nico del Zulia, Rafael Patete; y el Ministro de Turismo, Al\u00ed Padr\u00f3n Paredes.<\/p>\n<p>La agrupaci\u00f3n Candela realiz\u00f3 una demostraci\u00f3n de los distintos ritmos de la gaita en la regi\u00f3n, que pusieron a bailar a las autoridades y al p\u00fablico presente en el acto, con la gaita de furro, la tamborera, la de Santa Lucia y la perijanera, adem\u00e1s de interpretar \u00abLas Petacas\u00bb, compuesta por Miguel Ord\u00f3\u00f1ez, presidente de Imgra.<\/p>\n<p><a href=\"https:\/\/digital58.com.ve\/site\/wp-content\/uploads\/2020\/11\/orden.jpg\"><img loading=\"lazy\" decoding=\"async\" class=\"aligncenter size-full wp-image-133025\" src=\"https:\/\/digital58.com.ve\/site\/wp-content\/uploads\/2020\/11\/orden.jpg\" alt=\"\" width=\"900\" height=\"598\" srcset=\"https:\/\/digital58.com.ve\/site\/wp-content\/uploads\/2020\/11\/orden.jpg 800w, https:\/\/digital58.com.ve\/site\/wp-content\/uploads\/2020\/11\/orden-300x199.jpg 300w, https:\/\/digital58.com.ve\/site\/wp-content\/uploads\/2020\/11\/orden-768x510.jpg 768w, https:\/\/digital58.com.ve\/site\/wp-content\/uploads\/2020\/11\/orden-480x320.jpg 480w\" sizes=\"auto, (max-width: 900px) 100vw, 900px\" \/><\/a><\/p>\n<h2>Homenaje a Daniel Alvarado<\/h2>\n<p>El grupo de Teatro Esencial se encarg\u00f3 de presentar a las gaitas desde el exterior y tambi\u00e9n encarn\u00f3 con un t\u00edtere al gaitero Astolfo Romero, \u00abel parroquiano\u00bb. Mientras que, a trav\u00e9s de una interconexi\u00f3n digital, el Coro Sinf\u00f3nico del Zulia present\u00f3 un arreglo polif\u00f3nico vocal de \u00abEl Negrito Fullero\u00bb.<\/p>\n<p>Daniel Alvarado \u00abEl Negrito Fullero\u00bb recibi\u00f3 la Orden Ciudad de Maracaibo <em>post mortem<\/em>, entregada por Jessy Gascon; y la Orden Ricardo Aguirre en su \u00danica Clase <em>post mortem<\/em>, entregada por Willy Casanova. Las recibi\u00f3 su hijo Carlos Daniel Alvarado y familiares.<\/p>\n<p>El ensamble del Imgra interpret\u00f3 varias canciones populares de Daniel Alvarado y luego se recordaron la Gaita del A\u00f1o 2019, \u00abAmores Maracaiberos\u00bb de Saladillo 70 y se revelaron los ganadores.<\/p>\n<div class=\"lyte-wrapper\" title=\"&iexcl;MIR&Aacute; AQU&Iacute; EN VIVO! Festival de la Gaita del A&ntilde;o 2020\" style=\"width:640px;max-width:100%;margin:5px auto;\"><div class=\"lyMe\" id=\"WYL_yN6tV5WwtMk\" itemprop=\"video\" itemscope itemtype=\"https:\/\/schema.org\/VideoObject\"><div><meta itemprop=\"thumbnailUrl\" content=\"https:\/\/i.ytimg.com\/vi\/yN6tV5WwtMk\/hqdefault.jpg\" \/><meta itemprop=\"embedURL\" content=\"https:\/\/www.youtube.com\/embed\/yN6tV5WwtMk\" \/><meta itemprop=\"duration\" content=\"PT4H45M1S\" \/><meta itemprop=\"uploadDate\" content=\"2020-11-18T03:21:40Z\" \/><\/div><div id=\"lyte_yN6tV5WwtMk\" data-src=\"https:\/\/i.ytimg.com\/vi\/yN6tV5WwtMk\/hqdefault.jpg\" class=\"pL\"><div class=\"tC\"><div class=\"tT\" itemprop=\"name\">\u00a1MIR\u00c1 AQU\u00cd EN VIVO! Festival de la Gaita del A\u00f1o 2020<\/div><\/div><div class=\"play\"><\/div><div class=\"ctrl\"><div class=\"Lctrl\"><\/div><div class=\"Rctrl\"><\/div><\/div><\/div><noscript><a href=\"https:\/\/youtu.be\/yN6tV5WwtMk\" rel=\"nofollow\"><img loading=\"lazy\" decoding=\"async\" src=\"https:\/\/i.ytimg.com\/vi\/yN6tV5WwtMk\/0.jpg\" alt=\"&iexcl;MIR&Aacute; AQU&Iacute; EN VIVO! Festival de la Gaita del A&ntilde;o 2020\" width=\"640\" height=\"340\" \/><br \/>Ver este video en YouTube<\/a><\/noscript><meta itemprop=\"description\" content=\"\u00a1 Lleg\u00f3 el gran d\u00eda! Siente la emoci\u00f3n que transmite la gaita al coraz\u00f3n del pueblo zuliano. Ya comenz\u00f3 nuestra cita virtual y vos est\u00e1is en primera fila para conocer la Gaita del A\u00f1o 2020, la mejor Gaita Infantil \/ Juvenil y la mejor Gaita en el Exterior. Tambi\u00e9n pod\u00e9is verlo a trav\u00e9s de la cuenta Instagram @willy_casanova, en los canales Coquivacoa TV, TVES y VTV, tambi\u00e9n la pod\u00e9is escuchar en RNV 91.7 FM. Adem\u00e1s de las Emisoras: Chiquinquire\u00f1a 90.9 FM, Suite 89.1 FM, Sabor 106.5 FM, Sur del Lago Stereo 91.9 FM, Sabana 98.7 FM, Selecta 102.7 FM, Ganadera 88.1 FM, M\u00e1gica 93.3 FM, Citojense Stereo 94.3 FM, Nueva G\u00e9nesis 90.7FM, Paz y Vida 107. 1 FM y Gal\u00e1ctica 94.5 FM.\"><\/div><\/div><div class=\"lL\" style=\"max-width:100%;width:640px;margin:5px auto;\"><\/div><\/p><div class=\"bdebo69f23af55a466\" ><p style=\"text-align: center;\"><a href=\"https:\/\/t.me\/noticiasdigital58\" target=\"_blank\" rel=\"noopener\"><img class=\"aligncenter size-full wp-image-125363\" src=\"https:\/\/digital58.com.ve\/site\/wp-content\/uploads\/2021\/04\/banner-telegram-web-2021.png\" alt=\"\" width=\"600\" height=\"90\" \/><\/a><\/p><\/div><style type=\"text\/css\">\r\n@media screen and (min-width: 1201px) {\r\n.bdebo69f23af55a466 {\r\ndisplay: block;\r\n}\r\n}\r\n@media screen and (min-width: 993px) and (max-width: 1200px) {\r\n.bdebo69f23af55a466 {\r\ndisplay: block;\r\n}\r\n}\r\n@media screen and (min-width: 769px) and (max-width: 992px) {\r\n.bdebo69f23af55a466 {\r\ndisplay: block;\r\n}\r\n}\r\n@media screen and (min-width: 768px) and (max-width: 768px) {\r\n.bdebo69f23af55a466 {\r\ndisplay: block;\r\n}\r\n}\r\n@media screen and (max-width: 767px) {\r\n.bdebo69f23af55a466 {\r\ndisplay: block;\r\n}\r\n}\r\n<\/style>\r\n\n<p><strong>Redacci\u00f3n ND58<\/strong><br \/>\n<strong>Edici\u00f3n: Villasmil, Henry<\/strong><br \/>\n<strong>Gr\u00e1fica: cortes\u00eda Alcald\u00eda de Maracaibo<\/strong><\/p>\n<div style=\"margin-top: 0px; margin-bottom: 0px;\" class=\"sharethis-inline-share-buttons\" ><\/div>","protected":false},"excerpt":{"rendered":"<p>Daniel Alvarado \u00abEl Negrito Fullero\u00bb recibi\u00f3 la Orden Ciudad de Maracaibo y la Orden Ricardo Aguirre en su \u00danica Clase<\/p>\n","protected":false},"author":1,"featured_media":133024,"comment_status":"open","ping_status":"closed","sticky":false,"template":"","format":"standard","meta":{"colormag_page_container_layout":"default_layout","colormag_page_sidebar_layout":"default_layout","_uag_custom_page_level_css":"","footnotes":""},"categories":[14504],"tags":[290,22582,22585,22581,19698,22586,73,233,22583,22584,2354,32,12655,761],"class_list":["post-133020","post","type-post","status-publish","format-standard","has-post-thumbnail","hentry","category-zulia","tag-alcaldia-de-maracaibo","tag-el-negrito-fullero","tag-esta-es-mi-tierra","tag-gaita-del-ano-2020","tag-homenaje-a-daniel-alvarado","tag-los-grandes-de-la-gaita","tag-maracaibo","tag-nacionales","tag-orden-ciudad-de-maracaibo","tag-orden-ricardo-aguirre","tag-regionales","tag-venezuela","tag-willy-casanova","tag-zulia"],"yoast_head":"<!-- This site is optimized with the Yoast SEO plugin v27.5 - https:\/\/yoast.com\/product\/yoast-seo-wordpress\/ -->\n<title>\u00abEsta es mi tierra\u00bb es la Gaita del A\u00f1o 2020<\/title>\n<meta name=\"description\" content=\"Zulia\" \/>\n<meta name=\"robots\" content=\"index, follow, max-snippet:-1, max-image-preview:large, max-video-preview:-1\" \/>\n<link rel=\"canonical\" href=\"https:\/\/digital58.com.ve\/site\/2020\/11\/18\/esta-es-mi-tierra-es-la-gaita-del-ano-2020\/\" \/>\n<meta property=\"og:locale\" content=\"es_ES\" \/>\n<meta property=\"og:type\" content=\"article\" \/>\n<meta property=\"og:title\" content=\"\u00abEsta es mi tierra\u00bb es la Gaita del A\u00f1o 2020\" \/>\n<meta property=\"og:description\" content=\"Zulia\" \/>\n<meta property=\"og:url\" content=\"https:\/\/digital58.com.ve\/site\/2020\/11\/18\/esta-es-mi-tierra-es-la-gaita-del-ano-2020\/\" \/>\n<meta property=\"og:site_name\" content=\"Noticias Digital58\" \/>\n<meta property=\"article:published_time\" content=\"2020-11-18T21:45:45+00:00\" \/>\n<meta property=\"og:image\" content=\"https:\/\/digital58.com.ve\/site\/wp-content\/uploads\/2020\/11\/esta-es-mi-tierra.jpg\" \/>\n\t<meta property=\"og:image:width\" content=\"900\" \/>\n\t<meta property=\"og:image:height\" content=\"600\" \/>\n\t<meta property=\"og:image:type\" content=\"image\/jpeg\" \/>\n<meta name=\"author\" content=\"Villasmil Henry\" \/>\n<meta name=\"twitter:card\" content=\"summary_large_image\" \/>\n<meta name=\"twitter:creator\" content=\"@https:\/\/twitter.com\/villasmilhfoto\" \/>\n<meta name=\"twitter:site\" content=\"@villasmilhfoto\" \/>\n<meta name=\"twitter:label1\" content=\"Escrito por\" \/>\n\t<meta name=\"twitter:data1\" content=\"Villasmil Henry\" \/>\n\t<meta name=\"twitter:label2\" content=\"Tiempo estimado de lectura\" \/>\n\t<meta name=\"twitter:data2\" content=\"4 minutos\" \/>\n<script type=\"application\/ld+json\" class=\"yoast-schema-graph\">{\"@context\":\"https:\\\/\\\/schema.org\",\"@graph\":[{\"@type\":\"Article\",\"@id\":\"https:\\\/\\\/digital58.com.ve\\\/site\\\/2020\\\/11\\\/18\\\/esta-es-mi-tierra-es-la-gaita-del-ano-2020\\\/#article\",\"isPartOf\":{\"@id\":\"https:\\\/\\\/digital58.com.ve\\\/site\\\/2020\\\/11\\\/18\\\/esta-es-mi-tierra-es-la-gaita-del-ano-2020\\\/\"},\"author\":{\"name\":\"Villasmil Henry\",\"@id\":\"https:\\\/\\\/digital58.com.ve\\\/site\\\/#\\\/schema\\\/person\\\/64d1c2e4d0d4fd1b849980c4331c2951\"},\"headline\":\"\u00abEsta es mi tierra\u00bb es la Gaita del A\u00f1o 2020\",\"datePublished\":\"2020-11-18T21:45:45+00:00\",\"mainEntityOfPage\":{\"@id\":\"https:\\\/\\\/digital58.com.ve\\\/site\\\/2020\\\/11\\\/18\\\/esta-es-mi-tierra-es-la-gaita-del-ano-2020\\\/\"},\"wordCount\":740,\"commentCount\":0,\"publisher\":{\"@id\":\"https:\\\/\\\/digital58.com.ve\\\/site\\\/#\\\/schema\\\/person\\\/64d1c2e4d0d4fd1b849980c4331c2951\"},\"image\":{\"@id\":\"https:\\\/\\\/digital58.com.ve\\\/site\\\/2020\\\/11\\\/18\\\/esta-es-mi-tierra-es-la-gaita-del-ano-2020\\\/#primaryimage\"},\"thumbnailUrl\":\"https:\\\/\\\/digital58.com.ve\\\/site\\\/wp-content\\\/uploads\\\/2020\\\/11\\\/esta-es-mi-tierra.jpg\",\"keywords\":[\"Alcald\u00eda de Maracaibo\",\"El Negrito Fullero\",\"Esta es mi tierra\",\"Gaita del A\u00f1o 2020\",\"Homenaje a Daniel Alvarado\",\"Los Grandes de la Gaita\",\"Maracaibo\",\"Nacionales\",\"Orden Ciudad de Maracaibo\",\"Orden Ricardo Aguirre\",\"Regionales\",\"Venezuela\",\"Willy Casanova\",\"Zulia\"],\"articleSection\":[\"Zulia\"],\"inLanguage\":\"es\",\"potentialAction\":[{\"@type\":\"CommentAction\",\"name\":\"Comment\",\"target\":[\"https:\\\/\\\/digital58.com.ve\\\/site\\\/2020\\\/11\\\/18\\\/esta-es-mi-tierra-es-la-gaita-del-ano-2020\\\/#respond\"]}]},{\"@type\":\"WebPage\",\"@id\":\"https:\\\/\\\/digital58.com.ve\\\/site\\\/2020\\\/11\\\/18\\\/esta-es-mi-tierra-es-la-gaita-del-ano-2020\\\/\",\"url\":\"https:\\\/\\\/digital58.com.ve\\\/site\\\/2020\\\/11\\\/18\\\/esta-es-mi-tierra-es-la-gaita-del-ano-2020\\\/\",\"name\":\"\u00abEsta es mi tierra\u00bb es la Gaita del A\u00f1o 2020\",\"isPartOf\":{\"@id\":\"https:\\\/\\\/digital58.com.ve\\\/site\\\/#website\"},\"primaryImageOfPage\":{\"@id\":\"https:\\\/\\\/digital58.com.ve\\\/site\\\/2020\\\/11\\\/18\\\/esta-es-mi-tierra-es-la-gaita-del-ano-2020\\\/#primaryimage\"},\"image\":{\"@id\":\"https:\\\/\\\/digital58.com.ve\\\/site\\\/2020\\\/11\\\/18\\\/esta-es-mi-tierra-es-la-gaita-del-ano-2020\\\/#primaryimage\"},\"thumbnailUrl\":\"https:\\\/\\\/digital58.com.ve\\\/site\\\/wp-content\\\/uploads\\\/2020\\\/11\\\/esta-es-mi-tierra.jpg\",\"datePublished\":\"2020-11-18T21:45:45+00:00\",\"description\":\"Zulia\",\"breadcrumb\":{\"@id\":\"https:\\\/\\\/digital58.com.ve\\\/site\\\/2020\\\/11\\\/18\\\/esta-es-mi-tierra-es-la-gaita-del-ano-2020\\\/#breadcrumb\"},\"inLanguage\":\"es\",\"potentialAction\":[{\"@type\":\"ReadAction\",\"target\":[\"https:\\\/\\\/digital58.com.ve\\\/site\\\/2020\\\/11\\\/18\\\/esta-es-mi-tierra-es-la-gaita-del-ano-2020\\\/\"]}]},{\"@type\":\"ImageObject\",\"inLanguage\":\"es\",\"@id\":\"https:\\\/\\\/digital58.com.ve\\\/site\\\/2020\\\/11\\\/18\\\/esta-es-mi-tierra-es-la-gaita-del-ano-2020\\\/#primaryimage\",\"url\":\"https:\\\/\\\/digital58.com.ve\\\/site\\\/wp-content\\\/uploads\\\/2020\\\/11\\\/esta-es-mi-tierra.jpg\",\"contentUrl\":\"https:\\\/\\\/digital58.com.ve\\\/site\\\/wp-content\\\/uploads\\\/2020\\\/11\\\/esta-es-mi-tierra.jpg\",\"width\":800,\"height\":533},{\"@type\":\"BreadcrumbList\",\"@id\":\"https:\\\/\\\/digital58.com.ve\\\/site\\\/2020\\\/11\\\/18\\\/esta-es-mi-tierra-es-la-gaita-del-ano-2020\\\/#breadcrumb\",\"itemListElement\":[{\"@type\":\"ListItem\",\"position\":1,\"name\":\"Home\",\"item\":\"https:\\\/\\\/digital58.com.ve\\\/site\\\/\"},{\"@type\":\"ListItem\",\"position\":2,\"name\":\"\u00abEsta es mi tierra\u00bb es la Gaita del A\u00f1o 2020\"}]},{\"@type\":\"WebSite\",\"@id\":\"https:\\\/\\\/digital58.com.ve\\\/site\\\/#website\",\"url\":\"https:\\\/\\\/digital58.com.ve\\\/site\\\/\",\"name\":\"Noticias Digital58\",\"description\":\"Portal de Noticias \u00a1Periodismo web de verdad! Lanzamiento web 22.11.2005 \\\/ Maracaibo, Venezuela\",\"publisher\":{\"@id\":\"https:\\\/\\\/digital58.com.ve\\\/site\\\/#\\\/schema\\\/person\\\/64d1c2e4d0d4fd1b849980c4331c2951\"},\"alternateName\":\"ND58\",\"potentialAction\":[{\"@type\":\"SearchAction\",\"target\":{\"@type\":\"EntryPoint\",\"urlTemplate\":\"https:\\\/\\\/digital58.com.ve\\\/site\\\/?s={search_term_string}\"},\"query-input\":{\"@type\":\"PropertyValueSpecification\",\"valueRequired\":true,\"valueName\":\"search_term_string\"}}],\"inLanguage\":\"es\"},{\"@type\":[\"Person\",\"Organization\"],\"@id\":\"https:\\\/\\\/digital58.com.ve\\\/site\\\/#\\\/schema\\\/person\\\/64d1c2e4d0d4fd1b849980c4331c2951\",\"name\":\"Villasmil Henry\",\"image\":{\"@type\":\"ImageObject\",\"inLanguage\":\"es\",\"@id\":\"https:\\\/\\\/secure.gravatar.com\\\/avatar\\\/bb0c4a2fcb7970138239f7e404ea75757b1b507b28b5ce4c53fbd62d797c5a7c?s=96&d=mm&r=g\",\"url\":\"https:\\\/\\\/secure.gravatar.com\\\/avatar\\\/bb0c4a2fcb7970138239f7e404ea75757b1b507b28b5ce4c53fbd62d797c5a7c?s=96&d=mm&r=g\",\"contentUrl\":\"https:\\\/\\\/secure.gravatar.com\\\/avatar\\\/bb0c4a2fcb7970138239f7e404ea75757b1b507b28b5ce4c53fbd62d797c5a7c?s=96&d=mm&r=g\",\"caption\":\"Villasmil Henry\"},\"logo\":{\"@id\":\"https:\\\/\\\/secure.gravatar.com\\\/avatar\\\/bb0c4a2fcb7970138239f7e404ea75757b1b507b28b5ce4c53fbd62d797c5a7c?s=96&d=mm&r=g\"},\"sameAs\":[\"http:\\\/\\\/www.henryvillasmil.com.ve\",\"https:\\\/\\\/www.instagram.com\\\/villasmilhfoto\\\/\",\"https:\\\/\\\/x.com\\\/https:\\\/\\\/twitter.com\\\/villasmilhfoto\"],\"url\":\"https:\\\/\\\/digital58.com.ve\\\/site\\\/author\\\/droopy_68\\\/\"}]}<\/script>\n<!-- \/ Yoast SEO plugin. -->","yoast_head_json":{"title":"\u00abEsta es mi tierra\u00bb es la Gaita del A\u00f1o 2020","description":"Zulia","robots":{"index":"index","follow":"follow","max-snippet":"max-snippet:-1","max-image-preview":"max-image-preview:large","max-video-preview":"max-video-preview:-1"},"canonical":"https:\/\/digital58.com.ve\/site\/2020\/11\/18\/esta-es-mi-tierra-es-la-gaita-del-ano-2020\/","og_locale":"es_ES","og_type":"article","og_title":"\u00abEsta es mi tierra\u00bb es la Gaita del A\u00f1o 2020","og_description":"Zulia","og_url":"https:\/\/digital58.com.ve\/site\/2020\/11\/18\/esta-es-mi-tierra-es-la-gaita-del-ano-2020\/","og_site_name":"Noticias Digital58","article_published_time":"2020-11-18T21:45:45+00:00","og_image":[{"width":900,"height":600,"url":"https:\/\/digital58.com.ve\/site\/wp-content\/uploads\/2020\/11\/esta-es-mi-tierra.jpg","type":"image\/jpeg"}],"author":"Villasmil Henry","twitter_card":"summary_large_image","twitter_creator":"@https:\/\/twitter.com\/villasmilhfoto","twitter_site":"@villasmilhfoto","twitter_misc":{"Escrito por":"Villasmil Henry","Tiempo estimado de lectura":"4 minutos"},"schema":{"@context":"https:\/\/schema.org","@graph":[{"@type":"Article","@id":"https:\/\/digital58.com.ve\/site\/2020\/11\/18\/esta-es-mi-tierra-es-la-gaita-del-ano-2020\/#article","isPartOf":{"@id":"https:\/\/digital58.com.ve\/site\/2020\/11\/18\/esta-es-mi-tierra-es-la-gaita-del-ano-2020\/"},"author":{"name":"Villasmil Henry","@id":"https:\/\/digital58.com.ve\/site\/#\/schema\/person\/64d1c2e4d0d4fd1b849980c4331c2951"},"headline":"\u00abEsta es mi tierra\u00bb es la Gaita del A\u00f1o 2020","datePublished":"2020-11-18T21:45:45+00:00","mainEntityOfPage":{"@id":"https:\/\/digital58.com.ve\/site\/2020\/11\/18\/esta-es-mi-tierra-es-la-gaita-del-ano-2020\/"},"wordCount":740,"commentCount":0,"publisher":{"@id":"https:\/\/digital58.com.ve\/site\/#\/schema\/person\/64d1c2e4d0d4fd1b849980c4331c2951"},"image":{"@id":"https:\/\/digital58.com.ve\/site\/2020\/11\/18\/esta-es-mi-tierra-es-la-gaita-del-ano-2020\/#primaryimage"},"thumbnailUrl":"https:\/\/digital58.com.ve\/site\/wp-content\/uploads\/2020\/11\/esta-es-mi-tierra.jpg","keywords":["Alcald\u00eda de Maracaibo","El Negrito Fullero","Esta es mi tierra","Gaita del A\u00f1o 2020","Homenaje a Daniel Alvarado","Los Grandes de la Gaita","Maracaibo","Nacionales","Orden Ciudad de Maracaibo","Orden Ricardo Aguirre","Regionales","Venezuela","Willy Casanova","Zulia"],"articleSection":["Zulia"],"inLanguage":"es","potentialAction":[{"@type":"CommentAction","name":"Comment","target":["https:\/\/digital58.com.ve\/site\/2020\/11\/18\/esta-es-mi-tierra-es-la-gaita-del-ano-2020\/#respond"]}]},{"@type":"WebPage","@id":"https:\/\/digital58.com.ve\/site\/2020\/11\/18\/esta-es-mi-tierra-es-la-gaita-del-ano-2020\/","url":"https:\/\/digital58.com.ve\/site\/2020\/11\/18\/esta-es-mi-tierra-es-la-gaita-del-ano-2020\/","name":"\u00abEsta es mi tierra\u00bb es la Gaita del A\u00f1o 2020","isPartOf":{"@id":"https:\/\/digital58.com.ve\/site\/#website"},"primaryImageOfPage":{"@id":"https:\/\/digital58.com.ve\/site\/2020\/11\/18\/esta-es-mi-tierra-es-la-gaita-del-ano-2020\/#primaryimage"},"image":{"@id":"https:\/\/digital58.com.ve\/site\/2020\/11\/18\/esta-es-mi-tierra-es-la-gaita-del-ano-2020\/#primaryimage"},"thumbnailUrl":"https:\/\/digital58.com.ve\/site\/wp-content\/uploads\/2020\/11\/esta-es-mi-tierra.jpg","datePublished":"2020-11-18T21:45:45+00:00","description":"Zulia","breadcrumb":{"@id":"https:\/\/digital58.com.ve\/site\/2020\/11\/18\/esta-es-mi-tierra-es-la-gaita-del-ano-2020\/#breadcrumb"},"inLanguage":"es","potentialAction":[{"@type":"ReadAction","target":["https:\/\/digital58.com.ve\/site\/2020\/11\/18\/esta-es-mi-tierra-es-la-gaita-del-ano-2020\/"]}]},{"@type":"ImageObject","inLanguage":"es","@id":"https:\/\/digital58.com.ve\/site\/2020\/11\/18\/esta-es-mi-tierra-es-la-gaita-del-ano-2020\/#primaryimage","url":"https:\/\/digital58.com.ve\/site\/wp-content\/uploads\/2020\/11\/esta-es-mi-tierra.jpg","contentUrl":"https:\/\/digital58.com.ve\/site\/wp-content\/uploads\/2020\/11\/esta-es-mi-tierra.jpg","width":800,"height":533},{"@type":"BreadcrumbList","@id":"https:\/\/digital58.com.ve\/site\/2020\/11\/18\/esta-es-mi-tierra-es-la-gaita-del-ano-2020\/#breadcrumb","itemListElement":[{"@type":"ListItem","position":1,"name":"Home","item":"https:\/\/digital58.com.ve\/site\/"},{"@type":"ListItem","position":2,"name":"\u00abEsta es mi tierra\u00bb es la Gaita del A\u00f1o 2020"}]},{"@type":"WebSite","@id":"https:\/\/digital58.com.ve\/site\/#website","url":"https:\/\/digital58.com.ve\/site\/","name":"Noticias Digital58","description":"Portal de Noticias \u00a1Periodismo web de verdad! Lanzamiento web 22.11.2005 \/ Maracaibo, Venezuela","publisher":{"@id":"https:\/\/digital58.com.ve\/site\/#\/schema\/person\/64d1c2e4d0d4fd1b849980c4331c2951"},"alternateName":"ND58","potentialAction":[{"@type":"SearchAction","target":{"@type":"EntryPoint","urlTemplate":"https:\/\/digital58.com.ve\/site\/?s={search_term_string}"},"query-input":{"@type":"PropertyValueSpecification","valueRequired":true,"valueName":"search_term_string"}}],"inLanguage":"es"},{"@type":["Person","Organization"],"@id":"https:\/\/digital58.com.ve\/site\/#\/schema\/person\/64d1c2e4d0d4fd1b849980c4331c2951","name":"Villasmil Henry","image":{"@type":"ImageObject","inLanguage":"es","@id":"https:\/\/secure.gravatar.com\/avatar\/bb0c4a2fcb7970138239f7e404ea75757b1b507b28b5ce4c53fbd62d797c5a7c?s=96&d=mm&r=g","url":"https:\/\/secure.gravatar.com\/avatar\/bb0c4a2fcb7970138239f7e404ea75757b1b507b28b5ce4c53fbd62d797c5a7c?s=96&d=mm&r=g","contentUrl":"https:\/\/secure.gravatar.com\/avatar\/bb0c4a2fcb7970138239f7e404ea75757b1b507b28b5ce4c53fbd62d797c5a7c?s=96&d=mm&r=g","caption":"Villasmil Henry"},"logo":{"@id":"https:\/\/secure.gravatar.com\/avatar\/bb0c4a2fcb7970138239f7e404ea75757b1b507b28b5ce4c53fbd62d797c5a7c?s=96&d=mm&r=g"},"sameAs":["http:\/\/www.henryvillasmil.com.ve","https:\/\/www.instagram.com\/villasmilhfoto\/","https:\/\/x.com\/https:\/\/twitter.com\/villasmilhfoto"],"url":"https:\/\/digital58.com.ve\/site\/author\/droopy_68\/"}]}},"uagb_featured_image_src":{"full":["https:\/\/digital58.com.ve\/site\/wp-content\/uploads\/2020\/11\/esta-es-mi-tierra.jpg",800,533,false],"thumbnail":["https:\/\/digital58.com.ve\/site\/wp-content\/uploads\/2020\/11\/esta-es-mi-tierra-150x150.jpg",150,150,true],"medium":["https:\/\/digital58.com.ve\/site\/wp-content\/uploads\/2020\/11\/esta-es-mi-tierra-300x200.jpg",300,200,true],"medium_large":["https:\/\/digital58.com.ve\/site\/wp-content\/uploads\/2020\/11\/esta-es-mi-tierra-768x512.jpg",768,512,true],"large":["https:\/\/digital58.com.ve\/site\/wp-content\/uploads\/2020\/11\/esta-es-mi-tierra.jpg",800,533,false],"1536x1536":["https:\/\/digital58.com.ve\/site\/wp-content\/uploads\/2020\/11\/esta-es-mi-tierra.jpg",800,533,false],"2048x2048":["https:\/\/digital58.com.ve\/site\/wp-content\/uploads\/2020\/11\/esta-es-mi-tierra.jpg",800,533,false],"colormag-highlighted-post":["https:\/\/digital58.com.ve\/site\/wp-content\/uploads\/2020\/11\/esta-es-mi-tierra.jpg",392,261,false],"colormag-featured-post-medium":["https:\/\/digital58.com.ve\/site\/wp-content\/uploads\/2020\/11\/esta-es-mi-tierra.jpg",308,205,false],"colormag-featured-post-small":["https:\/\/digital58.com.ve\/site\/wp-content\/uploads\/2020\/11\/esta-es-mi-tierra.jpg",130,87,false],"colormag-featured-image":["https:\/\/digital58.com.ve\/site\/wp-content\/uploads\/2020\/11\/esta-es-mi-tierra.jpg",668,445,false],"colormag-default-news":["https:\/\/digital58.com.ve\/site\/wp-content\/uploads\/2020\/11\/esta-es-mi-tierra.jpg",150,100,false],"colormag-featured-image-large":["https:\/\/digital58.com.ve\/site\/wp-content\/uploads\/2020\/11\/esta-es-mi-tierra.jpg",800,533,false]},"uagb_author_info":{"display_name":"Villasmil Henry","author_link":"https:\/\/digital58.com.ve\/site\/author\/droopy_68\/"},"uagb_comment_info":0,"uagb_excerpt":"Daniel Alvarado \u00abEl Negrito Fullero\u00bb recibi\u00f3 la Orden Ciudad de Maracaibo y la Orden Ricardo Aguirre en su \u00danica Clase","_links":{"self":[{"href":"https:\/\/digital58.com.ve\/site\/wp-json\/wp\/v2\/posts\/133020","targetHints":{"allow":["GET"]}}],"collection":[{"href":"https:\/\/digital58.com.ve\/site\/wp-json\/wp\/v2\/posts"}],"about":[{"href":"https:\/\/digital58.com.ve\/site\/wp-json\/wp\/v2\/types\/post"}],"author":[{"embeddable":true,"href":"https:\/\/digital58.com.ve\/site\/wp-json\/wp\/v2\/users\/1"}],"replies":[{"embeddable":true,"href":"https:\/\/digital58.com.ve\/site\/wp-json\/wp\/v2\/comments?post=133020"}],"version-history":[{"count":0,"href":"https:\/\/digital58.com.ve\/site\/wp-json\/wp\/v2\/posts\/133020\/revisions"}],"wp:featuredmedia":[{"embeddable":true,"href":"https:\/\/digital58.com.ve\/site\/wp-json\/wp\/v2\/media\/133024"}],"wp:attachment":[{"href":"https:\/\/digital58.com.ve\/site\/wp-json\/wp\/v2\/media?parent=133020"}],"wp:term":[{"taxonomy":"category","embeddable":true,"href":"https:\/\/digital58.com.ve\/site\/wp-json\/wp\/v2\/categories?post=133020"},{"taxonomy":"post_tag","embeddable":true,"href":"https:\/\/digital58.com.ve\/site\/wp-json\/wp\/v2\/tags?post=133020"}],"curies":[{"name":"wp","href":"https:\/\/api.w.org\/{rel}","templated":true}]}}