{"id":133037,"date":"2020-11-18T20:37:35","date_gmt":"2020-11-19T00:37:35","guid":{"rendered":"https:\/\/digital58.com.ve\/site\/?p=133037"},"modified":"2020-11-18T20:37:35","modified_gmt":"2020-11-19T00:37:35","slug":"presidente-maduro-asegura-que-trabaja-para-lograr-la-estabilizacion-de-los-clap","status":"publish","type":"post","link":"https:\/\/digital58.com.ve\/site\/2020\/11\/18\/presidente-maduro-asegura-que-trabaja-para-lograr-la-estabilizacion-de-los-clap\/","title":{"rendered":"Presidente Maduro asegura que trabaja para lograr la estabilizaci\u00f3n de los CLAP"},"content":{"rendered":"<p><img loading=\"lazy\" decoding=\"async\" class=\"aligncenter wp-image-133038 size-full\" src=\"https:\/\/digital58.com.ve\/site\/wp-content\/uploads\/2020\/11\/Maduro.jpg\" alt=\"\" width=\"800\" height=\"450\" srcset=\"https:\/\/digital58.com.ve\/site\/wp-content\/uploads\/2020\/11\/Maduro.jpg 800w, https:\/\/digital58.com.ve\/site\/wp-content\/uploads\/2020\/11\/Maduro-300x169.jpg 300w, https:\/\/digital58.com.ve\/site\/wp-content\/uploads\/2020\/11\/Maduro-768x432.jpg 768w\" sizes=\"auto, (max-width: 800px) 100vw, 800px\" \/><\/p>\n<p>Acus\u00f3 a la oposici\u00f3n venezolana y al gobierno de Estados Unidos de detener todas las ventas de productos provenientes del exterior, que eran distribuidos a trav\u00e9s de este sistema.<\/p>\n<p><strong>Caracas, DC, Venezuela, 18 de Noviembre de 2020 (ND58).- <\/strong>El presidente de Venezuela, Nicol\u00e1s Maduro, inform\u00f3 este mi\u00e9rcoles durante una alocuci\u00f3n transmitida por el canal estatal Venezolana de Televisi\u00f3n, que desde el gobierno nacional se encuentran trabajando para lograr la estabilizaci\u00f3n de los Comit\u00e9s Locales de Abastecimiento y Producci\u00f3n (CLAP).<\/p>\n<p>El mandatario nacional asegur\u00f3 que anteriormente Venezuela importaba 6 millones de cajas CLAP desde M\u00e9xico, Panam\u00e1 y Brasil, mientras que en el pa\u00eds se produc\u00edan otros 6 millones.<\/p>\n<p>\u00abNosotros tra\u00edamos del exterior de M\u00e9xico, Panam\u00e1, Brasil, un aproximado de 6 millones de cajas CLAP <em>full<\/em>. Cuando digo <em>full<\/em>, con 24 productos de calidad y los tra\u00edamos del exterior y produc\u00edamos 6 millones de cajas CLAP en Venezuela, elevando la producci\u00f3n de alimentos\u00bb, manifest\u00f3.<\/p>\n<blockquote class=\"twitter-tweet\" data-width=\"550\" data-dnt=\"true\">\n<p lang=\"es\" dir=\"ltr\"><a href=\"https:\/\/twitter.com\/hashtag\/EnVideo?src=hash&amp;ref_src=twsrc%5Etfw\">#EnVideo<\/a>\ud83d\udcf9| Presidente de Venezuela, <a href=\"https:\/\/twitter.com\/NicolasMaduro?ref_src=twsrc%5Etfw\">@NicolasMaduro<\/a>: Tra\u00edamos de M\u00e9xico, Panam\u00e1 y Brasil seis millones de cajas Clap y el gobierno de EE.UU. y Guaid\u00f3 lograron parar la venta de esas cajas de un d\u00eda para otro<a href=\"https:\/\/twitter.com\/hashtag\/MisionesSocialesParaElPueblo?src=hash&amp;ref_src=twsrc%5Etfw\">#MisionesSocialesParaElPueblo<\/a> <a href=\"https:\/\/t.co\/VhTgYwYiKb\">pic.twitter.com\/VhTgYwYiKb<\/a><\/p>\n<p>&mdash; VTV CANAL 8 (@VTVcanal8) <a href=\"https:\/\/twitter.com\/VTVcanal8\/status\/1329175366062190594?ref_src=twsrc%5Etfw\">November 18, 2020<\/a><\/p><\/blockquote>\n<p><script async src=\"https:\/\/platform.twitter.com\/widgets.js\" charset=\"utf-8\"><\/script><\/p>\n<p>En este sentido, afirm\u00f3 que el gobierno de Estados Unidos, en coordinaci\u00f3n con la oposici\u00f3n venezolana, detuvo la venta de estos productos alimenticios al pa\u00eds.<\/p>\n<h1><strong>Acusaciones contra candidatos opositores<\/strong><\/h1>\n<p>El jefe de estado aprovech\u00f3 la transmisi\u00f3n nacional, para acusar a los candidatos opositores a la Asamblea Nacional, de estar haciendo campa\u00f1a pol\u00edtica con el \u00absufrimiento\u00bb de los venezolanos, haciendo alusi\u00f3n directa a Henri Falc\u00f3n, Claudio Ferm\u00edn y Bernab\u00e9 Guti\u00e9rrez.<\/p>\n<p>En consideraci\u00f3n del primer mandatario, los dirigentes est\u00e1n sacando provecho de las sanciones impuestas por el gobierno estadounidense al pa\u00eds, las cuales calific\u00f3 como \u00abcrueles\u00bb.<\/p>\n<p>\u00abSalen a buscar votos hablando de las sanciones, pero tratando de aprovecharse de los resultados finales de las sanciones, que son crueles contra el pueblo de Venezuela, esa es la verdad\u00bb, sentenci\u00f3.<\/p>\n<p>Por \u00faltimo exhort\u00f3 a los candidatos del oficialismo a hablar con sinceridad a la poblaci\u00f3n venezolana y ganar adeptos.<\/p><div class=\"prryx69f589728b041\" ><p style=\"text-align: center;\"><a href=\"https:\/\/t.me\/noticiasdigital58\" target=\"_blank\" rel=\"noopener\"><img class=\"aligncenter size-full wp-image-125363\" src=\"https:\/\/digital58.com.ve\/site\/wp-content\/uploads\/2021\/04\/banner-telegram-web-2021.png\" alt=\"\" width=\"600\" height=\"90\" \/><\/a><\/p><\/div><style type=\"text\/css\">\r\n@media screen and (min-width: 1201px) {\r\n.prryx69f589728b041 {\r\ndisplay: block;\r\n}\r\n}\r\n@media screen and (min-width: 993px) and (max-width: 1200px) {\r\n.prryx69f589728b041 {\r\ndisplay: block;\r\n}\r\n}\r\n@media screen and (min-width: 769px) and (max-width: 992px) {\r\n.prryx69f589728b041 {\r\ndisplay: block;\r\n}\r\n}\r\n@media screen and (min-width: 768px) and (max-width: 768px) {\r\n.prryx69f589728b041 {\r\ndisplay: block;\r\n}\r\n}\r\n@media screen and (max-width: 767px) {\r\n.prryx69f589728b041 {\r\ndisplay: block;\r\n}\r\n}\r\n<\/style>\r\n\n<p><strong>Redacci\u00f3n: Morales, Joel (@joeldmc32)<br \/>\nEdici\u00f3n: Villasmil, Henry<br \/>\nGr\u00e1fica: Cortes\u00eda <\/strong><\/p>\n<div style=\"margin-top: 0px; margin-bottom: 0px;\" class=\"sharethis-inline-share-buttons\" ><\/div>","protected":false},"excerpt":{"rendered":"<p>Acus\u00f3 a la oposici\u00f3n venezolana y al gobierno de Estados Unidos de detener todas las ventas de productos provenientes del<\/p>\n","protected":false},"author":29,"featured_media":133038,"comment_status":"open","ping_status":"closed","sticky":false,"template":"","format":"standard","meta":{"colormag_page_container_layout":"default_layout","colormag_page_sidebar_layout":"default_layout","_uag_custom_page_level_css":"","footnotes":""},"categories":[16454],"tags":[29,13970,11061,1818,233,2724,32],"class_list":["post-133037","post","type-post","status-publish","format-standard","has-post-thumbnail","hentry","category-venezuela","tag-caracas","tag-clap","tag-comites-locales-de-abastecimiento-y-produccion","tag-gobierno-nacional","tag-nacionales","tag-nicolas-maduro","tag-venezuela"],"yoast_head":"<!-- This site is optimized with the Yoast SEO plugin v27.5 - https:\/\/yoast.com\/product\/yoast-seo-wordpress\/ -->\n<title>Presidente Maduro asegura que trabaja para lograr la estabilizaci\u00f3n de los CLAP<\/title>\n<meta name=\"description\" content=\"Venezuela\" \/>\n<meta name=\"robots\" content=\"index, follow, max-snippet:-1, max-image-preview:large, max-video-preview:-1\" \/>\n<link rel=\"canonical\" href=\"https:\/\/digital58.com.ve\/site\/2020\/11\/18\/presidente-maduro-asegura-que-trabaja-para-lograr-la-estabilizacion-de-los-clap\/\" \/>\n<meta property=\"og:locale\" content=\"es_ES\" \/>\n<meta property=\"og:type\" content=\"article\" \/>\n<meta property=\"og:title\" content=\"Presidente Maduro asegura que trabaja para lograr la estabilizaci\u00f3n de los CLAP\" \/>\n<meta property=\"og:description\" content=\"Venezuela\" \/>\n<meta property=\"og:url\" content=\"https:\/\/digital58.com.ve\/site\/2020\/11\/18\/presidente-maduro-asegura-que-trabaja-para-lograr-la-estabilizacion-de-los-clap\/\" \/>\n<meta property=\"og:site_name\" content=\"Noticias Digital58\" \/>\n<meta property=\"article:published_time\" content=\"2020-11-19T00:37:35+00:00\" \/>\n<meta property=\"og:image\" content=\"https:\/\/digital58.com.ve\/site\/wp-content\/uploads\/2020\/11\/Maduro.jpg\" \/>\n\t<meta property=\"og:image:width\" content=\"800\" \/>\n\t<meta property=\"og:image:height\" content=\"450\" \/>\n\t<meta property=\"og:image:type\" content=\"image\/jpeg\" \/>\n<meta name=\"author\" content=\"Morales Joel\" \/>\n<meta name=\"twitter:card\" content=\"summary_large_image\" \/>\n<meta name=\"twitter:creator\" content=\"@Digital_58\" \/>\n<meta name=\"twitter:site\" content=\"@villasmilhfoto\" \/>\n<meta name=\"twitter:label1\" content=\"Escrito por\" \/>\n\t<meta name=\"twitter:data1\" content=\"Morales Joel\" \/>\n\t<meta name=\"twitter:label2\" content=\"Tiempo estimado de lectura\" \/>\n\t<meta name=\"twitter:data2\" content=\"2 minutos\" \/>\n<script type=\"application\/ld+json\" class=\"yoast-schema-graph\">{\"@context\":\"https:\\\/\\\/schema.org\",\"@graph\":[{\"@type\":\"Article\",\"@id\":\"https:\\\/\\\/digital58.com.ve\\\/site\\\/2020\\\/11\\\/18\\\/presidente-maduro-asegura-que-trabaja-para-lograr-la-estabilizacion-de-los-clap\\\/#article\",\"isPartOf\":{\"@id\":\"https:\\\/\\\/digital58.com.ve\\\/site\\\/2020\\\/11\\\/18\\\/presidente-maduro-asegura-que-trabaja-para-lograr-la-estabilizacion-de-los-clap\\\/\"},\"author\":{\"name\":\"Morales Joel\",\"@id\":\"https:\\\/\\\/digital58.com.ve\\\/site\\\/#\\\/schema\\\/person\\\/8daf5f8bfd9ebdb98150c62bff195b72\"},\"headline\":\"Presidente Maduro asegura que trabaja para lograr la estabilizaci\u00f3n de los CLAP\",\"datePublished\":\"2020-11-19T00:37:35+00:00\",\"mainEntityOfPage\":{\"@id\":\"https:\\\/\\\/digital58.com.ve\\\/site\\\/2020\\\/11\\\/18\\\/presidente-maduro-asegura-que-trabaja-para-lograr-la-estabilizacion-de-los-clap\\\/\"},\"wordCount\":353,\"commentCount\":0,\"publisher\":{\"@id\":\"https:\\\/\\\/digital58.com.ve\\\/site\\\/#\\\/schema\\\/person\\\/64d1c2e4d0d4fd1b849980c4331c2951\"},\"image\":{\"@id\":\"https:\\\/\\\/digital58.com.ve\\\/site\\\/2020\\\/11\\\/18\\\/presidente-maduro-asegura-que-trabaja-para-lograr-la-estabilizacion-de-los-clap\\\/#primaryimage\"},\"thumbnailUrl\":\"https:\\\/\\\/digital58.com.ve\\\/site\\\/wp-content\\\/uploads\\\/2020\\\/11\\\/Maduro.jpg\",\"keywords\":[\"Caracas\",\"CLAP\",\"Comit\u00e9s Locales de Abastecimiento y Producci\u00f3n\",\"Gobierno Nacional\",\"Nacionales\",\"Nicol\u00e1s Maduro\",\"Venezuela\"],\"articleSection\":[\"Venezuela\"],\"inLanguage\":\"es\",\"potentialAction\":[{\"@type\":\"CommentAction\",\"name\":\"Comment\",\"target\":[\"https:\\\/\\\/digital58.com.ve\\\/site\\\/2020\\\/11\\\/18\\\/presidente-maduro-asegura-que-trabaja-para-lograr-la-estabilizacion-de-los-clap\\\/#respond\"]}]},{\"@type\":\"WebPage\",\"@id\":\"https:\\\/\\\/digital58.com.ve\\\/site\\\/2020\\\/11\\\/18\\\/presidente-maduro-asegura-que-trabaja-para-lograr-la-estabilizacion-de-los-clap\\\/\",\"url\":\"https:\\\/\\\/digital58.com.ve\\\/site\\\/2020\\\/11\\\/18\\\/presidente-maduro-asegura-que-trabaja-para-lograr-la-estabilizacion-de-los-clap\\\/\",\"name\":\"Presidente Maduro asegura que trabaja para lograr la estabilizaci\u00f3n de los CLAP\",\"isPartOf\":{\"@id\":\"https:\\\/\\\/digital58.com.ve\\\/site\\\/#website\"},\"primaryImageOfPage\":{\"@id\":\"https:\\\/\\\/digital58.com.ve\\\/site\\\/2020\\\/11\\\/18\\\/presidente-maduro-asegura-que-trabaja-para-lograr-la-estabilizacion-de-los-clap\\\/#primaryimage\"},\"image\":{\"@id\":\"https:\\\/\\\/digital58.com.ve\\\/site\\\/2020\\\/11\\\/18\\\/presidente-maduro-asegura-que-trabaja-para-lograr-la-estabilizacion-de-los-clap\\\/#primaryimage\"},\"thumbnailUrl\":\"https:\\\/\\\/digital58.com.ve\\\/site\\\/wp-content\\\/uploads\\\/2020\\\/11\\\/Maduro.jpg\",\"datePublished\":\"2020-11-19T00:37:35+00:00\",\"description\":\"Venezuela\",\"breadcrumb\":{\"@id\":\"https:\\\/\\\/digital58.com.ve\\\/site\\\/2020\\\/11\\\/18\\\/presidente-maduro-asegura-que-trabaja-para-lograr-la-estabilizacion-de-los-clap\\\/#breadcrumb\"},\"inLanguage\":\"es\",\"potentialAction\":[{\"@type\":\"ReadAction\",\"target\":[\"https:\\\/\\\/digital58.com.ve\\\/site\\\/2020\\\/11\\\/18\\\/presidente-maduro-asegura-que-trabaja-para-lograr-la-estabilizacion-de-los-clap\\\/\"]}]},{\"@type\":\"ImageObject\",\"inLanguage\":\"es\",\"@id\":\"https:\\\/\\\/digital58.com.ve\\\/site\\\/2020\\\/11\\\/18\\\/presidente-maduro-asegura-que-trabaja-para-lograr-la-estabilizacion-de-los-clap\\\/#primaryimage\",\"url\":\"https:\\\/\\\/digital58.com.ve\\\/site\\\/wp-content\\\/uploads\\\/2020\\\/11\\\/Maduro.jpg\",\"contentUrl\":\"https:\\\/\\\/digital58.com.ve\\\/site\\\/wp-content\\\/uploads\\\/2020\\\/11\\\/Maduro.jpg\",\"width\":800,\"height\":450},{\"@type\":\"BreadcrumbList\",\"@id\":\"https:\\\/\\\/digital58.com.ve\\\/site\\\/2020\\\/11\\\/18\\\/presidente-maduro-asegura-que-trabaja-para-lograr-la-estabilizacion-de-los-clap\\\/#breadcrumb\",\"itemListElement\":[{\"@type\":\"ListItem\",\"position\":1,\"name\":\"Home\",\"item\":\"https:\\\/\\\/digital58.com.ve\\\/site\\\/\"},{\"@type\":\"ListItem\",\"position\":2,\"name\":\"Presidente Maduro asegura que trabaja para lograr la estabilizaci\u00f3n de los CLAP\"}]},{\"@type\":\"WebSite\",\"@id\":\"https:\\\/\\\/digital58.com.ve\\\/site\\\/#website\",\"url\":\"https:\\\/\\\/digital58.com.ve\\\/site\\\/\",\"name\":\"Noticias Digital58\",\"description\":\"Portal de Noticias \u00a1Periodismo web de verdad! Lanzamiento web 22.11.2005 \\\/ Maracaibo, Venezuela\",\"publisher\":{\"@id\":\"https:\\\/\\\/digital58.com.ve\\\/site\\\/#\\\/schema\\\/person\\\/64d1c2e4d0d4fd1b849980c4331c2951\"},\"alternateName\":\"ND58\",\"potentialAction\":[{\"@type\":\"SearchAction\",\"target\":{\"@type\":\"EntryPoint\",\"urlTemplate\":\"https:\\\/\\\/digital58.com.ve\\\/site\\\/?s={search_term_string}\"},\"query-input\":{\"@type\":\"PropertyValueSpecification\",\"valueRequired\":true,\"valueName\":\"search_term_string\"}}],\"inLanguage\":\"es\"},{\"@type\":[\"Person\",\"Organization\"],\"@id\":\"https:\\\/\\\/digital58.com.ve\\\/site\\\/#\\\/schema\\\/person\\\/64d1c2e4d0d4fd1b849980c4331c2951\",\"name\":\"Villasmil Henry\",\"image\":{\"@type\":\"ImageObject\",\"inLanguage\":\"es\",\"@id\":\"https:\\\/\\\/secure.gravatar.com\\\/avatar\\\/bb0c4a2fcb7970138239f7e404ea75757b1b507b28b5ce4c53fbd62d797c5a7c?s=96&d=mm&r=g\",\"url\":\"https:\\\/\\\/secure.gravatar.com\\\/avatar\\\/bb0c4a2fcb7970138239f7e404ea75757b1b507b28b5ce4c53fbd62d797c5a7c?s=96&d=mm&r=g\",\"contentUrl\":\"https:\\\/\\\/secure.gravatar.com\\\/avatar\\\/bb0c4a2fcb7970138239f7e404ea75757b1b507b28b5ce4c53fbd62d797c5a7c?s=96&d=mm&r=g\",\"caption\":\"Villasmil Henry\"},\"logo\":{\"@id\":\"https:\\\/\\\/secure.gravatar.com\\\/avatar\\\/bb0c4a2fcb7970138239f7e404ea75757b1b507b28b5ce4c53fbd62d797c5a7c?s=96&d=mm&r=g\"},\"sameAs\":[\"http:\\\/\\\/www.henryvillasmil.com.ve\",\"https:\\\/\\\/www.instagram.com\\\/villasmilhfoto\\\/\",\"https:\\\/\\\/x.com\\\/https:\\\/\\\/twitter.com\\\/villasmilhfoto\"]},{\"@type\":\"Person\",\"@id\":\"https:\\\/\\\/digital58.com.ve\\\/site\\\/#\\\/schema\\\/person\\\/8daf5f8bfd9ebdb98150c62bff195b72\",\"name\":\"Morales Joel\",\"image\":{\"@type\":\"ImageObject\",\"inLanguage\":\"es\",\"@id\":\"https:\\\/\\\/secure.gravatar.com\\\/avatar\\\/e2cb5ce0e9279ab3c8e03d472e483f32e666716a18da3bfa7b0749a5465409f1?s=96&d=mm&r=g\",\"url\":\"https:\\\/\\\/secure.gravatar.com\\\/avatar\\\/e2cb5ce0e9279ab3c8e03d472e483f32e666716a18da3bfa7b0749a5465409f1?s=96&d=mm&r=g\",\"contentUrl\":\"https:\\\/\\\/secure.gravatar.com\\\/avatar\\\/e2cb5ce0e9279ab3c8e03d472e483f32e666716a18da3bfa7b0749a5465409f1?s=96&d=mm&r=g\",\"caption\":\"Morales Joel\"},\"url\":\"https:\\\/\\\/digital58.com.ve\\\/site\\\/author\\\/joelm\\\/\"}]}<\/script>\n<!-- \/ Yoast SEO plugin. -->","yoast_head_json":{"title":"Presidente Maduro asegura que trabaja para lograr la estabilizaci\u00f3n de los CLAP","description":"Venezuela","robots":{"index":"index","follow":"follow","max-snippet":"max-snippet:-1","max-image-preview":"max-image-preview:large","max-video-preview":"max-video-preview:-1"},"canonical":"https:\/\/digital58.com.ve\/site\/2020\/11\/18\/presidente-maduro-asegura-que-trabaja-para-lograr-la-estabilizacion-de-los-clap\/","og_locale":"es_ES","og_type":"article","og_title":"Presidente Maduro asegura que trabaja para lograr la estabilizaci\u00f3n de los CLAP","og_description":"Venezuela","og_url":"https:\/\/digital58.com.ve\/site\/2020\/11\/18\/presidente-maduro-asegura-que-trabaja-para-lograr-la-estabilizacion-de-los-clap\/","og_site_name":"Noticias Digital58","article_published_time":"2020-11-19T00:37:35+00:00","og_image":[{"width":800,"height":450,"url":"https:\/\/digital58.com.ve\/site\/wp-content\/uploads\/2020\/11\/Maduro.jpg","type":"image\/jpeg"}],"author":"Morales Joel","twitter_card":"summary_large_image","twitter_creator":"@Digital_58","twitter_site":"@villasmilhfoto","twitter_misc":{"Escrito por":"Morales Joel","Tiempo estimado de lectura":"2 minutos"},"schema":{"@context":"https:\/\/schema.org","@graph":[{"@type":"Article","@id":"https:\/\/digital58.com.ve\/site\/2020\/11\/18\/presidente-maduro-asegura-que-trabaja-para-lograr-la-estabilizacion-de-los-clap\/#article","isPartOf":{"@id":"https:\/\/digital58.com.ve\/site\/2020\/11\/18\/presidente-maduro-asegura-que-trabaja-para-lograr-la-estabilizacion-de-los-clap\/"},"author":{"name":"Morales Joel","@id":"https:\/\/digital58.com.ve\/site\/#\/schema\/person\/8daf5f8bfd9ebdb98150c62bff195b72"},"headline":"Presidente Maduro asegura que trabaja para lograr la estabilizaci\u00f3n de los CLAP","datePublished":"2020-11-19T00:37:35+00:00","mainEntityOfPage":{"@id":"https:\/\/digital58.com.ve\/site\/2020\/11\/18\/presidente-maduro-asegura-que-trabaja-para-lograr-la-estabilizacion-de-los-clap\/"},"wordCount":353,"commentCount":0,"publisher":{"@id":"https:\/\/digital58.com.ve\/site\/#\/schema\/person\/64d1c2e4d0d4fd1b849980c4331c2951"},"image":{"@id":"https:\/\/digital58.com.ve\/site\/2020\/11\/18\/presidente-maduro-asegura-que-trabaja-para-lograr-la-estabilizacion-de-los-clap\/#primaryimage"},"thumbnailUrl":"https:\/\/digital58.com.ve\/site\/wp-content\/uploads\/2020\/11\/Maduro.jpg","keywords":["Caracas","CLAP","Comit\u00e9s Locales de Abastecimiento y Producci\u00f3n","Gobierno Nacional","Nacionales","Nicol\u00e1s Maduro","Venezuela"],"articleSection":["Venezuela"],"inLanguage":"es","potentialAction":[{"@type":"CommentAction","name":"Comment","target":["https:\/\/digital58.com.ve\/site\/2020\/11\/18\/presidente-maduro-asegura-que-trabaja-para-lograr-la-estabilizacion-de-los-clap\/#respond"]}]},{"@type":"WebPage","@id":"https:\/\/digital58.com.ve\/site\/2020\/11\/18\/presidente-maduro-asegura-que-trabaja-para-lograr-la-estabilizacion-de-los-clap\/","url":"https:\/\/digital58.com.ve\/site\/2020\/11\/18\/presidente-maduro-asegura-que-trabaja-para-lograr-la-estabilizacion-de-los-clap\/","name":"Presidente Maduro asegura que trabaja para lograr la estabilizaci\u00f3n de los CLAP","isPartOf":{"@id":"https:\/\/digital58.com.ve\/site\/#website"},"primaryImageOfPage":{"@id":"https:\/\/digital58.com.ve\/site\/2020\/11\/18\/presidente-maduro-asegura-que-trabaja-para-lograr-la-estabilizacion-de-los-clap\/#primaryimage"},"image":{"@id":"https:\/\/digital58.com.ve\/site\/2020\/11\/18\/presidente-maduro-asegura-que-trabaja-para-lograr-la-estabilizacion-de-los-clap\/#primaryimage"},"thumbnailUrl":"https:\/\/digital58.com.ve\/site\/wp-content\/uploads\/2020\/11\/Maduro.jpg","datePublished":"2020-11-19T00:37:35+00:00","description":"Venezuela","breadcrumb":{"@id":"https:\/\/digital58.com.ve\/site\/2020\/11\/18\/presidente-maduro-asegura-que-trabaja-para-lograr-la-estabilizacion-de-los-clap\/#breadcrumb"},"inLanguage":"es","potentialAction":[{"@type":"ReadAction","target":["https:\/\/digital58.com.ve\/site\/2020\/11\/18\/presidente-maduro-asegura-que-trabaja-para-lograr-la-estabilizacion-de-los-clap\/"]}]},{"@type":"ImageObject","inLanguage":"es","@id":"https:\/\/digital58.com.ve\/site\/2020\/11\/18\/presidente-maduro-asegura-que-trabaja-para-lograr-la-estabilizacion-de-los-clap\/#primaryimage","url":"https:\/\/digital58.com.ve\/site\/wp-content\/uploads\/2020\/11\/Maduro.jpg","contentUrl":"https:\/\/digital58.com.ve\/site\/wp-content\/uploads\/2020\/11\/Maduro.jpg","width":800,"height":450},{"@type":"BreadcrumbList","@id":"https:\/\/digital58.com.ve\/site\/2020\/11\/18\/presidente-maduro-asegura-que-trabaja-para-lograr-la-estabilizacion-de-los-clap\/#breadcrumb","itemListElement":[{"@type":"ListItem","position":1,"name":"Home","item":"https:\/\/digital58.com.ve\/site\/"},{"@type":"ListItem","position":2,"name":"Presidente Maduro asegura que trabaja para lograr la estabilizaci\u00f3n de los CLAP"}]},{"@type":"WebSite","@id":"https:\/\/digital58.com.ve\/site\/#website","url":"https:\/\/digital58.com.ve\/site\/","name":"Noticias Digital58","description":"Portal de Noticias \u00a1Periodismo web de verdad! Lanzamiento web 22.11.2005 \/ Maracaibo, Venezuela","publisher":{"@id":"https:\/\/digital58.com.ve\/site\/#\/schema\/person\/64d1c2e4d0d4fd1b849980c4331c2951"},"alternateName":"ND58","potentialAction":[{"@type":"SearchAction","target":{"@type":"EntryPoint","urlTemplate":"https:\/\/digital58.com.ve\/site\/?s={search_term_string}"},"query-input":{"@type":"PropertyValueSpecification","valueRequired":true,"valueName":"search_term_string"}}],"inLanguage":"es"},{"@type":["Person","Organization"],"@id":"https:\/\/digital58.com.ve\/site\/#\/schema\/person\/64d1c2e4d0d4fd1b849980c4331c2951","name":"Villasmil Henry","image":{"@type":"ImageObject","inLanguage":"es","@id":"https:\/\/secure.gravatar.com\/avatar\/bb0c4a2fcb7970138239f7e404ea75757b1b507b28b5ce4c53fbd62d797c5a7c?s=96&d=mm&r=g","url":"https:\/\/secure.gravatar.com\/avatar\/bb0c4a2fcb7970138239f7e404ea75757b1b507b28b5ce4c53fbd62d797c5a7c?s=96&d=mm&r=g","contentUrl":"https:\/\/secure.gravatar.com\/avatar\/bb0c4a2fcb7970138239f7e404ea75757b1b507b28b5ce4c53fbd62d797c5a7c?s=96&d=mm&r=g","caption":"Villasmil Henry"},"logo":{"@id":"https:\/\/secure.gravatar.com\/avatar\/bb0c4a2fcb7970138239f7e404ea75757b1b507b28b5ce4c53fbd62d797c5a7c?s=96&d=mm&r=g"},"sameAs":["http:\/\/www.henryvillasmil.com.ve","https:\/\/www.instagram.com\/villasmilhfoto\/","https:\/\/x.com\/https:\/\/twitter.com\/villasmilhfoto"]},{"@type":"Person","@id":"https:\/\/digital58.com.ve\/site\/#\/schema\/person\/8daf5f8bfd9ebdb98150c62bff195b72","name":"Morales Joel","image":{"@type":"ImageObject","inLanguage":"es","@id":"https:\/\/secure.gravatar.com\/avatar\/e2cb5ce0e9279ab3c8e03d472e483f32e666716a18da3bfa7b0749a5465409f1?s=96&d=mm&r=g","url":"https:\/\/secure.gravatar.com\/avatar\/e2cb5ce0e9279ab3c8e03d472e483f32e666716a18da3bfa7b0749a5465409f1?s=96&d=mm&r=g","contentUrl":"https:\/\/secure.gravatar.com\/avatar\/e2cb5ce0e9279ab3c8e03d472e483f32e666716a18da3bfa7b0749a5465409f1?s=96&d=mm&r=g","caption":"Morales Joel"},"url":"https:\/\/digital58.com.ve\/site\/author\/joelm\/"}]}},"uagb_featured_image_src":{"full":["https:\/\/digital58.com.ve\/site\/wp-content\/uploads\/2020\/11\/Maduro.jpg",800,450,false],"thumbnail":["https:\/\/digital58.com.ve\/site\/wp-content\/uploads\/2020\/11\/Maduro-150x150.jpg",150,150,true],"medium":["https:\/\/digital58.com.ve\/site\/wp-content\/uploads\/2020\/11\/Maduro-300x169.jpg",300,169,true],"medium_large":["https:\/\/digital58.com.ve\/site\/wp-content\/uploads\/2020\/11\/Maduro-768x432.jpg",768,432,true],"large":["https:\/\/digital58.com.ve\/site\/wp-content\/uploads\/2020\/11\/Maduro.jpg",800,450,false],"1536x1536":["https:\/\/digital58.com.ve\/site\/wp-content\/uploads\/2020\/11\/Maduro.jpg",800,450,false],"2048x2048":["https:\/\/digital58.com.ve\/site\/wp-content\/uploads\/2020\/11\/Maduro.jpg",800,450,false],"colormag-highlighted-post":["https:\/\/digital58.com.ve\/site\/wp-content\/uploads\/2020\/11\/Maduro.jpg",392,221,false],"colormag-featured-post-medium":["https:\/\/digital58.com.ve\/site\/wp-content\/uploads\/2020\/11\/Maduro.jpg",364,205,false],"colormag-featured-post-small":["https:\/\/digital58.com.ve\/site\/wp-content\/uploads\/2020\/11\/Maduro.jpg",130,73,false],"colormag-featured-image":["https:\/\/digital58.com.ve\/site\/wp-content\/uploads\/2020\/11\/Maduro.jpg",791,445,false],"colormag-default-news":["https:\/\/digital58.com.ve\/site\/wp-content\/uploads\/2020\/11\/Maduro.jpg",150,84,false],"colormag-featured-image-large":["https:\/\/digital58.com.ve\/site\/wp-content\/uploads\/2020\/11\/Maduro.jpg",800,450,false]},"uagb_author_info":{"display_name":"Morales Joel","author_link":"https:\/\/digital58.com.ve\/site\/author\/joelm\/"},"uagb_comment_info":0,"uagb_excerpt":"Acus\u00f3 a la oposici\u00f3n venezolana y al gobierno de Estados Unidos de detener todas las ventas de productos provenientes del","_links":{"self":[{"href":"https:\/\/digital58.com.ve\/site\/wp-json\/wp\/v2\/posts\/133037","targetHints":{"allow":["GET"]}}],"collection":[{"href":"https:\/\/digital58.com.ve\/site\/wp-json\/wp\/v2\/posts"}],"about":[{"href":"https:\/\/digital58.com.ve\/site\/wp-json\/wp\/v2\/types\/post"}],"author":[{"embeddable":true,"href":"https:\/\/digital58.com.ve\/site\/wp-json\/wp\/v2\/users\/29"}],"replies":[{"embeddable":true,"href":"https:\/\/digital58.com.ve\/site\/wp-json\/wp\/v2\/comments?post=133037"}],"version-history":[{"count":0,"href":"https:\/\/digital58.com.ve\/site\/wp-json\/wp\/v2\/posts\/133037\/revisions"}],"wp:featuredmedia":[{"embeddable":true,"href":"https:\/\/digital58.com.ve\/site\/wp-json\/wp\/v2\/media\/133038"}],"wp:attachment":[{"href":"https:\/\/digital58.com.ve\/site\/wp-json\/wp\/v2\/media?parent=133037"}],"wp:term":[{"taxonomy":"category","embeddable":true,"href":"https:\/\/digital58.com.ve\/site\/wp-json\/wp\/v2\/categories?post=133037"},{"taxonomy":"post_tag","embeddable":true,"href":"https:\/\/digital58.com.ve\/site\/wp-json\/wp\/v2\/tags?post=133037"}],"curies":[{"name":"wp","href":"https:\/\/api.w.org\/{rel}","templated":true}]}}