{"id":133040,"date":"2020-11-18T21:35:09","date_gmt":"2020-11-19T01:35:09","guid":{"rendered":"https:\/\/digital58.com.ve\/site\/?p=133040"},"modified":"2020-11-18T21:35:09","modified_gmt":"2020-11-19T01:35:09","slug":"flores-quevedo-y-campos-se-incorporaron-a-los-entrenamientos-de-cardenales","status":"publish","type":"post","link":"https:\/\/digital58.com.ve\/site\/2020\/11\/18\/flores-quevedo-y-campos-se-incorporaron-a-los-entrenamientos-de-cardenales\/","title":{"rendered":"Flores, Quevedo y Campos se incorporaron a los entrenamientos de Cardenales"},"content":{"rendered":"<figure id=\"attachment_133042\" aria-describedby=\"caption-attachment-133042\" style=\"width: 900px\" class=\"wp-caption aligncenter\"><a href=\"https:\/\/digital58.com.ve\/site\/wp-content\/uploads\/2020\/11\/Cesar-Izturis-Jr.jpg\"><img loading=\"lazy\" decoding=\"async\" class=\"wp-image-133042 size-full\" src=\"https:\/\/digital58.com.ve\/site\/wp-content\/uploads\/2020\/11\/Cesar-Izturis-Jr.jpg\" alt=\"\" width=\"900\" height=\"600\" srcset=\"https:\/\/digital58.com.ve\/site\/wp-content\/uploads\/2020\/11\/Cesar-Izturis-Jr.jpg 800w, https:\/\/digital58.com.ve\/site\/wp-content\/uploads\/2020\/11\/Cesar-Izturis-Jr-300x200.jpg 300w, https:\/\/digital58.com.ve\/site\/wp-content\/uploads\/2020\/11\/Cesar-Izturis-Jr-768x512.jpg 768w, https:\/\/digital58.com.ve\/site\/wp-content\/uploads\/2020\/11\/Cesar-Izturis-Jr-720x480.jpg 720w, https:\/\/digital58.com.ve\/site\/wp-content\/uploads\/2020\/11\/Cesar-Izturis-Jr-480x320.jpg 480w\" sizes=\"auto, (max-width: 900px) 100vw, 900px\" \/><\/a><figcaption id=\"caption-attachment-133042\" class=\"wp-caption-text\">Cesar Izturis<\/figcaption><\/figure>\n<p>Lara practica en las instalaciones del nido a partir de las 9am manteniendo el acceso a los medios de comunicaci\u00f3n que deseen asistir.<\/p>\n<p><strong>Barquisimerto, Lara, Venezuela, 18 de enero de 2020 (ND58).-<\/strong> Cardenales de Lara, cumpli\u00f3 con su segundo d\u00eda de entrenamientos oficiales en el estadio Antonio Herrera Guti\u00e9rrez de Barquisimeto, en lo que es la preparaci\u00f3n para la venidera temporada 2020-2021 de la Liga Venezolana de B\u00e9isbol Profesional (LVBP).<\/p>\n<figure id=\"attachment_133041\" aria-describedby=\"caption-attachment-133041\" style=\"width: 900px\" class=\"wp-caption aligncenter\"><a href=\"https:\/\/digital58.com.ve\/site\/wp-content\/uploads\/2020\/11\/Jecksson-Flores.jpg\"><img loading=\"lazy\" decoding=\"async\" class=\"wp-image-133041 size-full\" src=\"https:\/\/digital58.com.ve\/site\/wp-content\/uploads\/2020\/11\/Jecksson-Flores.jpg\" alt=\"Flores\" width=\"900\" height=\"600\" srcset=\"https:\/\/digital58.com.ve\/site\/wp-content\/uploads\/2020\/11\/Jecksson-Flores.jpg 800w, https:\/\/digital58.com.ve\/site\/wp-content\/uploads\/2020\/11\/Jecksson-Flores-300x200.jpg 300w, https:\/\/digital58.com.ve\/site\/wp-content\/uploads\/2020\/11\/Jecksson-Flores-768x512.jpg 768w, https:\/\/digital58.com.ve\/site\/wp-content\/uploads\/2020\/11\/Jecksson-Flores-720x480.jpg 720w, https:\/\/digital58.com.ve\/site\/wp-content\/uploads\/2020\/11\/Jecksson-Flores-480x320.jpg 480w\" sizes=\"auto, (max-width: 900px) 100vw, 900px\" \/><\/a><figcaption id=\"caption-attachment-133041\" class=\"wp-caption-text\">Jecksson Flores<\/figcaption><\/figure>\n<p>Jecksson Flores (INF), Yojhan Quevedo (C) y Vicente Campos (PD) fueron las incorporaciones de la jornada.<\/p>\n<p>Las pr\u00e1cticas dirigidas por el <em>coach<\/em> de banca, Nelson Prada, contaron con la presencia de un total de 33 jugadores en la ma\u00f1ana de este martes.<\/p>\n<figure id=\"attachment_133043\" aria-describedby=\"caption-attachment-133043\" style=\"width: 900px\" class=\"wp-caption aligncenter\"><a href=\"https:\/\/digital58.com.ve\/site\/wp-content\/uploads\/2020\/11\/Vicente-Campos.jpg\"><img loading=\"lazy\" decoding=\"async\" class=\"wp-image-133043 size-full\" src=\"https:\/\/digital58.com.ve\/site\/wp-content\/uploads\/2020\/11\/Vicente-Campos.jpg\" alt=\"\" width=\"900\" height=\"600\" srcset=\"https:\/\/digital58.com.ve\/site\/wp-content\/uploads\/2020\/11\/Vicente-Campos.jpg 800w, https:\/\/digital58.com.ve\/site\/wp-content\/uploads\/2020\/11\/Vicente-Campos-300x200.jpg 300w, https:\/\/digital58.com.ve\/site\/wp-content\/uploads\/2020\/11\/Vicente-Campos-768x512.jpg 768w, https:\/\/digital58.com.ve\/site\/wp-content\/uploads\/2020\/11\/Vicente-Campos-720x480.jpg 720w, https:\/\/digital58.com.ve\/site\/wp-content\/uploads\/2020\/11\/Vicente-Campos-480x320.jpg 480w\" sizes=\"auto, (max-width: 900px) 100vw, 900px\" \/><\/a><figcaption id=\"caption-attachment-133043\" class=\"wp-caption-text\">Vicente Campos<\/figcaption><\/figure>\n<p>Dentro de las actividades, se llev\u00f3 a cabo un <em>BP live<\/em> que cont\u00f3 con la participaci\u00f3n de los lanzadores Wilking Rodr\u00edguez (PD), \u00c1ngelo Palumbo (PD) y Derian Gonz\u00e1lez (PD) donde enfrentaron a diferentes bateadores<br \/>\ndel equipo.<\/p>\n<p>De igual forma, el resto del grupo de lanzadores trabaj\u00f3 en los jardines junto al <em>coach<\/em> Erick P\u00e9rez y los jugadores de posici\u00f3n finalizaron con una pr\u00e1ctica de bateo.<\/p>\n<p>\u00abDiariamente nos reunimos y planificamos la pr\u00e1ctica del d\u00eda siguiente. La clave para todos nosotros va a ser trabajar r\u00e1pido pero con seguridad, llevando todo a un ritmo consciente que evite cualquier tipo de lesi\u00f3n en los muchachos\u00bb, coment\u00f3 Prada en relaci\u00f3n al trabajo f\u00edsico que se aplica en los entrenamientos.<\/p><div class=\"aszcr69f579c601aaf\" ><p style=\"text-align: center;\"><a href=\"https:\/\/t.me\/noticiasdigital58\" target=\"_blank\" rel=\"noopener\"><img class=\"aligncenter size-full wp-image-125363\" src=\"https:\/\/digital58.com.ve\/site\/wp-content\/uploads\/2021\/04\/banner-telegram-web-2021.png\" alt=\"\" width=\"600\" height=\"90\" \/><\/a><\/p><\/div><style type=\"text\/css\">\r\n@media screen and (min-width: 1201px) {\r\n.aszcr69f579c601aaf {\r\ndisplay: block;\r\n}\r\n}\r\n@media screen and (min-width: 993px) and (max-width: 1200px) {\r\n.aszcr69f579c601aaf {\r\ndisplay: block;\r\n}\r\n}\r\n@media screen and (min-width: 769px) and (max-width: 992px) {\r\n.aszcr69f579c601aaf {\r\ndisplay: block;\r\n}\r\n}\r\n@media screen and (min-width: 768px) and (max-width: 768px) {\r\n.aszcr69f579c601aaf {\r\ndisplay: block;\r\n}\r\n}\r\n@media screen and (max-width: 767px) {\r\n.aszcr69f579c601aaf {\r\ndisplay: block;\r\n}\r\n}\r\n<\/style>\r\n\n<p><strong>Redacci\u00f3n ND58 | Fuente: Prensa CDL\/Marcos Rodr\u00edguez.\u00a0<\/strong><br \/>\n<strong>Edici\u00f3n: Villasmil, Henry<\/strong><br \/>\n<strong>Gr\u00e1fica: Cortes\u00eda Prensa CDL<\/strong><\/p>\n<div style=\"margin-top: 0px; margin-bottom: 0px;\" class=\"sharethis-inline-share-buttons\" ><\/div>","protected":false},"excerpt":{"rendered":"<p>Lara practica en las instalaciones del nido a partir de las 9am manteniendo el acceso a los medios de comunicaci\u00f3n<\/p>\n","protected":false},"author":1,"featured_media":133044,"comment_status":"open","ping_status":"closed","sticky":false,"template":"","format":"standard","meta":{"colormag_page_container_layout":"default_layout","colormag_page_sidebar_layout":"default_layout","_uag_custom_page_level_css":"","footnotes":""},"categories":[5402],"tags":[373,448,22171,5775,1365,450,14361,233,32],"class_list":["post-133040","post","type-post","status-publish","format-standard","has-post-thumbnail","hentry","category-deportes","tag-barquisimeto","tag-beisbol","tag-beisbol-nacional","tag-cardenales-de-lara-bbc","tag-lara","tag-lvbp","tag-lvbp-2020-2021","tag-nacionales","tag-venezuela"],"yoast_head":"<!-- This site is optimized with the Yoast SEO plugin v27.5 - https:\/\/yoast.com\/product\/yoast-seo-wordpress\/ -->\n<title>Flores, Quevedo y Campos se incorporaron a los entrenamientos de Cardenales<\/title>\n<meta name=\"description\" content=\"Deportes\" \/>\n<meta name=\"robots\" content=\"index, follow, max-snippet:-1, max-image-preview:large, max-video-preview:-1\" \/>\n<link rel=\"canonical\" href=\"https:\/\/digital58.com.ve\/site\/2020\/11\/18\/flores-quevedo-y-campos-se-incorporaron-a-los-entrenamientos-de-cardenales\/\" \/>\n<meta property=\"og:locale\" content=\"es_ES\" \/>\n<meta property=\"og:type\" content=\"article\" \/>\n<meta property=\"og:title\" content=\"Flores, Quevedo y Campos se incorporaron a los entrenamientos de Cardenales\" \/>\n<meta property=\"og:description\" content=\"Deportes\" \/>\n<meta property=\"og:url\" content=\"https:\/\/digital58.com.ve\/site\/2020\/11\/18\/flores-quevedo-y-campos-se-incorporaron-a-los-entrenamientos-de-cardenales\/\" \/>\n<meta property=\"og:site_name\" content=\"Noticias Digital58\" \/>\n<meta property=\"article:published_time\" content=\"2020-11-19T01:35:09+00:00\" \/>\n<meta property=\"og:image\" content=\"https:\/\/digital58.com.ve\/site\/wp-content\/uploads\/2020\/11\/Yojhan-Quevedo.jpg\" \/>\n\t<meta property=\"og:image:width\" content=\"900\" \/>\n\t<meta property=\"og:image:height\" content=\"600\" \/>\n\t<meta property=\"og:image:type\" content=\"image\/jpeg\" \/>\n<meta name=\"author\" content=\"Villasmil Henry\" \/>\n<meta name=\"twitter:card\" content=\"summary_large_image\" \/>\n<meta name=\"twitter:creator\" content=\"@https:\/\/twitter.com\/villasmilhfoto\" \/>\n<meta name=\"twitter:site\" content=\"@villasmilhfoto\" \/>\n<meta name=\"twitter:label1\" content=\"Escrito por\" \/>\n\t<meta name=\"twitter:data1\" content=\"Villasmil Henry\" \/>\n\t<meta name=\"twitter:label2\" content=\"Tiempo estimado de lectura\" \/>\n\t<meta name=\"twitter:data2\" content=\"1 minuto\" \/>\n<script type=\"application\/ld+json\" class=\"yoast-schema-graph\">{\"@context\":\"https:\\\/\\\/schema.org\",\"@graph\":[{\"@type\":\"Article\",\"@id\":\"https:\\\/\\\/digital58.com.ve\\\/site\\\/2020\\\/11\\\/18\\\/flores-quevedo-y-campos-se-incorporaron-a-los-entrenamientos-de-cardenales\\\/#article\",\"isPartOf\":{\"@id\":\"https:\\\/\\\/digital58.com.ve\\\/site\\\/2020\\\/11\\\/18\\\/flores-quevedo-y-campos-se-incorporaron-a-los-entrenamientos-de-cardenales\\\/\"},\"author\":{\"name\":\"Villasmil Henry\",\"@id\":\"https:\\\/\\\/digital58.com.ve\\\/site\\\/#\\\/schema\\\/person\\\/64d1c2e4d0d4fd1b849980c4331c2951\"},\"headline\":\"Flores, Quevedo y Campos se incorporaron a los entrenamientos de Cardenales\",\"datePublished\":\"2020-11-19T01:35:09+00:00\",\"mainEntityOfPage\":{\"@id\":\"https:\\\/\\\/digital58.com.ve\\\/site\\\/2020\\\/11\\\/18\\\/flores-quevedo-y-campos-se-incorporaron-a-los-entrenamientos-de-cardenales\\\/\"},\"wordCount\":302,\"commentCount\":0,\"publisher\":{\"@id\":\"https:\\\/\\\/digital58.com.ve\\\/site\\\/#\\\/schema\\\/person\\\/64d1c2e4d0d4fd1b849980c4331c2951\"},\"image\":{\"@id\":\"https:\\\/\\\/digital58.com.ve\\\/site\\\/2020\\\/11\\\/18\\\/flores-quevedo-y-campos-se-incorporaron-a-los-entrenamientos-de-cardenales\\\/#primaryimage\"},\"thumbnailUrl\":\"https:\\\/\\\/digital58.com.ve\\\/site\\\/wp-content\\\/uploads\\\/2020\\\/11\\\/Yojhan-Quevedo.jpg\",\"keywords\":[\"Barquisimeto\",\"B\u00e9isbol\",\"B\u00e9isbol nacional\",\"Cardenales de Lara BBC\",\"Lara\",\"LVBP\",\"LVBP 2020-2021\",\"Nacionales\",\"Venezuela\"],\"articleSection\":[\"Deportes\"],\"inLanguage\":\"es\",\"potentialAction\":[{\"@type\":\"CommentAction\",\"name\":\"Comment\",\"target\":[\"https:\\\/\\\/digital58.com.ve\\\/site\\\/2020\\\/11\\\/18\\\/flores-quevedo-y-campos-se-incorporaron-a-los-entrenamientos-de-cardenales\\\/#respond\"]}]},{\"@type\":\"WebPage\",\"@id\":\"https:\\\/\\\/digital58.com.ve\\\/site\\\/2020\\\/11\\\/18\\\/flores-quevedo-y-campos-se-incorporaron-a-los-entrenamientos-de-cardenales\\\/\",\"url\":\"https:\\\/\\\/digital58.com.ve\\\/site\\\/2020\\\/11\\\/18\\\/flores-quevedo-y-campos-se-incorporaron-a-los-entrenamientos-de-cardenales\\\/\",\"name\":\"Flores, Quevedo y Campos se incorporaron a los entrenamientos de Cardenales\",\"isPartOf\":{\"@id\":\"https:\\\/\\\/digital58.com.ve\\\/site\\\/#website\"},\"primaryImageOfPage\":{\"@id\":\"https:\\\/\\\/digital58.com.ve\\\/site\\\/2020\\\/11\\\/18\\\/flores-quevedo-y-campos-se-incorporaron-a-los-entrenamientos-de-cardenales\\\/#primaryimage\"},\"image\":{\"@id\":\"https:\\\/\\\/digital58.com.ve\\\/site\\\/2020\\\/11\\\/18\\\/flores-quevedo-y-campos-se-incorporaron-a-los-entrenamientos-de-cardenales\\\/#primaryimage\"},\"thumbnailUrl\":\"https:\\\/\\\/digital58.com.ve\\\/site\\\/wp-content\\\/uploads\\\/2020\\\/11\\\/Yojhan-Quevedo.jpg\",\"datePublished\":\"2020-11-19T01:35:09+00:00\",\"description\":\"Deportes\",\"breadcrumb\":{\"@id\":\"https:\\\/\\\/digital58.com.ve\\\/site\\\/2020\\\/11\\\/18\\\/flores-quevedo-y-campos-se-incorporaron-a-los-entrenamientos-de-cardenales\\\/#breadcrumb\"},\"inLanguage\":\"es\",\"potentialAction\":[{\"@type\":\"ReadAction\",\"target\":[\"https:\\\/\\\/digital58.com.ve\\\/site\\\/2020\\\/11\\\/18\\\/flores-quevedo-y-campos-se-incorporaron-a-los-entrenamientos-de-cardenales\\\/\"]}]},{\"@type\":\"ImageObject\",\"inLanguage\":\"es\",\"@id\":\"https:\\\/\\\/digital58.com.ve\\\/site\\\/2020\\\/11\\\/18\\\/flores-quevedo-y-campos-se-incorporaron-a-los-entrenamientos-de-cardenales\\\/#primaryimage\",\"url\":\"https:\\\/\\\/digital58.com.ve\\\/site\\\/wp-content\\\/uploads\\\/2020\\\/11\\\/Yojhan-Quevedo.jpg\",\"contentUrl\":\"https:\\\/\\\/digital58.com.ve\\\/site\\\/wp-content\\\/uploads\\\/2020\\\/11\\\/Yojhan-Quevedo.jpg\",\"width\":800,\"height\":533},{\"@type\":\"BreadcrumbList\",\"@id\":\"https:\\\/\\\/digital58.com.ve\\\/site\\\/2020\\\/11\\\/18\\\/flores-quevedo-y-campos-se-incorporaron-a-los-entrenamientos-de-cardenales\\\/#breadcrumb\",\"itemListElement\":[{\"@type\":\"ListItem\",\"position\":1,\"name\":\"Home\",\"item\":\"https:\\\/\\\/digital58.com.ve\\\/site\\\/\"},{\"@type\":\"ListItem\",\"position\":2,\"name\":\"Flores, Quevedo y Campos se incorporaron a los entrenamientos de Cardenales\"}]},{\"@type\":\"WebSite\",\"@id\":\"https:\\\/\\\/digital58.com.ve\\\/site\\\/#website\",\"url\":\"https:\\\/\\\/digital58.com.ve\\\/site\\\/\",\"name\":\"Noticias Digital58\",\"description\":\"Portal de Noticias \u00a1Periodismo web de verdad! Lanzamiento web 22.11.2005 \\\/ Maracaibo, Venezuela\",\"publisher\":{\"@id\":\"https:\\\/\\\/digital58.com.ve\\\/site\\\/#\\\/schema\\\/person\\\/64d1c2e4d0d4fd1b849980c4331c2951\"},\"alternateName\":\"ND58\",\"potentialAction\":[{\"@type\":\"SearchAction\",\"target\":{\"@type\":\"EntryPoint\",\"urlTemplate\":\"https:\\\/\\\/digital58.com.ve\\\/site\\\/?s={search_term_string}\"},\"query-input\":{\"@type\":\"PropertyValueSpecification\",\"valueRequired\":true,\"valueName\":\"search_term_string\"}}],\"inLanguage\":\"es\"},{\"@type\":[\"Person\",\"Organization\"],\"@id\":\"https:\\\/\\\/digital58.com.ve\\\/site\\\/#\\\/schema\\\/person\\\/64d1c2e4d0d4fd1b849980c4331c2951\",\"name\":\"Villasmil Henry\",\"image\":{\"@type\":\"ImageObject\",\"inLanguage\":\"es\",\"@id\":\"https:\\\/\\\/secure.gravatar.com\\\/avatar\\\/bb0c4a2fcb7970138239f7e404ea75757b1b507b28b5ce4c53fbd62d797c5a7c?s=96&d=mm&r=g\",\"url\":\"https:\\\/\\\/secure.gravatar.com\\\/avatar\\\/bb0c4a2fcb7970138239f7e404ea75757b1b507b28b5ce4c53fbd62d797c5a7c?s=96&d=mm&r=g\",\"contentUrl\":\"https:\\\/\\\/secure.gravatar.com\\\/avatar\\\/bb0c4a2fcb7970138239f7e404ea75757b1b507b28b5ce4c53fbd62d797c5a7c?s=96&d=mm&r=g\",\"caption\":\"Villasmil Henry\"},\"logo\":{\"@id\":\"https:\\\/\\\/secure.gravatar.com\\\/avatar\\\/bb0c4a2fcb7970138239f7e404ea75757b1b507b28b5ce4c53fbd62d797c5a7c?s=96&d=mm&r=g\"},\"sameAs\":[\"http:\\\/\\\/www.henryvillasmil.com.ve\",\"https:\\\/\\\/www.instagram.com\\\/villasmilhfoto\\\/\",\"https:\\\/\\\/x.com\\\/https:\\\/\\\/twitter.com\\\/villasmilhfoto\"],\"url\":\"https:\\\/\\\/digital58.com.ve\\\/site\\\/author\\\/droopy_68\\\/\"}]}<\/script>\n<!-- \/ Yoast SEO plugin. -->","yoast_head_json":{"title":"Flores, Quevedo y Campos se incorporaron a los entrenamientos de Cardenales","description":"Deportes","robots":{"index":"index","follow":"follow","max-snippet":"max-snippet:-1","max-image-preview":"max-image-preview:large","max-video-preview":"max-video-preview:-1"},"canonical":"https:\/\/digital58.com.ve\/site\/2020\/11\/18\/flores-quevedo-y-campos-se-incorporaron-a-los-entrenamientos-de-cardenales\/","og_locale":"es_ES","og_type":"article","og_title":"Flores, Quevedo y Campos se incorporaron a los entrenamientos de Cardenales","og_description":"Deportes","og_url":"https:\/\/digital58.com.ve\/site\/2020\/11\/18\/flores-quevedo-y-campos-se-incorporaron-a-los-entrenamientos-de-cardenales\/","og_site_name":"Noticias Digital58","article_published_time":"2020-11-19T01:35:09+00:00","og_image":[{"width":900,"height":600,"url":"https:\/\/digital58.com.ve\/site\/wp-content\/uploads\/2020\/11\/Yojhan-Quevedo.jpg","type":"image\/jpeg"}],"author":"Villasmil Henry","twitter_card":"summary_large_image","twitter_creator":"@https:\/\/twitter.com\/villasmilhfoto","twitter_site":"@villasmilhfoto","twitter_misc":{"Escrito por":"Villasmil Henry","Tiempo estimado de lectura":"1 minuto"},"schema":{"@context":"https:\/\/schema.org","@graph":[{"@type":"Article","@id":"https:\/\/digital58.com.ve\/site\/2020\/11\/18\/flores-quevedo-y-campos-se-incorporaron-a-los-entrenamientos-de-cardenales\/#article","isPartOf":{"@id":"https:\/\/digital58.com.ve\/site\/2020\/11\/18\/flores-quevedo-y-campos-se-incorporaron-a-los-entrenamientos-de-cardenales\/"},"author":{"name":"Villasmil Henry","@id":"https:\/\/digital58.com.ve\/site\/#\/schema\/person\/64d1c2e4d0d4fd1b849980c4331c2951"},"headline":"Flores, Quevedo y Campos se incorporaron a los entrenamientos de Cardenales","datePublished":"2020-11-19T01:35:09+00:00","mainEntityOfPage":{"@id":"https:\/\/digital58.com.ve\/site\/2020\/11\/18\/flores-quevedo-y-campos-se-incorporaron-a-los-entrenamientos-de-cardenales\/"},"wordCount":302,"commentCount":0,"publisher":{"@id":"https:\/\/digital58.com.ve\/site\/#\/schema\/person\/64d1c2e4d0d4fd1b849980c4331c2951"},"image":{"@id":"https:\/\/digital58.com.ve\/site\/2020\/11\/18\/flores-quevedo-y-campos-se-incorporaron-a-los-entrenamientos-de-cardenales\/#primaryimage"},"thumbnailUrl":"https:\/\/digital58.com.ve\/site\/wp-content\/uploads\/2020\/11\/Yojhan-Quevedo.jpg","keywords":["Barquisimeto","B\u00e9isbol","B\u00e9isbol nacional","Cardenales de Lara BBC","Lara","LVBP","LVBP 2020-2021","Nacionales","Venezuela"],"articleSection":["Deportes"],"inLanguage":"es","potentialAction":[{"@type":"CommentAction","name":"Comment","target":["https:\/\/digital58.com.ve\/site\/2020\/11\/18\/flores-quevedo-y-campos-se-incorporaron-a-los-entrenamientos-de-cardenales\/#respond"]}]},{"@type":"WebPage","@id":"https:\/\/digital58.com.ve\/site\/2020\/11\/18\/flores-quevedo-y-campos-se-incorporaron-a-los-entrenamientos-de-cardenales\/","url":"https:\/\/digital58.com.ve\/site\/2020\/11\/18\/flores-quevedo-y-campos-se-incorporaron-a-los-entrenamientos-de-cardenales\/","name":"Flores, Quevedo y Campos se incorporaron a los entrenamientos de Cardenales","isPartOf":{"@id":"https:\/\/digital58.com.ve\/site\/#website"},"primaryImageOfPage":{"@id":"https:\/\/digital58.com.ve\/site\/2020\/11\/18\/flores-quevedo-y-campos-se-incorporaron-a-los-entrenamientos-de-cardenales\/#primaryimage"},"image":{"@id":"https:\/\/digital58.com.ve\/site\/2020\/11\/18\/flores-quevedo-y-campos-se-incorporaron-a-los-entrenamientos-de-cardenales\/#primaryimage"},"thumbnailUrl":"https:\/\/digital58.com.ve\/site\/wp-content\/uploads\/2020\/11\/Yojhan-Quevedo.jpg","datePublished":"2020-11-19T01:35:09+00:00","description":"Deportes","breadcrumb":{"@id":"https:\/\/digital58.com.ve\/site\/2020\/11\/18\/flores-quevedo-y-campos-se-incorporaron-a-los-entrenamientos-de-cardenales\/#breadcrumb"},"inLanguage":"es","potentialAction":[{"@type":"ReadAction","target":["https:\/\/digital58.com.ve\/site\/2020\/11\/18\/flores-quevedo-y-campos-se-incorporaron-a-los-entrenamientos-de-cardenales\/"]}]},{"@type":"ImageObject","inLanguage":"es","@id":"https:\/\/digital58.com.ve\/site\/2020\/11\/18\/flores-quevedo-y-campos-se-incorporaron-a-los-entrenamientos-de-cardenales\/#primaryimage","url":"https:\/\/digital58.com.ve\/site\/wp-content\/uploads\/2020\/11\/Yojhan-Quevedo.jpg","contentUrl":"https:\/\/digital58.com.ve\/site\/wp-content\/uploads\/2020\/11\/Yojhan-Quevedo.jpg","width":800,"height":533},{"@type":"BreadcrumbList","@id":"https:\/\/digital58.com.ve\/site\/2020\/11\/18\/flores-quevedo-y-campos-se-incorporaron-a-los-entrenamientos-de-cardenales\/#breadcrumb","itemListElement":[{"@type":"ListItem","position":1,"name":"Home","item":"https:\/\/digital58.com.ve\/site\/"},{"@type":"ListItem","position":2,"name":"Flores, Quevedo y Campos se incorporaron a los entrenamientos de Cardenales"}]},{"@type":"WebSite","@id":"https:\/\/digital58.com.ve\/site\/#website","url":"https:\/\/digital58.com.ve\/site\/","name":"Noticias Digital58","description":"Portal de Noticias \u00a1Periodismo web de verdad! Lanzamiento web 22.11.2005 \/ Maracaibo, Venezuela","publisher":{"@id":"https:\/\/digital58.com.ve\/site\/#\/schema\/person\/64d1c2e4d0d4fd1b849980c4331c2951"},"alternateName":"ND58","potentialAction":[{"@type":"SearchAction","target":{"@type":"EntryPoint","urlTemplate":"https:\/\/digital58.com.ve\/site\/?s={search_term_string}"},"query-input":{"@type":"PropertyValueSpecification","valueRequired":true,"valueName":"search_term_string"}}],"inLanguage":"es"},{"@type":["Person","Organization"],"@id":"https:\/\/digital58.com.ve\/site\/#\/schema\/person\/64d1c2e4d0d4fd1b849980c4331c2951","name":"Villasmil Henry","image":{"@type":"ImageObject","inLanguage":"es","@id":"https:\/\/secure.gravatar.com\/avatar\/bb0c4a2fcb7970138239f7e404ea75757b1b507b28b5ce4c53fbd62d797c5a7c?s=96&d=mm&r=g","url":"https:\/\/secure.gravatar.com\/avatar\/bb0c4a2fcb7970138239f7e404ea75757b1b507b28b5ce4c53fbd62d797c5a7c?s=96&d=mm&r=g","contentUrl":"https:\/\/secure.gravatar.com\/avatar\/bb0c4a2fcb7970138239f7e404ea75757b1b507b28b5ce4c53fbd62d797c5a7c?s=96&d=mm&r=g","caption":"Villasmil Henry"},"logo":{"@id":"https:\/\/secure.gravatar.com\/avatar\/bb0c4a2fcb7970138239f7e404ea75757b1b507b28b5ce4c53fbd62d797c5a7c?s=96&d=mm&r=g"},"sameAs":["http:\/\/www.henryvillasmil.com.ve","https:\/\/www.instagram.com\/villasmilhfoto\/","https:\/\/x.com\/https:\/\/twitter.com\/villasmilhfoto"],"url":"https:\/\/digital58.com.ve\/site\/author\/droopy_68\/"}]}},"uagb_featured_image_src":{"full":["https:\/\/digital58.com.ve\/site\/wp-content\/uploads\/2020\/11\/Yojhan-Quevedo.jpg",800,533,false],"thumbnail":["https:\/\/digital58.com.ve\/site\/wp-content\/uploads\/2020\/11\/Yojhan-Quevedo-150x150.jpg",150,150,true],"medium":["https:\/\/digital58.com.ve\/site\/wp-content\/uploads\/2020\/11\/Yojhan-Quevedo-300x200.jpg",300,200,true],"medium_large":["https:\/\/digital58.com.ve\/site\/wp-content\/uploads\/2020\/11\/Yojhan-Quevedo-768x512.jpg",768,512,true],"large":["https:\/\/digital58.com.ve\/site\/wp-content\/uploads\/2020\/11\/Yojhan-Quevedo.jpg",800,533,false],"1536x1536":["https:\/\/digital58.com.ve\/site\/wp-content\/uploads\/2020\/11\/Yojhan-Quevedo.jpg",800,533,false],"2048x2048":["https:\/\/digital58.com.ve\/site\/wp-content\/uploads\/2020\/11\/Yojhan-Quevedo.jpg",800,533,false],"colormag-highlighted-post":["https:\/\/digital58.com.ve\/site\/wp-content\/uploads\/2020\/11\/Yojhan-Quevedo.jpg",392,261,false],"colormag-featured-post-medium":["https:\/\/digital58.com.ve\/site\/wp-content\/uploads\/2020\/11\/Yojhan-Quevedo.jpg",308,205,false],"colormag-featured-post-small":["https:\/\/digital58.com.ve\/site\/wp-content\/uploads\/2020\/11\/Yojhan-Quevedo.jpg",130,87,false],"colormag-featured-image":["https:\/\/digital58.com.ve\/site\/wp-content\/uploads\/2020\/11\/Yojhan-Quevedo.jpg",668,445,false],"colormag-default-news":["https:\/\/digital58.com.ve\/site\/wp-content\/uploads\/2020\/11\/Yojhan-Quevedo.jpg",150,100,false],"colormag-featured-image-large":["https:\/\/digital58.com.ve\/site\/wp-content\/uploads\/2020\/11\/Yojhan-Quevedo.jpg",800,533,false]},"uagb_author_info":{"display_name":"Villasmil Henry","author_link":"https:\/\/digital58.com.ve\/site\/author\/droopy_68\/"},"uagb_comment_info":0,"uagb_excerpt":"Lara practica en las instalaciones del nido a partir de las 9am manteniendo el acceso a los medios de comunicaci\u00f3n","_links":{"self":[{"href":"https:\/\/digital58.com.ve\/site\/wp-json\/wp\/v2\/posts\/133040","targetHints":{"allow":["GET"]}}],"collection":[{"href":"https:\/\/digital58.com.ve\/site\/wp-json\/wp\/v2\/posts"}],"about":[{"href":"https:\/\/digital58.com.ve\/site\/wp-json\/wp\/v2\/types\/post"}],"author":[{"embeddable":true,"href":"https:\/\/digital58.com.ve\/site\/wp-json\/wp\/v2\/users\/1"}],"replies":[{"embeddable":true,"href":"https:\/\/digital58.com.ve\/site\/wp-json\/wp\/v2\/comments?post=133040"}],"version-history":[{"count":0,"href":"https:\/\/digital58.com.ve\/site\/wp-json\/wp\/v2\/posts\/133040\/revisions"}],"wp:featuredmedia":[{"embeddable":true,"href":"https:\/\/digital58.com.ve\/site\/wp-json\/wp\/v2\/media\/133044"}],"wp:attachment":[{"href":"https:\/\/digital58.com.ve\/site\/wp-json\/wp\/v2\/media?parent=133040"}],"wp:term":[{"taxonomy":"category","embeddable":true,"href":"https:\/\/digital58.com.ve\/site\/wp-json\/wp\/v2\/categories?post=133040"},{"taxonomy":"post_tag","embeddable":true,"href":"https:\/\/digital58.com.ve\/site\/wp-json\/wp\/v2\/tags?post=133040"}],"curies":[{"name":"wp","href":"https:\/\/api.w.org\/{rel}","templated":true}]}}