{"id":133210,"date":"2020-11-22T11:53:44","date_gmt":"2020-11-22T15:53:44","guid":{"rendered":"https:\/\/digital58.com.ve\/site\/?p=133210"},"modified":"2020-11-22T11:53:44","modified_gmt":"2020-11-22T15:53:44","slug":"biden-anunciara-este-martes-los-primeros-miembros-de-su-gabinete","status":"publish","type":"post","link":"https:\/\/digital58.com.ve\/site\/2020\/11\/22\/biden-anunciara-este-martes-los-primeros-miembros-de-su-gabinete\/","title":{"rendered":"Biden anunciar\u00e1 este martes los primeros miembros de su gabinete"},"content":{"rendered":"<p><a href=\"https:\/\/digital58.com.ve\/site\/wp-content\/uploads\/2020\/09\/joe-biden-09-09-10.jpg\"><img loading=\"lazy\" decoding=\"async\" class=\"aligncenter size-full wp-image-126900\" src=\"https:\/\/digital58.com.ve\/site\/wp-content\/uploads\/2020\/09\/joe-biden-09-09-10.jpg\" alt=\"\" width=\"800\" height=\"523\" srcset=\"https:\/\/digital58.com.ve\/site\/wp-content\/uploads\/2020\/09\/joe-biden-09-09-10.jpg 800w, https:\/\/digital58.com.ve\/site\/wp-content\/uploads\/2020\/09\/joe-biden-09-09-10-300x196.jpg 300w, https:\/\/digital58.com.ve\/site\/wp-content\/uploads\/2020\/09\/joe-biden-09-09-10-768x502.jpg 768w\" sizes=\"auto, (max-width: 800px) 100vw, 800px\" \/><\/a><\/p>\n<p>El dem\u00f3crata estadounidense ya ha anunciado una decena de asesores que le acompa\u00f1ar\u00e1n a la Casa Blanca, como el propio Klain, aunque esos funcionarios no necesitan del visto bueno del Senado, al contrario que los del gabinete.<\/p>\n<p><strong>Estados Unidos, 22 de noviembre de 2020 (ND58).-<\/strong> El presidente electo de EE.UU., Joe Biden, anunciar\u00e1 el martes 24 los primeros miembros del gabinete que conformar\u00e1 su Gobierno, adelant\u00f3 este domingo el que ser\u00e1 su jefe de gabinete en la Casa Blanca, Ron Klain.<\/p>\n<p>\u00abVer\u00e1n los primeros anuncios sobre miembros del gabinete este martes\u00bb, adelant\u00f3 Klain durante una entrevista en la cadena ABC News, y afirm\u00f3 que el anuncio lo har\u00e1 el propio Biden.<\/p>\n<p>Klain no aclar\u00f3, sin embargo, si el anuncio incluir\u00e1 a algunas de las figuras del gabinete m\u00e1s esperadas, como los secretarios de Estado, Tesoro o Justicia.<\/p>\n<p>El presidente electo dijo esta semana que ya hab\u00eda decidido qui\u00e9n ser\u00eda su secretario o secretaria del Tesoro, y que har\u00eda el anuncio o bien antes o despu\u00e9s de la festividad de Acci\u00f3n de Gracias, que se celebra el pr\u00f3ximo jueves 26.<\/p>\n<p>Tanto la expresidenta de la Reserva Federal Janet Yellen como la senadora Elizabeth Warren han sonado para ese cargo, pero Biden no quiso especular y solo pronostic\u00f3 que la persona a la que ha seleccionado satisfar\u00e1 tanto a los dem\u00f3cratas m\u00e1s moderados como a los m\u00e1s progresistas.<\/p>\n<p>Los nominados por Biden tendr\u00e1n que ser confirmados por el Senado, cuyo control no se determinar\u00e1 hasta que se celebren dos elecciones especiales previstas para el 5 de enero en Georgia, de las que dependen dos esca\u00f1os que inclinar\u00e1n la C\u00e1mara Alta hacia los republicanos o los dem\u00f3cratas.<\/p>\n<p>En su entrevista con ABC, Klain tambi\u00e9n adelant\u00f3 que la investidura de Biden, prevista para el 20 de enero, \u00abtendr\u00e1 que cambiar definitivamente\u00bb respecto a las tradicionales en EE.UU., debido a que con la pandemia no es adecuado congregar a decenas de miles de personas en el centro de Washington.<\/p>\n<p>Sobre la obstrucci\u00f3n al proceso de transici\u00f3n por parte del presidente saliente, Donald Trump, Klein asegur\u00f3: \u00abEl asalto de Trump a nuestras elecciones no cambiar\u00e1 el resultado\u00bb.<\/p>\n<p>\u00abJoe Biden har\u00e1 el juramento de su cargo, y Trump se ir\u00e1 de la Casa Blanca antes de eso. \u00bfPero cu\u00e1nto da\u00f1o har\u00e1 a nuestra democracia antes de irse?\u00bb, plante\u00f3 Klain.<\/p><div class=\"higti69ee36171063e\" ><p style=\"text-align: center;\"><a href=\"https:\/\/t.me\/noticiasdigital58\" target=\"_blank\" rel=\"noopener\"><img class=\"aligncenter size-full wp-image-125363\" src=\"https:\/\/digital58.com.ve\/site\/wp-content\/uploads\/2021\/04\/banner-telegram-web-2021.png\" alt=\"\" width=\"600\" height=\"90\" \/><\/a><\/p><\/div><style type=\"text\/css\">\r\n@media screen and (min-width: 1201px) {\r\n.higti69ee36171063e {\r\ndisplay: block;\r\n}\r\n}\r\n@media screen and (min-width: 993px) and (max-width: 1200px) {\r\n.higti69ee36171063e {\r\ndisplay: block;\r\n}\r\n}\r\n@media screen and (min-width: 769px) and (max-width: 992px) {\r\n.higti69ee36171063e {\r\ndisplay: block;\r\n}\r\n}\r\n@media screen and (min-width: 768px) and (max-width: 768px) {\r\n.higti69ee36171063e {\r\ndisplay: block;\r\n}\r\n}\r\n@media screen and (max-width: 767px) {\r\n.higti69ee36171063e {\r\ndisplay: block;\r\n}\r\n}\r\n<\/style>\r\n\n<p><strong>Redacci\u00f3n ND58 | Fuente: EFE<\/strong><br \/>\n<strong>Edici\u00f3n: Villasmil, Henry<\/strong><br \/>\n<strong>Gr\u00e1fica: EFE<\/strong><\/p>\n<div style=\"margin-top: 0px; margin-bottom: 0px;\" class=\"sharethis-inline-share-buttons\" ><\/div>","protected":false},"excerpt":{"rendered":"<p>El dem\u00f3crata estadounidense ya ha anunciado una decena de asesores que le acompa\u00f1ar\u00e1n a la Casa Blanca, como el propio<\/p>\n","protected":false},"author":1,"featured_media":126900,"comment_status":"open","ping_status":"closed","sticky":false,"template":"","format":"standard","meta":{"colormag_page_container_layout":"default_layout","colormag_page_sidebar_layout":"default_layout","_uag_custom_page_level_css":"","footnotes":""},"categories":[8610],"tags":[13871,1304,8,961,14326,22622],"class_list":["post-133210","post","type-post","status-publish","format-standard","has-post-thumbnail","hentry","category-politica","tag-casa-blanca","tag-estados-unidos","tag-internacionales","tag-joe-biden","tag-politica-internacional","tag-presidente-electo"],"yoast_head":"<!-- This site is optimized with the Yoast SEO plugin v27.4 - https:\/\/yoast.com\/product\/yoast-seo-wordpress\/ -->\n<title>Biden anunciar\u00e1 este martes los primeros miembros de su gabinete<\/title>\n<meta name=\"description\" content=\"Pol\u00edtica\" \/>\n<meta name=\"robots\" content=\"index, follow, max-snippet:-1, max-image-preview:large, max-video-preview:-1\" \/>\n<link rel=\"canonical\" href=\"https:\/\/digital58.com.ve\/site\/2020\/11\/22\/biden-anunciara-este-martes-los-primeros-miembros-de-su-gabinete\/\" \/>\n<meta property=\"og:locale\" content=\"es_ES\" \/>\n<meta property=\"og:type\" content=\"article\" \/>\n<meta property=\"og:title\" content=\"Biden anunciar\u00e1 este martes los primeros miembros de su gabinete\" \/>\n<meta property=\"og:description\" content=\"Pol\u00edtica\" \/>\n<meta property=\"og:url\" content=\"https:\/\/digital58.com.ve\/site\/2020\/11\/22\/biden-anunciara-este-martes-los-primeros-miembros-de-su-gabinete\/\" \/>\n<meta property=\"og:site_name\" content=\"Noticias Digital58\" \/>\n<meta property=\"article:published_time\" content=\"2020-11-22T15:53:44+00:00\" \/>\n<meta property=\"og:image\" content=\"https:\/\/digital58.com.ve\/site\/wp-content\/uploads\/2020\/09\/joe-biden-09-09-10.jpg\" \/>\n\t<meta property=\"og:image:width\" content=\"800\" \/>\n\t<meta property=\"og:image:height\" content=\"523\" \/>\n\t<meta property=\"og:image:type\" content=\"image\/jpeg\" \/>\n<meta name=\"author\" content=\"Villasmil Henry\" \/>\n<meta name=\"twitter:card\" content=\"summary_large_image\" \/>\n<meta name=\"twitter:creator\" content=\"@https:\/\/twitter.com\/villasmilhfoto\" \/>\n<meta name=\"twitter:site\" content=\"@villasmilhfoto\" \/>\n<meta name=\"twitter:label1\" content=\"Escrito por\" \/>\n\t<meta name=\"twitter:data1\" content=\"Villasmil Henry\" \/>\n\t<meta name=\"twitter:label2\" content=\"Tiempo estimado de lectura\" \/>\n\t<meta name=\"twitter:data2\" content=\"2 minutos\" \/>\n<script type=\"application\/ld+json\" class=\"yoast-schema-graph\">{\"@context\":\"https:\\\/\\\/schema.org\",\"@graph\":[{\"@type\":\"Article\",\"@id\":\"https:\\\/\\\/digital58.com.ve\\\/site\\\/2020\\\/11\\\/22\\\/biden-anunciara-este-martes-los-primeros-miembros-de-su-gabinete\\\/#article\",\"isPartOf\":{\"@id\":\"https:\\\/\\\/digital58.com.ve\\\/site\\\/2020\\\/11\\\/22\\\/biden-anunciara-este-martes-los-primeros-miembros-de-su-gabinete\\\/\"},\"author\":{\"name\":\"Villasmil Henry\",\"@id\":\"https:\\\/\\\/digital58.com.ve\\\/site\\\/#\\\/schema\\\/person\\\/64d1c2e4d0d4fd1b849980c4331c2951\"},\"headline\":\"Biden anunciar\u00e1 este martes los primeros miembros de su gabinete\",\"datePublished\":\"2020-11-22T15:53:44+00:00\",\"mainEntityOfPage\":{\"@id\":\"https:\\\/\\\/digital58.com.ve\\\/site\\\/2020\\\/11\\\/22\\\/biden-anunciara-este-martes-los-primeros-miembros-de-su-gabinete\\\/\"},\"wordCount\":426,\"commentCount\":0,\"publisher\":{\"@id\":\"https:\\\/\\\/digital58.com.ve\\\/site\\\/#\\\/schema\\\/person\\\/64d1c2e4d0d4fd1b849980c4331c2951\"},\"image\":{\"@id\":\"https:\\\/\\\/digital58.com.ve\\\/site\\\/2020\\\/11\\\/22\\\/biden-anunciara-este-martes-los-primeros-miembros-de-su-gabinete\\\/#primaryimage\"},\"thumbnailUrl\":\"https:\\\/\\\/digital58.com.ve\\\/site\\\/wp-content\\\/uploads\\\/2020\\\/09\\\/joe-biden-09-09-10.jpg\",\"keywords\":[\"Casa Blanca\",\"Estados Unidos\",\"Internacionales\",\"Joe Biden\",\"Pol\u00edtica internacional\",\"Presidente electo\"],\"articleSection\":[\"Pol\u00edtica\"],\"inLanguage\":\"es\",\"potentialAction\":[{\"@type\":\"CommentAction\",\"name\":\"Comment\",\"target\":[\"https:\\\/\\\/digital58.com.ve\\\/site\\\/2020\\\/11\\\/22\\\/biden-anunciara-este-martes-los-primeros-miembros-de-su-gabinete\\\/#respond\"]}]},{\"@type\":\"WebPage\",\"@id\":\"https:\\\/\\\/digital58.com.ve\\\/site\\\/2020\\\/11\\\/22\\\/biden-anunciara-este-martes-los-primeros-miembros-de-su-gabinete\\\/\",\"url\":\"https:\\\/\\\/digital58.com.ve\\\/site\\\/2020\\\/11\\\/22\\\/biden-anunciara-este-martes-los-primeros-miembros-de-su-gabinete\\\/\",\"name\":\"Biden anunciar\u00e1 este martes los primeros miembros de su gabinete\",\"isPartOf\":{\"@id\":\"https:\\\/\\\/digital58.com.ve\\\/site\\\/#website\"},\"primaryImageOfPage\":{\"@id\":\"https:\\\/\\\/digital58.com.ve\\\/site\\\/2020\\\/11\\\/22\\\/biden-anunciara-este-martes-los-primeros-miembros-de-su-gabinete\\\/#primaryimage\"},\"image\":{\"@id\":\"https:\\\/\\\/digital58.com.ve\\\/site\\\/2020\\\/11\\\/22\\\/biden-anunciara-este-martes-los-primeros-miembros-de-su-gabinete\\\/#primaryimage\"},\"thumbnailUrl\":\"https:\\\/\\\/digital58.com.ve\\\/site\\\/wp-content\\\/uploads\\\/2020\\\/09\\\/joe-biden-09-09-10.jpg\",\"datePublished\":\"2020-11-22T15:53:44+00:00\",\"description\":\"Pol\u00edtica\",\"breadcrumb\":{\"@id\":\"https:\\\/\\\/digital58.com.ve\\\/site\\\/2020\\\/11\\\/22\\\/biden-anunciara-este-martes-los-primeros-miembros-de-su-gabinete\\\/#breadcrumb\"},\"inLanguage\":\"es\",\"potentialAction\":[{\"@type\":\"ReadAction\",\"target\":[\"https:\\\/\\\/digital58.com.ve\\\/site\\\/2020\\\/11\\\/22\\\/biden-anunciara-este-martes-los-primeros-miembros-de-su-gabinete\\\/\"]}]},{\"@type\":\"ImageObject\",\"inLanguage\":\"es\",\"@id\":\"https:\\\/\\\/digital58.com.ve\\\/site\\\/2020\\\/11\\\/22\\\/biden-anunciara-este-martes-los-primeros-miembros-de-su-gabinete\\\/#primaryimage\",\"url\":\"https:\\\/\\\/digital58.com.ve\\\/site\\\/wp-content\\\/uploads\\\/2020\\\/09\\\/joe-biden-09-09-10.jpg\",\"contentUrl\":\"https:\\\/\\\/digital58.com.ve\\\/site\\\/wp-content\\\/uploads\\\/2020\\\/09\\\/joe-biden-09-09-10.jpg\",\"width\":800,\"height\":523},{\"@type\":\"BreadcrumbList\",\"@id\":\"https:\\\/\\\/digital58.com.ve\\\/site\\\/2020\\\/11\\\/22\\\/biden-anunciara-este-martes-los-primeros-miembros-de-su-gabinete\\\/#breadcrumb\",\"itemListElement\":[{\"@type\":\"ListItem\",\"position\":1,\"name\":\"Home\",\"item\":\"https:\\\/\\\/digital58.com.ve\\\/site\\\/\"},{\"@type\":\"ListItem\",\"position\":2,\"name\":\"Biden anunciar\u00e1 este martes los primeros miembros de su gabinete\"}]},{\"@type\":\"WebSite\",\"@id\":\"https:\\\/\\\/digital58.com.ve\\\/site\\\/#website\",\"url\":\"https:\\\/\\\/digital58.com.ve\\\/site\\\/\",\"name\":\"Noticias Digital58\",\"description\":\"Portal de Noticias \u00a1Periodismo web de verdad! Lanzamiento web 22.11.2005 \\\/ Maracaibo, Venezuela\",\"publisher\":{\"@id\":\"https:\\\/\\\/digital58.com.ve\\\/site\\\/#\\\/schema\\\/person\\\/64d1c2e4d0d4fd1b849980c4331c2951\"},\"alternateName\":\"ND58\",\"potentialAction\":[{\"@type\":\"SearchAction\",\"target\":{\"@type\":\"EntryPoint\",\"urlTemplate\":\"https:\\\/\\\/digital58.com.ve\\\/site\\\/?s={search_term_string}\"},\"query-input\":{\"@type\":\"PropertyValueSpecification\",\"valueRequired\":true,\"valueName\":\"search_term_string\"}}],\"inLanguage\":\"es\"},{\"@type\":[\"Person\",\"Organization\"],\"@id\":\"https:\\\/\\\/digital58.com.ve\\\/site\\\/#\\\/schema\\\/person\\\/64d1c2e4d0d4fd1b849980c4331c2951\",\"name\":\"Villasmil Henry\",\"image\":{\"@type\":\"ImageObject\",\"inLanguage\":\"es\",\"@id\":\"https:\\\/\\\/secure.gravatar.com\\\/avatar\\\/bb0c4a2fcb7970138239f7e404ea75757b1b507b28b5ce4c53fbd62d797c5a7c?s=96&d=mm&r=g\",\"url\":\"https:\\\/\\\/secure.gravatar.com\\\/avatar\\\/bb0c4a2fcb7970138239f7e404ea75757b1b507b28b5ce4c53fbd62d797c5a7c?s=96&d=mm&r=g\",\"contentUrl\":\"https:\\\/\\\/secure.gravatar.com\\\/avatar\\\/bb0c4a2fcb7970138239f7e404ea75757b1b507b28b5ce4c53fbd62d797c5a7c?s=96&d=mm&r=g\",\"caption\":\"Villasmil Henry\"},\"logo\":{\"@id\":\"https:\\\/\\\/secure.gravatar.com\\\/avatar\\\/bb0c4a2fcb7970138239f7e404ea75757b1b507b28b5ce4c53fbd62d797c5a7c?s=96&d=mm&r=g\"},\"sameAs\":[\"http:\\\/\\\/www.henryvillasmil.com.ve\",\"https:\\\/\\\/www.instagram.com\\\/villasmilhfoto\\\/\",\"https:\\\/\\\/x.com\\\/https:\\\/\\\/twitter.com\\\/villasmilhfoto\"],\"url\":\"https:\\\/\\\/digital58.com.ve\\\/site\\\/author\\\/droopy_68\\\/\"}]}<\/script>\n<!-- \/ Yoast SEO plugin. -->","yoast_head_json":{"title":"Biden anunciar\u00e1 este martes los primeros miembros de su gabinete","description":"Pol\u00edtica","robots":{"index":"index","follow":"follow","max-snippet":"max-snippet:-1","max-image-preview":"max-image-preview:large","max-video-preview":"max-video-preview:-1"},"canonical":"https:\/\/digital58.com.ve\/site\/2020\/11\/22\/biden-anunciara-este-martes-los-primeros-miembros-de-su-gabinete\/","og_locale":"es_ES","og_type":"article","og_title":"Biden anunciar\u00e1 este martes los primeros miembros de su gabinete","og_description":"Pol\u00edtica","og_url":"https:\/\/digital58.com.ve\/site\/2020\/11\/22\/biden-anunciara-este-martes-los-primeros-miembros-de-su-gabinete\/","og_site_name":"Noticias Digital58","article_published_time":"2020-11-22T15:53:44+00:00","og_image":[{"width":800,"height":523,"url":"https:\/\/digital58.com.ve\/site\/wp-content\/uploads\/2020\/09\/joe-biden-09-09-10.jpg","type":"image\/jpeg"}],"author":"Villasmil Henry","twitter_card":"summary_large_image","twitter_creator":"@https:\/\/twitter.com\/villasmilhfoto","twitter_site":"@villasmilhfoto","twitter_misc":{"Escrito por":"Villasmil Henry","Tiempo estimado de lectura":"2 minutos"},"schema":{"@context":"https:\/\/schema.org","@graph":[{"@type":"Article","@id":"https:\/\/digital58.com.ve\/site\/2020\/11\/22\/biden-anunciara-este-martes-los-primeros-miembros-de-su-gabinete\/#article","isPartOf":{"@id":"https:\/\/digital58.com.ve\/site\/2020\/11\/22\/biden-anunciara-este-martes-los-primeros-miembros-de-su-gabinete\/"},"author":{"name":"Villasmil Henry","@id":"https:\/\/digital58.com.ve\/site\/#\/schema\/person\/64d1c2e4d0d4fd1b849980c4331c2951"},"headline":"Biden anunciar\u00e1 este martes los primeros miembros de su gabinete","datePublished":"2020-11-22T15:53:44+00:00","mainEntityOfPage":{"@id":"https:\/\/digital58.com.ve\/site\/2020\/11\/22\/biden-anunciara-este-martes-los-primeros-miembros-de-su-gabinete\/"},"wordCount":426,"commentCount":0,"publisher":{"@id":"https:\/\/digital58.com.ve\/site\/#\/schema\/person\/64d1c2e4d0d4fd1b849980c4331c2951"},"image":{"@id":"https:\/\/digital58.com.ve\/site\/2020\/11\/22\/biden-anunciara-este-martes-los-primeros-miembros-de-su-gabinete\/#primaryimage"},"thumbnailUrl":"https:\/\/digital58.com.ve\/site\/wp-content\/uploads\/2020\/09\/joe-biden-09-09-10.jpg","keywords":["Casa Blanca","Estados Unidos","Internacionales","Joe Biden","Pol\u00edtica internacional","Presidente electo"],"articleSection":["Pol\u00edtica"],"inLanguage":"es","potentialAction":[{"@type":"CommentAction","name":"Comment","target":["https:\/\/digital58.com.ve\/site\/2020\/11\/22\/biden-anunciara-este-martes-los-primeros-miembros-de-su-gabinete\/#respond"]}]},{"@type":"WebPage","@id":"https:\/\/digital58.com.ve\/site\/2020\/11\/22\/biden-anunciara-este-martes-los-primeros-miembros-de-su-gabinete\/","url":"https:\/\/digital58.com.ve\/site\/2020\/11\/22\/biden-anunciara-este-martes-los-primeros-miembros-de-su-gabinete\/","name":"Biden anunciar\u00e1 este martes los primeros miembros de su gabinete","isPartOf":{"@id":"https:\/\/digital58.com.ve\/site\/#website"},"primaryImageOfPage":{"@id":"https:\/\/digital58.com.ve\/site\/2020\/11\/22\/biden-anunciara-este-martes-los-primeros-miembros-de-su-gabinete\/#primaryimage"},"image":{"@id":"https:\/\/digital58.com.ve\/site\/2020\/11\/22\/biden-anunciara-este-martes-los-primeros-miembros-de-su-gabinete\/#primaryimage"},"thumbnailUrl":"https:\/\/digital58.com.ve\/site\/wp-content\/uploads\/2020\/09\/joe-biden-09-09-10.jpg","datePublished":"2020-11-22T15:53:44+00:00","description":"Pol\u00edtica","breadcrumb":{"@id":"https:\/\/digital58.com.ve\/site\/2020\/11\/22\/biden-anunciara-este-martes-los-primeros-miembros-de-su-gabinete\/#breadcrumb"},"inLanguage":"es","potentialAction":[{"@type":"ReadAction","target":["https:\/\/digital58.com.ve\/site\/2020\/11\/22\/biden-anunciara-este-martes-los-primeros-miembros-de-su-gabinete\/"]}]},{"@type":"ImageObject","inLanguage":"es","@id":"https:\/\/digital58.com.ve\/site\/2020\/11\/22\/biden-anunciara-este-martes-los-primeros-miembros-de-su-gabinete\/#primaryimage","url":"https:\/\/digital58.com.ve\/site\/wp-content\/uploads\/2020\/09\/joe-biden-09-09-10.jpg","contentUrl":"https:\/\/digital58.com.ve\/site\/wp-content\/uploads\/2020\/09\/joe-biden-09-09-10.jpg","width":800,"height":523},{"@type":"BreadcrumbList","@id":"https:\/\/digital58.com.ve\/site\/2020\/11\/22\/biden-anunciara-este-martes-los-primeros-miembros-de-su-gabinete\/#breadcrumb","itemListElement":[{"@type":"ListItem","position":1,"name":"Home","item":"https:\/\/digital58.com.ve\/site\/"},{"@type":"ListItem","position":2,"name":"Biden anunciar\u00e1 este martes los primeros miembros de su gabinete"}]},{"@type":"WebSite","@id":"https:\/\/digital58.com.ve\/site\/#website","url":"https:\/\/digital58.com.ve\/site\/","name":"Noticias Digital58","description":"Portal de Noticias \u00a1Periodismo web de verdad! Lanzamiento web 22.11.2005 \/ Maracaibo, Venezuela","publisher":{"@id":"https:\/\/digital58.com.ve\/site\/#\/schema\/person\/64d1c2e4d0d4fd1b849980c4331c2951"},"alternateName":"ND58","potentialAction":[{"@type":"SearchAction","target":{"@type":"EntryPoint","urlTemplate":"https:\/\/digital58.com.ve\/site\/?s={search_term_string}"},"query-input":{"@type":"PropertyValueSpecification","valueRequired":true,"valueName":"search_term_string"}}],"inLanguage":"es"},{"@type":["Person","Organization"],"@id":"https:\/\/digital58.com.ve\/site\/#\/schema\/person\/64d1c2e4d0d4fd1b849980c4331c2951","name":"Villasmil Henry","image":{"@type":"ImageObject","inLanguage":"es","@id":"https:\/\/secure.gravatar.com\/avatar\/bb0c4a2fcb7970138239f7e404ea75757b1b507b28b5ce4c53fbd62d797c5a7c?s=96&d=mm&r=g","url":"https:\/\/secure.gravatar.com\/avatar\/bb0c4a2fcb7970138239f7e404ea75757b1b507b28b5ce4c53fbd62d797c5a7c?s=96&d=mm&r=g","contentUrl":"https:\/\/secure.gravatar.com\/avatar\/bb0c4a2fcb7970138239f7e404ea75757b1b507b28b5ce4c53fbd62d797c5a7c?s=96&d=mm&r=g","caption":"Villasmil Henry"},"logo":{"@id":"https:\/\/secure.gravatar.com\/avatar\/bb0c4a2fcb7970138239f7e404ea75757b1b507b28b5ce4c53fbd62d797c5a7c?s=96&d=mm&r=g"},"sameAs":["http:\/\/www.henryvillasmil.com.ve","https:\/\/www.instagram.com\/villasmilhfoto\/","https:\/\/x.com\/https:\/\/twitter.com\/villasmilhfoto"],"url":"https:\/\/digital58.com.ve\/site\/author\/droopy_68\/"}]}},"uagb_featured_image_src":{"full":["https:\/\/digital58.com.ve\/site\/wp-content\/uploads\/2020\/09\/joe-biden-09-09-10.jpg",800,523,false],"thumbnail":["https:\/\/digital58.com.ve\/site\/wp-content\/uploads\/2020\/09\/joe-biden-09-09-10-150x150.jpg",150,150,true],"medium":["https:\/\/digital58.com.ve\/site\/wp-content\/uploads\/2020\/09\/joe-biden-09-09-10-300x196.jpg",300,196,true],"medium_large":["https:\/\/digital58.com.ve\/site\/wp-content\/uploads\/2020\/09\/joe-biden-09-09-10-768x502.jpg",768,502,true],"large":["https:\/\/digital58.com.ve\/site\/wp-content\/uploads\/2020\/09\/joe-biden-09-09-10.jpg",800,523,false],"1536x1536":["https:\/\/digital58.com.ve\/site\/wp-content\/uploads\/2020\/09\/joe-biden-09-09-10.jpg",800,523,false],"2048x2048":["https:\/\/digital58.com.ve\/site\/wp-content\/uploads\/2020\/09\/joe-biden-09-09-10.jpg",800,523,false],"colormag-highlighted-post":["https:\/\/digital58.com.ve\/site\/wp-content\/uploads\/2020\/09\/joe-biden-09-09-10.jpg",392,256,false],"colormag-featured-post-medium":["https:\/\/digital58.com.ve\/site\/wp-content\/uploads\/2020\/09\/joe-biden-09-09-10.jpg",314,205,false],"colormag-featured-post-small":["https:\/\/digital58.com.ve\/site\/wp-content\/uploads\/2020\/09\/joe-biden-09-09-10.jpg",130,85,false],"colormag-featured-image":["https:\/\/digital58.com.ve\/site\/wp-content\/uploads\/2020\/09\/joe-biden-09-09-10.jpg",681,445,false],"colormag-default-news":["https:\/\/digital58.com.ve\/site\/wp-content\/uploads\/2020\/09\/joe-biden-09-09-10.jpg",150,98,false],"colormag-featured-image-large":["https:\/\/digital58.com.ve\/site\/wp-content\/uploads\/2020\/09\/joe-biden-09-09-10.jpg",800,523,false]},"uagb_author_info":{"display_name":"Villasmil Henry","author_link":"https:\/\/digital58.com.ve\/site\/author\/droopy_68\/"},"uagb_comment_info":0,"uagb_excerpt":"El dem\u00f3crata estadounidense ya ha anunciado una decena de asesores que le acompa\u00f1ar\u00e1n a la Casa Blanca, como el propio","_links":{"self":[{"href":"https:\/\/digital58.com.ve\/site\/wp-json\/wp\/v2\/posts\/133210","targetHints":{"allow":["GET"]}}],"collection":[{"href":"https:\/\/digital58.com.ve\/site\/wp-json\/wp\/v2\/posts"}],"about":[{"href":"https:\/\/digital58.com.ve\/site\/wp-json\/wp\/v2\/types\/post"}],"author":[{"embeddable":true,"href":"https:\/\/digital58.com.ve\/site\/wp-json\/wp\/v2\/users\/1"}],"replies":[{"embeddable":true,"href":"https:\/\/digital58.com.ve\/site\/wp-json\/wp\/v2\/comments?post=133210"}],"version-history":[{"count":0,"href":"https:\/\/digital58.com.ve\/site\/wp-json\/wp\/v2\/posts\/133210\/revisions"}],"wp:featuredmedia":[{"embeddable":true,"href":"https:\/\/digital58.com.ve\/site\/wp-json\/wp\/v2\/media\/126900"}],"wp:attachment":[{"href":"https:\/\/digital58.com.ve\/site\/wp-json\/wp\/v2\/media?parent=133210"}],"wp:term":[{"taxonomy":"category","embeddable":true,"href":"https:\/\/digital58.com.ve\/site\/wp-json\/wp\/v2\/categories?post=133210"},{"taxonomy":"post_tag","embeddable":true,"href":"https:\/\/digital58.com.ve\/site\/wp-json\/wp\/v2\/tags?post=133210"}],"curies":[{"name":"wp","href":"https:\/\/api.w.org\/{rel}","templated":true}]}}