{"id":133212,"date":"2020-11-22T12:03:19","date_gmt":"2020-11-22T16:03:19","guid":{"rendered":"https:\/\/digital58.com.ve\/site\/?p=133212"},"modified":"2020-11-22T12:03:19","modified_gmt":"2020-11-22T16:03:19","slug":"el-papa-pide-no-dejarse-domesticar-por-la-homogeneizacion-y-el-consumo","status":"publish","type":"post","link":"https:\/\/digital58.com.ve\/site\/2020\/11\/22\/el-papa-pide-no-dejarse-domesticar-por-la-homogeneizacion-y-el-consumo\/","title":{"rendered":"El papa pide no dejarse domesticar por la homogeneizaci\u00f3n y el consumo"},"content":{"rendered":"<p><a href=\"https:\/\/digital58.com.ve\/site\/wp-content\/uploads\/2020\/08\/papa-francisco-16.08-20.jpg\"><img loading=\"lazy\" decoding=\"async\" class=\"aligncenter size-full wp-image-122405\" src=\"https:\/\/digital58.com.ve\/site\/wp-content\/uploads\/2020\/08\/papa-francisco-16.08-20.jpg\" alt=\"\" width=\"1000\" height=\"667\" srcset=\"https:\/\/digital58.com.ve\/site\/wp-content\/uploads\/2020\/08\/papa-francisco-16.08-20.jpg 800w, https:\/\/digital58.com.ve\/site\/wp-content\/uploads\/2020\/08\/papa-francisco-16.08-20-300x200.jpg 300w, https:\/\/digital58.com.ve\/site\/wp-content\/uploads\/2020\/08\/papa-francisco-16.08-20-768x512.jpg 768w, https:\/\/digital58.com.ve\/site\/wp-content\/uploads\/2020\/08\/papa-francisco-16.08-20-720x480.jpg 720w, https:\/\/digital58.com.ve\/site\/wp-content\/uploads\/2020\/08\/papa-francisco-16.08-20-480x320.jpg 480w\" sizes=\"auto, (max-width: 1000px) 100vw, 1000px\" \/><\/a><\/p>\n<p>\u00abSi vivimos cerrados e indiferentes nos quedamos paralizados, pero si nos gastamos por los dem\u00e1s nos hacemos libres\u00bb, expres\u00f3 el pont\u00edfice en su acostumbrada misa dominical.<\/p>\n<p><strong>Ciudad del Vaticano, 22 de noviembre de 2020 (ND58).-<\/strong> El papa Francisco pidi\u00f3 hoy a los j\u00f3venes que no se dejen \u00abdomesticar por la homogeneizaci\u00f3n\u00bb ni \u00abanestesiar por los mecanismos de consumo que desactivan la originalidad\u00bb y les anim\u00f3 a amar y a ayudar al pr\u00f3jimo para ser m\u00e1s felices.<\/p>\n<p>\u00abElegir, especialmente hoy, es no dejarse domesticar por la homogeneizaci\u00f3n, es no dejarse anestesiar por los mecanismos de consumo que desactivan la originalidad, es saber renunciar al aparentar y al mostrarse. Elegir la vida es luchar contra la mentalidad del usar y tirar y del todo y r\u00e1pido\u00bb, dijo Francisco, durante la misa celebrada en la Bas\u00edlica de San Pedro del Vaticano.<\/p>\n<p>El papa ha celebrado este domingo una misa y al t\u00e9rmino un grupo de j\u00f3venes paname\u00f1os han entregado a los portugueses presentes la cruz y el icono de Maria Salus Populi Romani, s\u00edmbolos de las Jornadas Mundiales de la Juventud (JMJ), pues la pr\u00f3xima cita ser\u00e1 en Lisboa en 2023.<\/p>\n<p>Habitualmente la entrega de la cruz por las JMJ se realiza en el Domingo de Ramos, pero este a\u00f1o no ha sido posible por la pandemia del coronavirus.<\/p>\n<p>En la misa, celebrada en una bas\u00edlica con pocos fieles y con estrictas medidas de prevenci\u00f3n de contagios, Jorge Bergoglio tambi\u00e9n ha criticado \u00abla fiebre del consumo, que narcotiza el coraz\u00f3n con cosas superfluas\u00bb y la \u00abobsesi\u00f3n por la diversi\u00f3n, que parece el \u00fanico modo para evadir los problemas\u00bb, pero que solo los pospone.<\/p>\n<p>\u00abHay una fijaci\u00f3n en la reclamaci\u00f3n de los propios derechos, olvidando el deber de ayudar. Y tambi\u00e9n est\u00e1 la gran ilusi\u00f3n sobre el amor, que parece algo que hay que vivir a fuerza de emociones, cuando amar es sobre todo: don, elecci\u00f3n y sacrificio\u00bb, indic\u00f3.<\/p>\n<p>Anim\u00f3 a los j\u00f3venes a no renunciar a sus grandes sue\u00f1os y a no contentarse \u00abcon lo que es debido\u00bb, sino a buscar \u00abmetas altas, con alegr\u00eda y audacia\u00bb.<\/p>\n<p>\u00abNo estamos hechos para so\u00f1ar con las vacaciones o el fin de semana, sino para realizar los sue\u00f1os de Dios en este mundo\u00bb, apunt\u00f3, al tiempo que defendi\u00f3 que los grandes sue\u00f1os parten de grandes decisiones.<\/p>\n<p>Argument\u00f3 que \u00abla vida es el tiempo de las decisiones firmes, fundamentales, eternas\u00bb y rechaz\u00f3 las \u00abelecciones banales\u00bb que \u00abconducen a una vida banal\u00bb.<\/p>\n<p>\u00abNos convertimos en lo que elegimos, para bien y para mal. Si elegimos robar nos volvemos ladrones, si elegimos pensar en nosotros mismos nos volvemos ego\u00edstas, si elegimos odiar nos volvemos furibundos, si elegimos pasar horas delante del m\u00f3vil nos volvemos dependientes. Pero si optamos por Dios nos volvemos cada d\u00eda m\u00e1s amados y si elegimos amar nos volvemos felices\u00bb, justific\u00f3.<\/p><div class=\"plrtk69ee1fc6c5313\" ><p style=\"text-align: center;\"><a href=\"https:\/\/t.me\/noticiasdigital58\" target=\"_blank\" rel=\"noopener\"><img class=\"aligncenter size-full wp-image-125363\" src=\"https:\/\/digital58.com.ve\/site\/wp-content\/uploads\/2021\/04\/banner-telegram-web-2021.png\" alt=\"\" width=\"600\" height=\"90\" \/><\/a><\/p><\/div><style type=\"text\/css\">\r\n@media screen and (min-width: 1201px) {\r\n.plrtk69ee1fc6c5313 {\r\ndisplay: block;\r\n}\r\n}\r\n@media screen and (min-width: 993px) and (max-width: 1200px) {\r\n.plrtk69ee1fc6c5313 {\r\ndisplay: block;\r\n}\r\n}\r\n@media screen and (min-width: 769px) and (max-width: 992px) {\r\n.plrtk69ee1fc6c5313 {\r\ndisplay: block;\r\n}\r\n}\r\n@media screen and (min-width: 768px) and (max-width: 768px) {\r\n.plrtk69ee1fc6c5313 {\r\ndisplay: block;\r\n}\r\n}\r\n@media screen and (max-width: 767px) {\r\n.plrtk69ee1fc6c5313 {\r\ndisplay: block;\r\n}\r\n}\r\n<\/style>\r\n\n<p>EFE<\/p>\n<div style=\"margin-top: 0px; margin-bottom: 0px;\" class=\"sharethis-inline-share-buttons\" ><\/div>","protected":false},"excerpt":{"rendered":"<p>\u00abSi vivimos cerrados e indiferentes nos quedamos paralizados, pero si nos gastamos por los dem\u00e1s nos hacemos libres\u00bb, expres\u00f3 el<\/p>\n","protected":false},"author":1,"featured_media":122405,"comment_status":"open","ping_status":"closed","sticky":false,"template":"","format":"standard","meta":{"colormag_page_container_layout":"default_layout","colormag_page_sidebar_layout":"default_layout","_uag_custom_page_level_css":"","footnotes":""},"categories":[16451],"tags":[22218,11086,9221,8,399,1035],"class_list":["post-133212","post","type-post","status-publish","format-standard","has-post-thumbnail","hentry","category-mundo","tag-angelus-dominical","tag-ciudad-del-vaticano","tag-fe-y-religion","tag-internacionales","tag-papa","tag-papa-francisco"],"yoast_head":"<!-- This site is optimized with the Yoast SEO plugin v27.4 - https:\/\/yoast.com\/product\/yoast-seo-wordpress\/ -->\n<title>El papa pide no dejarse domesticar por la homogeneizaci\u00f3n y el consumo<\/title>\n<meta name=\"description\" content=\"Mundo\" \/>\n<meta name=\"robots\" content=\"index, follow, max-snippet:-1, max-image-preview:large, max-video-preview:-1\" \/>\n<link rel=\"canonical\" href=\"https:\/\/digital58.com.ve\/site\/2020\/11\/22\/el-papa-pide-no-dejarse-domesticar-por-la-homogeneizacion-y-el-consumo\/\" \/>\n<meta property=\"og:locale\" content=\"es_ES\" \/>\n<meta property=\"og:type\" content=\"article\" \/>\n<meta property=\"og:title\" content=\"El papa pide no dejarse domesticar por la homogeneizaci\u00f3n y el consumo\" \/>\n<meta property=\"og:description\" content=\"Mundo\" \/>\n<meta property=\"og:url\" content=\"https:\/\/digital58.com.ve\/site\/2020\/11\/22\/el-papa-pide-no-dejarse-domesticar-por-la-homogeneizacion-y-el-consumo\/\" \/>\n<meta property=\"og:site_name\" content=\"Noticias Digital58\" \/>\n<meta property=\"article:published_time\" content=\"2020-11-22T16:03:19+00:00\" \/>\n<meta property=\"og:image\" content=\"https:\/\/digital58.com.ve\/site\/wp-content\/uploads\/2020\/08\/papa-francisco-16.08-20.jpg\" \/>\n\t<meta property=\"og:image:width\" content=\"1000\" \/>\n\t<meta property=\"og:image:height\" content=\"667\" \/>\n\t<meta property=\"og:image:type\" content=\"image\/jpeg\" \/>\n<meta name=\"author\" content=\"Villasmil Henry\" \/>\n<meta name=\"twitter:card\" content=\"summary_large_image\" \/>\n<meta name=\"twitter:creator\" content=\"@https:\/\/twitter.com\/villasmilhfoto\" \/>\n<meta name=\"twitter:site\" content=\"@villasmilhfoto\" \/>\n<meta name=\"twitter:label1\" content=\"Escrito por\" \/>\n\t<meta name=\"twitter:data1\" content=\"Villasmil Henry\" \/>\n\t<meta name=\"twitter:label2\" content=\"Tiempo estimado de lectura\" \/>\n\t<meta name=\"twitter:data2\" content=\"3 minutos\" \/>\n<script type=\"application\/ld+json\" class=\"yoast-schema-graph\">{\"@context\":\"https:\\\/\\\/schema.org\",\"@graph\":[{\"@type\":\"Article\",\"@id\":\"https:\\\/\\\/digital58.com.ve\\\/site\\\/2020\\\/11\\\/22\\\/el-papa-pide-no-dejarse-domesticar-por-la-homogeneizacion-y-el-consumo\\\/#article\",\"isPartOf\":{\"@id\":\"https:\\\/\\\/digital58.com.ve\\\/site\\\/2020\\\/11\\\/22\\\/el-papa-pide-no-dejarse-domesticar-por-la-homogeneizacion-y-el-consumo\\\/\"},\"author\":{\"name\":\"Villasmil Henry\",\"@id\":\"https:\\\/\\\/digital58.com.ve\\\/site\\\/#\\\/schema\\\/person\\\/64d1c2e4d0d4fd1b849980c4331c2951\"},\"headline\":\"El papa pide no dejarse domesticar por la homogeneizaci\u00f3n y el consumo\",\"datePublished\":\"2020-11-22T16:03:19+00:00\",\"mainEntityOfPage\":{\"@id\":\"https:\\\/\\\/digital58.com.ve\\\/site\\\/2020\\\/11\\\/22\\\/el-papa-pide-no-dejarse-domesticar-por-la-homogeneizacion-y-el-consumo\\\/\"},\"wordCount\":513,\"commentCount\":0,\"publisher\":{\"@id\":\"https:\\\/\\\/digital58.com.ve\\\/site\\\/#\\\/schema\\\/person\\\/64d1c2e4d0d4fd1b849980c4331c2951\"},\"image\":{\"@id\":\"https:\\\/\\\/digital58.com.ve\\\/site\\\/2020\\\/11\\\/22\\\/el-papa-pide-no-dejarse-domesticar-por-la-homogeneizacion-y-el-consumo\\\/#primaryimage\"},\"thumbnailUrl\":\"https:\\\/\\\/digital58.com.ve\\\/site\\\/wp-content\\\/uploads\\\/2020\\\/08\\\/papa-francisco-16.08-20.jpg\",\"keywords\":[\"\u00c1ngelus dominical\",\"Ciudad del Vaticano\",\"Fe y Religi\u00f3n\",\"Internacionales\",\"Papa\",\"Papa Francisco\"],\"articleSection\":[\"Mundo\"],\"inLanguage\":\"es\",\"potentialAction\":[{\"@type\":\"CommentAction\",\"name\":\"Comment\",\"target\":[\"https:\\\/\\\/digital58.com.ve\\\/site\\\/2020\\\/11\\\/22\\\/el-papa-pide-no-dejarse-domesticar-por-la-homogeneizacion-y-el-consumo\\\/#respond\"]}]},{\"@type\":\"WebPage\",\"@id\":\"https:\\\/\\\/digital58.com.ve\\\/site\\\/2020\\\/11\\\/22\\\/el-papa-pide-no-dejarse-domesticar-por-la-homogeneizacion-y-el-consumo\\\/\",\"url\":\"https:\\\/\\\/digital58.com.ve\\\/site\\\/2020\\\/11\\\/22\\\/el-papa-pide-no-dejarse-domesticar-por-la-homogeneizacion-y-el-consumo\\\/\",\"name\":\"El papa pide no dejarse domesticar por la homogeneizaci\u00f3n y el consumo\",\"isPartOf\":{\"@id\":\"https:\\\/\\\/digital58.com.ve\\\/site\\\/#website\"},\"primaryImageOfPage\":{\"@id\":\"https:\\\/\\\/digital58.com.ve\\\/site\\\/2020\\\/11\\\/22\\\/el-papa-pide-no-dejarse-domesticar-por-la-homogeneizacion-y-el-consumo\\\/#primaryimage\"},\"image\":{\"@id\":\"https:\\\/\\\/digital58.com.ve\\\/site\\\/2020\\\/11\\\/22\\\/el-papa-pide-no-dejarse-domesticar-por-la-homogeneizacion-y-el-consumo\\\/#primaryimage\"},\"thumbnailUrl\":\"https:\\\/\\\/digital58.com.ve\\\/site\\\/wp-content\\\/uploads\\\/2020\\\/08\\\/papa-francisco-16.08-20.jpg\",\"datePublished\":\"2020-11-22T16:03:19+00:00\",\"description\":\"Mundo\",\"breadcrumb\":{\"@id\":\"https:\\\/\\\/digital58.com.ve\\\/site\\\/2020\\\/11\\\/22\\\/el-papa-pide-no-dejarse-domesticar-por-la-homogeneizacion-y-el-consumo\\\/#breadcrumb\"},\"inLanguage\":\"es\",\"potentialAction\":[{\"@type\":\"ReadAction\",\"target\":[\"https:\\\/\\\/digital58.com.ve\\\/site\\\/2020\\\/11\\\/22\\\/el-papa-pide-no-dejarse-domesticar-por-la-homogeneizacion-y-el-consumo\\\/\"]}]},{\"@type\":\"ImageObject\",\"inLanguage\":\"es\",\"@id\":\"https:\\\/\\\/digital58.com.ve\\\/site\\\/2020\\\/11\\\/22\\\/el-papa-pide-no-dejarse-domesticar-por-la-homogeneizacion-y-el-consumo\\\/#primaryimage\",\"url\":\"https:\\\/\\\/digital58.com.ve\\\/site\\\/wp-content\\\/uploads\\\/2020\\\/08\\\/papa-francisco-16.08-20.jpg\",\"contentUrl\":\"https:\\\/\\\/digital58.com.ve\\\/site\\\/wp-content\\\/uploads\\\/2020\\\/08\\\/papa-francisco-16.08-20.jpg\",\"width\":800,\"height\":534},{\"@type\":\"BreadcrumbList\",\"@id\":\"https:\\\/\\\/digital58.com.ve\\\/site\\\/2020\\\/11\\\/22\\\/el-papa-pide-no-dejarse-domesticar-por-la-homogeneizacion-y-el-consumo\\\/#breadcrumb\",\"itemListElement\":[{\"@type\":\"ListItem\",\"position\":1,\"name\":\"Home\",\"item\":\"https:\\\/\\\/digital58.com.ve\\\/site\\\/\"},{\"@type\":\"ListItem\",\"position\":2,\"name\":\"El papa pide no dejarse domesticar por la homogeneizaci\u00f3n y el consumo\"}]},{\"@type\":\"WebSite\",\"@id\":\"https:\\\/\\\/digital58.com.ve\\\/site\\\/#website\",\"url\":\"https:\\\/\\\/digital58.com.ve\\\/site\\\/\",\"name\":\"Noticias Digital58\",\"description\":\"Portal de Noticias \u00a1Periodismo web de verdad! Lanzamiento web 22.11.2005 \\\/ Maracaibo, Venezuela\",\"publisher\":{\"@id\":\"https:\\\/\\\/digital58.com.ve\\\/site\\\/#\\\/schema\\\/person\\\/64d1c2e4d0d4fd1b849980c4331c2951\"},\"alternateName\":\"ND58\",\"potentialAction\":[{\"@type\":\"SearchAction\",\"target\":{\"@type\":\"EntryPoint\",\"urlTemplate\":\"https:\\\/\\\/digital58.com.ve\\\/site\\\/?s={search_term_string}\"},\"query-input\":{\"@type\":\"PropertyValueSpecification\",\"valueRequired\":true,\"valueName\":\"search_term_string\"}}],\"inLanguage\":\"es\"},{\"@type\":[\"Person\",\"Organization\"],\"@id\":\"https:\\\/\\\/digital58.com.ve\\\/site\\\/#\\\/schema\\\/person\\\/64d1c2e4d0d4fd1b849980c4331c2951\",\"name\":\"Villasmil Henry\",\"image\":{\"@type\":\"ImageObject\",\"inLanguage\":\"es\",\"@id\":\"https:\\\/\\\/secure.gravatar.com\\\/avatar\\\/bb0c4a2fcb7970138239f7e404ea75757b1b507b28b5ce4c53fbd62d797c5a7c?s=96&d=mm&r=g\",\"url\":\"https:\\\/\\\/secure.gravatar.com\\\/avatar\\\/bb0c4a2fcb7970138239f7e404ea75757b1b507b28b5ce4c53fbd62d797c5a7c?s=96&d=mm&r=g\",\"contentUrl\":\"https:\\\/\\\/secure.gravatar.com\\\/avatar\\\/bb0c4a2fcb7970138239f7e404ea75757b1b507b28b5ce4c53fbd62d797c5a7c?s=96&d=mm&r=g\",\"caption\":\"Villasmil Henry\"},\"logo\":{\"@id\":\"https:\\\/\\\/secure.gravatar.com\\\/avatar\\\/bb0c4a2fcb7970138239f7e404ea75757b1b507b28b5ce4c53fbd62d797c5a7c?s=96&d=mm&r=g\"},\"sameAs\":[\"http:\\\/\\\/www.henryvillasmil.com.ve\",\"https:\\\/\\\/www.instagram.com\\\/villasmilhfoto\\\/\",\"https:\\\/\\\/x.com\\\/https:\\\/\\\/twitter.com\\\/villasmilhfoto\"],\"url\":\"https:\\\/\\\/digital58.com.ve\\\/site\\\/author\\\/droopy_68\\\/\"}]}<\/script>\n<!-- \/ Yoast SEO plugin. -->","yoast_head_json":{"title":"El papa pide no dejarse domesticar por la homogeneizaci\u00f3n y el consumo","description":"Mundo","robots":{"index":"index","follow":"follow","max-snippet":"max-snippet:-1","max-image-preview":"max-image-preview:large","max-video-preview":"max-video-preview:-1"},"canonical":"https:\/\/digital58.com.ve\/site\/2020\/11\/22\/el-papa-pide-no-dejarse-domesticar-por-la-homogeneizacion-y-el-consumo\/","og_locale":"es_ES","og_type":"article","og_title":"El papa pide no dejarse domesticar por la homogeneizaci\u00f3n y el consumo","og_description":"Mundo","og_url":"https:\/\/digital58.com.ve\/site\/2020\/11\/22\/el-papa-pide-no-dejarse-domesticar-por-la-homogeneizacion-y-el-consumo\/","og_site_name":"Noticias Digital58","article_published_time":"2020-11-22T16:03:19+00:00","og_image":[{"width":1000,"height":667,"url":"https:\/\/digital58.com.ve\/site\/wp-content\/uploads\/2020\/08\/papa-francisco-16.08-20.jpg","type":"image\/jpeg"}],"author":"Villasmil Henry","twitter_card":"summary_large_image","twitter_creator":"@https:\/\/twitter.com\/villasmilhfoto","twitter_site":"@villasmilhfoto","twitter_misc":{"Escrito por":"Villasmil Henry","Tiempo estimado de lectura":"3 minutos"},"schema":{"@context":"https:\/\/schema.org","@graph":[{"@type":"Article","@id":"https:\/\/digital58.com.ve\/site\/2020\/11\/22\/el-papa-pide-no-dejarse-domesticar-por-la-homogeneizacion-y-el-consumo\/#article","isPartOf":{"@id":"https:\/\/digital58.com.ve\/site\/2020\/11\/22\/el-papa-pide-no-dejarse-domesticar-por-la-homogeneizacion-y-el-consumo\/"},"author":{"name":"Villasmil Henry","@id":"https:\/\/digital58.com.ve\/site\/#\/schema\/person\/64d1c2e4d0d4fd1b849980c4331c2951"},"headline":"El papa pide no dejarse domesticar por la homogeneizaci\u00f3n y el consumo","datePublished":"2020-11-22T16:03:19+00:00","mainEntityOfPage":{"@id":"https:\/\/digital58.com.ve\/site\/2020\/11\/22\/el-papa-pide-no-dejarse-domesticar-por-la-homogeneizacion-y-el-consumo\/"},"wordCount":513,"commentCount":0,"publisher":{"@id":"https:\/\/digital58.com.ve\/site\/#\/schema\/person\/64d1c2e4d0d4fd1b849980c4331c2951"},"image":{"@id":"https:\/\/digital58.com.ve\/site\/2020\/11\/22\/el-papa-pide-no-dejarse-domesticar-por-la-homogeneizacion-y-el-consumo\/#primaryimage"},"thumbnailUrl":"https:\/\/digital58.com.ve\/site\/wp-content\/uploads\/2020\/08\/papa-francisco-16.08-20.jpg","keywords":["\u00c1ngelus dominical","Ciudad del Vaticano","Fe y Religi\u00f3n","Internacionales","Papa","Papa Francisco"],"articleSection":["Mundo"],"inLanguage":"es","potentialAction":[{"@type":"CommentAction","name":"Comment","target":["https:\/\/digital58.com.ve\/site\/2020\/11\/22\/el-papa-pide-no-dejarse-domesticar-por-la-homogeneizacion-y-el-consumo\/#respond"]}]},{"@type":"WebPage","@id":"https:\/\/digital58.com.ve\/site\/2020\/11\/22\/el-papa-pide-no-dejarse-domesticar-por-la-homogeneizacion-y-el-consumo\/","url":"https:\/\/digital58.com.ve\/site\/2020\/11\/22\/el-papa-pide-no-dejarse-domesticar-por-la-homogeneizacion-y-el-consumo\/","name":"El papa pide no dejarse domesticar por la homogeneizaci\u00f3n y el consumo","isPartOf":{"@id":"https:\/\/digital58.com.ve\/site\/#website"},"primaryImageOfPage":{"@id":"https:\/\/digital58.com.ve\/site\/2020\/11\/22\/el-papa-pide-no-dejarse-domesticar-por-la-homogeneizacion-y-el-consumo\/#primaryimage"},"image":{"@id":"https:\/\/digital58.com.ve\/site\/2020\/11\/22\/el-papa-pide-no-dejarse-domesticar-por-la-homogeneizacion-y-el-consumo\/#primaryimage"},"thumbnailUrl":"https:\/\/digital58.com.ve\/site\/wp-content\/uploads\/2020\/08\/papa-francisco-16.08-20.jpg","datePublished":"2020-11-22T16:03:19+00:00","description":"Mundo","breadcrumb":{"@id":"https:\/\/digital58.com.ve\/site\/2020\/11\/22\/el-papa-pide-no-dejarse-domesticar-por-la-homogeneizacion-y-el-consumo\/#breadcrumb"},"inLanguage":"es","potentialAction":[{"@type":"ReadAction","target":["https:\/\/digital58.com.ve\/site\/2020\/11\/22\/el-papa-pide-no-dejarse-domesticar-por-la-homogeneizacion-y-el-consumo\/"]}]},{"@type":"ImageObject","inLanguage":"es","@id":"https:\/\/digital58.com.ve\/site\/2020\/11\/22\/el-papa-pide-no-dejarse-domesticar-por-la-homogeneizacion-y-el-consumo\/#primaryimage","url":"https:\/\/digital58.com.ve\/site\/wp-content\/uploads\/2020\/08\/papa-francisco-16.08-20.jpg","contentUrl":"https:\/\/digital58.com.ve\/site\/wp-content\/uploads\/2020\/08\/papa-francisco-16.08-20.jpg","width":800,"height":534},{"@type":"BreadcrumbList","@id":"https:\/\/digital58.com.ve\/site\/2020\/11\/22\/el-papa-pide-no-dejarse-domesticar-por-la-homogeneizacion-y-el-consumo\/#breadcrumb","itemListElement":[{"@type":"ListItem","position":1,"name":"Home","item":"https:\/\/digital58.com.ve\/site\/"},{"@type":"ListItem","position":2,"name":"El papa pide no dejarse domesticar por la homogeneizaci\u00f3n y el consumo"}]},{"@type":"WebSite","@id":"https:\/\/digital58.com.ve\/site\/#website","url":"https:\/\/digital58.com.ve\/site\/","name":"Noticias Digital58","description":"Portal de Noticias \u00a1Periodismo web de verdad! Lanzamiento web 22.11.2005 \/ Maracaibo, Venezuela","publisher":{"@id":"https:\/\/digital58.com.ve\/site\/#\/schema\/person\/64d1c2e4d0d4fd1b849980c4331c2951"},"alternateName":"ND58","potentialAction":[{"@type":"SearchAction","target":{"@type":"EntryPoint","urlTemplate":"https:\/\/digital58.com.ve\/site\/?s={search_term_string}"},"query-input":{"@type":"PropertyValueSpecification","valueRequired":true,"valueName":"search_term_string"}}],"inLanguage":"es"},{"@type":["Person","Organization"],"@id":"https:\/\/digital58.com.ve\/site\/#\/schema\/person\/64d1c2e4d0d4fd1b849980c4331c2951","name":"Villasmil Henry","image":{"@type":"ImageObject","inLanguage":"es","@id":"https:\/\/secure.gravatar.com\/avatar\/bb0c4a2fcb7970138239f7e404ea75757b1b507b28b5ce4c53fbd62d797c5a7c?s=96&d=mm&r=g","url":"https:\/\/secure.gravatar.com\/avatar\/bb0c4a2fcb7970138239f7e404ea75757b1b507b28b5ce4c53fbd62d797c5a7c?s=96&d=mm&r=g","contentUrl":"https:\/\/secure.gravatar.com\/avatar\/bb0c4a2fcb7970138239f7e404ea75757b1b507b28b5ce4c53fbd62d797c5a7c?s=96&d=mm&r=g","caption":"Villasmil Henry"},"logo":{"@id":"https:\/\/secure.gravatar.com\/avatar\/bb0c4a2fcb7970138239f7e404ea75757b1b507b28b5ce4c53fbd62d797c5a7c?s=96&d=mm&r=g"},"sameAs":["http:\/\/www.henryvillasmil.com.ve","https:\/\/www.instagram.com\/villasmilhfoto\/","https:\/\/x.com\/https:\/\/twitter.com\/villasmilhfoto"],"url":"https:\/\/digital58.com.ve\/site\/author\/droopy_68\/"}]}},"uagb_featured_image_src":{"full":["https:\/\/digital58.com.ve\/site\/wp-content\/uploads\/2020\/08\/papa-francisco-16.08-20.jpg",800,534,false],"thumbnail":["https:\/\/digital58.com.ve\/site\/wp-content\/uploads\/2020\/08\/papa-francisco-16.08-20-150x150.jpg",150,150,true],"medium":["https:\/\/digital58.com.ve\/site\/wp-content\/uploads\/2020\/08\/papa-francisco-16.08-20-300x200.jpg",300,200,true],"medium_large":["https:\/\/digital58.com.ve\/site\/wp-content\/uploads\/2020\/08\/papa-francisco-16.08-20-768x512.jpg",768,512,true],"large":["https:\/\/digital58.com.ve\/site\/wp-content\/uploads\/2020\/08\/papa-francisco-16.08-20.jpg",800,534,false],"1536x1536":["https:\/\/digital58.com.ve\/site\/wp-content\/uploads\/2020\/08\/papa-francisco-16.08-20.jpg",800,534,false],"2048x2048":["https:\/\/digital58.com.ve\/site\/wp-content\/uploads\/2020\/08\/papa-francisco-16.08-20.jpg",800,534,false],"colormag-highlighted-post":["https:\/\/digital58.com.ve\/site\/wp-content\/uploads\/2020\/08\/papa-francisco-16.08-20.jpg",392,262,false],"colormag-featured-post-medium":["https:\/\/digital58.com.ve\/site\/wp-content\/uploads\/2020\/08\/papa-francisco-16.08-20.jpg",307,205,false],"colormag-featured-post-small":["https:\/\/digital58.com.ve\/site\/wp-content\/uploads\/2020\/08\/papa-francisco-16.08-20.jpg",130,87,false],"colormag-featured-image":["https:\/\/digital58.com.ve\/site\/wp-content\/uploads\/2020\/08\/papa-francisco-16.08-20.jpg",667,445,false],"colormag-default-news":["https:\/\/digital58.com.ve\/site\/wp-content\/uploads\/2020\/08\/papa-francisco-16.08-20.jpg",150,100,false],"colormag-featured-image-large":["https:\/\/digital58.com.ve\/site\/wp-content\/uploads\/2020\/08\/papa-francisco-16.08-20.jpg",800,534,false]},"uagb_author_info":{"display_name":"Villasmil Henry","author_link":"https:\/\/digital58.com.ve\/site\/author\/droopy_68\/"},"uagb_comment_info":0,"uagb_excerpt":"\u00abSi vivimos cerrados e indiferentes nos quedamos paralizados, pero si nos gastamos por los dem\u00e1s nos hacemos libres\u00bb, expres\u00f3 el","_links":{"self":[{"href":"https:\/\/digital58.com.ve\/site\/wp-json\/wp\/v2\/posts\/133212","targetHints":{"allow":["GET"]}}],"collection":[{"href":"https:\/\/digital58.com.ve\/site\/wp-json\/wp\/v2\/posts"}],"about":[{"href":"https:\/\/digital58.com.ve\/site\/wp-json\/wp\/v2\/types\/post"}],"author":[{"embeddable":true,"href":"https:\/\/digital58.com.ve\/site\/wp-json\/wp\/v2\/users\/1"}],"replies":[{"embeddable":true,"href":"https:\/\/digital58.com.ve\/site\/wp-json\/wp\/v2\/comments?post=133212"}],"version-history":[{"count":0,"href":"https:\/\/digital58.com.ve\/site\/wp-json\/wp\/v2\/posts\/133212\/revisions"}],"wp:featuredmedia":[{"embeddable":true,"href":"https:\/\/digital58.com.ve\/site\/wp-json\/wp\/v2\/media\/122405"}],"wp:attachment":[{"href":"https:\/\/digital58.com.ve\/site\/wp-json\/wp\/v2\/media?parent=133212"}],"wp:term":[{"taxonomy":"category","embeddable":true,"href":"https:\/\/digital58.com.ve\/site\/wp-json\/wp\/v2\/categories?post=133212"},{"taxonomy":"post_tag","embeddable":true,"href":"https:\/\/digital58.com.ve\/site\/wp-json\/wp\/v2\/tags?post=133212"}],"curies":[{"name":"wp","href":"https:\/\/api.w.org\/{rel}","templated":true}]}}