{"id":133225,"date":"2020-11-22T16:54:49","date_gmt":"2020-11-22T20:54:49","guid":{"rendered":"https:\/\/digital58.com.ve\/site\/?p=133225"},"modified":"2020-11-22T16:54:49","modified_gmt":"2020-11-22T20:54:49","slug":"numero-de-muertes-relacionadas-con-la-covid-19-en-africa-se-acerca-a-50-000","status":"publish","type":"post","link":"https:\/\/digital58.com.ve\/site\/2020\/11\/22\/numero-de-muertes-relacionadas-con-la-covid-19-en-africa-se-acerca-a-50-000\/","title":{"rendered":"N\u00famero de muertes relacionadas con la COVID-19 en \u00c1frica se acerca a 50.000"},"content":{"rendered":"<p><a href=\"https:\/\/digital58.com.ve\/site\/wp-content\/uploads\/2020\/11\/africa.jpg\"><img loading=\"lazy\" decoding=\"async\" class=\"aligncenter size-full wp-image-133226\" src=\"https:\/\/digital58.com.ve\/site\/wp-content\/uploads\/2020\/11\/africa.jpg\" alt=\"\" width=\"900\" height=\"614\" srcset=\"https:\/\/digital58.com.ve\/site\/wp-content\/uploads\/2020\/11\/africa.jpg 800w, https:\/\/digital58.com.ve\/site\/wp-content\/uploads\/2020\/11\/africa-300x205.jpg 300w, https:\/\/digital58.com.ve\/site\/wp-content\/uploads\/2020\/11\/africa-768x524.jpg 768w\" sizes=\"auto, (max-width: 900px) 100vw, 900px\" \/><\/a><\/p>\n<p>La regi\u00f3n del norte de \u00c1frica es la segunda regi\u00f3n africana m\u00e1s afectada por la COVID-19.<\/p>\n<p><strong>Internacionales, 22 de noviembre de 2020 (ND58).-<\/strong> El n\u00famero de muertes relacionadas con la COVID-19 en el continente africano ha llegado a 49.412, dijo hoy el Centro de \u00c1frica para el Control y la Prevenci\u00f3n de Enfermedades (CDC de Africa).<\/p>\n<p>La agencia continental de control y prevenci\u00f3n de enfermedades dijo en un comunicado que el total de casos reportados de casos de la COVID-19 en el continente lleg\u00f3 a 2.057.001 hasta esta la tarde.<\/p>\n<p>Un total de 1.737.277 personas infectadas con la COVID-19 se han recuperado en todo el continente hasta ahora, indic\u00f3 CDC de \u00c1frica.<\/p>\n<p>Los pa\u00edses africanos m\u00e1s afectados por la COVID-19 en t\u00e9rminos de n\u00famero de casos positivos incluyen a Sud\u00e1frica, Marruecos, Egipto y Etiop\u00eda, mostraron las cifras del CDC de \u00c1frica.<\/p>\n<p>La regi\u00f3n de \u00c1frica meridional es la regi\u00f3n m\u00e1s afectada por la COVID-19, tanto en t\u00e9rminos de la cantidad de casos positivos confirmados como del n\u00famero de muertes, agreg\u00f3.<\/p>\n<p>Sud\u00e1frica tiene actualmente la mayor cantidad de casos de la COVID-19, que llegaron a 765.409.<br \/>\nEl pa\u00eds tambi\u00e9n tiene el mayor n\u00famero de muertes relacionadas con la COVID-19, es decir, 20.845.<\/p>\n<p>Marruecos le sigue con 320.962 casos confirmados y 5.256 muertes, seguido de Egipto con 112.676 casos confirmados y 6.535 muertes, dijo el CDC de \u00c1frica.<\/p><div class=\"gasam69f372818952f\" ><p style=\"text-align: center;\"><a href=\"https:\/\/t.me\/noticiasdigital58\" target=\"_blank\" rel=\"noopener\"><img class=\"aligncenter size-full wp-image-125363\" src=\"https:\/\/digital58.com.ve\/site\/wp-content\/uploads\/2021\/04\/banner-telegram-web-2021.png\" alt=\"\" width=\"600\" height=\"90\" \/><\/a><\/p><\/div><style type=\"text\/css\">\r\n@media screen and (min-width: 1201px) {\r\n.gasam69f372818952f {\r\ndisplay: block;\r\n}\r\n}\r\n@media screen and (min-width: 993px) and (max-width: 1200px) {\r\n.gasam69f372818952f {\r\ndisplay: block;\r\n}\r\n}\r\n@media screen and (min-width: 769px) and (max-width: 992px) {\r\n.gasam69f372818952f {\r\ndisplay: block;\r\n}\r\n}\r\n@media screen and (min-width: 768px) and (max-width: 768px) {\r\n.gasam69f372818952f {\r\ndisplay: block;\r\n}\r\n}\r\n@media screen and (max-width: 767px) {\r\n.gasam69f372818952f {\r\ndisplay: block;\r\n}\r\n}\r\n<\/style>\r\n\n<p><strong>Redacci\u00f3n ND58 | Fuente: Agencia Xinhua<\/strong><br \/>\n<strong>Edici\u00f3n: Villasmil, Henry<\/strong><br \/>\n<strong>Gr\u00e1fica: Agencia Xinhua<\/strong><\/p>\n<div style=\"margin-top: 0px; margin-bottom: 0px;\" class=\"sharethis-inline-share-buttons\" ><\/div>","protected":false},"excerpt":{"rendered":"<p>La regi\u00f3n del norte de \u00c1frica es la segunda regi\u00f3n africana m\u00e1s afectada por la COVID-19. Internacionales, 22 de noviembre<\/p>\n","protected":false},"author":1,"featured_media":133226,"comment_status":"open","ping_status":"closed","sticky":false,"template":"","format":"standard","meta":{"colormag_page_container_layout":"default_layout","colormag_page_sidebar_layout":"default_layout","_uag_custom_page_level_css":"","footnotes":""},"categories":[16451],"tags":[1162,22625,13352,13648,8,13723],"class_list":["post-133225","post","type-post","status-publish","format-standard","has-post-thumbnail","hentry","category-mundo","tag-africa","tag-centro-de-africa-para-el-control-y-la-prevencion-de-enfermedades","tag-coronavirus","tag-covid-19","tag-internacionales","tag-pandemia"],"yoast_head":"<!-- This site is optimized with the Yoast SEO plugin v27.5 - https:\/\/yoast.com\/product\/yoast-seo-wordpress\/ -->\n<title>N\u00famero de muertes relacionadas con la COVID-19 en \u00c1frica se acerca a 50.000<\/title>\n<meta name=\"description\" content=\"Mundo\" \/>\n<meta name=\"robots\" content=\"index, follow, max-snippet:-1, max-image-preview:large, max-video-preview:-1\" \/>\n<link rel=\"canonical\" href=\"https:\/\/digital58.com.ve\/site\/2020\/11\/22\/numero-de-muertes-relacionadas-con-la-covid-19-en-africa-se-acerca-a-50-000\/\" \/>\n<meta property=\"og:locale\" content=\"es_ES\" \/>\n<meta property=\"og:type\" content=\"article\" \/>\n<meta property=\"og:title\" content=\"N\u00famero de muertes relacionadas con la COVID-19 en \u00c1frica se acerca a 50.000\" \/>\n<meta property=\"og:description\" content=\"Mundo\" \/>\n<meta property=\"og:url\" content=\"https:\/\/digital58.com.ve\/site\/2020\/11\/22\/numero-de-muertes-relacionadas-con-la-covid-19-en-africa-se-acerca-a-50-000\/\" \/>\n<meta property=\"og:site_name\" content=\"Noticias Digital58\" \/>\n<meta property=\"article:published_time\" content=\"2020-11-22T20:54:49+00:00\" \/>\n<meta property=\"og:image\" content=\"https:\/\/digital58.com.ve\/site\/wp-content\/uploads\/2020\/11\/africa.jpg\" \/>\n\t<meta property=\"og:image:width\" content=\"900\" \/>\n\t<meta property=\"og:image:height\" content=\"614\" \/>\n\t<meta property=\"og:image:type\" content=\"image\/jpeg\" \/>\n<meta name=\"author\" content=\"Villasmil Henry\" \/>\n<meta name=\"twitter:card\" content=\"summary_large_image\" \/>\n<meta name=\"twitter:creator\" content=\"@https:\/\/twitter.com\/villasmilhfoto\" \/>\n<meta name=\"twitter:site\" content=\"@villasmilhfoto\" \/>\n<meta name=\"twitter:label1\" content=\"Escrito por\" \/>\n\t<meta name=\"twitter:data1\" content=\"Villasmil Henry\" \/>\n\t<meta name=\"twitter:label2\" content=\"Tiempo estimado de lectura\" \/>\n\t<meta name=\"twitter:data2\" content=\"1 minuto\" \/>\n<script type=\"application\/ld+json\" class=\"yoast-schema-graph\">{\"@context\":\"https:\\\/\\\/schema.org\",\"@graph\":[{\"@type\":\"Article\",\"@id\":\"https:\\\/\\\/digital58.com.ve\\\/site\\\/2020\\\/11\\\/22\\\/numero-de-muertes-relacionadas-con-la-covid-19-en-africa-se-acerca-a-50-000\\\/#article\",\"isPartOf\":{\"@id\":\"https:\\\/\\\/digital58.com.ve\\\/site\\\/2020\\\/11\\\/22\\\/numero-de-muertes-relacionadas-con-la-covid-19-en-africa-se-acerca-a-50-000\\\/\"},\"author\":{\"name\":\"Villasmil Henry\",\"@id\":\"https:\\\/\\\/digital58.com.ve\\\/site\\\/#\\\/schema\\\/person\\\/64d1c2e4d0d4fd1b849980c4331c2951\"},\"headline\":\"N\u00famero de muertes relacionadas con la COVID-19 en \u00c1frica se acerca a 50.000\",\"datePublished\":\"2020-11-22T20:54:49+00:00\",\"mainEntityOfPage\":{\"@id\":\"https:\\\/\\\/digital58.com.ve\\\/site\\\/2020\\\/11\\\/22\\\/numero-de-muertes-relacionadas-con-la-covid-19-en-africa-se-acerca-a-50-000\\\/\"},\"wordCount\":264,\"commentCount\":0,\"publisher\":{\"@id\":\"https:\\\/\\\/digital58.com.ve\\\/site\\\/#\\\/schema\\\/person\\\/64d1c2e4d0d4fd1b849980c4331c2951\"},\"image\":{\"@id\":\"https:\\\/\\\/digital58.com.ve\\\/site\\\/2020\\\/11\\\/22\\\/numero-de-muertes-relacionadas-con-la-covid-19-en-africa-se-acerca-a-50-000\\\/#primaryimage\"},\"thumbnailUrl\":\"https:\\\/\\\/digital58.com.ve\\\/site\\\/wp-content\\\/uploads\\\/2020\\\/11\\\/africa.jpg\",\"keywords\":[\"\u00c1frica\",\"Centro de \u00c1frica para el Control y la Prevenci\u00f3n de Enfermedades\",\"Coronavirus\",\"COVID-19\",\"Internacionales\",\"Pandemia\"],\"articleSection\":[\"Mundo\"],\"inLanguage\":\"es\",\"potentialAction\":[{\"@type\":\"CommentAction\",\"name\":\"Comment\",\"target\":[\"https:\\\/\\\/digital58.com.ve\\\/site\\\/2020\\\/11\\\/22\\\/numero-de-muertes-relacionadas-con-la-covid-19-en-africa-se-acerca-a-50-000\\\/#respond\"]}]},{\"@type\":\"WebPage\",\"@id\":\"https:\\\/\\\/digital58.com.ve\\\/site\\\/2020\\\/11\\\/22\\\/numero-de-muertes-relacionadas-con-la-covid-19-en-africa-se-acerca-a-50-000\\\/\",\"url\":\"https:\\\/\\\/digital58.com.ve\\\/site\\\/2020\\\/11\\\/22\\\/numero-de-muertes-relacionadas-con-la-covid-19-en-africa-se-acerca-a-50-000\\\/\",\"name\":\"N\u00famero de muertes relacionadas con la COVID-19 en \u00c1frica se acerca a 50.000\",\"isPartOf\":{\"@id\":\"https:\\\/\\\/digital58.com.ve\\\/site\\\/#website\"},\"primaryImageOfPage\":{\"@id\":\"https:\\\/\\\/digital58.com.ve\\\/site\\\/2020\\\/11\\\/22\\\/numero-de-muertes-relacionadas-con-la-covid-19-en-africa-se-acerca-a-50-000\\\/#primaryimage\"},\"image\":{\"@id\":\"https:\\\/\\\/digital58.com.ve\\\/site\\\/2020\\\/11\\\/22\\\/numero-de-muertes-relacionadas-con-la-covid-19-en-africa-se-acerca-a-50-000\\\/#primaryimage\"},\"thumbnailUrl\":\"https:\\\/\\\/digital58.com.ve\\\/site\\\/wp-content\\\/uploads\\\/2020\\\/11\\\/africa.jpg\",\"datePublished\":\"2020-11-22T20:54:49+00:00\",\"description\":\"Mundo\",\"breadcrumb\":{\"@id\":\"https:\\\/\\\/digital58.com.ve\\\/site\\\/2020\\\/11\\\/22\\\/numero-de-muertes-relacionadas-con-la-covid-19-en-africa-se-acerca-a-50-000\\\/#breadcrumb\"},\"inLanguage\":\"es\",\"potentialAction\":[{\"@type\":\"ReadAction\",\"target\":[\"https:\\\/\\\/digital58.com.ve\\\/site\\\/2020\\\/11\\\/22\\\/numero-de-muertes-relacionadas-con-la-covid-19-en-africa-se-acerca-a-50-000\\\/\"]}]},{\"@type\":\"ImageObject\",\"inLanguage\":\"es\",\"@id\":\"https:\\\/\\\/digital58.com.ve\\\/site\\\/2020\\\/11\\\/22\\\/numero-de-muertes-relacionadas-con-la-covid-19-en-africa-se-acerca-a-50-000\\\/#primaryimage\",\"url\":\"https:\\\/\\\/digital58.com.ve\\\/site\\\/wp-content\\\/uploads\\\/2020\\\/11\\\/africa.jpg\",\"contentUrl\":\"https:\\\/\\\/digital58.com.ve\\\/site\\\/wp-content\\\/uploads\\\/2020\\\/11\\\/africa.jpg\",\"width\":800,\"height\":546},{\"@type\":\"BreadcrumbList\",\"@id\":\"https:\\\/\\\/digital58.com.ve\\\/site\\\/2020\\\/11\\\/22\\\/numero-de-muertes-relacionadas-con-la-covid-19-en-africa-se-acerca-a-50-000\\\/#breadcrumb\",\"itemListElement\":[{\"@type\":\"ListItem\",\"position\":1,\"name\":\"Home\",\"item\":\"https:\\\/\\\/digital58.com.ve\\\/site\\\/\"},{\"@type\":\"ListItem\",\"position\":2,\"name\":\"N\u00famero de muertes relacionadas con la COVID-19 en \u00c1frica se acerca a 50.000\"}]},{\"@type\":\"WebSite\",\"@id\":\"https:\\\/\\\/digital58.com.ve\\\/site\\\/#website\",\"url\":\"https:\\\/\\\/digital58.com.ve\\\/site\\\/\",\"name\":\"Noticias Digital58\",\"description\":\"Portal de Noticias \u00a1Periodismo web de verdad! Lanzamiento web 22.11.2005 \\\/ Maracaibo, Venezuela\",\"publisher\":{\"@id\":\"https:\\\/\\\/digital58.com.ve\\\/site\\\/#\\\/schema\\\/person\\\/64d1c2e4d0d4fd1b849980c4331c2951\"},\"alternateName\":\"ND58\",\"potentialAction\":[{\"@type\":\"SearchAction\",\"target\":{\"@type\":\"EntryPoint\",\"urlTemplate\":\"https:\\\/\\\/digital58.com.ve\\\/site\\\/?s={search_term_string}\"},\"query-input\":{\"@type\":\"PropertyValueSpecification\",\"valueRequired\":true,\"valueName\":\"search_term_string\"}}],\"inLanguage\":\"es\"},{\"@type\":[\"Person\",\"Organization\"],\"@id\":\"https:\\\/\\\/digital58.com.ve\\\/site\\\/#\\\/schema\\\/person\\\/64d1c2e4d0d4fd1b849980c4331c2951\",\"name\":\"Villasmil Henry\",\"image\":{\"@type\":\"ImageObject\",\"inLanguage\":\"es\",\"@id\":\"https:\\\/\\\/secure.gravatar.com\\\/avatar\\\/bb0c4a2fcb7970138239f7e404ea75757b1b507b28b5ce4c53fbd62d797c5a7c?s=96&d=mm&r=g\",\"url\":\"https:\\\/\\\/secure.gravatar.com\\\/avatar\\\/bb0c4a2fcb7970138239f7e404ea75757b1b507b28b5ce4c53fbd62d797c5a7c?s=96&d=mm&r=g\",\"contentUrl\":\"https:\\\/\\\/secure.gravatar.com\\\/avatar\\\/bb0c4a2fcb7970138239f7e404ea75757b1b507b28b5ce4c53fbd62d797c5a7c?s=96&d=mm&r=g\",\"caption\":\"Villasmil Henry\"},\"logo\":{\"@id\":\"https:\\\/\\\/secure.gravatar.com\\\/avatar\\\/bb0c4a2fcb7970138239f7e404ea75757b1b507b28b5ce4c53fbd62d797c5a7c?s=96&d=mm&r=g\"},\"sameAs\":[\"http:\\\/\\\/www.henryvillasmil.com.ve\",\"https:\\\/\\\/www.instagram.com\\\/villasmilhfoto\\\/\",\"https:\\\/\\\/x.com\\\/https:\\\/\\\/twitter.com\\\/villasmilhfoto\"],\"url\":\"https:\\\/\\\/digital58.com.ve\\\/site\\\/author\\\/droopy_68\\\/\"}]}<\/script>\n<!-- \/ Yoast SEO plugin. -->","yoast_head_json":{"title":"N\u00famero de muertes relacionadas con la COVID-19 en \u00c1frica se acerca a 50.000","description":"Mundo","robots":{"index":"index","follow":"follow","max-snippet":"max-snippet:-1","max-image-preview":"max-image-preview:large","max-video-preview":"max-video-preview:-1"},"canonical":"https:\/\/digital58.com.ve\/site\/2020\/11\/22\/numero-de-muertes-relacionadas-con-la-covid-19-en-africa-se-acerca-a-50-000\/","og_locale":"es_ES","og_type":"article","og_title":"N\u00famero de muertes relacionadas con la COVID-19 en \u00c1frica se acerca a 50.000","og_description":"Mundo","og_url":"https:\/\/digital58.com.ve\/site\/2020\/11\/22\/numero-de-muertes-relacionadas-con-la-covid-19-en-africa-se-acerca-a-50-000\/","og_site_name":"Noticias Digital58","article_published_time":"2020-11-22T20:54:49+00:00","og_image":[{"width":900,"height":614,"url":"https:\/\/digital58.com.ve\/site\/wp-content\/uploads\/2020\/11\/africa.jpg","type":"image\/jpeg"}],"author":"Villasmil Henry","twitter_card":"summary_large_image","twitter_creator":"@https:\/\/twitter.com\/villasmilhfoto","twitter_site":"@villasmilhfoto","twitter_misc":{"Escrito por":"Villasmil Henry","Tiempo estimado de lectura":"1 minuto"},"schema":{"@context":"https:\/\/schema.org","@graph":[{"@type":"Article","@id":"https:\/\/digital58.com.ve\/site\/2020\/11\/22\/numero-de-muertes-relacionadas-con-la-covid-19-en-africa-se-acerca-a-50-000\/#article","isPartOf":{"@id":"https:\/\/digital58.com.ve\/site\/2020\/11\/22\/numero-de-muertes-relacionadas-con-la-covid-19-en-africa-se-acerca-a-50-000\/"},"author":{"name":"Villasmil Henry","@id":"https:\/\/digital58.com.ve\/site\/#\/schema\/person\/64d1c2e4d0d4fd1b849980c4331c2951"},"headline":"N\u00famero de muertes relacionadas con la COVID-19 en \u00c1frica se acerca a 50.000","datePublished":"2020-11-22T20:54:49+00:00","mainEntityOfPage":{"@id":"https:\/\/digital58.com.ve\/site\/2020\/11\/22\/numero-de-muertes-relacionadas-con-la-covid-19-en-africa-se-acerca-a-50-000\/"},"wordCount":264,"commentCount":0,"publisher":{"@id":"https:\/\/digital58.com.ve\/site\/#\/schema\/person\/64d1c2e4d0d4fd1b849980c4331c2951"},"image":{"@id":"https:\/\/digital58.com.ve\/site\/2020\/11\/22\/numero-de-muertes-relacionadas-con-la-covid-19-en-africa-se-acerca-a-50-000\/#primaryimage"},"thumbnailUrl":"https:\/\/digital58.com.ve\/site\/wp-content\/uploads\/2020\/11\/africa.jpg","keywords":["\u00c1frica","Centro de \u00c1frica para el Control y la Prevenci\u00f3n de Enfermedades","Coronavirus","COVID-19","Internacionales","Pandemia"],"articleSection":["Mundo"],"inLanguage":"es","potentialAction":[{"@type":"CommentAction","name":"Comment","target":["https:\/\/digital58.com.ve\/site\/2020\/11\/22\/numero-de-muertes-relacionadas-con-la-covid-19-en-africa-se-acerca-a-50-000\/#respond"]}]},{"@type":"WebPage","@id":"https:\/\/digital58.com.ve\/site\/2020\/11\/22\/numero-de-muertes-relacionadas-con-la-covid-19-en-africa-se-acerca-a-50-000\/","url":"https:\/\/digital58.com.ve\/site\/2020\/11\/22\/numero-de-muertes-relacionadas-con-la-covid-19-en-africa-se-acerca-a-50-000\/","name":"N\u00famero de muertes relacionadas con la COVID-19 en \u00c1frica se acerca a 50.000","isPartOf":{"@id":"https:\/\/digital58.com.ve\/site\/#website"},"primaryImageOfPage":{"@id":"https:\/\/digital58.com.ve\/site\/2020\/11\/22\/numero-de-muertes-relacionadas-con-la-covid-19-en-africa-se-acerca-a-50-000\/#primaryimage"},"image":{"@id":"https:\/\/digital58.com.ve\/site\/2020\/11\/22\/numero-de-muertes-relacionadas-con-la-covid-19-en-africa-se-acerca-a-50-000\/#primaryimage"},"thumbnailUrl":"https:\/\/digital58.com.ve\/site\/wp-content\/uploads\/2020\/11\/africa.jpg","datePublished":"2020-11-22T20:54:49+00:00","description":"Mundo","breadcrumb":{"@id":"https:\/\/digital58.com.ve\/site\/2020\/11\/22\/numero-de-muertes-relacionadas-con-la-covid-19-en-africa-se-acerca-a-50-000\/#breadcrumb"},"inLanguage":"es","potentialAction":[{"@type":"ReadAction","target":["https:\/\/digital58.com.ve\/site\/2020\/11\/22\/numero-de-muertes-relacionadas-con-la-covid-19-en-africa-se-acerca-a-50-000\/"]}]},{"@type":"ImageObject","inLanguage":"es","@id":"https:\/\/digital58.com.ve\/site\/2020\/11\/22\/numero-de-muertes-relacionadas-con-la-covid-19-en-africa-se-acerca-a-50-000\/#primaryimage","url":"https:\/\/digital58.com.ve\/site\/wp-content\/uploads\/2020\/11\/africa.jpg","contentUrl":"https:\/\/digital58.com.ve\/site\/wp-content\/uploads\/2020\/11\/africa.jpg","width":800,"height":546},{"@type":"BreadcrumbList","@id":"https:\/\/digital58.com.ve\/site\/2020\/11\/22\/numero-de-muertes-relacionadas-con-la-covid-19-en-africa-se-acerca-a-50-000\/#breadcrumb","itemListElement":[{"@type":"ListItem","position":1,"name":"Home","item":"https:\/\/digital58.com.ve\/site\/"},{"@type":"ListItem","position":2,"name":"N\u00famero de muertes relacionadas con la COVID-19 en \u00c1frica se acerca a 50.000"}]},{"@type":"WebSite","@id":"https:\/\/digital58.com.ve\/site\/#website","url":"https:\/\/digital58.com.ve\/site\/","name":"Noticias Digital58","description":"Portal de Noticias \u00a1Periodismo web de verdad! Lanzamiento web 22.11.2005 \/ Maracaibo, Venezuela","publisher":{"@id":"https:\/\/digital58.com.ve\/site\/#\/schema\/person\/64d1c2e4d0d4fd1b849980c4331c2951"},"alternateName":"ND58","potentialAction":[{"@type":"SearchAction","target":{"@type":"EntryPoint","urlTemplate":"https:\/\/digital58.com.ve\/site\/?s={search_term_string}"},"query-input":{"@type":"PropertyValueSpecification","valueRequired":true,"valueName":"search_term_string"}}],"inLanguage":"es"},{"@type":["Person","Organization"],"@id":"https:\/\/digital58.com.ve\/site\/#\/schema\/person\/64d1c2e4d0d4fd1b849980c4331c2951","name":"Villasmil Henry","image":{"@type":"ImageObject","inLanguage":"es","@id":"https:\/\/secure.gravatar.com\/avatar\/bb0c4a2fcb7970138239f7e404ea75757b1b507b28b5ce4c53fbd62d797c5a7c?s=96&d=mm&r=g","url":"https:\/\/secure.gravatar.com\/avatar\/bb0c4a2fcb7970138239f7e404ea75757b1b507b28b5ce4c53fbd62d797c5a7c?s=96&d=mm&r=g","contentUrl":"https:\/\/secure.gravatar.com\/avatar\/bb0c4a2fcb7970138239f7e404ea75757b1b507b28b5ce4c53fbd62d797c5a7c?s=96&d=mm&r=g","caption":"Villasmil Henry"},"logo":{"@id":"https:\/\/secure.gravatar.com\/avatar\/bb0c4a2fcb7970138239f7e404ea75757b1b507b28b5ce4c53fbd62d797c5a7c?s=96&d=mm&r=g"},"sameAs":["http:\/\/www.henryvillasmil.com.ve","https:\/\/www.instagram.com\/villasmilhfoto\/","https:\/\/x.com\/https:\/\/twitter.com\/villasmilhfoto"],"url":"https:\/\/digital58.com.ve\/site\/author\/droopy_68\/"}]}},"uagb_featured_image_src":{"full":["https:\/\/digital58.com.ve\/site\/wp-content\/uploads\/2020\/11\/africa.jpg",800,546,false],"thumbnail":["https:\/\/digital58.com.ve\/site\/wp-content\/uploads\/2020\/11\/africa-150x150.jpg",150,150,true],"medium":["https:\/\/digital58.com.ve\/site\/wp-content\/uploads\/2020\/11\/africa-300x205.jpg",300,205,true],"medium_large":["https:\/\/digital58.com.ve\/site\/wp-content\/uploads\/2020\/11\/africa-768x524.jpg",768,524,true],"large":["https:\/\/digital58.com.ve\/site\/wp-content\/uploads\/2020\/11\/africa.jpg",800,546,false],"1536x1536":["https:\/\/digital58.com.ve\/site\/wp-content\/uploads\/2020\/11\/africa.jpg",800,546,false],"2048x2048":["https:\/\/digital58.com.ve\/site\/wp-content\/uploads\/2020\/11\/africa.jpg",800,546,false],"colormag-highlighted-post":["https:\/\/digital58.com.ve\/site\/wp-content\/uploads\/2020\/11\/africa.jpg",392,268,false],"colormag-featured-post-medium":["https:\/\/digital58.com.ve\/site\/wp-content\/uploads\/2020\/11\/africa.jpg",300,205,false],"colormag-featured-post-small":["https:\/\/digital58.com.ve\/site\/wp-content\/uploads\/2020\/11\/africa.jpg",130,90,false],"colormag-featured-image":["https:\/\/digital58.com.ve\/site\/wp-content\/uploads\/2020\/11\/africa.jpg",652,445,false],"colormag-default-news":["https:\/\/digital58.com.ve\/site\/wp-content\/uploads\/2020\/11\/africa.jpg",150,102,false],"colormag-featured-image-large":["https:\/\/digital58.com.ve\/site\/wp-content\/uploads\/2020\/11\/africa.jpg",800,546,false]},"uagb_author_info":{"display_name":"Villasmil Henry","author_link":"https:\/\/digital58.com.ve\/site\/author\/droopy_68\/"},"uagb_comment_info":0,"uagb_excerpt":"La regi\u00f3n del norte de \u00c1frica es la segunda regi\u00f3n africana m\u00e1s afectada por la COVID-19. Internacionales, 22 de noviembre","_links":{"self":[{"href":"https:\/\/digital58.com.ve\/site\/wp-json\/wp\/v2\/posts\/133225","targetHints":{"allow":["GET"]}}],"collection":[{"href":"https:\/\/digital58.com.ve\/site\/wp-json\/wp\/v2\/posts"}],"about":[{"href":"https:\/\/digital58.com.ve\/site\/wp-json\/wp\/v2\/types\/post"}],"author":[{"embeddable":true,"href":"https:\/\/digital58.com.ve\/site\/wp-json\/wp\/v2\/users\/1"}],"replies":[{"embeddable":true,"href":"https:\/\/digital58.com.ve\/site\/wp-json\/wp\/v2\/comments?post=133225"}],"version-history":[{"count":0,"href":"https:\/\/digital58.com.ve\/site\/wp-json\/wp\/v2\/posts\/133225\/revisions"}],"wp:featuredmedia":[{"embeddable":true,"href":"https:\/\/digital58.com.ve\/site\/wp-json\/wp\/v2\/media\/133226"}],"wp:attachment":[{"href":"https:\/\/digital58.com.ve\/site\/wp-json\/wp\/v2\/media?parent=133225"}],"wp:term":[{"taxonomy":"category","embeddable":true,"href":"https:\/\/digital58.com.ve\/site\/wp-json\/wp\/v2\/categories?post=133225"},{"taxonomy":"post_tag","embeddable":true,"href":"https:\/\/digital58.com.ve\/site\/wp-json\/wp\/v2\/tags?post=133225"}],"curies":[{"name":"wp","href":"https:\/\/api.w.org\/{rel}","templated":true}]}}