{"id":133567,"date":"2020-11-30T21:24:47","date_gmt":"2020-12-01T01:24:47","guid":{"rendered":"https:\/\/digital58.com.ve\/site\/?p=133567"},"modified":"2020-11-30T21:24:47","modified_gmt":"2020-12-01T01:24:47","slug":"conferencia-episcopal-venezolana-reitera-que-los-comicios-agravaran-la-crisis","status":"publish","type":"post","link":"https:\/\/digital58.com.ve\/site\/2020\/11\/30\/conferencia-episcopal-venezolana-reitera-que-los-comicios-agravaran-la-crisis\/","title":{"rendered":"Conferencia Episcopal Venezolana reitera que los comicios agravar\u00e1n la crisis"},"content":{"rendered":"<p><a href=\"https:\/\/digital58.com.ve\/site\/wp-content\/uploads\/2020\/05\/Conferencia-Episcopal-Venezolana.jpg\"><img loading=\"lazy\" decoding=\"async\" class=\"aligncenter size-full wp-image-103062\" src=\"https:\/\/digital58.com.ve\/site\/wp-content\/uploads\/2020\/05\/Conferencia-Episcopal-Venezolana.jpg\" alt=\"\" width=\"1200\" height=\"766\" srcset=\"https:\/\/digital58.com.ve\/site\/wp-content\/uploads\/2020\/05\/Conferencia-Episcopal-Venezolana.jpg 800w, https:\/\/digital58.com.ve\/site\/wp-content\/uploads\/2020\/05\/Conferencia-Episcopal-Venezolana-300x192.jpg 300w, https:\/\/digital58.com.ve\/site\/wp-content\/uploads\/2020\/05\/Conferencia-Episcopal-Venezolana-768x490.jpg 768w\" sizes=\"auto, (max-width: 1200px) 100vw, 1200px\" \/><\/a><\/p>\n<p>La Conferencia Episcopal Venezolana (CEV) reiter\u00f3 este lunes que las elecciones legislativas, que se celebrar\u00e1n el pr\u00f3ximo domingo y que la mayor\u00eda de la oposici\u00f3n consideran un fraude, agravar\u00e1n la crisis que vive el pa\u00eds.<\/p>\n<p><strong>Caracas, DC, Venezuela, 30 de noviembre de 2020 (ND58).-<\/strong> \u00abRatificamos lo que anteriormente se\u00f1al\u00e1ramos al decir que el evento electoral convocado para el pr\u00f3ximo 6 de diciembre, lejos de contribuir a la soluci\u00f3n democr\u00e1tica de la situaci\u00f3n pol\u00edtica que hoy vivimos tiende a agravarla\u00bb, reza un comunicado de la CEV.<\/p>\n<p>Adem\u00e1s, subrayan que estos comicios \u00abno ayudar\u00e1n a resolver los verdaderos problemas del pueblo\u00bb.<\/p>\n<p><strong>Llamada urgente a los pol\u00edtico<\/strong><\/p>\n<p>Tambi\u00e9n renovaron su \u00abllamado urgente a todos quienes dedican sus esfuerzos a la pol\u00edtica y a las diversas organizaciones de la sociedad civil a fin de continuar haciendo esfuerzos en conjunto para restablecer los derechos democr\u00e1ticos de la naci\u00f3n\u00bb.<\/p>\n<p>En este sentido, la CEV considera \u00abnecesarias e importantes\u00bb todas las iniciativas, entre ellas la consulta popular a la que ha convocado el l\u00edder opositor Juan Guaid\u00f3.<\/p>\n<p>La consulta, que se celebrar\u00e1 del 5 al 12 de diciembre, preguntar\u00e1 a los ciudadanos si rechazan \u00abel evento del 6 de diciembre organizado por el r\u00e9gimen de Nicol\u00e1s Maduro y solicita a la comunidad internacional su desconocimiento\u00bb.<\/p>\n<p>Asimismo, les cuestionar\u00e1 si exigen \u00abel cese de la usurpaci\u00f3n de la Presidencia de parte de Nicol\u00e1s Maduro y convoca la realizaci\u00f3n de elecciones presidenciales y parlamentarias libres, justas y verificables\u00bb.<\/p>\n<p>Finalmente, el tercer punto inquiere a los venezolanos si \u00abordenan\u00bb hacer \u00ablas gestiones necesarias ante la comunidad internacional para activar la cooperaci\u00f3n, acompa\u00f1amiento y asistencia que permitan rescatar nuestra democracia, atender la crisis humanitaria y proteger al pueblo de los cr\u00edmenes de lesa humanidad\u00bb.<\/p>\n<p><strong>Piden que el pueblo se exprese<\/strong><\/p>\n<p>Acerca de esta consulta, la CEV dice que \u00abel pueblo tiene pleno derecho a expresarse por los leg\u00edtimos canales garantizados por la Constituci\u00f3n\u00bb.<\/p>\n<p>Tambi\u00e9n se pronuncian sobre el denominado Plan de la Patria, elaborado por el Gobierno de Nicol\u00e1s Maduro, as\u00ed como el \u00abestado comunal\u00bb, propuesta del oficialista Partido Socialista Unido de Venezuela (PSUV) en estas elecciones.<\/p>\n<p>\u00abDesde el ejercicio de nuestro ministerio y siendo ciudadanos de este pa\u00eds, invitamos a un serio discernimiento que nos conduzca a la b\u00fasqueda de una soluci\u00f3n justa, pac\u00edfica, democr\u00e1tica y acordada entre todos los venezolanos, a la crisis multiforme que afecta Venezuela\u00bb, aseguran.<\/p>\n<p>Para la CEV, los venezolanos no deben dejarse \u00abvencer por el desaliento\u00bb, sino \u00abcontinuar haciendo todo lo posible y trabajar por la unidad, la paz y la prosperidad de la naci\u00f3n, anteponiendo el bien com\u00fan como prioridad a cualquier otro inter\u00e9s\u00bb.<\/p>\n<p>\u00abEl pueblo venezolano anhela, ciertamente, un cambio pac\u00edfico de la situaci\u00f3n, para lo cual quiere expresarse con el voto, en condiciones justas, equitativas y de igualdad para las partes\u00bb, afirman.<\/p>\n<p>Sin embargo, en un aparente llamado a Gobierno y oposici\u00f3n, aseguran que \u00abseparadamente, de espaldas los unos a los otros, sin reconocerse y aceptarse, cualquier resultado\u00bb de las elecciones del 6 de diciembre \u00abafianza m\u00e1s la confrontaci\u00f3n que la b\u00fasqueda sincera de soluci\u00f3n en la que tengan parte todos\u00bb.<\/p>\n<p>\u00abSin encuentro, sin reconocimiento mutuo y sin dialogo aut\u00e9ntico no habr\u00e1 soluci\u00f3n que traiga bienes y fraternidad\u00bb, concluyen.<\/p><div class=\"jelhp69ef6c7fd4e6f\" ><p style=\"text-align: center;\"><a href=\"https:\/\/t.me\/noticiasdigital58\" target=\"_blank\" rel=\"noopener\"><img class=\"aligncenter size-full wp-image-125363\" src=\"https:\/\/digital58.com.ve\/site\/wp-content\/uploads\/2021\/04\/banner-telegram-web-2021.png\" alt=\"\" width=\"600\" height=\"90\" \/><\/a><\/p><\/div><style type=\"text\/css\">\r\n@media screen and (min-width: 1201px) {\r\n.jelhp69ef6c7fd4e6f {\r\ndisplay: block;\r\n}\r\n}\r\n@media screen and (min-width: 993px) and (max-width: 1200px) {\r\n.jelhp69ef6c7fd4e6f {\r\ndisplay: block;\r\n}\r\n}\r\n@media screen and (min-width: 769px) and (max-width: 992px) {\r\n.jelhp69ef6c7fd4e6f {\r\ndisplay: block;\r\n}\r\n}\r\n@media screen and (min-width: 768px) and (max-width: 768px) {\r\n.jelhp69ef6c7fd4e6f {\r\ndisplay: block;\r\n}\r\n}\r\n@media screen and (max-width: 767px) {\r\n.jelhp69ef6c7fd4e6f {\r\ndisplay: block;\r\n}\r\n}\r\n<\/style>\r\n\n<p><strong>Redacci\u00f3n ND58 | Fuente: EFE<\/strong><br \/>\n<strong>Edici\u00f3n: Villasmil, Henry<\/strong><br \/>\n<strong>Gr\u00e1fica: EFE<\/strong><\/p>\n<div style=\"margin-top: 0px; margin-bottom: 0px;\" class=\"sharethis-inline-share-buttons\" ><\/div>","protected":false},"excerpt":{"rendered":"<p>La Conferencia Episcopal Venezolana (CEV) reiter\u00f3 este lunes que las elecciones legislativas, que se celebrar\u00e1n el pr\u00f3ximo domingo y que<\/p>\n","protected":false},"author":1,"featured_media":103062,"comment_status":"open","ping_status":"closed","sticky":false,"template":"","format":"standard","meta":{"colormag_page_container_layout":"default_layout","colormag_page_sidebar_layout":"default_layout","_uag_custom_page_level_css":"","footnotes":""},"categories":[16454],"tags":[29,11921,16503,1692,233,32],"class_list":["post-133567","post","type-post","status-publish","format-standard","has-post-thumbnail","hentry","category-venezuela","tag-caracas","tag-conferencia-episcopal-venezolana","tag-elecciones-parlamentarias-2020","tag-iglesia-catolica","tag-nacionales","tag-venezuela"],"yoast_head":"<!-- This site is optimized with the Yoast SEO plugin v27.4 - https:\/\/yoast.com\/product\/yoast-seo-wordpress\/ -->\n<title>Conferencia Episcopal Venezolana reitera que los comicios agravar\u00e1n la crisis<\/title>\n<meta name=\"description\" content=\"Venezuela\" \/>\n<meta name=\"robots\" content=\"index, follow, max-snippet:-1, max-image-preview:large, max-video-preview:-1\" \/>\n<link rel=\"canonical\" href=\"https:\/\/digital58.com.ve\/site\/2020\/11\/30\/conferencia-episcopal-venezolana-reitera-que-los-comicios-agravaran-la-crisis\/\" \/>\n<meta property=\"og:locale\" content=\"es_ES\" \/>\n<meta property=\"og:type\" content=\"article\" \/>\n<meta property=\"og:title\" content=\"Conferencia Episcopal Venezolana reitera que los comicios agravar\u00e1n la crisis\" \/>\n<meta property=\"og:description\" content=\"Venezuela\" \/>\n<meta property=\"og:url\" content=\"https:\/\/digital58.com.ve\/site\/2020\/11\/30\/conferencia-episcopal-venezolana-reitera-que-los-comicios-agravaran-la-crisis\/\" \/>\n<meta property=\"og:site_name\" content=\"Noticias Digital58\" \/>\n<meta property=\"article:published_time\" content=\"2020-12-01T01:24:47+00:00\" \/>\n<meta property=\"og:image\" content=\"https:\/\/digital58.com.ve\/site\/wp-content\/uploads\/2020\/05\/Conferencia-Episcopal-Venezolana.jpg\" \/>\n\t<meta property=\"og:image:width\" content=\"1200\" \/>\n\t<meta property=\"og:image:height\" content=\"766\" \/>\n\t<meta property=\"og:image:type\" content=\"image\/jpeg\" \/>\n<meta name=\"author\" content=\"Villasmil Henry\" \/>\n<meta name=\"twitter:card\" content=\"summary_large_image\" \/>\n<meta name=\"twitter:creator\" content=\"@https:\/\/twitter.com\/villasmilhfoto\" \/>\n<meta name=\"twitter:site\" content=\"@villasmilhfoto\" \/>\n<meta name=\"twitter:label1\" content=\"Escrito por\" \/>\n\t<meta name=\"twitter:data1\" content=\"Villasmil Henry\" \/>\n\t<meta name=\"twitter:label2\" content=\"Tiempo estimado de lectura\" \/>\n\t<meta name=\"twitter:data2\" content=\"3 minutos\" \/>\n<script type=\"application\/ld+json\" class=\"yoast-schema-graph\">{\"@context\":\"https:\\\/\\\/schema.org\",\"@graph\":[{\"@type\":\"Article\",\"@id\":\"https:\\\/\\\/digital58.com.ve\\\/site\\\/2020\\\/11\\\/30\\\/conferencia-episcopal-venezolana-reitera-que-los-comicios-agravaran-la-crisis\\\/#article\",\"isPartOf\":{\"@id\":\"https:\\\/\\\/digital58.com.ve\\\/site\\\/2020\\\/11\\\/30\\\/conferencia-episcopal-venezolana-reitera-que-los-comicios-agravaran-la-crisis\\\/\"},\"author\":{\"name\":\"Villasmil Henry\",\"@id\":\"https:\\\/\\\/digital58.com.ve\\\/site\\\/#\\\/schema\\\/person\\\/64d1c2e4d0d4fd1b849980c4331c2951\"},\"headline\":\"Conferencia Episcopal Venezolana reitera que los comicios agravar\u00e1n la crisis\",\"datePublished\":\"2020-12-01T01:24:47+00:00\",\"mainEntityOfPage\":{\"@id\":\"https:\\\/\\\/digital58.com.ve\\\/site\\\/2020\\\/11\\\/30\\\/conferencia-episcopal-venezolana-reitera-que-los-comicios-agravaran-la-crisis\\\/\"},\"wordCount\":594,\"commentCount\":0,\"publisher\":{\"@id\":\"https:\\\/\\\/digital58.com.ve\\\/site\\\/#\\\/schema\\\/person\\\/64d1c2e4d0d4fd1b849980c4331c2951\"},\"image\":{\"@id\":\"https:\\\/\\\/digital58.com.ve\\\/site\\\/2020\\\/11\\\/30\\\/conferencia-episcopal-venezolana-reitera-que-los-comicios-agravaran-la-crisis\\\/#primaryimage\"},\"thumbnailUrl\":\"https:\\\/\\\/digital58.com.ve\\\/site\\\/wp-content\\\/uploads\\\/2020\\\/05\\\/Conferencia-Episcopal-Venezolana.jpg\",\"keywords\":[\"Caracas\",\"Conferencia Episcopal Venezolana\",\"Elecciones Parlamentarias 2020\",\"Iglesia Cat\u00f3lica\",\"Nacionales\",\"Venezuela\"],\"articleSection\":[\"Venezuela\"],\"inLanguage\":\"es\",\"potentialAction\":[{\"@type\":\"CommentAction\",\"name\":\"Comment\",\"target\":[\"https:\\\/\\\/digital58.com.ve\\\/site\\\/2020\\\/11\\\/30\\\/conferencia-episcopal-venezolana-reitera-que-los-comicios-agravaran-la-crisis\\\/#respond\"]}]},{\"@type\":\"WebPage\",\"@id\":\"https:\\\/\\\/digital58.com.ve\\\/site\\\/2020\\\/11\\\/30\\\/conferencia-episcopal-venezolana-reitera-que-los-comicios-agravaran-la-crisis\\\/\",\"url\":\"https:\\\/\\\/digital58.com.ve\\\/site\\\/2020\\\/11\\\/30\\\/conferencia-episcopal-venezolana-reitera-que-los-comicios-agravaran-la-crisis\\\/\",\"name\":\"Conferencia Episcopal Venezolana reitera que los comicios agravar\u00e1n la crisis\",\"isPartOf\":{\"@id\":\"https:\\\/\\\/digital58.com.ve\\\/site\\\/#website\"},\"primaryImageOfPage\":{\"@id\":\"https:\\\/\\\/digital58.com.ve\\\/site\\\/2020\\\/11\\\/30\\\/conferencia-episcopal-venezolana-reitera-que-los-comicios-agravaran-la-crisis\\\/#primaryimage\"},\"image\":{\"@id\":\"https:\\\/\\\/digital58.com.ve\\\/site\\\/2020\\\/11\\\/30\\\/conferencia-episcopal-venezolana-reitera-que-los-comicios-agravaran-la-crisis\\\/#primaryimage\"},\"thumbnailUrl\":\"https:\\\/\\\/digital58.com.ve\\\/site\\\/wp-content\\\/uploads\\\/2020\\\/05\\\/Conferencia-Episcopal-Venezolana.jpg\",\"datePublished\":\"2020-12-01T01:24:47+00:00\",\"description\":\"Venezuela\",\"breadcrumb\":{\"@id\":\"https:\\\/\\\/digital58.com.ve\\\/site\\\/2020\\\/11\\\/30\\\/conferencia-episcopal-venezolana-reitera-que-los-comicios-agravaran-la-crisis\\\/#breadcrumb\"},\"inLanguage\":\"es\",\"potentialAction\":[{\"@type\":\"ReadAction\",\"target\":[\"https:\\\/\\\/digital58.com.ve\\\/site\\\/2020\\\/11\\\/30\\\/conferencia-episcopal-venezolana-reitera-que-los-comicios-agravaran-la-crisis\\\/\"]}]},{\"@type\":\"ImageObject\",\"inLanguage\":\"es\",\"@id\":\"https:\\\/\\\/digital58.com.ve\\\/site\\\/2020\\\/11\\\/30\\\/conferencia-episcopal-venezolana-reitera-que-los-comicios-agravaran-la-crisis\\\/#primaryimage\",\"url\":\"https:\\\/\\\/digital58.com.ve\\\/site\\\/wp-content\\\/uploads\\\/2020\\\/05\\\/Conferencia-Episcopal-Venezolana.jpg\",\"contentUrl\":\"https:\\\/\\\/digital58.com.ve\\\/site\\\/wp-content\\\/uploads\\\/2020\\\/05\\\/Conferencia-Episcopal-Venezolana.jpg\",\"width\":800,\"height\":511},{\"@type\":\"BreadcrumbList\",\"@id\":\"https:\\\/\\\/digital58.com.ve\\\/site\\\/2020\\\/11\\\/30\\\/conferencia-episcopal-venezolana-reitera-que-los-comicios-agravaran-la-crisis\\\/#breadcrumb\",\"itemListElement\":[{\"@type\":\"ListItem\",\"position\":1,\"name\":\"Home\",\"item\":\"https:\\\/\\\/digital58.com.ve\\\/site\\\/\"},{\"@type\":\"ListItem\",\"position\":2,\"name\":\"Conferencia Episcopal Venezolana reitera que los comicios agravar\u00e1n la crisis\"}]},{\"@type\":\"WebSite\",\"@id\":\"https:\\\/\\\/digital58.com.ve\\\/site\\\/#website\",\"url\":\"https:\\\/\\\/digital58.com.ve\\\/site\\\/\",\"name\":\"Noticias Digital58\",\"description\":\"Portal de Noticias \u00a1Periodismo web de verdad! Lanzamiento web 22.11.2005 \\\/ Maracaibo, Venezuela\",\"publisher\":{\"@id\":\"https:\\\/\\\/digital58.com.ve\\\/site\\\/#\\\/schema\\\/person\\\/64d1c2e4d0d4fd1b849980c4331c2951\"},\"alternateName\":\"ND58\",\"potentialAction\":[{\"@type\":\"SearchAction\",\"target\":{\"@type\":\"EntryPoint\",\"urlTemplate\":\"https:\\\/\\\/digital58.com.ve\\\/site\\\/?s={search_term_string}\"},\"query-input\":{\"@type\":\"PropertyValueSpecification\",\"valueRequired\":true,\"valueName\":\"search_term_string\"}}],\"inLanguage\":\"es\"},{\"@type\":[\"Person\",\"Organization\"],\"@id\":\"https:\\\/\\\/digital58.com.ve\\\/site\\\/#\\\/schema\\\/person\\\/64d1c2e4d0d4fd1b849980c4331c2951\",\"name\":\"Villasmil Henry\",\"image\":{\"@type\":\"ImageObject\",\"inLanguage\":\"es\",\"@id\":\"https:\\\/\\\/secure.gravatar.com\\\/avatar\\\/bb0c4a2fcb7970138239f7e404ea75757b1b507b28b5ce4c53fbd62d797c5a7c?s=96&d=mm&r=g\",\"url\":\"https:\\\/\\\/secure.gravatar.com\\\/avatar\\\/bb0c4a2fcb7970138239f7e404ea75757b1b507b28b5ce4c53fbd62d797c5a7c?s=96&d=mm&r=g\",\"contentUrl\":\"https:\\\/\\\/secure.gravatar.com\\\/avatar\\\/bb0c4a2fcb7970138239f7e404ea75757b1b507b28b5ce4c53fbd62d797c5a7c?s=96&d=mm&r=g\",\"caption\":\"Villasmil Henry\"},\"logo\":{\"@id\":\"https:\\\/\\\/secure.gravatar.com\\\/avatar\\\/bb0c4a2fcb7970138239f7e404ea75757b1b507b28b5ce4c53fbd62d797c5a7c?s=96&d=mm&r=g\"},\"sameAs\":[\"http:\\\/\\\/www.henryvillasmil.com.ve\",\"https:\\\/\\\/www.instagram.com\\\/villasmilhfoto\\\/\",\"https:\\\/\\\/x.com\\\/https:\\\/\\\/twitter.com\\\/villasmilhfoto\"],\"url\":\"https:\\\/\\\/digital58.com.ve\\\/site\\\/author\\\/droopy_68\\\/\"}]}<\/script>\n<!-- \/ Yoast SEO plugin. -->","yoast_head_json":{"title":"Conferencia Episcopal Venezolana reitera que los comicios agravar\u00e1n la crisis","description":"Venezuela","robots":{"index":"index","follow":"follow","max-snippet":"max-snippet:-1","max-image-preview":"max-image-preview:large","max-video-preview":"max-video-preview:-1"},"canonical":"https:\/\/digital58.com.ve\/site\/2020\/11\/30\/conferencia-episcopal-venezolana-reitera-que-los-comicios-agravaran-la-crisis\/","og_locale":"es_ES","og_type":"article","og_title":"Conferencia Episcopal Venezolana reitera que los comicios agravar\u00e1n la crisis","og_description":"Venezuela","og_url":"https:\/\/digital58.com.ve\/site\/2020\/11\/30\/conferencia-episcopal-venezolana-reitera-que-los-comicios-agravaran-la-crisis\/","og_site_name":"Noticias Digital58","article_published_time":"2020-12-01T01:24:47+00:00","og_image":[{"width":1200,"height":766,"url":"https:\/\/digital58.com.ve\/site\/wp-content\/uploads\/2020\/05\/Conferencia-Episcopal-Venezolana.jpg","type":"image\/jpeg"}],"author":"Villasmil Henry","twitter_card":"summary_large_image","twitter_creator":"@https:\/\/twitter.com\/villasmilhfoto","twitter_site":"@villasmilhfoto","twitter_misc":{"Escrito por":"Villasmil Henry","Tiempo estimado de lectura":"3 minutos"},"schema":{"@context":"https:\/\/schema.org","@graph":[{"@type":"Article","@id":"https:\/\/digital58.com.ve\/site\/2020\/11\/30\/conferencia-episcopal-venezolana-reitera-que-los-comicios-agravaran-la-crisis\/#article","isPartOf":{"@id":"https:\/\/digital58.com.ve\/site\/2020\/11\/30\/conferencia-episcopal-venezolana-reitera-que-los-comicios-agravaran-la-crisis\/"},"author":{"name":"Villasmil Henry","@id":"https:\/\/digital58.com.ve\/site\/#\/schema\/person\/64d1c2e4d0d4fd1b849980c4331c2951"},"headline":"Conferencia Episcopal Venezolana reitera que los comicios agravar\u00e1n la crisis","datePublished":"2020-12-01T01:24:47+00:00","mainEntityOfPage":{"@id":"https:\/\/digital58.com.ve\/site\/2020\/11\/30\/conferencia-episcopal-venezolana-reitera-que-los-comicios-agravaran-la-crisis\/"},"wordCount":594,"commentCount":0,"publisher":{"@id":"https:\/\/digital58.com.ve\/site\/#\/schema\/person\/64d1c2e4d0d4fd1b849980c4331c2951"},"image":{"@id":"https:\/\/digital58.com.ve\/site\/2020\/11\/30\/conferencia-episcopal-venezolana-reitera-que-los-comicios-agravaran-la-crisis\/#primaryimage"},"thumbnailUrl":"https:\/\/digital58.com.ve\/site\/wp-content\/uploads\/2020\/05\/Conferencia-Episcopal-Venezolana.jpg","keywords":["Caracas","Conferencia Episcopal Venezolana","Elecciones Parlamentarias 2020","Iglesia Cat\u00f3lica","Nacionales","Venezuela"],"articleSection":["Venezuela"],"inLanguage":"es","potentialAction":[{"@type":"CommentAction","name":"Comment","target":["https:\/\/digital58.com.ve\/site\/2020\/11\/30\/conferencia-episcopal-venezolana-reitera-que-los-comicios-agravaran-la-crisis\/#respond"]}]},{"@type":"WebPage","@id":"https:\/\/digital58.com.ve\/site\/2020\/11\/30\/conferencia-episcopal-venezolana-reitera-que-los-comicios-agravaran-la-crisis\/","url":"https:\/\/digital58.com.ve\/site\/2020\/11\/30\/conferencia-episcopal-venezolana-reitera-que-los-comicios-agravaran-la-crisis\/","name":"Conferencia Episcopal Venezolana reitera que los comicios agravar\u00e1n la crisis","isPartOf":{"@id":"https:\/\/digital58.com.ve\/site\/#website"},"primaryImageOfPage":{"@id":"https:\/\/digital58.com.ve\/site\/2020\/11\/30\/conferencia-episcopal-venezolana-reitera-que-los-comicios-agravaran-la-crisis\/#primaryimage"},"image":{"@id":"https:\/\/digital58.com.ve\/site\/2020\/11\/30\/conferencia-episcopal-venezolana-reitera-que-los-comicios-agravaran-la-crisis\/#primaryimage"},"thumbnailUrl":"https:\/\/digital58.com.ve\/site\/wp-content\/uploads\/2020\/05\/Conferencia-Episcopal-Venezolana.jpg","datePublished":"2020-12-01T01:24:47+00:00","description":"Venezuela","breadcrumb":{"@id":"https:\/\/digital58.com.ve\/site\/2020\/11\/30\/conferencia-episcopal-venezolana-reitera-que-los-comicios-agravaran-la-crisis\/#breadcrumb"},"inLanguage":"es","potentialAction":[{"@type":"ReadAction","target":["https:\/\/digital58.com.ve\/site\/2020\/11\/30\/conferencia-episcopal-venezolana-reitera-que-los-comicios-agravaran-la-crisis\/"]}]},{"@type":"ImageObject","inLanguage":"es","@id":"https:\/\/digital58.com.ve\/site\/2020\/11\/30\/conferencia-episcopal-venezolana-reitera-que-los-comicios-agravaran-la-crisis\/#primaryimage","url":"https:\/\/digital58.com.ve\/site\/wp-content\/uploads\/2020\/05\/Conferencia-Episcopal-Venezolana.jpg","contentUrl":"https:\/\/digital58.com.ve\/site\/wp-content\/uploads\/2020\/05\/Conferencia-Episcopal-Venezolana.jpg","width":800,"height":511},{"@type":"BreadcrumbList","@id":"https:\/\/digital58.com.ve\/site\/2020\/11\/30\/conferencia-episcopal-venezolana-reitera-que-los-comicios-agravaran-la-crisis\/#breadcrumb","itemListElement":[{"@type":"ListItem","position":1,"name":"Home","item":"https:\/\/digital58.com.ve\/site\/"},{"@type":"ListItem","position":2,"name":"Conferencia Episcopal Venezolana reitera que los comicios agravar\u00e1n la crisis"}]},{"@type":"WebSite","@id":"https:\/\/digital58.com.ve\/site\/#website","url":"https:\/\/digital58.com.ve\/site\/","name":"Noticias Digital58","description":"Portal de Noticias \u00a1Periodismo web de verdad! Lanzamiento web 22.11.2005 \/ Maracaibo, Venezuela","publisher":{"@id":"https:\/\/digital58.com.ve\/site\/#\/schema\/person\/64d1c2e4d0d4fd1b849980c4331c2951"},"alternateName":"ND58","potentialAction":[{"@type":"SearchAction","target":{"@type":"EntryPoint","urlTemplate":"https:\/\/digital58.com.ve\/site\/?s={search_term_string}"},"query-input":{"@type":"PropertyValueSpecification","valueRequired":true,"valueName":"search_term_string"}}],"inLanguage":"es"},{"@type":["Person","Organization"],"@id":"https:\/\/digital58.com.ve\/site\/#\/schema\/person\/64d1c2e4d0d4fd1b849980c4331c2951","name":"Villasmil Henry","image":{"@type":"ImageObject","inLanguage":"es","@id":"https:\/\/secure.gravatar.com\/avatar\/bb0c4a2fcb7970138239f7e404ea75757b1b507b28b5ce4c53fbd62d797c5a7c?s=96&d=mm&r=g","url":"https:\/\/secure.gravatar.com\/avatar\/bb0c4a2fcb7970138239f7e404ea75757b1b507b28b5ce4c53fbd62d797c5a7c?s=96&d=mm&r=g","contentUrl":"https:\/\/secure.gravatar.com\/avatar\/bb0c4a2fcb7970138239f7e404ea75757b1b507b28b5ce4c53fbd62d797c5a7c?s=96&d=mm&r=g","caption":"Villasmil Henry"},"logo":{"@id":"https:\/\/secure.gravatar.com\/avatar\/bb0c4a2fcb7970138239f7e404ea75757b1b507b28b5ce4c53fbd62d797c5a7c?s=96&d=mm&r=g"},"sameAs":["http:\/\/www.henryvillasmil.com.ve","https:\/\/www.instagram.com\/villasmilhfoto\/","https:\/\/x.com\/https:\/\/twitter.com\/villasmilhfoto"],"url":"https:\/\/digital58.com.ve\/site\/author\/droopy_68\/"}]}},"uagb_featured_image_src":{"full":["https:\/\/digital58.com.ve\/site\/wp-content\/uploads\/2020\/05\/Conferencia-Episcopal-Venezolana.jpg",800,511,false],"thumbnail":["https:\/\/digital58.com.ve\/site\/wp-content\/uploads\/2020\/05\/Conferencia-Episcopal-Venezolana-150x150.jpg",150,150,true],"medium":["https:\/\/digital58.com.ve\/site\/wp-content\/uploads\/2020\/05\/Conferencia-Episcopal-Venezolana-300x192.jpg",300,192,true],"medium_large":["https:\/\/digital58.com.ve\/site\/wp-content\/uploads\/2020\/05\/Conferencia-Episcopal-Venezolana-768x490.jpg",768,490,true],"large":["https:\/\/digital58.com.ve\/site\/wp-content\/uploads\/2020\/05\/Conferencia-Episcopal-Venezolana.jpg",800,511,false],"1536x1536":["https:\/\/digital58.com.ve\/site\/wp-content\/uploads\/2020\/05\/Conferencia-Episcopal-Venezolana.jpg",800,511,false],"2048x2048":["https:\/\/digital58.com.ve\/site\/wp-content\/uploads\/2020\/05\/Conferencia-Episcopal-Venezolana.jpg",800,511,false],"colormag-highlighted-post":["https:\/\/digital58.com.ve\/site\/wp-content\/uploads\/2020\/05\/Conferencia-Episcopal-Venezolana.jpg",392,250,false],"colormag-featured-post-medium":["https:\/\/digital58.com.ve\/site\/wp-content\/uploads\/2020\/05\/Conferencia-Episcopal-Venezolana.jpg",321,205,false],"colormag-featured-post-small":["https:\/\/digital58.com.ve\/site\/wp-content\/uploads\/2020\/05\/Conferencia-Episcopal-Venezolana.jpg",130,83,false],"colormag-featured-image":["https:\/\/digital58.com.ve\/site\/wp-content\/uploads\/2020\/05\/Conferencia-Episcopal-Venezolana.jpg",697,445,false],"colormag-default-news":["https:\/\/digital58.com.ve\/site\/wp-content\/uploads\/2020\/05\/Conferencia-Episcopal-Venezolana.jpg",150,96,false],"colormag-featured-image-large":["https:\/\/digital58.com.ve\/site\/wp-content\/uploads\/2020\/05\/Conferencia-Episcopal-Venezolana.jpg",800,511,false]},"uagb_author_info":{"display_name":"Villasmil Henry","author_link":"https:\/\/digital58.com.ve\/site\/author\/droopy_68\/"},"uagb_comment_info":0,"uagb_excerpt":"La Conferencia Episcopal Venezolana (CEV) reiter\u00f3 este lunes que las elecciones legislativas, que se celebrar\u00e1n el pr\u00f3ximo domingo y que","_links":{"self":[{"href":"https:\/\/digital58.com.ve\/site\/wp-json\/wp\/v2\/posts\/133567","targetHints":{"allow":["GET"]}}],"collection":[{"href":"https:\/\/digital58.com.ve\/site\/wp-json\/wp\/v2\/posts"}],"about":[{"href":"https:\/\/digital58.com.ve\/site\/wp-json\/wp\/v2\/types\/post"}],"author":[{"embeddable":true,"href":"https:\/\/digital58.com.ve\/site\/wp-json\/wp\/v2\/users\/1"}],"replies":[{"embeddable":true,"href":"https:\/\/digital58.com.ve\/site\/wp-json\/wp\/v2\/comments?post=133567"}],"version-history":[{"count":0,"href":"https:\/\/digital58.com.ve\/site\/wp-json\/wp\/v2\/posts\/133567\/revisions"}],"wp:featuredmedia":[{"embeddable":true,"href":"https:\/\/digital58.com.ve\/site\/wp-json\/wp\/v2\/media\/103062"}],"wp:attachment":[{"href":"https:\/\/digital58.com.ve\/site\/wp-json\/wp\/v2\/media?parent=133567"}],"wp:term":[{"taxonomy":"category","embeddable":true,"href":"https:\/\/digital58.com.ve\/site\/wp-json\/wp\/v2\/categories?post=133567"},{"taxonomy":"post_tag","embeddable":true,"href":"https:\/\/digital58.com.ve\/site\/wp-json\/wp\/v2\/tags?post=133567"}],"curies":[{"name":"wp","href":"https:\/\/api.w.org\/{rel}","templated":true}]}}