{"id":133901,"date":"2020-12-06T19:37:32","date_gmt":"2020-12-06T23:37:32","guid":{"rendered":"https:\/\/digital58.com.ve\/site\/?p=133901"},"modified":"2020-12-06T19:37:32","modified_gmt":"2020-12-06T23:37:32","slug":"rodriguez-zapatero-pide-a-la-ue-que-reflexione-sobre-su-postura-con-venezuela","status":"publish","type":"post","link":"https:\/\/digital58.com.ve\/site\/2020\/12\/06\/rodriguez-zapatero-pide-a-la-ue-que-reflexione-sobre-su-postura-con-venezuela\/","title":{"rendered":"Rodr\u00edguez Zapatero pide a la UE que reflexione sobre su postura con Venezuela"},"content":{"rendered":"<p><a href=\"https:\/\/digital58.com.ve\/site\/wp-content\/uploads\/2020\/12\/zapatero-maduro.jpg\"><img loading=\"lazy\" decoding=\"async\" class=\"aligncenter size-full wp-image-133902\" src=\"https:\/\/digital58.com.ve\/site\/wp-content\/uploads\/2020\/12\/zapatero-maduro.jpg\" alt=\"\" width=\"900\" height=\"505\" srcset=\"https:\/\/digital58.com.ve\/site\/wp-content\/uploads\/2020\/12\/zapatero-maduro.jpg 800w, https:\/\/digital58.com.ve\/site\/wp-content\/uploads\/2020\/12\/zapatero-maduro-300x168.jpg 300w, https:\/\/digital58.com.ve\/site\/wp-content\/uploads\/2020\/12\/zapatero-maduro-768x431.jpg 768w\" sizes=\"auto, (max-width: 900px) 100vw, 900px\" \/><\/a><\/p>\n<p>Los comicios no ser\u00e1n reconocidos por la UE ni por la Organizaci\u00f3n de Estados Americanos (OEA) por considerar que est\u00e1n dadas las condiciones para ser vistos como un proceso democr\u00e1tico.<\/p>\n<p><strong>Caracas, DC, Venezuela, 06 de diciembre de 2020 (ND58).-<\/strong> El expresidente del Gobierno de Espa\u00f1a Jos\u00e9 Luis Rodr\u00edguez Zapatero, quien se encuentra en Caracas, pidi\u00f3 este domingo a la Uni\u00f3n Europea (UE) que reflexione sobre su postura respecto a Venezuela despu\u00e9s de las elecciones legislativas que se est\u00e1n celebrando esta jornada y en las que \u00e9l participa como observador internacional invitado.<\/p>\n<p>\u00abDeseo que la UE haga una reflexi\u00f3n despu\u00e9s de estas elecciones, que eval\u00fae lo que ha dado de s\u00ed la pol\u00edtica de sanciones (contra Venezuela)\u00bb, dijo el exmandatario socialista, durante una comparecencia en el televisi\u00f3n estatal venezolana.<\/p>\n<p>Consider\u00f3, adem\u00e1s, que a partir de este lunes, \u00abdebe haber una reflexi\u00f3n a fondo\u00bb por parte de quienes han apoyado la pol\u00edtica del presidente estadounidense, Donald Trump, respecto a Venezuela porque, a su juicio, esa estrategia \u00abya no existe\u00bb, en vista del inminente final de la Administraci\u00f3n republicana en la Casa Blanca.<\/p>\n<p>\u00abTodo el mundo puede entender mi discrepancia radical con la estrategia de la Administraci\u00f3n Trump hacia Venezuela. Era una estrategia que part\u00eda de errores graves de informaci\u00f3n, que tom\u00f3 medidas injustas y que ha fracasado en los resultados\u00bb, sostuvo.<\/p>\n<p>Por ello, continu\u00f3, espera que despu\u00e9s de \u00abla derrota clamorosa\u00bb de Trump y, con esta, \u00abde toda la estrategia que hab\u00eda hacia Venezuela\u00bb se abra un nuevo camino en el pa\u00eds suramericano en el que se impongan el di\u00e1logo y la concordia.<\/p>\n<p>El expresidente reiter\u00f3 su satisfacci\u00f3n por el desarrollo de las votaciones legislativas en el pa\u00eds, en las que no participa la oposici\u00f3n mayoritaria que lidera Juan Guaid\u00f3 y que controla actualmente la Asamblea Nacional (AN, Parlamento) al considerarlas fraudulentas.<\/p>\n<p>\u00abS\u00e9 que en este proceso electoral hay partidos de oposici\u00f3n, m\u00e1s de 10, que han decidido concurrir a estas elecciones (&#8230;) tambi\u00e9n hay partidos de oposici\u00f3n, l\u00edderes de oposici\u00f3n, que han decidido no concurrir en las elecciones\u00bb, explic\u00f3 tras insistir en que los comicios gozan de pluralidad.<\/p>\n<p>Rodr\u00edguez Zapatero llam\u00f3 a la reflexi\u00f3n a los abstencionistas y los inst\u00f3 a incorporarse en venideros comicios, toda vez que manifest\u00f3 su respeto por quienes decidieron no participar.<\/p>\n<p>\u00abRespeto a quien no decidi\u00f3 participar, no entiendo a quienes juzgan el sistema sin conocerlo o sin estar aqu\u00ed y no le dan validez\u00bb, prosigui\u00f3.<\/p>\n<p>Pese a que los grandes nombres de la oposici\u00f3n no acudir\u00e1n a las elecciones, s\u00ed lo har\u00e1n algunos de sus partidos, intervenidos por el Tribunal Supremo de Justicia (TSJ).<\/p>\n<p>Tras la intervenci\u00f3n, el Supremo nombr\u00f3 como l\u00edderes de los partidos a antiguos militantes expulsados de las organizaciones y acusados de corrupci\u00f3n por sus excompa\u00f1eros, dejando de lado a aquellos pol\u00edticos que los encabezaban hasta ese momento.<\/p><div class=\"ciswr69f247941f70f\" ><p style=\"text-align: center;\"><a href=\"https:\/\/t.me\/noticiasdigital58\" target=\"_blank\" rel=\"noopener\"><img class=\"aligncenter size-full wp-image-125363\" src=\"https:\/\/digital58.com.ve\/site\/wp-content\/uploads\/2021\/04\/banner-telegram-web-2021.png\" alt=\"\" width=\"600\" height=\"90\" \/><\/a><\/p><\/div><style type=\"text\/css\">\r\n@media screen and (min-width: 1201px) {\r\n.ciswr69f247941f70f {\r\ndisplay: block;\r\n}\r\n}\r\n@media screen and (min-width: 993px) and (max-width: 1200px) {\r\n.ciswr69f247941f70f {\r\ndisplay: block;\r\n}\r\n}\r\n@media screen and (min-width: 769px) and (max-width: 992px) {\r\n.ciswr69f247941f70f {\r\ndisplay: block;\r\n}\r\n}\r\n@media screen and (min-width: 768px) and (max-width: 768px) {\r\n.ciswr69f247941f70f {\r\ndisplay: block;\r\n}\r\n}\r\n@media screen and (max-width: 767px) {\r\n.ciswr69f247941f70f {\r\ndisplay: block;\r\n}\r\n}\r\n<\/style>\r\n\n<p><strong>Redacci\u00f3n ND58 | Fuente: EFE<\/strong><br \/>\n<strong>Edici\u00f3n: Villasmil, Henry<\/strong><br \/>\n<strong>Gr\u00e1fica: Cortes\u00eda<\/strong><\/p>\n<div style=\"margin-top: 0px; margin-bottom: 0px;\" class=\"sharethis-inline-share-buttons\" ><\/div>","protected":false},"excerpt":{"rendered":"<p>Los comicios no ser\u00e1n reconocidos por la UE ni por la Organizaci\u00f3n de Estados Americanos (OEA) por considerar que est\u00e1n<\/p>\n","protected":false},"author":1,"featured_media":133902,"comment_status":"open","ping_status":"closed","sticky":false,"template":"","format":"standard","meta":{"colormag_page_container_layout":"default_layout","colormag_page_sidebar_layout":"default_layout","_uag_custom_page_level_css":"","footnotes":""},"categories":[16454],"tags":[29,16503,22772,16412,233,11950,16615,32],"class_list":["post-133901","post","type-post","status-publish","format-standard","has-post-thumbnail","hentry","category-venezuela","tag-caracas","tag-elecciones-parlamentarias-2020","tag-expresidente-de-espana","tag-jose-luis-rodriguez-zapatero","tag-nacionales","tag-oea","tag-ue","tag-venezuela"],"yoast_head":"<!-- This site is optimized with the Yoast SEO plugin v27.5 - https:\/\/yoast.com\/product\/yoast-seo-wordpress\/ -->\n<title>Rodr\u00edguez Zapatero pide a la UE que reflexione sobre su postura con Venezuela<\/title>\n<meta name=\"description\" content=\"Venezuela\" \/>\n<meta name=\"robots\" content=\"index, follow, max-snippet:-1, max-image-preview:large, max-video-preview:-1\" \/>\n<link rel=\"canonical\" href=\"https:\/\/digital58.com.ve\/site\/2020\/12\/06\/rodriguez-zapatero-pide-a-la-ue-que-reflexione-sobre-su-postura-con-venezuela\/\" \/>\n<meta property=\"og:locale\" content=\"es_ES\" \/>\n<meta property=\"og:type\" content=\"article\" \/>\n<meta property=\"og:title\" content=\"Rodr\u00edguez Zapatero pide a la UE que reflexione sobre su postura con Venezuela\" \/>\n<meta property=\"og:description\" content=\"Venezuela\" \/>\n<meta property=\"og:url\" content=\"https:\/\/digital58.com.ve\/site\/2020\/12\/06\/rodriguez-zapatero-pide-a-la-ue-que-reflexione-sobre-su-postura-con-venezuela\/\" \/>\n<meta property=\"og:site_name\" content=\"Noticias Digital58\" \/>\n<meta property=\"article:published_time\" content=\"2020-12-06T23:37:32+00:00\" \/>\n<meta property=\"og:image\" content=\"https:\/\/digital58.com.ve\/site\/wp-content\/uploads\/2020\/12\/zapatero-maduro.jpg\" \/>\n\t<meta property=\"og:image:width\" content=\"900\" \/>\n\t<meta property=\"og:image:height\" content=\"505\" \/>\n\t<meta property=\"og:image:type\" content=\"image\/jpeg\" \/>\n<meta name=\"author\" content=\"Villasmil Henry\" \/>\n<meta name=\"twitter:card\" content=\"summary_large_image\" \/>\n<meta name=\"twitter:creator\" content=\"@https:\/\/twitter.com\/villasmilhfoto\" \/>\n<meta name=\"twitter:site\" content=\"@villasmilhfoto\" \/>\n<meta name=\"twitter:label1\" content=\"Escrito por\" \/>\n\t<meta name=\"twitter:data1\" content=\"Villasmil Henry\" \/>\n\t<meta name=\"twitter:label2\" content=\"Tiempo estimado de lectura\" \/>\n\t<meta name=\"twitter:data2\" content=\"3 minutos\" \/>\n<script type=\"application\/ld+json\" class=\"yoast-schema-graph\">{\"@context\":\"https:\\\/\\\/schema.org\",\"@graph\":[{\"@type\":\"Article\",\"@id\":\"https:\\\/\\\/digital58.com.ve\\\/site\\\/2020\\\/12\\\/06\\\/rodriguez-zapatero-pide-a-la-ue-que-reflexione-sobre-su-postura-con-venezuela\\\/#article\",\"isPartOf\":{\"@id\":\"https:\\\/\\\/digital58.com.ve\\\/site\\\/2020\\\/12\\\/06\\\/rodriguez-zapatero-pide-a-la-ue-que-reflexione-sobre-su-postura-con-venezuela\\\/\"},\"author\":{\"name\":\"Villasmil Henry\",\"@id\":\"https:\\\/\\\/digital58.com.ve\\\/site\\\/#\\\/schema\\\/person\\\/64d1c2e4d0d4fd1b849980c4331c2951\"},\"headline\":\"Rodr\u00edguez Zapatero pide a la UE que reflexione sobre su postura con Venezuela\",\"datePublished\":\"2020-12-06T23:37:32+00:00\",\"mainEntityOfPage\":{\"@id\":\"https:\\\/\\\/digital58.com.ve\\\/site\\\/2020\\\/12\\\/06\\\/rodriguez-zapatero-pide-a-la-ue-que-reflexione-sobre-su-postura-con-venezuela\\\/\"},\"wordCount\":534,\"commentCount\":0,\"publisher\":{\"@id\":\"https:\\\/\\\/digital58.com.ve\\\/site\\\/#\\\/schema\\\/person\\\/64d1c2e4d0d4fd1b849980c4331c2951\"},\"image\":{\"@id\":\"https:\\\/\\\/digital58.com.ve\\\/site\\\/2020\\\/12\\\/06\\\/rodriguez-zapatero-pide-a-la-ue-que-reflexione-sobre-su-postura-con-venezuela\\\/#primaryimage\"},\"thumbnailUrl\":\"https:\\\/\\\/digital58.com.ve\\\/site\\\/wp-content\\\/uploads\\\/2020\\\/12\\\/zapatero-maduro.jpg\",\"keywords\":[\"Caracas\",\"Elecciones Parlamentarias 2020\",\"Expresidente de Espa\u00f1a\",\"Jos\u00e9 Luis Rodr\u00edguez Zapatero\",\"Nacionales\",\"OEA\",\"UE\",\"Venezuela\"],\"articleSection\":[\"Venezuela\"],\"inLanguage\":\"es\",\"potentialAction\":[{\"@type\":\"CommentAction\",\"name\":\"Comment\",\"target\":[\"https:\\\/\\\/digital58.com.ve\\\/site\\\/2020\\\/12\\\/06\\\/rodriguez-zapatero-pide-a-la-ue-que-reflexione-sobre-su-postura-con-venezuela\\\/#respond\"]}]},{\"@type\":\"WebPage\",\"@id\":\"https:\\\/\\\/digital58.com.ve\\\/site\\\/2020\\\/12\\\/06\\\/rodriguez-zapatero-pide-a-la-ue-que-reflexione-sobre-su-postura-con-venezuela\\\/\",\"url\":\"https:\\\/\\\/digital58.com.ve\\\/site\\\/2020\\\/12\\\/06\\\/rodriguez-zapatero-pide-a-la-ue-que-reflexione-sobre-su-postura-con-venezuela\\\/\",\"name\":\"Rodr\u00edguez Zapatero pide a la UE que reflexione sobre su postura con Venezuela\",\"isPartOf\":{\"@id\":\"https:\\\/\\\/digital58.com.ve\\\/site\\\/#website\"},\"primaryImageOfPage\":{\"@id\":\"https:\\\/\\\/digital58.com.ve\\\/site\\\/2020\\\/12\\\/06\\\/rodriguez-zapatero-pide-a-la-ue-que-reflexione-sobre-su-postura-con-venezuela\\\/#primaryimage\"},\"image\":{\"@id\":\"https:\\\/\\\/digital58.com.ve\\\/site\\\/2020\\\/12\\\/06\\\/rodriguez-zapatero-pide-a-la-ue-que-reflexione-sobre-su-postura-con-venezuela\\\/#primaryimage\"},\"thumbnailUrl\":\"https:\\\/\\\/digital58.com.ve\\\/site\\\/wp-content\\\/uploads\\\/2020\\\/12\\\/zapatero-maduro.jpg\",\"datePublished\":\"2020-12-06T23:37:32+00:00\",\"description\":\"Venezuela\",\"breadcrumb\":{\"@id\":\"https:\\\/\\\/digital58.com.ve\\\/site\\\/2020\\\/12\\\/06\\\/rodriguez-zapatero-pide-a-la-ue-que-reflexione-sobre-su-postura-con-venezuela\\\/#breadcrumb\"},\"inLanguage\":\"es\",\"potentialAction\":[{\"@type\":\"ReadAction\",\"target\":[\"https:\\\/\\\/digital58.com.ve\\\/site\\\/2020\\\/12\\\/06\\\/rodriguez-zapatero-pide-a-la-ue-que-reflexione-sobre-su-postura-con-venezuela\\\/\"]}]},{\"@type\":\"ImageObject\",\"inLanguage\":\"es\",\"@id\":\"https:\\\/\\\/digital58.com.ve\\\/site\\\/2020\\\/12\\\/06\\\/rodriguez-zapatero-pide-a-la-ue-que-reflexione-sobre-su-postura-con-venezuela\\\/#primaryimage\",\"url\":\"https:\\\/\\\/digital58.com.ve\\\/site\\\/wp-content\\\/uploads\\\/2020\\\/12\\\/zapatero-maduro.jpg\",\"contentUrl\":\"https:\\\/\\\/digital58.com.ve\\\/site\\\/wp-content\\\/uploads\\\/2020\\\/12\\\/zapatero-maduro.jpg\",\"width\":800,\"height\":449},{\"@type\":\"BreadcrumbList\",\"@id\":\"https:\\\/\\\/digital58.com.ve\\\/site\\\/2020\\\/12\\\/06\\\/rodriguez-zapatero-pide-a-la-ue-que-reflexione-sobre-su-postura-con-venezuela\\\/#breadcrumb\",\"itemListElement\":[{\"@type\":\"ListItem\",\"position\":1,\"name\":\"Home\",\"item\":\"https:\\\/\\\/digital58.com.ve\\\/site\\\/\"},{\"@type\":\"ListItem\",\"position\":2,\"name\":\"Rodr\u00edguez Zapatero pide a la UE que reflexione sobre su postura con Venezuela\"}]},{\"@type\":\"WebSite\",\"@id\":\"https:\\\/\\\/digital58.com.ve\\\/site\\\/#website\",\"url\":\"https:\\\/\\\/digital58.com.ve\\\/site\\\/\",\"name\":\"Noticias Digital58\",\"description\":\"Portal de Noticias \u00a1Periodismo web de verdad! Lanzamiento web 22.11.2005 \\\/ Maracaibo, Venezuela\",\"publisher\":{\"@id\":\"https:\\\/\\\/digital58.com.ve\\\/site\\\/#\\\/schema\\\/person\\\/64d1c2e4d0d4fd1b849980c4331c2951\"},\"alternateName\":\"ND58\",\"potentialAction\":[{\"@type\":\"SearchAction\",\"target\":{\"@type\":\"EntryPoint\",\"urlTemplate\":\"https:\\\/\\\/digital58.com.ve\\\/site\\\/?s={search_term_string}\"},\"query-input\":{\"@type\":\"PropertyValueSpecification\",\"valueRequired\":true,\"valueName\":\"search_term_string\"}}],\"inLanguage\":\"es\"},{\"@type\":[\"Person\",\"Organization\"],\"@id\":\"https:\\\/\\\/digital58.com.ve\\\/site\\\/#\\\/schema\\\/person\\\/64d1c2e4d0d4fd1b849980c4331c2951\",\"name\":\"Villasmil Henry\",\"image\":{\"@type\":\"ImageObject\",\"inLanguage\":\"es\",\"@id\":\"https:\\\/\\\/secure.gravatar.com\\\/avatar\\\/bb0c4a2fcb7970138239f7e404ea75757b1b507b28b5ce4c53fbd62d797c5a7c?s=96&d=mm&r=g\",\"url\":\"https:\\\/\\\/secure.gravatar.com\\\/avatar\\\/bb0c4a2fcb7970138239f7e404ea75757b1b507b28b5ce4c53fbd62d797c5a7c?s=96&d=mm&r=g\",\"contentUrl\":\"https:\\\/\\\/secure.gravatar.com\\\/avatar\\\/bb0c4a2fcb7970138239f7e404ea75757b1b507b28b5ce4c53fbd62d797c5a7c?s=96&d=mm&r=g\",\"caption\":\"Villasmil Henry\"},\"logo\":{\"@id\":\"https:\\\/\\\/secure.gravatar.com\\\/avatar\\\/bb0c4a2fcb7970138239f7e404ea75757b1b507b28b5ce4c53fbd62d797c5a7c?s=96&d=mm&r=g\"},\"sameAs\":[\"http:\\\/\\\/www.henryvillasmil.com.ve\",\"https:\\\/\\\/www.instagram.com\\\/villasmilhfoto\\\/\",\"https:\\\/\\\/x.com\\\/https:\\\/\\\/twitter.com\\\/villasmilhfoto\"],\"url\":\"https:\\\/\\\/digital58.com.ve\\\/site\\\/author\\\/droopy_68\\\/\"}]}<\/script>\n<!-- \/ Yoast SEO plugin. -->","yoast_head_json":{"title":"Rodr\u00edguez Zapatero pide a la UE que reflexione sobre su postura con Venezuela","description":"Venezuela","robots":{"index":"index","follow":"follow","max-snippet":"max-snippet:-1","max-image-preview":"max-image-preview:large","max-video-preview":"max-video-preview:-1"},"canonical":"https:\/\/digital58.com.ve\/site\/2020\/12\/06\/rodriguez-zapatero-pide-a-la-ue-que-reflexione-sobre-su-postura-con-venezuela\/","og_locale":"es_ES","og_type":"article","og_title":"Rodr\u00edguez Zapatero pide a la UE que reflexione sobre su postura con Venezuela","og_description":"Venezuela","og_url":"https:\/\/digital58.com.ve\/site\/2020\/12\/06\/rodriguez-zapatero-pide-a-la-ue-que-reflexione-sobre-su-postura-con-venezuela\/","og_site_name":"Noticias Digital58","article_published_time":"2020-12-06T23:37:32+00:00","og_image":[{"width":900,"height":505,"url":"https:\/\/digital58.com.ve\/site\/wp-content\/uploads\/2020\/12\/zapatero-maduro.jpg","type":"image\/jpeg"}],"author":"Villasmil Henry","twitter_card":"summary_large_image","twitter_creator":"@https:\/\/twitter.com\/villasmilhfoto","twitter_site":"@villasmilhfoto","twitter_misc":{"Escrito por":"Villasmil Henry","Tiempo estimado de lectura":"3 minutos"},"schema":{"@context":"https:\/\/schema.org","@graph":[{"@type":"Article","@id":"https:\/\/digital58.com.ve\/site\/2020\/12\/06\/rodriguez-zapatero-pide-a-la-ue-que-reflexione-sobre-su-postura-con-venezuela\/#article","isPartOf":{"@id":"https:\/\/digital58.com.ve\/site\/2020\/12\/06\/rodriguez-zapatero-pide-a-la-ue-que-reflexione-sobre-su-postura-con-venezuela\/"},"author":{"name":"Villasmil Henry","@id":"https:\/\/digital58.com.ve\/site\/#\/schema\/person\/64d1c2e4d0d4fd1b849980c4331c2951"},"headline":"Rodr\u00edguez Zapatero pide a la UE que reflexione sobre su postura con Venezuela","datePublished":"2020-12-06T23:37:32+00:00","mainEntityOfPage":{"@id":"https:\/\/digital58.com.ve\/site\/2020\/12\/06\/rodriguez-zapatero-pide-a-la-ue-que-reflexione-sobre-su-postura-con-venezuela\/"},"wordCount":534,"commentCount":0,"publisher":{"@id":"https:\/\/digital58.com.ve\/site\/#\/schema\/person\/64d1c2e4d0d4fd1b849980c4331c2951"},"image":{"@id":"https:\/\/digital58.com.ve\/site\/2020\/12\/06\/rodriguez-zapatero-pide-a-la-ue-que-reflexione-sobre-su-postura-con-venezuela\/#primaryimage"},"thumbnailUrl":"https:\/\/digital58.com.ve\/site\/wp-content\/uploads\/2020\/12\/zapatero-maduro.jpg","keywords":["Caracas","Elecciones Parlamentarias 2020","Expresidente de Espa\u00f1a","Jos\u00e9 Luis Rodr\u00edguez Zapatero","Nacionales","OEA","UE","Venezuela"],"articleSection":["Venezuela"],"inLanguage":"es","potentialAction":[{"@type":"CommentAction","name":"Comment","target":["https:\/\/digital58.com.ve\/site\/2020\/12\/06\/rodriguez-zapatero-pide-a-la-ue-que-reflexione-sobre-su-postura-con-venezuela\/#respond"]}]},{"@type":"WebPage","@id":"https:\/\/digital58.com.ve\/site\/2020\/12\/06\/rodriguez-zapatero-pide-a-la-ue-que-reflexione-sobre-su-postura-con-venezuela\/","url":"https:\/\/digital58.com.ve\/site\/2020\/12\/06\/rodriguez-zapatero-pide-a-la-ue-que-reflexione-sobre-su-postura-con-venezuela\/","name":"Rodr\u00edguez Zapatero pide a la UE que reflexione sobre su postura con Venezuela","isPartOf":{"@id":"https:\/\/digital58.com.ve\/site\/#website"},"primaryImageOfPage":{"@id":"https:\/\/digital58.com.ve\/site\/2020\/12\/06\/rodriguez-zapatero-pide-a-la-ue-que-reflexione-sobre-su-postura-con-venezuela\/#primaryimage"},"image":{"@id":"https:\/\/digital58.com.ve\/site\/2020\/12\/06\/rodriguez-zapatero-pide-a-la-ue-que-reflexione-sobre-su-postura-con-venezuela\/#primaryimage"},"thumbnailUrl":"https:\/\/digital58.com.ve\/site\/wp-content\/uploads\/2020\/12\/zapatero-maduro.jpg","datePublished":"2020-12-06T23:37:32+00:00","description":"Venezuela","breadcrumb":{"@id":"https:\/\/digital58.com.ve\/site\/2020\/12\/06\/rodriguez-zapatero-pide-a-la-ue-que-reflexione-sobre-su-postura-con-venezuela\/#breadcrumb"},"inLanguage":"es","potentialAction":[{"@type":"ReadAction","target":["https:\/\/digital58.com.ve\/site\/2020\/12\/06\/rodriguez-zapatero-pide-a-la-ue-que-reflexione-sobre-su-postura-con-venezuela\/"]}]},{"@type":"ImageObject","inLanguage":"es","@id":"https:\/\/digital58.com.ve\/site\/2020\/12\/06\/rodriguez-zapatero-pide-a-la-ue-que-reflexione-sobre-su-postura-con-venezuela\/#primaryimage","url":"https:\/\/digital58.com.ve\/site\/wp-content\/uploads\/2020\/12\/zapatero-maduro.jpg","contentUrl":"https:\/\/digital58.com.ve\/site\/wp-content\/uploads\/2020\/12\/zapatero-maduro.jpg","width":800,"height":449},{"@type":"BreadcrumbList","@id":"https:\/\/digital58.com.ve\/site\/2020\/12\/06\/rodriguez-zapatero-pide-a-la-ue-que-reflexione-sobre-su-postura-con-venezuela\/#breadcrumb","itemListElement":[{"@type":"ListItem","position":1,"name":"Home","item":"https:\/\/digital58.com.ve\/site\/"},{"@type":"ListItem","position":2,"name":"Rodr\u00edguez Zapatero pide a la UE que reflexione sobre su postura con Venezuela"}]},{"@type":"WebSite","@id":"https:\/\/digital58.com.ve\/site\/#website","url":"https:\/\/digital58.com.ve\/site\/","name":"Noticias Digital58","description":"Portal de Noticias \u00a1Periodismo web de verdad! Lanzamiento web 22.11.2005 \/ Maracaibo, Venezuela","publisher":{"@id":"https:\/\/digital58.com.ve\/site\/#\/schema\/person\/64d1c2e4d0d4fd1b849980c4331c2951"},"alternateName":"ND58","potentialAction":[{"@type":"SearchAction","target":{"@type":"EntryPoint","urlTemplate":"https:\/\/digital58.com.ve\/site\/?s={search_term_string}"},"query-input":{"@type":"PropertyValueSpecification","valueRequired":true,"valueName":"search_term_string"}}],"inLanguage":"es"},{"@type":["Person","Organization"],"@id":"https:\/\/digital58.com.ve\/site\/#\/schema\/person\/64d1c2e4d0d4fd1b849980c4331c2951","name":"Villasmil Henry","image":{"@type":"ImageObject","inLanguage":"es","@id":"https:\/\/secure.gravatar.com\/avatar\/bb0c4a2fcb7970138239f7e404ea75757b1b507b28b5ce4c53fbd62d797c5a7c?s=96&d=mm&r=g","url":"https:\/\/secure.gravatar.com\/avatar\/bb0c4a2fcb7970138239f7e404ea75757b1b507b28b5ce4c53fbd62d797c5a7c?s=96&d=mm&r=g","contentUrl":"https:\/\/secure.gravatar.com\/avatar\/bb0c4a2fcb7970138239f7e404ea75757b1b507b28b5ce4c53fbd62d797c5a7c?s=96&d=mm&r=g","caption":"Villasmil Henry"},"logo":{"@id":"https:\/\/secure.gravatar.com\/avatar\/bb0c4a2fcb7970138239f7e404ea75757b1b507b28b5ce4c53fbd62d797c5a7c?s=96&d=mm&r=g"},"sameAs":["http:\/\/www.henryvillasmil.com.ve","https:\/\/www.instagram.com\/villasmilhfoto\/","https:\/\/x.com\/https:\/\/twitter.com\/villasmilhfoto"],"url":"https:\/\/digital58.com.ve\/site\/author\/droopy_68\/"}]}},"uagb_featured_image_src":{"full":["https:\/\/digital58.com.ve\/site\/wp-content\/uploads\/2020\/12\/zapatero-maduro.jpg",800,449,false],"thumbnail":["https:\/\/digital58.com.ve\/site\/wp-content\/uploads\/2020\/12\/zapatero-maduro-150x150.jpg",150,150,true],"medium":["https:\/\/digital58.com.ve\/site\/wp-content\/uploads\/2020\/12\/zapatero-maduro-300x168.jpg",300,168,true],"medium_large":["https:\/\/digital58.com.ve\/site\/wp-content\/uploads\/2020\/12\/zapatero-maduro-768x431.jpg",768,431,true],"large":["https:\/\/digital58.com.ve\/site\/wp-content\/uploads\/2020\/12\/zapatero-maduro.jpg",800,449,false],"1536x1536":["https:\/\/digital58.com.ve\/site\/wp-content\/uploads\/2020\/12\/zapatero-maduro.jpg",800,449,false],"2048x2048":["https:\/\/digital58.com.ve\/site\/wp-content\/uploads\/2020\/12\/zapatero-maduro.jpg",800,449,false],"colormag-highlighted-post":["https:\/\/digital58.com.ve\/site\/wp-content\/uploads\/2020\/12\/zapatero-maduro.jpg",392,220,false],"colormag-featured-post-medium":["https:\/\/digital58.com.ve\/site\/wp-content\/uploads\/2020\/12\/zapatero-maduro.jpg",365,205,false],"colormag-featured-post-small":["https:\/\/digital58.com.ve\/site\/wp-content\/uploads\/2020\/12\/zapatero-maduro.jpg",130,73,false],"colormag-featured-image":["https:\/\/digital58.com.ve\/site\/wp-content\/uploads\/2020\/12\/zapatero-maduro.jpg",793,445,false],"colormag-default-news":["https:\/\/digital58.com.ve\/site\/wp-content\/uploads\/2020\/12\/zapatero-maduro.jpg",150,84,false],"colormag-featured-image-large":["https:\/\/digital58.com.ve\/site\/wp-content\/uploads\/2020\/12\/zapatero-maduro.jpg",800,449,false]},"uagb_author_info":{"display_name":"Villasmil Henry","author_link":"https:\/\/digital58.com.ve\/site\/author\/droopy_68\/"},"uagb_comment_info":0,"uagb_excerpt":"Los comicios no ser\u00e1n reconocidos por la UE ni por la Organizaci\u00f3n de Estados Americanos (OEA) por considerar que est\u00e1n","_links":{"self":[{"href":"https:\/\/digital58.com.ve\/site\/wp-json\/wp\/v2\/posts\/133901","targetHints":{"allow":["GET"]}}],"collection":[{"href":"https:\/\/digital58.com.ve\/site\/wp-json\/wp\/v2\/posts"}],"about":[{"href":"https:\/\/digital58.com.ve\/site\/wp-json\/wp\/v2\/types\/post"}],"author":[{"embeddable":true,"href":"https:\/\/digital58.com.ve\/site\/wp-json\/wp\/v2\/users\/1"}],"replies":[{"embeddable":true,"href":"https:\/\/digital58.com.ve\/site\/wp-json\/wp\/v2\/comments?post=133901"}],"version-history":[{"count":0,"href":"https:\/\/digital58.com.ve\/site\/wp-json\/wp\/v2\/posts\/133901\/revisions"}],"wp:featuredmedia":[{"embeddable":true,"href":"https:\/\/digital58.com.ve\/site\/wp-json\/wp\/v2\/media\/133902"}],"wp:attachment":[{"href":"https:\/\/digital58.com.ve\/site\/wp-json\/wp\/v2\/media?parent=133901"}],"wp:term":[{"taxonomy":"category","embeddable":true,"href":"https:\/\/digital58.com.ve\/site\/wp-json\/wp\/v2\/categories?post=133901"},{"taxonomy":"post_tag","embeddable":true,"href":"https:\/\/digital58.com.ve\/site\/wp-json\/wp\/v2\/tags?post=133901"}],"curies":[{"name":"wp","href":"https:\/\/api.w.org\/{rel}","templated":true}]}}