{"id":133992,"date":"2020-12-07T02:59:31","date_gmt":"2020-12-07T06:59:31","guid":{"rendered":"https:\/\/digital58.com.ve\/site\/?p=133992"},"modified":"2020-12-07T02:59:31","modified_gmt":"2020-12-07T06:59:31","slug":"maduro-se-ve-ratificado-en-su-cargo-tras-triunfo-chavista-en-las-legislativas","status":"publish","type":"post","link":"https:\/\/digital58.com.ve\/site\/2020\/12\/07\/maduro-se-ve-ratificado-en-su-cargo-tras-triunfo-chavista-en-las-legislativas\/","title":{"rendered":"Maduro se ve ratificado en su cargo tras triunfo chavista en las legislativas"},"content":{"rendered":"<p><a href=\"https:\/\/digital58.com.ve\/site\/wp-content\/uploads\/2020\/12\/maduro-2.jpg\"><img loading=\"lazy\" decoding=\"async\" class=\"aligncenter size-full wp-image-133993\" src=\"https:\/\/digital58.com.ve\/site\/wp-content\/uploads\/2020\/12\/maduro-2.jpg\" alt=\"\" width=\"900\" height=\"600\" srcset=\"https:\/\/digital58.com.ve\/site\/wp-content\/uploads\/2020\/12\/maduro-2.jpg 800w, https:\/\/digital58.com.ve\/site\/wp-content\/uploads\/2020\/12\/maduro-2-300x200.jpg 300w, https:\/\/digital58.com.ve\/site\/wp-content\/uploads\/2020\/12\/maduro-2-768x512.jpg 768w, https:\/\/digital58.com.ve\/site\/wp-content\/uploads\/2020\/12\/maduro-2-720x480.jpg 720w, https:\/\/digital58.com.ve\/site\/wp-content\/uploads\/2020\/12\/maduro-2-480x320.jpg 480w\" sizes=\"auto, (max-width: 900px) 100vw, 900px\" \/><\/a><\/p>\n<p>La oposici\u00f3n, ha llamado a una consulta que se realizar\u00e1 entre el 7 y 12 de diciembre de forma digital y el \u00faltimo d\u00eda ser\u00e1 presencial, para rechazar los comicios.<\/p>\n<p><strong>Caracas, DC, Venezuela, 07 de diciembre de 2020 (ND58).-<\/strong> El presidente de Venezuela, Nicol\u00e1s Maduro, dijo este lunes que su cargo ha quedado ratificado y \u00abrecontrarratificado\u00bb luego del rotundo triunfo del chavismo en las elecciones legislativas en las que no particip\u00f3 la oposici\u00f3n que representa el l\u00edder opositor Juan Guaid\u00f3.<\/p>\n<p>\u00abAqu\u00ed estamos ratificados y recontrarratificados por el amor, el voto y la pasi\u00f3n de un pueblo\u00bb, dijo Maduro tras celebrar la \u00abgran victoria\u00bb del chavismo y al referirse al planteamiento que hizo d\u00edas atr\u00e1s cuando indic\u00f3 que dejar\u00eda la Presidencia si la oposici\u00f3n se hac\u00eda con la mayor\u00eda en el Parlamento.<\/p>\n<p>En declaraciones transmitidas por el canal estatal VTV, el mandatario indic\u00f3 que \u00abno volver\u00eda\u00bb a hacer esa promesa porque, seg\u00fan dijo, recibi\u00f3 muchos mensajes de simpatizantes que le manifestaban \u00abtristeza\u00bb.<\/p>\n<p>Maduro destac\u00f3 adem\u00e1s que el resultado que ha obtenido el chavismo es una \u00abgran victoria, sin lugar a dudas, de la democracia\u00bb tras \u00abuna buena jornada electoral\u00bb.<\/p>\n<blockquote class=\"twitter-tweet\">\n<p dir=\"ltr\" lang=\"es\"><a href=\"https:\/\/twitter.com\/hashtag\/EnVideo?src=hash&amp;ref_src=twsrc%5Etfw\">#EnVideo<\/a>?| Presidente de Venezuela, <a href=\"https:\/\/twitter.com\/NicolasMaduro?ref_src=twsrc%5Etfw\">@NicolasMaduro<\/a>: Aqu\u00ed estamos, ratificados y recontra-ratificados<\/p>\n<p><a href=\"https:\/\/twitter.com\/hashtag\/Parlamentarias2020?src=hash&amp;ref_src=twsrc%5Etfw\">#Parlamentarias2020<\/a> <a href=\"https:\/\/t.co\/HZRrWzvoII\">pic.twitter.com\/HZRrWzvoII<\/a><\/p>\n<p>\u2014 VTV CANAL 8 (@VTVcanal8) <a href=\"https:\/\/twitter.com\/VTVcanal8\/status\/1335830377525604355?ref_src=twsrc%5Etfw\">December 7, 2020<\/a><\/p><\/blockquote>\n<p><script async src=\"https:\/\/platform.twitter.com\/widgets.js\" charset=\"utf-8\"><\/script><\/p>\n<p><strong>Resultados electorales<\/strong><\/p>\n<p>El Consejo Nacional Electoral (CNE) de Venezuela inform\u00f3 que pasada la media noche se hab\u00edan contado 5.264.104 votos, de los que 3.558.320 fueron para el Gran Polo Patri\u00f3tico (GPP).<\/p>\n<p>Mientras, una alianza encabezada por los partidos tradicionales Acci\u00f3n Democr\u00e1tica (AD) y Comit\u00e9 de Organizaci\u00f3n Pol\u00edtica Electoral Independiente (Copei) qued\u00f3 en segundo lugar con 944.665 sufragios, lo que supone el 17,95 %.<\/p>\n<p>Seg\u00fan detall\u00f3 el ente, el dato de participaci\u00f3n en esta elecci\u00f3n fue de 31 %.<\/p>\n<p>Por su parte, el primer vicepresidente del gobernante Partido Socialista Unido de Venezuela (PSUV), Diosdado Cabello, celebr\u00f3 tambi\u00e9n el triunfo chavista y manifest\u00f3 su alegr\u00eda tras conocerse los resultados electorales.<\/p>\n<p>El chavismo se encontraba celebrando su triunfo desde antes de que se anunciaran los resultados en su comando de campa\u00f1a, mientras el jefe del Parlamento, Juan Guaid\u00f3, reiteraba sus denuncias en Twitter de que esta elecci\u00f3n es un \u00abfraude\u00bb.<\/p>\n<p>Las elecciones parlamentarias del domingo no tuvieron la participaci\u00f3n de la oposici\u00f3n que lidera Guaid\u00f3 por considerar que los comicios no cuentan con las garant\u00edas suficientes para que sea un proceso transparente.<\/p>\n<p>Uno de los temas por los que la oposici\u00f3n decidi\u00f3 no participar es la intervenci\u00f3n de los partidos pol\u00edticos por parte del Tribunal Supremo de Justicia (TSJ) que puso al frente de las organizaciones a l\u00edderes pol\u00edticos que hab\u00edan sido expulsados tras ser acusados de corruptos.<\/p>\n<p>Tambi\u00e9n design\u00f3 un comit\u00e9 para vigilar las irregularidades en los elecciones de hoy y por el cual ha reportado un 80 % de abstenci\u00f3n.<\/p><div class=\"wlviq69f5232599a73\" ><p style=\"text-align: center;\"><a href=\"https:\/\/t.me\/noticiasdigital58\" target=\"_blank\" rel=\"noopener\"><img class=\"aligncenter size-full wp-image-125363\" src=\"https:\/\/digital58.com.ve\/site\/wp-content\/uploads\/2021\/04\/banner-telegram-web-2021.png\" alt=\"\" width=\"600\" height=\"90\" \/><\/a><\/p><\/div><style type=\"text\/css\">\r\n@media screen and (min-width: 1201px) {\r\n.wlviq69f5232599a73 {\r\ndisplay: block;\r\n}\r\n}\r\n@media screen and (min-width: 993px) and (max-width: 1200px) {\r\n.wlviq69f5232599a73 {\r\ndisplay: block;\r\n}\r\n}\r\n@media screen and (min-width: 769px) and (max-width: 992px) {\r\n.wlviq69f5232599a73 {\r\ndisplay: block;\r\n}\r\n}\r\n@media screen and (min-width: 768px) and (max-width: 768px) {\r\n.wlviq69f5232599a73 {\r\ndisplay: block;\r\n}\r\n}\r\n@media screen and (max-width: 767px) {\r\n.wlviq69f5232599a73 {\r\ndisplay: block;\r\n}\r\n}\r\n<\/style>\r\n\n<p><strong>Redacci\u00f3n ND58 | Fuente: EFE<\/strong><br \/>\n<strong>Edici\u00f3n: Villasmil, Henry<\/strong><br \/>\n<strong>Gr\u00e1fica: EFE<\/strong><\/p>\n<div style=\"margin-top: 0px; margin-bottom: 0px;\" class=\"sharethis-inline-share-buttons\" ><\/div>","protected":false},"excerpt":{"rendered":"<p>La oposici\u00f3n, ha llamado a una consulta que se realizar\u00e1 entre el 7 y 12 de diciembre de forma digital<\/p>\n","protected":false},"author":1,"featured_media":133993,"comment_status":"open","ping_status":"closed","sticky":false,"template":"","format":"standard","meta":{"colormag_page_container_layout":"default_layout","colormag_page_sidebar_layout":"default_layout","_uag_custom_page_level_css":"","footnotes":""},"categories":[16454],"tags":[29,16503,22787,233,14182,2733,32],"class_list":["post-133992","post","type-post","status-publish","format-standard","has-post-thumbnail","hentry","category-venezuela","tag-caracas","tag-elecciones-parlamentarias-2020","tag-gpp","tag-nacionales","tag-nicolas-maduro-moros","tag-psuv","tag-venezuela"],"yoast_head":"<!-- This site is optimized with the Yoast SEO plugin v27.5 - https:\/\/yoast.com\/product\/yoast-seo-wordpress\/ -->\n<title>Maduro se ve ratificado en su cargo tras triunfo chavista en las legislativas<\/title>\n<meta name=\"description\" content=\"Venezuela\" \/>\n<meta name=\"robots\" content=\"index, follow, max-snippet:-1, max-image-preview:large, max-video-preview:-1\" \/>\n<link rel=\"canonical\" href=\"https:\/\/digital58.com.ve\/site\/2020\/12\/07\/maduro-se-ve-ratificado-en-su-cargo-tras-triunfo-chavista-en-las-legislativas\/\" \/>\n<meta property=\"og:locale\" content=\"es_ES\" \/>\n<meta property=\"og:type\" content=\"article\" \/>\n<meta property=\"og:title\" content=\"Maduro se ve ratificado en su cargo tras triunfo chavista en las legislativas\" \/>\n<meta property=\"og:description\" content=\"Venezuela\" \/>\n<meta property=\"og:url\" content=\"https:\/\/digital58.com.ve\/site\/2020\/12\/07\/maduro-se-ve-ratificado-en-su-cargo-tras-triunfo-chavista-en-las-legislativas\/\" \/>\n<meta property=\"og:site_name\" content=\"Noticias Digital58\" \/>\n<meta property=\"article:published_time\" content=\"2020-12-07T06:59:31+00:00\" \/>\n<meta property=\"og:image\" content=\"https:\/\/digital58.com.ve\/site\/wp-content\/uploads\/2020\/12\/maduro-2.jpg\" \/>\n\t<meta property=\"og:image:width\" content=\"900\" \/>\n\t<meta property=\"og:image:height\" content=\"600\" \/>\n\t<meta property=\"og:image:type\" content=\"image\/jpeg\" \/>\n<meta name=\"author\" content=\"Villasmil Henry\" \/>\n<meta name=\"twitter:card\" content=\"summary_large_image\" \/>\n<meta name=\"twitter:creator\" content=\"@https:\/\/twitter.com\/villasmilhfoto\" \/>\n<meta name=\"twitter:site\" content=\"@villasmilhfoto\" \/>\n<meta name=\"twitter:label1\" content=\"Escrito por\" \/>\n\t<meta name=\"twitter:data1\" content=\"Villasmil Henry\" \/>\n\t<meta name=\"twitter:label2\" content=\"Tiempo estimado de lectura\" \/>\n\t<meta name=\"twitter:data2\" content=\"2 minutos\" \/>\n<script type=\"application\/ld+json\" class=\"yoast-schema-graph\">{\"@context\":\"https:\\\/\\\/schema.org\",\"@graph\":[{\"@type\":\"Article\",\"@id\":\"https:\\\/\\\/digital58.com.ve\\\/site\\\/2020\\\/12\\\/07\\\/maduro-se-ve-ratificado-en-su-cargo-tras-triunfo-chavista-en-las-legislativas\\\/#article\",\"isPartOf\":{\"@id\":\"https:\\\/\\\/digital58.com.ve\\\/site\\\/2020\\\/12\\\/07\\\/maduro-se-ve-ratificado-en-su-cargo-tras-triunfo-chavista-en-las-legislativas\\\/\"},\"author\":{\"name\":\"Villasmil Henry\",\"@id\":\"https:\\\/\\\/digital58.com.ve\\\/site\\\/#\\\/schema\\\/person\\\/64d1c2e4d0d4fd1b849980c4331c2951\"},\"headline\":\"Maduro se ve ratificado en su cargo tras triunfo chavista en las legislativas\",\"datePublished\":\"2020-12-07T06:59:31+00:00\",\"mainEntityOfPage\":{\"@id\":\"https:\\\/\\\/digital58.com.ve\\\/site\\\/2020\\\/12\\\/07\\\/maduro-se-ve-ratificado-en-su-cargo-tras-triunfo-chavista-en-las-legislativas\\\/\"},\"wordCount\":508,\"commentCount\":0,\"publisher\":{\"@id\":\"https:\\\/\\\/digital58.com.ve\\\/site\\\/#\\\/schema\\\/person\\\/64d1c2e4d0d4fd1b849980c4331c2951\"},\"image\":{\"@id\":\"https:\\\/\\\/digital58.com.ve\\\/site\\\/2020\\\/12\\\/07\\\/maduro-se-ve-ratificado-en-su-cargo-tras-triunfo-chavista-en-las-legislativas\\\/#primaryimage\"},\"thumbnailUrl\":\"https:\\\/\\\/digital58.com.ve\\\/site\\\/wp-content\\\/uploads\\\/2020\\\/12\\\/maduro-2.jpg\",\"keywords\":[\"Caracas\",\"Elecciones Parlamentarias 2020\",\"GPP\",\"Nacionales\",\"Nicol\u00e1s Maduro Moros\",\"PSUV\",\"Venezuela\"],\"articleSection\":[\"Venezuela\"],\"inLanguage\":\"es\",\"potentialAction\":[{\"@type\":\"CommentAction\",\"name\":\"Comment\",\"target\":[\"https:\\\/\\\/digital58.com.ve\\\/site\\\/2020\\\/12\\\/07\\\/maduro-se-ve-ratificado-en-su-cargo-tras-triunfo-chavista-en-las-legislativas\\\/#respond\"]}]},{\"@type\":\"WebPage\",\"@id\":\"https:\\\/\\\/digital58.com.ve\\\/site\\\/2020\\\/12\\\/07\\\/maduro-se-ve-ratificado-en-su-cargo-tras-triunfo-chavista-en-las-legislativas\\\/\",\"url\":\"https:\\\/\\\/digital58.com.ve\\\/site\\\/2020\\\/12\\\/07\\\/maduro-se-ve-ratificado-en-su-cargo-tras-triunfo-chavista-en-las-legislativas\\\/\",\"name\":\"Maduro se ve ratificado en su cargo tras triunfo chavista en las legislativas\",\"isPartOf\":{\"@id\":\"https:\\\/\\\/digital58.com.ve\\\/site\\\/#website\"},\"primaryImageOfPage\":{\"@id\":\"https:\\\/\\\/digital58.com.ve\\\/site\\\/2020\\\/12\\\/07\\\/maduro-se-ve-ratificado-en-su-cargo-tras-triunfo-chavista-en-las-legislativas\\\/#primaryimage\"},\"image\":{\"@id\":\"https:\\\/\\\/digital58.com.ve\\\/site\\\/2020\\\/12\\\/07\\\/maduro-se-ve-ratificado-en-su-cargo-tras-triunfo-chavista-en-las-legislativas\\\/#primaryimage\"},\"thumbnailUrl\":\"https:\\\/\\\/digital58.com.ve\\\/site\\\/wp-content\\\/uploads\\\/2020\\\/12\\\/maduro-2.jpg\",\"datePublished\":\"2020-12-07T06:59:31+00:00\",\"description\":\"Venezuela\",\"breadcrumb\":{\"@id\":\"https:\\\/\\\/digital58.com.ve\\\/site\\\/2020\\\/12\\\/07\\\/maduro-se-ve-ratificado-en-su-cargo-tras-triunfo-chavista-en-las-legislativas\\\/#breadcrumb\"},\"inLanguage\":\"es\",\"potentialAction\":[{\"@type\":\"ReadAction\",\"target\":[\"https:\\\/\\\/digital58.com.ve\\\/site\\\/2020\\\/12\\\/07\\\/maduro-se-ve-ratificado-en-su-cargo-tras-triunfo-chavista-en-las-legislativas\\\/\"]}]},{\"@type\":\"ImageObject\",\"inLanguage\":\"es\",\"@id\":\"https:\\\/\\\/digital58.com.ve\\\/site\\\/2020\\\/12\\\/07\\\/maduro-se-ve-ratificado-en-su-cargo-tras-triunfo-chavista-en-las-legislativas\\\/#primaryimage\",\"url\":\"https:\\\/\\\/digital58.com.ve\\\/site\\\/wp-content\\\/uploads\\\/2020\\\/12\\\/maduro-2.jpg\",\"contentUrl\":\"https:\\\/\\\/digital58.com.ve\\\/site\\\/wp-content\\\/uploads\\\/2020\\\/12\\\/maduro-2.jpg\",\"width\":800,\"height\":533},{\"@type\":\"BreadcrumbList\",\"@id\":\"https:\\\/\\\/digital58.com.ve\\\/site\\\/2020\\\/12\\\/07\\\/maduro-se-ve-ratificado-en-su-cargo-tras-triunfo-chavista-en-las-legislativas\\\/#breadcrumb\",\"itemListElement\":[{\"@type\":\"ListItem\",\"position\":1,\"name\":\"Home\",\"item\":\"https:\\\/\\\/digital58.com.ve\\\/site\\\/\"},{\"@type\":\"ListItem\",\"position\":2,\"name\":\"Maduro se ve ratificado en su cargo tras triunfo chavista en las legislativas\"}]},{\"@type\":\"WebSite\",\"@id\":\"https:\\\/\\\/digital58.com.ve\\\/site\\\/#website\",\"url\":\"https:\\\/\\\/digital58.com.ve\\\/site\\\/\",\"name\":\"Noticias Digital58\",\"description\":\"Portal de Noticias \u00a1Periodismo web de verdad! Lanzamiento web 22.11.2005 \\\/ Maracaibo, Venezuela\",\"publisher\":{\"@id\":\"https:\\\/\\\/digital58.com.ve\\\/site\\\/#\\\/schema\\\/person\\\/64d1c2e4d0d4fd1b849980c4331c2951\"},\"alternateName\":\"ND58\",\"potentialAction\":[{\"@type\":\"SearchAction\",\"target\":{\"@type\":\"EntryPoint\",\"urlTemplate\":\"https:\\\/\\\/digital58.com.ve\\\/site\\\/?s={search_term_string}\"},\"query-input\":{\"@type\":\"PropertyValueSpecification\",\"valueRequired\":true,\"valueName\":\"search_term_string\"}}],\"inLanguage\":\"es\"},{\"@type\":[\"Person\",\"Organization\"],\"@id\":\"https:\\\/\\\/digital58.com.ve\\\/site\\\/#\\\/schema\\\/person\\\/64d1c2e4d0d4fd1b849980c4331c2951\",\"name\":\"Villasmil Henry\",\"image\":{\"@type\":\"ImageObject\",\"inLanguage\":\"es\",\"@id\":\"https:\\\/\\\/secure.gravatar.com\\\/avatar\\\/bb0c4a2fcb7970138239f7e404ea75757b1b507b28b5ce4c53fbd62d797c5a7c?s=96&d=mm&r=g\",\"url\":\"https:\\\/\\\/secure.gravatar.com\\\/avatar\\\/bb0c4a2fcb7970138239f7e404ea75757b1b507b28b5ce4c53fbd62d797c5a7c?s=96&d=mm&r=g\",\"contentUrl\":\"https:\\\/\\\/secure.gravatar.com\\\/avatar\\\/bb0c4a2fcb7970138239f7e404ea75757b1b507b28b5ce4c53fbd62d797c5a7c?s=96&d=mm&r=g\",\"caption\":\"Villasmil Henry\"},\"logo\":{\"@id\":\"https:\\\/\\\/secure.gravatar.com\\\/avatar\\\/bb0c4a2fcb7970138239f7e404ea75757b1b507b28b5ce4c53fbd62d797c5a7c?s=96&d=mm&r=g\"},\"sameAs\":[\"http:\\\/\\\/www.henryvillasmil.com.ve\",\"https:\\\/\\\/www.instagram.com\\\/villasmilhfoto\\\/\",\"https:\\\/\\\/x.com\\\/https:\\\/\\\/twitter.com\\\/villasmilhfoto\"],\"url\":\"https:\\\/\\\/digital58.com.ve\\\/site\\\/author\\\/droopy_68\\\/\"}]}<\/script>\n<!-- \/ Yoast SEO plugin. -->","yoast_head_json":{"title":"Maduro se ve ratificado en su cargo tras triunfo chavista en las legislativas","description":"Venezuela","robots":{"index":"index","follow":"follow","max-snippet":"max-snippet:-1","max-image-preview":"max-image-preview:large","max-video-preview":"max-video-preview:-1"},"canonical":"https:\/\/digital58.com.ve\/site\/2020\/12\/07\/maduro-se-ve-ratificado-en-su-cargo-tras-triunfo-chavista-en-las-legislativas\/","og_locale":"es_ES","og_type":"article","og_title":"Maduro se ve ratificado en su cargo tras triunfo chavista en las legislativas","og_description":"Venezuela","og_url":"https:\/\/digital58.com.ve\/site\/2020\/12\/07\/maduro-se-ve-ratificado-en-su-cargo-tras-triunfo-chavista-en-las-legislativas\/","og_site_name":"Noticias Digital58","article_published_time":"2020-12-07T06:59:31+00:00","og_image":[{"width":900,"height":600,"url":"https:\/\/digital58.com.ve\/site\/wp-content\/uploads\/2020\/12\/maduro-2.jpg","type":"image\/jpeg"}],"author":"Villasmil Henry","twitter_card":"summary_large_image","twitter_creator":"@https:\/\/twitter.com\/villasmilhfoto","twitter_site":"@villasmilhfoto","twitter_misc":{"Escrito por":"Villasmil Henry","Tiempo estimado de lectura":"2 minutos"},"schema":{"@context":"https:\/\/schema.org","@graph":[{"@type":"Article","@id":"https:\/\/digital58.com.ve\/site\/2020\/12\/07\/maduro-se-ve-ratificado-en-su-cargo-tras-triunfo-chavista-en-las-legislativas\/#article","isPartOf":{"@id":"https:\/\/digital58.com.ve\/site\/2020\/12\/07\/maduro-se-ve-ratificado-en-su-cargo-tras-triunfo-chavista-en-las-legislativas\/"},"author":{"name":"Villasmil Henry","@id":"https:\/\/digital58.com.ve\/site\/#\/schema\/person\/64d1c2e4d0d4fd1b849980c4331c2951"},"headline":"Maduro se ve ratificado en su cargo tras triunfo chavista en las legislativas","datePublished":"2020-12-07T06:59:31+00:00","mainEntityOfPage":{"@id":"https:\/\/digital58.com.ve\/site\/2020\/12\/07\/maduro-se-ve-ratificado-en-su-cargo-tras-triunfo-chavista-en-las-legislativas\/"},"wordCount":508,"commentCount":0,"publisher":{"@id":"https:\/\/digital58.com.ve\/site\/#\/schema\/person\/64d1c2e4d0d4fd1b849980c4331c2951"},"image":{"@id":"https:\/\/digital58.com.ve\/site\/2020\/12\/07\/maduro-se-ve-ratificado-en-su-cargo-tras-triunfo-chavista-en-las-legislativas\/#primaryimage"},"thumbnailUrl":"https:\/\/digital58.com.ve\/site\/wp-content\/uploads\/2020\/12\/maduro-2.jpg","keywords":["Caracas","Elecciones Parlamentarias 2020","GPP","Nacionales","Nicol\u00e1s Maduro Moros","PSUV","Venezuela"],"articleSection":["Venezuela"],"inLanguage":"es","potentialAction":[{"@type":"CommentAction","name":"Comment","target":["https:\/\/digital58.com.ve\/site\/2020\/12\/07\/maduro-se-ve-ratificado-en-su-cargo-tras-triunfo-chavista-en-las-legislativas\/#respond"]}]},{"@type":"WebPage","@id":"https:\/\/digital58.com.ve\/site\/2020\/12\/07\/maduro-se-ve-ratificado-en-su-cargo-tras-triunfo-chavista-en-las-legislativas\/","url":"https:\/\/digital58.com.ve\/site\/2020\/12\/07\/maduro-se-ve-ratificado-en-su-cargo-tras-triunfo-chavista-en-las-legislativas\/","name":"Maduro se ve ratificado en su cargo tras triunfo chavista en las legislativas","isPartOf":{"@id":"https:\/\/digital58.com.ve\/site\/#website"},"primaryImageOfPage":{"@id":"https:\/\/digital58.com.ve\/site\/2020\/12\/07\/maduro-se-ve-ratificado-en-su-cargo-tras-triunfo-chavista-en-las-legislativas\/#primaryimage"},"image":{"@id":"https:\/\/digital58.com.ve\/site\/2020\/12\/07\/maduro-se-ve-ratificado-en-su-cargo-tras-triunfo-chavista-en-las-legislativas\/#primaryimage"},"thumbnailUrl":"https:\/\/digital58.com.ve\/site\/wp-content\/uploads\/2020\/12\/maduro-2.jpg","datePublished":"2020-12-07T06:59:31+00:00","description":"Venezuela","breadcrumb":{"@id":"https:\/\/digital58.com.ve\/site\/2020\/12\/07\/maduro-se-ve-ratificado-en-su-cargo-tras-triunfo-chavista-en-las-legislativas\/#breadcrumb"},"inLanguage":"es","potentialAction":[{"@type":"ReadAction","target":["https:\/\/digital58.com.ve\/site\/2020\/12\/07\/maduro-se-ve-ratificado-en-su-cargo-tras-triunfo-chavista-en-las-legislativas\/"]}]},{"@type":"ImageObject","inLanguage":"es","@id":"https:\/\/digital58.com.ve\/site\/2020\/12\/07\/maduro-se-ve-ratificado-en-su-cargo-tras-triunfo-chavista-en-las-legislativas\/#primaryimage","url":"https:\/\/digital58.com.ve\/site\/wp-content\/uploads\/2020\/12\/maduro-2.jpg","contentUrl":"https:\/\/digital58.com.ve\/site\/wp-content\/uploads\/2020\/12\/maduro-2.jpg","width":800,"height":533},{"@type":"BreadcrumbList","@id":"https:\/\/digital58.com.ve\/site\/2020\/12\/07\/maduro-se-ve-ratificado-en-su-cargo-tras-triunfo-chavista-en-las-legislativas\/#breadcrumb","itemListElement":[{"@type":"ListItem","position":1,"name":"Home","item":"https:\/\/digital58.com.ve\/site\/"},{"@type":"ListItem","position":2,"name":"Maduro se ve ratificado en su cargo tras triunfo chavista en las legislativas"}]},{"@type":"WebSite","@id":"https:\/\/digital58.com.ve\/site\/#website","url":"https:\/\/digital58.com.ve\/site\/","name":"Noticias Digital58","description":"Portal de Noticias \u00a1Periodismo web de verdad! Lanzamiento web 22.11.2005 \/ Maracaibo, Venezuela","publisher":{"@id":"https:\/\/digital58.com.ve\/site\/#\/schema\/person\/64d1c2e4d0d4fd1b849980c4331c2951"},"alternateName":"ND58","potentialAction":[{"@type":"SearchAction","target":{"@type":"EntryPoint","urlTemplate":"https:\/\/digital58.com.ve\/site\/?s={search_term_string}"},"query-input":{"@type":"PropertyValueSpecification","valueRequired":true,"valueName":"search_term_string"}}],"inLanguage":"es"},{"@type":["Person","Organization"],"@id":"https:\/\/digital58.com.ve\/site\/#\/schema\/person\/64d1c2e4d0d4fd1b849980c4331c2951","name":"Villasmil Henry","image":{"@type":"ImageObject","inLanguage":"es","@id":"https:\/\/secure.gravatar.com\/avatar\/bb0c4a2fcb7970138239f7e404ea75757b1b507b28b5ce4c53fbd62d797c5a7c?s=96&d=mm&r=g","url":"https:\/\/secure.gravatar.com\/avatar\/bb0c4a2fcb7970138239f7e404ea75757b1b507b28b5ce4c53fbd62d797c5a7c?s=96&d=mm&r=g","contentUrl":"https:\/\/secure.gravatar.com\/avatar\/bb0c4a2fcb7970138239f7e404ea75757b1b507b28b5ce4c53fbd62d797c5a7c?s=96&d=mm&r=g","caption":"Villasmil Henry"},"logo":{"@id":"https:\/\/secure.gravatar.com\/avatar\/bb0c4a2fcb7970138239f7e404ea75757b1b507b28b5ce4c53fbd62d797c5a7c?s=96&d=mm&r=g"},"sameAs":["http:\/\/www.henryvillasmil.com.ve","https:\/\/www.instagram.com\/villasmilhfoto\/","https:\/\/x.com\/https:\/\/twitter.com\/villasmilhfoto"],"url":"https:\/\/digital58.com.ve\/site\/author\/droopy_68\/"}]}},"uagb_featured_image_src":{"full":["https:\/\/digital58.com.ve\/site\/wp-content\/uploads\/2020\/12\/maduro-2.jpg",800,533,false],"thumbnail":["https:\/\/digital58.com.ve\/site\/wp-content\/uploads\/2020\/12\/maduro-2-150x150.jpg",150,150,true],"medium":["https:\/\/digital58.com.ve\/site\/wp-content\/uploads\/2020\/12\/maduro-2-300x200.jpg",300,200,true],"medium_large":["https:\/\/digital58.com.ve\/site\/wp-content\/uploads\/2020\/12\/maduro-2-768x512.jpg",768,512,true],"large":["https:\/\/digital58.com.ve\/site\/wp-content\/uploads\/2020\/12\/maduro-2.jpg",800,533,false],"1536x1536":["https:\/\/digital58.com.ve\/site\/wp-content\/uploads\/2020\/12\/maduro-2.jpg",800,533,false],"2048x2048":["https:\/\/digital58.com.ve\/site\/wp-content\/uploads\/2020\/12\/maduro-2.jpg",800,533,false],"colormag-highlighted-post":["https:\/\/digital58.com.ve\/site\/wp-content\/uploads\/2020\/12\/maduro-2.jpg",392,261,false],"colormag-featured-post-medium":["https:\/\/digital58.com.ve\/site\/wp-content\/uploads\/2020\/12\/maduro-2.jpg",308,205,false],"colormag-featured-post-small":["https:\/\/digital58.com.ve\/site\/wp-content\/uploads\/2020\/12\/maduro-2.jpg",130,87,false],"colormag-featured-image":["https:\/\/digital58.com.ve\/site\/wp-content\/uploads\/2020\/12\/maduro-2.jpg",668,445,false],"colormag-default-news":["https:\/\/digital58.com.ve\/site\/wp-content\/uploads\/2020\/12\/maduro-2.jpg",150,100,false],"colormag-featured-image-large":["https:\/\/digital58.com.ve\/site\/wp-content\/uploads\/2020\/12\/maduro-2.jpg",800,533,false]},"uagb_author_info":{"display_name":"Villasmil Henry","author_link":"https:\/\/digital58.com.ve\/site\/author\/droopy_68\/"},"uagb_comment_info":0,"uagb_excerpt":"La oposici\u00f3n, ha llamado a una consulta que se realizar\u00e1 entre el 7 y 12 de diciembre de forma digital","_links":{"self":[{"href":"https:\/\/digital58.com.ve\/site\/wp-json\/wp\/v2\/posts\/133992","targetHints":{"allow":["GET"]}}],"collection":[{"href":"https:\/\/digital58.com.ve\/site\/wp-json\/wp\/v2\/posts"}],"about":[{"href":"https:\/\/digital58.com.ve\/site\/wp-json\/wp\/v2\/types\/post"}],"author":[{"embeddable":true,"href":"https:\/\/digital58.com.ve\/site\/wp-json\/wp\/v2\/users\/1"}],"replies":[{"embeddable":true,"href":"https:\/\/digital58.com.ve\/site\/wp-json\/wp\/v2\/comments?post=133992"}],"version-history":[{"count":0,"href":"https:\/\/digital58.com.ve\/site\/wp-json\/wp\/v2\/posts\/133992\/revisions"}],"wp:featuredmedia":[{"embeddable":true,"href":"https:\/\/digital58.com.ve\/site\/wp-json\/wp\/v2\/media\/133993"}],"wp:attachment":[{"href":"https:\/\/digital58.com.ve\/site\/wp-json\/wp\/v2\/media?parent=133992"}],"wp:term":[{"taxonomy":"category","embeddable":true,"href":"https:\/\/digital58.com.ve\/site\/wp-json\/wp\/v2\/categories?post=133992"},{"taxonomy":"post_tag","embeddable":true,"href":"https:\/\/digital58.com.ve\/site\/wp-json\/wp\/v2\/tags?post=133992"}],"curies":[{"name":"wp","href":"https:\/\/api.w.org\/{rel}","templated":true}]}}