{"id":134319,"date":"2020-12-23T22:53:44","date_gmt":"2020-12-24T02:53:44","guid":{"rendered":"https:\/\/digital58.com.ve\/site\/?p=134319"},"modified":"2020-12-23T22:53:44","modified_gmt":"2020-12-24T02:53:44","slug":"tribunal-constitucional-espanol-ampara-a-exviceministro-de-chavez","status":"publish","type":"post","link":"https:\/\/digital58.com.ve\/site\/2020\/12\/23\/tribunal-constitucional-espanol-ampara-a-exviceministro-de-chavez\/","title":{"rendered":"Tribunal Constitucional espa\u00f1ol ampara a exviceministro de Ch\u00e1vez"},"content":{"rendered":"<p><a href=\"https:\/\/digital58.com.ve\/site\/wp-content\/uploads\/2020\/12\/Nervis-Villalobos.jpg\"><img loading=\"lazy\" decoding=\"async\" class=\"aligncenter size-full wp-image-134320\" src=\"https:\/\/digital58.com.ve\/site\/wp-content\/uploads\/2020\/12\/Nervis-Villalobos.jpg\" alt=\"\" width=\"746\" height=\"498\" srcset=\"https:\/\/digital58.com.ve\/site\/wp-content\/uploads\/2020\/12\/Nervis-Villalobos.jpg 746w, https:\/\/digital58.com.ve\/site\/wp-content\/uploads\/2020\/12\/Nervis-Villalobos-300x200.jpg 300w, https:\/\/digital58.com.ve\/site\/wp-content\/uploads\/2020\/12\/Nervis-Villalobos-720x480.jpg 720w, https:\/\/digital58.com.ve\/site\/wp-content\/uploads\/2020\/12\/Nervis-Villalobos-480x320.jpg 480w\" sizes=\"auto, (max-width: 746px) 100vw, 746px\" \/><\/a><\/p>\n<p>El Tribunal Constitucional espa\u00f1ol ampar\u00f3 a Nervis Villalobos, exviceministro de Energ\u00eda de Venezuela con Hugo Ch\u00e1vez, al considerar que se vulner\u00f3 su derecho a la libertad personal cuando se le envi\u00f3 a prisi\u00f3n preventiva en 2018 por presunto blanqueo de capitales, dado que no tuvo la informaci\u00f3n necesaria para defenderse.<\/p>\n<p><strong>Espa\u00f1a, 23 de diciembre de 2020 (ND58).-<\/strong> En una sentencia del pasado 14 de diciembre y a la que ha tenido acceso Efe, el tribunal de garant\u00edas de Espa\u00f1a estima el recurso que present\u00f3 Villalobos y anula el auto de un juzgado de Madrid de 20 de febrero de 2018 en el que se acordaba su prisi\u00f3n preventiva y los posteriores que confirmaban esta medida.<\/p>\n<p>Dado que Villalobos fue puesto en libertad despu\u00e9s de acudir al Constitucional, el tribunal reconoce que el amparo otorgado \u00abqueda constre\u00f1ido\u00bb a un \u00abpronunciamiento declarativo\u00bb: el reconocimiento de que se vulneraron sus derechos.<\/p>\n<p>Villalobos est\u00e1 siendo investigado actualmente, junto con el exviceministro de Venezuela Javier Alvarado Ochoa, por la jueza de la Audiencia Nacional espa\u00f1ola Mar\u00eda Tard\u00f3n, por supuesto blanqueo en Espa\u00f1a de dinero sustra\u00eddo a la petrolera estatal Pdvsa.<\/p>\n<p>Tambi\u00e9n est\u00e1 imputado en la causa contra la empresa espa\u00f1ola Duro Felguera donde se investigan supuestos sobornos a altos funcionarios venezolanos a cambio de contratos en Caracas.<\/p>\n<p>El Tribunal Constitucional espa\u00f1ol (TC) no entra en estas investigaciones, sino que \u00fanicamente centra su examen en la orden de prisi\u00f3n de febrero de 2018.<\/p>\n<p>Afirma que el procedimiento para acordar esta medida no respet\u00f3 \u00ablas garant\u00edas legales de informaci\u00f3n y acceso a los elementos esenciales de las actuaciones, ni las garant\u00edas de contradicci\u00f3n e igualdad de armas\u00bb y que ni Villalobos ni su abogado pudieron conocer \u00abcon un m\u00ednimo de precisi\u00f3n los t\u00e9rminos de la petici\u00f3n de prisi\u00f3n\u00bb de la Fiscal\u00eda.<\/p>\n<p>Aunque descarta que el exviceministro venezolano tuviera una \u00abausencia total\u00bb de conocimiento respecto a la causa dado que hubo intervalos en que no estuvo secreta, el TC recuerda que s\u00ed lo estaba en el momento en que la Fiscal\u00eda pidi\u00f3 prisi\u00f3n.<\/p>\n<p>Considera que la solicitud del fiscal result\u00f3 \u00abtan gen\u00e9rica\u00bb que impidi\u00f3 a Villalobos conocer sus razones y, en consecuencia, defenderse.<\/p>\n<p>El tribunal se\u00f1ala que Villalobos no cont\u00f3 \u00abcon una informaci\u00f3n actualizada\u00bb y que \u00abel hecho de haberla tenido en el pasado\u00bb (cuando el procedimiento no estaba secreto) no justifica el rechazo a su petici\u00f3n.<\/p>\n<p>Esa solicitud sigui\u00f3 deneg\u00e1ndose en el recurso que present\u00f3 el demandante a la Audiencia de Madrid, apunta el TC, que considera \u00abespecialmente incomprensible\u00bb la falta de acceso a la documentaci\u00f3n relativa a la petici\u00f3n de prisi\u00f3n dado que entonces la causa ya no era secreta.<\/p><div class=\"dmibz69f4c95fa5a3b\" ><p style=\"text-align: center;\"><a href=\"https:\/\/t.me\/noticiasdigital58\" target=\"_blank\" rel=\"noopener\"><img class=\"aligncenter size-full wp-image-125363\" src=\"https:\/\/digital58.com.ve\/site\/wp-content\/uploads\/2021\/04\/banner-telegram-web-2021.png\" alt=\"\" width=\"600\" height=\"90\" \/><\/a><\/p><\/div><style type=\"text\/css\">\r\n@media screen and (min-width: 1201px) {\r\n.dmibz69f4c95fa5a3b {\r\ndisplay: block;\r\n}\r\n}\r\n@media screen and (min-width: 993px) and (max-width: 1200px) {\r\n.dmibz69f4c95fa5a3b {\r\ndisplay: block;\r\n}\r\n}\r\n@media screen and (min-width: 769px) and (max-width: 992px) {\r\n.dmibz69f4c95fa5a3b {\r\ndisplay: block;\r\n}\r\n}\r\n@media screen and (min-width: 768px) and (max-width: 768px) {\r\n.dmibz69f4c95fa5a3b {\r\ndisplay: block;\r\n}\r\n}\r\n@media screen and (max-width: 767px) {\r\n.dmibz69f4c95fa5a3b {\r\ndisplay: block;\r\n}\r\n}\r\n<\/style>\r\n\n<p><strong>Redacci\u00f3n ND58 | Fuente: EFE<\/strong><br \/>\n<strong>Edici\u00f3n: Villasmil, Henry<\/strong><br \/>\n<strong>Gr\u00e1fica: EFE<\/strong><\/p>\n<div style=\"margin-top: 0px; margin-bottom: 0px;\" class=\"sharethis-inline-share-buttons\" ><\/div>","protected":false},"excerpt":{"rendered":"<p>El Tribunal Constitucional espa\u00f1ol ampar\u00f3 a Nervis Villalobos, exviceministro de Energ\u00eda de Venezuela con Hugo Ch\u00e1vez, al considerar que se<\/p>\n","protected":false},"author":1,"featured_media":134320,"comment_status":"open","ping_status":"closed","sticky":false,"template":"","format":"standard","meta":{"colormag_page_container_layout":"default_layout","colormag_page_sidebar_layout":"default_layout","_uag_custom_page_level_css":"","footnotes":""},"categories":[16451],"tags":[115,22863,5207,8,22862],"class_list":["post-134319","post","type-post","status-publish","format-standard","has-post-thumbnail","hentry","category-mundo","tag-espana","tag-exviceministro","tag-hugo-chavez","tag-internacionales","tag-nervis-villalobos"],"yoast_head":"<!-- This site is optimized with the Yoast SEO plugin v27.5 - https:\/\/yoast.com\/product\/yoast-seo-wordpress\/ -->\n<title>Tribunal Constitucional espa\u00f1ol ampara a exviceministro de Ch\u00e1vez<\/title>\n<meta name=\"description\" content=\"Mundo\" \/>\n<meta name=\"robots\" content=\"index, follow, max-snippet:-1, max-image-preview:large, max-video-preview:-1\" \/>\n<link rel=\"canonical\" href=\"https:\/\/digital58.com.ve\/site\/2020\/12\/23\/tribunal-constitucional-espanol-ampara-a-exviceministro-de-chavez\/\" \/>\n<meta property=\"og:locale\" content=\"es_ES\" \/>\n<meta property=\"og:type\" content=\"article\" \/>\n<meta property=\"og:title\" content=\"Tribunal Constitucional espa\u00f1ol ampara a exviceministro de Ch\u00e1vez\" \/>\n<meta property=\"og:description\" content=\"Mundo\" \/>\n<meta property=\"og:url\" content=\"https:\/\/digital58.com.ve\/site\/2020\/12\/23\/tribunal-constitucional-espanol-ampara-a-exviceministro-de-chavez\/\" \/>\n<meta property=\"og:site_name\" content=\"Noticias Digital58\" \/>\n<meta property=\"article:published_time\" content=\"2020-12-24T02:53:44+00:00\" \/>\n<meta property=\"og:image\" content=\"https:\/\/digital58.com.ve\/site\/wp-content\/uploads\/2020\/12\/Nervis-Villalobos.jpg\" \/>\n\t<meta property=\"og:image:width\" content=\"746\" \/>\n\t<meta property=\"og:image:height\" content=\"498\" \/>\n\t<meta property=\"og:image:type\" content=\"image\/jpeg\" \/>\n<meta name=\"author\" content=\"Villasmil Henry\" \/>\n<meta name=\"twitter:card\" content=\"summary_large_image\" \/>\n<meta name=\"twitter:creator\" content=\"@https:\/\/twitter.com\/villasmilhfoto\" \/>\n<meta name=\"twitter:site\" content=\"@villasmilhfoto\" \/>\n<meta name=\"twitter:label1\" content=\"Escrito por\" \/>\n\t<meta name=\"twitter:data1\" content=\"Villasmil Henry\" \/>\n\t<meta name=\"twitter:label2\" content=\"Tiempo estimado de lectura\" \/>\n\t<meta name=\"twitter:data2\" content=\"2 minutos\" \/>\n<script type=\"application\/ld+json\" class=\"yoast-schema-graph\">{\"@context\":\"https:\\\/\\\/schema.org\",\"@graph\":[{\"@type\":\"Article\",\"@id\":\"https:\\\/\\\/digital58.com.ve\\\/site\\\/2020\\\/12\\\/23\\\/tribunal-constitucional-espanol-ampara-a-exviceministro-de-chavez\\\/#article\",\"isPartOf\":{\"@id\":\"https:\\\/\\\/digital58.com.ve\\\/site\\\/2020\\\/12\\\/23\\\/tribunal-constitucional-espanol-ampara-a-exviceministro-de-chavez\\\/\"},\"author\":{\"name\":\"Villasmil Henry\",\"@id\":\"https:\\\/\\\/digital58.com.ve\\\/site\\\/#\\\/schema\\\/person\\\/64d1c2e4d0d4fd1b849980c4331c2951\"},\"headline\":\"Tribunal Constitucional espa\u00f1ol ampara a exviceministro de Ch\u00e1vez\",\"datePublished\":\"2020-12-24T02:53:44+00:00\",\"mainEntityOfPage\":{\"@id\":\"https:\\\/\\\/digital58.com.ve\\\/site\\\/2020\\\/12\\\/23\\\/tribunal-constitucional-espanol-ampara-a-exviceministro-de-chavez\\\/\"},\"wordCount\":490,\"commentCount\":0,\"publisher\":{\"@id\":\"https:\\\/\\\/digital58.com.ve\\\/site\\\/#\\\/schema\\\/person\\\/64d1c2e4d0d4fd1b849980c4331c2951\"},\"image\":{\"@id\":\"https:\\\/\\\/digital58.com.ve\\\/site\\\/2020\\\/12\\\/23\\\/tribunal-constitucional-espanol-ampara-a-exviceministro-de-chavez\\\/#primaryimage\"},\"thumbnailUrl\":\"https:\\\/\\\/digital58.com.ve\\\/site\\\/wp-content\\\/uploads\\\/2020\\\/12\\\/Nervis-Villalobos.jpg\",\"keywords\":[\"Espa\u00f1a\",\"Exviceministro\",\"Hugo Ch\u00e1vez\",\"Internacionales\",\"Nervis Villalobos\"],\"articleSection\":[\"Mundo\"],\"inLanguage\":\"es\",\"potentialAction\":[{\"@type\":\"CommentAction\",\"name\":\"Comment\",\"target\":[\"https:\\\/\\\/digital58.com.ve\\\/site\\\/2020\\\/12\\\/23\\\/tribunal-constitucional-espanol-ampara-a-exviceministro-de-chavez\\\/#respond\"]}]},{\"@type\":\"WebPage\",\"@id\":\"https:\\\/\\\/digital58.com.ve\\\/site\\\/2020\\\/12\\\/23\\\/tribunal-constitucional-espanol-ampara-a-exviceministro-de-chavez\\\/\",\"url\":\"https:\\\/\\\/digital58.com.ve\\\/site\\\/2020\\\/12\\\/23\\\/tribunal-constitucional-espanol-ampara-a-exviceministro-de-chavez\\\/\",\"name\":\"Tribunal Constitucional espa\u00f1ol ampara a exviceministro de Ch\u00e1vez\",\"isPartOf\":{\"@id\":\"https:\\\/\\\/digital58.com.ve\\\/site\\\/#website\"},\"primaryImageOfPage\":{\"@id\":\"https:\\\/\\\/digital58.com.ve\\\/site\\\/2020\\\/12\\\/23\\\/tribunal-constitucional-espanol-ampara-a-exviceministro-de-chavez\\\/#primaryimage\"},\"image\":{\"@id\":\"https:\\\/\\\/digital58.com.ve\\\/site\\\/2020\\\/12\\\/23\\\/tribunal-constitucional-espanol-ampara-a-exviceministro-de-chavez\\\/#primaryimage\"},\"thumbnailUrl\":\"https:\\\/\\\/digital58.com.ve\\\/site\\\/wp-content\\\/uploads\\\/2020\\\/12\\\/Nervis-Villalobos.jpg\",\"datePublished\":\"2020-12-24T02:53:44+00:00\",\"description\":\"Mundo\",\"breadcrumb\":{\"@id\":\"https:\\\/\\\/digital58.com.ve\\\/site\\\/2020\\\/12\\\/23\\\/tribunal-constitucional-espanol-ampara-a-exviceministro-de-chavez\\\/#breadcrumb\"},\"inLanguage\":\"es\",\"potentialAction\":[{\"@type\":\"ReadAction\",\"target\":[\"https:\\\/\\\/digital58.com.ve\\\/site\\\/2020\\\/12\\\/23\\\/tribunal-constitucional-espanol-ampara-a-exviceministro-de-chavez\\\/\"]}]},{\"@type\":\"ImageObject\",\"inLanguage\":\"es\",\"@id\":\"https:\\\/\\\/digital58.com.ve\\\/site\\\/2020\\\/12\\\/23\\\/tribunal-constitucional-espanol-ampara-a-exviceministro-de-chavez\\\/#primaryimage\",\"url\":\"https:\\\/\\\/digital58.com.ve\\\/site\\\/wp-content\\\/uploads\\\/2020\\\/12\\\/Nervis-Villalobos.jpg\",\"contentUrl\":\"https:\\\/\\\/digital58.com.ve\\\/site\\\/wp-content\\\/uploads\\\/2020\\\/12\\\/Nervis-Villalobos.jpg\",\"width\":746,\"height\":498},{\"@type\":\"BreadcrumbList\",\"@id\":\"https:\\\/\\\/digital58.com.ve\\\/site\\\/2020\\\/12\\\/23\\\/tribunal-constitucional-espanol-ampara-a-exviceministro-de-chavez\\\/#breadcrumb\",\"itemListElement\":[{\"@type\":\"ListItem\",\"position\":1,\"name\":\"Home\",\"item\":\"https:\\\/\\\/digital58.com.ve\\\/site\\\/\"},{\"@type\":\"ListItem\",\"position\":2,\"name\":\"Tribunal Constitucional espa\u00f1ol ampara a exviceministro de Ch\u00e1vez\"}]},{\"@type\":\"WebSite\",\"@id\":\"https:\\\/\\\/digital58.com.ve\\\/site\\\/#website\",\"url\":\"https:\\\/\\\/digital58.com.ve\\\/site\\\/\",\"name\":\"Noticias Digital58\",\"description\":\"Portal de Noticias \u00a1Periodismo web de verdad! Lanzamiento web 22.11.2005 \\\/ Maracaibo, Venezuela\",\"publisher\":{\"@id\":\"https:\\\/\\\/digital58.com.ve\\\/site\\\/#\\\/schema\\\/person\\\/64d1c2e4d0d4fd1b849980c4331c2951\"},\"alternateName\":\"ND58\",\"potentialAction\":[{\"@type\":\"SearchAction\",\"target\":{\"@type\":\"EntryPoint\",\"urlTemplate\":\"https:\\\/\\\/digital58.com.ve\\\/site\\\/?s={search_term_string}\"},\"query-input\":{\"@type\":\"PropertyValueSpecification\",\"valueRequired\":true,\"valueName\":\"search_term_string\"}}],\"inLanguage\":\"es\"},{\"@type\":[\"Person\",\"Organization\"],\"@id\":\"https:\\\/\\\/digital58.com.ve\\\/site\\\/#\\\/schema\\\/person\\\/64d1c2e4d0d4fd1b849980c4331c2951\",\"name\":\"Villasmil Henry\",\"image\":{\"@type\":\"ImageObject\",\"inLanguage\":\"es\",\"@id\":\"https:\\\/\\\/secure.gravatar.com\\\/avatar\\\/bb0c4a2fcb7970138239f7e404ea75757b1b507b28b5ce4c53fbd62d797c5a7c?s=96&d=mm&r=g\",\"url\":\"https:\\\/\\\/secure.gravatar.com\\\/avatar\\\/bb0c4a2fcb7970138239f7e404ea75757b1b507b28b5ce4c53fbd62d797c5a7c?s=96&d=mm&r=g\",\"contentUrl\":\"https:\\\/\\\/secure.gravatar.com\\\/avatar\\\/bb0c4a2fcb7970138239f7e404ea75757b1b507b28b5ce4c53fbd62d797c5a7c?s=96&d=mm&r=g\",\"caption\":\"Villasmil Henry\"},\"logo\":{\"@id\":\"https:\\\/\\\/secure.gravatar.com\\\/avatar\\\/bb0c4a2fcb7970138239f7e404ea75757b1b507b28b5ce4c53fbd62d797c5a7c?s=96&d=mm&r=g\"},\"sameAs\":[\"http:\\\/\\\/www.henryvillasmil.com.ve\",\"https:\\\/\\\/www.instagram.com\\\/villasmilhfoto\\\/\",\"https:\\\/\\\/x.com\\\/https:\\\/\\\/twitter.com\\\/villasmilhfoto\"],\"url\":\"https:\\\/\\\/digital58.com.ve\\\/site\\\/author\\\/droopy_68\\\/\"}]}<\/script>\n<!-- \/ Yoast SEO plugin. -->","yoast_head_json":{"title":"Tribunal Constitucional espa\u00f1ol ampara a exviceministro de Ch\u00e1vez","description":"Mundo","robots":{"index":"index","follow":"follow","max-snippet":"max-snippet:-1","max-image-preview":"max-image-preview:large","max-video-preview":"max-video-preview:-1"},"canonical":"https:\/\/digital58.com.ve\/site\/2020\/12\/23\/tribunal-constitucional-espanol-ampara-a-exviceministro-de-chavez\/","og_locale":"es_ES","og_type":"article","og_title":"Tribunal Constitucional espa\u00f1ol ampara a exviceministro de Ch\u00e1vez","og_description":"Mundo","og_url":"https:\/\/digital58.com.ve\/site\/2020\/12\/23\/tribunal-constitucional-espanol-ampara-a-exviceministro-de-chavez\/","og_site_name":"Noticias Digital58","article_published_time":"2020-12-24T02:53:44+00:00","og_image":[{"width":746,"height":498,"url":"https:\/\/digital58.com.ve\/site\/wp-content\/uploads\/2020\/12\/Nervis-Villalobos.jpg","type":"image\/jpeg"}],"author":"Villasmil Henry","twitter_card":"summary_large_image","twitter_creator":"@https:\/\/twitter.com\/villasmilhfoto","twitter_site":"@villasmilhfoto","twitter_misc":{"Escrito por":"Villasmil Henry","Tiempo estimado de lectura":"2 minutos"},"schema":{"@context":"https:\/\/schema.org","@graph":[{"@type":"Article","@id":"https:\/\/digital58.com.ve\/site\/2020\/12\/23\/tribunal-constitucional-espanol-ampara-a-exviceministro-de-chavez\/#article","isPartOf":{"@id":"https:\/\/digital58.com.ve\/site\/2020\/12\/23\/tribunal-constitucional-espanol-ampara-a-exviceministro-de-chavez\/"},"author":{"name":"Villasmil Henry","@id":"https:\/\/digital58.com.ve\/site\/#\/schema\/person\/64d1c2e4d0d4fd1b849980c4331c2951"},"headline":"Tribunal Constitucional espa\u00f1ol ampara a exviceministro de Ch\u00e1vez","datePublished":"2020-12-24T02:53:44+00:00","mainEntityOfPage":{"@id":"https:\/\/digital58.com.ve\/site\/2020\/12\/23\/tribunal-constitucional-espanol-ampara-a-exviceministro-de-chavez\/"},"wordCount":490,"commentCount":0,"publisher":{"@id":"https:\/\/digital58.com.ve\/site\/#\/schema\/person\/64d1c2e4d0d4fd1b849980c4331c2951"},"image":{"@id":"https:\/\/digital58.com.ve\/site\/2020\/12\/23\/tribunal-constitucional-espanol-ampara-a-exviceministro-de-chavez\/#primaryimage"},"thumbnailUrl":"https:\/\/digital58.com.ve\/site\/wp-content\/uploads\/2020\/12\/Nervis-Villalobos.jpg","keywords":["Espa\u00f1a","Exviceministro","Hugo Ch\u00e1vez","Internacionales","Nervis Villalobos"],"articleSection":["Mundo"],"inLanguage":"es","potentialAction":[{"@type":"CommentAction","name":"Comment","target":["https:\/\/digital58.com.ve\/site\/2020\/12\/23\/tribunal-constitucional-espanol-ampara-a-exviceministro-de-chavez\/#respond"]}]},{"@type":"WebPage","@id":"https:\/\/digital58.com.ve\/site\/2020\/12\/23\/tribunal-constitucional-espanol-ampara-a-exviceministro-de-chavez\/","url":"https:\/\/digital58.com.ve\/site\/2020\/12\/23\/tribunal-constitucional-espanol-ampara-a-exviceministro-de-chavez\/","name":"Tribunal Constitucional espa\u00f1ol ampara a exviceministro de Ch\u00e1vez","isPartOf":{"@id":"https:\/\/digital58.com.ve\/site\/#website"},"primaryImageOfPage":{"@id":"https:\/\/digital58.com.ve\/site\/2020\/12\/23\/tribunal-constitucional-espanol-ampara-a-exviceministro-de-chavez\/#primaryimage"},"image":{"@id":"https:\/\/digital58.com.ve\/site\/2020\/12\/23\/tribunal-constitucional-espanol-ampara-a-exviceministro-de-chavez\/#primaryimage"},"thumbnailUrl":"https:\/\/digital58.com.ve\/site\/wp-content\/uploads\/2020\/12\/Nervis-Villalobos.jpg","datePublished":"2020-12-24T02:53:44+00:00","description":"Mundo","breadcrumb":{"@id":"https:\/\/digital58.com.ve\/site\/2020\/12\/23\/tribunal-constitucional-espanol-ampara-a-exviceministro-de-chavez\/#breadcrumb"},"inLanguage":"es","potentialAction":[{"@type":"ReadAction","target":["https:\/\/digital58.com.ve\/site\/2020\/12\/23\/tribunal-constitucional-espanol-ampara-a-exviceministro-de-chavez\/"]}]},{"@type":"ImageObject","inLanguage":"es","@id":"https:\/\/digital58.com.ve\/site\/2020\/12\/23\/tribunal-constitucional-espanol-ampara-a-exviceministro-de-chavez\/#primaryimage","url":"https:\/\/digital58.com.ve\/site\/wp-content\/uploads\/2020\/12\/Nervis-Villalobos.jpg","contentUrl":"https:\/\/digital58.com.ve\/site\/wp-content\/uploads\/2020\/12\/Nervis-Villalobos.jpg","width":746,"height":498},{"@type":"BreadcrumbList","@id":"https:\/\/digital58.com.ve\/site\/2020\/12\/23\/tribunal-constitucional-espanol-ampara-a-exviceministro-de-chavez\/#breadcrumb","itemListElement":[{"@type":"ListItem","position":1,"name":"Home","item":"https:\/\/digital58.com.ve\/site\/"},{"@type":"ListItem","position":2,"name":"Tribunal Constitucional espa\u00f1ol ampara a exviceministro de Ch\u00e1vez"}]},{"@type":"WebSite","@id":"https:\/\/digital58.com.ve\/site\/#website","url":"https:\/\/digital58.com.ve\/site\/","name":"Noticias Digital58","description":"Portal de Noticias \u00a1Periodismo web de verdad! Lanzamiento web 22.11.2005 \/ Maracaibo, Venezuela","publisher":{"@id":"https:\/\/digital58.com.ve\/site\/#\/schema\/person\/64d1c2e4d0d4fd1b849980c4331c2951"},"alternateName":"ND58","potentialAction":[{"@type":"SearchAction","target":{"@type":"EntryPoint","urlTemplate":"https:\/\/digital58.com.ve\/site\/?s={search_term_string}"},"query-input":{"@type":"PropertyValueSpecification","valueRequired":true,"valueName":"search_term_string"}}],"inLanguage":"es"},{"@type":["Person","Organization"],"@id":"https:\/\/digital58.com.ve\/site\/#\/schema\/person\/64d1c2e4d0d4fd1b849980c4331c2951","name":"Villasmil Henry","image":{"@type":"ImageObject","inLanguage":"es","@id":"https:\/\/secure.gravatar.com\/avatar\/bb0c4a2fcb7970138239f7e404ea75757b1b507b28b5ce4c53fbd62d797c5a7c?s=96&d=mm&r=g","url":"https:\/\/secure.gravatar.com\/avatar\/bb0c4a2fcb7970138239f7e404ea75757b1b507b28b5ce4c53fbd62d797c5a7c?s=96&d=mm&r=g","contentUrl":"https:\/\/secure.gravatar.com\/avatar\/bb0c4a2fcb7970138239f7e404ea75757b1b507b28b5ce4c53fbd62d797c5a7c?s=96&d=mm&r=g","caption":"Villasmil Henry"},"logo":{"@id":"https:\/\/secure.gravatar.com\/avatar\/bb0c4a2fcb7970138239f7e404ea75757b1b507b28b5ce4c53fbd62d797c5a7c?s=96&d=mm&r=g"},"sameAs":["http:\/\/www.henryvillasmil.com.ve","https:\/\/www.instagram.com\/villasmilhfoto\/","https:\/\/x.com\/https:\/\/twitter.com\/villasmilhfoto"],"url":"https:\/\/digital58.com.ve\/site\/author\/droopy_68\/"}]}},"uagb_featured_image_src":{"full":["https:\/\/digital58.com.ve\/site\/wp-content\/uploads\/2020\/12\/Nervis-Villalobos.jpg",746,498,false],"thumbnail":["https:\/\/digital58.com.ve\/site\/wp-content\/uploads\/2020\/12\/Nervis-Villalobos-150x150.jpg",150,150,true],"medium":["https:\/\/digital58.com.ve\/site\/wp-content\/uploads\/2020\/12\/Nervis-Villalobos-300x200.jpg",300,200,true],"medium_large":["https:\/\/digital58.com.ve\/site\/wp-content\/uploads\/2020\/12\/Nervis-Villalobos.jpg",746,498,false],"large":["https:\/\/digital58.com.ve\/site\/wp-content\/uploads\/2020\/12\/Nervis-Villalobos.jpg",746,498,false],"1536x1536":["https:\/\/digital58.com.ve\/site\/wp-content\/uploads\/2020\/12\/Nervis-Villalobos.jpg",746,498,false],"2048x2048":["https:\/\/digital58.com.ve\/site\/wp-content\/uploads\/2020\/12\/Nervis-Villalobos.jpg",746,498,false],"colormag-highlighted-post":["https:\/\/digital58.com.ve\/site\/wp-content\/uploads\/2020\/12\/Nervis-Villalobos.jpg",392,262,false],"colormag-featured-post-medium":["https:\/\/digital58.com.ve\/site\/wp-content\/uploads\/2020\/12\/Nervis-Villalobos.jpg",307,205,false],"colormag-featured-post-small":["https:\/\/digital58.com.ve\/site\/wp-content\/uploads\/2020\/12\/Nervis-Villalobos.jpg",130,87,false],"colormag-featured-image":["https:\/\/digital58.com.ve\/site\/wp-content\/uploads\/2020\/12\/Nervis-Villalobos.jpg",667,445,false],"colormag-default-news":["https:\/\/digital58.com.ve\/site\/wp-content\/uploads\/2020\/12\/Nervis-Villalobos.jpg",150,100,false],"colormag-featured-image-large":["https:\/\/digital58.com.ve\/site\/wp-content\/uploads\/2020\/12\/Nervis-Villalobos.jpg",746,498,false]},"uagb_author_info":{"display_name":"Villasmil Henry","author_link":"https:\/\/digital58.com.ve\/site\/author\/droopy_68\/"},"uagb_comment_info":0,"uagb_excerpt":"El Tribunal Constitucional espa\u00f1ol ampar\u00f3 a Nervis Villalobos, exviceministro de Energ\u00eda de Venezuela con Hugo Ch\u00e1vez, al considerar que se","_links":{"self":[{"href":"https:\/\/digital58.com.ve\/site\/wp-json\/wp\/v2\/posts\/134319","targetHints":{"allow":["GET"]}}],"collection":[{"href":"https:\/\/digital58.com.ve\/site\/wp-json\/wp\/v2\/posts"}],"about":[{"href":"https:\/\/digital58.com.ve\/site\/wp-json\/wp\/v2\/types\/post"}],"author":[{"embeddable":true,"href":"https:\/\/digital58.com.ve\/site\/wp-json\/wp\/v2\/users\/1"}],"replies":[{"embeddable":true,"href":"https:\/\/digital58.com.ve\/site\/wp-json\/wp\/v2\/comments?post=134319"}],"version-history":[{"count":0,"href":"https:\/\/digital58.com.ve\/site\/wp-json\/wp\/v2\/posts\/134319\/revisions"}],"wp:featuredmedia":[{"embeddable":true,"href":"https:\/\/digital58.com.ve\/site\/wp-json\/wp\/v2\/media\/134320"}],"wp:attachment":[{"href":"https:\/\/digital58.com.ve\/site\/wp-json\/wp\/v2\/media?parent=134319"}],"wp:term":[{"taxonomy":"category","embeddable":true,"href":"https:\/\/digital58.com.ve\/site\/wp-json\/wp\/v2\/categories?post=134319"},{"taxonomy":"post_tag","embeddable":true,"href":"https:\/\/digital58.com.ve\/site\/wp-json\/wp\/v2\/tags?post=134319"}],"curies":[{"name":"wp","href":"https:\/\/api.w.org\/{rel}","templated":true}]}}