{"id":134360,"date":"2020-12-29T13:21:25","date_gmt":"2020-12-29T17:21:25","guid":{"rendered":"https:\/\/digital58.com.ve\/site\/?p=134360"},"modified":"2020-12-29T13:21:25","modified_gmt":"2020-12-29T17:21:25","slug":"al-menos-cinco-muertos-en-terremoto-que-sacudio-croacia","status":"publish","type":"post","link":"https:\/\/digital58.com.ve\/site\/2020\/12\/29\/al-menos-cinco-muertos-en-terremoto-que-sacudio-croacia\/","title":{"rendered":"Al menos cinco muertos en terremoto que sacudi\u00f3 Croacia"},"content":{"rendered":"<p><a href=\"https:\/\/digital58.com.ve\/site\/wp-content\/uploads\/2020\/12\/terremoto-croacia.jpg\"><img loading=\"lazy\" decoding=\"async\" class=\"aligncenter size-full wp-image-134362\" src=\"https:\/\/digital58.com.ve\/site\/wp-content\/uploads\/2020\/12\/terremoto-croacia.jpg\" alt=\"\" width=\"900\" height=\"610\" srcset=\"https:\/\/digital58.com.ve\/site\/wp-content\/uploads\/2020\/12\/terremoto-croacia.jpg 800w, https:\/\/digital58.com.ve\/site\/wp-content\/uploads\/2020\/12\/terremoto-croacia-300x203.jpg 300w, https:\/\/digital58.com.ve\/site\/wp-content\/uploads\/2020\/12\/terremoto-croacia-768x521.jpg 768w\" sizes=\"auto, (max-width: 900px) 100vw, 900px\" \/><\/a><\/p>\n<p>El temblor se sinti\u00f3 en toda Croacia y en varios pa\u00edses de Europa central.<\/p>\n<p><strong>Croacia, 29 de diciembre de 2020 (ND58).-<\/strong> Al menos cinco personas murieron este martes, entre ellas una ni\u00f1a, en el fuerte terremoto que hacia el mediod\u00eda de hoy sacudi\u00f3 una zona central de Croacia, mientras siguen las tareas para rescatar a ciudadanos de entre los escombros, informaron las autoridades locales.<\/p>\n<p>Muchos de los edificios de la ciudad de Petrinja, epicentro del se\u00edsmo de 6,2 grados de magnitud en la escala de Richter, as\u00ed como de localidades de la zona, han sido da\u00f1ados o derrumbados.<\/p>\n<p>\u00abCuatro v\u00edctimas son de estas casas\u00bb, dijo Branka Mitic, la vicealcaldesa de la ciudad de Glina (cerca de Petrinja) al mostrar a la televisi\u00f3n regional N1 las ruinas de dos viviendas en la aldea de Majske Poljane, en las afueras de la citada urbe.<\/p>\n<p>Anteriormente se hab\u00eda informado de la primera v\u00edctima en Petrinja, una ni\u00f1a de 12 a\u00f1os.<\/p>\n<p>\u00abTodav\u00eda est\u00e1n sacando a la gente de los escombros en Majske Poljane. Hay muchas ruinas, es posible que haya m\u00e1s v\u00edctimas\u00bb, indic\u00f3 Mitic cuando ya estaba cayendo la noche y la aldea, de unos 200 habitantes, segu\u00eda sin electricidad y sin agua potable.<\/p>\n<p><a href=\"https:\/\/digital58.com.ve\/site\/wp-content\/uploads\/2020\/12\/terremoto-croacia-2.jpg\"><img loading=\"lazy\" decoding=\"async\" class=\"aligncenter size-full wp-image-134361\" src=\"https:\/\/digital58.com.ve\/site\/wp-content\/uploads\/2020\/12\/terremoto-croacia-2.jpg\" alt=\"\" width=\"900\" height=\"600\" srcset=\"https:\/\/digital58.com.ve\/site\/wp-content\/uploads\/2020\/12\/terremoto-croacia-2.jpg 800w, https:\/\/digital58.com.ve\/site\/wp-content\/uploads\/2020\/12\/terremoto-croacia-2-300x200.jpg 300w, https:\/\/digital58.com.ve\/site\/wp-content\/uploads\/2020\/12\/terremoto-croacia-2-768x512.jpg 768w, https:\/\/digital58.com.ve\/site\/wp-content\/uploads\/2020\/12\/terremoto-croacia-2-720x480.jpg 720w, https:\/\/digital58.com.ve\/site\/wp-content\/uploads\/2020\/12\/terremoto-croacia-2-480x320.jpg 480w\" sizes=\"auto, (max-width: 900px) 100vw, 900px\" \/><\/a><\/p>\n<p>La vicealcaldesa pidi\u00f3 asistencia para esos ciudadanos, al considerar que no pueden pasar la noche en este lugar destruido.<\/p>\n<p>\u00abPedimos ayuda urgente. Necesitamos todo: contenedores de alojamiento, mantas, alimentos, medicina, m\u00e9dicos, todo\u00bb, urgi\u00f3.<\/p>\n<p>M\u00e1s de una veintena de personas resultaron heridas en Petrinja, dos de ellas, graves.<\/p>\n<p>El terremoto, registrado a las 12:20 hora local (11:20 GMT) de hoy, tuvo lugar despu\u00e9s de otro se\u00edsmo de 5,0 grados que ayer caus\u00f3 en la misma regi\u00f3n p\u00e1nico entre la poblaci\u00f3n.<\/p><div class=\"sckko69f4b8d9c2ef3\" ><p style=\"text-align: center;\"><a href=\"https:\/\/t.me\/noticiasdigital58\" target=\"_blank\" rel=\"noopener\"><img class=\"aligncenter size-full wp-image-125363\" src=\"https:\/\/digital58.com.ve\/site\/wp-content\/uploads\/2021\/04\/banner-telegram-web-2021.png\" alt=\"\" width=\"600\" height=\"90\" \/><\/a><\/p><\/div><style type=\"text\/css\">\r\n@media screen and (min-width: 1201px) {\r\n.sckko69f4b8d9c2ef3 {\r\ndisplay: block;\r\n}\r\n}\r\n@media screen and (min-width: 993px) and (max-width: 1200px) {\r\n.sckko69f4b8d9c2ef3 {\r\ndisplay: block;\r\n}\r\n}\r\n@media screen and (min-width: 769px) and (max-width: 992px) {\r\n.sckko69f4b8d9c2ef3 {\r\ndisplay: block;\r\n}\r\n}\r\n@media screen and (min-width: 768px) and (max-width: 768px) {\r\n.sckko69f4b8d9c2ef3 {\r\ndisplay: block;\r\n}\r\n}\r\n@media screen and (max-width: 767px) {\r\n.sckko69f4b8d9c2ef3 {\r\ndisplay: block;\r\n}\r\n}\r\n<\/style>\r\n\n<p><strong>Redacci\u00f3n ND58 | Fuente: EFE<\/strong><br \/>\n<strong>Edici\u00f3n: Villasmil, Henry<\/strong><br \/>\n<strong>Gr\u00e1fica: EFE<\/strong><\/p>\n<div style=\"margin-top: 0px; margin-bottom: 0px;\" class=\"sharethis-inline-share-buttons\" ><\/div>","protected":false},"excerpt":{"rendered":"<p>El temblor se sinti\u00f3 en toda Croacia y en varios pa\u00edses de Europa central. Croacia, 29 de diciembre de 2020<\/p>\n","protected":false},"author":1,"featured_media":134361,"comment_status":"open","ping_status":"closed","sticky":false,"template":"","format":"standard","meta":{"colormag_page_container_layout":"default_layout","colormag_page_sidebar_layout":"default_layout","_uag_custom_page_level_css":"","footnotes":""},"categories":[16451],"tags":[22871,22849,22869,129,1492,13766,22870,8,22868,9337],"class_list":["post-134360","post","type-post","status-publish","format-standard","has-post-thumbnail","hentry","category-mundo","tag-2-escala-de-richter","tag-22849","tag-branka-mitic","tag-croacia","tag-europa","tag-fallecidos","tag-glina","tag-internacionales","tag-petrinja","tag-terremoto"],"yoast_head":"<!-- This site is optimized with the Yoast SEO plugin v27.5 - https:\/\/yoast.com\/product\/yoast-seo-wordpress\/ -->\n<title>Al menos cinco muertos en terremoto que sacudi\u00f3 Croacia<\/title>\n<meta name=\"description\" content=\"Mundo\" \/>\n<meta name=\"robots\" content=\"index, follow, max-snippet:-1, max-image-preview:large, max-video-preview:-1\" \/>\n<link rel=\"canonical\" href=\"https:\/\/digital58.com.ve\/site\/2020\/12\/29\/al-menos-cinco-muertos-en-terremoto-que-sacudio-croacia\/\" \/>\n<meta property=\"og:locale\" content=\"es_ES\" \/>\n<meta property=\"og:type\" content=\"article\" \/>\n<meta property=\"og:title\" content=\"Al menos cinco muertos en terremoto que sacudi\u00f3 Croacia\" \/>\n<meta property=\"og:description\" content=\"Mundo\" \/>\n<meta property=\"og:url\" content=\"https:\/\/digital58.com.ve\/site\/2020\/12\/29\/al-menos-cinco-muertos-en-terremoto-que-sacudio-croacia\/\" \/>\n<meta property=\"og:site_name\" content=\"Noticias Digital58\" \/>\n<meta property=\"article:published_time\" content=\"2020-12-29T17:21:25+00:00\" \/>\n<meta property=\"og:image\" content=\"https:\/\/digital58.com.ve\/site\/wp-content\/uploads\/2020\/12\/terremoto-croacia-2.jpg\" \/>\n\t<meta property=\"og:image:width\" content=\"900\" \/>\n\t<meta property=\"og:image:height\" content=\"600\" \/>\n\t<meta property=\"og:image:type\" content=\"image\/jpeg\" \/>\n<meta name=\"author\" content=\"Villasmil Henry\" \/>\n<meta name=\"twitter:card\" content=\"summary_large_image\" \/>\n<meta name=\"twitter:creator\" content=\"@https:\/\/twitter.com\/villasmilhfoto\" \/>\n<meta name=\"twitter:site\" content=\"@villasmilhfoto\" \/>\n<meta name=\"twitter:label1\" content=\"Escrito por\" \/>\n\t<meta name=\"twitter:data1\" content=\"Villasmil Henry\" \/>\n\t<meta name=\"twitter:label2\" content=\"Tiempo estimado de lectura\" \/>\n\t<meta name=\"twitter:data2\" content=\"2 minutos\" \/>\n<script type=\"application\/ld+json\" class=\"yoast-schema-graph\">{\"@context\":\"https:\\\/\\\/schema.org\",\"@graph\":[{\"@type\":\"Article\",\"@id\":\"https:\\\/\\\/digital58.com.ve\\\/site\\\/2020\\\/12\\\/29\\\/al-menos-cinco-muertos-en-terremoto-que-sacudio-croacia\\\/#article\",\"isPartOf\":{\"@id\":\"https:\\\/\\\/digital58.com.ve\\\/site\\\/2020\\\/12\\\/29\\\/al-menos-cinco-muertos-en-terremoto-que-sacudio-croacia\\\/\"},\"author\":{\"name\":\"Villasmil Henry\",\"@id\":\"https:\\\/\\\/digital58.com.ve\\\/site\\\/#\\\/schema\\\/person\\\/64d1c2e4d0d4fd1b849980c4331c2951\"},\"headline\":\"Al menos cinco muertos en terremoto que sacudi\u00f3 Croacia\",\"datePublished\":\"2020-12-29T17:21:25+00:00\",\"mainEntityOfPage\":{\"@id\":\"https:\\\/\\\/digital58.com.ve\\\/site\\\/2020\\\/12\\\/29\\\/al-menos-cinco-muertos-en-terremoto-que-sacudio-croacia\\\/\"},\"wordCount\":316,\"commentCount\":0,\"publisher\":{\"@id\":\"https:\\\/\\\/digital58.com.ve\\\/site\\\/#\\\/schema\\\/person\\\/64d1c2e4d0d4fd1b849980c4331c2951\"},\"image\":{\"@id\":\"https:\\\/\\\/digital58.com.ve\\\/site\\\/2020\\\/12\\\/29\\\/al-menos-cinco-muertos-en-terremoto-que-sacudio-croacia\\\/#primaryimage\"},\"thumbnailUrl\":\"https:\\\/\\\/digital58.com.ve\\\/site\\\/wp-content\\\/uploads\\\/2020\\\/12\\\/terremoto-croacia-2.jpg\",\"keywords\":[\"2 escala de Richter\",\"6\",\"Branka Mitic\",\"Croacia\",\"Europa\",\"Fallecidos\",\"Glina\",\"Internacionales\",\"Petrinja\",\"Terremoto\"],\"articleSection\":[\"Mundo\"],\"inLanguage\":\"es\",\"potentialAction\":[{\"@type\":\"CommentAction\",\"name\":\"Comment\",\"target\":[\"https:\\\/\\\/digital58.com.ve\\\/site\\\/2020\\\/12\\\/29\\\/al-menos-cinco-muertos-en-terremoto-que-sacudio-croacia\\\/#respond\"]}]},{\"@type\":\"WebPage\",\"@id\":\"https:\\\/\\\/digital58.com.ve\\\/site\\\/2020\\\/12\\\/29\\\/al-menos-cinco-muertos-en-terremoto-que-sacudio-croacia\\\/\",\"url\":\"https:\\\/\\\/digital58.com.ve\\\/site\\\/2020\\\/12\\\/29\\\/al-menos-cinco-muertos-en-terremoto-que-sacudio-croacia\\\/\",\"name\":\"Al menos cinco muertos en terremoto que sacudi\u00f3 Croacia\",\"isPartOf\":{\"@id\":\"https:\\\/\\\/digital58.com.ve\\\/site\\\/#website\"},\"primaryImageOfPage\":{\"@id\":\"https:\\\/\\\/digital58.com.ve\\\/site\\\/2020\\\/12\\\/29\\\/al-menos-cinco-muertos-en-terremoto-que-sacudio-croacia\\\/#primaryimage\"},\"image\":{\"@id\":\"https:\\\/\\\/digital58.com.ve\\\/site\\\/2020\\\/12\\\/29\\\/al-menos-cinco-muertos-en-terremoto-que-sacudio-croacia\\\/#primaryimage\"},\"thumbnailUrl\":\"https:\\\/\\\/digital58.com.ve\\\/site\\\/wp-content\\\/uploads\\\/2020\\\/12\\\/terremoto-croacia-2.jpg\",\"datePublished\":\"2020-12-29T17:21:25+00:00\",\"description\":\"Mundo\",\"breadcrumb\":{\"@id\":\"https:\\\/\\\/digital58.com.ve\\\/site\\\/2020\\\/12\\\/29\\\/al-menos-cinco-muertos-en-terremoto-que-sacudio-croacia\\\/#breadcrumb\"},\"inLanguage\":\"es\",\"potentialAction\":[{\"@type\":\"ReadAction\",\"target\":[\"https:\\\/\\\/digital58.com.ve\\\/site\\\/2020\\\/12\\\/29\\\/al-menos-cinco-muertos-en-terremoto-que-sacudio-croacia\\\/\"]}]},{\"@type\":\"ImageObject\",\"inLanguage\":\"es\",\"@id\":\"https:\\\/\\\/digital58.com.ve\\\/site\\\/2020\\\/12\\\/29\\\/al-menos-cinco-muertos-en-terremoto-que-sacudio-croacia\\\/#primaryimage\",\"url\":\"https:\\\/\\\/digital58.com.ve\\\/site\\\/wp-content\\\/uploads\\\/2020\\\/12\\\/terremoto-croacia-2.jpg\",\"contentUrl\":\"https:\\\/\\\/digital58.com.ve\\\/site\\\/wp-content\\\/uploads\\\/2020\\\/12\\\/terremoto-croacia-2.jpg\",\"width\":800,\"height\":533},{\"@type\":\"BreadcrumbList\",\"@id\":\"https:\\\/\\\/digital58.com.ve\\\/site\\\/2020\\\/12\\\/29\\\/al-menos-cinco-muertos-en-terremoto-que-sacudio-croacia\\\/#breadcrumb\",\"itemListElement\":[{\"@type\":\"ListItem\",\"position\":1,\"name\":\"Home\",\"item\":\"https:\\\/\\\/digital58.com.ve\\\/site\\\/\"},{\"@type\":\"ListItem\",\"position\":2,\"name\":\"Al menos cinco muertos en terremoto que sacudi\u00f3 Croacia\"}]},{\"@type\":\"WebSite\",\"@id\":\"https:\\\/\\\/digital58.com.ve\\\/site\\\/#website\",\"url\":\"https:\\\/\\\/digital58.com.ve\\\/site\\\/\",\"name\":\"Noticias Digital58\",\"description\":\"Portal de Noticias \u00a1Periodismo web de verdad! Lanzamiento web 22.11.2005 \\\/ Maracaibo, Venezuela\",\"publisher\":{\"@id\":\"https:\\\/\\\/digital58.com.ve\\\/site\\\/#\\\/schema\\\/person\\\/64d1c2e4d0d4fd1b849980c4331c2951\"},\"alternateName\":\"ND58\",\"potentialAction\":[{\"@type\":\"SearchAction\",\"target\":{\"@type\":\"EntryPoint\",\"urlTemplate\":\"https:\\\/\\\/digital58.com.ve\\\/site\\\/?s={search_term_string}\"},\"query-input\":{\"@type\":\"PropertyValueSpecification\",\"valueRequired\":true,\"valueName\":\"search_term_string\"}}],\"inLanguage\":\"es\"},{\"@type\":[\"Person\",\"Organization\"],\"@id\":\"https:\\\/\\\/digital58.com.ve\\\/site\\\/#\\\/schema\\\/person\\\/64d1c2e4d0d4fd1b849980c4331c2951\",\"name\":\"Villasmil Henry\",\"image\":{\"@type\":\"ImageObject\",\"inLanguage\":\"es\",\"@id\":\"https:\\\/\\\/secure.gravatar.com\\\/avatar\\\/bb0c4a2fcb7970138239f7e404ea75757b1b507b28b5ce4c53fbd62d797c5a7c?s=96&d=mm&r=g\",\"url\":\"https:\\\/\\\/secure.gravatar.com\\\/avatar\\\/bb0c4a2fcb7970138239f7e404ea75757b1b507b28b5ce4c53fbd62d797c5a7c?s=96&d=mm&r=g\",\"contentUrl\":\"https:\\\/\\\/secure.gravatar.com\\\/avatar\\\/bb0c4a2fcb7970138239f7e404ea75757b1b507b28b5ce4c53fbd62d797c5a7c?s=96&d=mm&r=g\",\"caption\":\"Villasmil Henry\"},\"logo\":{\"@id\":\"https:\\\/\\\/secure.gravatar.com\\\/avatar\\\/bb0c4a2fcb7970138239f7e404ea75757b1b507b28b5ce4c53fbd62d797c5a7c?s=96&d=mm&r=g\"},\"sameAs\":[\"http:\\\/\\\/www.henryvillasmil.com.ve\",\"https:\\\/\\\/www.instagram.com\\\/villasmilhfoto\\\/\",\"https:\\\/\\\/x.com\\\/https:\\\/\\\/twitter.com\\\/villasmilhfoto\"],\"url\":\"https:\\\/\\\/digital58.com.ve\\\/site\\\/author\\\/droopy_68\\\/\"}]}<\/script>\n<!-- \/ Yoast SEO plugin. -->","yoast_head_json":{"title":"Al menos cinco muertos en terremoto que sacudi\u00f3 Croacia","description":"Mundo","robots":{"index":"index","follow":"follow","max-snippet":"max-snippet:-1","max-image-preview":"max-image-preview:large","max-video-preview":"max-video-preview:-1"},"canonical":"https:\/\/digital58.com.ve\/site\/2020\/12\/29\/al-menos-cinco-muertos-en-terremoto-que-sacudio-croacia\/","og_locale":"es_ES","og_type":"article","og_title":"Al menos cinco muertos en terremoto que sacudi\u00f3 Croacia","og_description":"Mundo","og_url":"https:\/\/digital58.com.ve\/site\/2020\/12\/29\/al-menos-cinco-muertos-en-terremoto-que-sacudio-croacia\/","og_site_name":"Noticias Digital58","article_published_time":"2020-12-29T17:21:25+00:00","og_image":[{"width":900,"height":600,"url":"https:\/\/digital58.com.ve\/site\/wp-content\/uploads\/2020\/12\/terremoto-croacia-2.jpg","type":"image\/jpeg"}],"author":"Villasmil Henry","twitter_card":"summary_large_image","twitter_creator":"@https:\/\/twitter.com\/villasmilhfoto","twitter_site":"@villasmilhfoto","twitter_misc":{"Escrito por":"Villasmil Henry","Tiempo estimado de lectura":"2 minutos"},"schema":{"@context":"https:\/\/schema.org","@graph":[{"@type":"Article","@id":"https:\/\/digital58.com.ve\/site\/2020\/12\/29\/al-menos-cinco-muertos-en-terremoto-que-sacudio-croacia\/#article","isPartOf":{"@id":"https:\/\/digital58.com.ve\/site\/2020\/12\/29\/al-menos-cinco-muertos-en-terremoto-que-sacudio-croacia\/"},"author":{"name":"Villasmil Henry","@id":"https:\/\/digital58.com.ve\/site\/#\/schema\/person\/64d1c2e4d0d4fd1b849980c4331c2951"},"headline":"Al menos cinco muertos en terremoto que sacudi\u00f3 Croacia","datePublished":"2020-12-29T17:21:25+00:00","mainEntityOfPage":{"@id":"https:\/\/digital58.com.ve\/site\/2020\/12\/29\/al-menos-cinco-muertos-en-terremoto-que-sacudio-croacia\/"},"wordCount":316,"commentCount":0,"publisher":{"@id":"https:\/\/digital58.com.ve\/site\/#\/schema\/person\/64d1c2e4d0d4fd1b849980c4331c2951"},"image":{"@id":"https:\/\/digital58.com.ve\/site\/2020\/12\/29\/al-menos-cinco-muertos-en-terremoto-que-sacudio-croacia\/#primaryimage"},"thumbnailUrl":"https:\/\/digital58.com.ve\/site\/wp-content\/uploads\/2020\/12\/terremoto-croacia-2.jpg","keywords":["2 escala de Richter","6","Branka Mitic","Croacia","Europa","Fallecidos","Glina","Internacionales","Petrinja","Terremoto"],"articleSection":["Mundo"],"inLanguage":"es","potentialAction":[{"@type":"CommentAction","name":"Comment","target":["https:\/\/digital58.com.ve\/site\/2020\/12\/29\/al-menos-cinco-muertos-en-terremoto-que-sacudio-croacia\/#respond"]}]},{"@type":"WebPage","@id":"https:\/\/digital58.com.ve\/site\/2020\/12\/29\/al-menos-cinco-muertos-en-terremoto-que-sacudio-croacia\/","url":"https:\/\/digital58.com.ve\/site\/2020\/12\/29\/al-menos-cinco-muertos-en-terremoto-que-sacudio-croacia\/","name":"Al menos cinco muertos en terremoto que sacudi\u00f3 Croacia","isPartOf":{"@id":"https:\/\/digital58.com.ve\/site\/#website"},"primaryImageOfPage":{"@id":"https:\/\/digital58.com.ve\/site\/2020\/12\/29\/al-menos-cinco-muertos-en-terremoto-que-sacudio-croacia\/#primaryimage"},"image":{"@id":"https:\/\/digital58.com.ve\/site\/2020\/12\/29\/al-menos-cinco-muertos-en-terremoto-que-sacudio-croacia\/#primaryimage"},"thumbnailUrl":"https:\/\/digital58.com.ve\/site\/wp-content\/uploads\/2020\/12\/terremoto-croacia-2.jpg","datePublished":"2020-12-29T17:21:25+00:00","description":"Mundo","breadcrumb":{"@id":"https:\/\/digital58.com.ve\/site\/2020\/12\/29\/al-menos-cinco-muertos-en-terremoto-que-sacudio-croacia\/#breadcrumb"},"inLanguage":"es","potentialAction":[{"@type":"ReadAction","target":["https:\/\/digital58.com.ve\/site\/2020\/12\/29\/al-menos-cinco-muertos-en-terremoto-que-sacudio-croacia\/"]}]},{"@type":"ImageObject","inLanguage":"es","@id":"https:\/\/digital58.com.ve\/site\/2020\/12\/29\/al-menos-cinco-muertos-en-terremoto-que-sacudio-croacia\/#primaryimage","url":"https:\/\/digital58.com.ve\/site\/wp-content\/uploads\/2020\/12\/terremoto-croacia-2.jpg","contentUrl":"https:\/\/digital58.com.ve\/site\/wp-content\/uploads\/2020\/12\/terremoto-croacia-2.jpg","width":800,"height":533},{"@type":"BreadcrumbList","@id":"https:\/\/digital58.com.ve\/site\/2020\/12\/29\/al-menos-cinco-muertos-en-terremoto-que-sacudio-croacia\/#breadcrumb","itemListElement":[{"@type":"ListItem","position":1,"name":"Home","item":"https:\/\/digital58.com.ve\/site\/"},{"@type":"ListItem","position":2,"name":"Al menos cinco muertos en terremoto que sacudi\u00f3 Croacia"}]},{"@type":"WebSite","@id":"https:\/\/digital58.com.ve\/site\/#website","url":"https:\/\/digital58.com.ve\/site\/","name":"Noticias Digital58","description":"Portal de Noticias \u00a1Periodismo web de verdad! Lanzamiento web 22.11.2005 \/ Maracaibo, Venezuela","publisher":{"@id":"https:\/\/digital58.com.ve\/site\/#\/schema\/person\/64d1c2e4d0d4fd1b849980c4331c2951"},"alternateName":"ND58","potentialAction":[{"@type":"SearchAction","target":{"@type":"EntryPoint","urlTemplate":"https:\/\/digital58.com.ve\/site\/?s={search_term_string}"},"query-input":{"@type":"PropertyValueSpecification","valueRequired":true,"valueName":"search_term_string"}}],"inLanguage":"es"},{"@type":["Person","Organization"],"@id":"https:\/\/digital58.com.ve\/site\/#\/schema\/person\/64d1c2e4d0d4fd1b849980c4331c2951","name":"Villasmil Henry","image":{"@type":"ImageObject","inLanguage":"es","@id":"https:\/\/secure.gravatar.com\/avatar\/bb0c4a2fcb7970138239f7e404ea75757b1b507b28b5ce4c53fbd62d797c5a7c?s=96&d=mm&r=g","url":"https:\/\/secure.gravatar.com\/avatar\/bb0c4a2fcb7970138239f7e404ea75757b1b507b28b5ce4c53fbd62d797c5a7c?s=96&d=mm&r=g","contentUrl":"https:\/\/secure.gravatar.com\/avatar\/bb0c4a2fcb7970138239f7e404ea75757b1b507b28b5ce4c53fbd62d797c5a7c?s=96&d=mm&r=g","caption":"Villasmil Henry"},"logo":{"@id":"https:\/\/secure.gravatar.com\/avatar\/bb0c4a2fcb7970138239f7e404ea75757b1b507b28b5ce4c53fbd62d797c5a7c?s=96&d=mm&r=g"},"sameAs":["http:\/\/www.henryvillasmil.com.ve","https:\/\/www.instagram.com\/villasmilhfoto\/","https:\/\/x.com\/https:\/\/twitter.com\/villasmilhfoto"],"url":"https:\/\/digital58.com.ve\/site\/author\/droopy_68\/"}]}},"uagb_featured_image_src":{"full":["https:\/\/digital58.com.ve\/site\/wp-content\/uploads\/2020\/12\/terremoto-croacia-2.jpg",800,533,false],"thumbnail":["https:\/\/digital58.com.ve\/site\/wp-content\/uploads\/2020\/12\/terremoto-croacia-2-150x150.jpg",150,150,true],"medium":["https:\/\/digital58.com.ve\/site\/wp-content\/uploads\/2020\/12\/terremoto-croacia-2-300x200.jpg",300,200,true],"medium_large":["https:\/\/digital58.com.ve\/site\/wp-content\/uploads\/2020\/12\/terremoto-croacia-2-768x512.jpg",768,512,true],"large":["https:\/\/digital58.com.ve\/site\/wp-content\/uploads\/2020\/12\/terremoto-croacia-2.jpg",800,533,false],"1536x1536":["https:\/\/digital58.com.ve\/site\/wp-content\/uploads\/2020\/12\/terremoto-croacia-2.jpg",800,533,false],"2048x2048":["https:\/\/digital58.com.ve\/site\/wp-content\/uploads\/2020\/12\/terremoto-croacia-2.jpg",800,533,false],"colormag-highlighted-post":["https:\/\/digital58.com.ve\/site\/wp-content\/uploads\/2020\/12\/terremoto-croacia-2.jpg",392,261,false],"colormag-featured-post-medium":["https:\/\/digital58.com.ve\/site\/wp-content\/uploads\/2020\/12\/terremoto-croacia-2.jpg",308,205,false],"colormag-featured-post-small":["https:\/\/digital58.com.ve\/site\/wp-content\/uploads\/2020\/12\/terremoto-croacia-2.jpg",130,87,false],"colormag-featured-image":["https:\/\/digital58.com.ve\/site\/wp-content\/uploads\/2020\/12\/terremoto-croacia-2.jpg",668,445,false],"colormag-default-news":["https:\/\/digital58.com.ve\/site\/wp-content\/uploads\/2020\/12\/terremoto-croacia-2.jpg",150,100,false],"colormag-featured-image-large":["https:\/\/digital58.com.ve\/site\/wp-content\/uploads\/2020\/12\/terremoto-croacia-2.jpg",800,533,false]},"uagb_author_info":{"display_name":"Villasmil Henry","author_link":"https:\/\/digital58.com.ve\/site\/author\/droopy_68\/"},"uagb_comment_info":0,"uagb_excerpt":"El temblor se sinti\u00f3 en toda Croacia y en varios pa\u00edses de Europa central. Croacia, 29 de diciembre de 2020","_links":{"self":[{"href":"https:\/\/digital58.com.ve\/site\/wp-json\/wp\/v2\/posts\/134360","targetHints":{"allow":["GET"]}}],"collection":[{"href":"https:\/\/digital58.com.ve\/site\/wp-json\/wp\/v2\/posts"}],"about":[{"href":"https:\/\/digital58.com.ve\/site\/wp-json\/wp\/v2\/types\/post"}],"author":[{"embeddable":true,"href":"https:\/\/digital58.com.ve\/site\/wp-json\/wp\/v2\/users\/1"}],"replies":[{"embeddable":true,"href":"https:\/\/digital58.com.ve\/site\/wp-json\/wp\/v2\/comments?post=134360"}],"version-history":[{"count":0,"href":"https:\/\/digital58.com.ve\/site\/wp-json\/wp\/v2\/posts\/134360\/revisions"}],"wp:featuredmedia":[{"embeddable":true,"href":"https:\/\/digital58.com.ve\/site\/wp-json\/wp\/v2\/media\/134361"}],"wp:attachment":[{"href":"https:\/\/digital58.com.ve\/site\/wp-json\/wp\/v2\/media?parent=134360"}],"wp:term":[{"taxonomy":"category","embeddable":true,"href":"https:\/\/digital58.com.ve\/site\/wp-json\/wp\/v2\/categories?post=134360"},{"taxonomy":"post_tag","embeddable":true,"href":"https:\/\/digital58.com.ve\/site\/wp-json\/wp\/v2\/tags?post=134360"}],"curies":[{"name":"wp","href":"https:\/\/api.w.org\/{rel}","templated":true}]}}