{"id":134555,"date":"2021-01-11T09:07:20","date_gmt":"2021-01-11T13:07:20","guid":{"rendered":"https:\/\/digital58.com.ve\/site\/?p=134555"},"modified":"2021-01-11T09:07:20","modified_gmt":"2021-01-11T13:07:20","slug":"venezuela-fortalecera-medidas-ante-preocupante-aumento-de-casos-de-la-covid-19","status":"publish","type":"post","link":"https:\/\/digital58.com.ve\/site\/2021\/01\/11\/venezuela-fortalecera-medidas-ante-preocupante-aumento-de-casos-de-la-covid-19\/","title":{"rendered":"Venezuela fortalecer\u00e1 medidas ante \u00abpreocupante\u00bb aumento de casos de la COVID-19"},"content":{"rendered":"<p><a href=\"https:\/\/digital58.com.ve\/site\/wp-content\/uploads\/2021\/01\/maduro-10-01-21.jpg\"><img loading=\"lazy\" decoding=\"async\" class=\"aligncenter size-full wp-image-134556\" src=\"https:\/\/digital58.com.ve\/site\/wp-content\/uploads\/2021\/01\/maduro-10-01-21.jpg\" alt=\"\" width=\"900\" height=\"600\" srcset=\"https:\/\/digital58.com.ve\/site\/wp-content\/uploads\/2021\/01\/maduro-10-01-21.jpg 800w, https:\/\/digital58.com.ve\/site\/wp-content\/uploads\/2021\/01\/maduro-10-01-21-300x200.jpg 300w, https:\/\/digital58.com.ve\/site\/wp-content\/uploads\/2021\/01\/maduro-10-01-21-768x512.jpg 768w, https:\/\/digital58.com.ve\/site\/wp-content\/uploads\/2021\/01\/maduro-10-01-21-720x480.jpg 720w, https:\/\/digital58.com.ve\/site\/wp-content\/uploads\/2021\/01\/maduro-10-01-21-480x320.jpg 480w\" sizes=\"auto, (max-width: 900px) 100vw, 900px\" \/><\/a><\/p>\n<p>En las \u00faltimas 24 horas las autoridades nacionales detectaron 424 nuevos casos de transmisi\u00f3n comunitaria y 14 internacionales. El estado Zulia con 77 contagios se ubic\u00f3 segunda entidad con m\u00e1s casos en la jornada.<\/p>\n<p><strong>Caracas, DC, Venezuela, 11 de enero de 2021 (ND58).-<\/strong> El presidente de Venezuela, Nicol\u00e1s Maduro, anunci\u00f3 este domingo que las autoridades reforzar\u00e1n las medidas adoptadas para frenar la COVID-19 ante un aumento de casos \u00abpreocupante\u00bb tras la flexibilizaci\u00f3n de la cuarentena adoptada en diciembre pasado.<\/p>\n<p>\u00abEstamos viendo un crecimiento que no se ha detenido, producto de diciembre, de las navidades\u00bb, asegur\u00f3 el mandatario en una reuni\u00f3n con parte de su gabinete en la que afirm\u00f3 que tanto la vicepresidenta ejecutiva, Delcy Rodr\u00edguez, como el ministro de Salud, Carlos Alvarado, han catalogado ese aumento como \u00abpreocupante\u00bb.<\/p>\n<p><strong>\u00abReanimar\u00bb Brigadas M\u00e9dicas<\/strong><\/p>\n<p>Frente a esta situaci\u00f3n, inform\u00f3 de que las autoridades van \u00aba reanimar, reactivar y llevar al m\u00e1ximo nivel las brigadas m\u00e9dicas\u00bb a las que, explic\u00f3, tuvieron que dar vacaciones en diciembre y parte de enero.<\/p>\n<p>Tambi\u00e9n exigi\u00f3 \u00abrevisar protocolos y su cumplimiento\u00bb en todos los centros m\u00e9dicos y hospitales del pa\u00eds que incluya hacer \u00abchequeo, auditor\u00eda, presencia y visita directa\u00bb por parte del comit\u00e9 encargado de atender la situaci\u00f3n de la COVID-19.<\/p>\n<p>El gobernante tambi\u00e9n reclam\u00f3 la reactivaci\u00f3n de \u00abtoda la capacidad\u00bb para que \u00abtodas las personas detectadas\u00bb con la COVID-19 ingresen en hospitales u hoteles especialmente habilitados para su tratamiento, aunque sean asintom\u00e1ticas.<\/p>\n<p>Adem\u00e1s, afirm\u00f3 que van a \u00abrevisar los protocolos de las cl\u00ednicas privadas\u00bb, ya que dijo haber recibido informaci\u00f3n de \u00abprecios exorbitantes\u00bb para atender a los pacientes de la COVID-19.<\/p>\n<p>Incluso, sostuvo, ha recibido denuncias sobre gente \u00abque ha llegado ahog\u00e1ndose y no la atienden porque no tienen la \u00abplatica\u00bb en la mano\u00bb.<\/p>\n<p>\u00abEso no puede ocurrir en Venezuela\u00bb, sostuvo antes de calificarlo como \u00abun crimen muy grave\u00bb y pedir a la Fiscal\u00eda que act\u00fae si eso sucede.<\/p>\n<p><strong>Detectan 438 nuevos casos<\/strong><\/p>\n<p>Por su parte, la vicepresidenta apostill\u00f3 que, en las \u00faltimas 24 horas las autoridades detectaron 424 nuevos casos de transmisi\u00f3n comunitaria y 14 internacionales.<\/p>\n<p>Caracas es la regi\u00f3n con m\u00e1s nuevos infectados con el nuevo coronavirus, con 88; seguida por el noroccidental Zulia, con 77, y el c\u00e9ntrico Lara, con 70.<\/p>\n<p>Por detr\u00e1s se ubica Miranda, que alberga parte del \u00e1rea de Caracas (54), el c\u00e9ntrico Yaracuy (34), el insular Nueva Esparta (26) y el andino T\u00e1chira (21).<\/p>\n<p>Los 14 casos de transmisi\u00f3n internacional eran viajeros que proced\u00edan de Turqu\u00eda (11), Rep\u00fablica Dominicana (1), M\u00e9xico (1) y Argentina (1).<\/p>\n<p>En este sentido, coment\u00f3 que el Instituto Nacional De Aeron\u00e1utica Civil Venezuela (INAC) est\u00e1 en conversaciones con hom\u00f3logos de entidades aeron\u00e1uticas civiles de otros pa\u00edses \u00abpara reforzar protocolos de ingreso al pa\u00eds con PCR debidamente certificada\u00bb.<\/p>\n<p>Hasta el momento, hay tres rutas a\u00e9reas autorizadas con Venezuela, las que unen el pa\u00eds con Bolivia, M\u00e9xico y Turqu\u00eda.<\/p>\n<p>Rodr\u00edguez no inform\u00f3 acerca del n\u00famero de muertos en las \u00faltimas 24 horas, una cifra sobre la que Maduro a\u00f1adi\u00f3 que \u00ablamentablemente ha crecido\u00bb.<\/p>\n<p>Los datos oficiales hechos p\u00fablicos hasta el s\u00e1bado muestran que 1.061 han fallecido en Venezuela como consecuencia de la COVID-19 desde que comenz\u00f3 la pandemia.<\/p>\n<p><strong>Una nueva semana de flexibizaci\u00f3n<\/strong><\/p>\n<p>Tras conocer las cifras, Maduro anunci\u00f3 que este lunes comienza una semana de flexibilizaci\u00f3n parcial segura de la econom\u00eda tras siete d\u00edas, los que concluyen este domingo, de cuarentena en un plan que el Gobierno denomina 7+7.<\/p>\n<p>\u00abAhora, el objetivo es parar el crecimiento, pararlo ya, controlarlo y, despu\u00e9s, empezar otra vez a bajar el n\u00famero de contagios\u00bb, asegur\u00f3.<\/p>\n<p>Por eso, el jefe del Estado afirm\u00f3 que todos los cuerpos policiales, militares y de seguridad, as\u00ed como las brigadas m\u00e9dicas, van \u00aba actuar con intensidad para garantizar la seguridad de la flexibilizaci\u00f3n\u00bb.<\/p>\n<p>\u00abNo estamos para \u00abguabineo\u00bb (tonter\u00edas) ni relajamientos\u00bb, concluy\u00f3.<\/p><div class=\"ekugg69f245203206d\" ><p style=\"text-align: center;\"><a href=\"https:\/\/t.me\/noticiasdigital58\" target=\"_blank\" rel=\"noopener\"><img class=\"aligncenter size-full wp-image-125363\" src=\"https:\/\/digital58.com.ve\/site\/wp-content\/uploads\/2021\/04\/banner-telegram-web-2021.png\" alt=\"\" width=\"600\" height=\"90\" \/><\/a><\/p><\/div><style type=\"text\/css\">\r\n@media screen and (min-width: 1201px) {\r\n.ekugg69f245203206d {\r\ndisplay: block;\r\n}\r\n}\r\n@media screen and (min-width: 993px) and (max-width: 1200px) {\r\n.ekugg69f245203206d {\r\ndisplay: block;\r\n}\r\n}\r\n@media screen and (min-width: 769px) and (max-width: 992px) {\r\n.ekugg69f245203206d {\r\ndisplay: block;\r\n}\r\n}\r\n@media screen and (min-width: 768px) and (max-width: 768px) {\r\n.ekugg69f245203206d {\r\ndisplay: block;\r\n}\r\n}\r\n@media screen and (max-width: 767px) {\r\n.ekugg69f245203206d {\r\ndisplay: block;\r\n}\r\n}\r\n<\/style>\r\n\n<p><strong>Redacci\u00f3n ND58 | Fuente: EFE<\/strong><br \/>\n<strong>Edici\u00f3n: Villasmil, Henry<\/strong><br \/>\n<strong>Gr\u00e1fica: EFE<\/strong><\/p>\n<div style=\"margin-top: 0px; margin-bottom: 0px;\" class=\"sharethis-inline-share-buttons\" ><\/div>","protected":false},"excerpt":{"rendered":"<p>En las \u00faltimas 24 horas las autoridades nacionales detectaron 424 nuevos casos de transmisi\u00f3n comunitaria y 14 internacionales. El estado<\/p>\n","protected":false},"author":1,"featured_media":134556,"comment_status":"open","ping_status":"closed","sticky":false,"template":"","format":"standard","meta":{"colormag_page_container_layout":"default_layout","colormag_page_sidebar_layout":"default_layout","_uag_custom_page_level_css":"","footnotes":""},"categories":[16454],"tags":[13352,13648,233,14182,13723,11941,14457,32],"class_list":["post-134555","post","type-post","status-publish","format-standard","has-post-thumbnail","hentry","category-venezuela","tag-coronavirus","tag-covid-19","tag-nacionales","tag-nicolas-maduro-moros","tag-pandemia","tag-presidencia-de-venezuela","tag-reporte-diario-covid-19","tag-venezuela"],"yoast_head":"<!-- This site is optimized with the Yoast SEO plugin v27.5 - https:\/\/yoast.com\/product\/yoast-seo-wordpress\/ -->\n<title>Venezuela fortalecer\u00e1 medidas ante \u00abpreocupante\u00bb aumento de casos de la COVID-19<\/title>\n<meta name=\"description\" content=\"Venezuela\" \/>\n<meta name=\"robots\" content=\"index, follow, max-snippet:-1, max-image-preview:large, max-video-preview:-1\" \/>\n<link rel=\"canonical\" href=\"https:\/\/digital58.com.ve\/site\/2021\/01\/11\/venezuela-fortalecera-medidas-ante-preocupante-aumento-de-casos-de-la-covid-19\/\" \/>\n<meta property=\"og:locale\" content=\"es_ES\" \/>\n<meta property=\"og:type\" content=\"article\" \/>\n<meta property=\"og:title\" content=\"Venezuela fortalecer\u00e1 medidas ante \u00abpreocupante\u00bb aumento de casos de la COVID-19\" \/>\n<meta property=\"og:description\" content=\"Venezuela\" \/>\n<meta property=\"og:url\" content=\"https:\/\/digital58.com.ve\/site\/2021\/01\/11\/venezuela-fortalecera-medidas-ante-preocupante-aumento-de-casos-de-la-covid-19\/\" \/>\n<meta property=\"og:site_name\" content=\"Noticias Digital58\" \/>\n<meta property=\"article:published_time\" content=\"2021-01-11T13:07:20+00:00\" \/>\n<meta property=\"og:image\" content=\"https:\/\/digital58.com.ve\/site\/wp-content\/uploads\/2021\/01\/maduro-10-01-21.jpg\" \/>\n\t<meta property=\"og:image:width\" content=\"900\" \/>\n\t<meta property=\"og:image:height\" content=\"600\" \/>\n\t<meta property=\"og:image:type\" content=\"image\/jpeg\" \/>\n<meta name=\"author\" content=\"Villasmil Henry\" \/>\n<meta name=\"twitter:card\" content=\"summary_large_image\" \/>\n<meta name=\"twitter:creator\" content=\"@https:\/\/twitter.com\/villasmilhfoto\" \/>\n<meta name=\"twitter:site\" content=\"@villasmilhfoto\" \/>\n<meta name=\"twitter:label1\" content=\"Escrito por\" \/>\n\t<meta name=\"twitter:data1\" content=\"Villasmil Henry\" \/>\n\t<meta name=\"twitter:label2\" content=\"Tiempo estimado de lectura\" \/>\n\t<meta name=\"twitter:data2\" content=\"3 minutos\" \/>\n<script type=\"application\/ld+json\" class=\"yoast-schema-graph\">{\"@context\":\"https:\\\/\\\/schema.org\",\"@graph\":[{\"@type\":\"Article\",\"@id\":\"https:\\\/\\\/digital58.com.ve\\\/site\\\/2021\\\/01\\\/11\\\/venezuela-fortalecera-medidas-ante-preocupante-aumento-de-casos-de-la-covid-19\\\/#article\",\"isPartOf\":{\"@id\":\"https:\\\/\\\/digital58.com.ve\\\/site\\\/2021\\\/01\\\/11\\\/venezuela-fortalecera-medidas-ante-preocupante-aumento-de-casos-de-la-covid-19\\\/\"},\"author\":{\"name\":\"Villasmil Henry\",\"@id\":\"https:\\\/\\\/digital58.com.ve\\\/site\\\/#\\\/schema\\\/person\\\/64d1c2e4d0d4fd1b849980c4331c2951\"},\"headline\":\"Venezuela fortalecer\u00e1 medidas ante \u00abpreocupante\u00bb aumento de casos de la COVID-19\",\"datePublished\":\"2021-01-11T13:07:20+00:00\",\"mainEntityOfPage\":{\"@id\":\"https:\\\/\\\/digital58.com.ve\\\/site\\\/2021\\\/01\\\/11\\\/venezuela-fortalecera-medidas-ante-preocupante-aumento-de-casos-de-la-covid-19\\\/\"},\"wordCount\":685,\"commentCount\":0,\"publisher\":{\"@id\":\"https:\\\/\\\/digital58.com.ve\\\/site\\\/#\\\/schema\\\/person\\\/64d1c2e4d0d4fd1b849980c4331c2951\"},\"image\":{\"@id\":\"https:\\\/\\\/digital58.com.ve\\\/site\\\/2021\\\/01\\\/11\\\/venezuela-fortalecera-medidas-ante-preocupante-aumento-de-casos-de-la-covid-19\\\/#primaryimage\"},\"thumbnailUrl\":\"https:\\\/\\\/digital58.com.ve\\\/site\\\/wp-content\\\/uploads\\\/2021\\\/01\\\/maduro-10-01-21.jpg\",\"keywords\":[\"Coronavirus\",\"COVID-19\",\"Nacionales\",\"Nicol\u00e1s Maduro Moros\",\"Pandemia\",\"Presidencia de Venezuela\",\"Reporte Diario COVID-19\",\"Venezuela\"],\"articleSection\":[\"Venezuela\"],\"inLanguage\":\"es\",\"potentialAction\":[{\"@type\":\"CommentAction\",\"name\":\"Comment\",\"target\":[\"https:\\\/\\\/digital58.com.ve\\\/site\\\/2021\\\/01\\\/11\\\/venezuela-fortalecera-medidas-ante-preocupante-aumento-de-casos-de-la-covid-19\\\/#respond\"]}]},{\"@type\":\"WebPage\",\"@id\":\"https:\\\/\\\/digital58.com.ve\\\/site\\\/2021\\\/01\\\/11\\\/venezuela-fortalecera-medidas-ante-preocupante-aumento-de-casos-de-la-covid-19\\\/\",\"url\":\"https:\\\/\\\/digital58.com.ve\\\/site\\\/2021\\\/01\\\/11\\\/venezuela-fortalecera-medidas-ante-preocupante-aumento-de-casos-de-la-covid-19\\\/\",\"name\":\"Venezuela fortalecer\u00e1 medidas ante \u00abpreocupante\u00bb aumento de casos de la COVID-19\",\"isPartOf\":{\"@id\":\"https:\\\/\\\/digital58.com.ve\\\/site\\\/#website\"},\"primaryImageOfPage\":{\"@id\":\"https:\\\/\\\/digital58.com.ve\\\/site\\\/2021\\\/01\\\/11\\\/venezuela-fortalecera-medidas-ante-preocupante-aumento-de-casos-de-la-covid-19\\\/#primaryimage\"},\"image\":{\"@id\":\"https:\\\/\\\/digital58.com.ve\\\/site\\\/2021\\\/01\\\/11\\\/venezuela-fortalecera-medidas-ante-preocupante-aumento-de-casos-de-la-covid-19\\\/#primaryimage\"},\"thumbnailUrl\":\"https:\\\/\\\/digital58.com.ve\\\/site\\\/wp-content\\\/uploads\\\/2021\\\/01\\\/maduro-10-01-21.jpg\",\"datePublished\":\"2021-01-11T13:07:20+00:00\",\"description\":\"Venezuela\",\"breadcrumb\":{\"@id\":\"https:\\\/\\\/digital58.com.ve\\\/site\\\/2021\\\/01\\\/11\\\/venezuela-fortalecera-medidas-ante-preocupante-aumento-de-casos-de-la-covid-19\\\/#breadcrumb\"},\"inLanguage\":\"es\",\"potentialAction\":[{\"@type\":\"ReadAction\",\"target\":[\"https:\\\/\\\/digital58.com.ve\\\/site\\\/2021\\\/01\\\/11\\\/venezuela-fortalecera-medidas-ante-preocupante-aumento-de-casos-de-la-covid-19\\\/\"]}]},{\"@type\":\"ImageObject\",\"inLanguage\":\"es\",\"@id\":\"https:\\\/\\\/digital58.com.ve\\\/site\\\/2021\\\/01\\\/11\\\/venezuela-fortalecera-medidas-ante-preocupante-aumento-de-casos-de-la-covid-19\\\/#primaryimage\",\"url\":\"https:\\\/\\\/digital58.com.ve\\\/site\\\/wp-content\\\/uploads\\\/2021\\\/01\\\/maduro-10-01-21.jpg\",\"contentUrl\":\"https:\\\/\\\/digital58.com.ve\\\/site\\\/wp-content\\\/uploads\\\/2021\\\/01\\\/maduro-10-01-21.jpg\",\"width\":800,\"height\":533},{\"@type\":\"BreadcrumbList\",\"@id\":\"https:\\\/\\\/digital58.com.ve\\\/site\\\/2021\\\/01\\\/11\\\/venezuela-fortalecera-medidas-ante-preocupante-aumento-de-casos-de-la-covid-19\\\/#breadcrumb\",\"itemListElement\":[{\"@type\":\"ListItem\",\"position\":1,\"name\":\"Home\",\"item\":\"https:\\\/\\\/digital58.com.ve\\\/site\\\/\"},{\"@type\":\"ListItem\",\"position\":2,\"name\":\"Venezuela fortalecer\u00e1 medidas ante \u00abpreocupante\u00bb aumento de casos de la COVID-19\"}]},{\"@type\":\"WebSite\",\"@id\":\"https:\\\/\\\/digital58.com.ve\\\/site\\\/#website\",\"url\":\"https:\\\/\\\/digital58.com.ve\\\/site\\\/\",\"name\":\"Noticias Digital58\",\"description\":\"Portal de Noticias \u00a1Periodismo web de verdad! Lanzamiento web 22.11.2005 \\\/ Maracaibo, Venezuela\",\"publisher\":{\"@id\":\"https:\\\/\\\/digital58.com.ve\\\/site\\\/#\\\/schema\\\/person\\\/64d1c2e4d0d4fd1b849980c4331c2951\"},\"alternateName\":\"ND58\",\"potentialAction\":[{\"@type\":\"SearchAction\",\"target\":{\"@type\":\"EntryPoint\",\"urlTemplate\":\"https:\\\/\\\/digital58.com.ve\\\/site\\\/?s={search_term_string}\"},\"query-input\":{\"@type\":\"PropertyValueSpecification\",\"valueRequired\":true,\"valueName\":\"search_term_string\"}}],\"inLanguage\":\"es\"},{\"@type\":[\"Person\",\"Organization\"],\"@id\":\"https:\\\/\\\/digital58.com.ve\\\/site\\\/#\\\/schema\\\/person\\\/64d1c2e4d0d4fd1b849980c4331c2951\",\"name\":\"Villasmil Henry\",\"image\":{\"@type\":\"ImageObject\",\"inLanguage\":\"es\",\"@id\":\"https:\\\/\\\/secure.gravatar.com\\\/avatar\\\/bb0c4a2fcb7970138239f7e404ea75757b1b507b28b5ce4c53fbd62d797c5a7c?s=96&d=mm&r=g\",\"url\":\"https:\\\/\\\/secure.gravatar.com\\\/avatar\\\/bb0c4a2fcb7970138239f7e404ea75757b1b507b28b5ce4c53fbd62d797c5a7c?s=96&d=mm&r=g\",\"contentUrl\":\"https:\\\/\\\/secure.gravatar.com\\\/avatar\\\/bb0c4a2fcb7970138239f7e404ea75757b1b507b28b5ce4c53fbd62d797c5a7c?s=96&d=mm&r=g\",\"caption\":\"Villasmil Henry\"},\"logo\":{\"@id\":\"https:\\\/\\\/secure.gravatar.com\\\/avatar\\\/bb0c4a2fcb7970138239f7e404ea75757b1b507b28b5ce4c53fbd62d797c5a7c?s=96&d=mm&r=g\"},\"sameAs\":[\"http:\\\/\\\/www.henryvillasmil.com.ve\",\"https:\\\/\\\/www.instagram.com\\\/villasmilhfoto\\\/\",\"https:\\\/\\\/x.com\\\/https:\\\/\\\/twitter.com\\\/villasmilhfoto\"],\"url\":\"https:\\\/\\\/digital58.com.ve\\\/site\\\/author\\\/droopy_68\\\/\"}]}<\/script>\n<!-- \/ Yoast SEO plugin. -->","yoast_head_json":{"title":"Venezuela fortalecer\u00e1 medidas ante \u00abpreocupante\u00bb aumento de casos de la COVID-19","description":"Venezuela","robots":{"index":"index","follow":"follow","max-snippet":"max-snippet:-1","max-image-preview":"max-image-preview:large","max-video-preview":"max-video-preview:-1"},"canonical":"https:\/\/digital58.com.ve\/site\/2021\/01\/11\/venezuela-fortalecera-medidas-ante-preocupante-aumento-de-casos-de-la-covid-19\/","og_locale":"es_ES","og_type":"article","og_title":"Venezuela fortalecer\u00e1 medidas ante \u00abpreocupante\u00bb aumento de casos de la COVID-19","og_description":"Venezuela","og_url":"https:\/\/digital58.com.ve\/site\/2021\/01\/11\/venezuela-fortalecera-medidas-ante-preocupante-aumento-de-casos-de-la-covid-19\/","og_site_name":"Noticias Digital58","article_published_time":"2021-01-11T13:07:20+00:00","og_image":[{"width":900,"height":600,"url":"https:\/\/digital58.com.ve\/site\/wp-content\/uploads\/2021\/01\/maduro-10-01-21.jpg","type":"image\/jpeg"}],"author":"Villasmil Henry","twitter_card":"summary_large_image","twitter_creator":"@https:\/\/twitter.com\/villasmilhfoto","twitter_site":"@villasmilhfoto","twitter_misc":{"Escrito por":"Villasmil Henry","Tiempo estimado de lectura":"3 minutos"},"schema":{"@context":"https:\/\/schema.org","@graph":[{"@type":"Article","@id":"https:\/\/digital58.com.ve\/site\/2021\/01\/11\/venezuela-fortalecera-medidas-ante-preocupante-aumento-de-casos-de-la-covid-19\/#article","isPartOf":{"@id":"https:\/\/digital58.com.ve\/site\/2021\/01\/11\/venezuela-fortalecera-medidas-ante-preocupante-aumento-de-casos-de-la-covid-19\/"},"author":{"name":"Villasmil Henry","@id":"https:\/\/digital58.com.ve\/site\/#\/schema\/person\/64d1c2e4d0d4fd1b849980c4331c2951"},"headline":"Venezuela fortalecer\u00e1 medidas ante \u00abpreocupante\u00bb aumento de casos de la COVID-19","datePublished":"2021-01-11T13:07:20+00:00","mainEntityOfPage":{"@id":"https:\/\/digital58.com.ve\/site\/2021\/01\/11\/venezuela-fortalecera-medidas-ante-preocupante-aumento-de-casos-de-la-covid-19\/"},"wordCount":685,"commentCount":0,"publisher":{"@id":"https:\/\/digital58.com.ve\/site\/#\/schema\/person\/64d1c2e4d0d4fd1b849980c4331c2951"},"image":{"@id":"https:\/\/digital58.com.ve\/site\/2021\/01\/11\/venezuela-fortalecera-medidas-ante-preocupante-aumento-de-casos-de-la-covid-19\/#primaryimage"},"thumbnailUrl":"https:\/\/digital58.com.ve\/site\/wp-content\/uploads\/2021\/01\/maduro-10-01-21.jpg","keywords":["Coronavirus","COVID-19","Nacionales","Nicol\u00e1s Maduro Moros","Pandemia","Presidencia de Venezuela","Reporte Diario COVID-19","Venezuela"],"articleSection":["Venezuela"],"inLanguage":"es","potentialAction":[{"@type":"CommentAction","name":"Comment","target":["https:\/\/digital58.com.ve\/site\/2021\/01\/11\/venezuela-fortalecera-medidas-ante-preocupante-aumento-de-casos-de-la-covid-19\/#respond"]}]},{"@type":"WebPage","@id":"https:\/\/digital58.com.ve\/site\/2021\/01\/11\/venezuela-fortalecera-medidas-ante-preocupante-aumento-de-casos-de-la-covid-19\/","url":"https:\/\/digital58.com.ve\/site\/2021\/01\/11\/venezuela-fortalecera-medidas-ante-preocupante-aumento-de-casos-de-la-covid-19\/","name":"Venezuela fortalecer\u00e1 medidas ante \u00abpreocupante\u00bb aumento de casos de la COVID-19","isPartOf":{"@id":"https:\/\/digital58.com.ve\/site\/#website"},"primaryImageOfPage":{"@id":"https:\/\/digital58.com.ve\/site\/2021\/01\/11\/venezuela-fortalecera-medidas-ante-preocupante-aumento-de-casos-de-la-covid-19\/#primaryimage"},"image":{"@id":"https:\/\/digital58.com.ve\/site\/2021\/01\/11\/venezuela-fortalecera-medidas-ante-preocupante-aumento-de-casos-de-la-covid-19\/#primaryimage"},"thumbnailUrl":"https:\/\/digital58.com.ve\/site\/wp-content\/uploads\/2021\/01\/maduro-10-01-21.jpg","datePublished":"2021-01-11T13:07:20+00:00","description":"Venezuela","breadcrumb":{"@id":"https:\/\/digital58.com.ve\/site\/2021\/01\/11\/venezuela-fortalecera-medidas-ante-preocupante-aumento-de-casos-de-la-covid-19\/#breadcrumb"},"inLanguage":"es","potentialAction":[{"@type":"ReadAction","target":["https:\/\/digital58.com.ve\/site\/2021\/01\/11\/venezuela-fortalecera-medidas-ante-preocupante-aumento-de-casos-de-la-covid-19\/"]}]},{"@type":"ImageObject","inLanguage":"es","@id":"https:\/\/digital58.com.ve\/site\/2021\/01\/11\/venezuela-fortalecera-medidas-ante-preocupante-aumento-de-casos-de-la-covid-19\/#primaryimage","url":"https:\/\/digital58.com.ve\/site\/wp-content\/uploads\/2021\/01\/maduro-10-01-21.jpg","contentUrl":"https:\/\/digital58.com.ve\/site\/wp-content\/uploads\/2021\/01\/maduro-10-01-21.jpg","width":800,"height":533},{"@type":"BreadcrumbList","@id":"https:\/\/digital58.com.ve\/site\/2021\/01\/11\/venezuela-fortalecera-medidas-ante-preocupante-aumento-de-casos-de-la-covid-19\/#breadcrumb","itemListElement":[{"@type":"ListItem","position":1,"name":"Home","item":"https:\/\/digital58.com.ve\/site\/"},{"@type":"ListItem","position":2,"name":"Venezuela fortalecer\u00e1 medidas ante \u00abpreocupante\u00bb aumento de casos de la COVID-19"}]},{"@type":"WebSite","@id":"https:\/\/digital58.com.ve\/site\/#website","url":"https:\/\/digital58.com.ve\/site\/","name":"Noticias Digital58","description":"Portal de Noticias \u00a1Periodismo web de verdad! Lanzamiento web 22.11.2005 \/ Maracaibo, Venezuela","publisher":{"@id":"https:\/\/digital58.com.ve\/site\/#\/schema\/person\/64d1c2e4d0d4fd1b849980c4331c2951"},"alternateName":"ND58","potentialAction":[{"@type":"SearchAction","target":{"@type":"EntryPoint","urlTemplate":"https:\/\/digital58.com.ve\/site\/?s={search_term_string}"},"query-input":{"@type":"PropertyValueSpecification","valueRequired":true,"valueName":"search_term_string"}}],"inLanguage":"es"},{"@type":["Person","Organization"],"@id":"https:\/\/digital58.com.ve\/site\/#\/schema\/person\/64d1c2e4d0d4fd1b849980c4331c2951","name":"Villasmil Henry","image":{"@type":"ImageObject","inLanguage":"es","@id":"https:\/\/secure.gravatar.com\/avatar\/bb0c4a2fcb7970138239f7e404ea75757b1b507b28b5ce4c53fbd62d797c5a7c?s=96&d=mm&r=g","url":"https:\/\/secure.gravatar.com\/avatar\/bb0c4a2fcb7970138239f7e404ea75757b1b507b28b5ce4c53fbd62d797c5a7c?s=96&d=mm&r=g","contentUrl":"https:\/\/secure.gravatar.com\/avatar\/bb0c4a2fcb7970138239f7e404ea75757b1b507b28b5ce4c53fbd62d797c5a7c?s=96&d=mm&r=g","caption":"Villasmil Henry"},"logo":{"@id":"https:\/\/secure.gravatar.com\/avatar\/bb0c4a2fcb7970138239f7e404ea75757b1b507b28b5ce4c53fbd62d797c5a7c?s=96&d=mm&r=g"},"sameAs":["http:\/\/www.henryvillasmil.com.ve","https:\/\/www.instagram.com\/villasmilhfoto\/","https:\/\/x.com\/https:\/\/twitter.com\/villasmilhfoto"],"url":"https:\/\/digital58.com.ve\/site\/author\/droopy_68\/"}]}},"uagb_featured_image_src":{"full":["https:\/\/digital58.com.ve\/site\/wp-content\/uploads\/2021\/01\/maduro-10-01-21.jpg",800,533,false],"thumbnail":["https:\/\/digital58.com.ve\/site\/wp-content\/uploads\/2021\/01\/maduro-10-01-21-150x150.jpg",150,150,true],"medium":["https:\/\/digital58.com.ve\/site\/wp-content\/uploads\/2021\/01\/maduro-10-01-21-300x200.jpg",300,200,true],"medium_large":["https:\/\/digital58.com.ve\/site\/wp-content\/uploads\/2021\/01\/maduro-10-01-21-768x512.jpg",768,512,true],"large":["https:\/\/digital58.com.ve\/site\/wp-content\/uploads\/2021\/01\/maduro-10-01-21.jpg",800,533,false],"1536x1536":["https:\/\/digital58.com.ve\/site\/wp-content\/uploads\/2021\/01\/maduro-10-01-21.jpg",800,533,false],"2048x2048":["https:\/\/digital58.com.ve\/site\/wp-content\/uploads\/2021\/01\/maduro-10-01-21.jpg",800,533,false],"colormag-highlighted-post":["https:\/\/digital58.com.ve\/site\/wp-content\/uploads\/2021\/01\/maduro-10-01-21.jpg",392,261,false],"colormag-featured-post-medium":["https:\/\/digital58.com.ve\/site\/wp-content\/uploads\/2021\/01\/maduro-10-01-21.jpg",308,205,false],"colormag-featured-post-small":["https:\/\/digital58.com.ve\/site\/wp-content\/uploads\/2021\/01\/maduro-10-01-21.jpg",130,87,false],"colormag-featured-image":["https:\/\/digital58.com.ve\/site\/wp-content\/uploads\/2021\/01\/maduro-10-01-21.jpg",668,445,false],"colormag-default-news":["https:\/\/digital58.com.ve\/site\/wp-content\/uploads\/2021\/01\/maduro-10-01-21.jpg",150,100,false],"colormag-featured-image-large":["https:\/\/digital58.com.ve\/site\/wp-content\/uploads\/2021\/01\/maduro-10-01-21.jpg",800,533,false]},"uagb_author_info":{"display_name":"Villasmil Henry","author_link":"https:\/\/digital58.com.ve\/site\/author\/droopy_68\/"},"uagb_comment_info":0,"uagb_excerpt":"En las \u00faltimas 24 horas las autoridades nacionales detectaron 424 nuevos casos de transmisi\u00f3n comunitaria y 14 internacionales. El estado","_links":{"self":[{"href":"https:\/\/digital58.com.ve\/site\/wp-json\/wp\/v2\/posts\/134555","targetHints":{"allow":["GET"]}}],"collection":[{"href":"https:\/\/digital58.com.ve\/site\/wp-json\/wp\/v2\/posts"}],"about":[{"href":"https:\/\/digital58.com.ve\/site\/wp-json\/wp\/v2\/types\/post"}],"author":[{"embeddable":true,"href":"https:\/\/digital58.com.ve\/site\/wp-json\/wp\/v2\/users\/1"}],"replies":[{"embeddable":true,"href":"https:\/\/digital58.com.ve\/site\/wp-json\/wp\/v2\/comments?post=134555"}],"version-history":[{"count":0,"href":"https:\/\/digital58.com.ve\/site\/wp-json\/wp\/v2\/posts\/134555\/revisions"}],"wp:featuredmedia":[{"embeddable":true,"href":"https:\/\/digital58.com.ve\/site\/wp-json\/wp\/v2\/media\/134556"}],"wp:attachment":[{"href":"https:\/\/digital58.com.ve\/site\/wp-json\/wp\/v2\/media?parent=134555"}],"wp:term":[{"taxonomy":"category","embeddable":true,"href":"https:\/\/digital58.com.ve\/site\/wp-json\/wp\/v2\/categories?post=134555"},{"taxonomy":"post_tag","embeddable":true,"href":"https:\/\/digital58.com.ve\/site\/wp-json\/wp\/v2\/tags?post=134555"}],"curies":[{"name":"wp","href":"https:\/\/api.w.org\/{rel}","templated":true}]}}