{"id":134575,"date":"2021-01-12T23:26:24","date_gmt":"2021-01-13T03:26:24","guid":{"rendered":"https:\/\/digital58.com.ve\/site\/?p=134575"},"modified":"2021-01-12T23:32:45","modified_gmt":"2021-01-13T03:32:45","slug":"cuba-tacha-de-hipocrita-su-regreso-a-lista-de-patrocinadores-del-terrorismo","status":"publish","type":"post","link":"https:\/\/digital58.com.ve\/site\/2021\/01\/12\/cuba-tacha-de-hipocrita-su-regreso-a-lista-de-patrocinadores-del-terrorismo\/","title":{"rendered":"Cuba tacha de \u00abhip\u00f3crita\u00bb su regreso a lista de patrocinadores del terrorismo"},"content":{"rendered":"<p><a href=\"https:\/\/digital58.com.ve\/site\/wp-content\/uploads\/2021\/01\/Bruno-Rodriguez.jpg\"><img loading=\"lazy\" decoding=\"async\" class=\"aligncenter size-full wp-image-134576\" src=\"https:\/\/digital58.com.ve\/site\/wp-content\/uploads\/2021\/01\/Bruno-Rodriguez.jpg\" alt=\"\" width=\"900\" height=\"487\" srcset=\"https:\/\/digital58.com.ve\/site\/wp-content\/uploads\/2021\/01\/Bruno-Rodriguez.jpg 800w, https:\/\/digital58.com.ve\/site\/wp-content\/uploads\/2021\/01\/Bruno-Rodriguez-300x162.jpg 300w, https:\/\/digital58.com.ve\/site\/wp-content\/uploads\/2021\/01\/Bruno-Rodriguez-768x416.jpg 768w\" sizes=\"auto, (max-width: 900px) 100vw, 900px\" \/><\/a><\/p>\n<p>El presidente electo Joe Biden ha prometido descongelar el proceso de acercamiento a la isla impulsado por Obama y revertir \u2014a\u00fan no se ha precisado si en parte o en su totalidad\u2014 las sanciones impuestas por Trump sobre la naci\u00f3n caribe\u00f1a.<\/p>\n<p><strong>Cuba, 12 de enero de 2021 (ND58).-<\/strong> El ministro cubano de Exteriores, Bruno Rodr\u00edguez, calific\u00f3 de \u00abhip\u00f3crita y c\u00ednica\u00bb la decisi\u00f3n de la Administraci\u00f3n saliente de Estados Unidos de reincorporar a Cuba a la lista de Estados patrocinadores del terrorismo de la que hab\u00eda sido retirada en 2015 por el Gobierno de Barack Obama (2009-2017).<\/p>\n<p>\u00abCondenamos la hip\u00f3crita y c\u00ednica calificaci\u00f3n de Cuba como Estado patrocinador del terrorismo, anunciada por EEUU\u00bb, escribi\u00f3 el canciller en su cuenta de Twitter.<\/p>\n<p>Rodr\u00edguez agreg\u00f3 que el \u00aboportunismo pol\u00edtico\u00bb de esta acci\u00f3n \u00abes reconocido por todo el que tenga una preocupaci\u00f3n honesta ante el flagelo del terrorismo y sus v\u00edctimas\u00bb<\/p>\n<p>La nueva medida, adoptada a nueve d\u00edas de finalizar el mandato del presidente Donald Trump, puede complicar los posibles planes del mandatario entrante, Joe Biden, de retomar el proceso de normalizaci\u00f3n iniciado por Obama en 2014 y frenado desde 2017 por su sucesor.<\/p>\n<p>El reingreso en la lista de patrocinadores del terrorismo no tom\u00f3 por sorpresa al Gobierno cubano, que el 30 de enero de 2020 denunci\u00f3 una \u00abmaniobra\u00bb de Estados Unidos en este sentido con el fin de \u00abcomplacer a la minor\u00eda anticubana en la Florida\u00bb, seg\u00fan dijo entonces el ministro de Exteriores.<\/p>\n<p><strong>ELN, fugitivos y Venezuela<\/strong><\/p>\n<p>Al anunciar este lunes la nueva medida, el secretario de Estado estadounidense, Mike Pompeo, dijo que el regreso de la isla a la lista se debi\u00f3 al hecho de \u00abbrindar apoyo repetidamente a actos de terrorismo internacional al otorgar refugio seguro a terroristas\u00bb.<\/p>\n<p>En concreto, aludi\u00f3 a la negativa del Ejecutivo cubano a extraditar a diez miembros de la guerrilla colombiana Ej\u00e9rcito de Liberaci\u00f3n Nacional (ELN), que viajaron a La Habana para participar en negociaciones de paz con el Gobierno del pa\u00eds andino.<\/p>\n<p>Colombia responsabiliza al grupo guerrillero del ataque terrorista perpetrado contra una academia de polic\u00eda en Bogot\u00e1 hace casi dos a\u00f1os que mat\u00f3 a 22 personas e hiri\u00f3 a m\u00e1s de 87, y ha solicitado repetidamente a La Habana la extradici\u00f3n de los representantes del ELN que permanecen en la capital cubana.<\/p>\n<p>Cuba, pa\u00eds garante de los di\u00e1logos de paz, ha rechazado reiteradamente esta solicitud, al considerar que supondr\u00eda una violaci\u00f3n de los protocolos internacionales que amparan las negociaciones.<\/p>\n<p>Pompeo tambi\u00e9n acus\u00f3 a Cuba de albergar a varios fugitivos estadounidenses y de ejercer una \u00abinterferencia maligna en Venezuela y en el resto del hemisferio occidental\u00bb.<\/p>\n<p><strong>Declaraci\u00f3n de la Canciller\u00eda<\/strong><\/p>\n<p>En una declaraci\u00f3n posterior, la Canciller\u00eda cubana afirm\u00f3 que esta medida de Washington es un acto \u00absoberbio\u00bb de un gobierno \u00abdesprestigiado, deshonesto y en bancarrota moral\u00bb.<\/p>\n<p>Adem\u00e1s consider\u00f3 que la verdadera motivaci\u00f3n de esta acci\u00f3n es imponer \u00abobst\u00e1culos adicionales\u00bb a cualquier perspectiva de recuperaci\u00f3n en las relaciones bilaterales entre Cuba y los Estados Unidos.<\/p>\n<p>El Ministerio de Relaciones Exteriores de la isla tambi\u00e9n afirma que Cuba \u00abno es un Estado patrocinador del terrorismo\u00bb, sino que lo rechaza \u00aben todas sus formas y manifestaciones\u00bb, y sostiene que es un estado \u00abv\u00edctima del terrorismo\u00bb por actos cometidos por el gobierno de EE.UU. o perpetrados y patrocinados desde su territorio que han dejado 3.478 muertos y 2.099 discapacitados.<\/p>\n<p><strong>Cuatro a\u00f1os de sanciones<\/strong><\/p>\n<p>Cuba ingres\u00f3 en la lista de pa\u00edses patrocinadores del terrorismo en 1982 y sali\u00f3 en mayo del 2015, en pleno proceso de la normalizaci\u00f3n de las relaciones bilaterales con el pa\u00eds vecino luego de casi seis d\u00e9cadas de tensiones y desencuentros.<\/p>\n<p>Pero la llegada de Trump a la Casa Blanca abri\u00f3 una nueva etapa de tensiones entre La Habana y Washington que llevo las relaciones a los niveles m\u00e1s bajos.<\/p>\n<p>Las restricciones impuestas al pa\u00eds caribe\u00f1o por el gobierno del republicano durante sus cuatro a\u00f1os en el poder sobre sectores estrat\u00e9gicos de Cuba han deteriorado la ya maltrecha econom\u00eda cubana, que atraviesa su peor crisis en tres d\u00e9cadas.<\/p>\n<p>De hecho, las sanciones asociadas a la inclusi\u00f3n de un pa\u00eds en la lista negra de terrorismo ya pesaban sobre Cuba debido al embargo comercial y financiero que EE.UU. mantiene desde hace seis d\u00e9cadas sobre la isla.<\/p><div class=\"kohgr69f4698f3012d\" ><p style=\"text-align: center;\"><a href=\"https:\/\/t.me\/noticiasdigital58\" target=\"_blank\" rel=\"noopener\"><img class=\"aligncenter size-full wp-image-125363\" src=\"https:\/\/digital58.com.ve\/site\/wp-content\/uploads\/2021\/04\/banner-telegram-web-2021.png\" alt=\"\" width=\"600\" height=\"90\" \/><\/a><\/p><\/div><style type=\"text\/css\">\r\n@media screen and (min-width: 1201px) {\r\n.kohgr69f4698f3012d {\r\ndisplay: block;\r\n}\r\n}\r\n@media screen and (min-width: 993px) and (max-width: 1200px) {\r\n.kohgr69f4698f3012d {\r\ndisplay: block;\r\n}\r\n}\r\n@media screen and (min-width: 769px) and (max-width: 992px) {\r\n.kohgr69f4698f3012d {\r\ndisplay: block;\r\n}\r\n}\r\n@media screen and (min-width: 768px) and (max-width: 768px) {\r\n.kohgr69f4698f3012d {\r\ndisplay: block;\r\n}\r\n}\r\n@media screen and (max-width: 767px) {\r\n.kohgr69f4698f3012d {\r\ndisplay: block;\r\n}\r\n}\r\n<\/style>\r\n\n<p><strong>Redacci\u00f3n ND58 | Fuente: EFE<\/strong><br \/>\n<strong>Edici\u00f3n: Villasmil, Henry<\/strong><br \/>\n<strong>Gr\u00e1fica: Archivo<\/strong><\/p>\n<div style=\"margin-top: 0px; margin-bottom: 0px;\" class=\"sharethis-inline-share-buttons\" ><\/div>","protected":false},"excerpt":{"rendered":"<p>El presidente electo Joe Biden ha prometido descongelar el proceso de acercamiento a la isla impulsado por Obama y revertir<\/p>\n","protected":false},"author":1,"featured_media":134576,"comment_status":"open","ping_status":"closed","sticky":false,"template":"","format":"standard","meta":{"colormag_page_container_layout":"default_layout","colormag_page_sidebar_layout":"default_layout","_uag_custom_page_level_css":"","footnotes":""},"categories":[16451],"tags":[22915,4141,1304,8,961,22916],"class_list":["post-134575","post","type-post","status-publish","format-standard","has-post-thumbnail","hentry","category-mundo","tag-bruno-rodriguez","tag-cuba","tag-estados-unidos","tag-internacionales","tag-joe-biden","tag-ministro-cubano-de-exteriores"],"yoast_head":"<!-- This site is optimized with the Yoast SEO plugin v27.5 - https:\/\/yoast.com\/product\/yoast-seo-wordpress\/ -->\n<title>Cuba tacha de \u00abhip\u00f3crita\u00bb su regreso a lista de patrocinadores del terrorismo<\/title>\n<meta name=\"description\" content=\"Mundo\" \/>\n<meta name=\"robots\" content=\"index, follow, max-snippet:-1, max-image-preview:large, max-video-preview:-1\" \/>\n<link rel=\"canonical\" href=\"https:\/\/digital58.com.ve\/site\/2021\/01\/12\/cuba-tacha-de-hipocrita-su-regreso-a-lista-de-patrocinadores-del-terrorismo\/\" \/>\n<meta property=\"og:locale\" content=\"es_ES\" \/>\n<meta property=\"og:type\" content=\"article\" \/>\n<meta property=\"og:title\" content=\"Cuba tacha de \u00abhip\u00f3crita\u00bb su regreso a lista de patrocinadores del terrorismo\" \/>\n<meta property=\"og:description\" content=\"Mundo\" \/>\n<meta property=\"og:url\" content=\"https:\/\/digital58.com.ve\/site\/2021\/01\/12\/cuba-tacha-de-hipocrita-su-regreso-a-lista-de-patrocinadores-del-terrorismo\/\" \/>\n<meta property=\"og:site_name\" content=\"Noticias Digital58\" \/>\n<meta property=\"article:published_time\" content=\"2021-01-13T03:26:24+00:00\" \/>\n<meta property=\"article:modified_time\" content=\"2021-01-13T03:32:45+00:00\" \/>\n<meta property=\"og:image\" content=\"https:\/\/digital58.com.ve\/site\/wp-content\/uploads\/2021\/01\/Bruno-Rodriguez.jpg\" \/>\n\t<meta property=\"og:image:width\" content=\"900\" \/>\n\t<meta property=\"og:image:height\" content=\"487\" \/>\n\t<meta property=\"og:image:type\" content=\"image\/jpeg\" \/>\n<meta name=\"author\" content=\"Villasmil Henry\" \/>\n<meta name=\"twitter:card\" content=\"summary_large_image\" \/>\n<meta name=\"twitter:creator\" content=\"@https:\/\/twitter.com\/villasmilhfoto\" \/>\n<meta name=\"twitter:site\" content=\"@villasmilhfoto\" \/>\n<meta name=\"twitter:label1\" content=\"Escrito por\" \/>\n\t<meta name=\"twitter:data1\" content=\"Villasmil Henry\" \/>\n\t<meta name=\"twitter:label2\" content=\"Tiempo estimado de lectura\" \/>\n\t<meta name=\"twitter:data2\" content=\"4 minutos\" \/>\n<script type=\"application\/ld+json\" class=\"yoast-schema-graph\">{\"@context\":\"https:\\\/\\\/schema.org\",\"@graph\":[{\"@type\":\"Article\",\"@id\":\"https:\\\/\\\/digital58.com.ve\\\/site\\\/2021\\\/01\\\/12\\\/cuba-tacha-de-hipocrita-su-regreso-a-lista-de-patrocinadores-del-terrorismo\\\/#article\",\"isPartOf\":{\"@id\":\"https:\\\/\\\/digital58.com.ve\\\/site\\\/2021\\\/01\\\/12\\\/cuba-tacha-de-hipocrita-su-regreso-a-lista-de-patrocinadores-del-terrorismo\\\/\"},\"author\":{\"name\":\"Villasmil Henry\",\"@id\":\"https:\\\/\\\/digital58.com.ve\\\/site\\\/#\\\/schema\\\/person\\\/64d1c2e4d0d4fd1b849980c4331c2951\"},\"headline\":\"Cuba tacha de \u00abhip\u00f3crita\u00bb su regreso a lista de patrocinadores del terrorismo\",\"datePublished\":\"2021-01-13T03:26:24+00:00\",\"dateModified\":\"2021-01-13T03:32:45+00:00\",\"mainEntityOfPage\":{\"@id\":\"https:\\\/\\\/digital58.com.ve\\\/site\\\/2021\\\/01\\\/12\\\/cuba-tacha-de-hipocrita-su-regreso-a-lista-de-patrocinadores-del-terrorismo\\\/\"},\"wordCount\":774,\"commentCount\":0,\"publisher\":{\"@id\":\"https:\\\/\\\/digital58.com.ve\\\/site\\\/#\\\/schema\\\/person\\\/64d1c2e4d0d4fd1b849980c4331c2951\"},\"image\":{\"@id\":\"https:\\\/\\\/digital58.com.ve\\\/site\\\/2021\\\/01\\\/12\\\/cuba-tacha-de-hipocrita-su-regreso-a-lista-de-patrocinadores-del-terrorismo\\\/#primaryimage\"},\"thumbnailUrl\":\"https:\\\/\\\/digital58.com.ve\\\/site\\\/wp-content\\\/uploads\\\/2021\\\/01\\\/Bruno-Rodriguez.jpg\",\"keywords\":[\"Bruno Rodr\u00edguez\",\"Cuba\",\"Estados Unidos\",\"Internacionales\",\"Joe Biden\",\"Ministro cubano de Exteriores\"],\"articleSection\":[\"Mundo\"],\"inLanguage\":\"es\",\"potentialAction\":[{\"@type\":\"CommentAction\",\"name\":\"Comment\",\"target\":[\"https:\\\/\\\/digital58.com.ve\\\/site\\\/2021\\\/01\\\/12\\\/cuba-tacha-de-hipocrita-su-regreso-a-lista-de-patrocinadores-del-terrorismo\\\/#respond\"]}]},{\"@type\":\"WebPage\",\"@id\":\"https:\\\/\\\/digital58.com.ve\\\/site\\\/2021\\\/01\\\/12\\\/cuba-tacha-de-hipocrita-su-regreso-a-lista-de-patrocinadores-del-terrorismo\\\/\",\"url\":\"https:\\\/\\\/digital58.com.ve\\\/site\\\/2021\\\/01\\\/12\\\/cuba-tacha-de-hipocrita-su-regreso-a-lista-de-patrocinadores-del-terrorismo\\\/\",\"name\":\"Cuba tacha de \u00abhip\u00f3crita\u00bb su regreso a lista de patrocinadores del terrorismo\",\"isPartOf\":{\"@id\":\"https:\\\/\\\/digital58.com.ve\\\/site\\\/#website\"},\"primaryImageOfPage\":{\"@id\":\"https:\\\/\\\/digital58.com.ve\\\/site\\\/2021\\\/01\\\/12\\\/cuba-tacha-de-hipocrita-su-regreso-a-lista-de-patrocinadores-del-terrorismo\\\/#primaryimage\"},\"image\":{\"@id\":\"https:\\\/\\\/digital58.com.ve\\\/site\\\/2021\\\/01\\\/12\\\/cuba-tacha-de-hipocrita-su-regreso-a-lista-de-patrocinadores-del-terrorismo\\\/#primaryimage\"},\"thumbnailUrl\":\"https:\\\/\\\/digital58.com.ve\\\/site\\\/wp-content\\\/uploads\\\/2021\\\/01\\\/Bruno-Rodriguez.jpg\",\"datePublished\":\"2021-01-13T03:26:24+00:00\",\"dateModified\":\"2021-01-13T03:32:45+00:00\",\"description\":\"Mundo\",\"breadcrumb\":{\"@id\":\"https:\\\/\\\/digital58.com.ve\\\/site\\\/2021\\\/01\\\/12\\\/cuba-tacha-de-hipocrita-su-regreso-a-lista-de-patrocinadores-del-terrorismo\\\/#breadcrumb\"},\"inLanguage\":\"es\",\"potentialAction\":[{\"@type\":\"ReadAction\",\"target\":[\"https:\\\/\\\/digital58.com.ve\\\/site\\\/2021\\\/01\\\/12\\\/cuba-tacha-de-hipocrita-su-regreso-a-lista-de-patrocinadores-del-terrorismo\\\/\"]}]},{\"@type\":\"ImageObject\",\"inLanguage\":\"es\",\"@id\":\"https:\\\/\\\/digital58.com.ve\\\/site\\\/2021\\\/01\\\/12\\\/cuba-tacha-de-hipocrita-su-regreso-a-lista-de-patrocinadores-del-terrorismo\\\/#primaryimage\",\"url\":\"https:\\\/\\\/digital58.com.ve\\\/site\\\/wp-content\\\/uploads\\\/2021\\\/01\\\/Bruno-Rodriguez.jpg\",\"contentUrl\":\"https:\\\/\\\/digital58.com.ve\\\/site\\\/wp-content\\\/uploads\\\/2021\\\/01\\\/Bruno-Rodriguez.jpg\",\"width\":800,\"height\":433},{\"@type\":\"BreadcrumbList\",\"@id\":\"https:\\\/\\\/digital58.com.ve\\\/site\\\/2021\\\/01\\\/12\\\/cuba-tacha-de-hipocrita-su-regreso-a-lista-de-patrocinadores-del-terrorismo\\\/#breadcrumb\",\"itemListElement\":[{\"@type\":\"ListItem\",\"position\":1,\"name\":\"Home\",\"item\":\"https:\\\/\\\/digital58.com.ve\\\/site\\\/\"},{\"@type\":\"ListItem\",\"position\":2,\"name\":\"Cuba tacha de \u00abhip\u00f3crita\u00bb su regreso a lista de patrocinadores del terrorismo\"}]},{\"@type\":\"WebSite\",\"@id\":\"https:\\\/\\\/digital58.com.ve\\\/site\\\/#website\",\"url\":\"https:\\\/\\\/digital58.com.ve\\\/site\\\/\",\"name\":\"Noticias Digital58\",\"description\":\"Portal de Noticias \u00a1Periodismo web de verdad! Lanzamiento web 22.11.2005 \\\/ Maracaibo, Venezuela\",\"publisher\":{\"@id\":\"https:\\\/\\\/digital58.com.ve\\\/site\\\/#\\\/schema\\\/person\\\/64d1c2e4d0d4fd1b849980c4331c2951\"},\"alternateName\":\"ND58\",\"potentialAction\":[{\"@type\":\"SearchAction\",\"target\":{\"@type\":\"EntryPoint\",\"urlTemplate\":\"https:\\\/\\\/digital58.com.ve\\\/site\\\/?s={search_term_string}\"},\"query-input\":{\"@type\":\"PropertyValueSpecification\",\"valueRequired\":true,\"valueName\":\"search_term_string\"}}],\"inLanguage\":\"es\"},{\"@type\":[\"Person\",\"Organization\"],\"@id\":\"https:\\\/\\\/digital58.com.ve\\\/site\\\/#\\\/schema\\\/person\\\/64d1c2e4d0d4fd1b849980c4331c2951\",\"name\":\"Villasmil Henry\",\"image\":{\"@type\":\"ImageObject\",\"inLanguage\":\"es\",\"@id\":\"https:\\\/\\\/secure.gravatar.com\\\/avatar\\\/bb0c4a2fcb7970138239f7e404ea75757b1b507b28b5ce4c53fbd62d797c5a7c?s=96&d=mm&r=g\",\"url\":\"https:\\\/\\\/secure.gravatar.com\\\/avatar\\\/bb0c4a2fcb7970138239f7e404ea75757b1b507b28b5ce4c53fbd62d797c5a7c?s=96&d=mm&r=g\",\"contentUrl\":\"https:\\\/\\\/secure.gravatar.com\\\/avatar\\\/bb0c4a2fcb7970138239f7e404ea75757b1b507b28b5ce4c53fbd62d797c5a7c?s=96&d=mm&r=g\",\"caption\":\"Villasmil Henry\"},\"logo\":{\"@id\":\"https:\\\/\\\/secure.gravatar.com\\\/avatar\\\/bb0c4a2fcb7970138239f7e404ea75757b1b507b28b5ce4c53fbd62d797c5a7c?s=96&d=mm&r=g\"},\"sameAs\":[\"http:\\\/\\\/www.henryvillasmil.com.ve\",\"https:\\\/\\\/www.instagram.com\\\/villasmilhfoto\\\/\",\"https:\\\/\\\/x.com\\\/https:\\\/\\\/twitter.com\\\/villasmilhfoto\"],\"url\":\"https:\\\/\\\/digital58.com.ve\\\/site\\\/author\\\/droopy_68\\\/\"}]}<\/script>\n<!-- \/ Yoast SEO plugin. -->","yoast_head_json":{"title":"Cuba tacha de \u00abhip\u00f3crita\u00bb su regreso a lista de patrocinadores del terrorismo","description":"Mundo","robots":{"index":"index","follow":"follow","max-snippet":"max-snippet:-1","max-image-preview":"max-image-preview:large","max-video-preview":"max-video-preview:-1"},"canonical":"https:\/\/digital58.com.ve\/site\/2021\/01\/12\/cuba-tacha-de-hipocrita-su-regreso-a-lista-de-patrocinadores-del-terrorismo\/","og_locale":"es_ES","og_type":"article","og_title":"Cuba tacha de \u00abhip\u00f3crita\u00bb su regreso a lista de patrocinadores del terrorismo","og_description":"Mundo","og_url":"https:\/\/digital58.com.ve\/site\/2021\/01\/12\/cuba-tacha-de-hipocrita-su-regreso-a-lista-de-patrocinadores-del-terrorismo\/","og_site_name":"Noticias Digital58","article_published_time":"2021-01-13T03:26:24+00:00","article_modified_time":"2021-01-13T03:32:45+00:00","og_image":[{"width":900,"height":487,"url":"https:\/\/digital58.com.ve\/site\/wp-content\/uploads\/2021\/01\/Bruno-Rodriguez.jpg","type":"image\/jpeg"}],"author":"Villasmil Henry","twitter_card":"summary_large_image","twitter_creator":"@https:\/\/twitter.com\/villasmilhfoto","twitter_site":"@villasmilhfoto","twitter_misc":{"Escrito por":"Villasmil Henry","Tiempo estimado de lectura":"4 minutos"},"schema":{"@context":"https:\/\/schema.org","@graph":[{"@type":"Article","@id":"https:\/\/digital58.com.ve\/site\/2021\/01\/12\/cuba-tacha-de-hipocrita-su-regreso-a-lista-de-patrocinadores-del-terrorismo\/#article","isPartOf":{"@id":"https:\/\/digital58.com.ve\/site\/2021\/01\/12\/cuba-tacha-de-hipocrita-su-regreso-a-lista-de-patrocinadores-del-terrorismo\/"},"author":{"name":"Villasmil Henry","@id":"https:\/\/digital58.com.ve\/site\/#\/schema\/person\/64d1c2e4d0d4fd1b849980c4331c2951"},"headline":"Cuba tacha de \u00abhip\u00f3crita\u00bb su regreso a lista de patrocinadores del terrorismo","datePublished":"2021-01-13T03:26:24+00:00","dateModified":"2021-01-13T03:32:45+00:00","mainEntityOfPage":{"@id":"https:\/\/digital58.com.ve\/site\/2021\/01\/12\/cuba-tacha-de-hipocrita-su-regreso-a-lista-de-patrocinadores-del-terrorismo\/"},"wordCount":774,"commentCount":0,"publisher":{"@id":"https:\/\/digital58.com.ve\/site\/#\/schema\/person\/64d1c2e4d0d4fd1b849980c4331c2951"},"image":{"@id":"https:\/\/digital58.com.ve\/site\/2021\/01\/12\/cuba-tacha-de-hipocrita-su-regreso-a-lista-de-patrocinadores-del-terrorismo\/#primaryimage"},"thumbnailUrl":"https:\/\/digital58.com.ve\/site\/wp-content\/uploads\/2021\/01\/Bruno-Rodriguez.jpg","keywords":["Bruno Rodr\u00edguez","Cuba","Estados Unidos","Internacionales","Joe Biden","Ministro cubano de Exteriores"],"articleSection":["Mundo"],"inLanguage":"es","potentialAction":[{"@type":"CommentAction","name":"Comment","target":["https:\/\/digital58.com.ve\/site\/2021\/01\/12\/cuba-tacha-de-hipocrita-su-regreso-a-lista-de-patrocinadores-del-terrorismo\/#respond"]}]},{"@type":"WebPage","@id":"https:\/\/digital58.com.ve\/site\/2021\/01\/12\/cuba-tacha-de-hipocrita-su-regreso-a-lista-de-patrocinadores-del-terrorismo\/","url":"https:\/\/digital58.com.ve\/site\/2021\/01\/12\/cuba-tacha-de-hipocrita-su-regreso-a-lista-de-patrocinadores-del-terrorismo\/","name":"Cuba tacha de \u00abhip\u00f3crita\u00bb su regreso a lista de patrocinadores del terrorismo","isPartOf":{"@id":"https:\/\/digital58.com.ve\/site\/#website"},"primaryImageOfPage":{"@id":"https:\/\/digital58.com.ve\/site\/2021\/01\/12\/cuba-tacha-de-hipocrita-su-regreso-a-lista-de-patrocinadores-del-terrorismo\/#primaryimage"},"image":{"@id":"https:\/\/digital58.com.ve\/site\/2021\/01\/12\/cuba-tacha-de-hipocrita-su-regreso-a-lista-de-patrocinadores-del-terrorismo\/#primaryimage"},"thumbnailUrl":"https:\/\/digital58.com.ve\/site\/wp-content\/uploads\/2021\/01\/Bruno-Rodriguez.jpg","datePublished":"2021-01-13T03:26:24+00:00","dateModified":"2021-01-13T03:32:45+00:00","description":"Mundo","breadcrumb":{"@id":"https:\/\/digital58.com.ve\/site\/2021\/01\/12\/cuba-tacha-de-hipocrita-su-regreso-a-lista-de-patrocinadores-del-terrorismo\/#breadcrumb"},"inLanguage":"es","potentialAction":[{"@type":"ReadAction","target":["https:\/\/digital58.com.ve\/site\/2021\/01\/12\/cuba-tacha-de-hipocrita-su-regreso-a-lista-de-patrocinadores-del-terrorismo\/"]}]},{"@type":"ImageObject","inLanguage":"es","@id":"https:\/\/digital58.com.ve\/site\/2021\/01\/12\/cuba-tacha-de-hipocrita-su-regreso-a-lista-de-patrocinadores-del-terrorismo\/#primaryimage","url":"https:\/\/digital58.com.ve\/site\/wp-content\/uploads\/2021\/01\/Bruno-Rodriguez.jpg","contentUrl":"https:\/\/digital58.com.ve\/site\/wp-content\/uploads\/2021\/01\/Bruno-Rodriguez.jpg","width":800,"height":433},{"@type":"BreadcrumbList","@id":"https:\/\/digital58.com.ve\/site\/2021\/01\/12\/cuba-tacha-de-hipocrita-su-regreso-a-lista-de-patrocinadores-del-terrorismo\/#breadcrumb","itemListElement":[{"@type":"ListItem","position":1,"name":"Home","item":"https:\/\/digital58.com.ve\/site\/"},{"@type":"ListItem","position":2,"name":"Cuba tacha de \u00abhip\u00f3crita\u00bb su regreso a lista de patrocinadores del terrorismo"}]},{"@type":"WebSite","@id":"https:\/\/digital58.com.ve\/site\/#website","url":"https:\/\/digital58.com.ve\/site\/","name":"Noticias Digital58","description":"Portal de Noticias \u00a1Periodismo web de verdad! Lanzamiento web 22.11.2005 \/ Maracaibo, Venezuela","publisher":{"@id":"https:\/\/digital58.com.ve\/site\/#\/schema\/person\/64d1c2e4d0d4fd1b849980c4331c2951"},"alternateName":"ND58","potentialAction":[{"@type":"SearchAction","target":{"@type":"EntryPoint","urlTemplate":"https:\/\/digital58.com.ve\/site\/?s={search_term_string}"},"query-input":{"@type":"PropertyValueSpecification","valueRequired":true,"valueName":"search_term_string"}}],"inLanguage":"es"},{"@type":["Person","Organization"],"@id":"https:\/\/digital58.com.ve\/site\/#\/schema\/person\/64d1c2e4d0d4fd1b849980c4331c2951","name":"Villasmil Henry","image":{"@type":"ImageObject","inLanguage":"es","@id":"https:\/\/secure.gravatar.com\/avatar\/bb0c4a2fcb7970138239f7e404ea75757b1b507b28b5ce4c53fbd62d797c5a7c?s=96&d=mm&r=g","url":"https:\/\/secure.gravatar.com\/avatar\/bb0c4a2fcb7970138239f7e404ea75757b1b507b28b5ce4c53fbd62d797c5a7c?s=96&d=mm&r=g","contentUrl":"https:\/\/secure.gravatar.com\/avatar\/bb0c4a2fcb7970138239f7e404ea75757b1b507b28b5ce4c53fbd62d797c5a7c?s=96&d=mm&r=g","caption":"Villasmil Henry"},"logo":{"@id":"https:\/\/secure.gravatar.com\/avatar\/bb0c4a2fcb7970138239f7e404ea75757b1b507b28b5ce4c53fbd62d797c5a7c?s=96&d=mm&r=g"},"sameAs":["http:\/\/www.henryvillasmil.com.ve","https:\/\/www.instagram.com\/villasmilhfoto\/","https:\/\/x.com\/https:\/\/twitter.com\/villasmilhfoto"],"url":"https:\/\/digital58.com.ve\/site\/author\/droopy_68\/"}]}},"uagb_featured_image_src":{"full":["https:\/\/digital58.com.ve\/site\/wp-content\/uploads\/2021\/01\/Bruno-Rodriguez.jpg",800,433,false],"thumbnail":["https:\/\/digital58.com.ve\/site\/wp-content\/uploads\/2021\/01\/Bruno-Rodriguez-150x150.jpg",150,150,true],"medium":["https:\/\/digital58.com.ve\/site\/wp-content\/uploads\/2021\/01\/Bruno-Rodriguez-300x162.jpg",300,162,true],"medium_large":["https:\/\/digital58.com.ve\/site\/wp-content\/uploads\/2021\/01\/Bruno-Rodriguez-768x416.jpg",768,416,true],"large":["https:\/\/digital58.com.ve\/site\/wp-content\/uploads\/2021\/01\/Bruno-Rodriguez.jpg",800,433,false],"1536x1536":["https:\/\/digital58.com.ve\/site\/wp-content\/uploads\/2021\/01\/Bruno-Rodriguez.jpg",800,433,false],"2048x2048":["https:\/\/digital58.com.ve\/site\/wp-content\/uploads\/2021\/01\/Bruno-Rodriguez.jpg",800,433,false],"colormag-highlighted-post":["https:\/\/digital58.com.ve\/site\/wp-content\/uploads\/2021\/01\/Bruno-Rodriguez.jpg",392,212,false],"colormag-featured-post-medium":["https:\/\/digital58.com.ve\/site\/wp-content\/uploads\/2021\/01\/Bruno-Rodriguez.jpg",379,205,false],"colormag-featured-post-small":["https:\/\/digital58.com.ve\/site\/wp-content\/uploads\/2021\/01\/Bruno-Rodriguez.jpg",130,70,false],"colormag-featured-image":["https:\/\/digital58.com.ve\/site\/wp-content\/uploads\/2021\/01\/Bruno-Rodriguez.jpg",800,433,false],"colormag-default-news":["https:\/\/digital58.com.ve\/site\/wp-content\/uploads\/2021\/01\/Bruno-Rodriguez.jpg",150,81,false],"colormag-featured-image-large":["https:\/\/digital58.com.ve\/site\/wp-content\/uploads\/2021\/01\/Bruno-Rodriguez.jpg",800,433,false]},"uagb_author_info":{"display_name":"Villasmil Henry","author_link":"https:\/\/digital58.com.ve\/site\/author\/droopy_68\/"},"uagb_comment_info":0,"uagb_excerpt":"El presidente electo Joe Biden ha prometido descongelar el proceso de acercamiento a la isla impulsado por Obama y revertir","_links":{"self":[{"href":"https:\/\/digital58.com.ve\/site\/wp-json\/wp\/v2\/posts\/134575","targetHints":{"allow":["GET"]}}],"collection":[{"href":"https:\/\/digital58.com.ve\/site\/wp-json\/wp\/v2\/posts"}],"about":[{"href":"https:\/\/digital58.com.ve\/site\/wp-json\/wp\/v2\/types\/post"}],"author":[{"embeddable":true,"href":"https:\/\/digital58.com.ve\/site\/wp-json\/wp\/v2\/users\/1"}],"replies":[{"embeddable":true,"href":"https:\/\/digital58.com.ve\/site\/wp-json\/wp\/v2\/comments?post=134575"}],"version-history":[{"count":0,"href":"https:\/\/digital58.com.ve\/site\/wp-json\/wp\/v2\/posts\/134575\/revisions"}],"wp:featuredmedia":[{"embeddable":true,"href":"https:\/\/digital58.com.ve\/site\/wp-json\/wp\/v2\/media\/134576"}],"wp:attachment":[{"href":"https:\/\/digital58.com.ve\/site\/wp-json\/wp\/v2\/media?parent=134575"}],"wp:term":[{"taxonomy":"category","embeddable":true,"href":"https:\/\/digital58.com.ve\/site\/wp-json\/wp\/v2\/categories?post=134575"},{"taxonomy":"post_tag","embeddable":true,"href":"https:\/\/digital58.com.ve\/site\/wp-json\/wp\/v2\/tags?post=134575"}],"curies":[{"name":"wp","href":"https:\/\/api.w.org\/{rel}","templated":true}]}}