{"id":134786,"date":"2021-01-26T13:38:54","date_gmt":"2021-01-26T17:38:54","guid":{"rendered":"https:\/\/digital58.com.ve\/site\/?p=134786"},"modified":"2021-01-26T13:38:54","modified_gmt":"2021-01-26T17:38:54","slug":"venezuela-acusa-a-guyana-de-tergiversar-la-detencion-de-dos-barcos-guyaneses","status":"publish","type":"post","link":"https:\/\/digital58.com.ve\/site\/2021\/01\/26\/venezuela-acusa-a-guyana-de-tergiversar-la-detencion-de-dos-barcos-guyaneses\/","title":{"rendered":"Venezuela acusa a Guyana de tergiversar la detenci\u00f3n de dos barcos guyaneses"},"content":{"rendered":"<p><a href=\"https:\/\/digital58.com.ve\/site\/wp-content\/uploads\/2021\/01\/barco-guayanes.jpg\"><img loading=\"lazy\" decoding=\"async\" class=\"aligncenter size-full wp-image-134787\" src=\"https:\/\/digital58.com.ve\/site\/wp-content\/uploads\/2021\/01\/barco-guayanes.jpg\" alt=\"\" width=\"900\" height=\"506\" srcset=\"https:\/\/digital58.com.ve\/site\/wp-content\/uploads\/2021\/01\/barco-guayanes.jpg 800w, https:\/\/digital58.com.ve\/site\/wp-content\/uploads\/2021\/01\/barco-guayanes-300x169.jpg 300w, https:\/\/digital58.com.ve\/site\/wp-content\/uploads\/2021\/01\/barco-guayanes-768x432.jpg 768w\" sizes=\"auto, (max-width: 900px) 100vw, 900px\" \/><\/a><\/p>\n<p>El Gobierno de Venezuela acus\u00f3 este lunes a Guyana de tergiversar la detenci\u00f3n de dos barcos pesqueros guyaneses por parte de la Armada venezolana, en una zona que ambos pa\u00edses defienden como suya, y reiter\u00f3 su oferta de di\u00e1logo a las autoridades de Georgetown.<\/p>\n<p><strong>Caracas, DC, Venezuela, 26 de enero de 2021 (ND58).-<\/strong> \u00abVenezuela rechaza y denuncia las falsas acusaciones y tergiversaciones proferidas por la Rep\u00fablica Cooperativa de Guyana, al tiempo que ratifica su oferta de di\u00e1logo sincero, sin agendas ocultas, con el fin de crear un ambiente propicio para el entendimiento\u00bb, dijo en un comunicado la Canciller\u00eda venezolana.<\/p>\n<p>El Gobierno de Guyana inform\u00f3 el domingo sobre la detenci\u00f3n de los pesqueros Lady Nayera y Sea Wolf, registrados en su pa\u00eds y que operan frente a la costa de Waini Point, dentro de su Zona Econ\u00f3mica Exclusiva.<\/p>\n<p>Sin embargo, Venezuela indic\u00f3 hoy que esta denuncia es una \u00abdifamaci\u00f3n\u00bb de Guyana y asegur\u00f3 que los pesqueros fueron detenidos en aguas venezolanas y que ambas embarcaciones se encontraban ejerciendo \u00abpesca ilegal\u00bb.<\/p>\n<p>\u00abLa operaci\u00f3n de la Armada Bolivariana se ejecut\u00f3 en aguas de indiscutible soberan\u00eda venezolana, en pleno respeto a la legislaci\u00f3n vigente, garantizando el debido proceso de los tripulantes detenidos\u00bb, defendi\u00f3 el Gobierno venezolano.<\/p>\n<p>Indic\u00f3 que la denuncia de Guyana se trata de una \u00abnueva matriz medi\u00e1tica\u00bb que, a su juicio, deja al \u00abdesnudo las pretensiones unilaterales\u00bb del Gobierno de Georgetown \u00aben alianza contra trasnacionales petroleras, particularmente con la estadounidense Exxon Mobil, sobre territorio venezolano no controvertido, as\u00ed como sobre \u00e1reas marinas y submarinas pendientes por delimitar\u00bb.<\/p>\n<p>En ese sentido, Venezuela subray\u00f3 que \u00abno permitir\u00e1 incursiones ilegales de ninguna clase en su territorio\u00bb y que ejercer\u00e1 su derecho a la defensa de su soberan\u00eda.<\/p>\n<p><strong>Venezuela defiende un decreto territorial<\/strong><\/p>\n<p>Venezuela tambi\u00e9n rechaz\u00f3 la denuncia de Guyana de que el Gobierno de Nicol\u00e1s Maduro pretende establecer un nuevo espacio mar\u00edtimo llamado \u00abTerritorio para el desarrollo de la Fachada Atl\u00e1ntica\u00bb que, Georgetown asegura, abarca las aguas territoriales de Guyana y su plataforma continental.<\/p>\n<p>El Ejecutivo venezolano defendi\u00f3 que el decreto se trata de una \u00abrdenaci\u00f3n territorial\u00bb que \u00abexclusivamente postula la formulaci\u00f3n de pol\u00edticas p\u00fablicas para el desarrollo mar\u00edtimo en territorio exclusivo y no controvertido de la Rep\u00fablica Bolivariana de Venezuela\u00bb.<\/p>\n<p>Venezuela y Guyana mantienen una disputa por un territorio que abarca casi 160.000 kil\u00f3metros cuadrados al oeste del r\u00edo Esequibo.<\/p>\n<p>La pol\u00e9mica por la zona se ha agudizado en los \u00faltimos a\u00f1os, despu\u00e9s de que la compa\u00f1\u00eda estadounidense ExxonMobil descubriera, en 2015, yacimientos de petr\u00f3leo en las aguas adyacentes a la zona en litigio.<\/p>\n<p>La Corte Internacional de Justicia (CIJ) se declar\u00f3 competente para resolver esta disputa, pero Venezuela rechaza la decisi\u00f3n y defiende que la controversia se resuelva de manera bilateral.<\/p><div class=\"rizom69f23608c71f9\" ><p style=\"text-align: center;\"><a href=\"https:\/\/t.me\/noticiasdigital58\" target=\"_blank\" rel=\"noopener\"><img class=\"aligncenter size-full wp-image-125363\" src=\"https:\/\/digital58.com.ve\/site\/wp-content\/uploads\/2021\/04\/banner-telegram-web-2021.png\" alt=\"\" width=\"600\" height=\"90\" \/><\/a><\/p><\/div><style type=\"text\/css\">\r\n@media screen and (min-width: 1201px) {\r\n.rizom69f23608c71f9 {\r\ndisplay: block;\r\n}\r\n}\r\n@media screen and (min-width: 993px) and (max-width: 1200px) {\r\n.rizom69f23608c71f9 {\r\ndisplay: block;\r\n}\r\n}\r\n@media screen and (min-width: 769px) and (max-width: 992px) {\r\n.rizom69f23608c71f9 {\r\ndisplay: block;\r\n}\r\n}\r\n@media screen and (min-width: 768px) and (max-width: 768px) {\r\n.rizom69f23608c71f9 {\r\ndisplay: block;\r\n}\r\n}\r\n@media screen and (max-width: 767px) {\r\n.rizom69f23608c71f9 {\r\ndisplay: block;\r\n}\r\n}\r\n<\/style>\r\n\n<p><strong>Redacci\u00f3n ND58 | Fuente: EFE<\/strong><br \/>\n<strong>Edici\u00f3n: Villasmil, Henry<\/strong><br \/>\n<strong>Gr\u00e1fica: Archivo<\/strong><\/p>\n<div style=\"margin-top: 0px; margin-bottom: 0px;\" class=\"sharethis-inline-share-buttons\" ><\/div>","protected":false},"excerpt":{"rendered":"<p>El Gobierno de Venezuela acus\u00f3 este lunes a Guyana de tergiversar la detenci\u00f3n de dos barcos pesqueros guyaneses por parte<\/p>\n","protected":false},"author":1,"featured_media":134787,"comment_status":"open","ping_status":"closed","sticky":false,"template":"","format":"standard","meta":{"colormag_page_container_layout":"default_layout","colormag_page_sidebar_layout":"default_layout","_uag_custom_page_level_css":"","footnotes":""},"categories":[16454],"tags":[15012,22956,16510,233,22955,32],"class_list":["post-134786","post","type-post","status-publish","format-standard","has-post-thumbnail","hentry","category-venezuela","tag-armada-venezolana","tag-barcos-pesqueros","tag-guyana","tag-nacionales","tag-republica-cooperativa-de-guyana","tag-venezuela"],"yoast_head":"<!-- This site is optimized with the Yoast SEO plugin v27.5 - https:\/\/yoast.com\/product\/yoast-seo-wordpress\/ -->\n<title>Venezuela acusa a Guyana de tergiversar la detenci\u00f3n de dos barcos guyaneses<\/title>\n<meta name=\"description\" content=\"Venezuela\" \/>\n<meta name=\"robots\" content=\"index, follow, max-snippet:-1, max-image-preview:large, max-video-preview:-1\" \/>\n<link rel=\"canonical\" href=\"https:\/\/digital58.com.ve\/site\/2021\/01\/26\/venezuela-acusa-a-guyana-de-tergiversar-la-detencion-de-dos-barcos-guyaneses\/\" \/>\n<meta property=\"og:locale\" content=\"es_ES\" \/>\n<meta property=\"og:type\" content=\"article\" \/>\n<meta property=\"og:title\" content=\"Venezuela acusa a Guyana de tergiversar la detenci\u00f3n de dos barcos guyaneses\" \/>\n<meta property=\"og:description\" content=\"Venezuela\" \/>\n<meta property=\"og:url\" content=\"https:\/\/digital58.com.ve\/site\/2021\/01\/26\/venezuela-acusa-a-guyana-de-tergiversar-la-detencion-de-dos-barcos-guyaneses\/\" \/>\n<meta property=\"og:site_name\" content=\"Noticias Digital58\" \/>\n<meta property=\"article:published_time\" content=\"2021-01-26T17:38:54+00:00\" \/>\n<meta property=\"og:image\" content=\"https:\/\/digital58.com.ve\/site\/wp-content\/uploads\/2021\/01\/barco-guayanes.jpg\" \/>\n\t<meta property=\"og:image:width\" content=\"900\" \/>\n\t<meta property=\"og:image:height\" content=\"506\" \/>\n\t<meta property=\"og:image:type\" content=\"image\/jpeg\" \/>\n<meta name=\"author\" content=\"Villasmil Henry\" \/>\n<meta name=\"twitter:card\" content=\"summary_large_image\" \/>\n<meta name=\"twitter:creator\" content=\"@https:\/\/twitter.com\/villasmilhfoto\" \/>\n<meta name=\"twitter:site\" content=\"@villasmilhfoto\" \/>\n<meta name=\"twitter:label1\" content=\"Escrito por\" \/>\n\t<meta name=\"twitter:data1\" content=\"Villasmil Henry\" \/>\n\t<meta name=\"twitter:label2\" content=\"Tiempo estimado de lectura\" \/>\n\t<meta name=\"twitter:data2\" content=\"3 minutos\" \/>\n<script type=\"application\/ld+json\" class=\"yoast-schema-graph\">{\"@context\":\"https:\\\/\\\/schema.org\",\"@graph\":[{\"@type\":\"Article\",\"@id\":\"https:\\\/\\\/digital58.com.ve\\\/site\\\/2021\\\/01\\\/26\\\/venezuela-acusa-a-guyana-de-tergiversar-la-detencion-de-dos-barcos-guyaneses\\\/#article\",\"isPartOf\":{\"@id\":\"https:\\\/\\\/digital58.com.ve\\\/site\\\/2021\\\/01\\\/26\\\/venezuela-acusa-a-guyana-de-tergiversar-la-detencion-de-dos-barcos-guyaneses\\\/\"},\"author\":{\"name\":\"Villasmil Henry\",\"@id\":\"https:\\\/\\\/digital58.com.ve\\\/site\\\/#\\\/schema\\\/person\\\/64d1c2e4d0d4fd1b849980c4331c2951\"},\"headline\":\"Venezuela acusa a Guyana de tergiversar la detenci\u00f3n de dos barcos guyaneses\",\"datePublished\":\"2021-01-26T17:38:54+00:00\",\"mainEntityOfPage\":{\"@id\":\"https:\\\/\\\/digital58.com.ve\\\/site\\\/2021\\\/01\\\/26\\\/venezuela-acusa-a-guyana-de-tergiversar-la-detencion-de-dos-barcos-guyaneses\\\/\"},\"wordCount\":503,\"commentCount\":0,\"publisher\":{\"@id\":\"https:\\\/\\\/digital58.com.ve\\\/site\\\/#\\\/schema\\\/person\\\/64d1c2e4d0d4fd1b849980c4331c2951\"},\"image\":{\"@id\":\"https:\\\/\\\/digital58.com.ve\\\/site\\\/2021\\\/01\\\/26\\\/venezuela-acusa-a-guyana-de-tergiversar-la-detencion-de-dos-barcos-guyaneses\\\/#primaryimage\"},\"thumbnailUrl\":\"https:\\\/\\\/digital58.com.ve\\\/site\\\/wp-content\\\/uploads\\\/2021\\\/01\\\/barco-guayanes.jpg\",\"keywords\":[\"Armada venezolana\",\"Barcos pesqueros\",\"Guyana\",\"Nacionales\",\"Rep\u00fablica Cooperativa de Guyana\",\"Venezuela\"],\"articleSection\":[\"Venezuela\"],\"inLanguage\":\"es\",\"potentialAction\":[{\"@type\":\"CommentAction\",\"name\":\"Comment\",\"target\":[\"https:\\\/\\\/digital58.com.ve\\\/site\\\/2021\\\/01\\\/26\\\/venezuela-acusa-a-guyana-de-tergiversar-la-detencion-de-dos-barcos-guyaneses\\\/#respond\"]}]},{\"@type\":\"WebPage\",\"@id\":\"https:\\\/\\\/digital58.com.ve\\\/site\\\/2021\\\/01\\\/26\\\/venezuela-acusa-a-guyana-de-tergiversar-la-detencion-de-dos-barcos-guyaneses\\\/\",\"url\":\"https:\\\/\\\/digital58.com.ve\\\/site\\\/2021\\\/01\\\/26\\\/venezuela-acusa-a-guyana-de-tergiversar-la-detencion-de-dos-barcos-guyaneses\\\/\",\"name\":\"Venezuela acusa a Guyana de tergiversar la detenci\u00f3n de dos barcos guyaneses\",\"isPartOf\":{\"@id\":\"https:\\\/\\\/digital58.com.ve\\\/site\\\/#website\"},\"primaryImageOfPage\":{\"@id\":\"https:\\\/\\\/digital58.com.ve\\\/site\\\/2021\\\/01\\\/26\\\/venezuela-acusa-a-guyana-de-tergiversar-la-detencion-de-dos-barcos-guyaneses\\\/#primaryimage\"},\"image\":{\"@id\":\"https:\\\/\\\/digital58.com.ve\\\/site\\\/2021\\\/01\\\/26\\\/venezuela-acusa-a-guyana-de-tergiversar-la-detencion-de-dos-barcos-guyaneses\\\/#primaryimage\"},\"thumbnailUrl\":\"https:\\\/\\\/digital58.com.ve\\\/site\\\/wp-content\\\/uploads\\\/2021\\\/01\\\/barco-guayanes.jpg\",\"datePublished\":\"2021-01-26T17:38:54+00:00\",\"description\":\"Venezuela\",\"breadcrumb\":{\"@id\":\"https:\\\/\\\/digital58.com.ve\\\/site\\\/2021\\\/01\\\/26\\\/venezuela-acusa-a-guyana-de-tergiversar-la-detencion-de-dos-barcos-guyaneses\\\/#breadcrumb\"},\"inLanguage\":\"es\",\"potentialAction\":[{\"@type\":\"ReadAction\",\"target\":[\"https:\\\/\\\/digital58.com.ve\\\/site\\\/2021\\\/01\\\/26\\\/venezuela-acusa-a-guyana-de-tergiversar-la-detencion-de-dos-barcos-guyaneses\\\/\"]}]},{\"@type\":\"ImageObject\",\"inLanguage\":\"es\",\"@id\":\"https:\\\/\\\/digital58.com.ve\\\/site\\\/2021\\\/01\\\/26\\\/venezuela-acusa-a-guyana-de-tergiversar-la-detencion-de-dos-barcos-guyaneses\\\/#primaryimage\",\"url\":\"https:\\\/\\\/digital58.com.ve\\\/site\\\/wp-content\\\/uploads\\\/2021\\\/01\\\/barco-guayanes.jpg\",\"contentUrl\":\"https:\\\/\\\/digital58.com.ve\\\/site\\\/wp-content\\\/uploads\\\/2021\\\/01\\\/barco-guayanes.jpg\",\"width\":800,\"height\":450},{\"@type\":\"BreadcrumbList\",\"@id\":\"https:\\\/\\\/digital58.com.ve\\\/site\\\/2021\\\/01\\\/26\\\/venezuela-acusa-a-guyana-de-tergiversar-la-detencion-de-dos-barcos-guyaneses\\\/#breadcrumb\",\"itemListElement\":[{\"@type\":\"ListItem\",\"position\":1,\"name\":\"Home\",\"item\":\"https:\\\/\\\/digital58.com.ve\\\/site\\\/\"},{\"@type\":\"ListItem\",\"position\":2,\"name\":\"Venezuela acusa a Guyana de tergiversar la detenci\u00f3n de dos barcos guyaneses\"}]},{\"@type\":\"WebSite\",\"@id\":\"https:\\\/\\\/digital58.com.ve\\\/site\\\/#website\",\"url\":\"https:\\\/\\\/digital58.com.ve\\\/site\\\/\",\"name\":\"Noticias Digital58\",\"description\":\"Portal de Noticias \u00a1Periodismo web de verdad! Lanzamiento web 22.11.2005 \\\/ Maracaibo, Venezuela\",\"publisher\":{\"@id\":\"https:\\\/\\\/digital58.com.ve\\\/site\\\/#\\\/schema\\\/person\\\/64d1c2e4d0d4fd1b849980c4331c2951\"},\"alternateName\":\"ND58\",\"potentialAction\":[{\"@type\":\"SearchAction\",\"target\":{\"@type\":\"EntryPoint\",\"urlTemplate\":\"https:\\\/\\\/digital58.com.ve\\\/site\\\/?s={search_term_string}\"},\"query-input\":{\"@type\":\"PropertyValueSpecification\",\"valueRequired\":true,\"valueName\":\"search_term_string\"}}],\"inLanguage\":\"es\"},{\"@type\":[\"Person\",\"Organization\"],\"@id\":\"https:\\\/\\\/digital58.com.ve\\\/site\\\/#\\\/schema\\\/person\\\/64d1c2e4d0d4fd1b849980c4331c2951\",\"name\":\"Villasmil Henry\",\"image\":{\"@type\":\"ImageObject\",\"inLanguage\":\"es\",\"@id\":\"https:\\\/\\\/secure.gravatar.com\\\/avatar\\\/bb0c4a2fcb7970138239f7e404ea75757b1b507b28b5ce4c53fbd62d797c5a7c?s=96&d=mm&r=g\",\"url\":\"https:\\\/\\\/secure.gravatar.com\\\/avatar\\\/bb0c4a2fcb7970138239f7e404ea75757b1b507b28b5ce4c53fbd62d797c5a7c?s=96&d=mm&r=g\",\"contentUrl\":\"https:\\\/\\\/secure.gravatar.com\\\/avatar\\\/bb0c4a2fcb7970138239f7e404ea75757b1b507b28b5ce4c53fbd62d797c5a7c?s=96&d=mm&r=g\",\"caption\":\"Villasmil Henry\"},\"logo\":{\"@id\":\"https:\\\/\\\/secure.gravatar.com\\\/avatar\\\/bb0c4a2fcb7970138239f7e404ea75757b1b507b28b5ce4c53fbd62d797c5a7c?s=96&d=mm&r=g\"},\"sameAs\":[\"http:\\\/\\\/www.henryvillasmil.com.ve\",\"https:\\\/\\\/www.instagram.com\\\/villasmilhfoto\\\/\",\"https:\\\/\\\/x.com\\\/https:\\\/\\\/twitter.com\\\/villasmilhfoto\"],\"url\":\"https:\\\/\\\/digital58.com.ve\\\/site\\\/author\\\/droopy_68\\\/\"}]}<\/script>\n<!-- \/ Yoast SEO plugin. -->","yoast_head_json":{"title":"Venezuela acusa a Guyana de tergiversar la detenci\u00f3n de dos barcos guyaneses","description":"Venezuela","robots":{"index":"index","follow":"follow","max-snippet":"max-snippet:-1","max-image-preview":"max-image-preview:large","max-video-preview":"max-video-preview:-1"},"canonical":"https:\/\/digital58.com.ve\/site\/2021\/01\/26\/venezuela-acusa-a-guyana-de-tergiversar-la-detencion-de-dos-barcos-guyaneses\/","og_locale":"es_ES","og_type":"article","og_title":"Venezuela acusa a Guyana de tergiversar la detenci\u00f3n de dos barcos guyaneses","og_description":"Venezuela","og_url":"https:\/\/digital58.com.ve\/site\/2021\/01\/26\/venezuela-acusa-a-guyana-de-tergiversar-la-detencion-de-dos-barcos-guyaneses\/","og_site_name":"Noticias Digital58","article_published_time":"2021-01-26T17:38:54+00:00","og_image":[{"width":900,"height":506,"url":"https:\/\/digital58.com.ve\/site\/wp-content\/uploads\/2021\/01\/barco-guayanes.jpg","type":"image\/jpeg"}],"author":"Villasmil Henry","twitter_card":"summary_large_image","twitter_creator":"@https:\/\/twitter.com\/villasmilhfoto","twitter_site":"@villasmilhfoto","twitter_misc":{"Escrito por":"Villasmil Henry","Tiempo estimado de lectura":"3 minutos"},"schema":{"@context":"https:\/\/schema.org","@graph":[{"@type":"Article","@id":"https:\/\/digital58.com.ve\/site\/2021\/01\/26\/venezuela-acusa-a-guyana-de-tergiversar-la-detencion-de-dos-barcos-guyaneses\/#article","isPartOf":{"@id":"https:\/\/digital58.com.ve\/site\/2021\/01\/26\/venezuela-acusa-a-guyana-de-tergiversar-la-detencion-de-dos-barcos-guyaneses\/"},"author":{"name":"Villasmil Henry","@id":"https:\/\/digital58.com.ve\/site\/#\/schema\/person\/64d1c2e4d0d4fd1b849980c4331c2951"},"headline":"Venezuela acusa a Guyana de tergiversar la detenci\u00f3n de dos barcos guyaneses","datePublished":"2021-01-26T17:38:54+00:00","mainEntityOfPage":{"@id":"https:\/\/digital58.com.ve\/site\/2021\/01\/26\/venezuela-acusa-a-guyana-de-tergiversar-la-detencion-de-dos-barcos-guyaneses\/"},"wordCount":503,"commentCount":0,"publisher":{"@id":"https:\/\/digital58.com.ve\/site\/#\/schema\/person\/64d1c2e4d0d4fd1b849980c4331c2951"},"image":{"@id":"https:\/\/digital58.com.ve\/site\/2021\/01\/26\/venezuela-acusa-a-guyana-de-tergiversar-la-detencion-de-dos-barcos-guyaneses\/#primaryimage"},"thumbnailUrl":"https:\/\/digital58.com.ve\/site\/wp-content\/uploads\/2021\/01\/barco-guayanes.jpg","keywords":["Armada venezolana","Barcos pesqueros","Guyana","Nacionales","Rep\u00fablica Cooperativa de Guyana","Venezuela"],"articleSection":["Venezuela"],"inLanguage":"es","potentialAction":[{"@type":"CommentAction","name":"Comment","target":["https:\/\/digital58.com.ve\/site\/2021\/01\/26\/venezuela-acusa-a-guyana-de-tergiversar-la-detencion-de-dos-barcos-guyaneses\/#respond"]}]},{"@type":"WebPage","@id":"https:\/\/digital58.com.ve\/site\/2021\/01\/26\/venezuela-acusa-a-guyana-de-tergiversar-la-detencion-de-dos-barcos-guyaneses\/","url":"https:\/\/digital58.com.ve\/site\/2021\/01\/26\/venezuela-acusa-a-guyana-de-tergiversar-la-detencion-de-dos-barcos-guyaneses\/","name":"Venezuela acusa a Guyana de tergiversar la detenci\u00f3n de dos barcos guyaneses","isPartOf":{"@id":"https:\/\/digital58.com.ve\/site\/#website"},"primaryImageOfPage":{"@id":"https:\/\/digital58.com.ve\/site\/2021\/01\/26\/venezuela-acusa-a-guyana-de-tergiversar-la-detencion-de-dos-barcos-guyaneses\/#primaryimage"},"image":{"@id":"https:\/\/digital58.com.ve\/site\/2021\/01\/26\/venezuela-acusa-a-guyana-de-tergiversar-la-detencion-de-dos-barcos-guyaneses\/#primaryimage"},"thumbnailUrl":"https:\/\/digital58.com.ve\/site\/wp-content\/uploads\/2021\/01\/barco-guayanes.jpg","datePublished":"2021-01-26T17:38:54+00:00","description":"Venezuela","breadcrumb":{"@id":"https:\/\/digital58.com.ve\/site\/2021\/01\/26\/venezuela-acusa-a-guyana-de-tergiversar-la-detencion-de-dos-barcos-guyaneses\/#breadcrumb"},"inLanguage":"es","potentialAction":[{"@type":"ReadAction","target":["https:\/\/digital58.com.ve\/site\/2021\/01\/26\/venezuela-acusa-a-guyana-de-tergiversar-la-detencion-de-dos-barcos-guyaneses\/"]}]},{"@type":"ImageObject","inLanguage":"es","@id":"https:\/\/digital58.com.ve\/site\/2021\/01\/26\/venezuela-acusa-a-guyana-de-tergiversar-la-detencion-de-dos-barcos-guyaneses\/#primaryimage","url":"https:\/\/digital58.com.ve\/site\/wp-content\/uploads\/2021\/01\/barco-guayanes.jpg","contentUrl":"https:\/\/digital58.com.ve\/site\/wp-content\/uploads\/2021\/01\/barco-guayanes.jpg","width":800,"height":450},{"@type":"BreadcrumbList","@id":"https:\/\/digital58.com.ve\/site\/2021\/01\/26\/venezuela-acusa-a-guyana-de-tergiversar-la-detencion-de-dos-barcos-guyaneses\/#breadcrumb","itemListElement":[{"@type":"ListItem","position":1,"name":"Home","item":"https:\/\/digital58.com.ve\/site\/"},{"@type":"ListItem","position":2,"name":"Venezuela acusa a Guyana de tergiversar la detenci\u00f3n de dos barcos guyaneses"}]},{"@type":"WebSite","@id":"https:\/\/digital58.com.ve\/site\/#website","url":"https:\/\/digital58.com.ve\/site\/","name":"Noticias Digital58","description":"Portal de Noticias \u00a1Periodismo web de verdad! Lanzamiento web 22.11.2005 \/ Maracaibo, Venezuela","publisher":{"@id":"https:\/\/digital58.com.ve\/site\/#\/schema\/person\/64d1c2e4d0d4fd1b849980c4331c2951"},"alternateName":"ND58","potentialAction":[{"@type":"SearchAction","target":{"@type":"EntryPoint","urlTemplate":"https:\/\/digital58.com.ve\/site\/?s={search_term_string}"},"query-input":{"@type":"PropertyValueSpecification","valueRequired":true,"valueName":"search_term_string"}}],"inLanguage":"es"},{"@type":["Person","Organization"],"@id":"https:\/\/digital58.com.ve\/site\/#\/schema\/person\/64d1c2e4d0d4fd1b849980c4331c2951","name":"Villasmil Henry","image":{"@type":"ImageObject","inLanguage":"es","@id":"https:\/\/secure.gravatar.com\/avatar\/bb0c4a2fcb7970138239f7e404ea75757b1b507b28b5ce4c53fbd62d797c5a7c?s=96&d=mm&r=g","url":"https:\/\/secure.gravatar.com\/avatar\/bb0c4a2fcb7970138239f7e404ea75757b1b507b28b5ce4c53fbd62d797c5a7c?s=96&d=mm&r=g","contentUrl":"https:\/\/secure.gravatar.com\/avatar\/bb0c4a2fcb7970138239f7e404ea75757b1b507b28b5ce4c53fbd62d797c5a7c?s=96&d=mm&r=g","caption":"Villasmil Henry"},"logo":{"@id":"https:\/\/secure.gravatar.com\/avatar\/bb0c4a2fcb7970138239f7e404ea75757b1b507b28b5ce4c53fbd62d797c5a7c?s=96&d=mm&r=g"},"sameAs":["http:\/\/www.henryvillasmil.com.ve","https:\/\/www.instagram.com\/villasmilhfoto\/","https:\/\/x.com\/https:\/\/twitter.com\/villasmilhfoto"],"url":"https:\/\/digital58.com.ve\/site\/author\/droopy_68\/"}]}},"uagb_featured_image_src":{"full":["https:\/\/digital58.com.ve\/site\/wp-content\/uploads\/2021\/01\/barco-guayanes.jpg",800,450,false],"thumbnail":["https:\/\/digital58.com.ve\/site\/wp-content\/uploads\/2021\/01\/barco-guayanes-150x150.jpg",150,150,true],"medium":["https:\/\/digital58.com.ve\/site\/wp-content\/uploads\/2021\/01\/barco-guayanes-300x169.jpg",300,169,true],"medium_large":["https:\/\/digital58.com.ve\/site\/wp-content\/uploads\/2021\/01\/barco-guayanes-768x432.jpg",768,432,true],"large":["https:\/\/digital58.com.ve\/site\/wp-content\/uploads\/2021\/01\/barco-guayanes.jpg",800,450,false],"1536x1536":["https:\/\/digital58.com.ve\/site\/wp-content\/uploads\/2021\/01\/barco-guayanes.jpg",800,450,false],"2048x2048":["https:\/\/digital58.com.ve\/site\/wp-content\/uploads\/2021\/01\/barco-guayanes.jpg",800,450,false],"colormag-highlighted-post":["https:\/\/digital58.com.ve\/site\/wp-content\/uploads\/2021\/01\/barco-guayanes.jpg",392,221,false],"colormag-featured-post-medium":["https:\/\/digital58.com.ve\/site\/wp-content\/uploads\/2021\/01\/barco-guayanes.jpg",364,205,false],"colormag-featured-post-small":["https:\/\/digital58.com.ve\/site\/wp-content\/uploads\/2021\/01\/barco-guayanes.jpg",130,73,false],"colormag-featured-image":["https:\/\/digital58.com.ve\/site\/wp-content\/uploads\/2021\/01\/barco-guayanes.jpg",791,445,false],"colormag-default-news":["https:\/\/digital58.com.ve\/site\/wp-content\/uploads\/2021\/01\/barco-guayanes.jpg",150,84,false],"colormag-featured-image-large":["https:\/\/digital58.com.ve\/site\/wp-content\/uploads\/2021\/01\/barco-guayanes.jpg",800,450,false]},"uagb_author_info":{"display_name":"Villasmil Henry","author_link":"https:\/\/digital58.com.ve\/site\/author\/droopy_68\/"},"uagb_comment_info":0,"uagb_excerpt":"El Gobierno de Venezuela acus\u00f3 este lunes a Guyana de tergiversar la detenci\u00f3n de dos barcos pesqueros guyaneses por parte","_links":{"self":[{"href":"https:\/\/digital58.com.ve\/site\/wp-json\/wp\/v2\/posts\/134786","targetHints":{"allow":["GET"]}}],"collection":[{"href":"https:\/\/digital58.com.ve\/site\/wp-json\/wp\/v2\/posts"}],"about":[{"href":"https:\/\/digital58.com.ve\/site\/wp-json\/wp\/v2\/types\/post"}],"author":[{"embeddable":true,"href":"https:\/\/digital58.com.ve\/site\/wp-json\/wp\/v2\/users\/1"}],"replies":[{"embeddable":true,"href":"https:\/\/digital58.com.ve\/site\/wp-json\/wp\/v2\/comments?post=134786"}],"version-history":[{"count":0,"href":"https:\/\/digital58.com.ve\/site\/wp-json\/wp\/v2\/posts\/134786\/revisions"}],"wp:featuredmedia":[{"embeddable":true,"href":"https:\/\/digital58.com.ve\/site\/wp-json\/wp\/v2\/media\/134787"}],"wp:attachment":[{"href":"https:\/\/digital58.com.ve\/site\/wp-json\/wp\/v2\/media?parent=134786"}],"wp:term":[{"taxonomy":"category","embeddable":true,"href":"https:\/\/digital58.com.ve\/site\/wp-json\/wp\/v2\/categories?post=134786"},{"taxonomy":"post_tag","embeddable":true,"href":"https:\/\/digital58.com.ve\/site\/wp-json\/wp\/v2\/tags?post=134786"}],"curies":[{"name":"wp","href":"https:\/\/api.w.org\/{rel}","templated":true}]}}