{"id":134811,"date":"2021-01-26T18:25:27","date_gmt":"2021-01-26T22:25:27","guid":{"rendered":"https:\/\/digital58.com.ve\/site\/?p=134811"},"modified":"2021-01-26T18:25:27","modified_gmt":"2021-01-26T22:25:27","slug":"andrea-bell-se-estrena-en-el-mundo-musical-con-baila","status":"publish","type":"post","link":"https:\/\/digital58.com.ve\/site\/2021\/01\/26\/andrea-bell-se-estrena-en-el-mundo-musical-con-baila\/","title":{"rendered":"Andrea Bell se estrena en el mundo musical con \u00abBaila\u00bb"},"content":{"rendered":"<p><a href=\"https:\/\/digital58.com.ve\/site\/wp-content\/uploads\/2021\/01\/andrea-bell.jpg\"><img loading=\"lazy\" decoding=\"async\" class=\"aligncenter size-full wp-image-134812\" src=\"https:\/\/digital58.com.ve\/site\/wp-content\/uploads\/2021\/01\/andrea-bell.jpg\" alt=\"\" width=\"900\" height=\"807\" srcset=\"https:\/\/digital58.com.ve\/site\/wp-content\/uploads\/2021\/01\/andrea-bell.jpg 669w, https:\/\/digital58.com.ve\/site\/wp-content\/uploads\/2021\/01\/andrea-bell-300x269.jpg 300w, https:\/\/digital58.com.ve\/site\/wp-content\/uploads\/2021\/01\/andrea-bell-768x689.jpg 768w\" sizes=\"auto, (max-width: 900px) 100vw, 900px\" \/><\/a><br \/>\nEl tema est\u00e1 disponible en las diferentes plataformas musicales<\/p>\n<p><strong>Maracaibo, Zulia, Venezuela, 26 de enero de 2021 (ND58).-<\/strong> Con un carisma desbordante que contagia a sus 15 a\u00f1os de edad, Andrea Bell sale a la palestra musical con \u00abBaila\u00bb, un tema lleno de energ\u00eda, buena vibra, y sobre todo, buen ritmo.<\/p>\n<p>Andrea Bell esta en el baile desde los tres a\u00f1os y desde entonces ha sentido una pasi\u00f3n por los distintos ritmos musicales en los que se desenvuelve profesionalmente, gracias a su preparaci\u00f3n de la mano de Nataly y Thibisay Acedo de Danzas Nataly.<\/p>\n<p>En el 2019, ya siendo una adolescente, decide acompa\u00f1ar el baile con el canto, el cual viene trabajando desde hace alg\u00fan tiempo junto a su vocal couch Ana Lucia Belisario\u2026. \u00abdesde ni\u00f1a siempre he tenido la inspiraci\u00f3n de ser cantante al ver a Hanna Montana y Selena G\u00f3mez, cantantes de esa \u00e9poca. So\u00f1aba con cantar y bailar en escenarios internacionales\u00bb, comenta Andrea Bell.<\/p>\n<p>\u00abBaila\u00bb es la esencia de Andrea Bell que complementa sus dos pasiones en uno. El tema tiene en letra y m\u00fasica a Arihana Zuleta, Ana Lucia Belisario, Francisco Romero y a la propia Andrea Bell. La canci\u00f3n fue mezclada en Sugar Tree Music en Colombia Bogot\u00e1, por el ingeniero de sonido Andr\u00e9s D\u00edaz quien tambi\u00e9n mezcla para Sebasti\u00e1n Yatra y el m\u00e1ster estuvo a cargo de Abel delgado en Ottawa, Canad\u00e1.<\/p>\n<div class=\"lyte-wrapper\" style=\"width:640px;max-width:100%;margin:5px auto;\"><div class=\"lyMe\" id=\"WYL_hDWNPHrha-I\"><div id=\"lyte_hDWNPHrha-I\" data-src=\"\/\/i.ytimg.com\/vi\/hDWNPHrha-I\/hqdefault.jpg\" class=\"pL\"><div class=\"tC\"><div class=\"tT\"><\/div><\/div><div class=\"play\"><\/div><div class=\"ctrl\"><div class=\"Lctrl\"><\/div><div class=\"Rctrl\"><\/div><\/div><\/div><noscript><a href=\"https:\/\/youtu.be\/hDWNPHrha-I\" rel=\"nofollow\"><img loading=\"lazy\" decoding=\"async\" src=\"https:\/\/i.ytimg.com\/vi\/hDWNPHrha-I\/0.jpg\" alt=\"YouTube video thumbnail\" width=\"640\" height=\"340\" \/><br \/>Ver este video en YouTube<\/a><\/noscript><\/div><\/div><div class=\"lL\" style=\"max-width:100%;width:640px;margin:5px auto;\"><\/div><\/p>\n<p>La canci\u00f3n \u00abBaila\u00bb viene acompa\u00f1ado de un colorido y contagioso video musical que tuvo como locaci\u00f3n el Club Casa D\u00a8Italia en Maracaibo, bajo la direcci\u00f3n de Oscar Barreto. \u00abBaila\u00bb se estreno el 26 de diciembre a las 8:00 pm, se encuentra disponible en su canal de YouTube como Andrea Bell, el video ya cuenta con m\u00e1s de mil reproducciones, y esta tambi\u00e9n disponible en la plataforma musical Spotify<\/p>\n<p>El objetivo principal de la carism\u00e1tica Andrea Bell es transcender con el tiempo como una artista integral e internacional, dejando un mensaje claro a las nuevas generaciones del mundo musical que todo se puede con pasi\u00f3n y dedicaci\u00f3n.<\/p>\n<p>Para seguir sus pasos, s\u00edguela en sus redes sociales en Instagram: @andreabellpop \/ YouTube: Andrea Bell \/ Tiktok: @andreabellpop y Spotify: Andrea Bell.<\/p><div class=\"yeznz69f46e23cdfc2\" ><p style=\"text-align: center;\"><a href=\"https:\/\/t.me\/noticiasdigital58\" target=\"_blank\" rel=\"noopener\"><img class=\"aligncenter size-full wp-image-125363\" src=\"https:\/\/digital58.com.ve\/site\/wp-content\/uploads\/2021\/04\/banner-telegram-web-2021.png\" alt=\"\" width=\"600\" height=\"90\" \/><\/a><\/p><\/div><style type=\"text\/css\">\r\n@media screen and (min-width: 1201px) {\r\n.yeznz69f46e23cdfc2 {\r\ndisplay: block;\r\n}\r\n}\r\n@media screen and (min-width: 993px) and (max-width: 1200px) {\r\n.yeznz69f46e23cdfc2 {\r\ndisplay: block;\r\n}\r\n}\r\n@media screen and (min-width: 769px) and (max-width: 992px) {\r\n.yeznz69f46e23cdfc2 {\r\ndisplay: block;\r\n}\r\n}\r\n@media screen and (min-width: 768px) and (max-width: 768px) {\r\n.yeznz69f46e23cdfc2 {\r\ndisplay: block;\r\n}\r\n}\r\n@media screen and (max-width: 767px) {\r\n.yeznz69f46e23cdfc2 {\r\ndisplay: block;\r\n}\r\n}\r\n<\/style>\r\n\n<p><strong>Redacci\u00f3n ND58 <\/strong><br \/>\n<strong>Edici\u00f3n: Villasmil, Henry<\/strong><br \/>\n<strong>Gr\u00e1fica: Cortes\u00eda<\/strong><\/p>\n<div style=\"margin-top: 0px; margin-bottom: 0px;\" class=\"sharethis-inline-share-buttons\" ><\/div>","protected":false},"excerpt":{"rendered":"<p>El tema est\u00e1 disponible en las diferentes plataformas musicales Maracaibo, Zulia, Venezuela, 26 de enero de 2021 (ND58).- Con un<\/p>\n","protected":false},"author":1,"featured_media":134812,"comment_status":"open","ping_status":"closed","sticky":false,"template":"","format":"standard","meta":{"colormag_page_container_layout":"default_layout","colormag_page_sidebar_layout":"default_layout","_uag_custom_page_level_css":"","footnotes":""},"categories":[5414],"tags":[22960,78,50,5083,60,61,233,32,64],"class_list":["post-134811","post","type-post","status-publish","format-standard","has-post-thumbnail","hentry","category-talento_nacional","tag-andrea-bell","tag-cantantes","tag-entretenimiento","tag-juveniles","tag-lanzamientos","tag-musica","tag-nacionales","tag-venezuela","tag-videos"],"yoast_head":"<!-- This site is optimized with the Yoast SEO plugin v27.5 - https:\/\/yoast.com\/product\/yoast-seo-wordpress\/ -->\n<title>Andrea Bell se estrena en el mundo musical con \u00abBaila\u00bb<\/title>\n<meta name=\"description\" content=\"Talento Nacional\" \/>\n<meta name=\"robots\" content=\"index, follow, max-snippet:-1, max-image-preview:large, max-video-preview:-1\" \/>\n<link rel=\"canonical\" href=\"https:\/\/digital58.com.ve\/site\/2021\/01\/26\/andrea-bell-se-estrena-en-el-mundo-musical-con-baila\/\" \/>\n<meta property=\"og:locale\" content=\"es_ES\" \/>\n<meta property=\"og:type\" content=\"article\" \/>\n<meta property=\"og:title\" content=\"Andrea Bell se estrena en el mundo musical con \u00abBaila\u00bb\" \/>\n<meta property=\"og:description\" content=\"Talento Nacional\" \/>\n<meta property=\"og:url\" content=\"https:\/\/digital58.com.ve\/site\/2021\/01\/26\/andrea-bell-se-estrena-en-el-mundo-musical-con-baila\/\" \/>\n<meta property=\"og:site_name\" content=\"Noticias Digital58\" \/>\n<meta property=\"article:published_time\" content=\"2021-01-26T22:25:27+00:00\" \/>\n<meta property=\"og:image\" content=\"https:\/\/digital58.com.ve\/site\/wp-content\/uploads\/2021\/01\/andrea-bell.jpg\" \/>\n\t<meta property=\"og:image:width\" content=\"900\" \/>\n\t<meta property=\"og:image:height\" content=\"807\" \/>\n\t<meta property=\"og:image:type\" content=\"image\/jpeg\" \/>\n<meta name=\"author\" content=\"Villasmil Henry\" \/>\n<meta name=\"twitter:card\" content=\"summary_large_image\" \/>\n<meta name=\"twitter:creator\" content=\"@https:\/\/twitter.com\/villasmilhfoto\" \/>\n<meta name=\"twitter:site\" content=\"@villasmilhfoto\" \/>\n<meta name=\"twitter:label1\" content=\"Escrito por\" \/>\n\t<meta name=\"twitter:data1\" content=\"Villasmil Henry\" \/>\n\t<meta name=\"twitter:label2\" content=\"Tiempo estimado de lectura\" \/>\n\t<meta name=\"twitter:data2\" content=\"2 minutos\" \/>\n<script type=\"application\/ld+json\" class=\"yoast-schema-graph\">{\"@context\":\"https:\\\/\\\/schema.org\",\"@graph\":[{\"@type\":\"Article\",\"@id\":\"https:\\\/\\\/digital58.com.ve\\\/site\\\/2021\\\/01\\\/26\\\/andrea-bell-se-estrena-en-el-mundo-musical-con-baila\\\/#article\",\"isPartOf\":{\"@id\":\"https:\\\/\\\/digital58.com.ve\\\/site\\\/2021\\\/01\\\/26\\\/andrea-bell-se-estrena-en-el-mundo-musical-con-baila\\\/\"},\"author\":{\"name\":\"Villasmil Henry\",\"@id\":\"https:\\\/\\\/digital58.com.ve\\\/site\\\/#\\\/schema\\\/person\\\/64d1c2e4d0d4fd1b849980c4331c2951\"},\"headline\":\"Andrea Bell se estrena en el mundo musical con \u00abBaila\u00bb\",\"datePublished\":\"2021-01-26T22:25:27+00:00\",\"mainEntityOfPage\":{\"@id\":\"https:\\\/\\\/digital58.com.ve\\\/site\\\/2021\\\/01\\\/26\\\/andrea-bell-se-estrena-en-el-mundo-musical-con-baila\\\/\"},\"wordCount\":406,\"commentCount\":0,\"publisher\":{\"@id\":\"https:\\\/\\\/digital58.com.ve\\\/site\\\/#\\\/schema\\\/person\\\/64d1c2e4d0d4fd1b849980c4331c2951\"},\"image\":{\"@id\":\"https:\\\/\\\/digital58.com.ve\\\/site\\\/2021\\\/01\\\/26\\\/andrea-bell-se-estrena-en-el-mundo-musical-con-baila\\\/#primaryimage\"},\"thumbnailUrl\":\"https:\\\/\\\/digital58.com.ve\\\/site\\\/wp-content\\\/uploads\\\/2021\\\/01\\\/andrea-bell.jpg\",\"keywords\":[\"Andrea Bell\",\"Cantantes\",\"Entretenimiento\",\"Juveniles\",\"Lanzamientos\",\"M\u00fasica\",\"Nacionales\",\"Venezuela\",\"Videos\"],\"articleSection\":[\"Talento Nacional\"],\"inLanguage\":\"es\",\"potentialAction\":[{\"@type\":\"CommentAction\",\"name\":\"Comment\",\"target\":[\"https:\\\/\\\/digital58.com.ve\\\/site\\\/2021\\\/01\\\/26\\\/andrea-bell-se-estrena-en-el-mundo-musical-con-baila\\\/#respond\"]}]},{\"@type\":\"WebPage\",\"@id\":\"https:\\\/\\\/digital58.com.ve\\\/site\\\/2021\\\/01\\\/26\\\/andrea-bell-se-estrena-en-el-mundo-musical-con-baila\\\/\",\"url\":\"https:\\\/\\\/digital58.com.ve\\\/site\\\/2021\\\/01\\\/26\\\/andrea-bell-se-estrena-en-el-mundo-musical-con-baila\\\/\",\"name\":\"Andrea Bell se estrena en el mundo musical con \u00abBaila\u00bb\",\"isPartOf\":{\"@id\":\"https:\\\/\\\/digital58.com.ve\\\/site\\\/#website\"},\"primaryImageOfPage\":{\"@id\":\"https:\\\/\\\/digital58.com.ve\\\/site\\\/2021\\\/01\\\/26\\\/andrea-bell-se-estrena-en-el-mundo-musical-con-baila\\\/#primaryimage\"},\"image\":{\"@id\":\"https:\\\/\\\/digital58.com.ve\\\/site\\\/2021\\\/01\\\/26\\\/andrea-bell-se-estrena-en-el-mundo-musical-con-baila\\\/#primaryimage\"},\"thumbnailUrl\":\"https:\\\/\\\/digital58.com.ve\\\/site\\\/wp-content\\\/uploads\\\/2021\\\/01\\\/andrea-bell.jpg\",\"datePublished\":\"2021-01-26T22:25:27+00:00\",\"description\":\"Talento Nacional\",\"breadcrumb\":{\"@id\":\"https:\\\/\\\/digital58.com.ve\\\/site\\\/2021\\\/01\\\/26\\\/andrea-bell-se-estrena-en-el-mundo-musical-con-baila\\\/#breadcrumb\"},\"inLanguage\":\"es\",\"potentialAction\":[{\"@type\":\"ReadAction\",\"target\":[\"https:\\\/\\\/digital58.com.ve\\\/site\\\/2021\\\/01\\\/26\\\/andrea-bell-se-estrena-en-el-mundo-musical-con-baila\\\/\"]}]},{\"@type\":\"ImageObject\",\"inLanguage\":\"es\",\"@id\":\"https:\\\/\\\/digital58.com.ve\\\/site\\\/2021\\\/01\\\/26\\\/andrea-bell-se-estrena-en-el-mundo-musical-con-baila\\\/#primaryimage\",\"url\":\"https:\\\/\\\/digital58.com.ve\\\/site\\\/wp-content\\\/uploads\\\/2021\\\/01\\\/andrea-bell.jpg\",\"contentUrl\":\"https:\\\/\\\/digital58.com.ve\\\/site\\\/wp-content\\\/uploads\\\/2021\\\/01\\\/andrea-bell.jpg\",\"width\":669,\"height\":600},{\"@type\":\"BreadcrumbList\",\"@id\":\"https:\\\/\\\/digital58.com.ve\\\/site\\\/2021\\\/01\\\/26\\\/andrea-bell-se-estrena-en-el-mundo-musical-con-baila\\\/#breadcrumb\",\"itemListElement\":[{\"@type\":\"ListItem\",\"position\":1,\"name\":\"Home\",\"item\":\"https:\\\/\\\/digital58.com.ve\\\/site\\\/\"},{\"@type\":\"ListItem\",\"position\":2,\"name\":\"Andrea Bell se estrena en el mundo musical con \u00abBaila\u00bb\"}]},{\"@type\":\"WebSite\",\"@id\":\"https:\\\/\\\/digital58.com.ve\\\/site\\\/#website\",\"url\":\"https:\\\/\\\/digital58.com.ve\\\/site\\\/\",\"name\":\"Noticias Digital58\",\"description\":\"Portal de Noticias \u00a1Periodismo web de verdad! Lanzamiento web 22.11.2005 \\\/ Maracaibo, Venezuela\",\"publisher\":{\"@id\":\"https:\\\/\\\/digital58.com.ve\\\/site\\\/#\\\/schema\\\/person\\\/64d1c2e4d0d4fd1b849980c4331c2951\"},\"alternateName\":\"ND58\",\"potentialAction\":[{\"@type\":\"SearchAction\",\"target\":{\"@type\":\"EntryPoint\",\"urlTemplate\":\"https:\\\/\\\/digital58.com.ve\\\/site\\\/?s={search_term_string}\"},\"query-input\":{\"@type\":\"PropertyValueSpecification\",\"valueRequired\":true,\"valueName\":\"search_term_string\"}}],\"inLanguage\":\"es\"},{\"@type\":[\"Person\",\"Organization\"],\"@id\":\"https:\\\/\\\/digital58.com.ve\\\/site\\\/#\\\/schema\\\/person\\\/64d1c2e4d0d4fd1b849980c4331c2951\",\"name\":\"Villasmil Henry\",\"image\":{\"@type\":\"ImageObject\",\"inLanguage\":\"es\",\"@id\":\"https:\\\/\\\/secure.gravatar.com\\\/avatar\\\/bb0c4a2fcb7970138239f7e404ea75757b1b507b28b5ce4c53fbd62d797c5a7c?s=96&d=mm&r=g\",\"url\":\"https:\\\/\\\/secure.gravatar.com\\\/avatar\\\/bb0c4a2fcb7970138239f7e404ea75757b1b507b28b5ce4c53fbd62d797c5a7c?s=96&d=mm&r=g\",\"contentUrl\":\"https:\\\/\\\/secure.gravatar.com\\\/avatar\\\/bb0c4a2fcb7970138239f7e404ea75757b1b507b28b5ce4c53fbd62d797c5a7c?s=96&d=mm&r=g\",\"caption\":\"Villasmil Henry\"},\"logo\":{\"@id\":\"https:\\\/\\\/secure.gravatar.com\\\/avatar\\\/bb0c4a2fcb7970138239f7e404ea75757b1b507b28b5ce4c53fbd62d797c5a7c?s=96&d=mm&r=g\"},\"sameAs\":[\"http:\\\/\\\/www.henryvillasmil.com.ve\",\"https:\\\/\\\/www.instagram.com\\\/villasmilhfoto\\\/\",\"https:\\\/\\\/x.com\\\/https:\\\/\\\/twitter.com\\\/villasmilhfoto\"],\"url\":\"https:\\\/\\\/digital58.com.ve\\\/site\\\/author\\\/droopy_68\\\/\"}]}<\/script>\n<!-- \/ Yoast SEO plugin. -->","yoast_head_json":{"title":"Andrea Bell se estrena en el mundo musical con \u00abBaila\u00bb","description":"Talento Nacional","robots":{"index":"index","follow":"follow","max-snippet":"max-snippet:-1","max-image-preview":"max-image-preview:large","max-video-preview":"max-video-preview:-1"},"canonical":"https:\/\/digital58.com.ve\/site\/2021\/01\/26\/andrea-bell-se-estrena-en-el-mundo-musical-con-baila\/","og_locale":"es_ES","og_type":"article","og_title":"Andrea Bell se estrena en el mundo musical con \u00abBaila\u00bb","og_description":"Talento Nacional","og_url":"https:\/\/digital58.com.ve\/site\/2021\/01\/26\/andrea-bell-se-estrena-en-el-mundo-musical-con-baila\/","og_site_name":"Noticias Digital58","article_published_time":"2021-01-26T22:25:27+00:00","og_image":[{"width":900,"height":807,"url":"https:\/\/digital58.com.ve\/site\/wp-content\/uploads\/2021\/01\/andrea-bell.jpg","type":"image\/jpeg"}],"author":"Villasmil Henry","twitter_card":"summary_large_image","twitter_creator":"@https:\/\/twitter.com\/villasmilhfoto","twitter_site":"@villasmilhfoto","twitter_misc":{"Escrito por":"Villasmil Henry","Tiempo estimado de lectura":"2 minutos"},"schema":{"@context":"https:\/\/schema.org","@graph":[{"@type":"Article","@id":"https:\/\/digital58.com.ve\/site\/2021\/01\/26\/andrea-bell-se-estrena-en-el-mundo-musical-con-baila\/#article","isPartOf":{"@id":"https:\/\/digital58.com.ve\/site\/2021\/01\/26\/andrea-bell-se-estrena-en-el-mundo-musical-con-baila\/"},"author":{"name":"Villasmil Henry","@id":"https:\/\/digital58.com.ve\/site\/#\/schema\/person\/64d1c2e4d0d4fd1b849980c4331c2951"},"headline":"Andrea Bell se estrena en el mundo musical con \u00abBaila\u00bb","datePublished":"2021-01-26T22:25:27+00:00","mainEntityOfPage":{"@id":"https:\/\/digital58.com.ve\/site\/2021\/01\/26\/andrea-bell-se-estrena-en-el-mundo-musical-con-baila\/"},"wordCount":406,"commentCount":0,"publisher":{"@id":"https:\/\/digital58.com.ve\/site\/#\/schema\/person\/64d1c2e4d0d4fd1b849980c4331c2951"},"image":{"@id":"https:\/\/digital58.com.ve\/site\/2021\/01\/26\/andrea-bell-se-estrena-en-el-mundo-musical-con-baila\/#primaryimage"},"thumbnailUrl":"https:\/\/digital58.com.ve\/site\/wp-content\/uploads\/2021\/01\/andrea-bell.jpg","keywords":["Andrea Bell","Cantantes","Entretenimiento","Juveniles","Lanzamientos","M\u00fasica","Nacionales","Venezuela","Videos"],"articleSection":["Talento Nacional"],"inLanguage":"es","potentialAction":[{"@type":"CommentAction","name":"Comment","target":["https:\/\/digital58.com.ve\/site\/2021\/01\/26\/andrea-bell-se-estrena-en-el-mundo-musical-con-baila\/#respond"]}]},{"@type":"WebPage","@id":"https:\/\/digital58.com.ve\/site\/2021\/01\/26\/andrea-bell-se-estrena-en-el-mundo-musical-con-baila\/","url":"https:\/\/digital58.com.ve\/site\/2021\/01\/26\/andrea-bell-se-estrena-en-el-mundo-musical-con-baila\/","name":"Andrea Bell se estrena en el mundo musical con \u00abBaila\u00bb","isPartOf":{"@id":"https:\/\/digital58.com.ve\/site\/#website"},"primaryImageOfPage":{"@id":"https:\/\/digital58.com.ve\/site\/2021\/01\/26\/andrea-bell-se-estrena-en-el-mundo-musical-con-baila\/#primaryimage"},"image":{"@id":"https:\/\/digital58.com.ve\/site\/2021\/01\/26\/andrea-bell-se-estrena-en-el-mundo-musical-con-baila\/#primaryimage"},"thumbnailUrl":"https:\/\/digital58.com.ve\/site\/wp-content\/uploads\/2021\/01\/andrea-bell.jpg","datePublished":"2021-01-26T22:25:27+00:00","description":"Talento Nacional","breadcrumb":{"@id":"https:\/\/digital58.com.ve\/site\/2021\/01\/26\/andrea-bell-se-estrena-en-el-mundo-musical-con-baila\/#breadcrumb"},"inLanguage":"es","potentialAction":[{"@type":"ReadAction","target":["https:\/\/digital58.com.ve\/site\/2021\/01\/26\/andrea-bell-se-estrena-en-el-mundo-musical-con-baila\/"]}]},{"@type":"ImageObject","inLanguage":"es","@id":"https:\/\/digital58.com.ve\/site\/2021\/01\/26\/andrea-bell-se-estrena-en-el-mundo-musical-con-baila\/#primaryimage","url":"https:\/\/digital58.com.ve\/site\/wp-content\/uploads\/2021\/01\/andrea-bell.jpg","contentUrl":"https:\/\/digital58.com.ve\/site\/wp-content\/uploads\/2021\/01\/andrea-bell.jpg","width":669,"height":600},{"@type":"BreadcrumbList","@id":"https:\/\/digital58.com.ve\/site\/2021\/01\/26\/andrea-bell-se-estrena-en-el-mundo-musical-con-baila\/#breadcrumb","itemListElement":[{"@type":"ListItem","position":1,"name":"Home","item":"https:\/\/digital58.com.ve\/site\/"},{"@type":"ListItem","position":2,"name":"Andrea Bell se estrena en el mundo musical con \u00abBaila\u00bb"}]},{"@type":"WebSite","@id":"https:\/\/digital58.com.ve\/site\/#website","url":"https:\/\/digital58.com.ve\/site\/","name":"Noticias Digital58","description":"Portal de Noticias \u00a1Periodismo web de verdad! Lanzamiento web 22.11.2005 \/ Maracaibo, Venezuela","publisher":{"@id":"https:\/\/digital58.com.ve\/site\/#\/schema\/person\/64d1c2e4d0d4fd1b849980c4331c2951"},"alternateName":"ND58","potentialAction":[{"@type":"SearchAction","target":{"@type":"EntryPoint","urlTemplate":"https:\/\/digital58.com.ve\/site\/?s={search_term_string}"},"query-input":{"@type":"PropertyValueSpecification","valueRequired":true,"valueName":"search_term_string"}}],"inLanguage":"es"},{"@type":["Person","Organization"],"@id":"https:\/\/digital58.com.ve\/site\/#\/schema\/person\/64d1c2e4d0d4fd1b849980c4331c2951","name":"Villasmil Henry","image":{"@type":"ImageObject","inLanguage":"es","@id":"https:\/\/secure.gravatar.com\/avatar\/bb0c4a2fcb7970138239f7e404ea75757b1b507b28b5ce4c53fbd62d797c5a7c?s=96&d=mm&r=g","url":"https:\/\/secure.gravatar.com\/avatar\/bb0c4a2fcb7970138239f7e404ea75757b1b507b28b5ce4c53fbd62d797c5a7c?s=96&d=mm&r=g","contentUrl":"https:\/\/secure.gravatar.com\/avatar\/bb0c4a2fcb7970138239f7e404ea75757b1b507b28b5ce4c53fbd62d797c5a7c?s=96&d=mm&r=g","caption":"Villasmil Henry"},"logo":{"@id":"https:\/\/secure.gravatar.com\/avatar\/bb0c4a2fcb7970138239f7e404ea75757b1b507b28b5ce4c53fbd62d797c5a7c?s=96&d=mm&r=g"},"sameAs":["http:\/\/www.henryvillasmil.com.ve","https:\/\/www.instagram.com\/villasmilhfoto\/","https:\/\/x.com\/https:\/\/twitter.com\/villasmilhfoto"],"url":"https:\/\/digital58.com.ve\/site\/author\/droopy_68\/"}]}},"uagb_featured_image_src":{"full":["https:\/\/digital58.com.ve\/site\/wp-content\/uploads\/2021\/01\/andrea-bell.jpg",669,600,false],"thumbnail":["https:\/\/digital58.com.ve\/site\/wp-content\/uploads\/2021\/01\/andrea-bell-150x150.jpg",150,150,true],"medium":["https:\/\/digital58.com.ve\/site\/wp-content\/uploads\/2021\/01\/andrea-bell-300x269.jpg",300,269,true],"medium_large":["https:\/\/digital58.com.ve\/site\/wp-content\/uploads\/2021\/01\/andrea-bell-768x689.jpg",768,689,true],"large":["https:\/\/digital58.com.ve\/site\/wp-content\/uploads\/2021\/01\/andrea-bell.jpg",669,600,false],"1536x1536":["https:\/\/digital58.com.ve\/site\/wp-content\/uploads\/2021\/01\/andrea-bell.jpg",669,600,false],"2048x2048":["https:\/\/digital58.com.ve\/site\/wp-content\/uploads\/2021\/01\/andrea-bell.jpg",669,600,false],"colormag-highlighted-post":["https:\/\/digital58.com.ve\/site\/wp-content\/uploads\/2021\/01\/andrea-bell.jpg",303,272,false],"colormag-featured-post-medium":["https:\/\/digital58.com.ve\/site\/wp-content\/uploads\/2021\/01\/andrea-bell.jpg",229,205,false],"colormag-featured-post-small":["https:\/\/digital58.com.ve\/site\/wp-content\/uploads\/2021\/01\/andrea-bell.jpg",100,90,false],"colormag-featured-image":["https:\/\/digital58.com.ve\/site\/wp-content\/uploads\/2021\/01\/andrea-bell.jpg",496,445,false],"colormag-default-news":["https:\/\/digital58.com.ve\/site\/wp-content\/uploads\/2021\/01\/andrea-bell.jpg",150,135,false],"colormag-featured-image-large":["https:\/\/digital58.com.ve\/site\/wp-content\/uploads\/2021\/01\/andrea-bell.jpg",669,600,false]},"uagb_author_info":{"display_name":"Villasmil Henry","author_link":"https:\/\/digital58.com.ve\/site\/author\/droopy_68\/"},"uagb_comment_info":0,"uagb_excerpt":"El tema est\u00e1 disponible en las diferentes plataformas musicales Maracaibo, Zulia, Venezuela, 26 de enero de 2021 (ND58).- Con un","_links":{"self":[{"href":"https:\/\/digital58.com.ve\/site\/wp-json\/wp\/v2\/posts\/134811","targetHints":{"allow":["GET"]}}],"collection":[{"href":"https:\/\/digital58.com.ve\/site\/wp-json\/wp\/v2\/posts"}],"about":[{"href":"https:\/\/digital58.com.ve\/site\/wp-json\/wp\/v2\/types\/post"}],"author":[{"embeddable":true,"href":"https:\/\/digital58.com.ve\/site\/wp-json\/wp\/v2\/users\/1"}],"replies":[{"embeddable":true,"href":"https:\/\/digital58.com.ve\/site\/wp-json\/wp\/v2\/comments?post=134811"}],"version-history":[{"count":0,"href":"https:\/\/digital58.com.ve\/site\/wp-json\/wp\/v2\/posts\/134811\/revisions"}],"wp:featuredmedia":[{"embeddable":true,"href":"https:\/\/digital58.com.ve\/site\/wp-json\/wp\/v2\/media\/134812"}],"wp:attachment":[{"href":"https:\/\/digital58.com.ve\/site\/wp-json\/wp\/v2\/media?parent=134811"}],"wp:term":[{"taxonomy":"category","embeddable":true,"href":"https:\/\/digital58.com.ve\/site\/wp-json\/wp\/v2\/categories?post=134811"},{"taxonomy":"post_tag","embeddable":true,"href":"https:\/\/digital58.com.ve\/site\/wp-json\/wp\/v2\/tags?post=134811"}],"curies":[{"name":"wp","href":"https:\/\/api.w.org\/{rel}","templated":true}]}}