{"id":134859,"date":"2021-01-30T09:20:56","date_gmt":"2021-01-30T13:20:56","guid":{"rendered":"https:\/\/digital58.com.ve\/site\/?p=134859"},"modified":"2021-01-30T09:20:56","modified_gmt":"2021-01-30T13:20:56","slug":"venezuela-eleva-a-1-177-los-fallecidos-desde-el-comienzo-de-la-pandemia","status":"publish","type":"post","link":"https:\/\/digital58.com.ve\/site\/2021\/01\/30\/venezuela-eleva-a-1-177-los-fallecidos-desde-el-comienzo-de-la-pandemia\/","title":{"rendered":"Venezuela eleva a 1.177 los fallecidos desde el comienzo de la pandemia"},"content":{"rendered":"<p><a href=\"https:\/\/digital58.com.ve\/site\/wp-content\/uploads\/2020\/10\/delcy-rodriguez.jpg\"><img loading=\"lazy\" decoding=\"async\" class=\"aligncenter size-full wp-image-131886\" src=\"https:\/\/digital58.com.ve\/site\/wp-content\/uploads\/2020\/10\/delcy-rodriguez.jpg\" alt=\"\" width=\"900\" height=\"600\" srcset=\"https:\/\/digital58.com.ve\/site\/wp-content\/uploads\/2020\/10\/delcy-rodriguez.jpg 800w, https:\/\/digital58.com.ve\/site\/wp-content\/uploads\/2020\/10\/delcy-rodriguez-300x200.jpg 300w, https:\/\/digital58.com.ve\/site\/wp-content\/uploads\/2020\/10\/delcy-rodriguez-768x512.jpg 768w, https:\/\/digital58.com.ve\/site\/wp-content\/uploads\/2020\/10\/delcy-rodriguez-720x480.jpg 720w, https:\/\/digital58.com.ve\/site\/wp-content\/uploads\/2020\/10\/delcy-rodriguez-480x320.jpg 480w\" sizes=\"auto, (max-width: 900px) 100vw, 900px\" \/><\/a><\/p>\n<p>Caracas es la regi\u00f3n con m\u00e1s casos nuevos (107), seguida por el noroccidental estado del Zulia (fronterizo con Colombia), con 72.<\/p>\n<p><strong>Caracas, DC, Venezuela, 30 de enero de 2021 (ND58).-<\/strong> Las autoridades venezolanas registraron 412 casos de la COVID-19 en las \u00faltimas 24 horas, con lo que ya son 125.776 los contagiados localizados en el pa\u00eds de la enfermedad que provoca el nuevo coronavirus desde el comienzo de la pandemia, inform\u00f3 este viernes la vicepresidenta ejecutiva, Delcy Rodr\u00edguez.<\/p>\n<p>\u00abLa comisi\u00f3n presidencial para la prevenci\u00f3n y control del COVID-19 informa al pa\u00eds que en las \u00faltimas 24 horas se registraron 412 nuevos contagios en el territorio nacional, todos de transmisi\u00f3n comunitaria\u00bb, escribi\u00f3 Rodr\u00edguez en su cuenta de Twitter.<\/p>\n<p>Por detr\u00e1s se ubica el estado Miranda (que alberga parte del \u00e1rea de Caracas), con 50 casos nuevos, por delante del T\u00e1chira (43), Yaracuy (37), Lara (32), Anzo\u00e1tegui (11), M\u00e9rida (10), Carabobo (10), La Guaira (9), Nueva Esparta (6), Aragua (6), Barinas (4), Trujillo (4), Gu\u00e1rico (3), Portuguesa (2), Los Roques (2), Amazonas (2), Bol\u00edvar (1) y Falc\u00f3n (1).<\/p>\n<p>Adem\u00e1s, Rodr\u00edguez inform\u00f3 que en las \u00faltimas 24 horas fallecieron 6 personas por la enfermedad, entre las que hab\u00eda dos mujeres de 89 y 76 a\u00f1os del c\u00e9ntrico Yaracuy, as\u00ed como una se\u00f1ora de 63 en el andino Trujillo.<\/p>\n<p>Tambi\u00e9n fallecieron tres hombres: uno de 74 a\u00f1os en el estado insular de Nueva Esparta (un archipi\u00e9lago en pleno Caribe), otro de 63 de Miranda y otro de 46 del andino M\u00e9rida.<\/p>\n<p>De este modo, la cifra total de muertos por la COVID-19 en Venezuela se eleva a 1.177 desde el comienzo de la pandemia.<\/p>\n<p>De los 125.776 casos registrados, 117.867 pacientes se han recuperado, lo que supone el 94 % del total, y 6.732 siguen activos.<\/p><div class=\"ribjw69f513a65bcbb\" ><p style=\"text-align: center;\"><a href=\"https:\/\/t.me\/noticiasdigital58\" target=\"_blank\" rel=\"noopener\"><img class=\"aligncenter size-full wp-image-125363\" src=\"https:\/\/digital58.com.ve\/site\/wp-content\/uploads\/2021\/04\/banner-telegram-web-2021.png\" alt=\"\" width=\"600\" height=\"90\" \/><\/a><\/p><\/div><style type=\"text\/css\">\r\n@media screen and (min-width: 1201px) {\r\n.ribjw69f513a65bcbb {\r\ndisplay: block;\r\n}\r\n}\r\n@media screen and (min-width: 993px) and (max-width: 1200px) {\r\n.ribjw69f513a65bcbb {\r\ndisplay: block;\r\n}\r\n}\r\n@media screen and (min-width: 769px) and (max-width: 992px) {\r\n.ribjw69f513a65bcbb {\r\ndisplay: block;\r\n}\r\n}\r\n@media screen and (min-width: 768px) and (max-width: 768px) {\r\n.ribjw69f513a65bcbb {\r\ndisplay: block;\r\n}\r\n}\r\n@media screen and (max-width: 767px) {\r\n.ribjw69f513a65bcbb {\r\ndisplay: block;\r\n}\r\n}\r\n<\/style>\r\n\n<p><strong>Redacci\u00f3n ND58 | Fuente: EFE<\/strong><br \/>\n<strong>Edici\u00f3n: Villasmil, Henry<\/strong><br \/>\n<strong>Gr\u00e1fica: EFE<\/strong><\/p>\n<div style=\"margin-top: 0px; margin-bottom: 0px;\" class=\"sharethis-inline-share-buttons\" ><\/div>","protected":false},"excerpt":{"rendered":"<p>Caracas es la regi\u00f3n con m\u00e1s casos nuevos (107), seguida por el noroccidental estado del Zulia (fronterizo con Colombia), con<\/p>\n","protected":false},"author":1,"featured_media":131886,"comment_status":"open","ping_status":"closed","sticky":false,"template":"","format":"standard","meta":{"colormag_page_container_layout":"default_layout","colormag_page_sidebar_layout":"default_layout","_uag_custom_page_level_css":"","footnotes":""},"categories":[16454],"tags":[29,13352,13648,233,13723,14457,269,32],"class_list":["post-134859","post","type-post","status-publish","format-standard","has-post-thumbnail","hentry","category-venezuela","tag-caracas","tag-coronavirus","tag-covid-19","tag-nacionales","tag-pandemia","tag-reporte-diario-covid-19","tag-salud","tag-venezuela"],"yoast_head":"<!-- This site is optimized with the Yoast SEO plugin v27.5 - https:\/\/yoast.com\/product\/yoast-seo-wordpress\/ -->\n<title>Venezuela eleva a 1.177 los fallecidos desde el comienzo de la pandemia<\/title>\n<meta name=\"description\" content=\"Venezuela\" \/>\n<meta name=\"robots\" content=\"index, follow, max-snippet:-1, max-image-preview:large, max-video-preview:-1\" \/>\n<link rel=\"canonical\" href=\"https:\/\/digital58.com.ve\/site\/2021\/01\/30\/venezuela-eleva-a-1-177-los-fallecidos-desde-el-comienzo-de-la-pandemia\/\" \/>\n<meta property=\"og:locale\" content=\"es_ES\" \/>\n<meta property=\"og:type\" content=\"article\" \/>\n<meta property=\"og:title\" content=\"Venezuela eleva a 1.177 los fallecidos desde el comienzo de la pandemia\" \/>\n<meta property=\"og:description\" content=\"Venezuela\" \/>\n<meta property=\"og:url\" content=\"https:\/\/digital58.com.ve\/site\/2021\/01\/30\/venezuela-eleva-a-1-177-los-fallecidos-desde-el-comienzo-de-la-pandemia\/\" \/>\n<meta property=\"og:site_name\" content=\"Noticias Digital58\" \/>\n<meta property=\"article:published_time\" content=\"2021-01-30T13:20:56+00:00\" \/>\n<meta property=\"og:image\" content=\"https:\/\/digital58.com.ve\/site\/wp-content\/uploads\/2020\/10\/delcy-rodriguez.jpg\" \/>\n\t<meta property=\"og:image:width\" content=\"900\" \/>\n\t<meta property=\"og:image:height\" content=\"600\" \/>\n\t<meta property=\"og:image:type\" content=\"image\/jpeg\" \/>\n<meta name=\"author\" content=\"Villasmil Henry\" \/>\n<meta name=\"twitter:card\" content=\"summary_large_image\" \/>\n<meta name=\"twitter:creator\" content=\"@https:\/\/twitter.com\/villasmilhfoto\" \/>\n<meta name=\"twitter:site\" content=\"@villasmilhfoto\" \/>\n<meta name=\"twitter:label1\" content=\"Escrito por\" \/>\n\t<meta name=\"twitter:data1\" content=\"Villasmil Henry\" \/>\n\t<meta name=\"twitter:label2\" content=\"Tiempo estimado de lectura\" \/>\n\t<meta name=\"twitter:data2\" content=\"2 minutos\" \/>\n<script type=\"application\/ld+json\" class=\"yoast-schema-graph\">{\"@context\":\"https:\\\/\\\/schema.org\",\"@graph\":[{\"@type\":\"Article\",\"@id\":\"https:\\\/\\\/digital58.com.ve\\\/site\\\/2021\\\/01\\\/30\\\/venezuela-eleva-a-1-177-los-fallecidos-desde-el-comienzo-de-la-pandemia\\\/#article\",\"isPartOf\":{\"@id\":\"https:\\\/\\\/digital58.com.ve\\\/site\\\/2021\\\/01\\\/30\\\/venezuela-eleva-a-1-177-los-fallecidos-desde-el-comienzo-de-la-pandemia\\\/\"},\"author\":{\"name\":\"Villasmil Henry\",\"@id\":\"https:\\\/\\\/digital58.com.ve\\\/site\\\/#\\\/schema\\\/person\\\/64d1c2e4d0d4fd1b849980c4331c2951\"},\"headline\":\"Venezuela eleva a 1.177 los fallecidos desde el comienzo de la pandemia\",\"datePublished\":\"2021-01-30T13:20:56+00:00\",\"mainEntityOfPage\":{\"@id\":\"https:\\\/\\\/digital58.com.ve\\\/site\\\/2021\\\/01\\\/30\\\/venezuela-eleva-a-1-177-los-fallecidos-desde-el-comienzo-de-la-pandemia\\\/\"},\"wordCount\":301,\"commentCount\":0,\"publisher\":{\"@id\":\"https:\\\/\\\/digital58.com.ve\\\/site\\\/#\\\/schema\\\/person\\\/64d1c2e4d0d4fd1b849980c4331c2951\"},\"image\":{\"@id\":\"https:\\\/\\\/digital58.com.ve\\\/site\\\/2021\\\/01\\\/30\\\/venezuela-eleva-a-1-177-los-fallecidos-desde-el-comienzo-de-la-pandemia\\\/#primaryimage\"},\"thumbnailUrl\":\"https:\\\/\\\/digital58.com.ve\\\/site\\\/wp-content\\\/uploads\\\/2020\\\/10\\\/delcy-rodriguez.jpg\",\"keywords\":[\"Caracas\",\"Coronavirus\",\"COVID-19\",\"Nacionales\",\"Pandemia\",\"Reporte Diario COVID-19\",\"Salud\",\"Venezuela\"],\"articleSection\":[\"Venezuela\"],\"inLanguage\":\"es\",\"potentialAction\":[{\"@type\":\"CommentAction\",\"name\":\"Comment\",\"target\":[\"https:\\\/\\\/digital58.com.ve\\\/site\\\/2021\\\/01\\\/30\\\/venezuela-eleva-a-1-177-los-fallecidos-desde-el-comienzo-de-la-pandemia\\\/#respond\"]}]},{\"@type\":\"WebPage\",\"@id\":\"https:\\\/\\\/digital58.com.ve\\\/site\\\/2021\\\/01\\\/30\\\/venezuela-eleva-a-1-177-los-fallecidos-desde-el-comienzo-de-la-pandemia\\\/\",\"url\":\"https:\\\/\\\/digital58.com.ve\\\/site\\\/2021\\\/01\\\/30\\\/venezuela-eleva-a-1-177-los-fallecidos-desde-el-comienzo-de-la-pandemia\\\/\",\"name\":\"Venezuela eleva a 1.177 los fallecidos desde el comienzo de la pandemia\",\"isPartOf\":{\"@id\":\"https:\\\/\\\/digital58.com.ve\\\/site\\\/#website\"},\"primaryImageOfPage\":{\"@id\":\"https:\\\/\\\/digital58.com.ve\\\/site\\\/2021\\\/01\\\/30\\\/venezuela-eleva-a-1-177-los-fallecidos-desde-el-comienzo-de-la-pandemia\\\/#primaryimage\"},\"image\":{\"@id\":\"https:\\\/\\\/digital58.com.ve\\\/site\\\/2021\\\/01\\\/30\\\/venezuela-eleva-a-1-177-los-fallecidos-desde-el-comienzo-de-la-pandemia\\\/#primaryimage\"},\"thumbnailUrl\":\"https:\\\/\\\/digital58.com.ve\\\/site\\\/wp-content\\\/uploads\\\/2020\\\/10\\\/delcy-rodriguez.jpg\",\"datePublished\":\"2021-01-30T13:20:56+00:00\",\"description\":\"Venezuela\",\"breadcrumb\":{\"@id\":\"https:\\\/\\\/digital58.com.ve\\\/site\\\/2021\\\/01\\\/30\\\/venezuela-eleva-a-1-177-los-fallecidos-desde-el-comienzo-de-la-pandemia\\\/#breadcrumb\"},\"inLanguage\":\"es\",\"potentialAction\":[{\"@type\":\"ReadAction\",\"target\":[\"https:\\\/\\\/digital58.com.ve\\\/site\\\/2021\\\/01\\\/30\\\/venezuela-eleva-a-1-177-los-fallecidos-desde-el-comienzo-de-la-pandemia\\\/\"]}]},{\"@type\":\"ImageObject\",\"inLanguage\":\"es\",\"@id\":\"https:\\\/\\\/digital58.com.ve\\\/site\\\/2021\\\/01\\\/30\\\/venezuela-eleva-a-1-177-los-fallecidos-desde-el-comienzo-de-la-pandemia\\\/#primaryimage\",\"url\":\"https:\\\/\\\/digital58.com.ve\\\/site\\\/wp-content\\\/uploads\\\/2020\\\/10\\\/delcy-rodriguez.jpg\",\"contentUrl\":\"https:\\\/\\\/digital58.com.ve\\\/site\\\/wp-content\\\/uploads\\\/2020\\\/10\\\/delcy-rodriguez.jpg\",\"width\":800,\"height\":533},{\"@type\":\"BreadcrumbList\",\"@id\":\"https:\\\/\\\/digital58.com.ve\\\/site\\\/2021\\\/01\\\/30\\\/venezuela-eleva-a-1-177-los-fallecidos-desde-el-comienzo-de-la-pandemia\\\/#breadcrumb\",\"itemListElement\":[{\"@type\":\"ListItem\",\"position\":1,\"name\":\"Home\",\"item\":\"https:\\\/\\\/digital58.com.ve\\\/site\\\/\"},{\"@type\":\"ListItem\",\"position\":2,\"name\":\"Venezuela eleva a 1.177 los fallecidos desde el comienzo de la pandemia\"}]},{\"@type\":\"WebSite\",\"@id\":\"https:\\\/\\\/digital58.com.ve\\\/site\\\/#website\",\"url\":\"https:\\\/\\\/digital58.com.ve\\\/site\\\/\",\"name\":\"Noticias Digital58\",\"description\":\"Portal de Noticias \u00a1Periodismo web de verdad! Lanzamiento web 22.11.2005 \\\/ Maracaibo, Venezuela\",\"publisher\":{\"@id\":\"https:\\\/\\\/digital58.com.ve\\\/site\\\/#\\\/schema\\\/person\\\/64d1c2e4d0d4fd1b849980c4331c2951\"},\"alternateName\":\"ND58\",\"potentialAction\":[{\"@type\":\"SearchAction\",\"target\":{\"@type\":\"EntryPoint\",\"urlTemplate\":\"https:\\\/\\\/digital58.com.ve\\\/site\\\/?s={search_term_string}\"},\"query-input\":{\"@type\":\"PropertyValueSpecification\",\"valueRequired\":true,\"valueName\":\"search_term_string\"}}],\"inLanguage\":\"es\"},{\"@type\":[\"Person\",\"Organization\"],\"@id\":\"https:\\\/\\\/digital58.com.ve\\\/site\\\/#\\\/schema\\\/person\\\/64d1c2e4d0d4fd1b849980c4331c2951\",\"name\":\"Villasmil Henry\",\"image\":{\"@type\":\"ImageObject\",\"inLanguage\":\"es\",\"@id\":\"https:\\\/\\\/secure.gravatar.com\\\/avatar\\\/bb0c4a2fcb7970138239f7e404ea75757b1b507b28b5ce4c53fbd62d797c5a7c?s=96&d=mm&r=g\",\"url\":\"https:\\\/\\\/secure.gravatar.com\\\/avatar\\\/bb0c4a2fcb7970138239f7e404ea75757b1b507b28b5ce4c53fbd62d797c5a7c?s=96&d=mm&r=g\",\"contentUrl\":\"https:\\\/\\\/secure.gravatar.com\\\/avatar\\\/bb0c4a2fcb7970138239f7e404ea75757b1b507b28b5ce4c53fbd62d797c5a7c?s=96&d=mm&r=g\",\"caption\":\"Villasmil Henry\"},\"logo\":{\"@id\":\"https:\\\/\\\/secure.gravatar.com\\\/avatar\\\/bb0c4a2fcb7970138239f7e404ea75757b1b507b28b5ce4c53fbd62d797c5a7c?s=96&d=mm&r=g\"},\"sameAs\":[\"http:\\\/\\\/www.henryvillasmil.com.ve\",\"https:\\\/\\\/www.instagram.com\\\/villasmilhfoto\\\/\",\"https:\\\/\\\/x.com\\\/https:\\\/\\\/twitter.com\\\/villasmilhfoto\"],\"url\":\"https:\\\/\\\/digital58.com.ve\\\/site\\\/author\\\/droopy_68\\\/\"}]}<\/script>\n<!-- \/ Yoast SEO plugin. -->","yoast_head_json":{"title":"Venezuela eleva a 1.177 los fallecidos desde el comienzo de la pandemia","description":"Venezuela","robots":{"index":"index","follow":"follow","max-snippet":"max-snippet:-1","max-image-preview":"max-image-preview:large","max-video-preview":"max-video-preview:-1"},"canonical":"https:\/\/digital58.com.ve\/site\/2021\/01\/30\/venezuela-eleva-a-1-177-los-fallecidos-desde-el-comienzo-de-la-pandemia\/","og_locale":"es_ES","og_type":"article","og_title":"Venezuela eleva a 1.177 los fallecidos desde el comienzo de la pandemia","og_description":"Venezuela","og_url":"https:\/\/digital58.com.ve\/site\/2021\/01\/30\/venezuela-eleva-a-1-177-los-fallecidos-desde-el-comienzo-de-la-pandemia\/","og_site_name":"Noticias Digital58","article_published_time":"2021-01-30T13:20:56+00:00","og_image":[{"width":900,"height":600,"url":"https:\/\/digital58.com.ve\/site\/wp-content\/uploads\/2020\/10\/delcy-rodriguez.jpg","type":"image\/jpeg"}],"author":"Villasmil Henry","twitter_card":"summary_large_image","twitter_creator":"@https:\/\/twitter.com\/villasmilhfoto","twitter_site":"@villasmilhfoto","twitter_misc":{"Escrito por":"Villasmil Henry","Tiempo estimado de lectura":"2 minutos"},"schema":{"@context":"https:\/\/schema.org","@graph":[{"@type":"Article","@id":"https:\/\/digital58.com.ve\/site\/2021\/01\/30\/venezuela-eleva-a-1-177-los-fallecidos-desde-el-comienzo-de-la-pandemia\/#article","isPartOf":{"@id":"https:\/\/digital58.com.ve\/site\/2021\/01\/30\/venezuela-eleva-a-1-177-los-fallecidos-desde-el-comienzo-de-la-pandemia\/"},"author":{"name":"Villasmil Henry","@id":"https:\/\/digital58.com.ve\/site\/#\/schema\/person\/64d1c2e4d0d4fd1b849980c4331c2951"},"headline":"Venezuela eleva a 1.177 los fallecidos desde el comienzo de la pandemia","datePublished":"2021-01-30T13:20:56+00:00","mainEntityOfPage":{"@id":"https:\/\/digital58.com.ve\/site\/2021\/01\/30\/venezuela-eleva-a-1-177-los-fallecidos-desde-el-comienzo-de-la-pandemia\/"},"wordCount":301,"commentCount":0,"publisher":{"@id":"https:\/\/digital58.com.ve\/site\/#\/schema\/person\/64d1c2e4d0d4fd1b849980c4331c2951"},"image":{"@id":"https:\/\/digital58.com.ve\/site\/2021\/01\/30\/venezuela-eleva-a-1-177-los-fallecidos-desde-el-comienzo-de-la-pandemia\/#primaryimage"},"thumbnailUrl":"https:\/\/digital58.com.ve\/site\/wp-content\/uploads\/2020\/10\/delcy-rodriguez.jpg","keywords":["Caracas","Coronavirus","COVID-19","Nacionales","Pandemia","Reporte Diario COVID-19","Salud","Venezuela"],"articleSection":["Venezuela"],"inLanguage":"es","potentialAction":[{"@type":"CommentAction","name":"Comment","target":["https:\/\/digital58.com.ve\/site\/2021\/01\/30\/venezuela-eleva-a-1-177-los-fallecidos-desde-el-comienzo-de-la-pandemia\/#respond"]}]},{"@type":"WebPage","@id":"https:\/\/digital58.com.ve\/site\/2021\/01\/30\/venezuela-eleva-a-1-177-los-fallecidos-desde-el-comienzo-de-la-pandemia\/","url":"https:\/\/digital58.com.ve\/site\/2021\/01\/30\/venezuela-eleva-a-1-177-los-fallecidos-desde-el-comienzo-de-la-pandemia\/","name":"Venezuela eleva a 1.177 los fallecidos desde el comienzo de la pandemia","isPartOf":{"@id":"https:\/\/digital58.com.ve\/site\/#website"},"primaryImageOfPage":{"@id":"https:\/\/digital58.com.ve\/site\/2021\/01\/30\/venezuela-eleva-a-1-177-los-fallecidos-desde-el-comienzo-de-la-pandemia\/#primaryimage"},"image":{"@id":"https:\/\/digital58.com.ve\/site\/2021\/01\/30\/venezuela-eleva-a-1-177-los-fallecidos-desde-el-comienzo-de-la-pandemia\/#primaryimage"},"thumbnailUrl":"https:\/\/digital58.com.ve\/site\/wp-content\/uploads\/2020\/10\/delcy-rodriguez.jpg","datePublished":"2021-01-30T13:20:56+00:00","description":"Venezuela","breadcrumb":{"@id":"https:\/\/digital58.com.ve\/site\/2021\/01\/30\/venezuela-eleva-a-1-177-los-fallecidos-desde-el-comienzo-de-la-pandemia\/#breadcrumb"},"inLanguage":"es","potentialAction":[{"@type":"ReadAction","target":["https:\/\/digital58.com.ve\/site\/2021\/01\/30\/venezuela-eleva-a-1-177-los-fallecidos-desde-el-comienzo-de-la-pandemia\/"]}]},{"@type":"ImageObject","inLanguage":"es","@id":"https:\/\/digital58.com.ve\/site\/2021\/01\/30\/venezuela-eleva-a-1-177-los-fallecidos-desde-el-comienzo-de-la-pandemia\/#primaryimage","url":"https:\/\/digital58.com.ve\/site\/wp-content\/uploads\/2020\/10\/delcy-rodriguez.jpg","contentUrl":"https:\/\/digital58.com.ve\/site\/wp-content\/uploads\/2020\/10\/delcy-rodriguez.jpg","width":800,"height":533},{"@type":"BreadcrumbList","@id":"https:\/\/digital58.com.ve\/site\/2021\/01\/30\/venezuela-eleva-a-1-177-los-fallecidos-desde-el-comienzo-de-la-pandemia\/#breadcrumb","itemListElement":[{"@type":"ListItem","position":1,"name":"Home","item":"https:\/\/digital58.com.ve\/site\/"},{"@type":"ListItem","position":2,"name":"Venezuela eleva a 1.177 los fallecidos desde el comienzo de la pandemia"}]},{"@type":"WebSite","@id":"https:\/\/digital58.com.ve\/site\/#website","url":"https:\/\/digital58.com.ve\/site\/","name":"Noticias Digital58","description":"Portal de Noticias \u00a1Periodismo web de verdad! Lanzamiento web 22.11.2005 \/ Maracaibo, Venezuela","publisher":{"@id":"https:\/\/digital58.com.ve\/site\/#\/schema\/person\/64d1c2e4d0d4fd1b849980c4331c2951"},"alternateName":"ND58","potentialAction":[{"@type":"SearchAction","target":{"@type":"EntryPoint","urlTemplate":"https:\/\/digital58.com.ve\/site\/?s={search_term_string}"},"query-input":{"@type":"PropertyValueSpecification","valueRequired":true,"valueName":"search_term_string"}}],"inLanguage":"es"},{"@type":["Person","Organization"],"@id":"https:\/\/digital58.com.ve\/site\/#\/schema\/person\/64d1c2e4d0d4fd1b849980c4331c2951","name":"Villasmil Henry","image":{"@type":"ImageObject","inLanguage":"es","@id":"https:\/\/secure.gravatar.com\/avatar\/bb0c4a2fcb7970138239f7e404ea75757b1b507b28b5ce4c53fbd62d797c5a7c?s=96&d=mm&r=g","url":"https:\/\/secure.gravatar.com\/avatar\/bb0c4a2fcb7970138239f7e404ea75757b1b507b28b5ce4c53fbd62d797c5a7c?s=96&d=mm&r=g","contentUrl":"https:\/\/secure.gravatar.com\/avatar\/bb0c4a2fcb7970138239f7e404ea75757b1b507b28b5ce4c53fbd62d797c5a7c?s=96&d=mm&r=g","caption":"Villasmil Henry"},"logo":{"@id":"https:\/\/secure.gravatar.com\/avatar\/bb0c4a2fcb7970138239f7e404ea75757b1b507b28b5ce4c53fbd62d797c5a7c?s=96&d=mm&r=g"},"sameAs":["http:\/\/www.henryvillasmil.com.ve","https:\/\/www.instagram.com\/villasmilhfoto\/","https:\/\/x.com\/https:\/\/twitter.com\/villasmilhfoto"],"url":"https:\/\/digital58.com.ve\/site\/author\/droopy_68\/"}]}},"uagb_featured_image_src":{"full":["https:\/\/digital58.com.ve\/site\/wp-content\/uploads\/2020\/10\/delcy-rodriguez.jpg",800,533,false],"thumbnail":["https:\/\/digital58.com.ve\/site\/wp-content\/uploads\/2020\/10\/delcy-rodriguez-150x150.jpg",150,150,true],"medium":["https:\/\/digital58.com.ve\/site\/wp-content\/uploads\/2020\/10\/delcy-rodriguez-300x200.jpg",300,200,true],"medium_large":["https:\/\/digital58.com.ve\/site\/wp-content\/uploads\/2020\/10\/delcy-rodriguez-768x512.jpg",768,512,true],"large":["https:\/\/digital58.com.ve\/site\/wp-content\/uploads\/2020\/10\/delcy-rodriguez.jpg",800,533,false],"1536x1536":["https:\/\/digital58.com.ve\/site\/wp-content\/uploads\/2020\/10\/delcy-rodriguez.jpg",800,533,false],"2048x2048":["https:\/\/digital58.com.ve\/site\/wp-content\/uploads\/2020\/10\/delcy-rodriguez.jpg",800,533,false],"colormag-highlighted-post":["https:\/\/digital58.com.ve\/site\/wp-content\/uploads\/2020\/10\/delcy-rodriguez.jpg",392,261,false],"colormag-featured-post-medium":["https:\/\/digital58.com.ve\/site\/wp-content\/uploads\/2020\/10\/delcy-rodriguez.jpg",308,205,false],"colormag-featured-post-small":["https:\/\/digital58.com.ve\/site\/wp-content\/uploads\/2020\/10\/delcy-rodriguez.jpg",130,87,false],"colormag-featured-image":["https:\/\/digital58.com.ve\/site\/wp-content\/uploads\/2020\/10\/delcy-rodriguez.jpg",668,445,false],"colormag-default-news":["https:\/\/digital58.com.ve\/site\/wp-content\/uploads\/2020\/10\/delcy-rodriguez.jpg",150,100,false],"colormag-featured-image-large":["https:\/\/digital58.com.ve\/site\/wp-content\/uploads\/2020\/10\/delcy-rodriguez.jpg",800,533,false]},"uagb_author_info":{"display_name":"Villasmil Henry","author_link":"https:\/\/digital58.com.ve\/site\/author\/droopy_68\/"},"uagb_comment_info":0,"uagb_excerpt":"Caracas es la regi\u00f3n con m\u00e1s casos nuevos (107), seguida por el noroccidental estado del Zulia (fronterizo con Colombia), con","_links":{"self":[{"href":"https:\/\/digital58.com.ve\/site\/wp-json\/wp\/v2\/posts\/134859","targetHints":{"allow":["GET"]}}],"collection":[{"href":"https:\/\/digital58.com.ve\/site\/wp-json\/wp\/v2\/posts"}],"about":[{"href":"https:\/\/digital58.com.ve\/site\/wp-json\/wp\/v2\/types\/post"}],"author":[{"embeddable":true,"href":"https:\/\/digital58.com.ve\/site\/wp-json\/wp\/v2\/users\/1"}],"replies":[{"embeddable":true,"href":"https:\/\/digital58.com.ve\/site\/wp-json\/wp\/v2\/comments?post=134859"}],"version-history":[{"count":0,"href":"https:\/\/digital58.com.ve\/site\/wp-json\/wp\/v2\/posts\/134859\/revisions"}],"wp:featuredmedia":[{"embeddable":true,"href":"https:\/\/digital58.com.ve\/site\/wp-json\/wp\/v2\/media\/131886"}],"wp:attachment":[{"href":"https:\/\/digital58.com.ve\/site\/wp-json\/wp\/v2\/media?parent=134859"}],"wp:term":[{"taxonomy":"category","embeddable":true,"href":"https:\/\/digital58.com.ve\/site\/wp-json\/wp\/v2\/categories?post=134859"},{"taxonomy":"post_tag","embeddable":true,"href":"https:\/\/digital58.com.ve\/site\/wp-json\/wp\/v2\/tags?post=134859"}],"curies":[{"name":"wp","href":"https:\/\/api.w.org\/{rel}","templated":true}]}}