{"id":134923,"date":"2021-01-31T22:24:59","date_gmt":"2021-02-01T02:24:59","guid":{"rendered":"https:\/\/digital58.com.ve\/site\/?p=134923"},"modified":"2021-01-31T22:24:59","modified_gmt":"2021-02-01T02:24:59","slug":"fallecio-a-causa-de-la-covid-19-jean-carlos-martinez-diputado-a-la-asamblea-nacional-por-maracaibo","status":"publish","type":"post","link":"https:\/\/digital58.com.ve\/site\/2021\/01\/31\/fallecio-a-causa-de-la-covid-19-jean-carlos-martinez-diputado-a-la-asamblea-nacional-por-maracaibo\/","title":{"rendered":"Falleci\u00f3 a causa de la COVID-19 Jean Carlos Mart\u00ednez, diputado a la Asamblea Nacional por Maracaibo"},"content":{"rendered":"<p><a href=\"https:\/\/digital58.com.ve\/site\/wp-content\/uploads\/2021\/01\/Jean-Carlos-Martinez.jpg\"><img loading=\"lazy\" decoding=\"async\" class=\"aligncenter size-full wp-image-134924\" src=\"https:\/\/digital58.com.ve\/site\/wp-content\/uploads\/2021\/01\/Jean-Carlos-Martinez.jpg\" alt=\"\" width=\"900\" height=\"600\" srcset=\"https:\/\/digital58.com.ve\/site\/wp-content\/uploads\/2021\/01\/Jean-Carlos-Martinez.jpg 800w, https:\/\/digital58.com.ve\/site\/wp-content\/uploads\/2021\/01\/Jean-Carlos-Martinez-300x200.jpg 300w, https:\/\/digital58.com.ve\/site\/wp-content\/uploads\/2021\/01\/Jean-Carlos-Martinez-768x512.jpg 768w, https:\/\/digital58.com.ve\/site\/wp-content\/uploads\/2021\/01\/Jean-Carlos-Martinez-720x480.jpg 720w, https:\/\/digital58.com.ve\/site\/wp-content\/uploads\/2021\/01\/Jean-Carlos-Martinez-480x320.jpg 480w\" sizes=\"auto, (max-width: 900px) 100vw, 900px\" \/><\/a><\/p>\n<p>Antes de ser parlamentario, hab\u00eda cumplido funciones en la direcci\u00f3n de SEDEMAT, desde inicios de la administraci\u00f3n Casanova hasta su postulaci\u00f3n como parlamentario en 2020.<\/p>\n<p><strong>Maracaibo, Zulia, Venezuela, 31 de enero de 2021 (ND58).-<\/strong> Este domingo se conoci\u00f3 el lamentable fallecimiento, de Jean Carlos Martinez, diputado a la Asamblea Nacional por la ciudad de Maracaibo, como consecuencia de la COVID-19.<\/p>\n<p>La triste noticia fue comunicada por el alcalde de Maracaibo, Willy Casanova, compa\u00f1ero de partido de Mart\u00ednez, a quien defini\u00f3 como \u00abun hombre \u00edntegro, de principios, honesto, humilde y sencillo\u00bb.<\/p>\n<p>Antes de ser parlamentario, Mart\u00ednez hab\u00eda cumplido funciones en la direcci\u00f3n del Servicio Desconcentrado Municipal de Administraci\u00f3n Tributaria (Sedemat), desde el a\u00f1o 2018, bajo la administraci\u00f3n de Casanova, hasta su postulaci\u00f3n a la Asamblea Nacional en 2020.<\/p>\n<p>\u00abPierde Maracaibo a un gran hombre\u00bb, a\u00f1adi\u00f3 Casanova, para finalizar su mensaje.<\/p><div class=\"zasuz6a9be362087ad\" ><p style=\"text-align: center;\"><a href=\"https:\/\/t.me\/noticiasdigital58\" target=\"_blank\" rel=\"noopener\"><img class=\"aligncenter size-full wp-image-125363\" src=\"https:\/\/digital58.com.ve\/site\/wp-content\/uploads\/2021\/04\/banner-telegram-web-2021.png\" alt=\"\" width=\"600\" height=\"90\" \/><\/a><\/p><\/div><style type=\"text\/css\">\r\n@media screen and (min-width: 1201px) {\r\n.zasuz6a9be362087ad {\r\ndisplay: block;\r\n}\r\n}\r\n@media screen and (min-width: 993px) and (max-width: 1200px) {\r\n.zasuz6a9be362087ad {\r\ndisplay: block;\r\n}\r\n}\r\n@media screen and (min-width: 769px) and (max-width: 992px) {\r\n.zasuz6a9be362087ad {\r\ndisplay: block;\r\n}\r\n}\r\n@media screen and (min-width: 768px) and (max-width: 768px) {\r\n.zasuz6a9be362087ad {\r\ndisplay: block;\r\n}\r\n}\r\n@media screen and (max-width: 767px) {\r\n.zasuz6a9be362087ad {\r\ndisplay: block;\r\n}\r\n}\r\n<\/style>\r\n\n<p><strong>Redacci\u00f3n: Morales, Joel (@joeldmc32)<\/strong><br \/>\n<strong>Edici\u00f3n: Villasmil, Henry <\/strong><br \/>\n<strong>Gr\u00e1fica: Cortes\u00eda<\/strong><\/p>\n<div style=\"margin-top: 0px; margin-bottom: 0px;\" class=\"sharethis-inline-share-buttons\" ><\/div>","protected":false},"excerpt":{"rendered":"<p>Antes de ser parlamentario, hab\u00eda cumplido funciones en la direcci\u00f3n de SEDEMAT, desde inicios de la administraci\u00f3n Casanova hasta su<\/p>\n","protected":false},"author":1,"featured_media":134924,"comment_status":"open","ping_status":"closed","sticky":false,"template":"","format":"standard","meta":{"colormag_page_container_layout":"default_layout","colormag_page_sidebar_layout":"default_layout","_uag_custom_page_level_css":"","footnotes":""},"categories":[14504],"tags":[4384,13352,13648,13217,207,22986,73,233,13723,32,761],"class_list":["post-134923","post","type-post","status-publish","format-standard","has-post-thumbnail","hentry","category-zulia","tag-asamblea-nacional","tag-coronavirus","tag-covid-19","tag-diputados","tag-fallecimientos","tag-jean-carlos-martinez","tag-maracaibo","tag-nacionales","tag-pandemia","tag-venezuela","tag-zulia"],"yoast_head":"<!-- This site is optimized with the Yoast SEO plugin v28.4 - https:\/\/yoast.com\/product\/yoast-seo-wordpress\/ -->\n<title>Falleci\u00f3 a causa de la COVID-19 Jean Carlos Mart\u00ednez, diputado a la Asamblea Nacional por Maracaibo<\/title>\n<meta name=\"description\" content=\"Zulia\" \/>\n<meta name=\"robots\" content=\"index, follow, max-snippet:-1, max-image-preview:large, max-video-preview:-1\" \/>\n<link rel=\"canonical\" href=\"https:\/\/digital58.com.ve\/site\/2021\/01\/31\/fallecio-a-causa-de-la-covid-19-jean-carlos-martinez-diputado-a-la-asamblea-nacional-por-maracaibo\/\" \/>\n<meta property=\"og:locale\" content=\"es_ES\" \/>\n<meta property=\"og:type\" content=\"article\" \/>\n<meta property=\"og:title\" content=\"Falleci\u00f3 a causa de la COVID-19 Jean Carlos Mart\u00ednez, diputado a la Asamblea Nacional por Maracaibo\" \/>\n<meta property=\"og:description\" content=\"Zulia\" \/>\n<meta property=\"og:url\" content=\"https:\/\/digital58.com.ve\/site\/2021\/01\/31\/fallecio-a-causa-de-la-covid-19-jean-carlos-martinez-diputado-a-la-asamblea-nacional-por-maracaibo\/\" \/>\n<meta property=\"og:site_name\" content=\"Noticias Digital58\" \/>\n<meta property=\"article:published_time\" content=\"2021-02-01T02:24:59+00:00\" \/>\n<meta property=\"og:image\" content=\"https:\/\/digital58.com.ve\/site\/wp-content\/uploads\/2021\/01\/Jean-Carlos-Martinez.jpg\" \/>\n\t<meta property=\"og:image:width\" content=\"900\" \/>\n\t<meta property=\"og:image:height\" content=\"600\" \/>\n\t<meta property=\"og:image:type\" content=\"image\/jpeg\" \/>\n<meta name=\"author\" content=\"Villasmil Henry\" \/>\n<meta name=\"twitter:card\" content=\"summary_large_image\" \/>\n<meta name=\"twitter:creator\" content=\"@https:\/\/twitter.com\/villasmilhfoto\" \/>\n<meta name=\"twitter:site\" content=\"@villasmilhfoto\" \/>\n<meta name=\"twitter:label1\" content=\"Escrito por\" \/>\n\t<meta name=\"twitter:data1\" content=\"Villasmil Henry\" \/>\n\t<meta name=\"twitter:label2\" content=\"Tiempo estimado de lectura\" \/>\n\t<meta name=\"twitter:data2\" content=\"1 minuto\" \/>\n<script type=\"application\/ld+json\" class=\"yoast-schema-graph\">{\"@context\":\"https:\\\/\\\/schema.org\",\"@graph\":[{\"@type\":\"Article\",\"@id\":\"https:\\\/\\\/digital58.com.ve\\\/site\\\/2021\\\/01\\\/31\\\/fallecio-a-causa-de-la-covid-19-jean-carlos-martinez-diputado-a-la-asamblea-nacional-por-maracaibo\\\/#article\",\"isPartOf\":{\"@id\":\"https:\\\/\\\/digital58.com.ve\\\/site\\\/2021\\\/01\\\/31\\\/fallecio-a-causa-de-la-covid-19-jean-carlos-martinez-diputado-a-la-asamblea-nacional-por-maracaibo\\\/\"},\"author\":{\"name\":\"Villasmil Henry\",\"@id\":\"https:\\\/\\\/digital58.com.ve\\\/site\\\/#\\\/schema\\\/person\\\/64d1c2e4d0d4fd1b849980c4331c2951\"},\"headline\":\"Falleci\u00f3 a causa de la COVID-19 Jean Carlos Mart\u00ednez, diputado a la Asamblea Nacional por Maracaibo\",\"datePublished\":\"2021-02-01T02:24:59+00:00\",\"mainEntityOfPage\":{\"@id\":\"https:\\\/\\\/digital58.com.ve\\\/site\\\/2021\\\/01\\\/31\\\/fallecio-a-causa-de-la-covid-19-jean-carlos-martinez-diputado-a-la-asamblea-nacional-por-maracaibo\\\/\"},\"wordCount\":179,\"commentCount\":0,\"publisher\":{\"@id\":\"https:\\\/\\\/digital58.com.ve\\\/site\\\/#\\\/schema\\\/person\\\/64d1c2e4d0d4fd1b849980c4331c2951\"},\"image\":{\"@id\":\"https:\\\/\\\/digital58.com.ve\\\/site\\\/2021\\\/01\\\/31\\\/fallecio-a-causa-de-la-covid-19-jean-carlos-martinez-diputado-a-la-asamblea-nacional-por-maracaibo\\\/#primaryimage\"},\"thumbnailUrl\":\"https:\\\/\\\/digital58.com.ve\\\/site\\\/wp-content\\\/uploads\\\/2021\\\/01\\\/Jean-Carlos-Martinez.jpg\",\"keywords\":[\"Asamblea Nacional\",\"Coronavirus\",\"COVID-19\",\"Diputados\",\"Fallecimientos\",\"Jean Carlos Mart\u00ednez\",\"Maracaibo\",\"Nacionales\",\"Pandemia\",\"Venezuela\",\"Zulia\"],\"articleSection\":[\"Zulia\"],\"inLanguage\":\"es\",\"potentialAction\":[{\"@type\":\"CommentAction\",\"name\":\"Comment\",\"target\":[\"https:\\\/\\\/digital58.com.ve\\\/site\\\/2021\\\/01\\\/31\\\/fallecio-a-causa-de-la-covid-19-jean-carlos-martinez-diputado-a-la-asamblea-nacional-por-maracaibo\\\/#respond\"]}]},{\"@type\":\"WebPage\",\"@id\":\"https:\\\/\\\/digital58.com.ve\\\/site\\\/2021\\\/01\\\/31\\\/fallecio-a-causa-de-la-covid-19-jean-carlos-martinez-diputado-a-la-asamblea-nacional-por-maracaibo\\\/\",\"url\":\"https:\\\/\\\/digital58.com.ve\\\/site\\\/2021\\\/01\\\/31\\\/fallecio-a-causa-de-la-covid-19-jean-carlos-martinez-diputado-a-la-asamblea-nacional-por-maracaibo\\\/\",\"name\":\"Falleci\u00f3 a causa de la COVID-19 Jean Carlos Mart\u00ednez, diputado a la Asamblea Nacional por Maracaibo\",\"isPartOf\":{\"@id\":\"https:\\\/\\\/digital58.com.ve\\\/site\\\/#website\"},\"primaryImageOfPage\":{\"@id\":\"https:\\\/\\\/digital58.com.ve\\\/site\\\/2021\\\/01\\\/31\\\/fallecio-a-causa-de-la-covid-19-jean-carlos-martinez-diputado-a-la-asamblea-nacional-por-maracaibo\\\/#primaryimage\"},\"image\":{\"@id\":\"https:\\\/\\\/digital58.com.ve\\\/site\\\/2021\\\/01\\\/31\\\/fallecio-a-causa-de-la-covid-19-jean-carlos-martinez-diputado-a-la-asamblea-nacional-por-maracaibo\\\/#primaryimage\"},\"thumbnailUrl\":\"https:\\\/\\\/digital58.com.ve\\\/site\\\/wp-content\\\/uploads\\\/2021\\\/01\\\/Jean-Carlos-Martinez.jpg\",\"datePublished\":\"2021-02-01T02:24:59+00:00\",\"description\":\"Zulia\",\"breadcrumb\":{\"@id\":\"https:\\\/\\\/digital58.com.ve\\\/site\\\/2021\\\/01\\\/31\\\/fallecio-a-causa-de-la-covid-19-jean-carlos-martinez-diputado-a-la-asamblea-nacional-por-maracaibo\\\/#breadcrumb\"},\"inLanguage\":\"es\",\"potentialAction\":[{\"@type\":\"ReadAction\",\"target\":[\"https:\\\/\\\/digital58.com.ve\\\/site\\\/2021\\\/01\\\/31\\\/fallecio-a-causa-de-la-covid-19-jean-carlos-martinez-diputado-a-la-asamblea-nacional-por-maracaibo\\\/\"]}]},{\"@type\":\"ImageObject\",\"inLanguage\":\"es\",\"@id\":\"https:\\\/\\\/digital58.com.ve\\\/site\\\/2021\\\/01\\\/31\\\/fallecio-a-causa-de-la-covid-19-jean-carlos-martinez-diputado-a-la-asamblea-nacional-por-maracaibo\\\/#primaryimage\",\"url\":\"https:\\\/\\\/digital58.com.ve\\\/site\\\/wp-content\\\/uploads\\\/2021\\\/01\\\/Jean-Carlos-Martinez.jpg\",\"contentUrl\":\"https:\\\/\\\/digital58.com.ve\\\/site\\\/wp-content\\\/uploads\\\/2021\\\/01\\\/Jean-Carlos-Martinez.jpg\",\"width\":800,\"height\":533},{\"@type\":\"BreadcrumbList\",\"@id\":\"https:\\\/\\\/digital58.com.ve\\\/site\\\/2021\\\/01\\\/31\\\/fallecio-a-causa-de-la-covid-19-jean-carlos-martinez-diputado-a-la-asamblea-nacional-por-maracaibo\\\/#breadcrumb\",\"itemListElement\":[{\"@type\":\"ListItem\",\"position\":1,\"name\":\"Home\",\"item\":\"https:\\\/\\\/digital58.com.ve\\\/site\\\/\"},{\"@type\":\"ListItem\",\"position\":2,\"name\":\"Falleci\u00f3 a causa de la COVID-19 Jean Carlos Mart\u00ednez, diputado a la Asamblea Nacional por Maracaibo\"}]},{\"@type\":\"WebSite\",\"@id\":\"https:\\\/\\\/digital58.com.ve\\\/site\\\/#website\",\"url\":\"https:\\\/\\\/digital58.com.ve\\\/site\\\/\",\"name\":\"Noticias Digital58\",\"description\":\"Portal de Noticias \u00a1Periodismo web de verdad! Lanzamiento web 22.11.2005 \\\/ Maracaibo, Venezuela\",\"publisher\":{\"@id\":\"https:\\\/\\\/digital58.com.ve\\\/site\\\/#\\\/schema\\\/person\\\/64d1c2e4d0d4fd1b849980c4331c2951\"},\"alternateName\":\"ND58\",\"potentialAction\":[{\"@type\":\"SearchAction\",\"target\":{\"@type\":\"EntryPoint\",\"urlTemplate\":\"https:\\\/\\\/digital58.com.ve\\\/site\\\/?s={search_term_string}\"},\"query-input\":{\"@type\":\"PropertyValueSpecification\",\"valueRequired\":true,\"valueName\":\"search_term_string\"}}],\"inLanguage\":\"es\"},{\"@type\":[\"Person\",\"Organization\"],\"@id\":\"https:\\\/\\\/digital58.com.ve\\\/site\\\/#\\\/schema\\\/person\\\/64d1c2e4d0d4fd1b849980c4331c2951\",\"name\":\"Villasmil Henry\",\"image\":{\"@type\":\"ImageObject\",\"inLanguage\":\"es\",\"@id\":\"https:\\\/\\\/secure.gravatar.com\\\/avatar\\\/bb0c4a2fcb7970138239f7e404ea75757b1b507b28b5ce4c53fbd62d797c5a7c?s=96&d=mm&r=g\",\"url\":\"https:\\\/\\\/secure.gravatar.com\\\/avatar\\\/bb0c4a2fcb7970138239f7e404ea75757b1b507b28b5ce4c53fbd62d797c5a7c?s=96&d=mm&r=g\",\"contentUrl\":\"https:\\\/\\\/secure.gravatar.com\\\/avatar\\\/bb0c4a2fcb7970138239f7e404ea75757b1b507b28b5ce4c53fbd62d797c5a7c?s=96&d=mm&r=g\",\"caption\":\"Villasmil Henry\"},\"logo\":{\"@id\":\"https:\\\/\\\/secure.gravatar.com\\\/avatar\\\/bb0c4a2fcb7970138239f7e404ea75757b1b507b28b5ce4c53fbd62d797c5a7c?s=96&d=mm&r=g\"},\"sameAs\":[\"http:\\\/\\\/www.henryvillasmil.com.ve\",\"https:\\\/\\\/www.instagram.com\\\/villasmilhfoto\\\/\",\"https:\\\/\\\/x.com\\\/https:\\\/\\\/twitter.com\\\/villasmilhfoto\"],\"url\":\"https:\\\/\\\/digital58.com.ve\\\/site\\\/author\\\/droopy_68\\\/\"}]}<\/script>\n<!-- \/ Yoast SEO plugin. -->","yoast_head_json":{"title":"Falleci\u00f3 a causa de la COVID-19 Jean Carlos Mart\u00ednez, diputado a la Asamblea Nacional por Maracaibo","description":"Zulia","robots":{"index":"index","follow":"follow","max-snippet":"max-snippet:-1","max-image-preview":"max-image-preview:large","max-video-preview":"max-video-preview:-1"},"canonical":"https:\/\/digital58.com.ve\/site\/2021\/01\/31\/fallecio-a-causa-de-la-covid-19-jean-carlos-martinez-diputado-a-la-asamblea-nacional-por-maracaibo\/","og_locale":"es_ES","og_type":"article","og_title":"Falleci\u00f3 a causa de la COVID-19 Jean Carlos Mart\u00ednez, diputado a la Asamblea Nacional por Maracaibo","og_description":"Zulia","og_url":"https:\/\/digital58.com.ve\/site\/2021\/01\/31\/fallecio-a-causa-de-la-covid-19-jean-carlos-martinez-diputado-a-la-asamblea-nacional-por-maracaibo\/","og_site_name":"Noticias Digital58","article_published_time":"2021-02-01T02:24:59+00:00","og_image":[{"width":900,"height":600,"url":"https:\/\/digital58.com.ve\/site\/wp-content\/uploads\/2021\/01\/Jean-Carlos-Martinez.jpg","type":"image\/jpeg"}],"author":"Villasmil Henry","twitter_card":"summary_large_image","twitter_creator":"@https:\/\/twitter.com\/villasmilhfoto","twitter_site":"@villasmilhfoto","twitter_misc":{"Escrito por":"Villasmil Henry","Tiempo estimado de lectura":"1 minuto"},"schema":{"@context":"https:\/\/schema.org","@graph":[{"@type":"Article","@id":"https:\/\/digital58.com.ve\/site\/2021\/01\/31\/fallecio-a-causa-de-la-covid-19-jean-carlos-martinez-diputado-a-la-asamblea-nacional-por-maracaibo\/#article","isPartOf":{"@id":"https:\/\/digital58.com.ve\/site\/2021\/01\/31\/fallecio-a-causa-de-la-covid-19-jean-carlos-martinez-diputado-a-la-asamblea-nacional-por-maracaibo\/"},"author":{"name":"Villasmil Henry","@id":"https:\/\/digital58.com.ve\/site\/#\/schema\/person\/64d1c2e4d0d4fd1b849980c4331c2951"},"headline":"Falleci\u00f3 a causa de la COVID-19 Jean Carlos Mart\u00ednez, diputado a la Asamblea Nacional por Maracaibo","datePublished":"2021-02-01T02:24:59+00:00","mainEntityOfPage":{"@id":"https:\/\/digital58.com.ve\/site\/2021\/01\/31\/fallecio-a-causa-de-la-covid-19-jean-carlos-martinez-diputado-a-la-asamblea-nacional-por-maracaibo\/"},"wordCount":179,"commentCount":0,"publisher":{"@id":"https:\/\/digital58.com.ve\/site\/#\/schema\/person\/64d1c2e4d0d4fd1b849980c4331c2951"},"image":{"@id":"https:\/\/digital58.com.ve\/site\/2021\/01\/31\/fallecio-a-causa-de-la-covid-19-jean-carlos-martinez-diputado-a-la-asamblea-nacional-por-maracaibo\/#primaryimage"},"thumbnailUrl":"https:\/\/digital58.com.ve\/site\/wp-content\/uploads\/2021\/01\/Jean-Carlos-Martinez.jpg","keywords":["Asamblea Nacional","Coronavirus","COVID-19","Diputados","Fallecimientos","Jean Carlos Mart\u00ednez","Maracaibo","Nacionales","Pandemia","Venezuela","Zulia"],"articleSection":["Zulia"],"inLanguage":"es","potentialAction":[{"@type":"CommentAction","name":"Comment","target":["https:\/\/digital58.com.ve\/site\/2021\/01\/31\/fallecio-a-causa-de-la-covid-19-jean-carlos-martinez-diputado-a-la-asamblea-nacional-por-maracaibo\/#respond"]}]},{"@type":"WebPage","@id":"https:\/\/digital58.com.ve\/site\/2021\/01\/31\/fallecio-a-causa-de-la-covid-19-jean-carlos-martinez-diputado-a-la-asamblea-nacional-por-maracaibo\/","url":"https:\/\/digital58.com.ve\/site\/2021\/01\/31\/fallecio-a-causa-de-la-covid-19-jean-carlos-martinez-diputado-a-la-asamblea-nacional-por-maracaibo\/","name":"Falleci\u00f3 a causa de la COVID-19 Jean Carlos Mart\u00ednez, diputado a la Asamblea Nacional por Maracaibo","isPartOf":{"@id":"https:\/\/digital58.com.ve\/site\/#website"},"primaryImageOfPage":{"@id":"https:\/\/digital58.com.ve\/site\/2021\/01\/31\/fallecio-a-causa-de-la-covid-19-jean-carlos-martinez-diputado-a-la-asamblea-nacional-por-maracaibo\/#primaryimage"},"image":{"@id":"https:\/\/digital58.com.ve\/site\/2021\/01\/31\/fallecio-a-causa-de-la-covid-19-jean-carlos-martinez-diputado-a-la-asamblea-nacional-por-maracaibo\/#primaryimage"},"thumbnailUrl":"https:\/\/digital58.com.ve\/site\/wp-content\/uploads\/2021\/01\/Jean-Carlos-Martinez.jpg","datePublished":"2021-02-01T02:24:59+00:00","description":"Zulia","breadcrumb":{"@id":"https:\/\/digital58.com.ve\/site\/2021\/01\/31\/fallecio-a-causa-de-la-covid-19-jean-carlos-martinez-diputado-a-la-asamblea-nacional-por-maracaibo\/#breadcrumb"},"inLanguage":"es","potentialAction":[{"@type":"ReadAction","target":["https:\/\/digital58.com.ve\/site\/2021\/01\/31\/fallecio-a-causa-de-la-covid-19-jean-carlos-martinez-diputado-a-la-asamblea-nacional-por-maracaibo\/"]}]},{"@type":"ImageObject","inLanguage":"es","@id":"https:\/\/digital58.com.ve\/site\/2021\/01\/31\/fallecio-a-causa-de-la-covid-19-jean-carlos-martinez-diputado-a-la-asamblea-nacional-por-maracaibo\/#primaryimage","url":"https:\/\/digital58.com.ve\/site\/wp-content\/uploads\/2021\/01\/Jean-Carlos-Martinez.jpg","contentUrl":"https:\/\/digital58.com.ve\/site\/wp-content\/uploads\/2021\/01\/Jean-Carlos-Martinez.jpg","width":800,"height":533},{"@type":"BreadcrumbList","@id":"https:\/\/digital58.com.ve\/site\/2021\/01\/31\/fallecio-a-causa-de-la-covid-19-jean-carlos-martinez-diputado-a-la-asamblea-nacional-por-maracaibo\/#breadcrumb","itemListElement":[{"@type":"ListItem","position":1,"name":"Home","item":"https:\/\/digital58.com.ve\/site\/"},{"@type":"ListItem","position":2,"name":"Falleci\u00f3 a causa de la COVID-19 Jean Carlos Mart\u00ednez, diputado a la Asamblea Nacional por Maracaibo"}]},{"@type":"WebSite","@id":"https:\/\/digital58.com.ve\/site\/#website","url":"https:\/\/digital58.com.ve\/site\/","name":"Noticias Digital58","description":"Portal de Noticias \u00a1Periodismo web de verdad! Lanzamiento web 22.11.2005 \/ Maracaibo, Venezuela","publisher":{"@id":"https:\/\/digital58.com.ve\/site\/#\/schema\/person\/64d1c2e4d0d4fd1b849980c4331c2951"},"alternateName":"ND58","potentialAction":[{"@type":"SearchAction","target":{"@type":"EntryPoint","urlTemplate":"https:\/\/digital58.com.ve\/site\/?s={search_term_string}"},"query-input":{"@type":"PropertyValueSpecification","valueRequired":true,"valueName":"search_term_string"}}],"inLanguage":"es"},{"@type":["Person","Organization"],"@id":"https:\/\/digital58.com.ve\/site\/#\/schema\/person\/64d1c2e4d0d4fd1b849980c4331c2951","name":"Villasmil Henry","image":{"@type":"ImageObject","inLanguage":"es","@id":"https:\/\/secure.gravatar.com\/avatar\/bb0c4a2fcb7970138239f7e404ea75757b1b507b28b5ce4c53fbd62d797c5a7c?s=96&d=mm&r=g","url":"https:\/\/secure.gravatar.com\/avatar\/bb0c4a2fcb7970138239f7e404ea75757b1b507b28b5ce4c53fbd62d797c5a7c?s=96&d=mm&r=g","contentUrl":"https:\/\/secure.gravatar.com\/avatar\/bb0c4a2fcb7970138239f7e404ea75757b1b507b28b5ce4c53fbd62d797c5a7c?s=96&d=mm&r=g","caption":"Villasmil Henry"},"logo":{"@id":"https:\/\/secure.gravatar.com\/avatar\/bb0c4a2fcb7970138239f7e404ea75757b1b507b28b5ce4c53fbd62d797c5a7c?s=96&d=mm&r=g"},"sameAs":["http:\/\/www.henryvillasmil.com.ve","https:\/\/www.instagram.com\/villasmilhfoto\/","https:\/\/x.com\/https:\/\/twitter.com\/villasmilhfoto"],"url":"https:\/\/digital58.com.ve\/site\/author\/droopy_68\/"}]}},"uagb_featured_image_src":{"full":["https:\/\/digital58.com.ve\/site\/wp-content\/uploads\/2021\/01\/Jean-Carlos-Martinez.jpg",800,533,false],"thumbnail":["https:\/\/digital58.com.ve\/site\/wp-content\/uploads\/2021\/01\/Jean-Carlos-Martinez-150x150.jpg",150,150,true],"medium":["https:\/\/digital58.com.ve\/site\/wp-content\/uploads\/2021\/01\/Jean-Carlos-Martinez-300x200.jpg",300,200,true],"medium_large":["https:\/\/digital58.com.ve\/site\/wp-content\/uploads\/2021\/01\/Jean-Carlos-Martinez-768x512.jpg",768,512,true],"large":["https:\/\/digital58.com.ve\/site\/wp-content\/uploads\/2021\/01\/Jean-Carlos-Martinez.jpg",800,533,false],"1536x1536":["https:\/\/digital58.com.ve\/site\/wp-content\/uploads\/2021\/01\/Jean-Carlos-Martinez.jpg",800,533,false],"2048x2048":["https:\/\/digital58.com.ve\/site\/wp-content\/uploads\/2021\/01\/Jean-Carlos-Martinez.jpg",800,533,false],"colormag-highlighted-post":["https:\/\/digital58.com.ve\/site\/wp-content\/uploads\/2021\/01\/Jean-Carlos-Martinez.jpg",392,261,false],"colormag-featured-post-medium":["https:\/\/digital58.com.ve\/site\/wp-content\/uploads\/2021\/01\/Jean-Carlos-Martinez.jpg",308,205,false],"colormag-featured-post-small":["https:\/\/digital58.com.ve\/site\/wp-content\/uploads\/2021\/01\/Jean-Carlos-Martinez.jpg",130,87,false],"colormag-featured-image":["https:\/\/digital58.com.ve\/site\/wp-content\/uploads\/2021\/01\/Jean-Carlos-Martinez.jpg",668,445,false],"colormag-default-news":["https:\/\/digital58.com.ve\/site\/wp-content\/uploads\/2021\/01\/Jean-Carlos-Martinez.jpg",150,100,false],"colormag-featured-image-large":["https:\/\/digital58.com.ve\/site\/wp-content\/uploads\/2021\/01\/Jean-Carlos-Martinez.jpg",800,533,false]},"uagb_author_info":{"display_name":"Villasmil Henry","author_link":"https:\/\/digital58.com.ve\/site\/author\/droopy_68\/"},"uagb_comment_info":0,"uagb_excerpt":"Antes de ser parlamentario, hab\u00eda cumplido funciones en la direcci\u00f3n de SEDEMAT, desde inicios de la administraci\u00f3n Casanova hasta su","_links":{"self":[{"href":"https:\/\/digital58.com.ve\/site\/wp-json\/wp\/v2\/posts\/134923","targetHints":{"allow":["GET"]}}],"collection":[{"href":"https:\/\/digital58.com.ve\/site\/wp-json\/wp\/v2\/posts"}],"about":[{"href":"https:\/\/digital58.com.ve\/site\/wp-json\/wp\/v2\/types\/post"}],"author":[{"embeddable":true,"href":"https:\/\/digital58.com.ve\/site\/wp-json\/wp\/v2\/users\/1"}],"replies":[{"embeddable":true,"href":"https:\/\/digital58.com.ve\/site\/wp-json\/wp\/v2\/comments?post=134923"}],"version-history":[{"count":0,"href":"https:\/\/digital58.com.ve\/site\/wp-json\/wp\/v2\/posts\/134923\/revisions"}],"wp:featuredmedia":[{"embeddable":true,"href":"https:\/\/digital58.com.ve\/site\/wp-json\/wp\/v2\/media\/134924"}],"wp:attachment":[{"href":"https:\/\/digital58.com.ve\/site\/wp-json\/wp\/v2\/media?parent=134923"}],"wp:term":[{"taxonomy":"category","embeddable":true,"href":"https:\/\/digital58.com.ve\/site\/wp-json\/wp\/v2\/categories?post=134923"},{"taxonomy":"post_tag","embeddable":true,"href":"https:\/\/digital58.com.ve\/site\/wp-json\/wp\/v2\/tags?post=134923"}],"curies":[{"name":"wp","href":"https:\/\/api.w.org\/{rel}","templated":true}]}}