{"id":134941,"date":"2021-01-31T23:45:32","date_gmt":"2021-02-01T03:45:32","guid":{"rendered":"https:\/\/digital58.com.ve\/site\/?p=134941"},"modified":"2021-01-31T23:45:32","modified_gmt":"2021-02-01T03:45:32","slug":"se-registra-un-sismo-de-magnitud-57-en-el-sur-de-guyana","status":"publish","type":"post","link":"https:\/\/digital58.com.ve\/site\/2021\/01\/31\/se-registra-un-sismo-de-magnitud-57-en-el-sur-de-guyana\/","title":{"rendered":"Se registra un sismo de magnitud 5,7 en el sur de Guyana"},"content":{"rendered":"<p><a href=\"https:\/\/digital58.com.ve\/site\/wp-content\/uploads\/2020\/07\/sismo-mcbo.jpg\"><img loading=\"lazy\" decoding=\"async\" class=\"aligncenter size-full wp-image-113786\" src=\"https:\/\/digital58.com.ve\/site\/wp-content\/uploads\/2020\/07\/sismo-mcbo.jpg\" alt=\"\" width=\"800\" height=\"400\" srcset=\"https:\/\/digital58.com.ve\/site\/wp-content\/uploads\/2020\/07\/sismo-mcbo.jpg 800w, https:\/\/digital58.com.ve\/site\/wp-content\/uploads\/2020\/07\/sismo-mcbo-300x150.jpg 300w, https:\/\/digital58.com.ve\/site\/wp-content\/uploads\/2020\/07\/sismo-mcbo-768x384.jpg 768w\" sizes=\"auto, (max-width: 800px) 100vw, 800px\" \/><\/a><\/p>\n<p>El movimiento tel\u00farico tuvo una profundidad de 9,7 kil\u00f3metros.<\/p>\n<p><strong>Guyana, 31 de enero de 2021 (ND58).-<\/strong> Un sismo de magnitud 5,7 se registr\u00f3 este domingo a 83 kil\u00f3metros al sur-sureste de Lethem, en el sur de Guyana, cerca de la frontera con Brasil, seg\u00fan datos suministrados por el Servicio Geol\u00f3gico de Estados Unidos (USGS, en ingl\u00e9s).<\/p>\n<p>La Comisi\u00f3n de Defensa Civil (CDC) de Guyana indic\u00f3 que se trata de uno de los sismos m\u00e1s fuertes registrados en el pa\u00eds en los \u00faltimos a\u00f1os y que hasta el momento no ha tenido notificaci\u00f3n de da\u00f1os personales pero s\u00ed de algunos materiales, pero en casos aislados.<\/p>\n<p>El pa\u00eds se encuentra actualmente inmerso en un enfrentamiento pol\u00edtico con Venezuela por dos barcos pesqueros de Guyana retenidos en la otra naci\u00f3n.<\/p>\n<p>Los pescadores, que fueron detenidos hace m\u00e1s de una semana por las fuerzas navales venezolanas en aguas que Guyana considera parte de su territorio, permanecen bajo custodia.<\/p>\n<p>Guyana defiende que ambas embarcaciones operaban dentro de su Zona Econ\u00f3mica Exclusiva cuando fueron interceptadas por el buque de la Armada venezolana Comandante Hugo Ch\u00e1vez GC 24, el 21 de enero.<\/p>\n<p>El Gobierno de Guyana ha exigido la liberaci\u00f3n inmediata de la tripulaci\u00f3n y los barcos, sin \u00e9xito hasta el momento.<\/p>\n<p>Este nuevo incidente se incluye en la disputa sobre un territorio de unos 160.000 kil\u00f3metros cuadrados al oeste del r\u00edo Esequibo que ser\u00e1 analizada por la Corte Internacional de Justicia (CIJ), que se ha declarado competente para resolver el caso, aunque Venezuela rechaza la decisi\u00f3n y defiende que la controversia se resuelva de manera bilateral.<\/p><div class=\"dyzxu69f246b4be31e\" ><p style=\"text-align: center;\"><a href=\"https:\/\/t.me\/noticiasdigital58\" target=\"_blank\" rel=\"noopener\"><img class=\"aligncenter size-full wp-image-125363\" src=\"https:\/\/digital58.com.ve\/site\/wp-content\/uploads\/2021\/04\/banner-telegram-web-2021.png\" alt=\"\" width=\"600\" height=\"90\" \/><\/a><\/p><\/div><style type=\"text\/css\">\r\n@media screen and (min-width: 1201px) {\r\n.dyzxu69f246b4be31e {\r\ndisplay: block;\r\n}\r\n}\r\n@media screen and (min-width: 993px) and (max-width: 1200px) {\r\n.dyzxu69f246b4be31e {\r\ndisplay: block;\r\n}\r\n}\r\n@media screen and (min-width: 769px) and (max-width: 992px) {\r\n.dyzxu69f246b4be31e {\r\ndisplay: block;\r\n}\r\n}\r\n@media screen and (min-width: 768px) and (max-width: 768px) {\r\n.dyzxu69f246b4be31e {\r\ndisplay: block;\r\n}\r\n}\r\n@media screen and (max-width: 767px) {\r\n.dyzxu69f246b4be31e {\r\ndisplay: block;\r\n}\r\n}\r\n<\/style>\r\n\n<p><strong>Redacci\u00f3n ND58 | Fuente: EFE<\/strong><br \/>\n<strong>Edici\u00f3n: Villasmil, Henry<\/strong><br \/>\n<strong>Gr\u00e1fica: Archivo<\/strong><\/p>\n<div style=\"margin-top: 0px; margin-bottom: 0px;\" class=\"sharethis-inline-share-buttons\" ><\/div>","protected":false},"excerpt":{"rendered":"<p>El movimiento tel\u00farico tuvo una profundidad de 9,7 kil\u00f3metros. Guyana, 31 de enero de 2021 (ND58).- Un sismo de magnitud<\/p>\n","protected":false},"author":1,"featured_media":113786,"comment_status":"open","ping_status":"closed","sticky":false,"template":"","format":"standard","meta":{"colormag_page_container_layout":"default_layout","colormag_page_sidebar_layout":"default_layout","_uag_custom_page_level_css":"","footnotes":""},"categories":[16451],"tags":[8,22994,22955,13854,19713,7839],"class_list":["post-134941","post","type-post","status-publish","format-standard","has-post-thumbnail","hentry","category-mundo","tag-internacionales","tag-lethem","tag-republica-cooperativa-de-guyana","tag-servicio-geologico-de-estados-unidos","tag-sismologia","tag-sismos"],"yoast_head":"<!-- This site is optimized with the Yoast SEO plugin v27.5 - https:\/\/yoast.com\/product\/yoast-seo-wordpress\/ -->\n<title>Se registra un sismo de magnitud 5,7 en el sur de Guyana<\/title>\n<meta name=\"description\" content=\"Mundo\" \/>\n<meta name=\"robots\" content=\"index, follow, max-snippet:-1, max-image-preview:large, max-video-preview:-1\" \/>\n<link rel=\"canonical\" href=\"https:\/\/digital58.com.ve\/site\/2021\/01\/31\/se-registra-un-sismo-de-magnitud-57-en-el-sur-de-guyana\/\" \/>\n<meta property=\"og:locale\" content=\"es_ES\" \/>\n<meta property=\"og:type\" content=\"article\" \/>\n<meta property=\"og:title\" content=\"Se registra un sismo de magnitud 5,7 en el sur de Guyana\" \/>\n<meta property=\"og:description\" content=\"Mundo\" \/>\n<meta property=\"og:url\" content=\"https:\/\/digital58.com.ve\/site\/2021\/01\/31\/se-registra-un-sismo-de-magnitud-57-en-el-sur-de-guyana\/\" \/>\n<meta property=\"og:site_name\" content=\"Noticias Digital58\" \/>\n<meta property=\"article:published_time\" content=\"2021-02-01T03:45:32+00:00\" \/>\n<meta property=\"og:image\" content=\"https:\/\/digital58.com.ve\/site\/wp-content\/uploads\/2020\/07\/sismo-mcbo.jpg\" \/>\n\t<meta property=\"og:image:width\" content=\"800\" \/>\n\t<meta property=\"og:image:height\" content=\"400\" \/>\n\t<meta property=\"og:image:type\" content=\"image\/jpeg\" \/>\n<meta name=\"author\" content=\"Villasmil Henry\" \/>\n<meta name=\"twitter:card\" content=\"summary_large_image\" \/>\n<meta name=\"twitter:creator\" content=\"@https:\/\/twitter.com\/villasmilhfoto\" \/>\n<meta name=\"twitter:site\" content=\"@villasmilhfoto\" \/>\n<meta name=\"twitter:label1\" content=\"Escrito por\" \/>\n\t<meta name=\"twitter:data1\" content=\"Villasmil Henry\" \/>\n\t<meta name=\"twitter:label2\" content=\"Tiempo estimado de lectura\" \/>\n\t<meta name=\"twitter:data2\" content=\"2 minutos\" \/>\n<script type=\"application\/ld+json\" class=\"yoast-schema-graph\">{\"@context\":\"https:\\\/\\\/schema.org\",\"@graph\":[{\"@type\":\"Article\",\"@id\":\"https:\\\/\\\/digital58.com.ve\\\/site\\\/2021\\\/01\\\/31\\\/se-registra-un-sismo-de-magnitud-57-en-el-sur-de-guyana\\\/#article\",\"isPartOf\":{\"@id\":\"https:\\\/\\\/digital58.com.ve\\\/site\\\/2021\\\/01\\\/31\\\/se-registra-un-sismo-de-magnitud-57-en-el-sur-de-guyana\\\/\"},\"author\":{\"name\":\"Villasmil Henry\",\"@id\":\"https:\\\/\\\/digital58.com.ve\\\/site\\\/#\\\/schema\\\/person\\\/64d1c2e4d0d4fd1b849980c4331c2951\"},\"headline\":\"Se registra un sismo de magnitud 5,7 en el sur de Guyana\",\"datePublished\":\"2021-02-01T03:45:32+00:00\",\"mainEntityOfPage\":{\"@id\":\"https:\\\/\\\/digital58.com.ve\\\/site\\\/2021\\\/01\\\/31\\\/se-registra-un-sismo-de-magnitud-57-en-el-sur-de-guyana\\\/\"},\"wordCount\":299,\"commentCount\":0,\"publisher\":{\"@id\":\"https:\\\/\\\/digital58.com.ve\\\/site\\\/#\\\/schema\\\/person\\\/64d1c2e4d0d4fd1b849980c4331c2951\"},\"image\":{\"@id\":\"https:\\\/\\\/digital58.com.ve\\\/site\\\/2021\\\/01\\\/31\\\/se-registra-un-sismo-de-magnitud-57-en-el-sur-de-guyana\\\/#primaryimage\"},\"thumbnailUrl\":\"https:\\\/\\\/digital58.com.ve\\\/site\\\/wp-content\\\/uploads\\\/2020\\\/07\\\/sismo-mcbo.jpg\",\"keywords\":[\"Internacionales\",\"Lethem\",\"Rep\u00fablica Cooperativa de Guyana\",\"Servicio Geol\u00f3gico de Estados Unidos\",\"Sismolog\u00eda\",\"S\u00edsmos\"],\"articleSection\":[\"Mundo\"],\"inLanguage\":\"es\",\"potentialAction\":[{\"@type\":\"CommentAction\",\"name\":\"Comment\",\"target\":[\"https:\\\/\\\/digital58.com.ve\\\/site\\\/2021\\\/01\\\/31\\\/se-registra-un-sismo-de-magnitud-57-en-el-sur-de-guyana\\\/#respond\"]}]},{\"@type\":\"WebPage\",\"@id\":\"https:\\\/\\\/digital58.com.ve\\\/site\\\/2021\\\/01\\\/31\\\/se-registra-un-sismo-de-magnitud-57-en-el-sur-de-guyana\\\/\",\"url\":\"https:\\\/\\\/digital58.com.ve\\\/site\\\/2021\\\/01\\\/31\\\/se-registra-un-sismo-de-magnitud-57-en-el-sur-de-guyana\\\/\",\"name\":\"Se registra un sismo de magnitud 5,7 en el sur de Guyana\",\"isPartOf\":{\"@id\":\"https:\\\/\\\/digital58.com.ve\\\/site\\\/#website\"},\"primaryImageOfPage\":{\"@id\":\"https:\\\/\\\/digital58.com.ve\\\/site\\\/2021\\\/01\\\/31\\\/se-registra-un-sismo-de-magnitud-57-en-el-sur-de-guyana\\\/#primaryimage\"},\"image\":{\"@id\":\"https:\\\/\\\/digital58.com.ve\\\/site\\\/2021\\\/01\\\/31\\\/se-registra-un-sismo-de-magnitud-57-en-el-sur-de-guyana\\\/#primaryimage\"},\"thumbnailUrl\":\"https:\\\/\\\/digital58.com.ve\\\/site\\\/wp-content\\\/uploads\\\/2020\\\/07\\\/sismo-mcbo.jpg\",\"datePublished\":\"2021-02-01T03:45:32+00:00\",\"description\":\"Mundo\",\"breadcrumb\":{\"@id\":\"https:\\\/\\\/digital58.com.ve\\\/site\\\/2021\\\/01\\\/31\\\/se-registra-un-sismo-de-magnitud-57-en-el-sur-de-guyana\\\/#breadcrumb\"},\"inLanguage\":\"es\",\"potentialAction\":[{\"@type\":\"ReadAction\",\"target\":[\"https:\\\/\\\/digital58.com.ve\\\/site\\\/2021\\\/01\\\/31\\\/se-registra-un-sismo-de-magnitud-57-en-el-sur-de-guyana\\\/\"]}]},{\"@type\":\"ImageObject\",\"inLanguage\":\"es\",\"@id\":\"https:\\\/\\\/digital58.com.ve\\\/site\\\/2021\\\/01\\\/31\\\/se-registra-un-sismo-de-magnitud-57-en-el-sur-de-guyana\\\/#primaryimage\",\"url\":\"https:\\\/\\\/digital58.com.ve\\\/site\\\/wp-content\\\/uploads\\\/2020\\\/07\\\/sismo-mcbo.jpg\",\"contentUrl\":\"https:\\\/\\\/digital58.com.ve\\\/site\\\/wp-content\\\/uploads\\\/2020\\\/07\\\/sismo-mcbo.jpg\",\"width\":800,\"height\":400},{\"@type\":\"BreadcrumbList\",\"@id\":\"https:\\\/\\\/digital58.com.ve\\\/site\\\/2021\\\/01\\\/31\\\/se-registra-un-sismo-de-magnitud-57-en-el-sur-de-guyana\\\/#breadcrumb\",\"itemListElement\":[{\"@type\":\"ListItem\",\"position\":1,\"name\":\"Home\",\"item\":\"https:\\\/\\\/digital58.com.ve\\\/site\\\/\"},{\"@type\":\"ListItem\",\"position\":2,\"name\":\"Se registra un sismo de magnitud 5,7 en el sur de Guyana\"}]},{\"@type\":\"WebSite\",\"@id\":\"https:\\\/\\\/digital58.com.ve\\\/site\\\/#website\",\"url\":\"https:\\\/\\\/digital58.com.ve\\\/site\\\/\",\"name\":\"Noticias Digital58\",\"description\":\"Portal de Noticias \u00a1Periodismo web de verdad! Lanzamiento web 22.11.2005 \\\/ Maracaibo, Venezuela\",\"publisher\":{\"@id\":\"https:\\\/\\\/digital58.com.ve\\\/site\\\/#\\\/schema\\\/person\\\/64d1c2e4d0d4fd1b849980c4331c2951\"},\"alternateName\":\"ND58\",\"potentialAction\":[{\"@type\":\"SearchAction\",\"target\":{\"@type\":\"EntryPoint\",\"urlTemplate\":\"https:\\\/\\\/digital58.com.ve\\\/site\\\/?s={search_term_string}\"},\"query-input\":{\"@type\":\"PropertyValueSpecification\",\"valueRequired\":true,\"valueName\":\"search_term_string\"}}],\"inLanguage\":\"es\"},{\"@type\":[\"Person\",\"Organization\"],\"@id\":\"https:\\\/\\\/digital58.com.ve\\\/site\\\/#\\\/schema\\\/person\\\/64d1c2e4d0d4fd1b849980c4331c2951\",\"name\":\"Villasmil Henry\",\"image\":{\"@type\":\"ImageObject\",\"inLanguage\":\"es\",\"@id\":\"https:\\\/\\\/secure.gravatar.com\\\/avatar\\\/bb0c4a2fcb7970138239f7e404ea75757b1b507b28b5ce4c53fbd62d797c5a7c?s=96&d=mm&r=g\",\"url\":\"https:\\\/\\\/secure.gravatar.com\\\/avatar\\\/bb0c4a2fcb7970138239f7e404ea75757b1b507b28b5ce4c53fbd62d797c5a7c?s=96&d=mm&r=g\",\"contentUrl\":\"https:\\\/\\\/secure.gravatar.com\\\/avatar\\\/bb0c4a2fcb7970138239f7e404ea75757b1b507b28b5ce4c53fbd62d797c5a7c?s=96&d=mm&r=g\",\"caption\":\"Villasmil Henry\"},\"logo\":{\"@id\":\"https:\\\/\\\/secure.gravatar.com\\\/avatar\\\/bb0c4a2fcb7970138239f7e404ea75757b1b507b28b5ce4c53fbd62d797c5a7c?s=96&d=mm&r=g\"},\"sameAs\":[\"http:\\\/\\\/www.henryvillasmil.com.ve\",\"https:\\\/\\\/www.instagram.com\\\/villasmilhfoto\\\/\",\"https:\\\/\\\/x.com\\\/https:\\\/\\\/twitter.com\\\/villasmilhfoto\"],\"url\":\"https:\\\/\\\/digital58.com.ve\\\/site\\\/author\\\/droopy_68\\\/\"}]}<\/script>\n<!-- \/ Yoast SEO plugin. -->","yoast_head_json":{"title":"Se registra un sismo de magnitud 5,7 en el sur de Guyana","description":"Mundo","robots":{"index":"index","follow":"follow","max-snippet":"max-snippet:-1","max-image-preview":"max-image-preview:large","max-video-preview":"max-video-preview:-1"},"canonical":"https:\/\/digital58.com.ve\/site\/2021\/01\/31\/se-registra-un-sismo-de-magnitud-57-en-el-sur-de-guyana\/","og_locale":"es_ES","og_type":"article","og_title":"Se registra un sismo de magnitud 5,7 en el sur de Guyana","og_description":"Mundo","og_url":"https:\/\/digital58.com.ve\/site\/2021\/01\/31\/se-registra-un-sismo-de-magnitud-57-en-el-sur-de-guyana\/","og_site_name":"Noticias Digital58","article_published_time":"2021-02-01T03:45:32+00:00","og_image":[{"width":800,"height":400,"url":"https:\/\/digital58.com.ve\/site\/wp-content\/uploads\/2020\/07\/sismo-mcbo.jpg","type":"image\/jpeg"}],"author":"Villasmil Henry","twitter_card":"summary_large_image","twitter_creator":"@https:\/\/twitter.com\/villasmilhfoto","twitter_site":"@villasmilhfoto","twitter_misc":{"Escrito por":"Villasmil Henry","Tiempo estimado de lectura":"2 minutos"},"schema":{"@context":"https:\/\/schema.org","@graph":[{"@type":"Article","@id":"https:\/\/digital58.com.ve\/site\/2021\/01\/31\/se-registra-un-sismo-de-magnitud-57-en-el-sur-de-guyana\/#article","isPartOf":{"@id":"https:\/\/digital58.com.ve\/site\/2021\/01\/31\/se-registra-un-sismo-de-magnitud-57-en-el-sur-de-guyana\/"},"author":{"name":"Villasmil Henry","@id":"https:\/\/digital58.com.ve\/site\/#\/schema\/person\/64d1c2e4d0d4fd1b849980c4331c2951"},"headline":"Se registra un sismo de magnitud 5,7 en el sur de Guyana","datePublished":"2021-02-01T03:45:32+00:00","mainEntityOfPage":{"@id":"https:\/\/digital58.com.ve\/site\/2021\/01\/31\/se-registra-un-sismo-de-magnitud-57-en-el-sur-de-guyana\/"},"wordCount":299,"commentCount":0,"publisher":{"@id":"https:\/\/digital58.com.ve\/site\/#\/schema\/person\/64d1c2e4d0d4fd1b849980c4331c2951"},"image":{"@id":"https:\/\/digital58.com.ve\/site\/2021\/01\/31\/se-registra-un-sismo-de-magnitud-57-en-el-sur-de-guyana\/#primaryimage"},"thumbnailUrl":"https:\/\/digital58.com.ve\/site\/wp-content\/uploads\/2020\/07\/sismo-mcbo.jpg","keywords":["Internacionales","Lethem","Rep\u00fablica Cooperativa de Guyana","Servicio Geol\u00f3gico de Estados Unidos","Sismolog\u00eda","S\u00edsmos"],"articleSection":["Mundo"],"inLanguage":"es","potentialAction":[{"@type":"CommentAction","name":"Comment","target":["https:\/\/digital58.com.ve\/site\/2021\/01\/31\/se-registra-un-sismo-de-magnitud-57-en-el-sur-de-guyana\/#respond"]}]},{"@type":"WebPage","@id":"https:\/\/digital58.com.ve\/site\/2021\/01\/31\/se-registra-un-sismo-de-magnitud-57-en-el-sur-de-guyana\/","url":"https:\/\/digital58.com.ve\/site\/2021\/01\/31\/se-registra-un-sismo-de-magnitud-57-en-el-sur-de-guyana\/","name":"Se registra un sismo de magnitud 5,7 en el sur de Guyana","isPartOf":{"@id":"https:\/\/digital58.com.ve\/site\/#website"},"primaryImageOfPage":{"@id":"https:\/\/digital58.com.ve\/site\/2021\/01\/31\/se-registra-un-sismo-de-magnitud-57-en-el-sur-de-guyana\/#primaryimage"},"image":{"@id":"https:\/\/digital58.com.ve\/site\/2021\/01\/31\/se-registra-un-sismo-de-magnitud-57-en-el-sur-de-guyana\/#primaryimage"},"thumbnailUrl":"https:\/\/digital58.com.ve\/site\/wp-content\/uploads\/2020\/07\/sismo-mcbo.jpg","datePublished":"2021-02-01T03:45:32+00:00","description":"Mundo","breadcrumb":{"@id":"https:\/\/digital58.com.ve\/site\/2021\/01\/31\/se-registra-un-sismo-de-magnitud-57-en-el-sur-de-guyana\/#breadcrumb"},"inLanguage":"es","potentialAction":[{"@type":"ReadAction","target":["https:\/\/digital58.com.ve\/site\/2021\/01\/31\/se-registra-un-sismo-de-magnitud-57-en-el-sur-de-guyana\/"]}]},{"@type":"ImageObject","inLanguage":"es","@id":"https:\/\/digital58.com.ve\/site\/2021\/01\/31\/se-registra-un-sismo-de-magnitud-57-en-el-sur-de-guyana\/#primaryimage","url":"https:\/\/digital58.com.ve\/site\/wp-content\/uploads\/2020\/07\/sismo-mcbo.jpg","contentUrl":"https:\/\/digital58.com.ve\/site\/wp-content\/uploads\/2020\/07\/sismo-mcbo.jpg","width":800,"height":400},{"@type":"BreadcrumbList","@id":"https:\/\/digital58.com.ve\/site\/2021\/01\/31\/se-registra-un-sismo-de-magnitud-57-en-el-sur-de-guyana\/#breadcrumb","itemListElement":[{"@type":"ListItem","position":1,"name":"Home","item":"https:\/\/digital58.com.ve\/site\/"},{"@type":"ListItem","position":2,"name":"Se registra un sismo de magnitud 5,7 en el sur de Guyana"}]},{"@type":"WebSite","@id":"https:\/\/digital58.com.ve\/site\/#website","url":"https:\/\/digital58.com.ve\/site\/","name":"Noticias Digital58","description":"Portal de Noticias \u00a1Periodismo web de verdad! Lanzamiento web 22.11.2005 \/ Maracaibo, Venezuela","publisher":{"@id":"https:\/\/digital58.com.ve\/site\/#\/schema\/person\/64d1c2e4d0d4fd1b849980c4331c2951"},"alternateName":"ND58","potentialAction":[{"@type":"SearchAction","target":{"@type":"EntryPoint","urlTemplate":"https:\/\/digital58.com.ve\/site\/?s={search_term_string}"},"query-input":{"@type":"PropertyValueSpecification","valueRequired":true,"valueName":"search_term_string"}}],"inLanguage":"es"},{"@type":["Person","Organization"],"@id":"https:\/\/digital58.com.ve\/site\/#\/schema\/person\/64d1c2e4d0d4fd1b849980c4331c2951","name":"Villasmil Henry","image":{"@type":"ImageObject","inLanguage":"es","@id":"https:\/\/secure.gravatar.com\/avatar\/bb0c4a2fcb7970138239f7e404ea75757b1b507b28b5ce4c53fbd62d797c5a7c?s=96&d=mm&r=g","url":"https:\/\/secure.gravatar.com\/avatar\/bb0c4a2fcb7970138239f7e404ea75757b1b507b28b5ce4c53fbd62d797c5a7c?s=96&d=mm&r=g","contentUrl":"https:\/\/secure.gravatar.com\/avatar\/bb0c4a2fcb7970138239f7e404ea75757b1b507b28b5ce4c53fbd62d797c5a7c?s=96&d=mm&r=g","caption":"Villasmil Henry"},"logo":{"@id":"https:\/\/secure.gravatar.com\/avatar\/bb0c4a2fcb7970138239f7e404ea75757b1b507b28b5ce4c53fbd62d797c5a7c?s=96&d=mm&r=g"},"sameAs":["http:\/\/www.henryvillasmil.com.ve","https:\/\/www.instagram.com\/villasmilhfoto\/","https:\/\/x.com\/https:\/\/twitter.com\/villasmilhfoto"],"url":"https:\/\/digital58.com.ve\/site\/author\/droopy_68\/"}]}},"uagb_featured_image_src":{"full":["https:\/\/digital58.com.ve\/site\/wp-content\/uploads\/2020\/07\/sismo-mcbo.jpg",800,400,false],"thumbnail":["https:\/\/digital58.com.ve\/site\/wp-content\/uploads\/2020\/07\/sismo-mcbo-150x150.jpg",150,150,true],"medium":["https:\/\/digital58.com.ve\/site\/wp-content\/uploads\/2020\/07\/sismo-mcbo-300x150.jpg",300,150,true],"medium_large":["https:\/\/digital58.com.ve\/site\/wp-content\/uploads\/2020\/07\/sismo-mcbo-768x384.jpg",768,384,true],"large":["https:\/\/digital58.com.ve\/site\/wp-content\/uploads\/2020\/07\/sismo-mcbo.jpg",800,400,false],"1536x1536":["https:\/\/digital58.com.ve\/site\/wp-content\/uploads\/2020\/07\/sismo-mcbo.jpg",800,400,false],"2048x2048":["https:\/\/digital58.com.ve\/site\/wp-content\/uploads\/2020\/07\/sismo-mcbo.jpg",800,400,false],"colormag-highlighted-post":["https:\/\/digital58.com.ve\/site\/wp-content\/uploads\/2020\/07\/sismo-mcbo.jpg",392,196,false],"colormag-featured-post-medium":["https:\/\/digital58.com.ve\/site\/wp-content\/uploads\/2020\/07\/sismo-mcbo.jpg",390,195,false],"colormag-featured-post-small":["https:\/\/digital58.com.ve\/site\/wp-content\/uploads\/2020\/07\/sismo-mcbo.jpg",130,65,false],"colormag-featured-image":["https:\/\/digital58.com.ve\/site\/wp-content\/uploads\/2020\/07\/sismo-mcbo.jpg",800,400,false],"colormag-default-news":["https:\/\/digital58.com.ve\/site\/wp-content\/uploads\/2020\/07\/sismo-mcbo.jpg",150,75,false],"colormag-featured-image-large":["https:\/\/digital58.com.ve\/site\/wp-content\/uploads\/2020\/07\/sismo-mcbo.jpg",800,400,false]},"uagb_author_info":{"display_name":"Villasmil Henry","author_link":"https:\/\/digital58.com.ve\/site\/author\/droopy_68\/"},"uagb_comment_info":0,"uagb_excerpt":"El movimiento tel\u00farico tuvo una profundidad de 9,7 kil\u00f3metros. Guyana, 31 de enero de 2021 (ND58).- Un sismo de magnitud","_links":{"self":[{"href":"https:\/\/digital58.com.ve\/site\/wp-json\/wp\/v2\/posts\/134941","targetHints":{"allow":["GET"]}}],"collection":[{"href":"https:\/\/digital58.com.ve\/site\/wp-json\/wp\/v2\/posts"}],"about":[{"href":"https:\/\/digital58.com.ve\/site\/wp-json\/wp\/v2\/types\/post"}],"author":[{"embeddable":true,"href":"https:\/\/digital58.com.ve\/site\/wp-json\/wp\/v2\/users\/1"}],"replies":[{"embeddable":true,"href":"https:\/\/digital58.com.ve\/site\/wp-json\/wp\/v2\/comments?post=134941"}],"version-history":[{"count":0,"href":"https:\/\/digital58.com.ve\/site\/wp-json\/wp\/v2\/posts\/134941\/revisions"}],"wp:featuredmedia":[{"embeddable":true,"href":"https:\/\/digital58.com.ve\/site\/wp-json\/wp\/v2\/media\/113786"}],"wp:attachment":[{"href":"https:\/\/digital58.com.ve\/site\/wp-json\/wp\/v2\/media?parent=134941"}],"wp:term":[{"taxonomy":"category","embeddable":true,"href":"https:\/\/digital58.com.ve\/site\/wp-json\/wp\/v2\/categories?post=134941"},{"taxonomy":"post_tag","embeddable":true,"href":"https:\/\/digital58.com.ve\/site\/wp-json\/wp\/v2\/tags?post=134941"}],"curies":[{"name":"wp","href":"https:\/\/api.w.org\/{rel}","templated":true}]}}