{"id":135234,"date":"2021-02-07T23:06:42","date_gmt":"2021-02-08T03:06:42","guid":{"rendered":"https:\/\/digital58.com.ve\/site\/?p=135234"},"modified":"2021-02-07T23:06:42","modified_gmt":"2021-02-08T03:06:42","slug":"candidato-correista-clama-victoria-frente-al-banquero-y-cree-se-ampliara","status":"publish","type":"post","link":"https:\/\/digital58.com.ve\/site\/2021\/02\/07\/candidato-correista-clama-victoria-frente-al-banquero-y-cree-se-ampliara\/","title":{"rendered":"Candidato corre\u00edsta clama victoria frente \u00abal banquero\u00bb y cree se ampliar\u00e1"},"content":{"rendered":"<p><a href=\"https:\/\/digital58.com.ve\/site\/wp-content\/uploads\/2021\/02\/Andres-Arauz.jpg\"><img loading=\"lazy\" decoding=\"async\" class=\"aligncenter size-full wp-image-135235\" src=\"https:\/\/digital58.com.ve\/site\/wp-content\/uploads\/2021\/02\/Andres-Arauz.jpg\" alt=\"\" width=\"900\" height=\"600\" srcset=\"https:\/\/digital58.com.ve\/site\/wp-content\/uploads\/2021\/02\/Andres-Arauz.jpg 800w, https:\/\/digital58.com.ve\/site\/wp-content\/uploads\/2021\/02\/Andres-Arauz-300x200.jpg 300w, https:\/\/digital58.com.ve\/site\/wp-content\/uploads\/2021\/02\/Andres-Arauz-768x512.jpg 768w, https:\/\/digital58.com.ve\/site\/wp-content\/uploads\/2021\/02\/Andres-Arauz-720x480.jpg 720w, https:\/\/digital58.com.ve\/site\/wp-content\/uploads\/2021\/02\/Andres-Arauz-480x320.jpg 480w\" sizes=\"auto, (max-width: 900px) 100vw, 900px\" \/><\/a><\/p>\n<p>El candidato corre\u00edsta en las elecciones de este domingo en Ecuador, Andr\u00e9s Arauz, reivindic\u00f3 su victoria tras conocer que se impon\u00eda por casi 15 puntos al candidato Guillermo Lasso, con base en los dos primeros sondeos a pie de urna divulgados, y cree posible que la diferencia se ampl\u00ede en los resultados oficiales.<\/p>\n<p><strong>Quito, Ecuador, 07 de febrero de 2021 (ND58).-<\/strong> \u00abTriunfo contundente en todas las regiones de nuestro bello pa\u00eds. Nuestra victoria es de 2 a 1 frente al banquero\u00bb, dijo Arauz por redes sociales refiri\u00e9ndose a su principal contrincante, Lasso, que es accionista del Banco Guayaquil.<\/p>\n<p>Impulsado por el exgobernante Rafael Correa (2007-2017), consider\u00f3 poco despu\u00e9s, en su primera comparecencia, que las cifras oficiales le dar\u00e1n un mayor margen de ventaja sobre Lasso, con quien a priori pasar\u00eda a una segunda vuelta, seg\u00fan las dos encuestas a boca de urna.<\/p>\n<p>Y asegur\u00f3 que \u00abest\u00e1n listos para retomar los destinos\u00bb de la naci\u00f3n y \u00abprestos para trabajar por nuestro pa\u00eds, por nuestra patria luego de este triunfo contundente que nos ha dado el pueblo ecuatoriano\u00bb.<\/p>\n<p><strong>Quince puntos de diferencia<\/strong><\/p>\n<p>El sondeo de \u00abClima Social\u00bb, que trabaj\u00f3 con la campa\u00f1a de Arauz, asegura que el candidato corre\u00edsta habr\u00eda obtenido un 36,2 % de los votos y Lasso un 21,7 %, mientras que la firma Cedatos sostiene que Arauz obtendr\u00eda un 34,9 % y Lasso un 20,9 %.<\/p>\n<p>Pese a que las dos firmas le dan un primer lugar, pero no la opci\u00f3n de ganar en primera vuelta, Arauz prefiri\u00f3 ser cauteloso y esperar a los resultados oficiales del Consejo Nacional Electoral (CNE), que prev\u00e9 dar datos parciales desde esta misma noche, en un proceso que se espera que contin\u00fae ma\u00f1ana.<\/p>\n<p>\u00abNosotros no creemos que es prudente salir al paso simplemente con los resultados de una encuesta, que a la final es eso, una encuesta\u00bb, indic\u00f3.<\/p>\n<p>Su primera comparecencia tuvo lugar en un hotel de Quito donde est\u00e1 instalado el centro de control y recuento propio de su movimiento, arropado por otros dirigentes que al igual que \u00e9l creen posible que \u00abel margen\u00bb comunicado por parte de estas encuestadores \u00abser\u00e1 mucho m\u00e1s amplio cuando tengamos los resultados oficiales\u00bb.<\/p>\n<p>Y habl\u00f3 de que en las encuestas hay un fen\u00f3meno \u00abque no se nota\u00bb: el voto oculto, \u00aben medio de una persecuci\u00f3n pol\u00edtica, en medio de una estigmatizaci\u00f3n de esta opci\u00f3n pol\u00edtica\u00bb, en referencia a su agrupaci\u00f3n pol\u00edtica.<\/p>\n<p>Adicionalmente, puede que exista un subregistro de la intenci\u00f3n de voto en nulos y blancos, un fen\u00f3meno que tambi\u00e9n ocurre en las encuestas a boca de urna, coment\u00f3.<\/p>\n<p>\u00abY finalmente \u2014dijo\u2014 estas encuestas no contemplan la votaci\u00f3n en el exterior\u00bb.<\/p>\n<p><strong>Victoria abrumadora, dice Correa<\/strong><\/p>\n<p>Desde M\u00e9xico, el fundador de la Revoluci\u00f3n Ciudadano calific\u00f3 los datos preliminares de victoria \u00ababrumadora\u00bb.<\/p>\n<p>No obstante inst\u00f3 tambi\u00e9n al conteo oficial para ver si es posible ganar en una sola vuelta, lo cual ser\u00eda posible si Arauz llega al 40 % y saca una diferencia de 10 a su inmediato perseguidor.<\/p>\n<p>\u00abOjal\u00e1 se pueda vencer en una sola vuelta, por el bien del pa\u00eds. \u00a1Hasta la historia siempre!\u00bb, afirm\u00f3 el exmandatario.<\/p>\n<p>Por su parte, Paola Pab\u00f3n, otra de las dirigentes del movimiento, dijo a Efe que est\u00e1n \u00abmuy agradecidos con el pueblo ecuatoriano\u00bb porque \u00abhan sido cuatro a\u00f1os muy dif\u00edciles y a pesar de todos los pron\u00f3sticos, a pesar de una proscripci\u00f3n pol\u00edtica hemos logrado un triunfo contundente hoy\u00bb.<\/p>\n<p>\u00abEcuador demandaba un cambio generacional y Andr\u00e9s encarna eso pero, adem\u00e1s de su juventud, tiene una gran capacidad y una gran experiencia, sobre todo en los temas que m\u00e1s demanda el Ecuador, los temas econ\u00f3micos\u00bb, manifest\u00f3 casi d\u00e1ndole por presidente electo.<\/p>\n<p>Y revel\u00f3 que \u00abnuestro compa\u00f1ero Rafael (Correa)\u00bb ha sido \u00absin duda un actor fundamental para este triunfo, posiblemente el mejor asesor que hemos podido tener en esta campa\u00f1a electoral\u00bb.<\/p>\n<p>En las elecciones participaron un total de 16 candidatos y las firmas \u00abClima Social\u00bb y \u00abCedatos\u00bb coincidieron en que el postulante ind\u00edgena Yaku P\u00e9rez se ubic\u00f3 en tercer lugar con 16,7 por ciento y 17,9 por ciento, seguido por Xavier Hervas con 13 y 13,8 por ciento, respectivamente.<\/p><div class=\"hpjii69ef6505762fc\" ><p style=\"text-align: center;\"><a href=\"https:\/\/t.me\/noticiasdigital58\" target=\"_blank\" rel=\"noopener\"><img class=\"aligncenter size-full wp-image-125363\" src=\"https:\/\/digital58.com.ve\/site\/wp-content\/uploads\/2021\/04\/banner-telegram-web-2021.png\" alt=\"\" width=\"600\" height=\"90\" \/><\/a><\/p><\/div><style type=\"text\/css\">\r\n@media screen and (min-width: 1201px) {\r\n.hpjii69ef6505762fc {\r\ndisplay: block;\r\n}\r\n}\r\n@media screen and (min-width: 993px) and (max-width: 1200px) {\r\n.hpjii69ef6505762fc {\r\ndisplay: block;\r\n}\r\n}\r\n@media screen and (min-width: 769px) and (max-width: 992px) {\r\n.hpjii69ef6505762fc {\r\ndisplay: block;\r\n}\r\n}\r\n@media screen and (min-width: 768px) and (max-width: 768px) {\r\n.hpjii69ef6505762fc {\r\ndisplay: block;\r\n}\r\n}\r\n@media screen and (max-width: 767px) {\r\n.hpjii69ef6505762fc {\r\ndisplay: block;\r\n}\r\n}\r\n<\/style>\r\n\n<p><strong>Redacci\u00f3n ND58 | Fuente: EFE<\/strong><br \/>\n<strong>Edici\u00f3n: Villasmil, Henry<\/strong><br \/>\n<strong>Gr\u00e1fica: EFE<\/strong><\/p>\n<div style=\"margin-top: 0px; margin-bottom: 0px;\" class=\"sharethis-inline-share-buttons\" ><\/div>","protected":false},"excerpt":{"rendered":"<p>El candidato corre\u00edsta en las elecciones de este domingo en Ecuador, Andr\u00e9s Arauz, reivindic\u00f3 su victoria tras conocer que se<\/p>\n","protected":false},"author":1,"featured_media":135235,"comment_status":"open","ping_status":"closed","sticky":false,"template":"","format":"standard","meta":{"colormag_page_container_layout":"default_layout","colormag_page_sidebar_layout":"default_layout","_uag_custom_page_level_css":"","footnotes":""},"categories":[16451],"tags":[23066,111,11013,22940,8],"class_list":["post-135234","post","type-post","status-publish","format-standard","has-post-thumbnail","hentry","category-mundo","tag-andres-arauz","tag-ecuador","tag-elecciones-presidenciales","tag-guillermo-lasso","tag-internacionales"],"yoast_head":"<!-- This site is optimized with the Yoast SEO plugin v27.4 - https:\/\/yoast.com\/product\/yoast-seo-wordpress\/ -->\n<title>Candidato corre\u00edsta clama victoria frente \u00abal banquero\u00bb y cree se ampliar\u00e1<\/title>\n<meta name=\"description\" content=\"Mundo\" \/>\n<meta name=\"robots\" content=\"index, follow, max-snippet:-1, max-image-preview:large, max-video-preview:-1\" \/>\n<link rel=\"canonical\" href=\"https:\/\/digital58.com.ve\/site\/2021\/02\/07\/candidato-correista-clama-victoria-frente-al-banquero-y-cree-se-ampliara\/\" \/>\n<meta property=\"og:locale\" content=\"es_ES\" \/>\n<meta property=\"og:type\" content=\"article\" \/>\n<meta property=\"og:title\" content=\"Candidato corre\u00edsta clama victoria frente \u00abal banquero\u00bb y cree se ampliar\u00e1\" \/>\n<meta property=\"og:description\" content=\"Mundo\" \/>\n<meta property=\"og:url\" content=\"https:\/\/digital58.com.ve\/site\/2021\/02\/07\/candidato-correista-clama-victoria-frente-al-banquero-y-cree-se-ampliara\/\" \/>\n<meta property=\"og:site_name\" content=\"Noticias Digital58\" \/>\n<meta property=\"article:published_time\" content=\"2021-02-08T03:06:42+00:00\" \/>\n<meta property=\"og:image\" content=\"https:\/\/digital58.com.ve\/site\/wp-content\/uploads\/2021\/02\/Andres-Arauz.jpg\" \/>\n\t<meta property=\"og:image:width\" content=\"900\" \/>\n\t<meta property=\"og:image:height\" content=\"600\" \/>\n\t<meta property=\"og:image:type\" content=\"image\/jpeg\" \/>\n<meta name=\"author\" content=\"Villasmil Henry\" \/>\n<meta name=\"twitter:card\" content=\"summary_large_image\" \/>\n<meta name=\"twitter:creator\" content=\"@https:\/\/twitter.com\/villasmilhfoto\" \/>\n<meta name=\"twitter:site\" content=\"@villasmilhfoto\" \/>\n<meta name=\"twitter:label1\" content=\"Escrito por\" \/>\n\t<meta name=\"twitter:data1\" content=\"Villasmil Henry\" \/>\n\t<meta name=\"twitter:label2\" content=\"Tiempo estimado de lectura\" \/>\n\t<meta name=\"twitter:data2\" content=\"4 minutos\" \/>\n<script type=\"application\/ld+json\" class=\"yoast-schema-graph\">{\"@context\":\"https:\\\/\\\/schema.org\",\"@graph\":[{\"@type\":\"Article\",\"@id\":\"https:\\\/\\\/digital58.com.ve\\\/site\\\/2021\\\/02\\\/07\\\/candidato-correista-clama-victoria-frente-al-banquero-y-cree-se-ampliara\\\/#article\",\"isPartOf\":{\"@id\":\"https:\\\/\\\/digital58.com.ve\\\/site\\\/2021\\\/02\\\/07\\\/candidato-correista-clama-victoria-frente-al-banquero-y-cree-se-ampliara\\\/\"},\"author\":{\"name\":\"Villasmil Henry\",\"@id\":\"https:\\\/\\\/digital58.com.ve\\\/site\\\/#\\\/schema\\\/person\\\/64d1c2e4d0d4fd1b849980c4331c2951\"},\"headline\":\"Candidato corre\u00edsta clama victoria frente \u00abal banquero\u00bb y cree se ampliar\u00e1\",\"datePublished\":\"2021-02-08T03:06:42+00:00\",\"mainEntityOfPage\":{\"@id\":\"https:\\\/\\\/digital58.com.ve\\\/site\\\/2021\\\/02\\\/07\\\/candidato-correista-clama-victoria-frente-al-banquero-y-cree-se-ampliara\\\/\"},\"wordCount\":735,\"commentCount\":0,\"publisher\":{\"@id\":\"https:\\\/\\\/digital58.com.ve\\\/site\\\/#\\\/schema\\\/person\\\/64d1c2e4d0d4fd1b849980c4331c2951\"},\"image\":{\"@id\":\"https:\\\/\\\/digital58.com.ve\\\/site\\\/2021\\\/02\\\/07\\\/candidato-correista-clama-victoria-frente-al-banquero-y-cree-se-ampliara\\\/#primaryimage\"},\"thumbnailUrl\":\"https:\\\/\\\/digital58.com.ve\\\/site\\\/wp-content\\\/uploads\\\/2021\\\/02\\\/Andres-Arauz.jpg\",\"keywords\":[\"Andr\u00e9s Arauz\",\"Ecuador\",\"Elecciones Presidenciales\",\"Guillermo Lasso\",\"Internacionales\"],\"articleSection\":[\"Mundo\"],\"inLanguage\":\"es\",\"potentialAction\":[{\"@type\":\"CommentAction\",\"name\":\"Comment\",\"target\":[\"https:\\\/\\\/digital58.com.ve\\\/site\\\/2021\\\/02\\\/07\\\/candidato-correista-clama-victoria-frente-al-banquero-y-cree-se-ampliara\\\/#respond\"]}]},{\"@type\":\"WebPage\",\"@id\":\"https:\\\/\\\/digital58.com.ve\\\/site\\\/2021\\\/02\\\/07\\\/candidato-correista-clama-victoria-frente-al-banquero-y-cree-se-ampliara\\\/\",\"url\":\"https:\\\/\\\/digital58.com.ve\\\/site\\\/2021\\\/02\\\/07\\\/candidato-correista-clama-victoria-frente-al-banquero-y-cree-se-ampliara\\\/\",\"name\":\"Candidato corre\u00edsta clama victoria frente \u00abal banquero\u00bb y cree se ampliar\u00e1\",\"isPartOf\":{\"@id\":\"https:\\\/\\\/digital58.com.ve\\\/site\\\/#website\"},\"primaryImageOfPage\":{\"@id\":\"https:\\\/\\\/digital58.com.ve\\\/site\\\/2021\\\/02\\\/07\\\/candidato-correista-clama-victoria-frente-al-banquero-y-cree-se-ampliara\\\/#primaryimage\"},\"image\":{\"@id\":\"https:\\\/\\\/digital58.com.ve\\\/site\\\/2021\\\/02\\\/07\\\/candidato-correista-clama-victoria-frente-al-banquero-y-cree-se-ampliara\\\/#primaryimage\"},\"thumbnailUrl\":\"https:\\\/\\\/digital58.com.ve\\\/site\\\/wp-content\\\/uploads\\\/2021\\\/02\\\/Andres-Arauz.jpg\",\"datePublished\":\"2021-02-08T03:06:42+00:00\",\"description\":\"Mundo\",\"breadcrumb\":{\"@id\":\"https:\\\/\\\/digital58.com.ve\\\/site\\\/2021\\\/02\\\/07\\\/candidato-correista-clama-victoria-frente-al-banquero-y-cree-se-ampliara\\\/#breadcrumb\"},\"inLanguage\":\"es\",\"potentialAction\":[{\"@type\":\"ReadAction\",\"target\":[\"https:\\\/\\\/digital58.com.ve\\\/site\\\/2021\\\/02\\\/07\\\/candidato-correista-clama-victoria-frente-al-banquero-y-cree-se-ampliara\\\/\"]}]},{\"@type\":\"ImageObject\",\"inLanguage\":\"es\",\"@id\":\"https:\\\/\\\/digital58.com.ve\\\/site\\\/2021\\\/02\\\/07\\\/candidato-correista-clama-victoria-frente-al-banquero-y-cree-se-ampliara\\\/#primaryimage\",\"url\":\"https:\\\/\\\/digital58.com.ve\\\/site\\\/wp-content\\\/uploads\\\/2021\\\/02\\\/Andres-Arauz.jpg\",\"contentUrl\":\"https:\\\/\\\/digital58.com.ve\\\/site\\\/wp-content\\\/uploads\\\/2021\\\/02\\\/Andres-Arauz.jpg\",\"width\":800,\"height\":533},{\"@type\":\"BreadcrumbList\",\"@id\":\"https:\\\/\\\/digital58.com.ve\\\/site\\\/2021\\\/02\\\/07\\\/candidato-correista-clama-victoria-frente-al-banquero-y-cree-se-ampliara\\\/#breadcrumb\",\"itemListElement\":[{\"@type\":\"ListItem\",\"position\":1,\"name\":\"Home\",\"item\":\"https:\\\/\\\/digital58.com.ve\\\/site\\\/\"},{\"@type\":\"ListItem\",\"position\":2,\"name\":\"Candidato corre\u00edsta clama victoria frente \u00abal banquero\u00bb y cree se ampliar\u00e1\"}]},{\"@type\":\"WebSite\",\"@id\":\"https:\\\/\\\/digital58.com.ve\\\/site\\\/#website\",\"url\":\"https:\\\/\\\/digital58.com.ve\\\/site\\\/\",\"name\":\"Noticias Digital58\",\"description\":\"Portal de Noticias \u00a1Periodismo web de verdad! Lanzamiento web 22.11.2005 \\\/ Maracaibo, Venezuela\",\"publisher\":{\"@id\":\"https:\\\/\\\/digital58.com.ve\\\/site\\\/#\\\/schema\\\/person\\\/64d1c2e4d0d4fd1b849980c4331c2951\"},\"alternateName\":\"ND58\",\"potentialAction\":[{\"@type\":\"SearchAction\",\"target\":{\"@type\":\"EntryPoint\",\"urlTemplate\":\"https:\\\/\\\/digital58.com.ve\\\/site\\\/?s={search_term_string}\"},\"query-input\":{\"@type\":\"PropertyValueSpecification\",\"valueRequired\":true,\"valueName\":\"search_term_string\"}}],\"inLanguage\":\"es\"},{\"@type\":[\"Person\",\"Organization\"],\"@id\":\"https:\\\/\\\/digital58.com.ve\\\/site\\\/#\\\/schema\\\/person\\\/64d1c2e4d0d4fd1b849980c4331c2951\",\"name\":\"Villasmil Henry\",\"image\":{\"@type\":\"ImageObject\",\"inLanguage\":\"es\",\"@id\":\"https:\\\/\\\/secure.gravatar.com\\\/avatar\\\/bb0c4a2fcb7970138239f7e404ea75757b1b507b28b5ce4c53fbd62d797c5a7c?s=96&d=mm&r=g\",\"url\":\"https:\\\/\\\/secure.gravatar.com\\\/avatar\\\/bb0c4a2fcb7970138239f7e404ea75757b1b507b28b5ce4c53fbd62d797c5a7c?s=96&d=mm&r=g\",\"contentUrl\":\"https:\\\/\\\/secure.gravatar.com\\\/avatar\\\/bb0c4a2fcb7970138239f7e404ea75757b1b507b28b5ce4c53fbd62d797c5a7c?s=96&d=mm&r=g\",\"caption\":\"Villasmil Henry\"},\"logo\":{\"@id\":\"https:\\\/\\\/secure.gravatar.com\\\/avatar\\\/bb0c4a2fcb7970138239f7e404ea75757b1b507b28b5ce4c53fbd62d797c5a7c?s=96&d=mm&r=g\"},\"sameAs\":[\"http:\\\/\\\/www.henryvillasmil.com.ve\",\"https:\\\/\\\/www.instagram.com\\\/villasmilhfoto\\\/\",\"https:\\\/\\\/x.com\\\/https:\\\/\\\/twitter.com\\\/villasmilhfoto\"],\"url\":\"https:\\\/\\\/digital58.com.ve\\\/site\\\/author\\\/droopy_68\\\/\"}]}<\/script>\n<!-- \/ Yoast SEO plugin. -->","yoast_head_json":{"title":"Candidato corre\u00edsta clama victoria frente \u00abal banquero\u00bb y cree se ampliar\u00e1","description":"Mundo","robots":{"index":"index","follow":"follow","max-snippet":"max-snippet:-1","max-image-preview":"max-image-preview:large","max-video-preview":"max-video-preview:-1"},"canonical":"https:\/\/digital58.com.ve\/site\/2021\/02\/07\/candidato-correista-clama-victoria-frente-al-banquero-y-cree-se-ampliara\/","og_locale":"es_ES","og_type":"article","og_title":"Candidato corre\u00edsta clama victoria frente \u00abal banquero\u00bb y cree se ampliar\u00e1","og_description":"Mundo","og_url":"https:\/\/digital58.com.ve\/site\/2021\/02\/07\/candidato-correista-clama-victoria-frente-al-banquero-y-cree-se-ampliara\/","og_site_name":"Noticias Digital58","article_published_time":"2021-02-08T03:06:42+00:00","og_image":[{"width":900,"height":600,"url":"https:\/\/digital58.com.ve\/site\/wp-content\/uploads\/2021\/02\/Andres-Arauz.jpg","type":"image\/jpeg"}],"author":"Villasmil Henry","twitter_card":"summary_large_image","twitter_creator":"@https:\/\/twitter.com\/villasmilhfoto","twitter_site":"@villasmilhfoto","twitter_misc":{"Escrito por":"Villasmil Henry","Tiempo estimado de lectura":"4 minutos"},"schema":{"@context":"https:\/\/schema.org","@graph":[{"@type":"Article","@id":"https:\/\/digital58.com.ve\/site\/2021\/02\/07\/candidato-correista-clama-victoria-frente-al-banquero-y-cree-se-ampliara\/#article","isPartOf":{"@id":"https:\/\/digital58.com.ve\/site\/2021\/02\/07\/candidato-correista-clama-victoria-frente-al-banquero-y-cree-se-ampliara\/"},"author":{"name":"Villasmil Henry","@id":"https:\/\/digital58.com.ve\/site\/#\/schema\/person\/64d1c2e4d0d4fd1b849980c4331c2951"},"headline":"Candidato corre\u00edsta clama victoria frente \u00abal banquero\u00bb y cree se ampliar\u00e1","datePublished":"2021-02-08T03:06:42+00:00","mainEntityOfPage":{"@id":"https:\/\/digital58.com.ve\/site\/2021\/02\/07\/candidato-correista-clama-victoria-frente-al-banquero-y-cree-se-ampliara\/"},"wordCount":735,"commentCount":0,"publisher":{"@id":"https:\/\/digital58.com.ve\/site\/#\/schema\/person\/64d1c2e4d0d4fd1b849980c4331c2951"},"image":{"@id":"https:\/\/digital58.com.ve\/site\/2021\/02\/07\/candidato-correista-clama-victoria-frente-al-banquero-y-cree-se-ampliara\/#primaryimage"},"thumbnailUrl":"https:\/\/digital58.com.ve\/site\/wp-content\/uploads\/2021\/02\/Andres-Arauz.jpg","keywords":["Andr\u00e9s Arauz","Ecuador","Elecciones Presidenciales","Guillermo Lasso","Internacionales"],"articleSection":["Mundo"],"inLanguage":"es","potentialAction":[{"@type":"CommentAction","name":"Comment","target":["https:\/\/digital58.com.ve\/site\/2021\/02\/07\/candidato-correista-clama-victoria-frente-al-banquero-y-cree-se-ampliara\/#respond"]}]},{"@type":"WebPage","@id":"https:\/\/digital58.com.ve\/site\/2021\/02\/07\/candidato-correista-clama-victoria-frente-al-banquero-y-cree-se-ampliara\/","url":"https:\/\/digital58.com.ve\/site\/2021\/02\/07\/candidato-correista-clama-victoria-frente-al-banquero-y-cree-se-ampliara\/","name":"Candidato corre\u00edsta clama victoria frente \u00abal banquero\u00bb y cree se ampliar\u00e1","isPartOf":{"@id":"https:\/\/digital58.com.ve\/site\/#website"},"primaryImageOfPage":{"@id":"https:\/\/digital58.com.ve\/site\/2021\/02\/07\/candidato-correista-clama-victoria-frente-al-banquero-y-cree-se-ampliara\/#primaryimage"},"image":{"@id":"https:\/\/digital58.com.ve\/site\/2021\/02\/07\/candidato-correista-clama-victoria-frente-al-banquero-y-cree-se-ampliara\/#primaryimage"},"thumbnailUrl":"https:\/\/digital58.com.ve\/site\/wp-content\/uploads\/2021\/02\/Andres-Arauz.jpg","datePublished":"2021-02-08T03:06:42+00:00","description":"Mundo","breadcrumb":{"@id":"https:\/\/digital58.com.ve\/site\/2021\/02\/07\/candidato-correista-clama-victoria-frente-al-banquero-y-cree-se-ampliara\/#breadcrumb"},"inLanguage":"es","potentialAction":[{"@type":"ReadAction","target":["https:\/\/digital58.com.ve\/site\/2021\/02\/07\/candidato-correista-clama-victoria-frente-al-banquero-y-cree-se-ampliara\/"]}]},{"@type":"ImageObject","inLanguage":"es","@id":"https:\/\/digital58.com.ve\/site\/2021\/02\/07\/candidato-correista-clama-victoria-frente-al-banquero-y-cree-se-ampliara\/#primaryimage","url":"https:\/\/digital58.com.ve\/site\/wp-content\/uploads\/2021\/02\/Andres-Arauz.jpg","contentUrl":"https:\/\/digital58.com.ve\/site\/wp-content\/uploads\/2021\/02\/Andres-Arauz.jpg","width":800,"height":533},{"@type":"BreadcrumbList","@id":"https:\/\/digital58.com.ve\/site\/2021\/02\/07\/candidato-correista-clama-victoria-frente-al-banquero-y-cree-se-ampliara\/#breadcrumb","itemListElement":[{"@type":"ListItem","position":1,"name":"Home","item":"https:\/\/digital58.com.ve\/site\/"},{"@type":"ListItem","position":2,"name":"Candidato corre\u00edsta clama victoria frente \u00abal banquero\u00bb y cree se ampliar\u00e1"}]},{"@type":"WebSite","@id":"https:\/\/digital58.com.ve\/site\/#website","url":"https:\/\/digital58.com.ve\/site\/","name":"Noticias Digital58","description":"Portal de Noticias \u00a1Periodismo web de verdad! Lanzamiento web 22.11.2005 \/ Maracaibo, Venezuela","publisher":{"@id":"https:\/\/digital58.com.ve\/site\/#\/schema\/person\/64d1c2e4d0d4fd1b849980c4331c2951"},"alternateName":"ND58","potentialAction":[{"@type":"SearchAction","target":{"@type":"EntryPoint","urlTemplate":"https:\/\/digital58.com.ve\/site\/?s={search_term_string}"},"query-input":{"@type":"PropertyValueSpecification","valueRequired":true,"valueName":"search_term_string"}}],"inLanguage":"es"},{"@type":["Person","Organization"],"@id":"https:\/\/digital58.com.ve\/site\/#\/schema\/person\/64d1c2e4d0d4fd1b849980c4331c2951","name":"Villasmil Henry","image":{"@type":"ImageObject","inLanguage":"es","@id":"https:\/\/secure.gravatar.com\/avatar\/bb0c4a2fcb7970138239f7e404ea75757b1b507b28b5ce4c53fbd62d797c5a7c?s=96&d=mm&r=g","url":"https:\/\/secure.gravatar.com\/avatar\/bb0c4a2fcb7970138239f7e404ea75757b1b507b28b5ce4c53fbd62d797c5a7c?s=96&d=mm&r=g","contentUrl":"https:\/\/secure.gravatar.com\/avatar\/bb0c4a2fcb7970138239f7e404ea75757b1b507b28b5ce4c53fbd62d797c5a7c?s=96&d=mm&r=g","caption":"Villasmil Henry"},"logo":{"@id":"https:\/\/secure.gravatar.com\/avatar\/bb0c4a2fcb7970138239f7e404ea75757b1b507b28b5ce4c53fbd62d797c5a7c?s=96&d=mm&r=g"},"sameAs":["http:\/\/www.henryvillasmil.com.ve","https:\/\/www.instagram.com\/villasmilhfoto\/","https:\/\/x.com\/https:\/\/twitter.com\/villasmilhfoto"],"url":"https:\/\/digital58.com.ve\/site\/author\/droopy_68\/"}]}},"uagb_featured_image_src":{"full":["https:\/\/digital58.com.ve\/site\/wp-content\/uploads\/2021\/02\/Andres-Arauz.jpg",800,533,false],"thumbnail":["https:\/\/digital58.com.ve\/site\/wp-content\/uploads\/2021\/02\/Andres-Arauz-150x150.jpg",150,150,true],"medium":["https:\/\/digital58.com.ve\/site\/wp-content\/uploads\/2021\/02\/Andres-Arauz-300x200.jpg",300,200,true],"medium_large":["https:\/\/digital58.com.ve\/site\/wp-content\/uploads\/2021\/02\/Andres-Arauz-768x512.jpg",768,512,true],"large":["https:\/\/digital58.com.ve\/site\/wp-content\/uploads\/2021\/02\/Andres-Arauz.jpg",800,533,false],"1536x1536":["https:\/\/digital58.com.ve\/site\/wp-content\/uploads\/2021\/02\/Andres-Arauz.jpg",800,533,false],"2048x2048":["https:\/\/digital58.com.ve\/site\/wp-content\/uploads\/2021\/02\/Andres-Arauz.jpg",800,533,false],"colormag-highlighted-post":["https:\/\/digital58.com.ve\/site\/wp-content\/uploads\/2021\/02\/Andres-Arauz.jpg",392,261,false],"colormag-featured-post-medium":["https:\/\/digital58.com.ve\/site\/wp-content\/uploads\/2021\/02\/Andres-Arauz.jpg",308,205,false],"colormag-featured-post-small":["https:\/\/digital58.com.ve\/site\/wp-content\/uploads\/2021\/02\/Andres-Arauz.jpg",130,87,false],"colormag-featured-image":["https:\/\/digital58.com.ve\/site\/wp-content\/uploads\/2021\/02\/Andres-Arauz.jpg",668,445,false],"colormag-default-news":["https:\/\/digital58.com.ve\/site\/wp-content\/uploads\/2021\/02\/Andres-Arauz.jpg",150,100,false],"colormag-featured-image-large":["https:\/\/digital58.com.ve\/site\/wp-content\/uploads\/2021\/02\/Andres-Arauz.jpg",800,533,false]},"uagb_author_info":{"display_name":"Villasmil Henry","author_link":"https:\/\/digital58.com.ve\/site\/author\/droopy_68\/"},"uagb_comment_info":0,"uagb_excerpt":"El candidato corre\u00edsta en las elecciones de este domingo en Ecuador, Andr\u00e9s Arauz, reivindic\u00f3 su victoria tras conocer que se","_links":{"self":[{"href":"https:\/\/digital58.com.ve\/site\/wp-json\/wp\/v2\/posts\/135234","targetHints":{"allow":["GET"]}}],"collection":[{"href":"https:\/\/digital58.com.ve\/site\/wp-json\/wp\/v2\/posts"}],"about":[{"href":"https:\/\/digital58.com.ve\/site\/wp-json\/wp\/v2\/types\/post"}],"author":[{"embeddable":true,"href":"https:\/\/digital58.com.ve\/site\/wp-json\/wp\/v2\/users\/1"}],"replies":[{"embeddable":true,"href":"https:\/\/digital58.com.ve\/site\/wp-json\/wp\/v2\/comments?post=135234"}],"version-history":[{"count":0,"href":"https:\/\/digital58.com.ve\/site\/wp-json\/wp\/v2\/posts\/135234\/revisions"}],"wp:featuredmedia":[{"embeddable":true,"href":"https:\/\/digital58.com.ve\/site\/wp-json\/wp\/v2\/media\/135235"}],"wp:attachment":[{"href":"https:\/\/digital58.com.ve\/site\/wp-json\/wp\/v2\/media?parent=135234"}],"wp:term":[{"taxonomy":"category","embeddable":true,"href":"https:\/\/digital58.com.ve\/site\/wp-json\/wp\/v2\/categories?post=135234"},{"taxonomy":"post_tag","embeddable":true,"href":"https:\/\/digital58.com.ve\/site\/wp-json\/wp\/v2\/tags?post=135234"}],"curies":[{"name":"wp","href":"https:\/\/api.w.org\/{rel}","templated":true}]}}