{"id":135326,"date":"2021-02-09T19:14:50","date_gmt":"2021-02-09T23:14:50","guid":{"rendered":"https:\/\/digital58.com.ve\/site\/?p=135326"},"modified":"2021-02-09T19:14:50","modified_gmt":"2021-02-09T23:14:50","slug":"ordenan-juicio-contra-expresidente-de-pdvsa-acusado-por-cometer-danos-a-la-industria-petrolera","status":"publish","type":"post","link":"https:\/\/digital58.com.ve\/site\/2021\/02\/09\/ordenan-juicio-contra-expresidente-de-pdvsa-acusado-por-cometer-danos-a-la-industria-petrolera\/","title":{"rendered":"Ordenan juicio contra expresidente de Pdvsa acusado por cometer da\u00f1os a la industria petrolera"},"content":{"rendered":"<p><img loading=\"lazy\" decoding=\"async\" class=\"aligncenter size-full wp-image-135328\" src=\"https:\/\/digital58.com.ve\/site\/wp-content\/uploads\/2021\/02\/Eulogio-del-Pino.jpg\" alt=\"\" width=\"800\" height=\"433\" srcset=\"https:\/\/digital58.com.ve\/site\/wp-content\/uploads\/2021\/02\/Eulogio-del-Pino.jpg 800w, https:\/\/digital58.com.ve\/site\/wp-content\/uploads\/2021\/02\/Eulogio-del-Pino-300x162.jpg 300w, https:\/\/digital58.com.ve\/site\/wp-content\/uploads\/2021\/02\/Eulogio-del-Pino-768x416.jpg 768w\" sizes=\"auto, (max-width: 800px) 100vw, 800px\" \/><\/p>\n<p>Del Pino fue detenido en 2017, junto a otros directivos, en medio de investigaciones por presunta corrupci\u00f3n en el manejo de la estatal petrolera<\/p>\n<p><strong>Caracas, DC, Venezuela, 09 de febrero de 2021 (ND58).-<\/strong> Este martes se conoci\u00f3 que el Tribunal D\u00e9cimo de Control del \u00c1rea Metropolitana de Caracas, autoriz\u00f3 el juicio contra Eulogio del Pino, expresidente de Pdvsa y exministro de petr\u00f3leo.<\/p>\n<p>Tambi\u00e9n ser\u00e1n sometidos a juicio el exdirector de la Corporaci\u00f3n Venezolana del Petr\u00f3leo (Pdvsa CPV), Gustavo Malav\u00e9; el exdirector interno de Pdvsa, Orlando Chac\u00edn; el el gerente general de Prevenci\u00f3n y Control de P\u00e9rdidas de la Costa Oriental del Lago, Henry S\u00e1nchez; y el gerente general de la Direcci\u00f3n Ejecutiva de Seguridad Integral en Producci\u00f3n Oriente, Adolfo Torres.<\/p>\n<p>Los acusados enfrentan cargos por la presunta comisi\u00f3n de los delitos de peculado doloso, obstrucci\u00f3n a la libertad de comercio, da\u00f1os por omisi\u00f3n a la industria petrolera con siniestro y agavillamiento.<\/p>\n<p>Recordemos que del Pino fue detenido en septiembre de 2017, en conjunto con otros exdirectivos de la empresa estatal.<\/p>\n<p>En aquel entonces las autoridades informaron que las detenciones se ejecutaron en medio de investigaciones de corrupci\u00f3n en la mayor empresa del pa\u00eds.<\/p><div class=\"pbkld69f5d9d892007\" ><p style=\"text-align: center;\"><a href=\"https:\/\/t.me\/noticiasdigital58\" target=\"_blank\" rel=\"noopener\"><img class=\"aligncenter size-full wp-image-125363\" src=\"https:\/\/digital58.com.ve\/site\/wp-content\/uploads\/2021\/04\/banner-telegram-web-2021.png\" alt=\"\" width=\"600\" height=\"90\" \/><\/a><\/p><\/div><style type=\"text\/css\">\r\n@media screen and (min-width: 1201px) {\r\n.pbkld69f5d9d892007 {\r\ndisplay: block;\r\n}\r\n}\r\n@media screen and (min-width: 993px) and (max-width: 1200px) {\r\n.pbkld69f5d9d892007 {\r\ndisplay: block;\r\n}\r\n}\r\n@media screen and (min-width: 769px) and (max-width: 992px) {\r\n.pbkld69f5d9d892007 {\r\ndisplay: block;\r\n}\r\n}\r\n@media screen and (min-width: 768px) and (max-width: 768px) {\r\n.pbkld69f5d9d892007 {\r\ndisplay: block;\r\n}\r\n}\r\n@media screen and (max-width: 767px) {\r\n.pbkld69f5d9d892007 {\r\ndisplay: block;\r\n}\r\n}\r\n<\/style>\r\n\n<p><strong>Redacci\u00f3n: Morales, Joel (@joeldmc32) | Fuente: Tal Cual<br \/>\nEdici\u00f3n: Villasmil, Henry<br \/>\nGr\u00e1fica: Cortes\u00eda <\/strong><\/p>\n<div style=\"margin-top: 0px; margin-bottom: 0px;\" class=\"sharethis-inline-share-buttons\" ><\/div>","protected":false},"excerpt":{"rendered":"<p>Del Pino fue detenido en 2017, junto a otros directivos, en medio de investigaciones por presunta corrupci\u00f3n en el manejo<\/p>\n","protected":false},"author":29,"featured_media":135328,"comment_status":"open","ping_status":"closed","sticky":false,"template":"","format":"standard","meta":{"colormag_page_container_layout":"default_layout","colormag_page_sidebar_layout":"default_layout","_uag_custom_page_level_css":"","footnotes":""},"categories":[16454],"tags":[29,23076,233,14192,23077,32],"class_list":["post-135326","post","type-post","status-publish","format-standard","has-post-thumbnail","hentry","category-venezuela","tag-caracas","tag-eulogio-del-pino","tag-nacionales","tag-pdvsa","tag-tribunal-decimo-de-control-del-area-metropolitana-de-caracas","tag-venezuela"],"yoast_head":"<!-- This site is optimized with the Yoast SEO plugin v27.5 - https:\/\/yoast.com\/product\/yoast-seo-wordpress\/ -->\n<title>Ordenan juicio contra expresidente de Pdvsa acusado por cometer da\u00f1os a la industria petrolera<\/title>\n<meta name=\"description\" content=\"Venezuela\" \/>\n<meta name=\"robots\" content=\"index, follow, max-snippet:-1, max-image-preview:large, max-video-preview:-1\" \/>\n<link rel=\"canonical\" href=\"https:\/\/digital58.com.ve\/site\/2021\/02\/09\/ordenan-juicio-contra-expresidente-de-pdvsa-acusado-por-cometer-danos-a-la-industria-petrolera\/\" \/>\n<meta property=\"og:locale\" content=\"es_ES\" \/>\n<meta property=\"og:type\" content=\"article\" \/>\n<meta property=\"og:title\" content=\"Ordenan juicio contra expresidente de Pdvsa acusado por cometer da\u00f1os a la industria petrolera\" \/>\n<meta property=\"og:description\" content=\"Venezuela\" \/>\n<meta property=\"og:url\" content=\"https:\/\/digital58.com.ve\/site\/2021\/02\/09\/ordenan-juicio-contra-expresidente-de-pdvsa-acusado-por-cometer-danos-a-la-industria-petrolera\/\" \/>\n<meta property=\"og:site_name\" content=\"Noticias Digital58\" \/>\n<meta property=\"article:published_time\" content=\"2021-02-09T23:14:50+00:00\" \/>\n<meta property=\"og:image\" content=\"https:\/\/digital58.com.ve\/site\/wp-content\/uploads\/2021\/02\/Eulogio-del-Pino.jpg\" \/>\n\t<meta property=\"og:image:width\" content=\"800\" \/>\n\t<meta property=\"og:image:height\" content=\"433\" \/>\n\t<meta property=\"og:image:type\" content=\"image\/jpeg\" \/>\n<meta name=\"author\" content=\"Morales Joel\" \/>\n<meta name=\"twitter:card\" content=\"summary_large_image\" \/>\n<meta name=\"twitter:creator\" content=\"@Digital_58\" \/>\n<meta name=\"twitter:site\" content=\"@villasmilhfoto\" \/>\n<meta name=\"twitter:label1\" content=\"Escrito por\" \/>\n\t<meta name=\"twitter:data1\" content=\"Morales Joel\" \/>\n\t<meta name=\"twitter:label2\" content=\"Tiempo estimado de lectura\" \/>\n\t<meta name=\"twitter:data2\" content=\"2 minutos\" \/>\n<script type=\"application\/ld+json\" class=\"yoast-schema-graph\">{\"@context\":\"https:\\\/\\\/schema.org\",\"@graph\":[{\"@type\":\"Article\",\"@id\":\"https:\\\/\\\/digital58.com.ve\\\/site\\\/2021\\\/02\\\/09\\\/ordenan-juicio-contra-expresidente-de-pdvsa-acusado-por-cometer-danos-a-la-industria-petrolera\\\/#article\",\"isPartOf\":{\"@id\":\"https:\\\/\\\/digital58.com.ve\\\/site\\\/2021\\\/02\\\/09\\\/ordenan-juicio-contra-expresidente-de-pdvsa-acusado-por-cometer-danos-a-la-industria-petrolera\\\/\"},\"author\":{\"name\":\"Morales Joel\",\"@id\":\"https:\\\/\\\/digital58.com.ve\\\/site\\\/#\\\/schema\\\/person\\\/8daf5f8bfd9ebdb98150c62bff195b72\"},\"headline\":\"Ordenan juicio contra expresidente de Pdvsa acusado por cometer da\u00f1os a la industria petrolera\",\"datePublished\":\"2021-02-09T23:14:50+00:00\",\"mainEntityOfPage\":{\"@id\":\"https:\\\/\\\/digital58.com.ve\\\/site\\\/2021\\\/02\\\/09\\\/ordenan-juicio-contra-expresidente-de-pdvsa-acusado-por-cometer-danos-a-la-industria-petrolera\\\/\"},\"wordCount\":240,\"commentCount\":0,\"publisher\":{\"@id\":\"https:\\\/\\\/digital58.com.ve\\\/site\\\/#\\\/schema\\\/person\\\/64d1c2e4d0d4fd1b849980c4331c2951\"},\"image\":{\"@id\":\"https:\\\/\\\/digital58.com.ve\\\/site\\\/2021\\\/02\\\/09\\\/ordenan-juicio-contra-expresidente-de-pdvsa-acusado-por-cometer-danos-a-la-industria-petrolera\\\/#primaryimage\"},\"thumbnailUrl\":\"https:\\\/\\\/digital58.com.ve\\\/site\\\/wp-content\\\/uploads\\\/2021\\\/02\\\/Eulogio-del-Pino.jpg\",\"keywords\":[\"Caracas\",\"Eulogio del Pino\",\"Nacionales\",\"PDVSA\",\"Tribunal D\u00e9cimo de Control del \u00c1rea Metropolitana de Caracas\",\"Venezuela\"],\"articleSection\":[\"Venezuela\"],\"inLanguage\":\"es\",\"potentialAction\":[{\"@type\":\"CommentAction\",\"name\":\"Comment\",\"target\":[\"https:\\\/\\\/digital58.com.ve\\\/site\\\/2021\\\/02\\\/09\\\/ordenan-juicio-contra-expresidente-de-pdvsa-acusado-por-cometer-danos-a-la-industria-petrolera\\\/#respond\"]}]},{\"@type\":\"WebPage\",\"@id\":\"https:\\\/\\\/digital58.com.ve\\\/site\\\/2021\\\/02\\\/09\\\/ordenan-juicio-contra-expresidente-de-pdvsa-acusado-por-cometer-danos-a-la-industria-petrolera\\\/\",\"url\":\"https:\\\/\\\/digital58.com.ve\\\/site\\\/2021\\\/02\\\/09\\\/ordenan-juicio-contra-expresidente-de-pdvsa-acusado-por-cometer-danos-a-la-industria-petrolera\\\/\",\"name\":\"Ordenan juicio contra expresidente de Pdvsa acusado por cometer da\u00f1os a la industria petrolera\",\"isPartOf\":{\"@id\":\"https:\\\/\\\/digital58.com.ve\\\/site\\\/#website\"},\"primaryImageOfPage\":{\"@id\":\"https:\\\/\\\/digital58.com.ve\\\/site\\\/2021\\\/02\\\/09\\\/ordenan-juicio-contra-expresidente-de-pdvsa-acusado-por-cometer-danos-a-la-industria-petrolera\\\/#primaryimage\"},\"image\":{\"@id\":\"https:\\\/\\\/digital58.com.ve\\\/site\\\/2021\\\/02\\\/09\\\/ordenan-juicio-contra-expresidente-de-pdvsa-acusado-por-cometer-danos-a-la-industria-petrolera\\\/#primaryimage\"},\"thumbnailUrl\":\"https:\\\/\\\/digital58.com.ve\\\/site\\\/wp-content\\\/uploads\\\/2021\\\/02\\\/Eulogio-del-Pino.jpg\",\"datePublished\":\"2021-02-09T23:14:50+00:00\",\"description\":\"Venezuela\",\"breadcrumb\":{\"@id\":\"https:\\\/\\\/digital58.com.ve\\\/site\\\/2021\\\/02\\\/09\\\/ordenan-juicio-contra-expresidente-de-pdvsa-acusado-por-cometer-danos-a-la-industria-petrolera\\\/#breadcrumb\"},\"inLanguage\":\"es\",\"potentialAction\":[{\"@type\":\"ReadAction\",\"target\":[\"https:\\\/\\\/digital58.com.ve\\\/site\\\/2021\\\/02\\\/09\\\/ordenan-juicio-contra-expresidente-de-pdvsa-acusado-por-cometer-danos-a-la-industria-petrolera\\\/\"]}]},{\"@type\":\"ImageObject\",\"inLanguage\":\"es\",\"@id\":\"https:\\\/\\\/digital58.com.ve\\\/site\\\/2021\\\/02\\\/09\\\/ordenan-juicio-contra-expresidente-de-pdvsa-acusado-por-cometer-danos-a-la-industria-petrolera\\\/#primaryimage\",\"url\":\"https:\\\/\\\/digital58.com.ve\\\/site\\\/wp-content\\\/uploads\\\/2021\\\/02\\\/Eulogio-del-Pino.jpg\",\"contentUrl\":\"https:\\\/\\\/digital58.com.ve\\\/site\\\/wp-content\\\/uploads\\\/2021\\\/02\\\/Eulogio-del-Pino.jpg\",\"width\":800,\"height\":433},{\"@type\":\"BreadcrumbList\",\"@id\":\"https:\\\/\\\/digital58.com.ve\\\/site\\\/2021\\\/02\\\/09\\\/ordenan-juicio-contra-expresidente-de-pdvsa-acusado-por-cometer-danos-a-la-industria-petrolera\\\/#breadcrumb\",\"itemListElement\":[{\"@type\":\"ListItem\",\"position\":1,\"name\":\"Home\",\"item\":\"https:\\\/\\\/digital58.com.ve\\\/site\\\/\"},{\"@type\":\"ListItem\",\"position\":2,\"name\":\"Ordenan juicio contra expresidente de Pdvsa acusado por cometer da\u00f1os a la industria petrolera\"}]},{\"@type\":\"WebSite\",\"@id\":\"https:\\\/\\\/digital58.com.ve\\\/site\\\/#website\",\"url\":\"https:\\\/\\\/digital58.com.ve\\\/site\\\/\",\"name\":\"Noticias Digital58\",\"description\":\"Portal de Noticias \u00a1Periodismo web de verdad! Lanzamiento web 22.11.2005 \\\/ Maracaibo, Venezuela\",\"publisher\":{\"@id\":\"https:\\\/\\\/digital58.com.ve\\\/site\\\/#\\\/schema\\\/person\\\/64d1c2e4d0d4fd1b849980c4331c2951\"},\"alternateName\":\"ND58\",\"potentialAction\":[{\"@type\":\"SearchAction\",\"target\":{\"@type\":\"EntryPoint\",\"urlTemplate\":\"https:\\\/\\\/digital58.com.ve\\\/site\\\/?s={search_term_string}\"},\"query-input\":{\"@type\":\"PropertyValueSpecification\",\"valueRequired\":true,\"valueName\":\"search_term_string\"}}],\"inLanguage\":\"es\"},{\"@type\":[\"Person\",\"Organization\"],\"@id\":\"https:\\\/\\\/digital58.com.ve\\\/site\\\/#\\\/schema\\\/person\\\/64d1c2e4d0d4fd1b849980c4331c2951\",\"name\":\"Villasmil Henry\",\"image\":{\"@type\":\"ImageObject\",\"inLanguage\":\"es\",\"@id\":\"https:\\\/\\\/secure.gravatar.com\\\/avatar\\\/bb0c4a2fcb7970138239f7e404ea75757b1b507b28b5ce4c53fbd62d797c5a7c?s=96&d=mm&r=g\",\"url\":\"https:\\\/\\\/secure.gravatar.com\\\/avatar\\\/bb0c4a2fcb7970138239f7e404ea75757b1b507b28b5ce4c53fbd62d797c5a7c?s=96&d=mm&r=g\",\"contentUrl\":\"https:\\\/\\\/secure.gravatar.com\\\/avatar\\\/bb0c4a2fcb7970138239f7e404ea75757b1b507b28b5ce4c53fbd62d797c5a7c?s=96&d=mm&r=g\",\"caption\":\"Villasmil Henry\"},\"logo\":{\"@id\":\"https:\\\/\\\/secure.gravatar.com\\\/avatar\\\/bb0c4a2fcb7970138239f7e404ea75757b1b507b28b5ce4c53fbd62d797c5a7c?s=96&d=mm&r=g\"},\"sameAs\":[\"http:\\\/\\\/www.henryvillasmil.com.ve\",\"https:\\\/\\\/www.instagram.com\\\/villasmilhfoto\\\/\",\"https:\\\/\\\/x.com\\\/https:\\\/\\\/twitter.com\\\/villasmilhfoto\"]},{\"@type\":\"Person\",\"@id\":\"https:\\\/\\\/digital58.com.ve\\\/site\\\/#\\\/schema\\\/person\\\/8daf5f8bfd9ebdb98150c62bff195b72\",\"name\":\"Morales Joel\",\"image\":{\"@type\":\"ImageObject\",\"inLanguage\":\"es\",\"@id\":\"https:\\\/\\\/secure.gravatar.com\\\/avatar\\\/e2cb5ce0e9279ab3c8e03d472e483f32e666716a18da3bfa7b0749a5465409f1?s=96&d=mm&r=g\",\"url\":\"https:\\\/\\\/secure.gravatar.com\\\/avatar\\\/e2cb5ce0e9279ab3c8e03d472e483f32e666716a18da3bfa7b0749a5465409f1?s=96&d=mm&r=g\",\"contentUrl\":\"https:\\\/\\\/secure.gravatar.com\\\/avatar\\\/e2cb5ce0e9279ab3c8e03d472e483f32e666716a18da3bfa7b0749a5465409f1?s=96&d=mm&r=g\",\"caption\":\"Morales Joel\"},\"url\":\"https:\\\/\\\/digital58.com.ve\\\/site\\\/author\\\/joelm\\\/\"}]}<\/script>\n<!-- \/ Yoast SEO plugin. -->","yoast_head_json":{"title":"Ordenan juicio contra expresidente de Pdvsa acusado por cometer da\u00f1os a la industria petrolera","description":"Venezuela","robots":{"index":"index","follow":"follow","max-snippet":"max-snippet:-1","max-image-preview":"max-image-preview:large","max-video-preview":"max-video-preview:-1"},"canonical":"https:\/\/digital58.com.ve\/site\/2021\/02\/09\/ordenan-juicio-contra-expresidente-de-pdvsa-acusado-por-cometer-danos-a-la-industria-petrolera\/","og_locale":"es_ES","og_type":"article","og_title":"Ordenan juicio contra expresidente de Pdvsa acusado por cometer da\u00f1os a la industria petrolera","og_description":"Venezuela","og_url":"https:\/\/digital58.com.ve\/site\/2021\/02\/09\/ordenan-juicio-contra-expresidente-de-pdvsa-acusado-por-cometer-danos-a-la-industria-petrolera\/","og_site_name":"Noticias Digital58","article_published_time":"2021-02-09T23:14:50+00:00","og_image":[{"width":800,"height":433,"url":"https:\/\/digital58.com.ve\/site\/wp-content\/uploads\/2021\/02\/Eulogio-del-Pino.jpg","type":"image\/jpeg"}],"author":"Morales Joel","twitter_card":"summary_large_image","twitter_creator":"@Digital_58","twitter_site":"@villasmilhfoto","twitter_misc":{"Escrito por":"Morales Joel","Tiempo estimado de lectura":"2 minutos"},"schema":{"@context":"https:\/\/schema.org","@graph":[{"@type":"Article","@id":"https:\/\/digital58.com.ve\/site\/2021\/02\/09\/ordenan-juicio-contra-expresidente-de-pdvsa-acusado-por-cometer-danos-a-la-industria-petrolera\/#article","isPartOf":{"@id":"https:\/\/digital58.com.ve\/site\/2021\/02\/09\/ordenan-juicio-contra-expresidente-de-pdvsa-acusado-por-cometer-danos-a-la-industria-petrolera\/"},"author":{"name":"Morales Joel","@id":"https:\/\/digital58.com.ve\/site\/#\/schema\/person\/8daf5f8bfd9ebdb98150c62bff195b72"},"headline":"Ordenan juicio contra expresidente de Pdvsa acusado por cometer da\u00f1os a la industria petrolera","datePublished":"2021-02-09T23:14:50+00:00","mainEntityOfPage":{"@id":"https:\/\/digital58.com.ve\/site\/2021\/02\/09\/ordenan-juicio-contra-expresidente-de-pdvsa-acusado-por-cometer-danos-a-la-industria-petrolera\/"},"wordCount":240,"commentCount":0,"publisher":{"@id":"https:\/\/digital58.com.ve\/site\/#\/schema\/person\/64d1c2e4d0d4fd1b849980c4331c2951"},"image":{"@id":"https:\/\/digital58.com.ve\/site\/2021\/02\/09\/ordenan-juicio-contra-expresidente-de-pdvsa-acusado-por-cometer-danos-a-la-industria-petrolera\/#primaryimage"},"thumbnailUrl":"https:\/\/digital58.com.ve\/site\/wp-content\/uploads\/2021\/02\/Eulogio-del-Pino.jpg","keywords":["Caracas","Eulogio del Pino","Nacionales","PDVSA","Tribunal D\u00e9cimo de Control del \u00c1rea Metropolitana de Caracas","Venezuela"],"articleSection":["Venezuela"],"inLanguage":"es","potentialAction":[{"@type":"CommentAction","name":"Comment","target":["https:\/\/digital58.com.ve\/site\/2021\/02\/09\/ordenan-juicio-contra-expresidente-de-pdvsa-acusado-por-cometer-danos-a-la-industria-petrolera\/#respond"]}]},{"@type":"WebPage","@id":"https:\/\/digital58.com.ve\/site\/2021\/02\/09\/ordenan-juicio-contra-expresidente-de-pdvsa-acusado-por-cometer-danos-a-la-industria-petrolera\/","url":"https:\/\/digital58.com.ve\/site\/2021\/02\/09\/ordenan-juicio-contra-expresidente-de-pdvsa-acusado-por-cometer-danos-a-la-industria-petrolera\/","name":"Ordenan juicio contra expresidente de Pdvsa acusado por cometer da\u00f1os a la industria petrolera","isPartOf":{"@id":"https:\/\/digital58.com.ve\/site\/#website"},"primaryImageOfPage":{"@id":"https:\/\/digital58.com.ve\/site\/2021\/02\/09\/ordenan-juicio-contra-expresidente-de-pdvsa-acusado-por-cometer-danos-a-la-industria-petrolera\/#primaryimage"},"image":{"@id":"https:\/\/digital58.com.ve\/site\/2021\/02\/09\/ordenan-juicio-contra-expresidente-de-pdvsa-acusado-por-cometer-danos-a-la-industria-petrolera\/#primaryimage"},"thumbnailUrl":"https:\/\/digital58.com.ve\/site\/wp-content\/uploads\/2021\/02\/Eulogio-del-Pino.jpg","datePublished":"2021-02-09T23:14:50+00:00","description":"Venezuela","breadcrumb":{"@id":"https:\/\/digital58.com.ve\/site\/2021\/02\/09\/ordenan-juicio-contra-expresidente-de-pdvsa-acusado-por-cometer-danos-a-la-industria-petrolera\/#breadcrumb"},"inLanguage":"es","potentialAction":[{"@type":"ReadAction","target":["https:\/\/digital58.com.ve\/site\/2021\/02\/09\/ordenan-juicio-contra-expresidente-de-pdvsa-acusado-por-cometer-danos-a-la-industria-petrolera\/"]}]},{"@type":"ImageObject","inLanguage":"es","@id":"https:\/\/digital58.com.ve\/site\/2021\/02\/09\/ordenan-juicio-contra-expresidente-de-pdvsa-acusado-por-cometer-danos-a-la-industria-petrolera\/#primaryimage","url":"https:\/\/digital58.com.ve\/site\/wp-content\/uploads\/2021\/02\/Eulogio-del-Pino.jpg","contentUrl":"https:\/\/digital58.com.ve\/site\/wp-content\/uploads\/2021\/02\/Eulogio-del-Pino.jpg","width":800,"height":433},{"@type":"BreadcrumbList","@id":"https:\/\/digital58.com.ve\/site\/2021\/02\/09\/ordenan-juicio-contra-expresidente-de-pdvsa-acusado-por-cometer-danos-a-la-industria-petrolera\/#breadcrumb","itemListElement":[{"@type":"ListItem","position":1,"name":"Home","item":"https:\/\/digital58.com.ve\/site\/"},{"@type":"ListItem","position":2,"name":"Ordenan juicio contra expresidente de Pdvsa acusado por cometer da\u00f1os a la industria petrolera"}]},{"@type":"WebSite","@id":"https:\/\/digital58.com.ve\/site\/#website","url":"https:\/\/digital58.com.ve\/site\/","name":"Noticias Digital58","description":"Portal de Noticias \u00a1Periodismo web de verdad! Lanzamiento web 22.11.2005 \/ Maracaibo, Venezuela","publisher":{"@id":"https:\/\/digital58.com.ve\/site\/#\/schema\/person\/64d1c2e4d0d4fd1b849980c4331c2951"},"alternateName":"ND58","potentialAction":[{"@type":"SearchAction","target":{"@type":"EntryPoint","urlTemplate":"https:\/\/digital58.com.ve\/site\/?s={search_term_string}"},"query-input":{"@type":"PropertyValueSpecification","valueRequired":true,"valueName":"search_term_string"}}],"inLanguage":"es"},{"@type":["Person","Organization"],"@id":"https:\/\/digital58.com.ve\/site\/#\/schema\/person\/64d1c2e4d0d4fd1b849980c4331c2951","name":"Villasmil Henry","image":{"@type":"ImageObject","inLanguage":"es","@id":"https:\/\/secure.gravatar.com\/avatar\/bb0c4a2fcb7970138239f7e404ea75757b1b507b28b5ce4c53fbd62d797c5a7c?s=96&d=mm&r=g","url":"https:\/\/secure.gravatar.com\/avatar\/bb0c4a2fcb7970138239f7e404ea75757b1b507b28b5ce4c53fbd62d797c5a7c?s=96&d=mm&r=g","contentUrl":"https:\/\/secure.gravatar.com\/avatar\/bb0c4a2fcb7970138239f7e404ea75757b1b507b28b5ce4c53fbd62d797c5a7c?s=96&d=mm&r=g","caption":"Villasmil Henry"},"logo":{"@id":"https:\/\/secure.gravatar.com\/avatar\/bb0c4a2fcb7970138239f7e404ea75757b1b507b28b5ce4c53fbd62d797c5a7c?s=96&d=mm&r=g"},"sameAs":["http:\/\/www.henryvillasmil.com.ve","https:\/\/www.instagram.com\/villasmilhfoto\/","https:\/\/x.com\/https:\/\/twitter.com\/villasmilhfoto"]},{"@type":"Person","@id":"https:\/\/digital58.com.ve\/site\/#\/schema\/person\/8daf5f8bfd9ebdb98150c62bff195b72","name":"Morales Joel","image":{"@type":"ImageObject","inLanguage":"es","@id":"https:\/\/secure.gravatar.com\/avatar\/e2cb5ce0e9279ab3c8e03d472e483f32e666716a18da3bfa7b0749a5465409f1?s=96&d=mm&r=g","url":"https:\/\/secure.gravatar.com\/avatar\/e2cb5ce0e9279ab3c8e03d472e483f32e666716a18da3bfa7b0749a5465409f1?s=96&d=mm&r=g","contentUrl":"https:\/\/secure.gravatar.com\/avatar\/e2cb5ce0e9279ab3c8e03d472e483f32e666716a18da3bfa7b0749a5465409f1?s=96&d=mm&r=g","caption":"Morales Joel"},"url":"https:\/\/digital58.com.ve\/site\/author\/joelm\/"}]}},"uagb_featured_image_src":{"full":["https:\/\/digital58.com.ve\/site\/wp-content\/uploads\/2021\/02\/Eulogio-del-Pino.jpg",800,433,false],"thumbnail":["https:\/\/digital58.com.ve\/site\/wp-content\/uploads\/2021\/02\/Eulogio-del-Pino-150x150.jpg",150,150,true],"medium":["https:\/\/digital58.com.ve\/site\/wp-content\/uploads\/2021\/02\/Eulogio-del-Pino-300x162.jpg",300,162,true],"medium_large":["https:\/\/digital58.com.ve\/site\/wp-content\/uploads\/2021\/02\/Eulogio-del-Pino-768x416.jpg",768,416,true],"large":["https:\/\/digital58.com.ve\/site\/wp-content\/uploads\/2021\/02\/Eulogio-del-Pino.jpg",800,433,false],"1536x1536":["https:\/\/digital58.com.ve\/site\/wp-content\/uploads\/2021\/02\/Eulogio-del-Pino.jpg",800,433,false],"2048x2048":["https:\/\/digital58.com.ve\/site\/wp-content\/uploads\/2021\/02\/Eulogio-del-Pino.jpg",800,433,false],"colormag-highlighted-post":["https:\/\/digital58.com.ve\/site\/wp-content\/uploads\/2021\/02\/Eulogio-del-Pino.jpg",392,212,false],"colormag-featured-post-medium":["https:\/\/digital58.com.ve\/site\/wp-content\/uploads\/2021\/02\/Eulogio-del-Pino.jpg",379,205,false],"colormag-featured-post-small":["https:\/\/digital58.com.ve\/site\/wp-content\/uploads\/2021\/02\/Eulogio-del-Pino.jpg",130,70,false],"colormag-featured-image":["https:\/\/digital58.com.ve\/site\/wp-content\/uploads\/2021\/02\/Eulogio-del-Pino.jpg",800,433,false],"colormag-default-news":["https:\/\/digital58.com.ve\/site\/wp-content\/uploads\/2021\/02\/Eulogio-del-Pino.jpg",150,81,false],"colormag-featured-image-large":["https:\/\/digital58.com.ve\/site\/wp-content\/uploads\/2021\/02\/Eulogio-del-Pino.jpg",800,433,false]},"uagb_author_info":{"display_name":"Morales Joel","author_link":"https:\/\/digital58.com.ve\/site\/author\/joelm\/"},"uagb_comment_info":0,"uagb_excerpt":"Del Pino fue detenido en 2017, junto a otros directivos, en medio de investigaciones por presunta corrupci\u00f3n en el manejo","_links":{"self":[{"href":"https:\/\/digital58.com.ve\/site\/wp-json\/wp\/v2\/posts\/135326","targetHints":{"allow":["GET"]}}],"collection":[{"href":"https:\/\/digital58.com.ve\/site\/wp-json\/wp\/v2\/posts"}],"about":[{"href":"https:\/\/digital58.com.ve\/site\/wp-json\/wp\/v2\/types\/post"}],"author":[{"embeddable":true,"href":"https:\/\/digital58.com.ve\/site\/wp-json\/wp\/v2\/users\/29"}],"replies":[{"embeddable":true,"href":"https:\/\/digital58.com.ve\/site\/wp-json\/wp\/v2\/comments?post=135326"}],"version-history":[{"count":0,"href":"https:\/\/digital58.com.ve\/site\/wp-json\/wp\/v2\/posts\/135326\/revisions"}],"wp:featuredmedia":[{"embeddable":true,"href":"https:\/\/digital58.com.ve\/site\/wp-json\/wp\/v2\/media\/135328"}],"wp:attachment":[{"href":"https:\/\/digital58.com.ve\/site\/wp-json\/wp\/v2\/media?parent=135326"}],"wp:term":[{"taxonomy":"category","embeddable":true,"href":"https:\/\/digital58.com.ve\/site\/wp-json\/wp\/v2\/categories?post=135326"},{"taxonomy":"post_tag","embeddable":true,"href":"https:\/\/digital58.com.ve\/site\/wp-json\/wp\/v2\/tags?post=135326"}],"curies":[{"name":"wp","href":"https:\/\/api.w.org\/{rel}","templated":true}]}}